{"id":938,"date":"2014-10-30T11:58:27","date_gmt":"2014-10-30T10:58:27","guid":{"rendered":"http:\/\/www.pigrecoemme.com\/blog\/?p=938"},"modified":"2016-01-27T11:45:37","modified_gmt":"2016-01-27T10:45:37","slug":"sabato-8-novembre-un-incontro-gratuito-sulle-tecniche-di-fotografia-partecipativa","status":"publish","type":"post","link":"https:\/\/www.pigrecoemme.com\/blog\/sabato-8-novembre-un-incontro-gratuito-sulle-tecniche-di-fotografia-partecipativa\/","title":{"rendered":"Sabato 8 novembre, un incontro gratuito sulle tecniche di fotografia partecipativa"},"content":{"rendered":"<p style=\"text-align: center;\"><a href=\"https:\/\/i0.wp.com\/www.pigrecoemme.com\/blog\/wp-content\/uploads\/2014\/10\/fotografia-partecipativa.jpg?ssl=1\"><img data-recalc-dims=\"1\" loading=\"lazy\" decoding=\"async\" class=\"aligncenter size-full wp-image-940\" title=\"incontro sulla fotografia partecipativa\" src=\"https:\/\/i0.wp.com\/www.pigrecoemme.com\/blog\/wp-content\/uploads\/2014\/10\/fotografia-partecipativa.jpg?resize=500%2C261&#038;ssl=1\" alt=\"\" width=\"500\" height=\"261\" srcset=\"https:\/\/i0.wp.com\/www.pigrecoemme.com\/blog\/wp-content\/uploads\/2014\/10\/fotografia-partecipativa.jpg?w=1200&amp;ssl=1 1200w, https:\/\/i0.wp.com\/www.pigrecoemme.com\/blog\/wp-content\/uploads\/2014\/10\/fotografia-partecipativa.jpg?resize=300%2C157&amp;ssl=1 300w\" sizes=\"auto, (max-width: 500px) 100vw, 500px\" \/><\/a><\/p>\n<p><strong>Sabato 8 novembre<\/strong>, alle <strong>ore 16,30<\/strong>, nell\u2019ambito della rassegna Incontri fotografici della Scuola di cinema e fotografia Pigrecoemme di Napoli, la fotografa e ricercatrice napoletana <strong>Claudia Nuzzo<\/strong> presenta, in un incontro gratuito, le principali tecniche della <strong>fotografia partecipativa<\/strong>.<\/p>\n<p>La fotografia partecipativa appartiene alle <strong>metodologie visuali PAR<\/strong> (Participatory Action Research), una serie di pratiche e di tecniche che utilizzano la fotografia con lo scopo di promuovere il personale punto di vista di un gruppo di persone attraverso l\u2019analisi o la realizzazione di immagini. L\u2019incontro \u00e8 l\u2019ideale per quanti \u2013 fotografi, semplici appassionati, professionisti e volontari impegnati nel sociale \u2013 vogliano mettere a punto alcune tecniche base di questo interessante aspetto della narrazione fotografica.<\/p>\n<p>Durante l\u2019incontro, Claudia Nuzzo \u2013 ricercatrice esperta in tecniche di fotografia partecipativa \u2013, illustrer\u00e0 le potenzialit\u00e0 di queste tecniche: <strong>photo elicitation<\/strong> (foto stimolo), <strong>reflexive photography<\/strong> (fotografia riflessiva), <strong>photovoice <\/strong>(foto voce) e <strong>photo stories<\/strong> (foto storie).<\/p>\n<p>L\u2019excursus partir\u00e0 dall\u2019analisi del lavoro da lei svolto, insieme a un gruppo di bambini del <strong>campo rom di Scampia<\/strong>, i quali hanno raccontato la loro vita attraverso le immagini. Sar\u00e0 poi presentato il <strong>progetto Cobra<\/strong> e le foto storie realizzate da un gruppo di <strong>indigeni macushi<\/strong> nella <strong>foresta Amazzonica<\/strong>, Guiana, dove in collaborazione con la <strong>Open University<\/strong> di Londra Nuzzo ha tenuto un training in fotografia partecipativa.<\/p>\n<h3>La fotografia partecipativa<\/h3>\n<p>Le tecniche di fotografia partecipativa sono utilizzate in vari ambiti di ricerca con lo scopo di condividere idee e punti di vista e stimolare l\u2019azioni per un possibile cambiamento sociale.<\/p>\n<p>Utilizzando un linguaggio visuale, alcune di queste metodologie, possono essere utilizzate anche da chi non sa leggere n\u00e9 scrivere e rappresentano, dunque, un mezzo efficace per dar voce a problemi e preoccupazioni di gruppi marginalizzati o oppressi.<\/p>\n<p>Alle pareti, saranno esposti alcuni degli scatti pi\u00f9 significativi dei progetti presi in esame.<\/p>\n<h3>Modalit\u00e0 di partecipazione<\/h3>\n<p>L\u2019incontro, fino a esaurimento posti, \u00e8 a <strong>ingresso gratuito<\/strong> e sar\u00e0 presentato da <strong>Luca Sorbo<\/strong>, curatore dei <a href=\"http:\/\/www.pigrecoemme.com\/corso-fotografia\/corso-di-fotografia-2.htm\">corsi di Fotografia<\/a> e di <strong>Fotogiornalismo <\/strong>della Pigrecoemme.<\/p>\n<p><strong>Prenotazioni <\/strong>e <strong>info <\/strong>al numero <strong>081 5635188<\/strong>.<\/p>\n<p><!--more--><\/p>\n<h3>La fotografa<\/h3>\n<p>Nata ad Acerra (NA) nel 1985, a vent\u2019anni diventa fotografa ufficiale della Onlus G.M.A di Napoli (Gruppo Missioni Africa) per la quale documenta le varie attivit\u00e0 dell\u2019associazione a Napoli e a Shashamane, Etiopia. Interessata principalmente al reportage sociale, esplora anche altri ambiti: cura i contenuti fotografici per diversi siti web, booklet di gruppi musicali ed eventi. Nel 2008 coordina un workshop di fotografia partecipativa per bambini nel campo Rom di Scampia (NA) in collaborazione con la Onlus Visione Globale e l\u2019Universit\u00e0 Suor Orsola Benincasa di Napoli. L\u2019anno seguente, organizza e coordina un nuovo workshop di fotografia questa volta nel campo profughi palestinese di Deisha a Betlemme con un gruppo di giovani palestinesi, in collaborazione con l\u2019associazione palestinese Lighting Candel ONG e Anna Lindh Foundation. Nello stesso periodo inizia a collaborare con diverse riviste nazionali. Nel 2011 realizza un reportage in Oromia (Etiopia) sulle condizioni e i diritti delle donne e, nello stesso anno, si trasferisce a Londra dove inizia a collaborare con la Open University, Milton Keynes. Coordina un gruppo di indigeni macushi nell\u2019uso della fotografia partecipativa in Sud America, Rupunini region (Guyana). Contemporaneamente segue il progetto \u201cCobra\u201d finanziato dai fondi della comunit\u00e0 \u00a0europea nella stessa regione della Guyana sostenendo diverse attivit\u00e0 di training in fotografia partecipativa e realizzando un database fotografico di immagini per il sito internet del progetto.<br \/>\nNel 2013 torna a Napoli dove lavora come fotografa indipendente in vari progetti artistici e culturali e coordina laboratori di fotografia partecipativa nelle scuole.<\/p>\n","protected":false},"excerpt":{"rendered":"<p>Sabato 8 novembre, alle ore 16,30, nell\u2019ambito della rassegna Incontri fotografici della Scuola di cinema e fotografia Pigrecoemme di Napoli, la fotografa e ricercatrice napoletana Claudia Nuzzo presenta, in un incontro gratuito, le principali&hellip;<\/p>\n","protected":false},"author":2,"featured_media":0,"comment_status":"open","ping_status":"open","sticky":false,"template":"","format":"standard","meta":{"_jetpack_newsletter_access":"","_jetpack_dont_email_post_to_subs":false,"_jetpack_newsletter_tier_id":0,"_jetpack_memberships_contains_paywalled_content":false,"_jetpack_feature_clip_id":0,"_jetpack_memberships_contains_paid_content":false,"footnotes":"","jetpack_post_was_ever_published":false},"categories":[11,21,1,1523],"tags":[933,74,931,932,370],"class_list":["post-938","post","type-post","status-publish","format-standard","hentry","category-eventi","category-fotografia","category-generale","category-incontri-fotografici","tag-claudia-nuzzo","tag-corsi-di-fotografia","tag-fotografia-partecipativa","tag-incontri-di-fotografia","tag-incontri-fotografici"],"yoast_head":"<!-- This site is optimized with the Yoast SEO plugin v28.3 - https:\/\/yoast.com\/product\/yoast-seo-wordpress\/ -->\n<title>Sabato 8 novembre, un incontro gratuito sulle tecniche di fotografia partecipativa<\/title>\n<meta name=\"robots\" content=\"index, follow, max-snippet:-1, max-image-preview:large, max-video-preview:-1\" \/>\n<link rel=\"canonical\" href=\"https:\/\/www.pigrecoemme.com\/blog\/sabato-8-novembre-un-incontro-gratuito-sulle-tecniche-di-fotografia-partecipativa\/\" \/>\n<meta property=\"og:locale\" content=\"it_IT\" \/>\n<meta property=\"og:type\" content=\"article\" \/>\n<meta property=\"og:title\" content=\"Sabato 8 novembre, un incontro gratuito sulle tecniche di fotografia partecipativa\" \/>\n<meta property=\"og:description\" content=\"Sabato 8 novembre, alle ore 16,30, nell\u2019ambito della rassegna Incontri fotografici della Scuola di cinema e fotografia Pigrecoemme di Napoli, la fotografa e ricercatrice napoletana Claudia Nuzzo presenta, in un incontro gratuito, le principali&hellip;\" \/>\n<meta property=\"og:url\" content=\"https:\/\/www.pigrecoemme.com\/blog\/sabato-8-novembre-un-incontro-gratuito-sulle-tecniche-di-fotografia-partecipativa\/\" \/>\n<meta property=\"og:site_name\" content=\"Scuola di Cinema Pigrecoemme - Blog\" \/>\n<meta property=\"article:publisher\" content=\"https:\/\/www.facebook.com\/pigrecoemme\" \/>\n<meta property=\"article:author\" content=\"https:\/\/www.facebook.com\/corrado.morra1\" \/>\n<meta property=\"article:published_time\" content=\"2014-10-30T10:58:27+00:00\" \/>\n<meta property=\"article:modified_time\" content=\"2016-01-27T10:45:37+00:00\" \/>\n<meta property=\"og:image\" content=\"http:\/\/www.pigrecoemme.com\/blog\/wp-content\/uploads\/2014\/10\/fotografia-partecipativa.jpg\" \/>\n<meta name=\"author\" content=\"Corrado Morra\" \/>\n<meta name=\"twitter:card\" content=\"summary_large_image\" \/>\n<meta name=\"twitter:creator\" content=\"@Pigrecoemme\" \/>\n<meta name=\"twitter:site\" content=\"@Pigrecoemme\" \/>\n<meta name=\"twitter:label1\" content=\"Scritto da\" \/>\n\t<meta name=\"twitter:data1\" content=\"Corrado Morra\" \/>\n\t<meta name=\"twitter:label2\" content=\"Tempo di lettura stimato\" \/>\n\t<meta name=\"twitter:data2\" content=\"3 minuti\" \/>\n<script type=\"application\/ld+json\" class=\"yoast-schema-graph\">{\"@context\":\"https:\\\/\\\/schema.org\",\"@graph\":[{\"@type\":[\"Article\",\"BlogPosting\"],\"@id\":\"https:\\\/\\\/www.pigrecoemme.com\\\/blog\\\/sabato-8-novembre-un-incontro-gratuito-sulle-tecniche-di-fotografia-partecipativa\\\/#article\",\"isPartOf\":{\"@id\":\"https:\\\/\\\/www.pigrecoemme.com\\\/blog\\\/sabato-8-novembre-un-incontro-gratuito-sulle-tecniche-di-fotografia-partecipativa\\\/\"},\"author\":{\"name\":\"Corrado Morra\",\"@id\":\"https:\\\/\\\/www.pigrecoemme.com\\\/blog\\\/#\\\/schema\\\/person\\\/702764b5ecda4c2f34e82348789f649e\"},\"headline\":\"Sabato 8 novembre, un incontro gratuito sulle tecniche di fotografia partecipativa\",\"datePublished\":\"2014-10-30T10:58:27+00:00\",\"dateModified\":\"2016-01-27T10:45:37+00:00\",\"mainEntityOfPage\":{\"@id\":\"https:\\\/\\\/www.pigrecoemme.com\\\/blog\\\/sabato-8-novembre-un-incontro-gratuito-sulle-tecniche-di-fotografia-partecipativa\\\/\"},\"wordCount\":592,\"commentCount\":4,\"publisher\":{\"@id\":\"https:\\\/\\\/www.pigrecoemme.com\\\/blog\\\/#organization\"},\"image\":{\"@id\":\"https:\\\/\\\/www.pigrecoemme.com\\\/blog\\\/sabato-8-novembre-un-incontro-gratuito-sulle-tecniche-di-fotografia-partecipativa\\\/#primaryimage\"},\"thumbnailUrl\":\"http:\\\/\\\/www.pigrecoemme.com\\\/blog\\\/wp-content\\\/uploads\\\/2014\\\/10\\\/fotografia-partecipativa.jpg\",\"keywords\":[\"claudia nuzzo\",\"corsi di fotografia\",\"fotografia partecipativa\",\"incontri di fotografia\",\"incontri fotografici\"],\"articleSection\":[\"Eventi\",\"Fotografia\",\"Generale\",\"Incontri fotografici\"],\"inLanguage\":\"it-IT\",\"potentialAction\":[{\"@type\":\"CommentAction\",\"name\":\"Comment\",\"target\":[\"https:\\\/\\\/www.pigrecoemme.com\\\/blog\\\/sabato-8-novembre-un-incontro-gratuito-sulle-tecniche-di-fotografia-partecipativa\\\/#respond\"]}]},{\"@type\":\"WebPage\",\"@id\":\"https:\\\/\\\/www.pigrecoemme.com\\\/blog\\\/sabato-8-novembre-un-incontro-gratuito-sulle-tecniche-di-fotografia-partecipativa\\\/\",\"url\":\"https:\\\/\\\/www.pigrecoemme.com\\\/blog\\\/sabato-8-novembre-un-incontro-gratuito-sulle-tecniche-di-fotografia-partecipativa\\\/\",\"name\":\"Sabato 8 novembre, un incontro gratuito sulle tecniche di fotografia partecipativa\",\"isPartOf\":{\"@id\":\"https:\\\/\\\/www.pigrecoemme.com\\\/blog\\\/#website\"},\"primaryImageOfPage\":{\"@id\":\"https:\\\/\\\/www.pigrecoemme.com\\\/blog\\\/sabato-8-novembre-un-incontro-gratuito-sulle-tecniche-di-fotografia-partecipativa\\\/#primaryimage\"},\"image\":{\"@id\":\"https:\\\/\\\/www.pigrecoemme.com\\\/blog\\\/sabato-8-novembre-un-incontro-gratuito-sulle-tecniche-di-fotografia-partecipativa\\\/#primaryimage\"},\"thumbnailUrl\":\"http:\\\/\\\/www.pigrecoemme.com\\\/blog\\\/wp-content\\\/uploads\\\/2014\\\/10\\\/fotografia-partecipativa.jpg\",\"datePublished\":\"2014-10-30T10:58:27+00:00\",\"dateModified\":\"2016-01-27T10:45:37+00:00\",\"breadcrumb\":{\"@id\":\"https:\\\/\\\/www.pigrecoemme.com\\\/blog\\\/sabato-8-novembre-un-incontro-gratuito-sulle-tecniche-di-fotografia-partecipativa\\\/#breadcrumb\"},\"inLanguage\":\"it-IT\",\"potentialAction\":[{\"@type\":\"ReadAction\",\"target\":[\"https:\\\/\\\/www.pigrecoemme.com\\\/blog\\\/sabato-8-novembre-un-incontro-gratuito-sulle-tecniche-di-fotografia-partecipativa\\\/\"]}]},{\"@type\":\"ImageObject\",\"inLanguage\":\"it-IT\",\"@id\":\"https:\\\/\\\/www.pigrecoemme.com\\\/blog\\\/sabato-8-novembre-un-incontro-gratuito-sulle-tecniche-di-fotografia-partecipativa\\\/#primaryimage\",\"url\":\"http:\\\/\\\/www.pigrecoemme.com\\\/blog\\\/wp-content\\\/uploads\\\/2014\\\/10\\\/fotografia-partecipativa.jpg\",\"contentUrl\":\"http:\\\/\\\/www.pigrecoemme.com\\\/blog\\\/wp-content\\\/uploads\\\/2014\\\/10\\\/fotografia-partecipativa.jpg\"},{\"@type\":\"BreadcrumbList\",\"@id\":\"https:\\\/\\\/www.pigrecoemme.com\\\/blog\\\/sabato-8-novembre-un-incontro-gratuito-sulle-tecniche-di-fotografia-partecipativa\\\/#breadcrumb\",\"itemListElement\":[{\"@type\":\"ListItem\",\"position\":1,\"name\":\"Home\",\"item\":\"https:\\\/\\\/www.pigrecoemme.com\\\/blog\\\/\"},{\"@type\":\"ListItem\",\"position\":2,\"name\":\"Sabato 8 novembre, un incontro gratuito sulle tecniche di fotografia partecipativa\"}]},{\"@type\":\"WebSite\",\"@id\":\"https:\\\/\\\/www.pigrecoemme.com\\\/blog\\\/#website\",\"url\":\"https:\\\/\\\/www.pigrecoemme.com\\\/blog\\\/\",\"name\":\"Scuola di Cinema Pigrecoemme - Blog\",\"description\":\"Siamo la prima Scuola di Cinema e Fotografia di Napoli\",\"publisher\":{\"@id\":\"https:\\\/\\\/www.pigrecoemme.com\\\/blog\\\/#organization\"},\"potentialAction\":[{\"@type\":\"SearchAction\",\"target\":{\"@type\":\"EntryPoint\",\"urlTemplate\":\"https:\\\/\\\/www.pigrecoemme.com\\\/blog\\\/?s={search_term_string}\"},\"query-input\":{\"@type\":\"PropertyValueSpecification\",\"valueRequired\":true,\"valueName\":\"search_term_string\"}}],\"inLanguage\":\"it-IT\"},{\"@type\":\"Organization\",\"@id\":\"https:\\\/\\\/www.pigrecoemme.com\\\/blog\\\/#organization\",\"name\":\"Scuola di cinema e fotografia Pigrecoemme\",\"url\":\"https:\\\/\\\/www.pigrecoemme.com\\\/blog\\\/\",\"logo\":{\"@type\":\"ImageObject\",\"inLanguage\":\"it-IT\",\"@id\":\"https:\\\/\\\/www.pigrecoemme.com\\\/blog\\\/#\\\/schema\\\/logo\\\/image\\\/\",\"url\":\"https:\\\/\\\/i0.wp.com\\\/www.pigrecoemme.com\\\/blog\\\/wp-content\\\/uploads\\\/2018\\\/06\\\/logo-pigrecoemme-2018.png?fit=500%2C500&ssl=1\",\"contentUrl\":\"https:\\\/\\\/i0.wp.com\\\/www.pigrecoemme.com\\\/blog\\\/wp-content\\\/uploads\\\/2018\\\/06\\\/logo-pigrecoemme-2018.png?fit=500%2C500&ssl=1\",\"width\":500,\"height\":500,\"caption\":\"Scuola di cinema e fotografia Pigrecoemme\"},\"image\":{\"@id\":\"https:\\\/\\\/www.pigrecoemme.com\\\/blog\\\/#\\\/schema\\\/logo\\\/image\\\/\"},\"sameAs\":[\"https:\\\/\\\/www.facebook.com\\\/pigrecoemme\",\"https:\\\/\\\/x.com\\\/Pigrecoemme\",\"https:\\\/\\\/www.instagram.com\\\/pigrecoemme\\\/\",\"https:\\\/\\\/www.linkedin.com\\\/company\\\/pigrecoemme\\\/\",\"https:\\\/\\\/www.youtube.com\\\/pigrecoemme\"]},{\"@type\":\"Person\",\"@id\":\"https:\\\/\\\/www.pigrecoemme.com\\\/blog\\\/#\\\/schema\\\/person\\\/702764b5ecda4c2f34e82348789f649e\",\"name\":\"Corrado Morra\",\"image\":{\"@type\":\"ImageObject\",\"inLanguage\":\"it-IT\",\"@id\":\"https:\\\/\\\/secure.gravatar.com\\\/avatar\\\/f6ce2f6728fbdf920737112fe70682512808577befa2c9c7845c04a8449b8f03?s=96&r=g\",\"url\":\"https:\\\/\\\/secure.gravatar.com\\\/avatar\\\/f6ce2f6728fbdf920737112fe70682512808577befa2c9c7845c04a8449b8f03?s=96&r=g\",\"contentUrl\":\"https:\\\/\\\/secure.gravatar.com\\\/avatar\\\/f6ce2f6728fbdf920737112fe70682512808577befa2c9c7845c04a8449b8f03?s=96&r=g\",\"caption\":\"Corrado Morra\"},\"description\":\"Esperto di arti visive e di cinema, insegna Sceneggiatura alla Scuola di cinema Pigrecoemme di Napoli, di cui \u00e8 tra i fondatori.\",\"sameAs\":[\"http:\\\/\\\/www.pigrecoemme.com\\\/\",\"https:\\\/\\\/www.facebook.com\\\/corrado.morra1\"],\"url\":\"https:\\\/\\\/www.pigrecoemme.com\\\/blog\\\/author\\\/corrado-morra\\\/\"}]}<\/script>\n<!-- \/ Yoast SEO plugin. -->","yoast_head_json":{"title":"Sabato 8 novembre, un incontro gratuito sulle tecniche di fotografia partecipativa","robots":{"index":"index","follow":"follow","max-snippet":"max-snippet:-1","max-image-preview":"max-image-preview:large","max-video-preview":"max-video-preview:-1"},"canonical":"https:\/\/www.pigrecoemme.com\/blog\/sabato-8-novembre-un-incontro-gratuito-sulle-tecniche-di-fotografia-partecipativa\/","og_locale":"it_IT","og_type":"article","og_title":"Sabato 8 novembre, un incontro gratuito sulle tecniche di fotografia partecipativa","og_description":"Sabato 8 novembre, alle ore 16,30, nell\u2019ambito della rassegna Incontri fotografici della Scuola di cinema e fotografia Pigrecoemme di Napoli, la fotografa e ricercatrice napoletana Claudia Nuzzo presenta, in un incontro gratuito, le principali&hellip;","og_url":"https:\/\/www.pigrecoemme.com\/blog\/sabato-8-novembre-un-incontro-gratuito-sulle-tecniche-di-fotografia-partecipativa\/","og_site_name":"Scuola di Cinema Pigrecoemme - Blog","article_publisher":"https:\/\/www.facebook.com\/pigrecoemme","article_author":"https:\/\/www.facebook.com\/corrado.morra1","article_published_time":"2014-10-30T10:58:27+00:00","article_modified_time":"2016-01-27T10:45:37+00:00","og_image":[{"url":"http:\/\/www.pigrecoemme.com\/blog\/wp-content\/uploads\/2014\/10\/fotografia-partecipativa.jpg","type":"","width":"","height":""}],"author":"Corrado Morra","twitter_card":"summary_large_image","twitter_creator":"@Pigrecoemme","twitter_site":"@Pigrecoemme","twitter_misc":{"Scritto da":"Corrado Morra","Tempo di lettura stimato":"3 minuti"},"schema":{"@context":"https:\/\/schema.org","@graph":[{"@type":["Article","BlogPosting"],"@id":"https:\/\/www.pigrecoemme.com\/blog\/sabato-8-novembre-un-incontro-gratuito-sulle-tecniche-di-fotografia-partecipativa\/#article","isPartOf":{"@id":"https:\/\/www.pigrecoemme.com\/blog\/sabato-8-novembre-un-incontro-gratuito-sulle-tecniche-di-fotografia-partecipativa\/"},"author":{"name":"Corrado Morra","@id":"https:\/\/www.pigrecoemme.com\/blog\/#\/schema\/person\/702764b5ecda4c2f34e82348789f649e"},"headline":"Sabato 8 novembre, un incontro gratuito sulle tecniche di fotografia partecipativa","datePublished":"2014-10-30T10:58:27+00:00","dateModified":"2016-01-27T10:45:37+00:00","mainEntityOfPage":{"@id":"https:\/\/www.pigrecoemme.com\/blog\/sabato-8-novembre-un-incontro-gratuito-sulle-tecniche-di-fotografia-partecipativa\/"},"wordCount":592,"commentCount":4,"publisher":{"@id":"https:\/\/www.pigrecoemme.com\/blog\/#organization"},"image":{"@id":"https:\/\/www.pigrecoemme.com\/blog\/sabato-8-novembre-un-incontro-gratuito-sulle-tecniche-di-fotografia-partecipativa\/#primaryimage"},"thumbnailUrl":"http:\/\/www.pigrecoemme.com\/blog\/wp-content\/uploads\/2014\/10\/fotografia-partecipativa.jpg","keywords":["claudia nuzzo","corsi di fotografia","fotografia partecipativa","incontri di fotografia","incontri fotografici"],"articleSection":["Eventi","Fotografia","Generale","Incontri fotografici"],"inLanguage":"it-IT","potentialAction":[{"@type":"CommentAction","name":"Comment","target":["https:\/\/www.pigrecoemme.com\/blog\/sabato-8-novembre-un-incontro-gratuito-sulle-tecniche-di-fotografia-partecipativa\/#respond"]}]},{"@type":"WebPage","@id":"https:\/\/www.pigrecoemme.com\/blog\/sabato-8-novembre-un-incontro-gratuito-sulle-tecniche-di-fotografia-partecipativa\/","url":"https:\/\/www.pigrecoemme.com\/blog\/sabato-8-novembre-un-incontro-gratuito-sulle-tecniche-di-fotografia-partecipativa\/","name":"Sabato 8 novembre, un incontro gratuito sulle tecniche di fotografia partecipativa","isPartOf":{"@id":"https:\/\/www.pigrecoemme.com\/blog\/#website"},"primaryImageOfPage":{"@id":"https:\/\/www.pigrecoemme.com\/blog\/sabato-8-novembre-un-incontro-gratuito-sulle-tecniche-di-fotografia-partecipativa\/#primaryimage"},"image":{"@id":"https:\/\/www.pigrecoemme.com\/blog\/sabato-8-novembre-un-incontro-gratuito-sulle-tecniche-di-fotografia-partecipativa\/#primaryimage"},"thumbnailUrl":"http:\/\/www.pigrecoemme.com\/blog\/wp-content\/uploads\/2014\/10\/fotografia-partecipativa.jpg","datePublished":"2014-10-30T10:58:27+00:00","dateModified":"2016-01-27T10:45:37+00:00","breadcrumb":{"@id":"https:\/\/www.pigrecoemme.com\/blog\/sabato-8-novembre-un-incontro-gratuito-sulle-tecniche-di-fotografia-partecipativa\/#breadcrumb"},"inLanguage":"it-IT","potentialAction":[{"@type":"ReadAction","target":["https:\/\/www.pigrecoemme.com\/blog\/sabato-8-novembre-un-incontro-gratuito-sulle-tecniche-di-fotografia-partecipativa\/"]}]},{"@type":"ImageObject","inLanguage":"it-IT","@id":"https:\/\/www.pigrecoemme.com\/blog\/sabato-8-novembre-un-incontro-gratuito-sulle-tecniche-di-fotografia-partecipativa\/#primaryimage","url":"http:\/\/www.pigrecoemme.com\/blog\/wp-content\/uploads\/2014\/10\/fotografia-partecipativa.jpg","contentUrl":"http:\/\/www.pigrecoemme.com\/blog\/wp-content\/uploads\/2014\/10\/fotografia-partecipativa.jpg"},{"@type":"BreadcrumbList","@id":"https:\/\/www.pigrecoemme.com\/blog\/sabato-8-novembre-un-incontro-gratuito-sulle-tecniche-di-fotografia-partecipativa\/#breadcrumb","itemListElement":[{"@type":"ListItem","position":1,"name":"Home","item":"https:\/\/www.pigrecoemme.com\/blog\/"},{"@type":"ListItem","position":2,"name":"Sabato 8 novembre, un incontro gratuito sulle tecniche di fotografia partecipativa"}]},{"@type":"WebSite","@id":"https:\/\/www.pigrecoemme.com\/blog\/#website","url":"https:\/\/www.pigrecoemme.com\/blog\/","name":"Scuola di Cinema Pigrecoemme - Blog","description":"Siamo la prima Scuola di Cinema e Fotografia di Napoli","publisher":{"@id":"https:\/\/www.pigrecoemme.com\/blog\/#organization"},"potentialAction":[{"@type":"SearchAction","target":{"@type":"EntryPoint","urlTemplate":"https:\/\/www.pigrecoemme.com\/blog\/?s={search_term_string}"},"query-input":{"@type":"PropertyValueSpecification","valueRequired":true,"valueName":"search_term_string"}}],"inLanguage":"it-IT"},{"@type":"Organization","@id":"https:\/\/www.pigrecoemme.com\/blog\/#organization","name":"Scuola di cinema e fotografia Pigrecoemme","url":"https:\/\/www.pigrecoemme.com\/blog\/","logo":{"@type":"ImageObject","inLanguage":"it-IT","@id":"https:\/\/www.pigrecoemme.com\/blog\/#\/schema\/logo\/image\/","url":"https:\/\/i0.wp.com\/www.pigrecoemme.com\/blog\/wp-content\/uploads\/2018\/06\/logo-pigrecoemme-2018.png?fit=500%2C500&ssl=1","contentUrl":"https:\/\/i0.wp.com\/www.pigrecoemme.com\/blog\/wp-content\/uploads\/2018\/06\/logo-pigrecoemme-2018.png?fit=500%2C500&ssl=1","width":500,"height":500,"caption":"Scuola di cinema e fotografia Pigrecoemme"},"image":{"@id":"https:\/\/www.pigrecoemme.com\/blog\/#\/schema\/logo\/image\/"},"sameAs":["https:\/\/www.facebook.com\/pigrecoemme","https:\/\/x.com\/Pigrecoemme","https:\/\/www.instagram.com\/pigrecoemme\/","https:\/\/www.linkedin.com\/company\/pigrecoemme\/","https:\/\/www.youtube.com\/pigrecoemme"]},{"@type":"Person","@id":"https:\/\/www.pigrecoemme.com\/blog\/#\/schema\/person\/702764b5ecda4c2f34e82348789f649e","name":"Corrado Morra","image":{"@type":"ImageObject","inLanguage":"it-IT","@id":"https:\/\/secure.gravatar.com\/avatar\/f6ce2f6728fbdf920737112fe70682512808577befa2c9c7845c04a8449b8f03?s=96&r=g","url":"https:\/\/secure.gravatar.com\/avatar\/f6ce2f6728fbdf920737112fe70682512808577befa2c9c7845c04a8449b8f03?s=96&r=g","contentUrl":"https:\/\/secure.gravatar.com\/avatar\/f6ce2f6728fbdf920737112fe70682512808577befa2c9c7845c04a8449b8f03?s=96&r=g","caption":"Corrado Morra"},"description":"Esperto di arti visive e di cinema, insegna Sceneggiatura alla Scuola di cinema Pigrecoemme di Napoli, di cui \u00e8 tra i fondatori.","sameAs":["http:\/\/www.pigrecoemme.com\/","https:\/\/www.facebook.com\/corrado.morra1"],"url":"https:\/\/www.pigrecoemme.com\/blog\/author\/corrado-morra\/"}]}},"jetpack_sharing_enabled":true,"jetpack_likes_enabled":true,"jetpack-related-posts":[{"id":536,"url":"https:\/\/www.pigrecoemme.com\/blog\/alla-pigrecoemme-incontri-gratuiti-con-la-royal-photographic-society-e-l%e2%80%99agenzia-graffiti-di-roma\/","url_meta":{"origin":938,"position":0},"title":"Alla Pigrecoemme, incontri gratuiti con la Royal Photographic Society e l\u2019agenzia Graffiti di Roma","author":"Corrado Morra","date":"17 Settembre 2012","format":false,"excerpt":"Fine settembre all'insegna della Fotografia alla\u00a0Scuola di Cinema e Fotografia\u00a0Pigrecoemme\u00a0di Napoli, con un doppio, imperdibile evento:\u00a0sabato 29 settembre, alle\u00a0ore 16,00, nella sede della Scuola di\u00a0Piazza Portanova 11, ci sar\u00e0 un incontro con\u00a0Olivio Argenti, presidente del\u00a0CIRPS - Capitolo italiano\u00a0della\u00a0Royal Photographic Society,\u00a0la\u00a0prima e pi\u00f9 importante associazione fotografica al mondo,\u00a0Durante la serata,\u00a0Luca Sorbo,\u00a0responsabile\u2026","rel":"","context":"In &quot;Eventi&quot;","block_context":{"text":"Eventi","link":"https:\/\/www.pigrecoemme.com\/blog\/eventi\/"},"img":{"alt_text":"","src":"https:\/\/i0.wp.com\/www.pigrecoemme.com\/blog\/wp-content\/uploads\/2012\/09\/rps-300x113.jpg?resize=350%2C200","width":350,"height":200},"classes":[]},{"id":2003,"url":"https:\/\/www.pigrecoemme.com\/blog\/scegliere-lattrezzatura-fotografica-un-incontro-aperto\/","url_meta":{"origin":938,"position":1},"title":"Come scegliere l&#8217;attrezzatura fotografica? Un incontro aperto.","author":"Pigrecoemme","date":"16 Novembre 2017","format":false,"excerpt":"Sabato 16 dicembre 2017 alle ore 16:00 presso la sede della Pigrecoemme (Piazza Portanova 11, a Napoli) Luca Sorbo, docente all'Accademia di Belle Arti napoletana e curatore dei nostri corsi di fotografia, dar\u00e0 degli utili consigli su come scegliere e valutare la migliore attrezzatura fotografica per esaltare la propria creativit\u00e0.\u00a0\u2026","rel":"","context":"In &quot;Fotografia&quot;","block_context":{"text":"Fotografia","link":"https:\/\/www.pigrecoemme.com\/blog\/fotografia\/"},"img":{"alt_text":"Quale fotocamera scegliere?","src":"https:\/\/i0.wp.com\/www.pigrecoemme.com\/blog\/wp-content\/uploads\/2017\/11\/come.scegliere-atterzzatura-fotografica.png?resize=350%2C200","width":350,"height":200},"classes":[]},{"id":492,"url":"https:\/\/www.pigrecoemme.com\/blog\/sabato-21-aprile-aniello-barone-terra-un-incontro-lezione-gratuito-sulla-fotografia\/","url_meta":{"origin":938,"position":2},"title":"Sabato 21 aprile Aniello Barone terr\u00e0 un incontro-lezione gratuito sulla fotografia","author":"Corrado Morra","date":"17 Aprile 2012","format":false,"excerpt":"Continuano, alla Scuola di cinema e fotografia Pigrecoemme di Napoli, gli incontri dedicati ai grandi fotografi. Sabato 21 aprile 2012, Aniello Barone sar\u00e0, cos\u00ec, negli spazi di Piazza Portanova, per un incontro-lezione, che avr\u00e0 il compito di tracciare le linee principali del suo affascinante percorso artistico e professionale. L\u2019appuntamento, dalle\u2026","rel":"","context":"In &quot;Eventi&quot;","block_context":{"text":"Eventi","link":"https:\/\/www.pigrecoemme.com\/blog\/eventi\/"},"img":{"alt_text":"","src":"https:\/\/i0.wp.com\/www.pigrecoemme.com\/blog\/wp-content\/uploads\/2012\/04\/aniello-barone1-300x200.jpg?resize=350%2C200","width":350,"height":200},"classes":[]},{"id":1463,"url":"https:\/\/www.pigrecoemme.com\/blog\/diventare-fotografo\/","url_meta":{"origin":938,"position":3},"title":"Diventare fotografo. Un incontro gratuito","author":"Corrado Morra","date":"15 Settembre 2015","format":false,"excerpt":"Gioved\u00ec 1\u00b0 ottobre, dalle ore 16:00 alle 18:00, alla Pigrecoemme, si terr\u00e0\u00a0un incontro di orientamento su come entrare nel mondo della fotografia, un'arte da sempre sospesa tra passione e professione. L'incontro \u00e8 a cura di Luca Sorbo, responsabile dei corsi di Fotografia della Pigrecoemme e docente all\u2019Accademia di Belle Arti\u2026","rel":"","context":"In &quot;Eventi&quot;","block_context":{"text":"Eventi","link":"https:\/\/www.pigrecoemme.com\/blog\/eventi\/"},"img":{"alt_text":"diventare-fotografo","src":"https:\/\/i0.wp.com\/www.pigrecoemme.com\/blog\/wp-content\/uploads\/2015\/09\/diventare-fotografo.jpg?resize=350%2C200","width":350,"height":200},"classes":[]},{"id":1942,"url":"https:\/\/www.pigrecoemme.com\/blog\/incontro-fotografico-lucia-patalano\/","url_meta":{"origin":938,"position":4},"title":"Incontro fotografico con Lucia Patalano","author":"Pigrecoemme","date":"8 Settembre 2017","format":false,"excerpt":"Sabato 30 settembre 2017 alle 16:00 presso la Scuola di Cinema e Fotografia Pigrecoemme di Napoli Luca Sorbo, docente all'Accademia di Belle Arti di Napoli e responsabile dei corsi di Fotografia della Pigrecoemme, incontrer\u00e0 Lucia Patalano, una delle principali esponenti della fotografia napoletana. Sar\u00e0 un'occasione importante per ripercorrere la vicenda\u2026","rel":"","context":"In &quot;Eventi&quot;","block_context":{"text":"Eventi","link":"https:\/\/www.pigrecoemme.com\/blog\/eventi\/"},"img":{"alt_text":"Incontro fotografico con Lucia Patalano","src":"https:\/\/i0.wp.com\/www.pigrecoemme.com\/blog\/wp-content\/uploads\/2017\/09\/incontro-con-lucia-patalano.jpg?resize=350%2C200","width":350,"height":200},"classes":[]},{"id":2068,"url":"https:\/\/www.pigrecoemme.com\/blog\/incontro-fotografico-con-salvatore-di-vilio\/","url_meta":{"origin":938,"position":5},"title":"Incontro fotografico con Salvatore di Vilio alla Pigrecoemme.","author":"Pigrecoemme","date":"15 Marzo 2018","format":false,"excerpt":"Sabato 17 marzo 2018 alle ore 16:00 Luca Sorbo, docente all'Accademia di Belle Arti di Napoli e coordinatore dei nostri corsi di fotografia, incontrer\u00e0 alla Pigrecoemme, uno dei fotografi pi\u00f9 interessanti del panorama campano e nazionale. Sar\u00e0 questa un'occasione per ripercorrere la sua vicenda professionale e artistica, impreziosita da collaborazioni\u2026","rel":"","context":"In &quot;Eventi&quot;","block_context":{"text":"Eventi","link":"https:\/\/www.pigrecoemme.com\/blog\/eventi\/"},"img":{"alt_text":"Salvatore Di Vilio","src":"https:\/\/i0.wp.com\/www.pigrecoemme.com\/blog\/wp-content\/uploads\/2018\/03\/salvatore-di-vilio-incontro.jpg?resize=350%2C200","width":350,"height":200,"srcset":"https:\/\/i0.wp.com\/www.pigrecoemme.com\/blog\/wp-content\/uploads\/2018\/03\/salvatore-di-vilio-incontro.jpg?resize=350%2C200 1x, https:\/\/i0.wp.com\/www.pigrecoemme.com\/blog\/wp-content\/uploads\/2018\/03\/salvatore-di-vilio-incontro.jpg?resize=525%2C300 1.5x, https:\/\/i0.wp.com\/www.pigrecoemme.com\/blog\/wp-content\/uploads\/2018\/03\/salvatore-di-vilio-incontro.jpg?resize=700%2C400 2x"},"classes":[]}],"jetpack_featured_media_url":"","_links":{"self":[{"href":"https:\/\/www.pigrecoemme.com\/blog\/wp-json\/wp\/v2\/posts\/938","targetHints":{"allow":["GET"]}}],"collection":[{"href":"https:\/\/www.pigrecoemme.com\/blog\/wp-json\/wp\/v2\/posts"}],"about":[{"href":"https:\/\/www.pigrecoemme.com\/blog\/wp-json\/wp\/v2\/types\/post"}],"author":[{"embeddable":true,"href":"https:\/\/www.pigrecoemme.com\/blog\/wp-json\/wp\/v2\/users\/2"}],"replies":[{"embeddable":true,"href":"https:\/\/www.pigrecoemme.com\/blog\/wp-json\/wp\/v2\/comments?post=938"}],"version-history":[{"count":0,"href":"https:\/\/www.pigrecoemme.com\/blog\/wp-json\/wp\/v2\/posts\/938\/revisions"}],"wp:attachment":[{"href":"https:\/\/www.pigrecoemme.com\/blog\/wp-json\/wp\/v2\/media?parent=938"}],"wp:term":[{"taxonomy":"category","embeddable":true,"href":"https:\/\/www.pigrecoemme.com\/blog\/wp-json\/wp\/v2\/categories?post=938"},{"taxonomy":"post_tag","embeddable":true,"href":"https:\/\/www.pigrecoemme.com\/blog\/wp-json\/wp\/v2\/tags?post=938"}],"curies":[{"name":"wp","href":"https:\/\/api.w.org\/{rel}","templated":true}]}}