{"id":92,"date":"2008-10-21T00:20:46","date_gmt":"2008-10-20T22:20:46","guid":{"rendered":"http:\/\/www.pigrecoemme.com\/blog\/?p=92"},"modified":"2017-10-10T16:23:01","modified_gmt":"2017-10-10T14:23:01","slug":"un-passo-indietro","status":"publish","type":"post","link":"https:\/\/www.pigrecoemme.com\/blog\/un-passo-indietro\/","title":{"rendered":"Un passo indietro"},"content":{"rendered":"<p>Un passo indietro \u00e8 il cortometraggio realizzato dagli allievi del corso annuale 2007\/2008 della scuola di cinema Pigrecoemme. Lo potete vedere qui sul nostro blog oppure, in una definizione minore &#8211; ma con tempi di caricamento ridotti &#8211; su Libero, cliccando <a title=\"Cortometraggio\" href=\"http:\/\/video.libero.it\/app\/play?id=a98dd538ebe5068f75b34ed0eeeaaba8\" target=\"_blank\" rel=\"noopener\">qua<\/a>. In alternativa, in una risoluzione intermedia lo abbiamo postato <a href=\"http:\/\/pigrecoemme.blip.tv\/file\/1369071\/\" target=\"_blank\" rel=\"noopener\">qui<\/a> sull&#8217;ottimo Blip.tv. Sembra che se navigate con Firefox dobbiate per&nbsp; forza usare questi link alternativi.<br \/>\nIl corto \u00e8 il risultato di un laboratorio al quale hanno partecipato molti ragazzi alle loro prime esperienze con il linguaggio e la tecnica del cinema. Anche alcuni degli attori sono alla loro primissima esperienza dopo un laboratorio di recitazione condotto presso Pigrecoemme da Angelo Serio. Di questo bisogna essere consapevoli nel giudicarlo. Noi ne siamo particolarmente soddisfatti.<br \/>\nOvviamente ci fa piacere ogni sorta di feedback sul blog.<br \/>\nUna recensione del corto, tra l&#8217;altro presentato con buon sucesso allo scorso Festival del cinema italiano di Stoccolma, \u00e8 stata pubblicata dal noto blog <a href=\"http:\/\/kinemazone.blogspot.com\/\" target=\"_blank\" rel=\"noopener\">Kinemazone<\/a>. Per leggerla dovete cliccare <a href=\"http:\/\/kinemazone.blogspot.com\/2008\/10\/un-passo-indietro.html\" target=\"_blank\" rel=\"noopener\">qui<\/a>.<br \/>\nRicordiamo a tutti che sono ancora aperte le iscrizioni a tutti i nostri corsi.<\/p>\n<p style=\"text-align: center;\"><iframe loading=\"lazy\" src=\"https:\/\/player.vimeo.com\/video\/2019115\" width=\"640\" height=\"483\" frameborder=\"0\" allowfullscreen=\"allowfullscreen\"><\/iframe><\/p>\n<p><a href=\"https:\/\/vimeo.com\/2019115\">Un passo indietro &#8211; Scuola di cinema Pigrecoemme<\/a> from <a href=\"https:\/\/vimeo.com\/pigrecoemme\">Scuola di cinema Pigrecoemme<\/a> on <a href=\"https:\/\/vimeo.com\">Vimeo<\/a>.<\/p>\n","protected":false},"excerpt":{"rendered":"<p>Un passo indietro \u00e8 il cortometraggio realizzato dagli allievi del corso annuale 2007\/2008 della scuola di cinema Pigrecoemme. Lo potete vedere qui sul nostro blog oppure, in una definizione minore &#8211; ma con tempi&hellip;<\/p>\n","protected":false},"author":1,"featured_media":0,"comment_status":"open","ping_status":"open","sticky":false,"template":"","format":"standard","meta":{"_jetpack_newsletter_access":"","_jetpack_dont_email_post_to_subs":false,"_jetpack_newsletter_tier_id":0,"_jetpack_memberships_contains_paywalled_content":false,"_jetpack_feature_clip_id":0,"_jetpack_memberships_contains_paid_content":false,"footnotes":"","jetpack_post_was_ever_published":false},"categories":[12,3],"tags":[130,213,1280,231],"class_list":["post-92","post","type-post","status-publish","format-standard","hentry","category-produzioni","category-scuola-di-cinema","tag-cortometraggio","tag-italienska-filmfestivalen","tag-scuola-di-cinema","tag-un-passo-indietro"],"yoast_head":"<!-- This site is optimized with the Yoast SEO plugin v28.3 - https:\/\/yoast.com\/product\/yoast-seo-wordpress\/ -->\n<title>Un passo indietro<\/title>\n<meta name=\"robots\" content=\"index, follow, max-snippet:-1, max-image-preview:large, max-video-preview:-1\" \/>\n<link rel=\"canonical\" href=\"https:\/\/www.pigrecoemme.com\/blog\/un-passo-indietro\/\" \/>\n<meta property=\"og:locale\" content=\"it_IT\" \/>\n<meta property=\"og:type\" content=\"article\" \/>\n<meta property=\"og:title\" content=\"Un passo indietro\" \/>\n<meta property=\"og:description\" content=\"Un passo indietro \u00e8 il cortometraggio realizzato dagli allievi del corso annuale 2007\/2008 della scuola di cinema Pigrecoemme. Lo potete vedere qui sul nostro blog oppure, in una definizione minore &#8211; ma con tempi di caricamento ridotti &#8211; su Libero, &hellip; Continue reading &rarr;\" \/>\n<meta property=\"og:url\" content=\"https:\/\/www.pigrecoemme.com\/blog\/un-passo-indietro\/\" \/>\n<meta property=\"og:site_name\" content=\"Scuola di Cinema Pigrecoemme - Blog\" \/>\n<meta property=\"article:publisher\" content=\"https:\/\/www.facebook.com\/pigrecoemme\" \/>\n<meta property=\"article:author\" content=\"https:\/\/www.facebook.com\/giacomo.fabbrocino\" \/>\n<meta property=\"article:published_time\" content=\"2008-10-20T22:20:46+00:00\" \/>\n<meta property=\"article:modified_time\" content=\"2017-10-10T14:23:01+00:00\" \/>\n<meta property=\"og:image\" content=\"https:\/\/i0.wp.com\/www.pigrecoemme.com\/blog\/wp-content\/uploads\/2014\/11\/pigrecoemme-test1.jpg?fit=484%2C252&ssl=1\" \/>\n\t<meta property=\"og:image:width\" content=\"484\" \/>\n\t<meta property=\"og:image:height\" content=\"252\" \/>\n\t<meta property=\"og:image:type\" content=\"image\/jpeg\" \/>\n<meta name=\"author\" content=\"Giacomo Fabbrocino\" \/>\n<meta name=\"twitter:card\" content=\"summary_large_image\" \/>\n<meta name=\"twitter:creator\" content=\"@Pigrecoemme\" \/>\n<meta name=\"twitter:site\" content=\"@Pigrecoemme\" \/>\n<meta name=\"twitter:label1\" content=\"Scritto da\" \/>\n\t<meta name=\"twitter:data1\" content=\"Giacomo Fabbrocino\" \/>\n\t<meta name=\"twitter:label2\" content=\"Tempo di lettura stimato\" \/>\n\t<meta name=\"twitter:data2\" content=\"1 minuto\" \/>\n<script type=\"application\/ld+json\" class=\"yoast-schema-graph\">{\"@context\":\"https:\\\/\\\/schema.org\",\"@graph\":[{\"@type\":[\"Article\",\"BlogPosting\"],\"@id\":\"https:\\\/\\\/www.pigrecoemme.com\\\/blog\\\/un-passo-indietro\\\/#article\",\"isPartOf\":{\"@id\":\"https:\\\/\\\/www.pigrecoemme.com\\\/blog\\\/un-passo-indietro\\\/\"},\"author\":{\"name\":\"Giacomo Fabbrocino\",\"@id\":\"https:\\\/\\\/www.pigrecoemme.com\\\/blog\\\/#\\\/schema\\\/person\\\/57fa822c3d209d3a2612fd0411ae63f4\"},\"headline\":\"Un passo indietro\",\"datePublished\":\"2008-10-20T22:20:46+00:00\",\"dateModified\":\"2017-10-10T14:23:01+00:00\",\"mainEntityOfPage\":{\"@id\":\"https:\\\/\\\/www.pigrecoemme.com\\\/blog\\\/un-passo-indietro\\\/\"},\"wordCount\":197,\"commentCount\":42,\"publisher\":{\"@id\":\"https:\\\/\\\/www.pigrecoemme.com\\\/blog\\\/#organization\"},\"keywords\":[\"cortometraggio\",\"Italienska Filmfestivalen\",\"Scuola di cinema\",\"un passo indietro\"],\"articleSection\":[\"Produzioni\",\"Scuola di cinema\"],\"inLanguage\":\"it-IT\",\"potentialAction\":[{\"@type\":\"CommentAction\",\"name\":\"Comment\",\"target\":[\"https:\\\/\\\/www.pigrecoemme.com\\\/blog\\\/un-passo-indietro\\\/#respond\"]}]},{\"@type\":\"WebPage\",\"@id\":\"https:\\\/\\\/www.pigrecoemme.com\\\/blog\\\/un-passo-indietro\\\/\",\"url\":\"https:\\\/\\\/www.pigrecoemme.com\\\/blog\\\/un-passo-indietro\\\/\",\"name\":\"Un passo indietro\",\"isPartOf\":{\"@id\":\"https:\\\/\\\/www.pigrecoemme.com\\\/blog\\\/#website\"},\"datePublished\":\"2008-10-20T22:20:46+00:00\",\"dateModified\":\"2017-10-10T14:23:01+00:00\",\"breadcrumb\":{\"@id\":\"https:\\\/\\\/www.pigrecoemme.com\\\/blog\\\/un-passo-indietro\\\/#breadcrumb\"},\"inLanguage\":\"it-IT\",\"potentialAction\":[{\"@type\":\"ReadAction\",\"target\":[\"https:\\\/\\\/www.pigrecoemme.com\\\/blog\\\/un-passo-indietro\\\/\"]}]},{\"@type\":\"BreadcrumbList\",\"@id\":\"https:\\\/\\\/www.pigrecoemme.com\\\/blog\\\/un-passo-indietro\\\/#breadcrumb\",\"itemListElement\":[{\"@type\":\"ListItem\",\"position\":1,\"name\":\"Home\",\"item\":\"https:\\\/\\\/www.pigrecoemme.com\\\/blog\\\/\"},{\"@type\":\"ListItem\",\"position\":2,\"name\":\"Un passo indietro\"}]},{\"@type\":\"WebSite\",\"@id\":\"https:\\\/\\\/www.pigrecoemme.com\\\/blog\\\/#website\",\"url\":\"https:\\\/\\\/www.pigrecoemme.com\\\/blog\\\/\",\"name\":\"Scuola di Cinema Pigrecoemme - Blog\",\"description\":\"Siamo la prima Scuola di Cinema e Fotografia di Napoli\",\"publisher\":{\"@id\":\"https:\\\/\\\/www.pigrecoemme.com\\\/blog\\\/#organization\"},\"potentialAction\":[{\"@type\":\"SearchAction\",\"target\":{\"@type\":\"EntryPoint\",\"urlTemplate\":\"https:\\\/\\\/www.pigrecoemme.com\\\/blog\\\/?s={search_term_string}\"},\"query-input\":{\"@type\":\"PropertyValueSpecification\",\"valueRequired\":true,\"valueName\":\"search_term_string\"}}],\"inLanguage\":\"it-IT\"},{\"@type\":\"Organization\",\"@id\":\"https:\\\/\\\/www.pigrecoemme.com\\\/blog\\\/#organization\",\"name\":\"Scuola di cinema e fotografia Pigrecoemme\",\"url\":\"https:\\\/\\\/www.pigrecoemme.com\\\/blog\\\/\",\"logo\":{\"@type\":\"ImageObject\",\"inLanguage\":\"it-IT\",\"@id\":\"https:\\\/\\\/www.pigrecoemme.com\\\/blog\\\/#\\\/schema\\\/logo\\\/image\\\/\",\"url\":\"https:\\\/\\\/i0.wp.com\\\/www.pigrecoemme.com\\\/blog\\\/wp-content\\\/uploads\\\/2018\\\/06\\\/logo-pigrecoemme-2018.png?fit=500%2C500&ssl=1\",\"contentUrl\":\"https:\\\/\\\/i0.wp.com\\\/www.pigrecoemme.com\\\/blog\\\/wp-content\\\/uploads\\\/2018\\\/06\\\/logo-pigrecoemme-2018.png?fit=500%2C500&ssl=1\",\"width\":500,\"height\":500,\"caption\":\"Scuola di cinema e fotografia Pigrecoemme\"},\"image\":{\"@id\":\"https:\\\/\\\/www.pigrecoemme.com\\\/blog\\\/#\\\/schema\\\/logo\\\/image\\\/\"},\"sameAs\":[\"https:\\\/\\\/www.facebook.com\\\/pigrecoemme\",\"https:\\\/\\\/x.com\\\/Pigrecoemme\",\"https:\\\/\\\/www.instagram.com\\\/pigrecoemme\\\/\",\"https:\\\/\\\/www.linkedin.com\\\/company\\\/pigrecoemme\\\/\",\"https:\\\/\\\/www.youtube.com\\\/pigrecoemme\"]},{\"@type\":\"Person\",\"@id\":\"https:\\\/\\\/www.pigrecoemme.com\\\/blog\\\/#\\\/schema\\\/person\\\/57fa822c3d209d3a2612fd0411ae63f4\",\"name\":\"Giacomo Fabbrocino\",\"image\":{\"@type\":\"ImageObject\",\"inLanguage\":\"it-IT\",\"@id\":\"https:\\\/\\\/secure.gravatar.com\\\/avatar\\\/0e4dfd4d05c06a03fffaffeb36fb181415ba11b91a6b566fa2e8ada75927db32?s=96&r=g\",\"url\":\"https:\\\/\\\/secure.gravatar.com\\\/avatar\\\/0e4dfd4d05c06a03fffaffeb36fb181415ba11b91a6b566fa2e8ada75927db32?s=96&r=g\",\"contentUrl\":\"https:\\\/\\\/secure.gravatar.com\\\/avatar\\\/0e4dfd4d05c06a03fffaffeb36fb181415ba11b91a6b566fa2e8ada75927db32?s=96&r=g\",\"caption\":\"Giacomo Fabbrocino\"},\"description\":\"Montatore cinematografico, autore di documentari sull'arte e di video d'artista, Giacomo \u00e8 responsabile della didattica e della comunicazione web della Scuola di Cinema, Fotografia e Televisione Pigrecoemme di Napoli.\",\"sameAs\":[\"http:\\\/\\\/www.pigrecoemme.com\\\/\",\"https:\\\/\\\/www.facebook.com\\\/giacomo.fabbrocino\"],\"url\":\"https:\\\/\\\/www.pigrecoemme.com\\\/blog\\\/author\\\/giacomo-fabbrocino\\\/\"}]}<\/script>\n<!-- \/ Yoast SEO plugin. -->","yoast_head_json":{"title":"Un passo indietro","robots":{"index":"index","follow":"follow","max-snippet":"max-snippet:-1","max-image-preview":"max-image-preview:large","max-video-preview":"max-video-preview:-1"},"canonical":"https:\/\/www.pigrecoemme.com\/blog\/un-passo-indietro\/","og_locale":"it_IT","og_type":"article","og_title":"Un passo indietro","og_description":"Un passo indietro \u00e8 il cortometraggio realizzato dagli allievi del corso annuale 2007\/2008 della scuola di cinema Pigrecoemme. Lo potete vedere qui sul nostro blog oppure, in una definizione minore &#8211; ma con tempi di caricamento ridotti &#8211; su Libero, &hellip; Continue reading &rarr;","og_url":"https:\/\/www.pigrecoemme.com\/blog\/un-passo-indietro\/","og_site_name":"Scuola di Cinema Pigrecoemme - Blog","article_publisher":"https:\/\/www.facebook.com\/pigrecoemme","article_author":"https:\/\/www.facebook.com\/giacomo.fabbrocino","article_published_time":"2008-10-20T22:20:46+00:00","article_modified_time":"2017-10-10T14:23:01+00:00","og_image":[{"width":484,"height":252,"url":"https:\/\/i0.wp.com\/www.pigrecoemme.com\/blog\/wp-content\/uploads\/2014\/11\/pigrecoemme-test1.jpg?fit=484%2C252&ssl=1","type":"image\/jpeg"}],"author":"Giacomo Fabbrocino","twitter_card":"summary_large_image","twitter_creator":"@Pigrecoemme","twitter_site":"@Pigrecoemme","twitter_misc":{"Scritto da":"Giacomo Fabbrocino","Tempo di lettura stimato":"1 minuto"},"schema":{"@context":"https:\/\/schema.org","@graph":[{"@type":["Article","BlogPosting"],"@id":"https:\/\/www.pigrecoemme.com\/blog\/un-passo-indietro\/#article","isPartOf":{"@id":"https:\/\/www.pigrecoemme.com\/blog\/un-passo-indietro\/"},"author":{"name":"Giacomo Fabbrocino","@id":"https:\/\/www.pigrecoemme.com\/blog\/#\/schema\/person\/57fa822c3d209d3a2612fd0411ae63f4"},"headline":"Un passo indietro","datePublished":"2008-10-20T22:20:46+00:00","dateModified":"2017-10-10T14:23:01+00:00","mainEntityOfPage":{"@id":"https:\/\/www.pigrecoemme.com\/blog\/un-passo-indietro\/"},"wordCount":197,"commentCount":42,"publisher":{"@id":"https:\/\/www.pigrecoemme.com\/blog\/#organization"},"keywords":["cortometraggio","Italienska Filmfestivalen","Scuola di cinema","un passo indietro"],"articleSection":["Produzioni","Scuola di cinema"],"inLanguage":"it-IT","potentialAction":[{"@type":"CommentAction","name":"Comment","target":["https:\/\/www.pigrecoemme.com\/blog\/un-passo-indietro\/#respond"]}]},{"@type":"WebPage","@id":"https:\/\/www.pigrecoemme.com\/blog\/un-passo-indietro\/","url":"https:\/\/www.pigrecoemme.com\/blog\/un-passo-indietro\/","name":"Un passo indietro","isPartOf":{"@id":"https:\/\/www.pigrecoemme.com\/blog\/#website"},"datePublished":"2008-10-20T22:20:46+00:00","dateModified":"2017-10-10T14:23:01+00:00","breadcrumb":{"@id":"https:\/\/www.pigrecoemme.com\/blog\/un-passo-indietro\/#breadcrumb"},"inLanguage":"it-IT","potentialAction":[{"@type":"ReadAction","target":["https:\/\/www.pigrecoemme.com\/blog\/un-passo-indietro\/"]}]},{"@type":"BreadcrumbList","@id":"https:\/\/www.pigrecoemme.com\/blog\/un-passo-indietro\/#breadcrumb","itemListElement":[{"@type":"ListItem","position":1,"name":"Home","item":"https:\/\/www.pigrecoemme.com\/blog\/"},{"@type":"ListItem","position":2,"name":"Un passo indietro"}]},{"@type":"WebSite","@id":"https:\/\/www.pigrecoemme.com\/blog\/#website","url":"https:\/\/www.pigrecoemme.com\/blog\/","name":"Scuola di Cinema Pigrecoemme - Blog","description":"Siamo la prima Scuola di Cinema e Fotografia di Napoli","publisher":{"@id":"https:\/\/www.pigrecoemme.com\/blog\/#organization"},"potentialAction":[{"@type":"SearchAction","target":{"@type":"EntryPoint","urlTemplate":"https:\/\/www.pigrecoemme.com\/blog\/?s={search_term_string}"},"query-input":{"@type":"PropertyValueSpecification","valueRequired":true,"valueName":"search_term_string"}}],"inLanguage":"it-IT"},{"@type":"Organization","@id":"https:\/\/www.pigrecoemme.com\/blog\/#organization","name":"Scuola di cinema e fotografia Pigrecoemme","url":"https:\/\/www.pigrecoemme.com\/blog\/","logo":{"@type":"ImageObject","inLanguage":"it-IT","@id":"https:\/\/www.pigrecoemme.com\/blog\/#\/schema\/logo\/image\/","url":"https:\/\/i0.wp.com\/www.pigrecoemme.com\/blog\/wp-content\/uploads\/2018\/06\/logo-pigrecoemme-2018.png?fit=500%2C500&ssl=1","contentUrl":"https:\/\/i0.wp.com\/www.pigrecoemme.com\/blog\/wp-content\/uploads\/2018\/06\/logo-pigrecoemme-2018.png?fit=500%2C500&ssl=1","width":500,"height":500,"caption":"Scuola di cinema e fotografia Pigrecoemme"},"image":{"@id":"https:\/\/www.pigrecoemme.com\/blog\/#\/schema\/logo\/image\/"},"sameAs":["https:\/\/www.facebook.com\/pigrecoemme","https:\/\/x.com\/Pigrecoemme","https:\/\/www.instagram.com\/pigrecoemme\/","https:\/\/www.linkedin.com\/company\/pigrecoemme\/","https:\/\/www.youtube.com\/pigrecoemme"]},{"@type":"Person","@id":"https:\/\/www.pigrecoemme.com\/blog\/#\/schema\/person\/57fa822c3d209d3a2612fd0411ae63f4","name":"Giacomo Fabbrocino","image":{"@type":"ImageObject","inLanguage":"it-IT","@id":"https:\/\/secure.gravatar.com\/avatar\/0e4dfd4d05c06a03fffaffeb36fb181415ba11b91a6b566fa2e8ada75927db32?s=96&r=g","url":"https:\/\/secure.gravatar.com\/avatar\/0e4dfd4d05c06a03fffaffeb36fb181415ba11b91a6b566fa2e8ada75927db32?s=96&r=g","contentUrl":"https:\/\/secure.gravatar.com\/avatar\/0e4dfd4d05c06a03fffaffeb36fb181415ba11b91a6b566fa2e8ada75927db32?s=96&r=g","caption":"Giacomo Fabbrocino"},"description":"Montatore cinematografico, autore di documentari sull'arte e di video d'artista, Giacomo \u00e8 responsabile della didattica e della comunicazione web della Scuola di Cinema, Fotografia e Televisione Pigrecoemme di Napoli.","sameAs":["http:\/\/www.pigrecoemme.com\/","https:\/\/www.facebook.com\/giacomo.fabbrocino"],"url":"https:\/\/www.pigrecoemme.com\/blog\/author\/giacomo-fabbrocino\/"}]}},"jetpack_sharing_enabled":true,"jetpack_likes_enabled":true,"jetpack-related-posts":[{"id":86,"url":"https:\/\/www.pigrecoemme.com\/blog\/successo-a-stoccolma-per-un-passo-indietro-il-corto-realizzato-dagli-allievi-del-corso-master-20072008\/","url_meta":{"origin":92,"position":0},"title":"Successo a Stoccolma per &#8216;Un passo indietro&#8217;, il corto realizzato dagli allievi del corso master 2007\/2008","author":"Giacomo Fabbrocino","date":"3 Ottobre 2008","format":false,"excerpt":"E' stato pubblicato oggi dal quotidiano Roma un articolo a piena pagina sulla presentazione, avvenuta due giorni fa al Festival del Cinema Italiano di Stoccolma, di \"Un passo indietro\", il cortometraggio realizzato dai partecipanti al corso master 2007\/2008 della Scuola di cinema Pigrecoemme. Il nostro allievo Marco Pugliese, che del\u2026","rel":"","context":"In &quot;Produzioni&quot;","block_context":{"text":"Produzioni","link":"https:\/\/www.pigrecoemme.com\/blog\/produzioni\/"},"img":{"alt_text":"","src":"https:\/\/i0.wp.com\/www.pigrecoemme.com\/blog\/wp-content\/uploads\/2008\/10\/articolomarco-pugliese-stoccolma-150x150.jpg?resize=350%2C200","width":350,"height":200},"classes":[]},{"id":127,"url":"https:\/\/www.pigrecoemme.com\/blog\/un-passo-indetro-in-concorso-al-festival-o-curt\/","url_meta":{"origin":92,"position":1},"title":"Un passo indetro in concorso al festival &#8216;O Curt","author":"Corrado Morra","date":"11 Febbraio 2009","format":false,"excerpt":"Un passo indietro, il cortometraggio realizzato dagli allievi dell'ultimo corso annuale della Scuola di cinema Pigrecoemme, \u00e8 in concorso all'XI edizione del festival del cortometraggio 'O Curt. Il film, diretto da Marco Pugliese, \u00e8 cos\u00ec tra i 27 titoli selezionati tra le oltre trecento opere brevi, provenienti dall\u2019Italia e dall\u2019estero,\u2026","rel":"","context":"In &quot;Eventi&quot;","block_context":{"text":"Eventi","link":"https:\/\/www.pigrecoemme.com\/blog\/eventi\/"},"img":{"alt_text":"","src":"https:\/\/i0.wp.com\/www.pigrecoemme.com\/blog\/wp-content\/uploads\/2009\/02\/un_passo_indietro.jpg?resize=350%2C200","width":350,"height":200},"classes":[]},{"id":16,"url":"https:\/\/www.pigrecoemme.com\/blog\/quasi-terminato-il-cortometraggio-degli-allievi-20062007-della-scuola-di-cinema-pigrecoemme\/","url_meta":{"origin":92,"position":2},"title":"Quasi terminato il cortometraggio degli allievi 2006\/2007 della Scuola di Cinema Pigrecoemme","author":"Giacomo Fabbrocino","date":"19 Ottobre 2007","format":false,"excerpt":"Con un po' di ritardo (ma noi siamo pazienti) i ragazzi del corso 2006\/2007 stanno terminando la postproduzione del cortometraggio con cui si chiudono abitualmente i nostri corsi sul cinema. Seguendo questo link verso Flickr potrete vedere una piccola galleria di foto di scena. La location della scena in questione\u2026","rel":"","context":"In &quot;Generale&quot;","block_context":{"text":"Generale","link":"https:\/\/www.pigrecoemme.com\/blog\/generale\/"},"img":{"alt_text":"scuola-di-cinema.backstage-3","src":"https:\/\/i0.wp.com\/farm3.static.flickr.com\/2102\/1634832629_a27cf35ee3_m.jpg?resize=350%2C200","width":350,"height":200},"classes":[]},{"id":91,"url":"https:\/\/www.pigrecoemme.com\/blog\/ex-allievi-di-pigrecoemme-che-danno-soddisfazioni\/","url_meta":{"origin":92,"position":3},"title":"Ex allievi di Pigrecoemme che danno soddisfazioni","author":"Giacomo Fabbrocino","date":"10 Ottobre 2008","format":false,"excerpt":"Un breve post per congratularci con alcuni dei nostri pi\u00f9 brillanti ex allievi. Congratulazioni a Roberta Frascati che, dopo aver seguito il corso di recitazione condotto da Angelo Serio, determinata e decisa a fare l'attrice \u00e8 stata ammessa con borsa di studio ai corsi di Carlo Merlo, ideatore del metodo\u2026","rel":"","context":"In &quot;Scuola di cinema&quot;","block_context":{"text":"Scuola di cinema","link":"https:\/\/www.pigrecoemme.com\/blog\/scuola-di-cinema\/"},"img":{"alt_text":"","src":"","width":0,"height":0},"classes":[]},{"id":108,"url":"https:\/\/www.pigrecoemme.com\/blog\/sabato-13-dicembre-cortometraggi-al-trip-di-via-martucci-napoli\/","url_meta":{"origin":92,"position":4},"title":"Sabato 13 dicembre cortometraggi al TRIP di Via Martucci, Napoli.","author":"Giacomo Fabbrocino","date":"5 Dicembre 2008","format":false,"excerpt":"Serata dedicata al mondo del cinema, con particolare riguardo alle produzioni indipendenti di cortometraggi, quella di sabato 13 dicembre 2008, al Trip. Ricco il programma dell'evento, organizzato dallo spazio di Via Martucci con la Scuola di cinema di Napoli Pigrecoemme, che parte alle ore 18,00 con un incontro-dibattito sul tema\u2026","rel":"","context":"In &quot;Eventi&quot;","block_context":{"text":"Eventi","link":"https:\/\/www.pigrecoemme.com\/blog\/eventi\/"},"img":{"alt_text":"","src":"https:\/\/i0.wp.com\/www.pigrecoemme.com\/blog\/wp-content\/uploads\/2008\/12\/locandinafilmfestivalen2008-205x300.jpg?resize=350%2C200","width":350,"height":200},"classes":[]},{"id":99,"url":"https:\/\/www.pigrecoemme.com\/blog\/rewind-a-spazio-libero\/","url_meta":{"origin":92,"position":5},"title":"Rewind a Spazio Libero","author":"Giacomo Fabbrocino","date":"30 Ottobre 2008","format":false,"excerpt":"Vi segnaliamo con piacere Rewind, da Eug\u00e8ne Ionesco, uno spettacolo diretto Da Antonio Piccolo e Giuseppe Cerrone. Quest'ultimo\u00a0 gi\u00e0 noto ai nostri amici ed ai lettori di questo blog per avere interpretato il padre di Damiano nel dibattuto (almeno qui sul blog) Corto \"Un passo indietro\". Alle Luci un altro\u2026","rel":"","context":"In &quot;Generale&quot;","block_context":{"text":"Generale","link":"https:\/\/www.pigrecoemme.com\/blog\/generale\/"},"img":{"alt_text":"","src":"","width":0,"height":0},"classes":[]}],"jetpack_featured_media_url":"","_links":{"self":[{"href":"https:\/\/www.pigrecoemme.com\/blog\/wp-json\/wp\/v2\/posts\/92","targetHints":{"allow":["GET"]}}],"collection":[{"href":"https:\/\/www.pigrecoemme.com\/blog\/wp-json\/wp\/v2\/posts"}],"about":[{"href":"https:\/\/www.pigrecoemme.com\/blog\/wp-json\/wp\/v2\/types\/post"}],"author":[{"embeddable":true,"href":"https:\/\/www.pigrecoemme.com\/blog\/wp-json\/wp\/v2\/users\/1"}],"replies":[{"embeddable":true,"href":"https:\/\/www.pigrecoemme.com\/blog\/wp-json\/wp\/v2\/comments?post=92"}],"version-history":[{"count":0,"href":"https:\/\/www.pigrecoemme.com\/blog\/wp-json\/wp\/v2\/posts\/92\/revisions"}],"wp:attachment":[{"href":"https:\/\/www.pigrecoemme.com\/blog\/wp-json\/wp\/v2\/media?parent=92"}],"wp:term":[{"taxonomy":"category","embeddable":true,"href":"https:\/\/www.pigrecoemme.com\/blog\/wp-json\/wp\/v2\/categories?post=92"},{"taxonomy":"post_tag","embeddable":true,"href":"https:\/\/www.pigrecoemme.com\/blog\/wp-json\/wp\/v2\/tags?post=92"}],"curies":[{"name":"wp","href":"https:\/\/api.w.org\/{rel}","templated":true}]}}