{"id":9,"date":"2007-10-06T16:03:58","date_gmt":"2007-10-06T14:03:58","guid":{"rendered":"http:\/\/www.pigrecoemme.com\/blog\/ex-allievi-di-pigrecoemme-al-lavoro\/"},"modified":"2015-01-09T00:51:53","modified_gmt":"2015-01-08T23:51:53","slug":"ex-allievi-di-pigrecoemme-al-lavoro","status":"publish","type":"post","link":"https:\/\/www.pigrecoemme.com\/blog\/ex-allievi-di-pigrecoemme-al-lavoro\/","title":{"rendered":"Ex allievi di Pigrecoemme al lavoro"},"content":{"rendered":"<p><img data-recalc-dims=\"1\" loading=\"lazy\" decoding=\"async\" src=\"https:\/\/i0.wp.com\/www.exibart.com\/profilo\/imgpost\/rev\/670\/rev45670%281%29.jpg?resize=180%2C120\" alt=\"un fotogramma del film\" style=\"float: left\" height=\"120\" width=\"180\" \/>Venerd\u00ec sera \u00e8 stato presentato al Madre il mediometraggio &#8220;<a href=\"http:\/\/napoli.repubblica.it\/multimedia\/home\/1190634\/1\/1\" title=\"Fotogallery su Repubblica.it\">Manuale per i viaggiatori<\/a>&#8220;, di Marinella Senatore: un&#8217;operazione di &#8220;arte pubblica&#8221;, secondo la definizione dell&#8217;autrice, che ha visto coinvolti pi\u00f9 di trecento attori dilettanti e che ha offerto il proprio set ai visitatori come un laboratorio aperto.  Morbidamente sospeso tra la videoarte, il cinema e, talvolta, il videoteatro, questo video (realizzato in digitale) intreccia tasselli biografici ricostruiti visivamente o raccontati da un coro ora in, ora fuori campo, per raccontare di un uomo e, apparentemente, di molti altri. Il mezzo digitale viene utliizzato in tutto il suo canone: split screen, ralenty (mi pare), suoni sovrapposti, montaggio elaborato con tendenza al balzo e alla verticalit\u00e0 di matrice eisensteiniana e ci\u00f2 che colpisce \u00e8 soprattutto la cura per la fotografia (Senatore \u00e8 stata allieva di <a href=\"http:\/\/it.wikipedia.org\/wiki\/Giuseppe_Rotunno\">Giuseppe Rotunno<\/a>).<br \/>\nProdotto dal Museo Madre e dall&#8217;Accademia di Belle Arti di Napoli, curato da Gigiotto Del Vecchio e dalla nostra vecchia conoscenza Stefania Palumbo, &#8220;Manuale per i viaggiatori&#8221; ha visto coinvolti, tra i &#8220;tecnici&#8221;, i due nostri ex allievi  Rosanna Loffredo e Stefano Ferraro e sar\u00e0 visibile al Madre fino al 3 dicembre.<\/p>\n","protected":false},"excerpt":{"rendered":"<p>Venerd\u00ec sera \u00e8 stato presentato al Madre il mediometraggio &#8220;Manuale per i viaggiatori&#8220;, di Marinella Senatore: un&#8217;operazione di &#8220;arte pubblica&#8221;, secondo la definizione dell&#8217;autrice, che ha visto coinvolti pi\u00f9 di trecento attori dilettanti e&hellip;<\/p>\n","protected":false},"author":1,"featured_media":0,"comment_status":"open","ping_status":"open","sticky":false,"template":"","format":"standard","meta":{"_jetpack_newsletter_access":"","_jetpack_dont_email_post_to_subs":false,"_jetpack_newsletter_tier_id":0,"_jetpack_memberships_contains_paywalled_content":false,"_jetpack_feature_clip_id":0,"_jetpack_memberships_contains_paid_content":false,"footnotes":"","jetpack_post_was_ever_published":false},"categories":[1,3],"tags":[27,25,31,24],"class_list":["post-9","post","type-post","status-publish","format-standard","hentry","category-generale","category-scuola-di-cinema","tag-ex-allievi-di-pigrecoemme","tag-madre","tag-manuale-per-viaggiatori","tag-marinella-senatore"],"yoast_head":"<!-- This site is optimized with the Yoast SEO plugin v28.4 - https:\/\/yoast.com\/product\/yoast-seo-wordpress\/ -->\n<title>Ex allievi di Pigrecoemme al lavoro<\/title>\n<meta name=\"robots\" content=\"index, follow, max-snippet:-1, max-image-preview:large, max-video-preview:-1\" \/>\n<link rel=\"canonical\" href=\"https:\/\/www.pigrecoemme.com\/blog\/ex-allievi-di-pigrecoemme-al-lavoro\/\" \/>\n<meta property=\"og:locale\" content=\"it_IT\" \/>\n<meta property=\"og:type\" content=\"article\" \/>\n<meta property=\"og:title\" content=\"Ex allievi di Pigrecoemme al lavoro\" \/>\n<meta property=\"og:description\" content=\"Venerd\u00ec sera \u00e8 stato presentato al Madre il mediometraggio &#8220;Manuale per i viaggiatori&#8220;, di Marinella Senatore: un&#8217;operazione di &#8220;arte pubblica&#8221;, secondo la definizione dell&#8217;autrice, che ha visto coinvolti pi\u00f9 di trecento attori dilettanti e&hellip;\" \/>\n<meta property=\"og:url\" content=\"https:\/\/www.pigrecoemme.com\/blog\/ex-allievi-di-pigrecoemme-al-lavoro\/\" \/>\n<meta property=\"og:site_name\" content=\"Scuola di Cinema Pigrecoemme - Blog\" \/>\n<meta property=\"article:publisher\" content=\"https:\/\/www.facebook.com\/pigrecoemme\" \/>\n<meta property=\"article:author\" content=\"https:\/\/www.facebook.com\/giacomo.fabbrocino\" \/>\n<meta property=\"article:published_time\" content=\"2007-10-06T14:03:58+00:00\" \/>\n<meta property=\"article:modified_time\" content=\"2015-01-08T23:51:53+00:00\" \/>\n<meta property=\"og:image\" content=\"http:\/\/www.exibart.com\/profilo\/imgpost\/rev\/670\/rev45670(1).jpg\" \/>\n<meta name=\"author\" content=\"Giacomo Fabbrocino\" \/>\n<meta name=\"twitter:card\" content=\"summary_large_image\" \/>\n<meta name=\"twitter:creator\" content=\"@Pigrecoemme\" \/>\n<meta name=\"twitter:site\" content=\"@Pigrecoemme\" \/>\n<meta name=\"twitter:label1\" content=\"Scritto da\" \/>\n\t<meta name=\"twitter:data1\" content=\"Giacomo Fabbrocino\" \/>\n\t<meta name=\"twitter:label2\" content=\"Tempo di lettura stimato\" \/>\n\t<meta name=\"twitter:data2\" content=\"1 minuto\" \/>\n<script type=\"application\/ld+json\" class=\"yoast-schema-graph\">{\"@context\":\"https:\\\/\\\/schema.org\",\"@graph\":[{\"@type\":[\"Article\",\"BlogPosting\"],\"@id\":\"https:\\\/\\\/www.pigrecoemme.com\\\/blog\\\/ex-allievi-di-pigrecoemme-al-lavoro\\\/#article\",\"isPartOf\":{\"@id\":\"https:\\\/\\\/www.pigrecoemme.com\\\/blog\\\/ex-allievi-di-pigrecoemme-al-lavoro\\\/\"},\"author\":{\"name\":\"Giacomo Fabbrocino\",\"@id\":\"https:\\\/\\\/www.pigrecoemme.com\\\/blog\\\/#\\\/schema\\\/person\\\/57fa822c3d209d3a2612fd0411ae63f4\"},\"headline\":\"Ex allievi di Pigrecoemme al lavoro\",\"datePublished\":\"2007-10-06T14:03:58+00:00\",\"dateModified\":\"2015-01-08T23:51:53+00:00\",\"mainEntityOfPage\":{\"@id\":\"https:\\\/\\\/www.pigrecoemme.com\\\/blog\\\/ex-allievi-di-pigrecoemme-al-lavoro\\\/\"},\"wordCount\":191,\"commentCount\":0,\"publisher\":{\"@id\":\"https:\\\/\\\/www.pigrecoemme.com\\\/blog\\\/#organization\"},\"image\":{\"@id\":\"https:\\\/\\\/www.pigrecoemme.com\\\/blog\\\/ex-allievi-di-pigrecoemme-al-lavoro\\\/#primaryimage\"},\"thumbnailUrl\":\"http:\\\/\\\/www.exibart.com\\\/profilo\\\/imgpost\\\/rev\\\/670\\\/rev45670(1).jpg\",\"keywords\":[\"ex allievi di pigrecoemme\",\"madre\",\"manuale per viaggiatori\",\"marinella senatore\"],\"articleSection\":[\"Generale\",\"Scuola di cinema\"],\"inLanguage\":\"it-IT\",\"potentialAction\":[{\"@type\":\"CommentAction\",\"name\":\"Comment\",\"target\":[\"https:\\\/\\\/www.pigrecoemme.com\\\/blog\\\/ex-allievi-di-pigrecoemme-al-lavoro\\\/#respond\"]}]},{\"@type\":\"WebPage\",\"@id\":\"https:\\\/\\\/www.pigrecoemme.com\\\/blog\\\/ex-allievi-di-pigrecoemme-al-lavoro\\\/\",\"url\":\"https:\\\/\\\/www.pigrecoemme.com\\\/blog\\\/ex-allievi-di-pigrecoemme-al-lavoro\\\/\",\"name\":\"Ex allievi di Pigrecoemme al lavoro\",\"isPartOf\":{\"@id\":\"https:\\\/\\\/www.pigrecoemme.com\\\/blog\\\/#website\"},\"primaryImageOfPage\":{\"@id\":\"https:\\\/\\\/www.pigrecoemme.com\\\/blog\\\/ex-allievi-di-pigrecoemme-al-lavoro\\\/#primaryimage\"},\"image\":{\"@id\":\"https:\\\/\\\/www.pigrecoemme.com\\\/blog\\\/ex-allievi-di-pigrecoemme-al-lavoro\\\/#primaryimage\"},\"thumbnailUrl\":\"http:\\\/\\\/www.exibart.com\\\/profilo\\\/imgpost\\\/rev\\\/670\\\/rev45670(1).jpg\",\"datePublished\":\"2007-10-06T14:03:58+00:00\",\"dateModified\":\"2015-01-08T23:51:53+00:00\",\"breadcrumb\":{\"@id\":\"https:\\\/\\\/www.pigrecoemme.com\\\/blog\\\/ex-allievi-di-pigrecoemme-al-lavoro\\\/#breadcrumb\"},\"inLanguage\":\"it-IT\",\"potentialAction\":[{\"@type\":\"ReadAction\",\"target\":[\"https:\\\/\\\/www.pigrecoemme.com\\\/blog\\\/ex-allievi-di-pigrecoemme-al-lavoro\\\/\"]}]},{\"@type\":\"ImageObject\",\"inLanguage\":\"it-IT\",\"@id\":\"https:\\\/\\\/www.pigrecoemme.com\\\/blog\\\/ex-allievi-di-pigrecoemme-al-lavoro\\\/#primaryimage\",\"url\":\"http:\\\/\\\/www.exibart.com\\\/profilo\\\/imgpost\\\/rev\\\/670\\\/rev45670(1).jpg\",\"contentUrl\":\"http:\\\/\\\/www.exibart.com\\\/profilo\\\/imgpost\\\/rev\\\/670\\\/rev45670(1).jpg\"},{\"@type\":\"BreadcrumbList\",\"@id\":\"https:\\\/\\\/www.pigrecoemme.com\\\/blog\\\/ex-allievi-di-pigrecoemme-al-lavoro\\\/#breadcrumb\",\"itemListElement\":[{\"@type\":\"ListItem\",\"position\":1,\"name\":\"Home\",\"item\":\"https:\\\/\\\/www.pigrecoemme.com\\\/blog\\\/\"},{\"@type\":\"ListItem\",\"position\":2,\"name\":\"Ex allievi di Pigrecoemme al lavoro\"}]},{\"@type\":\"WebSite\",\"@id\":\"https:\\\/\\\/www.pigrecoemme.com\\\/blog\\\/#website\",\"url\":\"https:\\\/\\\/www.pigrecoemme.com\\\/blog\\\/\",\"name\":\"Scuola di Cinema Pigrecoemme - Blog\",\"description\":\"Siamo la prima Scuola di Cinema e Fotografia di Napoli\",\"publisher\":{\"@id\":\"https:\\\/\\\/www.pigrecoemme.com\\\/blog\\\/#organization\"},\"potentialAction\":[{\"@type\":\"SearchAction\",\"target\":{\"@type\":\"EntryPoint\",\"urlTemplate\":\"https:\\\/\\\/www.pigrecoemme.com\\\/blog\\\/?s={search_term_string}\"},\"query-input\":{\"@type\":\"PropertyValueSpecification\",\"valueRequired\":true,\"valueName\":\"search_term_string\"}}],\"inLanguage\":\"it-IT\"},{\"@type\":\"Organization\",\"@id\":\"https:\\\/\\\/www.pigrecoemme.com\\\/blog\\\/#organization\",\"name\":\"Scuola di cinema e fotografia Pigrecoemme\",\"url\":\"https:\\\/\\\/www.pigrecoemme.com\\\/blog\\\/\",\"logo\":{\"@type\":\"ImageObject\",\"inLanguage\":\"it-IT\",\"@id\":\"https:\\\/\\\/www.pigrecoemme.com\\\/blog\\\/#\\\/schema\\\/logo\\\/image\\\/\",\"url\":\"https:\\\/\\\/i0.wp.com\\\/www.pigrecoemme.com\\\/blog\\\/wp-content\\\/uploads\\\/2018\\\/06\\\/logo-pigrecoemme-2018.png?fit=500%2C500&ssl=1\",\"contentUrl\":\"https:\\\/\\\/i0.wp.com\\\/www.pigrecoemme.com\\\/blog\\\/wp-content\\\/uploads\\\/2018\\\/06\\\/logo-pigrecoemme-2018.png?fit=500%2C500&ssl=1\",\"width\":500,\"height\":500,\"caption\":\"Scuola di cinema e fotografia Pigrecoemme\"},\"image\":{\"@id\":\"https:\\\/\\\/www.pigrecoemme.com\\\/blog\\\/#\\\/schema\\\/logo\\\/image\\\/\"},\"sameAs\":[\"https:\\\/\\\/www.facebook.com\\\/pigrecoemme\",\"https:\\\/\\\/x.com\\\/Pigrecoemme\",\"https:\\\/\\\/www.instagram.com\\\/pigrecoemme\\\/\",\"https:\\\/\\\/www.linkedin.com\\\/company\\\/pigrecoemme\\\/\",\"https:\\\/\\\/www.youtube.com\\\/pigrecoemme\"]},{\"@type\":\"Person\",\"@id\":\"https:\\\/\\\/www.pigrecoemme.com\\\/blog\\\/#\\\/schema\\\/person\\\/57fa822c3d209d3a2612fd0411ae63f4\",\"name\":\"Giacomo Fabbrocino\",\"image\":{\"@type\":\"ImageObject\",\"inLanguage\":\"it-IT\",\"@id\":\"https:\\\/\\\/secure.gravatar.com\\\/avatar\\\/0e4dfd4d05c06a03fffaffeb36fb181415ba11b91a6b566fa2e8ada75927db32?s=96&r=g\",\"url\":\"https:\\\/\\\/secure.gravatar.com\\\/avatar\\\/0e4dfd4d05c06a03fffaffeb36fb181415ba11b91a6b566fa2e8ada75927db32?s=96&r=g\",\"contentUrl\":\"https:\\\/\\\/secure.gravatar.com\\\/avatar\\\/0e4dfd4d05c06a03fffaffeb36fb181415ba11b91a6b566fa2e8ada75927db32?s=96&r=g\",\"caption\":\"Giacomo Fabbrocino\"},\"description\":\"Montatore cinematografico, autore di documentari sull'arte e di video d'artista, Giacomo \u00e8 responsabile della didattica e della comunicazione web della Scuola di Cinema, Fotografia e Televisione Pigrecoemme di Napoli.\",\"sameAs\":[\"http:\\\/\\\/www.pigrecoemme.com\\\/\",\"https:\\\/\\\/www.facebook.com\\\/giacomo.fabbrocino\"],\"url\":\"https:\\\/\\\/www.pigrecoemme.com\\\/blog\\\/author\\\/giacomo-fabbrocino\\\/\"}]}<\/script>\n<!-- \/ Yoast SEO plugin. -->","yoast_head_json":{"title":"Ex allievi di Pigrecoemme al lavoro","robots":{"index":"index","follow":"follow","max-snippet":"max-snippet:-1","max-image-preview":"max-image-preview:large","max-video-preview":"max-video-preview:-1"},"canonical":"https:\/\/www.pigrecoemme.com\/blog\/ex-allievi-di-pigrecoemme-al-lavoro\/","og_locale":"it_IT","og_type":"article","og_title":"Ex allievi di Pigrecoemme al lavoro","og_description":"Venerd\u00ec sera \u00e8 stato presentato al Madre il mediometraggio &#8220;Manuale per i viaggiatori&#8220;, di Marinella Senatore: un&#8217;operazione di &#8220;arte pubblica&#8221;, secondo la definizione dell&#8217;autrice, che ha visto coinvolti pi\u00f9 di trecento attori dilettanti e&hellip;","og_url":"https:\/\/www.pigrecoemme.com\/blog\/ex-allievi-di-pigrecoemme-al-lavoro\/","og_site_name":"Scuola di Cinema Pigrecoemme - Blog","article_publisher":"https:\/\/www.facebook.com\/pigrecoemme","article_author":"https:\/\/www.facebook.com\/giacomo.fabbrocino","article_published_time":"2007-10-06T14:03:58+00:00","article_modified_time":"2015-01-08T23:51:53+00:00","og_image":[{"url":"http:\/\/www.exibart.com\/profilo\/imgpost\/rev\/670\/rev45670(1).jpg","type":"","width":"","height":""}],"author":"Giacomo Fabbrocino","twitter_card":"summary_large_image","twitter_creator":"@Pigrecoemme","twitter_site":"@Pigrecoemme","twitter_misc":{"Scritto da":"Giacomo Fabbrocino","Tempo di lettura stimato":"1 minuto"},"schema":{"@context":"https:\/\/schema.org","@graph":[{"@type":["Article","BlogPosting"],"@id":"https:\/\/www.pigrecoemme.com\/blog\/ex-allievi-di-pigrecoemme-al-lavoro\/#article","isPartOf":{"@id":"https:\/\/www.pigrecoemme.com\/blog\/ex-allievi-di-pigrecoemme-al-lavoro\/"},"author":{"name":"Giacomo Fabbrocino","@id":"https:\/\/www.pigrecoemme.com\/blog\/#\/schema\/person\/57fa822c3d209d3a2612fd0411ae63f4"},"headline":"Ex allievi di Pigrecoemme al lavoro","datePublished":"2007-10-06T14:03:58+00:00","dateModified":"2015-01-08T23:51:53+00:00","mainEntityOfPage":{"@id":"https:\/\/www.pigrecoemme.com\/blog\/ex-allievi-di-pigrecoemme-al-lavoro\/"},"wordCount":191,"commentCount":0,"publisher":{"@id":"https:\/\/www.pigrecoemme.com\/blog\/#organization"},"image":{"@id":"https:\/\/www.pigrecoemme.com\/blog\/ex-allievi-di-pigrecoemme-al-lavoro\/#primaryimage"},"thumbnailUrl":"http:\/\/www.exibart.com\/profilo\/imgpost\/rev\/670\/rev45670(1).jpg","keywords":["ex allievi di pigrecoemme","madre","manuale per viaggiatori","marinella senatore"],"articleSection":["Generale","Scuola di cinema"],"inLanguage":"it-IT","potentialAction":[{"@type":"CommentAction","name":"Comment","target":["https:\/\/www.pigrecoemme.com\/blog\/ex-allievi-di-pigrecoemme-al-lavoro\/#respond"]}]},{"@type":"WebPage","@id":"https:\/\/www.pigrecoemme.com\/blog\/ex-allievi-di-pigrecoemme-al-lavoro\/","url":"https:\/\/www.pigrecoemme.com\/blog\/ex-allievi-di-pigrecoemme-al-lavoro\/","name":"Ex allievi di Pigrecoemme al lavoro","isPartOf":{"@id":"https:\/\/www.pigrecoemme.com\/blog\/#website"},"primaryImageOfPage":{"@id":"https:\/\/www.pigrecoemme.com\/blog\/ex-allievi-di-pigrecoemme-al-lavoro\/#primaryimage"},"image":{"@id":"https:\/\/www.pigrecoemme.com\/blog\/ex-allievi-di-pigrecoemme-al-lavoro\/#primaryimage"},"thumbnailUrl":"http:\/\/www.exibart.com\/profilo\/imgpost\/rev\/670\/rev45670(1).jpg","datePublished":"2007-10-06T14:03:58+00:00","dateModified":"2015-01-08T23:51:53+00:00","breadcrumb":{"@id":"https:\/\/www.pigrecoemme.com\/blog\/ex-allievi-di-pigrecoemme-al-lavoro\/#breadcrumb"},"inLanguage":"it-IT","potentialAction":[{"@type":"ReadAction","target":["https:\/\/www.pigrecoemme.com\/blog\/ex-allievi-di-pigrecoemme-al-lavoro\/"]}]},{"@type":"ImageObject","inLanguage":"it-IT","@id":"https:\/\/www.pigrecoemme.com\/blog\/ex-allievi-di-pigrecoemme-al-lavoro\/#primaryimage","url":"http:\/\/www.exibart.com\/profilo\/imgpost\/rev\/670\/rev45670(1).jpg","contentUrl":"http:\/\/www.exibart.com\/profilo\/imgpost\/rev\/670\/rev45670(1).jpg"},{"@type":"BreadcrumbList","@id":"https:\/\/www.pigrecoemme.com\/blog\/ex-allievi-di-pigrecoemme-al-lavoro\/#breadcrumb","itemListElement":[{"@type":"ListItem","position":1,"name":"Home","item":"https:\/\/www.pigrecoemme.com\/blog\/"},{"@type":"ListItem","position":2,"name":"Ex allievi di Pigrecoemme al lavoro"}]},{"@type":"WebSite","@id":"https:\/\/www.pigrecoemme.com\/blog\/#website","url":"https:\/\/www.pigrecoemme.com\/blog\/","name":"Scuola di Cinema Pigrecoemme - Blog","description":"Siamo la prima Scuola di Cinema e Fotografia di Napoli","publisher":{"@id":"https:\/\/www.pigrecoemme.com\/blog\/#organization"},"potentialAction":[{"@type":"SearchAction","target":{"@type":"EntryPoint","urlTemplate":"https:\/\/www.pigrecoemme.com\/blog\/?s={search_term_string}"},"query-input":{"@type":"PropertyValueSpecification","valueRequired":true,"valueName":"search_term_string"}}],"inLanguage":"it-IT"},{"@type":"Organization","@id":"https:\/\/www.pigrecoemme.com\/blog\/#organization","name":"Scuola di cinema e fotografia Pigrecoemme","url":"https:\/\/www.pigrecoemme.com\/blog\/","logo":{"@type":"ImageObject","inLanguage":"it-IT","@id":"https:\/\/www.pigrecoemme.com\/blog\/#\/schema\/logo\/image\/","url":"https:\/\/i0.wp.com\/www.pigrecoemme.com\/blog\/wp-content\/uploads\/2018\/06\/logo-pigrecoemme-2018.png?fit=500%2C500&ssl=1","contentUrl":"https:\/\/i0.wp.com\/www.pigrecoemme.com\/blog\/wp-content\/uploads\/2018\/06\/logo-pigrecoemme-2018.png?fit=500%2C500&ssl=1","width":500,"height":500,"caption":"Scuola di cinema e fotografia Pigrecoemme"},"image":{"@id":"https:\/\/www.pigrecoemme.com\/blog\/#\/schema\/logo\/image\/"},"sameAs":["https:\/\/www.facebook.com\/pigrecoemme","https:\/\/x.com\/Pigrecoemme","https:\/\/www.instagram.com\/pigrecoemme\/","https:\/\/www.linkedin.com\/company\/pigrecoemme\/","https:\/\/www.youtube.com\/pigrecoemme"]},{"@type":"Person","@id":"https:\/\/www.pigrecoemme.com\/blog\/#\/schema\/person\/57fa822c3d209d3a2612fd0411ae63f4","name":"Giacomo Fabbrocino","image":{"@type":"ImageObject","inLanguage":"it-IT","@id":"https:\/\/secure.gravatar.com\/avatar\/0e4dfd4d05c06a03fffaffeb36fb181415ba11b91a6b566fa2e8ada75927db32?s=96&r=g","url":"https:\/\/secure.gravatar.com\/avatar\/0e4dfd4d05c06a03fffaffeb36fb181415ba11b91a6b566fa2e8ada75927db32?s=96&r=g","contentUrl":"https:\/\/secure.gravatar.com\/avatar\/0e4dfd4d05c06a03fffaffeb36fb181415ba11b91a6b566fa2e8ada75927db32?s=96&r=g","caption":"Giacomo Fabbrocino"},"description":"Montatore cinematografico, autore di documentari sull'arte e di video d'artista, Giacomo \u00e8 responsabile della didattica e della comunicazione web della Scuola di Cinema, Fotografia e Televisione Pigrecoemme di Napoli.","sameAs":["http:\/\/www.pigrecoemme.com\/","https:\/\/www.facebook.com\/giacomo.fabbrocino"],"url":"https:\/\/www.pigrecoemme.com\/blog\/author\/giacomo-fabbrocino\/"}]}},"jetpack_sharing_enabled":true,"jetpack_likes_enabled":true,"jetpack-related-posts":[{"id":431,"url":"https:\/\/www.pigrecoemme.com\/blog\/ex-allievi-di-pigrecoemme-che-ottengono-ottimi-risultati\/","url_meta":{"origin":9,"position":0},"title":"Ex allievi di Pigrecoemme che ottengono ottimi risultati!","author":"Giacomo Fabbrocino","date":"2 Novembre 2011","format":false,"excerpt":"Immodestamente dovremmo dire che ci siamo abituati, ma in realt\u00e0 siamo sempre contenti quando succede che i nostri ex allievi si distinguano. Di qualche giorno fa \u00e8 la notizia che Fulvio Sacco, che da noi ha studiato recitazione e che forse avete visto interpretare Gaetano in Satanism for Dummies, \u00e8\u2026","rel":"","context":"In &quot;Generale&quot;","block_context":{"text":"Generale","link":"https:\/\/www.pigrecoemme.com\/blog\/generale\/"},"img":{"alt_text":"Fulvio Sacco","src":"https:\/\/i0.wp.com\/www.pigrecoemme.com\/blog\/wp-content\/uploads\/2011\/11\/fulvuio-sacco-212x300.jpg?resize=350%2C200","width":350,"height":200},"classes":[]},{"id":2229,"url":"https:\/\/www.pigrecoemme.com\/blog\/i-nostri-allievi-al-napoli-film-festival-2018-e-un-docente-in-giuria\/","url_meta":{"origin":9,"position":1},"title":"I nostri allievi al Napoli Film Festival 2018 (e un docente in giuria)","author":"Pigrecoemme","date":"26 Settembre 2018","format":false,"excerpt":"Giunto ormai alla ventesima edizione, il Napoli Film Festival \u00e8 un evento centrale della vita culturale napoletana, oltre ad essere riconosciuto a livello nazionale come evento particolarmente attento alle forme sperimentali del cinema, al cortometraggio, al documentario e alle produzioni indipendenti.Anche quest'anno \u00e8 nutritissima la compagine di ex allievi della\u2026","rel":"","context":"In &quot;Generale&quot;","block_context":{"text":"Generale","link":"https:\/\/www.pigrecoemme.com\/blog\/generale\/"},"img":{"alt_text":"Napoli Film Festival 2018","src":"https:\/\/i0.wp.com\/www.pigrecoemme.com\/blog\/wp-content\/uploads\/2018\/09\/napoli-film-festival-2018.jpg?resize=350%2C200&ssl=1","width":350,"height":200,"srcset":"https:\/\/i0.wp.com\/www.pigrecoemme.com\/blog\/wp-content\/uploads\/2018\/09\/napoli-film-festival-2018.jpg?resize=350%2C200&ssl=1 1x, https:\/\/i0.wp.com\/www.pigrecoemme.com\/blog\/wp-content\/uploads\/2018\/09\/napoli-film-festival-2018.jpg?resize=525%2C300&ssl=1 1.5x, https:\/\/i0.wp.com\/www.pigrecoemme.com\/blog\/wp-content\/uploads\/2018\/09\/napoli-film-festival-2018.jpg?resize=700%2C400&ssl=1 2x"},"classes":[]},{"id":29,"url":"https:\/\/www.pigrecoemme.com\/blog\/constatazione-speculativa-sul-fatto-che-la-fotografia-tira\/","url_meta":{"origin":9,"position":2},"title":"Constatazione speculativa sul fatto che la fotografia tira.","author":"Giacomo Fabbrocino","date":"10 Gennaio 2008","format":false,"excerpt":"Attraverso il suo sito internet Pigrecoemme si \u00e8 sempre proposta principalmente come scuola di cinema (dal 2007 la dizione \u00e8 cambiata in \"Scuola di cinema e televisione\").\u00a0 Animata da un gruppo di lavoro giovane, la nostra struttura non ha mai potuto, n\u00e9 voluto,\u00a0 disinteressarsi all'impatto del digitale sui linguaggi visivi\u2026","rel":"","context":"In &quot;Generale&quot;","block_context":{"text":"Generale","link":"https:\/\/www.pigrecoemme.com\/blog\/generale\/"},"img":{"alt_text":"Corso di fotografia","src":"https:\/\/i0.wp.com\/www.pigrecoemme.com\/corso-fotografia\/corso-di-fotografia.png?resize=350%2C200","width":350,"height":200,"srcset":"https:\/\/i0.wp.com\/www.pigrecoemme.com\/corso-fotografia\/corso-di-fotografia.png?resize=350%2C200 1x, https:\/\/i0.wp.com\/www.pigrecoemme.com\/corso-fotografia\/corso-di-fotografia.png?resize=525%2C300 1.5x"},"classes":[]},{"id":1933,"url":"https:\/\/www.pigrecoemme.com\/blog\/cosa-dicono-di-noi-ex-allievi-pareri-pigrecoemme\/","url_meta":{"origin":9,"position":3},"title":"Cosa dicono di noi i nostri ex allievi","author":"Pigrecoemme","date":"7 Settembre 2017","format":false,"excerpt":"Siamo soliti, su questo blog, parlare delle nostre attivit\u00e0 con una corretta dose di entusiasmo, ma\u00a0con la modestia che \u00e8 giusto che una \"azienda\" adoperi quando si riferisce pubblicamente a se stessa. In genere usiamo il blog per pubblicizzare i nostri corsi, per proporre riflessioni sul cinema (con le nostre\u2026","rel":"","context":"In &quot;Generale&quot;","block_context":{"text":"Generale","link":"https:\/\/www.pigrecoemme.com\/blog\/generale\/"},"img":{"alt_text":"cosa dicono della pigrecoemme i nostri ex allievi?","src":"https:\/\/i0.wp.com\/www.pigrecoemme.com\/blog\/wp-content\/uploads\/2017\/09\/recensioni-sulla-pigrecoemme.jpg?resize=350%2C200&ssl=1","width":350,"height":200,"srcset":"https:\/\/i0.wp.com\/www.pigrecoemme.com\/blog\/wp-content\/uploads\/2017\/09\/recensioni-sulla-pigrecoemme.jpg?resize=350%2C200&ssl=1 1x, https:\/\/i0.wp.com\/www.pigrecoemme.com\/blog\/wp-content\/uploads\/2017\/09\/recensioni-sulla-pigrecoemme.jpg?resize=525%2C300&ssl=1 1.5x"},"classes":[]},{"id":190,"url":"https:\/\/www.pigrecoemme.com\/blog\/la-torta-di-pigrecoemme\/","url_meta":{"origin":9,"position":4},"title":"La Torta di Pigrecoemme","author":"Giacomo Fabbrocino","date":"19 Dicembre 2009","format":false,"excerpt":"Pigrecoemme ha avuto l'onore di avere dedicate due tesi, un tatuaggio, magliette e ora... anche una torta. Siamo contenti che tanti allievi ex e no ci vogliano cos\u00ec bene :) La Torta \u00e8 stata realizzata da \"le Torte di Fiorella\". Cercale su Facebook :) Ecco il link: http:\/\/www.facebook.com\/tortedifiorella","rel":"","context":"In &quot;Generale&quot;","block_context":{"text":"Generale","link":"https:\/\/www.pigrecoemme.com\/blog\/generale\/"},"img":{"alt_text":"","src":"","width":0,"height":0},"classes":[]},{"id":15,"url":"https:\/\/www.pigrecoemme.com\/blog\/ex-allievi-di-pigrecoemme-ancora\/","url_meta":{"origin":9,"position":5},"title":"Ex allievi di Pigrecoemme (ancora)","author":"Giacomo Fabbrocino","date":"17 Ottobre 2007","format":false,"excerpt":"Un breve post per fare i complimenti al nostro ex allievo Angelo Caliendo che oggi \u00e8 venuto a dirci che \u00e8 tra i sedici selezionati al seminario di ammissione del Centro Sperimentale di Cinematografia, sezione fotografia. Dai partecipanti a questo seminario saranno selezionati gli otto ammessi al corso triennale con\u2026","rel":"","context":"In &quot;Generale&quot;","block_context":{"text":"Generale","link":"https:\/\/www.pigrecoemme.com\/blog\/generale\/"},"img":{"alt_text":"","src":"","width":0,"height":0},"classes":[]}],"jetpack_featured_media_url":"","_links":{"self":[{"href":"https:\/\/www.pigrecoemme.com\/blog\/wp-json\/wp\/v2\/posts\/9","targetHints":{"allow":["GET"]}}],"collection":[{"href":"https:\/\/www.pigrecoemme.com\/blog\/wp-json\/wp\/v2\/posts"}],"about":[{"href":"https:\/\/www.pigrecoemme.com\/blog\/wp-json\/wp\/v2\/types\/post"}],"author":[{"embeddable":true,"href":"https:\/\/www.pigrecoemme.com\/blog\/wp-json\/wp\/v2\/users\/1"}],"replies":[{"embeddable":true,"href":"https:\/\/www.pigrecoemme.com\/blog\/wp-json\/wp\/v2\/comments?post=9"}],"version-history":[{"count":0,"href":"https:\/\/www.pigrecoemme.com\/blog\/wp-json\/wp\/v2\/posts\/9\/revisions"}],"wp:attachment":[{"href":"https:\/\/www.pigrecoemme.com\/blog\/wp-json\/wp\/v2\/media?parent=9"}],"wp:term":[{"taxonomy":"category","embeddable":true,"href":"https:\/\/www.pigrecoemme.com\/blog\/wp-json\/wp\/v2\/categories?post=9"},{"taxonomy":"post_tag","embeddable":true,"href":"https:\/\/www.pigrecoemme.com\/blog\/wp-json\/wp\/v2\/tags?post=9"}],"curies":[{"name":"wp","href":"https:\/\/api.w.org\/{rel}","templated":true}]}}