{"id":849,"date":"2014-09-16T15:02:47","date_gmt":"2014-09-16T13:02:47","guid":{"rendered":"http:\/\/www.pigrecoemme.com\/blog\/?p=849"},"modified":"2016-01-27T11:46:00","modified_gmt":"2016-01-27T10:46:00","slug":"il-brasile-in-lotta-durante-i-mondiali-di-calcio-alla-pigrecoemme-un-reportage-di-luigi-spera","status":"publish","type":"post","link":"https:\/\/www.pigrecoemme.com\/blog\/il-brasile-in-lotta-durante-i-mondiali-di-calcio-alla-pigrecoemme-un-reportage-di-luigi-spera\/","title":{"rendered":"Il Brasile in lotta durante i Mondiali di Calcio. Alla Pigrecoemme, un reportage di Luigi Spera"},"content":{"rendered":"<p style=\"text-align: center;\"><a href=\"https:\/\/i0.wp.com\/www.pigrecoemme.com\/blog\/wp-content\/uploads\/2014\/09\/luigi-spera.png?ssl=1\"><img data-recalc-dims=\"1\" loading=\"lazy\" decoding=\"async\" class=\"aligncenter size-full wp-image-1225\" src=\"https:\/\/i0.wp.com\/www.pigrecoemme.com\/blog\/wp-content\/uploads\/2014\/09\/luigi-spera.png?resize=715%2C265&#038;ssl=1\" alt=\"luigi-spera\" width=\"715\" height=\"265\" srcset=\"https:\/\/i0.wp.com\/www.pigrecoemme.com\/blog\/wp-content\/uploads\/2014\/09\/luigi-spera.png?w=715&amp;ssl=1 715w, https:\/\/i0.wp.com\/www.pigrecoemme.com\/blog\/wp-content\/uploads\/2014\/09\/luigi-spera.png?resize=300%2C111&amp;ssl=1 300w, https:\/\/i0.wp.com\/www.pigrecoemme.com\/blog\/wp-content\/uploads\/2014\/09\/luigi-spera.png?resize=500%2C185&amp;ssl=1 500w\" sizes=\"auto, (max-width: 715px) 100vw, 715px\" \/><\/a><\/p>\n<p><strong>Sabato 27 settembre<\/strong>, alle <strong>ore 11,30<\/strong>, nell\u2019ambito della rassegna <strong>Incontri fotografici<\/strong> della Scuola di cinema e fotografia Pigrecoemme di Napoli, il giornalista <strong><a href=\"http:\/\/www.ilfattoquotidiano.it\/blog\/luigispera\/\" target=\"_blank\">Luigi Spera<\/a><\/strong> presenta il reportage <strong>NOSSA COPA \u00c9 NA RUA<\/strong>. <strong>Il Brasile in lotta: l\u2019urlo delle piazze e delle favelas lontano dai riflettori della Coppa del Mondo di calcio<\/strong>.<\/p>\n<p>\u201cLa nostra Coppa del Mondo \u00e8 per strada\u201d, uno dei principali slogan dei manifestanti brasiliani nelle proteste sociali scoppiate in tutto il Paese prima e durante i Mondiali di calcio del 2014, diventa, grazie a Luigi Spera, un complesso ed emozionante viaggio attraverso l\u2019asfittica realt\u00e0 quotidiana e le indomabili aspirazioni a una vita migliore del popolo del Brasile, uno dei luoghi al mondo dove pi\u00f9 evidenti e drammatiche ci si mostrano le feroci contraddizioni della contemporaneit\u00e0 globalizzata.<\/p>\n<p>Spera ha seguito tutte le proteste e le manifestazioni in strada di quei giorni per raccontare, sperimentandola, la dura repressione della polizia. Ne \u00e8 nato un corposo <strong>portfolio fotografico<\/strong>, alcuni <strong>video documentari<\/strong> e un articolato <strong>web reportage<\/strong> che Pigrecoemme presenta, insieme a <strong>cinque scatti in bianco e nero<\/strong> esposti a parete, sabato 27 settembre alle 11,30 nella propria sede di Napoli, a Piazza Portanova, 11.<\/p>\n<p><a href=\"https:\/\/i0.wp.com\/www.pigrecoemme.com\/blog\/wp-content\/uploads\/2014\/09\/luigi-spera.jpg?ssl=1\"><img data-recalc-dims=\"1\" loading=\"lazy\" decoding=\"async\" class=\"alignleft size-full wp-image-1138\" src=\"https:\/\/i0.wp.com\/www.pigrecoemme.com\/blog\/wp-content\/uploads\/2014\/09\/luigi-spera.jpg?resize=720%2C479&#038;ssl=1\" alt=\"luigi spera\" width=\"720\" height=\"479\" srcset=\"https:\/\/i0.wp.com\/www.pigrecoemme.com\/blog\/wp-content\/uploads\/2014\/09\/luigi-spera.jpg?w=720&amp;ssl=1 720w, https:\/\/i0.wp.com\/www.pigrecoemme.com\/blog\/wp-content\/uploads\/2014\/09\/luigi-spera.jpg?resize=300%2C199&amp;ssl=1 300w, https:\/\/i0.wp.com\/www.pigrecoemme.com\/blog\/wp-content\/uploads\/2014\/09\/luigi-spera.jpg?resize=450%2C300&amp;ssl=1 450w\" sizes=\"auto, (max-width: 720px) 100vw, 720px\" \/><\/a><\/p>\n<h2>Modalit\u00e0 di partecipazione<\/h2>\n<p>L\u2019incontro, fino a esaurimento posti, \u00e8 a <strong>ingresso gratuito<\/strong> e sar\u00e0 presentato da <strong>Luca Sorbo<\/strong>, curatore dei corsi di <a href=\"http:\/\/www.pigrecoemme.com\/corso-fotografia\/corso-di-fotografia-2.htm\">Fotografia <\/a>e di <a href=\"http:\/\/www.pigrecoemme.com\/corso-fotografia\/corso-di-fotogiornalismo-reportage-napoli.htm\">Fotogiornalismo<\/a> della Pigrecoemme.<\/p>\n<p><strong>Prenotazioni e info<\/strong> al numero <strong>081 5635188<\/strong>.<!--more--><\/p>\n<h2>L\u2019autore<\/h2>\n<p>Luigi Spera, classe 1982, inizia a scrivere giovanissimo. Assunto dal quotidiano campano <a href=\"http:\/\/www.metropolisweb.it\/\">Metropolis<\/a>, diventa giornalista professionista a 25 anni. Nello stesso periodo collabora con alcune testate \u00a0nazionali tra cui <a href=\"http:\/\/www.ilmattino.it\/\">Il Mattino<\/a>, <a href=\"http:\/\/www.europaquotidiano.it\/\">Europa<\/a>, <a href=\"http:\/\/www.unita.it\/\">L\u2019Unit\u00e0<\/a> e il sito dell\u2019associazione antimafia <a href=\"http:\/\/www.libera.it\/flex\/cm\/pages\/ServeBLOB.php\/L\/IT\/IDPagina\/1\">Libera<\/a>.<\/p>\n<p>Dopo la laurea in Scienze Politiche alla Federico II di Napoli, segue un \u201cMaster in Giornalismo Internazionale\u201d presso l&#8217;Institute for Global Studies e, in seguito, consegue un diploma di specializzazione in \u201cInternational Security Studies\u201d. Accreditato presso lo Stato Maggiore della Difesa italiano, Spera ha poi avuto esperienze come giornalista \u2018embedded\u2019, tra cui quelle in Afghanistan e in Kosovo. Da freelance ha seguito gli sviluppi della crisi siriana a distanza e sul posto con un viaggio in Medio Oriente nel settembre 2013. Inoltre, \u00e8 stato autore e conduttore della trasmissione <strong>\u201cProiezioni Estere\u201d<\/strong>, quindicinale di politica estera in onda su<a href=\"http:\/\/www.radiosiani.com\/\"> Radio Siani<\/a> nella stagione 2013\/2014.<\/p>\n<p>Da diversi anni rivolge grande attenzione alla cultura e alla societ\u00e0 del <strong>Brasile<\/strong>, passione che lo porta a concentrarsi in maniera particolare sui fenomeni delle favelas, del crimine organizzato e delle politiche di sicurezza pubblica, da cui nasce un libro attualmente in cerca di un editore.<\/p>\n<p>Trasferitosi per alcuni mesi a Rio de Janeiro nel 2014, ha coperto per l\u2019intero periodo gli eventi legati al <strong>Mondiale di Calcio Brasil 2014<\/strong> con numerose inchieste, pubblicazioni di articoli, reportage, fotoreportage e videoreportage per raccontare la realt\u00e0 del Paese \u2018dietro\u2019 la coppa del mondo di calcio, pubblicati per le maggiori riviste giornali italiani.<\/p>\n<p>Come giornalista e fotoreporter freelance pubblica regolarmente con <a href=\"http:\/\/www.ilfattoquotidiano.it\/\">Il Fatto Quotidiano<\/a>, <a href=\"http:\/\/temi.repubblica.it\/limes\/\">Limes<\/a>, <a href=\"http:\/\/www.corriere.it\/\">Il Corriere della Sera,<\/a> <a href=\"http:\/\/www.reset.it\/la-rivista\">Reset<\/a>, <a href=\"http:\/\/www.huffingtonpost.it\/\">Huffington Post<\/a>, <a href=\"http:\/\/www.wired.it\/author\/lspera\/\">Wired<\/a>, <a href=\"http:\/\/www.linkiesta.it\/luigi-spera\/profilo\">Linkiesta<\/a> e\u00a0altre testate nazionali.<\/p>\n<p>Dal marzo 2014, Spera \u00e8 legato all\u2019agenzia fotogiornalistica <a href=\"http:\/\/www.controlucepix.com\/\">Controluce\/Afp<\/a>.<\/p>\n","protected":false},"excerpt":{"rendered":"<p>Sabato 27 settembre, alle ore 11,30, nell\u2019ambito della rassegna Incontri fotografici della Scuola di cinema e fotografia Pigrecoemme di Napoli, il giornalista Luigi Spera presenta il reportage NOSSA COPA \u00c9 NA RUA. Il Brasile&hellip;<\/p>\n","protected":false},"author":2,"featured_media":0,"comment_status":"open","ping_status":"open","sticky":false,"template":"","format":"standard","meta":{"_jetpack_newsletter_access":"","_jetpack_dont_email_post_to_subs":false,"_jetpack_newsletter_tier_id":0,"_jetpack_memberships_contains_paywalled_content":false,"_jetpack_feature_clip_id":0,"_jetpack_memberships_contains_paid_content":false,"footnotes":"","jetpack_post_was_ever_published":false},"categories":[11,21,1,1523,3,731],"tags":[74,1281,370,854,915,916,58],"class_list":["post-849","post","type-post","status-publish","format-standard","hentry","category-eventi","category-fotografia","category-generale","category-incontri-fotografici","category-scuola-di-cinema","category-segnalazioni","tag-corsi-di-fotografia","tag-eventi","tag-incontri-fotografici","tag-luigi-spera","tag-mondiali-brasile","tag-nossa-copa-e-na-rua","tag-pigrecoemme"],"yoast_head":"<!-- This site is optimized with the Yoast SEO plugin v28.3 - https:\/\/yoast.com\/product\/yoast-seo-wordpress\/ -->\n<title>Il Brasile in lotta durante i Mondiali di Calcio. Alla Pigrecoemme, un reportage di Luigi Spera<\/title>\n<meta name=\"robots\" content=\"index, follow, max-snippet:-1, max-image-preview:large, max-video-preview:-1\" \/>\n<link rel=\"canonical\" href=\"https:\/\/www.pigrecoemme.com\/blog\/il-brasile-in-lotta-durante-i-mondiali-di-calcio-alla-pigrecoemme-un-reportage-di-luigi-spera\/\" \/>\n<meta property=\"og:locale\" content=\"it_IT\" \/>\n<meta property=\"og:type\" content=\"article\" \/>\n<meta property=\"og:title\" content=\"Il Brasile in lotta durante i Mondiali di Calcio. Alla Pigrecoemme, un reportage di Luigi Spera\" \/>\n<meta property=\"og:description\" content=\"Scuola di Cinema, Televisione e Fotografia - Napoli\" \/>\n<meta property=\"og:url\" content=\"https:\/\/www.pigrecoemme.com\/blog\/il-brasile-in-lotta-durante-i-mondiali-di-calcio-alla-pigrecoemme-un-reportage-di-luigi-spera\/\" \/>\n<meta property=\"og:site_name\" content=\"Scuola di Cinema Pigrecoemme - Blog\" \/>\n<meta property=\"article:publisher\" content=\"https:\/\/www.facebook.com\/pigrecoemme\" \/>\n<meta property=\"article:author\" content=\"https:\/\/www.facebook.com\/corrado.morra1\" \/>\n<meta property=\"article:published_time\" content=\"2014-09-16T13:02:47+00:00\" \/>\n<meta property=\"article:modified_time\" content=\"2016-01-27T10:46:00+00:00\" \/>\n<meta property=\"og:image\" content=\"http:\/\/www.pigrecoemme.com\/blog\/wp-content\/uploads\/2014\/09\/luigi-spera.png\" \/>\n<meta name=\"author\" content=\"Corrado Morra\" \/>\n<meta name=\"twitter:card\" content=\"summary_large_image\" \/>\n<meta name=\"twitter:creator\" content=\"@Pigrecoemme\" \/>\n<meta name=\"twitter:site\" content=\"@Pigrecoemme\" \/>\n<meta name=\"twitter:label1\" content=\"Scritto da\" \/>\n\t<meta name=\"twitter:data1\" content=\"Corrado Morra\" \/>\n\t<meta name=\"twitter:label2\" content=\"Tempo di lettura stimato\" \/>\n\t<meta name=\"twitter:data2\" content=\"2 minuti\" \/>\n<script type=\"application\/ld+json\" class=\"yoast-schema-graph\">{\"@context\":\"https:\\\/\\\/schema.org\",\"@graph\":[{\"@type\":[\"Article\",\"BlogPosting\"],\"@id\":\"https:\\\/\\\/www.pigrecoemme.com\\\/blog\\\/il-brasile-in-lotta-durante-i-mondiali-di-calcio-alla-pigrecoemme-un-reportage-di-luigi-spera\\\/#article\",\"isPartOf\":{\"@id\":\"https:\\\/\\\/www.pigrecoemme.com\\\/blog\\\/il-brasile-in-lotta-durante-i-mondiali-di-calcio-alla-pigrecoemme-un-reportage-di-luigi-spera\\\/\"},\"author\":{\"name\":\"Corrado Morra\",\"@id\":\"https:\\\/\\\/www.pigrecoemme.com\\\/blog\\\/#\\\/schema\\\/person\\\/702764b5ecda4c2f34e82348789f649e\"},\"headline\":\"Il Brasile in lotta durante i Mondiali di Calcio. Alla Pigrecoemme, un reportage di Luigi Spera\",\"datePublished\":\"2014-09-16T13:02:47+00:00\",\"dateModified\":\"2016-01-27T10:46:00+00:00\",\"mainEntityOfPage\":{\"@id\":\"https:\\\/\\\/www.pigrecoemme.com\\\/blog\\\/il-brasile-in-lotta-durante-i-mondiali-di-calcio-alla-pigrecoemme-un-reportage-di-luigi-spera\\\/\"},\"wordCount\":511,\"commentCount\":0,\"publisher\":{\"@id\":\"https:\\\/\\\/www.pigrecoemme.com\\\/blog\\\/#organization\"},\"image\":{\"@id\":\"https:\\\/\\\/www.pigrecoemme.com\\\/blog\\\/il-brasile-in-lotta-durante-i-mondiali-di-calcio-alla-pigrecoemme-un-reportage-di-luigi-spera\\\/#primaryimage\"},\"thumbnailUrl\":\"http:\\\/\\\/www.pigrecoemme.com\\\/blog\\\/wp-content\\\/uploads\\\/2014\\\/09\\\/luigi-spera.png\",\"keywords\":[\"corsi di fotografia\",\"Eventi\",\"incontri fotografici\",\"Luigi Spera\",\"mondiali brasile\",\"nossa copa \u00e9 na rua\",\"pigrecoemme\"],\"articleSection\":[\"Eventi\",\"Fotografia\",\"Generale\",\"Incontri fotografici\",\"Scuola di cinema\",\"Segnalazioni\"],\"inLanguage\":\"it-IT\",\"potentialAction\":[{\"@type\":\"CommentAction\",\"name\":\"Comment\",\"target\":[\"https:\\\/\\\/www.pigrecoemme.com\\\/blog\\\/il-brasile-in-lotta-durante-i-mondiali-di-calcio-alla-pigrecoemme-un-reportage-di-luigi-spera\\\/#respond\"]}]},{\"@type\":\"WebPage\",\"@id\":\"https:\\\/\\\/www.pigrecoemme.com\\\/blog\\\/il-brasile-in-lotta-durante-i-mondiali-di-calcio-alla-pigrecoemme-un-reportage-di-luigi-spera\\\/\",\"url\":\"https:\\\/\\\/www.pigrecoemme.com\\\/blog\\\/il-brasile-in-lotta-durante-i-mondiali-di-calcio-alla-pigrecoemme-un-reportage-di-luigi-spera\\\/\",\"name\":\"Il Brasile in lotta durante i Mondiali di Calcio. Alla Pigrecoemme, un reportage di Luigi Spera\",\"isPartOf\":{\"@id\":\"https:\\\/\\\/www.pigrecoemme.com\\\/blog\\\/#website\"},\"primaryImageOfPage\":{\"@id\":\"https:\\\/\\\/www.pigrecoemme.com\\\/blog\\\/il-brasile-in-lotta-durante-i-mondiali-di-calcio-alla-pigrecoemme-un-reportage-di-luigi-spera\\\/#primaryimage\"},\"image\":{\"@id\":\"https:\\\/\\\/www.pigrecoemme.com\\\/blog\\\/il-brasile-in-lotta-durante-i-mondiali-di-calcio-alla-pigrecoemme-un-reportage-di-luigi-spera\\\/#primaryimage\"},\"thumbnailUrl\":\"http:\\\/\\\/www.pigrecoemme.com\\\/blog\\\/wp-content\\\/uploads\\\/2014\\\/09\\\/luigi-spera.png\",\"datePublished\":\"2014-09-16T13:02:47+00:00\",\"dateModified\":\"2016-01-27T10:46:00+00:00\",\"breadcrumb\":{\"@id\":\"https:\\\/\\\/www.pigrecoemme.com\\\/blog\\\/il-brasile-in-lotta-durante-i-mondiali-di-calcio-alla-pigrecoemme-un-reportage-di-luigi-spera\\\/#breadcrumb\"},\"inLanguage\":\"it-IT\",\"potentialAction\":[{\"@type\":\"ReadAction\",\"target\":[\"https:\\\/\\\/www.pigrecoemme.com\\\/blog\\\/il-brasile-in-lotta-durante-i-mondiali-di-calcio-alla-pigrecoemme-un-reportage-di-luigi-spera\\\/\"]}]},{\"@type\":\"ImageObject\",\"inLanguage\":\"it-IT\",\"@id\":\"https:\\\/\\\/www.pigrecoemme.com\\\/blog\\\/il-brasile-in-lotta-durante-i-mondiali-di-calcio-alla-pigrecoemme-un-reportage-di-luigi-spera\\\/#primaryimage\",\"url\":\"http:\\\/\\\/www.pigrecoemme.com\\\/blog\\\/wp-content\\\/uploads\\\/2014\\\/09\\\/luigi-spera.png\",\"contentUrl\":\"http:\\\/\\\/www.pigrecoemme.com\\\/blog\\\/wp-content\\\/uploads\\\/2014\\\/09\\\/luigi-spera.png\"},{\"@type\":\"BreadcrumbList\",\"@id\":\"https:\\\/\\\/www.pigrecoemme.com\\\/blog\\\/il-brasile-in-lotta-durante-i-mondiali-di-calcio-alla-pigrecoemme-un-reportage-di-luigi-spera\\\/#breadcrumb\",\"itemListElement\":[{\"@type\":\"ListItem\",\"position\":1,\"name\":\"Home\",\"item\":\"https:\\\/\\\/www.pigrecoemme.com\\\/blog\\\/\"},{\"@type\":\"ListItem\",\"position\":2,\"name\":\"Il Brasile in lotta durante i Mondiali di Calcio. Alla Pigrecoemme, un reportage di Luigi Spera\"}]},{\"@type\":\"WebSite\",\"@id\":\"https:\\\/\\\/www.pigrecoemme.com\\\/blog\\\/#website\",\"url\":\"https:\\\/\\\/www.pigrecoemme.com\\\/blog\\\/\",\"name\":\"Scuola di Cinema Pigrecoemme - Blog\",\"description\":\"Siamo la prima Scuola di Cinema e Fotografia di Napoli\",\"publisher\":{\"@id\":\"https:\\\/\\\/www.pigrecoemme.com\\\/blog\\\/#organization\"},\"potentialAction\":[{\"@type\":\"SearchAction\",\"target\":{\"@type\":\"EntryPoint\",\"urlTemplate\":\"https:\\\/\\\/www.pigrecoemme.com\\\/blog\\\/?s={search_term_string}\"},\"query-input\":{\"@type\":\"PropertyValueSpecification\",\"valueRequired\":true,\"valueName\":\"search_term_string\"}}],\"inLanguage\":\"it-IT\"},{\"@type\":\"Organization\",\"@id\":\"https:\\\/\\\/www.pigrecoemme.com\\\/blog\\\/#organization\",\"name\":\"Scuola di cinema e fotografia Pigrecoemme\",\"url\":\"https:\\\/\\\/www.pigrecoemme.com\\\/blog\\\/\",\"logo\":{\"@type\":\"ImageObject\",\"inLanguage\":\"it-IT\",\"@id\":\"https:\\\/\\\/www.pigrecoemme.com\\\/blog\\\/#\\\/schema\\\/logo\\\/image\\\/\",\"url\":\"https:\\\/\\\/i0.wp.com\\\/www.pigrecoemme.com\\\/blog\\\/wp-content\\\/uploads\\\/2018\\\/06\\\/logo-pigrecoemme-2018.png?fit=500%2C500&ssl=1\",\"contentUrl\":\"https:\\\/\\\/i0.wp.com\\\/www.pigrecoemme.com\\\/blog\\\/wp-content\\\/uploads\\\/2018\\\/06\\\/logo-pigrecoemme-2018.png?fit=500%2C500&ssl=1\",\"width\":500,\"height\":500,\"caption\":\"Scuola di cinema e fotografia Pigrecoemme\"},\"image\":{\"@id\":\"https:\\\/\\\/www.pigrecoemme.com\\\/blog\\\/#\\\/schema\\\/logo\\\/image\\\/\"},\"sameAs\":[\"https:\\\/\\\/www.facebook.com\\\/pigrecoemme\",\"https:\\\/\\\/x.com\\\/Pigrecoemme\",\"https:\\\/\\\/www.instagram.com\\\/pigrecoemme\\\/\",\"https:\\\/\\\/www.linkedin.com\\\/company\\\/pigrecoemme\\\/\",\"https:\\\/\\\/www.youtube.com\\\/pigrecoemme\"]},{\"@type\":\"Person\",\"@id\":\"https:\\\/\\\/www.pigrecoemme.com\\\/blog\\\/#\\\/schema\\\/person\\\/702764b5ecda4c2f34e82348789f649e\",\"name\":\"Corrado Morra\",\"image\":{\"@type\":\"ImageObject\",\"inLanguage\":\"it-IT\",\"@id\":\"https:\\\/\\\/secure.gravatar.com\\\/avatar\\\/f6ce2f6728fbdf920737112fe70682512808577befa2c9c7845c04a8449b8f03?s=96&r=g\",\"url\":\"https:\\\/\\\/secure.gravatar.com\\\/avatar\\\/f6ce2f6728fbdf920737112fe70682512808577befa2c9c7845c04a8449b8f03?s=96&r=g\",\"contentUrl\":\"https:\\\/\\\/secure.gravatar.com\\\/avatar\\\/f6ce2f6728fbdf920737112fe70682512808577befa2c9c7845c04a8449b8f03?s=96&r=g\",\"caption\":\"Corrado Morra\"},\"description\":\"Esperto di arti visive e di cinema, insegna Sceneggiatura alla Scuola di cinema Pigrecoemme di Napoli, di cui \u00e8 tra i fondatori.\",\"sameAs\":[\"http:\\\/\\\/www.pigrecoemme.com\\\/\",\"https:\\\/\\\/www.facebook.com\\\/corrado.morra1\"],\"url\":\"https:\\\/\\\/www.pigrecoemme.com\\\/blog\\\/author\\\/corrado-morra\\\/\"}]}<\/script>\n<!-- \/ Yoast SEO plugin. -->","yoast_head_json":{"title":"Il Brasile in lotta durante i Mondiali di Calcio. Alla Pigrecoemme, un reportage di Luigi Spera","robots":{"index":"index","follow":"follow","max-snippet":"max-snippet:-1","max-image-preview":"max-image-preview:large","max-video-preview":"max-video-preview:-1"},"canonical":"https:\/\/www.pigrecoemme.com\/blog\/il-brasile-in-lotta-durante-i-mondiali-di-calcio-alla-pigrecoemme-un-reportage-di-luigi-spera\/","og_locale":"it_IT","og_type":"article","og_title":"Il Brasile in lotta durante i Mondiali di Calcio. Alla Pigrecoemme, un reportage di Luigi Spera","og_description":"Scuola di Cinema, Televisione e Fotografia - Napoli","og_url":"https:\/\/www.pigrecoemme.com\/blog\/il-brasile-in-lotta-durante-i-mondiali-di-calcio-alla-pigrecoemme-un-reportage-di-luigi-spera\/","og_site_name":"Scuola di Cinema Pigrecoemme - Blog","article_publisher":"https:\/\/www.facebook.com\/pigrecoemme","article_author":"https:\/\/www.facebook.com\/corrado.morra1","article_published_time":"2014-09-16T13:02:47+00:00","article_modified_time":"2016-01-27T10:46:00+00:00","og_image":[{"url":"http:\/\/www.pigrecoemme.com\/blog\/wp-content\/uploads\/2014\/09\/luigi-spera.png","type":"","width":"","height":""}],"author":"Corrado Morra","twitter_card":"summary_large_image","twitter_creator":"@Pigrecoemme","twitter_site":"@Pigrecoemme","twitter_misc":{"Scritto da":"Corrado Morra","Tempo di lettura stimato":"2 minuti"},"schema":{"@context":"https:\/\/schema.org","@graph":[{"@type":["Article","BlogPosting"],"@id":"https:\/\/www.pigrecoemme.com\/blog\/il-brasile-in-lotta-durante-i-mondiali-di-calcio-alla-pigrecoemme-un-reportage-di-luigi-spera\/#article","isPartOf":{"@id":"https:\/\/www.pigrecoemme.com\/blog\/il-brasile-in-lotta-durante-i-mondiali-di-calcio-alla-pigrecoemme-un-reportage-di-luigi-spera\/"},"author":{"name":"Corrado Morra","@id":"https:\/\/www.pigrecoemme.com\/blog\/#\/schema\/person\/702764b5ecda4c2f34e82348789f649e"},"headline":"Il Brasile in lotta durante i Mondiali di Calcio. Alla Pigrecoemme, un reportage di Luigi Spera","datePublished":"2014-09-16T13:02:47+00:00","dateModified":"2016-01-27T10:46:00+00:00","mainEntityOfPage":{"@id":"https:\/\/www.pigrecoemme.com\/blog\/il-brasile-in-lotta-durante-i-mondiali-di-calcio-alla-pigrecoemme-un-reportage-di-luigi-spera\/"},"wordCount":511,"commentCount":0,"publisher":{"@id":"https:\/\/www.pigrecoemme.com\/blog\/#organization"},"image":{"@id":"https:\/\/www.pigrecoemme.com\/blog\/il-brasile-in-lotta-durante-i-mondiali-di-calcio-alla-pigrecoemme-un-reportage-di-luigi-spera\/#primaryimage"},"thumbnailUrl":"http:\/\/www.pigrecoemme.com\/blog\/wp-content\/uploads\/2014\/09\/luigi-spera.png","keywords":["corsi di fotografia","Eventi","incontri fotografici","Luigi Spera","mondiali brasile","nossa copa \u00e9 na rua","pigrecoemme"],"articleSection":["Eventi","Fotografia","Generale","Incontri fotografici","Scuola di cinema","Segnalazioni"],"inLanguage":"it-IT","potentialAction":[{"@type":"CommentAction","name":"Comment","target":["https:\/\/www.pigrecoemme.com\/blog\/il-brasile-in-lotta-durante-i-mondiali-di-calcio-alla-pigrecoemme-un-reportage-di-luigi-spera\/#respond"]}]},{"@type":"WebPage","@id":"https:\/\/www.pigrecoemme.com\/blog\/il-brasile-in-lotta-durante-i-mondiali-di-calcio-alla-pigrecoemme-un-reportage-di-luigi-spera\/","url":"https:\/\/www.pigrecoemme.com\/blog\/il-brasile-in-lotta-durante-i-mondiali-di-calcio-alla-pigrecoemme-un-reportage-di-luigi-spera\/","name":"Il Brasile in lotta durante i Mondiali di Calcio. Alla Pigrecoemme, un reportage di Luigi Spera","isPartOf":{"@id":"https:\/\/www.pigrecoemme.com\/blog\/#website"},"primaryImageOfPage":{"@id":"https:\/\/www.pigrecoemme.com\/blog\/il-brasile-in-lotta-durante-i-mondiali-di-calcio-alla-pigrecoemme-un-reportage-di-luigi-spera\/#primaryimage"},"image":{"@id":"https:\/\/www.pigrecoemme.com\/blog\/il-brasile-in-lotta-durante-i-mondiali-di-calcio-alla-pigrecoemme-un-reportage-di-luigi-spera\/#primaryimage"},"thumbnailUrl":"http:\/\/www.pigrecoemme.com\/blog\/wp-content\/uploads\/2014\/09\/luigi-spera.png","datePublished":"2014-09-16T13:02:47+00:00","dateModified":"2016-01-27T10:46:00+00:00","breadcrumb":{"@id":"https:\/\/www.pigrecoemme.com\/blog\/il-brasile-in-lotta-durante-i-mondiali-di-calcio-alla-pigrecoemme-un-reportage-di-luigi-spera\/#breadcrumb"},"inLanguage":"it-IT","potentialAction":[{"@type":"ReadAction","target":["https:\/\/www.pigrecoemme.com\/blog\/il-brasile-in-lotta-durante-i-mondiali-di-calcio-alla-pigrecoemme-un-reportage-di-luigi-spera\/"]}]},{"@type":"ImageObject","inLanguage":"it-IT","@id":"https:\/\/www.pigrecoemme.com\/blog\/il-brasile-in-lotta-durante-i-mondiali-di-calcio-alla-pigrecoemme-un-reportage-di-luigi-spera\/#primaryimage","url":"http:\/\/www.pigrecoemme.com\/blog\/wp-content\/uploads\/2014\/09\/luigi-spera.png","contentUrl":"http:\/\/www.pigrecoemme.com\/blog\/wp-content\/uploads\/2014\/09\/luigi-spera.png"},{"@type":"BreadcrumbList","@id":"https:\/\/www.pigrecoemme.com\/blog\/il-brasile-in-lotta-durante-i-mondiali-di-calcio-alla-pigrecoemme-un-reportage-di-luigi-spera\/#breadcrumb","itemListElement":[{"@type":"ListItem","position":1,"name":"Home","item":"https:\/\/www.pigrecoemme.com\/blog\/"},{"@type":"ListItem","position":2,"name":"Il Brasile in lotta durante i Mondiali di Calcio. Alla Pigrecoemme, un reportage di Luigi Spera"}]},{"@type":"WebSite","@id":"https:\/\/www.pigrecoemme.com\/blog\/#website","url":"https:\/\/www.pigrecoemme.com\/blog\/","name":"Scuola di Cinema Pigrecoemme - Blog","description":"Siamo la prima Scuola di Cinema e Fotografia di Napoli","publisher":{"@id":"https:\/\/www.pigrecoemme.com\/blog\/#organization"},"potentialAction":[{"@type":"SearchAction","target":{"@type":"EntryPoint","urlTemplate":"https:\/\/www.pigrecoemme.com\/blog\/?s={search_term_string}"},"query-input":{"@type":"PropertyValueSpecification","valueRequired":true,"valueName":"search_term_string"}}],"inLanguage":"it-IT"},{"@type":"Organization","@id":"https:\/\/www.pigrecoemme.com\/blog\/#organization","name":"Scuola di cinema e fotografia Pigrecoemme","url":"https:\/\/www.pigrecoemme.com\/blog\/","logo":{"@type":"ImageObject","inLanguage":"it-IT","@id":"https:\/\/www.pigrecoemme.com\/blog\/#\/schema\/logo\/image\/","url":"https:\/\/i0.wp.com\/www.pigrecoemme.com\/blog\/wp-content\/uploads\/2018\/06\/logo-pigrecoemme-2018.png?fit=500%2C500&ssl=1","contentUrl":"https:\/\/i0.wp.com\/www.pigrecoemme.com\/blog\/wp-content\/uploads\/2018\/06\/logo-pigrecoemme-2018.png?fit=500%2C500&ssl=1","width":500,"height":500,"caption":"Scuola di cinema e fotografia Pigrecoemme"},"image":{"@id":"https:\/\/www.pigrecoemme.com\/blog\/#\/schema\/logo\/image\/"},"sameAs":["https:\/\/www.facebook.com\/pigrecoemme","https:\/\/x.com\/Pigrecoemme","https:\/\/www.instagram.com\/pigrecoemme\/","https:\/\/www.linkedin.com\/company\/pigrecoemme\/","https:\/\/www.youtube.com\/pigrecoemme"]},{"@type":"Person","@id":"https:\/\/www.pigrecoemme.com\/blog\/#\/schema\/person\/702764b5ecda4c2f34e82348789f649e","name":"Corrado Morra","image":{"@type":"ImageObject","inLanguage":"it-IT","@id":"https:\/\/secure.gravatar.com\/avatar\/f6ce2f6728fbdf920737112fe70682512808577befa2c9c7845c04a8449b8f03?s=96&r=g","url":"https:\/\/secure.gravatar.com\/avatar\/f6ce2f6728fbdf920737112fe70682512808577befa2c9c7845c04a8449b8f03?s=96&r=g","contentUrl":"https:\/\/secure.gravatar.com\/avatar\/f6ce2f6728fbdf920737112fe70682512808577befa2c9c7845c04a8449b8f03?s=96&r=g","caption":"Corrado Morra"},"description":"Esperto di arti visive e di cinema, insegna Sceneggiatura alla Scuola di cinema Pigrecoemme di Napoli, di cui \u00e8 tra i fondatori.","sameAs":["http:\/\/www.pigrecoemme.com\/","https:\/\/www.facebook.com\/corrado.morra1"],"url":"https:\/\/www.pigrecoemme.com\/blog\/author\/corrado-morra\/"}]}},"jetpack_sharing_enabled":true,"jetpack_likes_enabled":true,"jetpack-related-posts":[{"id":822,"url":"https:\/\/www.pigrecoemme.com\/blog\/incontri-fotografici-itaca\/","url_meta":{"origin":849,"position":0},"title":"Gli Incontri fotografici della Pigrecoemme approdano all&#8217;Itaca di Renato Orsini","author":"Corrado Morra","date":"26 Aprile 2014","format":false,"excerpt":"Mercoled\u00ec 30 aprile, dalle ore 17,00 alle 19,00, nell\u2019ambito della rassegna Incontri fotografici della Scuola di cinema e fotografia Pigrecoemme di Napoli, Renato Orsini presenta ITACA, il suo ultimo progetto fotografico, un viaggio emozionante in bianco e nero che, attraverso forti contrasti e una capacit\u00e0 sbalorditiva di scovare particolari epifanici,\u2026","rel":"","context":"In &quot;Eventi&quot;","block_context":{"text":"Eventi","link":"https:\/\/www.pigrecoemme.com\/blog\/eventi\/"},"img":{"alt_text":"","src":"https:\/\/i0.wp.com\/www.pigrecoemme.com\/blog\/wp-content\/uploads\/2014\/04\/renato-orsini.png?resize=350%2C200","width":350,"height":200},"classes":[]},{"id":783,"url":"https:\/\/www.pigrecoemme.com\/blog\/luigi-sorrentino\/","url_meta":{"origin":849,"position":1},"title":"Viaggio in un&#8217;umanit\u00e0 senza fine, il nuovo progetto fotografico di Luigi Sorrentino","author":"Corrado Morra","date":"21 Gennaio 2014","format":false,"excerpt":"Sabato 25 gennaio, dalle\u00a0ore 16,00 alle 18,00, il fotografo\u00a0Luigi Sorrentino ritorna alla Scuola di cinema e fotografia\u00a0Pigrecoemme di Napoli, per presentare il suo ultimo progetto,\u00a0Viaggio in un\u2019umanit\u00e0 senza fine, un racconto di grande potenza espressiva che, tra fotoreportage e video, si fa commovente testimonianza delle contraddizioni, del dolore, delle gioie\u2026","rel":"","context":"In &quot;Eventi&quot;","block_context":{"text":"Eventi","link":"https:\/\/www.pigrecoemme.com\/blog\/eventi\/"},"img":{"alt_text":"","src":"https:\/\/i0.wp.com\/www.pigrecoemme.com\/blog\/wp-content\/uploads\/2014\/01\/il-cairo.jpg?resize=350%2C200","width":350,"height":200},"classes":[]},{"id":755,"url":"https:\/\/www.pigrecoemme.com\/blog\/primi-scatti-studenti-di-fotografia-in-mostra\/","url_meta":{"origin":849,"position":2},"title":"Primi scatti. Studenti di Fotografia in mostra","author":"Corrado Morra","date":"8 Gennaio 2014","format":false,"excerpt":"Primi scatti, \u00e8 questo il titolo della prima di una serie di mostre che periodicamente esploreranno gli esordi e i primi approdi di ricerca di alcuni giovani fotografi campani. L'esposizione si terr\u00e0 negli spazi di Pigrecoemme, a Napoli in Piazza Portanova 11, dal 13 gennaio al 7 febbraio 2014 24\u2026","rel":"","context":"In &quot;Eventi&quot;","block_context":{"text":"Eventi","link":"https:\/\/www.pigrecoemme.com\/blog\/eventi\/"},"img":{"alt_text":"","src":"https:\/\/i0.wp.com\/www.pigrecoemme.com\/blog\/wp-content\/uploads\/2014\/01\/primi-scatti.png?resize=350%2C200","width":350,"height":200},"classes":[]},{"id":536,"url":"https:\/\/www.pigrecoemme.com\/blog\/alla-pigrecoemme-incontri-gratuiti-con-la-royal-photographic-society-e-l%e2%80%99agenzia-graffiti-di-roma\/","url_meta":{"origin":849,"position":3},"title":"Alla Pigrecoemme, incontri gratuiti con la Royal Photographic Society e l\u2019agenzia Graffiti di Roma","author":"Corrado Morra","date":"17 Settembre 2012","format":false,"excerpt":"Fine settembre all'insegna della Fotografia alla\u00a0Scuola di Cinema e Fotografia\u00a0Pigrecoemme\u00a0di Napoli, con un doppio, imperdibile evento:\u00a0sabato 29 settembre, alle\u00a0ore 16,00, nella sede della Scuola di\u00a0Piazza Portanova 11, ci sar\u00e0 un incontro con\u00a0Olivio Argenti, presidente del\u00a0CIRPS - Capitolo italiano\u00a0della\u00a0Royal Photographic Society,\u00a0la\u00a0prima e pi\u00f9 importante associazione fotografica al mondo,\u00a0Durante la serata,\u00a0Luca Sorbo,\u00a0responsabile\u2026","rel":"","context":"In &quot;Eventi&quot;","block_context":{"text":"Eventi","link":"https:\/\/www.pigrecoemme.com\/blog\/eventi\/"},"img":{"alt_text":"","src":"https:\/\/i0.wp.com\/www.pigrecoemme.com\/blog\/wp-content\/uploads\/2012\/09\/rps-300x113.jpg?resize=350%2C200","width":350,"height":200},"classes":[]},{"id":1579,"url":"https:\/\/www.pigrecoemme.com\/blog\/superfici-sensibili-i-reportage-di-simona-izzo-e-federica-mingione\/","url_meta":{"origin":849,"position":4},"title":"Superfici Sensibili: i reportage di Simona Izzo e Federica Mingione","author":"Pigrecoemme","date":"7 Gennaio 2016","format":false,"excerpt":"Sabato 16 gennaio 2016, alle ore 16:00, nell\u2019ambito della rassegna Incontri fotografici, la Scuola di cinema e fotografia Pigrecoemme di Napoli presenta il lavoro di due giovani fotografe: Simona Izzo e Federica Mingione, la prima impegnata in un lavoro di investigazione sul corpo, la seconda alle prese con un emozionante\u2026","rel":"","context":"In &quot;Eventi&quot;","block_context":{"text":"Eventi","link":"https:\/\/www.pigrecoemme.com\/blog\/eventi\/"},"img":{"alt_text":"Foto di Federica Mingione","src":"https:\/\/i0.wp.com\/www.pigrecoemme.com\/blog\/wp-content\/uploads\/2016\/01\/federica-mingione-1.jpg?resize=350%2C200","width":350,"height":200,"srcset":"https:\/\/i0.wp.com\/www.pigrecoemme.com\/blog\/wp-content\/uploads\/2016\/01\/federica-mingione-1.jpg?resize=350%2C200 1x, https:\/\/i0.wp.com\/www.pigrecoemme.com\/blog\/wp-content\/uploads\/2016\/01\/federica-mingione-1.jpg?resize=525%2C300 1.5x, https:\/\/i0.wp.com\/www.pigrecoemme.com\/blog\/wp-content\/uploads\/2016\/01\/federica-mingione-1.jpg?resize=700%2C400 2x"},"classes":[]},{"id":691,"url":"https:\/\/www.pigrecoemme.com\/blog\/lezione-aperta-con-raffaela-mariniello\/","url_meta":{"origin":849,"position":5},"title":"Lezione aperta con Raffaela Mariniello: la fotografia artistica","author":"Giacomo Fabbrocino","date":"23 Settembre 2013","format":false,"excerpt":"Alla Scuola di cinema e fotografia Pigrecoemme riprendono gli incontri con i maestri della fotografia. Il prossimo venerd\u00ec 27 settembre \u00e8 di scena\u00a0RAFFAELA MARINIELLO in una lezione aperta sulla fotografia artistica. L'appuntamento Riprende, in occasione della ripresa dei corsi di Fotografia di Pigrecoemme, con un incontro con Raffaela Mariniello, la\u2026","rel":"","context":"In &quot;Eventi&quot;","block_context":{"text":"Eventi","link":"https:\/\/www.pigrecoemme.com\/blog\/eventi\/"},"img":{"alt_text":"","src":"https:\/\/i0.wp.com\/www.pigrecoemme.com\/blog\/wp-content\/uploads\/2013\/09\/mariniello-01.jpg?resize=350%2C200","width":350,"height":200},"classes":[]}],"jetpack_featured_media_url":"","_links":{"self":[{"href":"https:\/\/www.pigrecoemme.com\/blog\/wp-json\/wp\/v2\/posts\/849","targetHints":{"allow":["GET"]}}],"collection":[{"href":"https:\/\/www.pigrecoemme.com\/blog\/wp-json\/wp\/v2\/posts"}],"about":[{"href":"https:\/\/www.pigrecoemme.com\/blog\/wp-json\/wp\/v2\/types\/post"}],"author":[{"embeddable":true,"href":"https:\/\/www.pigrecoemme.com\/blog\/wp-json\/wp\/v2\/users\/2"}],"replies":[{"embeddable":true,"href":"https:\/\/www.pigrecoemme.com\/blog\/wp-json\/wp\/v2\/comments?post=849"}],"version-history":[{"count":0,"href":"https:\/\/www.pigrecoemme.com\/blog\/wp-json\/wp\/v2\/posts\/849\/revisions"}],"wp:attachment":[{"href":"https:\/\/www.pigrecoemme.com\/blog\/wp-json\/wp\/v2\/media?parent=849"}],"wp:term":[{"taxonomy":"category","embeddable":true,"href":"https:\/\/www.pigrecoemme.com\/blog\/wp-json\/wp\/v2\/categories?post=849"},{"taxonomy":"post_tag","embeddable":true,"href":"https:\/\/www.pigrecoemme.com\/blog\/wp-json\/wp\/v2\/tags?post=849"}],"curies":[{"name":"wp","href":"https:\/\/api.w.org\/{rel}","templated":true}]}}