{"id":848,"date":"2014-09-12T16:25:27","date_gmt":"2014-09-12T14:25:27","guid":{"rendered":"http:\/\/www.pigrecoemme.com\/blog\/?p=848"},"modified":"2014-09-15T11:34:57","modified_gmt":"2014-09-15T09:34:57","slug":"cinema-e-popular-music-alla-pigrecoemme-un-corso-gratuito-in-collaborazone-con-la-ficc","status":"publish","type":"post","link":"https:\/\/www.pigrecoemme.com\/blog\/cinema-e-popular-music-alla-pigrecoemme-un-corso-gratuito-in-collaborazone-con-la-ficc\/","title":{"rendered":"Cinema e Popular Music, alla Pigrecoemme un corso gratuito in collaborazone con la FICC"},"content":{"rendered":"<p style=\"text-align: center;\"><a href=\"https:\/\/i0.wp.com\/www.pigrecoemme.com\/corsi\/cinema-e-popular-music.gif\"><img data-recalc-dims=\"1\" loading=\"lazy\" decoding=\"async\" class=\"aligncenter\" title=\"CORSO DI CINEMA E POPULAR MUSIC\" src=\"https:\/\/i0.wp.com\/www.pigrecoemme.com\/corsi\/cinema-e-popular-music.gif?resize=504%2C259\" alt=\"\" width=\"504\" height=\"259\" \/><\/a><\/p>\n<p><strong>Cinema e Popular Music<\/strong> \u00e8 un percorso di studio curato da <strong>Vincenzo Esposito<\/strong> e organizzato dalla Scuola di Cinema <strong>Pigrecoemme <\/strong>in collaborazione con la <strong>FICC<\/strong> &#8211; Federazione Italiana dei Circoli del Cinema che parte <strong>luned\u00ec 29 settembre 2014<\/strong>.<\/p>\n<p>Il <strong>corso \u00e8 completamente gratuito<\/strong> ed \u00e8 organizzato in <strong>quattro appuntamenti in aula<\/strong>, a cura di Vincenzo Esposito, e <strong>quattro proiezioni<\/strong> introdotte da esperti di cinema, i cui titoli saranno comunicati ai corsisti durante la prima lezione.<\/p>\n<p>L\u2019obiettivo di questo modulo didattico \u00e8 quello di far conoscere ai partecipanti gli elementi costitutivi del legame tra cinema e rock \u2018n\u2019 roll, cardine della cultura pop contemporanea. Attraverso una metodologia che prevede lezioni frontali e partecipate, con l\u2019impiego di strumenti multimediali, s\u2019intende analizzare l\u2019argomento dal punto di vista estetico e ideologico, non tralasciando gli aspetti e gli effetti commerciali afferenti il rapporto tra screen media e popular music.<\/p>\n<h2>CALENDARIO DELLE LEZIONI E DELLE PROIEZIONI<\/h2>\n<p><strong>Lezione 1<\/strong> (a cura di Vincenzo Esposito) &#8211;\u00a0<em>Luned\u00ec 29 settembre 2014 h. 15-19<\/em><\/p>\n<ul>\n<li>Introduzione: cos\u2019\u00e8 la musica da film e come funziona?<\/li>\n<li>\u201cPopular\u201d vs \u201cSerious\u201d.<\/li>\n<li>Suoni e visioni, alla ricerca della sincronizzazione: i primi tentativi di combinare canzoni e immagini, dal pre-cinema all\u2019avvento del sonoro.<\/li>\n<li>Chanteuse r\u00e9aliste, la canzone nel cinema francese degli anni \u201930.<\/li>\n<li>Film e popular music nel cinema classico americano.<\/li>\n<li>Esplorazioni commerciali. Il caso Disney: Biancaneve e i sette nani, soundtrack available.<\/li>\n<li>Case Study 1. La canzone di repertorio: As Time Goes By (Herman Hupfeld, 1931) nel film Casablanca (Michael Curtiz, 1942).<\/li>\n<li>Case Study 2. La canzone originale: Que sera, sera (Whatever Will Be, Will Be) (Ray Evans\/Jay Livingstone, 1956) nel film L\u2019uomo che sapeva troppo (Alfred Hitchcock, 1956).<\/li>\n<li>Pausa caff\u00e8.<\/li>\n<li>Musical, music is all! Breve ricognizione di un genere (non solo) popular.<\/li>\n<li>Comparazioni. La canzone Singin\u2019 in the Rain (Arthur Freed, 1929) nel film Cantando sotto la pioggia (Stanley Donen e Gene Kelly, 1952 ) e in Arancia meccanica (Stanley Kubrick, 1971).<\/li>\n<\/ul>\n<p><strong>Lezione 2 <\/strong>(a cura di Vincenzo Esposito) &#8211;\u00a0<em>Luned\u00ec 6 ottobre 2014 h. 15-19<\/em><\/p>\n<ul>\n<li>L\u2019avvento del rock \u2018n\u2019 roll, una rivoluzione audiovisiva.<\/li>\n<li>Actors Studio e Jukebox. Brando, Dean, Elvis: antieroi e ribelli senza causa.<\/li>\n<li>Esplorazioni commerciali: i teenagers, il nuovo target dell\u2019industria del cinema e della musica.<\/li>\n<li>Case Study 3. Il corpo-Brando: Fronte del porto (Elia Kazan, 1954).<\/li>\n<li>Case Study 4. Il corpo-Elvis: Il delinquente del rock and roll (Richard Thorpe, 1957).<\/li>\n<li>Pausa caff\u00e8.<\/li>\n<li>Il rock \u2018n\u2019 roll sbarca in Europa: Beatles e Rolling Stones, giovani spettatori nell\u2019Inghilterra degli anni \u201950; Visconti e Fellini i primi autori italiani a intercettare il vento del cambiamento.<\/li>\n<li>Comparazioni. Il rock \u2018n\u2019 roll di Bill Haley &amp; His Comets nel film Il seme della violenza (Richard Brooks, 1955) e nel film Le notti bianche (Luchino Visconti, 1957).<\/li>\n<\/ul>\n<p><strong>Lezione 3 <\/strong>(a cura di Vincenzo Esposito) &#8211;\u00a0<span style=\"font-style: italic;\">Luned\u00ec 13 ottobre 2014 h. 15-19<\/span><\/p>\n<ul>\n<li>Rock \u2018n\u2019 roll, pop, rock, un\u2019apparente questione terminologica.<\/li>\n<li>Ritorno al futuro: i Light shows tra Londra e San Francisco, \u201cpre-cinema\u201d psichedelico. Verso Woodstock, il rockumentary e le sue declinazioni.<\/li>\n<li>Esplorazioni commerciali: cinema, musica e il \u201cmercato\u201d della controcultura.<\/li>\n<li>Case Study 5. Simon &amp; Garfunkel, temp score, incidental music: Il laureato (Mike Nichols, 1967).<\/li>\n<li>Case Study 6. Playlist &amp; compilation: Easy Rider (Dennis Hopper, 1969).<\/li>\n<li>Pausa caff\u00e8.<\/li>\n<li>Film bianco, film nero. Beatles vs Rolling Stones, la sfida sullo schermo.<\/li>\n<li>Comparazioni. Making music: Let It Be &#8211; Un giorno con i Beatles (Michael Lindsay-Hogg, 1970) vs One Plus One\/Sympathy for the Devil (Jean-Luc Godard, 1969).<\/li>\n<\/ul>\n<p><strong>Lezione 4 <\/strong>(a cura di Vincenzo Esposito) &#8211;\u00a0<em>Luned\u00ec 20 ottobre 2014 h. 15-19<\/em><\/p>\n<ul>\n<li>Cantautori e nuovo cinema italiano, un incontro mancato (con le dovute eccezioni).<\/li>\n<li>Post-modern e Post mortem: da Scorsese a Tarantino, la canzone prima di tutto.<\/li>\n<li>Pink Floyd The Wall e la Rock Opera.<\/li>\n<li>Esplorazioni commerciali: MTV e l\u2019era del videoclip.<\/li>\n<li>Case Study 7. Enzo Jannaci e il crepuscolo della commedia all\u2019italiana. Vincenzina e la fabbrica nel film Romanzo popolare (Mario Monicelli, 1974).<\/li>\n<li>Case Study 8. La canzone-ambientazione. Quei bravi ragazzi (Martin Scorsese, 1990).<\/li>\n<li>Case Study 9. La canzone-atmosfera. Le iene (Quentin Tarantino, 1992).<\/li>\n<li>Case Study 10. La canzone re-make. Cat People (David Bowie, 1982) nel film Bastardi senza gloria (Quentin Tarantino, 2009).<\/li>\n<li>Pausa caff\u00e8.<\/li>\n<li>\u201cSerious\u201d o \u201cPopular\u201d? I compositori rock.<\/li>\n<li>Comparazioni. Peter Gabriel per L\u2019ultima tentazione di Cristo (Martin Scorsese, 1988) e Arcade Fire per Lei-Her (Spike Jonze, 2013).<\/li>\n<\/ul>\n<h3>Proiezioni:<\/h3>\n<ol>\n<li><span style=\"font-style: italic;\">Venerd\u00ec 3 ottobre 2014 h. 11-14<br \/>\n<\/span>Introduzione al film a cura di Diego Del Pozzo<\/li>\n<li><span style=\"font-style: italic;\">Mercoled\u00ec 8 ottobre 2014 h. 11-14<br \/>\n<\/span>Introduzione al film a cura di Corrado Morra<\/li>\n<li><span style=\"font-style: italic;\">Luned\u00ec 13 ottobre 2014 h. 11-14<br \/>\n<\/span>Introduzione al film a cura di Rosario Gallone<\/li>\n<li><span style=\"font-style: italic;\">Luned\u00ec 20 ottobre 2014 h. 11-14<br \/>\n<\/span>Introduzione al film cura di Giacomo Fabbrocino<\/li>\n<\/ol>\n<div>\n<h2>Come iscriversi<\/h2>\n<p>Per iscriversi \u00e8 necessario recarsi presso la sede della Pigrecoemme (a Napoli, in piazza Portanova 11, dal luned\u00ec al venerd\u00ec, dalle 10,30 alle 13,30 e dalle 15,00 alle 17,30) con un documento di riconoscimento in corso di validit\u00e0.<br \/>\nLa partecipazione al corso \u00e8 gratuita.<\/p><\/div>\n<div>\n<h2>Contatti<\/h2>\n<p>TELEFONO: 081 5635188<br \/>\nEMAIL:\u00a0<a href=\"mailto:corsi@pigrecoemme.com\">corsi@pigrecoemme.com<\/a><\/div>\n","protected":false},"excerpt":{"rendered":"<p>Cinema e Popular Music \u00e8 un percorso di studio curato da Vincenzo Esposito e organizzato dalla Scuola di Cinema Pigrecoemme in collaborazione con la FICC &#8211; Federazione Italiana dei Circoli del Cinema che parte&hellip;<\/p>\n","protected":false},"author":2,"featured_media":0,"comment_status":"open","ping_status":"open","sticky":false,"template":"","format":"standard","meta":{"_jetpack_newsletter_access":"","_jetpack_dont_email_post_to_subs":false,"_jetpack_newsletter_tier_id":0,"_jetpack_memberships_contains_paywalled_content":false,"_jetpack_feature_clip_id":0,"_jetpack_memberships_contains_paid_content":false,"footnotes":"","jetpack_post_was_ever_published":false},"categories":[11,1,3,731],"tags":[67,227,357,459,382,177,912,913,363,53,381],"class_list":["post-848","post","type-post","status-publish","format-standard","hentry","category-eventi","category-generale","category-scuola-di-cinema","category-segnalazioni","tag-cinema","tag-corrado-morra","tag-corsi-di-cinema","tag-corsi-gratuiti","tag-diego-del-pozzo","tag-giacomo-fabbrocino","tag-pop","tag-popular-music","tag-rock","tag-rosario-gallone","tag-vincenzo-esposito"],"yoast_head":"<!-- This site is optimized with the Yoast SEO plugin v28.3 - https:\/\/yoast.com\/product\/yoast-seo-wordpress\/ -->\n<title>Cinema e Popular Music, alla Pigrecoemme un corso gratuito in collaborazone con la FICC<\/title>\n<meta name=\"robots\" content=\"index, follow, max-snippet:-1, max-image-preview:large, max-video-preview:-1\" \/>\n<link rel=\"canonical\" href=\"https:\/\/www.pigrecoemme.com\/blog\/cinema-e-popular-music-alla-pigrecoemme-un-corso-gratuito-in-collaborazone-con-la-ficc\/\" \/>\n<meta property=\"og:locale\" content=\"it_IT\" \/>\n<meta property=\"og:type\" content=\"article\" \/>\n<meta property=\"og:title\" content=\"Cinema e Popular Music, alla Pigrecoemme un corso gratuito in collaborazone con la FICC\" \/>\n<meta property=\"og:description\" content=\"Cinema e Popular Music \u00e8 un percorso di studio curato da Vincenzo Esposito e organizzato dalla Scuola di Cinema Pigrecoemme in collaborazione con la FICC &#8211; Federazione Italiana dei Circoli del Cinema che parte luned\u00ec 29 settembre 2014. Il corso &hellip; Continue reading &rarr;\" \/>\n<meta property=\"og:url\" content=\"https:\/\/www.pigrecoemme.com\/blog\/cinema-e-popular-music-alla-pigrecoemme-un-corso-gratuito-in-collaborazone-con-la-ficc\/\" \/>\n<meta property=\"og:site_name\" content=\"Scuola di Cinema Pigrecoemme - Blog\" \/>\n<meta property=\"article:publisher\" content=\"https:\/\/www.facebook.com\/pigrecoemme\" \/>\n<meta property=\"article:author\" content=\"https:\/\/www.facebook.com\/corrado.morra1\" \/>\n<meta property=\"article:published_time\" content=\"2014-09-12T14:25:27+00:00\" \/>\n<meta property=\"article:modified_time\" content=\"2014-09-15T09:34:57+00:00\" \/>\n<meta property=\"og:image\" content=\"http:\/\/www.pigrecoemme.com\/corsi\/cinema-e-popular-music.gif\" \/>\n<meta name=\"author\" content=\"Corrado Morra\" \/>\n<meta name=\"twitter:card\" content=\"summary_large_image\" \/>\n<meta name=\"twitter:creator\" content=\"@Pigrecoemme\" \/>\n<meta name=\"twitter:site\" content=\"@Pigrecoemme\" \/>\n<meta name=\"twitter:label1\" content=\"Scritto da\" \/>\n\t<meta name=\"twitter:data1\" content=\"Corrado Morra\" \/>\n\t<meta name=\"twitter:label2\" content=\"Tempo di lettura stimato\" \/>\n\t<meta name=\"twitter:data2\" content=\"4 minuti\" \/>\n<script type=\"application\/ld+json\" class=\"yoast-schema-graph\">{\"@context\":\"https:\\\/\\\/schema.org\",\"@graph\":[{\"@type\":[\"Article\",\"BlogPosting\"],\"@id\":\"https:\\\/\\\/www.pigrecoemme.com\\\/blog\\\/cinema-e-popular-music-alla-pigrecoemme-un-corso-gratuito-in-collaborazone-con-la-ficc\\\/#article\",\"isPartOf\":{\"@id\":\"https:\\\/\\\/www.pigrecoemme.com\\\/blog\\\/cinema-e-popular-music-alla-pigrecoemme-un-corso-gratuito-in-collaborazone-con-la-ficc\\\/\"},\"author\":{\"name\":\"Corrado Morra\",\"@id\":\"https:\\\/\\\/www.pigrecoemme.com\\\/blog\\\/#\\\/schema\\\/person\\\/702764b5ecda4c2f34e82348789f649e\"},\"headline\":\"Cinema e Popular Music, alla Pigrecoemme un corso gratuito in collaborazone con la FICC\",\"datePublished\":\"2014-09-12T14:25:27+00:00\",\"dateModified\":\"2014-09-15T09:34:57+00:00\",\"mainEntityOfPage\":{\"@id\":\"https:\\\/\\\/www.pigrecoemme.com\\\/blog\\\/cinema-e-popular-music-alla-pigrecoemme-un-corso-gratuito-in-collaborazone-con-la-ficc\\\/\"},\"wordCount\":781,\"commentCount\":0,\"publisher\":{\"@id\":\"https:\\\/\\\/www.pigrecoemme.com\\\/blog\\\/#organization\"},\"image\":{\"@id\":\"https:\\\/\\\/www.pigrecoemme.com\\\/blog\\\/cinema-e-popular-music-alla-pigrecoemme-un-corso-gratuito-in-collaborazone-con-la-ficc\\\/#primaryimage\"},\"thumbnailUrl\":\"http:\\\/\\\/www.pigrecoemme.com\\\/corsi\\\/cinema-e-popular-music.gif\",\"keywords\":[\"cinema\",\"Corrado Morra\",\"corsi di cinema\",\"corsi gratuiti\",\"diego del pozzo\",\"Giacomo Fabbrocino\",\"pop\",\"popular music\",\"rock\",\"rosario gallone\",\"vincenzo esposito\"],\"articleSection\":[\"Eventi\",\"Generale\",\"Scuola di cinema\",\"Segnalazioni\"],\"inLanguage\":\"it-IT\",\"potentialAction\":[{\"@type\":\"CommentAction\",\"name\":\"Comment\",\"target\":[\"https:\\\/\\\/www.pigrecoemme.com\\\/blog\\\/cinema-e-popular-music-alla-pigrecoemme-un-corso-gratuito-in-collaborazone-con-la-ficc\\\/#respond\"]}]},{\"@type\":\"WebPage\",\"@id\":\"https:\\\/\\\/www.pigrecoemme.com\\\/blog\\\/cinema-e-popular-music-alla-pigrecoemme-un-corso-gratuito-in-collaborazone-con-la-ficc\\\/\",\"url\":\"https:\\\/\\\/www.pigrecoemme.com\\\/blog\\\/cinema-e-popular-music-alla-pigrecoemme-un-corso-gratuito-in-collaborazone-con-la-ficc\\\/\",\"name\":\"Cinema e Popular Music, alla Pigrecoemme un corso gratuito in collaborazone con la FICC\",\"isPartOf\":{\"@id\":\"https:\\\/\\\/www.pigrecoemme.com\\\/blog\\\/#website\"},\"primaryImageOfPage\":{\"@id\":\"https:\\\/\\\/www.pigrecoemme.com\\\/blog\\\/cinema-e-popular-music-alla-pigrecoemme-un-corso-gratuito-in-collaborazone-con-la-ficc\\\/#primaryimage\"},\"image\":{\"@id\":\"https:\\\/\\\/www.pigrecoemme.com\\\/blog\\\/cinema-e-popular-music-alla-pigrecoemme-un-corso-gratuito-in-collaborazone-con-la-ficc\\\/#primaryimage\"},\"thumbnailUrl\":\"http:\\\/\\\/www.pigrecoemme.com\\\/corsi\\\/cinema-e-popular-music.gif\",\"datePublished\":\"2014-09-12T14:25:27+00:00\",\"dateModified\":\"2014-09-15T09:34:57+00:00\",\"breadcrumb\":{\"@id\":\"https:\\\/\\\/www.pigrecoemme.com\\\/blog\\\/cinema-e-popular-music-alla-pigrecoemme-un-corso-gratuito-in-collaborazone-con-la-ficc\\\/#breadcrumb\"},\"inLanguage\":\"it-IT\",\"potentialAction\":[{\"@type\":\"ReadAction\",\"target\":[\"https:\\\/\\\/www.pigrecoemme.com\\\/blog\\\/cinema-e-popular-music-alla-pigrecoemme-un-corso-gratuito-in-collaborazone-con-la-ficc\\\/\"]}]},{\"@type\":\"ImageObject\",\"inLanguage\":\"it-IT\",\"@id\":\"https:\\\/\\\/www.pigrecoemme.com\\\/blog\\\/cinema-e-popular-music-alla-pigrecoemme-un-corso-gratuito-in-collaborazone-con-la-ficc\\\/#primaryimage\",\"url\":\"http:\\\/\\\/www.pigrecoemme.com\\\/corsi\\\/cinema-e-popular-music.gif\",\"contentUrl\":\"http:\\\/\\\/www.pigrecoemme.com\\\/corsi\\\/cinema-e-popular-music.gif\"},{\"@type\":\"BreadcrumbList\",\"@id\":\"https:\\\/\\\/www.pigrecoemme.com\\\/blog\\\/cinema-e-popular-music-alla-pigrecoemme-un-corso-gratuito-in-collaborazone-con-la-ficc\\\/#breadcrumb\",\"itemListElement\":[{\"@type\":\"ListItem\",\"position\":1,\"name\":\"Home\",\"item\":\"https:\\\/\\\/www.pigrecoemme.com\\\/blog\\\/\"},{\"@type\":\"ListItem\",\"position\":2,\"name\":\"Cinema e Popular Music, alla Pigrecoemme un corso gratuito in collaborazone con la FICC\"}]},{\"@type\":\"WebSite\",\"@id\":\"https:\\\/\\\/www.pigrecoemme.com\\\/blog\\\/#website\",\"url\":\"https:\\\/\\\/www.pigrecoemme.com\\\/blog\\\/\",\"name\":\"Scuola di Cinema Pigrecoemme - Blog\",\"description\":\"Siamo la prima Scuola di Cinema e Fotografia di Napoli\",\"publisher\":{\"@id\":\"https:\\\/\\\/www.pigrecoemme.com\\\/blog\\\/#organization\"},\"potentialAction\":[{\"@type\":\"SearchAction\",\"target\":{\"@type\":\"EntryPoint\",\"urlTemplate\":\"https:\\\/\\\/www.pigrecoemme.com\\\/blog\\\/?s={search_term_string}\"},\"query-input\":{\"@type\":\"PropertyValueSpecification\",\"valueRequired\":true,\"valueName\":\"search_term_string\"}}],\"inLanguage\":\"it-IT\"},{\"@type\":\"Organization\",\"@id\":\"https:\\\/\\\/www.pigrecoemme.com\\\/blog\\\/#organization\",\"name\":\"Scuola di cinema e fotografia Pigrecoemme\",\"url\":\"https:\\\/\\\/www.pigrecoemme.com\\\/blog\\\/\",\"logo\":{\"@type\":\"ImageObject\",\"inLanguage\":\"it-IT\",\"@id\":\"https:\\\/\\\/www.pigrecoemme.com\\\/blog\\\/#\\\/schema\\\/logo\\\/image\\\/\",\"url\":\"https:\\\/\\\/i0.wp.com\\\/www.pigrecoemme.com\\\/blog\\\/wp-content\\\/uploads\\\/2018\\\/06\\\/logo-pigrecoemme-2018.png?fit=500%2C500&ssl=1\",\"contentUrl\":\"https:\\\/\\\/i0.wp.com\\\/www.pigrecoemme.com\\\/blog\\\/wp-content\\\/uploads\\\/2018\\\/06\\\/logo-pigrecoemme-2018.png?fit=500%2C500&ssl=1\",\"width\":500,\"height\":500,\"caption\":\"Scuola di cinema e fotografia Pigrecoemme\"},\"image\":{\"@id\":\"https:\\\/\\\/www.pigrecoemme.com\\\/blog\\\/#\\\/schema\\\/logo\\\/image\\\/\"},\"sameAs\":[\"https:\\\/\\\/www.facebook.com\\\/pigrecoemme\",\"https:\\\/\\\/x.com\\\/Pigrecoemme\",\"https:\\\/\\\/www.instagram.com\\\/pigrecoemme\\\/\",\"https:\\\/\\\/www.linkedin.com\\\/company\\\/pigrecoemme\\\/\",\"https:\\\/\\\/www.youtube.com\\\/pigrecoemme\"]},{\"@type\":\"Person\",\"@id\":\"https:\\\/\\\/www.pigrecoemme.com\\\/blog\\\/#\\\/schema\\\/person\\\/702764b5ecda4c2f34e82348789f649e\",\"name\":\"Corrado Morra\",\"image\":{\"@type\":\"ImageObject\",\"inLanguage\":\"it-IT\",\"@id\":\"https:\\\/\\\/secure.gravatar.com\\\/avatar\\\/f6ce2f6728fbdf920737112fe70682512808577befa2c9c7845c04a8449b8f03?s=96&r=g\",\"url\":\"https:\\\/\\\/secure.gravatar.com\\\/avatar\\\/f6ce2f6728fbdf920737112fe70682512808577befa2c9c7845c04a8449b8f03?s=96&r=g\",\"contentUrl\":\"https:\\\/\\\/secure.gravatar.com\\\/avatar\\\/f6ce2f6728fbdf920737112fe70682512808577befa2c9c7845c04a8449b8f03?s=96&r=g\",\"caption\":\"Corrado Morra\"},\"description\":\"Esperto di arti visive e di cinema, insegna Sceneggiatura alla Scuola di cinema Pigrecoemme di Napoli, di cui \u00e8 tra i fondatori.\",\"sameAs\":[\"http:\\\/\\\/www.pigrecoemme.com\\\/\",\"https:\\\/\\\/www.facebook.com\\\/corrado.morra1\"],\"url\":\"https:\\\/\\\/www.pigrecoemme.com\\\/blog\\\/author\\\/corrado-morra\\\/\"}]}<\/script>\n<!-- \/ Yoast SEO plugin. -->","yoast_head_json":{"title":"Cinema e Popular Music, alla Pigrecoemme un corso gratuito in collaborazone con la FICC","robots":{"index":"index","follow":"follow","max-snippet":"max-snippet:-1","max-image-preview":"max-image-preview:large","max-video-preview":"max-video-preview:-1"},"canonical":"https:\/\/www.pigrecoemme.com\/blog\/cinema-e-popular-music-alla-pigrecoemme-un-corso-gratuito-in-collaborazone-con-la-ficc\/","og_locale":"it_IT","og_type":"article","og_title":"Cinema e Popular Music, alla Pigrecoemme un corso gratuito in collaborazone con la FICC","og_description":"Cinema e Popular Music \u00e8 un percorso di studio curato da Vincenzo Esposito e organizzato dalla Scuola di Cinema Pigrecoemme in collaborazione con la FICC &#8211; Federazione Italiana dei Circoli del Cinema che parte luned\u00ec 29 settembre 2014. Il corso &hellip; Continue reading &rarr;","og_url":"https:\/\/www.pigrecoemme.com\/blog\/cinema-e-popular-music-alla-pigrecoemme-un-corso-gratuito-in-collaborazone-con-la-ficc\/","og_site_name":"Scuola di Cinema Pigrecoemme - Blog","article_publisher":"https:\/\/www.facebook.com\/pigrecoemme","article_author":"https:\/\/www.facebook.com\/corrado.morra1","article_published_time":"2014-09-12T14:25:27+00:00","article_modified_time":"2014-09-15T09:34:57+00:00","og_image":[{"url":"http:\/\/www.pigrecoemme.com\/corsi\/cinema-e-popular-music.gif","type":"","width":"","height":""}],"author":"Corrado Morra","twitter_card":"summary_large_image","twitter_creator":"@Pigrecoemme","twitter_site":"@Pigrecoemme","twitter_misc":{"Scritto da":"Corrado Morra","Tempo di lettura stimato":"4 minuti"},"schema":{"@context":"https:\/\/schema.org","@graph":[{"@type":["Article","BlogPosting"],"@id":"https:\/\/www.pigrecoemme.com\/blog\/cinema-e-popular-music-alla-pigrecoemme-un-corso-gratuito-in-collaborazone-con-la-ficc\/#article","isPartOf":{"@id":"https:\/\/www.pigrecoemme.com\/blog\/cinema-e-popular-music-alla-pigrecoemme-un-corso-gratuito-in-collaborazone-con-la-ficc\/"},"author":{"name":"Corrado Morra","@id":"https:\/\/www.pigrecoemme.com\/blog\/#\/schema\/person\/702764b5ecda4c2f34e82348789f649e"},"headline":"Cinema e Popular Music, alla Pigrecoemme un corso gratuito in collaborazone con la FICC","datePublished":"2014-09-12T14:25:27+00:00","dateModified":"2014-09-15T09:34:57+00:00","mainEntityOfPage":{"@id":"https:\/\/www.pigrecoemme.com\/blog\/cinema-e-popular-music-alla-pigrecoemme-un-corso-gratuito-in-collaborazone-con-la-ficc\/"},"wordCount":781,"commentCount":0,"publisher":{"@id":"https:\/\/www.pigrecoemme.com\/blog\/#organization"},"image":{"@id":"https:\/\/www.pigrecoemme.com\/blog\/cinema-e-popular-music-alla-pigrecoemme-un-corso-gratuito-in-collaborazone-con-la-ficc\/#primaryimage"},"thumbnailUrl":"http:\/\/www.pigrecoemme.com\/corsi\/cinema-e-popular-music.gif","keywords":["cinema","Corrado Morra","corsi di cinema","corsi gratuiti","diego del pozzo","Giacomo Fabbrocino","pop","popular music","rock","rosario gallone","vincenzo esposito"],"articleSection":["Eventi","Generale","Scuola di cinema","Segnalazioni"],"inLanguage":"it-IT","potentialAction":[{"@type":"CommentAction","name":"Comment","target":["https:\/\/www.pigrecoemme.com\/blog\/cinema-e-popular-music-alla-pigrecoemme-un-corso-gratuito-in-collaborazone-con-la-ficc\/#respond"]}]},{"@type":"WebPage","@id":"https:\/\/www.pigrecoemme.com\/blog\/cinema-e-popular-music-alla-pigrecoemme-un-corso-gratuito-in-collaborazone-con-la-ficc\/","url":"https:\/\/www.pigrecoemme.com\/blog\/cinema-e-popular-music-alla-pigrecoemme-un-corso-gratuito-in-collaborazone-con-la-ficc\/","name":"Cinema e Popular Music, alla Pigrecoemme un corso gratuito in collaborazone con la FICC","isPartOf":{"@id":"https:\/\/www.pigrecoemme.com\/blog\/#website"},"primaryImageOfPage":{"@id":"https:\/\/www.pigrecoemme.com\/blog\/cinema-e-popular-music-alla-pigrecoemme-un-corso-gratuito-in-collaborazone-con-la-ficc\/#primaryimage"},"image":{"@id":"https:\/\/www.pigrecoemme.com\/blog\/cinema-e-popular-music-alla-pigrecoemme-un-corso-gratuito-in-collaborazone-con-la-ficc\/#primaryimage"},"thumbnailUrl":"http:\/\/www.pigrecoemme.com\/corsi\/cinema-e-popular-music.gif","datePublished":"2014-09-12T14:25:27+00:00","dateModified":"2014-09-15T09:34:57+00:00","breadcrumb":{"@id":"https:\/\/www.pigrecoemme.com\/blog\/cinema-e-popular-music-alla-pigrecoemme-un-corso-gratuito-in-collaborazone-con-la-ficc\/#breadcrumb"},"inLanguage":"it-IT","potentialAction":[{"@type":"ReadAction","target":["https:\/\/www.pigrecoemme.com\/blog\/cinema-e-popular-music-alla-pigrecoemme-un-corso-gratuito-in-collaborazone-con-la-ficc\/"]}]},{"@type":"ImageObject","inLanguage":"it-IT","@id":"https:\/\/www.pigrecoemme.com\/blog\/cinema-e-popular-music-alla-pigrecoemme-un-corso-gratuito-in-collaborazone-con-la-ficc\/#primaryimage","url":"http:\/\/www.pigrecoemme.com\/corsi\/cinema-e-popular-music.gif","contentUrl":"http:\/\/www.pigrecoemme.com\/corsi\/cinema-e-popular-music.gif"},{"@type":"BreadcrumbList","@id":"https:\/\/www.pigrecoemme.com\/blog\/cinema-e-popular-music-alla-pigrecoemme-un-corso-gratuito-in-collaborazone-con-la-ficc\/#breadcrumb","itemListElement":[{"@type":"ListItem","position":1,"name":"Home","item":"https:\/\/www.pigrecoemme.com\/blog\/"},{"@type":"ListItem","position":2,"name":"Cinema e Popular Music, alla Pigrecoemme un corso gratuito in collaborazone con la FICC"}]},{"@type":"WebSite","@id":"https:\/\/www.pigrecoemme.com\/blog\/#website","url":"https:\/\/www.pigrecoemme.com\/blog\/","name":"Scuola di Cinema Pigrecoemme - Blog","description":"Siamo la prima Scuola di Cinema e Fotografia di Napoli","publisher":{"@id":"https:\/\/www.pigrecoemme.com\/blog\/#organization"},"potentialAction":[{"@type":"SearchAction","target":{"@type":"EntryPoint","urlTemplate":"https:\/\/www.pigrecoemme.com\/blog\/?s={search_term_string}"},"query-input":{"@type":"PropertyValueSpecification","valueRequired":true,"valueName":"search_term_string"}}],"inLanguage":"it-IT"},{"@type":"Organization","@id":"https:\/\/www.pigrecoemme.com\/blog\/#organization","name":"Scuola di cinema e fotografia Pigrecoemme","url":"https:\/\/www.pigrecoemme.com\/blog\/","logo":{"@type":"ImageObject","inLanguage":"it-IT","@id":"https:\/\/www.pigrecoemme.com\/blog\/#\/schema\/logo\/image\/","url":"https:\/\/i0.wp.com\/www.pigrecoemme.com\/blog\/wp-content\/uploads\/2018\/06\/logo-pigrecoemme-2018.png?fit=500%2C500&ssl=1","contentUrl":"https:\/\/i0.wp.com\/www.pigrecoemme.com\/blog\/wp-content\/uploads\/2018\/06\/logo-pigrecoemme-2018.png?fit=500%2C500&ssl=1","width":500,"height":500,"caption":"Scuola di cinema e fotografia Pigrecoemme"},"image":{"@id":"https:\/\/www.pigrecoemme.com\/blog\/#\/schema\/logo\/image\/"},"sameAs":["https:\/\/www.facebook.com\/pigrecoemme","https:\/\/x.com\/Pigrecoemme","https:\/\/www.instagram.com\/pigrecoemme\/","https:\/\/www.linkedin.com\/company\/pigrecoemme\/","https:\/\/www.youtube.com\/pigrecoemme"]},{"@type":"Person","@id":"https:\/\/www.pigrecoemme.com\/blog\/#\/schema\/person\/702764b5ecda4c2f34e82348789f649e","name":"Corrado Morra","image":{"@type":"ImageObject","inLanguage":"it-IT","@id":"https:\/\/secure.gravatar.com\/avatar\/f6ce2f6728fbdf920737112fe70682512808577befa2c9c7845c04a8449b8f03?s=96&r=g","url":"https:\/\/secure.gravatar.com\/avatar\/f6ce2f6728fbdf920737112fe70682512808577befa2c9c7845c04a8449b8f03?s=96&r=g","contentUrl":"https:\/\/secure.gravatar.com\/avatar\/f6ce2f6728fbdf920737112fe70682512808577befa2c9c7845c04a8449b8f03?s=96&r=g","caption":"Corrado Morra"},"description":"Esperto di arti visive e di cinema, insegna Sceneggiatura alla Scuola di cinema Pigrecoemme di Napoli, di cui \u00e8 tra i fondatori.","sameAs":["http:\/\/www.pigrecoemme.com\/","https:\/\/www.facebook.com\/corrado.morra1"],"url":"https:\/\/www.pigrecoemme.com\/blog\/author\/corrado-morra\/"}]}},"jetpack_sharing_enabled":true,"jetpack_likes_enabled":true,"jetpack-related-posts":[{"id":1729,"url":"https:\/\/www.pigrecoemme.com\/blog\/un-corso-gratuito-sul-cinema-espressionista\/","url_meta":{"origin":848,"position":0},"title":"Un corso gratuito sul cinema espressionista","author":"Pigrecoemme","date":"14 Luglio 2016","format":false,"excerpt":"Parte\u00a0luned\u00ec 12 settembre 2016\u00a0un percorso di studi dedicato\u00a0al cinema espressionista ed alle sue influenze sul cinema di ogni tempo e luogo. Organizzato dalla Scuola di cinema\u00a0Pigrecoemme\u00a0in collaborazione con la\u00a0FICC - Federazione italiana dei circoli del cinema, il corso \u00e8 completamente\u00a0gratuito\u00a0e prevede\u00a0quattro lezioni, a cura di\u00a0Vincenzo Esposito, tra i maggiori esperti\u2026","rel":"","context":"In &quot;Analisi e Critica&quot;","block_context":{"text":"Analisi e Critica","link":"https:\/\/www.pigrecoemme.com\/blog\/analisi-e-critica-2\/"},"img":{"alt_text":"corso di cinema gratuito sull'espressionismo","src":"https:\/\/i0.wp.com\/www.pigrecoemme.com\/blog\/wp-content\/uploads\/2016\/07\/caligari.jpg?resize=350%2C200","width":350,"height":200,"srcset":"https:\/\/i0.wp.com\/www.pigrecoemme.com\/blog\/wp-content\/uploads\/2016\/07\/caligari.jpg?resize=350%2C200 1x, https:\/\/i0.wp.com\/www.pigrecoemme.com\/blog\/wp-content\/uploads\/2016\/07\/caligari.jpg?resize=525%2C300 1.5x, https:\/\/i0.wp.com\/www.pigrecoemme.com\/blog\/wp-content\/uploads\/2016\/07\/caligari.jpg?resize=700%2C400 2x"},"classes":[]},{"id":1434,"url":"https:\/\/www.pigrecoemme.com\/blog\/bergman\/","url_meta":{"origin":848,"position":1},"title":"Un corso gratuito sul cinema di Bergman","author":"Corrado Morra","date":"24 Luglio 2015","format":false,"excerpt":"Parte luned\u00ec 14 settembre 2015, un percorso di studi, dedicato\u00a0a\u00a0Ingmar Bergman, dal titolo Il cinema dell'istante. Organizzato da Pigrecoemme in collaborazione con la FICC - Federazione italiana dei circoli del cinema, il corso \u00e8 completamente gratuito e prevede otto lezioni, a cura di Vincenzo Esposito, tra i maggiori esperti di\u2026","rel":"","context":"In &quot;Analisi e Critica&quot;","block_context":{"text":"Analisi e Critica","link":"https:\/\/www.pigrecoemme.com\/blog\/analisi-e-critica-2\/"},"img":{"alt_text":"bergman","src":"https:\/\/i0.wp.com\/www.pigrecoemme.com\/blog\/wp-content\/uploads\/2015\/07\/bergman.jpg?resize=350%2C200","width":350,"height":200},"classes":[]},{"id":1912,"url":"https:\/\/www.pigrecoemme.com\/blog\/un-corso-gratuito-sul-cinema-andrej-tarkovskij\/","url_meta":{"origin":848,"position":2},"title":"Un corso gratuito sul cinema di Andrej Tarkovskij","author":"Pigrecoemme","date":"18 Luglio 2017","format":false,"excerpt":"\u00abSe Tarkovskij per me \u00e8 il pi\u00f9 grande \u2013 diceva Ingmar Bergman \u2013 \u00e8 perch\u00e9 porta nel cinema un nuovo linguaggio che gli permette di afferrare la vita come apparenza\u00bb. Ognuno dei sette lungometraggi di\u00a0Andrej Tarkovskij, dal suo esordio\u00a0L\u2019infanzia di Ivan\u00a0(1962) fino all\u2019ultimo lavoro\u00a0Sacrificio\u00a0(1987), \u00e8, in realt\u00e0, un tentativo di\u2026","rel":"","context":"In &quot;Generale&quot;","block_context":{"text":"Generale","link":"https:\/\/www.pigrecoemme.com\/blog\/generale\/"},"img":{"alt_text":"Un corso gratuito sul cinema di Andrej Tarkovskij","src":"https:\/\/i0.wp.com\/www.pigrecoemme.com\/corsi\/corso-tarkovskij.jpg?resize=350%2C200","width":350,"height":200,"srcset":"https:\/\/i0.wp.com\/www.pigrecoemme.com\/corsi\/corso-tarkovskij.jpg?resize=350%2C200 1x, https:\/\/i0.wp.com\/www.pigrecoemme.com\/corsi\/corso-tarkovskij.jpg?resize=525%2C300 1.5x"},"classes":[]},{"id":589,"url":"https:\/\/www.pigrecoemme.com\/blog\/una-rassegna-sul-documentario-al-pan-e-i-nuovi-corsi-di-cinema-di-pigrecoemme\/","url_meta":{"origin":848,"position":3},"title":"Una rassegna sul documentario al PAN e i nuovi corsi di cinema di Pigrecoemme","author":"Giacomo Fabbrocino","date":"11 Dicembre 2012","format":false,"excerpt":"Tutto pronto per i nuovi corsi di cinema e fotografia di Pigrecoemme che partiranno a gennaio: anche quest'anno sono previsti sia moduli bimestrali (tra cui i collaudati corsi di Regia, Sceneggiatura e Montaggio), sia semestrali, come il nuovo corso Filmaker, un percorso di 160 ore, che, a un prezzo scontatissimo,\u2026","rel":"","context":"In &quot;Eventi&quot;","block_context":{"text":"Eventi","link":"https:\/\/www.pigrecoemme.com\/blog\/eventi\/"},"img":{"alt_text":"","src":"https:\/\/i0.wp.com\/www.pigrecoemme.com\/blog\/wp-content\/uploads\/2024\/03\/ficc-a-napoli.webp?resize=350%2C200&ssl=1","width":350,"height":200},"classes":[]},{"id":545,"url":"https:\/\/www.pigrecoemme.com\/blog\/giovedi-18-corti-dautore-alla-pigrecoemme\/","url_meta":{"origin":848,"position":4},"title":"Gioved\u00ec 18 corti d&#8217;autore alla Pigrecoemme","author":"Giacomo Fabbrocino","date":"16 Ottobre 2012","format":false,"excerpt":"Ambra Angiolini in Insula di Eric Alexander Gioved\u00ec 18 ottobre, alle ore 17,00, alla Scuola di cinema Pigrecoemme di Napoli, serata dedicata alla storia del cortometraggio d'autore, con un'interessante rassegna di film brevi di filmaker aderenti alla FEDIC, la Federazione italiana dei cineclub. La selezione metter\u00e0 a confronto quattro titoli\u2026","rel":"","context":"In &quot;Eventi&quot;","block_context":{"text":"Eventi","link":"https:\/\/www.pigrecoemme.com\/blog\/eventi\/"},"img":{"alt_text":"","src":"https:\/\/i0.wp.com\/www.pigrecoemme.com\/blog\/wp-content\/uploads\/2012\/10\/ambra-angiolini-in-insula-di-eric-alexander.jpg?resize=350%2C200&ssl=1","width":350,"height":200,"srcset":"https:\/\/i0.wp.com\/www.pigrecoemme.com\/blog\/wp-content\/uploads\/2012\/10\/ambra-angiolini-in-insula-di-eric-alexander.jpg?resize=350%2C200&ssl=1 1x, https:\/\/i0.wp.com\/www.pigrecoemme.com\/blog\/wp-content\/uploads\/2012\/10\/ambra-angiolini-in-insula-di-eric-alexander.jpg?resize=525%2C300&ssl=1 1.5x"},"classes":[]},{"id":80,"url":"https:\/\/www.pigrecoemme.com\/blog\/undicesimo-italienska-filmfestivalen\/","url_meta":{"origin":848,"position":5},"title":"Undicesimo Italienska Filmfestivalen","author":"Giacomo Fabbrocino","date":"10 Settembre 2008","format":false,"excerpt":"Si terr\u00e0 dal 26 settembre al 2 ottobre l'undicesima edizione dell'Italian Film Festival di Stoccolma, manifestazione organizzata dall\u2019Istituto Italiano di Cultura della capitale svedese e dalla FICC (Federazione Italiana dei Circoli del Cinema) con la direzione artistica e organizzativa dello scandinavista e storico del cinema Vincenzo Esposito, docente di storia\u2026","rel":"","context":"In &quot;Eventi&quot;","block_context":{"text":"Eventi","link":"https:\/\/www.pigrecoemme.com\/blog\/eventi\/"},"img":{"alt_text":"","src":"https:\/\/i0.wp.com\/www.pigrecoemme.com\/blog\/wp-content\/uploads\/2008\/09\/filmfestivalen2008-150x150.jpg?resize=350%2C200","width":350,"height":200},"classes":[]}],"jetpack_featured_media_url":"","_links":{"self":[{"href":"https:\/\/www.pigrecoemme.com\/blog\/wp-json\/wp\/v2\/posts\/848","targetHints":{"allow":["GET"]}}],"collection":[{"href":"https:\/\/www.pigrecoemme.com\/blog\/wp-json\/wp\/v2\/posts"}],"about":[{"href":"https:\/\/www.pigrecoemme.com\/blog\/wp-json\/wp\/v2\/types\/post"}],"author":[{"embeddable":true,"href":"https:\/\/www.pigrecoemme.com\/blog\/wp-json\/wp\/v2\/users\/2"}],"replies":[{"embeddable":true,"href":"https:\/\/www.pigrecoemme.com\/blog\/wp-json\/wp\/v2\/comments?post=848"}],"version-history":[{"count":0,"href":"https:\/\/www.pigrecoemme.com\/blog\/wp-json\/wp\/v2\/posts\/848\/revisions"}],"wp:attachment":[{"href":"https:\/\/www.pigrecoemme.com\/blog\/wp-json\/wp\/v2\/media?parent=848"}],"wp:term":[{"taxonomy":"category","embeddable":true,"href":"https:\/\/www.pigrecoemme.com\/blog\/wp-json\/wp\/v2\/categories?post=848"},{"taxonomy":"post_tag","embeddable":true,"href":"https:\/\/www.pigrecoemme.com\/blog\/wp-json\/wp\/v2\/tags?post=848"}],"curies":[{"name":"wp","href":"https:\/\/api.w.org\/{rel}","templated":true}]}}