{"id":822,"date":"2014-04-26T17:55:36","date_gmt":"2014-04-26T15:55:36","guid":{"rendered":"http:\/\/www.pigrecoemme.com\/blog\/?p=822"},"modified":"2016-01-25T19:01:41","modified_gmt":"2016-01-25T18:01:41","slug":"incontri-fotografici-itaca","status":"publish","type":"post","link":"https:\/\/www.pigrecoemme.com\/blog\/incontri-fotografici-itaca\/","title":{"rendered":"Gli Incontri fotografici della Pigrecoemme approdano all&#8217;Itaca di Renato Orsini"},"content":{"rendered":"<p><strong><a href=\"https:\/\/i0.wp.com\/www.pigrecoemme.com\/blog\/wp-content\/uploads\/2014\/04\/renato-orsini.png\"><img data-recalc-dims=\"1\" loading=\"lazy\" decoding=\"async\" class=\"aligncenter size-full wp-image-823\" title=\"renato-orsini\" src=\"https:\/\/i0.wp.com\/www.pigrecoemme.com\/blog\/wp-content\/uploads\/2014\/04\/renato-orsini.png?resize=500%2C185\" alt=\"\" width=\"500\" height=\"185\" srcset=\"https:\/\/i0.wp.com\/www.pigrecoemme.com\/blog\/wp-content\/uploads\/2014\/04\/renato-orsini.png?w=715&amp;ssl=1 715w, https:\/\/i0.wp.com\/www.pigrecoemme.com\/blog\/wp-content\/uploads\/2014\/04\/renato-orsini.png?resize=300%2C111&amp;ssl=1 300w\" sizes=\"auto, (max-width: 500px) 100vw, 500px\" \/><\/a>Mercoled\u00ec 30 aprile<\/strong>, dalle <strong>ore 17,00<\/strong> alle <strong>19,00<\/strong>, nell\u2019ambito della rassegna <strong>Incontri fotografici<\/strong> della Scuola di cinema e fotografia <strong>Pigrecoemme<\/strong> di Napoli, <strong>Renato Orsini<\/strong> presenta <strong>ITACA<\/strong>, il suo ultimo progetto fotografico, un viaggio emozionante in bianco e nero che, attraverso forti contrasti e una capacit\u00e0 sbalorditiva di scovare particolari epifanici, racconta quattro citt\u00e0-mondo dai profondi connotati simbolici e poetici: <strong>Napoli<\/strong>, <strong>Milano<\/strong>, <strong>Phnom Penh<\/strong> e <strong>Sarajevo<\/strong>.<\/p>\n<p><a href=\"https:\/\/i0.wp.com\/www.pigrecoemme.com\/blog\/wp-content\/uploads\/2014\/04\/sarajevo.jpg\"><img data-recalc-dims=\"1\" loading=\"lazy\" decoding=\"async\" class=\"alignleft size-medium wp-image-826\" title=\"sarajevo\" src=\"https:\/\/i0.wp.com\/www.pigrecoemme.com\/blog\/wp-content\/uploads\/2014\/04\/sarajevo.jpg?resize=300%2C200\" alt=\"\" width=\"300\" height=\"200\" srcset=\"https:\/\/i0.wp.com\/www.pigrecoemme.com\/blog\/wp-content\/uploads\/2014\/04\/sarajevo.jpg?resize=300%2C200&amp;ssl=1 300w, https:\/\/i0.wp.com\/www.pigrecoemme.com\/blog\/wp-content\/uploads\/2014\/04\/sarajevo.jpg?w=1024&amp;ssl=1 1024w\" sizes=\"auto, (max-width: 300px) 100vw, 300px\" \/><\/a>L\u2019Itaca di Orsini non \u00e8 la storia di un ritorno a casa, quella di un approdo, ma quella di un percorso. Di un\u2019ipotesi. Perch\u00e9 quello a cui ci invita Orsini \u00e8 semplicemente di seguirlo. In quattro viaggi, attraverso quattro citt\u00e0, per quattro spazi emotivi, dove calare il nostro sguardo e, dove, abbandonandoci a quelle emozioni, perdersi.<\/p>\n<p>L\u2019incontro, fino a esaurimento posti, \u00e8 a <strong>ingresso gratuito<\/strong> e sar\u00e0 presentato da <strong>Luca Sorbo<\/strong>, curatore dei <a href=\"http:\/\/www.pigrecoemme.com\/corso-fotografia\/corso-di-fotografia-2.htm\">corsi di Fotografia<\/a> e di <a href=\"http:\/\/www.pigrecoemme.com\/corso-fotografia\/corso-di-fotogiornalismo-reportage-napoli.htm\">Fotogiornalismo<\/a> della Pigrecoemme. Prenotazioni e info al numero <strong>081 5635188<\/strong>.<\/p>\n<p><strong>L\u2019autore<br \/>\n<\/strong>Napoletano, classe 1956, <strong>Renato Orsini<\/strong>, dopo una lunga esperienza in fotografia analogica approda all\u2019uso di tecnologie digitali sviluppando il suo interesse nel genere street e nel reportage fotografico, prevalentemente su temi sociali e rigorosamente in bianco e nero.<!--more--><\/p>\n<p><a href=\"https:\/\/i0.wp.com\/www.pigrecoemme.com\/blog\/wp-content\/uploads\/2014\/04\/napoli-quartieri.jpg\"><img data-recalc-dims=\"1\" loading=\"lazy\" decoding=\"async\" class=\"alignleft size-medium wp-image-827\" title=\"napoli-quartieri\" src=\"https:\/\/i0.wp.com\/www.pigrecoemme.com\/blog\/wp-content\/uploads\/2014\/04\/napoli-quartieri.jpg?resize=300%2C200\" alt=\"\" width=\"300\" height=\"200\" srcset=\"https:\/\/i0.wp.com\/www.pigrecoemme.com\/blog\/wp-content\/uploads\/2014\/04\/napoli-quartieri.jpg?resize=300%2C200&amp;ssl=1 300w, https:\/\/i0.wp.com\/www.pigrecoemme.com\/blog\/wp-content\/uploads\/2014\/04\/napoli-quartieri.jpg?w=1024&amp;ssl=1 1024w\" sizes=\"auto, (max-width: 300px) 100vw, 300px\" \/><\/a>Le sue principali mostre sono le seguenti: nell\u2019<strong>ottobre 2010<\/strong><strong>,<\/strong> la collettiva presso le librerie <strong>La Feltrinelli<\/strong> di Napoli e di Bari, organizzata dal Corriere del Mezzogiorno; nel <strong>marzo 2012<\/strong> la personale presso il <strong>Teatro Bellini di Napoli<\/strong> nell\u2019ambito della rassegna <strong>\u201cLe quinte fotografiche\u201d<\/strong> dove presenta il reportage <strong>Patty delle Lucciole<\/strong>;\u00a0nel <strong>giugno 2012<\/strong> \u00e8 alla collettiva al \u201c<strong>Photoclub Someanza\u201d<\/strong> di Bergamo nell\u2019ambito della rassegna \u201cTracce &#8211; col passare del tempo\u201d; \u00e8 del <strong>marzo 2013<\/strong> la seconda personale presso il <strong>Penguin Caf\u00e8<\/strong> di Napoli nell&#8217;ambito della rassegna \u201cOrgoglio e pregiudizio\u201d sempre con il reportage Patty delle Lucciole; nell\u2019<strong>ottobre 2013<\/strong> espone alla mostra collettiva <strong>Vuotociclo<\/strong> al <strong>PAN \u2013 Palazzo delle Arti<\/strong> di Napoli nell\u2019ambito della rassegna Sankta Sango organizzata dall\u2019Universit\u00e0 Suor Orsola Benincasa con il patrocinio del Comune di Napoli; nel <strong>novembre <\/strong>dello stesso anno \u00e8 a <strong>Torino <\/strong>con una personale dove, alla la Societ\u00e0 Fotografica Subalpina, presenta un ricco reportage su Napoli; infine, \u00e8 del <strong>febbraio <\/strong>di quest\u2019anno la collettiva tenutasi a Napoli presso il <strong>Castel dell\u2019Ovo<\/strong> nell\u2019ambito della rassegna Scambio di \u201cVisioni &#8211; arti e beni culturali\u201d, con il patrocinio del <strong>Forum delle Culture<\/strong> e del Comune di Napoli.<\/p>\n","protected":false},"excerpt":{"rendered":"<p>Mercoled\u00ec 30 aprile, dalle ore 17,00 alle 19,00, nell\u2019ambito della rassegna Incontri fotografici della Scuola di cinema e fotografia Pigrecoemme di Napoli, Renato Orsini presenta ITACA, il suo ultimo progetto fotografico, un viaggio emozionante in bianco e nero che, attraverso forti contrasti e una capacit\u00e0 sbalorditiva di scovare particolari epifanici, racconta quattro citt\u00e0-mondo dai profondi &#8230; <a title=\"Gli Incontri fotografici della Pigrecoemme approdano all&#8217;Itaca di Renato Orsini\" class=\"read-more\" href=\"https:\/\/www.pigrecoemme.com\/blog\/incontri-fotografici-itaca\/\" aria-label=\"Per saperne di pi\u00f9 su Gli Incontri fotografici della Pigrecoemme approdano all&#8217;Itaca di Renato Orsini\">Leggi tutto<\/a><\/p>\n","protected":false},"author":2,"featured_media":0,"comment_status":"open","ping_status":"open","sticky":false,"template":"","format":"standard","meta":{"om_disable_all_campaigns":false,"_monsterinsights_skip_tracking":false,"_monsterinsights_sitenote_active":false,"_monsterinsights_sitenote_note":"","_monsterinsights_sitenote_category":0,"jetpack_post_was_ever_published":false,"_jetpack_newsletter_access":"","_jetpack_dont_email_post_to_subs":false,"_jetpack_newsletter_tier_id":0,"_jetpack_memberships_contains_paywalled_content":false,"_jetpack_memberships_contains_paid_content":false,"footnotes":""},"categories":[11,21,1,1523],"tags":[74,370,874,69,875,77,877,579,876],"class_list":["post-822","post","type-post","status-publish","format-standard","hentry","category-eventi","category-fotografia","category-generale","category-incontri-fotografici","tag-corsi-di-fotografia","tag-incontri-fotografici","tag-itaca","tag-luca-sorbo","tag-milano","tag-napoli","tag-phnom-penh","tag-renato-orsini","tag-sarajevo"],"aioseo_notices":[],"jetpack_featured_media_url":"","jetpack_sharing_enabled":true,"jetpack_likes_enabled":true,"jetpack-related-posts":[],"_links":{"self":[{"href":"https:\/\/www.pigrecoemme.com\/blog\/wp-json\/wp\/v2\/posts\/822","targetHints":{"allow":["GET"]}}],"collection":[{"href":"https:\/\/www.pigrecoemme.com\/blog\/wp-json\/wp\/v2\/posts"}],"about":[{"href":"https:\/\/www.pigrecoemme.com\/blog\/wp-json\/wp\/v2\/types\/post"}],"author":[{"embeddable":true,"href":"https:\/\/www.pigrecoemme.com\/blog\/wp-json\/wp\/v2\/users\/2"}],"replies":[{"embeddable":true,"href":"https:\/\/www.pigrecoemme.com\/blog\/wp-json\/wp\/v2\/comments?post=822"}],"version-history":[{"count":0,"href":"https:\/\/www.pigrecoemme.com\/blog\/wp-json\/wp\/v2\/posts\/822\/revisions"}],"wp:attachment":[{"href":"https:\/\/www.pigrecoemme.com\/blog\/wp-json\/wp\/v2\/media?parent=822"}],"wp:term":[{"taxonomy":"category","embeddable":true,"href":"https:\/\/www.pigrecoemme.com\/blog\/wp-json\/wp\/v2\/categories?post=822"},{"taxonomy":"post_tag","embeddable":true,"href":"https:\/\/www.pigrecoemme.com\/blog\/wp-json\/wp\/v2\/tags?post=822"}],"curies":[{"name":"wp","href":"https:\/\/api.w.org\/{rel}","templated":true}]}}