{"id":8,"date":"2007-10-04T17:38:03","date_gmt":"2007-10-04T15:38:03","guid":{"rendered":"http:\/\/www.pigrecoemme.com\/blog\/e-appena-partito-il-corso-di-fotografia\/"},"modified":"2015-01-09T00:51:49","modified_gmt":"2015-01-08T23:51:49","slug":"e-appena-partito-il-corso-di-fotografia","status":"publish","type":"post","link":"https:\/\/www.pigrecoemme.com\/blog\/e-appena-partito-il-corso-di-fotografia\/","title":{"rendered":"E&#8217; appena partito il corso di fotografia"},"content":{"rendered":"<p><a href=\"http:\/\/www.flickr.com\/photo_zoom.gne?id=1483358857&amp;size=o\" title=\"la classe di fotografia\"><img data-recalc-dims=\"1\" loading=\"lazy\" decoding=\"async\" src=\"https:\/\/i0.wp.com\/farm2.static.flickr.com\/1058\/1483358857_ac86fe9d63_m.jpg?resize=240%2C182\" alt=\"La classe di fotografia\" style=\"float: left\" height=\"182\" width=\"240\" \/><\/a>Sedici i ragazzi che hanno iniziato oggi il modulo A del <a href=\"http:\/\/www.pigrecoemme.com\/corso-fotografia\/corso-di-fotografia-2.htm\">corso di fotografia<\/a> di Pigrecoemme, condotto da <a href=\"http:\/\/www.pigrecoemme.com\/corso-fotografia\/luca-sorbo.htm\">Luca Sorbo<\/a>. Ne avremmo dovuti accettare massimo quindici, ma per colpa di un errore di chi scrive,  il numero chiuso \u00e8 saltato. Spero che nessuno si risenta per questo errore commesso in buona fede \ud83d\ude00<\/p>\n<p>In realt\u00e0 la saletta per le lezioni potrebbe contenere agevolmente anche un numero pi\u00f9 elevato di allievi. Quel che verrebbe a mancare sarebbe la possibilit\u00e0, da parte dei docenti, di seguire con attenzione il lavoro di tutti e noi non vogliamo assolutamente che un corso si riveli, per chi vi investe  tempo, denaro e passione, qualcosa di men che piacevole, qualcosa di non istruttivo.<\/p>\n<p>Le richieste per questo corso di fotografia hanno superato ogni aspettativa: con le persone che non abbiamo potuto accettare avremmo potuto aprire un&#8217;altra classe parallela, ma non abbiamo ancora avuto modo di vedere come incastrare questo ipotetico ed imprevisto corso nel calendario, fittissimo, delle nostre attivit\u00e0: seguite il sito o iscrivetevi alla newsletter (in fondo alla lista di corsi, nell&#8217;<a href=\"http:\/\/www.pigrecoemme.com\/corsi.htm\">apposita pagina<\/a>) se siete in spasmodica (!) attesa delle date d&#8217;inizio del prossimo corso.<br \/>\nUn successo, quindi, soprattutto se si pensa che pubblicizziamo questo corso quasi esclusivamente attraverso internet.  Viene tuttavia da riflettere su come i corsi &#8220;avanzati&#8221; di fotografia organizzati da Pigrecoemme, quelli dedicati al reportage ed adatti a chi sappia gi\u00e0 usare almeno un po&#8217; la macchina fotografica non raccolgano mai molti iscritti: quale pu\u00f2 essere la causa di questa scarsa affluenza? La collocazione settembrina troppo a ridosso dell&#8217;estate? o il fatto che coloro che si sentono gi\u00e0 &#8220;<em>advanced<\/em>&#8221; non sono, in fondo, interessati a corsi tematici? Su, su, dateci feedback \ud83d\ude00<\/p>\n<p>E intanto Giulio \u00e8 appena tornato dall&#8217;ufficio postale: abbiamo spedito il trailer ed il materiale stampa  che un distributore home video porter\u00e0 con s\u00e9 al MIPCON, ma questa \u00e8 un&#8217;altra storia&#8230;<\/p>\n","protected":false},"excerpt":{"rendered":"<p>Sedici i ragazzi che hanno iniziato oggi il modulo A del corso di fotografia di Pigrecoemme, condotto da Luca Sorbo. Ne avremmo dovuti accettare massimo quindici, ma per colpa di un errore di chi&hellip;<\/p>\n","protected":false},"author":1,"featured_media":0,"comment_status":"open","ping_status":"open","sticky":false,"template":"","format":"standard","meta":{"_jetpack_newsletter_access":"","_jetpack_dont_email_post_to_subs":false,"_jetpack_newsletter_tier_id":0,"_jetpack_memberships_contains_paywalled_content":false,"_jetpack_feature_clip_id":0,"_jetpack_memberships_contains_paid_content":false,"footnotes":"","jetpack_post_was_ever_published":false},"categories":[3],"tags":[22,23,1283],"class_list":["post-8","post","type-post","status-publish","format-standard","hentry","category-scuola-di-cinema","tag-corsi","tag-corso-fotografia","tag-fotografia"],"yoast_head":"<!-- This site is optimized with the Yoast SEO plugin v28.4 - https:\/\/yoast.com\/product\/yoast-seo-wordpress\/ -->\n<title>E&#039; appena partito il corso di fotografia<\/title>\n<meta name=\"robots\" content=\"index, follow, max-snippet:-1, max-image-preview:large, max-video-preview:-1\" \/>\n<link rel=\"canonical\" href=\"https:\/\/www.pigrecoemme.com\/blog\/e-appena-partito-il-corso-di-fotografia\/\" \/>\n<meta property=\"og:locale\" content=\"it_IT\" \/>\n<meta property=\"og:type\" content=\"article\" \/>\n<meta property=\"og:title\" content=\"E&#039; appena partito il corso di fotografia\" \/>\n<meta property=\"og:description\" content=\"A Napoli, dal 2000\" \/>\n<meta property=\"og:url\" content=\"https:\/\/www.pigrecoemme.com\/blog\/e-appena-partito-il-corso-di-fotografia\/\" \/>\n<meta property=\"og:site_name\" content=\"Scuola di Cinema Pigrecoemme - Blog\" \/>\n<meta property=\"article:publisher\" content=\"https:\/\/www.facebook.com\/pigrecoemme\" \/>\n<meta property=\"article:author\" content=\"https:\/\/www.facebook.com\/giacomo.fabbrocino\" \/>\n<meta property=\"article:published_time\" content=\"2007-10-04T15:38:03+00:00\" \/>\n<meta property=\"article:modified_time\" content=\"2015-01-08T23:51:49+00:00\" \/>\n<meta property=\"og:image\" content=\"http:\/\/farm2.static.flickr.com\/1058\/1483358857_ac86fe9d63_m.jpg\" \/>\n<meta name=\"author\" content=\"Giacomo Fabbrocino\" \/>\n<meta name=\"twitter:card\" content=\"summary_large_image\" \/>\n<meta name=\"twitter:creator\" content=\"@Pigrecoemme\" \/>\n<meta name=\"twitter:site\" content=\"@Pigrecoemme\" \/>\n<meta name=\"twitter:label1\" content=\"Scritto da\" \/>\n\t<meta name=\"twitter:data1\" content=\"Giacomo Fabbrocino\" \/>\n\t<meta name=\"twitter:label2\" content=\"Tempo di lettura stimato\" \/>\n\t<meta name=\"twitter:data2\" content=\"2 minuti\" \/>\n<script type=\"application\/ld+json\" class=\"yoast-schema-graph\">{\"@context\":\"https:\\\/\\\/schema.org\",\"@graph\":[{\"@type\":[\"Article\",\"BlogPosting\"],\"@id\":\"https:\\\/\\\/www.pigrecoemme.com\\\/blog\\\/e-appena-partito-il-corso-di-fotografia\\\/#article\",\"isPartOf\":{\"@id\":\"https:\\\/\\\/www.pigrecoemme.com\\\/blog\\\/e-appena-partito-il-corso-di-fotografia\\\/\"},\"author\":{\"name\":\"Giacomo Fabbrocino\",\"@id\":\"https:\\\/\\\/www.pigrecoemme.com\\\/blog\\\/#\\\/schema\\\/person\\\/57fa822c3d209d3a2612fd0411ae63f4\"},\"headline\":\"E&#8217; appena partito il corso di fotografia\",\"datePublished\":\"2007-10-04T15:38:03+00:00\",\"dateModified\":\"2015-01-08T23:51:49+00:00\",\"mainEntityOfPage\":{\"@id\":\"https:\\\/\\\/www.pigrecoemme.com\\\/blog\\\/e-appena-partito-il-corso-di-fotografia\\\/\"},\"wordCount\":320,\"commentCount\":2,\"publisher\":{\"@id\":\"https:\\\/\\\/www.pigrecoemme.com\\\/blog\\\/#organization\"},\"image\":{\"@id\":\"https:\\\/\\\/www.pigrecoemme.com\\\/blog\\\/e-appena-partito-il-corso-di-fotografia\\\/#primaryimage\"},\"thumbnailUrl\":\"http:\\\/\\\/farm2.static.flickr.com\\\/1058\\\/1483358857_ac86fe9d63_m.jpg\",\"keywords\":[\"corsi\",\"corso fotografia\",\"fotografia\"],\"articleSection\":[\"Scuola di cinema\"],\"inLanguage\":\"it-IT\",\"potentialAction\":[{\"@type\":\"CommentAction\",\"name\":\"Comment\",\"target\":[\"https:\\\/\\\/www.pigrecoemme.com\\\/blog\\\/e-appena-partito-il-corso-di-fotografia\\\/#respond\"]}]},{\"@type\":\"WebPage\",\"@id\":\"https:\\\/\\\/www.pigrecoemme.com\\\/blog\\\/e-appena-partito-il-corso-di-fotografia\\\/\",\"url\":\"https:\\\/\\\/www.pigrecoemme.com\\\/blog\\\/e-appena-partito-il-corso-di-fotografia\\\/\",\"name\":\"E' appena partito il corso di fotografia\",\"isPartOf\":{\"@id\":\"https:\\\/\\\/www.pigrecoemme.com\\\/blog\\\/#website\"},\"primaryImageOfPage\":{\"@id\":\"https:\\\/\\\/www.pigrecoemme.com\\\/blog\\\/e-appena-partito-il-corso-di-fotografia\\\/#primaryimage\"},\"image\":{\"@id\":\"https:\\\/\\\/www.pigrecoemme.com\\\/blog\\\/e-appena-partito-il-corso-di-fotografia\\\/#primaryimage\"},\"thumbnailUrl\":\"http:\\\/\\\/farm2.static.flickr.com\\\/1058\\\/1483358857_ac86fe9d63_m.jpg\",\"datePublished\":\"2007-10-04T15:38:03+00:00\",\"dateModified\":\"2015-01-08T23:51:49+00:00\",\"breadcrumb\":{\"@id\":\"https:\\\/\\\/www.pigrecoemme.com\\\/blog\\\/e-appena-partito-il-corso-di-fotografia\\\/#breadcrumb\"},\"inLanguage\":\"it-IT\",\"potentialAction\":[{\"@type\":\"ReadAction\",\"target\":[\"https:\\\/\\\/www.pigrecoemme.com\\\/blog\\\/e-appena-partito-il-corso-di-fotografia\\\/\"]}]},{\"@type\":\"ImageObject\",\"inLanguage\":\"it-IT\",\"@id\":\"https:\\\/\\\/www.pigrecoemme.com\\\/blog\\\/e-appena-partito-il-corso-di-fotografia\\\/#primaryimage\",\"url\":\"http:\\\/\\\/farm2.static.flickr.com\\\/1058\\\/1483358857_ac86fe9d63_m.jpg\",\"contentUrl\":\"http:\\\/\\\/farm2.static.flickr.com\\\/1058\\\/1483358857_ac86fe9d63_m.jpg\"},{\"@type\":\"BreadcrumbList\",\"@id\":\"https:\\\/\\\/www.pigrecoemme.com\\\/blog\\\/e-appena-partito-il-corso-di-fotografia\\\/#breadcrumb\",\"itemListElement\":[{\"@type\":\"ListItem\",\"position\":1,\"name\":\"Home\",\"item\":\"https:\\\/\\\/www.pigrecoemme.com\\\/blog\\\/\"},{\"@type\":\"ListItem\",\"position\":2,\"name\":\"E&#8217; appena partito il corso di fotografia\"}]},{\"@type\":\"WebSite\",\"@id\":\"https:\\\/\\\/www.pigrecoemme.com\\\/blog\\\/#website\",\"url\":\"https:\\\/\\\/www.pigrecoemme.com\\\/blog\\\/\",\"name\":\"Scuola di Cinema Pigrecoemme - Blog\",\"description\":\"Siamo la prima Scuola di Cinema e Fotografia di Napoli\",\"publisher\":{\"@id\":\"https:\\\/\\\/www.pigrecoemme.com\\\/blog\\\/#organization\"},\"potentialAction\":[{\"@type\":\"SearchAction\",\"target\":{\"@type\":\"EntryPoint\",\"urlTemplate\":\"https:\\\/\\\/www.pigrecoemme.com\\\/blog\\\/?s={search_term_string}\"},\"query-input\":{\"@type\":\"PropertyValueSpecification\",\"valueRequired\":true,\"valueName\":\"search_term_string\"}}],\"inLanguage\":\"it-IT\"},{\"@type\":\"Organization\",\"@id\":\"https:\\\/\\\/www.pigrecoemme.com\\\/blog\\\/#organization\",\"name\":\"Scuola di cinema e fotografia Pigrecoemme\",\"url\":\"https:\\\/\\\/www.pigrecoemme.com\\\/blog\\\/\",\"logo\":{\"@type\":\"ImageObject\",\"inLanguage\":\"it-IT\",\"@id\":\"https:\\\/\\\/www.pigrecoemme.com\\\/blog\\\/#\\\/schema\\\/logo\\\/image\\\/\",\"url\":\"https:\\\/\\\/i0.wp.com\\\/www.pigrecoemme.com\\\/blog\\\/wp-content\\\/uploads\\\/2018\\\/06\\\/logo-pigrecoemme-2018.png?fit=500%2C500&ssl=1\",\"contentUrl\":\"https:\\\/\\\/i0.wp.com\\\/www.pigrecoemme.com\\\/blog\\\/wp-content\\\/uploads\\\/2018\\\/06\\\/logo-pigrecoemme-2018.png?fit=500%2C500&ssl=1\",\"width\":500,\"height\":500,\"caption\":\"Scuola di cinema e fotografia Pigrecoemme\"},\"image\":{\"@id\":\"https:\\\/\\\/www.pigrecoemme.com\\\/blog\\\/#\\\/schema\\\/logo\\\/image\\\/\"},\"sameAs\":[\"https:\\\/\\\/www.facebook.com\\\/pigrecoemme\",\"https:\\\/\\\/x.com\\\/Pigrecoemme\",\"https:\\\/\\\/www.instagram.com\\\/pigrecoemme\\\/\",\"https:\\\/\\\/www.linkedin.com\\\/company\\\/pigrecoemme\\\/\",\"https:\\\/\\\/www.youtube.com\\\/pigrecoemme\"]},{\"@type\":\"Person\",\"@id\":\"https:\\\/\\\/www.pigrecoemme.com\\\/blog\\\/#\\\/schema\\\/person\\\/57fa822c3d209d3a2612fd0411ae63f4\",\"name\":\"Giacomo Fabbrocino\",\"image\":{\"@type\":\"ImageObject\",\"inLanguage\":\"it-IT\",\"@id\":\"https:\\\/\\\/secure.gravatar.com\\\/avatar\\\/0e4dfd4d05c06a03fffaffeb36fb181415ba11b91a6b566fa2e8ada75927db32?s=96&r=g\",\"url\":\"https:\\\/\\\/secure.gravatar.com\\\/avatar\\\/0e4dfd4d05c06a03fffaffeb36fb181415ba11b91a6b566fa2e8ada75927db32?s=96&r=g\",\"contentUrl\":\"https:\\\/\\\/secure.gravatar.com\\\/avatar\\\/0e4dfd4d05c06a03fffaffeb36fb181415ba11b91a6b566fa2e8ada75927db32?s=96&r=g\",\"caption\":\"Giacomo Fabbrocino\"},\"description\":\"Montatore cinematografico, autore di documentari sull'arte e di video d'artista, Giacomo \u00e8 responsabile della didattica e della comunicazione web della Scuola di Cinema, Fotografia e Televisione Pigrecoemme di Napoli.\",\"sameAs\":[\"http:\\\/\\\/www.pigrecoemme.com\\\/\",\"https:\\\/\\\/www.facebook.com\\\/giacomo.fabbrocino\"],\"url\":\"https:\\\/\\\/www.pigrecoemme.com\\\/blog\\\/author\\\/giacomo-fabbrocino\\\/\"}]}<\/script>\n<!-- \/ Yoast SEO plugin. -->","yoast_head_json":{"title":"E' appena partito il corso di fotografia","robots":{"index":"index","follow":"follow","max-snippet":"max-snippet:-1","max-image-preview":"max-image-preview:large","max-video-preview":"max-video-preview:-1"},"canonical":"https:\/\/www.pigrecoemme.com\/blog\/e-appena-partito-il-corso-di-fotografia\/","og_locale":"it_IT","og_type":"article","og_title":"E' appena partito il corso di fotografia","og_description":"A Napoli, dal 2000","og_url":"https:\/\/www.pigrecoemme.com\/blog\/e-appena-partito-il-corso-di-fotografia\/","og_site_name":"Scuola di Cinema Pigrecoemme - Blog","article_publisher":"https:\/\/www.facebook.com\/pigrecoemme","article_author":"https:\/\/www.facebook.com\/giacomo.fabbrocino","article_published_time":"2007-10-04T15:38:03+00:00","article_modified_time":"2015-01-08T23:51:49+00:00","og_image":[{"url":"http:\/\/farm2.static.flickr.com\/1058\/1483358857_ac86fe9d63_m.jpg","type":"","width":"","height":""}],"author":"Giacomo Fabbrocino","twitter_card":"summary_large_image","twitter_creator":"@Pigrecoemme","twitter_site":"@Pigrecoemme","twitter_misc":{"Scritto da":"Giacomo Fabbrocino","Tempo di lettura stimato":"2 minuti"},"schema":{"@context":"https:\/\/schema.org","@graph":[{"@type":["Article","BlogPosting"],"@id":"https:\/\/www.pigrecoemme.com\/blog\/e-appena-partito-il-corso-di-fotografia\/#article","isPartOf":{"@id":"https:\/\/www.pigrecoemme.com\/blog\/e-appena-partito-il-corso-di-fotografia\/"},"author":{"name":"Giacomo Fabbrocino","@id":"https:\/\/www.pigrecoemme.com\/blog\/#\/schema\/person\/57fa822c3d209d3a2612fd0411ae63f4"},"headline":"E&#8217; appena partito il corso di fotografia","datePublished":"2007-10-04T15:38:03+00:00","dateModified":"2015-01-08T23:51:49+00:00","mainEntityOfPage":{"@id":"https:\/\/www.pigrecoemme.com\/blog\/e-appena-partito-il-corso-di-fotografia\/"},"wordCount":320,"commentCount":2,"publisher":{"@id":"https:\/\/www.pigrecoemme.com\/blog\/#organization"},"image":{"@id":"https:\/\/www.pigrecoemme.com\/blog\/e-appena-partito-il-corso-di-fotografia\/#primaryimage"},"thumbnailUrl":"http:\/\/farm2.static.flickr.com\/1058\/1483358857_ac86fe9d63_m.jpg","keywords":["corsi","corso fotografia","fotografia"],"articleSection":["Scuola di cinema"],"inLanguage":"it-IT","potentialAction":[{"@type":"CommentAction","name":"Comment","target":["https:\/\/www.pigrecoemme.com\/blog\/e-appena-partito-il-corso-di-fotografia\/#respond"]}]},{"@type":"WebPage","@id":"https:\/\/www.pigrecoemme.com\/blog\/e-appena-partito-il-corso-di-fotografia\/","url":"https:\/\/www.pigrecoemme.com\/blog\/e-appena-partito-il-corso-di-fotografia\/","name":"E' appena partito il corso di fotografia","isPartOf":{"@id":"https:\/\/www.pigrecoemme.com\/blog\/#website"},"primaryImageOfPage":{"@id":"https:\/\/www.pigrecoemme.com\/blog\/e-appena-partito-il-corso-di-fotografia\/#primaryimage"},"image":{"@id":"https:\/\/www.pigrecoemme.com\/blog\/e-appena-partito-il-corso-di-fotografia\/#primaryimage"},"thumbnailUrl":"http:\/\/farm2.static.flickr.com\/1058\/1483358857_ac86fe9d63_m.jpg","datePublished":"2007-10-04T15:38:03+00:00","dateModified":"2015-01-08T23:51:49+00:00","breadcrumb":{"@id":"https:\/\/www.pigrecoemme.com\/blog\/e-appena-partito-il-corso-di-fotografia\/#breadcrumb"},"inLanguage":"it-IT","potentialAction":[{"@type":"ReadAction","target":["https:\/\/www.pigrecoemme.com\/blog\/e-appena-partito-il-corso-di-fotografia\/"]}]},{"@type":"ImageObject","inLanguage":"it-IT","@id":"https:\/\/www.pigrecoemme.com\/blog\/e-appena-partito-il-corso-di-fotografia\/#primaryimage","url":"http:\/\/farm2.static.flickr.com\/1058\/1483358857_ac86fe9d63_m.jpg","contentUrl":"http:\/\/farm2.static.flickr.com\/1058\/1483358857_ac86fe9d63_m.jpg"},{"@type":"BreadcrumbList","@id":"https:\/\/www.pigrecoemme.com\/blog\/e-appena-partito-il-corso-di-fotografia\/#breadcrumb","itemListElement":[{"@type":"ListItem","position":1,"name":"Home","item":"https:\/\/www.pigrecoemme.com\/blog\/"},{"@type":"ListItem","position":2,"name":"E&#8217; appena partito il corso di fotografia"}]},{"@type":"WebSite","@id":"https:\/\/www.pigrecoemme.com\/blog\/#website","url":"https:\/\/www.pigrecoemme.com\/blog\/","name":"Scuola di Cinema Pigrecoemme - Blog","description":"Siamo la prima Scuola di Cinema e Fotografia di Napoli","publisher":{"@id":"https:\/\/www.pigrecoemme.com\/blog\/#organization"},"potentialAction":[{"@type":"SearchAction","target":{"@type":"EntryPoint","urlTemplate":"https:\/\/www.pigrecoemme.com\/blog\/?s={search_term_string}"},"query-input":{"@type":"PropertyValueSpecification","valueRequired":true,"valueName":"search_term_string"}}],"inLanguage":"it-IT"},{"@type":"Organization","@id":"https:\/\/www.pigrecoemme.com\/blog\/#organization","name":"Scuola di cinema e fotografia Pigrecoemme","url":"https:\/\/www.pigrecoemme.com\/blog\/","logo":{"@type":"ImageObject","inLanguage":"it-IT","@id":"https:\/\/www.pigrecoemme.com\/blog\/#\/schema\/logo\/image\/","url":"https:\/\/i0.wp.com\/www.pigrecoemme.com\/blog\/wp-content\/uploads\/2018\/06\/logo-pigrecoemme-2018.png?fit=500%2C500&ssl=1","contentUrl":"https:\/\/i0.wp.com\/www.pigrecoemme.com\/blog\/wp-content\/uploads\/2018\/06\/logo-pigrecoemme-2018.png?fit=500%2C500&ssl=1","width":500,"height":500,"caption":"Scuola di cinema e fotografia Pigrecoemme"},"image":{"@id":"https:\/\/www.pigrecoemme.com\/blog\/#\/schema\/logo\/image\/"},"sameAs":["https:\/\/www.facebook.com\/pigrecoemme","https:\/\/x.com\/Pigrecoemme","https:\/\/www.instagram.com\/pigrecoemme\/","https:\/\/www.linkedin.com\/company\/pigrecoemme\/","https:\/\/www.youtube.com\/pigrecoemme"]},{"@type":"Person","@id":"https:\/\/www.pigrecoemme.com\/blog\/#\/schema\/person\/57fa822c3d209d3a2612fd0411ae63f4","name":"Giacomo Fabbrocino","image":{"@type":"ImageObject","inLanguage":"it-IT","@id":"https:\/\/secure.gravatar.com\/avatar\/0e4dfd4d05c06a03fffaffeb36fb181415ba11b91a6b566fa2e8ada75927db32?s=96&r=g","url":"https:\/\/secure.gravatar.com\/avatar\/0e4dfd4d05c06a03fffaffeb36fb181415ba11b91a6b566fa2e8ada75927db32?s=96&r=g","contentUrl":"https:\/\/secure.gravatar.com\/avatar\/0e4dfd4d05c06a03fffaffeb36fb181415ba11b91a6b566fa2e8ada75927db32?s=96&r=g","caption":"Giacomo Fabbrocino"},"description":"Montatore cinematografico, autore di documentari sull'arte e di video d'artista, Giacomo \u00e8 responsabile della didattica e della comunicazione web della Scuola di Cinema, Fotografia e Televisione Pigrecoemme di Napoli.","sameAs":["http:\/\/www.pigrecoemme.com\/","https:\/\/www.facebook.com\/giacomo.fabbrocino"],"url":"https:\/\/www.pigrecoemme.com\/blog\/author\/giacomo-fabbrocino\/"}]}},"jetpack_sharing_enabled":true,"jetpack_likes_enabled":true,"jetpack-related-posts":[{"id":3196,"url":"https:\/\/www.pigrecoemme.com\/blog\/corso-di-fotografia-open-day-il-9-settembre\/","url_meta":{"origin":8,"position":0},"title":"Corso di fotografia: open day il 9 settembre!","author":"Pigrecoemme","date":"22 Agosto 2022","format":false,"excerpt":"Il mondo della fotografia \u00e8 cambiato radicalmente con l\u2019avvento dei social network. I mezzi moderni troppo facilmente producono migliaia di immagini pr\u00eat-\u00e0-porter - presto dimenticate in archivi digitali - e convincono troppo spesso il novello fotoamatore di essere l\u2019erede di Ansel Adams. Tutto questo, ovviamente, ricade sul mercato professionale, gi\u00e0\u2026","rel":"","context":"In &quot;Eventi&quot;","block_context":{"text":"Eventi","link":"https:\/\/www.pigrecoemme.com\/blog\/eventi\/"},"img":{"alt_text":"open day fotografia","src":"https:\/\/i0.wp.com\/www.pigrecoemme.com\/blog\/wp-content\/uploads\/2022\/08\/open-day-fotografia.jpg?resize=350%2C200&ssl=1","width":350,"height":200,"srcset":"https:\/\/i0.wp.com\/www.pigrecoemme.com\/blog\/wp-content\/uploads\/2022\/08\/open-day-fotografia.jpg?resize=350%2C200&ssl=1 1x, https:\/\/i0.wp.com\/www.pigrecoemme.com\/blog\/wp-content\/uploads\/2022\/08\/open-day-fotografia.jpg?resize=525%2C300&ssl=1 1.5x, https:\/\/i0.wp.com\/www.pigrecoemme.com\/blog\/wp-content\/uploads\/2022\/08\/open-day-fotografia.jpg?resize=700%2C400&ssl=1 2x, https:\/\/i0.wp.com\/www.pigrecoemme.com\/blog\/wp-content\/uploads\/2022\/08\/open-day-fotografia.jpg?resize=1050%2C600&ssl=1 3x, https:\/\/i0.wp.com\/www.pigrecoemme.com\/blog\/wp-content\/uploads\/2022\/08\/open-day-fotografia.jpg?resize=1400%2C800&ssl=1 4x"},"classes":[]},{"id":356,"url":"https:\/\/www.pigrecoemme.com\/blog\/il-nuovo-corso-di-fotogiornalismo-parte-il-14-maggio-a-napoli\/","url_meta":{"origin":8,"position":1},"title":"Il nuovo corso di fotogiornalismo parte il 14 maggio a Napoli","author":"Giacomo Fabbrocino","date":"6 Aprile 2011","format":false,"excerpt":"Parte Sabato 14 maggio a Napoli il nuovo corso di Fotogiornalismo di Pigrecoemme, che quest\u2019anno presenta, oltre all\u2019ormai consolidata collaborazione con l\u2019agenzia romana Graffiti Press (che fornir\u00e0 gli accrediti giornalistici e lo stage finale), alcune interessanti novit\u00e0, tra cui una sezione del corso dedicata alla fotografia naturalistica, a cura di\u2026","rel":"","context":"In &quot;Fotografia&quot;","block_context":{"text":"Fotografia","link":"https:\/\/www.pigrecoemme.com\/blog\/fotografia\/"},"img":{"alt_text":"","src":"https:\/\/i0.wp.com\/www.pigrecoemme.com\/corso-fotografia\/corso-fotogiornalismo-social.jpg?resize=350%2C200","width":350,"height":200},"classes":[]},{"id":3994,"url":"https:\/\/www.pigrecoemme.com\/blog\/corso-di-fotografia-analogica-a-napoli-maggio-2026\/","url_meta":{"origin":8,"position":2},"title":"Corso di fotografia analogica a Napoli: al via l\u201911 maggio 2026","author":"Pigrecoemme","date":"16 Aprile 2026","format":false,"excerpt":"La fotografia analogica continua a esercitare un fascino speciale su chi vuole andare oltre l\u2019automatismo del digitale e tornare a un rapporto pi\u00f9 consapevole con l\u2019immagine. Proprio per questo, alla Pigrecoemme parte un nuovo corso di fotografia analogica a Napoli, dedicato a chi desidera lavorare con la pellicola, conoscere i\u2026","rel":"","context":"In &quot;Fotografia&quot;","block_context":{"text":"Fotografia","link":"https:\/\/www.pigrecoemme.com\/blog\/fotografia\/"},"img":{"alt_text":"","src":"","width":0,"height":0},"classes":[]},{"id":476,"url":"https:\/\/www.pigrecoemme.com\/blog\/riaprono-le-iscrizioni-ai-corsi-di-cinema-e-fotografia\/","url_meta":{"origin":8,"position":3},"title":"Riaprono le iscrizioni ai corsi di cinema e fotografia","author":"Giacomo Fabbrocino","date":"3 Marzo 2012","format":false,"excerpt":"Si avvicina il ciclo primaverile di corsi di cinema e fotografia e, di conseguenza, riaprono le iscrizioni.I nostri corsi sul cinema partono dalle basi e si rivolgono a coloro che vogliano cimentarsi con le tecniche e i linguaggi dell'audiovisivo per iniziare un percorso professionalizzante o per accrescere il proprio bagaglio\u2026","rel":"","context":"In &quot;Fotografia&quot;","block_context":{"text":"Fotografia","link":"https:\/\/www.pigrecoemme.com\/blog\/fotografia\/"},"img":{"alt_text":"corso master cinema napoli","src":"https:\/\/i0.wp.com\/www.pigrecoemme.com\/blog\/wp-content\/uploads\/2016\/04\/corso-master-2016-2017.jpg?resize=350%2C200&ssl=1","width":350,"height":200,"srcset":"https:\/\/i0.wp.com\/www.pigrecoemme.com\/blog\/wp-content\/uploads\/2016\/04\/corso-master-2016-2017.jpg?resize=350%2C200&ssl=1 1x, https:\/\/i0.wp.com\/www.pigrecoemme.com\/blog\/wp-content\/uploads\/2016\/04\/corso-master-2016-2017.jpg?resize=525%2C300&ssl=1 1.5x, https:\/\/i0.wp.com\/www.pigrecoemme.com\/blog\/wp-content\/uploads\/2016\/04\/corso-master-2016-2017.jpg?resize=700%2C400&ssl=1 2x"},"classes":[]},{"id":3242,"url":"https:\/\/www.pigrecoemme.com\/blog\/riaprono-le-iscrizioni-ai-corsi-di-cinema-e-fotografia-2\/","url_meta":{"origin":8,"position":4},"title":"Riaprono le iscrizioni ai corsi di cinema e fotografia.","author":"Pigrecoemme","date":"23 Novembre 2022","format":false,"excerpt":"Volete seguire un corso di cinema breve, uno pi\u00f9 lungo e articolato che vi renda in grado di lavorare nel settore, un seminario online di analisi del film o un corso di fotografia in grado di portarvi da zero ad un livello di competenza spendibile in ambito professionale? Li avete\u2026","rel":"","context":"In &quot;Generale&quot;","block_context":{"text":"Generale","link":"https:\/\/www.pigrecoemme.com\/blog\/generale\/"},"img":{"alt_text":"scuola di cinema a napoli","src":"https:\/\/i0.wp.com\/www.pigrecoemme.com\/blog\/wp-content\/uploads\/2022\/11\/scuola-di-cinema-napoli-pigrecoemme.jpg?resize=350%2C200&ssl=1","width":350,"height":200,"srcset":"https:\/\/i0.wp.com\/www.pigrecoemme.com\/blog\/wp-content\/uploads\/2022\/11\/scuola-di-cinema-napoli-pigrecoemme.jpg?resize=350%2C200&ssl=1 1x, https:\/\/i0.wp.com\/www.pigrecoemme.com\/blog\/wp-content\/uploads\/2022\/11\/scuola-di-cinema-napoli-pigrecoemme.jpg?resize=525%2C300&ssl=1 1.5x, https:\/\/i0.wp.com\/www.pigrecoemme.com\/blog\/wp-content\/uploads\/2022\/11\/scuola-di-cinema-napoli-pigrecoemme.jpg?resize=700%2C400&ssl=1 2x, https:\/\/i0.wp.com\/www.pigrecoemme.com\/blog\/wp-content\/uploads\/2022\/11\/scuola-di-cinema-napoli-pigrecoemme.jpg?resize=1050%2C600&ssl=1 3x"},"classes":[]},{"id":2046,"url":"https:\/\/www.pigrecoemme.com\/blog\/un-corso-photoshop-rapido-ed-efficace\/","url_meta":{"origin":8,"position":5},"title":"Cerchi un corso di Photoshop rapido ed efficace per migliorare le tue competenze fotografiche?","author":"Pigrecoemme","date":"19 Febbraio 2018","format":false,"excerpt":"Nel tempo il corso di fotografia organizzato dalla Pigrecoemme a Napoli si \u00e8 sviluppato per offrire ai suoi allievi la possibilit\u00e0 di affrontare tutti gli aspetti della fotografia. Uno dei punti salienti del corso \u00e8 il Modulo D, dedicato all'uso di Photoshop. Studiato per chi abbia gi\u00e0 possesso delle basi\u2026","rel":"","context":"In &quot;Fotografia&quot;","block_context":{"text":"Fotografia","link":"https:\/\/www.pigrecoemme.com\/blog\/fotografia\/"},"img":{"alt_text":"","src":"https:\/\/i0.wp.com\/www.pigrecoemme.com\/blog\/wp-content\/uploads\/2018\/02\/corso-photoshop-napoli.jpg?resize=350%2C200","width":350,"height":200,"srcset":"https:\/\/i0.wp.com\/www.pigrecoemme.com\/blog\/wp-content\/uploads\/2018\/02\/corso-photoshop-napoli.jpg?resize=350%2C200 1x, https:\/\/i0.wp.com\/www.pigrecoemme.com\/blog\/wp-content\/uploads\/2018\/02\/corso-photoshop-napoli.jpg?resize=525%2C300 1.5x, https:\/\/i0.wp.com\/www.pigrecoemme.com\/blog\/wp-content\/uploads\/2018\/02\/corso-photoshop-napoli.jpg?resize=700%2C400 2x"},"classes":[]}],"jetpack_featured_media_url":"","_links":{"self":[{"href":"https:\/\/www.pigrecoemme.com\/blog\/wp-json\/wp\/v2\/posts\/8","targetHints":{"allow":["GET"]}}],"collection":[{"href":"https:\/\/www.pigrecoemme.com\/blog\/wp-json\/wp\/v2\/posts"}],"about":[{"href":"https:\/\/www.pigrecoemme.com\/blog\/wp-json\/wp\/v2\/types\/post"}],"author":[{"embeddable":true,"href":"https:\/\/www.pigrecoemme.com\/blog\/wp-json\/wp\/v2\/users\/1"}],"replies":[{"embeddable":true,"href":"https:\/\/www.pigrecoemme.com\/blog\/wp-json\/wp\/v2\/comments?post=8"}],"version-history":[{"count":0,"href":"https:\/\/www.pigrecoemme.com\/blog\/wp-json\/wp\/v2\/posts\/8\/revisions"}],"wp:attachment":[{"href":"https:\/\/www.pigrecoemme.com\/blog\/wp-json\/wp\/v2\/media?parent=8"}],"wp:term":[{"taxonomy":"category","embeddable":true,"href":"https:\/\/www.pigrecoemme.com\/blog\/wp-json\/wp\/v2\/categories?post=8"},{"taxonomy":"post_tag","embeddable":true,"href":"https:\/\/www.pigrecoemme.com\/blog\/wp-json\/wp\/v2\/tags?post=8"}],"curies":[{"name":"wp","href":"https:\/\/api.w.org\/{rel}","templated":true}]}}