{"id":799,"date":"2014-03-03T20:12:40","date_gmt":"2014-03-03T18:12:40","guid":{"rendered":"http:\/\/www.pigrecoemme.com\/blog\/?p=799"},"modified":"2014-03-06T20:17:31","modified_gmt":"2014-03-06T18:17:31","slug":"raffaela-mariniello-still-in-life","status":"publish","type":"post","link":"https:\/\/www.pigrecoemme.com\/blog\/raffaela-mariniello-still-in-life\/","title":{"rendered":"Raffaela Mariniello | STILL IN LIFE"},"content":{"rendered":"<p><a href=\"https:\/\/i0.wp.com\/www.pigrecoemme.com\/blog\/wp-content\/uploads\/2014\/02\/raffaela-mariniello-stil-in-life.jpg?ssl=1\"><img data-recalc-dims=\"1\" loading=\"lazy\" decoding=\"async\" class=\"aligncenter size-full wp-image-800\" title=\"raffaela-mariniello-stil-in-life\" src=\"https:\/\/i0.wp.com\/www.pigrecoemme.com\/blog\/wp-content\/uploads\/2014\/02\/raffaela-mariniello-stil-in-life.jpg?resize=500%2C185&#038;ssl=1\" alt=\"\" width=\"500\" height=\"185\" srcset=\"https:\/\/i0.wp.com\/www.pigrecoemme.com\/blog\/wp-content\/uploads\/2014\/02\/raffaela-mariniello-stil-in-life.jpg?w=715&amp;ssl=1 715w, https:\/\/i0.wp.com\/www.pigrecoemme.com\/blog\/wp-content\/uploads\/2014\/02\/raffaela-mariniello-stil-in-life.jpg?resize=300%2C111&amp;ssl=1 300w\" sizes=\"auto, (max-width: 500px) 100vw, 500px\" \/><\/a><\/p>\n<p><strong>Venerd\u00ec 7 marzo 2014<\/strong>, alle <strong>ore 19.00<\/strong>, presso lo <a href=\"http:\/\/www.studiotrisorio.com\/\">Studio Trisorio<\/a> (a Napoli, alla Riviera di Chiaia 215) s\u2019inaugura la mostra di <a href=\"http:\/\/www.raffaelamariniello.it\/\">Raffaela Mariniello<\/a> <strong>Still in Life<\/strong>. L\u2019esposizione, oltre a un <em>light box<\/em> di grande formato, un\u2019installazione e una fotografia, presenta un video realizzato da Mariniello con il nostro\u00a0<strong>Giacomo Fabbrocino<\/strong>, prodotto da <strong>Pigrecoemme<\/strong>.<\/p>\n<figure id=\"attachment_801\" aria-describedby=\"caption-attachment-801\" style=\"width: 180px\" class=\"wp-caption alignleft\"><a href=\"https:\/\/i0.wp.com\/www.pigrecoemme.com\/blog\/wp-content\/uploads\/2014\/03\/still-in-life-raffaela-mariniello-1.jpg?ssl=1\"><img data-recalc-dims=\"1\" loading=\"lazy\" decoding=\"async\" class=\"size-medium wp-image-801 \" title=\"Still In Life - Raffaela Mariniello - Trisorio \" src=\"https:\/\/i0.wp.com\/www.pigrecoemme.com\/blog\/wp-content\/uploads\/2014\/03\/still-in-life-raffaela-mariniello-1.jpg?resize=180%2C111&#038;ssl=1\" alt=\"Un frame dal video\" width=\"180\" height=\"111\" srcset=\"https:\/\/i0.wp.com\/www.pigrecoemme.com\/blog\/wp-content\/uploads\/2014\/03\/still-in-life-raffaela-mariniello-1.jpg?resize=300%2C185&amp;ssl=1 300w, https:\/\/i0.wp.com\/www.pigrecoemme.com\/blog\/wp-content\/uploads\/2014\/03\/still-in-life-raffaela-mariniello-1.jpg?w=1293&amp;ssl=1 1293w\" sizes=\"auto, (max-width: 180px) 100vw, 180px\" \/><\/a><figcaption id=\"caption-attachment-801\" class=\"wp-caption-text\">Un frame dal video<\/figcaption><\/figure>\n<p>A un anno dall\u2019incendio doloso che ha distrutto Citt\u00e0 della Scienza a Bagnoli, la fotografa napoletana \u2013 uno degli artisti pi\u00f9 sensibili e \u201cpolitici\u201d della scena europea degli ultimi anni \u2013, indaga tra le tracce del disastro (ma anche tra le pieghe del paesaggio, tra il vuoto del cielo, tra le ipotesi silenziose dei fuori campo\u2026), alla (frustra?) scoperta dei prodromi e delle ragioni profonde che hanno provocato una tale ingiustificabile dissoluzione, ferita purulenta e non rimarginabile nel tessuto profondo, urbano e simbolico, della citt\u00e0.<\/p>\n<p>Quello che emerge \u00e8 il racconto doloroso di un disastro, ma ancor pi\u00f9 che l\u2019avvilente cronaca di un\u2019irreparabile sciagura da cronaca nera, ci\u00f2 che questo lavoro scopre davvero \u00e8 la fotografia di un catastrofe morale che, in un <em>insight <\/em>luminescente ci costringe a una sorta di impietoso confronto con il \u201critratto di Dorian Gray\u201d della citt\u00e0 e dei suoi sogni, svelandoci che cosa Napoli \u00e8 infine diventata: uno spettro avvilito, l\u2019arsa carcassa delle sue ambizioni e della sua appannata grandezza.<\/p>\n<p>Potente, terribile, il grande <em>light box<\/em> ricostruisce, come se fosse un cupo fossile, i segreti e le stratificazioni di polvere e detriti di una scrivania con sopra un computer scorto in un angolo di un ufficio completamente andato a fuoco, e ci restituisce, in qualche modo, il segno della vita quotidiana che la sfiorava. Ma nella mostra Still in Life \u00e8 poi il video a palesarci definitivamente \u2013 nel segno antropico di un\u2019ombra, cos\u00ec come nelle mute soggettive e in certi carrelli rivelatori come vivisezioni \u2013 la vera perdita irrimediabile legata al rogo di Citt\u00e0 della Scienza: lo sradicamento feroce della presenza dell\u2019uomo come attore di ogni azione rigeneratrice, politica e sociale, espulso da quel paesaggio dall\u2019arroganza della violenza, come fosse per sempre.<\/p>\n<figure id=\"attachment_803\" aria-describedby=\"caption-attachment-803\" style=\"width: 180px\" class=\"wp-caption alignleft\"><a href=\"https:\/\/i0.wp.com\/www.pigrecoemme.com\/blog\/wp-content\/uploads\/2014\/03\/still-in-life-raffaela-mariniello-3.jpg?ssl=1\"><img data-recalc-dims=\"1\" loading=\"lazy\" decoding=\"async\" class=\"size-medium wp-image-803 \" title=\"Still In Life - Raffaela Mariniello - Trisorio \" src=\"https:\/\/i0.wp.com\/www.pigrecoemme.com\/blog\/wp-content\/uploads\/2014\/03\/still-in-life-raffaela-mariniello-3.jpg?resize=180%2C112&#038;ssl=1\" alt=\"Un frame dal video\" width=\"180\" height=\"112\" srcset=\"https:\/\/i0.wp.com\/www.pigrecoemme.com\/blog\/wp-content\/uploads\/2014\/03\/still-in-life-raffaela-mariniello-3.jpg?resize=300%2C187&amp;ssl=1 300w, https:\/\/i0.wp.com\/www.pigrecoemme.com\/blog\/wp-content\/uploads\/2014\/03\/still-in-life-raffaela-mariniello-3.jpg?w=1279&amp;ssl=1 1279w\" sizes=\"auto, (max-width: 180px) 100vw, 180px\" \/><\/a><figcaption id=\"caption-attachment-803\" class=\"wp-caption-text\">Un frame dal video<\/figcaption><\/figure>\n<figure id=\"attachment_802\" aria-describedby=\"caption-attachment-802\" style=\"width: 180px\" class=\"wp-caption alignleft\"><a href=\"https:\/\/i0.wp.com\/www.pigrecoemme.com\/blog\/wp-content\/uploads\/2014\/03\/still-in-life-raffaela-mariniello-2.jpg?ssl=1\"><img data-recalc-dims=\"1\" loading=\"lazy\" decoding=\"async\" class=\"size-medium wp-image-802 \" title=\"Still In Life - Raffaela Mariniello - Trisorio \" src=\"https:\/\/i0.wp.com\/www.pigrecoemme.com\/blog\/wp-content\/uploads\/2014\/03\/still-in-life-raffaela-mariniello-2.jpg?resize=180%2C112&#038;ssl=1\" alt=\"\" width=\"180\" height=\"112\" srcset=\"https:\/\/i0.wp.com\/www.pigrecoemme.com\/blog\/wp-content\/uploads\/2014\/03\/still-in-life-raffaela-mariniello-2.jpg?resize=300%2C187&amp;ssl=1 300w, https:\/\/i0.wp.com\/www.pigrecoemme.com\/blog\/wp-content\/uploads\/2014\/03\/still-in-life-raffaela-mariniello-2.jpg?w=1279&amp;ssl=1 1279w\" sizes=\"auto, (max-width: 180px) 100vw, 180px\" \/><\/a><figcaption id=\"caption-attachment-802\" class=\"wp-caption-text\">Un frame dal video<\/figcaption><\/figure>\n<p>In equilibrio sul confine tra il linguaggio del cinema e quello della fotografia, Mariniello e Fabbrocino (con Fabio Farinaro alla macchina da presa) \u00a0investigano s\u00ec il corpo defunto di Citt\u00e0 della Scienza, ma l\u2019obiettivo non \u00e8 quello di repertarne le macerie, n\u00e9 quello, in una bizzarra tassonomia necrofila, di classificare il danno. Qui la spinta a raccontare \u00e8 data dalla tensione della testimonianza sociale, ma anche dall&#8217;amore per quei luoghi, al punto che anche la bruna nudit\u00e0 della ruggine, cos\u00ec come la cancrena ossidata dell\u2019abbandono e le dune di detriti e polveri pesanti, diventano la fertile sorpresa della scoperta di forme e di colori, vivi e indomabili. \u00c8 non certo, questo, un processo di cinica appropriazione del dolo (in una, cio\u00e8, malintenzionata idea del Sublime), quanto la necessit\u00e0 di un&#8217;ostinata ricerca di un&#8217;arte che, pur nella ferale constatazione del precipizio, al fondo, scavi e gratti fino a scoprire, ogni volta, la poesia nascosta del mondo.<\/p>\n<p>E il mondo che questo video ci racconta \u00e8 proprio un mondo sull\u2019orlo della fine, e il suo gesto artistico \u00e8 quello che si muove e insegue la rinascita, perch\u00e9 capace, con vibrante empatia e un tessuto straordinario di emozioni, di raccontarci la speranza che, pur nella calma morta e polverosa delle macerie, si nasconde nella devastazione: la palingenesi indomabile della Bellezza.<\/p>\n","protected":false},"excerpt":{"rendered":"<p>Venerd\u00ec 7 marzo 2014, alle ore 19.00, presso lo Studio Trisorio (a Napoli, alla Riviera di Chiaia 215) s\u2019inaugura la mostra di Raffaela Mariniello Still in Life. L\u2019esposizione, oltre a un light box di&hellip;<\/p>\n","protected":false},"author":2,"featured_media":0,"comment_status":"open","ping_status":"open","sticky":false,"template":"","format":"standard","meta":{"_jetpack_newsletter_access":"","_jetpack_dont_email_post_to_subs":false,"_jetpack_newsletter_tier_id":0,"_jetpack_memberships_contains_paywalled_content":false,"_jetpack_feature_clip_id":0,"_jetpack_memberships_contains_paid_content":false,"footnotes":"","jetpack_post_was_ever_published":false},"categories":[11,21,1,12,731],"tags":[304,177,1282,314,867,866,569],"class_list":["post-799","post","type-post","status-publish","format-standard","hentry","category-eventi","category-fotografia","category-generale","category-produzioni","category-segnalazioni","tag-arte-contemporanea","tag-giacomo-fabbrocino","tag-produzioni","tag-raffaela-mariniello","tag-still-in-life","tag-studio-trisorio","tag-videoarte"],"yoast_head":"<!-- This site is optimized with the Yoast SEO plugin v28.3 - https:\/\/yoast.com\/product\/yoast-seo-wordpress\/ -->\n<title>Raffaela Mariniello | STILL IN LIFE<\/title>\n<meta name=\"robots\" content=\"index, follow, max-snippet:-1, max-image-preview:large, max-video-preview:-1\" \/>\n<link rel=\"canonical\" href=\"https:\/\/www.pigrecoemme.com\/blog\/raffaela-mariniello-still-in-life\/\" \/>\n<meta property=\"og:locale\" content=\"it_IT\" \/>\n<meta property=\"og:type\" content=\"article\" \/>\n<meta property=\"og:title\" content=\"Raffaela Mariniello | STILL IN LIFE\" \/>\n<meta property=\"og:description\" content=\"Venerd\u00ec 7 marzo 2014, alle ore 19.00, presso lo Studio Trisorio (a Napoli, alla Riviera di Chiaia 215) s\u2019inaugura la mostra di Raffaela Mariniello Still in Life. L\u2019esposizione, oltre a un light box di&hellip;\" \/>\n<meta property=\"og:url\" content=\"https:\/\/www.pigrecoemme.com\/blog\/raffaela-mariniello-still-in-life\/\" \/>\n<meta property=\"og:site_name\" content=\"Scuola di Cinema Pigrecoemme - Blog\" \/>\n<meta property=\"article:publisher\" content=\"https:\/\/www.facebook.com\/pigrecoemme\" \/>\n<meta property=\"article:author\" content=\"https:\/\/www.facebook.com\/corrado.morra1\" \/>\n<meta property=\"article:published_time\" content=\"2014-03-03T18:12:40+00:00\" \/>\n<meta property=\"article:modified_time\" content=\"2014-03-06T18:17:31+00:00\" \/>\n<meta property=\"og:image\" content=\"http:\/\/www.pigrecoemme.com\/blog\/wp-content\/uploads\/2014\/02\/raffaela-mariniello-stil-in-life.jpg\" \/>\n<meta name=\"author\" content=\"Corrado Morra\" \/>\n<meta name=\"twitter:card\" content=\"summary_large_image\" \/>\n<meta name=\"twitter:creator\" content=\"@Pigrecoemme\" \/>\n<meta name=\"twitter:site\" content=\"@Pigrecoemme\" \/>\n<meta name=\"twitter:label1\" content=\"Scritto da\" \/>\n\t<meta name=\"twitter:data1\" content=\"Corrado Morra\" \/>\n\t<meta name=\"twitter:label2\" content=\"Tempo di lettura stimato\" \/>\n\t<meta name=\"twitter:data2\" content=\"3 minuti\" \/>\n<script type=\"application\/ld+json\" class=\"yoast-schema-graph\">{\"@context\":\"https:\\\/\\\/schema.org\",\"@graph\":[{\"@type\":[\"Article\",\"BlogPosting\"],\"@id\":\"https:\\\/\\\/www.pigrecoemme.com\\\/blog\\\/raffaela-mariniello-still-in-life\\\/#article\",\"isPartOf\":{\"@id\":\"https:\\\/\\\/www.pigrecoemme.com\\\/blog\\\/raffaela-mariniello-still-in-life\\\/\"},\"author\":{\"name\":\"Corrado Morra\",\"@id\":\"https:\\\/\\\/www.pigrecoemme.com\\\/blog\\\/#\\\/schema\\\/person\\\/702764b5ecda4c2f34e82348789f649e\"},\"headline\":\"Raffaela Mariniello | STILL IN LIFE\",\"datePublished\":\"2014-03-03T18:12:40+00:00\",\"dateModified\":\"2014-03-06T18:17:31+00:00\",\"mainEntityOfPage\":{\"@id\":\"https:\\\/\\\/www.pigrecoemme.com\\\/blog\\\/raffaela-mariniello-still-in-life\\\/\"},\"wordCount\":599,\"commentCount\":1,\"publisher\":{\"@id\":\"https:\\\/\\\/www.pigrecoemme.com\\\/blog\\\/#organization\"},\"image\":{\"@id\":\"https:\\\/\\\/www.pigrecoemme.com\\\/blog\\\/raffaela-mariniello-still-in-life\\\/#primaryimage\"},\"thumbnailUrl\":\"http:\\\/\\\/www.pigrecoemme.com\\\/blog\\\/wp-content\\\/uploads\\\/2014\\\/02\\\/raffaela-mariniello-stil-in-life.jpg\",\"keywords\":[\"arte contemporanea\",\"Giacomo Fabbrocino\",\"Produzioni\",\"raffaela mariniello\",\"still in life\",\"studio trisorio\",\"videoarte\"],\"articleSection\":[\"Eventi\",\"Fotografia\",\"Generale\",\"Produzioni\",\"Segnalazioni\"],\"inLanguage\":\"it-IT\",\"potentialAction\":[{\"@type\":\"CommentAction\",\"name\":\"Comment\",\"target\":[\"https:\\\/\\\/www.pigrecoemme.com\\\/blog\\\/raffaela-mariniello-still-in-life\\\/#respond\"]}]},{\"@type\":\"WebPage\",\"@id\":\"https:\\\/\\\/www.pigrecoemme.com\\\/blog\\\/raffaela-mariniello-still-in-life\\\/\",\"url\":\"https:\\\/\\\/www.pigrecoemme.com\\\/blog\\\/raffaela-mariniello-still-in-life\\\/\",\"name\":\"Raffaela Mariniello | STILL IN LIFE\",\"isPartOf\":{\"@id\":\"https:\\\/\\\/www.pigrecoemme.com\\\/blog\\\/#website\"},\"primaryImageOfPage\":{\"@id\":\"https:\\\/\\\/www.pigrecoemme.com\\\/blog\\\/raffaela-mariniello-still-in-life\\\/#primaryimage\"},\"image\":{\"@id\":\"https:\\\/\\\/www.pigrecoemme.com\\\/blog\\\/raffaela-mariniello-still-in-life\\\/#primaryimage\"},\"thumbnailUrl\":\"http:\\\/\\\/www.pigrecoemme.com\\\/blog\\\/wp-content\\\/uploads\\\/2014\\\/02\\\/raffaela-mariniello-stil-in-life.jpg\",\"datePublished\":\"2014-03-03T18:12:40+00:00\",\"dateModified\":\"2014-03-06T18:17:31+00:00\",\"breadcrumb\":{\"@id\":\"https:\\\/\\\/www.pigrecoemme.com\\\/blog\\\/raffaela-mariniello-still-in-life\\\/#breadcrumb\"},\"inLanguage\":\"it-IT\",\"potentialAction\":[{\"@type\":\"ReadAction\",\"target\":[\"https:\\\/\\\/www.pigrecoemme.com\\\/blog\\\/raffaela-mariniello-still-in-life\\\/\"]}]},{\"@type\":\"ImageObject\",\"inLanguage\":\"it-IT\",\"@id\":\"https:\\\/\\\/www.pigrecoemme.com\\\/blog\\\/raffaela-mariniello-still-in-life\\\/#primaryimage\",\"url\":\"http:\\\/\\\/www.pigrecoemme.com\\\/blog\\\/wp-content\\\/uploads\\\/2014\\\/02\\\/raffaela-mariniello-stil-in-life.jpg\",\"contentUrl\":\"http:\\\/\\\/www.pigrecoemme.com\\\/blog\\\/wp-content\\\/uploads\\\/2014\\\/02\\\/raffaela-mariniello-stil-in-life.jpg\"},{\"@type\":\"BreadcrumbList\",\"@id\":\"https:\\\/\\\/www.pigrecoemme.com\\\/blog\\\/raffaela-mariniello-still-in-life\\\/#breadcrumb\",\"itemListElement\":[{\"@type\":\"ListItem\",\"position\":1,\"name\":\"Home\",\"item\":\"https:\\\/\\\/www.pigrecoemme.com\\\/blog\\\/\"},{\"@type\":\"ListItem\",\"position\":2,\"name\":\"Raffaela Mariniello | STILL IN LIFE\"}]},{\"@type\":\"WebSite\",\"@id\":\"https:\\\/\\\/www.pigrecoemme.com\\\/blog\\\/#website\",\"url\":\"https:\\\/\\\/www.pigrecoemme.com\\\/blog\\\/\",\"name\":\"Scuola di Cinema Pigrecoemme - Blog\",\"description\":\"Siamo la prima Scuola di Cinema e Fotografia di Napoli\",\"publisher\":{\"@id\":\"https:\\\/\\\/www.pigrecoemme.com\\\/blog\\\/#organization\"},\"potentialAction\":[{\"@type\":\"SearchAction\",\"target\":{\"@type\":\"EntryPoint\",\"urlTemplate\":\"https:\\\/\\\/www.pigrecoemme.com\\\/blog\\\/?s={search_term_string}\"},\"query-input\":{\"@type\":\"PropertyValueSpecification\",\"valueRequired\":true,\"valueName\":\"search_term_string\"}}],\"inLanguage\":\"it-IT\"},{\"@type\":\"Organization\",\"@id\":\"https:\\\/\\\/www.pigrecoemme.com\\\/blog\\\/#organization\",\"name\":\"Scuola di cinema e fotografia Pigrecoemme\",\"url\":\"https:\\\/\\\/www.pigrecoemme.com\\\/blog\\\/\",\"logo\":{\"@type\":\"ImageObject\",\"inLanguage\":\"it-IT\",\"@id\":\"https:\\\/\\\/www.pigrecoemme.com\\\/blog\\\/#\\\/schema\\\/logo\\\/image\\\/\",\"url\":\"https:\\\/\\\/i0.wp.com\\\/www.pigrecoemme.com\\\/blog\\\/wp-content\\\/uploads\\\/2018\\\/06\\\/logo-pigrecoemme-2018.png?fit=500%2C500&ssl=1\",\"contentUrl\":\"https:\\\/\\\/i0.wp.com\\\/www.pigrecoemme.com\\\/blog\\\/wp-content\\\/uploads\\\/2018\\\/06\\\/logo-pigrecoemme-2018.png?fit=500%2C500&ssl=1\",\"width\":500,\"height\":500,\"caption\":\"Scuola di cinema e fotografia Pigrecoemme\"},\"image\":{\"@id\":\"https:\\\/\\\/www.pigrecoemme.com\\\/blog\\\/#\\\/schema\\\/logo\\\/image\\\/\"},\"sameAs\":[\"https:\\\/\\\/www.facebook.com\\\/pigrecoemme\",\"https:\\\/\\\/x.com\\\/Pigrecoemme\",\"https:\\\/\\\/www.instagram.com\\\/pigrecoemme\\\/\",\"https:\\\/\\\/www.linkedin.com\\\/company\\\/pigrecoemme\\\/\",\"https:\\\/\\\/www.youtube.com\\\/pigrecoemme\"]},{\"@type\":\"Person\",\"@id\":\"https:\\\/\\\/www.pigrecoemme.com\\\/blog\\\/#\\\/schema\\\/person\\\/702764b5ecda4c2f34e82348789f649e\",\"name\":\"Corrado Morra\",\"image\":{\"@type\":\"ImageObject\",\"inLanguage\":\"it-IT\",\"@id\":\"https:\\\/\\\/secure.gravatar.com\\\/avatar\\\/f6ce2f6728fbdf920737112fe70682512808577befa2c9c7845c04a8449b8f03?s=96&r=g\",\"url\":\"https:\\\/\\\/secure.gravatar.com\\\/avatar\\\/f6ce2f6728fbdf920737112fe70682512808577befa2c9c7845c04a8449b8f03?s=96&r=g\",\"contentUrl\":\"https:\\\/\\\/secure.gravatar.com\\\/avatar\\\/f6ce2f6728fbdf920737112fe70682512808577befa2c9c7845c04a8449b8f03?s=96&r=g\",\"caption\":\"Corrado Morra\"},\"description\":\"Esperto di arti visive e di cinema, insegna Sceneggiatura alla Scuola di cinema Pigrecoemme di Napoli, di cui \u00e8 tra i fondatori.\",\"sameAs\":[\"http:\\\/\\\/www.pigrecoemme.com\\\/\",\"https:\\\/\\\/www.facebook.com\\\/corrado.morra1\"],\"url\":\"https:\\\/\\\/www.pigrecoemme.com\\\/blog\\\/author\\\/corrado-morra\\\/\"}]}<\/script>\n<!-- \/ Yoast SEO plugin. -->","yoast_head_json":{"title":"Raffaela Mariniello | STILL IN LIFE","robots":{"index":"index","follow":"follow","max-snippet":"max-snippet:-1","max-image-preview":"max-image-preview:large","max-video-preview":"max-video-preview:-1"},"canonical":"https:\/\/www.pigrecoemme.com\/blog\/raffaela-mariniello-still-in-life\/","og_locale":"it_IT","og_type":"article","og_title":"Raffaela Mariniello | STILL IN LIFE","og_description":"Venerd\u00ec 7 marzo 2014, alle ore 19.00, presso lo Studio Trisorio (a Napoli, alla Riviera di Chiaia 215) s\u2019inaugura la mostra di Raffaela Mariniello Still in Life. L\u2019esposizione, oltre a un light box di&hellip;","og_url":"https:\/\/www.pigrecoemme.com\/blog\/raffaela-mariniello-still-in-life\/","og_site_name":"Scuola di Cinema Pigrecoemme - Blog","article_publisher":"https:\/\/www.facebook.com\/pigrecoemme","article_author":"https:\/\/www.facebook.com\/corrado.morra1","article_published_time":"2014-03-03T18:12:40+00:00","article_modified_time":"2014-03-06T18:17:31+00:00","og_image":[{"url":"http:\/\/www.pigrecoemme.com\/blog\/wp-content\/uploads\/2014\/02\/raffaela-mariniello-stil-in-life.jpg","type":"","width":"","height":""}],"author":"Corrado Morra","twitter_card":"summary_large_image","twitter_creator":"@Pigrecoemme","twitter_site":"@Pigrecoemme","twitter_misc":{"Scritto da":"Corrado Morra","Tempo di lettura stimato":"3 minuti"},"schema":{"@context":"https:\/\/schema.org","@graph":[{"@type":["Article","BlogPosting"],"@id":"https:\/\/www.pigrecoemme.com\/blog\/raffaela-mariniello-still-in-life\/#article","isPartOf":{"@id":"https:\/\/www.pigrecoemme.com\/blog\/raffaela-mariniello-still-in-life\/"},"author":{"name":"Corrado Morra","@id":"https:\/\/www.pigrecoemme.com\/blog\/#\/schema\/person\/702764b5ecda4c2f34e82348789f649e"},"headline":"Raffaela Mariniello | STILL IN LIFE","datePublished":"2014-03-03T18:12:40+00:00","dateModified":"2014-03-06T18:17:31+00:00","mainEntityOfPage":{"@id":"https:\/\/www.pigrecoemme.com\/blog\/raffaela-mariniello-still-in-life\/"},"wordCount":599,"commentCount":1,"publisher":{"@id":"https:\/\/www.pigrecoemme.com\/blog\/#organization"},"image":{"@id":"https:\/\/www.pigrecoemme.com\/blog\/raffaela-mariniello-still-in-life\/#primaryimage"},"thumbnailUrl":"http:\/\/www.pigrecoemme.com\/blog\/wp-content\/uploads\/2014\/02\/raffaela-mariniello-stil-in-life.jpg","keywords":["arte contemporanea","Giacomo Fabbrocino","Produzioni","raffaela mariniello","still in life","studio trisorio","videoarte"],"articleSection":["Eventi","Fotografia","Generale","Produzioni","Segnalazioni"],"inLanguage":"it-IT","potentialAction":[{"@type":"CommentAction","name":"Comment","target":["https:\/\/www.pigrecoemme.com\/blog\/raffaela-mariniello-still-in-life\/#respond"]}]},{"@type":"WebPage","@id":"https:\/\/www.pigrecoemme.com\/blog\/raffaela-mariniello-still-in-life\/","url":"https:\/\/www.pigrecoemme.com\/blog\/raffaela-mariniello-still-in-life\/","name":"Raffaela Mariniello | STILL IN LIFE","isPartOf":{"@id":"https:\/\/www.pigrecoemme.com\/blog\/#website"},"primaryImageOfPage":{"@id":"https:\/\/www.pigrecoemme.com\/blog\/raffaela-mariniello-still-in-life\/#primaryimage"},"image":{"@id":"https:\/\/www.pigrecoemme.com\/blog\/raffaela-mariniello-still-in-life\/#primaryimage"},"thumbnailUrl":"http:\/\/www.pigrecoemme.com\/blog\/wp-content\/uploads\/2014\/02\/raffaela-mariniello-stil-in-life.jpg","datePublished":"2014-03-03T18:12:40+00:00","dateModified":"2014-03-06T18:17:31+00:00","breadcrumb":{"@id":"https:\/\/www.pigrecoemme.com\/blog\/raffaela-mariniello-still-in-life\/#breadcrumb"},"inLanguage":"it-IT","potentialAction":[{"@type":"ReadAction","target":["https:\/\/www.pigrecoemme.com\/blog\/raffaela-mariniello-still-in-life\/"]}]},{"@type":"ImageObject","inLanguage":"it-IT","@id":"https:\/\/www.pigrecoemme.com\/blog\/raffaela-mariniello-still-in-life\/#primaryimage","url":"http:\/\/www.pigrecoemme.com\/blog\/wp-content\/uploads\/2014\/02\/raffaela-mariniello-stil-in-life.jpg","contentUrl":"http:\/\/www.pigrecoemme.com\/blog\/wp-content\/uploads\/2014\/02\/raffaela-mariniello-stil-in-life.jpg"},{"@type":"BreadcrumbList","@id":"https:\/\/www.pigrecoemme.com\/blog\/raffaela-mariniello-still-in-life\/#breadcrumb","itemListElement":[{"@type":"ListItem","position":1,"name":"Home","item":"https:\/\/www.pigrecoemme.com\/blog\/"},{"@type":"ListItem","position":2,"name":"Raffaela Mariniello | STILL IN LIFE"}]},{"@type":"WebSite","@id":"https:\/\/www.pigrecoemme.com\/blog\/#website","url":"https:\/\/www.pigrecoemme.com\/blog\/","name":"Scuola di Cinema Pigrecoemme - Blog","description":"Siamo la prima Scuola di Cinema e Fotografia di Napoli","publisher":{"@id":"https:\/\/www.pigrecoemme.com\/blog\/#organization"},"potentialAction":[{"@type":"SearchAction","target":{"@type":"EntryPoint","urlTemplate":"https:\/\/www.pigrecoemme.com\/blog\/?s={search_term_string}"},"query-input":{"@type":"PropertyValueSpecification","valueRequired":true,"valueName":"search_term_string"}}],"inLanguage":"it-IT"},{"@type":"Organization","@id":"https:\/\/www.pigrecoemme.com\/blog\/#organization","name":"Scuola di cinema e fotografia Pigrecoemme","url":"https:\/\/www.pigrecoemme.com\/blog\/","logo":{"@type":"ImageObject","inLanguage":"it-IT","@id":"https:\/\/www.pigrecoemme.com\/blog\/#\/schema\/logo\/image\/","url":"https:\/\/i0.wp.com\/www.pigrecoemme.com\/blog\/wp-content\/uploads\/2018\/06\/logo-pigrecoemme-2018.png?fit=500%2C500&ssl=1","contentUrl":"https:\/\/i0.wp.com\/www.pigrecoemme.com\/blog\/wp-content\/uploads\/2018\/06\/logo-pigrecoemme-2018.png?fit=500%2C500&ssl=1","width":500,"height":500,"caption":"Scuola di cinema e fotografia Pigrecoemme"},"image":{"@id":"https:\/\/www.pigrecoemme.com\/blog\/#\/schema\/logo\/image\/"},"sameAs":["https:\/\/www.facebook.com\/pigrecoemme","https:\/\/x.com\/Pigrecoemme","https:\/\/www.instagram.com\/pigrecoemme\/","https:\/\/www.linkedin.com\/company\/pigrecoemme\/","https:\/\/www.youtube.com\/pigrecoemme"]},{"@type":"Person","@id":"https:\/\/www.pigrecoemme.com\/blog\/#\/schema\/person\/702764b5ecda4c2f34e82348789f649e","name":"Corrado Morra","image":{"@type":"ImageObject","inLanguage":"it-IT","@id":"https:\/\/secure.gravatar.com\/avatar\/f6ce2f6728fbdf920737112fe70682512808577befa2c9c7845c04a8449b8f03?s=96&r=g","url":"https:\/\/secure.gravatar.com\/avatar\/f6ce2f6728fbdf920737112fe70682512808577befa2c9c7845c04a8449b8f03?s=96&r=g","contentUrl":"https:\/\/secure.gravatar.com\/avatar\/f6ce2f6728fbdf920737112fe70682512808577befa2c9c7845c04a8449b8f03?s=96&r=g","caption":"Corrado Morra"},"description":"Esperto di arti visive e di cinema, insegna Sceneggiatura alla Scuola di cinema Pigrecoemme di Napoli, di cui \u00e8 tra i fondatori.","sameAs":["http:\/\/www.pigrecoemme.com\/","https:\/\/www.facebook.com\/corrado.morra1"],"url":"https:\/\/www.pigrecoemme.com\/blog\/author\/corrado-morra\/"}]}},"jetpack_sharing_enabled":true,"jetpack_likes_enabled":true,"jetpack-related-posts":[{"id":691,"url":"https:\/\/www.pigrecoemme.com\/blog\/lezione-aperta-con-raffaela-mariniello\/","url_meta":{"origin":799,"position":0},"title":"Lezione aperta con Raffaela Mariniello: la fotografia artistica","author":"Giacomo Fabbrocino","date":"23 Settembre 2013","format":false,"excerpt":"Alla Scuola di cinema e fotografia Pigrecoemme riprendono gli incontri con i maestri della fotografia. Il prossimo venerd\u00ec 27 settembre \u00e8 di scena\u00a0RAFFAELA MARINIELLO in una lezione aperta sulla fotografia artistica. L'appuntamento Riprende, in occasione della ripresa dei corsi di Fotografia di Pigrecoemme, con un incontro con Raffaela Mariniello, la\u2026","rel":"","context":"In &quot;Eventi&quot;","block_context":{"text":"Eventi","link":"https:\/\/www.pigrecoemme.com\/blog\/eventi\/"},"img":{"alt_text":"","src":"https:\/\/i0.wp.com\/www.pigrecoemme.com\/blog\/wp-content\/uploads\/2013\/09\/mariniello-01.jpg?resize=350%2C200","width":350,"height":200},"classes":[]},{"id":834,"url":"https:\/\/www.pigrecoemme.com\/blog\/still-in-life-allaccademia-di-belle-arti-d-napoli\/","url_meta":{"origin":799,"position":1},"title":"&#8220;Still in Life&#8221; all&#8217;Accademia di Belle Arti di Napoli","author":"Corrado Morra","date":"6 Maggio 2014","format":false,"excerpt":"Venerd\u00ec 9 maggio 2014, alle ore 11.00, nell'ambito dell'incontro con Raffaela Mariniello al Teatro A. Niccolini dell'Accademia di Belle Arti di Napoli, sar\u00e0 proiettato il video \"Still in Life\", diretto da Raffaela Mariniello con il nostro docente e fondatore Giacomo Fabbrocino (qui anche montatore) e prodotto dalla Scuola di cinema\u2026","rel":"","context":"In &quot;Fotografia&quot;","block_context":{"text":"Fotografia","link":"https:\/\/www.pigrecoemme.com\/blog\/fotografia\/"},"img":{"alt_text":"still-in-life-accademia-di-belle-arti-napoli-0","src":"https:\/\/i0.wp.com\/www.pigrecoemme.com\/blog\/wp-content\/uploads\/2014\/05\/still-in-life-accademia-di-belle-arti-napoli-0.jpg?resize=350%2C200","width":350,"height":200,"srcset":"https:\/\/i0.wp.com\/www.pigrecoemme.com\/blog\/wp-content\/uploads\/2014\/05\/still-in-life-accademia-di-belle-arti-napoli-0.jpg?resize=350%2C200 1x, https:\/\/i0.wp.com\/www.pigrecoemme.com\/blog\/wp-content\/uploads\/2014\/05\/still-in-life-accademia-di-belle-arti-napoli-0.jpg?resize=525%2C300 1.5x"},"classes":[]},{"id":921,"url":"https:\/\/www.pigrecoemme.com\/blog\/presentazione-di-still-in-life-allaccademia-di-belle-arti-di-napoli\/","url_meta":{"origin":799,"position":2},"title":"Presentazione di &#8220;Still in Life&#8221; all&#8217;Accademia di Belle Arti di Napoli","author":"Giacomo Fabbrocino","date":"28 Ottobre 2014","format":false,"excerpt":"Venerd\u00ec 9 maggio 2014, nell\u2019ambito dell\u2019incontro con Raffaela Mariniello al Teatro A. Niccolini dell\u2019Accademia di Belle Arti di Napoli, \u00e8 stato proiettato il video \u201cStill in Life\u201d, diretto da Raffaela Mariniello con il nostro docente e fondatore Giacomo Fabbrocino (qui anche montatore) e prodotto dalla Scuola di cinema e fotografia\u2026","rel":"","context":"In &quot;Eventi&quot;","block_context":{"text":"Eventi","link":"https:\/\/www.pigrecoemme.com\/blog\/eventi\/"},"img":{"alt_text":"","src":"https:\/\/i0.wp.com\/www.pigrecoemme.com\/blog\/wp-content\/uploads\/2014\/10\/still-in-life-raffaela-mariniello-accademia.jpg?resize=350%2C200","width":350,"height":200},"classes":[]},{"id":141,"url":"https:\/\/www.pigrecoemme.com\/blog\/pigrecoemme-incontra-raffaela-mariniello\/","url_meta":{"origin":799,"position":3},"title":"Pigrecoemme incontra Raffaela Mariniello","author":"Giacomo Fabbrocino","date":"15 Aprile 2009","format":false,"excerpt":"Gioved\u00ec 16 aprile alle 17, negli spazi della Scuola di cinema Pigrecoemme (a Napoli, in Piazza Portanova 11), lo storico della fotografia Luca Sorbo ed il critico d'arte Corrado Morra incontrano Raffaela Mariniello, una delle pi\u00f9 interessanti e rappresentative fotografe italiane. L'appuntamento, ad ingresso libero, partir\u00e0 dal racconto in prima\u2026","rel":"","context":"In &quot;Eventi&quot;","block_context":{"text":"Eventi","link":"https:\/\/www.pigrecoemme.com\/blog\/eventi\/"},"img":{"alt_text":"","src":"https:\/\/i0.wp.com\/www.pigrecoemme.com\/blog\/wp-content\/uploads\/2009\/04\/mariniello.jpg?resize=350%2C200","width":350,"height":200},"classes":[]},{"id":1374,"url":"https:\/\/www.pigrecoemme.com\/blog\/still-in-life-madre\/","url_meta":{"origin":799,"position":4},"title":"Still in life entra a far parte della collezione del Madre","author":"Corrado Morra","date":"21 Maggio 2015","format":false,"excerpt":"Venerd\u00ec 22 maggio, alle ore 19:00, apre al pubblico il\u00a0quarto\u00a0capitolo\u00a0di\u00a0Per_formare una collezione,\u00a0progetto\u00a0di acquisizioni del museo Madre nato nel\u00a02013 come luogo di approfondimento e di confronto sul senso ultimo\u00a0e sulle prassi cui il corpo di una\u00a0collezione museale deve oggi rispondere. Con quest'evento lo spazio di Via Settembrini\u00a0inaugura\u00a0anche la nascita del primo\u2026","rel":"","context":"In &quot;Eventi&quot;","block_context":{"text":"Eventi","link":"https:\/\/www.pigrecoemme.com\/blog\/eventi\/"},"img":{"alt_text":"Still in life al Museo madre","src":"https:\/\/i0.wp.com\/www.pigrecoemme.com\/blog\/wp-content\/uploads\/2015\/05\/still-in-life-madre1.jpg?resize=350%2C200","width":350,"height":200},"classes":[]},{"id":1663,"url":"https:\/\/www.pigrecoemme.com\/blog\/camminando-incontro-mostra-alessandro-santulli\/","url_meta":{"origin":799,"position":5},"title":"Camminando. Incontro e mostra con Alessandro Santulli","author":"Giacomo Fabbrocino","date":"17 Marzo 2016","format":false,"excerpt":"Sabato 9 aprile 2016, alle ore 16:00, nell\u2019ambito della rassegna Incontri fotografici, che ha gi\u00e0 accolto artisti come Antonio Biasiucci, Gianni Fiorito, Luciano Ferrara, Gianni Pinnizzotto, Ilaria Abbiento e Raffaela Mariniello, la Scuola di cinema e fotografia Pigrecoemme di Napoli ospita Alessandro Santulli, che illustrer\u00e0 il suo lavoro foto-antropologico. Modalit\u00e0\u2026","rel":"","context":"In &quot;Eventi&quot;","block_context":{"text":"Eventi","link":"https:\/\/www.pigrecoemme.com\/blog\/eventi\/"},"img":{"alt_text":"Incontro e mostra con Alessandro Santulli","src":"https:\/\/i0.wp.com\/www.pigrecoemme.com\/blog\/wp-content\/uploads\/2016\/03\/alessandro-santulli.jpg?resize=350%2C200","width":350,"height":200,"srcset":"https:\/\/i0.wp.com\/www.pigrecoemme.com\/blog\/wp-content\/uploads\/2016\/03\/alessandro-santulli.jpg?resize=350%2C200 1x, https:\/\/i0.wp.com\/www.pigrecoemme.com\/blog\/wp-content\/uploads\/2016\/03\/alessandro-santulli.jpg?resize=525%2C300 1.5x, https:\/\/i0.wp.com\/www.pigrecoemme.com\/blog\/wp-content\/uploads\/2016\/03\/alessandro-santulli.jpg?resize=700%2C400 2x"},"classes":[]}],"jetpack_featured_media_url":"","_links":{"self":[{"href":"https:\/\/www.pigrecoemme.com\/blog\/wp-json\/wp\/v2\/posts\/799","targetHints":{"allow":["GET"]}}],"collection":[{"href":"https:\/\/www.pigrecoemme.com\/blog\/wp-json\/wp\/v2\/posts"}],"about":[{"href":"https:\/\/www.pigrecoemme.com\/blog\/wp-json\/wp\/v2\/types\/post"}],"author":[{"embeddable":true,"href":"https:\/\/www.pigrecoemme.com\/blog\/wp-json\/wp\/v2\/users\/2"}],"replies":[{"embeddable":true,"href":"https:\/\/www.pigrecoemme.com\/blog\/wp-json\/wp\/v2\/comments?post=799"}],"version-history":[{"count":0,"href":"https:\/\/www.pigrecoemme.com\/blog\/wp-json\/wp\/v2\/posts\/799\/revisions"}],"wp:attachment":[{"href":"https:\/\/www.pigrecoemme.com\/blog\/wp-json\/wp\/v2\/media?parent=799"}],"wp:term":[{"taxonomy":"category","embeddable":true,"href":"https:\/\/www.pigrecoemme.com\/blog\/wp-json\/wp\/v2\/categories?post=799"},{"taxonomy":"post_tag","embeddable":true,"href":"https:\/\/www.pigrecoemme.com\/blog\/wp-json\/wp\/v2\/tags?post=799"}],"curies":[{"name":"wp","href":"https:\/\/api.w.org\/{rel}","templated":true}]}}