{"id":783,"date":"2014-01-21T18:44:04","date_gmt":"2014-01-21T16:44:04","guid":{"rendered":"http:\/\/www.pigrecoemme.com\/blog\/?p=783"},"modified":"2016-01-27T11:21:33","modified_gmt":"2016-01-27T10:21:33","slug":"luigi-sorrentino","status":"publish","type":"post","link":"https:\/\/www.pigrecoemme.com\/blog\/luigi-sorrentino\/","title":{"rendered":"Viaggio in un&#8217;umanit\u00e0 senza fine, il nuovo progetto fotografico di Luigi Sorrentino"},"content":{"rendered":"<p style=\"text-align: left;\"><strong>Sabato 25 gennaio<\/strong>, dalle\u00a0<strong>ore 16,00 alle 18,00<\/strong>, il fotografo\u00a0<strong>Luigi Sorrentino<\/strong> ritorna alla Scuola di cinema e fotografia\u00a0<strong>Pigrecoemme <\/strong>di Napoli, per presentare il suo ultimo progetto,\u00a0<strong>Viaggio in un\u2019umanit\u00e0 senza fine<\/strong>, un racconto di grande potenza espressiva che, tra fotoreportage e video, si fa commovente testimonianza delle contraddizioni, del dolore, delle gioie e delle infinite epifanie di cui \u00e8 capace il mondo.<\/p>\n<p style=\"text-align: left;\">Algeria, Burkina Faso, Egitto, Mali\u2026 Attraverso un lungo percorso in giro per il mondo, anche questa volta Sorrentino, con l\u2019empatica capacit\u00e0 del suo sguardo, trova \u2013 ora nei volti di bambini, ora in particolari rivelatori, ora in spiazzanti scorci geografici \u2013, il segreto pi\u00f9 profondo di ogni soggetto, portando fuori la fragile tenerezza della condizione umana e tutta la poesia di cui essa \u00e8 sempre capace.<\/p>\n<p style=\"text-align: left;\">Anche quest\u2019appuntamento rappresenta un\u2019interessante un\u2019occasione per gli appassionati di fotografia e di fotogiornalismo per conoscere pi\u00f9 da vicino il lavoro di Sorrentino, autore di una delle ricerche fotografiche pi\u00f9 intelligenti e sensibili del panorama contemporaneo, nella quale, nella costante perlustrazione di un nuovo Umanesimo, l\u2019interesse sociologico si combina sempre a un\u2019eleganza formale di rara bellezza.<\/p>\n<p style=\"text-align: left;\"><strong>Come partecipare<\/strong><br \/>\nL\u2019incontro, fino a esaurimento posti, \u00e8 a\u00a0<strong>ingresso gratuito<\/strong> e sar\u00e0 presentato da\u00a0<strong>Luca Sorbo<\/strong>, curatore del\u00a0<a href=\"http:\/\/www.pigrecoemme.com\/corso-fotografia\/corso-di-fotografia-2.htm\">Corsi di Fotografia<\/a> e\u00a0<a href=\"http:\/\/www.pigrecoemme.com\/corso-fotografia\/corso-di-fotogiornalismo-reportage-napoli.htm\">Fotogiornalismo<\/a> della Pigrecoemme. Informazioni e prenotazioni al numero 081 5635188.<\/p>\n<p style=\"text-align: left;\"><span style=\"font-weight: bold;\">L\u2019autore<br \/>\n<\/span>Luigi Sorrentino (Gigi per gli amici) \u00e8 un insegnante e fotografo italiano, nato in Francia nel 1960, che ha vissuto per molto tempo all\u2019estero (Marocco, Gran Bretagna, Francia, Argentina, Irlanda) dove ha lavorato, viaggiato e soprattutto fotografato. Attualmente vive e lavora a Tunisi.<\/p>\n<p style=\"text-align: left;\">Nel 1995, in Marocco, ha vinto il concorso fotografico \u201cCasablanca in bianco e nero\u201d; nel 2007 si \u00e8 aggiudicato il premio Citt\u00e0 di Lille in Francia, nel 2009 il premio Pe\u00f1a fotografica Mar del Plata e nel 2010 il Premio Ciudad de M\u00e1laga per la paz. Ha esposto in varie citt\u00e0 in Italia e all\u2019estero.<br \/>\nUn suo profilo fotografico \u00e8 visionabile qui:\u00a0<a href=\"www.flickr.com\/photos\/giginapoli\/\">www.flickr.com\/photos\/giginapoli\/<\/a><\/p>\n<p style=\"text-align: left;\"><strong>Galleria<\/strong><\/p>\n<div class=\"tiled-gallery type-rectangular tiled-gallery-unresized\" data-original-width=\"860\" data-carousel-extra='null' itemscope itemtype=\"http:\/\/schema.org\/ImageGallery\" > <div class=\"gallery-row\" style=\"width: 860px; height: 385px;\" data-original-width=\"860\" data-original-height=\"385\" > <div class=\"gallery-group images-1\" style=\"width: 574px; height: 385px;\" data-original-width=\"574\" data-original-height=\"385\" > <div class=\"tiled-gallery-item tiled-gallery-item-large\" itemprop=\"associatedMedia\" itemscope itemtype=\"http:\/\/schema.org\/ImageObject\"> <a href=\"https:\/\/www.pigrecoemme.com\/blog\/luigi-sorrentino\/il-cairo\/\" border=\"0\" itemprop=\"url\"> <meta itemprop=\"width\" content=\"570\"> <meta itemprop=\"height\" content=\"381\"> <img decoding=\"async\" class=\"\" data-attachment-id=\"793\" data-orig-file=\"https:\/\/www.pigrecoemme.com\/blog\/wp-content\/uploads\/2014\/01\/il-cairo.jpg\" data-orig-size=\"1024,684\" data-comments-opened=\"1\" data-image-meta=\"{&quot;aperture&quot;:&quot;0&quot;,&quot;credit&quot;:&quot;&quot;,&quot;camera&quot;:&quot;&quot;,&quot;caption&quot;:&quot;&quot;,&quot;created_timestamp&quot;:&quot;0&quot;,&quot;copyright&quot;:&quot;&quot;,&quot;focal_length&quot;:&quot;0&quot;,&quot;iso&quot;:&quot;0&quot;,&quot;shutter_speed&quot;:&quot;0&quot;,&quot;title&quot;:&quot;&quot;}\" data-image-title=\"il-cairo\" data-image-description=\"\" data-medium-file=\"https:\/\/i0.wp.com\/www.pigrecoemme.com\/blog\/wp-content\/uploads\/2014\/01\/il-cairo.jpg?fit=300%2C200&#038;ssl=1\" data-large-file=\"https:\/\/i0.wp.com\/www.pigrecoemme.com\/blog\/wp-content\/uploads\/2014\/01\/il-cairo.jpg?fit=860%2C574&#038;ssl=1\" src=\"https:\/\/i0.wp.com\/www.pigrecoemme.com\/blog\/wp-content\/uploads\/2014\/01\/il-cairo.jpg?w=570&#038;h=381&#038;ssl=1\" srcset=\"https:\/\/i0.wp.com\/www.pigrecoemme.com\/blog\/wp-content\/uploads\/2014\/01\/il-cairo.jpg?w=1024&amp;ssl=1 1024w, https:\/\/i0.wp.com\/www.pigrecoemme.com\/blog\/wp-content\/uploads\/2014\/01\/il-cairo.jpg?resize=300%2C200&amp;ssl=1 300w\" width=\"570\" height=\"381\" loading=\"lazy\" data-original-width=\"570\" data-original-height=\"381\" itemprop=\"http:\/\/schema.org\/image\" title=\"il-cairo\" alt=\"il-cairo\" style=\"width: 570px; height: 381px;\" \/> <\/a> <\/div> <\/div> <!-- close group --> <div class=\"gallery-group images-2\" style=\"width: 286px; height: 385px;\" data-original-width=\"286\" data-original-height=\"385\" > <div class=\"tiled-gallery-item tiled-gallery-item-large\" itemprop=\"associatedMedia\" itemscope itemtype=\"http:\/\/schema.org\/ImageObject\"> <a href=\"https:\/\/www.pigrecoemme.com\/blog\/luigi-sorrentino\/pequena1\/\" border=\"0\" itemprop=\"url\"> <meta itemprop=\"width\" content=\"282\"> <meta itemprop=\"height\" content=\"189\"> <img decoding=\"async\" class=\"\" data-attachment-id=\"794\" data-orig-file=\"https:\/\/www.pigrecoemme.com\/blog\/wp-content\/uploads\/2014\/01\/pequena1.jpg\" data-orig-size=\"640,427\" data-comments-opened=\"1\" data-image-meta=\"{&quot;aperture&quot;:&quot;4&quot;,&quot;credit&quot;:&quot;&quot;,&quot;camera&quot;:&quot;Canon EOS 6D&quot;,&quot;caption&quot;:&quot;&quot;,&quot;created_timestamp&quot;:&quot;1387304609&quot;,&quot;copyright&quot;:&quot;&quot;,&quot;focal_length&quot;:&quot;73&quot;,&quot;iso&quot;:&quot;400&quot;,&quot;shutter_speed&quot;:&quot;0.016666666666667&quot;,&quot;title&quot;:&quot;&quot;}\" data-image-title=\"pequena1\" data-image-description=\"\" data-medium-file=\"https:\/\/i0.wp.com\/www.pigrecoemme.com\/blog\/wp-content\/uploads\/2014\/01\/pequena1.jpg?fit=300%2C200&#038;ssl=1\" data-large-file=\"https:\/\/i0.wp.com\/www.pigrecoemme.com\/blog\/wp-content\/uploads\/2014\/01\/pequena1.jpg?fit=640%2C427&#038;ssl=1\" src=\"https:\/\/i0.wp.com\/www.pigrecoemme.com\/blog\/wp-content\/uploads\/2014\/01\/pequena1.jpg?w=282&#038;h=189&#038;ssl=1\" srcset=\"https:\/\/i0.wp.com\/www.pigrecoemme.com\/blog\/wp-content\/uploads\/2014\/01\/pequena1.jpg?w=640&amp;ssl=1 640w, https:\/\/i0.wp.com\/www.pigrecoemme.com\/blog\/wp-content\/uploads\/2014\/01\/pequena1.jpg?resize=300%2C200&amp;ssl=1 300w\" width=\"282\" height=\"189\" loading=\"lazy\" data-original-width=\"282\" data-original-height=\"189\" itemprop=\"http:\/\/schema.org\/image\" title=\"pequena1\" alt=\"pequena1\" style=\"width: 282px; height: 189px;\" \/> <\/a> <\/div> <div class=\"tiled-gallery-item tiled-gallery-item-large\" itemprop=\"associatedMedia\" itemscope itemtype=\"http:\/\/schema.org\/ImageObject\"> <a href=\"https:\/\/www.pigrecoemme.com\/blog\/luigi-sorrentino\/pequena-3\/\" border=\"0\" itemprop=\"url\"> <meta itemprop=\"width\" content=\"282\"> <meta itemprop=\"height\" content=\"188\"> <img decoding=\"async\" class=\"\" data-attachment-id=\"795\" data-orig-file=\"https:\/\/www.pigrecoemme.com\/blog\/wp-content\/uploads\/2014\/01\/pequena-3.jpg\" data-orig-size=\"640,427\" data-comments-opened=\"1\" data-image-meta=\"{&quot;aperture&quot;:&quot;5.6&quot;,&quot;credit&quot;:&quot;&quot;,&quot;camera&quot;:&quot;Canon EOS DIGITAL REBEL XTi&quot;,&quot;caption&quot;:&quot;&quot;,&quot;created_timestamp&quot;:&quot;1387821776&quot;,&quot;copyright&quot;:&quot;&quot;,&quot;focal_length&quot;:&quot;210&quot;,&quot;iso&quot;:&quot;200&quot;,&quot;shutter_speed&quot;:&quot;0.005&quot;,&quot;title&quot;:&quot;&quot;}\" data-image-title=\"pequena-3\" data-image-description=\"\" data-medium-file=\"https:\/\/i0.wp.com\/www.pigrecoemme.com\/blog\/wp-content\/uploads\/2014\/01\/pequena-3.jpg?fit=300%2C200&#038;ssl=1\" data-large-file=\"https:\/\/i0.wp.com\/www.pigrecoemme.com\/blog\/wp-content\/uploads\/2014\/01\/pequena-3.jpg?fit=640%2C427&#038;ssl=1\" src=\"https:\/\/i0.wp.com\/www.pigrecoemme.com\/blog\/wp-content\/uploads\/2014\/01\/pequena-3.jpg?w=282&#038;h=188&#038;ssl=1\" srcset=\"https:\/\/i0.wp.com\/www.pigrecoemme.com\/blog\/wp-content\/uploads\/2014\/01\/pequena-3.jpg?w=640&amp;ssl=1 640w, https:\/\/i0.wp.com\/www.pigrecoemme.com\/blog\/wp-content\/uploads\/2014\/01\/pequena-3.jpg?resize=300%2C200&amp;ssl=1 300w\" width=\"282\" height=\"188\" loading=\"lazy\" data-original-width=\"282\" data-original-height=\"188\" itemprop=\"http:\/\/schema.org\/image\" title=\"pequena-3\" alt=\"pequena-3\" style=\"width: 282px; height: 188px;\" \/> <\/a> <\/div> <\/div> <!-- close group --> <\/div> <!-- close row --> <div class=\"gallery-row\" style=\"width: 860px; height: 380px;\" data-original-width=\"860\" data-original-height=\"380\" > <div class=\"gallery-group images-2\" style=\"width: 293px; height: 380px;\" data-original-width=\"293\" data-original-height=\"380\" > <div class=\"tiled-gallery-item tiled-gallery-item-large\" itemprop=\"associatedMedia\" itemscope itemtype=\"http:\/\/schema.org\/ImageObject\"> <a href=\"https:\/\/www.pigrecoemme.com\/blog\/luigi-sorrentino\/pequena2\/\" border=\"0\" itemprop=\"url\"> <meta itemprop=\"width\" content=\"289\"> <meta itemprop=\"height\" content=\"193\"> <img decoding=\"async\" class=\"\" data-attachment-id=\"796\" data-orig-file=\"https:\/\/www.pigrecoemme.com\/blog\/wp-content\/uploads\/2014\/01\/pequena2.jpg\" data-orig-size=\"640,427\" data-comments-opened=\"1\" data-image-meta=\"{&quot;aperture&quot;:&quot;5.6&quot;,&quot;credit&quot;:&quot;&quot;,&quot;camera&quot;:&quot;Canon EOS DIGITAL REBEL XTi&quot;,&quot;caption&quot;:&quot;&quot;,&quot;created_timestamp&quot;:&quot;1388389012&quot;,&quot;copyright&quot;:&quot;&quot;,&quot;focal_length&quot;:&quot;400&quot;,&quot;iso&quot;:&quot;200&quot;,&quot;shutter_speed&quot;:&quot;0.0025&quot;,&quot;title&quot;:&quot;&quot;}\" data-image-title=\"pequena2\" data-image-description=\"\" data-medium-file=\"https:\/\/i0.wp.com\/www.pigrecoemme.com\/blog\/wp-content\/uploads\/2014\/01\/pequena2.jpg?fit=300%2C200&#038;ssl=1\" data-large-file=\"https:\/\/i0.wp.com\/www.pigrecoemme.com\/blog\/wp-content\/uploads\/2014\/01\/pequena2.jpg?fit=640%2C427&#038;ssl=1\" src=\"https:\/\/i0.wp.com\/www.pigrecoemme.com\/blog\/wp-content\/uploads\/2014\/01\/pequena2.jpg?w=289&#038;h=193&#038;ssl=1\" srcset=\"https:\/\/i0.wp.com\/www.pigrecoemme.com\/blog\/wp-content\/uploads\/2014\/01\/pequena2.jpg?w=640&amp;ssl=1 640w, https:\/\/i0.wp.com\/www.pigrecoemme.com\/blog\/wp-content\/uploads\/2014\/01\/pequena2.jpg?resize=300%2C200&amp;ssl=1 300w\" width=\"289\" height=\"193\" loading=\"lazy\" data-original-width=\"289\" data-original-height=\"193\" itemprop=\"http:\/\/schema.org\/image\" title=\"pequena2\" alt=\"pequena2\" style=\"width: 289px; height: 193px;\" \/> <\/a> <\/div> <div class=\"tiled-gallery-item tiled-gallery-item-large\" itemprop=\"associatedMedia\" itemscope itemtype=\"http:\/\/schema.org\/ImageObject\"> <a href=\"https:\/\/www.pigrecoemme.com\/blog\/luigi-sorrentino\/scorci\/\" border=\"0\" itemprop=\"url\"> <meta itemprop=\"width\" content=\"289\"> <meta itemprop=\"height\" content=\"179\"> <img decoding=\"async\" class=\"\" data-attachment-id=\"797\" data-orig-file=\"https:\/\/www.pigrecoemme.com\/blog\/wp-content\/uploads\/2014\/01\/scorci.jpg\" data-orig-size=\"1024,634\" data-comments-opened=\"1\" data-image-meta=\"{&quot;aperture&quot;:&quot;5.6&quot;,&quot;credit&quot;:&quot;&quot;,&quot;camera&quot;:&quot;Canon EOS 6D&quot;,&quot;caption&quot;:&quot;&quot;,&quot;created_timestamp&quot;:&quot;1350061083&quot;,&quot;copyright&quot;:&quot;&quot;,&quot;focal_length&quot;:&quot;400&quot;,&quot;iso&quot;:&quot;320&quot;,&quot;shutter_speed&quot;:&quot;0.003125&quot;,&quot;title&quot;:&quot;&quot;}\" data-image-title=\"scorci\" data-image-description=\"\" data-medium-file=\"https:\/\/i0.wp.com\/www.pigrecoemme.com\/blog\/wp-content\/uploads\/2014\/01\/scorci.jpg?fit=300%2C185&#038;ssl=1\" data-large-file=\"https:\/\/i0.wp.com\/www.pigrecoemme.com\/blog\/wp-content\/uploads\/2014\/01\/scorci.jpg?fit=860%2C532&#038;ssl=1\" src=\"https:\/\/i0.wp.com\/www.pigrecoemme.com\/blog\/wp-content\/uploads\/2014\/01\/scorci.jpg?w=289&#038;h=179&#038;ssl=1\" srcset=\"https:\/\/i0.wp.com\/www.pigrecoemme.com\/blog\/wp-content\/uploads\/2014\/01\/scorci.jpg?w=1024&amp;ssl=1 1024w, https:\/\/i0.wp.com\/www.pigrecoemme.com\/blog\/wp-content\/uploads\/2014\/01\/scorci.jpg?resize=300%2C185&amp;ssl=1 300w\" width=\"289\" height=\"179\" loading=\"lazy\" data-original-width=\"289\" data-original-height=\"179\" itemprop=\"http:\/\/schema.org\/image\" title=\"scorci\" alt=\"scorci\" style=\"width: 289px; height: 179px;\" \/> <\/a> <\/div> <\/div> <!-- close group --> <div class=\"gallery-group images-1\" style=\"width: 567px; height: 380px;\" data-original-width=\"567\" data-original-height=\"380\" > <div class=\"tiled-gallery-item tiled-gallery-item-large\" itemprop=\"associatedMedia\" itemscope itemtype=\"http:\/\/schema.org\/ImageObject\"> <a href=\"https:\/\/www.pigrecoemme.com\/blog\/luigi-sorrentino\/strade\/\" border=\"0\" itemprop=\"url\"> <meta itemprop=\"width\" content=\"563\"> <meta itemprop=\"height\" content=\"376\"> <img decoding=\"async\" class=\"\" data-attachment-id=\"798\" data-orig-file=\"https:\/\/www.pigrecoemme.com\/blog\/wp-content\/uploads\/2014\/01\/strade.jpg\" data-orig-size=\"1024,684\" data-comments-opened=\"1\" data-image-meta=\"{&quot;aperture&quot;:&quot;0&quot;,&quot;credit&quot;:&quot;&quot;,&quot;camera&quot;:&quot;&quot;,&quot;caption&quot;:&quot;&quot;,&quot;created_timestamp&quot;:&quot;0&quot;,&quot;copyright&quot;:&quot;&quot;,&quot;focal_length&quot;:&quot;0&quot;,&quot;iso&quot;:&quot;0&quot;,&quot;shutter_speed&quot;:&quot;0&quot;,&quot;title&quot;:&quot;&quot;}\" data-image-title=\"strade\" data-image-description=\"\" data-medium-file=\"https:\/\/i0.wp.com\/www.pigrecoemme.com\/blog\/wp-content\/uploads\/2014\/01\/strade.jpg?fit=300%2C200&#038;ssl=1\" data-large-file=\"https:\/\/i0.wp.com\/www.pigrecoemme.com\/blog\/wp-content\/uploads\/2014\/01\/strade.jpg?fit=860%2C574&#038;ssl=1\" src=\"https:\/\/i0.wp.com\/www.pigrecoemme.com\/blog\/wp-content\/uploads\/2014\/01\/strade.jpg?w=563&#038;h=376&#038;ssl=1\" srcset=\"https:\/\/i0.wp.com\/www.pigrecoemme.com\/blog\/wp-content\/uploads\/2014\/01\/strade.jpg?w=1024&amp;ssl=1 1024w, https:\/\/i0.wp.com\/www.pigrecoemme.com\/blog\/wp-content\/uploads\/2014\/01\/strade.jpg?resize=300%2C200&amp;ssl=1 300w\" width=\"563\" height=\"376\" loading=\"lazy\" data-original-width=\"563\" data-original-height=\"376\" itemprop=\"http:\/\/schema.org\/image\" title=\"strade\" alt=\"strade\" style=\"width: 563px; height: 376px;\" \/> <\/a> <\/div> <\/div> <!-- close group --> <\/div> <!-- close row --> <\/div>\n","protected":false},"excerpt":{"rendered":"<p>Sabato 25 gennaio, dalle\u00a0ore 16,00 alle 18,00, il fotografo\u00a0Luigi Sorrentino ritorna alla Scuola di cinema e fotografia\u00a0Pigrecoemme di Napoli, per presentare il suo ultimo progetto,\u00a0Viaggio in un\u2019umanit\u00e0 senza fine, un racconto di grande potenza&hellip;<\/p>\n","protected":false},"author":2,"featured_media":0,"comment_status":"open","ping_status":"open","sticky":false,"template":"","format":"standard","meta":{"_jetpack_newsletter_access":"","_jetpack_dont_email_post_to_subs":false,"_jetpack_newsletter_tier_id":0,"_jetpack_memberships_contains_paywalled_content":false,"_jetpack_feature_clip_id":0,"_jetpack_memberships_contains_paid_content":false,"footnotes":"","jetpack_post_was_ever_published":false},"categories":[11,21,1,1523],"tags":[494,865,864,370,69,781],"class_list":["post-783","post","type-post","status-publish","format-standard","hentry","category-eventi","category-fotografia","category-generale","category-incontri-fotografici","tag-corsi-fotografia","tag-eventi-fotografia","tag-gigi-sorrentino","tag-incontri-fotografici","tag-luca-sorbo","tag-luigi-sorrentino"],"yoast_head":"<!-- This site is optimized with the Yoast SEO plugin v28.3 - https:\/\/yoast.com\/product\/yoast-seo-wordpress\/ -->\n<title>Viaggio in un&#039;umanit\u00e0 senza fine, il nuovo progetto fotografico di Luigi Sorrentino<\/title>\n<meta name=\"robots\" content=\"index, follow, max-snippet:-1, max-image-preview:large, max-video-preview:-1\" \/>\n<link rel=\"canonical\" href=\"https:\/\/www.pigrecoemme.com\/blog\/luigi-sorrentino\/\" \/>\n<meta property=\"og:locale\" content=\"it_IT\" \/>\n<meta property=\"og:type\" content=\"article\" \/>\n<meta property=\"og:title\" content=\"Viaggio in un&#039;umanit\u00e0 senza fine, il nuovo progetto fotografico di Luigi Sorrentino\" \/>\n<meta property=\"og:description\" content=\"Sabato 25 gennaio, dalle\u00a0ore 16,00 alle 18,00, il fotografo\u00a0Luigi Sorrentino ritorna alla Scuola di cinema e fotografia\u00a0Pigrecoemme di Napoli, per presentare il suo ultimo progetto,\u00a0Viaggio in un\u2019umanit\u00e0 senza fine, un racconto di grande potenza&hellip;\" \/>\n<meta property=\"og:url\" content=\"https:\/\/www.pigrecoemme.com\/blog\/luigi-sorrentino\/\" \/>\n<meta property=\"og:site_name\" content=\"Scuola di Cinema Pigrecoemme - Blog\" \/>\n<meta property=\"article:publisher\" content=\"https:\/\/www.facebook.com\/pigrecoemme\" \/>\n<meta property=\"article:author\" content=\"https:\/\/www.facebook.com\/corrado.morra1\" \/>\n<meta property=\"article:published_time\" content=\"2014-01-21T16:44:04+00:00\" \/>\n<meta property=\"article:modified_time\" content=\"2016-01-27T10:21:33+00:00\" \/>\n<meta property=\"og:image\" content=\"https:\/\/i0.wp.com\/www.pigrecoemme.com\/blog\/wp-content\/uploads\/2014\/01\/il-cairo.jpg?w=796&#038;h=532&#038;ssl=1\" \/>\n<meta name=\"author\" content=\"Corrado Morra\" \/>\n<meta name=\"twitter:card\" content=\"summary_large_image\" \/>\n<meta name=\"twitter:creator\" content=\"@Pigrecoemme\" \/>\n<meta name=\"twitter:site\" content=\"@Pigrecoemme\" \/>\n<meta name=\"twitter:label1\" content=\"Scritto da\" \/>\n\t<meta name=\"twitter:data1\" content=\"Corrado Morra\" \/>\n\t<meta name=\"twitter:label2\" content=\"Tempo di lettura stimato\" \/>\n\t<meta name=\"twitter:data2\" content=\"2 minuti\" \/>\n<script type=\"application\/ld+json\" class=\"yoast-schema-graph\">{\"@context\":\"https:\\\/\\\/schema.org\",\"@graph\":[{\"@type\":[\"Article\",\"BlogPosting\"],\"@id\":\"https:\\\/\\\/www.pigrecoemme.com\\\/blog\\\/luigi-sorrentino\\\/#article\",\"isPartOf\":{\"@id\":\"https:\\\/\\\/www.pigrecoemme.com\\\/blog\\\/luigi-sorrentino\\\/\"},\"author\":{\"name\":\"Corrado Morra\",\"@id\":\"https:\\\/\\\/www.pigrecoemme.com\\\/blog\\\/#\\\/schema\\\/person\\\/702764b5ecda4c2f34e82348789f649e\"},\"headline\":\"Viaggio in un&#8217;umanit\u00e0 senza fine, il nuovo progetto fotografico di Luigi Sorrentino\",\"datePublished\":\"2014-01-21T16:44:04+00:00\",\"dateModified\":\"2016-01-27T10:21:33+00:00\",\"mainEntityOfPage\":{\"@id\":\"https:\\\/\\\/www.pigrecoemme.com\\\/blog\\\/luigi-sorrentino\\\/\"},\"wordCount\":339,\"commentCount\":0,\"publisher\":{\"@id\":\"https:\\\/\\\/www.pigrecoemme.com\\\/blog\\\/#organization\"},\"keywords\":[\"corsi fotografia\",\"eventi fotografia\",\"Gigi Sorrentino\",\"incontri fotografici\",\"luca sorbo\",\"luigi sorrentino\"],\"articleSection\":[\"Eventi\",\"Fotografia\",\"Generale\",\"Incontri fotografici\"],\"inLanguage\":\"it-IT\",\"potentialAction\":[{\"@type\":\"CommentAction\",\"name\":\"Comment\",\"target\":[\"https:\\\/\\\/www.pigrecoemme.com\\\/blog\\\/luigi-sorrentino\\\/#respond\"]}]},{\"@type\":\"WebPage\",\"@id\":\"https:\\\/\\\/www.pigrecoemme.com\\\/blog\\\/luigi-sorrentino\\\/\",\"url\":\"https:\\\/\\\/www.pigrecoemme.com\\\/blog\\\/luigi-sorrentino\\\/\",\"name\":\"Viaggio in un'umanit\u00e0 senza fine, il nuovo progetto fotografico di Luigi Sorrentino\",\"isPartOf\":{\"@id\":\"https:\\\/\\\/www.pigrecoemme.com\\\/blog\\\/#website\"},\"datePublished\":\"2014-01-21T16:44:04+00:00\",\"dateModified\":\"2016-01-27T10:21:33+00:00\",\"breadcrumb\":{\"@id\":\"https:\\\/\\\/www.pigrecoemme.com\\\/blog\\\/luigi-sorrentino\\\/#breadcrumb\"},\"inLanguage\":\"it-IT\",\"potentialAction\":[{\"@type\":\"ReadAction\",\"target\":[\"https:\\\/\\\/www.pigrecoemme.com\\\/blog\\\/luigi-sorrentino\\\/\"]}]},{\"@type\":\"BreadcrumbList\",\"@id\":\"https:\\\/\\\/www.pigrecoemme.com\\\/blog\\\/luigi-sorrentino\\\/#breadcrumb\",\"itemListElement\":[{\"@type\":\"ListItem\",\"position\":1,\"name\":\"Home\",\"item\":\"https:\\\/\\\/www.pigrecoemme.com\\\/blog\\\/\"},{\"@type\":\"ListItem\",\"position\":2,\"name\":\"Viaggio in un&#8217;umanit\u00e0 senza fine, il nuovo progetto fotografico di Luigi Sorrentino\"}]},{\"@type\":\"WebSite\",\"@id\":\"https:\\\/\\\/www.pigrecoemme.com\\\/blog\\\/#website\",\"url\":\"https:\\\/\\\/www.pigrecoemme.com\\\/blog\\\/\",\"name\":\"Scuola di Cinema Pigrecoemme - Blog\",\"description\":\"Siamo la prima Scuola di Cinema e Fotografia di Napoli\",\"publisher\":{\"@id\":\"https:\\\/\\\/www.pigrecoemme.com\\\/blog\\\/#organization\"},\"potentialAction\":[{\"@type\":\"SearchAction\",\"target\":{\"@type\":\"EntryPoint\",\"urlTemplate\":\"https:\\\/\\\/www.pigrecoemme.com\\\/blog\\\/?s={search_term_string}\"},\"query-input\":{\"@type\":\"PropertyValueSpecification\",\"valueRequired\":true,\"valueName\":\"search_term_string\"}}],\"inLanguage\":\"it-IT\"},{\"@type\":\"Organization\",\"@id\":\"https:\\\/\\\/www.pigrecoemme.com\\\/blog\\\/#organization\",\"name\":\"Scuola di cinema e fotografia Pigrecoemme\",\"url\":\"https:\\\/\\\/www.pigrecoemme.com\\\/blog\\\/\",\"logo\":{\"@type\":\"ImageObject\",\"inLanguage\":\"it-IT\",\"@id\":\"https:\\\/\\\/www.pigrecoemme.com\\\/blog\\\/#\\\/schema\\\/logo\\\/image\\\/\",\"url\":\"https:\\\/\\\/i0.wp.com\\\/www.pigrecoemme.com\\\/blog\\\/wp-content\\\/uploads\\\/2018\\\/06\\\/logo-pigrecoemme-2018.png?fit=500%2C500&ssl=1\",\"contentUrl\":\"https:\\\/\\\/i0.wp.com\\\/www.pigrecoemme.com\\\/blog\\\/wp-content\\\/uploads\\\/2018\\\/06\\\/logo-pigrecoemme-2018.png?fit=500%2C500&ssl=1\",\"width\":500,\"height\":500,\"caption\":\"Scuola di cinema e fotografia Pigrecoemme\"},\"image\":{\"@id\":\"https:\\\/\\\/www.pigrecoemme.com\\\/blog\\\/#\\\/schema\\\/logo\\\/image\\\/\"},\"sameAs\":[\"https:\\\/\\\/www.facebook.com\\\/pigrecoemme\",\"https:\\\/\\\/x.com\\\/Pigrecoemme\",\"https:\\\/\\\/www.instagram.com\\\/pigrecoemme\\\/\",\"https:\\\/\\\/www.linkedin.com\\\/company\\\/pigrecoemme\\\/\",\"https:\\\/\\\/www.youtube.com\\\/pigrecoemme\"]},{\"@type\":\"Person\",\"@id\":\"https:\\\/\\\/www.pigrecoemme.com\\\/blog\\\/#\\\/schema\\\/person\\\/702764b5ecda4c2f34e82348789f649e\",\"name\":\"Corrado Morra\",\"image\":{\"@type\":\"ImageObject\",\"inLanguage\":\"it-IT\",\"@id\":\"https:\\\/\\\/secure.gravatar.com\\\/avatar\\\/f6ce2f6728fbdf920737112fe70682512808577befa2c9c7845c04a8449b8f03?s=96&r=g\",\"url\":\"https:\\\/\\\/secure.gravatar.com\\\/avatar\\\/f6ce2f6728fbdf920737112fe70682512808577befa2c9c7845c04a8449b8f03?s=96&r=g\",\"contentUrl\":\"https:\\\/\\\/secure.gravatar.com\\\/avatar\\\/f6ce2f6728fbdf920737112fe70682512808577befa2c9c7845c04a8449b8f03?s=96&r=g\",\"caption\":\"Corrado Morra\"},\"description\":\"Esperto di arti visive e di cinema, insegna Sceneggiatura alla Scuola di cinema Pigrecoemme di Napoli, di cui \u00e8 tra i fondatori.\",\"sameAs\":[\"http:\\\/\\\/www.pigrecoemme.com\\\/\",\"https:\\\/\\\/www.facebook.com\\\/corrado.morra1\"],\"url\":\"https:\\\/\\\/www.pigrecoemme.com\\\/blog\\\/author\\\/corrado-morra\\\/\"}]}<\/script>\n<!-- \/ Yoast SEO plugin. -->","yoast_head_json":{"title":"Viaggio in un'umanit\u00e0 senza fine, il nuovo progetto fotografico di Luigi Sorrentino","robots":{"index":"index","follow":"follow","max-snippet":"max-snippet:-1","max-image-preview":"max-image-preview:large","max-video-preview":"max-video-preview:-1"},"canonical":"https:\/\/www.pigrecoemme.com\/blog\/luigi-sorrentino\/","og_locale":"it_IT","og_type":"article","og_title":"Viaggio in un'umanit\u00e0 senza fine, il nuovo progetto fotografico di Luigi Sorrentino","og_description":"Sabato 25 gennaio, dalle\u00a0ore 16,00 alle 18,00, il fotografo\u00a0Luigi Sorrentino ritorna alla Scuola di cinema e fotografia\u00a0Pigrecoemme di Napoli, per presentare il suo ultimo progetto,\u00a0Viaggio in un\u2019umanit\u00e0 senza fine, un racconto di grande potenza&hellip;","og_url":"https:\/\/www.pigrecoemme.com\/blog\/luigi-sorrentino\/","og_site_name":"Scuola di Cinema Pigrecoemme - Blog","article_publisher":"https:\/\/www.facebook.com\/pigrecoemme","article_author":"https:\/\/www.facebook.com\/corrado.morra1","article_published_time":"2014-01-21T16:44:04+00:00","article_modified_time":"2016-01-27T10:21:33+00:00","og_image":[{"url":"https:\/\/i0.wp.com\/www.pigrecoemme.com\/blog\/wp-content\/uploads\/2014\/01\/il-cairo.jpg?w=796&#038;h=532&#038;ssl=1","type":"","width":"","height":""}],"author":"Corrado Morra","twitter_card":"summary_large_image","twitter_creator":"@Pigrecoemme","twitter_site":"@Pigrecoemme","twitter_misc":{"Scritto da":"Corrado Morra","Tempo di lettura stimato":"2 minuti"},"schema":{"@context":"https:\/\/schema.org","@graph":[{"@type":["Article","BlogPosting"],"@id":"https:\/\/www.pigrecoemme.com\/blog\/luigi-sorrentino\/#article","isPartOf":{"@id":"https:\/\/www.pigrecoemme.com\/blog\/luigi-sorrentino\/"},"author":{"name":"Corrado Morra","@id":"https:\/\/www.pigrecoemme.com\/blog\/#\/schema\/person\/702764b5ecda4c2f34e82348789f649e"},"headline":"Viaggio in un&#8217;umanit\u00e0 senza fine, il nuovo progetto fotografico di Luigi Sorrentino","datePublished":"2014-01-21T16:44:04+00:00","dateModified":"2016-01-27T10:21:33+00:00","mainEntityOfPage":{"@id":"https:\/\/www.pigrecoemme.com\/blog\/luigi-sorrentino\/"},"wordCount":339,"commentCount":0,"publisher":{"@id":"https:\/\/www.pigrecoemme.com\/blog\/#organization"},"keywords":["corsi fotografia","eventi fotografia","Gigi Sorrentino","incontri fotografici","luca sorbo","luigi sorrentino"],"articleSection":["Eventi","Fotografia","Generale","Incontri fotografici"],"inLanguage":"it-IT","potentialAction":[{"@type":"CommentAction","name":"Comment","target":["https:\/\/www.pigrecoemme.com\/blog\/luigi-sorrentino\/#respond"]}]},{"@type":"WebPage","@id":"https:\/\/www.pigrecoemme.com\/blog\/luigi-sorrentino\/","url":"https:\/\/www.pigrecoemme.com\/blog\/luigi-sorrentino\/","name":"Viaggio in un'umanit\u00e0 senza fine, il nuovo progetto fotografico di Luigi Sorrentino","isPartOf":{"@id":"https:\/\/www.pigrecoemme.com\/blog\/#website"},"datePublished":"2014-01-21T16:44:04+00:00","dateModified":"2016-01-27T10:21:33+00:00","breadcrumb":{"@id":"https:\/\/www.pigrecoemme.com\/blog\/luigi-sorrentino\/#breadcrumb"},"inLanguage":"it-IT","potentialAction":[{"@type":"ReadAction","target":["https:\/\/www.pigrecoemme.com\/blog\/luigi-sorrentino\/"]}]},{"@type":"BreadcrumbList","@id":"https:\/\/www.pigrecoemme.com\/blog\/luigi-sorrentino\/#breadcrumb","itemListElement":[{"@type":"ListItem","position":1,"name":"Home","item":"https:\/\/www.pigrecoemme.com\/blog\/"},{"@type":"ListItem","position":2,"name":"Viaggio in un&#8217;umanit\u00e0 senza fine, il nuovo progetto fotografico di Luigi Sorrentino"}]},{"@type":"WebSite","@id":"https:\/\/www.pigrecoemme.com\/blog\/#website","url":"https:\/\/www.pigrecoemme.com\/blog\/","name":"Scuola di Cinema Pigrecoemme - Blog","description":"Siamo la prima Scuola di Cinema e Fotografia di Napoli","publisher":{"@id":"https:\/\/www.pigrecoemme.com\/blog\/#organization"},"potentialAction":[{"@type":"SearchAction","target":{"@type":"EntryPoint","urlTemplate":"https:\/\/www.pigrecoemme.com\/blog\/?s={search_term_string}"},"query-input":{"@type":"PropertyValueSpecification","valueRequired":true,"valueName":"search_term_string"}}],"inLanguage":"it-IT"},{"@type":"Organization","@id":"https:\/\/www.pigrecoemme.com\/blog\/#organization","name":"Scuola di cinema e fotografia Pigrecoemme","url":"https:\/\/www.pigrecoemme.com\/blog\/","logo":{"@type":"ImageObject","inLanguage":"it-IT","@id":"https:\/\/www.pigrecoemme.com\/blog\/#\/schema\/logo\/image\/","url":"https:\/\/i0.wp.com\/www.pigrecoemme.com\/blog\/wp-content\/uploads\/2018\/06\/logo-pigrecoemme-2018.png?fit=500%2C500&ssl=1","contentUrl":"https:\/\/i0.wp.com\/www.pigrecoemme.com\/blog\/wp-content\/uploads\/2018\/06\/logo-pigrecoemme-2018.png?fit=500%2C500&ssl=1","width":500,"height":500,"caption":"Scuola di cinema e fotografia Pigrecoemme"},"image":{"@id":"https:\/\/www.pigrecoemme.com\/blog\/#\/schema\/logo\/image\/"},"sameAs":["https:\/\/www.facebook.com\/pigrecoemme","https:\/\/x.com\/Pigrecoemme","https:\/\/www.instagram.com\/pigrecoemme\/","https:\/\/www.linkedin.com\/company\/pigrecoemme\/","https:\/\/www.youtube.com\/pigrecoemme"]},{"@type":"Person","@id":"https:\/\/www.pigrecoemme.com\/blog\/#\/schema\/person\/702764b5ecda4c2f34e82348789f649e","name":"Corrado Morra","image":{"@type":"ImageObject","inLanguage":"it-IT","@id":"https:\/\/secure.gravatar.com\/avatar\/f6ce2f6728fbdf920737112fe70682512808577befa2c9c7845c04a8449b8f03?s=96&r=g","url":"https:\/\/secure.gravatar.com\/avatar\/f6ce2f6728fbdf920737112fe70682512808577befa2c9c7845c04a8449b8f03?s=96&r=g","contentUrl":"https:\/\/secure.gravatar.com\/avatar\/f6ce2f6728fbdf920737112fe70682512808577befa2c9c7845c04a8449b8f03?s=96&r=g","caption":"Corrado Morra"},"description":"Esperto di arti visive e di cinema, insegna Sceneggiatura alla Scuola di cinema Pigrecoemme di Napoli, di cui \u00e8 tra i fondatori.","sameAs":["http:\/\/www.pigrecoemme.com\/","https:\/\/www.facebook.com\/corrado.morra1"],"url":"https:\/\/www.pigrecoemme.com\/blog\/author\/corrado-morra\/"}]}},"jetpack_sharing_enabled":true,"jetpack_likes_enabled":true,"jetpack-related-posts":[{"id":604,"url":"https:\/\/www.pigrecoemme.com\/blog\/la-rivolta-tunisina-nelle-foto-di-luigi-sorrentino\/","url_meta":{"origin":783,"position":0},"title":"La rivolta Tunisina nelle foto di Luigi Sorrentino","author":"Giacomo Fabbrocino","date":"12 Marzo 2013","format":false,"excerpt":"Luned\u00ec 18 marzo, alle ore 16,00, il fotografo Luigi Sorrentino sar\u00e0 alla Scuola di cinema e fotografia Pigrecoemme di Napoli, per presentare un suo drammatico e potente fotoreportage sui recenti scontri in Tunisia, che stanno, dopo gli sconvolgimenti della cosiddetta \"primavera araba\", di nuovo gettando nel caos uno dei paesi\u2026","rel":"","context":"In &quot;Eventi&quot;","block_context":{"text":"Eventi","link":"https:\/\/www.pigrecoemme.com\/blog\/eventi\/"},"img":{"alt_text":"","src":"https:\/\/i0.wp.com\/www.pigrecoemme.com\/blog\/wp-content\/uploads\/2013\/03\/fotogiornalismo-tunisia-1-200x300.jpg?resize=350%2C200","width":350,"height":200},"classes":[]},{"id":1740,"url":"https:\/\/www.pigrecoemme.com\/blog\/incontro-gratuito-gianni-fiorito-fotografo-scena\/","url_meta":{"origin":783,"position":1},"title":"Incontro gratuito con Gianni Fiorito, fotografo di scena","author":"Pigrecoemme","date":"12 Settembre 2016","format":false,"excerpt":"Mercoled\u00ec 28 settembre 2016, dalle\u00a0ore 16:00 alle ore\u00a018:00, nell\u2019ambito della rassegna Incontri fotografici,\u00a0Gianni Fiorito sar\u00e0 ospite alla Scuola di cinema e fotografia\u00a0Pigrecoemme\u00a0di Napoli per dar vita a un incontro in cui racconter\u00e0 la sua avvincente esperienza di fotografo in grado di ricoprire ruoli di primissimo piano \u00a0nel reportage, nella fotografia\u2026","rel":"","context":"In &quot;Eventi&quot;","block_context":{"text":"Eventi","link":"https:\/\/www.pigrecoemme.com\/blog\/eventi\/"},"img":{"alt_text":"Un bacio - di Ivan Cotroneo","src":"https:\/\/i0.wp.com\/www.pigrecoemme.com\/blog\/wp-content\/uploads\/2016\/09\/un-bacio-1.jpg?resize=350%2C200","width":350,"height":200,"srcset":"https:\/\/i0.wp.com\/www.pigrecoemme.com\/blog\/wp-content\/uploads\/2016\/09\/un-bacio-1.jpg?resize=350%2C200 1x, https:\/\/i0.wp.com\/www.pigrecoemme.com\/blog\/wp-content\/uploads\/2016\/09\/un-bacio-1.jpg?resize=525%2C300 1.5x, https:\/\/i0.wp.com\/www.pigrecoemme.com\/blog\/wp-content\/uploads\/2016\/09\/un-bacio-1.jpg?resize=700%2C400 2x, https:\/\/i0.wp.com\/www.pigrecoemme.com\/blog\/wp-content\/uploads\/2016\/09\/un-bacio-1.jpg?resize=1050%2C600 3x, https:\/\/i0.wp.com\/www.pigrecoemme.com\/blog\/wp-content\/uploads\/2016\/09\/un-bacio-1.jpg?resize=1400%2C800 4x"},"classes":[]},{"id":829,"url":"https:\/\/www.pigrecoemme.com\/blog\/la-grande-bellezza-la-fotografia-di-gianni-fiorito\/","url_meta":{"origin":783,"position":2},"title":"La grande bellezza? La fotografia. Dal fotogiornalismo al set, Gianni Fiorito si racconta alla Pigrecoemme","author":"Corrado Morra","date":"30 Aprile 2014","format":false,"excerpt":"Marted\u00ec 6 maggio, dalle ore 18,30 alle 20,30, nell\u2019ambito della rassegna Incontri fotografici,\u00a0Gianni Fiorito sar\u00e0 alla Scuola di cinema e fotografia Pigrecoemme di Napoli per vita a un incontro aperto in cui racconter\u00e0 il suo esemplare ed avvincente percorso artistico che scorre, grazie a una costante e fruttuosa contaminazione, tra\u2026","rel":"","context":"In &quot;Eventi&quot;","block_context":{"text":"Eventi","link":"https:\/\/www.pigrecoemme.com\/blog\/eventi\/"},"img":{"alt_text":"","src":"https:\/\/i0.wp.com\/www.pigrecoemme.com\/blog\/wp-content\/uploads\/2014\/04\/fiorito3-300x208.jpg?resize=350%2C200","width":350,"height":200},"classes":[]},{"id":362,"url":"https:\/\/www.pigrecoemme.com\/blog\/pigrecoemme-al-museo-di-capodimonte\/","url_meta":{"origin":783,"position":3},"title":"Gli allievi di Pigrecoemme? Al Museo di Capodimonte&#8230;","author":"Corrado Morra","date":"4 Maggio 2011","format":false,"excerpt":"Al Museo di Capodimonte, alcuni allievi dei corsi di Fotografia di Pigrecoemme in mostra, nell'ambito dell'evento Clic si suona.","rel":"","context":"In &quot;Eventi&quot;","block_context":{"text":"Eventi","link":"https:\/\/www.pigrecoemme.com\/blog\/eventi\/"},"img":{"alt_text":"","src":"https:\/\/i0.wp.com\/www.pigrecoemme.com\/blog\/wp-content\/uploads\/2011\/05\/clic-si-suona-215x300.jpg?resize=350%2C200","width":350,"height":200},"classes":[]},{"id":849,"url":"https:\/\/www.pigrecoemme.com\/blog\/il-brasile-in-lotta-durante-i-mondiali-di-calcio-alla-pigrecoemme-un-reportage-di-luigi-spera\/","url_meta":{"origin":783,"position":4},"title":"Il Brasile in lotta durante i Mondiali di Calcio. Alla Pigrecoemme, un reportage di Luigi Spera","author":"Corrado Morra","date":"16 Settembre 2014","format":false,"excerpt":"Sabato 27 settembre, alle ore 11,30, nell\u2019ambito della rassegna Incontri fotografici della Scuola di cinema e fotografia Pigrecoemme di Napoli, il giornalista Luigi Spera presenta il reportage NOSSA COPA \u00c9 NA RUA. Il Brasile in lotta: l\u2019urlo delle piazze e delle favelas lontano dai riflettori della Coppa del Mondo di\u2026","rel":"","context":"In &quot;Eventi&quot;","block_context":{"text":"Eventi","link":"https:\/\/www.pigrecoemme.com\/blog\/eventi\/"},"img":{"alt_text":"luigi-spera","src":"https:\/\/i0.wp.com\/www.pigrecoemme.com\/blog\/wp-content\/uploads\/2014\/09\/luigi-spera.png?resize=350%2C200","width":350,"height":200,"srcset":"https:\/\/i0.wp.com\/www.pigrecoemme.com\/blog\/wp-content\/uploads\/2014\/09\/luigi-spera.png?resize=350%2C200 1x, https:\/\/i0.wp.com\/www.pigrecoemme.com\/blog\/wp-content\/uploads\/2014\/09\/luigi-spera.png?resize=525%2C300 1.5x, https:\/\/i0.wp.com\/www.pigrecoemme.com\/blog\/wp-content\/uploads\/2014\/09\/luigi-spera.png?resize=700%2C400 2x"},"classes":[]},{"id":822,"url":"https:\/\/www.pigrecoemme.com\/blog\/incontri-fotografici-itaca\/","url_meta":{"origin":783,"position":5},"title":"Gli Incontri fotografici della Pigrecoemme approdano all&#8217;Itaca di Renato Orsini","author":"Corrado Morra","date":"26 Aprile 2014","format":false,"excerpt":"Mercoled\u00ec 30 aprile, dalle ore 17,00 alle 19,00, nell\u2019ambito della rassegna Incontri fotografici della Scuola di cinema e fotografia Pigrecoemme di Napoli, Renato Orsini presenta ITACA, il suo ultimo progetto fotografico, un viaggio emozionante in bianco e nero che, attraverso forti contrasti e una capacit\u00e0 sbalorditiva di scovare particolari epifanici,\u2026","rel":"","context":"In &quot;Eventi&quot;","block_context":{"text":"Eventi","link":"https:\/\/www.pigrecoemme.com\/blog\/eventi\/"},"img":{"alt_text":"","src":"https:\/\/i0.wp.com\/www.pigrecoemme.com\/blog\/wp-content\/uploads\/2014\/04\/renato-orsini.png?resize=350%2C200","width":350,"height":200},"classes":[]}],"jetpack_featured_media_url":"","_links":{"self":[{"href":"https:\/\/www.pigrecoemme.com\/blog\/wp-json\/wp\/v2\/posts\/783","targetHints":{"allow":["GET"]}}],"collection":[{"href":"https:\/\/www.pigrecoemme.com\/blog\/wp-json\/wp\/v2\/posts"}],"about":[{"href":"https:\/\/www.pigrecoemme.com\/blog\/wp-json\/wp\/v2\/types\/post"}],"author":[{"embeddable":true,"href":"https:\/\/www.pigrecoemme.com\/blog\/wp-json\/wp\/v2\/users\/2"}],"replies":[{"embeddable":true,"href":"https:\/\/www.pigrecoemme.com\/blog\/wp-json\/wp\/v2\/comments?post=783"}],"version-history":[{"count":0,"href":"https:\/\/www.pigrecoemme.com\/blog\/wp-json\/wp\/v2\/posts\/783\/revisions"}],"wp:attachment":[{"href":"https:\/\/www.pigrecoemme.com\/blog\/wp-json\/wp\/v2\/media?parent=783"}],"wp:term":[{"taxonomy":"category","embeddable":true,"href":"https:\/\/www.pigrecoemme.com\/blog\/wp-json\/wp\/v2\/categories?post=783"},{"taxonomy":"post_tag","embeddable":true,"href":"https:\/\/www.pigrecoemme.com\/blog\/wp-json\/wp\/v2\/tags?post=783"}],"curies":[{"name":"wp","href":"https:\/\/api.w.org\/{rel}","templated":true}]}}