{"id":755,"date":"2014-01-08T18:31:15","date_gmt":"2014-01-08T16:31:15","guid":{"rendered":"http:\/\/www.pigrecoemme.com\/blog\/?p=755"},"modified":"2016-01-27T11:47:18","modified_gmt":"2016-01-27T10:47:18","slug":"primi-scatti-studenti-di-fotografia-in-mostra","status":"publish","type":"post","link":"https:\/\/www.pigrecoemme.com\/blog\/primi-scatti-studenti-di-fotografia-in-mostra\/","title":{"rendered":"Primi scatti. Studenti di Fotografia in mostra"},"content":{"rendered":"<p><strong><a href=\"https:\/\/i0.wp.com\/www.pigrecoemme.com\/blog\/wp-content\/uploads\/2014\/01\/primi-scatti.png?ssl=1\"><img data-recalc-dims=\"1\" loading=\"lazy\" decoding=\"async\" class=\"aligncenter size-full wp-image-756\" title=\"Mostra fotografica degli studenti della Pigrecoemme\" src=\"https:\/\/i0.wp.com\/www.pigrecoemme.com\/blog\/wp-content\/uploads\/2014\/01\/primi-scatti.png?resize=500%2C185&#038;ssl=1\" alt=\"\" width=\"500\" height=\"185\" srcset=\"https:\/\/i0.wp.com\/www.pigrecoemme.com\/blog\/wp-content\/uploads\/2014\/01\/primi-scatti.png?w=715&amp;ssl=1 715w, https:\/\/i0.wp.com\/www.pigrecoemme.com\/blog\/wp-content\/uploads\/2014\/01\/primi-scatti.png?resize=300%2C111&amp;ssl=1 300w\" sizes=\"auto, (max-width: 500px) 100vw, 500px\" \/><\/a>Primi scatti<\/strong>, \u00e8 questo il titolo della prima di una serie di mostre che periodicamente esploreranno gli esordi e i primi approdi di ricerca di alcuni giovani fotografi campani.<br \/>\nL&#8217;esposizione si terr\u00e0 negli spazi di <strong>Pigrecoemme<\/strong>, a Napoli in <strong>Piazza Portanova 11<\/strong>, dal <strong>13 gennaio al <span style=\"text-decoration: line-through;\">7 febbraio<\/span><\/strong> <strong><span style=\"text-decoration: line-through;\">2014<\/span> 24 gennaio 2014<\/strong>. L\u2019<strong>inaugurazione<\/strong> \u00e8 per <strong>luned\u00ec 13 gennaio <\/strong>alle<strong> ore 17,00<\/strong>. Nei giorni successivi la mostra sar\u00e0 visitabile, dal luned\u00ec al venerd\u00ec, dalle ore 11,00 alle 13,30 e dalle 15,00 alle 17,30.<\/p>\n<p>La mostra espone\u00a0<strong>28 fotografie<\/strong>, di <strong>14 giovani fotografi<\/strong>, tutti <a href=\"http:\/\/www.pigrecoemme.com\/corso-fotografia\/corso-di-fotografia-2.htm\">studenti di Fotografia<\/a> alla Pigrecoemme, che presentano le loro prime ricerche fotografiche, alcune delle quali non mancheranno di certo di articolare, in breve tempo, \u00a0sviluppi interessanti.<\/p>\n<p><strong>Giuseppe Barretta<\/strong> lavora sul controluce come espediente di piccole rivelazioni e i suoi sono scatti carichi di un senso di attesa insieme giocosa e drammatica. E drammatico \u00e8 il bianco e nero di <strong>Lucia Coppola<\/strong>, che si muove tra le rivelazioni dell\u2019autoritratto e la ricerca sul paesaggio. <strong>Dalila D\u2019Alessandro<\/strong>, invece, lavora con lunghe esposizioni e, tra dissolvenze e sovrimpressioni, rivelano il sottile gioco sul Doppio e sulla natura fittizia della messinscena fotografica. Quello di <strong>Michela Silvia D\u2019Alessandro<\/strong> \u00e8 un taglio fotografico drammatico e sensuale, in cui il gioco dei particolari scopre un corpo che sovente si finge Natura, in un processo linguistico dove l\u2019identit\u00e0 si mostra celandosi. In <strong>Gianluca Della Rossa<\/strong>, invece, la foto \u00e8 soprattutto passione che racconta passioni: in tal senso vanno lette le festose raffigurazioni di cani da lui proposte. <strong>Nicola Di Meo<\/strong> \u00e8 invece attratto dalla potenza espressiva del paesaggio.\u00a0E mentre <strong>Ilaria Errico<\/strong> ha un occhio ora attento alle curiosit\u00e0 folcloristiche, ora a un pi\u00f9 doloroso impianto esistenziale, nelle foto di <strong>Chiara Giordano<\/strong> l\u2019attenzione antropologica si rivela apertamente in una serie di dettagli sull\u2019architettura funeraria, tramite campi medi su cimiteri zeppi di croci e marmi. In <strong>Raffaela Naldi Rossano<\/strong> la fotografia \u00e8 l\u2019espressione dei sentimenti, dove la tenerezza \u00e8 la costante del suo discorso, mentre per <strong>Teresa Malacario<\/strong> la fotografia \u00e8 curiosit\u00e0 e partecipazione, tra racconto di viaggio e capacit\u00e0 empatica. <strong>Vincenzo Nocerino<\/strong><strong>,<\/strong> invece, ci restituisce una cupa metafisica dello spazio, in cui il paesaggio scopre ora la traccia antropica, ora il disegno naturale, ma sempre insistendo su una malinconica nota di solitudine di fondo. Anche <strong>Serena Scagliarini<\/strong> \u00e8 abitata da istanze di lettura antropologica del reale, cui non \u00e8 aliena una qual poetica inquietudine sul destino umano. Gli scatti di <strong>Luigi Spera<\/strong> sono sospesi tra il momento del reportage e l\u2019approfondimento della foto d\u2019arte, con esiti estetici interessanti. Infine, <strong>Gabriella Valente<\/strong> propone un chiaro discorso sull\u2019assenza, con tracce volatili di presenze umane, forse appena scomparse oppure mai esistite.<\/p>\n<p style=\"text-align: center;\"><a title=\"mostra fotografica a Napoli\" href=\"https:\/\/www.facebook.com\/events\/426732297455551\/\"><img data-recalc-dims=\"1\" loading=\"lazy\" decoding=\"async\" class=\"alignnone size-medium wp-image-479\" title=\"mostra\" src=\"https:\/\/i0.wp.com\/www.pigrecoemme.com\/blog\/wp-content\/uploads\/2012\/03\/evento-facebook.png?resize=300%2C51&#038;ssl=1\" alt=\"\" width=\"300\" height=\"51\" srcset=\"https:\/\/i0.wp.com\/www.pigrecoemme.com\/blog\/wp-content\/uploads\/2012\/03\/evento-facebook.png?resize=300%2C51&amp;ssl=1 300w, https:\/\/i0.wp.com\/www.pigrecoemme.com\/blog\/wp-content\/uploads\/2012\/03\/evento-facebook.png?w=500&amp;ssl=1 500w\" sizes=\"auto, (max-width: 300px) 100vw, 300px\" \/><\/a><\/p>\n","protected":false},"excerpt":{"rendered":"<p>Primi scatti, \u00e8 questo il titolo della prima di una serie di mostre che periodicamente esploreranno gli esordi e i primi approdi di ricerca di alcuni giovani fotografi campani. L&#8217;esposizione si terr\u00e0 negli spazi&hellip;<\/p>\n","protected":false},"author":2,"featured_media":0,"comment_status":"open","ping_status":"open","sticky":false,"template":"","format":"standard","meta":{"_jetpack_newsletter_access":"","_jetpack_dont_email_post_to_subs":false,"_jetpack_newsletter_tier_id":0,"_jetpack_memberships_contains_paywalled_content":false,"_jetpack_feature_clip_id":0,"_jetpack_memberships_contains_paid_content":false,"footnotes":"","jetpack_post_was_ever_published":false},"categories":[11,21,1,1523],"tags":[849,494,845,855,847,843,848,370,844,854,846,543,856,851,853,850,852],"class_list":["post-755","post","type-post","status-publish","format-standard","hentry","category-eventi","category-fotografia","category-generale","category-incontri-fotografici","tag-chiara-giordano","tag-corsi-fotografia","tag-dalila-dalessandro","tag-gabriella-valente","tag-gianluca-della-rossa","tag-giuseppe-barretta","tag-ilaria-errico","tag-incontri-fotografici","tag-lucia-coppola","tag-luigi-spera","tag-michela-silvia-dalessandro","tag-mostre-fotografia","tag-primi-scatti","tag-raffaela-naldi-rossano","tag-serena-scagliarini","tag-teresa-malacario","tag-vincenzo-nocerino"],"yoast_head":"<!-- This site is optimized with the Yoast SEO plugin v28.3 - https:\/\/yoast.com\/product\/yoast-seo-wordpress\/ -->\n<title>Primi scatti. Studenti di Fotografia in mostra<\/title>\n<meta name=\"robots\" content=\"index, follow, max-snippet:-1, max-image-preview:large, max-video-preview:-1\" \/>\n<link rel=\"canonical\" href=\"https:\/\/www.pigrecoemme.com\/blog\/primi-scatti-studenti-di-fotografia-in-mostra\/\" \/>\n<meta property=\"og:locale\" content=\"it_IT\" \/>\n<meta property=\"og:type\" content=\"article\" \/>\n<meta property=\"og:title\" content=\"Primi scatti. Studenti di Fotografia in mostra\" \/>\n<meta property=\"og:description\" content=\"Scuola di Cinema, Televisione e Fotografia - Napoli\" \/>\n<meta property=\"og:url\" content=\"https:\/\/www.pigrecoemme.com\/blog\/primi-scatti-studenti-di-fotografia-in-mostra\/\" \/>\n<meta property=\"og:site_name\" content=\"Scuola di Cinema Pigrecoemme - Blog\" \/>\n<meta property=\"article:publisher\" content=\"https:\/\/www.facebook.com\/pigrecoemme\" \/>\n<meta property=\"article:author\" content=\"https:\/\/www.facebook.com\/corrado.morra1\" \/>\n<meta property=\"article:published_time\" content=\"2014-01-08T16:31:15+00:00\" \/>\n<meta property=\"article:modified_time\" content=\"2016-01-27T10:47:18+00:00\" \/>\n<meta property=\"og:image\" content=\"http:\/\/www.pigrecoemme.com\/blog\/wp-content\/uploads\/2014\/01\/primi-scatti.png\" \/>\n<meta name=\"author\" content=\"Corrado Morra\" \/>\n<meta name=\"twitter:card\" content=\"summary_large_image\" \/>\n<meta name=\"twitter:creator\" content=\"@Pigrecoemme\" \/>\n<meta name=\"twitter:site\" content=\"@Pigrecoemme\" \/>\n<meta name=\"twitter:label1\" content=\"Scritto da\" \/>\n\t<meta name=\"twitter:data1\" content=\"Corrado Morra\" \/>\n\t<meta name=\"twitter:label2\" content=\"Tempo di lettura stimato\" \/>\n\t<meta name=\"twitter:data2\" content=\"2 minuti\" \/>\n<script type=\"application\/ld+json\" class=\"yoast-schema-graph\">{\"@context\":\"https:\\\/\\\/schema.org\",\"@graph\":[{\"@type\":[\"Article\",\"BlogPosting\"],\"@id\":\"https:\\\/\\\/www.pigrecoemme.com\\\/blog\\\/primi-scatti-studenti-di-fotografia-in-mostra\\\/#article\",\"isPartOf\":{\"@id\":\"https:\\\/\\\/www.pigrecoemme.com\\\/blog\\\/primi-scatti-studenti-di-fotografia-in-mostra\\\/\"},\"author\":{\"name\":\"Corrado Morra\",\"@id\":\"https:\\\/\\\/www.pigrecoemme.com\\\/blog\\\/#\\\/schema\\\/person\\\/702764b5ecda4c2f34e82348789f649e\"},\"headline\":\"Primi scatti. Studenti di Fotografia in mostra\",\"datePublished\":\"2014-01-08T16:31:15+00:00\",\"dateModified\":\"2016-01-27T10:47:18+00:00\",\"mainEntityOfPage\":{\"@id\":\"https:\\\/\\\/www.pigrecoemme.com\\\/blog\\\/primi-scatti-studenti-di-fotografia-in-mostra\\\/\"},\"wordCount\":436,\"commentCount\":0,\"publisher\":{\"@id\":\"https:\\\/\\\/www.pigrecoemme.com\\\/blog\\\/#organization\"},\"image\":{\"@id\":\"https:\\\/\\\/www.pigrecoemme.com\\\/blog\\\/primi-scatti-studenti-di-fotografia-in-mostra\\\/#primaryimage\"},\"thumbnailUrl\":\"http:\\\/\\\/www.pigrecoemme.com\\\/blog\\\/wp-content\\\/uploads\\\/2014\\\/01\\\/primi-scatti.png\",\"keywords\":[\"Chiara Giordano\",\"corsi fotografia\",\"Dalila D\u2019Alessandro\",\"Gabriella Valente\",\"Gianluca Della Rossa\",\"Giuseppe Barretta\",\"Ilaria Errico\",\"incontri fotografici\",\"Lucia Coppola\",\"Luigi Spera\",\"Michela Silvia D\u2019Alessandro\",\"mostre fotografia\",\"Primi scatti\",\"Raffaela Naldi Rossano\",\"Serena Scagliarini\",\"Teresa Malacario\",\"Vincenzo Nocerino\"],\"articleSection\":[\"Eventi\",\"Fotografia\",\"Generale\",\"Incontri fotografici\"],\"inLanguage\":\"it-IT\",\"potentialAction\":[{\"@type\":\"CommentAction\",\"name\":\"Comment\",\"target\":[\"https:\\\/\\\/www.pigrecoemme.com\\\/blog\\\/primi-scatti-studenti-di-fotografia-in-mostra\\\/#respond\"]}]},{\"@type\":\"WebPage\",\"@id\":\"https:\\\/\\\/www.pigrecoemme.com\\\/blog\\\/primi-scatti-studenti-di-fotografia-in-mostra\\\/\",\"url\":\"https:\\\/\\\/www.pigrecoemme.com\\\/blog\\\/primi-scatti-studenti-di-fotografia-in-mostra\\\/\",\"name\":\"Primi scatti. Studenti di Fotografia in mostra\",\"isPartOf\":{\"@id\":\"https:\\\/\\\/www.pigrecoemme.com\\\/blog\\\/#website\"},\"primaryImageOfPage\":{\"@id\":\"https:\\\/\\\/www.pigrecoemme.com\\\/blog\\\/primi-scatti-studenti-di-fotografia-in-mostra\\\/#primaryimage\"},\"image\":{\"@id\":\"https:\\\/\\\/www.pigrecoemme.com\\\/blog\\\/primi-scatti-studenti-di-fotografia-in-mostra\\\/#primaryimage\"},\"thumbnailUrl\":\"http:\\\/\\\/www.pigrecoemme.com\\\/blog\\\/wp-content\\\/uploads\\\/2014\\\/01\\\/primi-scatti.png\",\"datePublished\":\"2014-01-08T16:31:15+00:00\",\"dateModified\":\"2016-01-27T10:47:18+00:00\",\"breadcrumb\":{\"@id\":\"https:\\\/\\\/www.pigrecoemme.com\\\/blog\\\/primi-scatti-studenti-di-fotografia-in-mostra\\\/#breadcrumb\"},\"inLanguage\":\"it-IT\",\"potentialAction\":[{\"@type\":\"ReadAction\",\"target\":[\"https:\\\/\\\/www.pigrecoemme.com\\\/blog\\\/primi-scatti-studenti-di-fotografia-in-mostra\\\/\"]}]},{\"@type\":\"ImageObject\",\"inLanguage\":\"it-IT\",\"@id\":\"https:\\\/\\\/www.pigrecoemme.com\\\/blog\\\/primi-scatti-studenti-di-fotografia-in-mostra\\\/#primaryimage\",\"url\":\"http:\\\/\\\/www.pigrecoemme.com\\\/blog\\\/wp-content\\\/uploads\\\/2014\\\/01\\\/primi-scatti.png\",\"contentUrl\":\"http:\\\/\\\/www.pigrecoemme.com\\\/blog\\\/wp-content\\\/uploads\\\/2014\\\/01\\\/primi-scatti.png\"},{\"@type\":\"BreadcrumbList\",\"@id\":\"https:\\\/\\\/www.pigrecoemme.com\\\/blog\\\/primi-scatti-studenti-di-fotografia-in-mostra\\\/#breadcrumb\",\"itemListElement\":[{\"@type\":\"ListItem\",\"position\":1,\"name\":\"Home\",\"item\":\"https:\\\/\\\/www.pigrecoemme.com\\\/blog\\\/\"},{\"@type\":\"ListItem\",\"position\":2,\"name\":\"Primi scatti. Studenti di Fotografia in mostra\"}]},{\"@type\":\"WebSite\",\"@id\":\"https:\\\/\\\/www.pigrecoemme.com\\\/blog\\\/#website\",\"url\":\"https:\\\/\\\/www.pigrecoemme.com\\\/blog\\\/\",\"name\":\"Scuola di Cinema Pigrecoemme - Blog\",\"description\":\"Siamo la prima Scuola di Cinema e Fotografia di Napoli\",\"publisher\":{\"@id\":\"https:\\\/\\\/www.pigrecoemme.com\\\/blog\\\/#organization\"},\"potentialAction\":[{\"@type\":\"SearchAction\",\"target\":{\"@type\":\"EntryPoint\",\"urlTemplate\":\"https:\\\/\\\/www.pigrecoemme.com\\\/blog\\\/?s={search_term_string}\"},\"query-input\":{\"@type\":\"PropertyValueSpecification\",\"valueRequired\":true,\"valueName\":\"search_term_string\"}}],\"inLanguage\":\"it-IT\"},{\"@type\":\"Organization\",\"@id\":\"https:\\\/\\\/www.pigrecoemme.com\\\/blog\\\/#organization\",\"name\":\"Scuola di cinema e fotografia Pigrecoemme\",\"url\":\"https:\\\/\\\/www.pigrecoemme.com\\\/blog\\\/\",\"logo\":{\"@type\":\"ImageObject\",\"inLanguage\":\"it-IT\",\"@id\":\"https:\\\/\\\/www.pigrecoemme.com\\\/blog\\\/#\\\/schema\\\/logo\\\/image\\\/\",\"url\":\"https:\\\/\\\/i0.wp.com\\\/www.pigrecoemme.com\\\/blog\\\/wp-content\\\/uploads\\\/2018\\\/06\\\/logo-pigrecoemme-2018.png?fit=500%2C500&ssl=1\",\"contentUrl\":\"https:\\\/\\\/i0.wp.com\\\/www.pigrecoemme.com\\\/blog\\\/wp-content\\\/uploads\\\/2018\\\/06\\\/logo-pigrecoemme-2018.png?fit=500%2C500&ssl=1\",\"width\":500,\"height\":500,\"caption\":\"Scuola di cinema e fotografia Pigrecoemme\"},\"image\":{\"@id\":\"https:\\\/\\\/www.pigrecoemme.com\\\/blog\\\/#\\\/schema\\\/logo\\\/image\\\/\"},\"sameAs\":[\"https:\\\/\\\/www.facebook.com\\\/pigrecoemme\",\"https:\\\/\\\/x.com\\\/Pigrecoemme\",\"https:\\\/\\\/www.instagram.com\\\/pigrecoemme\\\/\",\"https:\\\/\\\/www.linkedin.com\\\/company\\\/pigrecoemme\\\/\",\"https:\\\/\\\/www.youtube.com\\\/pigrecoemme\"]},{\"@type\":\"Person\",\"@id\":\"https:\\\/\\\/www.pigrecoemme.com\\\/blog\\\/#\\\/schema\\\/person\\\/702764b5ecda4c2f34e82348789f649e\",\"name\":\"Corrado Morra\",\"image\":{\"@type\":\"ImageObject\",\"inLanguage\":\"it-IT\",\"@id\":\"https:\\\/\\\/secure.gravatar.com\\\/avatar\\\/f6ce2f6728fbdf920737112fe70682512808577befa2c9c7845c04a8449b8f03?s=96&r=g\",\"url\":\"https:\\\/\\\/secure.gravatar.com\\\/avatar\\\/f6ce2f6728fbdf920737112fe70682512808577befa2c9c7845c04a8449b8f03?s=96&r=g\",\"contentUrl\":\"https:\\\/\\\/secure.gravatar.com\\\/avatar\\\/f6ce2f6728fbdf920737112fe70682512808577befa2c9c7845c04a8449b8f03?s=96&r=g\",\"caption\":\"Corrado Morra\"},\"description\":\"Esperto di arti visive e di cinema, insegna Sceneggiatura alla Scuola di cinema Pigrecoemme di Napoli, di cui \u00e8 tra i fondatori.\",\"sameAs\":[\"http:\\\/\\\/www.pigrecoemme.com\\\/\",\"https:\\\/\\\/www.facebook.com\\\/corrado.morra1\"],\"url\":\"https:\\\/\\\/www.pigrecoemme.com\\\/blog\\\/author\\\/corrado-morra\\\/\"}]}<\/script>\n<!-- \/ Yoast SEO plugin. -->","yoast_head_json":{"title":"Primi scatti. Studenti di Fotografia in mostra","robots":{"index":"index","follow":"follow","max-snippet":"max-snippet:-1","max-image-preview":"max-image-preview:large","max-video-preview":"max-video-preview:-1"},"canonical":"https:\/\/www.pigrecoemme.com\/blog\/primi-scatti-studenti-di-fotografia-in-mostra\/","og_locale":"it_IT","og_type":"article","og_title":"Primi scatti. Studenti di Fotografia in mostra","og_description":"Scuola di Cinema, Televisione e Fotografia - Napoli","og_url":"https:\/\/www.pigrecoemme.com\/blog\/primi-scatti-studenti-di-fotografia-in-mostra\/","og_site_name":"Scuola di Cinema Pigrecoemme - Blog","article_publisher":"https:\/\/www.facebook.com\/pigrecoemme","article_author":"https:\/\/www.facebook.com\/corrado.morra1","article_published_time":"2014-01-08T16:31:15+00:00","article_modified_time":"2016-01-27T10:47:18+00:00","og_image":[{"url":"http:\/\/www.pigrecoemme.com\/blog\/wp-content\/uploads\/2014\/01\/primi-scatti.png","type":"","width":"","height":""}],"author":"Corrado Morra","twitter_card":"summary_large_image","twitter_creator":"@Pigrecoemme","twitter_site":"@Pigrecoemme","twitter_misc":{"Scritto da":"Corrado Morra","Tempo di lettura stimato":"2 minuti"},"schema":{"@context":"https:\/\/schema.org","@graph":[{"@type":["Article","BlogPosting"],"@id":"https:\/\/www.pigrecoemme.com\/blog\/primi-scatti-studenti-di-fotografia-in-mostra\/#article","isPartOf":{"@id":"https:\/\/www.pigrecoemme.com\/blog\/primi-scatti-studenti-di-fotografia-in-mostra\/"},"author":{"name":"Corrado Morra","@id":"https:\/\/www.pigrecoemme.com\/blog\/#\/schema\/person\/702764b5ecda4c2f34e82348789f649e"},"headline":"Primi scatti. Studenti di Fotografia in mostra","datePublished":"2014-01-08T16:31:15+00:00","dateModified":"2016-01-27T10:47:18+00:00","mainEntityOfPage":{"@id":"https:\/\/www.pigrecoemme.com\/blog\/primi-scatti-studenti-di-fotografia-in-mostra\/"},"wordCount":436,"commentCount":0,"publisher":{"@id":"https:\/\/www.pigrecoemme.com\/blog\/#organization"},"image":{"@id":"https:\/\/www.pigrecoemme.com\/blog\/primi-scatti-studenti-di-fotografia-in-mostra\/#primaryimage"},"thumbnailUrl":"http:\/\/www.pigrecoemme.com\/blog\/wp-content\/uploads\/2014\/01\/primi-scatti.png","keywords":["Chiara Giordano","corsi fotografia","Dalila D\u2019Alessandro","Gabriella Valente","Gianluca Della Rossa","Giuseppe Barretta","Ilaria Errico","incontri fotografici","Lucia Coppola","Luigi Spera","Michela Silvia D\u2019Alessandro","mostre fotografia","Primi scatti","Raffaela Naldi Rossano","Serena Scagliarini","Teresa Malacario","Vincenzo Nocerino"],"articleSection":["Eventi","Fotografia","Generale","Incontri fotografici"],"inLanguage":"it-IT","potentialAction":[{"@type":"CommentAction","name":"Comment","target":["https:\/\/www.pigrecoemme.com\/blog\/primi-scatti-studenti-di-fotografia-in-mostra\/#respond"]}]},{"@type":"WebPage","@id":"https:\/\/www.pigrecoemme.com\/blog\/primi-scatti-studenti-di-fotografia-in-mostra\/","url":"https:\/\/www.pigrecoemme.com\/blog\/primi-scatti-studenti-di-fotografia-in-mostra\/","name":"Primi scatti. Studenti di Fotografia in mostra","isPartOf":{"@id":"https:\/\/www.pigrecoemme.com\/blog\/#website"},"primaryImageOfPage":{"@id":"https:\/\/www.pigrecoemme.com\/blog\/primi-scatti-studenti-di-fotografia-in-mostra\/#primaryimage"},"image":{"@id":"https:\/\/www.pigrecoemme.com\/blog\/primi-scatti-studenti-di-fotografia-in-mostra\/#primaryimage"},"thumbnailUrl":"http:\/\/www.pigrecoemme.com\/blog\/wp-content\/uploads\/2014\/01\/primi-scatti.png","datePublished":"2014-01-08T16:31:15+00:00","dateModified":"2016-01-27T10:47:18+00:00","breadcrumb":{"@id":"https:\/\/www.pigrecoemme.com\/blog\/primi-scatti-studenti-di-fotografia-in-mostra\/#breadcrumb"},"inLanguage":"it-IT","potentialAction":[{"@type":"ReadAction","target":["https:\/\/www.pigrecoemme.com\/blog\/primi-scatti-studenti-di-fotografia-in-mostra\/"]}]},{"@type":"ImageObject","inLanguage":"it-IT","@id":"https:\/\/www.pigrecoemme.com\/blog\/primi-scatti-studenti-di-fotografia-in-mostra\/#primaryimage","url":"http:\/\/www.pigrecoemme.com\/blog\/wp-content\/uploads\/2014\/01\/primi-scatti.png","contentUrl":"http:\/\/www.pigrecoemme.com\/blog\/wp-content\/uploads\/2014\/01\/primi-scatti.png"},{"@type":"BreadcrumbList","@id":"https:\/\/www.pigrecoemme.com\/blog\/primi-scatti-studenti-di-fotografia-in-mostra\/#breadcrumb","itemListElement":[{"@type":"ListItem","position":1,"name":"Home","item":"https:\/\/www.pigrecoemme.com\/blog\/"},{"@type":"ListItem","position":2,"name":"Primi scatti. Studenti di Fotografia in mostra"}]},{"@type":"WebSite","@id":"https:\/\/www.pigrecoemme.com\/blog\/#website","url":"https:\/\/www.pigrecoemme.com\/blog\/","name":"Scuola di Cinema Pigrecoemme - Blog","description":"Siamo la prima Scuola di Cinema e Fotografia di Napoli","publisher":{"@id":"https:\/\/www.pigrecoemme.com\/blog\/#organization"},"potentialAction":[{"@type":"SearchAction","target":{"@type":"EntryPoint","urlTemplate":"https:\/\/www.pigrecoemme.com\/blog\/?s={search_term_string}"},"query-input":{"@type":"PropertyValueSpecification","valueRequired":true,"valueName":"search_term_string"}}],"inLanguage":"it-IT"},{"@type":"Organization","@id":"https:\/\/www.pigrecoemme.com\/blog\/#organization","name":"Scuola di cinema e fotografia Pigrecoemme","url":"https:\/\/www.pigrecoemme.com\/blog\/","logo":{"@type":"ImageObject","inLanguage":"it-IT","@id":"https:\/\/www.pigrecoemme.com\/blog\/#\/schema\/logo\/image\/","url":"https:\/\/i0.wp.com\/www.pigrecoemme.com\/blog\/wp-content\/uploads\/2018\/06\/logo-pigrecoemme-2018.png?fit=500%2C500&ssl=1","contentUrl":"https:\/\/i0.wp.com\/www.pigrecoemme.com\/blog\/wp-content\/uploads\/2018\/06\/logo-pigrecoemme-2018.png?fit=500%2C500&ssl=1","width":500,"height":500,"caption":"Scuola di cinema e fotografia Pigrecoemme"},"image":{"@id":"https:\/\/www.pigrecoemme.com\/blog\/#\/schema\/logo\/image\/"},"sameAs":["https:\/\/www.facebook.com\/pigrecoemme","https:\/\/x.com\/Pigrecoemme","https:\/\/www.instagram.com\/pigrecoemme\/","https:\/\/www.linkedin.com\/company\/pigrecoemme\/","https:\/\/www.youtube.com\/pigrecoemme"]},{"@type":"Person","@id":"https:\/\/www.pigrecoemme.com\/blog\/#\/schema\/person\/702764b5ecda4c2f34e82348789f649e","name":"Corrado Morra","image":{"@type":"ImageObject","inLanguage":"it-IT","@id":"https:\/\/secure.gravatar.com\/avatar\/f6ce2f6728fbdf920737112fe70682512808577befa2c9c7845c04a8449b8f03?s=96&r=g","url":"https:\/\/secure.gravatar.com\/avatar\/f6ce2f6728fbdf920737112fe70682512808577befa2c9c7845c04a8449b8f03?s=96&r=g","contentUrl":"https:\/\/secure.gravatar.com\/avatar\/f6ce2f6728fbdf920737112fe70682512808577befa2c9c7845c04a8449b8f03?s=96&r=g","caption":"Corrado Morra"},"description":"Esperto di arti visive e di cinema, insegna Sceneggiatura alla Scuola di cinema Pigrecoemme di Napoli, di cui \u00e8 tra i fondatori.","sameAs":["http:\/\/www.pigrecoemme.com\/","https:\/\/www.facebook.com\/corrado.morra1"],"url":"https:\/\/www.pigrecoemme.com\/blog\/author\/corrado-morra\/"}]}},"jetpack_sharing_enabled":true,"jetpack_likes_enabled":true,"jetpack-related-posts":[{"id":1813,"url":"https:\/\/www.pigrecoemme.com\/blog\/incontro-col-fotografo-guido-giannini\/","url_meta":{"origin":755,"position":0},"title":"Incontro col fotografo Guido Giannini. 17 dicembre 2016.","author":"Pigrecoemme","date":"3 Dicembre 2016","format":false,"excerpt":"Sabato\u00a017 dicembre\u00a02016, dalle\u00a0ore 16:30 alle ore\u00a018:30, nell\u2019ambito della rassegna Incontri fotografici,\u00a0Guido Giannini\u00a0sar\u00e0 ospite alla Scuola di cinema e fotografia\u00a0Pigrecoemme\u00a0di Napoli per dar vita a un incontro in cui racconter\u00e0 la sua avvincente esperienza di fotografo. Come partecipare all'incontro L\u2019incontro, fino a esaurimento posti, \u00e8 a ingresso gratuito e sar\u00e0 presentato\u2026","rel":"","context":"In &quot;Eventi&quot;","block_context":{"text":"Eventi","link":"https:\/\/www.pigrecoemme.com\/blog\/eventi\/"},"img":{"alt_text":"Guido Giannini Fotografo","src":"https:\/\/i0.wp.com\/www.pigrecoemme.com\/blog\/wp-content\/uploads\/2016\/12\/guido-giannini-fotografo.jpg?resize=350%2C200","width":350,"height":200},"classes":[]},{"id":631,"url":"https:\/\/www.pigrecoemme.com\/blog\/incontro-con-la-fotografa-e-regista-iraniana-maryam-raz\/","url_meta":{"origin":755,"position":1},"title":"Incontro con la fotografa e regista iraniana Maryam Raz","author":"Giacomo Fabbrocino","date":"13 Aprile 2013","format":false,"excerpt":"Continuano le iniziative dedicate al Fotogiornalismo dalla Pigrecoemme. Dopo l\u2019inaugurazione di \u201cStorie in tre scatti\u201d, la mostra al Portanova Caf\u00e8 (Piazza Portanova 8), visitabile fino al 27 aprile, e \u00a0la lezione aperta a tutti di introduzione al Fotogiornalismo a cura di Luca Sorbo dello scorso 13 aprile, \u00e8 ora la\u2026","rel":"","context":"In &quot;Eventi&quot;","block_context":{"text":"Eventi","link":"https:\/\/www.pigrecoemme.com\/blog\/eventi\/"},"img":{"alt_text":"","src":"https:\/\/i0.wp.com\/www.pigrecoemme.com\/blog\/wp-content\/uploads\/2013\/04\/maryam-raz-iran-project-1.jpg?resize=350%2C200","width":350,"height":200},"classes":[]},{"id":1837,"url":"https:\/\/www.pigrecoemme.com\/blog\/sabato-14-gennaio-incontro-fotografico-cesare-accetta\/","url_meta":{"origin":755,"position":2},"title":"Sabato 14 gennaio: incontro fotografico con Cesare Accetta","author":"Giacomo Fabbrocino","date":"5 Gennaio 2017","format":false,"excerpt":"Sabato\u00a014\u00a0gennaio 2017, dalle\u00a0ore 16:30 alle ore\u00a018:00, nell\u2019ambito della rassegna Incontri fotografici, Cesare Accetta\u00a0sar\u00e0 ospite alla Scuola di cinema e fotografia\u00a0Pigrecoemme\u00a0di Napoli, per dar vita a un incontro in cui racconter\u00e0 il suo entusiasmante percorso artistico e professionale come fotografo di scena, fotografo di ricerca, direttore della fotografia per il cinema\u2026","rel":"","context":"In &quot;Eventi&quot;","block_context":{"text":"Eventi","link":"https:\/\/www.pigrecoemme.com\/blog\/eventi\/"},"img":{"alt_text":"02 (Nero sensibile)","src":"https:\/\/i0.wp.com\/www.pigrecoemme.com\/blog\/wp-content\/uploads\/2017\/01\/02-Nero-sensibile.jpg?resize=350%2C200","width":350,"height":200,"srcset":"https:\/\/i0.wp.com\/www.pigrecoemme.com\/blog\/wp-content\/uploads\/2017\/01\/02-Nero-sensibile.jpg?resize=350%2C200 1x, https:\/\/i0.wp.com\/www.pigrecoemme.com\/blog\/wp-content\/uploads\/2017\/01\/02-Nero-sensibile.jpg?resize=525%2C300 1.5x, https:\/\/i0.wp.com\/www.pigrecoemme.com\/blog\/wp-content\/uploads\/2017\/01\/02-Nero-sensibile.jpg?resize=700%2C400 2x, https:\/\/i0.wp.com\/www.pigrecoemme.com\/blog\/wp-content\/uploads\/2017\/01\/02-Nero-sensibile.jpg?resize=1050%2C600 3x"},"classes":[]},{"id":710,"url":"https:\/\/www.pigrecoemme.com\/blog\/incontri-fotografici-pasquale-autiero-alla-pigrecoemme\/","url_meta":{"origin":755,"position":3},"title":"Incontri fotografici: Pasquale Autiero alla Pigrecoemme","author":"Corrado Morra","date":"16 Ottobre 2013","format":false,"excerpt":"\u00a0 Luned\u00ec 21 ottobre, dalle ore 17,00 alle 19,00, Pigrecoemme incontra uno dei fotografi napoletani pi\u00f9 interessanti di questi ultimi anni, Pasquale Autiero. L\u2019incontro sar\u00e0 introdotto da Luca Sorbo, curatore dei corsi di Fotografia alla Pigrecoemme, e da Corrado Morra e, con la partecipazione dell\u2019autore, presenter\u00e0 due grandi foto a\u2026","rel":"","context":"In &quot;Eventi&quot;","block_context":{"text":"Eventi","link":"https:\/\/www.pigrecoemme.com\/blog\/eventi\/"},"img":{"alt_text":"","src":"https:\/\/i0.wp.com\/www.pigrecoemme.com\/blog\/wp-content\/uploads\/2013\/10\/autiero1.jpg?resize=350%2C200","width":350,"height":200,"srcset":"https:\/\/i0.wp.com\/www.pigrecoemme.com\/blog\/wp-content\/uploads\/2013\/10\/autiero1.jpg?resize=350%2C200 1x, https:\/\/i0.wp.com\/www.pigrecoemme.com\/blog\/wp-content\/uploads\/2013\/10\/autiero1.jpg?resize=525%2C300 1.5x, https:\/\/i0.wp.com\/www.pigrecoemme.com\/blog\/wp-content\/uploads\/2013\/10\/autiero1.jpg?resize=700%2C400 2x"},"classes":[]},{"id":822,"url":"https:\/\/www.pigrecoemme.com\/blog\/incontri-fotografici-itaca\/","url_meta":{"origin":755,"position":4},"title":"Gli Incontri fotografici della Pigrecoemme approdano all&#8217;Itaca di Renato Orsini","author":"Corrado Morra","date":"26 Aprile 2014","format":false,"excerpt":"Mercoled\u00ec 30 aprile, dalle ore 17,00 alle 19,00, nell\u2019ambito della rassegna Incontri fotografici della Scuola di cinema e fotografia Pigrecoemme di Napoli, Renato Orsini presenta ITACA, il suo ultimo progetto fotografico, un viaggio emozionante in bianco e nero che, attraverso forti contrasti e una capacit\u00e0 sbalorditiva di scovare particolari epifanici,\u2026","rel":"","context":"In &quot;Eventi&quot;","block_context":{"text":"Eventi","link":"https:\/\/www.pigrecoemme.com\/blog\/eventi\/"},"img":{"alt_text":"","src":"https:\/\/i0.wp.com\/www.pigrecoemme.com\/blog\/wp-content\/uploads\/2014\/04\/renato-orsini.png?resize=350%2C200","width":350,"height":200},"classes":[]},{"id":644,"url":"https:\/\/www.pigrecoemme.com\/blog\/finalisti-concorso-insegne-francesi\/","url_meta":{"origin":755,"position":5},"title":"Concorso Les enseignes en fran\u00e7ais \u00e0 Naples: ecco i finalisti","author":"Corrado Morra","date":"23 Aprile 2013","format":false,"excerpt":"Presieduta dal Maestro Mimmo Jodice e da Pascale Giffard, direttrice della produzione delle mostre delle \u201cRencontres d\u2019Arles\u201d, la giuria del concorso fotografico \"Les enseignes fran\u00e7aise \u00e0 Naples\", organizzato dall'Institut fran\u00e7ais con Pigrecoemme, si \u00e8 riunita ieri per decidere le trenta foto finali,\u00a0 che faranno parte della mostra che sar\u00e0 inaugurata\u2026","rel":"","context":"In &quot;Eventi&quot;","block_context":{"text":"Eventi","link":"https:\/\/www.pigrecoemme.com\/blog\/eventi\/"},"img":{"alt_text":"","src":"https:\/\/i0.wp.com\/www.pigrecoemme.com\/blog\/wp-content\/uploads\/2013\/04\/finalisti-insegne.jpg?resize=350%2C200","width":350,"height":200},"classes":[]}],"jetpack_featured_media_url":"","_links":{"self":[{"href":"https:\/\/www.pigrecoemme.com\/blog\/wp-json\/wp\/v2\/posts\/755","targetHints":{"allow":["GET"]}}],"collection":[{"href":"https:\/\/www.pigrecoemme.com\/blog\/wp-json\/wp\/v2\/posts"}],"about":[{"href":"https:\/\/www.pigrecoemme.com\/blog\/wp-json\/wp\/v2\/types\/post"}],"author":[{"embeddable":true,"href":"https:\/\/www.pigrecoemme.com\/blog\/wp-json\/wp\/v2\/users\/2"}],"replies":[{"embeddable":true,"href":"https:\/\/www.pigrecoemme.com\/blog\/wp-json\/wp\/v2\/comments?post=755"}],"version-history":[{"count":0,"href":"https:\/\/www.pigrecoemme.com\/blog\/wp-json\/wp\/v2\/posts\/755\/revisions"}],"wp:attachment":[{"href":"https:\/\/www.pigrecoemme.com\/blog\/wp-json\/wp\/v2\/media?parent=755"}],"wp:term":[{"taxonomy":"category","embeddable":true,"href":"https:\/\/www.pigrecoemme.com\/blog\/wp-json\/wp\/v2\/categories?post=755"},{"taxonomy":"post_tag","embeddable":true,"href":"https:\/\/www.pigrecoemme.com\/blog\/wp-json\/wp\/v2\/tags?post=755"}],"curies":[{"name":"wp","href":"https:\/\/api.w.org\/{rel}","templated":true}]}}