{"id":73,"date":"2008-08-04T22:20:30","date_gmt":"2008-08-04T20:20:30","guid":{"rendered":"http:\/\/www.pigrecoemme.com\/blog\/lucio-allocca-e-cesare-accetta-due-nuovi-docenti-della-scuola-di-cinema-pigrecoemme\/"},"modified":"2008-09-14T23:36:57","modified_gmt":"2008-09-14T21:36:57","slug":"lucio-allocca-e-cesare-accetta-due-nuovi-docenti-della-scuola-di-cinema-pigrecoemme","status":"publish","type":"post","link":"https:\/\/www.pigrecoemme.com\/blog\/lucio-allocca-e-cesare-accetta-due-nuovi-docenti-della-scuola-di-cinema-pigrecoemme\/","title":{"rendered":"Lucio Allocca e Cesare Accetta, due nuovi docenti della Scuola di Cinema Pigrecoemme"},"content":{"rendered":"<p>Interrompo il silenzio estivo (gi\u00e0, che fine hanno fatto le foto della settimana?) per annunciare ufficialmente due interessantissime novit\u00e0  riguardanti il prossimo anno di corsi. Il prossimo <a href=\"http:\/\/www.pigrecoemme.com\/corsi\/scuola-di-cinema.htm\">corso master in cinema<\/a> (il nostro corso pi\u00f9 completo, quello annuale) vedr\u00e0  tra i docenti il maestro <strong>Cesare Accetta<\/strong>, sicuramente uno dei pi\u00f9 grandi direttori della fotografia italiani. Formatosi a teatro e con una lunga esperienza di fotografo alle spalle, Accetta ha filmato alcune delle pi\u00f9 straordinarie <em>cinematographies<\/em> degli ultimi anni <em>(<\/em>tra le tante ricordiamo<em> <a href=\"http:\/\/www.pigrecoemme.com\/resto-di-niente.htm\">Il resto di niente<\/a><\/em>, <a href=\"http:\/\/www.pigrecoemme.com\/inverno_l.htm\"><em>L&#8217;inverno<\/em><\/a>, <a href=\"http:\/\/www.imdb.com\/title\/tt1094267\/\" target=\"_blank\"><em>Nessuna qualit\u00e0  agli eroi<\/em><\/a>, <a href=\"http:\/\/www.theothersmag.com\/index.php\/il-quijote-di-mimmo-paladino.html\" target=\"_blank\">Quijote<\/a>) ed ha collaborato con artisti del calibri di <a href=\"http:\/\/roma.repubblica.it\/dettaglio\/Mimmo-Paladino-e-Brian-Eno-AllAra-Pacis-unopera-totale\/1431285\" target=\"_blank\">Brian Eno e Mimmo Paladino<\/a>. Partecipare ad un laboratorio con un artista di questo calibro \u00e8 sicuramente un&#8217;opportunit\u00e0 rara e preziosa per chi voglia imparare a fare cinema da veri maestri.<\/p>\n<p><a title=\"Lucio Alloca in The Passion di Mel Gibson\" rel=\"lightbox\" href=\"https:\/\/i0.wp.com\/www.pigrecoemme.com\/blog\/wp-content\/uploads\/2008\/08\/lucio-allocca-passion.jpg\"><img data-recalc-dims=\"1\" decoding=\"async\" style=\"float: left\" src=\"https:\/\/i0.wp.com\/www.pigrecoemme.com\/blog\/wp-content\/uploads\/2008\/08\/lucio-allocca-passion.thumbnail.jpg?w=1200\" alt=\"Lucio Alloca in The Passion di Mel Gibson\" \/><\/a>La seconda novit\u00e0  riguarda il nostro <a href=\"http:\/\/www.pigrecoemme.com\/corsi\/corso-recitazione-cinematografica.htm\">corso di recitazione cinematografica e teatrale<\/a>: un corso di nuova concezione che unir\u00e0  le esperienze del nostro laboratorio teatrale condotto da <strong>Marina de Rogatis<\/strong>, quelle del nostro corso di recitazione cinematografica condotto da <strong>Angelo Serio<\/strong> con quelle di didatta, autore ed attore del grande <strong>Lucio Allocca<\/strong> che al cinema avrete visto, ad esempio, in <em>Morte di un matematico napoletano, Senza pelle, Immacolata e Concetta,  The Passion<\/em>,  <em>il Portaborse<\/em>, Arriva la Buferam ed in televisione nel ruolo fisso di Otello in <em>Un Posto al Sole<\/em>.<\/p>\n<p>Grandi novit\u00e0, insomma.<\/p>\n","protected":false},"excerpt":{"rendered":"<p>Interrompo il silenzio estivo (gi\u00e0, che fine hanno fatto le foto della settimana?) per annunciare ufficialmente due interessantissime novit\u00e0 riguardanti il prossimo anno di corsi. Il prossimo corso master in cinema (il nostro corso pi\u00f9 completo, quello annuale) vedr\u00e0 tra i docenti il maestro Cesare Accetta, sicuramente uno dei pi\u00f9 grandi direttori della fotografia italiani. &#8230; <a title=\"Lucio Allocca e Cesare Accetta, due nuovi docenti della Scuola di Cinema Pigrecoemme\" class=\"read-more\" href=\"https:\/\/www.pigrecoemme.com\/blog\/lucio-allocca-e-cesare-accetta-due-nuovi-docenti-della-scuola-di-cinema-pigrecoemme\/\" aria-label=\"Per saperne di pi\u00f9 su Lucio Allocca e Cesare Accetta, due nuovi docenti della Scuola di Cinema Pigrecoemme\">Leggi tutto<\/a><\/p>\n","protected":false},"author":1,"featured_media":0,"comment_status":"open","ping_status":"open","sticky":false,"template":"","format":"standard","meta":{"om_disable_all_campaigns":false,"_monsterinsights_skip_tracking":false,"_monsterinsights_sitenote_active":false,"_monsterinsights_sitenote_note":"","_monsterinsights_sitenote_category":0,"jetpack_post_was_ever_published":false,"_jetpack_newsletter_access":"","_jetpack_dont_email_post_to_subs":false,"_jetpack_newsletter_tier_id":0,"_jetpack_memberships_contains_paywalled_content":false,"_jetpack_memberships_contains_paid_content":false,"footnotes":""},"categories":[3],"tags":[49,208,210,168,209,165,1280,211],"class_list":["post-73","post","type-post","status-publish","format-standard","hentry","category-scuola-di-cinema","tag-angelo-serio","tag-cesare-accetta","tag-corso-di-direzione-della-fotografia","tag-corso-di-recitazione","tag-lucio-allocca","tag-marina-de-rogatis","tag-scuola-di-cinema","tag-un-posto-al-sole"],"aioseo_notices":[],"jetpack_featured_media_url":"","jetpack_sharing_enabled":true,"jetpack_likes_enabled":true,"jetpack-related-posts":[],"_links":{"self":[{"href":"https:\/\/www.pigrecoemme.com\/blog\/wp-json\/wp\/v2\/posts\/73","targetHints":{"allow":["GET"]}}],"collection":[{"href":"https:\/\/www.pigrecoemme.com\/blog\/wp-json\/wp\/v2\/posts"}],"about":[{"href":"https:\/\/www.pigrecoemme.com\/blog\/wp-json\/wp\/v2\/types\/post"}],"author":[{"embeddable":true,"href":"https:\/\/www.pigrecoemme.com\/blog\/wp-json\/wp\/v2\/users\/1"}],"replies":[{"embeddable":true,"href":"https:\/\/www.pigrecoemme.com\/blog\/wp-json\/wp\/v2\/comments?post=73"}],"version-history":[{"count":0,"href":"https:\/\/www.pigrecoemme.com\/blog\/wp-json\/wp\/v2\/posts\/73\/revisions"}],"wp:attachment":[{"href":"https:\/\/www.pigrecoemme.com\/blog\/wp-json\/wp\/v2\/media?parent=73"}],"wp:term":[{"taxonomy":"category","embeddable":true,"href":"https:\/\/www.pigrecoemme.com\/blog\/wp-json\/wp\/v2\/categories?post=73"},{"taxonomy":"post_tag","embeddable":true,"href":"https:\/\/www.pigrecoemme.com\/blog\/wp-json\/wp\/v2\/tags?post=73"}],"curies":[{"name":"wp","href":"https:\/\/api.w.org\/{rel}","templated":true}]}}