{"id":710,"date":"2013-10-16T23:44:41","date_gmt":"2013-10-16T21:44:41","guid":{"rendered":"http:\/\/www.pigrecoemme.com\/blog\/?p=710"},"modified":"2016-01-27T11:48:14","modified_gmt":"2016-01-27T10:48:14","slug":"incontri-fotografici-pasquale-autiero-alla-pigrecoemme","status":"publish","type":"post","link":"https:\/\/www.pigrecoemme.com\/blog\/incontri-fotografici-pasquale-autiero-alla-pigrecoemme\/","title":{"rendered":"Incontri fotografici: Pasquale Autiero alla Pigrecoemme"},"content":{"rendered":"<p>&nbsp;<\/p>\n<p><a href=\"https:\/\/i0.wp.com\/www.pigrecoemme.com\/blog\/wp-content\/uploads\/2013\/10\/autiero1.jpg?ssl=1\"><img data-recalc-dims=\"1\" loading=\"lazy\" decoding=\"async\" class=\"aligncenter size-full wp-image-713\" title=\"Pasquale Autiero\" src=\"https:\/\/i0.wp.com\/www.pigrecoemme.com\/blog\/wp-content\/uploads\/2013\/10\/autiero1.jpg?resize=500%2C185&#038;ssl=1\" alt=\"\" width=\"500\" height=\"185\" srcset=\"https:\/\/i0.wp.com\/www.pigrecoemme.com\/blog\/wp-content\/uploads\/2013\/10\/autiero1.jpg?w=715&amp;ssl=1 715w, https:\/\/i0.wp.com\/www.pigrecoemme.com\/blog\/wp-content\/uploads\/2013\/10\/autiero1.jpg?resize=300%2C111&amp;ssl=1 300w\" sizes=\"auto, (max-width: 500px) 100vw, 500px\" \/><\/a><\/p>\n<p><strong>Luned\u00ec 21 ottobre<\/strong>, <strong>dalle ore 17,00 alle 19,00<\/strong>, <strong>Pigrecoemme <\/strong>incontra uno dei fotografi napoletani pi\u00f9 interessanti di questi ultimi anni, <strong>Pasquale Autiero<\/strong>.<br \/>\nL\u2019incontro sar\u00e0 introdotto da <strong>Luca Sorbo<\/strong>, curatore dei <strong><a href=\"http:\/\/www.pigrecoemme.com\/corso-fotografia\/corso-di-fotografia-2.htm\">corsi di Fotografia<\/a><\/strong><strong> alla Pigrecoemme<\/strong>, e da <strong>Corrado Morra<\/strong> e, con la partecipazione dell\u2019autore, presenter\u00e0 <strong>due grandi foto a parete<\/strong> e la <strong>proiezione di Asylum<\/strong>, il lavoro pi\u00f9 recente di Autiero, un suggestivo reportage di circa quaranta foto scattate in giro per l\u2019Europa, alla ricerca di un\u2019idea poetica della marginalit\u00e0 e dei suoi \u201ceroi\u201d, che trova in un rugoso e sensibilissimo bianco e nero una sua potente chiave visiva. Sembra, quella di Autiero, una galleria di personaggi alla Tom Waits, che, consumati dal silenzio e dalle ipocrisie in cui la cosiddetta societ\u00e0 civile li ha ficcati, incontrano, in un ultimo anelito alla dignit\u00e0, la disperazione e le miserie del Vecchio continente; piccoli e vecchi eroi del suburbio dell\u2019esistenza, avatar della condizione umana, ma sempre ritratti con profonda empatia, perch\u00e9 nello sguardo di Autiero non c\u2019\u00e8 mai giudizio, quanto soltanto la necessit\u00e0 di trovare nel gesto estremo e folle, in un fugace sguardo in macchina, in un riflesso improvviso, il segno di un\u2019epifania che ci salvi tutti.<\/p>\n<p>All\u2019appuntamento, presso la sede della Pigrecoemme in Piazza Portanova 11, \u00e8 possibile partecipare gratuitamente, fino all\u2019esaurimento dei posti.<\/p>\n<p><!--more Leggi tutto e guarda le foto! --><\/p>\n<p><span style=\"font-weight: bold;\">Asylum &#8211; La fotografia deve morire<br \/>\n<\/span>La ricerca fotografica di Pasquale Autiero prende le mosse da una riflessione di <strong>Franco Vaccari<\/strong>, secondo cui il mondo sarebbe ormai reale solo in quanto rappresentato tramite il mezzo fotografico. \u00c8 da questa osservazione paradossale che Autiero elabora un lavoro che lo porta a interrogarsi su quanto di esiziale si nasconda sempre nel gesto fotografico, fino ad arrivare a postulare che essa vada eliminata del tutto, in quanto \u201cassassina dell\u2019immaginazione\u201d. \u201cMa questo \u2013 dice Autiero \u2013 \u00a0\u201c\u00e8 \u00a0chiaramente impossibile, allora lo sforzo di un fotografo dovrebbe essere quello di reindirizzare lo sguardo, non verso la rappresentazione di ci\u00f2 che ci circonda, ma nell\u2019inconscio personale. Nascerebbe cos\u00ec, una foto che, attraverso la macchina, spazierebbe libera tra memorie e visioni\u201d.\u00a0\u201cAsylum \u2013 continua l\u2019autore \u2013 vuole descrivere due anni di intensa attivit\u00e0 fotografica, nella quale ho cercato di portare all\u2019attenzione di chi vede, alternativamente e senza un preciso ordine emotivo, momenti di vita intensa e appassionata e periodi di stasi e riflessione\u201d.<\/p>\n<p><strong>Pasquale Autiero (Napoli, 1983)<\/strong><br \/>\nAppassionato da sempre di fotografia, Pasquale Autiero partecipa nel 2009 al <a href=\"http:\/\/www.pigrecoemme.com\/corso-fotografia\/corso-di-fotogiornalismo-reportage-napoli.htm\">corso di Fotogiornalismo<\/a> della Pigrecoemme, collaborando successivamente con l\u2019agenzia <a href=\"http:\/\/www.graffitipress.it\/\">Graffiti Press<\/a> di Roma. \u00c8 in questo periodo che inizia a viaggiare molto, in Europa e non solo, e sono questi gli anni in cui ha modo di confrontarsi con i maggiori artisti visivi emergenti. Nel 2011 inizia a lavorare ad Asylum, opera tuttora incompleta, ma che gli d\u00e0 la possibilit\u00e0 di mettersi in mostra al <a href=\"http:\/\/www.coriglianocalabrofotografia.it\/corigliano-calabro-fotografia-2013\/\">Festival di Fotografia di Corigliano Calabro<\/a> che, nel giugno 2013, vince, e che gli permette l\u2019accesso alle finali nazionali di Portfolio Italia; qui viene notato dallo stampatore romano <strong>Luciano Corvaglia<\/strong> che lo inserisce in pianta stabile nel suo <strong>Darkroom Project<\/strong>. Attualmente le opere di Autiero sono in mostra alla galleria <a href=\"http:\/\/www.formaquattro.com\/\">FormaQuattro<\/a> di Bari.<\/p>\n<div class=\"tiled-gallery type-rectangular tiled-gallery-unresized\" data-original-width=\"860\" data-carousel-extra='null' itemscope itemtype=\"http:\/\/schema.org\/ImageGallery\" > <div class=\"gallery-row\" style=\"width: 860px; height: 321px;\" data-original-width=\"860\" data-original-height=\"321\" > <div class=\"gallery-group images-1\" style=\"width: 860px; height: 321px;\" data-original-width=\"860\" data-original-height=\"321\" > <div class=\"tiled-gallery-item tiled-gallery-item-large\" itemprop=\"associatedMedia\" itemscope itemtype=\"http:\/\/schema.org\/ImageObject\"> <a href=\"https:\/\/www.pigrecoemme.com\/blog\/incontri-fotografici-pasquale-autiero-alla-pigrecoemme\/autiero1\/\" border=\"0\" itemprop=\"url\"> <meta itemprop=\"width\" content=\"856\"> <meta itemprop=\"height\" content=\"317\"> <img decoding=\"async\" class=\"\" data-attachment-id=\"713\" data-orig-file=\"https:\/\/www.pigrecoemme.com\/blog\/wp-content\/uploads\/2013\/10\/autiero1.jpg\" data-orig-size=\"715,265\" data-comments-opened=\"1\" data-image-meta=\"{&quot;aperture&quot;:&quot;0&quot;,&quot;credit&quot;:&quot;&quot;,&quot;camera&quot;:&quot;&quot;,&quot;caption&quot;:&quot;&quot;,&quot;created_timestamp&quot;:&quot;0&quot;,&quot;copyright&quot;:&quot;&quot;,&quot;focal_length&quot;:&quot;0&quot;,&quot;iso&quot;:&quot;0&quot;,&quot;shutter_speed&quot;:&quot;0&quot;,&quot;title&quot;:&quot;&quot;}\" data-image-title=\"Pasquale Autiero\" data-image-description=\"\" data-medium-file=\"https:\/\/i0.wp.com\/www.pigrecoemme.com\/blog\/wp-content\/uploads\/2013\/10\/autiero1.jpg?fit=300%2C111&#038;ssl=1\" data-large-file=\"https:\/\/i0.wp.com\/www.pigrecoemme.com\/blog\/wp-content\/uploads\/2013\/10\/autiero1.jpg?fit=715%2C265&#038;ssl=1\" src=\"https:\/\/i0.wp.com\/www.pigrecoemme.com\/blog\/wp-content\/uploads\/2013\/10\/autiero1.jpg?w=856&#038;h=317&#038;ssl=1\" srcset=\"https:\/\/i0.wp.com\/www.pigrecoemme.com\/blog\/wp-content\/uploads\/2013\/10\/autiero1.jpg?w=715&amp;ssl=1 715w, https:\/\/i0.wp.com\/www.pigrecoemme.com\/blog\/wp-content\/uploads\/2013\/10\/autiero1.jpg?resize=300%2C111&amp;ssl=1 300w\" width=\"856\" height=\"317\" loading=\"lazy\" data-original-width=\"856\" data-original-height=\"317\" itemprop=\"http:\/\/schema.org\/image\" title=\"Pasquale Autiero\" alt=\"Pasquale Autiero\" style=\"width: 856px; height: 317px;\" \/> <\/a> <\/div> <\/div> <!-- close group --> <\/div> <!-- close row --> <div class=\"gallery-row\" style=\"width: 860px; height: 431px;\" data-original-width=\"860\" data-original-height=\"431\" > <div class=\"gallery-group images-1\" style=\"width: 646px; height: 431px;\" data-original-width=\"646\" data-original-height=\"431\" > <div class=\"tiled-gallery-item tiled-gallery-item-large\" itemprop=\"associatedMedia\" itemscope itemtype=\"http:\/\/schema.org\/ImageObject\"> <a href=\"https:\/\/www.pigrecoemme.com\/blog\/incontri-fotografici-pasquale-autiero-alla-pigrecoemme\/autiero-00\/\" border=\"0\" itemprop=\"url\"> <meta itemprop=\"width\" content=\"642\"> <meta itemprop=\"height\" content=\"427\"> <img decoding=\"async\" class=\"\" data-attachment-id=\"715\" data-orig-file=\"https:\/\/www.pigrecoemme.com\/blog\/wp-content\/uploads\/2013\/10\/autiero-00.jpg\" data-orig-size=\"1026,682\" data-comments-opened=\"1\" data-image-meta=\"{&quot;aperture&quot;:&quot;0&quot;,&quot;credit&quot;:&quot;&quot;,&quot;camera&quot;:&quot;&quot;,&quot;caption&quot;:&quot;&quot;,&quot;created_timestamp&quot;:&quot;0&quot;,&quot;copyright&quot;:&quot;&quot;,&quot;focal_length&quot;:&quot;0&quot;,&quot;iso&quot;:&quot;0&quot;,&quot;shutter_speed&quot;:&quot;0&quot;,&quot;title&quot;:&quot;&quot;}\" data-image-title=\"autiero-00\" data-image-description=\"\" data-medium-file=\"https:\/\/i0.wp.com\/www.pigrecoemme.com\/blog\/wp-content\/uploads\/2013\/10\/autiero-00.jpg?fit=300%2C199&#038;ssl=1\" data-large-file=\"https:\/\/i0.wp.com\/www.pigrecoemme.com\/blog\/wp-content\/uploads\/2013\/10\/autiero-00.jpg?fit=860%2C572&#038;ssl=1\" src=\"https:\/\/i0.wp.com\/www.pigrecoemme.com\/blog\/wp-content\/uploads\/2013\/10\/autiero-00.jpg?w=642&#038;h=427&#038;ssl=1\" srcset=\"https:\/\/i0.wp.com\/www.pigrecoemme.com\/blog\/wp-content\/uploads\/2013\/10\/autiero-00.jpg?w=1026&amp;ssl=1 1026w, https:\/\/i0.wp.com\/www.pigrecoemme.com\/blog\/wp-content\/uploads\/2013\/10\/autiero-00.jpg?resize=300%2C199&amp;ssl=1 300w\" width=\"642\" height=\"427\" loading=\"lazy\" data-original-width=\"642\" data-original-height=\"427\" itemprop=\"http:\/\/schema.org\/image\" title=\"autiero-00\" alt=\"autiero-00\" style=\"width: 642px; height: 427px;\" \/> <\/a> <\/div> <\/div> <!-- close group --> <div class=\"gallery-group images-2\" style=\"width: 214px; height: 431px;\" data-original-width=\"214\" data-original-height=\"431\" > <div class=\"tiled-gallery-item tiled-gallery-item-small\" itemprop=\"associatedMedia\" itemscope itemtype=\"http:\/\/schema.org\/ImageObject\"> <a href=\"https:\/\/www.pigrecoemme.com\/blog\/incontri-fotografici-pasquale-autiero-alla-pigrecoemme\/autiero-0\/\" border=\"0\" itemprop=\"url\"> <meta itemprop=\"width\" content=\"210\"> <meta itemprop=\"height\" content=\"211\"> <img decoding=\"async\" class=\"\" data-attachment-id=\"716\" data-orig-file=\"https:\/\/www.pigrecoemme.com\/blog\/wp-content\/uploads\/2013\/10\/autiero-0.jpg\" data-orig-size=\"776,776\" data-comments-opened=\"1\" data-image-meta=\"{&quot;aperture&quot;:&quot;0&quot;,&quot;credit&quot;:&quot;&quot;,&quot;camera&quot;:&quot;&quot;,&quot;caption&quot;:&quot;&quot;,&quot;created_timestamp&quot;:&quot;0&quot;,&quot;copyright&quot;:&quot;&quot;,&quot;focal_length&quot;:&quot;0&quot;,&quot;iso&quot;:&quot;0&quot;,&quot;shutter_speed&quot;:&quot;0&quot;,&quot;title&quot;:&quot;&quot;}\" data-image-title=\"autiero-0\" data-image-description=\"\" data-medium-file=\"https:\/\/i0.wp.com\/www.pigrecoemme.com\/blog\/wp-content\/uploads\/2013\/10\/autiero-0.jpg?fit=300%2C300&#038;ssl=1\" data-large-file=\"https:\/\/i0.wp.com\/www.pigrecoemme.com\/blog\/wp-content\/uploads\/2013\/10\/autiero-0.jpg?fit=776%2C776&#038;ssl=1\" src=\"https:\/\/i0.wp.com\/www.pigrecoemme.com\/blog\/wp-content\/uploads\/2013\/10\/autiero-0.jpg?w=210&#038;h=211&#038;ssl=1\" srcset=\"https:\/\/i0.wp.com\/www.pigrecoemme.com\/blog\/wp-content\/uploads\/2013\/10\/autiero-0.jpg?w=776&amp;ssl=1 776w, https:\/\/i0.wp.com\/www.pigrecoemme.com\/blog\/wp-content\/uploads\/2013\/10\/autiero-0.jpg?resize=150%2C150&amp;ssl=1 150w, https:\/\/i0.wp.com\/www.pigrecoemme.com\/blog\/wp-content\/uploads\/2013\/10\/autiero-0.jpg?resize=300%2C300&amp;ssl=1 300w\" width=\"210\" height=\"211\" loading=\"lazy\" data-original-width=\"210\" data-original-height=\"211\" itemprop=\"http:\/\/schema.org\/image\" title=\"autiero-0\" alt=\"autiero-0\" style=\"width: 210px; height: 211px;\" \/> <\/a> <\/div> <div class=\"tiled-gallery-item tiled-gallery-item-small\" itemprop=\"associatedMedia\" itemscope itemtype=\"http:\/\/schema.org\/ImageObject\"> <a href=\"https:\/\/www.pigrecoemme.com\/blog\/incontri-fotografici-pasquale-autiero-alla-pigrecoemme\/autiero-1\/\" border=\"0\" itemprop=\"url\"> <meta itemprop=\"width\" content=\"210\"> <meta itemprop=\"height\" content=\"212\"> <img decoding=\"async\" class=\"\" data-attachment-id=\"717\" data-orig-file=\"https:\/\/www.pigrecoemme.com\/blog\/wp-content\/uploads\/2013\/10\/autiero-1.jpg\" data-orig-size=\"765,772\" data-comments-opened=\"1\" data-image-meta=\"{&quot;aperture&quot;:&quot;0&quot;,&quot;credit&quot;:&quot;&quot;,&quot;camera&quot;:&quot;&quot;,&quot;caption&quot;:&quot;&quot;,&quot;created_timestamp&quot;:&quot;0&quot;,&quot;copyright&quot;:&quot;&quot;,&quot;focal_length&quot;:&quot;0&quot;,&quot;iso&quot;:&quot;0&quot;,&quot;shutter_speed&quot;:&quot;0&quot;,&quot;title&quot;:&quot;&quot;}\" data-image-title=\"autiero-1\" data-image-description=\"\" data-medium-file=\"https:\/\/i0.wp.com\/www.pigrecoemme.com\/blog\/wp-content\/uploads\/2013\/10\/autiero-1.jpg?fit=297%2C300&#038;ssl=1\" data-large-file=\"https:\/\/i0.wp.com\/www.pigrecoemme.com\/blog\/wp-content\/uploads\/2013\/10\/autiero-1.jpg?fit=765%2C772&#038;ssl=1\" src=\"https:\/\/i0.wp.com\/www.pigrecoemme.com\/blog\/wp-content\/uploads\/2013\/10\/autiero-1.jpg?w=210&#038;h=212&#038;ssl=1\" srcset=\"https:\/\/i0.wp.com\/www.pigrecoemme.com\/blog\/wp-content\/uploads\/2013\/10\/autiero-1.jpg?w=765&amp;ssl=1 765w, https:\/\/i0.wp.com\/www.pigrecoemme.com\/blog\/wp-content\/uploads\/2013\/10\/autiero-1.jpg?resize=150%2C150&amp;ssl=1 150w, https:\/\/i0.wp.com\/www.pigrecoemme.com\/blog\/wp-content\/uploads\/2013\/10\/autiero-1.jpg?resize=297%2C300&amp;ssl=1 297w\" width=\"210\" height=\"212\" loading=\"lazy\" data-original-width=\"210\" data-original-height=\"212\" itemprop=\"http:\/\/schema.org\/image\" title=\"autiero-1\" alt=\"autiero-1\" style=\"width: 210px; height: 212px;\" \/> <\/a> <\/div> <\/div> <!-- close group --> <\/div> <!-- close row --> <div class=\"gallery-row\" style=\"width: 860px; height: 572px;\" data-original-width=\"860\" data-original-height=\"572\" > <div class=\"gallery-group images-1\" style=\"width: 571px; height: 572px;\" data-original-width=\"571\" data-original-height=\"572\" > <div class=\"tiled-gallery-item tiled-gallery-item-large\" itemprop=\"associatedMedia\" itemscope itemtype=\"http:\/\/schema.org\/ImageObject\"> <a href=\"https:\/\/www.pigrecoemme.com\/blog\/incontri-fotografici-pasquale-autiero-alla-pigrecoemme\/autiero-2\/\" border=\"0\" itemprop=\"url\"> <meta itemprop=\"width\" content=\"567\"> <meta itemprop=\"height\" content=\"568\"> <img decoding=\"async\" class=\"\" data-attachment-id=\"718\" data-orig-file=\"https:\/\/www.pigrecoemme.com\/blog\/wp-content\/uploads\/2013\/10\/autiero-2.jpg\" data-orig-size=\"770,771\" data-comments-opened=\"1\" data-image-meta=\"{&quot;aperture&quot;:&quot;0&quot;,&quot;credit&quot;:&quot;&quot;,&quot;camera&quot;:&quot;&quot;,&quot;caption&quot;:&quot;&quot;,&quot;created_timestamp&quot;:&quot;0&quot;,&quot;copyright&quot;:&quot;&quot;,&quot;focal_length&quot;:&quot;0&quot;,&quot;iso&quot;:&quot;0&quot;,&quot;shutter_speed&quot;:&quot;0&quot;,&quot;title&quot;:&quot;&quot;}\" data-image-title=\"autiero-2\" data-image-description=\"\" data-medium-file=\"https:\/\/i0.wp.com\/www.pigrecoemme.com\/blog\/wp-content\/uploads\/2013\/10\/autiero-2.jpg?fit=299%2C300&#038;ssl=1\" data-large-file=\"https:\/\/i0.wp.com\/www.pigrecoemme.com\/blog\/wp-content\/uploads\/2013\/10\/autiero-2.jpg?fit=770%2C771&#038;ssl=1\" src=\"https:\/\/i0.wp.com\/www.pigrecoemme.com\/blog\/wp-content\/uploads\/2013\/10\/autiero-2.jpg?w=567&#038;h=568&#038;ssl=1\" srcset=\"https:\/\/i0.wp.com\/www.pigrecoemme.com\/blog\/wp-content\/uploads\/2013\/10\/autiero-2.jpg?w=770&amp;ssl=1 770w, https:\/\/i0.wp.com\/www.pigrecoemme.com\/blog\/wp-content\/uploads\/2013\/10\/autiero-2.jpg?resize=150%2C150&amp;ssl=1 150w, https:\/\/i0.wp.com\/www.pigrecoemme.com\/blog\/wp-content\/uploads\/2013\/10\/autiero-2.jpg?resize=299%2C300&amp;ssl=1 299w\" width=\"567\" height=\"568\" loading=\"lazy\" data-original-width=\"567\" data-original-height=\"568\" itemprop=\"http:\/\/schema.org\/image\" title=\"autiero-2\" alt=\"autiero-2\" style=\"width: 567px; height: 568px;\" \/> <\/a> <\/div> <\/div> <!-- close group --> <div class=\"gallery-group images-3\" style=\"width: 289px; height: 572px;\" data-original-width=\"289\" data-original-height=\"572\" > <div class=\"tiled-gallery-item tiled-gallery-item-large\" itemprop=\"associatedMedia\" itemscope itemtype=\"http:\/\/schema.org\/ImageObject\"> <a href=\"https:\/\/www.pigrecoemme.com\/blog\/incontri-fotografici-pasquale-autiero-alla-pigrecoemme\/autiero-10\/\" border=\"0\" itemprop=\"url\"> <meta itemprop=\"width\" content=\"285\"> <meta itemprop=\"height\" content=\"189\"> <img decoding=\"async\" class=\"\" data-attachment-id=\"719\" data-orig-file=\"https:\/\/www.pigrecoemme.com\/blog\/wp-content\/uploads\/2013\/10\/autiero-10.jpg\" data-orig-size=\"809,537\" data-comments-opened=\"1\" data-image-meta=\"{&quot;aperture&quot;:&quot;0&quot;,&quot;credit&quot;:&quot;&quot;,&quot;camera&quot;:&quot;&quot;,&quot;caption&quot;:&quot;&quot;,&quot;created_timestamp&quot;:&quot;0&quot;,&quot;copyright&quot;:&quot;&quot;,&quot;focal_length&quot;:&quot;0&quot;,&quot;iso&quot;:&quot;0&quot;,&quot;shutter_speed&quot;:&quot;0&quot;,&quot;title&quot;:&quot;&quot;}\" data-image-title=\"autiero-10\" data-image-description=\"\" data-medium-file=\"https:\/\/i0.wp.com\/www.pigrecoemme.com\/blog\/wp-content\/uploads\/2013\/10\/autiero-10.jpg?fit=300%2C199&#038;ssl=1\" data-large-file=\"https:\/\/i0.wp.com\/www.pigrecoemme.com\/blog\/wp-content\/uploads\/2013\/10\/autiero-10.jpg?fit=809%2C537&#038;ssl=1\" src=\"https:\/\/i0.wp.com\/www.pigrecoemme.com\/blog\/wp-content\/uploads\/2013\/10\/autiero-10.jpg?w=285&#038;h=189&#038;ssl=1\" srcset=\"https:\/\/i0.wp.com\/www.pigrecoemme.com\/blog\/wp-content\/uploads\/2013\/10\/autiero-10.jpg?w=809&amp;ssl=1 809w, https:\/\/i0.wp.com\/www.pigrecoemme.com\/blog\/wp-content\/uploads\/2013\/10\/autiero-10.jpg?resize=300%2C199&amp;ssl=1 300w\" width=\"285\" height=\"189\" loading=\"lazy\" data-original-width=\"285\" data-original-height=\"189\" itemprop=\"http:\/\/schema.org\/image\" title=\"autiero-10\" alt=\"autiero-10\" style=\"width: 285px; height: 189px;\" \/> <\/a> <\/div> <div class=\"tiled-gallery-item tiled-gallery-item-large\" itemprop=\"associatedMedia\" itemscope itemtype=\"http:\/\/schema.org\/ImageObject\"> <a href=\"https:\/\/www.pigrecoemme.com\/blog\/incontri-fotografici-pasquale-autiero-alla-pigrecoemme\/autiero-11\/\" border=\"0\" itemprop=\"url\"> <meta itemprop=\"width\" content=\"285\"> <meta itemprop=\"height\" content=\"183\"> <img decoding=\"async\" class=\"\" data-attachment-id=\"720\" data-orig-file=\"https:\/\/www.pigrecoemme.com\/blog\/wp-content\/uploads\/2013\/10\/autiero-11.jpg\" data-orig-size=\"947,606\" data-comments-opened=\"1\" data-image-meta=\"{&quot;aperture&quot;:&quot;0&quot;,&quot;credit&quot;:&quot;&quot;,&quot;camera&quot;:&quot;&quot;,&quot;caption&quot;:&quot;&quot;,&quot;created_timestamp&quot;:&quot;0&quot;,&quot;copyright&quot;:&quot;&quot;,&quot;focal_length&quot;:&quot;0&quot;,&quot;iso&quot;:&quot;0&quot;,&quot;shutter_speed&quot;:&quot;0&quot;,&quot;title&quot;:&quot;&quot;}\" data-image-title=\"autiero-11\" data-image-description=\"\" data-medium-file=\"https:\/\/i0.wp.com\/www.pigrecoemme.com\/blog\/wp-content\/uploads\/2013\/10\/autiero-11.jpg?fit=300%2C191&#038;ssl=1\" data-large-file=\"https:\/\/i0.wp.com\/www.pigrecoemme.com\/blog\/wp-content\/uploads\/2013\/10\/autiero-11.jpg?fit=860%2C550&#038;ssl=1\" src=\"https:\/\/i0.wp.com\/www.pigrecoemme.com\/blog\/wp-content\/uploads\/2013\/10\/autiero-11.jpg?w=285&#038;h=183&#038;ssl=1\" width=\"285\" height=\"183\" loading=\"lazy\" data-original-width=\"285\" data-original-height=\"183\" itemprop=\"http:\/\/schema.org\/image\" title=\"autiero-11\" alt=\"autiero-11\" style=\"width: 285px; height: 183px;\" \/> <\/a> <\/div> <div class=\"tiled-gallery-item tiled-gallery-item-large\" itemprop=\"associatedMedia\" itemscope itemtype=\"http:\/\/schema.org\/ImageObject\"> <a href=\"https:\/\/www.pigrecoemme.com\/blog\/incontri-fotografici-pasquale-autiero-alla-pigrecoemme\/autiero-12\/\" border=\"0\" itemprop=\"url\"> <meta itemprop=\"width\" content=\"285\"> <meta itemprop=\"height\" content=\"188\"> <img decoding=\"async\" class=\"\" data-attachment-id=\"721\" data-orig-file=\"https:\/\/www.pigrecoemme.com\/blog\/wp-content\/uploads\/2013\/10\/autiero-12.jpg\" data-orig-size=\"1015,668\" data-comments-opened=\"1\" data-image-meta=\"{&quot;aperture&quot;:&quot;0&quot;,&quot;credit&quot;:&quot;&quot;,&quot;camera&quot;:&quot;&quot;,&quot;caption&quot;:&quot;&quot;,&quot;created_timestamp&quot;:&quot;0&quot;,&quot;copyright&quot;:&quot;&quot;,&quot;focal_length&quot;:&quot;0&quot;,&quot;iso&quot;:&quot;0&quot;,&quot;shutter_speed&quot;:&quot;0&quot;,&quot;title&quot;:&quot;&quot;}\" data-image-title=\"autiero-12\" data-image-description=\"\" data-medium-file=\"https:\/\/i0.wp.com\/www.pigrecoemme.com\/blog\/wp-content\/uploads\/2013\/10\/autiero-12.jpg?fit=300%2C197&#038;ssl=1\" data-large-file=\"https:\/\/i0.wp.com\/www.pigrecoemme.com\/blog\/wp-content\/uploads\/2013\/10\/autiero-12.jpg?fit=860%2C566&#038;ssl=1\" src=\"https:\/\/i0.wp.com\/www.pigrecoemme.com\/blog\/wp-content\/uploads\/2013\/10\/autiero-12.jpg?w=285&#038;h=188&#038;ssl=1\" srcset=\"https:\/\/i0.wp.com\/www.pigrecoemme.com\/blog\/wp-content\/uploads\/2013\/10\/autiero-12.jpg?w=1015&amp;ssl=1 1015w, https:\/\/i0.wp.com\/www.pigrecoemme.com\/blog\/wp-content\/uploads\/2013\/10\/autiero-12.jpg?resize=300%2C197&amp;ssl=1 300w\" width=\"285\" height=\"188\" loading=\"lazy\" data-original-width=\"285\" data-original-height=\"188\" itemprop=\"http:\/\/schema.org\/image\" title=\"autiero-12\" alt=\"autiero-12\" style=\"width: 285px; height: 188px;\" \/> <\/a> <\/div> <\/div> <!-- close group --> <\/div> <!-- close row --> <div class=\"gallery-row\" style=\"width: 860px; height: 539px;\" data-original-width=\"860\" data-original-height=\"539\" > <div class=\"gallery-group images-2\" style=\"width: 326px; height: 539px;\" data-original-width=\"326\" data-original-height=\"539\" > <div class=\"tiled-gallery-item tiled-gallery-item-large\" itemprop=\"associatedMedia\" itemscope itemtype=\"http:\/\/schema.org\/ImageObject\"> <a href=\"https:\/\/www.pigrecoemme.com\/blog\/incontri-fotografici-pasquale-autiero-alla-pigrecoemme\/autiero-13\/\" border=\"0\" itemprop=\"url\"> <meta itemprop=\"width\" content=\"322\"> <meta itemprop=\"height\" content=\"209\"> <img decoding=\"async\" class=\"\" data-attachment-id=\"722\" data-orig-file=\"https:\/\/www.pigrecoemme.com\/blog\/wp-content\/uploads\/2013\/10\/autiero-13.jpg\" data-orig-size=\"1020,663\" data-comments-opened=\"1\" data-image-meta=\"{&quot;aperture&quot;:&quot;0&quot;,&quot;credit&quot;:&quot;&quot;,&quot;camera&quot;:&quot;&quot;,&quot;caption&quot;:&quot;&quot;,&quot;created_timestamp&quot;:&quot;0&quot;,&quot;copyright&quot;:&quot;&quot;,&quot;focal_length&quot;:&quot;0&quot;,&quot;iso&quot;:&quot;0&quot;,&quot;shutter_speed&quot;:&quot;0&quot;,&quot;title&quot;:&quot;&quot;}\" data-image-title=\"autiero-13\" data-image-description=\"\" data-medium-file=\"https:\/\/i0.wp.com\/www.pigrecoemme.com\/blog\/wp-content\/uploads\/2013\/10\/autiero-13.jpg?fit=300%2C195&#038;ssl=1\" data-large-file=\"https:\/\/i0.wp.com\/www.pigrecoemme.com\/blog\/wp-content\/uploads\/2013\/10\/autiero-13.jpg?fit=860%2C559&#038;ssl=1\" src=\"https:\/\/i0.wp.com\/www.pigrecoemme.com\/blog\/wp-content\/uploads\/2013\/10\/autiero-13.jpg?w=322&#038;h=209&#038;ssl=1\" srcset=\"https:\/\/i0.wp.com\/www.pigrecoemme.com\/blog\/wp-content\/uploads\/2013\/10\/autiero-13.jpg?w=1020&amp;ssl=1 1020w, https:\/\/i0.wp.com\/www.pigrecoemme.com\/blog\/wp-content\/uploads\/2013\/10\/autiero-13.jpg?resize=300%2C195&amp;ssl=1 300w\" width=\"322\" height=\"209\" loading=\"lazy\" data-original-width=\"322\" data-original-height=\"209\" itemprop=\"http:\/\/schema.org\/image\" title=\"autiero-13\" alt=\"autiero-13\" style=\"width: 322px; height: 209px;\" \/> <\/a> <\/div> <div class=\"tiled-gallery-item tiled-gallery-item-large\" itemprop=\"associatedMedia\" itemscope itemtype=\"http:\/\/schema.org\/ImageObject\"> <a href=\"https:\/\/www.pigrecoemme.com\/blog\/incontri-fotografici-pasquale-autiero-alla-pigrecoemme\/autiero-3\/\" border=\"0\" itemprop=\"url\"> <meta itemprop=\"width\" content=\"322\"> <meta itemprop=\"height\" content=\"322\"> <img decoding=\"async\" class=\"\" data-attachment-id=\"723\" data-orig-file=\"https:\/\/www.pigrecoemme.com\/blog\/wp-content\/uploads\/2013\/10\/autiero-3.jpg\" data-orig-size=\"771,770\" data-comments-opened=\"1\" data-image-meta=\"{&quot;aperture&quot;:&quot;0&quot;,&quot;credit&quot;:&quot;&quot;,&quot;camera&quot;:&quot;&quot;,&quot;caption&quot;:&quot;&quot;,&quot;created_timestamp&quot;:&quot;0&quot;,&quot;copyright&quot;:&quot;&quot;,&quot;focal_length&quot;:&quot;0&quot;,&quot;iso&quot;:&quot;0&quot;,&quot;shutter_speed&quot;:&quot;0&quot;,&quot;title&quot;:&quot;&quot;}\" data-image-title=\"autiero-3\" data-image-description=\"\" data-medium-file=\"https:\/\/i0.wp.com\/www.pigrecoemme.com\/blog\/wp-content\/uploads\/2013\/10\/autiero-3.jpg?fit=300%2C299&#038;ssl=1\" data-large-file=\"https:\/\/i0.wp.com\/www.pigrecoemme.com\/blog\/wp-content\/uploads\/2013\/10\/autiero-3.jpg?fit=771%2C770&#038;ssl=1\" src=\"https:\/\/i0.wp.com\/www.pigrecoemme.com\/blog\/wp-content\/uploads\/2013\/10\/autiero-3.jpg?w=322&#038;h=322&#038;crop=1&#038;ssl=1\" srcset=\"https:\/\/i0.wp.com\/www.pigrecoemme.com\/blog\/wp-content\/uploads\/2013\/10\/autiero-3.jpg?w=771&amp;ssl=1 771w, https:\/\/i0.wp.com\/www.pigrecoemme.com\/blog\/wp-content\/uploads\/2013\/10\/autiero-3.jpg?resize=150%2C150&amp;ssl=1 150w, https:\/\/i0.wp.com\/www.pigrecoemme.com\/blog\/wp-content\/uploads\/2013\/10\/autiero-3.jpg?resize=300%2C299&amp;ssl=1 300w\" width=\"322\" height=\"322\" loading=\"lazy\" data-original-width=\"322\" data-original-height=\"322\" itemprop=\"http:\/\/schema.org\/image\" title=\"autiero-3\" alt=\"autiero-3\" style=\"width: 322px; height: 322px;\" \/> <\/a> <\/div> <\/div> <!-- close group --> <div class=\"gallery-group images-1\" style=\"width: 534px; height: 539px;\" data-original-width=\"534\" data-original-height=\"539\" > <div class=\"tiled-gallery-item tiled-gallery-item-large\" itemprop=\"associatedMedia\" itemscope itemtype=\"http:\/\/schema.org\/ImageObject\"> <a href=\"https:\/\/www.pigrecoemme.com\/blog\/incontri-fotografici-pasquale-autiero-alla-pigrecoemme\/autiero-4\/\" border=\"0\" itemprop=\"url\"> <meta itemprop=\"width\" content=\"530\"> <meta itemprop=\"height\" content=\"535\"> <img decoding=\"async\" class=\"\" data-attachment-id=\"724\" data-orig-file=\"https:\/\/www.pigrecoemme.com\/blog\/wp-content\/uploads\/2013\/10\/autiero-4.jpg\" data-orig-size=\"742,750\" data-comments-opened=\"1\" data-image-meta=\"{&quot;aperture&quot;:&quot;0&quot;,&quot;credit&quot;:&quot;&quot;,&quot;camera&quot;:&quot;&quot;,&quot;caption&quot;:&quot;&quot;,&quot;created_timestamp&quot;:&quot;0&quot;,&quot;copyright&quot;:&quot;&quot;,&quot;focal_length&quot;:&quot;0&quot;,&quot;iso&quot;:&quot;0&quot;,&quot;shutter_speed&quot;:&quot;0&quot;,&quot;title&quot;:&quot;&quot;}\" data-image-title=\"autiero-4\" data-image-description=\"\" data-medium-file=\"https:\/\/i0.wp.com\/www.pigrecoemme.com\/blog\/wp-content\/uploads\/2013\/10\/autiero-4.jpg?fit=296%2C300&#038;ssl=1\" data-large-file=\"https:\/\/i0.wp.com\/www.pigrecoemme.com\/blog\/wp-content\/uploads\/2013\/10\/autiero-4.jpg?fit=742%2C750&#038;ssl=1\" src=\"https:\/\/i0.wp.com\/www.pigrecoemme.com\/blog\/wp-content\/uploads\/2013\/10\/autiero-4.jpg?w=530&#038;h=535&#038;ssl=1\" srcset=\"https:\/\/i0.wp.com\/www.pigrecoemme.com\/blog\/wp-content\/uploads\/2013\/10\/autiero-4.jpg?w=742&amp;ssl=1 742w, https:\/\/i0.wp.com\/www.pigrecoemme.com\/blog\/wp-content\/uploads\/2013\/10\/autiero-4.jpg?resize=150%2C150&amp;ssl=1 150w, https:\/\/i0.wp.com\/www.pigrecoemme.com\/blog\/wp-content\/uploads\/2013\/10\/autiero-4.jpg?resize=296%2C300&amp;ssl=1 296w\" width=\"530\" height=\"535\" loading=\"lazy\" data-original-width=\"530\" data-original-height=\"535\" itemprop=\"http:\/\/schema.org\/image\" title=\"autiero-4\" alt=\"autiero-4\" style=\"width: 530px; height: 535px;\" \/> <\/a> <\/div> <\/div> <!-- close group --> <\/div> <!-- close row --> <div class=\"gallery-row\" style=\"width: 860px; height: 286px;\" data-original-width=\"860\" data-original-height=\"286\" > <div class=\"gallery-group images-1\" style=\"width: 436px; height: 286px;\" data-original-width=\"436\" data-original-height=\"286\" > <div class=\"tiled-gallery-item tiled-gallery-item-large\" itemprop=\"associatedMedia\" itemscope itemtype=\"http:\/\/schema.org\/ImageObject\"> <a href=\"https:\/\/www.pigrecoemme.com\/blog\/incontri-fotografici-pasquale-autiero-alla-pigrecoemme\/autiero-5\/\" border=\"0\" itemprop=\"url\"> <meta itemprop=\"width\" content=\"432\"> <meta itemprop=\"height\" content=\"282\"> <img decoding=\"async\" class=\"\" data-attachment-id=\"725\" data-orig-file=\"https:\/\/www.pigrecoemme.com\/blog\/wp-content\/uploads\/2013\/10\/autiero-5.jpg\" data-orig-size=\"956,623\" data-comments-opened=\"1\" data-image-meta=\"{&quot;aperture&quot;:&quot;0&quot;,&quot;credit&quot;:&quot;&quot;,&quot;camera&quot;:&quot;&quot;,&quot;caption&quot;:&quot;&quot;,&quot;created_timestamp&quot;:&quot;0&quot;,&quot;copyright&quot;:&quot;&quot;,&quot;focal_length&quot;:&quot;0&quot;,&quot;iso&quot;:&quot;0&quot;,&quot;shutter_speed&quot;:&quot;0&quot;,&quot;title&quot;:&quot;&quot;}\" data-image-title=\"autiero-5\" data-image-description=\"\" data-medium-file=\"https:\/\/i0.wp.com\/www.pigrecoemme.com\/blog\/wp-content\/uploads\/2013\/10\/autiero-5.jpg?fit=300%2C195&#038;ssl=1\" data-large-file=\"https:\/\/i0.wp.com\/www.pigrecoemme.com\/blog\/wp-content\/uploads\/2013\/10\/autiero-5.jpg?fit=860%2C560&#038;ssl=1\" src=\"https:\/\/i0.wp.com\/www.pigrecoemme.com\/blog\/wp-content\/uploads\/2013\/10\/autiero-5.jpg?w=432&#038;h=282&#038;ssl=1\" srcset=\"https:\/\/i0.wp.com\/www.pigrecoemme.com\/blog\/wp-content\/uploads\/2013\/10\/autiero-5.jpg?w=956&amp;ssl=1 956w, https:\/\/i0.wp.com\/www.pigrecoemme.com\/blog\/wp-content\/uploads\/2013\/10\/autiero-5.jpg?resize=300%2C195&amp;ssl=1 300w\" width=\"432\" height=\"282\" loading=\"lazy\" data-original-width=\"432\" data-original-height=\"282\" itemprop=\"http:\/\/schema.org\/image\" title=\"autiero-5\" alt=\"autiero-5\" style=\"width: 432px; height: 282px;\" \/> <\/a> <\/div> <\/div> <!-- close group --> <div class=\"gallery-group images-1\" style=\"width: 424px; height: 286px;\" data-original-width=\"424\" data-original-height=\"286\" > <div class=\"tiled-gallery-item tiled-gallery-item-large\" itemprop=\"associatedMedia\" itemscope itemtype=\"http:\/\/schema.org\/ImageObject\"> <a href=\"https:\/\/www.pigrecoemme.com\/blog\/incontri-fotografici-pasquale-autiero-alla-pigrecoemme\/autiero-6\/\" border=\"0\" itemprop=\"url\"> <meta itemprop=\"width\" content=\"420\"> <meta itemprop=\"height\" content=\"282\"> <img decoding=\"async\" class=\"\" data-attachment-id=\"726\" data-orig-file=\"https:\/\/www.pigrecoemme.com\/blog\/wp-content\/uploads\/2013\/10\/autiero-6.jpg\" data-orig-size=\"991,665\" data-comments-opened=\"1\" data-image-meta=\"{&quot;aperture&quot;:&quot;0&quot;,&quot;credit&quot;:&quot;&quot;,&quot;camera&quot;:&quot;&quot;,&quot;caption&quot;:&quot;&quot;,&quot;created_timestamp&quot;:&quot;0&quot;,&quot;copyright&quot;:&quot;&quot;,&quot;focal_length&quot;:&quot;0&quot;,&quot;iso&quot;:&quot;0&quot;,&quot;shutter_speed&quot;:&quot;0&quot;,&quot;title&quot;:&quot;&quot;}\" data-image-title=\"autiero-6\" data-image-description=\"\" data-medium-file=\"https:\/\/i0.wp.com\/www.pigrecoemme.com\/blog\/wp-content\/uploads\/2013\/10\/autiero-6.jpg?fit=300%2C201&#038;ssl=1\" data-large-file=\"https:\/\/i0.wp.com\/www.pigrecoemme.com\/blog\/wp-content\/uploads\/2013\/10\/autiero-6.jpg?fit=860%2C577&#038;ssl=1\" src=\"https:\/\/i0.wp.com\/www.pigrecoemme.com\/blog\/wp-content\/uploads\/2013\/10\/autiero-6.jpg?w=420&#038;h=282&#038;ssl=1\" srcset=\"https:\/\/i0.wp.com\/www.pigrecoemme.com\/blog\/wp-content\/uploads\/2013\/10\/autiero-6.jpg?w=991&amp;ssl=1 991w, https:\/\/i0.wp.com\/www.pigrecoemme.com\/blog\/wp-content\/uploads\/2013\/10\/autiero-6.jpg?resize=300%2C201&amp;ssl=1 300w\" width=\"420\" height=\"282\" loading=\"lazy\" data-original-width=\"420\" data-original-height=\"282\" itemprop=\"http:\/\/schema.org\/image\" title=\"autiero-6\" alt=\"autiero-6\" style=\"width: 420px; height: 282px;\" \/> <\/a> <\/div> <\/div> <!-- close group --> <\/div> <!-- close row --> <div class=\"gallery-row\" style=\"width: 860px; height: 385px;\" data-original-width=\"860\" data-original-height=\"385\" > <div class=\"gallery-group images-1\" style=\"width: 573px; height: 385px;\" data-original-width=\"573\" data-original-height=\"385\" > <div class=\"tiled-gallery-item tiled-gallery-item-large\" itemprop=\"associatedMedia\" itemscope itemtype=\"http:\/\/schema.org\/ImageObject\"> <a href=\"https:\/\/www.pigrecoemme.com\/blog\/incontri-fotografici-pasquale-autiero-alla-pigrecoemme\/autiero-7\/\" border=\"0\" itemprop=\"url\"> <meta itemprop=\"width\" content=\"569\"> <meta itemprop=\"height\" content=\"381\"> <img decoding=\"async\" class=\"\" data-attachment-id=\"727\" data-orig-file=\"https:\/\/www.pigrecoemme.com\/blog\/wp-content\/uploads\/2013\/10\/autiero-7.jpg\" data-orig-size=\"1000,669\" data-comments-opened=\"1\" data-image-meta=\"{&quot;aperture&quot;:&quot;0&quot;,&quot;credit&quot;:&quot;&quot;,&quot;camera&quot;:&quot;&quot;,&quot;caption&quot;:&quot;&quot;,&quot;created_timestamp&quot;:&quot;0&quot;,&quot;copyright&quot;:&quot;&quot;,&quot;focal_length&quot;:&quot;0&quot;,&quot;iso&quot;:&quot;0&quot;,&quot;shutter_speed&quot;:&quot;0&quot;,&quot;title&quot;:&quot;&quot;}\" data-image-title=\"autiero-7\" data-image-description=\"\" data-medium-file=\"https:\/\/i0.wp.com\/www.pigrecoemme.com\/blog\/wp-content\/uploads\/2013\/10\/autiero-7.jpg?fit=300%2C200&#038;ssl=1\" data-large-file=\"https:\/\/i0.wp.com\/www.pigrecoemme.com\/blog\/wp-content\/uploads\/2013\/10\/autiero-7.jpg?fit=860%2C575&#038;ssl=1\" src=\"https:\/\/i0.wp.com\/www.pigrecoemme.com\/blog\/wp-content\/uploads\/2013\/10\/autiero-7.jpg?w=569&#038;h=381&#038;ssl=1\" srcset=\"https:\/\/i0.wp.com\/www.pigrecoemme.com\/blog\/wp-content\/uploads\/2013\/10\/autiero-7.jpg?w=1000&amp;ssl=1 1000w, https:\/\/i0.wp.com\/www.pigrecoemme.com\/blog\/wp-content\/uploads\/2013\/10\/autiero-7.jpg?resize=300%2C200&amp;ssl=1 300w\" width=\"569\" height=\"381\" loading=\"lazy\" data-original-width=\"569\" data-original-height=\"381\" itemprop=\"http:\/\/schema.org\/image\" title=\"autiero-7\" alt=\"autiero-7\" style=\"width: 569px; height: 381px;\" \/> <\/a> <\/div> <\/div> <!-- close group --> <div class=\"gallery-group images-2\" style=\"width: 287px; height: 385px;\" data-original-width=\"287\" data-original-height=\"385\" > <div class=\"tiled-gallery-item tiled-gallery-item-large\" itemprop=\"associatedMedia\" itemscope itemtype=\"http:\/\/schema.org\/ImageObject\"> <a href=\"https:\/\/www.pigrecoemme.com\/blog\/incontri-fotografici-pasquale-autiero-alla-pigrecoemme\/autiero-8\/\" border=\"0\" itemprop=\"url\"> <meta itemprop=\"width\" content=\"283\"> <meta itemprop=\"height\" content=\"191\"> <img decoding=\"async\" class=\"\" data-attachment-id=\"728\" data-orig-file=\"https:\/\/www.pigrecoemme.com\/blog\/wp-content\/uploads\/2013\/10\/autiero-8.jpg\" data-orig-size=\"1010,681\" data-comments-opened=\"1\" data-image-meta=\"{&quot;aperture&quot;:&quot;0&quot;,&quot;credit&quot;:&quot;&quot;,&quot;camera&quot;:&quot;&quot;,&quot;caption&quot;:&quot;&quot;,&quot;created_timestamp&quot;:&quot;0&quot;,&quot;copyright&quot;:&quot;&quot;,&quot;focal_length&quot;:&quot;0&quot;,&quot;iso&quot;:&quot;0&quot;,&quot;shutter_speed&quot;:&quot;0&quot;,&quot;title&quot;:&quot;&quot;}\" data-image-title=\"autiero-8\" data-image-description=\"\" data-medium-file=\"https:\/\/i0.wp.com\/www.pigrecoemme.com\/blog\/wp-content\/uploads\/2013\/10\/autiero-8.jpg?fit=300%2C202&#038;ssl=1\" data-large-file=\"https:\/\/i0.wp.com\/www.pigrecoemme.com\/blog\/wp-content\/uploads\/2013\/10\/autiero-8.jpg?fit=860%2C580&#038;ssl=1\" src=\"https:\/\/i0.wp.com\/www.pigrecoemme.com\/blog\/wp-content\/uploads\/2013\/10\/autiero-8.jpg?w=283&#038;h=191&#038;ssl=1\" srcset=\"https:\/\/i0.wp.com\/www.pigrecoemme.com\/blog\/wp-content\/uploads\/2013\/10\/autiero-8.jpg?w=1010&amp;ssl=1 1010w, https:\/\/i0.wp.com\/www.pigrecoemme.com\/blog\/wp-content\/uploads\/2013\/10\/autiero-8.jpg?resize=300%2C202&amp;ssl=1 300w\" width=\"283\" height=\"191\" loading=\"lazy\" data-original-width=\"283\" data-original-height=\"191\" itemprop=\"http:\/\/schema.org\/image\" title=\"autiero-8\" alt=\"autiero-8\" style=\"width: 283px; height: 191px;\" \/> <\/a> <\/div> <div class=\"tiled-gallery-item tiled-gallery-item-large\" itemprop=\"associatedMedia\" itemscope itemtype=\"http:\/\/schema.org\/ImageObject\"> <a href=\"https:\/\/www.pigrecoemme.com\/blog\/incontri-fotografici-pasquale-autiero-alla-pigrecoemme\/autiero-9\/\" border=\"0\" itemprop=\"url\"> <meta itemprop=\"width\" content=\"283\"> <meta itemprop=\"height\" content=\"186\"> <img decoding=\"async\" class=\"\" data-attachment-id=\"729\" data-orig-file=\"https:\/\/www.pigrecoemme.com\/blog\/wp-content\/uploads\/2013\/10\/autiero-9.jpg\" data-orig-size=\"795,524\" data-comments-opened=\"1\" data-image-meta=\"{&quot;aperture&quot;:&quot;0&quot;,&quot;credit&quot;:&quot;&quot;,&quot;camera&quot;:&quot;&quot;,&quot;caption&quot;:&quot;&quot;,&quot;created_timestamp&quot;:&quot;0&quot;,&quot;copyright&quot;:&quot;&quot;,&quot;focal_length&quot;:&quot;0&quot;,&quot;iso&quot;:&quot;0&quot;,&quot;shutter_speed&quot;:&quot;0&quot;,&quot;title&quot;:&quot;&quot;}\" data-image-title=\"autiero-9\" data-image-description=\"\" data-medium-file=\"https:\/\/i0.wp.com\/www.pigrecoemme.com\/blog\/wp-content\/uploads\/2013\/10\/autiero-9.jpg?fit=300%2C197&#038;ssl=1\" data-large-file=\"https:\/\/i0.wp.com\/www.pigrecoemme.com\/blog\/wp-content\/uploads\/2013\/10\/autiero-9.jpg?fit=795%2C524&#038;ssl=1\" src=\"https:\/\/i0.wp.com\/www.pigrecoemme.com\/blog\/wp-content\/uploads\/2013\/10\/autiero-9.jpg?w=283&#038;h=186&#038;ssl=1\" srcset=\"https:\/\/i0.wp.com\/www.pigrecoemme.com\/blog\/wp-content\/uploads\/2013\/10\/autiero-9.jpg?w=795&amp;ssl=1 795w, https:\/\/i0.wp.com\/www.pigrecoemme.com\/blog\/wp-content\/uploads\/2013\/10\/autiero-9.jpg?resize=300%2C197&amp;ssl=1 300w\" width=\"283\" height=\"186\" loading=\"lazy\" data-original-width=\"283\" data-original-height=\"186\" itemprop=\"http:\/\/schema.org\/image\" title=\"autiero-9\" alt=\"autiero-9\" style=\"width: 283px; height: 186px;\" \/> <\/a> <\/div> <\/div> <!-- close group --> <\/div> <!-- close row --> <\/div>\n<h3>Galleria<\/h3>\n<p>Alcune foto di Pasquale Autiero<\/p>\n","protected":false},"excerpt":{"rendered":"<p>&nbsp; Luned\u00ec 21 ottobre, dalle ore 17,00 alle 19,00, Pigrecoemme incontra uno dei fotografi napoletani pi\u00f9 interessanti di questi ultimi anni, Pasquale Autiero. L\u2019incontro sar\u00e0 introdotto da Luca Sorbo, curatore dei corsi di Fotografia&hellip;<\/p>\n","protected":false},"author":2,"featured_media":0,"comment_status":"open","ping_status":"open","sticky":false,"template":"","format":"standard","meta":{"_jetpack_newsletter_access":"","_jetpack_dont_email_post_to_subs":false,"_jetpack_newsletter_tier_id":0,"_jetpack_memberships_contains_paywalled_content":false,"_jetpack_feature_clip_id":0,"_jetpack_memberships_contains_paid_content":false,"footnotes":"","jetpack_post_was_ever_published":false},"categories":[11,21,1,1523],"tags":[227,828,365,826,370,69,543,827],"class_list":["post-710","post","type-post","status-publish","format-standard","hentry","category-eventi","category-fotografia","category-generale","category-incontri-fotografici","tag-corrado-morra","tag-franco-vaccari","tag-graffiti-press","tag-incontri-fotografia","tag-incontri-fotografici","tag-luca-sorbo","tag-mostre-fotografia","tag-pasquale-autiero"],"yoast_head":"<!-- This site is optimized with the Yoast SEO plugin v28.4 - https:\/\/yoast.com\/product\/yoast-seo-wordpress\/ -->\n<title>Incontri fotografici: Pasquale Autiero alla Pigrecoemme<\/title>\n<meta name=\"robots\" content=\"index, follow, max-snippet:-1, max-image-preview:large, max-video-preview:-1\" \/>\n<link rel=\"canonical\" href=\"https:\/\/www.pigrecoemme.com\/blog\/incontri-fotografici-pasquale-autiero-alla-pigrecoemme\/\" \/>\n<meta property=\"og:locale\" content=\"it_IT\" \/>\n<meta property=\"og:type\" content=\"article\" \/>\n<meta property=\"og:title\" content=\"Incontri fotografici: Pasquale Autiero alla Pigrecoemme\" \/>\n<meta property=\"og:description\" content=\"&nbsp; Luned\u00ec 21 ottobre, dalle ore 17,00 alle 19,00, Pigrecoemme incontra uno dei fotografi napoletani pi\u00f9 interessanti di questi ultimi anni, Pasquale Autiero. L\u2019incontro sar\u00e0 introdotto da Luca Sorbo, curatore dei corsi di Fotografia&hellip;\" \/>\n<meta property=\"og:url\" content=\"https:\/\/www.pigrecoemme.com\/blog\/incontri-fotografici-pasquale-autiero-alla-pigrecoemme\/\" \/>\n<meta property=\"og:site_name\" content=\"Scuola di Cinema Pigrecoemme - Blog\" \/>\n<meta property=\"article:publisher\" content=\"https:\/\/www.facebook.com\/pigrecoemme\" \/>\n<meta property=\"article:author\" content=\"https:\/\/www.facebook.com\/corrado.morra1\" \/>\n<meta property=\"article:published_time\" content=\"2013-10-16T21:44:41+00:00\" \/>\n<meta property=\"article:modified_time\" content=\"2016-01-27T10:48:14+00:00\" \/>\n<meta property=\"og:image\" content=\"https:\/\/i0.wp.com\/www.pigrecoemme.com\/blog\/wp-content\/uploads\/2013\/10\/autiero1.jpg?w=616&#038;h=228&#038;ssl=1\" \/>\n<meta name=\"author\" content=\"Corrado Morra\" \/>\n<meta name=\"twitter:card\" content=\"summary_large_image\" \/>\n<meta name=\"twitter:creator\" content=\"@Pigrecoemme\" \/>\n<meta name=\"twitter:site\" content=\"@Pigrecoemme\" \/>\n<meta name=\"twitter:label1\" content=\"Scritto da\" \/>\n\t<meta name=\"twitter:data1\" content=\"Corrado Morra\" \/>\n\t<meta name=\"twitter:label2\" content=\"Tempo di lettura stimato\" \/>\n\t<meta name=\"twitter:data2\" content=\"3 minuti\" \/>\n<script type=\"application\/ld+json\" class=\"yoast-schema-graph\">{\"@context\":\"https:\\\/\\\/schema.org\",\"@graph\":[{\"@type\":[\"Article\",\"BlogPosting\"],\"@id\":\"https:\\\/\\\/www.pigrecoemme.com\\\/blog\\\/incontri-fotografici-pasquale-autiero-alla-pigrecoemme\\\/#article\",\"isPartOf\":{\"@id\":\"https:\\\/\\\/www.pigrecoemme.com\\\/blog\\\/incontri-fotografici-pasquale-autiero-alla-pigrecoemme\\\/\"},\"author\":{\"name\":\"Corrado Morra\",\"@id\":\"https:\\\/\\\/www.pigrecoemme.com\\\/blog\\\/#\\\/schema\\\/person\\\/702764b5ecda4c2f34e82348789f649e\"},\"headline\":\"Incontri fotografici: Pasquale Autiero alla Pigrecoemme\",\"datePublished\":\"2013-10-16T21:44:41+00:00\",\"dateModified\":\"2016-01-27T10:48:14+00:00\",\"mainEntityOfPage\":{\"@id\":\"https:\\\/\\\/www.pigrecoemme.com\\\/blog\\\/incontri-fotografici-pasquale-autiero-alla-pigrecoemme\\\/\"},\"wordCount\":528,\"commentCount\":0,\"publisher\":{\"@id\":\"https:\\\/\\\/www.pigrecoemme.com\\\/blog\\\/#organization\"},\"image\":{\"@id\":\"https:\\\/\\\/www.pigrecoemme.com\\\/blog\\\/incontri-fotografici-pasquale-autiero-alla-pigrecoemme\\\/#primaryimage\"},\"thumbnailUrl\":\"http:\\\/\\\/www.pigrecoemme.com\\\/blog\\\/wp-content\\\/uploads\\\/2013\\\/10\\\/autiero1.jpg\",\"keywords\":[\"Corrado Morra\",\"franco vaccari\",\"graffiti press\",\"incontri fotografia\",\"incontri fotografici\",\"luca sorbo\",\"mostre fotografia\",\"pasquale autiero\"],\"articleSection\":[\"Eventi\",\"Fotografia\",\"Generale\",\"Incontri fotografici\"],\"inLanguage\":\"it-IT\",\"potentialAction\":[{\"@type\":\"CommentAction\",\"name\":\"Comment\",\"target\":[\"https:\\\/\\\/www.pigrecoemme.com\\\/blog\\\/incontri-fotografici-pasquale-autiero-alla-pigrecoemme\\\/#respond\"]}]},{\"@type\":\"WebPage\",\"@id\":\"https:\\\/\\\/www.pigrecoemme.com\\\/blog\\\/incontri-fotografici-pasquale-autiero-alla-pigrecoemme\\\/\",\"url\":\"https:\\\/\\\/www.pigrecoemme.com\\\/blog\\\/incontri-fotografici-pasquale-autiero-alla-pigrecoemme\\\/\",\"name\":\"Incontri fotografici: Pasquale Autiero alla Pigrecoemme\",\"isPartOf\":{\"@id\":\"https:\\\/\\\/www.pigrecoemme.com\\\/blog\\\/#website\"},\"primaryImageOfPage\":{\"@id\":\"https:\\\/\\\/www.pigrecoemme.com\\\/blog\\\/incontri-fotografici-pasquale-autiero-alla-pigrecoemme\\\/#primaryimage\"},\"image\":{\"@id\":\"https:\\\/\\\/www.pigrecoemme.com\\\/blog\\\/incontri-fotografici-pasquale-autiero-alla-pigrecoemme\\\/#primaryimage\"},\"thumbnailUrl\":\"http:\\\/\\\/www.pigrecoemme.com\\\/blog\\\/wp-content\\\/uploads\\\/2013\\\/10\\\/autiero1.jpg\",\"datePublished\":\"2013-10-16T21:44:41+00:00\",\"dateModified\":\"2016-01-27T10:48:14+00:00\",\"breadcrumb\":{\"@id\":\"https:\\\/\\\/www.pigrecoemme.com\\\/blog\\\/incontri-fotografici-pasquale-autiero-alla-pigrecoemme\\\/#breadcrumb\"},\"inLanguage\":\"it-IT\",\"potentialAction\":[{\"@type\":\"ReadAction\",\"target\":[\"https:\\\/\\\/www.pigrecoemme.com\\\/blog\\\/incontri-fotografici-pasquale-autiero-alla-pigrecoemme\\\/\"]}]},{\"@type\":\"ImageObject\",\"inLanguage\":\"it-IT\",\"@id\":\"https:\\\/\\\/www.pigrecoemme.com\\\/blog\\\/incontri-fotografici-pasquale-autiero-alla-pigrecoemme\\\/#primaryimage\",\"url\":\"http:\\\/\\\/www.pigrecoemme.com\\\/blog\\\/wp-content\\\/uploads\\\/2013\\\/10\\\/autiero1.jpg\",\"contentUrl\":\"http:\\\/\\\/www.pigrecoemme.com\\\/blog\\\/wp-content\\\/uploads\\\/2013\\\/10\\\/autiero1.jpg\"},{\"@type\":\"BreadcrumbList\",\"@id\":\"https:\\\/\\\/www.pigrecoemme.com\\\/blog\\\/incontri-fotografici-pasquale-autiero-alla-pigrecoemme\\\/#breadcrumb\",\"itemListElement\":[{\"@type\":\"ListItem\",\"position\":1,\"name\":\"Home\",\"item\":\"https:\\\/\\\/www.pigrecoemme.com\\\/blog\\\/\"},{\"@type\":\"ListItem\",\"position\":2,\"name\":\"Incontri fotografici: Pasquale Autiero alla Pigrecoemme\"}]},{\"@type\":\"WebSite\",\"@id\":\"https:\\\/\\\/www.pigrecoemme.com\\\/blog\\\/#website\",\"url\":\"https:\\\/\\\/www.pigrecoemme.com\\\/blog\\\/\",\"name\":\"Scuola di Cinema Pigrecoemme - Blog\",\"description\":\"Siamo la prima Scuola di Cinema e Fotografia di Napoli\",\"publisher\":{\"@id\":\"https:\\\/\\\/www.pigrecoemme.com\\\/blog\\\/#organization\"},\"potentialAction\":[{\"@type\":\"SearchAction\",\"target\":{\"@type\":\"EntryPoint\",\"urlTemplate\":\"https:\\\/\\\/www.pigrecoemme.com\\\/blog\\\/?s={search_term_string}\"},\"query-input\":{\"@type\":\"PropertyValueSpecification\",\"valueRequired\":true,\"valueName\":\"search_term_string\"}}],\"inLanguage\":\"it-IT\"},{\"@type\":\"Organization\",\"@id\":\"https:\\\/\\\/www.pigrecoemme.com\\\/blog\\\/#organization\",\"name\":\"Scuola di cinema e fotografia Pigrecoemme\",\"url\":\"https:\\\/\\\/www.pigrecoemme.com\\\/blog\\\/\",\"logo\":{\"@type\":\"ImageObject\",\"inLanguage\":\"it-IT\",\"@id\":\"https:\\\/\\\/www.pigrecoemme.com\\\/blog\\\/#\\\/schema\\\/logo\\\/image\\\/\",\"url\":\"https:\\\/\\\/i0.wp.com\\\/www.pigrecoemme.com\\\/blog\\\/wp-content\\\/uploads\\\/2018\\\/06\\\/logo-pigrecoemme-2018.png?fit=500%2C500&ssl=1\",\"contentUrl\":\"https:\\\/\\\/i0.wp.com\\\/www.pigrecoemme.com\\\/blog\\\/wp-content\\\/uploads\\\/2018\\\/06\\\/logo-pigrecoemme-2018.png?fit=500%2C500&ssl=1\",\"width\":500,\"height\":500,\"caption\":\"Scuola di cinema e fotografia Pigrecoemme\"},\"image\":{\"@id\":\"https:\\\/\\\/www.pigrecoemme.com\\\/blog\\\/#\\\/schema\\\/logo\\\/image\\\/\"},\"sameAs\":[\"https:\\\/\\\/www.facebook.com\\\/pigrecoemme\",\"https:\\\/\\\/x.com\\\/Pigrecoemme\",\"https:\\\/\\\/www.instagram.com\\\/pigrecoemme\\\/\",\"https:\\\/\\\/www.linkedin.com\\\/company\\\/pigrecoemme\\\/\",\"https:\\\/\\\/www.youtube.com\\\/pigrecoemme\"]},{\"@type\":\"Person\",\"@id\":\"https:\\\/\\\/www.pigrecoemme.com\\\/blog\\\/#\\\/schema\\\/person\\\/702764b5ecda4c2f34e82348789f649e\",\"name\":\"Corrado Morra\",\"image\":{\"@type\":\"ImageObject\",\"inLanguage\":\"it-IT\",\"@id\":\"https:\\\/\\\/secure.gravatar.com\\\/avatar\\\/f6ce2f6728fbdf920737112fe70682512808577befa2c9c7845c04a8449b8f03?s=96&r=g\",\"url\":\"https:\\\/\\\/secure.gravatar.com\\\/avatar\\\/f6ce2f6728fbdf920737112fe70682512808577befa2c9c7845c04a8449b8f03?s=96&r=g\",\"contentUrl\":\"https:\\\/\\\/secure.gravatar.com\\\/avatar\\\/f6ce2f6728fbdf920737112fe70682512808577befa2c9c7845c04a8449b8f03?s=96&r=g\",\"caption\":\"Corrado Morra\"},\"description\":\"Esperto di arti visive e di cinema, insegna Sceneggiatura alla Scuola di cinema Pigrecoemme di Napoli, di cui \u00e8 tra i fondatori.\",\"sameAs\":[\"http:\\\/\\\/www.pigrecoemme.com\\\/\",\"https:\\\/\\\/www.facebook.com\\\/corrado.morra1\"],\"url\":\"https:\\\/\\\/www.pigrecoemme.com\\\/blog\\\/author\\\/corrado-morra\\\/\"}]}<\/script>\n<!-- \/ Yoast SEO plugin. -->","yoast_head_json":{"title":"Incontri fotografici: Pasquale Autiero alla Pigrecoemme","robots":{"index":"index","follow":"follow","max-snippet":"max-snippet:-1","max-image-preview":"max-image-preview:large","max-video-preview":"max-video-preview:-1"},"canonical":"https:\/\/www.pigrecoemme.com\/blog\/incontri-fotografici-pasquale-autiero-alla-pigrecoemme\/","og_locale":"it_IT","og_type":"article","og_title":"Incontri fotografici: Pasquale Autiero alla Pigrecoemme","og_description":"&nbsp; Luned\u00ec 21 ottobre, dalle ore 17,00 alle 19,00, Pigrecoemme incontra uno dei fotografi napoletani pi\u00f9 interessanti di questi ultimi anni, Pasquale Autiero. L\u2019incontro sar\u00e0 introdotto da Luca Sorbo, curatore dei corsi di Fotografia&hellip;","og_url":"https:\/\/www.pigrecoemme.com\/blog\/incontri-fotografici-pasquale-autiero-alla-pigrecoemme\/","og_site_name":"Scuola di Cinema Pigrecoemme - Blog","article_publisher":"https:\/\/www.facebook.com\/pigrecoemme","article_author":"https:\/\/www.facebook.com\/corrado.morra1","article_published_time":"2013-10-16T21:44:41+00:00","article_modified_time":"2016-01-27T10:48:14+00:00","og_image":[{"url":"https:\/\/i0.wp.com\/www.pigrecoemme.com\/blog\/wp-content\/uploads\/2013\/10\/autiero1.jpg?w=616&#038;h=228&#038;ssl=1","type":"","width":"","height":""}],"author":"Corrado Morra","twitter_card":"summary_large_image","twitter_creator":"@Pigrecoemme","twitter_site":"@Pigrecoemme","twitter_misc":{"Scritto da":"Corrado Morra","Tempo di lettura stimato":"3 minuti"},"schema":{"@context":"https:\/\/schema.org","@graph":[{"@type":["Article","BlogPosting"],"@id":"https:\/\/www.pigrecoemme.com\/blog\/incontri-fotografici-pasquale-autiero-alla-pigrecoemme\/#article","isPartOf":{"@id":"https:\/\/www.pigrecoemme.com\/blog\/incontri-fotografici-pasquale-autiero-alla-pigrecoemme\/"},"author":{"name":"Corrado Morra","@id":"https:\/\/www.pigrecoemme.com\/blog\/#\/schema\/person\/702764b5ecda4c2f34e82348789f649e"},"headline":"Incontri fotografici: Pasquale Autiero alla Pigrecoemme","datePublished":"2013-10-16T21:44:41+00:00","dateModified":"2016-01-27T10:48:14+00:00","mainEntityOfPage":{"@id":"https:\/\/www.pigrecoemme.com\/blog\/incontri-fotografici-pasquale-autiero-alla-pigrecoemme\/"},"wordCount":528,"commentCount":0,"publisher":{"@id":"https:\/\/www.pigrecoemme.com\/blog\/#organization"},"image":{"@id":"https:\/\/www.pigrecoemme.com\/blog\/incontri-fotografici-pasquale-autiero-alla-pigrecoemme\/#primaryimage"},"thumbnailUrl":"http:\/\/www.pigrecoemme.com\/blog\/wp-content\/uploads\/2013\/10\/autiero1.jpg","keywords":["Corrado Morra","franco vaccari","graffiti press","incontri fotografia","incontri fotografici","luca sorbo","mostre fotografia","pasquale autiero"],"articleSection":["Eventi","Fotografia","Generale","Incontri fotografici"],"inLanguage":"it-IT","potentialAction":[{"@type":"CommentAction","name":"Comment","target":["https:\/\/www.pigrecoemme.com\/blog\/incontri-fotografici-pasquale-autiero-alla-pigrecoemme\/#respond"]}]},{"@type":"WebPage","@id":"https:\/\/www.pigrecoemme.com\/blog\/incontri-fotografici-pasquale-autiero-alla-pigrecoemme\/","url":"https:\/\/www.pigrecoemme.com\/blog\/incontri-fotografici-pasquale-autiero-alla-pigrecoemme\/","name":"Incontri fotografici: Pasquale Autiero alla Pigrecoemme","isPartOf":{"@id":"https:\/\/www.pigrecoemme.com\/blog\/#website"},"primaryImageOfPage":{"@id":"https:\/\/www.pigrecoemme.com\/blog\/incontri-fotografici-pasquale-autiero-alla-pigrecoemme\/#primaryimage"},"image":{"@id":"https:\/\/www.pigrecoemme.com\/blog\/incontri-fotografici-pasquale-autiero-alla-pigrecoemme\/#primaryimage"},"thumbnailUrl":"http:\/\/www.pigrecoemme.com\/blog\/wp-content\/uploads\/2013\/10\/autiero1.jpg","datePublished":"2013-10-16T21:44:41+00:00","dateModified":"2016-01-27T10:48:14+00:00","breadcrumb":{"@id":"https:\/\/www.pigrecoemme.com\/blog\/incontri-fotografici-pasquale-autiero-alla-pigrecoemme\/#breadcrumb"},"inLanguage":"it-IT","potentialAction":[{"@type":"ReadAction","target":["https:\/\/www.pigrecoemme.com\/blog\/incontri-fotografici-pasquale-autiero-alla-pigrecoemme\/"]}]},{"@type":"ImageObject","inLanguage":"it-IT","@id":"https:\/\/www.pigrecoemme.com\/blog\/incontri-fotografici-pasquale-autiero-alla-pigrecoemme\/#primaryimage","url":"http:\/\/www.pigrecoemme.com\/blog\/wp-content\/uploads\/2013\/10\/autiero1.jpg","contentUrl":"http:\/\/www.pigrecoemme.com\/blog\/wp-content\/uploads\/2013\/10\/autiero1.jpg"},{"@type":"BreadcrumbList","@id":"https:\/\/www.pigrecoemme.com\/blog\/incontri-fotografici-pasquale-autiero-alla-pigrecoemme\/#breadcrumb","itemListElement":[{"@type":"ListItem","position":1,"name":"Home","item":"https:\/\/www.pigrecoemme.com\/blog\/"},{"@type":"ListItem","position":2,"name":"Incontri fotografici: Pasquale Autiero alla Pigrecoemme"}]},{"@type":"WebSite","@id":"https:\/\/www.pigrecoemme.com\/blog\/#website","url":"https:\/\/www.pigrecoemme.com\/blog\/","name":"Scuola di Cinema Pigrecoemme - Blog","description":"Siamo la prima Scuola di Cinema e Fotografia di Napoli","publisher":{"@id":"https:\/\/www.pigrecoemme.com\/blog\/#organization"},"potentialAction":[{"@type":"SearchAction","target":{"@type":"EntryPoint","urlTemplate":"https:\/\/www.pigrecoemme.com\/blog\/?s={search_term_string}"},"query-input":{"@type":"PropertyValueSpecification","valueRequired":true,"valueName":"search_term_string"}}],"inLanguage":"it-IT"},{"@type":"Organization","@id":"https:\/\/www.pigrecoemme.com\/blog\/#organization","name":"Scuola di cinema e fotografia Pigrecoemme","url":"https:\/\/www.pigrecoemme.com\/blog\/","logo":{"@type":"ImageObject","inLanguage":"it-IT","@id":"https:\/\/www.pigrecoemme.com\/blog\/#\/schema\/logo\/image\/","url":"https:\/\/i0.wp.com\/www.pigrecoemme.com\/blog\/wp-content\/uploads\/2018\/06\/logo-pigrecoemme-2018.png?fit=500%2C500&ssl=1","contentUrl":"https:\/\/i0.wp.com\/www.pigrecoemme.com\/blog\/wp-content\/uploads\/2018\/06\/logo-pigrecoemme-2018.png?fit=500%2C500&ssl=1","width":500,"height":500,"caption":"Scuola di cinema e fotografia Pigrecoemme"},"image":{"@id":"https:\/\/www.pigrecoemme.com\/blog\/#\/schema\/logo\/image\/"},"sameAs":["https:\/\/www.facebook.com\/pigrecoemme","https:\/\/x.com\/Pigrecoemme","https:\/\/www.instagram.com\/pigrecoemme\/","https:\/\/www.linkedin.com\/company\/pigrecoemme\/","https:\/\/www.youtube.com\/pigrecoemme"]},{"@type":"Person","@id":"https:\/\/www.pigrecoemme.com\/blog\/#\/schema\/person\/702764b5ecda4c2f34e82348789f649e","name":"Corrado Morra","image":{"@type":"ImageObject","inLanguage":"it-IT","@id":"https:\/\/secure.gravatar.com\/avatar\/f6ce2f6728fbdf920737112fe70682512808577befa2c9c7845c04a8449b8f03?s=96&r=g","url":"https:\/\/secure.gravatar.com\/avatar\/f6ce2f6728fbdf920737112fe70682512808577befa2c9c7845c04a8449b8f03?s=96&r=g","contentUrl":"https:\/\/secure.gravatar.com\/avatar\/f6ce2f6728fbdf920737112fe70682512808577befa2c9c7845c04a8449b8f03?s=96&r=g","caption":"Corrado Morra"},"description":"Esperto di arti visive e di cinema, insegna Sceneggiatura alla Scuola di cinema Pigrecoemme di Napoli, di cui \u00e8 tra i fondatori.","sameAs":["http:\/\/www.pigrecoemme.com\/","https:\/\/www.facebook.com\/corrado.morra1"],"url":"https:\/\/www.pigrecoemme.com\/blog\/author\/corrado-morra\/"}]}},"jetpack_sharing_enabled":true,"jetpack_likes_enabled":true,"jetpack-related-posts":[{"id":454,"url":"https:\/\/www.pigrecoemme.com\/blog\/antonio-biasiucci-alla-pigrecoemme\/","url_meta":{"origin":710,"position":0},"title":"Antonio Biasiucci alla Pigrecoemme","author":"Corrado Morra","date":"9 Gennaio 2012","format":false,"excerpt":"Aveva ragione Cesare de Seta, quando, gi\u00e0 nell'84, aveva scorto la matrice e gli esiti poetici della ricerca lirica del fotografo Antonio Biasiucci in una certa idea di mondo che si riscontra, in modo esemplare, nella pittura di Giorgio Morandi. Biasiucci, infatti, tra i fotografi degli ultimi anni, \u00e8 probabilmente,\u2026","rel":"","context":"In &quot;Eventi&quot;","block_context":{"text":"Eventi","link":"https:\/\/www.pigrecoemme.com\/blog\/eventi\/"},"img":{"alt_text":"","src":"https:\/\/i0.wp.com\/www.pigrecoemme.com\/blog\/wp-content\/uploads\/2012\/01\/ex-voto-di-antonio-biasiucci-300x298.jpg?resize=350%2C200","width":350,"height":200},"classes":[]},{"id":536,"url":"https:\/\/www.pigrecoemme.com\/blog\/alla-pigrecoemme-incontri-gratuiti-con-la-royal-photographic-society-e-l%e2%80%99agenzia-graffiti-di-roma\/","url_meta":{"origin":710,"position":1},"title":"Alla Pigrecoemme, incontri gratuiti con la Royal Photographic Society e l\u2019agenzia Graffiti di Roma","author":"Corrado Morra","date":"17 Settembre 2012","format":false,"excerpt":"Fine settembre all'insegna della Fotografia alla\u00a0Scuola di Cinema e Fotografia\u00a0Pigrecoemme\u00a0di Napoli, con un doppio, imperdibile evento:\u00a0sabato 29 settembre, alle\u00a0ore 16,00, nella sede della Scuola di\u00a0Piazza Portanova 11, ci sar\u00e0 un incontro con\u00a0Olivio Argenti, presidente del\u00a0CIRPS - Capitolo italiano\u00a0della\u00a0Royal Photographic Society,\u00a0la\u00a0prima e pi\u00f9 importante associazione fotografica al mondo,\u00a0Durante la serata,\u00a0Luca Sorbo,\u00a0responsabile\u2026","rel":"","context":"In &quot;Eventi&quot;","block_context":{"text":"Eventi","link":"https:\/\/www.pigrecoemme.com\/blog\/eventi\/"},"img":{"alt_text":"","src":"https:\/\/i0.wp.com\/www.pigrecoemme.com\/blog\/wp-content\/uploads\/2012\/09\/rps-300x113.jpg?resize=350%2C200","width":350,"height":200},"classes":[]},{"id":492,"url":"https:\/\/www.pigrecoemme.com\/blog\/sabato-21-aprile-aniello-barone-terra-un-incontro-lezione-gratuito-sulla-fotografia\/","url_meta":{"origin":710,"position":2},"title":"Sabato 21 aprile Aniello Barone terr\u00e0 un incontro-lezione gratuito sulla fotografia","author":"Corrado Morra","date":"17 Aprile 2012","format":false,"excerpt":"Continuano, alla Scuola di cinema e fotografia Pigrecoemme di Napoli, gli incontri dedicati ai grandi fotografi. Sabato 21 aprile 2012, Aniello Barone sar\u00e0, cos\u00ec, negli spazi di Piazza Portanova, per un incontro-lezione, che avr\u00e0 il compito di tracciare le linee principali del suo affascinante percorso artistico e professionale. L\u2019appuntamento, dalle\u2026","rel":"","context":"In &quot;Eventi&quot;","block_context":{"text":"Eventi","link":"https:\/\/www.pigrecoemme.com\/blog\/eventi\/"},"img":{"alt_text":"","src":"https:\/\/i0.wp.com\/www.pigrecoemme.com\/blog\/wp-content\/uploads\/2012\/04\/aniello-barone1-300x200.jpg?resize=350%2C200","width":350,"height":200},"classes":[]},{"id":1463,"url":"https:\/\/www.pigrecoemme.com\/blog\/diventare-fotografo\/","url_meta":{"origin":710,"position":3},"title":"Diventare fotografo. Un incontro gratuito","author":"Corrado Morra","date":"15 Settembre 2015","format":false,"excerpt":"Gioved\u00ec 1\u00b0 ottobre, dalle ore 16:00 alle 18:00, alla Pigrecoemme, si terr\u00e0\u00a0un incontro di orientamento su come entrare nel mondo della fotografia, un'arte da sempre sospesa tra passione e professione. L'incontro \u00e8 a cura di Luca Sorbo, responsabile dei corsi di Fotografia della Pigrecoemme e docente all\u2019Accademia di Belle Arti\u2026","rel":"","context":"In &quot;Eventi&quot;","block_context":{"text":"Eventi","link":"https:\/\/www.pigrecoemme.com\/blog\/eventi\/"},"img":{"alt_text":"diventare-fotografo","src":"https:\/\/i0.wp.com\/www.pigrecoemme.com\/blog\/wp-content\/uploads\/2015\/09\/diventare-fotografo.jpg?resize=350%2C200","width":350,"height":200},"classes":[]},{"id":822,"url":"https:\/\/www.pigrecoemme.com\/blog\/incontri-fotografici-itaca\/","url_meta":{"origin":710,"position":4},"title":"Gli Incontri fotografici della Pigrecoemme approdano all&#8217;Itaca di Renato Orsini","author":"Corrado Morra","date":"26 Aprile 2014","format":false,"excerpt":"Mercoled\u00ec 30 aprile, dalle ore 17,00 alle 19,00, nell\u2019ambito della rassegna Incontri fotografici della Scuola di cinema e fotografia Pigrecoemme di Napoli, Renato Orsini presenta ITACA, il suo ultimo progetto fotografico, un viaggio emozionante in bianco e nero che, attraverso forti contrasti e una capacit\u00e0 sbalorditiva di scovare particolari epifanici,\u2026","rel":"","context":"In &quot;Eventi&quot;","block_context":{"text":"Eventi","link":"https:\/\/www.pigrecoemme.com\/blog\/eventi\/"},"img":{"alt_text":"","src":"https:\/\/i0.wp.com\/www.pigrecoemme.com\/blog\/wp-content\/uploads\/2014\/04\/renato-orsini.png?resize=350%2C200","width":350,"height":200},"classes":[]},{"id":691,"url":"https:\/\/www.pigrecoemme.com\/blog\/lezione-aperta-con-raffaela-mariniello\/","url_meta":{"origin":710,"position":5},"title":"Lezione aperta con Raffaela Mariniello: la fotografia artistica","author":"Giacomo Fabbrocino","date":"23 Settembre 2013","format":false,"excerpt":"Alla Scuola di cinema e fotografia Pigrecoemme riprendono gli incontri con i maestri della fotografia. Il prossimo venerd\u00ec 27 settembre \u00e8 di scena\u00a0RAFFAELA MARINIELLO in una lezione aperta sulla fotografia artistica. L'appuntamento Riprende, in occasione della ripresa dei corsi di Fotografia di Pigrecoemme, con un incontro con Raffaela Mariniello, la\u2026","rel":"","context":"In &quot;Eventi&quot;","block_context":{"text":"Eventi","link":"https:\/\/www.pigrecoemme.com\/blog\/eventi\/"},"img":{"alt_text":"","src":"https:\/\/i0.wp.com\/www.pigrecoemme.com\/blog\/wp-content\/uploads\/2013\/09\/mariniello-01.jpg?resize=350%2C200","width":350,"height":200},"classes":[]}],"jetpack_featured_media_url":"","_links":{"self":[{"href":"https:\/\/www.pigrecoemme.com\/blog\/wp-json\/wp\/v2\/posts\/710","targetHints":{"allow":["GET"]}}],"collection":[{"href":"https:\/\/www.pigrecoemme.com\/blog\/wp-json\/wp\/v2\/posts"}],"about":[{"href":"https:\/\/www.pigrecoemme.com\/blog\/wp-json\/wp\/v2\/types\/post"}],"author":[{"embeddable":true,"href":"https:\/\/www.pigrecoemme.com\/blog\/wp-json\/wp\/v2\/users\/2"}],"replies":[{"embeddable":true,"href":"https:\/\/www.pigrecoemme.com\/blog\/wp-json\/wp\/v2\/comments?post=710"}],"version-history":[{"count":0,"href":"https:\/\/www.pigrecoemme.com\/blog\/wp-json\/wp\/v2\/posts\/710\/revisions"}],"wp:attachment":[{"href":"https:\/\/www.pigrecoemme.com\/blog\/wp-json\/wp\/v2\/media?parent=710"}],"wp:term":[{"taxonomy":"category","embeddable":true,"href":"https:\/\/www.pigrecoemme.com\/blog\/wp-json\/wp\/v2\/categories?post=710"},{"taxonomy":"post_tag","embeddable":true,"href":"https:\/\/www.pigrecoemme.com\/blog\/wp-json\/wp\/v2\/tags?post=710"}],"curies":[{"name":"wp","href":"https:\/\/api.w.org\/{rel}","templated":true}]}}