{"id":70,"date":"2008-07-16T13:17:19","date_gmt":"2008-07-16T11:17:19","guid":{"rendered":"http:\/\/www.pigrecoemme.com\/blog\/la-foto-della-settimana-la-finestra-di-fronte-di-davide-de-luca\/"},"modified":"2009-02-17T03:10:20","modified_gmt":"2009-02-17T01:10:20","slug":"la-foto-della-settimana-la-finestra-di-fronte-di-davide-de-luca","status":"publish","type":"post","link":"https:\/\/www.pigrecoemme.com\/blog\/la-foto-della-settimana-la-finestra-di-fronte-di-davide-de-luca\/","title":{"rendered":"La foto della settimana: La finestra di fronte di Davide De Luca"},"content":{"rendered":"<p>Dopo una settimana di assenza (io e Rosario eravamo al Roma Fiction Fest) torniamo al blog direttamente con la foto della settimana. La foto si intitola &#8220;La finestra di fronte&#8221; ed \u00e8 opera di Davide De Luca, ex allievo del <a href=\"http:\/\/www.pigrecoemme.com\/corso-fotografia\/corso-di-fotografia-2.htm\">corso di fotografia<\/a> di Pigrecoemme.<\/p>\n<p align=\"left\"><a title=\"la finestra di fronte\" rel=\"attachment wp-att-71\" href=\"https:\/\/www.pigrecoemme.com\/blog\/la-foto-della-settimana-la-finestra-di-fronte-di-davide-de-luca\/la-finestra-di-fronte\/\"><\/a><\/p>\n<p style=\"text-align: center\"><a title=\"la finestra di fronte\" href=\"http:\/\/www.flickr.com\/photos\/amarillio\/2505242651\/sizes\/l\/\" target=\"_blank\"><img data-recalc-dims=\"1\" decoding=\"async\" src=\"https:\/\/i0.wp.com\/www.pigrecoemme.com\/blog\/wp-content\/uploads\/2008\/07\/dadeluc1.jpg?w=860&#038;ssl=1\" alt=\"la finestra di fronte\" \/><\/a><\/p>\n","protected":false},"excerpt":{"rendered":"<p>Dopo una settimana di assenza (io e Rosario eravamo al Roma Fiction Fest) torniamo al blog direttamente con la foto della settimana. La foto si intitola &#8220;La finestra di fronte&#8221; ed \u00e8 opera di&hellip;<\/p>\n","protected":false},"author":1,"featured_media":0,"comment_status":"open","ping_status":"open","sticky":false,"template":"","format":"standard","meta":{"_jetpack_newsletter_access":"","_jetpack_dont_email_post_to_subs":false,"_jetpack_newsletter_tier_id":0,"_jetpack_memberships_contains_paywalled_content":false,"_jetpack_feature_clip_id":0,"_jetpack_memberships_contains_paid_content":false,"footnotes":"","jetpack_post_was_ever_published":false},"categories":[1,299],"tags":[20,203,27,1283,204],"class_list":["post-70","post","type-post","status-publish","format-standard","hentry","category-generale","category-foto-della-settimana","tag-corso-di-fotografia","tag-davide-de-luca","tag-ex-allievi-di-pigrecoemme","tag-fotografia","tag-la-foto-della-settimana"],"yoast_head":"<!-- This site is optimized with the Yoast SEO plugin v28.3 - https:\/\/yoast.com\/product\/yoast-seo-wordpress\/ -->\n<title>La foto della settimana: La finestra di fronte di Davide De Luca<\/title>\n<meta name=\"robots\" content=\"index, follow, max-snippet:-1, max-image-preview:large, max-video-preview:-1\" \/>\n<link rel=\"canonical\" href=\"https:\/\/www.pigrecoemme.com\/blog\/la-foto-della-settimana-la-finestra-di-fronte-di-davide-de-luca\/\" \/>\n<meta property=\"og:locale\" content=\"it_IT\" \/>\n<meta property=\"og:type\" content=\"article\" \/>\n<meta property=\"og:title\" content=\"La foto della settimana: La finestra di fronte di Davide De Luca\" \/>\n<meta property=\"og:description\" content=\"Dopo una settimana di assenza (io e Rosario eravamo al Roma Fiction Fest) torniamo al blog direttamente con la foto della settimana. La foto si intitola &#8220;La finestra di fronte&#8221; ed \u00e8 opera di Davide De Luca, ex allievo del &hellip; Continue reading &rarr;\" \/>\n<meta property=\"og:url\" content=\"https:\/\/www.pigrecoemme.com\/blog\/la-foto-della-settimana-la-finestra-di-fronte-di-davide-de-luca\/\" \/>\n<meta property=\"og:site_name\" content=\"Scuola di Cinema Pigrecoemme - Blog\" \/>\n<meta property=\"article:publisher\" content=\"https:\/\/www.facebook.com\/pigrecoemme\" \/>\n<meta property=\"article:author\" content=\"https:\/\/www.facebook.com\/giacomo.fabbrocino\" \/>\n<meta property=\"article:published_time\" content=\"2008-07-16T11:17:19+00:00\" \/>\n<meta property=\"article:modified_time\" content=\"2009-02-17T01:10:20+00:00\" \/>\n<meta property=\"og:image\" content=\"http:\/\/www.pigrecoemme.com\/blog\/wp-content\/uploads\/2008\/07\/dadeluc1.jpg\" \/>\n<meta name=\"author\" content=\"Giacomo Fabbrocino\" \/>\n<meta name=\"twitter:card\" content=\"summary_large_image\" \/>\n<meta name=\"twitter:creator\" content=\"@Pigrecoemme\" \/>\n<meta name=\"twitter:site\" content=\"@Pigrecoemme\" \/>\n<meta name=\"twitter:label1\" content=\"Scritto da\" \/>\n\t<meta name=\"twitter:data1\" content=\"Giacomo Fabbrocino\" \/>\n<script type=\"application\/ld+json\" class=\"yoast-schema-graph\">{\"@context\":\"https:\\\/\\\/schema.org\",\"@graph\":[{\"@type\":[\"Article\",\"BlogPosting\"],\"@id\":\"https:\\\/\\\/www.pigrecoemme.com\\\/blog\\\/la-foto-della-settimana-la-finestra-di-fronte-di-davide-de-luca\\\/#article\",\"isPartOf\":{\"@id\":\"https:\\\/\\\/www.pigrecoemme.com\\\/blog\\\/la-foto-della-settimana-la-finestra-di-fronte-di-davide-de-luca\\\/\"},\"author\":{\"name\":\"Giacomo Fabbrocino\",\"@id\":\"https:\\\/\\\/www.pigrecoemme.com\\\/blog\\\/#\\\/schema\\\/person\\\/57fa822c3d209d3a2612fd0411ae63f4\"},\"headline\":\"La foto della settimana: La finestra di fronte di Davide De Luca\",\"datePublished\":\"2008-07-16T11:17:19+00:00\",\"dateModified\":\"2009-02-17T01:10:20+00:00\",\"mainEntityOfPage\":{\"@id\":\"https:\\\/\\\/www.pigrecoemme.com\\\/blog\\\/la-foto-della-settimana-la-finestra-di-fronte-di-davide-de-luca\\\/\"},\"wordCount\":56,\"commentCount\":0,\"publisher\":{\"@id\":\"https:\\\/\\\/www.pigrecoemme.com\\\/blog\\\/#organization\"},\"image\":{\"@id\":\"https:\\\/\\\/www.pigrecoemme.com\\\/blog\\\/la-foto-della-settimana-la-finestra-di-fronte-di-davide-de-luca\\\/#primaryimage\"},\"thumbnailUrl\":\"http:\\\/\\\/www.pigrecoemme.com\\\/blog\\\/wp-content\\\/uploads\\\/2008\\\/07\\\/dadeluc1.jpg\",\"keywords\":[\"\\\"corso di fotografia\\\"\",\"davide de luca\",\"ex allievi di pigrecoemme\",\"fotografia\",\"la foto della settimana\"],\"articleSection\":[\"Generale\",\"La foto della settimana\"],\"inLanguage\":\"it-IT\",\"potentialAction\":[{\"@type\":\"CommentAction\",\"name\":\"Comment\",\"target\":[\"https:\\\/\\\/www.pigrecoemme.com\\\/blog\\\/la-foto-della-settimana-la-finestra-di-fronte-di-davide-de-luca\\\/#respond\"]}]},{\"@type\":\"WebPage\",\"@id\":\"https:\\\/\\\/www.pigrecoemme.com\\\/blog\\\/la-foto-della-settimana-la-finestra-di-fronte-di-davide-de-luca\\\/\",\"url\":\"https:\\\/\\\/www.pigrecoemme.com\\\/blog\\\/la-foto-della-settimana-la-finestra-di-fronte-di-davide-de-luca\\\/\",\"name\":\"La foto della settimana: La finestra di fronte di Davide De Luca\",\"isPartOf\":{\"@id\":\"https:\\\/\\\/www.pigrecoemme.com\\\/blog\\\/#website\"},\"primaryImageOfPage\":{\"@id\":\"https:\\\/\\\/www.pigrecoemme.com\\\/blog\\\/la-foto-della-settimana-la-finestra-di-fronte-di-davide-de-luca\\\/#primaryimage\"},\"image\":{\"@id\":\"https:\\\/\\\/www.pigrecoemme.com\\\/blog\\\/la-foto-della-settimana-la-finestra-di-fronte-di-davide-de-luca\\\/#primaryimage\"},\"thumbnailUrl\":\"http:\\\/\\\/www.pigrecoemme.com\\\/blog\\\/wp-content\\\/uploads\\\/2008\\\/07\\\/dadeluc1.jpg\",\"datePublished\":\"2008-07-16T11:17:19+00:00\",\"dateModified\":\"2009-02-17T01:10:20+00:00\",\"breadcrumb\":{\"@id\":\"https:\\\/\\\/www.pigrecoemme.com\\\/blog\\\/la-foto-della-settimana-la-finestra-di-fronte-di-davide-de-luca\\\/#breadcrumb\"},\"inLanguage\":\"it-IT\",\"potentialAction\":[{\"@type\":\"ReadAction\",\"target\":[\"https:\\\/\\\/www.pigrecoemme.com\\\/blog\\\/la-foto-della-settimana-la-finestra-di-fronte-di-davide-de-luca\\\/\"]}]},{\"@type\":\"ImageObject\",\"inLanguage\":\"it-IT\",\"@id\":\"https:\\\/\\\/www.pigrecoemme.com\\\/blog\\\/la-foto-della-settimana-la-finestra-di-fronte-di-davide-de-luca\\\/#primaryimage\",\"url\":\"http:\\\/\\\/www.pigrecoemme.com\\\/blog\\\/wp-content\\\/uploads\\\/2008\\\/07\\\/dadeluc1.jpg\",\"contentUrl\":\"http:\\\/\\\/www.pigrecoemme.com\\\/blog\\\/wp-content\\\/uploads\\\/2008\\\/07\\\/dadeluc1.jpg\"},{\"@type\":\"BreadcrumbList\",\"@id\":\"https:\\\/\\\/www.pigrecoemme.com\\\/blog\\\/la-foto-della-settimana-la-finestra-di-fronte-di-davide-de-luca\\\/#breadcrumb\",\"itemListElement\":[{\"@type\":\"ListItem\",\"position\":1,\"name\":\"Home\",\"item\":\"https:\\\/\\\/www.pigrecoemme.com\\\/blog\\\/\"},{\"@type\":\"ListItem\",\"position\":2,\"name\":\"La foto della settimana: La finestra di fronte di Davide De Luca\"}]},{\"@type\":\"WebSite\",\"@id\":\"https:\\\/\\\/www.pigrecoemme.com\\\/blog\\\/#website\",\"url\":\"https:\\\/\\\/www.pigrecoemme.com\\\/blog\\\/\",\"name\":\"Scuola di Cinema Pigrecoemme - Blog\",\"description\":\"Siamo la prima Scuola di Cinema e Fotografia di Napoli\",\"publisher\":{\"@id\":\"https:\\\/\\\/www.pigrecoemme.com\\\/blog\\\/#organization\"},\"potentialAction\":[{\"@type\":\"SearchAction\",\"target\":{\"@type\":\"EntryPoint\",\"urlTemplate\":\"https:\\\/\\\/www.pigrecoemme.com\\\/blog\\\/?s={search_term_string}\"},\"query-input\":{\"@type\":\"PropertyValueSpecification\",\"valueRequired\":true,\"valueName\":\"search_term_string\"}}],\"inLanguage\":\"it-IT\"},{\"@type\":\"Organization\",\"@id\":\"https:\\\/\\\/www.pigrecoemme.com\\\/blog\\\/#organization\",\"name\":\"Scuola di cinema e fotografia Pigrecoemme\",\"url\":\"https:\\\/\\\/www.pigrecoemme.com\\\/blog\\\/\",\"logo\":{\"@type\":\"ImageObject\",\"inLanguage\":\"it-IT\",\"@id\":\"https:\\\/\\\/www.pigrecoemme.com\\\/blog\\\/#\\\/schema\\\/logo\\\/image\\\/\",\"url\":\"https:\\\/\\\/i0.wp.com\\\/www.pigrecoemme.com\\\/blog\\\/wp-content\\\/uploads\\\/2018\\\/06\\\/logo-pigrecoemme-2018.png?fit=500%2C500&ssl=1\",\"contentUrl\":\"https:\\\/\\\/i0.wp.com\\\/www.pigrecoemme.com\\\/blog\\\/wp-content\\\/uploads\\\/2018\\\/06\\\/logo-pigrecoemme-2018.png?fit=500%2C500&ssl=1\",\"width\":500,\"height\":500,\"caption\":\"Scuola di cinema e fotografia Pigrecoemme\"},\"image\":{\"@id\":\"https:\\\/\\\/www.pigrecoemme.com\\\/blog\\\/#\\\/schema\\\/logo\\\/image\\\/\"},\"sameAs\":[\"https:\\\/\\\/www.facebook.com\\\/pigrecoemme\",\"https:\\\/\\\/x.com\\\/Pigrecoemme\",\"https:\\\/\\\/www.instagram.com\\\/pigrecoemme\\\/\",\"https:\\\/\\\/www.linkedin.com\\\/company\\\/pigrecoemme\\\/\",\"https:\\\/\\\/www.youtube.com\\\/pigrecoemme\"]},{\"@type\":\"Person\",\"@id\":\"https:\\\/\\\/www.pigrecoemme.com\\\/blog\\\/#\\\/schema\\\/person\\\/57fa822c3d209d3a2612fd0411ae63f4\",\"name\":\"Giacomo Fabbrocino\",\"image\":{\"@type\":\"ImageObject\",\"inLanguage\":\"it-IT\",\"@id\":\"https:\\\/\\\/secure.gravatar.com\\\/avatar\\\/0e4dfd4d05c06a03fffaffeb36fb181415ba11b91a6b566fa2e8ada75927db32?s=96&r=g\",\"url\":\"https:\\\/\\\/secure.gravatar.com\\\/avatar\\\/0e4dfd4d05c06a03fffaffeb36fb181415ba11b91a6b566fa2e8ada75927db32?s=96&r=g\",\"contentUrl\":\"https:\\\/\\\/secure.gravatar.com\\\/avatar\\\/0e4dfd4d05c06a03fffaffeb36fb181415ba11b91a6b566fa2e8ada75927db32?s=96&r=g\",\"caption\":\"Giacomo Fabbrocino\"},\"description\":\"Montatore cinematografico, autore di documentari sull'arte e di video d'artista, Giacomo \u00e8 responsabile della didattica e della comunicazione web della Scuola di Cinema, Fotografia e Televisione Pigrecoemme di Napoli.\",\"sameAs\":[\"http:\\\/\\\/www.pigrecoemme.com\\\/\",\"https:\\\/\\\/www.facebook.com\\\/giacomo.fabbrocino\"],\"url\":\"https:\\\/\\\/www.pigrecoemme.com\\\/blog\\\/author\\\/giacomo-fabbrocino\\\/\"}]}<\/script>\n<!-- \/ Yoast SEO plugin. -->","yoast_head_json":{"title":"La foto della settimana: La finestra di fronte di Davide De Luca","robots":{"index":"index","follow":"follow","max-snippet":"max-snippet:-1","max-image-preview":"max-image-preview:large","max-video-preview":"max-video-preview:-1"},"canonical":"https:\/\/www.pigrecoemme.com\/blog\/la-foto-della-settimana-la-finestra-di-fronte-di-davide-de-luca\/","og_locale":"it_IT","og_type":"article","og_title":"La foto della settimana: La finestra di fronte di Davide De Luca","og_description":"Dopo una settimana di assenza (io e Rosario eravamo al Roma Fiction Fest) torniamo al blog direttamente con la foto della settimana. La foto si intitola &#8220;La finestra di fronte&#8221; ed \u00e8 opera di Davide De Luca, ex allievo del &hellip; Continue reading &rarr;","og_url":"https:\/\/www.pigrecoemme.com\/blog\/la-foto-della-settimana-la-finestra-di-fronte-di-davide-de-luca\/","og_site_name":"Scuola di Cinema Pigrecoemme - Blog","article_publisher":"https:\/\/www.facebook.com\/pigrecoemme","article_author":"https:\/\/www.facebook.com\/giacomo.fabbrocino","article_published_time":"2008-07-16T11:17:19+00:00","article_modified_time":"2009-02-17T01:10:20+00:00","og_image":[{"url":"http:\/\/www.pigrecoemme.com\/blog\/wp-content\/uploads\/2008\/07\/dadeluc1.jpg","type":"","width":"","height":""}],"author":"Giacomo Fabbrocino","twitter_card":"summary_large_image","twitter_creator":"@Pigrecoemme","twitter_site":"@Pigrecoemme","twitter_misc":{"Scritto da":"Giacomo Fabbrocino"},"schema":{"@context":"https:\/\/schema.org","@graph":[{"@type":["Article","BlogPosting"],"@id":"https:\/\/www.pigrecoemme.com\/blog\/la-foto-della-settimana-la-finestra-di-fronte-di-davide-de-luca\/#article","isPartOf":{"@id":"https:\/\/www.pigrecoemme.com\/blog\/la-foto-della-settimana-la-finestra-di-fronte-di-davide-de-luca\/"},"author":{"name":"Giacomo Fabbrocino","@id":"https:\/\/www.pigrecoemme.com\/blog\/#\/schema\/person\/57fa822c3d209d3a2612fd0411ae63f4"},"headline":"La foto della settimana: La finestra di fronte di Davide De Luca","datePublished":"2008-07-16T11:17:19+00:00","dateModified":"2009-02-17T01:10:20+00:00","mainEntityOfPage":{"@id":"https:\/\/www.pigrecoemme.com\/blog\/la-foto-della-settimana-la-finestra-di-fronte-di-davide-de-luca\/"},"wordCount":56,"commentCount":0,"publisher":{"@id":"https:\/\/www.pigrecoemme.com\/blog\/#organization"},"image":{"@id":"https:\/\/www.pigrecoemme.com\/blog\/la-foto-della-settimana-la-finestra-di-fronte-di-davide-de-luca\/#primaryimage"},"thumbnailUrl":"http:\/\/www.pigrecoemme.com\/blog\/wp-content\/uploads\/2008\/07\/dadeluc1.jpg","keywords":["\"corso di fotografia\"","davide de luca","ex allievi di pigrecoemme","fotografia","la foto della settimana"],"articleSection":["Generale","La foto della settimana"],"inLanguage":"it-IT","potentialAction":[{"@type":"CommentAction","name":"Comment","target":["https:\/\/www.pigrecoemme.com\/blog\/la-foto-della-settimana-la-finestra-di-fronte-di-davide-de-luca\/#respond"]}]},{"@type":"WebPage","@id":"https:\/\/www.pigrecoemme.com\/blog\/la-foto-della-settimana-la-finestra-di-fronte-di-davide-de-luca\/","url":"https:\/\/www.pigrecoemme.com\/blog\/la-foto-della-settimana-la-finestra-di-fronte-di-davide-de-luca\/","name":"La foto della settimana: La finestra di fronte di Davide De Luca","isPartOf":{"@id":"https:\/\/www.pigrecoemme.com\/blog\/#website"},"primaryImageOfPage":{"@id":"https:\/\/www.pigrecoemme.com\/blog\/la-foto-della-settimana-la-finestra-di-fronte-di-davide-de-luca\/#primaryimage"},"image":{"@id":"https:\/\/www.pigrecoemme.com\/blog\/la-foto-della-settimana-la-finestra-di-fronte-di-davide-de-luca\/#primaryimage"},"thumbnailUrl":"http:\/\/www.pigrecoemme.com\/blog\/wp-content\/uploads\/2008\/07\/dadeluc1.jpg","datePublished":"2008-07-16T11:17:19+00:00","dateModified":"2009-02-17T01:10:20+00:00","breadcrumb":{"@id":"https:\/\/www.pigrecoemme.com\/blog\/la-foto-della-settimana-la-finestra-di-fronte-di-davide-de-luca\/#breadcrumb"},"inLanguage":"it-IT","potentialAction":[{"@type":"ReadAction","target":["https:\/\/www.pigrecoemme.com\/blog\/la-foto-della-settimana-la-finestra-di-fronte-di-davide-de-luca\/"]}]},{"@type":"ImageObject","inLanguage":"it-IT","@id":"https:\/\/www.pigrecoemme.com\/blog\/la-foto-della-settimana-la-finestra-di-fronte-di-davide-de-luca\/#primaryimage","url":"http:\/\/www.pigrecoemme.com\/blog\/wp-content\/uploads\/2008\/07\/dadeluc1.jpg","contentUrl":"http:\/\/www.pigrecoemme.com\/blog\/wp-content\/uploads\/2008\/07\/dadeluc1.jpg"},{"@type":"BreadcrumbList","@id":"https:\/\/www.pigrecoemme.com\/blog\/la-foto-della-settimana-la-finestra-di-fronte-di-davide-de-luca\/#breadcrumb","itemListElement":[{"@type":"ListItem","position":1,"name":"Home","item":"https:\/\/www.pigrecoemme.com\/blog\/"},{"@type":"ListItem","position":2,"name":"La foto della settimana: La finestra di fronte di Davide De Luca"}]},{"@type":"WebSite","@id":"https:\/\/www.pigrecoemme.com\/blog\/#website","url":"https:\/\/www.pigrecoemme.com\/blog\/","name":"Scuola di Cinema Pigrecoemme - Blog","description":"Siamo la prima Scuola di Cinema e Fotografia di Napoli","publisher":{"@id":"https:\/\/www.pigrecoemme.com\/blog\/#organization"},"potentialAction":[{"@type":"SearchAction","target":{"@type":"EntryPoint","urlTemplate":"https:\/\/www.pigrecoemme.com\/blog\/?s={search_term_string}"},"query-input":{"@type":"PropertyValueSpecification","valueRequired":true,"valueName":"search_term_string"}}],"inLanguage":"it-IT"},{"@type":"Organization","@id":"https:\/\/www.pigrecoemme.com\/blog\/#organization","name":"Scuola di cinema e fotografia Pigrecoemme","url":"https:\/\/www.pigrecoemme.com\/blog\/","logo":{"@type":"ImageObject","inLanguage":"it-IT","@id":"https:\/\/www.pigrecoemme.com\/blog\/#\/schema\/logo\/image\/","url":"https:\/\/i0.wp.com\/www.pigrecoemme.com\/blog\/wp-content\/uploads\/2018\/06\/logo-pigrecoemme-2018.png?fit=500%2C500&ssl=1","contentUrl":"https:\/\/i0.wp.com\/www.pigrecoemme.com\/blog\/wp-content\/uploads\/2018\/06\/logo-pigrecoemme-2018.png?fit=500%2C500&ssl=1","width":500,"height":500,"caption":"Scuola di cinema e fotografia Pigrecoemme"},"image":{"@id":"https:\/\/www.pigrecoemme.com\/blog\/#\/schema\/logo\/image\/"},"sameAs":["https:\/\/www.facebook.com\/pigrecoemme","https:\/\/x.com\/Pigrecoemme","https:\/\/www.instagram.com\/pigrecoemme\/","https:\/\/www.linkedin.com\/company\/pigrecoemme\/","https:\/\/www.youtube.com\/pigrecoemme"]},{"@type":"Person","@id":"https:\/\/www.pigrecoemme.com\/blog\/#\/schema\/person\/57fa822c3d209d3a2612fd0411ae63f4","name":"Giacomo Fabbrocino","image":{"@type":"ImageObject","inLanguage":"it-IT","@id":"https:\/\/secure.gravatar.com\/avatar\/0e4dfd4d05c06a03fffaffeb36fb181415ba11b91a6b566fa2e8ada75927db32?s=96&r=g","url":"https:\/\/secure.gravatar.com\/avatar\/0e4dfd4d05c06a03fffaffeb36fb181415ba11b91a6b566fa2e8ada75927db32?s=96&r=g","contentUrl":"https:\/\/secure.gravatar.com\/avatar\/0e4dfd4d05c06a03fffaffeb36fb181415ba11b91a6b566fa2e8ada75927db32?s=96&r=g","caption":"Giacomo Fabbrocino"},"description":"Montatore cinematografico, autore di documentari sull'arte e di video d'artista, Giacomo \u00e8 responsabile della didattica e della comunicazione web della Scuola di Cinema, Fotografia e Televisione Pigrecoemme di Napoli.","sameAs":["http:\/\/www.pigrecoemme.com\/","https:\/\/www.facebook.com\/giacomo.fabbrocino"],"url":"https:\/\/www.pigrecoemme.com\/blog\/author\/giacomo-fabbrocino\/"}]}},"jetpack_sharing_enabled":true,"jetpack_likes_enabled":true,"jetpack-related-posts":[{"id":174,"url":"https:\/\/www.pigrecoemme.com\/blog\/aperta-una-seconda-classe-del-corso-di-fotografia\/","url_meta":{"origin":70,"position":0},"title":"Aperta una seconda classe del corso di fotografia","author":"Giacomo Fabbrocino","date":"25 Settembre 2009","format":false,"excerpt":"Da alcuni anni ormai non riusciamo a soddisfare la richiesta di tutti coloro che vorrebbero partecipare al nostro corso di fotografia: creare classi che accolgano pi\u00f9 di venti persone significherebbe rendere i corsi poco agili e non poter garantire a tutti gli iscritti la giusta attenzione da parte del docente\u2026","rel":"","context":"In &quot;Generale&quot;","block_context":{"text":"Generale","link":"https:\/\/www.pigrecoemme.com\/blog\/generale\/"},"img":{"alt_text":"","src":"","width":0,"height":0},"classes":[]},{"id":186,"url":"https:\/\/www.pigrecoemme.com\/blog\/pigrecoemme-cerca-giovani-fotografi\/","url_meta":{"origin":70,"position":1},"title":"Pigrecoemme cerca giovani fotografi","author":"Giacomo Fabbrocino","date":"8 Novembre 2009","format":false,"excerpt":"La Scuola di cinema Pigrecoemme cerca giovani fotografi per promuoverne il lavoro con una serie di mostre ed un catalogo di prossima pubblicazione. Per questa ragione Pigrecoemme organizza due incontri \u2013 marted\u00ec 10 novembre e marted\u00ec I dicembre 2009 \u2013 aperti a quanti, fotografi professionisti, fotoamatori o semplici curiosi, vogliano\u2026","rel":"","context":"In &quot;Eventi&quot;","block_context":{"text":"Eventi","link":"https:\/\/www.pigrecoemme.com\/blog\/eventi\/"},"img":{"alt_text":"In giro per la citt\u00e0..pedalando pedalando..","src":"https:\/\/i0.wp.com\/farm3.static.flickr.com\/2559\/3713421668_cc43ed957e_m.jpg?resize=350%2C200","width":350,"height":200},"classes":[]},{"id":615,"url":"https:\/\/www.pigrecoemme.com\/blog\/vinci-una-settimana-al-festival-di-arles-con-il-concorso-fotografico-insegne-in-francese-a-napoli\/","url_meta":{"origin":70,"position":2},"title":"Vinci una settimana al Festival di Arles con il concorso fotografico &#8220;Insegne in Francese a Napoli&#8221;","author":"Corrado Morra","date":"18 Marzo 2013","format":false,"excerpt":"Continua la collaborazione tra l\u2019Institut fran\u00e7ais di Napoli e Pigrecoemme e, dopo l'ormai consolidata rassegna sul cinema fantastico, \u00e8 la volta ora della Fotografia, con un curioso concorso sulla presenza delle insegne commerciali in francese a Napoli. Il primo classificato vincer\u00e0 una settimana al Festival di Arles in Francia, l\u2019evento\u2026","rel":"","context":"In &quot;Fotografia&quot;","block_context":{"text":"Fotografia","link":"https:\/\/www.pigrecoemme.com\/blog\/fotografia\/"},"img":{"alt_text":"","src":"https:\/\/i0.wp.com\/www.pigrecoemme.com\/blog\/wp-content\/uploads\/2013\/03\/concorso-fotografico-insegne-francesi.png?resize=350%2C200","width":350,"height":200},"classes":[]},{"id":644,"url":"https:\/\/www.pigrecoemme.com\/blog\/finalisti-concorso-insegne-francesi\/","url_meta":{"origin":70,"position":3},"title":"Concorso Les enseignes en fran\u00e7ais \u00e0 Naples: ecco i finalisti","author":"Corrado Morra","date":"23 Aprile 2013","format":false,"excerpt":"Presieduta dal Maestro Mimmo Jodice e da Pascale Giffard, direttrice della produzione delle mostre delle \u201cRencontres d\u2019Arles\u201d, la giuria del concorso fotografico \"Les enseignes fran\u00e7aise \u00e0 Naples\", organizzato dall'Institut fran\u00e7ais con Pigrecoemme, si \u00e8 riunita ieri per decidere le trenta foto finali,\u00a0 che faranno parte della mostra che sar\u00e0 inaugurata\u2026","rel":"","context":"In &quot;Eventi&quot;","block_context":{"text":"Eventi","link":"https:\/\/www.pigrecoemme.com\/blog\/eventi\/"},"img":{"alt_text":"","src":"https:\/\/i0.wp.com\/www.pigrecoemme.com\/blog\/wp-content\/uploads\/2013\/04\/finalisti-insegne.jpg?resize=350%2C200","width":350,"height":200},"classes":[]},{"id":1398,"url":"https:\/\/www.pigrecoemme.com\/blog\/oggetto-che-amo\/","url_meta":{"origin":70,"position":4},"title":"L&#8217;oggetto che amo. Una mostra fotografica","author":"Corrado Morra","date":"14 Luglio 2015","format":false,"excerpt":"Oggetti. Siamo letteralmente circondati da oggetti: oggetti utili, oggetti inutili, cui a volte siamo indifferenti, e che altre volte amiamo fino a non riuscire a farne pi\u00f9 a meno. Oggetti, che usiamo con disinvoltura e distacco, o che, letteralmente, ci condizionano la vita... Provare a raccontare, questi oggetti, con la\u2026","rel":"","context":"In &quot;Eventi&quot;","block_context":{"text":"Eventi","link":"https:\/\/www.pigrecoemme.com\/blog\/eventi\/"},"img":{"alt_text":"oggetto-che-amo","src":"https:\/\/i0.wp.com\/www.pigrecoemme.com\/blog\/wp-content\/uploads\/2015\/07\/oggetto-che-amo.jpg?resize=350%2C200","width":350,"height":200},"classes":[]},{"id":200,"url":"https:\/\/www.pigrecoemme.com\/blog\/il-programma-del-corso-di-fotogiornalismo\/","url_meta":{"origin":70,"position":5},"title":"Il programma del corso di fotogiornalismo","author":"Giacomo Fabbrocino","date":"26 Gennaio 2010","format":false,"excerpt":"Il Corso di Fotogiornalismo di Pigrecoemme, coordinato da Luca Sorbo, \u00e8 diretto a chi, avendo gi\u00e0 acquisite le competenze di base della fotografia, voglia intraprendere la carriera di fotogiornalista. Il corso \u00e8 anche consigliato al fotoamatore evoluto che voglia approfondire le dinamiche del racconto fotografico e abbia intenzione di collaborare\u2026","rel":"","context":"In &quot;Generale&quot;","block_context":{"text":"Generale","link":"https:\/\/www.pigrecoemme.com\/blog\/generale\/"},"img":{"alt_text":"","src":"https:\/\/i0.wp.com\/www.pigrecoemme.com\/corso-fotografia\/corso-fotogiornalismo.jpg?resize=350%2C200","width":350,"height":200},"classes":[]}],"jetpack_featured_media_url":"","_links":{"self":[{"href":"https:\/\/www.pigrecoemme.com\/blog\/wp-json\/wp\/v2\/posts\/70","targetHints":{"allow":["GET"]}}],"collection":[{"href":"https:\/\/www.pigrecoemme.com\/blog\/wp-json\/wp\/v2\/posts"}],"about":[{"href":"https:\/\/www.pigrecoemme.com\/blog\/wp-json\/wp\/v2\/types\/post"}],"author":[{"embeddable":true,"href":"https:\/\/www.pigrecoemme.com\/blog\/wp-json\/wp\/v2\/users\/1"}],"replies":[{"embeddable":true,"href":"https:\/\/www.pigrecoemme.com\/blog\/wp-json\/wp\/v2\/comments?post=70"}],"version-history":[{"count":0,"href":"https:\/\/www.pigrecoemme.com\/blog\/wp-json\/wp\/v2\/posts\/70\/revisions"}],"wp:attachment":[{"href":"https:\/\/www.pigrecoemme.com\/blog\/wp-json\/wp\/v2\/media?parent=70"}],"wp:term":[{"taxonomy":"category","embeddable":true,"href":"https:\/\/www.pigrecoemme.com\/blog\/wp-json\/wp\/v2\/categories?post=70"},{"taxonomy":"post_tag","embeddable":true,"href":"https:\/\/www.pigrecoemme.com\/blog\/wp-json\/wp\/v2\/tags?post=70"}],"curies":[{"name":"wp","href":"https:\/\/api.w.org\/{rel}","templated":true}]}}