{"id":7,"date":"2007-10-03T18:15:04","date_gmt":"2007-10-03T16:15:04","guid":{"rendered":"http:\/\/www.pigrecoemme.com\/blog\/successo-per-lincontro-con-angelo-curti-al-pan\/"},"modified":"2007-10-11T02:28:48","modified_gmt":"2007-10-11T00:28:48","slug":"successo-per-lincontro-con-angelo-curti-al-pan","status":"publish","type":"post","link":"https:\/\/www.pigrecoemme.com\/blog\/successo-per-lincontro-con-angelo-curti-al-pan\/","title":{"rendered":"Successo per l&#8217;incontro con Angelo Curti al Pan"},"content":{"rendered":"<p><a href=\"http:\/\/www.flickr.com\/photo_zoom.gne?id=1475319755&amp;size=o\" title=\"Ingrandisci la foto\"><img data-recalc-dims=\"1\" decoding=\"async\" src=\"https:\/\/i0.wp.com\/farm2.static.flickr.com\/1127\/1475319755_e40623a67d_m.jpg?w=240\" alt=\"Angelo Curti e Francesco Napolitano\" style=\"float: left\"  \/><\/a>Si \u00e8 tenuto ieri, Marted\u00ec 2 ottobre 2007 alle ore 18,00 il terzo incontro del secondo ciclo di <a href=\"http:\/\/www.pigrecoemme.com\/forum\/index.php?showtopic=10265\">I film della mia vita<\/a>, un&#8217;iniziativa della Mediateca Santa Sofia del <a href=\"http:\/\/www.comune.napoli.it\/flex\/cm\/pages\/ServeBLOB.php\/L\/IT\/IDPagina\/1\">Comune di Napoli<\/a> realizzata in collaborazione con la <a href=\"http:\/\/www.pigrecoemme.com\/\">Scuola di Cinema e Televisione Pigrecoemme<\/a>. Il produttore di Teatri Uniti, Angelo Curti, uno degli uomini chiave di quel che si suol definire &#8220;Il nuovo cinema napoletano&#8221; ha mostrato e dimostrato  quali sono i film che lo hanno folgorato sulla strada di Damasco. Si \u00e8 andati, nella pi\u00f9 totale libert\u00e0 (come \u00e8 giusto che sia quando sono le passioni ad essere protagoniste), dal Bergman di <em>Luci d&#8217;inverno<\/em> al Wilder di <em>Viale del tramonto<\/em> fino a <em>Cos\u00ec parl\u00f2 Bellavista<\/em> passando per <em>Il mistero Picasso<\/em> di Henri-Georges Clouzot.<\/p>\n<p>Anche questo appuntamento, come i precedenti due con il critico Alberto Castellano e l&#8217;attore Renato Carpentieri, \u00e8 stato un successo. Circa centoventi persone hanno affollato  una sala della capienza di circa cinquanta e molte si sono mostrate disposte a rimanere in piedi pur di assistere all&#8217;incontro. C&#8217;\u00e8 quindi fame di cultura a Napoli ed in particolare fame di cultura cinematografica. Un&#8217;affluenza tanto pi\u00f9 incredibile in un momento in cui da pi\u00f9 parti il Pan viene attaccato (vedi l&#8217;articolo di Vincenzo Trione su il Mattino del 25\/9 scorso) perch\u00e9 in grado di attrarre una media di appena  trenta visitatori al giorno. Forse non \u00e8 un problema di struttura o di gestione della struttura quanto, come sostenuto dallo stesso Trione, di politica culturale. Sarebbe il caso, allora, di pensare a darLe (alla cultura cinematografica) una sede adatta: una casa, un appartamento, un albergo, un palazzo (magari proprio il Roccella)?<\/p>\n<p>Ah, dite la vostra, e non dimenticate l&#8217;appuntamento con <strong>Ugo Gregoretti<\/strong>, marted\u00ec 9 ottobre 2007, sempre alle 18.00, sempre al Pan<br \/>\n\ud83d\ude42<\/p>\n","protected":false},"excerpt":{"rendered":"<p>Si \u00e8 tenuto ieri, Marted\u00ec 2 ottobre 2007 alle ore 18,00 il terzo incontro del secondo ciclo di I film della mia vita, un&#8217;iniziativa della Mediateca Santa Sofia del Comune di Napoli realizzata in&hellip;<\/p>\n","protected":false},"author":3,"featured_media":0,"comment_status":"open","ping_status":"open","sticky":false,"template":"","format":"standard","meta":{"_jetpack_newsletter_access":"","_jetpack_dont_email_post_to_subs":false,"_jetpack_newsletter_tier_id":0,"_jetpack_memberships_contains_paywalled_content":false,"_jetpack_feature_clip_id":0,"_jetpack_memberships_contains_paid_content":false,"footnotes":"","jetpack_post_was_ever_published":false},"categories":[11],"tags":[13,14,18,16,17,15,1280,19],"class_list":["post-7","post","type-post","status-publish","format-standard","hentry","category-eventi","tag-angelo-curti","tag-i-film-della-mia-vita","tag-mediateca-comunale","tag-palazzo-delle-arti-di-napoli","tag-palazzo-roccella","tag-pan","tag-scuola-di-cinema","tag-vincenzo-trione"],"yoast_head":"<!-- This site is optimized with the Yoast SEO plugin v28.4 - https:\/\/yoast.com\/product\/yoast-seo-wordpress\/ -->\n<title>Successo per l&#039;incontro con Angelo Curti al Pan<\/title>\n<meta name=\"robots\" content=\"index, follow, max-snippet:-1, max-image-preview:large, max-video-preview:-1\" \/>\n<link rel=\"canonical\" href=\"https:\/\/www.pigrecoemme.com\/blog\/successo-per-lincontro-con-angelo-curti-al-pan\/\" \/>\n<meta property=\"og:locale\" content=\"it_IT\" \/>\n<meta property=\"og:type\" content=\"article\" \/>\n<meta property=\"og:title\" content=\"Successo per l&#039;incontro con Angelo Curti al Pan\" \/>\n<meta property=\"og:description\" content=\"Si \u00e8 tenuto ieri, Marted\u00ec 2 ottobre 2007 alle ore 18,00 il terzo incontro del secondo ciclo di I film della mia vita, un&#8217;iniziativa della Mediateca Santa Sofia del Comune di Napoli realizzata in collaborazione con la Scuola di Cinema &hellip; Continue reading &rarr;\" \/>\n<meta property=\"og:url\" content=\"https:\/\/www.pigrecoemme.com\/blog\/successo-per-lincontro-con-angelo-curti-al-pan\/\" \/>\n<meta property=\"og:site_name\" content=\"Scuola di Cinema Pigrecoemme - Blog\" \/>\n<meta property=\"article:publisher\" content=\"https:\/\/www.facebook.com\/pigrecoemme\" \/>\n<meta property=\"article:author\" content=\"https:\/\/www.facebook.com\/rosario.gallone\" \/>\n<meta property=\"article:published_time\" content=\"2007-10-03T16:15:04+00:00\" \/>\n<meta property=\"article:modified_time\" content=\"2007-10-11T00:28:48+00:00\" \/>\n<meta property=\"og:image\" content=\"http:\/\/farm2.static.flickr.com\/1127\/1475319755_e40623a67d_m.jpg\" \/>\n<meta name=\"author\" content=\"Rosario Gallone\" \/>\n<meta name=\"twitter:card\" content=\"summary_large_image\" \/>\n<meta name=\"twitter:creator\" content=\"@RosarioGallone\" \/>\n<meta name=\"twitter:site\" content=\"@Pigrecoemme\" \/>\n<meta name=\"twitter:label1\" content=\"Scritto da\" \/>\n\t<meta name=\"twitter:data1\" content=\"Rosario Gallone\" \/>\n\t<meta name=\"twitter:label2\" content=\"Tempo di lettura stimato\" \/>\n\t<meta name=\"twitter:data2\" content=\"1 minuto\" \/>\n<script type=\"application\/ld+json\" class=\"yoast-schema-graph\">{\"@context\":\"https:\\\/\\\/schema.org\",\"@graph\":[{\"@type\":[\"Article\",\"BlogPosting\"],\"@id\":\"https:\\\/\\\/www.pigrecoemme.com\\\/blog\\\/successo-per-lincontro-con-angelo-curti-al-pan\\\/#article\",\"isPartOf\":{\"@id\":\"https:\\\/\\\/www.pigrecoemme.com\\\/blog\\\/successo-per-lincontro-con-angelo-curti-al-pan\\\/\"},\"author\":{\"name\":\"Rosario Gallone\",\"@id\":\"https:\\\/\\\/www.pigrecoemme.com\\\/blog\\\/#\\\/schema\\\/person\\\/3fdd423e7c221a503812a1e86daec850\"},\"headline\":\"Successo per l&#8217;incontro con Angelo Curti al Pan\",\"datePublished\":\"2007-10-03T16:15:04+00:00\",\"dateModified\":\"2007-10-11T00:28:48+00:00\",\"mainEntityOfPage\":{\"@id\":\"https:\\\/\\\/www.pigrecoemme.com\\\/blog\\\/successo-per-lincontro-con-angelo-curti-al-pan\\\/\"},\"wordCount\":295,\"commentCount\":9,\"publisher\":{\"@id\":\"https:\\\/\\\/www.pigrecoemme.com\\\/blog\\\/#organization\"},\"image\":{\"@id\":\"https:\\\/\\\/www.pigrecoemme.com\\\/blog\\\/successo-per-lincontro-con-angelo-curti-al-pan\\\/#primaryimage\"},\"thumbnailUrl\":\"http:\\\/\\\/farm2.static.flickr.com\\\/1127\\\/1475319755_e40623a67d_m.jpg\",\"keywords\":[\"angelo curti\",\"i film della mia vita\",\"mediateca comunale\",\"palazzo delle arti di napoli\",\"palazzo roccella\",\"pan\",\"Scuola di cinema\",\"vincenzo trione\"],\"articleSection\":[\"Eventi\"],\"inLanguage\":\"it-IT\",\"potentialAction\":[{\"@type\":\"CommentAction\",\"name\":\"Comment\",\"target\":[\"https:\\\/\\\/www.pigrecoemme.com\\\/blog\\\/successo-per-lincontro-con-angelo-curti-al-pan\\\/#respond\"]}]},{\"@type\":\"WebPage\",\"@id\":\"https:\\\/\\\/www.pigrecoemme.com\\\/blog\\\/successo-per-lincontro-con-angelo-curti-al-pan\\\/\",\"url\":\"https:\\\/\\\/www.pigrecoemme.com\\\/blog\\\/successo-per-lincontro-con-angelo-curti-al-pan\\\/\",\"name\":\"Successo per l'incontro con Angelo Curti al Pan\",\"isPartOf\":{\"@id\":\"https:\\\/\\\/www.pigrecoemme.com\\\/blog\\\/#website\"},\"primaryImageOfPage\":{\"@id\":\"https:\\\/\\\/www.pigrecoemme.com\\\/blog\\\/successo-per-lincontro-con-angelo-curti-al-pan\\\/#primaryimage\"},\"image\":{\"@id\":\"https:\\\/\\\/www.pigrecoemme.com\\\/blog\\\/successo-per-lincontro-con-angelo-curti-al-pan\\\/#primaryimage\"},\"thumbnailUrl\":\"http:\\\/\\\/farm2.static.flickr.com\\\/1127\\\/1475319755_e40623a67d_m.jpg\",\"datePublished\":\"2007-10-03T16:15:04+00:00\",\"dateModified\":\"2007-10-11T00:28:48+00:00\",\"breadcrumb\":{\"@id\":\"https:\\\/\\\/www.pigrecoemme.com\\\/blog\\\/successo-per-lincontro-con-angelo-curti-al-pan\\\/#breadcrumb\"},\"inLanguage\":\"it-IT\",\"potentialAction\":[{\"@type\":\"ReadAction\",\"target\":[\"https:\\\/\\\/www.pigrecoemme.com\\\/blog\\\/successo-per-lincontro-con-angelo-curti-al-pan\\\/\"]}]},{\"@type\":\"ImageObject\",\"inLanguage\":\"it-IT\",\"@id\":\"https:\\\/\\\/www.pigrecoemme.com\\\/blog\\\/successo-per-lincontro-con-angelo-curti-al-pan\\\/#primaryimage\",\"url\":\"http:\\\/\\\/farm2.static.flickr.com\\\/1127\\\/1475319755_e40623a67d_m.jpg\",\"contentUrl\":\"http:\\\/\\\/farm2.static.flickr.com\\\/1127\\\/1475319755_e40623a67d_m.jpg\"},{\"@type\":\"BreadcrumbList\",\"@id\":\"https:\\\/\\\/www.pigrecoemme.com\\\/blog\\\/successo-per-lincontro-con-angelo-curti-al-pan\\\/#breadcrumb\",\"itemListElement\":[{\"@type\":\"ListItem\",\"position\":1,\"name\":\"Home\",\"item\":\"https:\\\/\\\/www.pigrecoemme.com\\\/blog\\\/\"},{\"@type\":\"ListItem\",\"position\":2,\"name\":\"Successo per l&#8217;incontro con Angelo Curti al Pan\"}]},{\"@type\":\"WebSite\",\"@id\":\"https:\\\/\\\/www.pigrecoemme.com\\\/blog\\\/#website\",\"url\":\"https:\\\/\\\/www.pigrecoemme.com\\\/blog\\\/\",\"name\":\"Scuola di Cinema Pigrecoemme - Blog\",\"description\":\"Siamo la prima Scuola di Cinema e Fotografia di Napoli\",\"publisher\":{\"@id\":\"https:\\\/\\\/www.pigrecoemme.com\\\/blog\\\/#organization\"},\"potentialAction\":[{\"@type\":\"SearchAction\",\"target\":{\"@type\":\"EntryPoint\",\"urlTemplate\":\"https:\\\/\\\/www.pigrecoemme.com\\\/blog\\\/?s={search_term_string}\"},\"query-input\":{\"@type\":\"PropertyValueSpecification\",\"valueRequired\":true,\"valueName\":\"search_term_string\"}}],\"inLanguage\":\"it-IT\"},{\"@type\":\"Organization\",\"@id\":\"https:\\\/\\\/www.pigrecoemme.com\\\/blog\\\/#organization\",\"name\":\"Scuola di cinema e fotografia Pigrecoemme\",\"url\":\"https:\\\/\\\/www.pigrecoemme.com\\\/blog\\\/\",\"logo\":{\"@type\":\"ImageObject\",\"inLanguage\":\"it-IT\",\"@id\":\"https:\\\/\\\/www.pigrecoemme.com\\\/blog\\\/#\\\/schema\\\/logo\\\/image\\\/\",\"url\":\"https:\\\/\\\/i0.wp.com\\\/www.pigrecoemme.com\\\/blog\\\/wp-content\\\/uploads\\\/2018\\\/06\\\/logo-pigrecoemme-2018.png?fit=500%2C500&ssl=1\",\"contentUrl\":\"https:\\\/\\\/i0.wp.com\\\/www.pigrecoemme.com\\\/blog\\\/wp-content\\\/uploads\\\/2018\\\/06\\\/logo-pigrecoemme-2018.png?fit=500%2C500&ssl=1\",\"width\":500,\"height\":500,\"caption\":\"Scuola di cinema e fotografia Pigrecoemme\"},\"image\":{\"@id\":\"https:\\\/\\\/www.pigrecoemme.com\\\/blog\\\/#\\\/schema\\\/logo\\\/image\\\/\"},\"sameAs\":[\"https:\\\/\\\/www.facebook.com\\\/pigrecoemme\",\"https:\\\/\\\/x.com\\\/Pigrecoemme\",\"https:\\\/\\\/www.instagram.com\\\/pigrecoemme\\\/\",\"https:\\\/\\\/www.linkedin.com\\\/company\\\/pigrecoemme\\\/\",\"https:\\\/\\\/www.youtube.com\\\/pigrecoemme\"]},{\"@type\":\"Person\",\"@id\":\"https:\\\/\\\/www.pigrecoemme.com\\\/blog\\\/#\\\/schema\\\/person\\\/3fdd423e7c221a503812a1e86daec850\",\"name\":\"Rosario Gallone\",\"image\":{\"@type\":\"ImageObject\",\"inLanguage\":\"it-IT\",\"@id\":\"https:\\\/\\\/secure.gravatar.com\\\/avatar\\\/7172808a86a713dea422a3159a5fe73d8a0718671410a281103d82dea575d3e9?s=96&r=g\",\"url\":\"https:\\\/\\\/secure.gravatar.com\\\/avatar\\\/7172808a86a713dea422a3159a5fe73d8a0718671410a281103d82dea575d3e9?s=96&r=g\",\"contentUrl\":\"https:\\\/\\\/secure.gravatar.com\\\/avatar\\\/7172808a86a713dea422a3159a5fe73d8a0718671410a281103d82dea575d3e9?s=96&r=g\",\"caption\":\"Rosario Gallone\"},\"description\":\"Rosario \u00e8 tra i fondatori della Pigrecoemme, dove si occupa soprattutto del corso di regia e dell'organizzazione dei corsi. E' autore della sceneggiatura di Isa 9000 (mediometraggio con Isa Danieli diretto da Angelo Serio), del montaggio di documentari e della regia di alcuni cortometraggi.\",\"sameAs\":[\"http:\\\/\\\/www.pigrecoemme.com\\\/\",\"https:\\\/\\\/www.facebook.com\\\/rosario.gallone\",\"https:\\\/\\\/x.com\\\/RosarioGallone\"],\"url\":\"https:\\\/\\\/www.pigrecoemme.com\\\/blog\\\/author\\\/rosario-gallone\\\/\"}]}<\/script>\n<!-- \/ Yoast SEO plugin. -->","yoast_head_json":{"title":"Successo per l'incontro con Angelo Curti al Pan","robots":{"index":"index","follow":"follow","max-snippet":"max-snippet:-1","max-image-preview":"max-image-preview:large","max-video-preview":"max-video-preview:-1"},"canonical":"https:\/\/www.pigrecoemme.com\/blog\/successo-per-lincontro-con-angelo-curti-al-pan\/","og_locale":"it_IT","og_type":"article","og_title":"Successo per l'incontro con Angelo Curti al Pan","og_description":"Si \u00e8 tenuto ieri, Marted\u00ec 2 ottobre 2007 alle ore 18,00 il terzo incontro del secondo ciclo di I film della mia vita, un&#8217;iniziativa della Mediateca Santa Sofia del Comune di Napoli realizzata in collaborazione con la Scuola di Cinema &hellip; Continue reading &rarr;","og_url":"https:\/\/www.pigrecoemme.com\/blog\/successo-per-lincontro-con-angelo-curti-al-pan\/","og_site_name":"Scuola di Cinema Pigrecoemme - Blog","article_publisher":"https:\/\/www.facebook.com\/pigrecoemme","article_author":"https:\/\/www.facebook.com\/rosario.gallone","article_published_time":"2007-10-03T16:15:04+00:00","article_modified_time":"2007-10-11T00:28:48+00:00","og_image":[{"url":"http:\/\/farm2.static.flickr.com\/1127\/1475319755_e40623a67d_m.jpg","type":"","width":"","height":""}],"author":"Rosario Gallone","twitter_card":"summary_large_image","twitter_creator":"@RosarioGallone","twitter_site":"@Pigrecoemme","twitter_misc":{"Scritto da":"Rosario Gallone","Tempo di lettura stimato":"1 minuto"},"schema":{"@context":"https:\/\/schema.org","@graph":[{"@type":["Article","BlogPosting"],"@id":"https:\/\/www.pigrecoemme.com\/blog\/successo-per-lincontro-con-angelo-curti-al-pan\/#article","isPartOf":{"@id":"https:\/\/www.pigrecoemme.com\/blog\/successo-per-lincontro-con-angelo-curti-al-pan\/"},"author":{"name":"Rosario Gallone","@id":"https:\/\/www.pigrecoemme.com\/blog\/#\/schema\/person\/3fdd423e7c221a503812a1e86daec850"},"headline":"Successo per l&#8217;incontro con Angelo Curti al Pan","datePublished":"2007-10-03T16:15:04+00:00","dateModified":"2007-10-11T00:28:48+00:00","mainEntityOfPage":{"@id":"https:\/\/www.pigrecoemme.com\/blog\/successo-per-lincontro-con-angelo-curti-al-pan\/"},"wordCount":295,"commentCount":9,"publisher":{"@id":"https:\/\/www.pigrecoemme.com\/blog\/#organization"},"image":{"@id":"https:\/\/www.pigrecoemme.com\/blog\/successo-per-lincontro-con-angelo-curti-al-pan\/#primaryimage"},"thumbnailUrl":"http:\/\/farm2.static.flickr.com\/1127\/1475319755_e40623a67d_m.jpg","keywords":["angelo curti","i film della mia vita","mediateca comunale","palazzo delle arti di napoli","palazzo roccella","pan","Scuola di cinema","vincenzo trione"],"articleSection":["Eventi"],"inLanguage":"it-IT","potentialAction":[{"@type":"CommentAction","name":"Comment","target":["https:\/\/www.pigrecoemme.com\/blog\/successo-per-lincontro-con-angelo-curti-al-pan\/#respond"]}]},{"@type":"WebPage","@id":"https:\/\/www.pigrecoemme.com\/blog\/successo-per-lincontro-con-angelo-curti-al-pan\/","url":"https:\/\/www.pigrecoemme.com\/blog\/successo-per-lincontro-con-angelo-curti-al-pan\/","name":"Successo per l'incontro con Angelo Curti al Pan","isPartOf":{"@id":"https:\/\/www.pigrecoemme.com\/blog\/#website"},"primaryImageOfPage":{"@id":"https:\/\/www.pigrecoemme.com\/blog\/successo-per-lincontro-con-angelo-curti-al-pan\/#primaryimage"},"image":{"@id":"https:\/\/www.pigrecoemme.com\/blog\/successo-per-lincontro-con-angelo-curti-al-pan\/#primaryimage"},"thumbnailUrl":"http:\/\/farm2.static.flickr.com\/1127\/1475319755_e40623a67d_m.jpg","datePublished":"2007-10-03T16:15:04+00:00","dateModified":"2007-10-11T00:28:48+00:00","breadcrumb":{"@id":"https:\/\/www.pigrecoemme.com\/blog\/successo-per-lincontro-con-angelo-curti-al-pan\/#breadcrumb"},"inLanguage":"it-IT","potentialAction":[{"@type":"ReadAction","target":["https:\/\/www.pigrecoemme.com\/blog\/successo-per-lincontro-con-angelo-curti-al-pan\/"]}]},{"@type":"ImageObject","inLanguage":"it-IT","@id":"https:\/\/www.pigrecoemme.com\/blog\/successo-per-lincontro-con-angelo-curti-al-pan\/#primaryimage","url":"http:\/\/farm2.static.flickr.com\/1127\/1475319755_e40623a67d_m.jpg","contentUrl":"http:\/\/farm2.static.flickr.com\/1127\/1475319755_e40623a67d_m.jpg"},{"@type":"BreadcrumbList","@id":"https:\/\/www.pigrecoemme.com\/blog\/successo-per-lincontro-con-angelo-curti-al-pan\/#breadcrumb","itemListElement":[{"@type":"ListItem","position":1,"name":"Home","item":"https:\/\/www.pigrecoemme.com\/blog\/"},{"@type":"ListItem","position":2,"name":"Successo per l&#8217;incontro con Angelo Curti al Pan"}]},{"@type":"WebSite","@id":"https:\/\/www.pigrecoemme.com\/blog\/#website","url":"https:\/\/www.pigrecoemme.com\/blog\/","name":"Scuola di Cinema Pigrecoemme - Blog","description":"Siamo la prima Scuola di Cinema e Fotografia di Napoli","publisher":{"@id":"https:\/\/www.pigrecoemme.com\/blog\/#organization"},"potentialAction":[{"@type":"SearchAction","target":{"@type":"EntryPoint","urlTemplate":"https:\/\/www.pigrecoemme.com\/blog\/?s={search_term_string}"},"query-input":{"@type":"PropertyValueSpecification","valueRequired":true,"valueName":"search_term_string"}}],"inLanguage":"it-IT"},{"@type":"Organization","@id":"https:\/\/www.pigrecoemme.com\/blog\/#organization","name":"Scuola di cinema e fotografia Pigrecoemme","url":"https:\/\/www.pigrecoemme.com\/blog\/","logo":{"@type":"ImageObject","inLanguage":"it-IT","@id":"https:\/\/www.pigrecoemme.com\/blog\/#\/schema\/logo\/image\/","url":"https:\/\/i0.wp.com\/www.pigrecoemme.com\/blog\/wp-content\/uploads\/2018\/06\/logo-pigrecoemme-2018.png?fit=500%2C500&ssl=1","contentUrl":"https:\/\/i0.wp.com\/www.pigrecoemme.com\/blog\/wp-content\/uploads\/2018\/06\/logo-pigrecoemme-2018.png?fit=500%2C500&ssl=1","width":500,"height":500,"caption":"Scuola di cinema e fotografia Pigrecoemme"},"image":{"@id":"https:\/\/www.pigrecoemme.com\/blog\/#\/schema\/logo\/image\/"},"sameAs":["https:\/\/www.facebook.com\/pigrecoemme","https:\/\/x.com\/Pigrecoemme","https:\/\/www.instagram.com\/pigrecoemme\/","https:\/\/www.linkedin.com\/company\/pigrecoemme\/","https:\/\/www.youtube.com\/pigrecoemme"]},{"@type":"Person","@id":"https:\/\/www.pigrecoemme.com\/blog\/#\/schema\/person\/3fdd423e7c221a503812a1e86daec850","name":"Rosario Gallone","image":{"@type":"ImageObject","inLanguage":"it-IT","@id":"https:\/\/secure.gravatar.com\/avatar\/7172808a86a713dea422a3159a5fe73d8a0718671410a281103d82dea575d3e9?s=96&r=g","url":"https:\/\/secure.gravatar.com\/avatar\/7172808a86a713dea422a3159a5fe73d8a0718671410a281103d82dea575d3e9?s=96&r=g","contentUrl":"https:\/\/secure.gravatar.com\/avatar\/7172808a86a713dea422a3159a5fe73d8a0718671410a281103d82dea575d3e9?s=96&r=g","caption":"Rosario Gallone"},"description":"Rosario \u00e8 tra i fondatori della Pigrecoemme, dove si occupa soprattutto del corso di regia e dell'organizzazione dei corsi. E' autore della sceneggiatura di Isa 9000 (mediometraggio con Isa Danieli diretto da Angelo Serio), del montaggio di documentari e della regia di alcuni cortometraggi.","sameAs":["http:\/\/www.pigrecoemme.com\/","https:\/\/www.facebook.com\/rosario.gallone","https:\/\/x.com\/RosarioGallone"],"url":"https:\/\/www.pigrecoemme.com\/blog\/author\/rosario-gallone\/"}]}},"jetpack_sharing_enabled":true,"jetpack_likes_enabled":true,"jetpack-related-posts":[{"id":185,"url":"https:\/\/www.pigrecoemme.com\/blog\/ugo-caruso-al-pan-per-i-film-della-mia-vita\/","url_meta":{"origin":7,"position":0},"title":"Ugo G. Caruso al PAN per I film della mia vita","author":"Corrado Morra","date":"28 Ottobre 2009","format":false,"excerpt":"Continua domani, gioved\u00ec 29 ottobre, con il critico cinematografico Ugo G. Caruso, la quarta edizione della rassegna I film della mia vita. Alle 18,00 al pubblico del PAN di Napoli, Caruso presenter\u00e0 un serrato montaggio di sequenze da oltre cinquanta film, un patrimonio straordinario ed eterogeneo di suggestioni che costituiscono\u2026","rel":"","context":"In &quot;Eventi&quot;","block_context":{"text":"Eventi","link":"https:\/\/www.pigrecoemme.com\/blog\/eventi\/"},"img":{"alt_text":"","src":"","width":0,"height":0},"classes":[]},{"id":18,"url":"https:\/\/www.pigrecoemme.com\/blog\/salvatore-piscicelli-incontro-al-pan-il-prossimo-30-ottobre\/","url_meta":{"origin":7,"position":1},"title":"Salvatore Piscicelli: incontro al PAN il prossimo 30 ottobre","author":"Giacomo Fabbrocino","date":"26 Ottobre 2007","format":false,"excerpt":"Sulla scia del successo del recente ciclo d'incontri I film della mia vita, continuano gli appuntamenti sul cinema e sui suoi protagonisti della Mediateca S. Sofia: il prossimo marted\u00ec 30 ottobre sar\u00e0, infatti, Salvatore Piscicelli l'ospite di un interessante incontro al Pan in cui il regista napoletano, accompagnato dal critico\u2026","rel":"","context":"In &quot;Eventi&quot;","block_context":{"text":"Eventi","link":"https:\/\/www.pigrecoemme.com\/blog\/eventi\/"},"img":{"alt_text":"Invito incontro Piscicelli","src":"https:\/\/i0.wp.com\/farm3.static.flickr.com\/2199\/1759582031_8fe3c14b09_m.jpg?resize=350%2C200","width":350,"height":200},"classes":[]},{"id":176,"url":"https:\/\/www.pigrecoemme.com\/blog\/i-film-della-mia-vita-al-via-la-quarta-edizione\/","url_meta":{"origin":7,"position":2},"title":"I film della mia vita. Al via la quarta edizione","author":"Corrado Morra","date":"8 Ottobre 2009","format":false,"excerpt":"Parte il prossimo 15 ottobre con l'incontro con il regista e storico del cinema Mario Franco la nuova edizione della rassegna I film della mia vita. Giunta al quarto ciclo, l'iniziativa della Mediateca S. Sofia Assessorato alle Politiche Giovanili - Servizio Giovani del Comune di Napoli, in collaborazione con Pigrecoemme\u2026","rel":"","context":"In &quot;Eventi&quot;","block_context":{"text":"Eventi","link":"https:\/\/www.pigrecoemme.com\/blog\/eventi\/"},"img":{"alt_text":"","src":"https:\/\/i0.wp.com\/www.pigrecoemme.com\/blog\/wp-content\/uploads\/2009\/10\/i-film-della-mia-vita-300x212.jpg?resize=350%2C200","width":350,"height":200},"classes":[]},{"id":457,"url":"https:\/\/www.pigrecoemme.com\/blog\/storia-permanente-del-cinema-al-pan-ancora-film-gratuiti\/","url_meta":{"origin":7,"position":3},"title":"Storia permanente del cinema. Al Pan ancora film gratuiti","author":"Corrado Morra","date":"16 Gennaio 2012","format":false,"excerpt":"Riparte marted\u00ec 17 gennaio, negli spazi del PAN - Palazzo delle arti di Napoli, in via dei Mille 60, la rassegna Storia permanente del cinema. L\u2019evento, a cura della Scuola di cinema Pigrecoemme, della Mediateca S. Sofia del Comune di Napoli e del regista Marcello Sannino, in collaborazione con la\u2026","rel":"","context":"In &quot;Eventi&quot;","block_context":{"text":"Eventi","link":"https:\/\/www.pigrecoemme.com\/blog\/eventi\/"},"img":{"alt_text":"","src":"https:\/\/i0.wp.com\/www.pigrecoemme.com\/blog\/wp-content\/uploads\/2011\/10\/filmzone-pan.png?resize=350%2C200","width":350,"height":200},"classes":[]},{"id":10,"url":"https:\/\/www.pigrecoemme.com\/blog\/domani-martedi-9-ottobre-giornata-dedicata-ad-ugo-gregoretti\/","url_meta":{"origin":7,"position":4},"title":"Domani, marted\u00ec 9 ottobre, giornata dedicata ad Ugo Gregoretti","author":"Giacomo Fabbrocino","date":"8 Ottobre 2007","format":false,"excerpt":"In occasione dell'incontro conclusivo de I film della mia vita, iniziativa della Mediateca di S. Sofia in collaborazione con la Scuola di cinema Pigrecoemme di Napoli, in programma al PAN alle ore 18,00, il Sindaco di Napoli e l'assessore alle Politiche sociali e giovanili Giulio Riccio conferiranno al Maestro Ugo\u2026","rel":"","context":"In &quot;Eventi&quot;","block_context":{"text":"Eventi","link":"https:\/\/www.pigrecoemme.com\/blog\/eventi\/"},"img":{"alt_text":"","src":"","width":0,"height":0},"classes":[]},{"id":12,"url":"https:\/\/www.pigrecoemme.com\/blog\/si-conclude-con-ugo-gregoretti-i-film-della-mia-vita-grande-successo-di-pubblico\/","url_meta":{"origin":7,"position":5},"title":"Si conclude con Ugo Gregoretti &#8220;I film della mia vita&#8221;. Grande successo di pubblico","author":"Rosario Gallone","date":"10 Ottobre 2007","format":false,"excerpt":"Giornata faticosa il 9 ottobre per Ugo Gregoretti. Ed anche per noi. Per me un po' di pi\u00f9, essendo in piedi dalle 6,00 per motivi familiari (figlie piccole che si svegliano!), ma ho 40 anni in meno del maestro e di cosa mi lamento? Alle 13,00 consegna della targa a\u2026","rel":"","context":"In &quot;Eventi&quot;","block_context":{"text":"Eventi","link":"https:\/\/www.pigrecoemme.com\/blog\/eventi\/"},"img":{"alt_text":"","src":"https:\/\/i0.wp.com\/www.pigrecoemme.com\/blog\/wp-content\/uploads\/2024\/03\/gregoretti-iervolino.jpg?resize=350%2C200&ssl=1","width":350,"height":200,"srcset":"https:\/\/i0.wp.com\/www.pigrecoemme.com\/blog\/wp-content\/uploads\/2024\/03\/gregoretti-iervolino.jpg?resize=350%2C200&ssl=1 1x, https:\/\/i0.wp.com\/www.pigrecoemme.com\/blog\/wp-content\/uploads\/2024\/03\/gregoretti-iervolino.jpg?resize=525%2C300&ssl=1 1.5x, https:\/\/i0.wp.com\/www.pigrecoemme.com\/blog\/wp-content\/uploads\/2024\/03\/gregoretti-iervolino.jpg?resize=700%2C400&ssl=1 2x"},"classes":[]}],"jetpack_featured_media_url":"","_links":{"self":[{"href":"https:\/\/www.pigrecoemme.com\/blog\/wp-json\/wp\/v2\/posts\/7","targetHints":{"allow":["GET"]}}],"collection":[{"href":"https:\/\/www.pigrecoemme.com\/blog\/wp-json\/wp\/v2\/posts"}],"about":[{"href":"https:\/\/www.pigrecoemme.com\/blog\/wp-json\/wp\/v2\/types\/post"}],"author":[{"embeddable":true,"href":"https:\/\/www.pigrecoemme.com\/blog\/wp-json\/wp\/v2\/users\/3"}],"replies":[{"embeddable":true,"href":"https:\/\/www.pigrecoemme.com\/blog\/wp-json\/wp\/v2\/comments?post=7"}],"version-history":[{"count":0,"href":"https:\/\/www.pigrecoemme.com\/blog\/wp-json\/wp\/v2\/posts\/7\/revisions"}],"wp:attachment":[{"href":"https:\/\/www.pigrecoemme.com\/blog\/wp-json\/wp\/v2\/media?parent=7"}],"wp:term":[{"taxonomy":"category","embeddable":true,"href":"https:\/\/www.pigrecoemme.com\/blog\/wp-json\/wp\/v2\/categories?post=7"},{"taxonomy":"post_tag","embeddable":true,"href":"https:\/\/www.pigrecoemme.com\/blog\/wp-json\/wp\/v2\/tags?post=7"}],"curies":[{"name":"wp","href":"https:\/\/api.w.org\/{rel}","templated":true}]}}