{"id":686,"date":"2013-07-23T15:06:43","date_gmt":"2013-07-23T13:06:43","guid":{"rendered":"http:\/\/www.pigrecoemme.com\/blog\/?p=686"},"modified":"2013-07-23T15:06:43","modified_gmt":"2013-07-23T13:06:43","slug":"pigrecoemme-al-procida-film-festival","status":"publish","type":"post","link":"https:\/\/www.pigrecoemme.com\/blog\/pigrecoemme-al-procida-film-festival\/","title":{"rendered":"Pigrecoemme al Procida Film Festival"},"content":{"rendered":"<p style=\"text-align: left;\"><span><a href=\"https:\/\/i0.wp.com\/www.pigrecoemme.com\/blog\/wp-content\/uploads\/2013\/07\/procida-fillm-festival.png?ssl=1\"><img data-recalc-dims=\"1\" loading=\"lazy\" decoding=\"async\" class=\"alignleft size-medium wp-image-687\" title=\"procida-fillm-festival\" src=\"https:\/\/i0.wp.com\/www.pigrecoemme.com\/blog\/wp-content\/uploads\/2013\/07\/procida-fillm-festival.png?resize=210%2C161&#038;ssl=1\" alt=\"\" width=\"210\" height=\"161\" srcset=\"https:\/\/i0.wp.com\/www.pigrecoemme.com\/blog\/wp-content\/uploads\/2013\/07\/procida-fillm-festival.png?resize=300%2C230&amp;ssl=1 300w, https:\/\/i0.wp.com\/www.pigrecoemme.com\/blog\/wp-content\/uploads\/2013\/07\/procida-fillm-festival.png?w=450&amp;ssl=1 450w\" sizes=\"auto, (max-width: 210px) 100vw, 210px\" \/><\/a>Nessuna invasione, per carit\u00e0, ma alla prima edizione del <a href=\"http:\/\/www.procidafilmfestival.it\/\">Procida Film Festival<\/a> la Pigrecoemme fa decisamente una bella figura.<\/span><\/p>\n<p style=\"text-align: left;\"><span>Un lungometraggio (<\/span><em><a href=\"https:\/\/www.pigrecoemme.com\/blog\/tag\/un-consiglio-a-dio\/\">Un Consiglio a Dio<\/a> <\/em>&#8211; <span>di Sandro Dionisio, in distribuzione nazionale ad opera della Pablo), un documentario (<a href=\"https:\/\/www.pigrecoemme.com\/blog\/tag\/midnight-bingo\/\"><em>Midnight Bingo<\/em><\/a>, di Antonio Longo, gi\u00e0 vincitore del Napoli Film Festival 2011), e un videoclip (<em>Sciami<\/em>, per i <\/span><span>Victorzeta e i Fiori Blu, <\/span>non realizzato da noi, ma diretto dalla nostra ex allieva\u00a0Elena de Candia<span>) targati <\/span>Pigrecoemme<span> danno comunque il senso di quanto cerchiamo di lavorare bene.<\/span><\/p>\n","protected":false},"excerpt":{"rendered":"<p>Nessuna invasione, per carit\u00e0, ma alla prima edizione del Procida Film Festival la Pigrecoemme fa decisamente una bella figura. Un lungometraggio (Un Consiglio a Dio &#8211; di Sandro Dionisio, in distribuzione nazionale ad opera&hellip;<\/p>\n","protected":false},"author":1,"featured_media":0,"comment_status":"open","ping_status":"open","sticky":false,"template":"","format":"standard","meta":{"_jetpack_newsletter_access":"","_jetpack_dont_email_post_to_subs":false,"_jetpack_newsletter_tier_id":0,"_jetpack_memberships_contains_paywalled_content":false,"_jetpack_feature_clip_id":0,"_jetpack_memberships_contains_paid_content":false,"footnotes":"","jetpack_post_was_ever_published":false},"categories":[11,1,12,3,731],"tags":[613,538,825,711],"class_list":["post-686","post","type-post","status-publish","format-standard","hentry","category-eventi","category-generale","category-produzioni","category-scuola-di-cinema","category-segnalazioni","tag-elena-de-candia","tag-midnight-bingo","tag-procida-film-festival","tag-un-consiglio-a-dio"],"yoast_head":"<!-- This site is optimized with the Yoast SEO plugin v28.3 - https:\/\/yoast.com\/product\/yoast-seo-wordpress\/ -->\n<title>Pigrecoemme al Procida Film Festival<\/title>\n<meta name=\"robots\" content=\"index, follow, max-snippet:-1, max-image-preview:large, max-video-preview:-1\" \/>\n<link rel=\"canonical\" href=\"https:\/\/www.pigrecoemme.com\/blog\/pigrecoemme-al-procida-film-festival\/\" \/>\n<meta property=\"og:locale\" content=\"it_IT\" \/>\n<meta property=\"og:type\" content=\"article\" \/>\n<meta property=\"og:title\" content=\"Pigrecoemme al Procida Film Festival\" \/>\n<meta property=\"og:description\" content=\"Nessuna invasione, per carit\u00e0, ma alla prima edizione del Procida Film Festival la Pigrecoemme fa decisamente una bella figura. Un lungometraggio (Un Consiglio a Dio &#8211; di Sandro Dionisio, in distribuzione nazionale ad opera&hellip;\" \/>\n<meta property=\"og:url\" content=\"https:\/\/www.pigrecoemme.com\/blog\/pigrecoemme-al-procida-film-festival\/\" \/>\n<meta property=\"og:site_name\" content=\"Scuola di Cinema Pigrecoemme - Blog\" \/>\n<meta property=\"article:publisher\" content=\"https:\/\/www.facebook.com\/pigrecoemme\" \/>\n<meta property=\"article:author\" content=\"https:\/\/www.facebook.com\/giacomo.fabbrocino\" \/>\n<meta property=\"article:published_time\" content=\"2013-07-23T13:06:43+00:00\" \/>\n<meta property=\"og:image\" content=\"http:\/\/www.pigrecoemme.com\/blog\/wp-content\/uploads\/2013\/07\/procida-fillm-festival-300x230.png\" \/>\n<meta name=\"author\" content=\"Giacomo Fabbrocino\" \/>\n<meta name=\"twitter:card\" content=\"summary_large_image\" \/>\n<meta name=\"twitter:creator\" content=\"@Pigrecoemme\" \/>\n<meta name=\"twitter:site\" content=\"@Pigrecoemme\" \/>\n<meta name=\"twitter:label1\" content=\"Scritto da\" \/>\n\t<meta name=\"twitter:data1\" content=\"Giacomo Fabbrocino\" \/>\n<script type=\"application\/ld+json\" class=\"yoast-schema-graph\">{\"@context\":\"https:\\\/\\\/schema.org\",\"@graph\":[{\"@type\":[\"Article\",\"BlogPosting\"],\"@id\":\"https:\\\/\\\/www.pigrecoemme.com\\\/blog\\\/pigrecoemme-al-procida-film-festival\\\/#article\",\"isPartOf\":{\"@id\":\"https:\\\/\\\/www.pigrecoemme.com\\\/blog\\\/pigrecoemme-al-procida-film-festival\\\/\"},\"author\":{\"name\":\"Giacomo Fabbrocino\",\"@id\":\"https:\\\/\\\/www.pigrecoemme.com\\\/blog\\\/#\\\/schema\\\/person\\\/57fa822c3d209d3a2612fd0411ae63f4\"},\"headline\":\"Pigrecoemme al Procida Film Festival\",\"datePublished\":\"2013-07-23T13:06:43+00:00\",\"mainEntityOfPage\":{\"@id\":\"https:\\\/\\\/www.pigrecoemme.com\\\/blog\\\/pigrecoemme-al-procida-film-festival\\\/\"},\"wordCount\":90,\"commentCount\":0,\"publisher\":{\"@id\":\"https:\\\/\\\/www.pigrecoemme.com\\\/blog\\\/#organization\"},\"image\":{\"@id\":\"https:\\\/\\\/www.pigrecoemme.com\\\/blog\\\/pigrecoemme-al-procida-film-festival\\\/#primaryimage\"},\"thumbnailUrl\":\"http:\\\/\\\/www.pigrecoemme.com\\\/blog\\\/wp-content\\\/uploads\\\/2013\\\/07\\\/procida-fillm-festival-300x230.png\",\"keywords\":[\"Elena de Candia\",\"midnight bingo\",\"procida film festival\",\"un consiglio a Dio\"],\"articleSection\":[\"Eventi\",\"Generale\",\"Produzioni\",\"Scuola di cinema\",\"Segnalazioni\"],\"inLanguage\":\"it-IT\",\"potentialAction\":[{\"@type\":\"CommentAction\",\"name\":\"Comment\",\"target\":[\"https:\\\/\\\/www.pigrecoemme.com\\\/blog\\\/pigrecoemme-al-procida-film-festival\\\/#respond\"]}]},{\"@type\":\"WebPage\",\"@id\":\"https:\\\/\\\/www.pigrecoemme.com\\\/blog\\\/pigrecoemme-al-procida-film-festival\\\/\",\"url\":\"https:\\\/\\\/www.pigrecoemme.com\\\/blog\\\/pigrecoemme-al-procida-film-festival\\\/\",\"name\":\"Pigrecoemme al Procida Film Festival\",\"isPartOf\":{\"@id\":\"https:\\\/\\\/www.pigrecoemme.com\\\/blog\\\/#website\"},\"primaryImageOfPage\":{\"@id\":\"https:\\\/\\\/www.pigrecoemme.com\\\/blog\\\/pigrecoemme-al-procida-film-festival\\\/#primaryimage\"},\"image\":{\"@id\":\"https:\\\/\\\/www.pigrecoemme.com\\\/blog\\\/pigrecoemme-al-procida-film-festival\\\/#primaryimage\"},\"thumbnailUrl\":\"http:\\\/\\\/www.pigrecoemme.com\\\/blog\\\/wp-content\\\/uploads\\\/2013\\\/07\\\/procida-fillm-festival-300x230.png\",\"datePublished\":\"2013-07-23T13:06:43+00:00\",\"breadcrumb\":{\"@id\":\"https:\\\/\\\/www.pigrecoemme.com\\\/blog\\\/pigrecoemme-al-procida-film-festival\\\/#breadcrumb\"},\"inLanguage\":\"it-IT\",\"potentialAction\":[{\"@type\":\"ReadAction\",\"target\":[\"https:\\\/\\\/www.pigrecoemme.com\\\/blog\\\/pigrecoemme-al-procida-film-festival\\\/\"]}]},{\"@type\":\"ImageObject\",\"inLanguage\":\"it-IT\",\"@id\":\"https:\\\/\\\/www.pigrecoemme.com\\\/blog\\\/pigrecoemme-al-procida-film-festival\\\/#primaryimage\",\"url\":\"http:\\\/\\\/www.pigrecoemme.com\\\/blog\\\/wp-content\\\/uploads\\\/2013\\\/07\\\/procida-fillm-festival-300x230.png\",\"contentUrl\":\"http:\\\/\\\/www.pigrecoemme.com\\\/blog\\\/wp-content\\\/uploads\\\/2013\\\/07\\\/procida-fillm-festival-300x230.png\"},{\"@type\":\"BreadcrumbList\",\"@id\":\"https:\\\/\\\/www.pigrecoemme.com\\\/blog\\\/pigrecoemme-al-procida-film-festival\\\/#breadcrumb\",\"itemListElement\":[{\"@type\":\"ListItem\",\"position\":1,\"name\":\"Home\",\"item\":\"https:\\\/\\\/www.pigrecoemme.com\\\/blog\\\/\"},{\"@type\":\"ListItem\",\"position\":2,\"name\":\"Pigrecoemme al Procida Film Festival\"}]},{\"@type\":\"WebSite\",\"@id\":\"https:\\\/\\\/www.pigrecoemme.com\\\/blog\\\/#website\",\"url\":\"https:\\\/\\\/www.pigrecoemme.com\\\/blog\\\/\",\"name\":\"Scuola di Cinema Pigrecoemme - Blog\",\"description\":\"Siamo la prima Scuola di Cinema e Fotografia di Napoli\",\"publisher\":{\"@id\":\"https:\\\/\\\/www.pigrecoemme.com\\\/blog\\\/#organization\"},\"potentialAction\":[{\"@type\":\"SearchAction\",\"target\":{\"@type\":\"EntryPoint\",\"urlTemplate\":\"https:\\\/\\\/www.pigrecoemme.com\\\/blog\\\/?s={search_term_string}\"},\"query-input\":{\"@type\":\"PropertyValueSpecification\",\"valueRequired\":true,\"valueName\":\"search_term_string\"}}],\"inLanguage\":\"it-IT\"},{\"@type\":\"Organization\",\"@id\":\"https:\\\/\\\/www.pigrecoemme.com\\\/blog\\\/#organization\",\"name\":\"Scuola di cinema e fotografia Pigrecoemme\",\"url\":\"https:\\\/\\\/www.pigrecoemme.com\\\/blog\\\/\",\"logo\":{\"@type\":\"ImageObject\",\"inLanguage\":\"it-IT\",\"@id\":\"https:\\\/\\\/www.pigrecoemme.com\\\/blog\\\/#\\\/schema\\\/logo\\\/image\\\/\",\"url\":\"https:\\\/\\\/i0.wp.com\\\/www.pigrecoemme.com\\\/blog\\\/wp-content\\\/uploads\\\/2018\\\/06\\\/logo-pigrecoemme-2018.png?fit=500%2C500&ssl=1\",\"contentUrl\":\"https:\\\/\\\/i0.wp.com\\\/www.pigrecoemme.com\\\/blog\\\/wp-content\\\/uploads\\\/2018\\\/06\\\/logo-pigrecoemme-2018.png?fit=500%2C500&ssl=1\",\"width\":500,\"height\":500,\"caption\":\"Scuola di cinema e fotografia Pigrecoemme\"},\"image\":{\"@id\":\"https:\\\/\\\/www.pigrecoemme.com\\\/blog\\\/#\\\/schema\\\/logo\\\/image\\\/\"},\"sameAs\":[\"https:\\\/\\\/www.facebook.com\\\/pigrecoemme\",\"https:\\\/\\\/x.com\\\/Pigrecoemme\",\"https:\\\/\\\/www.instagram.com\\\/pigrecoemme\\\/\",\"https:\\\/\\\/www.linkedin.com\\\/company\\\/pigrecoemme\\\/\",\"https:\\\/\\\/www.youtube.com\\\/pigrecoemme\"]},{\"@type\":\"Person\",\"@id\":\"https:\\\/\\\/www.pigrecoemme.com\\\/blog\\\/#\\\/schema\\\/person\\\/57fa822c3d209d3a2612fd0411ae63f4\",\"name\":\"Giacomo Fabbrocino\",\"image\":{\"@type\":\"ImageObject\",\"inLanguage\":\"it-IT\",\"@id\":\"https:\\\/\\\/secure.gravatar.com\\\/avatar\\\/0e4dfd4d05c06a03fffaffeb36fb181415ba11b91a6b566fa2e8ada75927db32?s=96&r=g\",\"url\":\"https:\\\/\\\/secure.gravatar.com\\\/avatar\\\/0e4dfd4d05c06a03fffaffeb36fb181415ba11b91a6b566fa2e8ada75927db32?s=96&r=g\",\"contentUrl\":\"https:\\\/\\\/secure.gravatar.com\\\/avatar\\\/0e4dfd4d05c06a03fffaffeb36fb181415ba11b91a6b566fa2e8ada75927db32?s=96&r=g\",\"caption\":\"Giacomo Fabbrocino\"},\"description\":\"Montatore cinematografico, autore di documentari sull'arte e di video d'artista, Giacomo \u00e8 responsabile della didattica e della comunicazione web della Scuola di Cinema, Fotografia e Televisione Pigrecoemme di Napoli.\",\"sameAs\":[\"http:\\\/\\\/www.pigrecoemme.com\\\/\",\"https:\\\/\\\/www.facebook.com\\\/giacomo.fabbrocino\"],\"url\":\"https:\\\/\\\/www.pigrecoemme.com\\\/blog\\\/author\\\/giacomo-fabbrocino\\\/\"}]}<\/script>\n<!-- \/ Yoast SEO plugin. -->","yoast_head_json":{"title":"Pigrecoemme al Procida Film Festival","robots":{"index":"index","follow":"follow","max-snippet":"max-snippet:-1","max-image-preview":"max-image-preview:large","max-video-preview":"max-video-preview:-1"},"canonical":"https:\/\/www.pigrecoemme.com\/blog\/pigrecoemme-al-procida-film-festival\/","og_locale":"it_IT","og_type":"article","og_title":"Pigrecoemme al Procida Film Festival","og_description":"Nessuna invasione, per carit\u00e0, ma alla prima edizione del Procida Film Festival la Pigrecoemme fa decisamente una bella figura. Un lungometraggio (Un Consiglio a Dio &#8211; di Sandro Dionisio, in distribuzione nazionale ad opera&hellip;","og_url":"https:\/\/www.pigrecoemme.com\/blog\/pigrecoemme-al-procida-film-festival\/","og_site_name":"Scuola di Cinema Pigrecoemme - Blog","article_publisher":"https:\/\/www.facebook.com\/pigrecoemme","article_author":"https:\/\/www.facebook.com\/giacomo.fabbrocino","article_published_time":"2013-07-23T13:06:43+00:00","og_image":[{"url":"http:\/\/www.pigrecoemme.com\/blog\/wp-content\/uploads\/2013\/07\/procida-fillm-festival-300x230.png","type":"","width":"","height":""}],"author":"Giacomo Fabbrocino","twitter_card":"summary_large_image","twitter_creator":"@Pigrecoemme","twitter_site":"@Pigrecoemme","twitter_misc":{"Scritto da":"Giacomo Fabbrocino"},"schema":{"@context":"https:\/\/schema.org","@graph":[{"@type":["Article","BlogPosting"],"@id":"https:\/\/www.pigrecoemme.com\/blog\/pigrecoemme-al-procida-film-festival\/#article","isPartOf":{"@id":"https:\/\/www.pigrecoemme.com\/blog\/pigrecoemme-al-procida-film-festival\/"},"author":{"name":"Giacomo Fabbrocino","@id":"https:\/\/www.pigrecoemme.com\/blog\/#\/schema\/person\/57fa822c3d209d3a2612fd0411ae63f4"},"headline":"Pigrecoemme al Procida Film Festival","datePublished":"2013-07-23T13:06:43+00:00","mainEntityOfPage":{"@id":"https:\/\/www.pigrecoemme.com\/blog\/pigrecoemme-al-procida-film-festival\/"},"wordCount":90,"commentCount":0,"publisher":{"@id":"https:\/\/www.pigrecoemme.com\/blog\/#organization"},"image":{"@id":"https:\/\/www.pigrecoemme.com\/blog\/pigrecoemme-al-procida-film-festival\/#primaryimage"},"thumbnailUrl":"http:\/\/www.pigrecoemme.com\/blog\/wp-content\/uploads\/2013\/07\/procida-fillm-festival-300x230.png","keywords":["Elena de Candia","midnight bingo","procida film festival","un consiglio a Dio"],"articleSection":["Eventi","Generale","Produzioni","Scuola di cinema","Segnalazioni"],"inLanguage":"it-IT","potentialAction":[{"@type":"CommentAction","name":"Comment","target":["https:\/\/www.pigrecoemme.com\/blog\/pigrecoemme-al-procida-film-festival\/#respond"]}]},{"@type":"WebPage","@id":"https:\/\/www.pigrecoemme.com\/blog\/pigrecoemme-al-procida-film-festival\/","url":"https:\/\/www.pigrecoemme.com\/blog\/pigrecoemme-al-procida-film-festival\/","name":"Pigrecoemme al Procida Film Festival","isPartOf":{"@id":"https:\/\/www.pigrecoemme.com\/blog\/#website"},"primaryImageOfPage":{"@id":"https:\/\/www.pigrecoemme.com\/blog\/pigrecoemme-al-procida-film-festival\/#primaryimage"},"image":{"@id":"https:\/\/www.pigrecoemme.com\/blog\/pigrecoemme-al-procida-film-festival\/#primaryimage"},"thumbnailUrl":"http:\/\/www.pigrecoemme.com\/blog\/wp-content\/uploads\/2013\/07\/procida-fillm-festival-300x230.png","datePublished":"2013-07-23T13:06:43+00:00","breadcrumb":{"@id":"https:\/\/www.pigrecoemme.com\/blog\/pigrecoemme-al-procida-film-festival\/#breadcrumb"},"inLanguage":"it-IT","potentialAction":[{"@type":"ReadAction","target":["https:\/\/www.pigrecoemme.com\/blog\/pigrecoemme-al-procida-film-festival\/"]}]},{"@type":"ImageObject","inLanguage":"it-IT","@id":"https:\/\/www.pigrecoemme.com\/blog\/pigrecoemme-al-procida-film-festival\/#primaryimage","url":"http:\/\/www.pigrecoemme.com\/blog\/wp-content\/uploads\/2013\/07\/procida-fillm-festival-300x230.png","contentUrl":"http:\/\/www.pigrecoemme.com\/blog\/wp-content\/uploads\/2013\/07\/procida-fillm-festival-300x230.png"},{"@type":"BreadcrumbList","@id":"https:\/\/www.pigrecoemme.com\/blog\/pigrecoemme-al-procida-film-festival\/#breadcrumb","itemListElement":[{"@type":"ListItem","position":1,"name":"Home","item":"https:\/\/www.pigrecoemme.com\/blog\/"},{"@type":"ListItem","position":2,"name":"Pigrecoemme al Procida Film Festival"}]},{"@type":"WebSite","@id":"https:\/\/www.pigrecoemme.com\/blog\/#website","url":"https:\/\/www.pigrecoemme.com\/blog\/","name":"Scuola di Cinema Pigrecoemme - Blog","description":"Siamo la prima Scuola di Cinema e Fotografia di Napoli","publisher":{"@id":"https:\/\/www.pigrecoemme.com\/blog\/#organization"},"potentialAction":[{"@type":"SearchAction","target":{"@type":"EntryPoint","urlTemplate":"https:\/\/www.pigrecoemme.com\/blog\/?s={search_term_string}"},"query-input":{"@type":"PropertyValueSpecification","valueRequired":true,"valueName":"search_term_string"}}],"inLanguage":"it-IT"},{"@type":"Organization","@id":"https:\/\/www.pigrecoemme.com\/blog\/#organization","name":"Scuola di cinema e fotografia Pigrecoemme","url":"https:\/\/www.pigrecoemme.com\/blog\/","logo":{"@type":"ImageObject","inLanguage":"it-IT","@id":"https:\/\/www.pigrecoemme.com\/blog\/#\/schema\/logo\/image\/","url":"https:\/\/i0.wp.com\/www.pigrecoemme.com\/blog\/wp-content\/uploads\/2018\/06\/logo-pigrecoemme-2018.png?fit=500%2C500&ssl=1","contentUrl":"https:\/\/i0.wp.com\/www.pigrecoemme.com\/blog\/wp-content\/uploads\/2018\/06\/logo-pigrecoemme-2018.png?fit=500%2C500&ssl=1","width":500,"height":500,"caption":"Scuola di cinema e fotografia Pigrecoemme"},"image":{"@id":"https:\/\/www.pigrecoemme.com\/blog\/#\/schema\/logo\/image\/"},"sameAs":["https:\/\/www.facebook.com\/pigrecoemme","https:\/\/x.com\/Pigrecoemme","https:\/\/www.instagram.com\/pigrecoemme\/","https:\/\/www.linkedin.com\/company\/pigrecoemme\/","https:\/\/www.youtube.com\/pigrecoemme"]},{"@type":"Person","@id":"https:\/\/www.pigrecoemme.com\/blog\/#\/schema\/person\/57fa822c3d209d3a2612fd0411ae63f4","name":"Giacomo Fabbrocino","image":{"@type":"ImageObject","inLanguage":"it-IT","@id":"https:\/\/secure.gravatar.com\/avatar\/0e4dfd4d05c06a03fffaffeb36fb181415ba11b91a6b566fa2e8ada75927db32?s=96&r=g","url":"https:\/\/secure.gravatar.com\/avatar\/0e4dfd4d05c06a03fffaffeb36fb181415ba11b91a6b566fa2e8ada75927db32?s=96&r=g","contentUrl":"https:\/\/secure.gravatar.com\/avatar\/0e4dfd4d05c06a03fffaffeb36fb181415ba11b91a6b566fa2e8ada75927db32?s=96&r=g","caption":"Giacomo Fabbrocino"},"description":"Montatore cinematografico, autore di documentari sull'arte e di video d'artista, Giacomo \u00e8 responsabile della didattica e della comunicazione web della Scuola di Cinema, Fotografia e Televisione Pigrecoemme di Napoli.","sameAs":["http:\/\/www.pigrecoemme.com\/","https:\/\/www.facebook.com\/giacomo.fabbrocino"],"url":"https:\/\/www.pigrecoemme.com\/blog\/author\/giacomo-fabbrocino\/"}]}},"jetpack_sharing_enabled":true,"jetpack_likes_enabled":true,"jetpack-related-posts":[{"id":688,"url":"https:\/\/www.pigrecoemme.com\/blog\/pigrecoemme-al-napoli-film-festival-2013\/","url_meta":{"origin":686,"position":0},"title":"Pigrecoemme al Napoli Film Festival 2013","author":"Giacomo Fabbrocino","date":"4 Settembre 2013","format":false,"excerpt":"Anche quest'anno, al Napoli Film Festival, \u00e8 di tutto rispetto la presenza di nostri ex allievi e di produzioni che ci vedono a vario titolo coinvolti. Il documentario Ero un Re di Antonio Longo, gi\u00e0 premiato due anni fa al festival partenopeo per Midnight Bingo, \u00e8 in concorso nella sezione\u00a0SchermoNapoli\u2026","rel":"","context":"In &quot;Eventi&quot;","block_context":{"text":"Eventi","link":"https:\/\/www.pigrecoemme.com\/blog\/eventi\/"},"img":{"alt_text":"","src":"https:\/\/i0.wp.com\/www.pigrecoemme.com\/blog\/wp-content\/uploads\/2013\/09\/napoli-film-festival-2013.jpg?resize=350%2C200","width":350,"height":200},"classes":[]},{"id":419,"url":"https:\/\/www.pigrecoemme.com\/blog\/midnight-bingo-e-il-miglior-documentario-autoprodotto-al-napolifilmfestival-2011\/","url_meta":{"origin":686,"position":1},"title":"Midnight Bingo \u00e8 il Miglior Documentario autoprodotto al NapoliFilmFestival 2011","author":"Giacomo Fabbrocino","date":"19 Ottobre 2011","format":false,"excerpt":"\"Midnight Bingo\", diretto dal nostro ex allievo Antonio Longo, coprodotto da lui e dalla Scuola di cinema Pigrecoemme,\u00a0montato da\u00a0Rosario Gallone con\u00a0Giacomo Fabbrocino, ha vinto il Premio \"Miglior Documentario autoprodotto\" al NapoliFilmFestival. https:\/\/www.youtube.com\/watch?v=9axufP4D9sc Questa la motivazione della giuria: \"Con ironia e leggerezza il film racconta un microcosmo napoletano fatto di tombola\u2026","rel":"","context":"In &quot;Eventi&quot;","block_context":{"text":"Eventi","link":"https:\/\/www.pigrecoemme.com\/blog\/eventi\/"},"img":{"alt_text":"Giacomo Fabbrocino a sinistra e Antonio Longo a destra","src":"https:\/\/i0.wp.com\/www.pigrecoemme.com\/blog\/wp-content\/uploads\/2011\/10\/napoli-film-festival-premiazione-3.jpg?fit=800%2C529&ssl=1&resize=350%2C200","width":350,"height":200,"srcset":"https:\/\/i0.wp.com\/www.pigrecoemme.com\/blog\/wp-content\/uploads\/2011\/10\/napoli-film-festival-premiazione-3.jpg?fit=800%2C529&ssl=1&resize=350%2C200 1x, https:\/\/i0.wp.com\/www.pigrecoemme.com\/blog\/wp-content\/uploads\/2011\/10\/napoli-film-festival-premiazione-3.jpg?fit=800%2C529&ssl=1&resize=525%2C300 1.5x, https:\/\/i0.wp.com\/www.pigrecoemme.com\/blog\/wp-content\/uploads\/2011\/10\/napoli-film-festival-premiazione-3.jpg?fit=800%2C529&ssl=1&resize=700%2C400 2x"},"classes":[]},{"id":400,"url":"https:\/\/www.pigrecoemme.com\/blog\/ai-nastri-di-partenza-parte-la-stagione-20112012-di-pigrecoemme\/","url_meta":{"origin":686,"position":2},"title":"Ai nastri di partenza la stagione 2011\/2012 di Pigrecoemme","author":"Rosario Gallone","date":"19 Settembre 2011","format":false,"excerpt":"Quante soddisfazioni nell'annata appena trascorsa di Pigrecoemme. Corsi frequentatissimi da allievi di Napoli e Campania, ma anche dalla Sardegna, dalla Toscana, dalla Puglia. Un corto finale del corso Master,Satanism For Dummies che, in quanto pilota di web serie, \u00e8 stato selezionato al concorso per numeri zero della seconda edizione dell'\u2026","rel":"","context":"In &quot;Generale&quot;","block_context":{"text":"Generale","link":"https:\/\/www.pigrecoemme.com\/blog\/generale\/"},"img":{"alt_text":"Cast e Crew di Satanism For Dummies, lavoro finale degli allievi del Master 2010\/2011","src":"https:\/\/i0.wp.com\/www.pigrecoemme.com\/blog\/wp-content\/uploads\/2011\/09\/satanism-for-dummies-300x200.jpg?resize=350%2C200","width":350,"height":200},"classes":[]},{"id":424,"url":"https:\/\/www.pigrecoemme.com\/blog\/midnight-bingo-proiezione-gratuita-il-28-ottobre\/","url_meta":{"origin":686,"position":3},"title":"Midnight Bingo: proiezione gratuita il 27 ottobre","author":"Giacomo Fabbrocino","date":"24 Ottobre 2011","format":false,"excerpt":"Gioved\u00ec 27 ottobre, alle ore 18,00, nella sede della Scuola di cinema Pigrecoemme (a Napoli, in Piazza Portanova, 11), avr\u00e0 luogo la proiezione di \u201cMidnight Bingo\u201d di Antonio Longo, documentario co-prodotto da Pigrecoemme, con il quale l\u2019ex allievo della prima scuola di cinema di Napoli, ha vinto il premio per\u2026","rel":"","context":"In &quot;Eventi&quot;","block_context":{"text":"Eventi","link":"https:\/\/www.pigrecoemme.com\/blog\/eventi\/"},"img":{"alt_text":"","src":"https:\/\/i0.wp.com\/www.pigrecoemme.com\/blog\/wp-content\/uploads\/2011\/10\/midnight-bingo.jpg?resize=350%2C200","width":350,"height":200},"classes":[]},{"id":512,"url":"https:\/\/www.pigrecoemme.com\/blog\/il-nuovo-film-di-dionisio-coprodotto-da-pigrecoemme-in-corcorso-al-festival-del-cinema-di-pesaro\/","url_meta":{"origin":686,"position":4},"title":"Il nuovo film di Dionisio, coprodotto da Pigrecoemme, in corcorso al Festival del cinema di Pesaro","author":"Corrado Morra","date":"16 Giugno 2012","format":false,"excerpt":"Un consiglio a Dio, il nuovo film di Sandro Dionisio, coprodotto da Pigrecoemme e montato da Giacomo Fabbrocino, nostro docente di montaggio, \u00e8 in concorso alla 48a Mostra Internazionale del Nuovo Cinema di Pesaro, che si terr\u00e0 dal 25 giugno al 2 luglio 2012. L'organizzazione dell'evento, uno dei pi\u00f9 prestigiosi\u2026","rel":"","context":"In &quot;Generale&quot;","block_context":{"text":"Generale","link":"https:\/\/www.pigrecoemme.com\/blog\/generale\/"},"img":{"alt_text":"","src":"https:\/\/i0.wp.com\/www.pigrecoemme.com\/blog\/wp-content\/uploads\/2012\/06\/manifesto-pesaro-225x300.jpg?resize=350%2C200","width":350,"height":200},"classes":[]},{"id":382,"url":"https:\/\/www.pigrecoemme.com\/blog\/il-2%c2%b0-cinemavvenire-video-festival-premia-midnight-bingo\/","url_meta":{"origin":686,"position":5},"title":"Il 2\u00b0 Cinemavvenire Video Festival premia Midnight Bingo","author":"Giacomo Fabbrocino","date":"6 Luglio 2011","format":false,"excerpt":"Siamo molto contenti di comunicare a chi ci segue che il documentario \"Midnight Bingo\" realizzato da Antonio Longo - ex partecipante ai nostri corsi - con il nostro contributo (il montaggio e di Rosario Gallone e il color grading di Giacomo Fabbrocino) ha ottenuto la menzione speciale per i migliori\u2026","rel":"","context":"In &quot;Generale&quot;","block_context":{"text":"Generale","link":"https:\/\/www.pigrecoemme.com\/blog\/generale\/"},"img":{"alt_text":"","src":"https:\/\/i0.wp.com\/img195.imageshack.us\/img195\/9969\/inabingosmall.jpg?resize=350%2C200","width":350,"height":200},"classes":[]}],"jetpack_featured_media_url":"","_links":{"self":[{"href":"https:\/\/www.pigrecoemme.com\/blog\/wp-json\/wp\/v2\/posts\/686","targetHints":{"allow":["GET"]}}],"collection":[{"href":"https:\/\/www.pigrecoemme.com\/blog\/wp-json\/wp\/v2\/posts"}],"about":[{"href":"https:\/\/www.pigrecoemme.com\/blog\/wp-json\/wp\/v2\/types\/post"}],"author":[{"embeddable":true,"href":"https:\/\/www.pigrecoemme.com\/blog\/wp-json\/wp\/v2\/users\/1"}],"replies":[{"embeddable":true,"href":"https:\/\/www.pigrecoemme.com\/blog\/wp-json\/wp\/v2\/comments?post=686"}],"version-history":[{"count":0,"href":"https:\/\/www.pigrecoemme.com\/blog\/wp-json\/wp\/v2\/posts\/686\/revisions"}],"wp:attachment":[{"href":"https:\/\/www.pigrecoemme.com\/blog\/wp-json\/wp\/v2\/media?parent=686"}],"wp:term":[{"taxonomy":"category","embeddable":true,"href":"https:\/\/www.pigrecoemme.com\/blog\/wp-json\/wp\/v2\/categories?post=686"},{"taxonomy":"post_tag","embeddable":true,"href":"https:\/\/www.pigrecoemme.com\/blog\/wp-json\/wp\/v2\/tags?post=686"}],"curies":[{"name":"wp","href":"https:\/\/api.w.org\/{rel}","templated":true}]}}