{"id":683,"date":"2013-06-24T02:47:36","date_gmt":"2013-06-24T00:47:36","guid":{"rendered":"http:\/\/www.pigrecoemme.com\/blog\/?p=683"},"modified":"2015-05-07T10:57:52","modified_gmt":"2015-05-07T08:57:52","slug":"caterina-arciprete-take-away-mostra-personale-alla-capricorno-gallery","status":"publish","type":"post","link":"https:\/\/www.pigrecoemme.com\/blog\/caterina-arciprete-take-away-mostra-personale-alla-capricorno-gallery\/","title":{"rendered":"Caterina Arciprete: Take Away. Mostra Personale alla Capricorno Gallery"},"content":{"rendered":"<figure style=\"width: 640px\" class=\"wp-caption aligncenter\"><a href=\"https:\/\/i0.wp.com\/i.vimeocdn.com\/video\/432170241_640.jpg?ssl=1\"><img data-recalc-dims=\"1\" loading=\"lazy\" decoding=\"async\" class=\"\" src=\"https:\/\/i0.wp.com\/i.vimeocdn.com\/video\/432170241_640.jpg?resize=640%2C360&#038;ssl=1\" alt=\"Take Away - Caterina Arciprete: Una fotogramma dal video\" width=\"640\" height=\"360\" \/><\/a><figcaption class=\"wp-caption-text\">Take Away &#8211; Caterina Arciprete: Una fotogramma dal video<\/figcaption><\/figure>\n<p>Take Away \u00e8 il titolo della <a href=\"http:\/\/www.artribune.com\/dettaglio\/?type=event&amp;id=24844\" target=\"_blank\">mostra personale di Caterina Arciprete<\/a> che sar\u00e0 inaugurata sabato 29 giugno (h. 21,00) alla Capricorno Gallery di Capri.<\/p>\n<p>In mostra, oltre ai dipinti e alle foto dell&#8217;ultimo lavoro di body painting dell&#8217;artista, anche un video realizzato da Arciprete con il nostro docente di montaggio Giacomo Fabbrocino.<\/p>\n","protected":false},"excerpt":{"rendered":"<p>Take Away \u00e8 il titolo della mostra personale di Caterina Arciprete che sar\u00e0 inaugurata sabato 29 giugno (h. 21,00) alla Capricorno Gallery di Capri. In mostra, oltre ai dipinti e alle foto dell&#8217;ultimo lavoro&hellip;<\/p>\n","protected":false},"author":3,"featured_media":0,"comment_status":"open","ping_status":"open","sticky":false,"template":"","format":"standard","meta":{"_jetpack_newsletter_access":"","_jetpack_dont_email_post_to_subs":false,"_jetpack_newsletter_tier_id":0,"_jetpack_memberships_contains_paywalled_content":false,"_jetpack_feature_clip_id":0,"_jetpack_memberships_contains_paid_content":false,"footnotes":"","jetpack_post_was_ever_published":false},"categories":[11,1,12],"tags":[822,823,824,569],"class_list":["post-683","post","type-post","status-publish","format-standard","hentry","category-eventi","category-generale","category-produzioni","tag-body-painting","tag-capricorno-gallery","tag-caterina-arciprete","tag-videoarte"],"yoast_head":"<!-- This site is optimized with the Yoast SEO plugin v28.3 - https:\/\/yoast.com\/product\/yoast-seo-wordpress\/ -->\n<title>Caterina Arciprete: Take Away. Mostra Personale alla Capricorno Gallery<\/title>\n<meta name=\"robots\" content=\"index, follow, max-snippet:-1, max-image-preview:large, max-video-preview:-1\" \/>\n<link rel=\"canonical\" href=\"https:\/\/www.pigrecoemme.com\/blog\/caterina-arciprete-take-away-mostra-personale-alla-capricorno-gallery\/\" \/>\n<meta property=\"og:locale\" content=\"it_IT\" \/>\n<meta property=\"og:type\" content=\"article\" \/>\n<meta property=\"og:title\" content=\"Caterina Arciprete: Take Away. Mostra Personale alla Capricorno Gallery\" \/>\n<meta property=\"og:description\" content=\"Scuola di Cinema, Televisione e Fotografia - Napoli\" \/>\n<meta property=\"og:url\" content=\"https:\/\/www.pigrecoemme.com\/blog\/caterina-arciprete-take-away-mostra-personale-alla-capricorno-gallery\/\" \/>\n<meta property=\"og:site_name\" content=\"Scuola di Cinema Pigrecoemme - Blog\" \/>\n<meta property=\"article:publisher\" content=\"https:\/\/www.facebook.com\/pigrecoemme\" \/>\n<meta property=\"article:author\" content=\"https:\/\/www.facebook.com\/rosario.gallone\" \/>\n<meta property=\"article:published_time\" content=\"2013-06-24T00:47:36+00:00\" \/>\n<meta property=\"article:modified_time\" content=\"2015-05-07T08:57:52+00:00\" \/>\n<meta property=\"og:image\" content=\"https:\/\/i.vimeocdn.com\/video\/432170241_640.jpg\" \/>\n<meta name=\"author\" content=\"Rosario Gallone\" \/>\n<meta name=\"twitter:card\" content=\"summary_large_image\" \/>\n<meta name=\"twitter:creator\" content=\"@RosarioGallone\" \/>\n<meta name=\"twitter:site\" content=\"@Pigrecoemme\" \/>\n<meta name=\"twitter:label1\" content=\"Scritto da\" \/>\n\t<meta name=\"twitter:data1\" content=\"Rosario Gallone\" \/>\n<script type=\"application\/ld+json\" class=\"yoast-schema-graph\">{\"@context\":\"https:\\\/\\\/schema.org\",\"@graph\":[{\"@type\":[\"Article\",\"BlogPosting\"],\"@id\":\"https:\\\/\\\/www.pigrecoemme.com\\\/blog\\\/caterina-arciprete-take-away-mostra-personale-alla-capricorno-gallery\\\/#article\",\"isPartOf\":{\"@id\":\"https:\\\/\\\/www.pigrecoemme.com\\\/blog\\\/caterina-arciprete-take-away-mostra-personale-alla-capricorno-gallery\\\/\"},\"author\":{\"name\":\"Rosario Gallone\",\"@id\":\"https:\\\/\\\/www.pigrecoemme.com\\\/blog\\\/#\\\/schema\\\/person\\\/3fdd423e7c221a503812a1e86daec850\"},\"headline\":\"Caterina Arciprete: Take Away. Mostra Personale alla Capricorno Gallery\",\"datePublished\":\"2013-06-24T00:47:36+00:00\",\"dateModified\":\"2015-05-07T08:57:52+00:00\",\"mainEntityOfPage\":{\"@id\":\"https:\\\/\\\/www.pigrecoemme.com\\\/blog\\\/caterina-arciprete-take-away-mostra-personale-alla-capricorno-gallery\\\/\"},\"wordCount\":75,\"commentCount\":0,\"publisher\":{\"@id\":\"https:\\\/\\\/www.pigrecoemme.com\\\/blog\\\/#organization\"},\"image\":{\"@id\":\"https:\\\/\\\/www.pigrecoemme.com\\\/blog\\\/caterina-arciprete-take-away-mostra-personale-alla-capricorno-gallery\\\/#primaryimage\"},\"thumbnailUrl\":\"https:\\\/\\\/i.vimeocdn.com\\\/video\\\/432170241_640.jpg\",\"keywords\":[\"body painting\",\"capricorno gallery\",\"caterina arciprete\",\"videoarte\"],\"articleSection\":[\"Eventi\",\"Generale\",\"Produzioni\"],\"inLanguage\":\"it-IT\",\"potentialAction\":[{\"@type\":\"CommentAction\",\"name\":\"Comment\",\"target\":[\"https:\\\/\\\/www.pigrecoemme.com\\\/blog\\\/caterina-arciprete-take-away-mostra-personale-alla-capricorno-gallery\\\/#respond\"]}]},{\"@type\":\"WebPage\",\"@id\":\"https:\\\/\\\/www.pigrecoemme.com\\\/blog\\\/caterina-arciprete-take-away-mostra-personale-alla-capricorno-gallery\\\/\",\"url\":\"https:\\\/\\\/www.pigrecoemme.com\\\/blog\\\/caterina-arciprete-take-away-mostra-personale-alla-capricorno-gallery\\\/\",\"name\":\"Caterina Arciprete: Take Away. Mostra Personale alla Capricorno Gallery\",\"isPartOf\":{\"@id\":\"https:\\\/\\\/www.pigrecoemme.com\\\/blog\\\/#website\"},\"primaryImageOfPage\":{\"@id\":\"https:\\\/\\\/www.pigrecoemme.com\\\/blog\\\/caterina-arciprete-take-away-mostra-personale-alla-capricorno-gallery\\\/#primaryimage\"},\"image\":{\"@id\":\"https:\\\/\\\/www.pigrecoemme.com\\\/blog\\\/caterina-arciprete-take-away-mostra-personale-alla-capricorno-gallery\\\/#primaryimage\"},\"thumbnailUrl\":\"https:\\\/\\\/i.vimeocdn.com\\\/video\\\/432170241_640.jpg\",\"datePublished\":\"2013-06-24T00:47:36+00:00\",\"dateModified\":\"2015-05-07T08:57:52+00:00\",\"breadcrumb\":{\"@id\":\"https:\\\/\\\/www.pigrecoemme.com\\\/blog\\\/caterina-arciprete-take-away-mostra-personale-alla-capricorno-gallery\\\/#breadcrumb\"},\"inLanguage\":\"it-IT\",\"potentialAction\":[{\"@type\":\"ReadAction\",\"target\":[\"https:\\\/\\\/www.pigrecoemme.com\\\/blog\\\/caterina-arciprete-take-away-mostra-personale-alla-capricorno-gallery\\\/\"]}]},{\"@type\":\"ImageObject\",\"inLanguage\":\"it-IT\",\"@id\":\"https:\\\/\\\/www.pigrecoemme.com\\\/blog\\\/caterina-arciprete-take-away-mostra-personale-alla-capricorno-gallery\\\/#primaryimage\",\"url\":\"https:\\\/\\\/i.vimeocdn.com\\\/video\\\/432170241_640.jpg\",\"contentUrl\":\"https:\\\/\\\/i.vimeocdn.com\\\/video\\\/432170241_640.jpg\"},{\"@type\":\"BreadcrumbList\",\"@id\":\"https:\\\/\\\/www.pigrecoemme.com\\\/blog\\\/caterina-arciprete-take-away-mostra-personale-alla-capricorno-gallery\\\/#breadcrumb\",\"itemListElement\":[{\"@type\":\"ListItem\",\"position\":1,\"name\":\"Home\",\"item\":\"https:\\\/\\\/www.pigrecoemme.com\\\/blog\\\/\"},{\"@type\":\"ListItem\",\"position\":2,\"name\":\"Caterina Arciprete: Take Away. Mostra Personale alla Capricorno Gallery\"}]},{\"@type\":\"WebSite\",\"@id\":\"https:\\\/\\\/www.pigrecoemme.com\\\/blog\\\/#website\",\"url\":\"https:\\\/\\\/www.pigrecoemme.com\\\/blog\\\/\",\"name\":\"Scuola di Cinema Pigrecoemme - Blog\",\"description\":\"Siamo la prima Scuola di Cinema e Fotografia di Napoli\",\"publisher\":{\"@id\":\"https:\\\/\\\/www.pigrecoemme.com\\\/blog\\\/#organization\"},\"potentialAction\":[{\"@type\":\"SearchAction\",\"target\":{\"@type\":\"EntryPoint\",\"urlTemplate\":\"https:\\\/\\\/www.pigrecoemme.com\\\/blog\\\/?s={search_term_string}\"},\"query-input\":{\"@type\":\"PropertyValueSpecification\",\"valueRequired\":true,\"valueName\":\"search_term_string\"}}],\"inLanguage\":\"it-IT\"},{\"@type\":\"Organization\",\"@id\":\"https:\\\/\\\/www.pigrecoemme.com\\\/blog\\\/#organization\",\"name\":\"Scuola di cinema e fotografia Pigrecoemme\",\"url\":\"https:\\\/\\\/www.pigrecoemme.com\\\/blog\\\/\",\"logo\":{\"@type\":\"ImageObject\",\"inLanguage\":\"it-IT\",\"@id\":\"https:\\\/\\\/www.pigrecoemme.com\\\/blog\\\/#\\\/schema\\\/logo\\\/image\\\/\",\"url\":\"https:\\\/\\\/i0.wp.com\\\/www.pigrecoemme.com\\\/blog\\\/wp-content\\\/uploads\\\/2018\\\/06\\\/logo-pigrecoemme-2018.png?fit=500%2C500&ssl=1\",\"contentUrl\":\"https:\\\/\\\/i0.wp.com\\\/www.pigrecoemme.com\\\/blog\\\/wp-content\\\/uploads\\\/2018\\\/06\\\/logo-pigrecoemme-2018.png?fit=500%2C500&ssl=1\",\"width\":500,\"height\":500,\"caption\":\"Scuola di cinema e fotografia Pigrecoemme\"},\"image\":{\"@id\":\"https:\\\/\\\/www.pigrecoemme.com\\\/blog\\\/#\\\/schema\\\/logo\\\/image\\\/\"},\"sameAs\":[\"https:\\\/\\\/www.facebook.com\\\/pigrecoemme\",\"https:\\\/\\\/x.com\\\/Pigrecoemme\",\"https:\\\/\\\/www.instagram.com\\\/pigrecoemme\\\/\",\"https:\\\/\\\/www.linkedin.com\\\/company\\\/pigrecoemme\\\/\",\"https:\\\/\\\/www.youtube.com\\\/pigrecoemme\"]},{\"@type\":\"Person\",\"@id\":\"https:\\\/\\\/www.pigrecoemme.com\\\/blog\\\/#\\\/schema\\\/person\\\/3fdd423e7c221a503812a1e86daec850\",\"name\":\"Rosario Gallone\",\"image\":{\"@type\":\"ImageObject\",\"inLanguage\":\"it-IT\",\"@id\":\"https:\\\/\\\/secure.gravatar.com\\\/avatar\\\/7172808a86a713dea422a3159a5fe73d8a0718671410a281103d82dea575d3e9?s=96&r=g\",\"url\":\"https:\\\/\\\/secure.gravatar.com\\\/avatar\\\/7172808a86a713dea422a3159a5fe73d8a0718671410a281103d82dea575d3e9?s=96&r=g\",\"contentUrl\":\"https:\\\/\\\/secure.gravatar.com\\\/avatar\\\/7172808a86a713dea422a3159a5fe73d8a0718671410a281103d82dea575d3e9?s=96&r=g\",\"caption\":\"Rosario Gallone\"},\"description\":\"Rosario \u00e8 tra i fondatori della Pigrecoemme, dove si occupa soprattutto del corso di regia e dell'organizzazione dei corsi. E' autore della sceneggiatura di Isa 9000 (mediometraggio con Isa Danieli diretto da Angelo Serio), del montaggio di documentari e della regia di alcuni cortometraggi.\",\"sameAs\":[\"http:\\\/\\\/www.pigrecoemme.com\\\/\",\"https:\\\/\\\/www.facebook.com\\\/rosario.gallone\",\"https:\\\/\\\/x.com\\\/RosarioGallone\"],\"url\":\"https:\\\/\\\/www.pigrecoemme.com\\\/blog\\\/author\\\/rosario-gallone\\\/\"}]}<\/script>\n<!-- \/ Yoast SEO plugin. -->","yoast_head_json":{"title":"Caterina Arciprete: Take Away. Mostra Personale alla Capricorno Gallery","robots":{"index":"index","follow":"follow","max-snippet":"max-snippet:-1","max-image-preview":"max-image-preview:large","max-video-preview":"max-video-preview:-1"},"canonical":"https:\/\/www.pigrecoemme.com\/blog\/caterina-arciprete-take-away-mostra-personale-alla-capricorno-gallery\/","og_locale":"it_IT","og_type":"article","og_title":"Caterina Arciprete: Take Away. Mostra Personale alla Capricorno Gallery","og_description":"Scuola di Cinema, Televisione e Fotografia - Napoli","og_url":"https:\/\/www.pigrecoemme.com\/blog\/caterina-arciprete-take-away-mostra-personale-alla-capricorno-gallery\/","og_site_name":"Scuola di Cinema Pigrecoemme - Blog","article_publisher":"https:\/\/www.facebook.com\/pigrecoemme","article_author":"https:\/\/www.facebook.com\/rosario.gallone","article_published_time":"2013-06-24T00:47:36+00:00","article_modified_time":"2015-05-07T08:57:52+00:00","og_image":[{"url":"https:\/\/i.vimeocdn.com\/video\/432170241_640.jpg","type":"","width":"","height":""}],"author":"Rosario Gallone","twitter_card":"summary_large_image","twitter_creator":"@RosarioGallone","twitter_site":"@Pigrecoemme","twitter_misc":{"Scritto da":"Rosario Gallone"},"schema":{"@context":"https:\/\/schema.org","@graph":[{"@type":["Article","BlogPosting"],"@id":"https:\/\/www.pigrecoemme.com\/blog\/caterina-arciprete-take-away-mostra-personale-alla-capricorno-gallery\/#article","isPartOf":{"@id":"https:\/\/www.pigrecoemme.com\/blog\/caterina-arciprete-take-away-mostra-personale-alla-capricorno-gallery\/"},"author":{"name":"Rosario Gallone","@id":"https:\/\/www.pigrecoemme.com\/blog\/#\/schema\/person\/3fdd423e7c221a503812a1e86daec850"},"headline":"Caterina Arciprete: Take Away. Mostra Personale alla Capricorno Gallery","datePublished":"2013-06-24T00:47:36+00:00","dateModified":"2015-05-07T08:57:52+00:00","mainEntityOfPage":{"@id":"https:\/\/www.pigrecoemme.com\/blog\/caterina-arciprete-take-away-mostra-personale-alla-capricorno-gallery\/"},"wordCount":75,"commentCount":0,"publisher":{"@id":"https:\/\/www.pigrecoemme.com\/blog\/#organization"},"image":{"@id":"https:\/\/www.pigrecoemme.com\/blog\/caterina-arciprete-take-away-mostra-personale-alla-capricorno-gallery\/#primaryimage"},"thumbnailUrl":"https:\/\/i.vimeocdn.com\/video\/432170241_640.jpg","keywords":["body painting","capricorno gallery","caterina arciprete","videoarte"],"articleSection":["Eventi","Generale","Produzioni"],"inLanguage":"it-IT","potentialAction":[{"@type":"CommentAction","name":"Comment","target":["https:\/\/www.pigrecoemme.com\/blog\/caterina-arciprete-take-away-mostra-personale-alla-capricorno-gallery\/#respond"]}]},{"@type":"WebPage","@id":"https:\/\/www.pigrecoemme.com\/blog\/caterina-arciprete-take-away-mostra-personale-alla-capricorno-gallery\/","url":"https:\/\/www.pigrecoemme.com\/blog\/caterina-arciprete-take-away-mostra-personale-alla-capricorno-gallery\/","name":"Caterina Arciprete: Take Away. Mostra Personale alla Capricorno Gallery","isPartOf":{"@id":"https:\/\/www.pigrecoemme.com\/blog\/#website"},"primaryImageOfPage":{"@id":"https:\/\/www.pigrecoemme.com\/blog\/caterina-arciprete-take-away-mostra-personale-alla-capricorno-gallery\/#primaryimage"},"image":{"@id":"https:\/\/www.pigrecoemme.com\/blog\/caterina-arciprete-take-away-mostra-personale-alla-capricorno-gallery\/#primaryimage"},"thumbnailUrl":"https:\/\/i.vimeocdn.com\/video\/432170241_640.jpg","datePublished":"2013-06-24T00:47:36+00:00","dateModified":"2015-05-07T08:57:52+00:00","breadcrumb":{"@id":"https:\/\/www.pigrecoemme.com\/blog\/caterina-arciprete-take-away-mostra-personale-alla-capricorno-gallery\/#breadcrumb"},"inLanguage":"it-IT","potentialAction":[{"@type":"ReadAction","target":["https:\/\/www.pigrecoemme.com\/blog\/caterina-arciprete-take-away-mostra-personale-alla-capricorno-gallery\/"]}]},{"@type":"ImageObject","inLanguage":"it-IT","@id":"https:\/\/www.pigrecoemme.com\/blog\/caterina-arciprete-take-away-mostra-personale-alla-capricorno-gallery\/#primaryimage","url":"https:\/\/i.vimeocdn.com\/video\/432170241_640.jpg","contentUrl":"https:\/\/i.vimeocdn.com\/video\/432170241_640.jpg"},{"@type":"BreadcrumbList","@id":"https:\/\/www.pigrecoemme.com\/blog\/caterina-arciprete-take-away-mostra-personale-alla-capricorno-gallery\/#breadcrumb","itemListElement":[{"@type":"ListItem","position":1,"name":"Home","item":"https:\/\/www.pigrecoemme.com\/blog\/"},{"@type":"ListItem","position":2,"name":"Caterina Arciprete: Take Away. Mostra Personale alla Capricorno Gallery"}]},{"@type":"WebSite","@id":"https:\/\/www.pigrecoemme.com\/blog\/#website","url":"https:\/\/www.pigrecoemme.com\/blog\/","name":"Scuola di Cinema Pigrecoemme - Blog","description":"Siamo la prima Scuola di Cinema e Fotografia di Napoli","publisher":{"@id":"https:\/\/www.pigrecoemme.com\/blog\/#organization"},"potentialAction":[{"@type":"SearchAction","target":{"@type":"EntryPoint","urlTemplate":"https:\/\/www.pigrecoemme.com\/blog\/?s={search_term_string}"},"query-input":{"@type":"PropertyValueSpecification","valueRequired":true,"valueName":"search_term_string"}}],"inLanguage":"it-IT"},{"@type":"Organization","@id":"https:\/\/www.pigrecoemme.com\/blog\/#organization","name":"Scuola di cinema e fotografia Pigrecoemme","url":"https:\/\/www.pigrecoemme.com\/blog\/","logo":{"@type":"ImageObject","inLanguage":"it-IT","@id":"https:\/\/www.pigrecoemme.com\/blog\/#\/schema\/logo\/image\/","url":"https:\/\/i0.wp.com\/www.pigrecoemme.com\/blog\/wp-content\/uploads\/2018\/06\/logo-pigrecoemme-2018.png?fit=500%2C500&ssl=1","contentUrl":"https:\/\/i0.wp.com\/www.pigrecoemme.com\/blog\/wp-content\/uploads\/2018\/06\/logo-pigrecoemme-2018.png?fit=500%2C500&ssl=1","width":500,"height":500,"caption":"Scuola di cinema e fotografia Pigrecoemme"},"image":{"@id":"https:\/\/www.pigrecoemme.com\/blog\/#\/schema\/logo\/image\/"},"sameAs":["https:\/\/www.facebook.com\/pigrecoemme","https:\/\/x.com\/Pigrecoemme","https:\/\/www.instagram.com\/pigrecoemme\/","https:\/\/www.linkedin.com\/company\/pigrecoemme\/","https:\/\/www.youtube.com\/pigrecoemme"]},{"@type":"Person","@id":"https:\/\/www.pigrecoemme.com\/blog\/#\/schema\/person\/3fdd423e7c221a503812a1e86daec850","name":"Rosario Gallone","image":{"@type":"ImageObject","inLanguage":"it-IT","@id":"https:\/\/secure.gravatar.com\/avatar\/7172808a86a713dea422a3159a5fe73d8a0718671410a281103d82dea575d3e9?s=96&r=g","url":"https:\/\/secure.gravatar.com\/avatar\/7172808a86a713dea422a3159a5fe73d8a0718671410a281103d82dea575d3e9?s=96&r=g","contentUrl":"https:\/\/secure.gravatar.com\/avatar\/7172808a86a713dea422a3159a5fe73d8a0718671410a281103d82dea575d3e9?s=96&r=g","caption":"Rosario Gallone"},"description":"Rosario \u00e8 tra i fondatori della Pigrecoemme, dove si occupa soprattutto del corso di regia e dell'organizzazione dei corsi. E' autore della sceneggiatura di Isa 9000 (mediometraggio con Isa Danieli diretto da Angelo Serio), del montaggio di documentari e della regia di alcuni cortometraggi.","sameAs":["http:\/\/www.pigrecoemme.com\/","https:\/\/www.facebook.com\/rosario.gallone","https:\/\/x.com\/RosarioGallone"],"url":"https:\/\/www.pigrecoemme.com\/blog\/author\/rosario-gallone\/"}]}},"jetpack_sharing_enabled":true,"jetpack_likes_enabled":true,"jetpack-related-posts":[{"id":202,"url":"https:\/\/www.pigrecoemme.com\/blog\/videoinchiesta-sul-potere\/","url_meta":{"origin":683,"position":0},"title":"Videoinchiesta sul potere","author":"Giacomo Fabbrocino","date":"11 Febbraio 2010","format":false,"excerpt":"Come forse gi\u00e0 saprete la sesta edizione dell'Arte della felicit\u00e0 avr\u00e0 come tema il potere. In questi giorni Pigrecoemme sta realizzando per la prestigiosa rassegna \u00a0di incontri e conversazioni\u00a0una videoinchiesta sulla percezione del Potere, intervistando la \u201cgente comune\u201d in appositi spazi allestiti in luoghi di passaggio strategici. Tutte le persone\u2026","rel":"","context":"In &quot;Eventi&quot;","block_context":{"text":"Eventi","link":"https:\/\/www.pigrecoemme.com\/blog\/eventi\/"},"img":{"alt_text":"","src":"https:\/\/i0.wp.com\/www.pigrecoemme.com\/blog\/wp-content\/uploads\/2010\/02\/videoinchiesta-sul-potere-300x200.jpg?resize=350%2C200","width":350,"height":200},"classes":[]},{"id":266,"url":"https:\/\/www.pigrecoemme.com\/blog\/la-politica-culturale-a-napoli-e-in-campania-quali-prospettive-per-la-didattica-e-la-piccola-produzione\/","url_meta":{"origin":683,"position":1},"title":"La politica culturale a Napoli e in Campania. Quali prospettive per la didattica e la piccola produzione?","author":"Giacomo Fabbrocino","date":"13 Settembre 2010","format":false,"excerpt":"Quella che segue \u00e8 la lettera sulla politica culturale a Napoli e in Campania scritta dal presidente di Pigrecoemme, Corardo Morra e pubblicata sabato 11 settembre su La Repubblica di Napoli. Lo scorso 5 settembre, su queste pagine, Antonella Di Nocera, direttrice dell\u2019Arci Movie, ha ripreso la discussione sulle politiche\u2026","rel":"","context":"In &quot;Generale&quot;","block_context":{"text":"Generale","link":"https:\/\/www.pigrecoemme.com\/blog\/generale\/"},"img":{"alt_text":"","src":"","width":0,"height":0},"classes":[]},{"id":1987,"url":"https:\/\/www.pigrecoemme.com\/blog\/guido-dapuzzo-e-le-meraviglie-del-foro-stenopeico\/","url_meta":{"origin":683,"position":2},"title":"Guido D\u2019Apuzzo e le meraviglie del Foro Stenopeico","author":"Pigrecoemme","date":"10 Ottobre 2017","format":false,"excerpt":"Venerd\u00ec 20 ottobre alle 16:00, nell\u2019ambito della rassegna\u00a0Incontri fotografici, Luca Sorbo, docente all'Accademia di Belle Arti di Napoli e curatore dei nostri corsi di fotografia, incontrer\u00e0 nella sede della Pigrecoemme Guido D'Apuzzo, profondo conoscitore delle possibilit\u00e0 creative del foro stenopeico, per parlare di questa pratica fotografica che pur situandosi all'origine\u2026","rel":"","context":"In &quot;Eventi&quot;","block_context":{"text":"Eventi","link":"https:\/\/www.pigrecoemme.com\/blog\/eventi\/"},"img":{"alt_text":"Guido D\u2019Apuzzo e le meraviglie del Foro Stenopeico","src":"https:\/\/i0.wp.com\/www.pigrecoemme.com\/blog\/wp-content\/uploads\/2017\/10\/guido-dapuzzo-foro-stenopeico.jpg?resize=350%2C200","width":350,"height":200},"classes":[]},{"id":2903,"url":"https:\/\/www.pigrecoemme.com\/blog\/situazione-critica-15-pedro-armocida-parla-di-giuliano-montaldo\/","url_meta":{"origin":683,"position":3},"title":"Situazione critica #15: Pedro Armocida parla di Giuliano Montaldo","author":"Pigrecoemme","date":"29 Ottobre 2020","format":false,"excerpt":"Il quindicesimo appuntamento di Situazione Critica \u2013 l\u2019iniziativa della Scuola di cinema Pigrecoemme di Napoli cominciata a maggio 2018 \u2013 si terr\u00e0 on line, sulla piattaforma Zoom (link per la riunione - password: critica15) e in streaming su Facebook, sabato 7 novembre 2020 a partire dalle 16:30. L\u2019ospite Pedro Armocida\u2026","rel":"","context":"In &quot;Analisi e Critica&quot;","block_context":{"text":"Analisi e Critica","link":"https:\/\/www.pigrecoemme.com\/blog\/analisi-e-critica-2\/"},"img":{"alt_text":"situazione critica 15","src":"https:\/\/i0.wp.com\/www.pigrecoemme.com\/blog\/wp-content\/uploads\/2020\/11\/situazione-critica-15.jpg?resize=350%2C200&ssl=1","width":350,"height":200,"srcset":"https:\/\/i0.wp.com\/www.pigrecoemme.com\/blog\/wp-content\/uploads\/2020\/11\/situazione-critica-15.jpg?resize=350%2C200&ssl=1 1x, https:\/\/i0.wp.com\/www.pigrecoemme.com\/blog\/wp-content\/uploads\/2020\/11\/situazione-critica-15.jpg?resize=525%2C300&ssl=1 1.5x, https:\/\/i0.wp.com\/www.pigrecoemme.com\/blog\/wp-content\/uploads\/2020\/11\/situazione-critica-15.jpg?resize=700%2C400&ssl=1 2x"},"classes":[]},{"id":131,"url":"https:\/\/www.pigrecoemme.com\/blog\/1000-artisti-a-palazzo-tra-loro-lo-scomparso-salvatore-morra-supino\/","url_meta":{"origin":683,"position":4},"title":"1000 artisti a palazzo. Tra loro lo scomparso Salvatore Morra-Supino","author":"Giacomo Fabbrocino","date":"3 Marzo 2009","format":false,"excerpt":"Apre il prossimo sabato 7 marzo 2009, alle ore 16,00 a Cesano Maderno, vicino a Milano, nelle sale di Palazzo Arese Borromeo e nell\u2019antica Chiesa di Santo Stefano auditorium \u201cPaolo e Davide Disar\u00f2\u201d, la mostra collettiva \u201c1000 artisti a Palazzo\u201d. L\u2019iniziativa, ideata da Fiorenzo Barindelli, vede la partecipazione straordinaria di\u2026","rel":"","context":"In &quot;Eventi&quot;","block_context":{"text":"Eventi","link":"https:\/\/www.pigrecoemme.com\/blog\/eventi\/"},"img":{"alt_text":"","src":"https:\/\/i0.wp.com\/www.pigrecoemme.com\/blog\/wp-content\/uploads\/2009\/03\/mille-artisti-300x150.jpg?resize=350%2C200","width":350,"height":200},"classes":[]},{"id":762,"url":"https:\/\/www.pigrecoemme.com\/blog\/il-sogno-della-pittura-di-salvatore-morra-supino\/","url_meta":{"origin":683,"position":5},"title":"Il sogno della pittura di Salvatore Morra Supino, una retrospettiva a Napoli","author":"Corrado Morra","date":"14 Gennaio 2014","format":false,"excerpt":"Sabato 18 gennaio, alle ore 18,00, presso la Galleria Arti Decorative di Napoli (Vicoletto Ischitella 8), si terr\u00e0 l\u2019inaugurazione della mostra \u201cIl sogno della pittura\u201d, retrospettiva dell\u2019artista napoletano Salvatore Morra Supino, patrocinata dall\u2019Assessorato alla Cultura del Comune di Napoli. L\u2019esposizione, che cade in occasione degli ottant\u2019anni dalla nascita dell\u2019artista e\u2026","rel":"","context":"In &quot;Eventi&quot;","block_context":{"text":"Eventi","link":"https:\/\/www.pigrecoemme.com\/blog\/eventi\/"},"img":{"alt_text":"","src":"https:\/\/i0.wp.com\/www.pigrecoemme.com\/blog\/wp-content\/uploads\/2014\/01\/il-sogno-della-pittura.png?resize=350%2C200","width":350,"height":200,"srcset":"https:\/\/i0.wp.com\/www.pigrecoemme.com\/blog\/wp-content\/uploads\/2014\/01\/il-sogno-della-pittura.png?resize=350%2C200 1x, https:\/\/i0.wp.com\/www.pigrecoemme.com\/blog\/wp-content\/uploads\/2014\/01\/il-sogno-della-pittura.png?resize=525%2C300 1.5x, https:\/\/i0.wp.com\/www.pigrecoemme.com\/blog\/wp-content\/uploads\/2014\/01\/il-sogno-della-pittura.png?resize=700%2C400 2x"},"classes":[]}],"jetpack_featured_media_url":"","_links":{"self":[{"href":"https:\/\/www.pigrecoemme.com\/blog\/wp-json\/wp\/v2\/posts\/683","targetHints":{"allow":["GET"]}}],"collection":[{"href":"https:\/\/www.pigrecoemme.com\/blog\/wp-json\/wp\/v2\/posts"}],"about":[{"href":"https:\/\/www.pigrecoemme.com\/blog\/wp-json\/wp\/v2\/types\/post"}],"author":[{"embeddable":true,"href":"https:\/\/www.pigrecoemme.com\/blog\/wp-json\/wp\/v2\/users\/3"}],"replies":[{"embeddable":true,"href":"https:\/\/www.pigrecoemme.com\/blog\/wp-json\/wp\/v2\/comments?post=683"}],"version-history":[{"count":0,"href":"https:\/\/www.pigrecoemme.com\/blog\/wp-json\/wp\/v2\/posts\/683\/revisions"}],"wp:attachment":[{"href":"https:\/\/www.pigrecoemme.com\/blog\/wp-json\/wp\/v2\/media?parent=683"}],"wp:term":[{"taxonomy":"category","embeddable":true,"href":"https:\/\/www.pigrecoemme.com\/blog\/wp-json\/wp\/v2\/categories?post=683"},{"taxonomy":"post_tag","embeddable":true,"href":"https:\/\/www.pigrecoemme.com\/blog\/wp-json\/wp\/v2\/tags?post=683"}],"curies":[{"name":"wp","href":"https:\/\/api.w.org\/{rel}","templated":true}]}}