{"id":678,"date":"2013-06-24T16:17:03","date_gmt":"2013-06-24T14:17:03","guid":{"rendered":"http:\/\/www.pigrecoemme.com\/blog\/?p=678"},"modified":"2015-01-29T18:04:18","modified_gmt":"2015-01-29T17:04:18","slug":"chiude-con-gli-occhi-del-cinema","status":"publish","type":"post","link":"https:\/\/www.pigrecoemme.com\/blog\/chiude-con-gli-occhi-del-cinema\/","title":{"rendered":"Ultimo appuntamento della rassegna Con gli occhi del cinema"},"content":{"rendered":"<p style=\"text-align: left;\">Si conclude <strong>marted\u00ec 25 giugno<\/strong> la rassegna <a href=\"https:\/\/www.pigrecoemme.com\/blog\/con-gli-occhi-del-cinema\/\">Con gli occhi del cinema<\/a>, a cura dell\u2019associazione <strong>Tycho<\/strong>, in collaborazione con la Scuola di Cinema, Televisione e Fotografia <strong>Pigrecoemme<\/strong>, con una serata dedicata al cinema che racconta lo sport. Due le proiezioni in programma che, <strong>a ingresso gratuito fino a esaurimento posti<\/strong>, partiranno dalle <strong>ore 17,00<\/strong> alla <a href=\"www.mediatecasantasofia.it\">Mediateca Santa Sofia<\/a> (Via Santa Sofia, 7).<\/p>\n<p>I film, concentrati entrambi sullo sport come ipotesi di emancipazione sociale, sono i documentari <strong>La palla a due punte<\/strong> del fotografo e regista <strong>Gaetano Massa<\/strong> che, coprodotto da Pigrecoemme, racconta l\u2019esperienza sociale che <strong>Vittorio Mazzone<\/strong>, attraverso il rugby, gestisce da diversi anni ad Afragola, e, in prima assoluta, <strong>United &#8211; Campioni fuori da ghetto<\/strong> di <strong>Giovanna Amore<\/strong> e <strong>Celeste Sabatino<\/strong>, l\u2019entusiasmante storia di una squadra di calcio molto particolare, l\u2019<strong>Afro-Napoli United<\/strong>.<\/p>\n<p>La serata sar\u00e0 aperta dall\u2019<strong>assessore ai Giovani e alle Politiche giovanili <\/strong>del <strong>Comune di Napoli<\/strong><strong> Alessandra Clemente<\/strong>, e si concluder\u00e0 con un incontro che, oltre alle delegazioni delle due giovani squadre, vedr\u00e0 la partecipazione delle autrici\u00a0<strong>Giovanna Amore e<\/strong> <strong>Celeste Sabatino<\/strong>, <strong>Claudia Pascotto<\/strong> <strong>e<\/strong> <span style=\"font-weight: bold;\">Paola Savinelli<\/span> dell\u2019associazione <strong>Tycho<\/strong>, <strong>Corrado Morra<\/strong>, responsabile della Pigrecoemme, e <strong>Antonio Gargiulo<\/strong>, presidente di Gesco, in qualit\u00e0 di co-fondatore e presidente dell\u2019Afro-Napoli United.<\/p>\n<p><!--more Continua a leggere --><\/p>\n<p><strong>I FILM<\/strong><\/p>\n<p><strong>LA PALLA A DUE PUNTE<br \/>\ndi Gaetano Massa (Italia 2010, 30\u2019)<\/strong><\/p>\n<figure id=\"attachment_679\" aria-describedby=\"caption-attachment-679\" style=\"width: 300px\" class=\"wp-caption alignleft\"><a href=\"https:\/\/i0.wp.com\/www.pigrecoemme.com\/blog\/wp-content\/uploads\/2013\/06\/gaetano-massa.jpg?ssl=1\"><img data-recalc-dims=\"1\" loading=\"lazy\" decoding=\"async\" class=\"size-medium wp-image-679\" title=\"gaetano-massa\" src=\"https:\/\/i0.wp.com\/www.pigrecoemme.com\/blog\/wp-content\/uploads\/2013\/06\/gaetano-massa.jpg?resize=300%2C200&#038;ssl=1\" alt=\"\" width=\"300\" height=\"200\" srcset=\"https:\/\/i0.wp.com\/www.pigrecoemme.com\/blog\/wp-content\/uploads\/2013\/06\/gaetano-massa.jpg?resize=300%2C200&amp;ssl=1 300w, https:\/\/i0.wp.com\/www.pigrecoemme.com\/blog\/wp-content\/uploads\/2013\/06\/gaetano-massa.jpg?w=499&amp;ssl=1 499w\" sizes=\"auto, (max-width: 300px) 100vw, 300px\" \/><\/a><figcaption id=\"caption-attachment-679\" class=\"wp-caption-text\">Un autoritratto di Gaetano Massa<\/figcaption><\/figure>\n<p>Nella provincia a nord di Napoli esistono anche realt\u00e0 positive, come quella portata avanti dal professore e allenatore Vittorio Mazzone. Attraverso il gioco del rugby, Mazzone riesce a coinvolgere ragazzini provenienti dalle zone maggiormente disagiate di Afragola. E il rugby diventa la perfetta metafora di come, per conseguire gli obiettivi che nella vita ci si prefigge, il sacrificio e il lavoro di squadra siano gli unici \u201cschemi vincenti\u201d.<\/p>\n<p><strong>A SEGUIRE:<\/strong><\/p>\n<p>&nbsp;<\/p>\n<figure id=\"attachment_681\" aria-describedby=\"caption-attachment-681\" style=\"width: 300px\" class=\"wp-caption alignleft\"><a href=\"https:\/\/i0.wp.com\/www.pigrecoemme.com\/blog\/wp-content\/uploads\/2013\/06\/afro-united1.jpg?ssl=1\"><img data-recalc-dims=\"1\" loading=\"lazy\" decoding=\"async\" class=\"size-medium wp-image-681   \" title=\"afro-united1\" src=\"https:\/\/i0.wp.com\/www.pigrecoemme.com\/blog\/wp-content\/uploads\/2013\/06\/afro-united1.jpg?resize=300%2C200&#038;ssl=1\" alt=\"La squadra di calcio Afro-United Napoli\" width=\"300\" height=\"200\" srcset=\"https:\/\/i0.wp.com\/www.pigrecoemme.com\/blog\/wp-content\/uploads\/2013\/06\/afro-united1.jpg?resize=300%2C200&amp;ssl=1 300w, https:\/\/i0.wp.com\/www.pigrecoemme.com\/blog\/wp-content\/uploads\/2013\/06\/afro-united1.jpg?w=595&amp;ssl=1 595w\" sizes=\"auto, (max-width: 300px) 100vw, 300px\" \/><\/a><figcaption id=\"caption-attachment-681\" class=\"wp-caption-text\">La squadra di calcio Afro-Napoli United<\/figcaption><\/figure>\n<p><strong>UNITED &#8211; CAMPIONI FUORI DAL GHETTO<br \/>\ndi Giovanna Amore e Celeste Sabatino (Italia 2013, 45\u2019)<\/strong><\/p>\n<p>Una storia di sport, ma anche di vita e di riscatto sociale: l\u2019Afro-Napoli United, squadra di calcio dilettante, ha creato una concreta opportunit\u00e0 di solidariet\u00e0 e accoglienza superando i pregiudizi e le barriere razziali, unendo in un solo gruppo ragazzi africani, sudamericani e napoletani. Il film ne narra le gioie e i dolori, le vittorie e le delusioni, con l\u2019intento di dare uno sguardo anche oltre il campo, per comprendere la quotidianit\u00e0 di quello che comunemente viene definito \u201cimmigrato\u201d.<\/p>\n<p>La rassegna <strong>Con gli occhi del cinema<\/strong> si inserisce nel progetto <strong>Il clan degli artisti<\/strong>, promosso dall\u2019Assessorato ai Giovani e Politiche giovanili del Comune di Napoli e dalla Regione Campania, che si concluder\u00e0, con una serie di eventi a <strong>Scampia<\/strong>, <strong>venerd\u00ec 28 giugno<\/strong>.<\/p>\n<p><strong>Info: 3387906876 \u2013 3402393211<\/strong><\/p>\n","protected":false},"excerpt":{"rendered":"<p>Si conclude marted\u00ec 25 giugno la rassegna Con gli occhi del cinema, a cura dell\u2019associazione Tycho, in collaborazione con la Scuola di Cinema, Televisione e Fotografia Pigrecoemme, con una serata dedicata al cinema che&hellip;<\/p>\n","protected":false},"author":2,"featured_media":0,"comment_status":"open","ping_status":"open","sticky":false,"template":"","format":"standard","meta":{"_jetpack_newsletter_access":"","_jetpack_dont_email_post_to_subs":false,"_jetpack_newsletter_tier_id":0,"_jetpack_memberships_contains_paywalled_content":false,"_jetpack_feature_clip_id":0,"_jetpack_memberships_contains_paid_content":false,"footnotes":"","jetpack_post_was_ever_published":false},"categories":[11,1],"tags":[821,126,815,242,58,811],"class_list":["post-678","post","type-post","status-publish","format-standard","hentry","category-eventi","category-generale","tag-afro-napoli-united","tag-gaetano-massa","tag-il-clan-degli-artisti","tag-mediateca-santa-sofia","tag-pigrecoemme","tag-tycho"],"yoast_head":"<!-- This site is optimized with the Yoast SEO plugin v28.3 - https:\/\/yoast.com\/product\/yoast-seo-wordpress\/ -->\n<title>Ultimo appuntamento della rassegna Con gli occhi del cinema<\/title>\n<meta name=\"robots\" content=\"index, follow, max-snippet:-1, max-image-preview:large, max-video-preview:-1\" \/>\n<link rel=\"canonical\" href=\"https:\/\/www.pigrecoemme.com\/blog\/chiude-con-gli-occhi-del-cinema\/\" \/>\n<meta property=\"og:locale\" content=\"it_IT\" \/>\n<meta property=\"og:type\" content=\"article\" \/>\n<meta property=\"og:title\" content=\"Ultimo appuntamento della rassegna Con gli occhi del cinema\" \/>\n<meta property=\"og:description\" content=\"Si conclude marted\u00ec 25 giugno la rassegna Con gli occhi del cinema, a cura dell\u2019associazione Tycho, in collaborazione con la Scuola di Cinema, Televisione e Fotografia Pigrecoemme, con una serata dedicata al cinema che&hellip;\" \/>\n<meta property=\"og:url\" content=\"https:\/\/www.pigrecoemme.com\/blog\/chiude-con-gli-occhi-del-cinema\/\" \/>\n<meta property=\"og:site_name\" content=\"Scuola di Cinema Pigrecoemme - Blog\" \/>\n<meta property=\"article:publisher\" content=\"https:\/\/www.facebook.com\/pigrecoemme\" \/>\n<meta property=\"article:author\" content=\"https:\/\/www.facebook.com\/corrado.morra1\" \/>\n<meta property=\"article:published_time\" content=\"2013-06-24T14:17:03+00:00\" \/>\n<meta property=\"article:modified_time\" content=\"2015-01-29T17:04:18+00:00\" \/>\n<meta property=\"og:image\" content=\"http:\/\/www.pigrecoemme.com\/blog\/wp-content\/uploads\/2013\/06\/gaetano-massa-300x200.jpg\" \/>\n<meta name=\"author\" content=\"Corrado Morra\" \/>\n<meta name=\"twitter:card\" content=\"summary_large_image\" \/>\n<meta name=\"twitter:creator\" content=\"@Pigrecoemme\" \/>\n<meta name=\"twitter:site\" content=\"@Pigrecoemme\" \/>\n<meta name=\"twitter:label1\" content=\"Scritto da\" \/>\n\t<meta name=\"twitter:data1\" content=\"Corrado Morra\" \/>\n\t<meta name=\"twitter:label2\" content=\"Tempo di lettura stimato\" \/>\n\t<meta name=\"twitter:data2\" content=\"2 minuti\" \/>\n<script type=\"application\/ld+json\" class=\"yoast-schema-graph\">{\"@context\":\"https:\\\/\\\/schema.org\",\"@graph\":[{\"@type\":[\"Article\",\"BlogPosting\"],\"@id\":\"https:\\\/\\\/www.pigrecoemme.com\\\/blog\\\/chiude-con-gli-occhi-del-cinema\\\/#article\",\"isPartOf\":{\"@id\":\"https:\\\/\\\/www.pigrecoemme.com\\\/blog\\\/chiude-con-gli-occhi-del-cinema\\\/\"},\"author\":{\"name\":\"Corrado Morra\",\"@id\":\"https:\\\/\\\/www.pigrecoemme.com\\\/blog\\\/#\\\/schema\\\/person\\\/702764b5ecda4c2f34e82348789f649e\"},\"headline\":\"Ultimo appuntamento della rassegna Con gli occhi del cinema\",\"datePublished\":\"2013-06-24T14:17:03+00:00\",\"dateModified\":\"2015-01-29T17:04:18+00:00\",\"mainEntityOfPage\":{\"@id\":\"https:\\\/\\\/www.pigrecoemme.com\\\/blog\\\/chiude-con-gli-occhi-del-cinema\\\/\"},\"wordCount\":458,\"commentCount\":0,\"publisher\":{\"@id\":\"https:\\\/\\\/www.pigrecoemme.com\\\/blog\\\/#organization\"},\"image\":{\"@id\":\"https:\\\/\\\/www.pigrecoemme.com\\\/blog\\\/chiude-con-gli-occhi-del-cinema\\\/#primaryimage\"},\"thumbnailUrl\":\"http:\\\/\\\/www.pigrecoemme.com\\\/blog\\\/wp-content\\\/uploads\\\/2013\\\/06\\\/gaetano-massa-300x200.jpg\",\"keywords\":[\"afro-napoli united\",\"gaetano massa\",\"il clan degli artisti\",\"mediateca santa sofia\",\"pigrecoemme\",\"tycho\"],\"articleSection\":[\"Eventi\",\"Generale\"],\"inLanguage\":\"it-IT\",\"potentialAction\":[{\"@type\":\"CommentAction\",\"name\":\"Comment\",\"target\":[\"https:\\\/\\\/www.pigrecoemme.com\\\/blog\\\/chiude-con-gli-occhi-del-cinema\\\/#respond\"]}]},{\"@type\":\"WebPage\",\"@id\":\"https:\\\/\\\/www.pigrecoemme.com\\\/blog\\\/chiude-con-gli-occhi-del-cinema\\\/\",\"url\":\"https:\\\/\\\/www.pigrecoemme.com\\\/blog\\\/chiude-con-gli-occhi-del-cinema\\\/\",\"name\":\"Ultimo appuntamento della rassegna Con gli occhi del cinema\",\"isPartOf\":{\"@id\":\"https:\\\/\\\/www.pigrecoemme.com\\\/blog\\\/#website\"},\"primaryImageOfPage\":{\"@id\":\"https:\\\/\\\/www.pigrecoemme.com\\\/blog\\\/chiude-con-gli-occhi-del-cinema\\\/#primaryimage\"},\"image\":{\"@id\":\"https:\\\/\\\/www.pigrecoemme.com\\\/blog\\\/chiude-con-gli-occhi-del-cinema\\\/#primaryimage\"},\"thumbnailUrl\":\"http:\\\/\\\/www.pigrecoemme.com\\\/blog\\\/wp-content\\\/uploads\\\/2013\\\/06\\\/gaetano-massa-300x200.jpg\",\"datePublished\":\"2013-06-24T14:17:03+00:00\",\"dateModified\":\"2015-01-29T17:04:18+00:00\",\"breadcrumb\":{\"@id\":\"https:\\\/\\\/www.pigrecoemme.com\\\/blog\\\/chiude-con-gli-occhi-del-cinema\\\/#breadcrumb\"},\"inLanguage\":\"it-IT\",\"potentialAction\":[{\"@type\":\"ReadAction\",\"target\":[\"https:\\\/\\\/www.pigrecoemme.com\\\/blog\\\/chiude-con-gli-occhi-del-cinema\\\/\"]}]},{\"@type\":\"ImageObject\",\"inLanguage\":\"it-IT\",\"@id\":\"https:\\\/\\\/www.pigrecoemme.com\\\/blog\\\/chiude-con-gli-occhi-del-cinema\\\/#primaryimage\",\"url\":\"http:\\\/\\\/www.pigrecoemme.com\\\/blog\\\/wp-content\\\/uploads\\\/2013\\\/06\\\/gaetano-massa-300x200.jpg\",\"contentUrl\":\"http:\\\/\\\/www.pigrecoemme.com\\\/blog\\\/wp-content\\\/uploads\\\/2013\\\/06\\\/gaetano-massa-300x200.jpg\"},{\"@type\":\"BreadcrumbList\",\"@id\":\"https:\\\/\\\/www.pigrecoemme.com\\\/blog\\\/chiude-con-gli-occhi-del-cinema\\\/#breadcrumb\",\"itemListElement\":[{\"@type\":\"ListItem\",\"position\":1,\"name\":\"Home\",\"item\":\"https:\\\/\\\/www.pigrecoemme.com\\\/blog\\\/\"},{\"@type\":\"ListItem\",\"position\":2,\"name\":\"Ultimo appuntamento della rassegna Con gli occhi del cinema\"}]},{\"@type\":\"WebSite\",\"@id\":\"https:\\\/\\\/www.pigrecoemme.com\\\/blog\\\/#website\",\"url\":\"https:\\\/\\\/www.pigrecoemme.com\\\/blog\\\/\",\"name\":\"Scuola di Cinema Pigrecoemme - Blog\",\"description\":\"Siamo la prima Scuola di Cinema e Fotografia di Napoli\",\"publisher\":{\"@id\":\"https:\\\/\\\/www.pigrecoemme.com\\\/blog\\\/#organization\"},\"potentialAction\":[{\"@type\":\"SearchAction\",\"target\":{\"@type\":\"EntryPoint\",\"urlTemplate\":\"https:\\\/\\\/www.pigrecoemme.com\\\/blog\\\/?s={search_term_string}\"},\"query-input\":{\"@type\":\"PropertyValueSpecification\",\"valueRequired\":true,\"valueName\":\"search_term_string\"}}],\"inLanguage\":\"it-IT\"},{\"@type\":\"Organization\",\"@id\":\"https:\\\/\\\/www.pigrecoemme.com\\\/blog\\\/#organization\",\"name\":\"Scuola di cinema e fotografia Pigrecoemme\",\"url\":\"https:\\\/\\\/www.pigrecoemme.com\\\/blog\\\/\",\"logo\":{\"@type\":\"ImageObject\",\"inLanguage\":\"it-IT\",\"@id\":\"https:\\\/\\\/www.pigrecoemme.com\\\/blog\\\/#\\\/schema\\\/logo\\\/image\\\/\",\"url\":\"https:\\\/\\\/i0.wp.com\\\/www.pigrecoemme.com\\\/blog\\\/wp-content\\\/uploads\\\/2018\\\/06\\\/logo-pigrecoemme-2018.png?fit=500%2C500&ssl=1\",\"contentUrl\":\"https:\\\/\\\/i0.wp.com\\\/www.pigrecoemme.com\\\/blog\\\/wp-content\\\/uploads\\\/2018\\\/06\\\/logo-pigrecoemme-2018.png?fit=500%2C500&ssl=1\",\"width\":500,\"height\":500,\"caption\":\"Scuola di cinema e fotografia Pigrecoemme\"},\"image\":{\"@id\":\"https:\\\/\\\/www.pigrecoemme.com\\\/blog\\\/#\\\/schema\\\/logo\\\/image\\\/\"},\"sameAs\":[\"https:\\\/\\\/www.facebook.com\\\/pigrecoemme\",\"https:\\\/\\\/x.com\\\/Pigrecoemme\",\"https:\\\/\\\/www.instagram.com\\\/pigrecoemme\\\/\",\"https:\\\/\\\/www.linkedin.com\\\/company\\\/pigrecoemme\\\/\",\"https:\\\/\\\/www.youtube.com\\\/pigrecoemme\"]},{\"@type\":\"Person\",\"@id\":\"https:\\\/\\\/www.pigrecoemme.com\\\/blog\\\/#\\\/schema\\\/person\\\/702764b5ecda4c2f34e82348789f649e\",\"name\":\"Corrado Morra\",\"image\":{\"@type\":\"ImageObject\",\"inLanguage\":\"it-IT\",\"@id\":\"https:\\\/\\\/secure.gravatar.com\\\/avatar\\\/f6ce2f6728fbdf920737112fe70682512808577befa2c9c7845c04a8449b8f03?s=96&r=g\",\"url\":\"https:\\\/\\\/secure.gravatar.com\\\/avatar\\\/f6ce2f6728fbdf920737112fe70682512808577befa2c9c7845c04a8449b8f03?s=96&r=g\",\"contentUrl\":\"https:\\\/\\\/secure.gravatar.com\\\/avatar\\\/f6ce2f6728fbdf920737112fe70682512808577befa2c9c7845c04a8449b8f03?s=96&r=g\",\"caption\":\"Corrado Morra\"},\"description\":\"Esperto di arti visive e di cinema, insegna Sceneggiatura alla Scuola di cinema Pigrecoemme di Napoli, di cui \u00e8 tra i fondatori.\",\"sameAs\":[\"http:\\\/\\\/www.pigrecoemme.com\\\/\",\"https:\\\/\\\/www.facebook.com\\\/corrado.morra1\"],\"url\":\"https:\\\/\\\/www.pigrecoemme.com\\\/blog\\\/author\\\/corrado-morra\\\/\"}]}<\/script>\n<!-- \/ Yoast SEO plugin. -->","yoast_head_json":{"title":"Ultimo appuntamento della rassegna Con gli occhi del cinema","robots":{"index":"index","follow":"follow","max-snippet":"max-snippet:-1","max-image-preview":"max-image-preview:large","max-video-preview":"max-video-preview:-1"},"canonical":"https:\/\/www.pigrecoemme.com\/blog\/chiude-con-gli-occhi-del-cinema\/","og_locale":"it_IT","og_type":"article","og_title":"Ultimo appuntamento della rassegna Con gli occhi del cinema","og_description":"Si conclude marted\u00ec 25 giugno la rassegna Con gli occhi del cinema, a cura dell\u2019associazione Tycho, in collaborazione con la Scuola di Cinema, Televisione e Fotografia Pigrecoemme, con una serata dedicata al cinema che&hellip;","og_url":"https:\/\/www.pigrecoemme.com\/blog\/chiude-con-gli-occhi-del-cinema\/","og_site_name":"Scuola di Cinema Pigrecoemme - Blog","article_publisher":"https:\/\/www.facebook.com\/pigrecoemme","article_author":"https:\/\/www.facebook.com\/corrado.morra1","article_published_time":"2013-06-24T14:17:03+00:00","article_modified_time":"2015-01-29T17:04:18+00:00","og_image":[{"url":"http:\/\/www.pigrecoemme.com\/blog\/wp-content\/uploads\/2013\/06\/gaetano-massa-300x200.jpg","type":"","width":"","height":""}],"author":"Corrado Morra","twitter_card":"summary_large_image","twitter_creator":"@Pigrecoemme","twitter_site":"@Pigrecoemme","twitter_misc":{"Scritto da":"Corrado Morra","Tempo di lettura stimato":"2 minuti"},"schema":{"@context":"https:\/\/schema.org","@graph":[{"@type":["Article","BlogPosting"],"@id":"https:\/\/www.pigrecoemme.com\/blog\/chiude-con-gli-occhi-del-cinema\/#article","isPartOf":{"@id":"https:\/\/www.pigrecoemme.com\/blog\/chiude-con-gli-occhi-del-cinema\/"},"author":{"name":"Corrado Morra","@id":"https:\/\/www.pigrecoemme.com\/blog\/#\/schema\/person\/702764b5ecda4c2f34e82348789f649e"},"headline":"Ultimo appuntamento della rassegna Con gli occhi del cinema","datePublished":"2013-06-24T14:17:03+00:00","dateModified":"2015-01-29T17:04:18+00:00","mainEntityOfPage":{"@id":"https:\/\/www.pigrecoemme.com\/blog\/chiude-con-gli-occhi-del-cinema\/"},"wordCount":458,"commentCount":0,"publisher":{"@id":"https:\/\/www.pigrecoemme.com\/blog\/#organization"},"image":{"@id":"https:\/\/www.pigrecoemme.com\/blog\/chiude-con-gli-occhi-del-cinema\/#primaryimage"},"thumbnailUrl":"http:\/\/www.pigrecoemme.com\/blog\/wp-content\/uploads\/2013\/06\/gaetano-massa-300x200.jpg","keywords":["afro-napoli united","gaetano massa","il clan degli artisti","mediateca santa sofia","pigrecoemme","tycho"],"articleSection":["Eventi","Generale"],"inLanguage":"it-IT","potentialAction":[{"@type":"CommentAction","name":"Comment","target":["https:\/\/www.pigrecoemme.com\/blog\/chiude-con-gli-occhi-del-cinema\/#respond"]}]},{"@type":"WebPage","@id":"https:\/\/www.pigrecoemme.com\/blog\/chiude-con-gli-occhi-del-cinema\/","url":"https:\/\/www.pigrecoemme.com\/blog\/chiude-con-gli-occhi-del-cinema\/","name":"Ultimo appuntamento della rassegna Con gli occhi del cinema","isPartOf":{"@id":"https:\/\/www.pigrecoemme.com\/blog\/#website"},"primaryImageOfPage":{"@id":"https:\/\/www.pigrecoemme.com\/blog\/chiude-con-gli-occhi-del-cinema\/#primaryimage"},"image":{"@id":"https:\/\/www.pigrecoemme.com\/blog\/chiude-con-gli-occhi-del-cinema\/#primaryimage"},"thumbnailUrl":"http:\/\/www.pigrecoemme.com\/blog\/wp-content\/uploads\/2013\/06\/gaetano-massa-300x200.jpg","datePublished":"2013-06-24T14:17:03+00:00","dateModified":"2015-01-29T17:04:18+00:00","breadcrumb":{"@id":"https:\/\/www.pigrecoemme.com\/blog\/chiude-con-gli-occhi-del-cinema\/#breadcrumb"},"inLanguage":"it-IT","potentialAction":[{"@type":"ReadAction","target":["https:\/\/www.pigrecoemme.com\/blog\/chiude-con-gli-occhi-del-cinema\/"]}]},{"@type":"ImageObject","inLanguage":"it-IT","@id":"https:\/\/www.pigrecoemme.com\/blog\/chiude-con-gli-occhi-del-cinema\/#primaryimage","url":"http:\/\/www.pigrecoemme.com\/blog\/wp-content\/uploads\/2013\/06\/gaetano-massa-300x200.jpg","contentUrl":"http:\/\/www.pigrecoemme.com\/blog\/wp-content\/uploads\/2013\/06\/gaetano-massa-300x200.jpg"},{"@type":"BreadcrumbList","@id":"https:\/\/www.pigrecoemme.com\/blog\/chiude-con-gli-occhi-del-cinema\/#breadcrumb","itemListElement":[{"@type":"ListItem","position":1,"name":"Home","item":"https:\/\/www.pigrecoemme.com\/blog\/"},{"@type":"ListItem","position":2,"name":"Ultimo appuntamento della rassegna Con gli occhi del cinema"}]},{"@type":"WebSite","@id":"https:\/\/www.pigrecoemme.com\/blog\/#website","url":"https:\/\/www.pigrecoemme.com\/blog\/","name":"Scuola di Cinema Pigrecoemme - Blog","description":"Siamo la prima Scuola di Cinema e Fotografia di Napoli","publisher":{"@id":"https:\/\/www.pigrecoemme.com\/blog\/#organization"},"potentialAction":[{"@type":"SearchAction","target":{"@type":"EntryPoint","urlTemplate":"https:\/\/www.pigrecoemme.com\/blog\/?s={search_term_string}"},"query-input":{"@type":"PropertyValueSpecification","valueRequired":true,"valueName":"search_term_string"}}],"inLanguage":"it-IT"},{"@type":"Organization","@id":"https:\/\/www.pigrecoemme.com\/blog\/#organization","name":"Scuola di cinema e fotografia Pigrecoemme","url":"https:\/\/www.pigrecoemme.com\/blog\/","logo":{"@type":"ImageObject","inLanguage":"it-IT","@id":"https:\/\/www.pigrecoemme.com\/blog\/#\/schema\/logo\/image\/","url":"https:\/\/i0.wp.com\/www.pigrecoemme.com\/blog\/wp-content\/uploads\/2018\/06\/logo-pigrecoemme-2018.png?fit=500%2C500&ssl=1","contentUrl":"https:\/\/i0.wp.com\/www.pigrecoemme.com\/blog\/wp-content\/uploads\/2018\/06\/logo-pigrecoemme-2018.png?fit=500%2C500&ssl=1","width":500,"height":500,"caption":"Scuola di cinema e fotografia Pigrecoemme"},"image":{"@id":"https:\/\/www.pigrecoemme.com\/blog\/#\/schema\/logo\/image\/"},"sameAs":["https:\/\/www.facebook.com\/pigrecoemme","https:\/\/x.com\/Pigrecoemme","https:\/\/www.instagram.com\/pigrecoemme\/","https:\/\/www.linkedin.com\/company\/pigrecoemme\/","https:\/\/www.youtube.com\/pigrecoemme"]},{"@type":"Person","@id":"https:\/\/www.pigrecoemme.com\/blog\/#\/schema\/person\/702764b5ecda4c2f34e82348789f649e","name":"Corrado Morra","image":{"@type":"ImageObject","inLanguage":"it-IT","@id":"https:\/\/secure.gravatar.com\/avatar\/f6ce2f6728fbdf920737112fe70682512808577befa2c9c7845c04a8449b8f03?s=96&r=g","url":"https:\/\/secure.gravatar.com\/avatar\/f6ce2f6728fbdf920737112fe70682512808577befa2c9c7845c04a8449b8f03?s=96&r=g","contentUrl":"https:\/\/secure.gravatar.com\/avatar\/f6ce2f6728fbdf920737112fe70682512808577befa2c9c7845c04a8449b8f03?s=96&r=g","caption":"Corrado Morra"},"description":"Esperto di arti visive e di cinema, insegna Sceneggiatura alla Scuola di cinema Pigrecoemme di Napoli, di cui \u00e8 tra i fondatori.","sameAs":["http:\/\/www.pigrecoemme.com\/","https:\/\/www.facebook.com\/corrado.morra1"],"url":"https:\/\/www.pigrecoemme.com\/blog\/author\/corrado-morra\/"}]}},"jetpack_sharing_enabled":true,"jetpack_likes_enabled":true,"jetpack-related-posts":[{"id":666,"url":"https:\/\/www.pigrecoemme.com\/blog\/gaetano-di-vaio\/","url_meta":{"origin":678,"position":0},"title":"Il loro Natale. Gaetano Di Vaio alla rassegna &#8220;Con gli occhi del cinema&#8221;","author":"Rosario Gallone","date":"1 Giugno 2013","format":false,"excerpt":"Continua, con la proiezione del film Il loro Natale di Gaetano Di Vaio, la rassegna Con gli occhi del cinema, curata dall\u2019associazione Tycho, in collaborazione con la Scuola di Cinema, Televisione e Fotografia Pigrecoemme e la Mediateca Santa Sofia del Comune di Napoli. La proiezione, a ingresso gratuito, si terr\u00e0\u2026","rel":"","context":"In &quot;Eventi&quot;","block_context":{"text":"Eventi","link":"https:\/\/www.pigrecoemme.com\/blog\/eventi\/"},"img":{"alt_text":"Il regista e produttore Gaetano Di Vaio","src":"https:\/\/i0.wp.com\/www.pigrecoemme.com\/blog\/wp-content\/uploads\/2013\/06\/gaetano-di-vaio-300x275.jpg?resize=350%2C200","width":350,"height":200},"classes":[]},{"id":654,"url":"https:\/\/www.pigrecoemme.com\/blog\/le-coccinelle-sceneggiata-transessuale\/","url_meta":{"origin":678,"position":1},"title":"Le Coccinelle &#8211; Sceneggiata Transessuale alla rassegna &#8220;Con gli occhi del cinema&#8221;","author":"Corrado Morra","date":"18 Maggio 2013","format":false,"excerpt":"Continua, con il docu-musical di Emanuela Pirelli \"Le coccinelle - Sceneggiata transessuale\", la rassegna Con gli occhi del cinema, curata dall'associazione Tycho, in collaborazione con la Scuola di Cinema, Televisione e Fotografia Pigrecoemme e la Mediateca Santa Sofia del Comune di Napoli. La proiezione, a ingresso gratuito, si terr\u00e0 marted\u00ec\u2026","rel":"","context":"In &quot;Eventi&quot;","block_context":{"text":"Eventi","link":"https:\/\/www.pigrecoemme.com\/blog\/eventi\/"},"img":{"alt_text":"La locandina del film","src":"https:\/\/i0.wp.com\/www.pigrecoemme.com\/blog\/wp-content\/uploads\/2013\/05\/le-coccinelle-sceneggiata-transessuale-215x300.jpg?resize=350%2C200","width":350,"height":200},"classes":[]},{"id":651,"url":"https:\/\/www.pigrecoemme.com\/blog\/con-gli-occhi-del-cinema\/","url_meta":{"origin":678,"position":2},"title":"Rassegna &#8220;Con gli occhi del cinema&#8221;","author":"Corrado Morra","date":"16 Maggio 2013","format":false,"excerpt":"Nell\u2019ambito dell\u2019iniziativa Il Clan degli artisti, promossa dall\u2019Assessorato ai giovani e Politiche giovanili del Comune di Napoli e dalla Regione Campania, l\u2019associazione culturale Tycho, in collaborazione con la Scuola di cinema Pigrecoemme di Napoli e la Mediateca Santa Sofia, presentano Con gli occhi del cinema, un progetto dedicato al cinema\u2026","rel":"","context":"In &quot;Eventi&quot;","block_context":{"text":"Eventi","link":"https:\/\/www.pigrecoemme.com\/blog\/eventi\/"},"img":{"alt_text":"","src":"https:\/\/i0.wp.com\/www.pigrecoemme.com\/blog\/wp-content\/uploads\/2013\/05\/tycho.jpg?resize=350%2C200","width":350,"height":200},"classes":[]},{"id":1294,"url":"https:\/\/www.pigrecoemme.com\/blog\/stessa-rabbia-stessa-primavera\/","url_meta":{"origin":678,"position":3},"title":"Stefano Incerti presenta Stessa rabbia, stessa primavera alla Mediateca  Santa Sofia","author":"Corrado Morra","date":"31 Marzo 2015","format":false,"excerpt":"Continua gioved\u00ec 2 aprile con Stessa rabbia, stessa primavera, documentario di rara intensit\u00e0 di Stefano Incerti, la bella rassegna Cinema al quadrato \u2013 Il cinema che si racconta\u00a0della Mediateca Santa Sofia del Comune di Napoli.Il ciclo di proiezioni, a cura di Francesco Napolitano e Armando Andria, giunto alla quinta edizione,\u2026","rel":"","context":"In &quot;Eventi&quot;","block_context":{"text":"Eventi","link":"https:\/\/www.pigrecoemme.com\/blog\/eventi\/"},"img":{"alt_text":"","src":"https:\/\/i0.wp.com\/www.pigrecoemme.com\/blog\/wp-content\/uploads\/2015\/03\/stessa-rabbia.jpg?resize=350%2C200&ssl=1","width":350,"height":200},"classes":[]},{"id":3513,"url":"https:\/\/www.pigrecoemme.com\/blog\/presentazione-del-libro-i-migliori-anni-della-nostra-vita-in-mediateca-di-francesco-napolitano\/","url_meta":{"origin":678,"position":4},"title":"Presentazione del libro &#8220;I migliori anni della nostra vita, in mediateca&#8221; di Francesco Napolitano","author":"Pigrecoemme","date":"10 Marzo 2024","format":false,"excerpt":"Da chi ha a che fare con noi prima o poi inevitabilmente arriva una domanda: \"Ma che vuol dire Pigrecoemme?\" La risposta potrebbe essere pi\u00f9 o meno questa: i fondatori della Pigrecoemme si incontrarono come partecipanti alle attivit\u00e0 di un'associazione culturale napoletana, molto impegnata nel sociale, il cui nome era\u2026","rel":"","context":"In &quot;Eventi&quot;","block_context":{"text":"Eventi","link":"https:\/\/www.pigrecoemme.com\/blog\/eventi\/"},"img":{"alt_text":"","src":"https:\/\/i0.wp.com\/www.pigrecoemme.com\/blog\/wp-content\/uploads\/2024\/03\/i.migliori-anni-fronte.jpg?resize=350%2C200","width":350,"height":200,"srcset":"https:\/\/i0.wp.com\/www.pigrecoemme.com\/blog\/wp-content\/uploads\/2024\/03\/i.migliori-anni-fronte.jpg?resize=350%2C200 1x, https:\/\/i0.wp.com\/www.pigrecoemme.com\/blog\/wp-content\/uploads\/2024\/03\/i.migliori-anni-fronte.jpg?resize=525%2C300 1.5x, https:\/\/i0.wp.com\/www.pigrecoemme.com\/blog\/wp-content\/uploads\/2024\/03\/i.migliori-anni-fronte.jpg?resize=700%2C400 2x, https:\/\/i0.wp.com\/www.pigrecoemme.com\/blog\/wp-content\/uploads\/2024\/03\/i.migliori-anni-fronte.jpg?resize=1050%2C600 3x"},"classes":[]},{"id":591,"url":"https:\/\/www.pigrecoemme.com\/blog\/il-cinema-di-kubrick-piu-grande-della-vita-e-il-nostro-docente-di-sceneggiatura-spieghera-perche\/","url_meta":{"origin":678,"position":5},"title":"Il cinema di Kubrick? Pi\u00f9 grande della vita (e il nostro docente di Sceneggiatura spiegher\u00e0 perch\u00e9)","author":"Giacomo Fabbrocino","date":"19 Dicembre 2012","format":false,"excerpt":"Domani, gioved\u00ec 20 dicembre, alle ore 18,00, presso la Mediateca Santa Sofia ci sar\u00e0 la proiezione di Stanley Kubrick: A Life in Pictures di Jan Harlan.Il documentario - l'emozionante avventura artistica del grande Stanley Kubrick - chiuder\u00e0 il primo ciclo della bella rassegna Cinema al quadrato. il cinema che si\u2026","rel":"","context":"In &quot;Eventi&quot;","block_context":{"text":"Eventi","link":"https:\/\/www.pigrecoemme.com\/blog\/eventi\/"},"img":{"alt_text":"","src":"https:\/\/i0.wp.com\/www.pigrecoemme.com\/blog\/wp-content\/uploads\/2012\/12\/stanley-kubrick.jpg?resize=350%2C200&ssl=1","width":350,"height":200,"srcset":"https:\/\/i0.wp.com\/www.pigrecoemme.com\/blog\/wp-content\/uploads\/2012\/12\/stanley-kubrick.jpg?resize=350%2C200&ssl=1 1x, https:\/\/i0.wp.com\/www.pigrecoemme.com\/blog\/wp-content\/uploads\/2012\/12\/stanley-kubrick.jpg?resize=525%2C300&ssl=1 1.5x, https:\/\/i0.wp.com\/www.pigrecoemme.com\/blog\/wp-content\/uploads\/2012\/12\/stanley-kubrick.jpg?resize=700%2C400&ssl=1 2x"},"classes":[]}],"jetpack_featured_media_url":"","_links":{"self":[{"href":"https:\/\/www.pigrecoemme.com\/blog\/wp-json\/wp\/v2\/posts\/678","targetHints":{"allow":["GET"]}}],"collection":[{"href":"https:\/\/www.pigrecoemme.com\/blog\/wp-json\/wp\/v2\/posts"}],"about":[{"href":"https:\/\/www.pigrecoemme.com\/blog\/wp-json\/wp\/v2\/types\/post"}],"author":[{"embeddable":true,"href":"https:\/\/www.pigrecoemme.com\/blog\/wp-json\/wp\/v2\/users\/2"}],"replies":[{"embeddable":true,"href":"https:\/\/www.pigrecoemme.com\/blog\/wp-json\/wp\/v2\/comments?post=678"}],"version-history":[{"count":0,"href":"https:\/\/www.pigrecoemme.com\/blog\/wp-json\/wp\/v2\/posts\/678\/revisions"}],"wp:attachment":[{"href":"https:\/\/www.pigrecoemme.com\/blog\/wp-json\/wp\/v2\/media?parent=678"}],"wp:term":[{"taxonomy":"category","embeddable":true,"href":"https:\/\/www.pigrecoemme.com\/blog\/wp-json\/wp\/v2\/categories?post=678"},{"taxonomy":"post_tag","embeddable":true,"href":"https:\/\/www.pigrecoemme.com\/blog\/wp-json\/wp\/v2\/tags?post=678"}],"curies":[{"name":"wp","href":"https:\/\/api.w.org\/{rel}","templated":true}]}}