{"id":67,"date":"2008-07-01T14:08:59","date_gmt":"2008-07-01T12:08:59","guid":{"rendered":"http:\/\/www.pigrecoemme.com\/blog\/videopolis-al-premio-troisi\/"},"modified":"2008-07-01T14:08:59","modified_gmt":"2008-07-01T12:08:59","slug":"videopolis-al-premio-troisi","status":"publish","type":"post","link":"https:\/\/www.pigrecoemme.com\/blog\/videopolis-al-premio-troisi\/","title":{"rendered":"Videopolis al Premio Troisi"},"content":{"rendered":"<p>Il numero zero di Videopolis, prodotto da Pigrecoemme, scritto e diretto  dal nostro Rosario Gallone, \u00e8 stato selezionato tra i dieci corti  finalisti del <a href=\"http:\/\/www.premiomassimotroisi.it\/\">Premio Troisi<\/a>, in svolgimento questa settimana a San  Giorgio a Cremano. A differenza delle scorse edizioni, quest&#8217;anno tutti  i corti vengono proiettati tutti i giorni (dalle 10 alle 13 e dalle 16  alle 19) a Villa Bruno. Rosario se ne \u00e8 rammaricato perch\u00e9, vanaglorioso  come \u00e8, non avr\u00e0 l&#8217;occasione (a meno che il video non vinca) di parlare  del lavoro e di come intenda cambiare per sempre il linguaggio della  fiction in Italia. \ud83d\ude09<\/p>\n<p>Voi Pigrecoemmisti, tuttavia, avete l&#8217;occasione di  andare a Villa Bruno ad acclamare Videopolis. Annate, annate.<br \/>\n<object width=\"400\" height=\"333\"><param name=\"movie\" value=\"http:\/\/video.libero.it\/static\/swf\/eltvplayer.swf?id=3242b88800604fb1faf2d6d922bf6c49.flv&#038;ap=0\" \/><\/object><\/p>\n","protected":false},"excerpt":{"rendered":"<p>Il numero zero di Videopolis, prodotto da Pigrecoemme, scritto e diretto dal nostro Rosario Gallone, \u00e8 stato selezionato tra i dieci corti finalisti del Premio Troisi, in svolgimento questa settimana a San Giorgio a&hellip;<\/p>\n","protected":false},"author":1,"featured_media":0,"comment_status":"open","ping_status":"open","sticky":false,"template":"","format":"standard","meta":{"_jetpack_newsletter_access":"","_jetpack_dont_email_post_to_subs":false,"_jetpack_newsletter_tier_id":0,"_jetpack_memberships_contains_paywalled_content":false,"_jetpack_feature_clip_id":0,"_jetpack_memberships_contains_paid_content":false,"footnotes":"","jetpack_post_was_ever_published":false},"categories":[12],"tags":[196,83,197],"class_list":["post-67","post","type-post","status-publish","format-standard","hentry","category-produzioni","tag-premio-troisi","tag-sitcom","tag-videopolis"],"yoast_head":"<!-- This site is optimized with the Yoast SEO plugin v28.3 - https:\/\/yoast.com\/product\/yoast-seo-wordpress\/ -->\n<title>Videopolis al Premio Troisi<\/title>\n<meta name=\"robots\" content=\"index, follow, max-snippet:-1, max-image-preview:large, max-video-preview:-1\" \/>\n<link rel=\"canonical\" href=\"https:\/\/www.pigrecoemme.com\/blog\/videopolis-al-premio-troisi\/\" \/>\n<meta property=\"og:locale\" content=\"it_IT\" \/>\n<meta property=\"og:type\" content=\"article\" \/>\n<meta property=\"og:title\" content=\"Videopolis al Premio Troisi\" \/>\n<meta property=\"og:description\" content=\"Il numero zero di Videopolis, prodotto da Pigrecoemme, scritto e diretto dal nostro Rosario Gallone, \u00e8 stato selezionato tra i dieci corti finalisti del Premio Troisi, in svolgimento questa settimana a San Giorgio a Cremano. A differenza delle scorse edizioni, &hellip; Continue reading &rarr;\" \/>\n<meta property=\"og:url\" content=\"https:\/\/www.pigrecoemme.com\/blog\/videopolis-al-premio-troisi\/\" \/>\n<meta property=\"og:site_name\" content=\"Scuola di Cinema Pigrecoemme - Blog\" \/>\n<meta property=\"article:publisher\" content=\"https:\/\/www.facebook.com\/pigrecoemme\" \/>\n<meta property=\"article:author\" content=\"https:\/\/www.facebook.com\/giacomo.fabbrocino\" \/>\n<meta property=\"article:published_time\" content=\"2008-07-01T12:08:59+00:00\" \/>\n<meta property=\"og:image\" content=\"https:\/\/i0.wp.com\/www.pigrecoemme.com\/blog\/wp-content\/uploads\/2014\/11\/pigrecoemme-test1.jpg?fit=484%2C252&ssl=1\" \/>\n\t<meta property=\"og:image:width\" content=\"484\" \/>\n\t<meta property=\"og:image:height\" content=\"252\" \/>\n\t<meta property=\"og:image:type\" content=\"image\/jpeg\" \/>\n<meta name=\"author\" content=\"Giacomo Fabbrocino\" \/>\n<meta name=\"twitter:card\" content=\"summary_large_image\" \/>\n<meta name=\"twitter:creator\" content=\"@Pigrecoemme\" \/>\n<meta name=\"twitter:site\" content=\"@Pigrecoemme\" \/>\n<meta name=\"twitter:label1\" content=\"Scritto da\" \/>\n\t<meta name=\"twitter:data1\" content=\"Giacomo Fabbrocino\" \/>\n\t<meta name=\"twitter:label2\" content=\"Tempo di lettura stimato\" \/>\n\t<meta name=\"twitter:data2\" content=\"1 minuto\" \/>\n<script type=\"application\/ld+json\" class=\"yoast-schema-graph\">{\"@context\":\"https:\\\/\\\/schema.org\",\"@graph\":[{\"@type\":[\"Article\",\"BlogPosting\"],\"@id\":\"https:\\\/\\\/www.pigrecoemme.com\\\/blog\\\/videopolis-al-premio-troisi\\\/#article\",\"isPartOf\":{\"@id\":\"https:\\\/\\\/www.pigrecoemme.com\\\/blog\\\/videopolis-al-premio-troisi\\\/\"},\"author\":{\"name\":\"Giacomo Fabbrocino\",\"@id\":\"https:\\\/\\\/www.pigrecoemme.com\\\/blog\\\/#\\\/schema\\\/person\\\/57fa822c3d209d3a2612fd0411ae63f4\"},\"headline\":\"Videopolis al Premio Troisi\",\"datePublished\":\"2008-07-01T12:08:59+00:00\",\"mainEntityOfPage\":{\"@id\":\"https:\\\/\\\/www.pigrecoemme.com\\\/blog\\\/videopolis-al-premio-troisi\\\/\"},\"wordCount\":112,\"commentCount\":0,\"publisher\":{\"@id\":\"https:\\\/\\\/www.pigrecoemme.com\\\/blog\\\/#organization\"},\"keywords\":[\"premio troisi\",\"sitcom\",\"videopolis\"],\"articleSection\":[\"Produzioni\"],\"inLanguage\":\"it-IT\",\"potentialAction\":[{\"@type\":\"CommentAction\",\"name\":\"Comment\",\"target\":[\"https:\\\/\\\/www.pigrecoemme.com\\\/blog\\\/videopolis-al-premio-troisi\\\/#respond\"]}]},{\"@type\":\"WebPage\",\"@id\":\"https:\\\/\\\/www.pigrecoemme.com\\\/blog\\\/videopolis-al-premio-troisi\\\/\",\"url\":\"https:\\\/\\\/www.pigrecoemme.com\\\/blog\\\/videopolis-al-premio-troisi\\\/\",\"name\":\"Videopolis al Premio Troisi\",\"isPartOf\":{\"@id\":\"https:\\\/\\\/www.pigrecoemme.com\\\/blog\\\/#website\"},\"datePublished\":\"2008-07-01T12:08:59+00:00\",\"breadcrumb\":{\"@id\":\"https:\\\/\\\/www.pigrecoemme.com\\\/blog\\\/videopolis-al-premio-troisi\\\/#breadcrumb\"},\"inLanguage\":\"it-IT\",\"potentialAction\":[{\"@type\":\"ReadAction\",\"target\":[\"https:\\\/\\\/www.pigrecoemme.com\\\/blog\\\/videopolis-al-premio-troisi\\\/\"]}]},{\"@type\":\"BreadcrumbList\",\"@id\":\"https:\\\/\\\/www.pigrecoemme.com\\\/blog\\\/videopolis-al-premio-troisi\\\/#breadcrumb\",\"itemListElement\":[{\"@type\":\"ListItem\",\"position\":1,\"name\":\"Home\",\"item\":\"https:\\\/\\\/www.pigrecoemme.com\\\/blog\\\/\"},{\"@type\":\"ListItem\",\"position\":2,\"name\":\"Videopolis al Premio Troisi\"}]},{\"@type\":\"WebSite\",\"@id\":\"https:\\\/\\\/www.pigrecoemme.com\\\/blog\\\/#website\",\"url\":\"https:\\\/\\\/www.pigrecoemme.com\\\/blog\\\/\",\"name\":\"Scuola di Cinema Pigrecoemme - Blog\",\"description\":\"Siamo la prima Scuola di Cinema e Fotografia di Napoli\",\"publisher\":{\"@id\":\"https:\\\/\\\/www.pigrecoemme.com\\\/blog\\\/#organization\"},\"potentialAction\":[{\"@type\":\"SearchAction\",\"target\":{\"@type\":\"EntryPoint\",\"urlTemplate\":\"https:\\\/\\\/www.pigrecoemme.com\\\/blog\\\/?s={search_term_string}\"},\"query-input\":{\"@type\":\"PropertyValueSpecification\",\"valueRequired\":true,\"valueName\":\"search_term_string\"}}],\"inLanguage\":\"it-IT\"},{\"@type\":\"Organization\",\"@id\":\"https:\\\/\\\/www.pigrecoemme.com\\\/blog\\\/#organization\",\"name\":\"Scuola di cinema e fotografia Pigrecoemme\",\"url\":\"https:\\\/\\\/www.pigrecoemme.com\\\/blog\\\/\",\"logo\":{\"@type\":\"ImageObject\",\"inLanguage\":\"it-IT\",\"@id\":\"https:\\\/\\\/www.pigrecoemme.com\\\/blog\\\/#\\\/schema\\\/logo\\\/image\\\/\",\"url\":\"https:\\\/\\\/i0.wp.com\\\/www.pigrecoemme.com\\\/blog\\\/wp-content\\\/uploads\\\/2018\\\/06\\\/logo-pigrecoemme-2018.png?fit=500%2C500&ssl=1\",\"contentUrl\":\"https:\\\/\\\/i0.wp.com\\\/www.pigrecoemme.com\\\/blog\\\/wp-content\\\/uploads\\\/2018\\\/06\\\/logo-pigrecoemme-2018.png?fit=500%2C500&ssl=1\",\"width\":500,\"height\":500,\"caption\":\"Scuola di cinema e fotografia Pigrecoemme\"},\"image\":{\"@id\":\"https:\\\/\\\/www.pigrecoemme.com\\\/blog\\\/#\\\/schema\\\/logo\\\/image\\\/\"},\"sameAs\":[\"https:\\\/\\\/www.facebook.com\\\/pigrecoemme\",\"https:\\\/\\\/x.com\\\/Pigrecoemme\",\"https:\\\/\\\/www.instagram.com\\\/pigrecoemme\\\/\",\"https:\\\/\\\/www.linkedin.com\\\/company\\\/pigrecoemme\\\/\",\"https:\\\/\\\/www.youtube.com\\\/pigrecoemme\"]},{\"@type\":\"Person\",\"@id\":\"https:\\\/\\\/www.pigrecoemme.com\\\/blog\\\/#\\\/schema\\\/person\\\/57fa822c3d209d3a2612fd0411ae63f4\",\"name\":\"Giacomo Fabbrocino\",\"image\":{\"@type\":\"ImageObject\",\"inLanguage\":\"it-IT\",\"@id\":\"https:\\\/\\\/secure.gravatar.com\\\/avatar\\\/0e4dfd4d05c06a03fffaffeb36fb181415ba11b91a6b566fa2e8ada75927db32?s=96&r=g\",\"url\":\"https:\\\/\\\/secure.gravatar.com\\\/avatar\\\/0e4dfd4d05c06a03fffaffeb36fb181415ba11b91a6b566fa2e8ada75927db32?s=96&r=g\",\"contentUrl\":\"https:\\\/\\\/secure.gravatar.com\\\/avatar\\\/0e4dfd4d05c06a03fffaffeb36fb181415ba11b91a6b566fa2e8ada75927db32?s=96&r=g\",\"caption\":\"Giacomo Fabbrocino\"},\"description\":\"Montatore cinematografico, autore di documentari sull'arte e di video d'artista, Giacomo \u00e8 responsabile della didattica e della comunicazione web della Scuola di Cinema, Fotografia e Televisione Pigrecoemme di Napoli.\",\"sameAs\":[\"http:\\\/\\\/www.pigrecoemme.com\\\/\",\"https:\\\/\\\/www.facebook.com\\\/giacomo.fabbrocino\"],\"url\":\"https:\\\/\\\/www.pigrecoemme.com\\\/blog\\\/author\\\/giacomo-fabbrocino\\\/\"}]}<\/script>\n<!-- \/ Yoast SEO plugin. -->","yoast_head_json":{"title":"Videopolis al Premio Troisi","robots":{"index":"index","follow":"follow","max-snippet":"max-snippet:-1","max-image-preview":"max-image-preview:large","max-video-preview":"max-video-preview:-1"},"canonical":"https:\/\/www.pigrecoemme.com\/blog\/videopolis-al-premio-troisi\/","og_locale":"it_IT","og_type":"article","og_title":"Videopolis al Premio Troisi","og_description":"Il numero zero di Videopolis, prodotto da Pigrecoemme, scritto e diretto dal nostro Rosario Gallone, \u00e8 stato selezionato tra i dieci corti finalisti del Premio Troisi, in svolgimento questa settimana a San Giorgio a Cremano. A differenza delle scorse edizioni, &hellip; Continue reading &rarr;","og_url":"https:\/\/www.pigrecoemme.com\/blog\/videopolis-al-premio-troisi\/","og_site_name":"Scuola di Cinema Pigrecoemme - Blog","article_publisher":"https:\/\/www.facebook.com\/pigrecoemme","article_author":"https:\/\/www.facebook.com\/giacomo.fabbrocino","article_published_time":"2008-07-01T12:08:59+00:00","og_image":[{"width":484,"height":252,"url":"https:\/\/i0.wp.com\/www.pigrecoemme.com\/blog\/wp-content\/uploads\/2014\/11\/pigrecoemme-test1.jpg?fit=484%2C252&ssl=1","type":"image\/jpeg"}],"author":"Giacomo Fabbrocino","twitter_card":"summary_large_image","twitter_creator":"@Pigrecoemme","twitter_site":"@Pigrecoemme","twitter_misc":{"Scritto da":"Giacomo Fabbrocino","Tempo di lettura stimato":"1 minuto"},"schema":{"@context":"https:\/\/schema.org","@graph":[{"@type":["Article","BlogPosting"],"@id":"https:\/\/www.pigrecoemme.com\/blog\/videopolis-al-premio-troisi\/#article","isPartOf":{"@id":"https:\/\/www.pigrecoemme.com\/blog\/videopolis-al-premio-troisi\/"},"author":{"name":"Giacomo Fabbrocino","@id":"https:\/\/www.pigrecoemme.com\/blog\/#\/schema\/person\/57fa822c3d209d3a2612fd0411ae63f4"},"headline":"Videopolis al Premio Troisi","datePublished":"2008-07-01T12:08:59+00:00","mainEntityOfPage":{"@id":"https:\/\/www.pigrecoemme.com\/blog\/videopolis-al-premio-troisi\/"},"wordCount":112,"commentCount":0,"publisher":{"@id":"https:\/\/www.pigrecoemme.com\/blog\/#organization"},"keywords":["premio troisi","sitcom","videopolis"],"articleSection":["Produzioni"],"inLanguage":"it-IT","potentialAction":[{"@type":"CommentAction","name":"Comment","target":["https:\/\/www.pigrecoemme.com\/blog\/videopolis-al-premio-troisi\/#respond"]}]},{"@type":"WebPage","@id":"https:\/\/www.pigrecoemme.com\/blog\/videopolis-al-premio-troisi\/","url":"https:\/\/www.pigrecoemme.com\/blog\/videopolis-al-premio-troisi\/","name":"Videopolis al Premio Troisi","isPartOf":{"@id":"https:\/\/www.pigrecoemme.com\/blog\/#website"},"datePublished":"2008-07-01T12:08:59+00:00","breadcrumb":{"@id":"https:\/\/www.pigrecoemme.com\/blog\/videopolis-al-premio-troisi\/#breadcrumb"},"inLanguage":"it-IT","potentialAction":[{"@type":"ReadAction","target":["https:\/\/www.pigrecoemme.com\/blog\/videopolis-al-premio-troisi\/"]}]},{"@type":"BreadcrumbList","@id":"https:\/\/www.pigrecoemme.com\/blog\/videopolis-al-premio-troisi\/#breadcrumb","itemListElement":[{"@type":"ListItem","position":1,"name":"Home","item":"https:\/\/www.pigrecoemme.com\/blog\/"},{"@type":"ListItem","position":2,"name":"Videopolis al Premio Troisi"}]},{"@type":"WebSite","@id":"https:\/\/www.pigrecoemme.com\/blog\/#website","url":"https:\/\/www.pigrecoemme.com\/blog\/","name":"Scuola di Cinema Pigrecoemme - Blog","description":"Siamo la prima Scuola di Cinema e Fotografia di Napoli","publisher":{"@id":"https:\/\/www.pigrecoemme.com\/blog\/#organization"},"potentialAction":[{"@type":"SearchAction","target":{"@type":"EntryPoint","urlTemplate":"https:\/\/www.pigrecoemme.com\/blog\/?s={search_term_string}"},"query-input":{"@type":"PropertyValueSpecification","valueRequired":true,"valueName":"search_term_string"}}],"inLanguage":"it-IT"},{"@type":"Organization","@id":"https:\/\/www.pigrecoemme.com\/blog\/#organization","name":"Scuola di cinema e fotografia Pigrecoemme","url":"https:\/\/www.pigrecoemme.com\/blog\/","logo":{"@type":"ImageObject","inLanguage":"it-IT","@id":"https:\/\/www.pigrecoemme.com\/blog\/#\/schema\/logo\/image\/","url":"https:\/\/i0.wp.com\/www.pigrecoemme.com\/blog\/wp-content\/uploads\/2018\/06\/logo-pigrecoemme-2018.png?fit=500%2C500&ssl=1","contentUrl":"https:\/\/i0.wp.com\/www.pigrecoemme.com\/blog\/wp-content\/uploads\/2018\/06\/logo-pigrecoemme-2018.png?fit=500%2C500&ssl=1","width":500,"height":500,"caption":"Scuola di cinema e fotografia Pigrecoemme"},"image":{"@id":"https:\/\/www.pigrecoemme.com\/blog\/#\/schema\/logo\/image\/"},"sameAs":["https:\/\/www.facebook.com\/pigrecoemme","https:\/\/x.com\/Pigrecoemme","https:\/\/www.instagram.com\/pigrecoemme\/","https:\/\/www.linkedin.com\/company\/pigrecoemme\/","https:\/\/www.youtube.com\/pigrecoemme"]},{"@type":"Person","@id":"https:\/\/www.pigrecoemme.com\/blog\/#\/schema\/person\/57fa822c3d209d3a2612fd0411ae63f4","name":"Giacomo Fabbrocino","image":{"@type":"ImageObject","inLanguage":"it-IT","@id":"https:\/\/secure.gravatar.com\/avatar\/0e4dfd4d05c06a03fffaffeb36fb181415ba11b91a6b566fa2e8ada75927db32?s=96&r=g","url":"https:\/\/secure.gravatar.com\/avatar\/0e4dfd4d05c06a03fffaffeb36fb181415ba11b91a6b566fa2e8ada75927db32?s=96&r=g","contentUrl":"https:\/\/secure.gravatar.com\/avatar\/0e4dfd4d05c06a03fffaffeb36fb181415ba11b91a6b566fa2e8ada75927db32?s=96&r=g","caption":"Giacomo Fabbrocino"},"description":"Montatore cinematografico, autore di documentari sull'arte e di video d'artista, Giacomo \u00e8 responsabile della didattica e della comunicazione web della Scuola di Cinema, Fotografia e Televisione Pigrecoemme di Napoli.","sameAs":["http:\/\/www.pigrecoemme.com\/","https:\/\/www.facebook.com\/giacomo.fabbrocino"],"url":"https:\/\/www.pigrecoemme.com\/blog\/author\/giacomo-fabbrocino\/"}]}},"jetpack_sharing_enabled":true,"jetpack_likes_enabled":true,"jetpack-related-posts":[{"id":14,"url":"https:\/\/www.pigrecoemme.com\/blog\/espresso-corto-laboratorio-di-regia-alla-fnac\/","url_meta":{"origin":67,"position":0},"title":"Espresso corto: laboratorio di regia alla Fnac","author":"Giacomo Fabbrocino","date":"16 Ottobre 2007","format":false,"excerpt":"Quello che potete vedere qualche linea pixel pi\u00f9 in basso \u00e8 il cortometraggio realizzato ieri pomeriggio durante il laboratorio di regia che io e Rosario abbiamo tenuto secondo la nostra formula \"Espresso Corto\" alla Fnac di Napoli. In tre ore, dalle 15.00 alle 18.00 abbiamo, nell'ordine: Parlato della Scuola di\u2026","rel":"","context":"In &quot;Eventi&quot;","block_context":{"text":"Eventi","link":"https:\/\/www.pigrecoemme.com\/blog\/eventi\/"},"img":{"alt_text":"","src":"","width":0,"height":0},"classes":[]},{"id":3204,"url":"https:\/\/www.pigrecoemme.com\/blog\/situazione-critica-2022-ripartiamo-dalle-sale\/","url_meta":{"origin":67,"position":1},"title":"Situazione critica 2022 \u2013 Ripartiamo dalle sale","author":"Pigrecoemme","date":"27 Settembre 2022","format":false,"excerpt":"Dal 4 ottobre al 9 novembre, 4 film in 4 diverse sale della Campania, presentati da importanti critici e studiosi. Coinvolte anche alcune scuole del territorio campano, Universit\u00e0 e Accademie. Quando Situazione Critica, la manifestazione organizzata dall'Associazione Culturale Porte Invisibili Media, ha avuto inizio, il 5 maggio del 2018, quel\u2026","rel":"","context":"In &quot;Analisi e Critica&quot;","block_context":{"text":"Analisi e Critica","link":"https:\/\/www.pigrecoemme.com\/blog\/analisi-e-critica-2\/"},"img":{"alt_text":"situazione critica ripartiamo dalle sale","src":"https:\/\/i0.wp.com\/www.pigrecoemme.com\/blog\/wp-content\/uploads\/2022\/09\/situazione-critica-ripartiamo-dalle-sale.jpg?resize=350%2C200&ssl=1","width":350,"height":200,"srcset":"https:\/\/i0.wp.com\/www.pigrecoemme.com\/blog\/wp-content\/uploads\/2022\/09\/situazione-critica-ripartiamo-dalle-sale.jpg?resize=350%2C200&ssl=1 1x, https:\/\/i0.wp.com\/www.pigrecoemme.com\/blog\/wp-content\/uploads\/2022\/09\/situazione-critica-ripartiamo-dalle-sale.jpg?resize=525%2C300&ssl=1 1.5x, https:\/\/i0.wp.com\/www.pigrecoemme.com\/blog\/wp-content\/uploads\/2022\/09\/situazione-critica-ripartiamo-dalle-sale.jpg?resize=700%2C400&ssl=1 2x, https:\/\/i0.wp.com\/www.pigrecoemme.com\/blog\/wp-content\/uploads\/2022\/09\/situazione-critica-ripartiamo-dalle-sale.jpg?resize=1050%2C600&ssl=1 3x"},"classes":[]},{"id":2176,"url":"https:\/\/www.pigrecoemme.com\/blog\/10-improbabili-coppie-cinematografiche\/","url_meta":{"origin":67,"position":2},"title":"10 improbabili coppie cinematografiche","author":"Rosario Gallone","date":"25 Maggio 2018","format":false,"excerpt":"Da Ciavarro che recita con Nicole Kidman a Pippo Franco al fianco di Jack Lemmon, dieci film col cast che dire bizzarro \u00e8 poco.","rel":"","context":"In &quot;Analisi e Critica&quot;","block_context":{"text":"Analisi e Critica","link":"https:\/\/www.pigrecoemme.com\/blog\/analisi-e-critica-2\/"},"img":{"alt_text":"","src":"https:\/\/i0.wp.com\/www.pigrecoemme.com\/blog\/wp-content\/uploads\/2018\/05\/kidman_1_nocredito_640.jpg?resize=350%2C200","width":350,"height":200,"srcset":"https:\/\/i0.wp.com\/www.pigrecoemme.com\/blog\/wp-content\/uploads\/2018\/05\/kidman_1_nocredito_640.jpg?resize=350%2C200 1x, https:\/\/i0.wp.com\/www.pigrecoemme.com\/blog\/wp-content\/uploads\/2018\/05\/kidman_1_nocredito_640.jpg?resize=525%2C300 1.5x, https:\/\/i0.wp.com\/www.pigrecoemme.com\/blog\/wp-content\/uploads\/2018\/05\/kidman_1_nocredito_640.jpg?resize=700%2C400 2x"},"classes":[]},{"id":310,"url":"https:\/\/www.pigrecoemme.com\/blog\/pigrecoemme-partner-culturale-del-i-miglio-doro-filmfestival\/","url_meta":{"origin":67,"position":3},"title":"Pigrecoemme partner culturale del I Miglio D&#8217;Oro FilmFestival","author":"Rosario Gallone","date":"2 Dicembre 2010","format":false,"excerpt":"17- 18- 19 dicembre 2010 Portici (NA), Teatro \"E. De Filippo\", \u00a0C.so Umberto I Ancora un'occasione per noi di Pigrecoemme di incoraggiare chi, giovane o meno, cerca di alimentare l'offerta culturale di una citt\u00e0 e di una Provincia che ne hanno davvero bisogno:\u00a0Il \"Miglio D'oro Film Festival\" \u00e8 la prima\u2026","rel":"","context":"In &quot;Eventi&quot;","block_context":{"text":"Eventi","link":"https:\/\/www.pigrecoemme.com\/blog\/eventi\/"},"img":{"alt_text":"","src":"https:\/\/i0.wp.com\/www.pigrecoemme.com\/blog\/wp-content\/uploads\/2010\/12\/migliodoro.jpg?resize=350%2C200","width":350,"height":200},"classes":[]},{"id":3075,"url":"https:\/\/www.pigrecoemme.com\/blog\/e-stata-la-mano-di-dio-di-paolo-sorrentino-la-recensione\/","url_meta":{"origin":67,"position":4},"title":"\u00c8 stata la mano di Dio di Paolo Sorrentino &#8211; La recensione","author":"Rosario Gallone","date":"24 Novembre 2021","format":false,"excerpt":"C'\u00e8 qualcosa di pi\u00f9 intimamente felliniano nell'ultimo film di Paolo Sorrentino, che va ben al di l\u00e0 della superficie cui ci ha abituato. La citazione forse meno esplicita \u00e8 quella finale, quando Fabietto lascia Napoli per andare a Roma in treno come Moraldo (Franco Interlenghi) faceva in I vitelloni. E\u2026","rel":"","context":"In &quot;Analisi e Critica&quot;","block_context":{"text":"Analisi e Critica","link":"https:\/\/www.pigrecoemme.com\/blog\/analisi-e-critica-2\/"},"img":{"alt_text":"e stata la mano di dio filippo scotti","src":"https:\/\/i0.wp.com\/www.pigrecoemme.com\/blog\/wp-content\/uploads\/2021\/11\/e-stata-la-mano-di-dio-filippo-scotti.jpg?resize=350%2C200&ssl=1","width":350,"height":200,"srcset":"https:\/\/i0.wp.com\/www.pigrecoemme.com\/blog\/wp-content\/uploads\/2021\/11\/e-stata-la-mano-di-dio-filippo-scotti.jpg?resize=350%2C200&ssl=1 1x, https:\/\/i0.wp.com\/www.pigrecoemme.com\/blog\/wp-content\/uploads\/2021\/11\/e-stata-la-mano-di-dio-filippo-scotti.jpg?resize=525%2C300&ssl=1 1.5x, https:\/\/i0.wp.com\/www.pigrecoemme.com\/blog\/wp-content\/uploads\/2021\/11\/e-stata-la-mano-di-dio-filippo-scotti.jpg?resize=700%2C400&ssl=1 2x"},"classes":[]},{"id":148,"url":"https:\/\/www.pigrecoemme.com\/blog\/a-corto-di-idee-il-premio-facebook\/","url_meta":{"origin":67,"position":5},"title":"A corto di idee, il premio Facebook","author":"Giacomo Fabbrocino","date":"7 Maggio 2009","format":false,"excerpt":"Da domani oggi, venerd\u00ec 8 maggio, il player qui sotto trasmetter\u00e0 alcuni dei corti dell'edizione 2009 di A Corto di Idee. Questi sono i partecipanti al premio Facebook, per il quale potrete votare (se siete iscritti a Facebook) all'indirizzo che vi daremo domattina, da oggi fino al 14 maggio alle\u2026","rel":"","context":"In &quot;Eventi&quot;","block_context":{"text":"Eventi","link":"https:\/\/www.pigrecoemme.com\/blog\/eventi\/"},"img":{"alt_text":"","src":"","width":0,"height":0},"classes":[]}],"jetpack_featured_media_url":"","_links":{"self":[{"href":"https:\/\/www.pigrecoemme.com\/blog\/wp-json\/wp\/v2\/posts\/67","targetHints":{"allow":["GET"]}}],"collection":[{"href":"https:\/\/www.pigrecoemme.com\/blog\/wp-json\/wp\/v2\/posts"}],"about":[{"href":"https:\/\/www.pigrecoemme.com\/blog\/wp-json\/wp\/v2\/types\/post"}],"author":[{"embeddable":true,"href":"https:\/\/www.pigrecoemme.com\/blog\/wp-json\/wp\/v2\/users\/1"}],"replies":[{"embeddable":true,"href":"https:\/\/www.pigrecoemme.com\/blog\/wp-json\/wp\/v2\/comments?post=67"}],"version-history":[{"count":0,"href":"https:\/\/www.pigrecoemme.com\/blog\/wp-json\/wp\/v2\/posts\/67\/revisions"}],"wp:attachment":[{"href":"https:\/\/www.pigrecoemme.com\/blog\/wp-json\/wp\/v2\/media?parent=67"}],"wp:term":[{"taxonomy":"category","embeddable":true,"href":"https:\/\/www.pigrecoemme.com\/blog\/wp-json\/wp\/v2\/categories?post=67"},{"taxonomy":"post_tag","embeddable":true,"href":"https:\/\/www.pigrecoemme.com\/blog\/wp-json\/wp\/v2\/tags?post=67"}],"curies":[{"name":"wp","href":"https:\/\/api.w.org\/{rel}","templated":true}]}}