{"id":666,"date":"2013-06-01T19:53:21","date_gmt":"2013-06-01T17:53:21","guid":{"rendered":"http:\/\/www.pigrecoemme.com\/blog\/?p=666"},"modified":"2013-06-01T19:53:21","modified_gmt":"2013-06-01T17:53:21","slug":"gaetano-di-vaio","status":"publish","type":"post","link":"https:\/\/www.pigrecoemme.com\/blog\/gaetano-di-vaio\/","title":{"rendered":"Il loro Natale. Gaetano Di Vaio alla rassegna &#8220;Con gli occhi del cinema&#8221;"},"content":{"rendered":"<figure id=\"attachment_669\" aria-describedby=\"caption-attachment-669\" style=\"width: 270px\" class=\"wp-caption alignleft\"><a href=\"https:\/\/i0.wp.com\/www.pigrecoemme.com\/blog\/wp-content\/uploads\/2013\/06\/gaetano-di-vaio.jpg?ssl=1\"><img data-recalc-dims=\"1\" loading=\"lazy\" decoding=\"async\" class=\"size-medium wp-image-669 \" title=\"gaetano-di-vaio\" src=\"https:\/\/i0.wp.com\/www.pigrecoemme.com\/blog\/wp-content\/uploads\/2013\/06\/gaetano-di-vaio.jpg?resize=270%2C248&#038;ssl=1\" alt=\"Il regista e produttore Gaetano Di Vaio\" width=\"270\" height=\"248\" srcset=\"https:\/\/i0.wp.com\/www.pigrecoemme.com\/blog\/wp-content\/uploads\/2013\/06\/gaetano-di-vaio.jpg?resize=300%2C275&amp;ssl=1 300w, https:\/\/i0.wp.com\/www.pigrecoemme.com\/blog\/wp-content\/uploads\/2013\/06\/gaetano-di-vaio.jpg?w=466&amp;ssl=1 466w\" sizes=\"auto, (max-width: 270px) 100vw, 270px\" \/><\/a><figcaption id=\"caption-attachment-669\" class=\"wp-caption-text\">Il regista e produttore Gaetano Di Vaio<\/figcaption><\/figure>\n<p>Continua, con la proiezione del film <a href=\"http:\/\/www.cinemaitaliano.info\/illoronatale\">Il loro Natale<\/a> di <strong>Gaetano Di Vaio<\/strong>, la rassegna <strong>Con gli occhi del cinema<\/strong>, curata dall\u2019associazione <strong>Tycho<\/strong>, in collaborazione con la Scuola di Cinema, Televisione e Fotografia <strong>Pigrecoemme <\/strong>e la <a href=\"http:\/\/www.mediatecasantasofia.it\/\u200e\">Mediateca Santa Sofia<\/a> del Comune di Napoli.<br \/>\nLa proiezione, <strong>a ingresso gratuito<\/strong>, si terr\u00e0 <strong>marted\u00ec 4 giugno alle ore 17,00<\/strong> alla Mediateca Santa Sofia (Via Santa Sofia, 7 \u2013 Napoli).<br \/>\nCon <strong>Claudia Pascotto<\/strong>, presidente di Tycho, <strong>Corrado Morra<\/strong> di Pigrecoemme e <strong>Francesco Napolitano<\/strong>, direttore della Mediateca, sar\u00e0 presente <strong><\/strong><strong>Gaetano Di Vaio<\/strong>, che racconter\u00e0 al pubblico la genesi e le ragioni profonde del suo lavoro.<\/p>\n<h2>Il Film<\/h2>\n<p><strong>IL LORO NATALE<br \/>\ndi Gaetano Di Vaio (Produzione Figli del Bronx, Italia 2010, 90\u2019)<\/strong><\/p>\n<figure id=\"attachment_667\" aria-describedby=\"caption-attachment-667\" style=\"width: 210px\" class=\"wp-caption alignleft\"><a href=\"https:\/\/i0.wp.com\/www.pigrecoemme.com\/blog\/wp-content\/uploads\/2013\/06\/il-loro-natale.jpg?ssl=1\"><img data-recalc-dims=\"1\" loading=\"lazy\" decoding=\"async\" class=\"size-medium wp-image-667\" title=\"il-loro-natale\" src=\"https:\/\/i0.wp.com\/www.pigrecoemme.com\/blog\/wp-content\/uploads\/2013\/06\/il-loro-natale.jpg?resize=210%2C300&#038;ssl=1\" alt=\"La locandina del film\" width=\"210\" height=\"300\" srcset=\"https:\/\/i0.wp.com\/www.pigrecoemme.com\/blog\/wp-content\/uploads\/2013\/06\/il-loro-natale.jpg?resize=210%2C300&amp;ssl=1 210w, https:\/\/i0.wp.com\/www.pigrecoemme.com\/blog\/wp-content\/uploads\/2013\/06\/il-loro-natale.jpg?w=756&amp;ssl=1 756w\" sizes=\"auto, (max-width: 210px) 100vw, 210px\" \/><\/a><figcaption id=\"caption-attachment-667\" class=\"wp-caption-text\">La locandina del film<\/figcaption><\/figure>\n<p>Il loro Natale, diretto e prodotto da Gaetano Di Vaio, come sempre, per <strong>Figli del Bronx<\/strong>, \u00e8 un percorso nella quotidianit\u00e0 delle donne dei detenuti nelle carceri di Napoli, in un momento simbolico come il Natale.<br \/>\nStorie di solitudine, di dignit\u00e0 e di difficolt\u00e0 quotidiane, con cui Di Vaio continua quell\u2019opera di perlustrazione delle zone d\u2019ombra della nostra contemporaneit\u00e0 raccontate, ora con uno sguardo pi\u00f9 lirico, ora con una necessit\u00e0 pi\u00f9 documentaristica e analitica, ma sempre con una sincerit\u00e0 e una capacit\u00e0 empatica di rara bellezza.<br \/>\nCos\u00ec come ribadito dal lungo sodalizio con Abel Ferrara, e soprattutto dal pi\u00f9 importante film prodotto da Gaetano Di Vaio \u2013 quel <strong>L\u00e0-BAS\/Educazione criminale<\/strong> di <strong>Guido Lombardi<\/strong>, che nel 2011 si \u00e8 aggiudicato il Leone del Futuro come migliore opera prima al <strong>Festival di Venezia<\/strong> \u2013, anche in questo Il loro Natale, l\u2019ambizione principale \u00e8 di dare voce e corpo a donne e a uomini che la societ\u00e0 ha reso, in un modo o nell\u2019altro, \u201cmarginali\u201d; donne e uomini, pieni di un dolore spesso nascosto e zittito, ma le cui storie, non di meno, rivendicano la necessit\u00e0 di avere una voce e un corpo che le rendano, semplicemente, legittimante, pi\u00f9 umane.<\/p>\n<p style=\"text-align: center;\"><a href=\"https:\/\/i0.wp.com\/www.pigrecoemme.com\/blog\/wp-content\/uploads\/2013\/06\/clan-degli-artisti.jpg?ssl=1\"><img data-recalc-dims=\"1\" loading=\"lazy\" decoding=\"async\" class=\"alignnone size-full wp-image-668\" title=\"clan-degli-artisti\" src=\"https:\/\/i0.wp.com\/www.pigrecoemme.com\/blog\/wp-content\/uploads\/2013\/06\/clan-degli-artisti.jpg?resize=500%2C123&#038;ssl=1\" alt=\"\" width=\"500\" height=\"123\" srcset=\"https:\/\/i0.wp.com\/www.pigrecoemme.com\/blog\/wp-content\/uploads\/2013\/06\/clan-degli-artisti.jpg?w=577&amp;ssl=1 577w, https:\/\/i0.wp.com\/www.pigrecoemme.com\/blog\/wp-content\/uploads\/2013\/06\/clan-degli-artisti.jpg?resize=300%2C73&amp;ssl=1 300w\" sizes=\"auto, (max-width: 500px) 100vw, 500px\" \/><\/a><\/p>\n<p>La rassegna Con gli occhi del cinema si inserisce nel progetto Il clan degli artisti, promosso dall\u2019<strong>Assessorato ai giovani e Politiche giovanili <\/strong>del\u00a0<strong>Comune di Napoli<\/strong> e dalla\u00a0<strong>Regione Campania<\/strong>.<\/p>\n<p><strong><span style=\"text-decoration: underline;\">Info: 3387906876 \u2013 3402393211<\/span><\/strong><\/p>\n","protected":false},"excerpt":{"rendered":"<p>Continua, con la proiezione del film Il loro Natale di Gaetano Di Vaio, la rassegna Con gli occhi del cinema, curata dall\u2019associazione Tycho, in collaborazione con la Scuola di Cinema, Televisione e Fotografia Pigrecoemme&hellip;<\/p>\n","protected":false},"author":3,"featured_media":0,"comment_status":"open","ping_status":"open","sticky":false,"template":"","format":"standard","meta":{"_jetpack_newsletter_access":"","_jetpack_dont_email_post_to_subs":false,"_jetpack_newsletter_tier_id":0,"_jetpack_memberships_contains_paywalled_content":false,"_jetpack_feature_clip_id":0,"_jetpack_memberships_contains_paid_content":false,"footnotes":"","jetpack_post_was_ever_published":false},"categories":[11,1,12],"tags":[818,486,815,490,242,811],"class_list":["post-666","post","type-post","status-publish","format-standard","hentry","category-eventi","category-generale","category-produzioni","tag-figli-del-bronx","tag-gaetano-di-vaio","tag-il-clan-degli-artisti","tag-il-loro-natale","tag-mediateca-santa-sofia","tag-tycho"],"yoast_head":"<!-- This site is optimized with the Yoast SEO plugin v28.4 - https:\/\/yoast.com\/product\/yoast-seo-wordpress\/ -->\n<title>Il loro Natale. Gaetano Di Vaio alla rassegna &quot;Con gli occhi del cinema&quot;<\/title>\n<meta name=\"robots\" content=\"index, follow, max-snippet:-1, max-image-preview:large, max-video-preview:-1\" \/>\n<link rel=\"canonical\" href=\"https:\/\/www.pigrecoemme.com\/blog\/gaetano-di-vaio\/\" \/>\n<meta property=\"og:locale\" content=\"it_IT\" \/>\n<meta property=\"og:type\" content=\"article\" \/>\n<meta property=\"og:title\" content=\"Il loro Natale. Gaetano Di Vaio alla rassegna &quot;Con gli occhi del cinema&quot;\" \/>\n<meta property=\"og:description\" content=\"Continua, con la proiezione del film Il loro Natale di Gaetano Di Vaio, la rassegna Con gli occhi del cinema, curata dall\u2019associazione Tycho, in collaborazione con la Scuola di Cinema, Televisione e Fotografia Pigrecoemme e la Mediateca Santa Sofia del &hellip; Continue reading &rarr;\" \/>\n<meta property=\"og:url\" content=\"https:\/\/www.pigrecoemme.com\/blog\/gaetano-di-vaio\/\" \/>\n<meta property=\"og:site_name\" content=\"Scuola di Cinema Pigrecoemme - Blog\" \/>\n<meta property=\"article:publisher\" content=\"https:\/\/www.facebook.com\/pigrecoemme\" \/>\n<meta property=\"article:author\" content=\"https:\/\/www.facebook.com\/rosario.gallone\" \/>\n<meta property=\"article:published_time\" content=\"2013-06-01T17:53:21+00:00\" \/>\n<meta property=\"og:image\" content=\"http:\/\/www.pigrecoemme.com\/blog\/wp-content\/uploads\/2013\/06\/gaetano-di-vaio-300x275.jpg\" \/>\n<meta name=\"author\" content=\"Rosario Gallone\" \/>\n<meta name=\"twitter:card\" content=\"summary_large_image\" \/>\n<meta name=\"twitter:creator\" content=\"@RosarioGallone\" \/>\n<meta name=\"twitter:site\" content=\"@Pigrecoemme\" \/>\n<meta name=\"twitter:label1\" content=\"Scritto da\" \/>\n\t<meta name=\"twitter:data1\" content=\"Rosario Gallone\" \/>\n\t<meta name=\"twitter:label2\" content=\"Tempo di lettura stimato\" \/>\n\t<meta name=\"twitter:data2\" content=\"2 minuti\" \/>\n<script type=\"application\/ld+json\" class=\"yoast-schema-graph\">{\"@context\":\"https:\\\/\\\/schema.org\",\"@graph\":[{\"@type\":[\"Article\",\"BlogPosting\"],\"@id\":\"https:\\\/\\\/www.pigrecoemme.com\\\/blog\\\/gaetano-di-vaio\\\/#article\",\"isPartOf\":{\"@id\":\"https:\\\/\\\/www.pigrecoemme.com\\\/blog\\\/gaetano-di-vaio\\\/\"},\"author\":{\"name\":\"Rosario Gallone\",\"@id\":\"https:\\\/\\\/www.pigrecoemme.com\\\/blog\\\/#\\\/schema\\\/person\\\/3fdd423e7c221a503812a1e86daec850\"},\"headline\":\"Il loro Natale. Gaetano Di Vaio alla rassegna &#8220;Con gli occhi del cinema&#8221;\",\"datePublished\":\"2013-06-01T17:53:21+00:00\",\"mainEntityOfPage\":{\"@id\":\"https:\\\/\\\/www.pigrecoemme.com\\\/blog\\\/gaetano-di-vaio\\\/\"},\"wordCount\":380,\"commentCount\":0,\"publisher\":{\"@id\":\"https:\\\/\\\/www.pigrecoemme.com\\\/blog\\\/#organization\"},\"image\":{\"@id\":\"https:\\\/\\\/www.pigrecoemme.com\\\/blog\\\/gaetano-di-vaio\\\/#primaryimage\"},\"thumbnailUrl\":\"http:\\\/\\\/www.pigrecoemme.com\\\/blog\\\/wp-content\\\/uploads\\\/2013\\\/06\\\/gaetano-di-vaio-300x275.jpg\",\"keywords\":[\"figli del bronx\",\"gaetano di vaio\",\"il clan degli artisti\",\"il loro natale\",\"mediateca santa sofia\",\"tycho\"],\"articleSection\":[\"Eventi\",\"Generale\",\"Produzioni\"],\"inLanguage\":\"it-IT\",\"potentialAction\":[{\"@type\":\"CommentAction\",\"name\":\"Comment\",\"target\":[\"https:\\\/\\\/www.pigrecoemme.com\\\/blog\\\/gaetano-di-vaio\\\/#respond\"]}]},{\"@type\":\"WebPage\",\"@id\":\"https:\\\/\\\/www.pigrecoemme.com\\\/blog\\\/gaetano-di-vaio\\\/\",\"url\":\"https:\\\/\\\/www.pigrecoemme.com\\\/blog\\\/gaetano-di-vaio\\\/\",\"name\":\"Il loro Natale. Gaetano Di Vaio alla rassegna \\\"Con gli occhi del cinema\\\"\",\"isPartOf\":{\"@id\":\"https:\\\/\\\/www.pigrecoemme.com\\\/blog\\\/#website\"},\"primaryImageOfPage\":{\"@id\":\"https:\\\/\\\/www.pigrecoemme.com\\\/blog\\\/gaetano-di-vaio\\\/#primaryimage\"},\"image\":{\"@id\":\"https:\\\/\\\/www.pigrecoemme.com\\\/blog\\\/gaetano-di-vaio\\\/#primaryimage\"},\"thumbnailUrl\":\"http:\\\/\\\/www.pigrecoemme.com\\\/blog\\\/wp-content\\\/uploads\\\/2013\\\/06\\\/gaetano-di-vaio-300x275.jpg\",\"datePublished\":\"2013-06-01T17:53:21+00:00\",\"breadcrumb\":{\"@id\":\"https:\\\/\\\/www.pigrecoemme.com\\\/blog\\\/gaetano-di-vaio\\\/#breadcrumb\"},\"inLanguage\":\"it-IT\",\"potentialAction\":[{\"@type\":\"ReadAction\",\"target\":[\"https:\\\/\\\/www.pigrecoemme.com\\\/blog\\\/gaetano-di-vaio\\\/\"]}]},{\"@type\":\"ImageObject\",\"inLanguage\":\"it-IT\",\"@id\":\"https:\\\/\\\/www.pigrecoemme.com\\\/blog\\\/gaetano-di-vaio\\\/#primaryimage\",\"url\":\"http:\\\/\\\/www.pigrecoemme.com\\\/blog\\\/wp-content\\\/uploads\\\/2013\\\/06\\\/gaetano-di-vaio-300x275.jpg\",\"contentUrl\":\"http:\\\/\\\/www.pigrecoemme.com\\\/blog\\\/wp-content\\\/uploads\\\/2013\\\/06\\\/gaetano-di-vaio-300x275.jpg\"},{\"@type\":\"BreadcrumbList\",\"@id\":\"https:\\\/\\\/www.pigrecoemme.com\\\/blog\\\/gaetano-di-vaio\\\/#breadcrumb\",\"itemListElement\":[{\"@type\":\"ListItem\",\"position\":1,\"name\":\"Home\",\"item\":\"https:\\\/\\\/www.pigrecoemme.com\\\/blog\\\/\"},{\"@type\":\"ListItem\",\"position\":2,\"name\":\"Il loro Natale. Gaetano Di Vaio alla rassegna &#8220;Con gli occhi del cinema&#8221;\"}]},{\"@type\":\"WebSite\",\"@id\":\"https:\\\/\\\/www.pigrecoemme.com\\\/blog\\\/#website\",\"url\":\"https:\\\/\\\/www.pigrecoemme.com\\\/blog\\\/\",\"name\":\"Scuola di Cinema Pigrecoemme - Blog\",\"description\":\"Siamo la prima Scuola di Cinema e Fotografia di Napoli\",\"publisher\":{\"@id\":\"https:\\\/\\\/www.pigrecoemme.com\\\/blog\\\/#organization\"},\"potentialAction\":[{\"@type\":\"SearchAction\",\"target\":{\"@type\":\"EntryPoint\",\"urlTemplate\":\"https:\\\/\\\/www.pigrecoemme.com\\\/blog\\\/?s={search_term_string}\"},\"query-input\":{\"@type\":\"PropertyValueSpecification\",\"valueRequired\":true,\"valueName\":\"search_term_string\"}}],\"inLanguage\":\"it-IT\"},{\"@type\":\"Organization\",\"@id\":\"https:\\\/\\\/www.pigrecoemme.com\\\/blog\\\/#organization\",\"name\":\"Scuola di cinema e fotografia Pigrecoemme\",\"url\":\"https:\\\/\\\/www.pigrecoemme.com\\\/blog\\\/\",\"logo\":{\"@type\":\"ImageObject\",\"inLanguage\":\"it-IT\",\"@id\":\"https:\\\/\\\/www.pigrecoemme.com\\\/blog\\\/#\\\/schema\\\/logo\\\/image\\\/\",\"url\":\"https:\\\/\\\/i0.wp.com\\\/www.pigrecoemme.com\\\/blog\\\/wp-content\\\/uploads\\\/2018\\\/06\\\/logo-pigrecoemme-2018.png?fit=500%2C500&ssl=1\",\"contentUrl\":\"https:\\\/\\\/i0.wp.com\\\/www.pigrecoemme.com\\\/blog\\\/wp-content\\\/uploads\\\/2018\\\/06\\\/logo-pigrecoemme-2018.png?fit=500%2C500&ssl=1\",\"width\":500,\"height\":500,\"caption\":\"Scuola di cinema e fotografia Pigrecoemme\"},\"image\":{\"@id\":\"https:\\\/\\\/www.pigrecoemme.com\\\/blog\\\/#\\\/schema\\\/logo\\\/image\\\/\"},\"sameAs\":[\"https:\\\/\\\/www.facebook.com\\\/pigrecoemme\",\"https:\\\/\\\/x.com\\\/Pigrecoemme\",\"https:\\\/\\\/www.instagram.com\\\/pigrecoemme\\\/\",\"https:\\\/\\\/www.linkedin.com\\\/company\\\/pigrecoemme\\\/\",\"https:\\\/\\\/www.youtube.com\\\/pigrecoemme\"]},{\"@type\":\"Person\",\"@id\":\"https:\\\/\\\/www.pigrecoemme.com\\\/blog\\\/#\\\/schema\\\/person\\\/3fdd423e7c221a503812a1e86daec850\",\"name\":\"Rosario Gallone\",\"image\":{\"@type\":\"ImageObject\",\"inLanguage\":\"it-IT\",\"@id\":\"https:\\\/\\\/secure.gravatar.com\\\/avatar\\\/7172808a86a713dea422a3159a5fe73d8a0718671410a281103d82dea575d3e9?s=96&r=g\",\"url\":\"https:\\\/\\\/secure.gravatar.com\\\/avatar\\\/7172808a86a713dea422a3159a5fe73d8a0718671410a281103d82dea575d3e9?s=96&r=g\",\"contentUrl\":\"https:\\\/\\\/secure.gravatar.com\\\/avatar\\\/7172808a86a713dea422a3159a5fe73d8a0718671410a281103d82dea575d3e9?s=96&r=g\",\"caption\":\"Rosario Gallone\"},\"description\":\"Rosario \u00e8 tra i fondatori della Pigrecoemme, dove si occupa soprattutto del corso di regia e dell'organizzazione dei corsi. E' autore della sceneggiatura di Isa 9000 (mediometraggio con Isa Danieli diretto da Angelo Serio), del montaggio di documentari e della regia di alcuni cortometraggi.\",\"sameAs\":[\"http:\\\/\\\/www.pigrecoemme.com\\\/\",\"https:\\\/\\\/www.facebook.com\\\/rosario.gallone\",\"https:\\\/\\\/x.com\\\/RosarioGallone\"],\"url\":\"https:\\\/\\\/www.pigrecoemme.com\\\/blog\\\/author\\\/rosario-gallone\\\/\"}]}<\/script>\n<!-- \/ Yoast SEO plugin. -->","yoast_head_json":{"title":"Il loro Natale. Gaetano Di Vaio alla rassegna \"Con gli occhi del cinema\"","robots":{"index":"index","follow":"follow","max-snippet":"max-snippet:-1","max-image-preview":"max-image-preview:large","max-video-preview":"max-video-preview:-1"},"canonical":"https:\/\/www.pigrecoemme.com\/blog\/gaetano-di-vaio\/","og_locale":"it_IT","og_type":"article","og_title":"Il loro Natale. Gaetano Di Vaio alla rassegna \"Con gli occhi del cinema\"","og_description":"Continua, con la proiezione del film Il loro Natale di Gaetano Di Vaio, la rassegna Con gli occhi del cinema, curata dall\u2019associazione Tycho, in collaborazione con la Scuola di Cinema, Televisione e Fotografia Pigrecoemme e la Mediateca Santa Sofia del &hellip; Continue reading &rarr;","og_url":"https:\/\/www.pigrecoemme.com\/blog\/gaetano-di-vaio\/","og_site_name":"Scuola di Cinema Pigrecoemme - Blog","article_publisher":"https:\/\/www.facebook.com\/pigrecoemme","article_author":"https:\/\/www.facebook.com\/rosario.gallone","article_published_time":"2013-06-01T17:53:21+00:00","og_image":[{"url":"http:\/\/www.pigrecoemme.com\/blog\/wp-content\/uploads\/2013\/06\/gaetano-di-vaio-300x275.jpg","type":"","width":"","height":""}],"author":"Rosario Gallone","twitter_card":"summary_large_image","twitter_creator":"@RosarioGallone","twitter_site":"@Pigrecoemme","twitter_misc":{"Scritto da":"Rosario Gallone","Tempo di lettura stimato":"2 minuti"},"schema":{"@context":"https:\/\/schema.org","@graph":[{"@type":["Article","BlogPosting"],"@id":"https:\/\/www.pigrecoemme.com\/blog\/gaetano-di-vaio\/#article","isPartOf":{"@id":"https:\/\/www.pigrecoemme.com\/blog\/gaetano-di-vaio\/"},"author":{"name":"Rosario Gallone","@id":"https:\/\/www.pigrecoemme.com\/blog\/#\/schema\/person\/3fdd423e7c221a503812a1e86daec850"},"headline":"Il loro Natale. Gaetano Di Vaio alla rassegna &#8220;Con gli occhi del cinema&#8221;","datePublished":"2013-06-01T17:53:21+00:00","mainEntityOfPage":{"@id":"https:\/\/www.pigrecoemme.com\/blog\/gaetano-di-vaio\/"},"wordCount":380,"commentCount":0,"publisher":{"@id":"https:\/\/www.pigrecoemme.com\/blog\/#organization"},"image":{"@id":"https:\/\/www.pigrecoemme.com\/blog\/gaetano-di-vaio\/#primaryimage"},"thumbnailUrl":"http:\/\/www.pigrecoemme.com\/blog\/wp-content\/uploads\/2013\/06\/gaetano-di-vaio-300x275.jpg","keywords":["figli del bronx","gaetano di vaio","il clan degli artisti","il loro natale","mediateca santa sofia","tycho"],"articleSection":["Eventi","Generale","Produzioni"],"inLanguage":"it-IT","potentialAction":[{"@type":"CommentAction","name":"Comment","target":["https:\/\/www.pigrecoemme.com\/blog\/gaetano-di-vaio\/#respond"]}]},{"@type":"WebPage","@id":"https:\/\/www.pigrecoemme.com\/blog\/gaetano-di-vaio\/","url":"https:\/\/www.pigrecoemme.com\/blog\/gaetano-di-vaio\/","name":"Il loro Natale. Gaetano Di Vaio alla rassegna \"Con gli occhi del cinema\"","isPartOf":{"@id":"https:\/\/www.pigrecoemme.com\/blog\/#website"},"primaryImageOfPage":{"@id":"https:\/\/www.pigrecoemme.com\/blog\/gaetano-di-vaio\/#primaryimage"},"image":{"@id":"https:\/\/www.pigrecoemme.com\/blog\/gaetano-di-vaio\/#primaryimage"},"thumbnailUrl":"http:\/\/www.pigrecoemme.com\/blog\/wp-content\/uploads\/2013\/06\/gaetano-di-vaio-300x275.jpg","datePublished":"2013-06-01T17:53:21+00:00","breadcrumb":{"@id":"https:\/\/www.pigrecoemme.com\/blog\/gaetano-di-vaio\/#breadcrumb"},"inLanguage":"it-IT","potentialAction":[{"@type":"ReadAction","target":["https:\/\/www.pigrecoemme.com\/blog\/gaetano-di-vaio\/"]}]},{"@type":"ImageObject","inLanguage":"it-IT","@id":"https:\/\/www.pigrecoemme.com\/blog\/gaetano-di-vaio\/#primaryimage","url":"http:\/\/www.pigrecoemme.com\/blog\/wp-content\/uploads\/2013\/06\/gaetano-di-vaio-300x275.jpg","contentUrl":"http:\/\/www.pigrecoemme.com\/blog\/wp-content\/uploads\/2013\/06\/gaetano-di-vaio-300x275.jpg"},{"@type":"BreadcrumbList","@id":"https:\/\/www.pigrecoemme.com\/blog\/gaetano-di-vaio\/#breadcrumb","itemListElement":[{"@type":"ListItem","position":1,"name":"Home","item":"https:\/\/www.pigrecoemme.com\/blog\/"},{"@type":"ListItem","position":2,"name":"Il loro Natale. Gaetano Di Vaio alla rassegna &#8220;Con gli occhi del cinema&#8221;"}]},{"@type":"WebSite","@id":"https:\/\/www.pigrecoemme.com\/blog\/#website","url":"https:\/\/www.pigrecoemme.com\/blog\/","name":"Scuola di Cinema Pigrecoemme - Blog","description":"Siamo la prima Scuola di Cinema e Fotografia di Napoli","publisher":{"@id":"https:\/\/www.pigrecoemme.com\/blog\/#organization"},"potentialAction":[{"@type":"SearchAction","target":{"@type":"EntryPoint","urlTemplate":"https:\/\/www.pigrecoemme.com\/blog\/?s={search_term_string}"},"query-input":{"@type":"PropertyValueSpecification","valueRequired":true,"valueName":"search_term_string"}}],"inLanguage":"it-IT"},{"@type":"Organization","@id":"https:\/\/www.pigrecoemme.com\/blog\/#organization","name":"Scuola di cinema e fotografia Pigrecoemme","url":"https:\/\/www.pigrecoemme.com\/blog\/","logo":{"@type":"ImageObject","inLanguage":"it-IT","@id":"https:\/\/www.pigrecoemme.com\/blog\/#\/schema\/logo\/image\/","url":"https:\/\/i0.wp.com\/www.pigrecoemme.com\/blog\/wp-content\/uploads\/2018\/06\/logo-pigrecoemme-2018.png?fit=500%2C500&ssl=1","contentUrl":"https:\/\/i0.wp.com\/www.pigrecoemme.com\/blog\/wp-content\/uploads\/2018\/06\/logo-pigrecoemme-2018.png?fit=500%2C500&ssl=1","width":500,"height":500,"caption":"Scuola di cinema e fotografia Pigrecoemme"},"image":{"@id":"https:\/\/www.pigrecoemme.com\/blog\/#\/schema\/logo\/image\/"},"sameAs":["https:\/\/www.facebook.com\/pigrecoemme","https:\/\/x.com\/Pigrecoemme","https:\/\/www.instagram.com\/pigrecoemme\/","https:\/\/www.linkedin.com\/company\/pigrecoemme\/","https:\/\/www.youtube.com\/pigrecoemme"]},{"@type":"Person","@id":"https:\/\/www.pigrecoemme.com\/blog\/#\/schema\/person\/3fdd423e7c221a503812a1e86daec850","name":"Rosario Gallone","image":{"@type":"ImageObject","inLanguage":"it-IT","@id":"https:\/\/secure.gravatar.com\/avatar\/7172808a86a713dea422a3159a5fe73d8a0718671410a281103d82dea575d3e9?s=96&r=g","url":"https:\/\/secure.gravatar.com\/avatar\/7172808a86a713dea422a3159a5fe73d8a0718671410a281103d82dea575d3e9?s=96&r=g","contentUrl":"https:\/\/secure.gravatar.com\/avatar\/7172808a86a713dea422a3159a5fe73d8a0718671410a281103d82dea575d3e9?s=96&r=g","caption":"Rosario Gallone"},"description":"Rosario \u00e8 tra i fondatori della Pigrecoemme, dove si occupa soprattutto del corso di regia e dell'organizzazione dei corsi. E' autore della sceneggiatura di Isa 9000 (mediometraggio con Isa Danieli diretto da Angelo Serio), del montaggio di documentari e della regia di alcuni cortometraggi.","sameAs":["http:\/\/www.pigrecoemme.com\/","https:\/\/www.facebook.com\/rosario.gallone","https:\/\/x.com\/RosarioGallone"],"url":"https:\/\/www.pigrecoemme.com\/blog\/author\/rosario-gallone\/"}]}},"jetpack_sharing_enabled":true,"jetpack_likes_enabled":true,"jetpack-related-posts":[{"id":654,"url":"https:\/\/www.pigrecoemme.com\/blog\/le-coccinelle-sceneggiata-transessuale\/","url_meta":{"origin":666,"position":0},"title":"Le Coccinelle &#8211; Sceneggiata Transessuale alla rassegna &#8220;Con gli occhi del cinema&#8221;","author":"Corrado Morra","date":"18 Maggio 2013","format":false,"excerpt":"Continua, con il docu-musical di Emanuela Pirelli \"Le coccinelle - Sceneggiata transessuale\", la rassegna Con gli occhi del cinema, curata dall'associazione Tycho, in collaborazione con la Scuola di Cinema, Televisione e Fotografia Pigrecoemme e la Mediateca Santa Sofia del Comune di Napoli. La proiezione, a ingresso gratuito, si terr\u00e0 marted\u00ec\u2026","rel":"","context":"In &quot;Eventi&quot;","block_context":{"text":"Eventi","link":"https:\/\/www.pigrecoemme.com\/blog\/eventi\/"},"img":{"alt_text":"La locandina del film","src":"https:\/\/i0.wp.com\/www.pigrecoemme.com\/blog\/wp-content\/uploads\/2013\/05\/le-coccinelle-sceneggiata-transessuale-215x300.jpg?resize=350%2C200","width":350,"height":200},"classes":[]},{"id":678,"url":"https:\/\/www.pigrecoemme.com\/blog\/chiude-con-gli-occhi-del-cinema\/","url_meta":{"origin":666,"position":1},"title":"Ultimo appuntamento della rassegna Con gli occhi del cinema","author":"Corrado Morra","date":"24 Giugno 2013","format":false,"excerpt":"Si conclude marted\u00ec 25 giugno la rassegna Con gli occhi del cinema, a cura dell\u2019associazione Tycho, in collaborazione con la Scuola di Cinema, Televisione e Fotografia Pigrecoemme, con una serata dedicata al cinema che racconta lo sport. Due le proiezioni in programma che, a ingresso gratuito fino a esaurimento posti,\u2026","rel":"","context":"In &quot;Eventi&quot;","block_context":{"text":"Eventi","link":"https:\/\/www.pigrecoemme.com\/blog\/eventi\/"},"img":{"alt_text":"","src":"https:\/\/i0.wp.com\/www.pigrecoemme.com\/blog\/wp-content\/uploads\/2013\/06\/gaetano-massa-300x200.jpg?resize=350%2C200","width":350,"height":200},"classes":[]},{"id":651,"url":"https:\/\/www.pigrecoemme.com\/blog\/con-gli-occhi-del-cinema\/","url_meta":{"origin":666,"position":2},"title":"Rassegna &#8220;Con gli occhi del cinema&#8221;","author":"Corrado Morra","date":"16 Maggio 2013","format":false,"excerpt":"Nell\u2019ambito dell\u2019iniziativa Il Clan degli artisti, promossa dall\u2019Assessorato ai giovani e Politiche giovanili del Comune di Napoli e dalla Regione Campania, l\u2019associazione culturale Tycho, in collaborazione con la Scuola di cinema Pigrecoemme di Napoli e la Mediateca Santa Sofia, presentano Con gli occhi del cinema, un progetto dedicato al cinema\u2026","rel":"","context":"In &quot;Eventi&quot;","block_context":{"text":"Eventi","link":"https:\/\/www.pigrecoemme.com\/blog\/eventi\/"},"img":{"alt_text":"","src":"https:\/\/i0.wp.com\/www.pigrecoemme.com\/blog\/wp-content\/uploads\/2013\/05\/tycho.jpg?resize=350%2C200","width":350,"height":200},"classes":[]},{"id":1294,"url":"https:\/\/www.pigrecoemme.com\/blog\/stessa-rabbia-stessa-primavera\/","url_meta":{"origin":666,"position":3},"title":"Stefano Incerti presenta Stessa rabbia, stessa primavera alla Mediateca  Santa Sofia","author":"Corrado Morra","date":"31 Marzo 2015","format":false,"excerpt":"Continua gioved\u00ec 2 aprile con Stessa rabbia, stessa primavera, documentario di rara intensit\u00e0 di Stefano Incerti, la bella rassegna Cinema al quadrato \u2013 Il cinema che si racconta\u00a0della Mediateca Santa Sofia del Comune di Napoli.Il ciclo di proiezioni, a cura di Francesco Napolitano e Armando Andria, giunto alla quinta edizione,\u2026","rel":"","context":"In &quot;Eventi&quot;","block_context":{"text":"Eventi","link":"https:\/\/www.pigrecoemme.com\/blog\/eventi\/"},"img":{"alt_text":"","src":"https:\/\/i0.wp.com\/www.pigrecoemme.com\/blog\/wp-content\/uploads\/2015\/03\/stessa-rabbia.jpg?resize=350%2C200&ssl=1","width":350,"height":200},"classes":[]},{"id":314,"url":"https:\/\/www.pigrecoemme.com\/blog\/the-others-su-gt-channel-la-scuola-di-cinema-e-televisione-pigrecoemme-in-tv\/","url_meta":{"origin":666,"position":4},"title":"The Others su GT Channel. La Scuola di cinema e televisione Pigrecoemme in TV","author":"Rosario Gallone","date":"14 Dicembre 2010","format":false,"excerpt":"The Others, la rivista di approfondimento critico della Scuola di cinema e televisione Pigrecoemme di Napoli, arriva, con un programma di approfondimento cinematografico, in TV. Su GT Channel.","rel":"","context":"In &quot;Eventi&quot;","block_context":{"text":"Eventi","link":"https:\/\/www.pigrecoemme.com\/blog\/eventi\/"},"img":{"alt_text":"","src":"https:\/\/i0.wp.com\/www.pigrecoemme.com\/blog\/wp-content\/uploads\/2010\/12\/the-others-gt-channel.jpg?resize=350%2C200&ssl=1","width":350,"height":200},"classes":[]},{"id":3513,"url":"https:\/\/www.pigrecoemme.com\/blog\/presentazione-del-libro-i-migliori-anni-della-nostra-vita-in-mediateca-di-francesco-napolitano\/","url_meta":{"origin":666,"position":5},"title":"Presentazione del libro &#8220;I migliori anni della nostra vita, in mediateca&#8221; di Francesco Napolitano","author":"Pigrecoemme","date":"10 Marzo 2024","format":false,"excerpt":"Da chi ha a che fare con noi prima o poi inevitabilmente arriva una domanda: \"Ma che vuol dire Pigrecoemme?\" La risposta potrebbe essere pi\u00f9 o meno questa: i fondatori della Pigrecoemme si incontrarono come partecipanti alle attivit\u00e0 di un'associazione culturale napoletana, molto impegnata nel sociale, il cui nome era\u2026","rel":"","context":"In &quot;Eventi&quot;","block_context":{"text":"Eventi","link":"https:\/\/www.pigrecoemme.com\/blog\/eventi\/"},"img":{"alt_text":"","src":"https:\/\/i0.wp.com\/www.pigrecoemme.com\/blog\/wp-content\/uploads\/2024\/03\/i.migliori-anni-fronte.jpg?resize=350%2C200","width":350,"height":200,"srcset":"https:\/\/i0.wp.com\/www.pigrecoemme.com\/blog\/wp-content\/uploads\/2024\/03\/i.migliori-anni-fronte.jpg?resize=350%2C200 1x, https:\/\/i0.wp.com\/www.pigrecoemme.com\/blog\/wp-content\/uploads\/2024\/03\/i.migliori-anni-fronte.jpg?resize=525%2C300 1.5x, https:\/\/i0.wp.com\/www.pigrecoemme.com\/blog\/wp-content\/uploads\/2024\/03\/i.migliori-anni-fronte.jpg?resize=700%2C400 2x, https:\/\/i0.wp.com\/www.pigrecoemme.com\/blog\/wp-content\/uploads\/2024\/03\/i.migliori-anni-fronte.jpg?resize=1050%2C600 3x"},"classes":[]}],"jetpack_featured_media_url":"","_links":{"self":[{"href":"https:\/\/www.pigrecoemme.com\/blog\/wp-json\/wp\/v2\/posts\/666","targetHints":{"allow":["GET"]}}],"collection":[{"href":"https:\/\/www.pigrecoemme.com\/blog\/wp-json\/wp\/v2\/posts"}],"about":[{"href":"https:\/\/www.pigrecoemme.com\/blog\/wp-json\/wp\/v2\/types\/post"}],"author":[{"embeddable":true,"href":"https:\/\/www.pigrecoemme.com\/blog\/wp-json\/wp\/v2\/users\/3"}],"replies":[{"embeddable":true,"href":"https:\/\/www.pigrecoemme.com\/blog\/wp-json\/wp\/v2\/comments?post=666"}],"version-history":[{"count":0,"href":"https:\/\/www.pigrecoemme.com\/blog\/wp-json\/wp\/v2\/posts\/666\/revisions"}],"wp:attachment":[{"href":"https:\/\/www.pigrecoemme.com\/blog\/wp-json\/wp\/v2\/media?parent=666"}],"wp:term":[{"taxonomy":"category","embeddable":true,"href":"https:\/\/www.pigrecoemme.com\/blog\/wp-json\/wp\/v2\/categories?post=666"},{"taxonomy":"post_tag","embeddable":true,"href":"https:\/\/www.pigrecoemme.com\/blog\/wp-json\/wp\/v2\/tags?post=666"}],"curies":[{"name":"wp","href":"https:\/\/api.w.org\/{rel}","templated":true}]}}