{"id":664,"date":"2013-05-27T00:49:31","date_gmt":"2013-05-26T22:49:31","guid":{"rendered":"http:\/\/www.pigrecoemme.com\/blog\/?p=664"},"modified":"2014-11-27T12:53:54","modified_gmt":"2014-11-27T11:53:54","slug":"un-consiglio-a-dio-al-cinema","status":"publish","type":"post","link":"https:\/\/www.pigrecoemme.com\/blog\/un-consiglio-a-dio-al-cinema\/","title":{"rendered":"Un Consiglio a Dio al Cinema! (si parte dal nuovo Sacher di Roma e dal Filangieri di Napoli)"},"content":{"rendered":"<p>&nbsp;<\/p>\n<p>E&#8217; con grandissima soddisfazione che vi annunciamo che il nuovo film di <strong>Sandro Dionisio<\/strong>, <a href=\"https:\/\/www.pigrecoemme.com\/blog\/tag\/un-consiglio-a-dio\/\"><strong>Un Consiglio a Dio<\/strong><\/a>, prodotto dalla Axelotil di Ganluca Arcopinto, dalla, C.ET.R.A di Sandro Dionisio e dalla Pigrecoemme, inizia il suo percorso distributivo nelle sale italiane.<\/p>\n<h2>Il 29 maggio al Nuovo Sacher di Roma<\/h2>\n<p>Montato dal docente del nostro <a href=\"http:\/\/www.pigrecoemme.com\/corsi\/corso-montaggio-premiere.htm\">corso di montaggio<\/a>, Giacomo Fabbrocino, Il docufilm, con <strong>Vinicio Marchioni<\/strong>, che affronta il tema dei migranti costretti a lasciare le proprie terre per una vita migliore, sar\u00e0 presentato in anteprima <strong>mercoled\u00ec 29 maggio 2013 alle ore 22.30 al Cinema Nuovo Sacher di Roma<\/strong>.<\/p>\n<p>Per l&#8217;occasione saranno presenti, oltre all&#8217;autore Sandro Dionisio, il protagonista Vinicio Marchioni e il produttore Gianluca Arcopinto.<\/p>\n<h2>Il 30 maggio al Filangieri di Napoli<\/h2>\n<p><strong>Gioved\u00ec 30 sar\u00e0 il cinema Filangieri di Napoli (Via Filangieri 43) ad ospitare Un Consiglio a Dio<\/strong>. Dopo la proiezione il cast tutto si trasferir\u00e0 all&#8217;Around Midnight (via Bonito 32) per brindare ascoltando la colonna sonora del film eseguita dal vivo dal suo autore Danise.<\/p>\n<h2>Un film sperimentale<\/h2>\n<p><a href=\"https:\/\/i0.wp.com\/www.pigrecoemme.com\/blog\/wp-content\/uploads\/2013\/05\/cad_a.jpg?ssl=1\"><img data-recalc-dims=\"1\" loading=\"lazy\" decoding=\"async\" class=\"size-medium wp-image-650 alignleft\" title=\"Un Consiglio a Dio\" src=\"https:\/\/i0.wp.com\/www.pigrecoemme.com\/blog\/wp-content\/uploads\/2013\/05\/cad_a.jpg?resize=210%2C300&#038;ssl=1\" alt=\"Il manifesto\" width=\"210\" height=\"300\" srcset=\"https:\/\/i0.wp.com\/www.pigrecoemme.com\/blog\/wp-content\/uploads\/2013\/05\/cad_a.jpg?resize=210%2C300&amp;ssl=1 210w, https:\/\/i0.wp.com\/www.pigrecoemme.com\/blog\/wp-content\/uploads\/2013\/05\/cad_a.jpg?w=794&amp;ssl=1 794w\" sizes=\"auto, (max-width: 210px) 100vw, 210px\" \/><\/a><\/p>\n<p>Con &#8220;Un consiglio a Dio&#8221; Dionisio torna con un&#8217;opera sperimentale che si muove tra cinema crossover, teatro e documentario, che arriva dopo l&#8217;esperienza fortunata di &#8220;Compleanno&#8221;, evento speciale alla 62esima Mostra del cinema di Venezia, che \u00e8 valso due David di Donatello alle interpreti Giovanna Mezzogiorno e Piera Degli Esposti, e &#8220;La Volpe a tre Zampe&#8221;, il suo primo lungometraggio premiato al Giffoni Film Festival 2003 e presentato in concorso al Festival di Berlino 2004.<\/p>\n<p>Il film, presentato all&#8217;ultimo Festival di Pesaro, \u00e8 un lavoro di forte intensit\u00e0. Un uomo solo, perso nella notte su un litorale italiano ingombro di rifiuti e di escrementi, \u00e8 intento nel suo faticoso lavoro: recuperare i corpi degli extracomunitari naufragati sulle nostre coste. Protagonista \u00e8 Vinicio Marchioni che offre con questa interpretazione una prova di grande forza drammaturgica.<\/p>\n<p>Dionisio si confronta con un testo letterario, tratto da un monologo teatrale di Davide Morganti: &#8220;Il Trovacadaveri&#8221;, proponendo un&#8217;analisi lirico-efferata del reale, un documento crudo e poetico sulla contemporaneit\u00e0 e sul viaggio verso Itaca di cui il Trovacadaveri diviene un moderno Caronte.<\/p>\n<p style=\"text-align: center;\"><object width=\"500\" height=\"281\" classid=\"clsid:d27cdb6e-ae6d-11cf-96b8-444553540000\" codebase=\"http:\/\/download.macromedia.com\/pub\/shockwave\/cabs\/flash\/swflash.cab#version=6,0,40,0\"><param name=\"allowFullScreen\" value=\"true\" \/><param name=\"allowscriptaccess\" value=\"always\" \/><param name=\"src\" value=\"http:\/\/www.youtube.com\/v\/1HWIEJbV5ao?version=3&amp;hl=it_IT&amp;rel=0\" \/><\/object><\/p>\n<p>Opera sperimentale che si muove tra cinema crossover, teatro e documentario, il film, dopo Roma e Napoli, sar\u00e0 dal 1\u00b0 al 5 giugno nuovamente a Roma al Cinema Kino; dal 6 al 12 giugno a Perugia al Cinematografo Comunale Sant&#8217;Angelo; il 19 giugno al Cinema Tiberio di Rimini e poi al cinema Loreto di Pesaro. Altre date in via di definizione: Genova, Firenze, Ancona, Fermo, Torino, Milano, Bologna, Orbetello e Siena.<\/p>\n<p>&#8220;Un consiglio a Dio&#8221; \u00e8 distribuito dalla Pablo di <strong><a href=\"http:\/\/www.ilfattoquotidiano.it\/blog\/garcopinto\/\">Gianluca Arcopinto<\/a><\/strong>.<\/p>\n<p style=\"text-align: center;\"><a href=\"https:\/\/www.facebook.com\/events\/573993045956198\/\"><img data-recalc-dims=\"1\" loading=\"lazy\" decoding=\"async\" class=\"aligncenter\" title=\"L'evento su Facebook\" src=\"https:\/\/i0.wp.com\/www.pigrecoemme.com\/blog\/wp-content\/uploads\/2012\/03\/evento-facebook.png?resize=500%2C86&#038;ssl=1\" alt=\"\" width=\"500\" height=\"86\" \/><\/a><\/p>\n","protected":false},"excerpt":{"rendered":"<p>&nbsp; E&#8217; con grandissima soddisfazione che vi annunciamo che il nuovo film di Sandro Dionisio, Un Consiglio a Dio, prodotto dalla Axelotil di Ganluca Arcopinto, dalla, C.ET.R.A di Sandro Dionisio e dalla Pigrecoemme, inizia&hellip;<\/p>\n","protected":false},"author":1,"featured_media":0,"comment_status":"open","ping_status":"open","sticky":false,"template":"","format":"standard","meta":{"_jetpack_newsletter_access":"","_jetpack_dont_email_post_to_subs":false,"_jetpack_newsletter_tier_id":0,"_jetpack_memberships_contains_paywalled_content":false,"_jetpack_feature_clip_id":0,"_jetpack_memberships_contains_paid_content":false,"footnotes":"","jetpack_post_was_ever_published":false},"categories":[11,1,12,3],"tags":[177,591,58,710,711],"class_list":["post-664","post","type-post","status-publish","format-standard","hentry","category-eventi","category-generale","category-produzioni","category-scuola-di-cinema","tag-giacomo-fabbrocino","tag-gianluca-arcopinto","tag-pigrecoemme","tag-sandro-dionisio","tag-un-consiglio-a-dio"],"yoast_head":"<!-- This site is optimized with the Yoast SEO plugin v28.4 - https:\/\/yoast.com\/product\/yoast-seo-wordpress\/ -->\n<title>Un Consiglio a Dio al Cinema! (si parte dal nuovo Sacher di Roma e dal Filangieri di Napoli)<\/title>\n<meta name=\"robots\" content=\"index, follow, max-snippet:-1, max-image-preview:large, max-video-preview:-1\" \/>\n<link rel=\"canonical\" href=\"https:\/\/www.pigrecoemme.com\/blog\/un-consiglio-a-dio-al-cinema\/\" \/>\n<meta property=\"og:locale\" content=\"it_IT\" \/>\n<meta property=\"og:type\" content=\"article\" \/>\n<meta property=\"og:title\" content=\"Un Consiglio a Dio al Cinema! (si parte dal nuovo Sacher di Roma e dal Filangieri di Napoli)\" \/>\n<meta property=\"og:description\" content=\"&nbsp; E&#8217; con grandissima soddisfazione che vi annunciamo che il nuovo film di Sandro Dionisio, Un Consiglio a Dio, prodotto dalla Axelotil di Ganluca Arcopinto, dalla, C.ET.R.A di Sandro Dionisio e dalla Pigrecoemme, inizia il suo percorso distributivo nelle sale &hellip; Continue reading &rarr;\" \/>\n<meta property=\"og:url\" content=\"https:\/\/www.pigrecoemme.com\/blog\/un-consiglio-a-dio-al-cinema\/\" \/>\n<meta property=\"og:site_name\" content=\"Scuola di Cinema Pigrecoemme - Blog\" \/>\n<meta property=\"article:publisher\" content=\"https:\/\/www.facebook.com\/pigrecoemme\" \/>\n<meta property=\"article:author\" content=\"https:\/\/www.facebook.com\/giacomo.fabbrocino\" \/>\n<meta property=\"article:published_time\" content=\"2013-05-26T22:49:31+00:00\" \/>\n<meta property=\"article:modified_time\" content=\"2014-11-27T11:53:54+00:00\" \/>\n<meta property=\"og:image\" content=\"http:\/\/www.pigrecoemme.com\/blog\/wp-content\/uploads\/2013\/05\/cad_a-210x300.jpg\" \/>\n<meta name=\"author\" content=\"Giacomo Fabbrocino\" \/>\n<meta name=\"twitter:card\" content=\"summary_large_image\" \/>\n<meta name=\"twitter:creator\" content=\"@Pigrecoemme\" \/>\n<meta name=\"twitter:site\" content=\"@Pigrecoemme\" \/>\n<meta name=\"twitter:label1\" content=\"Scritto da\" \/>\n\t<meta name=\"twitter:data1\" content=\"Giacomo Fabbrocino\" \/>\n\t<meta name=\"twitter:label2\" content=\"Tempo di lettura stimato\" \/>\n\t<meta name=\"twitter:data2\" content=\"2 minuti\" \/>\n<script type=\"application\/ld+json\" class=\"yoast-schema-graph\">{\"@context\":\"https:\\\/\\\/schema.org\",\"@graph\":[{\"@type\":[\"Article\",\"BlogPosting\"],\"@id\":\"https:\\\/\\\/www.pigrecoemme.com\\\/blog\\\/un-consiglio-a-dio-al-cinema\\\/#article\",\"isPartOf\":{\"@id\":\"https:\\\/\\\/www.pigrecoemme.com\\\/blog\\\/un-consiglio-a-dio-al-cinema\\\/\"},\"author\":{\"name\":\"Giacomo Fabbrocino\",\"@id\":\"https:\\\/\\\/www.pigrecoemme.com\\\/blog\\\/#\\\/schema\\\/person\\\/57fa822c3d209d3a2612fd0411ae63f4\"},\"headline\":\"Un Consiglio a Dio al Cinema! (si parte dal nuovo Sacher di Roma e dal Filangieri di Napoli)\",\"datePublished\":\"2013-05-26T22:49:31+00:00\",\"dateModified\":\"2014-11-27T11:53:54+00:00\",\"mainEntityOfPage\":{\"@id\":\"https:\\\/\\\/www.pigrecoemme.com\\\/blog\\\/un-consiglio-a-dio-al-cinema\\\/\"},\"wordCount\":436,\"commentCount\":0,\"publisher\":{\"@id\":\"https:\\\/\\\/www.pigrecoemme.com\\\/blog\\\/#organization\"},\"image\":{\"@id\":\"https:\\\/\\\/www.pigrecoemme.com\\\/blog\\\/un-consiglio-a-dio-al-cinema\\\/#primaryimage\"},\"thumbnailUrl\":\"http:\\\/\\\/www.pigrecoemme.com\\\/blog\\\/wp-content\\\/uploads\\\/2013\\\/05\\\/cad_a-210x300.jpg\",\"keywords\":[\"Giacomo Fabbrocino\",\"gianluca arcopinto\",\"pigrecoemme\",\"Sandro Dionisio\",\"un consiglio a Dio\"],\"articleSection\":[\"Eventi\",\"Generale\",\"Produzioni\",\"Scuola di cinema\"],\"inLanguage\":\"it-IT\",\"potentialAction\":[{\"@type\":\"CommentAction\",\"name\":\"Comment\",\"target\":[\"https:\\\/\\\/www.pigrecoemme.com\\\/blog\\\/un-consiglio-a-dio-al-cinema\\\/#respond\"]}]},{\"@type\":\"WebPage\",\"@id\":\"https:\\\/\\\/www.pigrecoemme.com\\\/blog\\\/un-consiglio-a-dio-al-cinema\\\/\",\"url\":\"https:\\\/\\\/www.pigrecoemme.com\\\/blog\\\/un-consiglio-a-dio-al-cinema\\\/\",\"name\":\"Un Consiglio a Dio al Cinema! (si parte dal nuovo Sacher di Roma e dal Filangieri di Napoli)\",\"isPartOf\":{\"@id\":\"https:\\\/\\\/www.pigrecoemme.com\\\/blog\\\/#website\"},\"primaryImageOfPage\":{\"@id\":\"https:\\\/\\\/www.pigrecoemme.com\\\/blog\\\/un-consiglio-a-dio-al-cinema\\\/#primaryimage\"},\"image\":{\"@id\":\"https:\\\/\\\/www.pigrecoemme.com\\\/blog\\\/un-consiglio-a-dio-al-cinema\\\/#primaryimage\"},\"thumbnailUrl\":\"http:\\\/\\\/www.pigrecoemme.com\\\/blog\\\/wp-content\\\/uploads\\\/2013\\\/05\\\/cad_a-210x300.jpg\",\"datePublished\":\"2013-05-26T22:49:31+00:00\",\"dateModified\":\"2014-11-27T11:53:54+00:00\",\"breadcrumb\":{\"@id\":\"https:\\\/\\\/www.pigrecoemme.com\\\/blog\\\/un-consiglio-a-dio-al-cinema\\\/#breadcrumb\"},\"inLanguage\":\"it-IT\",\"potentialAction\":[{\"@type\":\"ReadAction\",\"target\":[\"https:\\\/\\\/www.pigrecoemme.com\\\/blog\\\/un-consiglio-a-dio-al-cinema\\\/\"]}]},{\"@type\":\"ImageObject\",\"inLanguage\":\"it-IT\",\"@id\":\"https:\\\/\\\/www.pigrecoemme.com\\\/blog\\\/un-consiglio-a-dio-al-cinema\\\/#primaryimage\",\"url\":\"http:\\\/\\\/www.pigrecoemme.com\\\/blog\\\/wp-content\\\/uploads\\\/2013\\\/05\\\/cad_a-210x300.jpg\",\"contentUrl\":\"http:\\\/\\\/www.pigrecoemme.com\\\/blog\\\/wp-content\\\/uploads\\\/2013\\\/05\\\/cad_a-210x300.jpg\"},{\"@type\":\"BreadcrumbList\",\"@id\":\"https:\\\/\\\/www.pigrecoemme.com\\\/blog\\\/un-consiglio-a-dio-al-cinema\\\/#breadcrumb\",\"itemListElement\":[{\"@type\":\"ListItem\",\"position\":1,\"name\":\"Home\",\"item\":\"https:\\\/\\\/www.pigrecoemme.com\\\/blog\\\/\"},{\"@type\":\"ListItem\",\"position\":2,\"name\":\"Un Consiglio a Dio al Cinema! (si parte dal nuovo Sacher di Roma e dal Filangieri di Napoli)\"}]},{\"@type\":\"WebSite\",\"@id\":\"https:\\\/\\\/www.pigrecoemme.com\\\/blog\\\/#website\",\"url\":\"https:\\\/\\\/www.pigrecoemme.com\\\/blog\\\/\",\"name\":\"Scuola di Cinema Pigrecoemme - Blog\",\"description\":\"Siamo la prima Scuola di Cinema e Fotografia di Napoli\",\"publisher\":{\"@id\":\"https:\\\/\\\/www.pigrecoemme.com\\\/blog\\\/#organization\"},\"potentialAction\":[{\"@type\":\"SearchAction\",\"target\":{\"@type\":\"EntryPoint\",\"urlTemplate\":\"https:\\\/\\\/www.pigrecoemme.com\\\/blog\\\/?s={search_term_string}\"},\"query-input\":{\"@type\":\"PropertyValueSpecification\",\"valueRequired\":true,\"valueName\":\"search_term_string\"}}],\"inLanguage\":\"it-IT\"},{\"@type\":\"Organization\",\"@id\":\"https:\\\/\\\/www.pigrecoemme.com\\\/blog\\\/#organization\",\"name\":\"Scuola di cinema e fotografia Pigrecoemme\",\"url\":\"https:\\\/\\\/www.pigrecoemme.com\\\/blog\\\/\",\"logo\":{\"@type\":\"ImageObject\",\"inLanguage\":\"it-IT\",\"@id\":\"https:\\\/\\\/www.pigrecoemme.com\\\/blog\\\/#\\\/schema\\\/logo\\\/image\\\/\",\"url\":\"https:\\\/\\\/i0.wp.com\\\/www.pigrecoemme.com\\\/blog\\\/wp-content\\\/uploads\\\/2018\\\/06\\\/logo-pigrecoemme-2018.png?fit=500%2C500&ssl=1\",\"contentUrl\":\"https:\\\/\\\/i0.wp.com\\\/www.pigrecoemme.com\\\/blog\\\/wp-content\\\/uploads\\\/2018\\\/06\\\/logo-pigrecoemme-2018.png?fit=500%2C500&ssl=1\",\"width\":500,\"height\":500,\"caption\":\"Scuola di cinema e fotografia Pigrecoemme\"},\"image\":{\"@id\":\"https:\\\/\\\/www.pigrecoemme.com\\\/blog\\\/#\\\/schema\\\/logo\\\/image\\\/\"},\"sameAs\":[\"https:\\\/\\\/www.facebook.com\\\/pigrecoemme\",\"https:\\\/\\\/x.com\\\/Pigrecoemme\",\"https:\\\/\\\/www.instagram.com\\\/pigrecoemme\\\/\",\"https:\\\/\\\/www.linkedin.com\\\/company\\\/pigrecoemme\\\/\",\"https:\\\/\\\/www.youtube.com\\\/pigrecoemme\"]},{\"@type\":\"Person\",\"@id\":\"https:\\\/\\\/www.pigrecoemme.com\\\/blog\\\/#\\\/schema\\\/person\\\/57fa822c3d209d3a2612fd0411ae63f4\",\"name\":\"Giacomo Fabbrocino\",\"image\":{\"@type\":\"ImageObject\",\"inLanguage\":\"it-IT\",\"@id\":\"https:\\\/\\\/secure.gravatar.com\\\/avatar\\\/0e4dfd4d05c06a03fffaffeb36fb181415ba11b91a6b566fa2e8ada75927db32?s=96&r=g\",\"url\":\"https:\\\/\\\/secure.gravatar.com\\\/avatar\\\/0e4dfd4d05c06a03fffaffeb36fb181415ba11b91a6b566fa2e8ada75927db32?s=96&r=g\",\"contentUrl\":\"https:\\\/\\\/secure.gravatar.com\\\/avatar\\\/0e4dfd4d05c06a03fffaffeb36fb181415ba11b91a6b566fa2e8ada75927db32?s=96&r=g\",\"caption\":\"Giacomo Fabbrocino\"},\"description\":\"Montatore cinematografico, autore di documentari sull'arte e di video d'artista, Giacomo \u00e8 responsabile della didattica e della comunicazione web della Scuola di Cinema, Fotografia e Televisione Pigrecoemme di Napoli.\",\"sameAs\":[\"http:\\\/\\\/www.pigrecoemme.com\\\/\",\"https:\\\/\\\/www.facebook.com\\\/giacomo.fabbrocino\"],\"url\":\"https:\\\/\\\/www.pigrecoemme.com\\\/blog\\\/author\\\/giacomo-fabbrocino\\\/\"}]}<\/script>\n<!-- \/ Yoast SEO plugin. -->","yoast_head_json":{"title":"Un Consiglio a Dio al Cinema! (si parte dal nuovo Sacher di Roma e dal Filangieri di Napoli)","robots":{"index":"index","follow":"follow","max-snippet":"max-snippet:-1","max-image-preview":"max-image-preview:large","max-video-preview":"max-video-preview:-1"},"canonical":"https:\/\/www.pigrecoemme.com\/blog\/un-consiglio-a-dio-al-cinema\/","og_locale":"it_IT","og_type":"article","og_title":"Un Consiglio a Dio al Cinema! (si parte dal nuovo Sacher di Roma e dal Filangieri di Napoli)","og_description":"&nbsp; E&#8217; con grandissima soddisfazione che vi annunciamo che il nuovo film di Sandro Dionisio, Un Consiglio a Dio, prodotto dalla Axelotil di Ganluca Arcopinto, dalla, C.ET.R.A di Sandro Dionisio e dalla Pigrecoemme, inizia il suo percorso distributivo nelle sale &hellip; Continue reading &rarr;","og_url":"https:\/\/www.pigrecoemme.com\/blog\/un-consiglio-a-dio-al-cinema\/","og_site_name":"Scuola di Cinema Pigrecoemme - Blog","article_publisher":"https:\/\/www.facebook.com\/pigrecoemme","article_author":"https:\/\/www.facebook.com\/giacomo.fabbrocino","article_published_time":"2013-05-26T22:49:31+00:00","article_modified_time":"2014-11-27T11:53:54+00:00","og_image":[{"url":"http:\/\/www.pigrecoemme.com\/blog\/wp-content\/uploads\/2013\/05\/cad_a-210x300.jpg","type":"","width":"","height":""}],"author":"Giacomo Fabbrocino","twitter_card":"summary_large_image","twitter_creator":"@Pigrecoemme","twitter_site":"@Pigrecoemme","twitter_misc":{"Scritto da":"Giacomo Fabbrocino","Tempo di lettura stimato":"2 minuti"},"schema":{"@context":"https:\/\/schema.org","@graph":[{"@type":["Article","BlogPosting"],"@id":"https:\/\/www.pigrecoemme.com\/blog\/un-consiglio-a-dio-al-cinema\/#article","isPartOf":{"@id":"https:\/\/www.pigrecoemme.com\/blog\/un-consiglio-a-dio-al-cinema\/"},"author":{"name":"Giacomo Fabbrocino","@id":"https:\/\/www.pigrecoemme.com\/blog\/#\/schema\/person\/57fa822c3d209d3a2612fd0411ae63f4"},"headline":"Un Consiglio a Dio al Cinema! (si parte dal nuovo Sacher di Roma e dal Filangieri di Napoli)","datePublished":"2013-05-26T22:49:31+00:00","dateModified":"2014-11-27T11:53:54+00:00","mainEntityOfPage":{"@id":"https:\/\/www.pigrecoemme.com\/blog\/un-consiglio-a-dio-al-cinema\/"},"wordCount":436,"commentCount":0,"publisher":{"@id":"https:\/\/www.pigrecoemme.com\/blog\/#organization"},"image":{"@id":"https:\/\/www.pigrecoemme.com\/blog\/un-consiglio-a-dio-al-cinema\/#primaryimage"},"thumbnailUrl":"http:\/\/www.pigrecoemme.com\/blog\/wp-content\/uploads\/2013\/05\/cad_a-210x300.jpg","keywords":["Giacomo Fabbrocino","gianluca arcopinto","pigrecoemme","Sandro Dionisio","un consiglio a Dio"],"articleSection":["Eventi","Generale","Produzioni","Scuola di cinema"],"inLanguage":"it-IT","potentialAction":[{"@type":"CommentAction","name":"Comment","target":["https:\/\/www.pigrecoemme.com\/blog\/un-consiglio-a-dio-al-cinema\/#respond"]}]},{"@type":"WebPage","@id":"https:\/\/www.pigrecoemme.com\/blog\/un-consiglio-a-dio-al-cinema\/","url":"https:\/\/www.pigrecoemme.com\/blog\/un-consiglio-a-dio-al-cinema\/","name":"Un Consiglio a Dio al Cinema! (si parte dal nuovo Sacher di Roma e dal Filangieri di Napoli)","isPartOf":{"@id":"https:\/\/www.pigrecoemme.com\/blog\/#website"},"primaryImageOfPage":{"@id":"https:\/\/www.pigrecoemme.com\/blog\/un-consiglio-a-dio-al-cinema\/#primaryimage"},"image":{"@id":"https:\/\/www.pigrecoemme.com\/blog\/un-consiglio-a-dio-al-cinema\/#primaryimage"},"thumbnailUrl":"http:\/\/www.pigrecoemme.com\/blog\/wp-content\/uploads\/2013\/05\/cad_a-210x300.jpg","datePublished":"2013-05-26T22:49:31+00:00","dateModified":"2014-11-27T11:53:54+00:00","breadcrumb":{"@id":"https:\/\/www.pigrecoemme.com\/blog\/un-consiglio-a-dio-al-cinema\/#breadcrumb"},"inLanguage":"it-IT","potentialAction":[{"@type":"ReadAction","target":["https:\/\/www.pigrecoemme.com\/blog\/un-consiglio-a-dio-al-cinema\/"]}]},{"@type":"ImageObject","inLanguage":"it-IT","@id":"https:\/\/www.pigrecoemme.com\/blog\/un-consiglio-a-dio-al-cinema\/#primaryimage","url":"http:\/\/www.pigrecoemme.com\/blog\/wp-content\/uploads\/2013\/05\/cad_a-210x300.jpg","contentUrl":"http:\/\/www.pigrecoemme.com\/blog\/wp-content\/uploads\/2013\/05\/cad_a-210x300.jpg"},{"@type":"BreadcrumbList","@id":"https:\/\/www.pigrecoemme.com\/blog\/un-consiglio-a-dio-al-cinema\/#breadcrumb","itemListElement":[{"@type":"ListItem","position":1,"name":"Home","item":"https:\/\/www.pigrecoemme.com\/blog\/"},{"@type":"ListItem","position":2,"name":"Un Consiglio a Dio al Cinema! (si parte dal nuovo Sacher di Roma e dal Filangieri di Napoli)"}]},{"@type":"WebSite","@id":"https:\/\/www.pigrecoemme.com\/blog\/#website","url":"https:\/\/www.pigrecoemme.com\/blog\/","name":"Scuola di Cinema Pigrecoemme - Blog","description":"Siamo la prima Scuola di Cinema e Fotografia di Napoli","publisher":{"@id":"https:\/\/www.pigrecoemme.com\/blog\/#organization"},"potentialAction":[{"@type":"SearchAction","target":{"@type":"EntryPoint","urlTemplate":"https:\/\/www.pigrecoemme.com\/blog\/?s={search_term_string}"},"query-input":{"@type":"PropertyValueSpecification","valueRequired":true,"valueName":"search_term_string"}}],"inLanguage":"it-IT"},{"@type":"Organization","@id":"https:\/\/www.pigrecoemme.com\/blog\/#organization","name":"Scuola di cinema e fotografia Pigrecoemme","url":"https:\/\/www.pigrecoemme.com\/blog\/","logo":{"@type":"ImageObject","inLanguage":"it-IT","@id":"https:\/\/www.pigrecoemme.com\/blog\/#\/schema\/logo\/image\/","url":"https:\/\/i0.wp.com\/www.pigrecoemme.com\/blog\/wp-content\/uploads\/2018\/06\/logo-pigrecoemme-2018.png?fit=500%2C500&ssl=1","contentUrl":"https:\/\/i0.wp.com\/www.pigrecoemme.com\/blog\/wp-content\/uploads\/2018\/06\/logo-pigrecoemme-2018.png?fit=500%2C500&ssl=1","width":500,"height":500,"caption":"Scuola di cinema e fotografia Pigrecoemme"},"image":{"@id":"https:\/\/www.pigrecoemme.com\/blog\/#\/schema\/logo\/image\/"},"sameAs":["https:\/\/www.facebook.com\/pigrecoemme","https:\/\/x.com\/Pigrecoemme","https:\/\/www.instagram.com\/pigrecoemme\/","https:\/\/www.linkedin.com\/company\/pigrecoemme\/","https:\/\/www.youtube.com\/pigrecoemme"]},{"@type":"Person","@id":"https:\/\/www.pigrecoemme.com\/blog\/#\/schema\/person\/57fa822c3d209d3a2612fd0411ae63f4","name":"Giacomo Fabbrocino","image":{"@type":"ImageObject","inLanguage":"it-IT","@id":"https:\/\/secure.gravatar.com\/avatar\/0e4dfd4d05c06a03fffaffeb36fb181415ba11b91a6b566fa2e8ada75927db32?s=96&r=g","url":"https:\/\/secure.gravatar.com\/avatar\/0e4dfd4d05c06a03fffaffeb36fb181415ba11b91a6b566fa2e8ada75927db32?s=96&r=g","contentUrl":"https:\/\/secure.gravatar.com\/avatar\/0e4dfd4d05c06a03fffaffeb36fb181415ba11b91a6b566fa2e8ada75927db32?s=96&r=g","caption":"Giacomo Fabbrocino"},"description":"Montatore cinematografico, autore di documentari sull'arte e di video d'artista, Giacomo \u00e8 responsabile della didattica e della comunicazione web della Scuola di Cinema, Fotografia e Televisione Pigrecoemme di Napoli.","sameAs":["http:\/\/www.pigrecoemme.com\/","https:\/\/www.facebook.com\/giacomo.fabbrocino"],"url":"https:\/\/www.pigrecoemme.com\/blog\/author\/giacomo-fabbrocino\/"}]}},"jetpack_sharing_enabled":true,"jetpack_likes_enabled":true,"jetpack-related-posts":[{"id":670,"url":"https:\/\/www.pigrecoemme.com\/blog\/un-consiglio-a-dio-ottiene-ottime-recensioni-e-rimane-nelle-sale\/","url_meta":{"origin":664,"position":0},"title":"UN CONSIGLIO A DIO ottiene ottime recensioni e rimane nelle sale","author":"Giacomo Fabbrocino","date":"2 Giugno 2013","format":false,"excerpt":"Montato dal nostro docente e fondatore Giacomo Fabbrocino, \"Un Consiglio a Dio\", nuovo film di Sandro Dionisio prodotto dalla Axelotil di Ganluca Arcopinto, dalla, C.ET.R.A di Sandro Dionisio e dalla Pigrecoemme, ha ottenuto ottime critiche sulla stampa nazionale (vedi immagini allegate) e sul web (leggi su Indie Eye) e continua\u2026","rel":"","context":"In &quot;Eventi&quot;","block_context":{"text":"Eventi","link":"https:\/\/www.pigrecoemme.com\/blog\/eventi\/"},"img":{"alt_text":"","src":"https:\/\/i0.wp.com\/www.pigrecoemme.com\/blog\/wp-content\/uploads\/2013\/06\/unita.jpg?resize=350%2C200","width":350,"height":200},"classes":[]},{"id":649,"url":"https:\/\/www.pigrecoemme.com\/blog\/il-manifesto-di-un-consiglio-a-dio\/","url_meta":{"origin":664,"position":1},"title":"Il manifesto di Un Consiglio a Dio","author":"Corrado Morra","date":"10 Maggio 2013","format":false,"excerpt":"E' prossima l'uscita in sala di Un Consiglio a Dio, il nuovo film di Sandro Dionisio, coprodotto da Pigrecoemme e distribuito dalla gloriosa e rinata Pablo di Gianluca Arcopinto. Il montaggio \u00e8 del nostro docente Giacomo Fabbrocino. Intanto, ecco il manifesto. Che ve ne pare? Un consiglio a Dio Regia:\u2026","rel":"","context":"In &quot;Produzioni&quot;","block_context":{"text":"Produzioni","link":"https:\/\/www.pigrecoemme.com\/blog\/produzioni\/"},"img":{"alt_text":"Un Consiglio a Dio","src":"https:\/\/i0.wp.com\/www.pigrecoemme.com\/blog\/wp-content\/uploads\/2013\/05\/cad_a-210x300.jpg?resize=350%2C200","width":350,"height":200},"classes":[]},{"id":511,"url":"https:\/\/www.pigrecoemme.com\/blog\/vinicio-marchioni-nel-nuovo-film-di-sandro-dionisio-coprodotto-da-pigrecoemme\/","url_meta":{"origin":664,"position":2},"title":"Vinicio Marchioni nel nuovo film di Sandro Dionisio coprodotto da Pigrecoemme","author":"Giacomo Fabbrocino","date":"6 Giugno 2012","format":false,"excerpt":"Un consiglio a Dio di Sandro Dionisio \u00e8 un'altra coproduzione Pigrecoemme che sta per vedere la luce. Diretto da Sandro Dionisio (La volpe a tre zampe), questo originale esperimento di \"cinema crossover\" (secondo la definizione proprio di Dionisio) vede nel ruolo del protagonista uno dei migliori attori italiani dell'ultima schiusa:\u2026","rel":"","context":"In &quot;Generale&quot;","block_context":{"text":"Generale","link":"https:\/\/www.pigrecoemme.com\/blog\/generale\/"},"img":{"alt_text":"Vinicio Marchioni, protagonista di Un Consiglio a Dio","src":"https:\/\/i0.wp.com\/www.pigrecoemme.com\/blog\/wp-content\/uploads\/2012\/06\/vinicio-marchioni-214x300.jpg?resize=350%2C200","width":350,"height":200},"classes":[]},{"id":512,"url":"https:\/\/www.pigrecoemme.com\/blog\/il-nuovo-film-di-dionisio-coprodotto-da-pigrecoemme-in-corcorso-al-festival-del-cinema-di-pesaro\/","url_meta":{"origin":664,"position":3},"title":"Il nuovo film di Dionisio, coprodotto da Pigrecoemme, in corcorso al Festival del cinema di Pesaro","author":"Corrado Morra","date":"16 Giugno 2012","format":false,"excerpt":"Un consiglio a Dio, il nuovo film di Sandro Dionisio, coprodotto da Pigrecoemme e montato da Giacomo Fabbrocino, nostro docente di montaggio, \u00e8 in concorso alla 48a Mostra Internazionale del Nuovo Cinema di Pesaro, che si terr\u00e0 dal 25 giugno al 2 luglio 2012. L'organizzazione dell'evento, uno dei pi\u00f9 prestigiosi\u2026","rel":"","context":"In &quot;Generale&quot;","block_context":{"text":"Generale","link":"https:\/\/www.pigrecoemme.com\/blog\/generale\/"},"img":{"alt_text":"","src":"https:\/\/i0.wp.com\/www.pigrecoemme.com\/blog\/wp-content\/uploads\/2012\/06\/manifesto-pesaro-225x300.jpg?resize=350%2C200","width":350,"height":200},"classes":[]},{"id":526,"url":"https:\/\/www.pigrecoemme.com\/blog\/come-e-andato-un-consiglio-a-dio-a-pesaro-bene-ora-ci-si-rivede-a-roma\/","url_meta":{"origin":664,"position":4},"title":"Come \u00e8 andato &#8220;Un consiglio a Dio&#8221; a Pesaro? Bene! Ora ci si rivede a Roma!","author":"Giacomo Fabbrocino","date":"4 Luglio 2012","format":false,"excerpt":"Beh, Un Consiglio a Dio non ha vinto (la vittoria \u00e8 andata a\u00a0Djeca, che tra l'altro aveva gi\u00e0 ottenuto il premio speciale della giuria nella sezione \"Un Certain Regard\" a Cannes 2012), ma \u00e8 piaciuto molto. Lo si \u00e8 percepito durante e dopo la proiezione che ha stimolato, sia in\u2026","rel":"","context":"In &quot;Eventi&quot;","block_context":{"text":"Eventi","link":"https:\/\/www.pigrecoemme.com\/blog\/eventi\/"},"img":{"alt_text":"Il protagonista di \"Un Consiglio a Dio\" Vinicio Marchioni, il direttore del festival del cinema di Pesaro Giovanni Spagnoletti, il regista Sandro Dionisio e il produttore Gianluca Arcopinto parlano del film dopo la proiezione","src":"https:\/\/i0.wp.com\/www.pigrecoemme.com\/blog\/wp-content\/uploads\/2012\/07\/18_marchioni_-_spagnoletti_-_dionisio_-_arcopinto_-_pesaro_film_fest_2012_-_ph_chiara_schiaratura-300x205.jpg?resize=350%2C200","width":350,"height":200},"classes":[]},{"id":736,"url":"https:\/\/www.pigrecoemme.com\/blog\/landscapes-of-memoy-al-festival-di-roma\/","url_meta":{"origin":664,"position":5},"title":"Landscapes of Memory al Festival di Roma","author":"Corrado Morra","date":"6 Novembre 2013","format":false,"excerpt":"Il docufilm \u201cLandscapes of Memory \/ Paesaggi della Memoria\u201d, prodotto dalla Scuola di cinema Pigrecoemme di Napoli, \u00e8 in concorso al Festival internazionale del film di Roma nella sezione Risonanze - Conversazioni video, spazio dedicato a documentari sull\u2019architettura e le arti visive, scelti tra le piu\u0300 importanti e recenti produzioni\u2026","rel":"","context":"In &quot;Generale&quot;","block_context":{"text":"Generale","link":"https:\/\/www.pigrecoemme.com\/blog\/generale\/"},"img":{"alt_text":"","src":"https:\/\/i0.wp.com\/www.pigrecoemme.com\/blog\/wp-content\/uploads\/2013\/11\/festival-cinema-roma-2014.jpg?resize=350%2C200","width":350,"height":200},"classes":[]}],"jetpack_featured_media_url":"","_links":{"self":[{"href":"https:\/\/www.pigrecoemme.com\/blog\/wp-json\/wp\/v2\/posts\/664","targetHints":{"allow":["GET"]}}],"collection":[{"href":"https:\/\/www.pigrecoemme.com\/blog\/wp-json\/wp\/v2\/posts"}],"about":[{"href":"https:\/\/www.pigrecoemme.com\/blog\/wp-json\/wp\/v2\/types\/post"}],"author":[{"embeddable":true,"href":"https:\/\/www.pigrecoemme.com\/blog\/wp-json\/wp\/v2\/users\/1"}],"replies":[{"embeddable":true,"href":"https:\/\/www.pigrecoemme.com\/blog\/wp-json\/wp\/v2\/comments?post=664"}],"version-history":[{"count":0,"href":"https:\/\/www.pigrecoemme.com\/blog\/wp-json\/wp\/v2\/posts\/664\/revisions"}],"wp:attachment":[{"href":"https:\/\/www.pigrecoemme.com\/blog\/wp-json\/wp\/v2\/media?parent=664"}],"wp:term":[{"taxonomy":"category","embeddable":true,"href":"https:\/\/www.pigrecoemme.com\/blog\/wp-json\/wp\/v2\/categories?post=664"},{"taxonomy":"post_tag","embeddable":true,"href":"https:\/\/www.pigrecoemme.com\/blog\/wp-json\/wp\/v2\/tags?post=664"}],"curies":[{"name":"wp","href":"https:\/\/api.w.org\/{rel}","templated":true}]}}