{"id":651,"date":"2013-05-16T14:48:07","date_gmt":"2013-05-16T12:48:07","guid":{"rendered":"http:\/\/www.pigrecoemme.com\/blog\/?p=651"},"modified":"2013-05-25T15:19:52","modified_gmt":"2013-05-25T13:19:52","slug":"con-gli-occhi-del-cinema","status":"publish","type":"post","link":"https:\/\/www.pigrecoemme.com\/blog\/con-gli-occhi-del-cinema\/","title":{"rendered":"Rassegna &#8220;Con gli occhi del cinema&#8221;"},"content":{"rendered":"<p><a href=\"https:\/\/i0.wp.com\/www.pigrecoemme.com\/blog\/wp-content\/uploads\/2013\/05\/tycho.jpg\"><img data-recalc-dims=\"1\" loading=\"lazy\" decoding=\"async\" class=\"aligncenter size-full wp-image-652\" title=\"tycho\" src=\"https:\/\/i0.wp.com\/www.pigrecoemme.com\/blog\/wp-content\/uploads\/2013\/05\/tycho.jpg?resize=500%2C185\" alt=\"\" width=\"500\" height=\"185\" srcset=\"https:\/\/i0.wp.com\/www.pigrecoemme.com\/blog\/wp-content\/uploads\/2013\/05\/tycho.jpg?w=715&amp;ssl=1 715w, https:\/\/i0.wp.com\/www.pigrecoemme.com\/blog\/wp-content\/uploads\/2013\/05\/tycho.jpg?resize=300%2C111&amp;ssl=1 300w\" sizes=\"auto, (max-width: 500px) 100vw, 500px\" \/><\/a><\/p>\n<p>Nell\u2019ambito dell\u2019iniziativa <strong>Il Clan degli artisti<\/strong>, promossa dall\u2019<strong>Assessorato ai giovani e Politiche giovanili <\/strong>del <strong>Comune di Napoli<\/strong> e dalla <strong>Regione Campania<\/strong>, l\u2019associazione culturale <strong>Tycho<\/strong>, in collaborazione con la <strong>Scuola di cinema Pigrecoemme<\/strong> di Napoli e la <a href=\"http:\/\/www.mediatecasantasofia.it\/\">Mediateca Santa Sofia<\/a>, presentano <strong>Con gli occhi del cinema<\/strong>, un progetto dedicato al cinema quale potente e suggestivo strumento di indagine sociale.<br \/>\nCon gli occhi del cinema presenta una breve rassegna cinematografica e un laboratorio sui linguaggi audiovisivi, rivolto ai ragazzi delle scuole superiori. Tutti gli incontri e le proiezioni, a ingresso gratuito, si terranno alla Mediateca Santa Sofia del Comune di Napoli (via Santa Sofia, 7) dal 14 maggio al 25 giugno.<\/p>\n<p><!--more--><\/p>\n<p>Quattro i \u00abtemi sensibili\u00bb affrontati dalla rassegna che, partita lo scorso marted\u00ec 14 maggio,\u00a0 tra lungometraggi, medi e corti presenta dodici film scelti tra quanti, negli ultimi anni, hanno dimostrato attenzione verso le grandi istanze dei diritti umani e le forme fondamentali della convivenza.<br \/>\nL\u2019universo carcerario e le sue implicazioni nel \u00abmondo esterno\u00bb; le questioni di genere; il tema dell\u2019immigrazione e dell\u2019integrazione; lo sport come laboratorio di incontro e aggregazione sociale. Questioni attualissime e incalzanti, che rischiano per\u00f2 di soffocare in trattazioni troppo spesso asservite alle forme canoniche dello spettacolo filmico, e perci\u00f2 banalizzanti.<br \/>\nTra le opere selezionate per la rassegna, il metraggio differente, l\u2019alternanza di fiction e documentario, l\u2019eterogeneit\u00e0 degli stili adottati assicurano una salutare variet\u00e0 di punti di vista, riflettendo le enormi potenzialit\u00e0 dell\u2019audiovisivo nel raccontare la realt\u00e0. A patto per\u00f2 che il racconto nasca da un bisogno reale, da un\u2019urgenza interiore.<br \/>\nI dodici lavori scelti per il breve ciclo \u2013 che si dipaner\u00e0 lungo sette marted\u00ec, fino al 25 giugno, presso la Mediateca Santa Sofia \u2013 sono contraddistinti, non a caso, dalla comune appartenenza a quel grande universo della marginalit\u00e0, dell\u2019indipendenza e spesso dell\u2019autarchia produttiva che si colloca ai margini del flusso audiovisivo principale, subendo una sistematica esclusione dalle dinamiche del mercato.<br \/>\nQuesto universo, perennemente in lotta per il suo diritto a esistere, \u00e8 probabilmente l\u2019unico contesto in cui possa maturare oggi un discorso sincero e autentico sulla contemporaneit\u00e0: la sua forza risiede nel profondo di sguardi intimamente radicati nelle cose e nel presente, che non si stancano di reclamare al mondo un proprio spazio di visibilit\u00e0.<br \/>\nDi seguito il calendario completo delle proiezioni.<\/p>\n<h3>MARTED\u00cc 14 MAGGIO \u2013 ORE 17<\/h3>\n<p>L&#8217;ORO ROSSO di Cesare Fragnelli (Italia 2007, 12\u2019)<br \/>\nUna giovane donna rumena, oramai integrata, si trova a fare i conti con un ricordo cos\u00ec feroce da non poterlo cancellare, di quando, immigrata clandestina, entr\u00f2 in contatto col lavoro nero dei raccoglitori stagionali nei campi di pomodoro.<br \/>\nA seguire:<br \/>\nNON \u00c8 UN PAESE PER NERI di L. Romano, F. Amodeo, A. Andria, M. Leombruno (Italia 2011, 58\u2019)<br \/>\nUn viaggio nel mondo difficile dell\u2019integrazione in una realt\u00e0, come quella casertana, dove camorra e imprenditoria senza scrupoli continuano ancora oggi ad arricchirsi sfruttando il lavoro dei migranti per la raccolta del pomodoro.<br \/>\nSaranno presenti gli autori di Non \u00e8 un paese per neri<\/p>\n<h3>MARTED\u00cc 21 MAGGIO \u2013 ORE 17<\/h3>\n<p>LE COCCINELLE \u2013 SCENEGGIATA TRANSESSUALE di Emanuela Pirelli (Italia 2011, 52\u2019)<br \/>\nEsistere equivale a resistere per Gennaro, \u00abuno dei primi transessuali di Napoli\u00bb, che negli anni Sessanta, ricorda, attraversava la centralissima via Toledo in succinte mises femminili, inducendo i passanti allo scandalo, il pap\u00e0 alla disperazione e la polizia a portarlo dritto in questura\u2026<br \/>\nSar\u00e0 presente l\u2019autrice di Le coccinelle<\/p>\n<h3>MARTED\u00cc 28 MAGGIO \u2013 ORE 17<\/h3>\n<p>COME A CASSANO di Pippo Mezzapesa (Italia 2005, 14\u2019)<br \/>\nUna domenica tra i vicoli e il campo sportivo di Bari, tra il lungomare e la periferia, la storia di un dodicenne di nome Antonio Cassano\u2026<br \/>\nA seguire:<br \/>\n365 WITHOUT 377 di Adele Tulli (Italia 2011, 53\u2019)<br \/>\nIn vigore dal 1860, la Legge 377 del Codice penale indiano perseguiva qualsiasi atto sessuale tra due adulti dello stesso sesso perch\u00e9 \u00abcontro natura\u00bb. Il 2 luglio 2010 la comunit\u00e0 LGBT indiana celebra il primo anno dall\u2019abolizione della legge con una storica festa a Mumbay.<br \/>\nSar\u00e0 presente Maurizio del Bufalo, coordinatore del Festival del Cinema dei Diritti Umani.<\/p>\n<h3>MARTED\u00cc 4 GIUGNO \u2013 ORE 17<\/h3>\n<p>IL LORO NATALE di Gaetano Di Vaio (Italia 2010, 90\u2019)<br \/>\nUn percorso nella quotidianit\u00e0 delle donne dei detenuti nelle carceri di Napoli, in un momento simbolico come il Natale: storie di solitudine e dignit\u00e0, di difficolt\u00e0 quotidiane.<br \/>\nSar\u00e0 presente l\u2019autore de Il loro Natale<\/p>\n<h3>MARTED\u00cc 11 GIUGNO \u2013 ORE 17<\/h3>\n<p>TAXI WALA di Lola Frederich (Francia 2008, 16\u2019)<br \/>\nUn tassista di Parigi inizia la sua giornata. Una donna indiana gli d\u00e0 l\u2019indirizzo. Una volta arrivati, il posto \u00e8 chiuso. La passeggera chiede di essere riportata al punto di partenza. Poco a poco, il tassista si rende conto che la donna che sta accompagnando \u00e8 completamente persa\u2026<br \/>\nA seguire:<br \/>\nWORLD NAPOLI di Prospero Bentivenga (Italia 2009, 67\u2019)<br \/>\nCi conduce nei luoghi dell\u2019incontro culturale della citt\u00e0, lasciandosi trasportare nella Babele di lingue, suoni e volti che riempiono e contaminano una citt\u00e0 da sempre predisposta al caos. Emerge cos\u00ec l\u2019immagine di una Napoli multicromatica e polifonica\u2026<br \/>\nSar\u00e0 presente l\u2019autore di World Napoli<\/p>\n<h3>MARTED\u00cc 18 GIUGNO \u2013 ORE 17<\/h3>\n<p>EL MUEBLE DE LAS FOTOS di Giovanni Maccelli (Spagna 2008, 8\u2019)<br \/>\n\u2026in grado con pochi segni di evocare la complessit\u00e0 di relazioni familiari davanti ad un tema attuale e dibattuto trattato dall\u2019autore con semplicit\u00e0, leggerezza e ironia.<br \/>\nA seguire:<br \/>\nA CASA NON SI TORNA di Lara Rongoni e Giangiacomo de Stefano (Italia 2012, 60\u2019)<br \/>\nCi sono lavori considerati maschili che le donne svolgono gi\u00e0 da tempo. Lavori duri e massacranti che testimoniano la caparbiet\u00e0 e il coraggio di alcune donne che, nel silenzio generale, continuano a superare i limiti imposti da un malinteso senso comune.<\/p>\n<h3>MARTED\u00cc 25 GIUGNO \u2013 ORE 17<\/h3>\n<p>La palla a due punte di Gaetano Massa (Italia 2010, 30\u2019)<br \/>\nNella provincia a nord di Napoli esistono anche realt\u00e0 positive, come quella portate avanti dal professore e allenatore Vittorio Mazzone. Attraverso il gioco del rugby, Mazzone riesce a coinvolgere ragazzini provenienti dalle zone maggiormente disagiate di Afragola.<br \/>\nA seguire:<br \/>\nUNITED \u2013 CAMPIONI FUORI DAL GHETTO di Giovanna Amore e Celeste Sabatino (Italia 2013, 50\u2019)<br \/>\nLa storia sportiva e umana dell\u2019Afro-Napoli, la prima squadra multietnica napoletana, che annovera tra le sue fila non solo napoletani, ma anche immigrati provenienti dal Senegal, Costa D&#8217;Avorio, Nigeria, Capo Verde, Niger, Tunisia e Paraguay, che vivono nei quartieri pi\u00f9 popolari della citt\u00e0.<br \/>\nSaranno presenti gli autori e alcuni dei protagonisti di Afro-Napoli United<\/p>\n","protected":false},"excerpt":{"rendered":"<p>Nell\u2019ambito dell\u2019iniziativa Il Clan degli artisti, promossa dall\u2019Assessorato ai giovani e Politiche giovanili del Comune di Napoli e dalla Regione Campania, l\u2019associazione culturale Tycho, in collaborazione con la Scuola di cinema Pigrecoemme di Napoli e la Mediateca Santa Sofia, presentano Con gli occhi del cinema, un progetto dedicato al cinema quale potente e suggestivo strumento &#8230; <a title=\"Rassegna &#8220;Con gli occhi del cinema&#8221;\" class=\"read-more\" href=\"https:\/\/www.pigrecoemme.com\/blog\/con-gli-occhi-del-cinema\/\" aria-label=\"Per saperne di pi\u00f9 su Rassegna &#8220;Con gli occhi del cinema&#8221;\">Leggi tutto<\/a><\/p>\n","protected":false},"author":2,"featured_media":0,"comment_status":"open","ping_status":"open","sticky":false,"template":"","format":"standard","meta":{"om_disable_all_campaigns":false,"_monsterinsights_skip_tracking":false,"_monsterinsights_sitenote_active":false,"_monsterinsights_sitenote_note":"","_monsterinsights_sitenote_category":0,"jetpack_post_was_ever_published":false,"_jetpack_newsletter_access":"","_jetpack_dont_email_post_to_subs":false,"_jetpack_newsletter_tier_id":0,"_jetpack_memberships_contains_paywalled_content":false,"_jetpack_memberships_contains_paid_content":false,"footnotes":""},"categories":[11,1,3],"tags":[357,815,242,812,811],"class_list":["post-651","post","type-post","status-publish","format-standard","hentry","category-eventi","category-generale","category-scuola-di-cinema","tag-corsi-di-cinema","tag-il-clan-degli-artisti","tag-mediateca-santa-sofia","tag-rassegne-di-cinema","tag-tycho"],"aioseo_notices":[],"jetpack_featured_media_url":"","jetpack_sharing_enabled":true,"jetpack_likes_enabled":true,"jetpack-related-posts":[],"_links":{"self":[{"href":"https:\/\/www.pigrecoemme.com\/blog\/wp-json\/wp\/v2\/posts\/651","targetHints":{"allow":["GET"]}}],"collection":[{"href":"https:\/\/www.pigrecoemme.com\/blog\/wp-json\/wp\/v2\/posts"}],"about":[{"href":"https:\/\/www.pigrecoemme.com\/blog\/wp-json\/wp\/v2\/types\/post"}],"author":[{"embeddable":true,"href":"https:\/\/www.pigrecoemme.com\/blog\/wp-json\/wp\/v2\/users\/2"}],"replies":[{"embeddable":true,"href":"https:\/\/www.pigrecoemme.com\/blog\/wp-json\/wp\/v2\/comments?post=651"}],"version-history":[{"count":0,"href":"https:\/\/www.pigrecoemme.com\/blog\/wp-json\/wp\/v2\/posts\/651\/revisions"}],"wp:attachment":[{"href":"https:\/\/www.pigrecoemme.com\/blog\/wp-json\/wp\/v2\/media?parent=651"}],"wp:term":[{"taxonomy":"category","embeddable":true,"href":"https:\/\/www.pigrecoemme.com\/blog\/wp-json\/wp\/v2\/categories?post=651"},{"taxonomy":"post_tag","embeddable":true,"href":"https:\/\/www.pigrecoemme.com\/blog\/wp-json\/wp\/v2\/tags?post=651"}],"curies":[{"name":"wp","href":"https:\/\/api.w.org\/{rel}","templated":true}]}}