{"id":649,"date":"2013-05-10T20:43:22","date_gmt":"2013-05-10T18:43:22","guid":{"rendered":"http:\/\/www.pigrecoemme.com\/blog\/?p=649"},"modified":"2013-05-10T20:43:22","modified_gmt":"2013-05-10T18:43:22","slug":"il-manifesto-di-un-consiglio-a-dio","status":"publish","type":"post","link":"https:\/\/www.pigrecoemme.com\/blog\/il-manifesto-di-un-consiglio-a-dio\/","title":{"rendered":"Il manifesto di Un Consiglio a Dio"},"content":{"rendered":"<p>E&#8217; prossima l&#8217;uscita in sala di <em>Un Consiglio a Dio<\/em>, il nuovo film di <a href=\"http:\/\/www.imdb.com\/name\/nm0227966\/\">Sandro Dionisio<\/a>, coprodotto da Pigrecoemme e distribuito dalla gloriosa e rinata <a href=\"http:\/\/www.filmitalia.org\/distributor.asp?lang=ita&amp;documentID=114\">Pablo<\/a> di Gianluca Arcopinto. Il montaggio \u00e8 del nostro docente Giacomo Fabbrocino.<\/p>\n<p>Intanto, ecco il manifesto. Che ve ne pare?<\/p>\n<figure id=\"attachment_650\" aria-describedby=\"caption-attachment-650\" style=\"width: 210px\" class=\"wp-caption aligncenter\"><a href=\"https:\/\/i0.wp.com\/www.pigrecoemme.com\/blog\/wp-content\/uploads\/2013\/05\/cad_a.jpg?ssl=1\"><img data-recalc-dims=\"1\" loading=\"lazy\" decoding=\"async\" class=\"size-medium wp-image-650\" title=\"Un Consiglio a Dio\" src=\"https:\/\/i0.wp.com\/www.pigrecoemme.com\/blog\/wp-content\/uploads\/2013\/05\/cad_a.jpg?resize=210%2C300&#038;ssl=1\" alt=\"Un Consiglio a Dio\" width=\"210\" height=\"300\" srcset=\"https:\/\/i0.wp.com\/www.pigrecoemme.com\/blog\/wp-content\/uploads\/2013\/05\/cad_a.jpg?resize=210%2C300&amp;ssl=1 210w, https:\/\/i0.wp.com\/www.pigrecoemme.com\/blog\/wp-content\/uploads\/2013\/05\/cad_a.jpg?w=794&amp;ssl=1 794w\" sizes=\"auto, (max-width: 210px) 100vw, 210px\" \/><\/a><figcaption id=\"caption-attachment-650\" class=\"wp-caption-text\">Un Consiglio a Dio<\/figcaption><\/figure>\n<p><strong>Un consiglio a Dio<\/strong><\/p>\n<p><span>Regia: Sandro Dionisio<\/span><br \/>\n<span>Con Vinicio Marchioni<\/span><br \/>\n<span>Sceneggiatura: Sandro Dionisio, dall&#8217;opera teatrale &#8220;Il trovacadaveri&#8221; di Davide Morganti<\/span><br \/>\n<span>Fotografia: Alessandro Abate<\/span><br \/>\n<span>Montaggio: Giacomo Fabbrocino<\/span><br \/>\n<span>Color Grading: Vincenzo Marinese<\/span><br \/>\n<span>Musica: Danise<\/span><br \/>\n<span>Montaggio del suono e missaggio: Giorgio Molfini<\/span><br \/>\n<span>Fonico di presa diretta: Carlo Licenziato<\/span><br \/>\n<span>Produttore: Gianluca Arcopinto<\/span><br \/>\n<span>Produzione: C.eT.r.a, Pigrecoemme<\/span><\/p>\n","protected":false},"excerpt":{"rendered":"<p>E&#8217; prossima l&#8217;uscita in sala di Un Consiglio a Dio, il nuovo film di Sandro Dionisio, coprodotto da Pigrecoemme e distribuito dalla gloriosa e rinata Pablo di Gianluca Arcopinto. Il montaggio \u00e8 del nostro&hellip;<\/p>\n","protected":false},"author":2,"featured_media":0,"comment_status":"open","ping_status":"open","sticky":false,"template":"","format":"standard","meta":{"_jetpack_newsletter_access":"","_jetpack_dont_email_post_to_subs":false,"_jetpack_newsletter_tier_id":0,"_jetpack_memberships_contains_paywalled_content":false,"_jetpack_feature_clip_id":0,"_jetpack_memberships_contains_paid_content":false,"footnotes":"","jetpack_post_was_ever_published":false},"categories":[12],"tags":[710,711],"class_list":["post-649","post","type-post","status-publish","format-standard","hentry","category-produzioni","tag-sandro-dionisio","tag-un-consiglio-a-dio"],"yoast_head":"<!-- This site is optimized with the Yoast SEO plugin v28.3 - https:\/\/yoast.com\/product\/yoast-seo-wordpress\/ -->\n<title>Il manifesto di Un Consiglio a Dio<\/title>\n<meta name=\"robots\" content=\"index, follow, max-snippet:-1, max-image-preview:large, max-video-preview:-1\" \/>\n<link rel=\"canonical\" href=\"https:\/\/www.pigrecoemme.com\/blog\/il-manifesto-di-un-consiglio-a-dio\/\" \/>\n<meta property=\"og:locale\" content=\"it_IT\" \/>\n<meta property=\"og:type\" content=\"article\" \/>\n<meta property=\"og:title\" content=\"Il manifesto di Un Consiglio a Dio\" \/>\n<meta property=\"og:description\" content=\"Scuola di Cinema, Televisione e Fotografia - Napoli\" \/>\n<meta property=\"og:url\" content=\"https:\/\/www.pigrecoemme.com\/blog\/il-manifesto-di-un-consiglio-a-dio\/\" \/>\n<meta property=\"og:site_name\" content=\"Scuola di Cinema Pigrecoemme - Blog\" \/>\n<meta property=\"article:publisher\" content=\"https:\/\/www.facebook.com\/pigrecoemme\" \/>\n<meta property=\"article:author\" content=\"https:\/\/www.facebook.com\/corrado.morra1\" \/>\n<meta property=\"article:published_time\" content=\"2013-05-10T18:43:22+00:00\" \/>\n<meta property=\"og:image\" content=\"http:\/\/www.pigrecoemme.com\/blog\/wp-content\/uploads\/2013\/05\/cad_a-210x300.jpg\" \/>\n<meta name=\"author\" content=\"Corrado Morra\" \/>\n<meta name=\"twitter:card\" content=\"summary_large_image\" \/>\n<meta name=\"twitter:creator\" content=\"@Pigrecoemme\" \/>\n<meta name=\"twitter:site\" content=\"@Pigrecoemme\" \/>\n<meta name=\"twitter:label1\" content=\"Scritto da\" \/>\n\t<meta name=\"twitter:data1\" content=\"Corrado Morra\" \/>\n\t<meta name=\"twitter:label2\" content=\"Tempo di lettura stimato\" \/>\n\t<meta name=\"twitter:data2\" content=\"1 minuto\" \/>\n<script type=\"application\/ld+json\" class=\"yoast-schema-graph\">{\"@context\":\"https:\\\/\\\/schema.org\",\"@graph\":[{\"@type\":[\"Article\",\"BlogPosting\"],\"@id\":\"https:\\\/\\\/www.pigrecoemme.com\\\/blog\\\/il-manifesto-di-un-consiglio-a-dio\\\/#article\",\"isPartOf\":{\"@id\":\"https:\\\/\\\/www.pigrecoemme.com\\\/blog\\\/il-manifesto-di-un-consiglio-a-dio\\\/\"},\"author\":{\"name\":\"Corrado Morra\",\"@id\":\"https:\\\/\\\/www.pigrecoemme.com\\\/blog\\\/#\\\/schema\\\/person\\\/702764b5ecda4c2f34e82348789f649e\"},\"headline\":\"Il manifesto di Un Consiglio a Dio\",\"datePublished\":\"2013-05-10T18:43:22+00:00\",\"mainEntityOfPage\":{\"@id\":\"https:\\\/\\\/www.pigrecoemme.com\\\/blog\\\/il-manifesto-di-un-consiglio-a-dio\\\/\"},\"wordCount\":119,\"commentCount\":0,\"publisher\":{\"@id\":\"https:\\\/\\\/www.pigrecoemme.com\\\/blog\\\/#organization\"},\"image\":{\"@id\":\"https:\\\/\\\/www.pigrecoemme.com\\\/blog\\\/il-manifesto-di-un-consiglio-a-dio\\\/#primaryimage\"},\"thumbnailUrl\":\"http:\\\/\\\/www.pigrecoemme.com\\\/blog\\\/wp-content\\\/uploads\\\/2013\\\/05\\\/cad_a-210x300.jpg\",\"keywords\":[\"Sandro Dionisio\",\"un consiglio a Dio\"],\"articleSection\":[\"Produzioni\"],\"inLanguage\":\"it-IT\",\"potentialAction\":[{\"@type\":\"CommentAction\",\"name\":\"Comment\",\"target\":[\"https:\\\/\\\/www.pigrecoemme.com\\\/blog\\\/il-manifesto-di-un-consiglio-a-dio\\\/#respond\"]}]},{\"@type\":\"WebPage\",\"@id\":\"https:\\\/\\\/www.pigrecoemme.com\\\/blog\\\/il-manifesto-di-un-consiglio-a-dio\\\/\",\"url\":\"https:\\\/\\\/www.pigrecoemme.com\\\/blog\\\/il-manifesto-di-un-consiglio-a-dio\\\/\",\"name\":\"Il manifesto di Un Consiglio a Dio\",\"isPartOf\":{\"@id\":\"https:\\\/\\\/www.pigrecoemme.com\\\/blog\\\/#website\"},\"primaryImageOfPage\":{\"@id\":\"https:\\\/\\\/www.pigrecoemme.com\\\/blog\\\/il-manifesto-di-un-consiglio-a-dio\\\/#primaryimage\"},\"image\":{\"@id\":\"https:\\\/\\\/www.pigrecoemme.com\\\/blog\\\/il-manifesto-di-un-consiglio-a-dio\\\/#primaryimage\"},\"thumbnailUrl\":\"http:\\\/\\\/www.pigrecoemme.com\\\/blog\\\/wp-content\\\/uploads\\\/2013\\\/05\\\/cad_a-210x300.jpg\",\"datePublished\":\"2013-05-10T18:43:22+00:00\",\"breadcrumb\":{\"@id\":\"https:\\\/\\\/www.pigrecoemme.com\\\/blog\\\/il-manifesto-di-un-consiglio-a-dio\\\/#breadcrumb\"},\"inLanguage\":\"it-IT\",\"potentialAction\":[{\"@type\":\"ReadAction\",\"target\":[\"https:\\\/\\\/www.pigrecoemme.com\\\/blog\\\/il-manifesto-di-un-consiglio-a-dio\\\/\"]}]},{\"@type\":\"ImageObject\",\"inLanguage\":\"it-IT\",\"@id\":\"https:\\\/\\\/www.pigrecoemme.com\\\/blog\\\/il-manifesto-di-un-consiglio-a-dio\\\/#primaryimage\",\"url\":\"http:\\\/\\\/www.pigrecoemme.com\\\/blog\\\/wp-content\\\/uploads\\\/2013\\\/05\\\/cad_a-210x300.jpg\",\"contentUrl\":\"http:\\\/\\\/www.pigrecoemme.com\\\/blog\\\/wp-content\\\/uploads\\\/2013\\\/05\\\/cad_a-210x300.jpg\"},{\"@type\":\"BreadcrumbList\",\"@id\":\"https:\\\/\\\/www.pigrecoemme.com\\\/blog\\\/il-manifesto-di-un-consiglio-a-dio\\\/#breadcrumb\",\"itemListElement\":[{\"@type\":\"ListItem\",\"position\":1,\"name\":\"Home\",\"item\":\"https:\\\/\\\/www.pigrecoemme.com\\\/blog\\\/\"},{\"@type\":\"ListItem\",\"position\":2,\"name\":\"Il manifesto di Un Consiglio a Dio\"}]},{\"@type\":\"WebSite\",\"@id\":\"https:\\\/\\\/www.pigrecoemme.com\\\/blog\\\/#website\",\"url\":\"https:\\\/\\\/www.pigrecoemme.com\\\/blog\\\/\",\"name\":\"Scuola di Cinema Pigrecoemme - Blog\",\"description\":\"Siamo la prima Scuola di Cinema e Fotografia di Napoli\",\"publisher\":{\"@id\":\"https:\\\/\\\/www.pigrecoemme.com\\\/blog\\\/#organization\"},\"potentialAction\":[{\"@type\":\"SearchAction\",\"target\":{\"@type\":\"EntryPoint\",\"urlTemplate\":\"https:\\\/\\\/www.pigrecoemme.com\\\/blog\\\/?s={search_term_string}\"},\"query-input\":{\"@type\":\"PropertyValueSpecification\",\"valueRequired\":true,\"valueName\":\"search_term_string\"}}],\"inLanguage\":\"it-IT\"},{\"@type\":\"Organization\",\"@id\":\"https:\\\/\\\/www.pigrecoemme.com\\\/blog\\\/#organization\",\"name\":\"Scuola di cinema e fotografia Pigrecoemme\",\"url\":\"https:\\\/\\\/www.pigrecoemme.com\\\/blog\\\/\",\"logo\":{\"@type\":\"ImageObject\",\"inLanguage\":\"it-IT\",\"@id\":\"https:\\\/\\\/www.pigrecoemme.com\\\/blog\\\/#\\\/schema\\\/logo\\\/image\\\/\",\"url\":\"https:\\\/\\\/i0.wp.com\\\/www.pigrecoemme.com\\\/blog\\\/wp-content\\\/uploads\\\/2018\\\/06\\\/logo-pigrecoemme-2018.png?fit=500%2C500&ssl=1\",\"contentUrl\":\"https:\\\/\\\/i0.wp.com\\\/www.pigrecoemme.com\\\/blog\\\/wp-content\\\/uploads\\\/2018\\\/06\\\/logo-pigrecoemme-2018.png?fit=500%2C500&ssl=1\",\"width\":500,\"height\":500,\"caption\":\"Scuola di cinema e fotografia Pigrecoemme\"},\"image\":{\"@id\":\"https:\\\/\\\/www.pigrecoemme.com\\\/blog\\\/#\\\/schema\\\/logo\\\/image\\\/\"},\"sameAs\":[\"https:\\\/\\\/www.facebook.com\\\/pigrecoemme\",\"https:\\\/\\\/x.com\\\/Pigrecoemme\",\"https:\\\/\\\/www.instagram.com\\\/pigrecoemme\\\/\",\"https:\\\/\\\/www.linkedin.com\\\/company\\\/pigrecoemme\\\/\",\"https:\\\/\\\/www.youtube.com\\\/pigrecoemme\"]},{\"@type\":\"Person\",\"@id\":\"https:\\\/\\\/www.pigrecoemme.com\\\/blog\\\/#\\\/schema\\\/person\\\/702764b5ecda4c2f34e82348789f649e\",\"name\":\"Corrado Morra\",\"image\":{\"@type\":\"ImageObject\",\"inLanguage\":\"it-IT\",\"@id\":\"https:\\\/\\\/secure.gravatar.com\\\/avatar\\\/f6ce2f6728fbdf920737112fe70682512808577befa2c9c7845c04a8449b8f03?s=96&r=g\",\"url\":\"https:\\\/\\\/secure.gravatar.com\\\/avatar\\\/f6ce2f6728fbdf920737112fe70682512808577befa2c9c7845c04a8449b8f03?s=96&r=g\",\"contentUrl\":\"https:\\\/\\\/secure.gravatar.com\\\/avatar\\\/f6ce2f6728fbdf920737112fe70682512808577befa2c9c7845c04a8449b8f03?s=96&r=g\",\"caption\":\"Corrado Morra\"},\"description\":\"Esperto di arti visive e di cinema, insegna Sceneggiatura alla Scuola di cinema Pigrecoemme di Napoli, di cui \u00e8 tra i fondatori.\",\"sameAs\":[\"http:\\\/\\\/www.pigrecoemme.com\\\/\",\"https:\\\/\\\/www.facebook.com\\\/corrado.morra1\"],\"url\":\"https:\\\/\\\/www.pigrecoemme.com\\\/blog\\\/author\\\/corrado-morra\\\/\"}]}<\/script>\n<!-- \/ Yoast SEO plugin. -->","yoast_head_json":{"title":"Il manifesto di Un Consiglio a Dio","robots":{"index":"index","follow":"follow","max-snippet":"max-snippet:-1","max-image-preview":"max-image-preview:large","max-video-preview":"max-video-preview:-1"},"canonical":"https:\/\/www.pigrecoemme.com\/blog\/il-manifesto-di-un-consiglio-a-dio\/","og_locale":"it_IT","og_type":"article","og_title":"Il manifesto di Un Consiglio a Dio","og_description":"Scuola di Cinema, Televisione e Fotografia - Napoli","og_url":"https:\/\/www.pigrecoemme.com\/blog\/il-manifesto-di-un-consiglio-a-dio\/","og_site_name":"Scuola di Cinema Pigrecoemme - Blog","article_publisher":"https:\/\/www.facebook.com\/pigrecoemme","article_author":"https:\/\/www.facebook.com\/corrado.morra1","article_published_time":"2013-05-10T18:43:22+00:00","og_image":[{"url":"http:\/\/www.pigrecoemme.com\/blog\/wp-content\/uploads\/2013\/05\/cad_a-210x300.jpg","type":"","width":"","height":""}],"author":"Corrado Morra","twitter_card":"summary_large_image","twitter_creator":"@Pigrecoemme","twitter_site":"@Pigrecoemme","twitter_misc":{"Scritto da":"Corrado Morra","Tempo di lettura stimato":"1 minuto"},"schema":{"@context":"https:\/\/schema.org","@graph":[{"@type":["Article","BlogPosting"],"@id":"https:\/\/www.pigrecoemme.com\/blog\/il-manifesto-di-un-consiglio-a-dio\/#article","isPartOf":{"@id":"https:\/\/www.pigrecoemme.com\/blog\/il-manifesto-di-un-consiglio-a-dio\/"},"author":{"name":"Corrado Morra","@id":"https:\/\/www.pigrecoemme.com\/blog\/#\/schema\/person\/702764b5ecda4c2f34e82348789f649e"},"headline":"Il manifesto di Un Consiglio a Dio","datePublished":"2013-05-10T18:43:22+00:00","mainEntityOfPage":{"@id":"https:\/\/www.pigrecoemme.com\/blog\/il-manifesto-di-un-consiglio-a-dio\/"},"wordCount":119,"commentCount":0,"publisher":{"@id":"https:\/\/www.pigrecoemme.com\/blog\/#organization"},"image":{"@id":"https:\/\/www.pigrecoemme.com\/blog\/il-manifesto-di-un-consiglio-a-dio\/#primaryimage"},"thumbnailUrl":"http:\/\/www.pigrecoemme.com\/blog\/wp-content\/uploads\/2013\/05\/cad_a-210x300.jpg","keywords":["Sandro Dionisio","un consiglio a Dio"],"articleSection":["Produzioni"],"inLanguage":"it-IT","potentialAction":[{"@type":"CommentAction","name":"Comment","target":["https:\/\/www.pigrecoemme.com\/blog\/il-manifesto-di-un-consiglio-a-dio\/#respond"]}]},{"@type":"WebPage","@id":"https:\/\/www.pigrecoemme.com\/blog\/il-manifesto-di-un-consiglio-a-dio\/","url":"https:\/\/www.pigrecoemme.com\/blog\/il-manifesto-di-un-consiglio-a-dio\/","name":"Il manifesto di Un Consiglio a Dio","isPartOf":{"@id":"https:\/\/www.pigrecoemme.com\/blog\/#website"},"primaryImageOfPage":{"@id":"https:\/\/www.pigrecoemme.com\/blog\/il-manifesto-di-un-consiglio-a-dio\/#primaryimage"},"image":{"@id":"https:\/\/www.pigrecoemme.com\/blog\/il-manifesto-di-un-consiglio-a-dio\/#primaryimage"},"thumbnailUrl":"http:\/\/www.pigrecoemme.com\/blog\/wp-content\/uploads\/2013\/05\/cad_a-210x300.jpg","datePublished":"2013-05-10T18:43:22+00:00","breadcrumb":{"@id":"https:\/\/www.pigrecoemme.com\/blog\/il-manifesto-di-un-consiglio-a-dio\/#breadcrumb"},"inLanguage":"it-IT","potentialAction":[{"@type":"ReadAction","target":["https:\/\/www.pigrecoemme.com\/blog\/il-manifesto-di-un-consiglio-a-dio\/"]}]},{"@type":"ImageObject","inLanguage":"it-IT","@id":"https:\/\/www.pigrecoemme.com\/blog\/il-manifesto-di-un-consiglio-a-dio\/#primaryimage","url":"http:\/\/www.pigrecoemme.com\/blog\/wp-content\/uploads\/2013\/05\/cad_a-210x300.jpg","contentUrl":"http:\/\/www.pigrecoemme.com\/blog\/wp-content\/uploads\/2013\/05\/cad_a-210x300.jpg"},{"@type":"BreadcrumbList","@id":"https:\/\/www.pigrecoemme.com\/blog\/il-manifesto-di-un-consiglio-a-dio\/#breadcrumb","itemListElement":[{"@type":"ListItem","position":1,"name":"Home","item":"https:\/\/www.pigrecoemme.com\/blog\/"},{"@type":"ListItem","position":2,"name":"Il manifesto di Un Consiglio a Dio"}]},{"@type":"WebSite","@id":"https:\/\/www.pigrecoemme.com\/blog\/#website","url":"https:\/\/www.pigrecoemme.com\/blog\/","name":"Scuola di Cinema Pigrecoemme - Blog","description":"Siamo la prima Scuola di Cinema e Fotografia di Napoli","publisher":{"@id":"https:\/\/www.pigrecoemme.com\/blog\/#organization"},"potentialAction":[{"@type":"SearchAction","target":{"@type":"EntryPoint","urlTemplate":"https:\/\/www.pigrecoemme.com\/blog\/?s={search_term_string}"},"query-input":{"@type":"PropertyValueSpecification","valueRequired":true,"valueName":"search_term_string"}}],"inLanguage":"it-IT"},{"@type":"Organization","@id":"https:\/\/www.pigrecoemme.com\/blog\/#organization","name":"Scuola di cinema e fotografia Pigrecoemme","url":"https:\/\/www.pigrecoemme.com\/blog\/","logo":{"@type":"ImageObject","inLanguage":"it-IT","@id":"https:\/\/www.pigrecoemme.com\/blog\/#\/schema\/logo\/image\/","url":"https:\/\/i0.wp.com\/www.pigrecoemme.com\/blog\/wp-content\/uploads\/2018\/06\/logo-pigrecoemme-2018.png?fit=500%2C500&ssl=1","contentUrl":"https:\/\/i0.wp.com\/www.pigrecoemme.com\/blog\/wp-content\/uploads\/2018\/06\/logo-pigrecoemme-2018.png?fit=500%2C500&ssl=1","width":500,"height":500,"caption":"Scuola di cinema e fotografia Pigrecoemme"},"image":{"@id":"https:\/\/www.pigrecoemme.com\/blog\/#\/schema\/logo\/image\/"},"sameAs":["https:\/\/www.facebook.com\/pigrecoemme","https:\/\/x.com\/Pigrecoemme","https:\/\/www.instagram.com\/pigrecoemme\/","https:\/\/www.linkedin.com\/company\/pigrecoemme\/","https:\/\/www.youtube.com\/pigrecoemme"]},{"@type":"Person","@id":"https:\/\/www.pigrecoemme.com\/blog\/#\/schema\/person\/702764b5ecda4c2f34e82348789f649e","name":"Corrado Morra","image":{"@type":"ImageObject","inLanguage":"it-IT","@id":"https:\/\/secure.gravatar.com\/avatar\/f6ce2f6728fbdf920737112fe70682512808577befa2c9c7845c04a8449b8f03?s=96&r=g","url":"https:\/\/secure.gravatar.com\/avatar\/f6ce2f6728fbdf920737112fe70682512808577befa2c9c7845c04a8449b8f03?s=96&r=g","contentUrl":"https:\/\/secure.gravatar.com\/avatar\/f6ce2f6728fbdf920737112fe70682512808577befa2c9c7845c04a8449b8f03?s=96&r=g","caption":"Corrado Morra"},"description":"Esperto di arti visive e di cinema, insegna Sceneggiatura alla Scuola di cinema Pigrecoemme di Napoli, di cui \u00e8 tra i fondatori.","sameAs":["http:\/\/www.pigrecoemme.com\/","https:\/\/www.facebook.com\/corrado.morra1"],"url":"https:\/\/www.pigrecoemme.com\/blog\/author\/corrado-morra\/"}]}},"jetpack_sharing_enabled":true,"jetpack_likes_enabled":true,"jetpack-related-posts":[{"id":511,"url":"https:\/\/www.pigrecoemme.com\/blog\/vinicio-marchioni-nel-nuovo-film-di-sandro-dionisio-coprodotto-da-pigrecoemme\/","url_meta":{"origin":649,"position":0},"title":"Vinicio Marchioni nel nuovo film di Sandro Dionisio coprodotto da Pigrecoemme","author":"Giacomo Fabbrocino","date":"6 Giugno 2012","format":false,"excerpt":"Un consiglio a Dio di Sandro Dionisio \u00e8 un'altra coproduzione Pigrecoemme che sta per vedere la luce. Diretto da Sandro Dionisio (La volpe a tre zampe), questo originale esperimento di \"cinema crossover\" (secondo la definizione proprio di Dionisio) vede nel ruolo del protagonista uno dei migliori attori italiani dell'ultima schiusa:\u2026","rel":"","context":"In &quot;Generale&quot;","block_context":{"text":"Generale","link":"https:\/\/www.pigrecoemme.com\/blog\/generale\/"},"img":{"alt_text":"Vinicio Marchioni, protagonista di Un Consiglio a Dio","src":"https:\/\/i0.wp.com\/www.pigrecoemme.com\/blog\/wp-content\/uploads\/2012\/06\/vinicio-marchioni-214x300.jpg?resize=350%2C200","width":350,"height":200},"classes":[]},{"id":670,"url":"https:\/\/www.pigrecoemme.com\/blog\/un-consiglio-a-dio-ottiene-ottime-recensioni-e-rimane-nelle-sale\/","url_meta":{"origin":649,"position":1},"title":"UN CONSIGLIO A DIO ottiene ottime recensioni e rimane nelle sale","author":"Giacomo Fabbrocino","date":"2 Giugno 2013","format":false,"excerpt":"Montato dal nostro docente e fondatore Giacomo Fabbrocino, \"Un Consiglio a Dio\", nuovo film di Sandro Dionisio prodotto dalla Axelotil di Ganluca Arcopinto, dalla, C.ET.R.A di Sandro Dionisio e dalla Pigrecoemme, ha ottenuto ottime critiche sulla stampa nazionale (vedi immagini allegate) e sul web (leggi su Indie Eye) e continua\u2026","rel":"","context":"In &quot;Eventi&quot;","block_context":{"text":"Eventi","link":"https:\/\/www.pigrecoemme.com\/blog\/eventi\/"},"img":{"alt_text":"","src":"https:\/\/i0.wp.com\/www.pigrecoemme.com\/blog\/wp-content\/uploads\/2013\/06\/unita.jpg?resize=350%2C200","width":350,"height":200},"classes":[]},{"id":664,"url":"https:\/\/www.pigrecoemme.com\/blog\/un-consiglio-a-dio-al-cinema\/","url_meta":{"origin":649,"position":2},"title":"Un Consiglio a Dio al Cinema! (si parte dal nuovo Sacher di Roma e dal Filangieri di Napoli)","author":"Giacomo Fabbrocino","date":"27 Maggio 2013","format":false,"excerpt":"\u00a0 E' con grandissima soddisfazione che vi annunciamo che il nuovo film di Sandro Dionisio, Un Consiglio a Dio, prodotto dalla Axelotil di Ganluca Arcopinto, dalla, C.ET.R.A di Sandro Dionisio e dalla Pigrecoemme, inizia il suo percorso distributivo nelle sale italiane. Il 29 maggio al Nuovo Sacher di Roma Montato\u2026","rel":"","context":"In &quot;Eventi&quot;","block_context":{"text":"Eventi","link":"https:\/\/www.pigrecoemme.com\/blog\/eventi\/"},"img":{"alt_text":"Il manifesto","src":"https:\/\/i0.wp.com\/www.pigrecoemme.com\/blog\/wp-content\/uploads\/2013\/05\/cad_a-210x300.jpg?resize=350%2C200","width":350,"height":200},"classes":[]},{"id":526,"url":"https:\/\/www.pigrecoemme.com\/blog\/come-e-andato-un-consiglio-a-dio-a-pesaro-bene-ora-ci-si-rivede-a-roma\/","url_meta":{"origin":649,"position":3},"title":"Come \u00e8 andato &#8220;Un consiglio a Dio&#8221; a Pesaro? Bene! Ora ci si rivede a Roma!","author":"Giacomo Fabbrocino","date":"4 Luglio 2012","format":false,"excerpt":"Beh, Un Consiglio a Dio non ha vinto (la vittoria \u00e8 andata a\u00a0Djeca, che tra l'altro aveva gi\u00e0 ottenuto il premio speciale della giuria nella sezione \"Un Certain Regard\" a Cannes 2012), ma \u00e8 piaciuto molto. Lo si \u00e8 percepito durante e dopo la proiezione che ha stimolato, sia in\u2026","rel":"","context":"In &quot;Eventi&quot;","block_context":{"text":"Eventi","link":"https:\/\/www.pigrecoemme.com\/blog\/eventi\/"},"img":{"alt_text":"Il protagonista di \"Un Consiglio a Dio\" Vinicio Marchioni, il direttore del festival del cinema di Pesaro Giovanni Spagnoletti, il regista Sandro Dionisio e il produttore Gianluca Arcopinto parlano del film dopo la proiezione","src":"https:\/\/i0.wp.com\/www.pigrecoemme.com\/blog\/wp-content\/uploads\/2012\/07\/18_marchioni_-_spagnoletti_-_dionisio_-_arcopinto_-_pesaro_film_fest_2012_-_ph_chiara_schiaratura-300x205.jpg?resize=350%2C200","width":350,"height":200},"classes":[]},{"id":512,"url":"https:\/\/www.pigrecoemme.com\/blog\/il-nuovo-film-di-dionisio-coprodotto-da-pigrecoemme-in-corcorso-al-festival-del-cinema-di-pesaro\/","url_meta":{"origin":649,"position":4},"title":"Il nuovo film di Dionisio, coprodotto da Pigrecoemme, in corcorso al Festival del cinema di Pesaro","author":"Corrado Morra","date":"16 Giugno 2012","format":false,"excerpt":"Un consiglio a Dio, il nuovo film di Sandro Dionisio, coprodotto da Pigrecoemme e montato da Giacomo Fabbrocino, nostro docente di montaggio, \u00e8 in concorso alla 48a Mostra Internazionale del Nuovo Cinema di Pesaro, che si terr\u00e0 dal 25 giugno al 2 luglio 2012. L'organizzazione dell'evento, uno dei pi\u00f9 prestigiosi\u2026","rel":"","context":"In &quot;Generale&quot;","block_context":{"text":"Generale","link":"https:\/\/www.pigrecoemme.com\/blog\/generale\/"},"img":{"alt_text":"","src":"https:\/\/i0.wp.com\/www.pigrecoemme.com\/blog\/wp-content\/uploads\/2012\/06\/manifesto-pesaro-225x300.jpg?resize=350%2C200","width":350,"height":200},"classes":[]},{"id":686,"url":"https:\/\/www.pigrecoemme.com\/blog\/pigrecoemme-al-procida-film-festival\/","url_meta":{"origin":649,"position":5},"title":"Pigrecoemme al Procida Film Festival","author":"Giacomo Fabbrocino","date":"23 Luglio 2013","format":false,"excerpt":"Nessuna invasione, per carit\u00e0, ma alla prima edizione del Procida Film Festival la Pigrecoemme fa decisamente una bella figura. Un lungometraggio (Un Consiglio a Dio - di Sandro Dionisio, in distribuzione nazionale ad opera della Pablo), un documentario (Midnight Bingo, di Antonio Longo, gi\u00e0 vincitore del Napoli Film Festival 2011),\u2026","rel":"","context":"In &quot;Eventi&quot;","block_context":{"text":"Eventi","link":"https:\/\/www.pigrecoemme.com\/blog\/eventi\/"},"img":{"alt_text":"","src":"https:\/\/i0.wp.com\/www.pigrecoemme.com\/blog\/wp-content\/uploads\/2013\/07\/procida-fillm-festival-300x230.png?resize=350%2C200","width":350,"height":200},"classes":[]}],"jetpack_featured_media_url":"","_links":{"self":[{"href":"https:\/\/www.pigrecoemme.com\/blog\/wp-json\/wp\/v2\/posts\/649","targetHints":{"allow":["GET"]}}],"collection":[{"href":"https:\/\/www.pigrecoemme.com\/blog\/wp-json\/wp\/v2\/posts"}],"about":[{"href":"https:\/\/www.pigrecoemme.com\/blog\/wp-json\/wp\/v2\/types\/post"}],"author":[{"embeddable":true,"href":"https:\/\/www.pigrecoemme.com\/blog\/wp-json\/wp\/v2\/users\/2"}],"replies":[{"embeddable":true,"href":"https:\/\/www.pigrecoemme.com\/blog\/wp-json\/wp\/v2\/comments?post=649"}],"version-history":[{"count":0,"href":"https:\/\/www.pigrecoemme.com\/blog\/wp-json\/wp\/v2\/posts\/649\/revisions"}],"wp:attachment":[{"href":"https:\/\/www.pigrecoemme.com\/blog\/wp-json\/wp\/v2\/media?parent=649"}],"wp:term":[{"taxonomy":"category","embeddable":true,"href":"https:\/\/www.pigrecoemme.com\/blog\/wp-json\/wp\/v2\/categories?post=649"},{"taxonomy":"post_tag","embeddable":true,"href":"https:\/\/www.pigrecoemme.com\/blog\/wp-json\/wp\/v2\/tags?post=649"}],"curies":[{"name":"wp","href":"https:\/\/api.w.org\/{rel}","templated":true}]}}