{"id":648,"date":"2013-05-06T18:58:17","date_gmt":"2013-05-06T16:58:17","guid":{"rendered":"http:\/\/www.pigrecoemme.com\/blog\/?p=648"},"modified":"2013-05-06T18:58:17","modified_gmt":"2013-05-06T16:58:17","slug":"corso-di-dizione-dal-14-maggio-aperte-le-iscrizioni","status":"publish","type":"post","link":"https:\/\/www.pigrecoemme.com\/blog\/corso-di-dizione-dal-14-maggio-aperte-le-iscrizioni\/","title":{"rendered":"Corso di Dizione dal 14 maggio. Aperte le iscrizioni"},"content":{"rendered":"<p style=\"text-align: center;\"><a href=\"https:\/\/i0.wp.com\/fbcdn-sphotos-c-a.akamaihd.net\/hphotos-ak-prn1\/30543_561228047232383_1284500439_n.jpg?ssl=1\"><img data-recalc-dims=\"1\" loading=\"lazy\" decoding=\"async\" class=\"aligncenter\" title=\"Corso di dizione a Napoli\" src=\"https:\/\/i0.wp.com\/fbcdn-sphotos-c-a.akamaihd.net\/hphotos-ak-prn1\/30543_561228047232383_1284500439_n.jpg?resize=500%2C185&#038;ssl=1\" alt=\"\" width=\"500\" height=\"185\" \/><\/a><\/p>\n<p style=\"text-align: left;\">Una nuova proposta targata Pigrecoemme: un <a href=\"http:\/\/www.pigrecoemme.com\/corsi\/corso-dizione-napoli.htm\">corso di dizione<\/a> rivolto non solo agli attori, ma a tutti coloro che lavorano comunicando con la voce.<br \/>\nAd un prezzo interessantissimo (120 euro), questo ciclo di cinque incontri condotti da Angelo Serio, si svolger\u00e0 dal 14 maggio, il marted\u00ec, dalle 18.00 alle 20.00 per concludersi il l&#8217;11 giugno.<\/p>\n<p style=\"text-align: left;\"><strong><a href=\"http:\/\/www.pigrecoemme.com\/corsi\/corso-dizione-napoli.htm\"><img data-recalc-dims=\"1\" loading=\"lazy\" decoding=\"async\" class=\"alignleft size-medium wp-image-643\" title=\"book_edit\" src=\"https:\/\/i0.wp.com\/www.pigrecoemme.com\/blog\/wp-content\/uploads\/2013\/04\/book_edit.png?resize=32%2C32&#038;ssl=1\" alt=\"\" width=\"32\" height=\"32\" \/> Clicca qui per<br \/>\nil programma completo<\/a><\/strong>.\n<\/p>\n<p style=\"text-align: left;\"><a href=\"https:\/\/www.facebook.com\/events\/613635658663829\/\"><img data-recalc-dims=\"1\" loading=\"lazy\" decoding=\"async\" class=\"alignleft\" src=\"https:\/\/i0.wp.com\/www.pigrecoemme.com\/iovorrei\/facebook.png?resize=32%2C32\" alt=\"\" width=\"32\" height=\"32\" \/><strong> Iscriviti all&#8217;evento su Facebook per tenere a mente la data di inizio e per invitare i tuoi amici a partecipare.<\/strong><\/a><\/p>\n<p style=\"text-align: left;\">\n<p style=\"text-align: left;\"><strong><img data-recalc-dims=\"1\" loading=\"lazy\" decoding=\"async\" class=\"size-full wp-image-638 alignleft\" title=\"info\" src=\"https:\/\/i0.wp.com\/www.pigrecoemme.com\/blog\/wp-content\/uploads\/2013\/04\/info.png?resize=32%2C32&#038;ssl=1\" alt=\"\" width=\"32\" height=\"32\" \/><\/strong><strong> Info e contatti<\/strong><strong>: <\/strong>0815635188<br \/>\n<strong> o <\/strong><a href=\"mailto:corsi@pigrecoemme.com\">corsi@pigrecoemme.com<\/a><\/p>\n","protected":false},"excerpt":{"rendered":"<p>Una nuova proposta targata Pigrecoemme: un corso di dizione rivolto non solo agli attori, ma a tutti coloro che lavorano comunicando con la voce. Ad un prezzo interessantissimo (120 euro), questo ciclo di cinque&hellip;<\/p>\n","protected":false},"author":1,"featured_media":0,"comment_status":"open","ping_status":"open","sticky":false,"template":"","format":"standard","meta":{"_jetpack_newsletter_access":"","_jetpack_dont_email_post_to_subs":false,"_jetpack_newsletter_tier_id":0,"_jetpack_memberships_contains_paywalled_content":false,"_jetpack_feature_clip_id":0,"_jetpack_memberships_contains_paid_content":false,"footnotes":"","jetpack_post_was_ever_published":false},"categories":[1,3],"tags":[810,802],"class_list":["post-648","post","type-post","status-publish","format-standard","hentry","category-generale","category-scuola-di-cinema","tag-corso-di-dizione","tag-dizione"],"yoast_head":"<!-- This site is optimized with the Yoast SEO plugin v28.3 - https:\/\/yoast.com\/product\/yoast-seo-wordpress\/ -->\n<title>Corso di Dizione dal 14 maggio. Aperte le iscrizioni<\/title>\n<meta name=\"robots\" content=\"index, follow, max-snippet:-1, max-image-preview:large, max-video-preview:-1\" \/>\n<link rel=\"canonical\" href=\"https:\/\/www.pigrecoemme.com\/blog\/corso-di-dizione-dal-14-maggio-aperte-le-iscrizioni\/\" \/>\n<meta property=\"og:locale\" content=\"it_IT\" \/>\n<meta property=\"og:type\" content=\"article\" \/>\n<meta property=\"og:title\" content=\"Corso di Dizione dal 14 maggio. Aperte le iscrizioni\" \/>\n<meta property=\"og:description\" content=\"Una nuova proposta targata Pigrecoemme: un corso di dizione rivolto non solo agli attori, ma a tutti coloro che lavorano comunicando con la voce. Ad un prezzo interessantissimo (120 euro), questo ciclo di cinque incontri condotti da Angelo Serio, si &hellip; Continue reading &rarr;\" \/>\n<meta property=\"og:url\" content=\"https:\/\/www.pigrecoemme.com\/blog\/corso-di-dizione-dal-14-maggio-aperte-le-iscrizioni\/\" \/>\n<meta property=\"og:site_name\" content=\"Scuola di Cinema Pigrecoemme - Blog\" \/>\n<meta property=\"article:publisher\" content=\"https:\/\/www.facebook.com\/pigrecoemme\" \/>\n<meta property=\"article:author\" content=\"https:\/\/www.facebook.com\/giacomo.fabbrocino\" \/>\n<meta property=\"article:published_time\" content=\"2013-05-06T16:58:17+00:00\" \/>\n<meta property=\"og:image\" content=\"https:\/\/fbcdn-sphotos-c-a.akamaihd.net\/hphotos-ak-prn1\/30543_561228047232383_1284500439_n.jpg\" \/>\n<meta name=\"author\" content=\"Giacomo Fabbrocino\" \/>\n<meta name=\"twitter:card\" content=\"summary_large_image\" \/>\n<meta name=\"twitter:creator\" content=\"@Pigrecoemme\" \/>\n<meta name=\"twitter:site\" content=\"@Pigrecoemme\" \/>\n<meta name=\"twitter:label1\" content=\"Scritto da\" \/>\n\t<meta name=\"twitter:data1\" content=\"Giacomo Fabbrocino\" \/>\n<script type=\"application\/ld+json\" class=\"yoast-schema-graph\">{\"@context\":\"https:\\\/\\\/schema.org\",\"@graph\":[{\"@type\":[\"Article\",\"BlogPosting\"],\"@id\":\"https:\\\/\\\/www.pigrecoemme.com\\\/blog\\\/corso-di-dizione-dal-14-maggio-aperte-le-iscrizioni\\\/#article\",\"isPartOf\":{\"@id\":\"https:\\\/\\\/www.pigrecoemme.com\\\/blog\\\/corso-di-dizione-dal-14-maggio-aperte-le-iscrizioni\\\/\"},\"author\":{\"name\":\"Giacomo Fabbrocino\",\"@id\":\"https:\\\/\\\/www.pigrecoemme.com\\\/blog\\\/#\\\/schema\\\/person\\\/57fa822c3d209d3a2612fd0411ae63f4\"},\"headline\":\"Corso di Dizione dal 14 maggio. Aperte le iscrizioni\",\"datePublished\":\"2013-05-06T16:58:17+00:00\",\"mainEntityOfPage\":{\"@id\":\"https:\\\/\\\/www.pigrecoemme.com\\\/blog\\\/corso-di-dizione-dal-14-maggio-aperte-le-iscrizioni\\\/\"},\"wordCount\":93,\"commentCount\":0,\"publisher\":{\"@id\":\"https:\\\/\\\/www.pigrecoemme.com\\\/blog\\\/#organization\"},\"image\":{\"@id\":\"https:\\\/\\\/www.pigrecoemme.com\\\/blog\\\/corso-di-dizione-dal-14-maggio-aperte-le-iscrizioni\\\/#primaryimage\"},\"thumbnailUrl\":\"https:\\\/\\\/fbcdn-sphotos-c-a.akamaihd.net\\\/hphotos-ak-prn1\\\/30543_561228047232383_1284500439_n.jpg\",\"keywords\":[\"corso di dizione\",\"dizione\"],\"articleSection\":[\"Generale\",\"Scuola di cinema\"],\"inLanguage\":\"it-IT\",\"potentialAction\":[{\"@type\":\"CommentAction\",\"name\":\"Comment\",\"target\":[\"https:\\\/\\\/www.pigrecoemme.com\\\/blog\\\/corso-di-dizione-dal-14-maggio-aperte-le-iscrizioni\\\/#respond\"]}]},{\"@type\":\"WebPage\",\"@id\":\"https:\\\/\\\/www.pigrecoemme.com\\\/blog\\\/corso-di-dizione-dal-14-maggio-aperte-le-iscrizioni\\\/\",\"url\":\"https:\\\/\\\/www.pigrecoemme.com\\\/blog\\\/corso-di-dizione-dal-14-maggio-aperte-le-iscrizioni\\\/\",\"name\":\"Corso di Dizione dal 14 maggio. Aperte le iscrizioni\",\"isPartOf\":{\"@id\":\"https:\\\/\\\/www.pigrecoemme.com\\\/blog\\\/#website\"},\"primaryImageOfPage\":{\"@id\":\"https:\\\/\\\/www.pigrecoemme.com\\\/blog\\\/corso-di-dizione-dal-14-maggio-aperte-le-iscrizioni\\\/#primaryimage\"},\"image\":{\"@id\":\"https:\\\/\\\/www.pigrecoemme.com\\\/blog\\\/corso-di-dizione-dal-14-maggio-aperte-le-iscrizioni\\\/#primaryimage\"},\"thumbnailUrl\":\"https:\\\/\\\/fbcdn-sphotos-c-a.akamaihd.net\\\/hphotos-ak-prn1\\\/30543_561228047232383_1284500439_n.jpg\",\"datePublished\":\"2013-05-06T16:58:17+00:00\",\"breadcrumb\":{\"@id\":\"https:\\\/\\\/www.pigrecoemme.com\\\/blog\\\/corso-di-dizione-dal-14-maggio-aperte-le-iscrizioni\\\/#breadcrumb\"},\"inLanguage\":\"it-IT\",\"potentialAction\":[{\"@type\":\"ReadAction\",\"target\":[\"https:\\\/\\\/www.pigrecoemme.com\\\/blog\\\/corso-di-dizione-dal-14-maggio-aperte-le-iscrizioni\\\/\"]}]},{\"@type\":\"ImageObject\",\"inLanguage\":\"it-IT\",\"@id\":\"https:\\\/\\\/www.pigrecoemme.com\\\/blog\\\/corso-di-dizione-dal-14-maggio-aperte-le-iscrizioni\\\/#primaryimage\",\"url\":\"https:\\\/\\\/fbcdn-sphotos-c-a.akamaihd.net\\\/hphotos-ak-prn1\\\/30543_561228047232383_1284500439_n.jpg\",\"contentUrl\":\"https:\\\/\\\/fbcdn-sphotos-c-a.akamaihd.net\\\/hphotos-ak-prn1\\\/30543_561228047232383_1284500439_n.jpg\"},{\"@type\":\"BreadcrumbList\",\"@id\":\"https:\\\/\\\/www.pigrecoemme.com\\\/blog\\\/corso-di-dizione-dal-14-maggio-aperte-le-iscrizioni\\\/#breadcrumb\",\"itemListElement\":[{\"@type\":\"ListItem\",\"position\":1,\"name\":\"Home\",\"item\":\"https:\\\/\\\/www.pigrecoemme.com\\\/blog\\\/\"},{\"@type\":\"ListItem\",\"position\":2,\"name\":\"Corso di Dizione dal 14 maggio. Aperte le iscrizioni\"}]},{\"@type\":\"WebSite\",\"@id\":\"https:\\\/\\\/www.pigrecoemme.com\\\/blog\\\/#website\",\"url\":\"https:\\\/\\\/www.pigrecoemme.com\\\/blog\\\/\",\"name\":\"Scuola di Cinema Pigrecoemme - Blog\",\"description\":\"Siamo la prima Scuola di Cinema e Fotografia di Napoli\",\"publisher\":{\"@id\":\"https:\\\/\\\/www.pigrecoemme.com\\\/blog\\\/#organization\"},\"potentialAction\":[{\"@type\":\"SearchAction\",\"target\":{\"@type\":\"EntryPoint\",\"urlTemplate\":\"https:\\\/\\\/www.pigrecoemme.com\\\/blog\\\/?s={search_term_string}\"},\"query-input\":{\"@type\":\"PropertyValueSpecification\",\"valueRequired\":true,\"valueName\":\"search_term_string\"}}],\"inLanguage\":\"it-IT\"},{\"@type\":\"Organization\",\"@id\":\"https:\\\/\\\/www.pigrecoemme.com\\\/blog\\\/#organization\",\"name\":\"Scuola di cinema e fotografia Pigrecoemme\",\"url\":\"https:\\\/\\\/www.pigrecoemme.com\\\/blog\\\/\",\"logo\":{\"@type\":\"ImageObject\",\"inLanguage\":\"it-IT\",\"@id\":\"https:\\\/\\\/www.pigrecoemme.com\\\/blog\\\/#\\\/schema\\\/logo\\\/image\\\/\",\"url\":\"https:\\\/\\\/i0.wp.com\\\/www.pigrecoemme.com\\\/blog\\\/wp-content\\\/uploads\\\/2018\\\/06\\\/logo-pigrecoemme-2018.png?fit=500%2C500&ssl=1\",\"contentUrl\":\"https:\\\/\\\/i0.wp.com\\\/www.pigrecoemme.com\\\/blog\\\/wp-content\\\/uploads\\\/2018\\\/06\\\/logo-pigrecoemme-2018.png?fit=500%2C500&ssl=1\",\"width\":500,\"height\":500,\"caption\":\"Scuola di cinema e fotografia Pigrecoemme\"},\"image\":{\"@id\":\"https:\\\/\\\/www.pigrecoemme.com\\\/blog\\\/#\\\/schema\\\/logo\\\/image\\\/\"},\"sameAs\":[\"https:\\\/\\\/www.facebook.com\\\/pigrecoemme\",\"https:\\\/\\\/x.com\\\/Pigrecoemme\",\"https:\\\/\\\/www.instagram.com\\\/pigrecoemme\\\/\",\"https:\\\/\\\/www.linkedin.com\\\/company\\\/pigrecoemme\\\/\",\"https:\\\/\\\/www.youtube.com\\\/pigrecoemme\"]},{\"@type\":\"Person\",\"@id\":\"https:\\\/\\\/www.pigrecoemme.com\\\/blog\\\/#\\\/schema\\\/person\\\/57fa822c3d209d3a2612fd0411ae63f4\",\"name\":\"Giacomo Fabbrocino\",\"image\":{\"@type\":\"ImageObject\",\"inLanguage\":\"it-IT\",\"@id\":\"https:\\\/\\\/secure.gravatar.com\\\/avatar\\\/0e4dfd4d05c06a03fffaffeb36fb181415ba11b91a6b566fa2e8ada75927db32?s=96&r=g\",\"url\":\"https:\\\/\\\/secure.gravatar.com\\\/avatar\\\/0e4dfd4d05c06a03fffaffeb36fb181415ba11b91a6b566fa2e8ada75927db32?s=96&r=g\",\"contentUrl\":\"https:\\\/\\\/secure.gravatar.com\\\/avatar\\\/0e4dfd4d05c06a03fffaffeb36fb181415ba11b91a6b566fa2e8ada75927db32?s=96&r=g\",\"caption\":\"Giacomo Fabbrocino\"},\"description\":\"Montatore cinematografico, autore di documentari sull'arte e di video d'artista, Giacomo \u00e8 responsabile della didattica e della comunicazione web della Scuola di Cinema, Fotografia e Televisione Pigrecoemme di Napoli.\",\"sameAs\":[\"http:\\\/\\\/www.pigrecoemme.com\\\/\",\"https:\\\/\\\/www.facebook.com\\\/giacomo.fabbrocino\"],\"url\":\"https:\\\/\\\/www.pigrecoemme.com\\\/blog\\\/author\\\/giacomo-fabbrocino\\\/\"}]}<\/script>\n<!-- \/ Yoast SEO plugin. -->","yoast_head_json":{"title":"Corso di Dizione dal 14 maggio. Aperte le iscrizioni","robots":{"index":"index","follow":"follow","max-snippet":"max-snippet:-1","max-image-preview":"max-image-preview:large","max-video-preview":"max-video-preview:-1"},"canonical":"https:\/\/www.pigrecoemme.com\/blog\/corso-di-dizione-dal-14-maggio-aperte-le-iscrizioni\/","og_locale":"it_IT","og_type":"article","og_title":"Corso di Dizione dal 14 maggio. Aperte le iscrizioni","og_description":"Una nuova proposta targata Pigrecoemme: un corso di dizione rivolto non solo agli attori, ma a tutti coloro che lavorano comunicando con la voce. Ad un prezzo interessantissimo (120 euro), questo ciclo di cinque incontri condotti da Angelo Serio, si &hellip; Continue reading &rarr;","og_url":"https:\/\/www.pigrecoemme.com\/blog\/corso-di-dizione-dal-14-maggio-aperte-le-iscrizioni\/","og_site_name":"Scuola di Cinema Pigrecoemme - Blog","article_publisher":"https:\/\/www.facebook.com\/pigrecoemme","article_author":"https:\/\/www.facebook.com\/giacomo.fabbrocino","article_published_time":"2013-05-06T16:58:17+00:00","og_image":[{"url":"https:\/\/fbcdn-sphotos-c-a.akamaihd.net\/hphotos-ak-prn1\/30543_561228047232383_1284500439_n.jpg","type":"","width":"","height":""}],"author":"Giacomo Fabbrocino","twitter_card":"summary_large_image","twitter_creator":"@Pigrecoemme","twitter_site":"@Pigrecoemme","twitter_misc":{"Scritto da":"Giacomo Fabbrocino"},"schema":{"@context":"https:\/\/schema.org","@graph":[{"@type":["Article","BlogPosting"],"@id":"https:\/\/www.pigrecoemme.com\/blog\/corso-di-dizione-dal-14-maggio-aperte-le-iscrizioni\/#article","isPartOf":{"@id":"https:\/\/www.pigrecoemme.com\/blog\/corso-di-dizione-dal-14-maggio-aperte-le-iscrizioni\/"},"author":{"name":"Giacomo Fabbrocino","@id":"https:\/\/www.pigrecoemme.com\/blog\/#\/schema\/person\/57fa822c3d209d3a2612fd0411ae63f4"},"headline":"Corso di Dizione dal 14 maggio. Aperte le iscrizioni","datePublished":"2013-05-06T16:58:17+00:00","mainEntityOfPage":{"@id":"https:\/\/www.pigrecoemme.com\/blog\/corso-di-dizione-dal-14-maggio-aperte-le-iscrizioni\/"},"wordCount":93,"commentCount":0,"publisher":{"@id":"https:\/\/www.pigrecoemme.com\/blog\/#organization"},"image":{"@id":"https:\/\/www.pigrecoemme.com\/blog\/corso-di-dizione-dal-14-maggio-aperte-le-iscrizioni\/#primaryimage"},"thumbnailUrl":"https:\/\/fbcdn-sphotos-c-a.akamaihd.net\/hphotos-ak-prn1\/30543_561228047232383_1284500439_n.jpg","keywords":["corso di dizione","dizione"],"articleSection":["Generale","Scuola di cinema"],"inLanguage":"it-IT","potentialAction":[{"@type":"CommentAction","name":"Comment","target":["https:\/\/www.pigrecoemme.com\/blog\/corso-di-dizione-dal-14-maggio-aperte-le-iscrizioni\/#respond"]}]},{"@type":"WebPage","@id":"https:\/\/www.pigrecoemme.com\/blog\/corso-di-dizione-dal-14-maggio-aperte-le-iscrizioni\/","url":"https:\/\/www.pigrecoemme.com\/blog\/corso-di-dizione-dal-14-maggio-aperte-le-iscrizioni\/","name":"Corso di Dizione dal 14 maggio. Aperte le iscrizioni","isPartOf":{"@id":"https:\/\/www.pigrecoemme.com\/blog\/#website"},"primaryImageOfPage":{"@id":"https:\/\/www.pigrecoemme.com\/blog\/corso-di-dizione-dal-14-maggio-aperte-le-iscrizioni\/#primaryimage"},"image":{"@id":"https:\/\/www.pigrecoemme.com\/blog\/corso-di-dizione-dal-14-maggio-aperte-le-iscrizioni\/#primaryimage"},"thumbnailUrl":"https:\/\/fbcdn-sphotos-c-a.akamaihd.net\/hphotos-ak-prn1\/30543_561228047232383_1284500439_n.jpg","datePublished":"2013-05-06T16:58:17+00:00","breadcrumb":{"@id":"https:\/\/www.pigrecoemme.com\/blog\/corso-di-dizione-dal-14-maggio-aperte-le-iscrizioni\/#breadcrumb"},"inLanguage":"it-IT","potentialAction":[{"@type":"ReadAction","target":["https:\/\/www.pigrecoemme.com\/blog\/corso-di-dizione-dal-14-maggio-aperte-le-iscrizioni\/"]}]},{"@type":"ImageObject","inLanguage":"it-IT","@id":"https:\/\/www.pigrecoemme.com\/blog\/corso-di-dizione-dal-14-maggio-aperte-le-iscrizioni\/#primaryimage","url":"https:\/\/fbcdn-sphotos-c-a.akamaihd.net\/hphotos-ak-prn1\/30543_561228047232383_1284500439_n.jpg","contentUrl":"https:\/\/fbcdn-sphotos-c-a.akamaihd.net\/hphotos-ak-prn1\/30543_561228047232383_1284500439_n.jpg"},{"@type":"BreadcrumbList","@id":"https:\/\/www.pigrecoemme.com\/blog\/corso-di-dizione-dal-14-maggio-aperte-le-iscrizioni\/#breadcrumb","itemListElement":[{"@type":"ListItem","position":1,"name":"Home","item":"https:\/\/www.pigrecoemme.com\/blog\/"},{"@type":"ListItem","position":2,"name":"Corso di Dizione dal 14 maggio. Aperte le iscrizioni"}]},{"@type":"WebSite","@id":"https:\/\/www.pigrecoemme.com\/blog\/#website","url":"https:\/\/www.pigrecoemme.com\/blog\/","name":"Scuola di Cinema Pigrecoemme - Blog","description":"Siamo la prima Scuola di Cinema e Fotografia di Napoli","publisher":{"@id":"https:\/\/www.pigrecoemme.com\/blog\/#organization"},"potentialAction":[{"@type":"SearchAction","target":{"@type":"EntryPoint","urlTemplate":"https:\/\/www.pigrecoemme.com\/blog\/?s={search_term_string}"},"query-input":{"@type":"PropertyValueSpecification","valueRequired":true,"valueName":"search_term_string"}}],"inLanguage":"it-IT"},{"@type":"Organization","@id":"https:\/\/www.pigrecoemme.com\/blog\/#organization","name":"Scuola di cinema e fotografia Pigrecoemme","url":"https:\/\/www.pigrecoemme.com\/blog\/","logo":{"@type":"ImageObject","inLanguage":"it-IT","@id":"https:\/\/www.pigrecoemme.com\/blog\/#\/schema\/logo\/image\/","url":"https:\/\/i0.wp.com\/www.pigrecoemme.com\/blog\/wp-content\/uploads\/2018\/06\/logo-pigrecoemme-2018.png?fit=500%2C500&ssl=1","contentUrl":"https:\/\/i0.wp.com\/www.pigrecoemme.com\/blog\/wp-content\/uploads\/2018\/06\/logo-pigrecoemme-2018.png?fit=500%2C500&ssl=1","width":500,"height":500,"caption":"Scuola di cinema e fotografia Pigrecoemme"},"image":{"@id":"https:\/\/www.pigrecoemme.com\/blog\/#\/schema\/logo\/image\/"},"sameAs":["https:\/\/www.facebook.com\/pigrecoemme","https:\/\/x.com\/Pigrecoemme","https:\/\/www.instagram.com\/pigrecoemme\/","https:\/\/www.linkedin.com\/company\/pigrecoemme\/","https:\/\/www.youtube.com\/pigrecoemme"]},{"@type":"Person","@id":"https:\/\/www.pigrecoemme.com\/blog\/#\/schema\/person\/57fa822c3d209d3a2612fd0411ae63f4","name":"Giacomo Fabbrocino","image":{"@type":"ImageObject","inLanguage":"it-IT","@id":"https:\/\/secure.gravatar.com\/avatar\/0e4dfd4d05c06a03fffaffeb36fb181415ba11b91a6b566fa2e8ada75927db32?s=96&r=g","url":"https:\/\/secure.gravatar.com\/avatar\/0e4dfd4d05c06a03fffaffeb36fb181415ba11b91a6b566fa2e8ada75927db32?s=96&r=g","contentUrl":"https:\/\/secure.gravatar.com\/avatar\/0e4dfd4d05c06a03fffaffeb36fb181415ba11b91a6b566fa2e8ada75927db32?s=96&r=g","caption":"Giacomo Fabbrocino"},"description":"Montatore cinematografico, autore di documentari sull'arte e di video d'artista, Giacomo \u00e8 responsabile della didattica e della comunicazione web della Scuola di Cinema, Fotografia e Televisione Pigrecoemme di Napoli.","sameAs":["http:\/\/www.pigrecoemme.com\/","https:\/\/www.facebook.com\/giacomo.fabbrocino"],"url":"https:\/\/www.pigrecoemme.com\/blog\/author\/giacomo-fabbrocino\/"}]}},"jetpack_sharing_enabled":true,"jetpack_likes_enabled":true,"jetpack-related-posts":[{"id":1678,"url":"https:\/\/www.pigrecoemme.com\/blog\/corsi-cinema-fotografia-partenza-ad-aprile\/","url_meta":{"origin":648,"position":0},"title":"I corsi di cinema e fotografia in partenza ad aprile","author":"Pigrecoemme","date":"8 Aprile 2016","format":false,"excerpt":"Stanno per partire i corsi di cinema e fotografia del ciclo primaverile. La Pigrecoemme \u00e8 attiva a Napoli dal 2000 nella didattica dell'audiovisivo e della fotografia. Siamo la scuola napoletana con maggiore storia e tradizione. Ecco un elenco delle nostre produzioni. Qui invece un elenco dei nostri docenti. Contatti Puoi\u2026","rel":"","context":"In &quot;Generale&quot;","block_context":{"text":"Generale","link":"https:\/\/www.pigrecoemme.com\/blog\/generale\/"},"img":{"alt_text":"corsi di cinema e fotografia napoli","src":"https:\/\/i0.wp.com\/www.pigrecoemme.com\/blog\/wp-content\/uploads\/2016\/04\/corsi-di-cinema-e-fotografia.jpg?resize=350%2C200","width":350,"height":200},"classes":[]},{"id":3628,"url":"https:\/\/www.pigrecoemme.com\/blog\/il-corso-di-recitazione-cinematografica-si-rinnova\/","url_meta":{"origin":648,"position":1},"title":"Il corso di recitazione cinematografica si rinnova!","author":"Pigrecoemme","date":"12 Luglio 2024","format":false,"excerpt":"Per l'anno accademico 2024\/2025 abbiamo rinnovato il corso di fotografia, ma anche il corso di recitazione, che ora prevede, oltre ai tre percorsi sulla dizione e sulla recitazione, sullo studio del personaggio e sul controllo della voce e della respirazione (condotti rispettivamente da Angelo Serio, Lucio Allocca e Cristina Florio),\u2026","rel":"","context":"In &quot;Generale&quot;","block_context":{"text":"Generale","link":"https:\/\/www.pigrecoemme.com\/blog\/generale\/"},"img":{"alt_text":"","src":"https:\/\/i0.wp.com\/www.pigrecoemme.com\/blog\/wp-content\/uploads\/2024\/07\/michele-rosiello.jpg?resize=350%2C200&ssl=1","width":350,"height":200},"classes":[]},{"id":301,"url":"https:\/\/www.pigrecoemme.com\/blog\/corso-di-recitazione-cinematografica-pochi-giorni-ancora-per-prenotarsi\/","url_meta":{"origin":648,"position":2},"title":"Corso di recitazione cinematografica: pochi giorni ancora per prenotarsi","author":"Giacomo Fabbrocino","date":"17 Novembre 2010","format":false,"excerpt":"Restano ancora pochissimi giorni per prenotarsi al colloquio di ammissione al corso di recitazione cinematografica condotto, presso la nostra scuola di cinema, da Angelo Serio, Lucio Allocca e Cristina Florio. Il colloquio si terr\u00e0 il 20 novembre e per accedervi bisogna scrivere all'indirizzo email:\u00a0corsi@pigrecoemme.com, indicando un recapito telefonico cui essere\u2026","rel":"","context":"In &quot;Generale&quot;","block_context":{"text":"Generale","link":"https:\/\/www.pigrecoemme.com\/blog\/generale\/"},"img":{"alt_text":"","src":"","width":0,"height":0},"classes":[]},{"id":187,"url":"https:\/\/www.pigrecoemme.com\/blog\/ancora-aperti-i-colloqui-per-accedere-al-nuovo-corso-di-recitazione-cinematografica\/","url_meta":{"origin":648,"position":3},"title":"Ancora aperti i colloqui per accedere al nuovo Corso di recitazione cinematografica","author":"Giacomo Fabbrocino","date":"8 Novembre 2009","format":false,"excerpt":"\u00c8 di nuovo possibile sostenere i colloqui per accedere al corso di Recitazione cinematografica di Pigrecoemme, condotto da Lucio Allocca, Angelo Serio e, da quest'anno, Cristina Florio, che comincer\u00e0 marted\u00ec I dicembre. Chiamando allo 0815635188 si potr\u00e0 prendere un appuntamento per un colloquio conoscitivo da sostenersi nella sede della Scuola\u2026","rel":"","context":"In &quot;Scuola di cinema&quot;","block_context":{"text":"Scuola di cinema","link":"https:\/\/www.pigrecoemme.com\/blog\/scuola-di-cinema\/"},"img":{"alt_text":"Lucio Allocca con alcuni allievi del corso","src":"https:\/\/i0.wp.com\/www.pigrecoemme.com\/blog\/wp-content\/uploads\/2009\/11\/corso-di-recitazione-napoli-300x224.jpg?resize=350%2C200","width":350,"height":200},"classes":[]},{"id":29,"url":"https:\/\/www.pigrecoemme.com\/blog\/constatazione-speculativa-sul-fatto-che-la-fotografia-tira\/","url_meta":{"origin":648,"position":4},"title":"Constatazione speculativa sul fatto che la fotografia tira.","author":"Giacomo Fabbrocino","date":"10 Gennaio 2008","format":false,"excerpt":"Attraverso il suo sito internet Pigrecoemme si \u00e8 sempre proposta principalmente come scuola di cinema (dal 2007 la dizione \u00e8 cambiata in \"Scuola di cinema e televisione\").\u00a0 Animata da un gruppo di lavoro giovane, la nostra struttura non ha mai potuto, n\u00e9 voluto,\u00a0 disinteressarsi all'impatto del digitale sui linguaggi visivi\u2026","rel":"","context":"In &quot;Generale&quot;","block_context":{"text":"Generale","link":"https:\/\/www.pigrecoemme.com\/blog\/generale\/"},"img":{"alt_text":"Corso di fotografia","src":"https:\/\/i0.wp.com\/www.pigrecoemme.com\/corso-fotografia\/corso-di-fotografia.png?resize=350%2C200","width":350,"height":200,"srcset":"https:\/\/i0.wp.com\/www.pigrecoemme.com\/corso-fotografia\/corso-di-fotografia.png?resize=350%2C200 1x, https:\/\/i0.wp.com\/www.pigrecoemme.com\/corso-fotografia\/corso-di-fotografia.png?resize=525%2C300 1.5x"},"classes":[]},{"id":3171,"url":"https:\/\/www.pigrecoemme.com\/blog\/tutti-i-corsi-in-partenza-online-e-in-aula\/","url_meta":{"origin":648,"position":5},"title":"Tutti i corsi in partenza, online e in aula","author":"Pigrecoemme","date":"30 Marzo 2022","format":false,"excerpt":"Torna la primavera, riaprono le iscrizioni ai nostri corsi! Dal 6 aprile parte il corso online di critica cinematografica e analisi del film; dal 7 aprile, per chi ha gi\u00e0 frequentato il nostro corso di regia, parte in presenza il corso di regia 2 (scrivici per informazioni);Dal 2 maggio parte\u2026","rel":"","context":"In &quot;Generale&quot;","block_context":{"text":"Generale","link":"https:\/\/www.pigrecoemme.com\/blog\/generale\/"},"img":{"alt_text":"scuola di cinema e fotografia napoli 1","src":"https:\/\/i0.wp.com\/www.pigrecoemme.com\/blog\/wp-content\/uploads\/2022\/03\/scuola-di-cinema-e-fotografia-napoli-1.jpg?resize=350%2C200&ssl=1","width":350,"height":200,"srcset":"https:\/\/i0.wp.com\/www.pigrecoemme.com\/blog\/wp-content\/uploads\/2022\/03\/scuola-di-cinema-e-fotografia-napoli-1.jpg?resize=350%2C200&ssl=1 1x, https:\/\/i0.wp.com\/www.pigrecoemme.com\/blog\/wp-content\/uploads\/2022\/03\/scuola-di-cinema-e-fotografia-napoli-1.jpg?resize=525%2C300&ssl=1 1.5x, https:\/\/i0.wp.com\/www.pigrecoemme.com\/blog\/wp-content\/uploads\/2022\/03\/scuola-di-cinema-e-fotografia-napoli-1.jpg?resize=700%2C400&ssl=1 2x"},"classes":[]}],"jetpack_featured_media_url":"","_links":{"self":[{"href":"https:\/\/www.pigrecoemme.com\/blog\/wp-json\/wp\/v2\/posts\/648","targetHints":{"allow":["GET"]}}],"collection":[{"href":"https:\/\/www.pigrecoemme.com\/blog\/wp-json\/wp\/v2\/posts"}],"about":[{"href":"https:\/\/www.pigrecoemme.com\/blog\/wp-json\/wp\/v2\/types\/post"}],"author":[{"embeddable":true,"href":"https:\/\/www.pigrecoemme.com\/blog\/wp-json\/wp\/v2\/users\/1"}],"replies":[{"embeddable":true,"href":"https:\/\/www.pigrecoemme.com\/blog\/wp-json\/wp\/v2\/comments?post=648"}],"version-history":[{"count":0,"href":"https:\/\/www.pigrecoemme.com\/blog\/wp-json\/wp\/v2\/posts\/648\/revisions"}],"wp:attachment":[{"href":"https:\/\/www.pigrecoemme.com\/blog\/wp-json\/wp\/v2\/media?parent=648"}],"wp:term":[{"taxonomy":"category","embeddable":true,"href":"https:\/\/www.pigrecoemme.com\/blog\/wp-json\/wp\/v2\/categories?post=648"},{"taxonomy":"post_tag","embeddable":true,"href":"https:\/\/www.pigrecoemme.com\/blog\/wp-json\/wp\/v2\/tags?post=648"}],"curies":[{"name":"wp","href":"https:\/\/api.w.org\/{rel}","templated":true}]}}