{"id":644,"date":"2013-04-23T18:15:20","date_gmt":"2013-04-23T16:15:20","guid":{"rendered":"http:\/\/www.pigrecoemme.com\/blog\/?p=644"},"modified":"2013-04-23T18:15:20","modified_gmt":"2013-04-23T16:15:20","slug":"finalisti-concorso-insegne-francesi","status":"publish","type":"post","link":"https:\/\/www.pigrecoemme.com\/blog\/finalisti-concorso-insegne-francesi\/","title":{"rendered":"Concorso Les enseignes en fran\u00e7ais \u00e0 Naples: ecco i finalisti"},"content":{"rendered":"<p style=\"text-align: center;\"><a href=\"https:\/\/i0.wp.com\/www.pigrecoemme.com\/blog\/wp-content\/uploads\/2013\/04\/finalisti-insegne.jpg?ssl=1\"><img data-recalc-dims=\"1\" loading=\"lazy\" decoding=\"async\" class=\"size-full wp-image-645 aligncenter\" title=\"finalisti concorso insegne francesi\" src=\"https:\/\/i0.wp.com\/www.pigrecoemme.com\/blog\/wp-content\/uploads\/2013\/04\/finalisti-insegne.jpg?resize=500%2C185&#038;ssl=1\" alt=\"\" width=\"500\" height=\"185\" srcset=\"https:\/\/i0.wp.com\/www.pigrecoemme.com\/blog\/wp-content\/uploads\/2013\/04\/finalisti-insegne.jpg?w=715&amp;ssl=1 715w, https:\/\/i0.wp.com\/www.pigrecoemme.com\/blog\/wp-content\/uploads\/2013\/04\/finalisti-insegne.jpg?resize=300%2C111&amp;ssl=1 300w\" sizes=\"auto, (max-width: 500px) 100vw, 500px\" \/><\/a><\/p>\n<p style=\"text-align: center;\"><a href=\"https:\/\/www.pigrecoemme.com\/blog\/wp-content\/uploads\/2013\/04\/finalisti-insegne.jpg\"><\/a><\/p>\n<p>Presieduta dal Maestro <strong>Mimmo Jodice<\/strong> e da <strong>Pascale Giffard<\/strong>, direttrice della produzione delle mostre delle \u201c<a href=\"http:\/\/www.rencontres-arles.com\/\">Rencontres d\u2019Arles<\/a>\u201d, la giuria del concorso fotografico <strong>&#8220;Les enseignes fran\u00e7aise \u00e0 Naples&#8221;<\/strong>, organizzato dall&#8217;Institut fran\u00e7ais con <strong>Pigrecoemme<\/strong>, si \u00e8 riunita ieri per decidere le <strong>trenta foto finali<\/strong>,\u00a0 che faranno parte della <strong>mostra <\/strong>che sar\u00e0 inaugurata il 24 maggio 2013 all&#8217;Institut fran\u00e7ais Napoli e che saranno incluse nel <strong>catalogo <\/strong>dell&#8217;esposizione. Le autrici e gli autori degli scatti parteciperanno cos\u00ec, alla fase finale del <a href=\"https:\/\/www.pigrecoemme.com\/blog\/vinci-una-settimana-al-festival-di-arles-con-il-concorso-fotografico-insegne-in-francese-a-napoli\/\">concorso<\/a> per l&#8217;assegnazione dei <strong>tre premi finali<\/strong> e del <strong>premio speciale<\/strong> per i ragazzi fino ai 16 anni.<\/p>\n<h2>Di seguito l&#8217;elenco dei finalisti in ordine alfabetico:<\/h2>\n<p><strong>Amanda Annucci<br \/>\nFulvio Ambrosio<br \/>\nRosario Avino<br \/>\nAntonio Borriello<br \/>\nLuca Canzanella<br \/>\nAntonio Caputo<br \/>\nAlma Carrano<br \/>\nCristina Cusani<br \/>\nAntonio Di Bonito<br \/>\nMichele Di Guida<br \/>\nMichele Di Lillo<br \/>\nBlandine Dautrey<br \/>\nMadeleine Dautrey<br \/>\nAlessandro Gattuso<br \/>\nMichela Fabbrocino<br \/>\nPia Forte<br \/>\nCiro Iacobelli<br \/>\nAlberto Mazzarino<br \/>\nGiuseppe Mirone<br \/>\nDomenica Pinto<br \/>\nSalvatore Rapicano<br \/>\nMaria Rosaria Rubulotta<br \/>\nEva Scalfati<br \/>\nMarina Sorge<br \/>\nC\u00e9line Vignacq<br \/>\nGiancarlo Villani<\/strong><\/p>\n<p>L\u2019<strong>annuncio<\/strong> dei primi tre classificati e l\u2019<strong>assegnazione<\/strong> dei quattri premi finali saranno dati il giorno dell\u2019inaugurazione della mostra, ossia <strong>venerd\u00ec 24 maggio 2013<\/strong>, alle ore <strong>18,30<\/strong>, presso l\u2019Institut fran\u00e7ais Napoli, in Via Crispi, 86.<\/p>\n<h2>Ai vincitori saranno assegnati i seguenti premi finali:<\/h2>\n<p><strong>\u2022\u00a0\u00a0\u00a0 Primo premio: <\/strong>un viaggio (a\/r in aereo) e un soggiorno per una persona per cinque notti ad <strong>Arles<\/strong>, in Francia, durante la settimana di apertura del festival fotografico (dal 1\u00b0 al 7 luglio 2013); un pass \u201cGuest\u201d che dar\u00e0 accesso illimitato alle mostre durante la settimana di apertura del Festival; l\u2019entrata gratuita a quattro spettacoli serali al \u201cTh\u00e9\u00e2tre antique\u201d.<\/p>\n<p><strong>\u2022\u00a0\u00a0\u00a0 Secondo premio: <\/strong>un <a href=\"http:\/\/www.pigrecoemme.com\/corso-fotografia\/corso-di-fotogiornalismo-reportage-napoli.htm\">Corso di Fotogiornalismo<\/a> della Scuola di cinema efotografia <strong>Pigrecoemme <\/strong>nella sessione primavera 2014 (qualora il corso non dovesse essere attivato, il Secondo premio sar\u00e0 un Corso di Fotografia \u2013 moduli A+B+D del percorso didattico \u2013 sempre nella sessione primavera 2014).<\/p>\n<p><strong>\u2022\u00a0\u00a0\u00a0 Terzo premio: <\/strong>un <a href=\"http:\/\/www.pigrecoemme.com\/corsi.htm\">corso di Cinema o di Fotografia<\/a> di Pigrecoemme tra quelli chepartiranno dal gennaio 2014, tra i seguenti moduli: Regia cinematografica; Sceneggiatura; Analisi e critica del Film; Corso di Fotografia digitale (modulo D del percorso didattico).<\/p>\n<p><strong>\u2022\u00a0\u00a0\u00a0 Premio speciale<\/strong> per i giovani fino a 16 anni (persona fisica o morale: per esempio, anche una classe di una scuola), cui andr\u00e0 una targa ricordo e il catalogo delle Rencontres d\u2019Arles (disponibile da fine giugno).<\/p>\n<p>Grazie a tutti per la straordinaria partecipazione all&#8217;iniziativa e complimenti ai finalisti.<\/p>\n","protected":false},"excerpt":{"rendered":"<p>Presieduta dal Maestro Mimmo Jodice e da Pascale Giffard, direttrice della produzione delle mostre delle \u201cRencontres d\u2019Arles\u201d, la giuria del concorso fotografico &#8220;Les enseignes fran\u00e7aise \u00e0 Naples&#8221;, organizzato dall&#8217;Institut fran\u00e7ais con Pigrecoemme, si \u00e8&hellip;<\/p>\n","protected":false},"author":2,"featured_media":0,"comment_status":"open","ping_status":"open","sticky":false,"template":"","format":"standard","meta":{"_jetpack_newsletter_access":"","_jetpack_dont_email_post_to_subs":false,"_jetpack_newsletter_tier_id":0,"_jetpack_memberships_contains_paywalled_content":false,"_jetpack_feature_clip_id":0,"_jetpack_memberships_contains_paid_content":false,"footnotes":"","jetpack_post_was_ever_published":false},"categories":[11,21,1],"tags":[784,551,494,782,783,804,805],"class_list":["post-644","post","type-post","status-publish","format-standard","hentry","category-eventi","category-fotografia","category-generale","tag-arles","tag-concorso-fotografico","tag-corsi-fotografia","tag-insegne-francesi","tag-institut-francais","tag-mimmo-jodice","tag-pascal-giffard"],"yoast_head":"<!-- This site is optimized with the Yoast SEO plugin v28.3 - https:\/\/yoast.com\/product\/yoast-seo-wordpress\/ -->\n<title>Concorso Les enseignes en fran\u00e7ais \u00e0 Naples: ecco i finalisti<\/title>\n<meta name=\"robots\" content=\"index, follow, max-snippet:-1, max-image-preview:large, max-video-preview:-1\" \/>\n<link rel=\"canonical\" href=\"https:\/\/www.pigrecoemme.com\/blog\/finalisti-concorso-insegne-francesi\/\" \/>\n<meta property=\"og:locale\" content=\"it_IT\" \/>\n<meta property=\"og:type\" content=\"article\" \/>\n<meta property=\"og:title\" content=\"Concorso Les enseignes en fran\u00e7ais \u00e0 Naples: ecco i finalisti\" \/>\n<meta property=\"og:description\" content=\"Presieduta dal Maestro Mimmo Jodice e da Pascale Giffard, direttrice della produzione delle mostre delle \u201cRencontres d\u2019Arles\u201d, la giuria del concorso fotografico &#8220;Les enseignes fran\u00e7aise \u00e0 Naples&#8221;, organizzato dall&#8217;Institut fran\u00e7ais con Pigrecoemme, si \u00e8&hellip;\" \/>\n<meta property=\"og:url\" content=\"https:\/\/www.pigrecoemme.com\/blog\/finalisti-concorso-insegne-francesi\/\" \/>\n<meta property=\"og:site_name\" content=\"Scuola di Cinema Pigrecoemme - Blog\" \/>\n<meta property=\"article:publisher\" content=\"https:\/\/www.facebook.com\/pigrecoemme\" \/>\n<meta property=\"article:author\" content=\"https:\/\/www.facebook.com\/corrado.morra1\" \/>\n<meta property=\"article:published_time\" content=\"2013-04-23T16:15:20+00:00\" \/>\n<meta property=\"og:image\" content=\"http:\/\/www.pigrecoemme.com\/blog\/wp-content\/uploads\/2013\/04\/finalisti-insegne.jpg\" \/>\n<meta name=\"author\" content=\"Corrado Morra\" \/>\n<meta name=\"twitter:card\" content=\"summary_large_image\" \/>\n<meta name=\"twitter:creator\" content=\"@Pigrecoemme\" \/>\n<meta name=\"twitter:site\" content=\"@Pigrecoemme\" \/>\n<meta name=\"twitter:label1\" content=\"Scritto da\" \/>\n\t<meta name=\"twitter:data1\" content=\"Corrado Morra\" \/>\n\t<meta name=\"twitter:label2\" content=\"Tempo di lettura stimato\" \/>\n\t<meta name=\"twitter:data2\" content=\"2 minuti\" \/>\n<script type=\"application\/ld+json\" class=\"yoast-schema-graph\">{\"@context\":\"https:\\\/\\\/schema.org\",\"@graph\":[{\"@type\":[\"Article\",\"BlogPosting\"],\"@id\":\"https:\\\/\\\/www.pigrecoemme.com\\\/blog\\\/finalisti-concorso-insegne-francesi\\\/#article\",\"isPartOf\":{\"@id\":\"https:\\\/\\\/www.pigrecoemme.com\\\/blog\\\/finalisti-concorso-insegne-francesi\\\/\"},\"author\":{\"name\":\"Corrado Morra\",\"@id\":\"https:\\\/\\\/www.pigrecoemme.com\\\/blog\\\/#\\\/schema\\\/person\\\/702764b5ecda4c2f34e82348789f649e\"},\"headline\":\"Concorso Les enseignes en fran\u00e7ais \u00e0 Naples: ecco i finalisti\",\"datePublished\":\"2013-04-23T16:15:20+00:00\",\"mainEntityOfPage\":{\"@id\":\"https:\\\/\\\/www.pigrecoemme.com\\\/blog\\\/finalisti-concorso-insegne-francesi\\\/\"},\"wordCount\":403,\"commentCount\":0,\"publisher\":{\"@id\":\"https:\\\/\\\/www.pigrecoemme.com\\\/blog\\\/#organization\"},\"image\":{\"@id\":\"https:\\\/\\\/www.pigrecoemme.com\\\/blog\\\/finalisti-concorso-insegne-francesi\\\/#primaryimage\"},\"thumbnailUrl\":\"http:\\\/\\\/www.pigrecoemme.com\\\/blog\\\/wp-content\\\/uploads\\\/2013\\\/04\\\/finalisti-insegne.jpg\",\"keywords\":[\"arles\",\"concorso fotografico\",\"corsi fotografia\",\"insegne francesi\",\"Institut fran\u00e7ais\",\"Mimmo Jodice\",\"Pascal Giffard\"],\"articleSection\":[\"Eventi\",\"Fotografia\",\"Generale\"],\"inLanguage\":\"it-IT\",\"potentialAction\":[{\"@type\":\"CommentAction\",\"name\":\"Comment\",\"target\":[\"https:\\\/\\\/www.pigrecoemme.com\\\/blog\\\/finalisti-concorso-insegne-francesi\\\/#respond\"]}]},{\"@type\":\"WebPage\",\"@id\":\"https:\\\/\\\/www.pigrecoemme.com\\\/blog\\\/finalisti-concorso-insegne-francesi\\\/\",\"url\":\"https:\\\/\\\/www.pigrecoemme.com\\\/blog\\\/finalisti-concorso-insegne-francesi\\\/\",\"name\":\"Concorso Les enseignes en fran\u00e7ais \u00e0 Naples: ecco i finalisti\",\"isPartOf\":{\"@id\":\"https:\\\/\\\/www.pigrecoemme.com\\\/blog\\\/#website\"},\"primaryImageOfPage\":{\"@id\":\"https:\\\/\\\/www.pigrecoemme.com\\\/blog\\\/finalisti-concorso-insegne-francesi\\\/#primaryimage\"},\"image\":{\"@id\":\"https:\\\/\\\/www.pigrecoemme.com\\\/blog\\\/finalisti-concorso-insegne-francesi\\\/#primaryimage\"},\"thumbnailUrl\":\"http:\\\/\\\/www.pigrecoemme.com\\\/blog\\\/wp-content\\\/uploads\\\/2013\\\/04\\\/finalisti-insegne.jpg\",\"datePublished\":\"2013-04-23T16:15:20+00:00\",\"breadcrumb\":{\"@id\":\"https:\\\/\\\/www.pigrecoemme.com\\\/blog\\\/finalisti-concorso-insegne-francesi\\\/#breadcrumb\"},\"inLanguage\":\"it-IT\",\"potentialAction\":[{\"@type\":\"ReadAction\",\"target\":[\"https:\\\/\\\/www.pigrecoemme.com\\\/blog\\\/finalisti-concorso-insegne-francesi\\\/\"]}]},{\"@type\":\"ImageObject\",\"inLanguage\":\"it-IT\",\"@id\":\"https:\\\/\\\/www.pigrecoemme.com\\\/blog\\\/finalisti-concorso-insegne-francesi\\\/#primaryimage\",\"url\":\"http:\\\/\\\/www.pigrecoemme.com\\\/blog\\\/wp-content\\\/uploads\\\/2013\\\/04\\\/finalisti-insegne.jpg\",\"contentUrl\":\"http:\\\/\\\/www.pigrecoemme.com\\\/blog\\\/wp-content\\\/uploads\\\/2013\\\/04\\\/finalisti-insegne.jpg\"},{\"@type\":\"BreadcrumbList\",\"@id\":\"https:\\\/\\\/www.pigrecoemme.com\\\/blog\\\/finalisti-concorso-insegne-francesi\\\/#breadcrumb\",\"itemListElement\":[{\"@type\":\"ListItem\",\"position\":1,\"name\":\"Home\",\"item\":\"https:\\\/\\\/www.pigrecoemme.com\\\/blog\\\/\"},{\"@type\":\"ListItem\",\"position\":2,\"name\":\"Concorso Les enseignes en fran\u00e7ais \u00e0 Naples: ecco i finalisti\"}]},{\"@type\":\"WebSite\",\"@id\":\"https:\\\/\\\/www.pigrecoemme.com\\\/blog\\\/#website\",\"url\":\"https:\\\/\\\/www.pigrecoemme.com\\\/blog\\\/\",\"name\":\"Scuola di Cinema Pigrecoemme - Blog\",\"description\":\"Siamo la prima Scuola di Cinema e Fotografia di Napoli\",\"publisher\":{\"@id\":\"https:\\\/\\\/www.pigrecoemme.com\\\/blog\\\/#organization\"},\"potentialAction\":[{\"@type\":\"SearchAction\",\"target\":{\"@type\":\"EntryPoint\",\"urlTemplate\":\"https:\\\/\\\/www.pigrecoemme.com\\\/blog\\\/?s={search_term_string}\"},\"query-input\":{\"@type\":\"PropertyValueSpecification\",\"valueRequired\":true,\"valueName\":\"search_term_string\"}}],\"inLanguage\":\"it-IT\"},{\"@type\":\"Organization\",\"@id\":\"https:\\\/\\\/www.pigrecoemme.com\\\/blog\\\/#organization\",\"name\":\"Scuola di cinema e fotografia Pigrecoemme\",\"url\":\"https:\\\/\\\/www.pigrecoemme.com\\\/blog\\\/\",\"logo\":{\"@type\":\"ImageObject\",\"inLanguage\":\"it-IT\",\"@id\":\"https:\\\/\\\/www.pigrecoemme.com\\\/blog\\\/#\\\/schema\\\/logo\\\/image\\\/\",\"url\":\"https:\\\/\\\/i0.wp.com\\\/www.pigrecoemme.com\\\/blog\\\/wp-content\\\/uploads\\\/2018\\\/06\\\/logo-pigrecoemme-2018.png?fit=500%2C500&ssl=1\",\"contentUrl\":\"https:\\\/\\\/i0.wp.com\\\/www.pigrecoemme.com\\\/blog\\\/wp-content\\\/uploads\\\/2018\\\/06\\\/logo-pigrecoemme-2018.png?fit=500%2C500&ssl=1\",\"width\":500,\"height\":500,\"caption\":\"Scuola di cinema e fotografia Pigrecoemme\"},\"image\":{\"@id\":\"https:\\\/\\\/www.pigrecoemme.com\\\/blog\\\/#\\\/schema\\\/logo\\\/image\\\/\"},\"sameAs\":[\"https:\\\/\\\/www.facebook.com\\\/pigrecoemme\",\"https:\\\/\\\/x.com\\\/Pigrecoemme\",\"https:\\\/\\\/www.instagram.com\\\/pigrecoemme\\\/\",\"https:\\\/\\\/www.linkedin.com\\\/company\\\/pigrecoemme\\\/\",\"https:\\\/\\\/www.youtube.com\\\/pigrecoemme\"]},{\"@type\":\"Person\",\"@id\":\"https:\\\/\\\/www.pigrecoemme.com\\\/blog\\\/#\\\/schema\\\/person\\\/702764b5ecda4c2f34e82348789f649e\",\"name\":\"Corrado Morra\",\"image\":{\"@type\":\"ImageObject\",\"inLanguage\":\"it-IT\",\"@id\":\"https:\\\/\\\/secure.gravatar.com\\\/avatar\\\/f6ce2f6728fbdf920737112fe70682512808577befa2c9c7845c04a8449b8f03?s=96&r=g\",\"url\":\"https:\\\/\\\/secure.gravatar.com\\\/avatar\\\/f6ce2f6728fbdf920737112fe70682512808577befa2c9c7845c04a8449b8f03?s=96&r=g\",\"contentUrl\":\"https:\\\/\\\/secure.gravatar.com\\\/avatar\\\/f6ce2f6728fbdf920737112fe70682512808577befa2c9c7845c04a8449b8f03?s=96&r=g\",\"caption\":\"Corrado Morra\"},\"description\":\"Esperto di arti visive e di cinema, insegna Sceneggiatura alla Scuola di cinema Pigrecoemme di Napoli, di cui \u00e8 tra i fondatori.\",\"sameAs\":[\"http:\\\/\\\/www.pigrecoemme.com\\\/\",\"https:\\\/\\\/www.facebook.com\\\/corrado.morra1\"],\"url\":\"https:\\\/\\\/www.pigrecoemme.com\\\/blog\\\/author\\\/corrado-morra\\\/\"}]}<\/script>\n<!-- \/ Yoast SEO plugin. -->","yoast_head_json":{"title":"Concorso Les enseignes en fran\u00e7ais \u00e0 Naples: ecco i finalisti","robots":{"index":"index","follow":"follow","max-snippet":"max-snippet:-1","max-image-preview":"max-image-preview:large","max-video-preview":"max-video-preview:-1"},"canonical":"https:\/\/www.pigrecoemme.com\/blog\/finalisti-concorso-insegne-francesi\/","og_locale":"it_IT","og_type":"article","og_title":"Concorso Les enseignes en fran\u00e7ais \u00e0 Naples: ecco i finalisti","og_description":"Presieduta dal Maestro Mimmo Jodice e da Pascale Giffard, direttrice della produzione delle mostre delle \u201cRencontres d\u2019Arles\u201d, la giuria del concorso fotografico &#8220;Les enseignes fran\u00e7aise \u00e0 Naples&#8221;, organizzato dall&#8217;Institut fran\u00e7ais con Pigrecoemme, si \u00e8&hellip;","og_url":"https:\/\/www.pigrecoemme.com\/blog\/finalisti-concorso-insegne-francesi\/","og_site_name":"Scuola di Cinema Pigrecoemme - Blog","article_publisher":"https:\/\/www.facebook.com\/pigrecoemme","article_author":"https:\/\/www.facebook.com\/corrado.morra1","article_published_time":"2013-04-23T16:15:20+00:00","og_image":[{"url":"http:\/\/www.pigrecoemme.com\/blog\/wp-content\/uploads\/2013\/04\/finalisti-insegne.jpg","type":"","width":"","height":""}],"author":"Corrado Morra","twitter_card":"summary_large_image","twitter_creator":"@Pigrecoemme","twitter_site":"@Pigrecoemme","twitter_misc":{"Scritto da":"Corrado Morra","Tempo di lettura stimato":"2 minuti"},"schema":{"@context":"https:\/\/schema.org","@graph":[{"@type":["Article","BlogPosting"],"@id":"https:\/\/www.pigrecoemme.com\/blog\/finalisti-concorso-insegne-francesi\/#article","isPartOf":{"@id":"https:\/\/www.pigrecoemme.com\/blog\/finalisti-concorso-insegne-francesi\/"},"author":{"name":"Corrado Morra","@id":"https:\/\/www.pigrecoemme.com\/blog\/#\/schema\/person\/702764b5ecda4c2f34e82348789f649e"},"headline":"Concorso Les enseignes en fran\u00e7ais \u00e0 Naples: ecco i finalisti","datePublished":"2013-04-23T16:15:20+00:00","mainEntityOfPage":{"@id":"https:\/\/www.pigrecoemme.com\/blog\/finalisti-concorso-insegne-francesi\/"},"wordCount":403,"commentCount":0,"publisher":{"@id":"https:\/\/www.pigrecoemme.com\/blog\/#organization"},"image":{"@id":"https:\/\/www.pigrecoemme.com\/blog\/finalisti-concorso-insegne-francesi\/#primaryimage"},"thumbnailUrl":"http:\/\/www.pigrecoemme.com\/blog\/wp-content\/uploads\/2013\/04\/finalisti-insegne.jpg","keywords":["arles","concorso fotografico","corsi fotografia","insegne francesi","Institut fran\u00e7ais","Mimmo Jodice","Pascal Giffard"],"articleSection":["Eventi","Fotografia","Generale"],"inLanguage":"it-IT","potentialAction":[{"@type":"CommentAction","name":"Comment","target":["https:\/\/www.pigrecoemme.com\/blog\/finalisti-concorso-insegne-francesi\/#respond"]}]},{"@type":"WebPage","@id":"https:\/\/www.pigrecoemme.com\/blog\/finalisti-concorso-insegne-francesi\/","url":"https:\/\/www.pigrecoemme.com\/blog\/finalisti-concorso-insegne-francesi\/","name":"Concorso Les enseignes en fran\u00e7ais \u00e0 Naples: ecco i finalisti","isPartOf":{"@id":"https:\/\/www.pigrecoemme.com\/blog\/#website"},"primaryImageOfPage":{"@id":"https:\/\/www.pigrecoemme.com\/blog\/finalisti-concorso-insegne-francesi\/#primaryimage"},"image":{"@id":"https:\/\/www.pigrecoemme.com\/blog\/finalisti-concorso-insegne-francesi\/#primaryimage"},"thumbnailUrl":"http:\/\/www.pigrecoemme.com\/blog\/wp-content\/uploads\/2013\/04\/finalisti-insegne.jpg","datePublished":"2013-04-23T16:15:20+00:00","breadcrumb":{"@id":"https:\/\/www.pigrecoemme.com\/blog\/finalisti-concorso-insegne-francesi\/#breadcrumb"},"inLanguage":"it-IT","potentialAction":[{"@type":"ReadAction","target":["https:\/\/www.pigrecoemme.com\/blog\/finalisti-concorso-insegne-francesi\/"]}]},{"@type":"ImageObject","inLanguage":"it-IT","@id":"https:\/\/www.pigrecoemme.com\/blog\/finalisti-concorso-insegne-francesi\/#primaryimage","url":"http:\/\/www.pigrecoemme.com\/blog\/wp-content\/uploads\/2013\/04\/finalisti-insegne.jpg","contentUrl":"http:\/\/www.pigrecoemme.com\/blog\/wp-content\/uploads\/2013\/04\/finalisti-insegne.jpg"},{"@type":"BreadcrumbList","@id":"https:\/\/www.pigrecoemme.com\/blog\/finalisti-concorso-insegne-francesi\/#breadcrumb","itemListElement":[{"@type":"ListItem","position":1,"name":"Home","item":"https:\/\/www.pigrecoemme.com\/blog\/"},{"@type":"ListItem","position":2,"name":"Concorso Les enseignes en fran\u00e7ais \u00e0 Naples: ecco i finalisti"}]},{"@type":"WebSite","@id":"https:\/\/www.pigrecoemme.com\/blog\/#website","url":"https:\/\/www.pigrecoemme.com\/blog\/","name":"Scuola di Cinema Pigrecoemme - Blog","description":"Siamo la prima Scuola di Cinema e Fotografia di Napoli","publisher":{"@id":"https:\/\/www.pigrecoemme.com\/blog\/#organization"},"potentialAction":[{"@type":"SearchAction","target":{"@type":"EntryPoint","urlTemplate":"https:\/\/www.pigrecoemme.com\/blog\/?s={search_term_string}"},"query-input":{"@type":"PropertyValueSpecification","valueRequired":true,"valueName":"search_term_string"}}],"inLanguage":"it-IT"},{"@type":"Organization","@id":"https:\/\/www.pigrecoemme.com\/blog\/#organization","name":"Scuola di cinema e fotografia Pigrecoemme","url":"https:\/\/www.pigrecoemme.com\/blog\/","logo":{"@type":"ImageObject","inLanguage":"it-IT","@id":"https:\/\/www.pigrecoemme.com\/blog\/#\/schema\/logo\/image\/","url":"https:\/\/i0.wp.com\/www.pigrecoemme.com\/blog\/wp-content\/uploads\/2018\/06\/logo-pigrecoemme-2018.png?fit=500%2C500&ssl=1","contentUrl":"https:\/\/i0.wp.com\/www.pigrecoemme.com\/blog\/wp-content\/uploads\/2018\/06\/logo-pigrecoemme-2018.png?fit=500%2C500&ssl=1","width":500,"height":500,"caption":"Scuola di cinema e fotografia Pigrecoemme"},"image":{"@id":"https:\/\/www.pigrecoemme.com\/blog\/#\/schema\/logo\/image\/"},"sameAs":["https:\/\/www.facebook.com\/pigrecoemme","https:\/\/x.com\/Pigrecoemme","https:\/\/www.instagram.com\/pigrecoemme\/","https:\/\/www.linkedin.com\/company\/pigrecoemme\/","https:\/\/www.youtube.com\/pigrecoemme"]},{"@type":"Person","@id":"https:\/\/www.pigrecoemme.com\/blog\/#\/schema\/person\/702764b5ecda4c2f34e82348789f649e","name":"Corrado Morra","image":{"@type":"ImageObject","inLanguage":"it-IT","@id":"https:\/\/secure.gravatar.com\/avatar\/f6ce2f6728fbdf920737112fe70682512808577befa2c9c7845c04a8449b8f03?s=96&r=g","url":"https:\/\/secure.gravatar.com\/avatar\/f6ce2f6728fbdf920737112fe70682512808577befa2c9c7845c04a8449b8f03?s=96&r=g","contentUrl":"https:\/\/secure.gravatar.com\/avatar\/f6ce2f6728fbdf920737112fe70682512808577befa2c9c7845c04a8449b8f03?s=96&r=g","caption":"Corrado Morra"},"description":"Esperto di arti visive e di cinema, insegna Sceneggiatura alla Scuola di cinema Pigrecoemme di Napoli, di cui \u00e8 tra i fondatori.","sameAs":["http:\/\/www.pigrecoemme.com\/","https:\/\/www.facebook.com\/corrado.morra1"],"url":"https:\/\/www.pigrecoemme.com\/blog\/author\/corrado-morra\/"}]}},"jetpack_sharing_enabled":true,"jetpack_likes_enabled":true,"jetpack-related-posts":[{"id":658,"url":"https:\/\/www.pigrecoemme.com\/blog\/insegne-in-francese-mostra\/","url_meta":{"origin":644,"position":0},"title":"Insegne in Francese. Dal 24 maggio 2013, all&#8217;Institut Fran\u00e7ais, la mostra con i vincitori del concorso","author":"Giacomo Fabbrocino","date":"23 Maggio 2013","format":false,"excerpt":"Il\u00a024 maggio, all\u2019Institut fran\u00e7ais di Napoli, alle ore 18,00, sar\u00e0 inaugurata la mostra \u201cInsegne in francese a Napoli \/ Enseignes en fran\u00e7ais \u00e0 Naples\u201d. Trenta le fotografie esposte, finaliste dell'omonimo concorso fotografico che l'Istituto di cultura francese di Via Crispi ha organizzato, in collaborazione con la Scuola di cinema e\u2026","rel":"","context":"In &quot;Eventi&quot;","block_context":{"text":"Eventi","link":"https:\/\/www.pigrecoemme.com\/blog\/eventi\/"},"img":{"alt_text":"concorso-fotografico-insegne-francesi","src":"https:\/\/i0.wp.com\/www.pigrecoemme.com\/blog\/wp-content\/uploads\/2013\/03\/concorso-fotografico-insegne-francesi.png?resize=350%2C200","width":350,"height":200,"srcset":"https:\/\/i0.wp.com\/www.pigrecoemme.com\/blog\/wp-content\/uploads\/2013\/03\/concorso-fotografico-insegne-francesi.png?resize=350%2C200 1x, https:\/\/i0.wp.com\/www.pigrecoemme.com\/blog\/wp-content\/uploads\/2013\/03\/concorso-fotografico-insegne-francesi.png?resize=525%2C300 1.5x, https:\/\/i0.wp.com\/www.pigrecoemme.com\/blog\/wp-content\/uploads\/2013\/03\/concorso-fotografico-insegne-francesi.png?resize=700%2C400 2x"},"classes":[]},{"id":615,"url":"https:\/\/www.pigrecoemme.com\/blog\/vinci-una-settimana-al-festival-di-arles-con-il-concorso-fotografico-insegne-in-francese-a-napoli\/","url_meta":{"origin":644,"position":1},"title":"Vinci una settimana al Festival di Arles con il concorso fotografico &#8220;Insegne in Francese a Napoli&#8221;","author":"Corrado Morra","date":"18 Marzo 2013","format":false,"excerpt":"Continua la collaborazione tra l\u2019Institut fran\u00e7ais di Napoli e Pigrecoemme e, dopo l'ormai consolidata rassegna sul cinema fantastico, \u00e8 la volta ora della Fotografia, con un curioso concorso sulla presenza delle insegne commerciali in francese a Napoli. Il primo classificato vincer\u00e0 una settimana al Festival di Arles in Francia, l\u2019evento\u2026","rel":"","context":"In &quot;Fotografia&quot;","block_context":{"text":"Fotografia","link":"https:\/\/www.pigrecoemme.com\/blog\/fotografia\/"},"img":{"alt_text":"","src":"https:\/\/i0.wp.com\/www.pigrecoemme.com\/blog\/wp-content\/uploads\/2013\/03\/concorso-fotografico-insegne-francesi.png?resize=350%2C200","width":350,"height":200},"classes":[]},{"id":659,"url":"https:\/\/www.pigrecoemme.com\/blog\/insegne-francesi-ecco-i-vincitori\/","url_meta":{"origin":644,"position":2},"title":"Insegne in francese: ecco i vincitori","author":"Giacomo Fabbrocino","date":"25 Maggio 2013","format":false,"excerpt":"Bella serata, quella del 24 maggio all'Institut fran\u00e7ais di Napoli, quando, in occasione del vernissage della mostra fotografica Le insegne francesi, c'\u00e8 stata la promulgazione dei vincitori dell'omonimo concorso. Alla presenza del Console Christian Thimonier e ad un vasto pubblico, che ha letteralmente gremito la Sala Dumas dell'Istituto di Via\u2026","rel":"","context":"In &quot;Eventi&quot;","block_context":{"text":"Eventi","link":"https:\/\/www.pigrecoemme.com\/blog\/eventi\/"},"img":{"alt_text":"","src":"https:\/\/i0.wp.com\/www.pigrecoemme.com\/blog\/wp-content\/uploads\/2013\/05\/magnifique-300x225.jpg?resize=350%2C200","width":350,"height":200},"classes":[]},{"id":1942,"url":"https:\/\/www.pigrecoemme.com\/blog\/incontro-fotografico-lucia-patalano\/","url_meta":{"origin":644,"position":3},"title":"Incontro fotografico con Lucia Patalano","author":"Pigrecoemme","date":"8 Settembre 2017","format":false,"excerpt":"Sabato 30 settembre 2017 alle 16:00 presso la Scuola di Cinema e Fotografia Pigrecoemme di Napoli Luca Sorbo, docente all'Accademia di Belle Arti di Napoli e responsabile dei corsi di Fotografia della Pigrecoemme, incontrer\u00e0 Lucia Patalano, una delle principali esponenti della fotografia napoletana. Sar\u00e0 un'occasione importante per ripercorrere la vicenda\u2026","rel":"","context":"In &quot;Eventi&quot;","block_context":{"text":"Eventi","link":"https:\/\/www.pigrecoemme.com\/blog\/eventi\/"},"img":{"alt_text":"Incontro fotografico con Lucia Patalano","src":"https:\/\/i0.wp.com\/www.pigrecoemme.com\/blog\/wp-content\/uploads\/2017\/09\/incontro-con-lucia-patalano.jpg?resize=350%2C200","width":350,"height":200},"classes":[]},{"id":367,"url":"https:\/\/www.pigrecoemme.com\/blog\/concorso-fotografico-melting-zone-shot\/","url_meta":{"origin":644,"position":4},"title":"Concorso Fotografico Melting Zone Shot","author":"Corrado Morra","date":"1 Giugno 2011","format":false,"excerpt":"Al via il primo contest fotografico di Pigrecoemme, in collaborazione col la kermesse musicale Reggae Zone Festival, all'Acciaeria sonora di Bagnoli, il prossimo 23 luglio. Il concorso, che si chiama Melting Zone Shot, ha come tema la ricca presenza delle comunit\u00e0 straniere a Napoli e in Campania.","rel":"","context":"In &quot;Eventi&quot;","block_context":{"text":"Eventi","link":"https:\/\/www.pigrecoemme.com\/blog\/eventi\/"},"img":{"alt_text":"","src":"https:\/\/i0.wp.com\/www.pigrecoemme.com\/blog\/wp-content\/uploads\/2011\/06\/melting-zone-shot-300x296.jpg?resize=350%2C200","width":350,"height":200},"classes":[]},{"id":805,"url":"https:\/\/www.pigrecoemme.com\/blog\/concorso-independencia\/","url_meta":{"origin":644,"position":5},"title":"Independencia! Un concorso fotografico, un catalogo e una mostra al Pan","author":"Corrado Morra","date":"11 Marzo 2014","format":false,"excerpt":"Che cos\u2019\u00e8 l\u2019Indipendenza? E come potrebbero essere rappresentati visivamente concetti tanto importanti quanto astratti quali la pace, la rivoluzione sociale, la solidariet\u00e0 tra cittadini e nazioni, l\u2019incontro e lo scontro tra culture diverse, l\u2019interculturalit\u00e0? \u00c8 da questo tipo di suggestioni che, in occasione delle celebrazioni per la Festa d\u2019Indipendenza del\u2026","rel":"","context":"In &quot;Eventi&quot;","block_context":{"text":"Eventi","link":"https:\/\/www.pigrecoemme.com\/blog\/eventi\/"},"img":{"alt_text":"","src":"https:\/\/i0.wp.com\/www.pigrecoemme.com\/blog\/wp-content\/uploads\/2014\/03\/independencia.png?resize=350%2C200","width":350,"height":200},"classes":[]}],"jetpack_featured_media_url":"","_links":{"self":[{"href":"https:\/\/www.pigrecoemme.com\/blog\/wp-json\/wp\/v2\/posts\/644","targetHints":{"allow":["GET"]}}],"collection":[{"href":"https:\/\/www.pigrecoemme.com\/blog\/wp-json\/wp\/v2\/posts"}],"about":[{"href":"https:\/\/www.pigrecoemme.com\/blog\/wp-json\/wp\/v2\/types\/post"}],"author":[{"embeddable":true,"href":"https:\/\/www.pigrecoemme.com\/blog\/wp-json\/wp\/v2\/users\/2"}],"replies":[{"embeddable":true,"href":"https:\/\/www.pigrecoemme.com\/blog\/wp-json\/wp\/v2\/comments?post=644"}],"version-history":[{"count":0,"href":"https:\/\/www.pigrecoemme.com\/blog\/wp-json\/wp\/v2\/posts\/644\/revisions"}],"wp:attachment":[{"href":"https:\/\/www.pigrecoemme.com\/blog\/wp-json\/wp\/v2\/media?parent=644"}],"wp:term":[{"taxonomy":"category","embeddable":true,"href":"https:\/\/www.pigrecoemme.com\/blog\/wp-json\/wp\/v2\/categories?post=644"},{"taxonomy":"post_tag","embeddable":true,"href":"https:\/\/www.pigrecoemme.com\/blog\/wp-json\/wp\/v2\/tags?post=644"}],"curies":[{"name":"wp","href":"https:\/\/api.w.org\/{rel}","templated":true}]}}