{"id":631,"date":"2013-04-13T16:57:15","date_gmt":"2013-04-13T14:57:15","guid":{"rendered":"http:\/\/www.pigrecoemme.com\/blog\/?p=631"},"modified":"2016-01-27T11:50:57","modified_gmt":"2016-01-27T10:50:57","slug":"incontro-con-la-fotografa-e-regista-iraniana-maryam-raz","status":"publish","type":"post","link":"https:\/\/www.pigrecoemme.com\/blog\/incontro-con-la-fotografa-e-regista-iraniana-maryam-raz\/","title":{"rendered":"Incontro con la fotografa e regista iraniana Maryam Raz"},"content":{"rendered":"<p style=\"text-align: center;\">\n<p>Continuano le iniziative dedicate al <a href=\"http:\/\/www.pigrecoemme.com\/corso-fotografia\/corso-di-fotogiornalismo-reportage-napoli.htm\">Fotogiornalismo<\/a> dalla Pigrecoemme.<br \/>\nDopo l\u2019inaugurazione di \u201c<a href=\"https:\/\/www.pigrecoemme.com\/blog\/storie-in-tre-scatti\/\">Storie in tre scatti<\/a>\u201d, la mostra al Portanova Caf\u00e8 (Piazza Portanova 8), visitabile fino al 27 aprile, e \u00a0la lezione aperta a tutti di introduzione al Fotogiornalismo a cura di Luca Sorbo dello scorso 13 aprile, \u00e8 ora la volta di un incontro con la fotografa e regista iraniana <strong>Maryam Raz<\/strong>.<\/p>\n<p>L\u2019appuntamento <strong>gratuito<\/strong> \u00e8 per <strong>mercoled\u00ec 17 aprile<\/strong>, dalle ore 16,30 alle 19,00, alla sede di Pigrecoemme in Piazza Portanova 11.<\/p>\n<h2>L\u2019incontro<\/h2>\n<p>Maryam Raz, una delle giovani artiste persiane pi\u00f9 interessanti dell\u2019ultima generazione, parler\u00e0 delle potenzialit\u00e0 del racconto fotografico, in relazione al linguaggio cinematografico e presenter\u00e0 il suo pi\u00f9 recente lavoro fotografico, realizzato in questi mesi a Teheran.<\/p>\n<h2>L\u2019artista<\/h2>\n<p>Maryam Raz ha ottenuto un master in Cinema Studies dall&#8217;Universit\u00e0 di Tehran ed \u00e8 in procinto di seguire un MFA alla San Francisco State University. Attualmente vive e lavora a Napoli, dove ha studiato fotografia all\u2019Accademia di Belle arti.<\/p>\n<p>Regista di diversi corti con una forte connotazione sperimentale, tra cui \u201cPaura e tremore\u201d (2003) e \u201cSolo\u201d (2007), e di documentari \u2013 \u201cSalvare ci\u00f2 che \u00e8 possibile dal passato\u201d (2006); \u201cFare il pendolare (2009), Maryam Raz \u00e8 poi approdata lo scorso anno, al lungometraggio con \u201cOrchestrazione\u201d, documentario sull\u2019esperienza dell\u2019orchestra di San Giovanni a Teduccio.<\/p>\n<div class=\"tiled-gallery type-rectangular tiled-gallery-unresized\" data-original-width=\"860\" data-carousel-extra='null' itemscope itemtype=\"http:\/\/schema.org\/ImageGallery\" > <div class=\"gallery-row\" style=\"width: 860px; height: 198px;\" data-original-width=\"860\" data-original-height=\"198\" > <div class=\"gallery-group images-1\" style=\"width: 300px; height: 198px;\" data-original-width=\"300\" data-original-height=\"198\" > <div class=\"tiled-gallery-item tiled-gallery-item-large\" itemprop=\"associatedMedia\" itemscope itemtype=\"http:\/\/schema.org\/ImageObject\"> <a href=\"https:\/\/www.pigrecoemme.com\/blog\/incontro-con-la-fotografa-e-regista-iraniana-maryam-raz\/maryam-raz-iran-project-1\/\" border=\"0\" itemprop=\"url\"> <meta itemprop=\"width\" content=\"296\"> <meta itemprop=\"height\" content=\"194\"> <img decoding=\"async\" class=\"\" data-attachment-id=\"633\" data-orig-file=\"https:\/\/www.pigrecoemme.com\/blog\/wp-content\/uploads\/2013\/04\/maryam-raz-iran-project-1.jpg\" data-orig-size=\"772,506\" data-comments-opened=\"1\" data-image-meta=\"{&quot;aperture&quot;:&quot;0&quot;,&quot;credit&quot;:&quot;&quot;,&quot;camera&quot;:&quot;QSS-32_33&quot;,&quot;caption&quot;:&quot;&quot;,&quot;created_timestamp&quot;:&quot;&quot;,&quot;copyright&quot;:&quot;&quot;,&quot;focal_length&quot;:&quot;0&quot;,&quot;iso&quot;:&quot;0&quot;,&quot;shutter_speed&quot;:&quot;0&quot;,&quot;title&quot;:&quot;&quot;}\" data-image-title=\"maryam-raz-iran-project-1\" data-image-description=\"\" data-medium-file=\"https:\/\/i0.wp.com\/www.pigrecoemme.com\/blog\/wp-content\/uploads\/2013\/04\/maryam-raz-iran-project-1.jpg?fit=300%2C196&#038;ssl=1\" data-large-file=\"https:\/\/i0.wp.com\/www.pigrecoemme.com\/blog\/wp-content\/uploads\/2013\/04\/maryam-raz-iran-project-1.jpg?fit=772%2C506&#038;ssl=1\" src=\"https:\/\/i0.wp.com\/www.pigrecoemme.com\/blog\/wp-content\/uploads\/2013\/04\/maryam-raz-iran-project-1.jpg?w=296&#038;h=194&#038;ssl=1\" srcset=\"https:\/\/i0.wp.com\/www.pigrecoemme.com\/blog\/wp-content\/uploads\/2013\/04\/maryam-raz-iran-project-1.jpg?w=772&amp;ssl=1 772w, https:\/\/i0.wp.com\/www.pigrecoemme.com\/blog\/wp-content\/uploads\/2013\/04\/maryam-raz-iran-project-1.jpg?resize=300%2C196&amp;ssl=1 300w\" width=\"296\" height=\"194\" loading=\"lazy\" data-original-width=\"296\" data-original-height=\"194\" itemprop=\"http:\/\/schema.org\/image\" title=\"maryam-raz-iran-project-1\" alt=\"maryam-raz-iran-project-1\" style=\"width: 296px; height: 194px;\" \/> <\/a> <\/div> <\/div> <!-- close group --> <div class=\"gallery-group images-1\" style=\"width: 149px; height: 198px;\" data-original-width=\"149\" data-original-height=\"198\" > <div class=\"tiled-gallery-item tiled-gallery-item-small\" itemprop=\"associatedMedia\" itemscope itemtype=\"http:\/\/schema.org\/ImageObject\"> <a href=\"https:\/\/www.pigrecoemme.com\/blog\/incontro-con-la-fotografa-e-regista-iraniana-maryam-raz\/maryam-raz-iran-project-2\/\" border=\"0\" itemprop=\"url\"> <meta itemprop=\"width\" content=\"145\"> <meta itemprop=\"height\" content=\"194\"> <img decoding=\"async\" class=\"\" data-attachment-id=\"634\" data-orig-file=\"https:\/\/www.pigrecoemme.com\/blog\/wp-content\/uploads\/2013\/04\/maryam-raz-iran-project-2.jpg\" data-orig-size=\"893,1191\" data-comments-opened=\"1\" data-image-meta=\"{&quot;aperture&quot;:&quot;4&quot;,&quot;credit&quot;:&quot;&quot;,&quot;camera&quot;:&quot;Canon PowerShot G9&quot;,&quot;caption&quot;:&quot;&quot;,&quot;created_timestamp&quot;:&quot;1281348108&quot;,&quot;copyright&quot;:&quot;&quot;,&quot;focal_length&quot;:&quot;29.167&quot;,&quot;iso&quot;:&quot;250&quot;,&quot;shutter_speed&quot;:&quot;0.04&quot;,&quot;title&quot;:&quot;&quot;}\" data-image-title=\"maryam-raz-iran-project-2\" data-image-description=\"\" data-medium-file=\"https:\/\/i0.wp.com\/www.pigrecoemme.com\/blog\/wp-content\/uploads\/2013\/04\/maryam-raz-iran-project-2.jpg?fit=224%2C300&#038;ssl=1\" data-large-file=\"https:\/\/i0.wp.com\/www.pigrecoemme.com\/blog\/wp-content\/uploads\/2013\/04\/maryam-raz-iran-project-2.jpg?fit=768%2C1024&#038;ssl=1\" src=\"https:\/\/i0.wp.com\/www.pigrecoemme.com\/blog\/wp-content\/uploads\/2013\/04\/maryam-raz-iran-project-2.jpg?w=145&#038;h=194&#038;ssl=1\" srcset=\"https:\/\/i0.wp.com\/www.pigrecoemme.com\/blog\/wp-content\/uploads\/2013\/04\/maryam-raz-iran-project-2.jpg?w=893&amp;ssl=1 893w, https:\/\/i0.wp.com\/www.pigrecoemme.com\/blog\/wp-content\/uploads\/2013\/04\/maryam-raz-iran-project-2.jpg?resize=224%2C300&amp;ssl=1 224w\" width=\"145\" height=\"194\" loading=\"lazy\" data-original-width=\"145\" data-original-height=\"194\" itemprop=\"http:\/\/schema.org\/image\" title=\"maryam-raz-iran-project-2\" alt=\"maryam-raz-iran-project-2\" style=\"width: 145px; height: 194px;\" \/> <\/a> <\/div> <\/div> <!-- close group --> <div class=\"gallery-group images-1\" style=\"width: 149px; height: 198px;\" data-original-width=\"149\" data-original-height=\"198\" > <div class=\"tiled-gallery-item tiled-gallery-item-small\" itemprop=\"associatedMedia\" itemscope itemtype=\"http:\/\/schema.org\/ImageObject\"> <a href=\"https:\/\/www.pigrecoemme.com\/blog\/incontro-con-la-fotografa-e-regista-iraniana-maryam-raz\/maryam-raz-iran-project-3\/\" border=\"0\" itemprop=\"url\"> <meta itemprop=\"width\" content=\"145\"> <meta itemprop=\"height\" content=\"194\"> <img decoding=\"async\" class=\"\" data-attachment-id=\"635\" data-orig-file=\"https:\/\/www.pigrecoemme.com\/blog\/wp-content\/uploads\/2013\/04\/maryam-raz-iran-project-3.jpg\" data-orig-size=\"638,850\" data-comments-opened=\"1\" data-image-meta=\"{&quot;aperture&quot;:&quot;4.8&quot;,&quot;credit&quot;:&quot;&quot;,&quot;camera&quot;:&quot;Canon PowerShot G9&quot;,&quot;caption&quot;:&quot;&quot;,&quot;created_timestamp&quot;:&quot;1281349556&quot;,&quot;copyright&quot;:&quot;&quot;,&quot;focal_length&quot;:&quot;44.4&quot;,&quot;iso&quot;:&quot;100&quot;,&quot;shutter_speed&quot;:&quot;0.003125&quot;,&quot;title&quot;:&quot;&quot;}\" data-image-title=\"maryam-raz-iran-project-3\" data-image-description=\"\" data-medium-file=\"https:\/\/i0.wp.com\/www.pigrecoemme.com\/blog\/wp-content\/uploads\/2013\/04\/maryam-raz-iran-project-3.jpg?fit=225%2C300&#038;ssl=1\" data-large-file=\"https:\/\/i0.wp.com\/www.pigrecoemme.com\/blog\/wp-content\/uploads\/2013\/04\/maryam-raz-iran-project-3.jpg?fit=638%2C850&#038;ssl=1\" src=\"https:\/\/i0.wp.com\/www.pigrecoemme.com\/blog\/wp-content\/uploads\/2013\/04\/maryam-raz-iran-project-3.jpg?w=145&#038;h=194&#038;ssl=1\" srcset=\"https:\/\/i0.wp.com\/www.pigrecoemme.com\/blog\/wp-content\/uploads\/2013\/04\/maryam-raz-iran-project-3.jpg?w=638&amp;ssl=1 638w, https:\/\/i0.wp.com\/www.pigrecoemme.com\/blog\/wp-content\/uploads\/2013\/04\/maryam-raz-iran-project-3.jpg?resize=225%2C300&amp;ssl=1 225w\" width=\"145\" height=\"194\" loading=\"lazy\" data-original-width=\"145\" data-original-height=\"194\" itemprop=\"http:\/\/schema.org\/image\" title=\"maryam-raz-iran-project-3\" alt=\"maryam-raz-iran-project-3\" style=\"width: 145px; height: 194px;\" \/> <\/a> <\/div> <\/div> <!-- close group --> <div class=\"gallery-group images-1\" style=\"width: 262px; height: 198px;\" data-original-width=\"262\" data-original-height=\"198\" > <div class=\"tiled-gallery-item tiled-gallery-item-large\" itemprop=\"associatedMedia\" itemscope itemtype=\"http:\/\/schema.org\/ImageObject\"> <a href=\"https:\/\/www.pigrecoemme.com\/blog\/incontro-con-la-fotografa-e-regista-iraniana-maryam-raz\/maryam-raz-iran-project-4\/\" border=\"0\" itemprop=\"url\"> <meta itemprop=\"width\" content=\"258\"> <meta itemprop=\"height\" content=\"194\"> <img decoding=\"async\" class=\"\" data-attachment-id=\"636\" data-orig-file=\"https:\/\/www.pigrecoemme.com\/blog\/wp-content\/uploads\/2013\/04\/maryam-raz-iran-project-4.jpg\" data-orig-size=\"850,638\" data-comments-opened=\"1\" data-image-meta=\"{&quot;aperture&quot;:&quot;4&quot;,&quot;credit&quot;:&quot;&quot;,&quot;camera&quot;:&quot;Canon PowerShot G9&quot;,&quot;caption&quot;:&quot;&quot;,&quot;created_timestamp&quot;:&quot;1241092643&quot;,&quot;copyright&quot;:&quot;&quot;,&quot;focal_length&quot;:&quot;7.4&quot;,&quot;iso&quot;:&quot;80&quot;,&quot;shutter_speed&quot;:&quot;0.0008&quot;,&quot;title&quot;:&quot;&quot;}\" data-image-title=\"maryam-raz-iran-project-4\" data-image-description=\"\" data-medium-file=\"https:\/\/i0.wp.com\/www.pigrecoemme.com\/blog\/wp-content\/uploads\/2013\/04\/maryam-raz-iran-project-4.jpg?fit=300%2C225&#038;ssl=1\" data-large-file=\"https:\/\/i0.wp.com\/www.pigrecoemme.com\/blog\/wp-content\/uploads\/2013\/04\/maryam-raz-iran-project-4.jpg?fit=850%2C638&#038;ssl=1\" src=\"https:\/\/i0.wp.com\/www.pigrecoemme.com\/blog\/wp-content\/uploads\/2013\/04\/maryam-raz-iran-project-4.jpg?w=258&#038;h=194&#038;ssl=1\" srcset=\"https:\/\/i0.wp.com\/www.pigrecoemme.com\/blog\/wp-content\/uploads\/2013\/04\/maryam-raz-iran-project-4.jpg?w=850&amp;ssl=1 850w, https:\/\/i0.wp.com\/www.pigrecoemme.com\/blog\/wp-content\/uploads\/2013\/04\/maryam-raz-iran-project-4.jpg?resize=300%2C225&amp;ssl=1 300w\" width=\"258\" height=\"194\" loading=\"lazy\" data-original-width=\"258\" data-original-height=\"194\" itemprop=\"http:\/\/schema.org\/image\" title=\"maryam-raz-iran-project-4\" alt=\"maryam-raz-iran-project-4\" style=\"width: 258px; height: 194px;\" \/> <\/a> <\/div> <\/div> <!-- close group --> <\/div> <!-- close row --> <\/div>\n<p>Dal punto di vista della ricerca teorica, Raz si occupa dei rapporti tra cinema e fotografia. Artisticamente \u00e8 attualmente impegnata su due progetti: un fotoracconto tratto da \u201cLa mite\u201d di Dostoevskij e un portfolio dedicato all\u2019Iran, sua terra natale: \u201cLo sguardo distorto del testimone\u201d.<\/p>\n<p style=\"text-align: center;\"><a href=\"https:\/\/www.facebook.com\/events\/613097878719672\/\"><img data-recalc-dims=\"1\" loading=\"lazy\" decoding=\"async\" class=\"aligncenter\" title=\"INCONTRO DI FOTOGIORNALISMO\" src=\"https:\/\/i0.wp.com\/www.pigrecoemme.com\/blog\/wp-content\/uploads\/2012\/03\/evento-facebook.png?resize=500%2C86&#038;ssl=1\" alt=\"\" width=\"500\" height=\"86\" \/><\/a><\/p>\n","protected":false},"excerpt":{"rendered":"<p>Continuano le iniziative dedicate al Fotogiornalismo dalla Pigrecoemme. Dopo l\u2019inaugurazione di \u201cStorie in tre scatti\u201d, la mostra al Portanova Caf\u00e8 (Piazza Portanova 8), visitabile fino al 27 aprile, e \u00a0la lezione aperta a tutti&hellip;<\/p>\n","protected":false},"author":1,"featured_media":0,"comment_status":"open","ping_status":"open","sticky":false,"template":"","format":"standard","meta":{"_jetpack_newsletter_access":"","_jetpack_dont_email_post_to_subs":false,"_jetpack_newsletter_tier_id":0,"_jetpack_memberships_contains_paywalled_content":false,"_jetpack_feature_clip_id":0,"_jetpack_memberships_contains_paid_content":false,"footnotes":"","jetpack_post_was_ever_published":false},"categories":[11,21,1,1523],"tags":[347,370,799,798],"class_list":["post-631","post","type-post","status-publish","format-standard","hentry","category-eventi","category-fotografia","category-generale","category-incontri-fotografici","tag-fotogiornalismo","tag-incontri-fotografici","tag-iran","tag-maryam-raz"],"yoast_head":"<!-- This site is optimized with the Yoast SEO plugin v28.3 - https:\/\/yoast.com\/product\/yoast-seo-wordpress\/ -->\n<title>Incontro con la fotografa e regista iraniana Maryam Raz<\/title>\n<meta name=\"robots\" content=\"index, follow, max-snippet:-1, max-image-preview:large, max-video-preview:-1\" \/>\n<link rel=\"canonical\" href=\"https:\/\/www.pigrecoemme.com\/blog\/incontro-con-la-fotografa-e-regista-iraniana-maryam-raz\/\" \/>\n<meta property=\"og:locale\" content=\"it_IT\" \/>\n<meta property=\"og:type\" content=\"article\" \/>\n<meta property=\"og:title\" content=\"Incontro con la fotografa e regista iraniana Maryam Raz\" \/>\n<meta property=\"og:description\" content=\"Continuano le iniziative dedicate al Fotogiornalismo dalla Pigrecoemme. Dopo l\u2019inaugurazione di \u201cStorie in tre scatti\u201d, la mostra al Portanova Caf\u00e8 (Piazza Portanova 8), visitabile fino al 27 aprile, e \u00a0la lezione aperta a tutti&hellip;\" \/>\n<meta property=\"og:url\" content=\"https:\/\/www.pigrecoemme.com\/blog\/incontro-con-la-fotografa-e-regista-iraniana-maryam-raz\/\" \/>\n<meta property=\"og:site_name\" content=\"Scuola di Cinema Pigrecoemme - Blog\" \/>\n<meta property=\"article:publisher\" content=\"https:\/\/www.facebook.com\/pigrecoemme\" \/>\n<meta property=\"article:author\" content=\"https:\/\/www.facebook.com\/giacomo.fabbrocino\" \/>\n<meta property=\"article:published_time\" content=\"2013-04-13T14:57:15+00:00\" \/>\n<meta property=\"article:modified_time\" content=\"2016-01-27T10:50:57+00:00\" \/>\n<meta property=\"og:image\" content=\"https:\/\/i0.wp.com\/www.pigrecoemme.com\/blog\/wp-content\/uploads\/2013\/04\/maryam-raz-iran-project-1.jpg?w=414&#038;h=272&#038;ssl=1\" \/>\n<meta name=\"author\" content=\"Giacomo Fabbrocino\" \/>\n<meta name=\"twitter:card\" content=\"summary_large_image\" \/>\n<meta name=\"twitter:creator\" content=\"@Pigrecoemme\" \/>\n<meta name=\"twitter:site\" content=\"@Pigrecoemme\" \/>\n<meta name=\"twitter:label1\" content=\"Scritto da\" \/>\n\t<meta name=\"twitter:data1\" content=\"Giacomo Fabbrocino\" \/>\n\t<meta name=\"twitter:label2\" content=\"Tempo di lettura stimato\" \/>\n\t<meta name=\"twitter:data2\" content=\"1 minuto\" \/>\n<script type=\"application\/ld+json\" class=\"yoast-schema-graph\">{\"@context\":\"https:\\\/\\\/schema.org\",\"@graph\":[{\"@type\":[\"Article\",\"BlogPosting\"],\"@id\":\"https:\\\/\\\/www.pigrecoemme.com\\\/blog\\\/incontro-con-la-fotografa-e-regista-iraniana-maryam-raz\\\/#article\",\"isPartOf\":{\"@id\":\"https:\\\/\\\/www.pigrecoemme.com\\\/blog\\\/incontro-con-la-fotografa-e-regista-iraniana-maryam-raz\\\/\"},\"author\":{\"name\":\"Giacomo Fabbrocino\",\"@id\":\"https:\\\/\\\/www.pigrecoemme.com\\\/blog\\\/#\\\/schema\\\/person\\\/57fa822c3d209d3a2612fd0411ae63f4\"},\"headline\":\"Incontro con la fotografa e regista iraniana Maryam Raz\",\"datePublished\":\"2013-04-13T14:57:15+00:00\",\"dateModified\":\"2016-01-27T10:50:57+00:00\",\"mainEntityOfPage\":{\"@id\":\"https:\\\/\\\/www.pigrecoemme.com\\\/blog\\\/incontro-con-la-fotografa-e-regista-iraniana-maryam-raz\\\/\"},\"wordCount\":259,\"commentCount\":0,\"publisher\":{\"@id\":\"https:\\\/\\\/www.pigrecoemme.com\\\/blog\\\/#organization\"},\"image\":{\"@id\":\"https:\\\/\\\/www.pigrecoemme.com\\\/blog\\\/incontro-con-la-fotografa-e-regista-iraniana-maryam-raz\\\/#primaryimage\"},\"thumbnailUrl\":\"http:\\\/\\\/www.pigrecoemme.com\\\/blog\\\/wp-content\\\/uploads\\\/2012\\\/03\\\/evento-facebook.png\",\"keywords\":[\"fotogiornalismo\",\"incontri fotografici\",\"iran\",\"maryam raz\"],\"articleSection\":[\"Eventi\",\"Fotografia\",\"Generale\",\"Incontri fotografici\"],\"inLanguage\":\"it-IT\",\"potentialAction\":[{\"@type\":\"CommentAction\",\"name\":\"Comment\",\"target\":[\"https:\\\/\\\/www.pigrecoemme.com\\\/blog\\\/incontro-con-la-fotografa-e-regista-iraniana-maryam-raz\\\/#respond\"]}]},{\"@type\":\"WebPage\",\"@id\":\"https:\\\/\\\/www.pigrecoemme.com\\\/blog\\\/incontro-con-la-fotografa-e-regista-iraniana-maryam-raz\\\/\",\"url\":\"https:\\\/\\\/www.pigrecoemme.com\\\/blog\\\/incontro-con-la-fotografa-e-regista-iraniana-maryam-raz\\\/\",\"name\":\"Incontro con la fotografa e regista iraniana Maryam Raz\",\"isPartOf\":{\"@id\":\"https:\\\/\\\/www.pigrecoemme.com\\\/blog\\\/#website\"},\"primaryImageOfPage\":{\"@id\":\"https:\\\/\\\/www.pigrecoemme.com\\\/blog\\\/incontro-con-la-fotografa-e-regista-iraniana-maryam-raz\\\/#primaryimage\"},\"image\":{\"@id\":\"https:\\\/\\\/www.pigrecoemme.com\\\/blog\\\/incontro-con-la-fotografa-e-regista-iraniana-maryam-raz\\\/#primaryimage\"},\"thumbnailUrl\":\"http:\\\/\\\/www.pigrecoemme.com\\\/blog\\\/wp-content\\\/uploads\\\/2012\\\/03\\\/evento-facebook.png\",\"datePublished\":\"2013-04-13T14:57:15+00:00\",\"dateModified\":\"2016-01-27T10:50:57+00:00\",\"breadcrumb\":{\"@id\":\"https:\\\/\\\/www.pigrecoemme.com\\\/blog\\\/incontro-con-la-fotografa-e-regista-iraniana-maryam-raz\\\/#breadcrumb\"},\"inLanguage\":\"it-IT\",\"potentialAction\":[{\"@type\":\"ReadAction\",\"target\":[\"https:\\\/\\\/www.pigrecoemme.com\\\/blog\\\/incontro-con-la-fotografa-e-regista-iraniana-maryam-raz\\\/\"]}]},{\"@type\":\"ImageObject\",\"inLanguage\":\"it-IT\",\"@id\":\"https:\\\/\\\/www.pigrecoemme.com\\\/blog\\\/incontro-con-la-fotografa-e-regista-iraniana-maryam-raz\\\/#primaryimage\",\"url\":\"http:\\\/\\\/www.pigrecoemme.com\\\/blog\\\/wp-content\\\/uploads\\\/2012\\\/03\\\/evento-facebook.png\",\"contentUrl\":\"http:\\\/\\\/www.pigrecoemme.com\\\/blog\\\/wp-content\\\/uploads\\\/2012\\\/03\\\/evento-facebook.png\"},{\"@type\":\"BreadcrumbList\",\"@id\":\"https:\\\/\\\/www.pigrecoemme.com\\\/blog\\\/incontro-con-la-fotografa-e-regista-iraniana-maryam-raz\\\/#breadcrumb\",\"itemListElement\":[{\"@type\":\"ListItem\",\"position\":1,\"name\":\"Home\",\"item\":\"https:\\\/\\\/www.pigrecoemme.com\\\/blog\\\/\"},{\"@type\":\"ListItem\",\"position\":2,\"name\":\"Incontro con la fotografa e regista iraniana Maryam Raz\"}]},{\"@type\":\"WebSite\",\"@id\":\"https:\\\/\\\/www.pigrecoemme.com\\\/blog\\\/#website\",\"url\":\"https:\\\/\\\/www.pigrecoemme.com\\\/blog\\\/\",\"name\":\"Scuola di Cinema Pigrecoemme - Blog\",\"description\":\"Siamo la prima Scuola di Cinema e Fotografia di Napoli\",\"publisher\":{\"@id\":\"https:\\\/\\\/www.pigrecoemme.com\\\/blog\\\/#organization\"},\"potentialAction\":[{\"@type\":\"SearchAction\",\"target\":{\"@type\":\"EntryPoint\",\"urlTemplate\":\"https:\\\/\\\/www.pigrecoemme.com\\\/blog\\\/?s={search_term_string}\"},\"query-input\":{\"@type\":\"PropertyValueSpecification\",\"valueRequired\":true,\"valueName\":\"search_term_string\"}}],\"inLanguage\":\"it-IT\"},{\"@type\":\"Organization\",\"@id\":\"https:\\\/\\\/www.pigrecoemme.com\\\/blog\\\/#organization\",\"name\":\"Scuola di cinema e fotografia Pigrecoemme\",\"url\":\"https:\\\/\\\/www.pigrecoemme.com\\\/blog\\\/\",\"logo\":{\"@type\":\"ImageObject\",\"inLanguage\":\"it-IT\",\"@id\":\"https:\\\/\\\/www.pigrecoemme.com\\\/blog\\\/#\\\/schema\\\/logo\\\/image\\\/\",\"url\":\"https:\\\/\\\/i0.wp.com\\\/www.pigrecoemme.com\\\/blog\\\/wp-content\\\/uploads\\\/2018\\\/06\\\/logo-pigrecoemme-2018.png?fit=500%2C500&ssl=1\",\"contentUrl\":\"https:\\\/\\\/i0.wp.com\\\/www.pigrecoemme.com\\\/blog\\\/wp-content\\\/uploads\\\/2018\\\/06\\\/logo-pigrecoemme-2018.png?fit=500%2C500&ssl=1\",\"width\":500,\"height\":500,\"caption\":\"Scuola di cinema e fotografia Pigrecoemme\"},\"image\":{\"@id\":\"https:\\\/\\\/www.pigrecoemme.com\\\/blog\\\/#\\\/schema\\\/logo\\\/image\\\/\"},\"sameAs\":[\"https:\\\/\\\/www.facebook.com\\\/pigrecoemme\",\"https:\\\/\\\/x.com\\\/Pigrecoemme\",\"https:\\\/\\\/www.instagram.com\\\/pigrecoemme\\\/\",\"https:\\\/\\\/www.linkedin.com\\\/company\\\/pigrecoemme\\\/\",\"https:\\\/\\\/www.youtube.com\\\/pigrecoemme\"]},{\"@type\":\"Person\",\"@id\":\"https:\\\/\\\/www.pigrecoemme.com\\\/blog\\\/#\\\/schema\\\/person\\\/57fa822c3d209d3a2612fd0411ae63f4\",\"name\":\"Giacomo Fabbrocino\",\"image\":{\"@type\":\"ImageObject\",\"inLanguage\":\"it-IT\",\"@id\":\"https:\\\/\\\/secure.gravatar.com\\\/avatar\\\/0e4dfd4d05c06a03fffaffeb36fb181415ba11b91a6b566fa2e8ada75927db32?s=96&r=g\",\"url\":\"https:\\\/\\\/secure.gravatar.com\\\/avatar\\\/0e4dfd4d05c06a03fffaffeb36fb181415ba11b91a6b566fa2e8ada75927db32?s=96&r=g\",\"contentUrl\":\"https:\\\/\\\/secure.gravatar.com\\\/avatar\\\/0e4dfd4d05c06a03fffaffeb36fb181415ba11b91a6b566fa2e8ada75927db32?s=96&r=g\",\"caption\":\"Giacomo Fabbrocino\"},\"description\":\"Montatore cinematografico, autore di documentari sull'arte e di video d'artista, Giacomo \u00e8 responsabile della didattica e della comunicazione web della Scuola di Cinema, Fotografia e Televisione Pigrecoemme di Napoli.\",\"sameAs\":[\"http:\\\/\\\/www.pigrecoemme.com\\\/\",\"https:\\\/\\\/www.facebook.com\\\/giacomo.fabbrocino\"],\"url\":\"https:\\\/\\\/www.pigrecoemme.com\\\/blog\\\/author\\\/giacomo-fabbrocino\\\/\"}]}<\/script>\n<!-- \/ Yoast SEO plugin. -->","yoast_head_json":{"title":"Incontro con la fotografa e regista iraniana Maryam Raz","robots":{"index":"index","follow":"follow","max-snippet":"max-snippet:-1","max-image-preview":"max-image-preview:large","max-video-preview":"max-video-preview:-1"},"canonical":"https:\/\/www.pigrecoemme.com\/blog\/incontro-con-la-fotografa-e-regista-iraniana-maryam-raz\/","og_locale":"it_IT","og_type":"article","og_title":"Incontro con la fotografa e regista iraniana Maryam Raz","og_description":"Continuano le iniziative dedicate al Fotogiornalismo dalla Pigrecoemme. Dopo l\u2019inaugurazione di \u201cStorie in tre scatti\u201d, la mostra al Portanova Caf\u00e8 (Piazza Portanova 8), visitabile fino al 27 aprile, e \u00a0la lezione aperta a tutti&hellip;","og_url":"https:\/\/www.pigrecoemme.com\/blog\/incontro-con-la-fotografa-e-regista-iraniana-maryam-raz\/","og_site_name":"Scuola di Cinema Pigrecoemme - Blog","article_publisher":"https:\/\/www.facebook.com\/pigrecoemme","article_author":"https:\/\/www.facebook.com\/giacomo.fabbrocino","article_published_time":"2013-04-13T14:57:15+00:00","article_modified_time":"2016-01-27T10:50:57+00:00","og_image":[{"url":"https:\/\/i0.wp.com\/www.pigrecoemme.com\/blog\/wp-content\/uploads\/2013\/04\/maryam-raz-iran-project-1.jpg?w=414&#038;h=272&#038;ssl=1","type":"","width":"","height":""}],"author":"Giacomo Fabbrocino","twitter_card":"summary_large_image","twitter_creator":"@Pigrecoemme","twitter_site":"@Pigrecoemme","twitter_misc":{"Scritto da":"Giacomo Fabbrocino","Tempo di lettura stimato":"1 minuto"},"schema":{"@context":"https:\/\/schema.org","@graph":[{"@type":["Article","BlogPosting"],"@id":"https:\/\/www.pigrecoemme.com\/blog\/incontro-con-la-fotografa-e-regista-iraniana-maryam-raz\/#article","isPartOf":{"@id":"https:\/\/www.pigrecoemme.com\/blog\/incontro-con-la-fotografa-e-regista-iraniana-maryam-raz\/"},"author":{"name":"Giacomo Fabbrocino","@id":"https:\/\/www.pigrecoemme.com\/blog\/#\/schema\/person\/57fa822c3d209d3a2612fd0411ae63f4"},"headline":"Incontro con la fotografa e regista iraniana Maryam Raz","datePublished":"2013-04-13T14:57:15+00:00","dateModified":"2016-01-27T10:50:57+00:00","mainEntityOfPage":{"@id":"https:\/\/www.pigrecoemme.com\/blog\/incontro-con-la-fotografa-e-regista-iraniana-maryam-raz\/"},"wordCount":259,"commentCount":0,"publisher":{"@id":"https:\/\/www.pigrecoemme.com\/blog\/#organization"},"image":{"@id":"https:\/\/www.pigrecoemme.com\/blog\/incontro-con-la-fotografa-e-regista-iraniana-maryam-raz\/#primaryimage"},"thumbnailUrl":"http:\/\/www.pigrecoemme.com\/blog\/wp-content\/uploads\/2012\/03\/evento-facebook.png","keywords":["fotogiornalismo","incontri fotografici","iran","maryam raz"],"articleSection":["Eventi","Fotografia","Generale","Incontri fotografici"],"inLanguage":"it-IT","potentialAction":[{"@type":"CommentAction","name":"Comment","target":["https:\/\/www.pigrecoemme.com\/blog\/incontro-con-la-fotografa-e-regista-iraniana-maryam-raz\/#respond"]}]},{"@type":"WebPage","@id":"https:\/\/www.pigrecoemme.com\/blog\/incontro-con-la-fotografa-e-regista-iraniana-maryam-raz\/","url":"https:\/\/www.pigrecoemme.com\/blog\/incontro-con-la-fotografa-e-regista-iraniana-maryam-raz\/","name":"Incontro con la fotografa e regista iraniana Maryam Raz","isPartOf":{"@id":"https:\/\/www.pigrecoemme.com\/blog\/#website"},"primaryImageOfPage":{"@id":"https:\/\/www.pigrecoemme.com\/blog\/incontro-con-la-fotografa-e-regista-iraniana-maryam-raz\/#primaryimage"},"image":{"@id":"https:\/\/www.pigrecoemme.com\/blog\/incontro-con-la-fotografa-e-regista-iraniana-maryam-raz\/#primaryimage"},"thumbnailUrl":"http:\/\/www.pigrecoemme.com\/blog\/wp-content\/uploads\/2012\/03\/evento-facebook.png","datePublished":"2013-04-13T14:57:15+00:00","dateModified":"2016-01-27T10:50:57+00:00","breadcrumb":{"@id":"https:\/\/www.pigrecoemme.com\/blog\/incontro-con-la-fotografa-e-regista-iraniana-maryam-raz\/#breadcrumb"},"inLanguage":"it-IT","potentialAction":[{"@type":"ReadAction","target":["https:\/\/www.pigrecoemme.com\/blog\/incontro-con-la-fotografa-e-regista-iraniana-maryam-raz\/"]}]},{"@type":"ImageObject","inLanguage":"it-IT","@id":"https:\/\/www.pigrecoemme.com\/blog\/incontro-con-la-fotografa-e-regista-iraniana-maryam-raz\/#primaryimage","url":"http:\/\/www.pigrecoemme.com\/blog\/wp-content\/uploads\/2012\/03\/evento-facebook.png","contentUrl":"http:\/\/www.pigrecoemme.com\/blog\/wp-content\/uploads\/2012\/03\/evento-facebook.png"},{"@type":"BreadcrumbList","@id":"https:\/\/www.pigrecoemme.com\/blog\/incontro-con-la-fotografa-e-regista-iraniana-maryam-raz\/#breadcrumb","itemListElement":[{"@type":"ListItem","position":1,"name":"Home","item":"https:\/\/www.pigrecoemme.com\/blog\/"},{"@type":"ListItem","position":2,"name":"Incontro con la fotografa e regista iraniana Maryam Raz"}]},{"@type":"WebSite","@id":"https:\/\/www.pigrecoemme.com\/blog\/#website","url":"https:\/\/www.pigrecoemme.com\/blog\/","name":"Scuola di Cinema Pigrecoemme - Blog","description":"Siamo la prima Scuola di Cinema e Fotografia di Napoli","publisher":{"@id":"https:\/\/www.pigrecoemme.com\/blog\/#organization"},"potentialAction":[{"@type":"SearchAction","target":{"@type":"EntryPoint","urlTemplate":"https:\/\/www.pigrecoemme.com\/blog\/?s={search_term_string}"},"query-input":{"@type":"PropertyValueSpecification","valueRequired":true,"valueName":"search_term_string"}}],"inLanguage":"it-IT"},{"@type":"Organization","@id":"https:\/\/www.pigrecoemme.com\/blog\/#organization","name":"Scuola di cinema e fotografia Pigrecoemme","url":"https:\/\/www.pigrecoemme.com\/blog\/","logo":{"@type":"ImageObject","inLanguage":"it-IT","@id":"https:\/\/www.pigrecoemme.com\/blog\/#\/schema\/logo\/image\/","url":"https:\/\/i0.wp.com\/www.pigrecoemme.com\/blog\/wp-content\/uploads\/2018\/06\/logo-pigrecoemme-2018.png?fit=500%2C500&ssl=1","contentUrl":"https:\/\/i0.wp.com\/www.pigrecoemme.com\/blog\/wp-content\/uploads\/2018\/06\/logo-pigrecoemme-2018.png?fit=500%2C500&ssl=1","width":500,"height":500,"caption":"Scuola di cinema e fotografia Pigrecoemme"},"image":{"@id":"https:\/\/www.pigrecoemme.com\/blog\/#\/schema\/logo\/image\/"},"sameAs":["https:\/\/www.facebook.com\/pigrecoemme","https:\/\/x.com\/Pigrecoemme","https:\/\/www.instagram.com\/pigrecoemme\/","https:\/\/www.linkedin.com\/company\/pigrecoemme\/","https:\/\/www.youtube.com\/pigrecoemme"]},{"@type":"Person","@id":"https:\/\/www.pigrecoemme.com\/blog\/#\/schema\/person\/57fa822c3d209d3a2612fd0411ae63f4","name":"Giacomo Fabbrocino","image":{"@type":"ImageObject","inLanguage":"it-IT","@id":"https:\/\/secure.gravatar.com\/avatar\/0e4dfd4d05c06a03fffaffeb36fb181415ba11b91a6b566fa2e8ada75927db32?s=96&r=g","url":"https:\/\/secure.gravatar.com\/avatar\/0e4dfd4d05c06a03fffaffeb36fb181415ba11b91a6b566fa2e8ada75927db32?s=96&r=g","contentUrl":"https:\/\/secure.gravatar.com\/avatar\/0e4dfd4d05c06a03fffaffeb36fb181415ba11b91a6b566fa2e8ada75927db32?s=96&r=g","caption":"Giacomo Fabbrocino"},"description":"Montatore cinematografico, autore di documentari sull'arte e di video d'artista, Giacomo \u00e8 responsabile della didattica e della comunicazione web della Scuola di Cinema, Fotografia e Televisione Pigrecoemme di Napoli.","sameAs":["http:\/\/www.pigrecoemme.com\/","https:\/\/www.facebook.com\/giacomo.fabbrocino"],"url":"https:\/\/www.pigrecoemme.com\/blog\/author\/giacomo-fabbrocino\/"}]}},"jetpack_sharing_enabled":true,"jetpack_likes_enabled":true,"jetpack-related-posts":[{"id":691,"url":"https:\/\/www.pigrecoemme.com\/blog\/lezione-aperta-con-raffaela-mariniello\/","url_meta":{"origin":631,"position":0},"title":"Lezione aperta con Raffaela Mariniello: la fotografia artistica","author":"Giacomo Fabbrocino","date":"23 Settembre 2013","format":false,"excerpt":"Alla Scuola di cinema e fotografia Pigrecoemme riprendono gli incontri con i maestri della fotografia. Il prossimo venerd\u00ec 27 settembre \u00e8 di scena\u00a0RAFFAELA MARINIELLO in una lezione aperta sulla fotografia artistica. L'appuntamento Riprende, in occasione della ripresa dei corsi di Fotografia di Pigrecoemme, con un incontro con Raffaela Mariniello, la\u2026","rel":"","context":"In &quot;Eventi&quot;","block_context":{"text":"Eventi","link":"https:\/\/www.pigrecoemme.com\/blog\/eventi\/"},"img":{"alt_text":"","src":"https:\/\/i0.wp.com\/www.pigrecoemme.com\/blog\/wp-content\/uploads\/2013\/09\/mariniello-01.jpg?resize=350%2C200","width":350,"height":200},"classes":[]},{"id":622,"url":"https:\/\/www.pigrecoemme.com\/blog\/storie-in-tre-scatti\/","url_meta":{"origin":631,"position":1},"title":"Storie in tre scatti. Al Portanova Caf\u00e8, una mostra di fotogiornalismo e incontri gratuiti","author":"Corrado Morra","date":"5 Aprile 2013","format":false,"excerpt":"Dieci giorni dedicati al Fotogiornalismo alla Pigrecoemme, con una mostra al Portanova Caf\u00e8 e incontri gratuiti nella sede della Scuola di cinema e fotografia di Piazza Portanova a Napoli. La mostra Paola Bruno, Mario Capuano, Valeria Ferraro, Luca Leva, Renato Orsini, Domenica Pinto, sei partecipanti ai corsi e agli incontri\u2026","rel":"","context":"In &quot;Eventi&quot;","block_context":{"text":"Eventi","link":"https:\/\/www.pigrecoemme.com\/blog\/eventi\/"},"img":{"alt_text":"","src":"https:\/\/i0.wp.com\/www.pigrecoemme.com\/blog\/wp-content\/uploads\/2013\/04\/invito-mostra-storie-in-tre-scatti-300x300.jpg?resize=350%2C200","width":350,"height":200},"classes":[]},{"id":492,"url":"https:\/\/www.pigrecoemme.com\/blog\/sabato-21-aprile-aniello-barone-terra-un-incontro-lezione-gratuito-sulla-fotografia\/","url_meta":{"origin":631,"position":2},"title":"Sabato 21 aprile Aniello Barone terr\u00e0 un incontro-lezione gratuito sulla fotografia","author":"Corrado Morra","date":"17 Aprile 2012","format":false,"excerpt":"Continuano, alla Scuola di cinema e fotografia Pigrecoemme di Napoli, gli incontri dedicati ai grandi fotografi. Sabato 21 aprile 2012, Aniello Barone sar\u00e0, cos\u00ec, negli spazi di Piazza Portanova, per un incontro-lezione, che avr\u00e0 il compito di tracciare le linee principali del suo affascinante percorso artistico e professionale. L\u2019appuntamento, dalle\u2026","rel":"","context":"In &quot;Eventi&quot;","block_context":{"text":"Eventi","link":"https:\/\/www.pigrecoemme.com\/blog\/eventi\/"},"img":{"alt_text":"","src":"https:\/\/i0.wp.com\/www.pigrecoemme.com\/blog\/wp-content\/uploads\/2012\/04\/aniello-barone1-300x200.jpg?resize=350%2C200","width":350,"height":200},"classes":[]},{"id":169,"url":"https:\/\/www.pigrecoemme.com\/blog\/fotogiornalismo-incontro-con-luciano-ferrara\/","url_meta":{"origin":631,"position":3},"title":"Fotogiornalismo: incontro con Luciano Ferrara","author":"Giacomo Fabbrocino","date":"15 Settembre 2009","format":false,"excerpt":"Venerd\u00ec 25 settembre 2009 alle 17,00, negli spazi della Scuola di cinema Pigrecoemme (a Napoli, in Piazza Portanova 11), lo storico della fotografia Luca Sorbo ed il critico d'arte Corrado Morra incontrano Luciano Ferrara, uno dei pi\u00f9 rappresentativi fotoreporter italiani. Luciano Ferrara \u00e8 una presenza costante a Napoli raccontando, da\u2026","rel":"","context":"In &quot;Eventi&quot;","block_context":{"text":"Eventi","link":"https:\/\/www.pigrecoemme.com\/blog\/eventi\/"},"img":{"alt_text":"Una foto di Luciano Ferrara","src":"https:\/\/i0.wp.com\/www.pigrecoemme.com\/blog\/wp-content\/uploads\/2009\/09\/luciano-ferrara-300x209.jpg?resize=350%2C200","width":350,"height":200},"classes":[]},{"id":216,"url":"https:\/\/www.pigrecoemme.com\/blog\/nuovo-incontro-fotografico-il-25-marzo\/","url_meta":{"origin":631,"position":4},"title":"Nuovo incontro fotografico il 25 marzo","author":"Giacomo Fabbrocino","date":"20 Marzo 2010","format":false,"excerpt":"Nuovo incontro: gioved\u00ec 25 marzo 2010 h. 17.00-20.00 presso Scuola di Cinema Pigrecoemme Piazza Portanova 11, Napoli. Dopo la collaborazione con la prestigiosa rassegna l\u2019Arte della felicit\u00e0 e con l\u2019associazione Achab, che anche quest\u2019anno produrr\u00e0 con Pigrecoemme un\u2019importante mostra fotografica di prossima vernice, e dopo l'esperienza di \"La Mia Napoli\"\u2026","rel":"","context":"In &quot;Eventi&quot;","block_context":{"text":"Eventi","link":"https:\/\/www.pigrecoemme.com\/blog\/eventi\/"},"img":{"alt_text":"","src":"","width":0,"height":0},"classes":[]},{"id":536,"url":"https:\/\/www.pigrecoemme.com\/blog\/alla-pigrecoemme-incontri-gratuiti-con-la-royal-photographic-society-e-l%e2%80%99agenzia-graffiti-di-roma\/","url_meta":{"origin":631,"position":5},"title":"Alla Pigrecoemme, incontri gratuiti con la Royal Photographic Society e l\u2019agenzia Graffiti di Roma","author":"Corrado Morra","date":"17 Settembre 2012","format":false,"excerpt":"Fine settembre all'insegna della Fotografia alla\u00a0Scuola di Cinema e Fotografia\u00a0Pigrecoemme\u00a0di Napoli, con un doppio, imperdibile evento:\u00a0sabato 29 settembre, alle\u00a0ore 16,00, nella sede della Scuola di\u00a0Piazza Portanova 11, ci sar\u00e0 un incontro con\u00a0Olivio Argenti, presidente del\u00a0CIRPS - Capitolo italiano\u00a0della\u00a0Royal Photographic Society,\u00a0la\u00a0prima e pi\u00f9 importante associazione fotografica al mondo,\u00a0Durante la serata,\u00a0Luca Sorbo,\u00a0responsabile\u2026","rel":"","context":"In &quot;Eventi&quot;","block_context":{"text":"Eventi","link":"https:\/\/www.pigrecoemme.com\/blog\/eventi\/"},"img":{"alt_text":"","src":"https:\/\/i0.wp.com\/www.pigrecoemme.com\/blog\/wp-content\/uploads\/2012\/09\/rps-300x113.jpg?resize=350%2C200","width":350,"height":200},"classes":[]}],"jetpack_featured_media_url":"","_links":{"self":[{"href":"https:\/\/www.pigrecoemme.com\/blog\/wp-json\/wp\/v2\/posts\/631","targetHints":{"allow":["GET"]}}],"collection":[{"href":"https:\/\/www.pigrecoemme.com\/blog\/wp-json\/wp\/v2\/posts"}],"about":[{"href":"https:\/\/www.pigrecoemme.com\/blog\/wp-json\/wp\/v2\/types\/post"}],"author":[{"embeddable":true,"href":"https:\/\/www.pigrecoemme.com\/blog\/wp-json\/wp\/v2\/users\/1"}],"replies":[{"embeddable":true,"href":"https:\/\/www.pigrecoemme.com\/blog\/wp-json\/wp\/v2\/comments?post=631"}],"version-history":[{"count":0,"href":"https:\/\/www.pigrecoemme.com\/blog\/wp-json\/wp\/v2\/posts\/631\/revisions"}],"wp:attachment":[{"href":"https:\/\/www.pigrecoemme.com\/blog\/wp-json\/wp\/v2\/media?parent=631"}],"wp:term":[{"taxonomy":"category","embeddable":true,"href":"https:\/\/www.pigrecoemme.com\/blog\/wp-json\/wp\/v2\/categories?post=631"},{"taxonomy":"post_tag","embeddable":true,"href":"https:\/\/www.pigrecoemme.com\/blog\/wp-json\/wp\/v2\/tags?post=631"}],"curies":[{"name":"wp","href":"https:\/\/api.w.org\/{rel}","templated":true}]}}