{"id":627,"date":"2013-04-12T15:38:36","date_gmt":"2013-04-12T13:38:36","guid":{"rendered":"http:\/\/www.pigrecoemme.com\/blog\/?p=627"},"modified":"2017-01-27T12:08:11","modified_gmt":"2017-01-27T11:08:11","slug":"scuola-civica-del-cinema-e-casa-del-cinema-a-napoli","status":"publish","type":"post","link":"https:\/\/www.pigrecoemme.com\/blog\/scuola-civica-del-cinema-e-casa-del-cinema-a-napoli\/","title":{"rendered":"Per una Scuola Civica del Cinema e una Casa del Cinema a Napoli"},"content":{"rendered":"<p style=\"text-align: left;\">Pubblichiamo anche qui e su Facebook la lettera che abbiamo spedito ai giornali locali e che Repubblica ha pubblicato oggi, venerd\u00ec 12 aprile 2013.<\/p>\n<p>Vorremmo, anche dopo le giornate per la cultura, che si continuasse ad ipotizzare che<strong> Napoli si doti di una sua scuola pubblica di cinema e di una sua &#8220;casa del cinema&#8221;<\/strong>, facendo tesoro delle esperienza e delle capacit\u00e0 che gi\u00e0 sono attive sul territorio.<\/p>\n<h2>Ecco il testo dell&#8217;intervento<\/h2>\n<figure id=\"attachment_628\" aria-describedby=\"caption-attachment-628\" style=\"width: 104px\" class=\"wp-caption alignleft\"><a href=\"https:\/\/i0.wp.com\/www.pigrecoemme.com\/blog\/wp-content\/uploads\/2013\/04\/repubblica-lettera-casa-de-cinema-lq.jpg?ssl=1\"><img data-recalc-dims=\"1\" loading=\"lazy\" decoding=\"async\" class=\"size-medium wp-image-628 \" title=\"repubblica-lettera-casa-de-cinema-lq\" src=\"https:\/\/i0.wp.com\/www.pigrecoemme.com\/blog\/wp-content\/uploads\/2013\/04\/repubblica-lettera-casa-de-cinema-lq.jpg?resize=104%2C300&#038;ssl=1\" alt=\"la lettera su la Repubblica napoli del 14-04-2013\" width=\"104\" height=\"300\" srcset=\"https:\/\/i0.wp.com\/www.pigrecoemme.com\/blog\/wp-content\/uploads\/2013\/04\/repubblica-lettera-casa-de-cinema-lq.jpg?resize=104%2C300&amp;ssl=1 104w, https:\/\/i0.wp.com\/www.pigrecoemme.com\/blog\/wp-content\/uploads\/\/var\/www\/vhosts\/pigrecoemme.com\/httpdocs\/blog\/wp-content\/uploads\/2013\/04\/repubblica-lettera-casa-de-cinema-lq.jpg?zoom=2&amp;resize=104%2C300&amp;ssl=1 208w, https:\/\/i0.wp.com\/www.pigrecoemme.com\/blog\/wp-content\/uploads\/\/var\/www\/vhosts\/pigrecoemme.com\/httpdocs\/blog\/wp-content\/uploads\/2013\/04\/repubblica-lettera-casa-de-cinema-lq.jpg?zoom=3&amp;resize=104%2C300&amp;ssl=1 312w\" sizes=\"auto, (max-width: 104px) 100vw, 104px\" \/><\/a><figcaption id=\"caption-attachment-628\" class=\"wp-caption-text\">la lettera su la Repubblica napoli del 14-04-2013<\/figcaption><\/figure>\n<p>Le recenti Giornate per la Cultura organizzate dall&#8217;assessorato alla Cultura del Comune di Napoli si chiudono con un &#8220;documento programmatico finale&#8221; con il quale l&#8217;assessore Di Nocera e tutto Palazzo San Giacomo fanno proprie alcune istanze nate dal confronto tra gli operatori culturali napoletani e indicano alcune assolute <strong>priorit\u00e0<\/strong> da perseguire. Tra queste hanno una certa evidenza l&#8217;idea di costituire &#8220;<strong>scuole civiche<\/strong>&#8221; per le arti, il teatro e il cinema, e quella di dare vita a una &#8220;<strong>casa del cinema<\/strong>&#8221; napoletana.<\/p>\n<p>Le scuole civiche dovrebbero, nelle conclusioni dell&#8217;assessore, tener conto del &#8220;tessuto che esiste gi\u00e0&#8221;, laddove la casa del cinema potrebbe trovare spazio alla Casina del Boschetto in Villa comunale.<\/p>\n<p>Non possiamo che congratularci con l&#8217;assessore Di Nocera, sia per aver creato una simile occasione di confronto, sia per aver dato particolare attenzione a questi due succitati temi, sui quali gi\u00e0 in passato abbiamo dialogato con lei, personalmente e a mezzo stampa, condividendo molti pensieri e molte idee, compresi i modelli: la Scuola Civica di Cinema e Televisione di Milano e la Casa del Cinema di Roma, nella sua configurazione iniziale.<\/p>\n<p>Una proposta di dar vita alla casa del cinema che individuava precisamente nella Casina del Boschetto la sede possibile fu infatti avanzata dalla Mediateca Santa Sofia e dalla Scuola di Cinema Pigrecoemme gi\u00e0 nel 2007, mentre, nelle pagine napoletane de &#8220;La Repubblica&#8221; del 5 e dell&#8217;11 settembre 2010, uno <a href=\"https:\/\/www.pigrecoemme.com\/blog\/la-politica-culturale-a-napoli-e-in-campania-quali-prospettive-per-la-didattica-e-la-piccola-produzione\/\">scambio di opinioni<\/a> tra me e Antonella Di Nocera, all&#8217;epoca non ancora assessore, sulla necessit\u00e0 di dar vita ad una scuola civica di cinema a Napoli, ripercorreva una storia di occasioni mancate, come i mai realizzati <em>studios<\/em> di Bagnoli e la fallimentare Scuola del Documentario di Citt\u00e0 della Scienza, auspicando che per progetti simili si facesse riferimento all&#8217;esistente.<\/p>\n<p>A supporto di queste idee si \u00e8 mostrata, durante le Giornate per la Cultura, anche Legacoop Campania che, per bocca di Anna Ceprano, ha ribadito la necessit\u00e0 di riprendere il progetto di una scuola di arti sceniche, che ruoti intorno alle esperienze di alcune delle realt\u00e0 pi\u00f9 importanti del teatro italiano, e che, anche grazie a quanti sono impegnati da anni nella didattica audiovisiva, si possa presto aprire al settore cinematografico. Il cinema e il teatro napoletano, che da anni camminano insieme, dovrebbero divenire insomma, da frutto del genio e dello spirito, area di sistematico investimento, a partire proprio dalla formazione.<\/p>\n<p>Un plauso quindi, ad Antonella di Nocera, che ricoprendo oggi un difficile ruolo istituzionale si \u00e8 fatta portavoce e uditrice degli operatori del settore per una vera e propria <em>azione popolare<\/em> capace di ridisegnare, sui bisogni e le aspirazioni pi\u00f9 profonde della citt\u00e0, una filiera culturale ed economica, che annunci e costruisca l&#8217;auspicato riscatto.<\/p>\n<p align=\"right\">Corrado Morra<br \/>\nPresidente Scuola di cinema Pigrecoemme<\/p>\n<p align=\"right\"><a href=\"https:\/\/www.facebook.com\/groups\/casadelcinemanapoli\/\"><img data-recalc-dims=\"1\" loading=\"lazy\" decoding=\"async\" class=\"aligncenter size-full wp-image-630\" title=\"la-discussione-continua\" src=\"https:\/\/i0.wp.com\/www.pigrecoemme.com\/blog\/wp-content\/uploads\/2013\/04\/la-discussione-continua.png?resize=500%2C86&#038;ssl=1\" alt=\"\" width=\"500\" height=\"86\" srcset=\"https:\/\/i0.wp.com\/www.pigrecoemme.com\/blog\/wp-content\/uploads\/2013\/04\/la-discussione-continua.png?w=500&amp;ssl=1 500w, https:\/\/i0.wp.com\/www.pigrecoemme.com\/blog\/wp-content\/uploads\/2013\/04\/la-discussione-continua.png?resize=300%2C51&amp;ssl=1 300w\" sizes=\"auto, (max-width: 500px) 100vw, 500px\" \/><\/a><\/p>\n","protected":false},"excerpt":{"rendered":"<p>Pubblichiamo anche qui e su Facebook la lettera che abbiamo spedito ai giornali locali e che Repubblica ha pubblicato oggi, venerd\u00ec 12 aprile 2013. Vorremmo, anche dopo le giornate per la cultura, che si&hellip;<\/p>\n","protected":false},"author":2,"featured_media":0,"comment_status":"open","ping_status":"open","sticky":false,"template":"","format":"standard","meta":{"_jetpack_newsletter_access":"","_jetpack_dont_email_post_to_subs":true,"_jetpack_newsletter_tier_id":0,"_jetpack_memberships_contains_paywalled_content":false,"_jetpack_feature_clip_id":0,"_jetpack_memberships_contains_paid_content":false,"footnotes":"","jetpack_post_was_ever_published":false},"categories":[11,1,3,731],"tags":[797,796,77,793,1280],"class_list":["post-627","post","type-post","status-publish","format-standard","hentry","category-eventi","category-generale","category-scuola-di-cinema","category-segnalazioni","tag-casa-del-cinema","tag-giornate-per-la-cultura","tag-napoli","tag-scuola-civica-di-cinema","tag-scuola-di-cinema"],"yoast_head":"<!-- This site is optimized with the Yoast SEO plugin v28.3 - https:\/\/yoast.com\/product\/yoast-seo-wordpress\/ -->\n<title>Per una Scuola Civica del Cinema e una Casa del Cinema a Napoli<\/title>\n<meta name=\"robots\" content=\"index, follow, max-snippet:-1, max-image-preview:large, max-video-preview:-1\" \/>\n<link rel=\"canonical\" href=\"https:\/\/www.pigrecoemme.com\/blog\/scuola-civica-del-cinema-e-casa-del-cinema-a-napoli\/\" \/>\n<meta property=\"og:locale\" content=\"it_IT\" \/>\n<meta property=\"og:type\" content=\"article\" \/>\n<meta property=\"og:title\" content=\"Per una Scuola Civica del Cinema e una Casa del Cinema a Napoli\" \/>\n<meta property=\"og:description\" content=\"Pubblichiamo anche qui e su Facebook la lettera che abbiamo spedito ai giornali locali e che Repubblica ha pubblicato oggi, venerd\u00ec 12 aprile 2013. Vorremmo, anche dopo le giornate per la cultura, che si&hellip;\" \/>\n<meta property=\"og:url\" content=\"https:\/\/www.pigrecoemme.com\/blog\/scuola-civica-del-cinema-e-casa-del-cinema-a-napoli\/\" \/>\n<meta property=\"og:site_name\" content=\"Scuola di Cinema Pigrecoemme - Blog\" \/>\n<meta property=\"article:publisher\" content=\"https:\/\/www.facebook.com\/pigrecoemme\" \/>\n<meta property=\"article:author\" content=\"https:\/\/www.facebook.com\/corrado.morra1\" \/>\n<meta property=\"article:published_time\" content=\"2013-04-12T13:38:36+00:00\" \/>\n<meta property=\"article:modified_time\" content=\"2017-01-27T11:08:11+00:00\" \/>\n<meta property=\"og:image\" content=\"http:\/\/www.pigrecoemme.com\/blog\/wp-content\/uploads\/2013\/04\/repubblica-lettera-casa-de-cinema-lq-104x300.jpg\" \/>\n<meta name=\"author\" content=\"Corrado Morra\" \/>\n<meta name=\"twitter:card\" content=\"summary_large_image\" \/>\n<meta name=\"twitter:creator\" content=\"@Pigrecoemme\" \/>\n<meta name=\"twitter:site\" content=\"@Pigrecoemme\" \/>\n<meta name=\"twitter:label1\" content=\"Scritto da\" \/>\n\t<meta name=\"twitter:data1\" content=\"Corrado Morra\" \/>\n\t<meta name=\"twitter:label2\" content=\"Tempo di lettura stimato\" \/>\n\t<meta name=\"twitter:data2\" content=\"3 minuti\" \/>\n<script type=\"application\/ld+json\" class=\"yoast-schema-graph\">{\"@context\":\"https:\\\/\\\/schema.org\",\"@graph\":[{\"@type\":[\"Article\",\"BlogPosting\"],\"@id\":\"https:\\\/\\\/www.pigrecoemme.com\\\/blog\\\/scuola-civica-del-cinema-e-casa-del-cinema-a-napoli\\\/#article\",\"isPartOf\":{\"@id\":\"https:\\\/\\\/www.pigrecoemme.com\\\/blog\\\/scuola-civica-del-cinema-e-casa-del-cinema-a-napoli\\\/\"},\"author\":{\"name\":\"Corrado Morra\",\"@id\":\"https:\\\/\\\/www.pigrecoemme.com\\\/blog\\\/#\\\/schema\\\/person\\\/702764b5ecda4c2f34e82348789f649e\"},\"headline\":\"Per una Scuola Civica del Cinema e una Casa del Cinema a Napoli\",\"datePublished\":\"2013-04-12T13:38:36+00:00\",\"dateModified\":\"2017-01-27T11:08:11+00:00\",\"mainEntityOfPage\":{\"@id\":\"https:\\\/\\\/www.pigrecoemme.com\\\/blog\\\/scuola-civica-del-cinema-e-casa-del-cinema-a-napoli\\\/\"},\"wordCount\":553,\"commentCount\":0,\"publisher\":{\"@id\":\"https:\\\/\\\/www.pigrecoemme.com\\\/blog\\\/#organization\"},\"image\":{\"@id\":\"https:\\\/\\\/www.pigrecoemme.com\\\/blog\\\/scuola-civica-del-cinema-e-casa-del-cinema-a-napoli\\\/#primaryimage\"},\"thumbnailUrl\":\"http:\\\/\\\/www.pigrecoemme.com\\\/blog\\\/wp-content\\\/uploads\\\/2013\\\/04\\\/repubblica-lettera-casa-de-cinema-lq-104x300.jpg\",\"keywords\":[\"casa del cinema\",\"giornate per la cultura\",\"napoli\",\"scuola civica di cinema\",\"Scuola di cinema\"],\"articleSection\":[\"Eventi\",\"Generale\",\"Scuola di cinema\",\"Segnalazioni\"],\"inLanguage\":\"it-IT\",\"potentialAction\":[{\"@type\":\"CommentAction\",\"name\":\"Comment\",\"target\":[\"https:\\\/\\\/www.pigrecoemme.com\\\/blog\\\/scuola-civica-del-cinema-e-casa-del-cinema-a-napoli\\\/#respond\"]}]},{\"@type\":\"WebPage\",\"@id\":\"https:\\\/\\\/www.pigrecoemme.com\\\/blog\\\/scuola-civica-del-cinema-e-casa-del-cinema-a-napoli\\\/\",\"url\":\"https:\\\/\\\/www.pigrecoemme.com\\\/blog\\\/scuola-civica-del-cinema-e-casa-del-cinema-a-napoli\\\/\",\"name\":\"Per una Scuola Civica del Cinema e una Casa del Cinema a Napoli\",\"isPartOf\":{\"@id\":\"https:\\\/\\\/www.pigrecoemme.com\\\/blog\\\/#website\"},\"primaryImageOfPage\":{\"@id\":\"https:\\\/\\\/www.pigrecoemme.com\\\/blog\\\/scuola-civica-del-cinema-e-casa-del-cinema-a-napoli\\\/#primaryimage\"},\"image\":{\"@id\":\"https:\\\/\\\/www.pigrecoemme.com\\\/blog\\\/scuola-civica-del-cinema-e-casa-del-cinema-a-napoli\\\/#primaryimage\"},\"thumbnailUrl\":\"http:\\\/\\\/www.pigrecoemme.com\\\/blog\\\/wp-content\\\/uploads\\\/2013\\\/04\\\/repubblica-lettera-casa-de-cinema-lq-104x300.jpg\",\"datePublished\":\"2013-04-12T13:38:36+00:00\",\"dateModified\":\"2017-01-27T11:08:11+00:00\",\"breadcrumb\":{\"@id\":\"https:\\\/\\\/www.pigrecoemme.com\\\/blog\\\/scuola-civica-del-cinema-e-casa-del-cinema-a-napoli\\\/#breadcrumb\"},\"inLanguage\":\"it-IT\",\"potentialAction\":[{\"@type\":\"ReadAction\",\"target\":[\"https:\\\/\\\/www.pigrecoemme.com\\\/blog\\\/scuola-civica-del-cinema-e-casa-del-cinema-a-napoli\\\/\"]}]},{\"@type\":\"ImageObject\",\"inLanguage\":\"it-IT\",\"@id\":\"https:\\\/\\\/www.pigrecoemme.com\\\/blog\\\/scuola-civica-del-cinema-e-casa-del-cinema-a-napoli\\\/#primaryimage\",\"url\":\"http:\\\/\\\/www.pigrecoemme.com\\\/blog\\\/wp-content\\\/uploads\\\/2013\\\/04\\\/repubblica-lettera-casa-de-cinema-lq-104x300.jpg\",\"contentUrl\":\"http:\\\/\\\/www.pigrecoemme.com\\\/blog\\\/wp-content\\\/uploads\\\/2013\\\/04\\\/repubblica-lettera-casa-de-cinema-lq-104x300.jpg\"},{\"@type\":\"BreadcrumbList\",\"@id\":\"https:\\\/\\\/www.pigrecoemme.com\\\/blog\\\/scuola-civica-del-cinema-e-casa-del-cinema-a-napoli\\\/#breadcrumb\",\"itemListElement\":[{\"@type\":\"ListItem\",\"position\":1,\"name\":\"Home\",\"item\":\"https:\\\/\\\/www.pigrecoemme.com\\\/blog\\\/\"},{\"@type\":\"ListItem\",\"position\":2,\"name\":\"Per una Scuola Civica del Cinema e una Casa del Cinema a Napoli\"}]},{\"@type\":\"WebSite\",\"@id\":\"https:\\\/\\\/www.pigrecoemme.com\\\/blog\\\/#website\",\"url\":\"https:\\\/\\\/www.pigrecoemme.com\\\/blog\\\/\",\"name\":\"Scuola di Cinema Pigrecoemme - Blog\",\"description\":\"Siamo la prima Scuola di Cinema e Fotografia di Napoli\",\"publisher\":{\"@id\":\"https:\\\/\\\/www.pigrecoemme.com\\\/blog\\\/#organization\"},\"potentialAction\":[{\"@type\":\"SearchAction\",\"target\":{\"@type\":\"EntryPoint\",\"urlTemplate\":\"https:\\\/\\\/www.pigrecoemme.com\\\/blog\\\/?s={search_term_string}\"},\"query-input\":{\"@type\":\"PropertyValueSpecification\",\"valueRequired\":true,\"valueName\":\"search_term_string\"}}],\"inLanguage\":\"it-IT\"},{\"@type\":\"Organization\",\"@id\":\"https:\\\/\\\/www.pigrecoemme.com\\\/blog\\\/#organization\",\"name\":\"Scuola di cinema e fotografia Pigrecoemme\",\"url\":\"https:\\\/\\\/www.pigrecoemme.com\\\/blog\\\/\",\"logo\":{\"@type\":\"ImageObject\",\"inLanguage\":\"it-IT\",\"@id\":\"https:\\\/\\\/www.pigrecoemme.com\\\/blog\\\/#\\\/schema\\\/logo\\\/image\\\/\",\"url\":\"https:\\\/\\\/i0.wp.com\\\/www.pigrecoemme.com\\\/blog\\\/wp-content\\\/uploads\\\/2018\\\/06\\\/logo-pigrecoemme-2018.png?fit=500%2C500&ssl=1\",\"contentUrl\":\"https:\\\/\\\/i0.wp.com\\\/www.pigrecoemme.com\\\/blog\\\/wp-content\\\/uploads\\\/2018\\\/06\\\/logo-pigrecoemme-2018.png?fit=500%2C500&ssl=1\",\"width\":500,\"height\":500,\"caption\":\"Scuola di cinema e fotografia Pigrecoemme\"},\"image\":{\"@id\":\"https:\\\/\\\/www.pigrecoemme.com\\\/blog\\\/#\\\/schema\\\/logo\\\/image\\\/\"},\"sameAs\":[\"https:\\\/\\\/www.facebook.com\\\/pigrecoemme\",\"https:\\\/\\\/x.com\\\/Pigrecoemme\",\"https:\\\/\\\/www.instagram.com\\\/pigrecoemme\\\/\",\"https:\\\/\\\/www.linkedin.com\\\/company\\\/pigrecoemme\\\/\",\"https:\\\/\\\/www.youtube.com\\\/pigrecoemme\"]},{\"@type\":\"Person\",\"@id\":\"https:\\\/\\\/www.pigrecoemme.com\\\/blog\\\/#\\\/schema\\\/person\\\/702764b5ecda4c2f34e82348789f649e\",\"name\":\"Corrado Morra\",\"image\":{\"@type\":\"ImageObject\",\"inLanguage\":\"it-IT\",\"@id\":\"https:\\\/\\\/secure.gravatar.com\\\/avatar\\\/f6ce2f6728fbdf920737112fe70682512808577befa2c9c7845c04a8449b8f03?s=96&r=g\",\"url\":\"https:\\\/\\\/secure.gravatar.com\\\/avatar\\\/f6ce2f6728fbdf920737112fe70682512808577befa2c9c7845c04a8449b8f03?s=96&r=g\",\"contentUrl\":\"https:\\\/\\\/secure.gravatar.com\\\/avatar\\\/f6ce2f6728fbdf920737112fe70682512808577befa2c9c7845c04a8449b8f03?s=96&r=g\",\"caption\":\"Corrado Morra\"},\"description\":\"Esperto di arti visive e di cinema, insegna Sceneggiatura alla Scuola di cinema Pigrecoemme di Napoli, di cui \u00e8 tra i fondatori.\",\"sameAs\":[\"http:\\\/\\\/www.pigrecoemme.com\\\/\",\"https:\\\/\\\/www.facebook.com\\\/corrado.morra1\"],\"url\":\"https:\\\/\\\/www.pigrecoemme.com\\\/blog\\\/author\\\/corrado-morra\\\/\"}]}<\/script>\n<!-- \/ Yoast SEO plugin. -->","yoast_head_json":{"title":"Per una Scuola Civica del Cinema e una Casa del Cinema a Napoli","robots":{"index":"index","follow":"follow","max-snippet":"max-snippet:-1","max-image-preview":"max-image-preview:large","max-video-preview":"max-video-preview:-1"},"canonical":"https:\/\/www.pigrecoemme.com\/blog\/scuola-civica-del-cinema-e-casa-del-cinema-a-napoli\/","og_locale":"it_IT","og_type":"article","og_title":"Per una Scuola Civica del Cinema e una Casa del Cinema a Napoli","og_description":"Pubblichiamo anche qui e su Facebook la lettera che abbiamo spedito ai giornali locali e che Repubblica ha pubblicato oggi, venerd\u00ec 12 aprile 2013. Vorremmo, anche dopo le giornate per la cultura, che si&hellip;","og_url":"https:\/\/www.pigrecoemme.com\/blog\/scuola-civica-del-cinema-e-casa-del-cinema-a-napoli\/","og_site_name":"Scuola di Cinema Pigrecoemme - Blog","article_publisher":"https:\/\/www.facebook.com\/pigrecoemme","article_author":"https:\/\/www.facebook.com\/corrado.morra1","article_published_time":"2013-04-12T13:38:36+00:00","article_modified_time":"2017-01-27T11:08:11+00:00","og_image":[{"url":"http:\/\/www.pigrecoemme.com\/blog\/wp-content\/uploads\/2013\/04\/repubblica-lettera-casa-de-cinema-lq-104x300.jpg","type":"","width":"","height":""}],"author":"Corrado Morra","twitter_card":"summary_large_image","twitter_creator":"@Pigrecoemme","twitter_site":"@Pigrecoemme","twitter_misc":{"Scritto da":"Corrado Morra","Tempo di lettura stimato":"3 minuti"},"schema":{"@context":"https:\/\/schema.org","@graph":[{"@type":["Article","BlogPosting"],"@id":"https:\/\/www.pigrecoemme.com\/blog\/scuola-civica-del-cinema-e-casa-del-cinema-a-napoli\/#article","isPartOf":{"@id":"https:\/\/www.pigrecoemme.com\/blog\/scuola-civica-del-cinema-e-casa-del-cinema-a-napoli\/"},"author":{"name":"Corrado Morra","@id":"https:\/\/www.pigrecoemme.com\/blog\/#\/schema\/person\/702764b5ecda4c2f34e82348789f649e"},"headline":"Per una Scuola Civica del Cinema e una Casa del Cinema a Napoli","datePublished":"2013-04-12T13:38:36+00:00","dateModified":"2017-01-27T11:08:11+00:00","mainEntityOfPage":{"@id":"https:\/\/www.pigrecoemme.com\/blog\/scuola-civica-del-cinema-e-casa-del-cinema-a-napoli\/"},"wordCount":553,"commentCount":0,"publisher":{"@id":"https:\/\/www.pigrecoemme.com\/blog\/#organization"},"image":{"@id":"https:\/\/www.pigrecoemme.com\/blog\/scuola-civica-del-cinema-e-casa-del-cinema-a-napoli\/#primaryimage"},"thumbnailUrl":"http:\/\/www.pigrecoemme.com\/blog\/wp-content\/uploads\/2013\/04\/repubblica-lettera-casa-de-cinema-lq-104x300.jpg","keywords":["casa del cinema","giornate per la cultura","napoli","scuola civica di cinema","Scuola di cinema"],"articleSection":["Eventi","Generale","Scuola di cinema","Segnalazioni"],"inLanguage":"it-IT","potentialAction":[{"@type":"CommentAction","name":"Comment","target":["https:\/\/www.pigrecoemme.com\/blog\/scuola-civica-del-cinema-e-casa-del-cinema-a-napoli\/#respond"]}]},{"@type":"WebPage","@id":"https:\/\/www.pigrecoemme.com\/blog\/scuola-civica-del-cinema-e-casa-del-cinema-a-napoli\/","url":"https:\/\/www.pigrecoemme.com\/blog\/scuola-civica-del-cinema-e-casa-del-cinema-a-napoli\/","name":"Per una Scuola Civica del Cinema e una Casa del Cinema a Napoli","isPartOf":{"@id":"https:\/\/www.pigrecoemme.com\/blog\/#website"},"primaryImageOfPage":{"@id":"https:\/\/www.pigrecoemme.com\/blog\/scuola-civica-del-cinema-e-casa-del-cinema-a-napoli\/#primaryimage"},"image":{"@id":"https:\/\/www.pigrecoemme.com\/blog\/scuola-civica-del-cinema-e-casa-del-cinema-a-napoli\/#primaryimage"},"thumbnailUrl":"http:\/\/www.pigrecoemme.com\/blog\/wp-content\/uploads\/2013\/04\/repubblica-lettera-casa-de-cinema-lq-104x300.jpg","datePublished":"2013-04-12T13:38:36+00:00","dateModified":"2017-01-27T11:08:11+00:00","breadcrumb":{"@id":"https:\/\/www.pigrecoemme.com\/blog\/scuola-civica-del-cinema-e-casa-del-cinema-a-napoli\/#breadcrumb"},"inLanguage":"it-IT","potentialAction":[{"@type":"ReadAction","target":["https:\/\/www.pigrecoemme.com\/blog\/scuola-civica-del-cinema-e-casa-del-cinema-a-napoli\/"]}]},{"@type":"ImageObject","inLanguage":"it-IT","@id":"https:\/\/www.pigrecoemme.com\/blog\/scuola-civica-del-cinema-e-casa-del-cinema-a-napoli\/#primaryimage","url":"http:\/\/www.pigrecoemme.com\/blog\/wp-content\/uploads\/2013\/04\/repubblica-lettera-casa-de-cinema-lq-104x300.jpg","contentUrl":"http:\/\/www.pigrecoemme.com\/blog\/wp-content\/uploads\/2013\/04\/repubblica-lettera-casa-de-cinema-lq-104x300.jpg"},{"@type":"BreadcrumbList","@id":"https:\/\/www.pigrecoemme.com\/blog\/scuola-civica-del-cinema-e-casa-del-cinema-a-napoli\/#breadcrumb","itemListElement":[{"@type":"ListItem","position":1,"name":"Home","item":"https:\/\/www.pigrecoemme.com\/blog\/"},{"@type":"ListItem","position":2,"name":"Per una Scuola Civica del Cinema e una Casa del Cinema a Napoli"}]},{"@type":"WebSite","@id":"https:\/\/www.pigrecoemme.com\/blog\/#website","url":"https:\/\/www.pigrecoemme.com\/blog\/","name":"Scuola di Cinema Pigrecoemme - Blog","description":"Siamo la prima Scuola di Cinema e Fotografia di Napoli","publisher":{"@id":"https:\/\/www.pigrecoemme.com\/blog\/#organization"},"potentialAction":[{"@type":"SearchAction","target":{"@type":"EntryPoint","urlTemplate":"https:\/\/www.pigrecoemme.com\/blog\/?s={search_term_string}"},"query-input":{"@type":"PropertyValueSpecification","valueRequired":true,"valueName":"search_term_string"}}],"inLanguage":"it-IT"},{"@type":"Organization","@id":"https:\/\/www.pigrecoemme.com\/blog\/#organization","name":"Scuola di cinema e fotografia Pigrecoemme","url":"https:\/\/www.pigrecoemme.com\/blog\/","logo":{"@type":"ImageObject","inLanguage":"it-IT","@id":"https:\/\/www.pigrecoemme.com\/blog\/#\/schema\/logo\/image\/","url":"https:\/\/i0.wp.com\/www.pigrecoemme.com\/blog\/wp-content\/uploads\/2018\/06\/logo-pigrecoemme-2018.png?fit=500%2C500&ssl=1","contentUrl":"https:\/\/i0.wp.com\/www.pigrecoemme.com\/blog\/wp-content\/uploads\/2018\/06\/logo-pigrecoemme-2018.png?fit=500%2C500&ssl=1","width":500,"height":500,"caption":"Scuola di cinema e fotografia Pigrecoemme"},"image":{"@id":"https:\/\/www.pigrecoemme.com\/blog\/#\/schema\/logo\/image\/"},"sameAs":["https:\/\/www.facebook.com\/pigrecoemme","https:\/\/x.com\/Pigrecoemme","https:\/\/www.instagram.com\/pigrecoemme\/","https:\/\/www.linkedin.com\/company\/pigrecoemme\/","https:\/\/www.youtube.com\/pigrecoemme"]},{"@type":"Person","@id":"https:\/\/www.pigrecoemme.com\/blog\/#\/schema\/person\/702764b5ecda4c2f34e82348789f649e","name":"Corrado Morra","image":{"@type":"ImageObject","inLanguage":"it-IT","@id":"https:\/\/secure.gravatar.com\/avatar\/f6ce2f6728fbdf920737112fe70682512808577befa2c9c7845c04a8449b8f03?s=96&r=g","url":"https:\/\/secure.gravatar.com\/avatar\/f6ce2f6728fbdf920737112fe70682512808577befa2c9c7845c04a8449b8f03?s=96&r=g","contentUrl":"https:\/\/secure.gravatar.com\/avatar\/f6ce2f6728fbdf920737112fe70682512808577befa2c9c7845c04a8449b8f03?s=96&r=g","caption":"Corrado Morra"},"description":"Esperto di arti visive e di cinema, insegna Sceneggiatura alla Scuola di cinema Pigrecoemme di Napoli, di cui \u00e8 tra i fondatori.","sameAs":["http:\/\/www.pigrecoemme.com\/","https:\/\/www.facebook.com\/corrado.morra1"],"url":"https:\/\/www.pigrecoemme.com\/blog\/author\/corrado-morra\/"}]}},"jetpack_sharing_enabled":true,"jetpack_likes_enabled":true,"jetpack-related-posts":[{"id":266,"url":"https:\/\/www.pigrecoemme.com\/blog\/la-politica-culturale-a-napoli-e-in-campania-quali-prospettive-per-la-didattica-e-la-piccola-produzione\/","url_meta":{"origin":627,"position":0},"title":"La politica culturale a Napoli e in Campania. Quali prospettive per la didattica e la piccola produzione?","author":"Giacomo Fabbrocino","date":"13 Settembre 2010","format":false,"excerpt":"Quella che segue \u00e8 la lettera sulla politica culturale a Napoli e in Campania scritta dal presidente di Pigrecoemme, Corardo Morra e pubblicata sabato 11 settembre su La Repubblica di Napoli. Lo scorso 5 settembre, su queste pagine, Antonella Di Nocera, direttrice dell\u2019Arci Movie, ha ripreso la discussione sulle politiche\u2026","rel":"","context":"In &quot;Generale&quot;","block_context":{"text":"Generale","link":"https:\/\/www.pigrecoemme.com\/blog\/generale\/"},"img":{"alt_text":"","src":"","width":0,"height":0},"classes":[]},{"id":179,"url":"https:\/\/www.pigrecoemme.com\/blog\/al-via-il-nuovo-anno-di-studi-della-scuola-di-cinema-e-televisione-pigrecoemme-di-napoli\/","url_meta":{"origin":627,"position":1},"title":"Al via il nuovo anno di studi della Scuola di cinema e televisione Pigrecoemme di Napoli","author":"Giacomo Fabbrocino","date":"16 Ottobre 2009","format":false,"excerpt":"Tutto pronto per il nuovo anno di studi della Scuola di cinema e televisione Pigrecoemme: corsi di cinema, fotografia e, per il secondo anno, di recitazione. Scuola Di Cinema Pigrecoemm... by Scuola di cinema Pigrecoemme Parte gioved\u00ec 29 ottobre, con la prima lezione di Regia, il Master in Cinema della\u2026","rel":"","context":"In &quot;Scuola di cinema&quot;","block_context":{"text":"Scuola di cinema","link":"https:\/\/www.pigrecoemme.com\/blog\/scuola-di-cinema\/"},"img":{"alt_text":"","src":"https:\/\/i0.wp.com\/www.pigrecoemme.com\/blog\/wp-content\/uploads\/2009\/10\/1-lucio-allocca-sul-un-set-di-pigrecoemme.jpg?resize=350%2C200&ssl=1","width":350,"height":200,"srcset":"https:\/\/i0.wp.com\/www.pigrecoemme.com\/blog\/wp-content\/uploads\/2009\/10\/1-lucio-allocca-sul-un-set-di-pigrecoemme.jpg?resize=350%2C200&ssl=1 1x, https:\/\/i0.wp.com\/www.pigrecoemme.com\/blog\/wp-content\/uploads\/2009\/10\/1-lucio-allocca-sul-un-set-di-pigrecoemme.jpg?resize=525%2C300&ssl=1 1.5x, https:\/\/i0.wp.com\/www.pigrecoemme.com\/blog\/wp-content\/uploads\/2009\/10\/1-lucio-allocca-sul-un-set-di-pigrecoemme.jpg?resize=700%2C400&ssl=1 2x"},"classes":[]},{"id":108,"url":"https:\/\/www.pigrecoemme.com\/blog\/sabato-13-dicembre-cortometraggi-al-trip-di-via-martucci-napoli\/","url_meta":{"origin":627,"position":2},"title":"Sabato 13 dicembre cortometraggi al TRIP di Via Martucci, Napoli.","author":"Giacomo Fabbrocino","date":"5 Dicembre 2008","format":false,"excerpt":"Serata dedicata al mondo del cinema, con particolare riguardo alle produzioni indipendenti di cortometraggi, quella di sabato 13 dicembre 2008, al Trip. Ricco il programma dell'evento, organizzato dallo spazio di Via Martucci con la Scuola di cinema di Napoli Pigrecoemme, che parte alle ore 18,00 con un incontro-dibattito sul tema\u2026","rel":"","context":"In &quot;Eventi&quot;","block_context":{"text":"Eventi","link":"https:\/\/www.pigrecoemme.com\/blog\/eventi\/"},"img":{"alt_text":"","src":"https:\/\/i0.wp.com\/www.pigrecoemme.com\/blog\/wp-content\/uploads\/2008\/12\/locandinafilmfestivalen2008-205x300.jpg?resize=350%2C200","width":350,"height":200},"classes":[]},{"id":137,"url":"https:\/\/www.pigrecoemme.com\/blog\/io-non-ho-paura-sul-venerdi\/","url_meta":{"origin":627,"position":3},"title":"Io ho paura sul Venerd\u00ec","author":"Corrado Morra","date":"20 Marzo 2009","format":false,"excerpt":"Un'intervista allo scrittore Ermanno Rea, a cura di Emilio Marrese, raccoglie la suggestione di un'inchesta fotografica, semplice e forse per questo devastante: le paure dei napoletani. L'articolo, sul Venerd\u00ec di Repubblica in edicola oggi, parte infatti da una mostra fotografica - \"Io ho paura\" - organizzata, anche se il giornale\u2026","rel":"","context":"In &quot;Eventi&quot;","block_context":{"text":"Eventi","link":"https:\/\/www.pigrecoemme.com\/blog\/eventi\/"},"img":{"alt_text":"","src":"https:\/\/i0.wp.com\/www.pigrecoemme.com\/blog\/wp-content\/uploads\/2009\/03\/venerdi-300x192.jpg?resize=350%2C200","width":350,"height":200},"classes":[]},{"id":186,"url":"https:\/\/www.pigrecoemme.com\/blog\/pigrecoemme-cerca-giovani-fotografi\/","url_meta":{"origin":627,"position":4},"title":"Pigrecoemme cerca giovani fotografi","author":"Giacomo Fabbrocino","date":"8 Novembre 2009","format":false,"excerpt":"La Scuola di cinema Pigrecoemme cerca giovani fotografi per promuoverne il lavoro con una serie di mostre ed un catalogo di prossima pubblicazione. Per questa ragione Pigrecoemme organizza due incontri \u2013 marted\u00ec 10 novembre e marted\u00ec I dicembre 2009 \u2013 aperti a quanti, fotografi professionisti, fotoamatori o semplici curiosi, vogliano\u2026","rel":"","context":"In &quot;Eventi&quot;","block_context":{"text":"Eventi","link":"https:\/\/www.pigrecoemme.com\/blog\/eventi\/"},"img":{"alt_text":"In giro per la citt\u00e0..pedalando pedalando..","src":"https:\/\/i0.wp.com\/farm3.static.flickr.com\/2559\/3713421668_cc43ed957e_m.jpg?resize=350%2C200","width":350,"height":200},"classes":[]},{"id":204,"url":"https:\/\/www.pigrecoemme.com\/blog\/la-scuola-di-cinema-pigrecoemme-cerca-fotografi-incontro-martedi-23-febbraio\/","url_meta":{"origin":627,"position":5},"title":"La Scuola di cinema Pigrecoemme cerca fotografi. Incontro marted\u00ec 23 febbraio","author":"Giacomo Fabbrocino","date":"18 Febbraio 2010","format":false,"excerpt":"Dopo la collaborazione con la prestigiosa rassegna l'Arte della felicit\u00e0 e con l'associazione Achab, che anche quest'anno produrr\u00e0 con Pigrecoemme un'importante mostra fotografica di prossima vernice, continua la ricerca di nuovi fotografi che la Scuola di cinema e fotografia di Napoli ha intrapreso ormai da tempo. Obiettivo: la promozione del\u2026","rel":"","context":"In &quot;Fotografia&quot;","block_context":{"text":"Fotografia","link":"https:\/\/www.pigrecoemme.com\/blog\/fotografia\/"},"img":{"alt_text":"MonTI RoSa","src":"https:\/\/i0.wp.com\/farm5.static.flickr.com\/4061\/4365998774_f3a5b64138.jpg?resize=350%2C200","width":350,"height":200},"classes":[]}],"jetpack_featured_media_url":"","_links":{"self":[{"href":"https:\/\/www.pigrecoemme.com\/blog\/wp-json\/wp\/v2\/posts\/627","targetHints":{"allow":["GET"]}}],"collection":[{"href":"https:\/\/www.pigrecoemme.com\/blog\/wp-json\/wp\/v2\/posts"}],"about":[{"href":"https:\/\/www.pigrecoemme.com\/blog\/wp-json\/wp\/v2\/types\/post"}],"author":[{"embeddable":true,"href":"https:\/\/www.pigrecoemme.com\/blog\/wp-json\/wp\/v2\/users\/2"}],"replies":[{"embeddable":true,"href":"https:\/\/www.pigrecoemme.com\/blog\/wp-json\/wp\/v2\/comments?post=627"}],"version-history":[{"count":0,"href":"https:\/\/www.pigrecoemme.com\/blog\/wp-json\/wp\/v2\/posts\/627\/revisions"}],"wp:attachment":[{"href":"https:\/\/www.pigrecoemme.com\/blog\/wp-json\/wp\/v2\/media?parent=627"}],"wp:term":[{"taxonomy":"category","embeddable":true,"href":"https:\/\/www.pigrecoemme.com\/blog\/wp-json\/wp\/v2\/categories?post=627"},{"taxonomy":"post_tag","embeddable":true,"href":"https:\/\/www.pigrecoemme.com\/blog\/wp-json\/wp\/v2\/tags?post=627"}],"curies":[{"name":"wp","href":"https:\/\/api.w.org\/{rel}","templated":true}]}}