{"id":622,"date":"2013-04-05T10:23:06","date_gmt":"2013-04-05T08:23:06","guid":{"rendered":"http:\/\/www.pigrecoemme.com\/blog\/?p=622"},"modified":"2013-04-10T15:19:10","modified_gmt":"2013-04-10T13:19:10","slug":"storie-in-tre-scatti","status":"publish","type":"post","link":"https:\/\/www.pigrecoemme.com\/blog\/storie-in-tre-scatti\/","title":{"rendered":"Storie in tre scatti. Al Portanova Caf\u00e8, una mostra di fotogiornalismo e incontri gratuiti"},"content":{"rendered":"<p><a href=\"https:\/\/i0.wp.com\/www.pigrecoemme.com\/blog\/wp-content\/uploads\/2013\/04\/invito-mostra-storie-in-tre-scatti.jpg?ssl=1\"><img data-recalc-dims=\"1\" loading=\"lazy\" decoding=\"async\" class=\"alignleft size-medium wp-image-624\" title=\"Storie in tre scatti - Mostra di fotogiornalismo a Napoli\" src=\"https:\/\/i0.wp.com\/www.pigrecoemme.com\/blog\/wp-content\/uploads\/2013\/04\/invito-mostra-storie-in-tre-scatti.jpg?resize=300%2C300&#038;ssl=1\" alt=\"\" width=\"300\" height=\"300\" srcset=\"https:\/\/i0.wp.com\/www.pigrecoemme.com\/blog\/wp-content\/uploads\/2013\/04\/invito-mostra-storie-in-tre-scatti.jpg?resize=300%2C300&amp;ssl=1 300w, https:\/\/i0.wp.com\/www.pigrecoemme.com\/blog\/wp-content\/uploads\/2013\/04\/invito-mostra-storie-in-tre-scatti.jpg?resize=150%2C150&amp;ssl=1 150w, https:\/\/i0.wp.com\/www.pigrecoemme.com\/blog\/wp-content\/uploads\/2013\/04\/invito-mostra-storie-in-tre-scatti.jpg?w=1028&amp;ssl=1 1028w\" sizes=\"auto, (max-width: 300px) 100vw, 300px\" \/><\/a>Dieci giorni dedicati al <strong>Fotogiornalismo <\/strong>alla <strong>Pigrecoemme<\/strong>, con una mostra al <strong>Portanova Caf\u00e8<\/strong> e incontri gratuiti nella sede della Scuola di cinema e fotografia di Piazza Portanova a Napoli.<\/p>\n<h3>La mostra<\/h3>\n<p><strong> <\/strong><\/p>\n<p><strong>Paola Bruno<\/strong>, <strong>Mario Capuano<\/strong>, <strong>Valeria Ferraro<\/strong>, <strong>Luca Leva<\/strong>, <strong>Renato Orsini<\/strong>, <strong>Domenica Pinto<\/strong>, sei partecipanti ai <a href=\"http:\/\/www.pigrecoemme.com\/corso-fotografia\/corso-di-fotogiornalismo-reportage-napoli.htm\">corsi e agli incontri di Fotografia<\/a> della <strong>Pigrecoemme <\/strong>si sono impegnati, per diversi mesi, nella ricerca della narrazione fotografica: \u00e8 nata cos\u00ec \u201cStorie in tre scatti\u201d, una piccola, ma solida mostra ospitata dal <strong>Portanova Caf\u00e8<\/strong>, il <em>lounge bar<\/em> di Piazza Portanova 8 che, sin dall\u2019apertura dello scorso anno, ambisce sempre pi\u00f9 ad essere uno dei punti di riferimento dell\u2019intrattenimento e della vita culturale del centro storico.<br \/>\nL\u2019esposizione sar\u00e0 inaugurata <strong>marted\u00ec 9 aprile 2013<\/strong> alle <strong>ore 17,30<\/strong> e potr\u00e0 essere visitata <strong>fino a<\/strong> <strong>sabato 27 aprile 2013<\/strong>.<br \/>\nOgni autore esporr\u00e0 tre scatti: sei cronache, tutte narrate attraverso una concentrazione straordinaria di elementi; storie drammatiche o leggere, ma sempre complesse e coinvolgenti come la condizione umana.<\/p>\n<h3>Gli incontri gratuiti<\/h3>\n<p>\u00c8 per <strong>sabato 13 aprile<\/strong><strong> (dalle 16.00 alle 19.00)<\/strong>, invece, negli spazi della Scuola di cinema e fotografia <strong>Pigrecoemme <\/strong>(Piazza Portanova 11) una lezione di <a href=\"http:\/\/www.pigrecoemme.com\/corso-fotografia\/luca-sorbo.htm\"><strong><\/strong><strong>Luca Sorb<\/strong>o<\/a> <strong>aperta a tutti<\/strong> sul linguaggio del Fotogiornalismo.<br \/>\nInfine, <strong>mercoled\u00ec 17 aprile <\/strong><span><strong>(dalle 16,30 alle 19.00)<\/strong><\/span>, sempre alla Pigrecoemme, incontro gratuito con la fotografa e regista iraniana <strong>Maryan Raz<\/strong>, che parler\u00e0 delle potenzialit\u00e0 del racconto fotografico, in relazione al linguaggio cinematografico e presenter\u00e0 un lavoro fotografico realizzato di recente a Teheran.<\/p>\n<h3>Gli autori in mostra<\/h3>\n<p><strong>Paola Bruno<\/strong>, con delicatezza e partecipazione, racconta la storia di una piccola comunit\u00e0 Rom provenienti dalla ex Jugoslavia, tra cui Valentina e Marco, che vivono, con sei figli, al campo case rosa, a Scampia. \u00c8 il giorno di San Michele e nella baracca si festeggia. Tutt\u2019intorno, \u00e8 il solito degrado di un quotidiano fatto di stenti, ma ora c\u2019\u00e8 una tavola imbandita da onorare e, compiuto il rito del pane, si comincia tutti insieme a festeggiare.<\/p>\n<p><strong>Mario Capuano<\/strong>, invece, si concentra su una sua antica passione: la sala da biliardo. Nelle sue foto, in un crogiuolo di sentimenti e di situazioni, si mescolano nostalgia, adrenalina, dettagli spiazzanti, giochi di luce, colori, rumori ed emozioni, sotto i riflettori di un tavolo da biliardo, che, per una sera, diventa il centro del mondo.<\/p>\n<p><strong>Valeria Ferraro<\/strong>, con \u201cTodos Queremos Trabajo!\u201d mette lo spettatore al centro di due straordinarie manifestazioni di piazza che, tra il febbraio e il marzo del 2012, hanno invaso Madrid e Barcellona. All\u2019indomani dell\u2019annuncio del premier Mariano Rajoy della disastrosa riforma del mercato del lavoro, gli spagnoli, gi\u00e0 esasperati dalla situazione economica del Paese, decidono di reagire con veemenza, continuando, con nuove forme, la protesta degli \u201cindignados\u201d, scoppiata l\u2019anno prima. Quella di Madrid \u00e8 uno scossone, ma \u00e8 quella di Barcellona del 29 marzo, che avr\u00e0 le ripercussioni maggiori: iniziata come momento di dissenso civile e pacifico, degenera e sfocia in momenti di rabbia collettiva e di violenza da parte delle forze dell\u2019ordine.<\/p>\n<p><strong>Luca Leva<\/strong> ci presenta un viaggio a Sarajevo dove i segni della recente guerra, che l\u2019ha assediata per quattro anni consecutivi, disegnano le quinte del tenero e inevitabile tentativo da parte dei cittadini di dimenticare l\u2019orrore o, meglio, di cercare di superarlo, immaginandosi una vita quotidiana, fatta di piccole cose. Tutt\u2019intorno, palazzi sventrati, cimiteri delle vittime del conflitto \u2013 undicimila i morti accertati \u2013 presenti in ogni spazio pubblico utile, silenzi e una sensazione di sospensione di grande tensione, come se, da un momento all\u2019altro, l\u2019aria dovesse deflagrare in una ripresa devastante della guerra.<\/p>\n<p><strong>Renato Orsini<\/strong>, con un\u2019attenzione calibratissima e uno sguardo pieno di curiosit\u00e0 umana e, insieme, antropologica, ci porta al matrimonio di Patty \u2013 Patty delle lucciole \u2013, un tempo Mario, che un intero vicolo oggi festeggia. Procede fiera nel suo vestito bianco, Patty, con la corona tra i capelli che le scendono lungo il velo, stretta nel suo vestito immacolato che tutte le donne del vicolo sembrano invidiare. Appena pi\u00f9 in l\u00e0, tra la gioia del basso dove abita e il tripudio del vicolo intero, c\u2019\u00e8 Via Toledo, dove Patty dovr\u00e0 affrontare gli sguardi non pi\u00f9 complici del mondo. Ma il vicolo \u00e8 dalla sua parte e questo basta a sentirsi per sempre donna.<\/p>\n<p><strong>Domenica Pinto<\/strong>, silenziosa e discreta osservatrice, ci apre le porte di una scuola di Maxixe, in Mozambico, dove, ogni giorno, centinaia di bambini arrivano dal mato (i cespugli) per seguire le lezioni. Pinto, simpateticamente, sgrana i suoi occhi su gli occhi sgranati di questi bimbi, dove si scorge la mestizia di un velo di antico dolore, ma anche l\u2019orizzonte incerto eppure tutto nuovo di un domani migliore.<\/p>\n","protected":false},"excerpt":{"rendered":"<p>Dieci giorni dedicati al Fotogiornalismo alla Pigrecoemme, con una mostra al Portanova Caf\u00e8 e incontri gratuiti nella sede della Scuola di cinema e fotografia di Piazza Portanova a Napoli. La mostra Paola Bruno, Mario&hellip;<\/p>\n","protected":false},"author":2,"featured_media":0,"comment_status":"open","ping_status":"open","sticky":false,"template":"","format":"standard","meta":{"_jetpack_newsletter_access":"","_jetpack_dont_email_post_to_subs":false,"_jetpack_newsletter_tier_id":0,"_jetpack_memberships_contains_paywalled_content":false,"_jetpack_feature_clip_id":0,"_jetpack_memberships_contains_paid_content":false,"footnotes":"","jetpack_post_was_ever_published":false},"categories":[11,21,1,299,12,3,731],"tags":[357,74,792,790,789,788,787,791,579,523],"class_list":["post-622","post","type-post","status-publish","format-standard","hentry","category-eventi","category-fotografia","category-generale","category-foto-della-settimana","category-produzioni","category-scuola-di-cinema","category-segnalazioni","tag-corsi-di-cinema","tag-corsi-di-fotografia","tag-corso-di-foto","tag-domenica-pinto","tag-luca-leva","tag-mario-capuano","tag-paola-bruno","tag-portanova-cafe","tag-renato-orsini","tag-valeria-ferraro"],"yoast_head":"<!-- This site is optimized with the Yoast SEO plugin v28.3 - https:\/\/yoast.com\/product\/yoast-seo-wordpress\/ -->\n<title>Storie in tre scatti. Al Portanova Caf\u00e8, una mostra di fotogiornalismo e incontri gratuiti<\/title>\n<meta name=\"robots\" content=\"index, follow, max-snippet:-1, max-image-preview:large, max-video-preview:-1\" \/>\n<link rel=\"canonical\" href=\"https:\/\/www.pigrecoemme.com\/blog\/storie-in-tre-scatti\/\" \/>\n<meta property=\"og:locale\" content=\"it_IT\" \/>\n<meta property=\"og:type\" content=\"article\" \/>\n<meta property=\"og:title\" content=\"Storie in tre scatti. Al Portanova Caf\u00e8, una mostra di fotogiornalismo e incontri gratuiti\" \/>\n<meta property=\"og:description\" content=\"Dieci giorni dedicati al Fotogiornalismo alla Pigrecoemme, con una mostra al Portanova Caf\u00e8 e incontri gratuiti nella sede della Scuola di cinema e fotografia di Piazza Portanova a Napoli. La mostra Paola Bruno, Mario&hellip;\" \/>\n<meta property=\"og:url\" content=\"https:\/\/www.pigrecoemme.com\/blog\/storie-in-tre-scatti\/\" \/>\n<meta property=\"og:site_name\" content=\"Scuola di Cinema Pigrecoemme - Blog\" \/>\n<meta property=\"article:publisher\" content=\"https:\/\/www.facebook.com\/pigrecoemme\" \/>\n<meta property=\"article:author\" content=\"https:\/\/www.facebook.com\/corrado.morra1\" \/>\n<meta property=\"article:published_time\" content=\"2013-04-05T08:23:06+00:00\" \/>\n<meta property=\"article:modified_time\" content=\"2013-04-10T13:19:10+00:00\" \/>\n<meta property=\"og:image\" content=\"http:\/\/www.pigrecoemme.com\/blog\/wp-content\/uploads\/2013\/04\/invito-mostra-storie-in-tre-scatti-300x300.jpg\" \/>\n<meta name=\"author\" content=\"Corrado Morra\" \/>\n<meta name=\"twitter:card\" content=\"summary_large_image\" \/>\n<meta name=\"twitter:creator\" content=\"@Pigrecoemme\" \/>\n<meta name=\"twitter:site\" content=\"@Pigrecoemme\" \/>\n<meta name=\"twitter:label1\" content=\"Scritto da\" \/>\n\t<meta name=\"twitter:data1\" content=\"Corrado Morra\" \/>\n\t<meta name=\"twitter:label2\" content=\"Tempo di lettura stimato\" \/>\n\t<meta name=\"twitter:data2\" content=\"4 minuti\" \/>\n<script type=\"application\/ld+json\" class=\"yoast-schema-graph\">{\"@context\":\"https:\\\/\\\/schema.org\",\"@graph\":[{\"@type\":[\"Article\",\"BlogPosting\"],\"@id\":\"https:\\\/\\\/www.pigrecoemme.com\\\/blog\\\/storie-in-tre-scatti\\\/#article\",\"isPartOf\":{\"@id\":\"https:\\\/\\\/www.pigrecoemme.com\\\/blog\\\/storie-in-tre-scatti\\\/\"},\"author\":{\"name\":\"Corrado Morra\",\"@id\":\"https:\\\/\\\/www.pigrecoemme.com\\\/blog\\\/#\\\/schema\\\/person\\\/702764b5ecda4c2f34e82348789f649e\"},\"headline\":\"Storie in tre scatti. Al Portanova Caf\u00e8, una mostra di fotogiornalismo e incontri gratuiti\",\"datePublished\":\"2013-04-05T08:23:06+00:00\",\"dateModified\":\"2013-04-10T13:19:10+00:00\",\"mainEntityOfPage\":{\"@id\":\"https:\\\/\\\/www.pigrecoemme.com\\\/blog\\\/storie-in-tre-scatti\\\/\"},\"wordCount\":764,\"commentCount\":0,\"publisher\":{\"@id\":\"https:\\\/\\\/www.pigrecoemme.com\\\/blog\\\/#organization\"},\"image\":{\"@id\":\"https:\\\/\\\/www.pigrecoemme.com\\\/blog\\\/storie-in-tre-scatti\\\/#primaryimage\"},\"thumbnailUrl\":\"http:\\\/\\\/www.pigrecoemme.com\\\/blog\\\/wp-content\\\/uploads\\\/2013\\\/04\\\/invito-mostra-storie-in-tre-scatti-300x300.jpg\",\"keywords\":[\"corsi di cinema\",\"corsi di fotografia\",\"corso di foto\",\"Domenica Pinto\",\"Luca Leva\",\"Mario Capuano\",\"Paola Bruno\",\"Portanova Caf\u00e8\",\"renato orsini\",\"Valeria Ferraro\"],\"articleSection\":[\"Eventi\",\"Fotografia\",\"Generale\",\"La foto della settimana\",\"Produzioni\",\"Scuola di cinema\",\"Segnalazioni\"],\"inLanguage\":\"it-IT\",\"potentialAction\":[{\"@type\":\"CommentAction\",\"name\":\"Comment\",\"target\":[\"https:\\\/\\\/www.pigrecoemme.com\\\/blog\\\/storie-in-tre-scatti\\\/#respond\"]}]},{\"@type\":\"WebPage\",\"@id\":\"https:\\\/\\\/www.pigrecoemme.com\\\/blog\\\/storie-in-tre-scatti\\\/\",\"url\":\"https:\\\/\\\/www.pigrecoemme.com\\\/blog\\\/storie-in-tre-scatti\\\/\",\"name\":\"Storie in tre scatti. Al Portanova Caf\u00e8, una mostra di fotogiornalismo e incontri gratuiti\",\"isPartOf\":{\"@id\":\"https:\\\/\\\/www.pigrecoemme.com\\\/blog\\\/#website\"},\"primaryImageOfPage\":{\"@id\":\"https:\\\/\\\/www.pigrecoemme.com\\\/blog\\\/storie-in-tre-scatti\\\/#primaryimage\"},\"image\":{\"@id\":\"https:\\\/\\\/www.pigrecoemme.com\\\/blog\\\/storie-in-tre-scatti\\\/#primaryimage\"},\"thumbnailUrl\":\"http:\\\/\\\/www.pigrecoemme.com\\\/blog\\\/wp-content\\\/uploads\\\/2013\\\/04\\\/invito-mostra-storie-in-tre-scatti-300x300.jpg\",\"datePublished\":\"2013-04-05T08:23:06+00:00\",\"dateModified\":\"2013-04-10T13:19:10+00:00\",\"breadcrumb\":{\"@id\":\"https:\\\/\\\/www.pigrecoemme.com\\\/blog\\\/storie-in-tre-scatti\\\/#breadcrumb\"},\"inLanguage\":\"it-IT\",\"potentialAction\":[{\"@type\":\"ReadAction\",\"target\":[\"https:\\\/\\\/www.pigrecoemme.com\\\/blog\\\/storie-in-tre-scatti\\\/\"]}]},{\"@type\":\"ImageObject\",\"inLanguage\":\"it-IT\",\"@id\":\"https:\\\/\\\/www.pigrecoemme.com\\\/blog\\\/storie-in-tre-scatti\\\/#primaryimage\",\"url\":\"http:\\\/\\\/www.pigrecoemme.com\\\/blog\\\/wp-content\\\/uploads\\\/2013\\\/04\\\/invito-mostra-storie-in-tre-scatti-300x300.jpg\",\"contentUrl\":\"http:\\\/\\\/www.pigrecoemme.com\\\/blog\\\/wp-content\\\/uploads\\\/2013\\\/04\\\/invito-mostra-storie-in-tre-scatti-300x300.jpg\"},{\"@type\":\"BreadcrumbList\",\"@id\":\"https:\\\/\\\/www.pigrecoemme.com\\\/blog\\\/storie-in-tre-scatti\\\/#breadcrumb\",\"itemListElement\":[{\"@type\":\"ListItem\",\"position\":1,\"name\":\"Home\",\"item\":\"https:\\\/\\\/www.pigrecoemme.com\\\/blog\\\/\"},{\"@type\":\"ListItem\",\"position\":2,\"name\":\"Storie in tre scatti. Al Portanova Caf\u00e8, una mostra di fotogiornalismo e incontri gratuiti\"}]},{\"@type\":\"WebSite\",\"@id\":\"https:\\\/\\\/www.pigrecoemme.com\\\/blog\\\/#website\",\"url\":\"https:\\\/\\\/www.pigrecoemme.com\\\/blog\\\/\",\"name\":\"Scuola di Cinema Pigrecoemme - Blog\",\"description\":\"Siamo la prima Scuola di Cinema e Fotografia di Napoli\",\"publisher\":{\"@id\":\"https:\\\/\\\/www.pigrecoemme.com\\\/blog\\\/#organization\"},\"potentialAction\":[{\"@type\":\"SearchAction\",\"target\":{\"@type\":\"EntryPoint\",\"urlTemplate\":\"https:\\\/\\\/www.pigrecoemme.com\\\/blog\\\/?s={search_term_string}\"},\"query-input\":{\"@type\":\"PropertyValueSpecification\",\"valueRequired\":true,\"valueName\":\"search_term_string\"}}],\"inLanguage\":\"it-IT\"},{\"@type\":\"Organization\",\"@id\":\"https:\\\/\\\/www.pigrecoemme.com\\\/blog\\\/#organization\",\"name\":\"Scuola di cinema e fotografia Pigrecoemme\",\"url\":\"https:\\\/\\\/www.pigrecoemme.com\\\/blog\\\/\",\"logo\":{\"@type\":\"ImageObject\",\"inLanguage\":\"it-IT\",\"@id\":\"https:\\\/\\\/www.pigrecoemme.com\\\/blog\\\/#\\\/schema\\\/logo\\\/image\\\/\",\"url\":\"https:\\\/\\\/i0.wp.com\\\/www.pigrecoemme.com\\\/blog\\\/wp-content\\\/uploads\\\/2018\\\/06\\\/logo-pigrecoemme-2018.png?fit=500%2C500&ssl=1\",\"contentUrl\":\"https:\\\/\\\/i0.wp.com\\\/www.pigrecoemme.com\\\/blog\\\/wp-content\\\/uploads\\\/2018\\\/06\\\/logo-pigrecoemme-2018.png?fit=500%2C500&ssl=1\",\"width\":500,\"height\":500,\"caption\":\"Scuola di cinema e fotografia Pigrecoemme\"},\"image\":{\"@id\":\"https:\\\/\\\/www.pigrecoemme.com\\\/blog\\\/#\\\/schema\\\/logo\\\/image\\\/\"},\"sameAs\":[\"https:\\\/\\\/www.facebook.com\\\/pigrecoemme\",\"https:\\\/\\\/x.com\\\/Pigrecoemme\",\"https:\\\/\\\/www.instagram.com\\\/pigrecoemme\\\/\",\"https:\\\/\\\/www.linkedin.com\\\/company\\\/pigrecoemme\\\/\",\"https:\\\/\\\/www.youtube.com\\\/pigrecoemme\"]},{\"@type\":\"Person\",\"@id\":\"https:\\\/\\\/www.pigrecoemme.com\\\/blog\\\/#\\\/schema\\\/person\\\/702764b5ecda4c2f34e82348789f649e\",\"name\":\"Corrado Morra\",\"image\":{\"@type\":\"ImageObject\",\"inLanguage\":\"it-IT\",\"@id\":\"https:\\\/\\\/secure.gravatar.com\\\/avatar\\\/f6ce2f6728fbdf920737112fe70682512808577befa2c9c7845c04a8449b8f03?s=96&r=g\",\"url\":\"https:\\\/\\\/secure.gravatar.com\\\/avatar\\\/f6ce2f6728fbdf920737112fe70682512808577befa2c9c7845c04a8449b8f03?s=96&r=g\",\"contentUrl\":\"https:\\\/\\\/secure.gravatar.com\\\/avatar\\\/f6ce2f6728fbdf920737112fe70682512808577befa2c9c7845c04a8449b8f03?s=96&r=g\",\"caption\":\"Corrado Morra\"},\"description\":\"Esperto di arti visive e di cinema, insegna Sceneggiatura alla Scuola di cinema Pigrecoemme di Napoli, di cui \u00e8 tra i fondatori.\",\"sameAs\":[\"http:\\\/\\\/www.pigrecoemme.com\\\/\",\"https:\\\/\\\/www.facebook.com\\\/corrado.morra1\"],\"url\":\"https:\\\/\\\/www.pigrecoemme.com\\\/blog\\\/author\\\/corrado-morra\\\/\"}]}<\/script>\n<!-- \/ Yoast SEO plugin. -->","yoast_head_json":{"title":"Storie in tre scatti. Al Portanova Caf\u00e8, una mostra di fotogiornalismo e incontri gratuiti","robots":{"index":"index","follow":"follow","max-snippet":"max-snippet:-1","max-image-preview":"max-image-preview:large","max-video-preview":"max-video-preview:-1"},"canonical":"https:\/\/www.pigrecoemme.com\/blog\/storie-in-tre-scatti\/","og_locale":"it_IT","og_type":"article","og_title":"Storie in tre scatti. Al Portanova Caf\u00e8, una mostra di fotogiornalismo e incontri gratuiti","og_description":"Dieci giorni dedicati al Fotogiornalismo alla Pigrecoemme, con una mostra al Portanova Caf\u00e8 e incontri gratuiti nella sede della Scuola di cinema e fotografia di Piazza Portanova a Napoli. La mostra Paola Bruno, Mario&hellip;","og_url":"https:\/\/www.pigrecoemme.com\/blog\/storie-in-tre-scatti\/","og_site_name":"Scuola di Cinema Pigrecoemme - Blog","article_publisher":"https:\/\/www.facebook.com\/pigrecoemme","article_author":"https:\/\/www.facebook.com\/corrado.morra1","article_published_time":"2013-04-05T08:23:06+00:00","article_modified_time":"2013-04-10T13:19:10+00:00","og_image":[{"url":"http:\/\/www.pigrecoemme.com\/blog\/wp-content\/uploads\/2013\/04\/invito-mostra-storie-in-tre-scatti-300x300.jpg","type":"","width":"","height":""}],"author":"Corrado Morra","twitter_card":"summary_large_image","twitter_creator":"@Pigrecoemme","twitter_site":"@Pigrecoemme","twitter_misc":{"Scritto da":"Corrado Morra","Tempo di lettura stimato":"4 minuti"},"schema":{"@context":"https:\/\/schema.org","@graph":[{"@type":["Article","BlogPosting"],"@id":"https:\/\/www.pigrecoemme.com\/blog\/storie-in-tre-scatti\/#article","isPartOf":{"@id":"https:\/\/www.pigrecoemme.com\/blog\/storie-in-tre-scatti\/"},"author":{"name":"Corrado Morra","@id":"https:\/\/www.pigrecoemme.com\/blog\/#\/schema\/person\/702764b5ecda4c2f34e82348789f649e"},"headline":"Storie in tre scatti. Al Portanova Caf\u00e8, una mostra di fotogiornalismo e incontri gratuiti","datePublished":"2013-04-05T08:23:06+00:00","dateModified":"2013-04-10T13:19:10+00:00","mainEntityOfPage":{"@id":"https:\/\/www.pigrecoemme.com\/blog\/storie-in-tre-scatti\/"},"wordCount":764,"commentCount":0,"publisher":{"@id":"https:\/\/www.pigrecoemme.com\/blog\/#organization"},"image":{"@id":"https:\/\/www.pigrecoemme.com\/blog\/storie-in-tre-scatti\/#primaryimage"},"thumbnailUrl":"http:\/\/www.pigrecoemme.com\/blog\/wp-content\/uploads\/2013\/04\/invito-mostra-storie-in-tre-scatti-300x300.jpg","keywords":["corsi di cinema","corsi di fotografia","corso di foto","Domenica Pinto","Luca Leva","Mario Capuano","Paola Bruno","Portanova Caf\u00e8","renato orsini","Valeria Ferraro"],"articleSection":["Eventi","Fotografia","Generale","La foto della settimana","Produzioni","Scuola di cinema","Segnalazioni"],"inLanguage":"it-IT","potentialAction":[{"@type":"CommentAction","name":"Comment","target":["https:\/\/www.pigrecoemme.com\/blog\/storie-in-tre-scatti\/#respond"]}]},{"@type":"WebPage","@id":"https:\/\/www.pigrecoemme.com\/blog\/storie-in-tre-scatti\/","url":"https:\/\/www.pigrecoemme.com\/blog\/storie-in-tre-scatti\/","name":"Storie in tre scatti. Al Portanova Caf\u00e8, una mostra di fotogiornalismo e incontri gratuiti","isPartOf":{"@id":"https:\/\/www.pigrecoemme.com\/blog\/#website"},"primaryImageOfPage":{"@id":"https:\/\/www.pigrecoemme.com\/blog\/storie-in-tre-scatti\/#primaryimage"},"image":{"@id":"https:\/\/www.pigrecoemme.com\/blog\/storie-in-tre-scatti\/#primaryimage"},"thumbnailUrl":"http:\/\/www.pigrecoemme.com\/blog\/wp-content\/uploads\/2013\/04\/invito-mostra-storie-in-tre-scatti-300x300.jpg","datePublished":"2013-04-05T08:23:06+00:00","dateModified":"2013-04-10T13:19:10+00:00","breadcrumb":{"@id":"https:\/\/www.pigrecoemme.com\/blog\/storie-in-tre-scatti\/#breadcrumb"},"inLanguage":"it-IT","potentialAction":[{"@type":"ReadAction","target":["https:\/\/www.pigrecoemme.com\/blog\/storie-in-tre-scatti\/"]}]},{"@type":"ImageObject","inLanguage":"it-IT","@id":"https:\/\/www.pigrecoemme.com\/blog\/storie-in-tre-scatti\/#primaryimage","url":"http:\/\/www.pigrecoemme.com\/blog\/wp-content\/uploads\/2013\/04\/invito-mostra-storie-in-tre-scatti-300x300.jpg","contentUrl":"http:\/\/www.pigrecoemme.com\/blog\/wp-content\/uploads\/2013\/04\/invito-mostra-storie-in-tre-scatti-300x300.jpg"},{"@type":"BreadcrumbList","@id":"https:\/\/www.pigrecoemme.com\/blog\/storie-in-tre-scatti\/#breadcrumb","itemListElement":[{"@type":"ListItem","position":1,"name":"Home","item":"https:\/\/www.pigrecoemme.com\/blog\/"},{"@type":"ListItem","position":2,"name":"Storie in tre scatti. Al Portanova Caf\u00e8, una mostra di fotogiornalismo e incontri gratuiti"}]},{"@type":"WebSite","@id":"https:\/\/www.pigrecoemme.com\/blog\/#website","url":"https:\/\/www.pigrecoemme.com\/blog\/","name":"Scuola di Cinema Pigrecoemme - Blog","description":"Siamo la prima Scuola di Cinema e Fotografia di Napoli","publisher":{"@id":"https:\/\/www.pigrecoemme.com\/blog\/#organization"},"potentialAction":[{"@type":"SearchAction","target":{"@type":"EntryPoint","urlTemplate":"https:\/\/www.pigrecoemme.com\/blog\/?s={search_term_string}"},"query-input":{"@type":"PropertyValueSpecification","valueRequired":true,"valueName":"search_term_string"}}],"inLanguage":"it-IT"},{"@type":"Organization","@id":"https:\/\/www.pigrecoemme.com\/blog\/#organization","name":"Scuola di cinema e fotografia Pigrecoemme","url":"https:\/\/www.pigrecoemme.com\/blog\/","logo":{"@type":"ImageObject","inLanguage":"it-IT","@id":"https:\/\/www.pigrecoemme.com\/blog\/#\/schema\/logo\/image\/","url":"https:\/\/i0.wp.com\/www.pigrecoemme.com\/blog\/wp-content\/uploads\/2018\/06\/logo-pigrecoemme-2018.png?fit=500%2C500&ssl=1","contentUrl":"https:\/\/i0.wp.com\/www.pigrecoemme.com\/blog\/wp-content\/uploads\/2018\/06\/logo-pigrecoemme-2018.png?fit=500%2C500&ssl=1","width":500,"height":500,"caption":"Scuola di cinema e fotografia Pigrecoemme"},"image":{"@id":"https:\/\/www.pigrecoemme.com\/blog\/#\/schema\/logo\/image\/"},"sameAs":["https:\/\/www.facebook.com\/pigrecoemme","https:\/\/x.com\/Pigrecoemme","https:\/\/www.instagram.com\/pigrecoemme\/","https:\/\/www.linkedin.com\/company\/pigrecoemme\/","https:\/\/www.youtube.com\/pigrecoemme"]},{"@type":"Person","@id":"https:\/\/www.pigrecoemme.com\/blog\/#\/schema\/person\/702764b5ecda4c2f34e82348789f649e","name":"Corrado Morra","image":{"@type":"ImageObject","inLanguage":"it-IT","@id":"https:\/\/secure.gravatar.com\/avatar\/f6ce2f6728fbdf920737112fe70682512808577befa2c9c7845c04a8449b8f03?s=96&r=g","url":"https:\/\/secure.gravatar.com\/avatar\/f6ce2f6728fbdf920737112fe70682512808577befa2c9c7845c04a8449b8f03?s=96&r=g","contentUrl":"https:\/\/secure.gravatar.com\/avatar\/f6ce2f6728fbdf920737112fe70682512808577befa2c9c7845c04a8449b8f03?s=96&r=g","caption":"Corrado Morra"},"description":"Esperto di arti visive e di cinema, insegna Sceneggiatura alla Scuola di cinema Pigrecoemme di Napoli, di cui \u00e8 tra i fondatori.","sameAs":["http:\/\/www.pigrecoemme.com\/","https:\/\/www.facebook.com\/corrado.morra1"],"url":"https:\/\/www.pigrecoemme.com\/blog\/author\/corrado-morra\/"}]}},"jetpack_sharing_enabled":true,"jetpack_likes_enabled":true,"jetpack-related-posts":[{"id":536,"url":"https:\/\/www.pigrecoemme.com\/blog\/alla-pigrecoemme-incontri-gratuiti-con-la-royal-photographic-society-e-l%e2%80%99agenzia-graffiti-di-roma\/","url_meta":{"origin":622,"position":0},"title":"Alla Pigrecoemme, incontri gratuiti con la Royal Photographic Society e l\u2019agenzia Graffiti di Roma","author":"Corrado Morra","date":"17 Settembre 2012","format":false,"excerpt":"Fine settembre all'insegna della Fotografia alla\u00a0Scuola di Cinema e Fotografia\u00a0Pigrecoemme\u00a0di Napoli, con un doppio, imperdibile evento:\u00a0sabato 29 settembre, alle\u00a0ore 16,00, nella sede della Scuola di\u00a0Piazza Portanova 11, ci sar\u00e0 un incontro con\u00a0Olivio Argenti, presidente del\u00a0CIRPS - Capitolo italiano\u00a0della\u00a0Royal Photographic Society,\u00a0la\u00a0prima e pi\u00f9 importante associazione fotografica al mondo,\u00a0Durante la serata,\u00a0Luca Sorbo,\u00a0responsabile\u2026","rel":"","context":"In &quot;Eventi&quot;","block_context":{"text":"Eventi","link":"https:\/\/www.pigrecoemme.com\/blog\/eventi\/"},"img":{"alt_text":"","src":"https:\/\/i0.wp.com\/www.pigrecoemme.com\/blog\/wp-content\/uploads\/2012\/09\/rps-300x113.jpg?resize=350%2C200","width":350,"height":200},"classes":[]},{"id":216,"url":"https:\/\/www.pigrecoemme.com\/blog\/nuovo-incontro-fotografico-il-25-marzo\/","url_meta":{"origin":622,"position":1},"title":"Nuovo incontro fotografico il 25 marzo","author":"Giacomo Fabbrocino","date":"20 Marzo 2010","format":false,"excerpt":"Nuovo incontro: gioved\u00ec 25 marzo 2010 h. 17.00-20.00 presso Scuola di Cinema Pigrecoemme Piazza Portanova 11, Napoli. Dopo la collaborazione con la prestigiosa rassegna l\u2019Arte della felicit\u00e0 e con l\u2019associazione Achab, che anche quest\u2019anno produrr\u00e0 con Pigrecoemme un\u2019importante mostra fotografica di prossima vernice, e dopo l'esperienza di \"La Mia Napoli\"\u2026","rel":"","context":"In &quot;Eventi&quot;","block_context":{"text":"Eventi","link":"https:\/\/www.pigrecoemme.com\/blog\/eventi\/"},"img":{"alt_text":"","src":"","width":0,"height":0},"classes":[]},{"id":822,"url":"https:\/\/www.pigrecoemme.com\/blog\/incontri-fotografici-itaca\/","url_meta":{"origin":622,"position":2},"title":"Gli Incontri fotografici della Pigrecoemme approdano all&#8217;Itaca di Renato Orsini","author":"Corrado Morra","date":"26 Aprile 2014","format":false,"excerpt":"Mercoled\u00ec 30 aprile, dalle ore 17,00 alle 19,00, nell\u2019ambito della rassegna Incontri fotografici della Scuola di cinema e fotografia Pigrecoemme di Napoli, Renato Orsini presenta ITACA, il suo ultimo progetto fotografico, un viaggio emozionante in bianco e nero che, attraverso forti contrasti e una capacit\u00e0 sbalorditiva di scovare particolari epifanici,\u2026","rel":"","context":"In &quot;Eventi&quot;","block_context":{"text":"Eventi","link":"https:\/\/www.pigrecoemme.com\/blog\/eventi\/"},"img":{"alt_text":"","src":"https:\/\/i0.wp.com\/www.pigrecoemme.com\/blog\/wp-content\/uploads\/2014\/04\/renato-orsini.png?resize=350%2C200","width":350,"height":200},"classes":[]},{"id":492,"url":"https:\/\/www.pigrecoemme.com\/blog\/sabato-21-aprile-aniello-barone-terra-un-incontro-lezione-gratuito-sulla-fotografia\/","url_meta":{"origin":622,"position":3},"title":"Sabato 21 aprile Aniello Barone terr\u00e0 un incontro-lezione gratuito sulla fotografia","author":"Corrado Morra","date":"17 Aprile 2012","format":false,"excerpt":"Continuano, alla Scuola di cinema e fotografia Pigrecoemme di Napoli, gli incontri dedicati ai grandi fotografi. Sabato 21 aprile 2012, Aniello Barone sar\u00e0, cos\u00ec, negli spazi di Piazza Portanova, per un incontro-lezione, che avr\u00e0 il compito di tracciare le linee principali del suo affascinante percorso artistico e professionale. L\u2019appuntamento, dalle\u2026","rel":"","context":"In &quot;Eventi&quot;","block_context":{"text":"Eventi","link":"https:\/\/www.pigrecoemme.com\/blog\/eventi\/"},"img":{"alt_text":"","src":"https:\/\/i0.wp.com\/www.pigrecoemme.com\/blog\/wp-content\/uploads\/2012\/04\/aniello-barone1-300x200.jpg?resize=350%2C200","width":350,"height":200},"classes":[]},{"id":631,"url":"https:\/\/www.pigrecoemme.com\/blog\/incontro-con-la-fotografa-e-regista-iraniana-maryam-raz\/","url_meta":{"origin":622,"position":4},"title":"Incontro con la fotografa e regista iraniana Maryam Raz","author":"Giacomo Fabbrocino","date":"13 Aprile 2013","format":false,"excerpt":"Continuano le iniziative dedicate al Fotogiornalismo dalla Pigrecoemme. Dopo l\u2019inaugurazione di \u201cStorie in tre scatti\u201d, la mostra al Portanova Caf\u00e8 (Piazza Portanova 8), visitabile fino al 27 aprile, e \u00a0la lezione aperta a tutti di introduzione al Fotogiornalismo a cura di Luca Sorbo dello scorso 13 aprile, \u00e8 ora la\u2026","rel":"","context":"In &quot;Eventi&quot;","block_context":{"text":"Eventi","link":"https:\/\/www.pigrecoemme.com\/blog\/eventi\/"},"img":{"alt_text":"","src":"https:\/\/i0.wp.com\/www.pigrecoemme.com\/blog\/wp-content\/uploads\/2013\/04\/maryam-raz-iran-project-1.jpg?resize=350%2C200","width":350,"height":200},"classes":[]},{"id":169,"url":"https:\/\/www.pigrecoemme.com\/blog\/fotogiornalismo-incontro-con-luciano-ferrara\/","url_meta":{"origin":622,"position":5},"title":"Fotogiornalismo: incontro con Luciano Ferrara","author":"Giacomo Fabbrocino","date":"15 Settembre 2009","format":false,"excerpt":"Venerd\u00ec 25 settembre 2009 alle 17,00, negli spazi della Scuola di cinema Pigrecoemme (a Napoli, in Piazza Portanova 11), lo storico della fotografia Luca Sorbo ed il critico d'arte Corrado Morra incontrano Luciano Ferrara, uno dei pi\u00f9 rappresentativi fotoreporter italiani. Luciano Ferrara \u00e8 una presenza costante a Napoli raccontando, da\u2026","rel":"","context":"In &quot;Eventi&quot;","block_context":{"text":"Eventi","link":"https:\/\/www.pigrecoemme.com\/blog\/eventi\/"},"img":{"alt_text":"Una foto di Luciano Ferrara","src":"https:\/\/i0.wp.com\/www.pigrecoemme.com\/blog\/wp-content\/uploads\/2009\/09\/luciano-ferrara-300x209.jpg?resize=350%2C200","width":350,"height":200},"classes":[]}],"jetpack_featured_media_url":"","_links":{"self":[{"href":"https:\/\/www.pigrecoemme.com\/blog\/wp-json\/wp\/v2\/posts\/622","targetHints":{"allow":["GET"]}}],"collection":[{"href":"https:\/\/www.pigrecoemme.com\/blog\/wp-json\/wp\/v2\/posts"}],"about":[{"href":"https:\/\/www.pigrecoemme.com\/blog\/wp-json\/wp\/v2\/types\/post"}],"author":[{"embeddable":true,"href":"https:\/\/www.pigrecoemme.com\/blog\/wp-json\/wp\/v2\/users\/2"}],"replies":[{"embeddable":true,"href":"https:\/\/www.pigrecoemme.com\/blog\/wp-json\/wp\/v2\/comments?post=622"}],"version-history":[{"count":0,"href":"https:\/\/www.pigrecoemme.com\/blog\/wp-json\/wp\/v2\/posts\/622\/revisions"}],"wp:attachment":[{"href":"https:\/\/www.pigrecoemme.com\/blog\/wp-json\/wp\/v2\/media?parent=622"}],"wp:term":[{"taxonomy":"category","embeddable":true,"href":"https:\/\/www.pigrecoemme.com\/blog\/wp-json\/wp\/v2\/categories?post=622"},{"taxonomy":"post_tag","embeddable":true,"href":"https:\/\/www.pigrecoemme.com\/blog\/wp-json\/wp\/v2\/tags?post=622"}],"curies":[{"name":"wp","href":"https:\/\/api.w.org\/{rel}","templated":true}]}}