{"id":62,"date":"2008-06-09T17:12:47","date_gmt":"2008-06-09T15:12:47","guid":{"rendered":"http:\/\/www.pigrecoemme.com\/blog\/casting-per-il-cortometraggio-di-fine-anno\/"},"modified":"2008-06-09T17:16:00","modified_gmt":"2008-06-09T15:16:00","slug":"casting-per-il-cortometraggio-di-fine-anno","status":"publish","type":"post","link":"https:\/\/www.pigrecoemme.com\/blog\/casting-per-il-cortometraggio-di-fine-anno\/","title":{"rendered":"Casting per il cortometraggio di fine anno"},"content":{"rendered":"<p>Siamo arrivati all&#8217;ultima fase del corso Master della Scuola di cinema Pigrecoemme che prevede la realizzazione del cortometraggio finale. Quest&#8217;anno, la sceneggiatura che \u00e8 venuta fuori, secondo me, \u00e8 decisamente interessante. Una storia che ruota intorno al padre di una figura misteriosa e fragile, un giovane autistico di cui, come un&#8217;epifania liberatoria, alla fine del racconto impareremo a scorgere la ricchezza. Sullo sfondo, una vetrina che sembra una finestra su un mondo magico, una madre che la sofferenza non ha piegato e un vortice veloce di immagini come una vertigine&#8230;<br \/>\nColoro che vogliono partecipare alle selezioni, come attori, sono pregati di telefonarci al numero <strong>081 5635188<\/strong> o di inviarci un&#8217;email di adesione con un  breve curriculum e una foto all&#8217;indirizzo <strong>corsi@pigrecoemme.com<\/strong>.<br \/>\nL&#8217;appuntamento \u00e8 per luned\u00ec 16 giugno, alle ore 11, nella sede di Piazza Portanova 11, la Scuola di cinema Pigrecoemme. Prima, per\u00f2, contattateci.<br \/>\nIl provino, su parte e su improvvisazione, cerca sette attori. Di seguito la lista dei personaggi.<\/p>\n<ol>\n<li>Il protagista, Guido De Angelis, circa quarant&#8217;anni, padre di un ragazzo autistico. Sposato con Maria, con cui le cose non vanno pi\u00f9 bene da unbel pezzo. Operaio, napoletano.<\/li>\n<li>Maria, poco meno di quarant&#8217;anni, \u00e8 moglie di Guido e madre di un ragazzo autistico. E&#8217; una precaria del personale ATA, \u00e8 ancora una donna sulla quale le tribolazioni e una vita difficile, non hanno ancora spento del tutto una evidente e carnale bellezza.<\/li>\n<li>Damiano: un ragazzo tra i diciassette e i vent&#8217;anni. Lui ha sin dalla nascita un enorme problema comportamentale diagnosticatogli come un tipo di autismo serissimo. Viso emaciato, non parla, e passa gran parte del tempo come se fosse in uno stato  profondamente cataconico. Il padre si ostina a trattarlo come un bambino, ma ormai, lui, \u00e8 un giovanotto.<\/li>\n<li>Laura: la giovanissima assistente della nuova casa-famiglia di Damiano. Una ventina d&#8217;anni, \u00e8 una ragazza sveglia, con un piccolo contratto cocopro che le dovr\u00e0 sembrare chi sa mai gi\u00e0 quale conquista. Ma oltre che carina, la ragazza, per quanto giovane, \u00e8 veramente una professionista accorta e una persona sensibile.<\/li>\n<li>Collega 1: quarant&#8217;anni, collega di Guido, parla in un napoletano colorito lamentandosi, a proposito dei nuovi turni cui la fabbrica costringe i lavoratori, dei guasti dolorosi della globalizzazione.<\/li>\n<li>Collega 2: un altro collega di Guido che cogliamo in un&#8217;accesa discussione, sempre in dialetto, in fabbrica sulle nuove richieste dei padroni.<\/li>\n<li>Venditore: trent&#8217;anni, giacca e cravatta, \u00e8 uno dei ragazzi che lavora nella concessionaria di auto dove entrano Guido e Damiano.<\/li>\n<\/ol>\n","protected":false},"excerpt":{"rendered":"<p>Siamo arrivati all&#8217;ultima fase del corso Master della Scuola di cinema Pigrecoemme che prevede la realizzazione del cortometraggio finale. Quest&#8217;anno, la sceneggiatura che \u00e8 venuta fuori, secondo me, \u00e8 decisamente interessante. Una storia che&hellip;<\/p>\n","protected":false},"author":2,"featured_media":0,"comment_status":"open","ping_status":"open","sticky":false,"template":"","format":"standard","meta":{"_jetpack_newsletter_access":"","_jetpack_dont_email_post_to_subs":false,"_jetpack_newsletter_tier_id":0,"_jetpack_memberships_contains_paywalled_content":false,"_jetpack_feature_clip_id":0,"_jetpack_memberships_contains_paid_content":false,"footnotes":"","jetpack_post_was_ever_published":false},"categories":[3],"tags":[185,189,188,187,42,130,186],"class_list":["post-62","post","type-post","status-publish","format-standard","hentry","category-scuola-di-cinema","tag-casting","tag-casting-aperti","tag-casting-campania","tag-casting-napoli","tag-cortometraggi","tag-cortometraggio","tag-provini"],"yoast_head":"<!-- This site is optimized with the Yoast SEO plugin v28.3 - https:\/\/yoast.com\/product\/yoast-seo-wordpress\/ -->\n<title>Casting per il cortometraggio di fine anno<\/title>\n<meta name=\"robots\" content=\"index, follow, max-snippet:-1, max-image-preview:large, max-video-preview:-1\" \/>\n<link rel=\"canonical\" href=\"https:\/\/www.pigrecoemme.com\/blog\/casting-per-il-cortometraggio-di-fine-anno\/\" \/>\n<meta property=\"og:locale\" content=\"it_IT\" \/>\n<meta property=\"og:type\" content=\"article\" \/>\n<meta property=\"og:title\" content=\"Casting per il cortometraggio di fine anno\" \/>\n<meta property=\"og:description\" content=\"Scuola di Cinema, Televisione e Fotografia - Napoli\" \/>\n<meta property=\"og:url\" content=\"https:\/\/www.pigrecoemme.com\/blog\/casting-per-il-cortometraggio-di-fine-anno\/\" \/>\n<meta property=\"og:site_name\" content=\"Scuola di Cinema Pigrecoemme - Blog\" \/>\n<meta property=\"article:publisher\" content=\"https:\/\/www.facebook.com\/pigrecoemme\" \/>\n<meta property=\"article:author\" content=\"https:\/\/www.facebook.com\/corrado.morra1\" \/>\n<meta property=\"article:published_time\" content=\"2008-06-09T15:12:47+00:00\" \/>\n<meta property=\"article:modified_time\" content=\"2008-06-09T15:16:00+00:00\" \/>\n<meta property=\"og:image\" content=\"https:\/\/i0.wp.com\/www.pigrecoemme.com\/blog\/wp-content\/uploads\/2014\/11\/pigrecoemme-test1.jpg?fit=484%2C252&ssl=1\" \/>\n\t<meta property=\"og:image:width\" content=\"484\" \/>\n\t<meta property=\"og:image:height\" content=\"252\" \/>\n\t<meta property=\"og:image:type\" content=\"image\/jpeg\" \/>\n<meta name=\"author\" content=\"Corrado Morra\" \/>\n<meta name=\"twitter:card\" content=\"summary_large_image\" \/>\n<meta name=\"twitter:creator\" content=\"@Pigrecoemme\" \/>\n<meta name=\"twitter:site\" content=\"@Pigrecoemme\" \/>\n<meta name=\"twitter:label1\" content=\"Scritto da\" \/>\n\t<meta name=\"twitter:data1\" content=\"Corrado Morra\" \/>\n\t<meta name=\"twitter:label2\" content=\"Tempo di lettura stimato\" \/>\n\t<meta name=\"twitter:data2\" content=\"2 minuti\" \/>\n<script type=\"application\/ld+json\" class=\"yoast-schema-graph\">{\"@context\":\"https:\\\/\\\/schema.org\",\"@graph\":[{\"@type\":[\"Article\",\"BlogPosting\"],\"@id\":\"https:\\\/\\\/www.pigrecoemme.com\\\/blog\\\/casting-per-il-cortometraggio-di-fine-anno\\\/#article\",\"isPartOf\":{\"@id\":\"https:\\\/\\\/www.pigrecoemme.com\\\/blog\\\/casting-per-il-cortometraggio-di-fine-anno\\\/\"},\"author\":{\"name\":\"Corrado Morra\",\"@id\":\"https:\\\/\\\/www.pigrecoemme.com\\\/blog\\\/#\\\/schema\\\/person\\\/702764b5ecda4c2f34e82348789f649e\"},\"headline\":\"Casting per il cortometraggio di fine anno\",\"datePublished\":\"2008-06-09T15:12:47+00:00\",\"dateModified\":\"2008-06-09T15:16:00+00:00\",\"mainEntityOfPage\":{\"@id\":\"https:\\\/\\\/www.pigrecoemme.com\\\/blog\\\/casting-per-il-cortometraggio-di-fine-anno\\\/\"},\"wordCount\":415,\"commentCount\":0,\"publisher\":{\"@id\":\"https:\\\/\\\/www.pigrecoemme.com\\\/blog\\\/#organization\"},\"keywords\":[\"casting\",\"casting aperti\",\"casting campania\",\"casting napoli\",\"cortometraggi\",\"cortometraggio\",\"provini\"],\"articleSection\":[\"Scuola di cinema\"],\"inLanguage\":\"it-IT\",\"potentialAction\":[{\"@type\":\"CommentAction\",\"name\":\"Comment\",\"target\":[\"https:\\\/\\\/www.pigrecoemme.com\\\/blog\\\/casting-per-il-cortometraggio-di-fine-anno\\\/#respond\"]}]},{\"@type\":\"WebPage\",\"@id\":\"https:\\\/\\\/www.pigrecoemme.com\\\/blog\\\/casting-per-il-cortometraggio-di-fine-anno\\\/\",\"url\":\"https:\\\/\\\/www.pigrecoemme.com\\\/blog\\\/casting-per-il-cortometraggio-di-fine-anno\\\/\",\"name\":\"Casting per il cortometraggio di fine anno\",\"isPartOf\":{\"@id\":\"https:\\\/\\\/www.pigrecoemme.com\\\/blog\\\/#website\"},\"datePublished\":\"2008-06-09T15:12:47+00:00\",\"dateModified\":\"2008-06-09T15:16:00+00:00\",\"breadcrumb\":{\"@id\":\"https:\\\/\\\/www.pigrecoemme.com\\\/blog\\\/casting-per-il-cortometraggio-di-fine-anno\\\/#breadcrumb\"},\"inLanguage\":\"it-IT\",\"potentialAction\":[{\"@type\":\"ReadAction\",\"target\":[\"https:\\\/\\\/www.pigrecoemme.com\\\/blog\\\/casting-per-il-cortometraggio-di-fine-anno\\\/\"]}]},{\"@type\":\"BreadcrumbList\",\"@id\":\"https:\\\/\\\/www.pigrecoemme.com\\\/blog\\\/casting-per-il-cortometraggio-di-fine-anno\\\/#breadcrumb\",\"itemListElement\":[{\"@type\":\"ListItem\",\"position\":1,\"name\":\"Home\",\"item\":\"https:\\\/\\\/www.pigrecoemme.com\\\/blog\\\/\"},{\"@type\":\"ListItem\",\"position\":2,\"name\":\"Casting per il cortometraggio di fine anno\"}]},{\"@type\":\"WebSite\",\"@id\":\"https:\\\/\\\/www.pigrecoemme.com\\\/blog\\\/#website\",\"url\":\"https:\\\/\\\/www.pigrecoemme.com\\\/blog\\\/\",\"name\":\"Scuola di Cinema Pigrecoemme - Blog\",\"description\":\"Siamo la prima Scuola di Cinema e Fotografia di Napoli\",\"publisher\":{\"@id\":\"https:\\\/\\\/www.pigrecoemme.com\\\/blog\\\/#organization\"},\"potentialAction\":[{\"@type\":\"SearchAction\",\"target\":{\"@type\":\"EntryPoint\",\"urlTemplate\":\"https:\\\/\\\/www.pigrecoemme.com\\\/blog\\\/?s={search_term_string}\"},\"query-input\":{\"@type\":\"PropertyValueSpecification\",\"valueRequired\":true,\"valueName\":\"search_term_string\"}}],\"inLanguage\":\"it-IT\"},{\"@type\":\"Organization\",\"@id\":\"https:\\\/\\\/www.pigrecoemme.com\\\/blog\\\/#organization\",\"name\":\"Scuola di cinema e fotografia Pigrecoemme\",\"url\":\"https:\\\/\\\/www.pigrecoemme.com\\\/blog\\\/\",\"logo\":{\"@type\":\"ImageObject\",\"inLanguage\":\"it-IT\",\"@id\":\"https:\\\/\\\/www.pigrecoemme.com\\\/blog\\\/#\\\/schema\\\/logo\\\/image\\\/\",\"url\":\"https:\\\/\\\/i0.wp.com\\\/www.pigrecoemme.com\\\/blog\\\/wp-content\\\/uploads\\\/2018\\\/06\\\/logo-pigrecoemme-2018.png?fit=500%2C500&ssl=1\",\"contentUrl\":\"https:\\\/\\\/i0.wp.com\\\/www.pigrecoemme.com\\\/blog\\\/wp-content\\\/uploads\\\/2018\\\/06\\\/logo-pigrecoemme-2018.png?fit=500%2C500&ssl=1\",\"width\":500,\"height\":500,\"caption\":\"Scuola di cinema e fotografia Pigrecoemme\"},\"image\":{\"@id\":\"https:\\\/\\\/www.pigrecoemme.com\\\/blog\\\/#\\\/schema\\\/logo\\\/image\\\/\"},\"sameAs\":[\"https:\\\/\\\/www.facebook.com\\\/pigrecoemme\",\"https:\\\/\\\/x.com\\\/Pigrecoemme\",\"https:\\\/\\\/www.instagram.com\\\/pigrecoemme\\\/\",\"https:\\\/\\\/www.linkedin.com\\\/company\\\/pigrecoemme\\\/\",\"https:\\\/\\\/www.youtube.com\\\/pigrecoemme\"]},{\"@type\":\"Person\",\"@id\":\"https:\\\/\\\/www.pigrecoemme.com\\\/blog\\\/#\\\/schema\\\/person\\\/702764b5ecda4c2f34e82348789f649e\",\"name\":\"Corrado Morra\",\"image\":{\"@type\":\"ImageObject\",\"inLanguage\":\"it-IT\",\"@id\":\"https:\\\/\\\/secure.gravatar.com\\\/avatar\\\/f6ce2f6728fbdf920737112fe70682512808577befa2c9c7845c04a8449b8f03?s=96&r=g\",\"url\":\"https:\\\/\\\/secure.gravatar.com\\\/avatar\\\/f6ce2f6728fbdf920737112fe70682512808577befa2c9c7845c04a8449b8f03?s=96&r=g\",\"contentUrl\":\"https:\\\/\\\/secure.gravatar.com\\\/avatar\\\/f6ce2f6728fbdf920737112fe70682512808577befa2c9c7845c04a8449b8f03?s=96&r=g\",\"caption\":\"Corrado Morra\"},\"description\":\"Esperto di arti visive e di cinema, insegna Sceneggiatura alla Scuola di cinema Pigrecoemme di Napoli, di cui \u00e8 tra i fondatori.\",\"sameAs\":[\"http:\\\/\\\/www.pigrecoemme.com\\\/\",\"https:\\\/\\\/www.facebook.com\\\/corrado.morra1\"],\"url\":\"https:\\\/\\\/www.pigrecoemme.com\\\/blog\\\/author\\\/corrado-morra\\\/\"}]}<\/script>\n<!-- \/ Yoast SEO plugin. -->","yoast_head_json":{"title":"Casting per il cortometraggio di fine anno","robots":{"index":"index","follow":"follow","max-snippet":"max-snippet:-1","max-image-preview":"max-image-preview:large","max-video-preview":"max-video-preview:-1"},"canonical":"https:\/\/www.pigrecoemme.com\/blog\/casting-per-il-cortometraggio-di-fine-anno\/","og_locale":"it_IT","og_type":"article","og_title":"Casting per il cortometraggio di fine anno","og_description":"Scuola di Cinema, Televisione e Fotografia - Napoli","og_url":"https:\/\/www.pigrecoemme.com\/blog\/casting-per-il-cortometraggio-di-fine-anno\/","og_site_name":"Scuola di Cinema Pigrecoemme - Blog","article_publisher":"https:\/\/www.facebook.com\/pigrecoemme","article_author":"https:\/\/www.facebook.com\/corrado.morra1","article_published_time":"2008-06-09T15:12:47+00:00","article_modified_time":"2008-06-09T15:16:00+00:00","og_image":[{"width":484,"height":252,"url":"https:\/\/i0.wp.com\/www.pigrecoemme.com\/blog\/wp-content\/uploads\/2014\/11\/pigrecoemme-test1.jpg?fit=484%2C252&ssl=1","type":"image\/jpeg"}],"author":"Corrado Morra","twitter_card":"summary_large_image","twitter_creator":"@Pigrecoemme","twitter_site":"@Pigrecoemme","twitter_misc":{"Scritto da":"Corrado Morra","Tempo di lettura stimato":"2 minuti"},"schema":{"@context":"https:\/\/schema.org","@graph":[{"@type":["Article","BlogPosting"],"@id":"https:\/\/www.pigrecoemme.com\/blog\/casting-per-il-cortometraggio-di-fine-anno\/#article","isPartOf":{"@id":"https:\/\/www.pigrecoemme.com\/blog\/casting-per-il-cortometraggio-di-fine-anno\/"},"author":{"name":"Corrado Morra","@id":"https:\/\/www.pigrecoemme.com\/blog\/#\/schema\/person\/702764b5ecda4c2f34e82348789f649e"},"headline":"Casting per il cortometraggio di fine anno","datePublished":"2008-06-09T15:12:47+00:00","dateModified":"2008-06-09T15:16:00+00:00","mainEntityOfPage":{"@id":"https:\/\/www.pigrecoemme.com\/blog\/casting-per-il-cortometraggio-di-fine-anno\/"},"wordCount":415,"commentCount":0,"publisher":{"@id":"https:\/\/www.pigrecoemme.com\/blog\/#organization"},"keywords":["casting","casting aperti","casting campania","casting napoli","cortometraggi","cortometraggio","provini"],"articleSection":["Scuola di cinema"],"inLanguage":"it-IT","potentialAction":[{"@type":"CommentAction","name":"Comment","target":["https:\/\/www.pigrecoemme.com\/blog\/casting-per-il-cortometraggio-di-fine-anno\/#respond"]}]},{"@type":"WebPage","@id":"https:\/\/www.pigrecoemme.com\/blog\/casting-per-il-cortometraggio-di-fine-anno\/","url":"https:\/\/www.pigrecoemme.com\/blog\/casting-per-il-cortometraggio-di-fine-anno\/","name":"Casting per il cortometraggio di fine anno","isPartOf":{"@id":"https:\/\/www.pigrecoemme.com\/blog\/#website"},"datePublished":"2008-06-09T15:12:47+00:00","dateModified":"2008-06-09T15:16:00+00:00","breadcrumb":{"@id":"https:\/\/www.pigrecoemme.com\/blog\/casting-per-il-cortometraggio-di-fine-anno\/#breadcrumb"},"inLanguage":"it-IT","potentialAction":[{"@type":"ReadAction","target":["https:\/\/www.pigrecoemme.com\/blog\/casting-per-il-cortometraggio-di-fine-anno\/"]}]},{"@type":"BreadcrumbList","@id":"https:\/\/www.pigrecoemme.com\/blog\/casting-per-il-cortometraggio-di-fine-anno\/#breadcrumb","itemListElement":[{"@type":"ListItem","position":1,"name":"Home","item":"https:\/\/www.pigrecoemme.com\/blog\/"},{"@type":"ListItem","position":2,"name":"Casting per il cortometraggio di fine anno"}]},{"@type":"WebSite","@id":"https:\/\/www.pigrecoemme.com\/blog\/#website","url":"https:\/\/www.pigrecoemme.com\/blog\/","name":"Scuola di Cinema Pigrecoemme - Blog","description":"Siamo la prima Scuola di Cinema e Fotografia di Napoli","publisher":{"@id":"https:\/\/www.pigrecoemme.com\/blog\/#organization"},"potentialAction":[{"@type":"SearchAction","target":{"@type":"EntryPoint","urlTemplate":"https:\/\/www.pigrecoemme.com\/blog\/?s={search_term_string}"},"query-input":{"@type":"PropertyValueSpecification","valueRequired":true,"valueName":"search_term_string"}}],"inLanguage":"it-IT"},{"@type":"Organization","@id":"https:\/\/www.pigrecoemme.com\/blog\/#organization","name":"Scuola di cinema e fotografia Pigrecoemme","url":"https:\/\/www.pigrecoemme.com\/blog\/","logo":{"@type":"ImageObject","inLanguage":"it-IT","@id":"https:\/\/www.pigrecoemme.com\/blog\/#\/schema\/logo\/image\/","url":"https:\/\/i0.wp.com\/www.pigrecoemme.com\/blog\/wp-content\/uploads\/2018\/06\/logo-pigrecoemme-2018.png?fit=500%2C500&ssl=1","contentUrl":"https:\/\/i0.wp.com\/www.pigrecoemme.com\/blog\/wp-content\/uploads\/2018\/06\/logo-pigrecoemme-2018.png?fit=500%2C500&ssl=1","width":500,"height":500,"caption":"Scuola di cinema e fotografia Pigrecoemme"},"image":{"@id":"https:\/\/www.pigrecoemme.com\/blog\/#\/schema\/logo\/image\/"},"sameAs":["https:\/\/www.facebook.com\/pigrecoemme","https:\/\/x.com\/Pigrecoemme","https:\/\/www.instagram.com\/pigrecoemme\/","https:\/\/www.linkedin.com\/company\/pigrecoemme\/","https:\/\/www.youtube.com\/pigrecoemme"]},{"@type":"Person","@id":"https:\/\/www.pigrecoemme.com\/blog\/#\/schema\/person\/702764b5ecda4c2f34e82348789f649e","name":"Corrado Morra","image":{"@type":"ImageObject","inLanguage":"it-IT","@id":"https:\/\/secure.gravatar.com\/avatar\/f6ce2f6728fbdf920737112fe70682512808577befa2c9c7845c04a8449b8f03?s=96&r=g","url":"https:\/\/secure.gravatar.com\/avatar\/f6ce2f6728fbdf920737112fe70682512808577befa2c9c7845c04a8449b8f03?s=96&r=g","contentUrl":"https:\/\/secure.gravatar.com\/avatar\/f6ce2f6728fbdf920737112fe70682512808577befa2c9c7845c04a8449b8f03?s=96&r=g","caption":"Corrado Morra"},"description":"Esperto di arti visive e di cinema, insegna Sceneggiatura alla Scuola di cinema Pigrecoemme di Napoli, di cui \u00e8 tra i fondatori.","sameAs":["http:\/\/www.pigrecoemme.com\/","https:\/\/www.facebook.com\/corrado.morra1"],"url":"https:\/\/www.pigrecoemme.com\/blog\/author\/corrado-morra\/"}]}},"jetpack_sharing_enabled":true,"jetpack_likes_enabled":true,"jetpack-related-posts":[{"id":255,"url":"https:\/\/www.pigrecoemme.com\/blog\/nuovo-cortometraggio-di-fine-anno-e-nuovo-casting\/","url_meta":{"origin":62,"position":0},"title":"Nuovo Cortometraggio di fine anno e Nuovo Casting","author":"Rosario Gallone","date":"9 Luglio 2010","format":false,"excerpt":"Un altro anno \"accademico\" di Pigrecoemme volge al termine. Un altro cortometraggio finale sta per essere realizzato.\u00a0 Si girer\u00e0 a settembre. Ecco dunque che, puntuale come il Natale, ma non come il caldo che stavolta si \u00e8 fatto aspettare, parte la ricerca di facce e\u00a0 volti che possano e vogliano\u2026","rel":"","context":"In &quot;Generale&quot;","block_context":{"text":"Generale","link":"https:\/\/www.pigrecoemme.com\/blog\/generale\/"},"img":{"alt_text":"","src":"https:\/\/i0.wp.com\/www.pigrecoemme.com\/blog\/wp-content\/uploads\/2010\/07\/casting-300x110.png?resize=350%2C200","width":350,"height":200},"classes":[]},{"id":16,"url":"https:\/\/www.pigrecoemme.com\/blog\/quasi-terminato-il-cortometraggio-degli-allievi-20062007-della-scuola-di-cinema-pigrecoemme\/","url_meta":{"origin":62,"position":1},"title":"Quasi terminato il cortometraggio degli allievi 2006\/2007 della Scuola di Cinema Pigrecoemme","author":"Giacomo Fabbrocino","date":"19 Ottobre 2007","format":false,"excerpt":"Con un po' di ritardo (ma noi siamo pazienti) i ragazzi del corso 2006\/2007 stanno terminando la postproduzione del cortometraggio con cui si chiudono abitualmente i nostri corsi sul cinema. Seguendo questo link verso Flickr potrete vedere una piccola galleria di foto di scena. La location della scena in questione\u2026","rel":"","context":"In &quot;Generale&quot;","block_context":{"text":"Generale","link":"https:\/\/www.pigrecoemme.com\/blog\/generale\/"},"img":{"alt_text":"scuola-di-cinema.backstage-3","src":"https:\/\/i0.wp.com\/farm3.static.flickr.com\/2102\/1634832629_a27cf35ee3_m.jpg?resize=350%2C200","width":350,"height":200},"classes":[]},{"id":127,"url":"https:\/\/www.pigrecoemme.com\/blog\/un-passo-indetro-in-concorso-al-festival-o-curt\/","url_meta":{"origin":62,"position":2},"title":"Un passo indetro in concorso al festival &#8216;O Curt","author":"Corrado Morra","date":"11 Febbraio 2009","format":false,"excerpt":"Un passo indietro, il cortometraggio realizzato dagli allievi dell'ultimo corso annuale della Scuola di cinema Pigrecoemme, \u00e8 in concorso all'XI edizione del festival del cortometraggio 'O Curt. Il film, diretto da Marco Pugliese, \u00e8 cos\u00ec tra i 27 titoli selezionati tra le oltre trecento opere brevi, provenienti dall\u2019Italia e dall\u2019estero,\u2026","rel":"","context":"In &quot;Eventi&quot;","block_context":{"text":"Eventi","link":"https:\/\/www.pigrecoemme.com\/blog\/eventi\/"},"img":{"alt_text":"","src":"https:\/\/i0.wp.com\/www.pigrecoemme.com\/blog\/wp-content\/uploads\/2009\/02\/un_passo_indietro.jpg?resize=350%2C200","width":350,"height":200},"classes":[]},{"id":888,"url":"https:\/\/www.pigrecoemme.com\/blog\/al-via-il-prossimi-colloqui-di-selezione-per-il-corso-di-recitazione\/","url_meta":{"origin":62,"position":3},"title":"Al via i prossimi colloqui di selezione per il corso di Recitazione","author":"Corrado Morra","date":"21 Ottobre 2014","format":false,"excerpt":"Terminata la prima tornata di colloqui per le selezioni al nostro corso di Recitazione, \u00e8 ancora possibile iscriversi. Vi ricordiamo che il corso, a cura di Lucio Allocca, Cristina Florio e Angelo Serio, \u00e8 organizzato in sette mesi di lezioni in aula e in una parte finale, di circa due\u2026","rel":"","context":"In &quot;Generale&quot;","block_context":{"text":"Generale","link":"https:\/\/www.pigrecoemme.com\/blog\/generale\/"},"img":{"alt_text":"","src":"https:\/\/i0.wp.com\/www.pigrecoemme.com\/blog\/wp-content\/uploads\/2014\/10\/recitazione-pubblicita-300x300.jpg?resize=350%2C200","width":350,"height":200},"classes":[]},{"id":92,"url":"https:\/\/www.pigrecoemme.com\/blog\/un-passo-indietro\/","url_meta":{"origin":62,"position":4},"title":"Un passo indietro","author":"Giacomo Fabbrocino","date":"21 Ottobre 2008","format":false,"excerpt":"Un passo indietro \u00e8 il cortometraggio realizzato dagli allievi del corso annuale 2007\/2008 della scuola di cinema Pigrecoemme. Lo potete vedere qui sul nostro blog oppure, in una definizione minore - ma con tempi di caricamento ridotti - su Libero, cliccando qua. In alternativa, in una risoluzione intermedia lo abbiamo\u2026","rel":"","context":"In &quot;Produzioni&quot;","block_context":{"text":"Produzioni","link":"https:\/\/www.pigrecoemme.com\/blog\/produzioni\/"},"img":{"alt_text":"","src":"","width":0,"height":0},"classes":[]},{"id":86,"url":"https:\/\/www.pigrecoemme.com\/blog\/successo-a-stoccolma-per-un-passo-indietro-il-corto-realizzato-dagli-allievi-del-corso-master-20072008\/","url_meta":{"origin":62,"position":5},"title":"Successo a Stoccolma per &#8216;Un passo indietro&#8217;, il corto realizzato dagli allievi del corso master 2007\/2008","author":"Giacomo Fabbrocino","date":"3 Ottobre 2008","format":false,"excerpt":"E' stato pubblicato oggi dal quotidiano Roma un articolo a piena pagina sulla presentazione, avvenuta due giorni fa al Festival del Cinema Italiano di Stoccolma, di \"Un passo indietro\", il cortometraggio realizzato dai partecipanti al corso master 2007\/2008 della Scuola di cinema Pigrecoemme. Il nostro allievo Marco Pugliese, che del\u2026","rel":"","context":"In &quot;Produzioni&quot;","block_context":{"text":"Produzioni","link":"https:\/\/www.pigrecoemme.com\/blog\/produzioni\/"},"img":{"alt_text":"","src":"https:\/\/i0.wp.com\/www.pigrecoemme.com\/blog\/wp-content\/uploads\/2008\/10\/articolomarco-pugliese-stoccolma-150x150.jpg?resize=350%2C200","width":350,"height":200},"classes":[]}],"jetpack_featured_media_url":"","_links":{"self":[{"href":"https:\/\/www.pigrecoemme.com\/blog\/wp-json\/wp\/v2\/posts\/62","targetHints":{"allow":["GET"]}}],"collection":[{"href":"https:\/\/www.pigrecoemme.com\/blog\/wp-json\/wp\/v2\/posts"}],"about":[{"href":"https:\/\/www.pigrecoemme.com\/blog\/wp-json\/wp\/v2\/types\/post"}],"author":[{"embeddable":true,"href":"https:\/\/www.pigrecoemme.com\/blog\/wp-json\/wp\/v2\/users\/2"}],"replies":[{"embeddable":true,"href":"https:\/\/www.pigrecoemme.com\/blog\/wp-json\/wp\/v2\/comments?post=62"}],"version-history":[{"count":0,"href":"https:\/\/www.pigrecoemme.com\/blog\/wp-json\/wp\/v2\/posts\/62\/revisions"}],"wp:attachment":[{"href":"https:\/\/www.pigrecoemme.com\/blog\/wp-json\/wp\/v2\/media?parent=62"}],"wp:term":[{"taxonomy":"category","embeddable":true,"href":"https:\/\/www.pigrecoemme.com\/blog\/wp-json\/wp\/v2\/categories?post=62"},{"taxonomy":"post_tag","embeddable":true,"href":"https:\/\/www.pigrecoemme.com\/blog\/wp-json\/wp\/v2\/tags?post=62"}],"curies":[{"name":"wp","href":"https:\/\/api.w.org\/{rel}","templated":true}]}}