{"id":619,"date":"2013-03-28T18:08:07","date_gmt":"2013-03-28T16:08:07","guid":{"rendered":"http:\/\/www.pigrecoemme.com\/blog\/?p=619"},"modified":"2013-04-06T15:34:33","modified_gmt":"2013-04-06T13:34:33","slug":"petizione-per-concedere-a-franca-valeri-la-cittadinanza-onoraria-di-napoli","status":"publish","type":"post","link":"https:\/\/www.pigrecoemme.com\/blog\/petizione-per-concedere-a-franca-valeri-la-cittadinanza-onoraria-di-napoli\/","title":{"rendered":"Petizione per concedere a Franca Valeri la cittadinanza onoraria di Napoli"},"content":{"rendered":"<p><a href=\"http:\/\/www.activism.com\/it_IT\/petizione\/petizione-per-concedere-a-franca-valeri-la-cittadinanza-onoraria-di-napoli\/43062\"><img data-recalc-dims=\"1\" loading=\"lazy\" decoding=\"async\" class=\"aligncenter size-full wp-image-620\" title=\"franca-valeri\" src=\"https:\/\/i0.wp.com\/www.pigrecoemme.com\/blog\/wp-content\/uploads\/2013\/03\/franca-valeri.png?resize=500%2C185&#038;ssl=1\" alt=\"\" width=\"500\" height=\"185\" srcset=\"https:\/\/i0.wp.com\/www.pigrecoemme.com\/blog\/wp-content\/uploads\/2013\/03\/franca-valeri.png?w=715&amp;ssl=1 715w, https:\/\/i0.wp.com\/www.pigrecoemme.com\/blog\/wp-content\/uploads\/2013\/03\/franca-valeri.png?resize=300%2C111&amp;ssl=1 300w\" sizes=\"auto, (max-width: 500px) 100vw, 500px\" \/><strong><\/strong><\/a><a href=\"http:\/\/www.activism.com\/it_IT\/petizione\/petizione-per-concedere-a-franca-valeri-la-cittadinanza-onoraria-di-napoli\/43062\" target=\"_blank\"><strong>FIRMA LA PETIZIONE<\/strong><\/a><\/p>\n<p>Napoli, citt\u00e0 d&#8217;arte e di artisti, pu\u00f2 legittimarsi in tal senso anche riconoscendo come a s\u00e9 vicini coloro i quali hanno dato lustro alle arti, nelle loro diverse manifestazioni, pur vantando origini e natali diversi.<\/p>\n<p>Napoli \u00e8 un teatro. Ecco perch\u00e9 Napoli, ogni qualvolta gliene si presenti l&#8217;occasione, dovrebbe celebrare chiunque del teatro abbia fatto la propria ragione di vita.<br \/>\nIn occasione del debutto a Napoli del nuovo spettacolo di Franca Valeri (il 9 aprile 2013 al Teatro Mercadante, in scena nello spettacolo &#8220;Non Tutto \u00e8 risolto&#8221; per la regia di Giuseppe Marini)<strong> riteniamo doveroso che il Comune di Napoli, nella persona del Sindaco Luigi De Magistris, renda onore a questa grande donna che inorgoglisce l&#8217;Italia per la devozione con la quale ancora oggi, a 93anni, si dedica all&#8217;arte della recitazione, conferendole la cittadinanza onoraria<\/strong>.<\/p>\n<figure id=\"attachment_626\" aria-describedby=\"caption-attachment-626\" style=\"width: 205px\" class=\"wp-caption alignleft\"><a href=\"https:\/\/i0.wp.com\/www.pigrecoemme.com\/blog\/wp-content\/uploads\/2013\/04\/franca-valeri.jpg?ssl=1\"><img data-recalc-dims=\"1\" loading=\"lazy\" decoding=\"async\" class=\"size-full wp-image-626   \" src=\"https:\/\/i0.wp.com\/www.pigrecoemme.com\/blog\/wp-content\/uploads\/2013\/04\/franca-valeri.jpg?resize=205%2C432&#038;ssl=1\" alt=\"La nostra iniziativa ripresa da Repubblica del 6 aprile 2013\" width=\"205\" height=\"432\" srcset=\"https:\/\/i0.wp.com\/www.pigrecoemme.com\/blog\/wp-content\/uploads\/2013\/04\/franca-valeri.jpg?w=426&amp;ssl=1 426w, https:\/\/i0.wp.com\/www.pigrecoemme.com\/blog\/wp-content\/uploads\/2013\/04\/franca-valeri.jpg?resize=142%2C300&amp;ssl=1 142w\" sizes=\"auto, (max-width: 205px) 100vw, 205px\" \/><\/a><figcaption id=\"caption-attachment-626\" class=\"wp-caption-text\">La nostra iniziativa ripresa da Repubblica del 6 aprile 2013<\/figcaption><\/figure>\n<p>I Napoletani, che sono tanto devoti al Teatro, si sentono vicini a un&#8217;attrice tanto devota alla sua arte e sanno che in lei pi\u00f9 di uno sfavillante ricordo legato a questa citt\u00e0 ancora certamente alberga. Sanno anche che Napoli ha contribuito a fare di lei l&#8217;artista che \u00e8, non dimentichi del proficuo sodalizio professionale e umano che l&#8217;ha legata al napoletano Vittorio Caprioli.<\/p>\n<p>L&#8217;occasione del 9 aprile, oltre che celebrativa, si riveler\u00e0 anche divulgativa e far\u00e0 s\u00ec che anche i pi\u00f9 giovani possano conoscere la prima grande attrice moderna d&#8217;Italia che abbia saputo mantenere intatta la sua bravura attraversando forme di spettacolo e media diversi. Dal Teatro dei Gobbi alla rivista con Sordi, Tot\u00f2 e la Loren alla televisione (Studio Uno, Sabato sera) passando per il cinema (due ruoli, tra tanti, consegnati alla Storia: la moglie di Alberto Sordi in &#8220;Il vedovo&#8221; di Dino Risi e l&#8217;ingenua prostituta di &#8220;Parigi, o cara!&#8221;, dove era diretta dal marito Vittorio Caprioli), Franca Valeri ha fatto la storia dello spettacolo contemporaneo consegnandoci personaggi di sempiterna attualit\u00e0 quali la signorina snob o la Sora Cecioni.<\/p>\n<p><a href=\"http:\/\/www.activism.com\/it_IT\/petizione\/petizione-per-concedere-a-franca-valeri-la-cittadinanza-onoraria-di-napoli\/43062\" target=\"_blank\"><strong>FIRMA LA PETIZIONE<\/strong><\/a><\/p>\n<p>(Angelo Serio e Scuola di Cinema, Televisione e Fotografia Pigrecoemme)<\/p>\n","protected":false},"excerpt":{"rendered":"<p>FIRMA LA PETIZIONE Napoli, citt\u00e0 d&#8217;arte e di artisti, pu\u00f2 legittimarsi in tal senso anche riconoscendo come a s\u00e9 vicini coloro i quali hanno dato lustro alle arti, nelle loro diverse manifestazioni, pur vantando&hellip;<\/p>\n","protected":false},"author":1,"featured_media":0,"comment_status":"open","ping_status":"open","sticky":false,"template":"","format":"standard","meta":{"_jetpack_newsletter_access":"","_jetpack_dont_email_post_to_subs":false,"_jetpack_newsletter_tier_id":0,"_jetpack_memberships_contains_paywalled_content":false,"_jetpack_feature_clip_id":0,"_jetpack_memberships_contains_paid_content":false,"footnotes":"","jetpack_post_was_ever_published":false},"categories":[11,1],"tags":[785,77,786],"class_list":["post-619","post","type-post","status-publish","format-standard","hentry","category-eventi","category-generale","tag-franca-valeri","tag-napoli","tag-petizione"],"yoast_head":"<!-- This site is optimized with the Yoast SEO plugin v28.3 - https:\/\/yoast.com\/product\/yoast-seo-wordpress\/ -->\n<title>Petizione per concedere a Franca Valeri la cittadinanza onoraria di Napoli<\/title>\n<meta name=\"robots\" content=\"index, follow, max-snippet:-1, max-image-preview:large, max-video-preview:-1\" \/>\n<link rel=\"canonical\" href=\"https:\/\/www.pigrecoemme.com\/blog\/petizione-per-concedere-a-franca-valeri-la-cittadinanza-onoraria-di-napoli\/\" \/>\n<meta property=\"og:locale\" content=\"it_IT\" \/>\n<meta property=\"og:type\" content=\"article\" \/>\n<meta property=\"og:title\" content=\"Petizione per concedere a Franca Valeri la cittadinanza onoraria di Napoli\" \/>\n<meta property=\"og:description\" content=\"FIRMA LA PETIZIONE Napoli, citt\u00e0 d&#8217;arte e di artisti, pu\u00f2 legittimarsi in tal senso anche riconoscendo come a s\u00e9 vicini coloro i quali hanno dato lustro alle arti, nelle loro diverse manifestazioni, pur vantando&hellip;\" \/>\n<meta property=\"og:url\" content=\"https:\/\/www.pigrecoemme.com\/blog\/petizione-per-concedere-a-franca-valeri-la-cittadinanza-onoraria-di-napoli\/\" \/>\n<meta property=\"og:site_name\" content=\"Scuola di Cinema Pigrecoemme - Blog\" \/>\n<meta property=\"article:publisher\" content=\"https:\/\/www.facebook.com\/pigrecoemme\" \/>\n<meta property=\"article:author\" content=\"https:\/\/www.facebook.com\/giacomo.fabbrocino\" \/>\n<meta property=\"article:published_time\" content=\"2013-03-28T16:08:07+00:00\" \/>\n<meta property=\"article:modified_time\" content=\"2013-04-06T13:34:33+00:00\" \/>\n<meta property=\"og:image\" content=\"http:\/\/www.pigrecoemme.com\/blog\/wp-content\/uploads\/2013\/03\/franca-valeri.png\" \/>\n<meta name=\"author\" content=\"Giacomo Fabbrocino\" \/>\n<meta name=\"twitter:card\" content=\"summary_large_image\" \/>\n<meta name=\"twitter:creator\" content=\"@Pigrecoemme\" \/>\n<meta name=\"twitter:site\" content=\"@Pigrecoemme\" \/>\n<meta name=\"twitter:label1\" content=\"Scritto da\" \/>\n\t<meta name=\"twitter:data1\" content=\"Giacomo Fabbrocino\" \/>\n\t<meta name=\"twitter:label2\" content=\"Tempo di lettura stimato\" \/>\n\t<meta name=\"twitter:data2\" content=\"2 minuti\" \/>\n<script type=\"application\/ld+json\" class=\"yoast-schema-graph\">{\"@context\":\"https:\\\/\\\/schema.org\",\"@graph\":[{\"@type\":[\"Article\",\"BlogPosting\"],\"@id\":\"https:\\\/\\\/www.pigrecoemme.com\\\/blog\\\/petizione-per-concedere-a-franca-valeri-la-cittadinanza-onoraria-di-napoli\\\/#article\",\"isPartOf\":{\"@id\":\"https:\\\/\\\/www.pigrecoemme.com\\\/blog\\\/petizione-per-concedere-a-franca-valeri-la-cittadinanza-onoraria-di-napoli\\\/\"},\"author\":{\"name\":\"Giacomo Fabbrocino\",\"@id\":\"https:\\\/\\\/www.pigrecoemme.com\\\/blog\\\/#\\\/schema\\\/person\\\/57fa822c3d209d3a2612fd0411ae63f4\"},\"headline\":\"Petizione per concedere a Franca Valeri la cittadinanza onoraria di Napoli\",\"datePublished\":\"2013-03-28T16:08:07+00:00\",\"dateModified\":\"2013-04-06T13:34:33+00:00\",\"mainEntityOfPage\":{\"@id\":\"https:\\\/\\\/www.pigrecoemme.com\\\/blog\\\/petizione-per-concedere-a-franca-valeri-la-cittadinanza-onoraria-di-napoli\\\/\"},\"wordCount\":363,\"commentCount\":3,\"publisher\":{\"@id\":\"https:\\\/\\\/www.pigrecoemme.com\\\/blog\\\/#organization\"},\"image\":{\"@id\":\"https:\\\/\\\/www.pigrecoemme.com\\\/blog\\\/petizione-per-concedere-a-franca-valeri-la-cittadinanza-onoraria-di-napoli\\\/#primaryimage\"},\"thumbnailUrl\":\"http:\\\/\\\/www.pigrecoemme.com\\\/blog\\\/wp-content\\\/uploads\\\/2013\\\/03\\\/franca-valeri.png\",\"keywords\":[\"franca valeri\",\"napoli\",\"petizione\"],\"articleSection\":[\"Eventi\",\"Generale\"],\"inLanguage\":\"it-IT\",\"potentialAction\":[{\"@type\":\"CommentAction\",\"name\":\"Comment\",\"target\":[\"https:\\\/\\\/www.pigrecoemme.com\\\/blog\\\/petizione-per-concedere-a-franca-valeri-la-cittadinanza-onoraria-di-napoli\\\/#respond\"]}]},{\"@type\":\"WebPage\",\"@id\":\"https:\\\/\\\/www.pigrecoemme.com\\\/blog\\\/petizione-per-concedere-a-franca-valeri-la-cittadinanza-onoraria-di-napoli\\\/\",\"url\":\"https:\\\/\\\/www.pigrecoemme.com\\\/blog\\\/petizione-per-concedere-a-franca-valeri-la-cittadinanza-onoraria-di-napoli\\\/\",\"name\":\"Petizione per concedere a Franca Valeri la cittadinanza onoraria di Napoli\",\"isPartOf\":{\"@id\":\"https:\\\/\\\/www.pigrecoemme.com\\\/blog\\\/#website\"},\"primaryImageOfPage\":{\"@id\":\"https:\\\/\\\/www.pigrecoemme.com\\\/blog\\\/petizione-per-concedere-a-franca-valeri-la-cittadinanza-onoraria-di-napoli\\\/#primaryimage\"},\"image\":{\"@id\":\"https:\\\/\\\/www.pigrecoemme.com\\\/blog\\\/petizione-per-concedere-a-franca-valeri-la-cittadinanza-onoraria-di-napoli\\\/#primaryimage\"},\"thumbnailUrl\":\"http:\\\/\\\/www.pigrecoemme.com\\\/blog\\\/wp-content\\\/uploads\\\/2013\\\/03\\\/franca-valeri.png\",\"datePublished\":\"2013-03-28T16:08:07+00:00\",\"dateModified\":\"2013-04-06T13:34:33+00:00\",\"breadcrumb\":{\"@id\":\"https:\\\/\\\/www.pigrecoemme.com\\\/blog\\\/petizione-per-concedere-a-franca-valeri-la-cittadinanza-onoraria-di-napoli\\\/#breadcrumb\"},\"inLanguage\":\"it-IT\",\"potentialAction\":[{\"@type\":\"ReadAction\",\"target\":[\"https:\\\/\\\/www.pigrecoemme.com\\\/blog\\\/petizione-per-concedere-a-franca-valeri-la-cittadinanza-onoraria-di-napoli\\\/\"]}]},{\"@type\":\"ImageObject\",\"inLanguage\":\"it-IT\",\"@id\":\"https:\\\/\\\/www.pigrecoemme.com\\\/blog\\\/petizione-per-concedere-a-franca-valeri-la-cittadinanza-onoraria-di-napoli\\\/#primaryimage\",\"url\":\"http:\\\/\\\/www.pigrecoemme.com\\\/blog\\\/wp-content\\\/uploads\\\/2013\\\/03\\\/franca-valeri.png\",\"contentUrl\":\"http:\\\/\\\/www.pigrecoemme.com\\\/blog\\\/wp-content\\\/uploads\\\/2013\\\/03\\\/franca-valeri.png\"},{\"@type\":\"BreadcrumbList\",\"@id\":\"https:\\\/\\\/www.pigrecoemme.com\\\/blog\\\/petizione-per-concedere-a-franca-valeri-la-cittadinanza-onoraria-di-napoli\\\/#breadcrumb\",\"itemListElement\":[{\"@type\":\"ListItem\",\"position\":1,\"name\":\"Home\",\"item\":\"https:\\\/\\\/www.pigrecoemme.com\\\/blog\\\/\"},{\"@type\":\"ListItem\",\"position\":2,\"name\":\"Petizione per concedere a Franca Valeri la cittadinanza onoraria di Napoli\"}]},{\"@type\":\"WebSite\",\"@id\":\"https:\\\/\\\/www.pigrecoemme.com\\\/blog\\\/#website\",\"url\":\"https:\\\/\\\/www.pigrecoemme.com\\\/blog\\\/\",\"name\":\"Scuola di Cinema Pigrecoemme - Blog\",\"description\":\"Siamo la prima Scuola di Cinema e Fotografia di Napoli\",\"publisher\":{\"@id\":\"https:\\\/\\\/www.pigrecoemme.com\\\/blog\\\/#organization\"},\"potentialAction\":[{\"@type\":\"SearchAction\",\"target\":{\"@type\":\"EntryPoint\",\"urlTemplate\":\"https:\\\/\\\/www.pigrecoemme.com\\\/blog\\\/?s={search_term_string}\"},\"query-input\":{\"@type\":\"PropertyValueSpecification\",\"valueRequired\":true,\"valueName\":\"search_term_string\"}}],\"inLanguage\":\"it-IT\"},{\"@type\":\"Organization\",\"@id\":\"https:\\\/\\\/www.pigrecoemme.com\\\/blog\\\/#organization\",\"name\":\"Scuola di cinema e fotografia Pigrecoemme\",\"url\":\"https:\\\/\\\/www.pigrecoemme.com\\\/blog\\\/\",\"logo\":{\"@type\":\"ImageObject\",\"inLanguage\":\"it-IT\",\"@id\":\"https:\\\/\\\/www.pigrecoemme.com\\\/blog\\\/#\\\/schema\\\/logo\\\/image\\\/\",\"url\":\"https:\\\/\\\/i0.wp.com\\\/www.pigrecoemme.com\\\/blog\\\/wp-content\\\/uploads\\\/2018\\\/06\\\/logo-pigrecoemme-2018.png?fit=500%2C500&ssl=1\",\"contentUrl\":\"https:\\\/\\\/i0.wp.com\\\/www.pigrecoemme.com\\\/blog\\\/wp-content\\\/uploads\\\/2018\\\/06\\\/logo-pigrecoemme-2018.png?fit=500%2C500&ssl=1\",\"width\":500,\"height\":500,\"caption\":\"Scuola di cinema e fotografia Pigrecoemme\"},\"image\":{\"@id\":\"https:\\\/\\\/www.pigrecoemme.com\\\/blog\\\/#\\\/schema\\\/logo\\\/image\\\/\"},\"sameAs\":[\"https:\\\/\\\/www.facebook.com\\\/pigrecoemme\",\"https:\\\/\\\/x.com\\\/Pigrecoemme\",\"https:\\\/\\\/www.instagram.com\\\/pigrecoemme\\\/\",\"https:\\\/\\\/www.linkedin.com\\\/company\\\/pigrecoemme\\\/\",\"https:\\\/\\\/www.youtube.com\\\/pigrecoemme\"]},{\"@type\":\"Person\",\"@id\":\"https:\\\/\\\/www.pigrecoemme.com\\\/blog\\\/#\\\/schema\\\/person\\\/57fa822c3d209d3a2612fd0411ae63f4\",\"name\":\"Giacomo Fabbrocino\",\"image\":{\"@type\":\"ImageObject\",\"inLanguage\":\"it-IT\",\"@id\":\"https:\\\/\\\/secure.gravatar.com\\\/avatar\\\/0e4dfd4d05c06a03fffaffeb36fb181415ba11b91a6b566fa2e8ada75927db32?s=96&r=g\",\"url\":\"https:\\\/\\\/secure.gravatar.com\\\/avatar\\\/0e4dfd4d05c06a03fffaffeb36fb181415ba11b91a6b566fa2e8ada75927db32?s=96&r=g\",\"contentUrl\":\"https:\\\/\\\/secure.gravatar.com\\\/avatar\\\/0e4dfd4d05c06a03fffaffeb36fb181415ba11b91a6b566fa2e8ada75927db32?s=96&r=g\",\"caption\":\"Giacomo Fabbrocino\"},\"description\":\"Montatore cinematografico, autore di documentari sull'arte e di video d'artista, Giacomo \u00e8 responsabile della didattica e della comunicazione web della Scuola di Cinema, Fotografia e Televisione Pigrecoemme di Napoli.\",\"sameAs\":[\"http:\\\/\\\/www.pigrecoemme.com\\\/\",\"https:\\\/\\\/www.facebook.com\\\/giacomo.fabbrocino\"],\"url\":\"https:\\\/\\\/www.pigrecoemme.com\\\/blog\\\/author\\\/giacomo-fabbrocino\\\/\"}]}<\/script>\n<!-- \/ Yoast SEO plugin. -->","yoast_head_json":{"title":"Petizione per concedere a Franca Valeri la cittadinanza onoraria di Napoli","robots":{"index":"index","follow":"follow","max-snippet":"max-snippet:-1","max-image-preview":"max-image-preview:large","max-video-preview":"max-video-preview:-1"},"canonical":"https:\/\/www.pigrecoemme.com\/blog\/petizione-per-concedere-a-franca-valeri-la-cittadinanza-onoraria-di-napoli\/","og_locale":"it_IT","og_type":"article","og_title":"Petizione per concedere a Franca Valeri la cittadinanza onoraria di Napoli","og_description":"FIRMA LA PETIZIONE Napoli, citt\u00e0 d&#8217;arte e di artisti, pu\u00f2 legittimarsi in tal senso anche riconoscendo come a s\u00e9 vicini coloro i quali hanno dato lustro alle arti, nelle loro diverse manifestazioni, pur vantando&hellip;","og_url":"https:\/\/www.pigrecoemme.com\/blog\/petizione-per-concedere-a-franca-valeri-la-cittadinanza-onoraria-di-napoli\/","og_site_name":"Scuola di Cinema Pigrecoemme - Blog","article_publisher":"https:\/\/www.facebook.com\/pigrecoemme","article_author":"https:\/\/www.facebook.com\/giacomo.fabbrocino","article_published_time":"2013-03-28T16:08:07+00:00","article_modified_time":"2013-04-06T13:34:33+00:00","og_image":[{"url":"http:\/\/www.pigrecoemme.com\/blog\/wp-content\/uploads\/2013\/03\/franca-valeri.png","type":"","width":"","height":""}],"author":"Giacomo Fabbrocino","twitter_card":"summary_large_image","twitter_creator":"@Pigrecoemme","twitter_site":"@Pigrecoemme","twitter_misc":{"Scritto da":"Giacomo Fabbrocino","Tempo di lettura stimato":"2 minuti"},"schema":{"@context":"https:\/\/schema.org","@graph":[{"@type":["Article","BlogPosting"],"@id":"https:\/\/www.pigrecoemme.com\/blog\/petizione-per-concedere-a-franca-valeri-la-cittadinanza-onoraria-di-napoli\/#article","isPartOf":{"@id":"https:\/\/www.pigrecoemme.com\/blog\/petizione-per-concedere-a-franca-valeri-la-cittadinanza-onoraria-di-napoli\/"},"author":{"name":"Giacomo Fabbrocino","@id":"https:\/\/www.pigrecoemme.com\/blog\/#\/schema\/person\/57fa822c3d209d3a2612fd0411ae63f4"},"headline":"Petizione per concedere a Franca Valeri la cittadinanza onoraria di Napoli","datePublished":"2013-03-28T16:08:07+00:00","dateModified":"2013-04-06T13:34:33+00:00","mainEntityOfPage":{"@id":"https:\/\/www.pigrecoemme.com\/blog\/petizione-per-concedere-a-franca-valeri-la-cittadinanza-onoraria-di-napoli\/"},"wordCount":363,"commentCount":3,"publisher":{"@id":"https:\/\/www.pigrecoemme.com\/blog\/#organization"},"image":{"@id":"https:\/\/www.pigrecoemme.com\/blog\/petizione-per-concedere-a-franca-valeri-la-cittadinanza-onoraria-di-napoli\/#primaryimage"},"thumbnailUrl":"http:\/\/www.pigrecoemme.com\/blog\/wp-content\/uploads\/2013\/03\/franca-valeri.png","keywords":["franca valeri","napoli","petizione"],"articleSection":["Eventi","Generale"],"inLanguage":"it-IT","potentialAction":[{"@type":"CommentAction","name":"Comment","target":["https:\/\/www.pigrecoemme.com\/blog\/petizione-per-concedere-a-franca-valeri-la-cittadinanza-onoraria-di-napoli\/#respond"]}]},{"@type":"WebPage","@id":"https:\/\/www.pigrecoemme.com\/blog\/petizione-per-concedere-a-franca-valeri-la-cittadinanza-onoraria-di-napoli\/","url":"https:\/\/www.pigrecoemme.com\/blog\/petizione-per-concedere-a-franca-valeri-la-cittadinanza-onoraria-di-napoli\/","name":"Petizione per concedere a Franca Valeri la cittadinanza onoraria di Napoli","isPartOf":{"@id":"https:\/\/www.pigrecoemme.com\/blog\/#website"},"primaryImageOfPage":{"@id":"https:\/\/www.pigrecoemme.com\/blog\/petizione-per-concedere-a-franca-valeri-la-cittadinanza-onoraria-di-napoli\/#primaryimage"},"image":{"@id":"https:\/\/www.pigrecoemme.com\/blog\/petizione-per-concedere-a-franca-valeri-la-cittadinanza-onoraria-di-napoli\/#primaryimage"},"thumbnailUrl":"http:\/\/www.pigrecoemme.com\/blog\/wp-content\/uploads\/2013\/03\/franca-valeri.png","datePublished":"2013-03-28T16:08:07+00:00","dateModified":"2013-04-06T13:34:33+00:00","breadcrumb":{"@id":"https:\/\/www.pigrecoemme.com\/blog\/petizione-per-concedere-a-franca-valeri-la-cittadinanza-onoraria-di-napoli\/#breadcrumb"},"inLanguage":"it-IT","potentialAction":[{"@type":"ReadAction","target":["https:\/\/www.pigrecoemme.com\/blog\/petizione-per-concedere-a-franca-valeri-la-cittadinanza-onoraria-di-napoli\/"]}]},{"@type":"ImageObject","inLanguage":"it-IT","@id":"https:\/\/www.pigrecoemme.com\/blog\/petizione-per-concedere-a-franca-valeri-la-cittadinanza-onoraria-di-napoli\/#primaryimage","url":"http:\/\/www.pigrecoemme.com\/blog\/wp-content\/uploads\/2013\/03\/franca-valeri.png","contentUrl":"http:\/\/www.pigrecoemme.com\/blog\/wp-content\/uploads\/2013\/03\/franca-valeri.png"},{"@type":"BreadcrumbList","@id":"https:\/\/www.pigrecoemme.com\/blog\/petizione-per-concedere-a-franca-valeri-la-cittadinanza-onoraria-di-napoli\/#breadcrumb","itemListElement":[{"@type":"ListItem","position":1,"name":"Home","item":"https:\/\/www.pigrecoemme.com\/blog\/"},{"@type":"ListItem","position":2,"name":"Petizione per concedere a Franca Valeri la cittadinanza onoraria di Napoli"}]},{"@type":"WebSite","@id":"https:\/\/www.pigrecoemme.com\/blog\/#website","url":"https:\/\/www.pigrecoemme.com\/blog\/","name":"Scuola di Cinema Pigrecoemme - Blog","description":"Siamo la prima Scuola di Cinema e Fotografia di Napoli","publisher":{"@id":"https:\/\/www.pigrecoemme.com\/blog\/#organization"},"potentialAction":[{"@type":"SearchAction","target":{"@type":"EntryPoint","urlTemplate":"https:\/\/www.pigrecoemme.com\/blog\/?s={search_term_string}"},"query-input":{"@type":"PropertyValueSpecification","valueRequired":true,"valueName":"search_term_string"}}],"inLanguage":"it-IT"},{"@type":"Organization","@id":"https:\/\/www.pigrecoemme.com\/blog\/#organization","name":"Scuola di cinema e fotografia Pigrecoemme","url":"https:\/\/www.pigrecoemme.com\/blog\/","logo":{"@type":"ImageObject","inLanguage":"it-IT","@id":"https:\/\/www.pigrecoemme.com\/blog\/#\/schema\/logo\/image\/","url":"https:\/\/i0.wp.com\/www.pigrecoemme.com\/blog\/wp-content\/uploads\/2018\/06\/logo-pigrecoemme-2018.png?fit=500%2C500&ssl=1","contentUrl":"https:\/\/i0.wp.com\/www.pigrecoemme.com\/blog\/wp-content\/uploads\/2018\/06\/logo-pigrecoemme-2018.png?fit=500%2C500&ssl=1","width":500,"height":500,"caption":"Scuola di cinema e fotografia Pigrecoemme"},"image":{"@id":"https:\/\/www.pigrecoemme.com\/blog\/#\/schema\/logo\/image\/"},"sameAs":["https:\/\/www.facebook.com\/pigrecoemme","https:\/\/x.com\/Pigrecoemme","https:\/\/www.instagram.com\/pigrecoemme\/","https:\/\/www.linkedin.com\/company\/pigrecoemme\/","https:\/\/www.youtube.com\/pigrecoemme"]},{"@type":"Person","@id":"https:\/\/www.pigrecoemme.com\/blog\/#\/schema\/person\/57fa822c3d209d3a2612fd0411ae63f4","name":"Giacomo Fabbrocino","image":{"@type":"ImageObject","inLanguage":"it-IT","@id":"https:\/\/secure.gravatar.com\/avatar\/0e4dfd4d05c06a03fffaffeb36fb181415ba11b91a6b566fa2e8ada75927db32?s=96&r=g","url":"https:\/\/secure.gravatar.com\/avatar\/0e4dfd4d05c06a03fffaffeb36fb181415ba11b91a6b566fa2e8ada75927db32?s=96&r=g","contentUrl":"https:\/\/secure.gravatar.com\/avatar\/0e4dfd4d05c06a03fffaffeb36fb181415ba11b91a6b566fa2e8ada75927db32?s=96&r=g","caption":"Giacomo Fabbrocino"},"description":"Montatore cinematografico, autore di documentari sull'arte e di video d'artista, Giacomo \u00e8 responsabile della didattica e della comunicazione web della Scuola di Cinema, Fotografia e Televisione Pigrecoemme di Napoli.","sameAs":["http:\/\/www.pigrecoemme.com\/","https:\/\/www.facebook.com\/giacomo.fabbrocino"],"url":"https:\/\/www.pigrecoemme.com\/blog\/author\/giacomo-fabbrocino\/"}]}},"jetpack_sharing_enabled":true,"jetpack_likes_enabled":true,"jetpack-related-posts":[{"id":151,"url":"https:\/\/www.pigrecoemme.com\/blog\/napoli-teatro-festival-italia-2009-vantaggi-per-gli-allievi-di-pigrecoemme\/","url_meta":{"origin":619,"position":0},"title":"Napoli Teatro Festival Italia 2009 &#8211; Vantaggi per gli allievi di Pigrecoemme","author":"Giacomo Fabbrocino","date":"21 Maggio 2009","format":false,"excerpt":"la II edizione del Napoli Teatro Festival Italia si terr\u00e0 dal 4 al 28 giugno 2009 e presenter\u00e0 collaborazioni e coproduzioni internazionali, nuove creazioni, testi originali commissionati ad autori italiani e stranieri. Il Napoli Teatro Festival Italia ha progettato e produce direttamente pi\u00f9 di 20 nuove creazioni internazionali, in cui\u2026","rel":"","context":"In &quot;Generale&quot;","block_context":{"text":"Generale","link":"https:\/\/www.pigrecoemme.com\/blog\/generale\/"},"img":{"alt_text":"","src":"https:\/\/i0.wp.com\/www.pigrecoemme.com\/blog\/wp-content\/uploads\/2009\/05\/card178x116.gif?resize=350%2C200","width":350,"height":200},"classes":[]},{"id":99,"url":"https:\/\/www.pigrecoemme.com\/blog\/rewind-a-spazio-libero\/","url_meta":{"origin":619,"position":1},"title":"Rewind a Spazio Libero","author":"Giacomo Fabbrocino","date":"30 Ottobre 2008","format":false,"excerpt":"Vi segnaliamo con piacere Rewind, da Eug\u00e8ne Ionesco, uno spettacolo diretto Da Antonio Piccolo e Giuseppe Cerrone. Quest'ultimo\u00a0 gi\u00e0 noto ai nostri amici ed ai lettori di questo blog per avere interpretato il padre di Damiano nel dibattuto (almeno qui sul blog) Corto \"Un passo indietro\". Alle Luci un altro\u2026","rel":"","context":"In &quot;Generale&quot;","block_context":{"text":"Generale","link":"https:\/\/www.pigrecoemme.com\/blog\/generale\/"},"img":{"alt_text":"","src":"","width":0,"height":0},"classes":[]},{"id":38,"url":"https:\/\/www.pigrecoemme.com\/blog\/tre-terzi-al-teatro-mercadante\/","url_meta":{"origin":619,"position":2},"title":"Tre Terzi al teatro Mercadante","author":"Giacomo Fabbrocino","date":"29 Febbraio 2008","format":false,"excerpt":"Dal 3 al 16 marzo 2008 \u00e8 in programma al Teatro Mercadante di Napoli Tre Terzi, di Diego De Silva, Valeria Parrella, Antonio Pascale, per la regia di Giuseppe Bertolucci e Luisa Grosso, con Marina Confalone e Lello Giulivo. La sezione video \u00e8 a cura della Scuola di Cinema Pigrecoemme\u2026","rel":"","context":"In &quot;Produzioni&quot;","block_context":{"text":"Produzioni","link":"https:\/\/www.pigrecoemme.com\/blog\/produzioni\/"},"img":{"alt_text":"Tre Terzi","src":"https:\/\/i0.wp.com\/www.pigrecoemme.com\/produzioni\/treterzi\/treterzi.jpg?resize=350%2C200","width":350,"height":200},"classes":[]},{"id":564,"url":"https:\/\/www.pigrecoemme.com\/blog\/convenzione-con-il-teatro-mercadante\/","url_meta":{"origin":619,"position":3},"title":"Convenzione con il Teatro Mercadante","author":"Rosario Gallone","date":"19 Ottobre 2012","format":false,"excerpt":"Dopo l'annuncio delle Convenzione con Galleria Toledo, siamo lieti di comunicare a tutti i nostri corsisti ed ex corsisti che anche un'altra prestigiosa convenzione \u00e8 stata rinnovata con un importante Teatro cittadino: Il Teatro Stabile di Napoli (che comprende il Teatro Mercadante, il ridotto del Mercadante ed il Teatro San\u2026","rel":"","context":"In &quot;Convenzioni&quot;","block_context":{"text":"Convenzioni","link":"https:\/\/www.pigrecoemme.com\/blog\/convenzioni\/"},"img":{"alt_text":"","src":"","width":0,"height":0},"classes":[]},{"id":834,"url":"https:\/\/www.pigrecoemme.com\/blog\/still-in-life-allaccademia-di-belle-arti-d-napoli\/","url_meta":{"origin":619,"position":4},"title":"&#8220;Still in Life&#8221; all&#8217;Accademia di Belle Arti di Napoli","author":"Corrado Morra","date":"6 Maggio 2014","format":false,"excerpt":"Venerd\u00ec 9 maggio 2014, alle ore 11.00, nell'ambito dell'incontro con Raffaela Mariniello al Teatro A. Niccolini dell'Accademia di Belle Arti di Napoli, sar\u00e0 proiettato il video \"Still in Life\", diretto da Raffaela Mariniello con il nostro docente e fondatore Giacomo Fabbrocino (qui anche montatore) e prodotto dalla Scuola di cinema\u2026","rel":"","context":"In &quot;Fotografia&quot;","block_context":{"text":"Fotografia","link":"https:\/\/www.pigrecoemme.com\/blog\/fotografia\/"},"img":{"alt_text":"still-in-life-accademia-di-belle-arti-napoli-0","src":"https:\/\/i0.wp.com\/www.pigrecoemme.com\/blog\/wp-content\/uploads\/2014\/05\/still-in-life-accademia-di-belle-arti-napoli-0.jpg?resize=350%2C200","width":350,"height":200,"srcset":"https:\/\/i0.wp.com\/www.pigrecoemme.com\/blog\/wp-content\/uploads\/2014\/05\/still-in-life-accademia-di-belle-arti-napoli-0.jpg?resize=350%2C200 1x, https:\/\/i0.wp.com\/www.pigrecoemme.com\/blog\/wp-content\/uploads\/2014\/05\/still-in-life-accademia-di-belle-arti-napoli-0.jpg?resize=525%2C300 1.5x"},"classes":[]},{"id":921,"url":"https:\/\/www.pigrecoemme.com\/blog\/presentazione-di-still-in-life-allaccademia-di-belle-arti-di-napoli\/","url_meta":{"origin":619,"position":5},"title":"Presentazione di &#8220;Still in Life&#8221; all&#8217;Accademia di Belle Arti di Napoli","author":"Giacomo Fabbrocino","date":"28 Ottobre 2014","format":false,"excerpt":"Venerd\u00ec 9 maggio 2014, nell\u2019ambito dell\u2019incontro con Raffaela Mariniello al Teatro A. Niccolini dell\u2019Accademia di Belle Arti di Napoli, \u00e8 stato proiettato il video \u201cStill in Life\u201d, diretto da Raffaela Mariniello con il nostro docente e fondatore Giacomo Fabbrocino (qui anche montatore) e prodotto dalla Scuola di cinema e fotografia\u2026","rel":"","context":"In &quot;Eventi&quot;","block_context":{"text":"Eventi","link":"https:\/\/www.pigrecoemme.com\/blog\/eventi\/"},"img":{"alt_text":"","src":"https:\/\/i0.wp.com\/www.pigrecoemme.com\/blog\/wp-content\/uploads\/2014\/10\/still-in-life-raffaela-mariniello-accademia.jpg?resize=350%2C200","width":350,"height":200},"classes":[]}],"jetpack_featured_media_url":"","_links":{"self":[{"href":"https:\/\/www.pigrecoemme.com\/blog\/wp-json\/wp\/v2\/posts\/619","targetHints":{"allow":["GET"]}}],"collection":[{"href":"https:\/\/www.pigrecoemme.com\/blog\/wp-json\/wp\/v2\/posts"}],"about":[{"href":"https:\/\/www.pigrecoemme.com\/blog\/wp-json\/wp\/v2\/types\/post"}],"author":[{"embeddable":true,"href":"https:\/\/www.pigrecoemme.com\/blog\/wp-json\/wp\/v2\/users\/1"}],"replies":[{"embeddable":true,"href":"https:\/\/www.pigrecoemme.com\/blog\/wp-json\/wp\/v2\/comments?post=619"}],"version-history":[{"count":0,"href":"https:\/\/www.pigrecoemme.com\/blog\/wp-json\/wp\/v2\/posts\/619\/revisions"}],"wp:attachment":[{"href":"https:\/\/www.pigrecoemme.com\/blog\/wp-json\/wp\/v2\/media?parent=619"}],"wp:term":[{"taxonomy":"category","embeddable":true,"href":"https:\/\/www.pigrecoemme.com\/blog\/wp-json\/wp\/v2\/categories?post=619"},{"taxonomy":"post_tag","embeddable":true,"href":"https:\/\/www.pigrecoemme.com\/blog\/wp-json\/wp\/v2\/tags?post=619"}],"curies":[{"name":"wp","href":"https:\/\/api.w.org\/{rel}","templated":true}]}}