{"id":612,"date":"2013-03-14T13:57:20","date_gmt":"2013-03-14T11:57:20","guid":{"rendered":"http:\/\/www.pigrecoemme.com\/blog\/?p=612"},"modified":"2013-03-14T20:29:41","modified_gmt":"2013-03-14T18:29:41","slug":"il-3-ed-il-4-aprile-torna-il-workshop-di-regia-con-stefano-incerti-made-in-pigrec","status":"publish","type":"post","link":"https:\/\/www.pigrecoemme.com\/blog\/il-3-ed-il-4-aprile-torna-il-workshop-di-regia-con-stefano-incerti-made-in-pigrec\/","title":{"rendered":"Il 3 ed il 4 aprile torna il workshop di regia con Stefano Incerti"},"content":{"rendered":"<figure id=\"attachment_613\" aria-describedby=\"caption-attachment-613\" style=\"width: 234px\" class=\"wp-caption alignleft\"><a href=\"https:\/\/i0.wp.com\/www.pigrecoemme.com\/blog\/wp-content\/uploads\/2013\/03\/stefano_incerti.jpg?ssl=1\"><img data-recalc-dims=\"1\" loading=\"lazy\" decoding=\"async\" class=\"size-medium wp-image-613\" title=\"stefano_incerti\" src=\"https:\/\/i0.wp.com\/www.pigrecoemme.com\/blog\/wp-content\/uploads\/2013\/03\/stefano_incerti.jpg?resize=234%2C300&#038;ssl=1\" alt=\"\" width=\"234\" height=\"300\" srcset=\"https:\/\/i0.wp.com\/www.pigrecoemme.com\/blog\/wp-content\/uploads\/2013\/03\/stefano_incerti.jpg?resize=234%2C300&amp;ssl=1 234w, https:\/\/i0.wp.com\/www.pigrecoemme.com\/blog\/wp-content\/uploads\/2013\/03\/stefano_incerti.jpg?w=468&amp;ssl=1 468w\" sizes=\"auto, (max-width: 234px) 100vw, 234px\" \/><\/a><figcaption id=\"caption-attachment-613\" class=\"wp-caption-text\">Stefano Incerti<\/figcaption><\/figure>\n<p>Il 3 e 4 aprile prossimi torner\u00e0 uno degli appuntamenti annuali pi\u00f9 attesi di Pigrecoemme: il workshop di regia (12 ore) condotto da <a href=\"http:\/\/www.imdb.com\/name\/nm0408440\/?ref_=fn_al_nm_1\">Stefano Incerti<\/a>. Incerti ha esordito nel 1995 con\u00a0<a href=\"http:\/\/www.mymovies.it\/dizionario\/recensione.asp?id=27398\">Il verificatore<\/a> e da subito si \u00e8 distinto dal gruppo del cosiddetto Nuovo Cinema Napoletano, per uno sguardo pi\u00f9 attento alle dinamiche dei generi, ben amalgamate, nel suo cinema, all&#8217;impronta autoriale.<br \/>\nLa sua filmografia comprende flm amatissimi come <em>Gorbaciof<\/em>, <em>L&#8217;uomo di vetro<\/em> e <em>Complici del silenzio<\/em>, mentre <em>Neve<\/em> \u00e8 il film che ha appena terminato di girare.<br \/>\nStefano Incerti, oltre che regista di punta del panorama italiano, \u00e8 anche cinefilo appassionato ed attento e gli incontri, i workshop da lui condotti se ne giovano.<br \/>\nNon sentirete parlare solo del suo cinema, ma del cinema di tutti, del cinema che lui ama e che andrebbe amato. Perch\u00e9 un regista deve raccontare ci\u00f2 che conosce e ama (come diceva Truffaut) e Stefano Incerti conosce e ama il cinema.<\/p>\n<p>Il workshop si terr\u00e0 nei giorni <strong>3 aprile (ore 15-19) e 4 aprile (10-14 e 15-19)<\/strong>.<br \/>\n<strong>Per info: <\/strong><a href=\"mailto:corsi@pigrecoemme.com\">corsi@pigrecoemme.com<\/a>, oppure 0815635188.<br \/>\nPotete anche contattare la <a href=\"https:\/\/www.facebook.com\/pigrecoemme\">nostra pagina ufficiale su <strong>Facebook<\/strong><\/a>.<\/p>\n<p><object classid=\"clsid:d27cdb6e-ae6d-11cf-96b8-444553540000\" width=\"420\" height=\"315\" codebase=\"http:\/\/download.macromedia.com\/pub\/shockwave\/cabs\/flash\/swflash.cab#version=6,0,40,0\"><param name=\"allowFullScreen\" value=\"true\" \/><param name=\"allowscriptaccess\" value=\"always\" \/><param name=\"src\" value=\"http:\/\/www.youtube.com\/v\/x1WmPzUqTXs?version=3&amp;hl=it_IT\" \/><\/object><br \/>\n<em> Gorbaciof \u00e8 il pi\u00f9 recente dei lungometraggi di Stefano Incerti, che ha appena terminato le riprese di un nuovo film.<\/em><\/p>\n","protected":false},"excerpt":{"rendered":"<p>Il 3 e 4 aprile prossimi torner\u00e0 uno degli appuntamenti annuali pi\u00f9 attesi di Pigrecoemme: il workshop di regia (12 ore) condotto da Stefano Incerti. Incerti ha esordito nel 1995 con\u00a0Il verificatore e da&hellip;<\/p>\n","protected":false},"author":3,"featured_media":0,"comment_status":"open","ping_status":"open","sticky":false,"template":"","format":"standard","meta":{"_jetpack_newsletter_access":"","_jetpack_dont_email_post_to_subs":false,"_jetpack_newsletter_tier_id":0,"_jetpack_memberships_contains_paywalled_content":false,"_jetpack_feature_clip_id":0,"_jetpack_memberships_contains_paid_content":false,"footnotes":"","jetpack_post_was_ever_published":false},"categories":[11,1,3],"tags":[77,58,1280,435,503],"class_list":["post-612","post","type-post","status-publish","format-standard","hentry","category-eventi","category-generale","category-scuola-di-cinema","tag-napoli","tag-pigrecoemme","tag-scuola-di-cinema","tag-stefano-incerti","tag-workshop-di-regia"],"yoast_head":"<!-- This site is optimized with the Yoast SEO plugin v28.4 - https:\/\/yoast.com\/product\/yoast-seo-wordpress\/ -->\n<title>Il 3 ed il 4 aprile torna il workshop di regia con Stefano Incerti<\/title>\n<meta name=\"robots\" content=\"index, follow, max-snippet:-1, max-image-preview:large, max-video-preview:-1\" \/>\n<link rel=\"canonical\" href=\"https:\/\/www.pigrecoemme.com\/blog\/il-3-ed-il-4-aprile-torna-il-workshop-di-regia-con-stefano-incerti-made-in-pigrec\/\" \/>\n<meta property=\"og:locale\" content=\"it_IT\" \/>\n<meta property=\"og:type\" content=\"article\" \/>\n<meta property=\"og:title\" content=\"Il 3 ed il 4 aprile torna il workshop di regia con Stefano Incerti\" \/>\n<meta property=\"og:description\" content=\"Scuola di Cinema, Televisione e Fotografia - Napoli\" \/>\n<meta property=\"og:url\" content=\"https:\/\/www.pigrecoemme.com\/blog\/il-3-ed-il-4-aprile-torna-il-workshop-di-regia-con-stefano-incerti-made-in-pigrec\/\" \/>\n<meta property=\"og:site_name\" content=\"Scuola di Cinema Pigrecoemme - Blog\" \/>\n<meta property=\"article:publisher\" content=\"https:\/\/www.facebook.com\/pigrecoemme\" \/>\n<meta property=\"article:author\" content=\"https:\/\/www.facebook.com\/rosario.gallone\" \/>\n<meta property=\"article:published_time\" content=\"2013-03-14T11:57:20+00:00\" \/>\n<meta property=\"article:modified_time\" content=\"2013-03-14T18:29:41+00:00\" \/>\n<meta property=\"og:image\" content=\"http:\/\/www.pigrecoemme.com\/blog\/wp-content\/uploads\/2013\/03\/stefano_incerti-234x300.jpg\" \/>\n<meta name=\"author\" content=\"Rosario Gallone\" \/>\n<meta name=\"twitter:card\" content=\"summary_large_image\" \/>\n<meta name=\"twitter:creator\" content=\"@RosarioGallone\" \/>\n<meta name=\"twitter:site\" content=\"@Pigrecoemme\" \/>\n<meta name=\"twitter:label1\" content=\"Scritto da\" \/>\n\t<meta name=\"twitter:data1\" content=\"Rosario Gallone\" \/>\n\t<meta name=\"twitter:label2\" content=\"Tempo di lettura stimato\" \/>\n\t<meta name=\"twitter:data2\" content=\"1 minuto\" \/>\n<script type=\"application\/ld+json\" class=\"yoast-schema-graph\">{\"@context\":\"https:\\\/\\\/schema.org\",\"@graph\":[{\"@type\":[\"Article\",\"BlogPosting\"],\"@id\":\"https:\\\/\\\/www.pigrecoemme.com\\\/blog\\\/il-3-ed-il-4-aprile-torna-il-workshop-di-regia-con-stefano-incerti-made-in-pigrec\\\/#article\",\"isPartOf\":{\"@id\":\"https:\\\/\\\/www.pigrecoemme.com\\\/blog\\\/il-3-ed-il-4-aprile-torna-il-workshop-di-regia-con-stefano-incerti-made-in-pigrec\\\/\"},\"author\":{\"name\":\"Rosario Gallone\",\"@id\":\"https:\\\/\\\/www.pigrecoemme.com\\\/blog\\\/#\\\/schema\\\/person\\\/3fdd423e7c221a503812a1e86daec850\"},\"headline\":\"Il 3 ed il 4 aprile torna il workshop di regia con Stefano Incerti\",\"datePublished\":\"2013-03-14T11:57:20+00:00\",\"dateModified\":\"2013-03-14T18:29:41+00:00\",\"mainEntityOfPage\":{\"@id\":\"https:\\\/\\\/www.pigrecoemme.com\\\/blog\\\/il-3-ed-il-4-aprile-torna-il-workshop-di-regia-con-stefano-incerti-made-in-pigrec\\\/\"},\"wordCount\":222,\"commentCount\":0,\"publisher\":{\"@id\":\"https:\\\/\\\/www.pigrecoemme.com\\\/blog\\\/#organization\"},\"image\":{\"@id\":\"https:\\\/\\\/www.pigrecoemme.com\\\/blog\\\/il-3-ed-il-4-aprile-torna-il-workshop-di-regia-con-stefano-incerti-made-in-pigrec\\\/#primaryimage\"},\"thumbnailUrl\":\"http:\\\/\\\/www.pigrecoemme.com\\\/blog\\\/wp-content\\\/uploads\\\/2013\\\/03\\\/stefano_incerti-234x300.jpg\",\"keywords\":[\"napoli\",\"pigrecoemme\",\"Scuola di cinema\",\"stefano incerti\",\"workshop di regia\"],\"articleSection\":[\"Eventi\",\"Generale\",\"Scuola di cinema\"],\"inLanguage\":\"it-IT\",\"potentialAction\":[{\"@type\":\"CommentAction\",\"name\":\"Comment\",\"target\":[\"https:\\\/\\\/www.pigrecoemme.com\\\/blog\\\/il-3-ed-il-4-aprile-torna-il-workshop-di-regia-con-stefano-incerti-made-in-pigrec\\\/#respond\"]}]},{\"@type\":\"WebPage\",\"@id\":\"https:\\\/\\\/www.pigrecoemme.com\\\/blog\\\/il-3-ed-il-4-aprile-torna-il-workshop-di-regia-con-stefano-incerti-made-in-pigrec\\\/\",\"url\":\"https:\\\/\\\/www.pigrecoemme.com\\\/blog\\\/il-3-ed-il-4-aprile-torna-il-workshop-di-regia-con-stefano-incerti-made-in-pigrec\\\/\",\"name\":\"Il 3 ed il 4 aprile torna il workshop di regia con Stefano Incerti\",\"isPartOf\":{\"@id\":\"https:\\\/\\\/www.pigrecoemme.com\\\/blog\\\/#website\"},\"primaryImageOfPage\":{\"@id\":\"https:\\\/\\\/www.pigrecoemme.com\\\/blog\\\/il-3-ed-il-4-aprile-torna-il-workshop-di-regia-con-stefano-incerti-made-in-pigrec\\\/#primaryimage\"},\"image\":{\"@id\":\"https:\\\/\\\/www.pigrecoemme.com\\\/blog\\\/il-3-ed-il-4-aprile-torna-il-workshop-di-regia-con-stefano-incerti-made-in-pigrec\\\/#primaryimage\"},\"thumbnailUrl\":\"http:\\\/\\\/www.pigrecoemme.com\\\/blog\\\/wp-content\\\/uploads\\\/2013\\\/03\\\/stefano_incerti-234x300.jpg\",\"datePublished\":\"2013-03-14T11:57:20+00:00\",\"dateModified\":\"2013-03-14T18:29:41+00:00\",\"breadcrumb\":{\"@id\":\"https:\\\/\\\/www.pigrecoemme.com\\\/blog\\\/il-3-ed-il-4-aprile-torna-il-workshop-di-regia-con-stefano-incerti-made-in-pigrec\\\/#breadcrumb\"},\"inLanguage\":\"it-IT\",\"potentialAction\":[{\"@type\":\"ReadAction\",\"target\":[\"https:\\\/\\\/www.pigrecoemme.com\\\/blog\\\/il-3-ed-il-4-aprile-torna-il-workshop-di-regia-con-stefano-incerti-made-in-pigrec\\\/\"]}]},{\"@type\":\"ImageObject\",\"inLanguage\":\"it-IT\",\"@id\":\"https:\\\/\\\/www.pigrecoemme.com\\\/blog\\\/il-3-ed-il-4-aprile-torna-il-workshop-di-regia-con-stefano-incerti-made-in-pigrec\\\/#primaryimage\",\"url\":\"http:\\\/\\\/www.pigrecoemme.com\\\/blog\\\/wp-content\\\/uploads\\\/2013\\\/03\\\/stefano_incerti-234x300.jpg\",\"contentUrl\":\"http:\\\/\\\/www.pigrecoemme.com\\\/blog\\\/wp-content\\\/uploads\\\/2013\\\/03\\\/stefano_incerti-234x300.jpg\"},{\"@type\":\"BreadcrumbList\",\"@id\":\"https:\\\/\\\/www.pigrecoemme.com\\\/blog\\\/il-3-ed-il-4-aprile-torna-il-workshop-di-regia-con-stefano-incerti-made-in-pigrec\\\/#breadcrumb\",\"itemListElement\":[{\"@type\":\"ListItem\",\"position\":1,\"name\":\"Home\",\"item\":\"https:\\\/\\\/www.pigrecoemme.com\\\/blog\\\/\"},{\"@type\":\"ListItem\",\"position\":2,\"name\":\"Il 3 ed il 4 aprile torna il workshop di regia con Stefano Incerti\"}]},{\"@type\":\"WebSite\",\"@id\":\"https:\\\/\\\/www.pigrecoemme.com\\\/blog\\\/#website\",\"url\":\"https:\\\/\\\/www.pigrecoemme.com\\\/blog\\\/\",\"name\":\"Scuola di Cinema Pigrecoemme - Blog\",\"description\":\"Siamo la prima Scuola di Cinema e Fotografia di Napoli\",\"publisher\":{\"@id\":\"https:\\\/\\\/www.pigrecoemme.com\\\/blog\\\/#organization\"},\"potentialAction\":[{\"@type\":\"SearchAction\",\"target\":{\"@type\":\"EntryPoint\",\"urlTemplate\":\"https:\\\/\\\/www.pigrecoemme.com\\\/blog\\\/?s={search_term_string}\"},\"query-input\":{\"@type\":\"PropertyValueSpecification\",\"valueRequired\":true,\"valueName\":\"search_term_string\"}}],\"inLanguage\":\"it-IT\"},{\"@type\":\"Organization\",\"@id\":\"https:\\\/\\\/www.pigrecoemme.com\\\/blog\\\/#organization\",\"name\":\"Scuola di cinema e fotografia Pigrecoemme\",\"url\":\"https:\\\/\\\/www.pigrecoemme.com\\\/blog\\\/\",\"logo\":{\"@type\":\"ImageObject\",\"inLanguage\":\"it-IT\",\"@id\":\"https:\\\/\\\/www.pigrecoemme.com\\\/blog\\\/#\\\/schema\\\/logo\\\/image\\\/\",\"url\":\"https:\\\/\\\/i0.wp.com\\\/www.pigrecoemme.com\\\/blog\\\/wp-content\\\/uploads\\\/2018\\\/06\\\/logo-pigrecoemme-2018.png?fit=500%2C500&ssl=1\",\"contentUrl\":\"https:\\\/\\\/i0.wp.com\\\/www.pigrecoemme.com\\\/blog\\\/wp-content\\\/uploads\\\/2018\\\/06\\\/logo-pigrecoemme-2018.png?fit=500%2C500&ssl=1\",\"width\":500,\"height\":500,\"caption\":\"Scuola di cinema e fotografia Pigrecoemme\"},\"image\":{\"@id\":\"https:\\\/\\\/www.pigrecoemme.com\\\/blog\\\/#\\\/schema\\\/logo\\\/image\\\/\"},\"sameAs\":[\"https:\\\/\\\/www.facebook.com\\\/pigrecoemme\",\"https:\\\/\\\/x.com\\\/Pigrecoemme\",\"https:\\\/\\\/www.instagram.com\\\/pigrecoemme\\\/\",\"https:\\\/\\\/www.linkedin.com\\\/company\\\/pigrecoemme\\\/\",\"https:\\\/\\\/www.youtube.com\\\/pigrecoemme\"]},{\"@type\":\"Person\",\"@id\":\"https:\\\/\\\/www.pigrecoemme.com\\\/blog\\\/#\\\/schema\\\/person\\\/3fdd423e7c221a503812a1e86daec850\",\"name\":\"Rosario Gallone\",\"image\":{\"@type\":\"ImageObject\",\"inLanguage\":\"it-IT\",\"@id\":\"https:\\\/\\\/secure.gravatar.com\\\/avatar\\\/7172808a86a713dea422a3159a5fe73d8a0718671410a281103d82dea575d3e9?s=96&r=g\",\"url\":\"https:\\\/\\\/secure.gravatar.com\\\/avatar\\\/7172808a86a713dea422a3159a5fe73d8a0718671410a281103d82dea575d3e9?s=96&r=g\",\"contentUrl\":\"https:\\\/\\\/secure.gravatar.com\\\/avatar\\\/7172808a86a713dea422a3159a5fe73d8a0718671410a281103d82dea575d3e9?s=96&r=g\",\"caption\":\"Rosario Gallone\"},\"description\":\"Rosario \u00e8 tra i fondatori della Pigrecoemme, dove si occupa soprattutto del corso di regia e dell'organizzazione dei corsi. E' autore della sceneggiatura di Isa 9000 (mediometraggio con Isa Danieli diretto da Angelo Serio), del montaggio di documentari e della regia di alcuni cortometraggi.\",\"sameAs\":[\"http:\\\/\\\/www.pigrecoemme.com\\\/\",\"https:\\\/\\\/www.facebook.com\\\/rosario.gallone\",\"https:\\\/\\\/x.com\\\/RosarioGallone\"],\"url\":\"https:\\\/\\\/www.pigrecoemme.com\\\/blog\\\/author\\\/rosario-gallone\\\/\"}]}<\/script>\n<!-- \/ Yoast SEO plugin. -->","yoast_head_json":{"title":"Il 3 ed il 4 aprile torna il workshop di regia con Stefano Incerti","robots":{"index":"index","follow":"follow","max-snippet":"max-snippet:-1","max-image-preview":"max-image-preview:large","max-video-preview":"max-video-preview:-1"},"canonical":"https:\/\/www.pigrecoemme.com\/blog\/il-3-ed-il-4-aprile-torna-il-workshop-di-regia-con-stefano-incerti-made-in-pigrec\/","og_locale":"it_IT","og_type":"article","og_title":"Il 3 ed il 4 aprile torna il workshop di regia con Stefano Incerti","og_description":"Scuola di Cinema, Televisione e Fotografia - Napoli","og_url":"https:\/\/www.pigrecoemme.com\/blog\/il-3-ed-il-4-aprile-torna-il-workshop-di-regia-con-stefano-incerti-made-in-pigrec\/","og_site_name":"Scuola di Cinema Pigrecoemme - Blog","article_publisher":"https:\/\/www.facebook.com\/pigrecoemme","article_author":"https:\/\/www.facebook.com\/rosario.gallone","article_published_time":"2013-03-14T11:57:20+00:00","article_modified_time":"2013-03-14T18:29:41+00:00","og_image":[{"url":"http:\/\/www.pigrecoemme.com\/blog\/wp-content\/uploads\/2013\/03\/stefano_incerti-234x300.jpg","type":"","width":"","height":""}],"author":"Rosario Gallone","twitter_card":"summary_large_image","twitter_creator":"@RosarioGallone","twitter_site":"@Pigrecoemme","twitter_misc":{"Scritto da":"Rosario Gallone","Tempo di lettura stimato":"1 minuto"},"schema":{"@context":"https:\/\/schema.org","@graph":[{"@type":["Article","BlogPosting"],"@id":"https:\/\/www.pigrecoemme.com\/blog\/il-3-ed-il-4-aprile-torna-il-workshop-di-regia-con-stefano-incerti-made-in-pigrec\/#article","isPartOf":{"@id":"https:\/\/www.pigrecoemme.com\/blog\/il-3-ed-il-4-aprile-torna-il-workshop-di-regia-con-stefano-incerti-made-in-pigrec\/"},"author":{"name":"Rosario Gallone","@id":"https:\/\/www.pigrecoemme.com\/blog\/#\/schema\/person\/3fdd423e7c221a503812a1e86daec850"},"headline":"Il 3 ed il 4 aprile torna il workshop di regia con Stefano Incerti","datePublished":"2013-03-14T11:57:20+00:00","dateModified":"2013-03-14T18:29:41+00:00","mainEntityOfPage":{"@id":"https:\/\/www.pigrecoemme.com\/blog\/il-3-ed-il-4-aprile-torna-il-workshop-di-regia-con-stefano-incerti-made-in-pigrec\/"},"wordCount":222,"commentCount":0,"publisher":{"@id":"https:\/\/www.pigrecoemme.com\/blog\/#organization"},"image":{"@id":"https:\/\/www.pigrecoemme.com\/blog\/il-3-ed-il-4-aprile-torna-il-workshop-di-regia-con-stefano-incerti-made-in-pigrec\/#primaryimage"},"thumbnailUrl":"http:\/\/www.pigrecoemme.com\/blog\/wp-content\/uploads\/2013\/03\/stefano_incerti-234x300.jpg","keywords":["napoli","pigrecoemme","Scuola di cinema","stefano incerti","workshop di regia"],"articleSection":["Eventi","Generale","Scuola di cinema"],"inLanguage":"it-IT","potentialAction":[{"@type":"CommentAction","name":"Comment","target":["https:\/\/www.pigrecoemme.com\/blog\/il-3-ed-il-4-aprile-torna-il-workshop-di-regia-con-stefano-incerti-made-in-pigrec\/#respond"]}]},{"@type":"WebPage","@id":"https:\/\/www.pigrecoemme.com\/blog\/il-3-ed-il-4-aprile-torna-il-workshop-di-regia-con-stefano-incerti-made-in-pigrec\/","url":"https:\/\/www.pigrecoemme.com\/blog\/il-3-ed-il-4-aprile-torna-il-workshop-di-regia-con-stefano-incerti-made-in-pigrec\/","name":"Il 3 ed il 4 aprile torna il workshop di regia con Stefano Incerti","isPartOf":{"@id":"https:\/\/www.pigrecoemme.com\/blog\/#website"},"primaryImageOfPage":{"@id":"https:\/\/www.pigrecoemme.com\/blog\/il-3-ed-il-4-aprile-torna-il-workshop-di-regia-con-stefano-incerti-made-in-pigrec\/#primaryimage"},"image":{"@id":"https:\/\/www.pigrecoemme.com\/blog\/il-3-ed-il-4-aprile-torna-il-workshop-di-regia-con-stefano-incerti-made-in-pigrec\/#primaryimage"},"thumbnailUrl":"http:\/\/www.pigrecoemme.com\/blog\/wp-content\/uploads\/2013\/03\/stefano_incerti-234x300.jpg","datePublished":"2013-03-14T11:57:20+00:00","dateModified":"2013-03-14T18:29:41+00:00","breadcrumb":{"@id":"https:\/\/www.pigrecoemme.com\/blog\/il-3-ed-il-4-aprile-torna-il-workshop-di-regia-con-stefano-incerti-made-in-pigrec\/#breadcrumb"},"inLanguage":"it-IT","potentialAction":[{"@type":"ReadAction","target":["https:\/\/www.pigrecoemme.com\/blog\/il-3-ed-il-4-aprile-torna-il-workshop-di-regia-con-stefano-incerti-made-in-pigrec\/"]}]},{"@type":"ImageObject","inLanguage":"it-IT","@id":"https:\/\/www.pigrecoemme.com\/blog\/il-3-ed-il-4-aprile-torna-il-workshop-di-regia-con-stefano-incerti-made-in-pigrec\/#primaryimage","url":"http:\/\/www.pigrecoemme.com\/blog\/wp-content\/uploads\/2013\/03\/stefano_incerti-234x300.jpg","contentUrl":"http:\/\/www.pigrecoemme.com\/blog\/wp-content\/uploads\/2013\/03\/stefano_incerti-234x300.jpg"},{"@type":"BreadcrumbList","@id":"https:\/\/www.pigrecoemme.com\/blog\/il-3-ed-il-4-aprile-torna-il-workshop-di-regia-con-stefano-incerti-made-in-pigrec\/#breadcrumb","itemListElement":[{"@type":"ListItem","position":1,"name":"Home","item":"https:\/\/www.pigrecoemme.com\/blog\/"},{"@type":"ListItem","position":2,"name":"Il 3 ed il 4 aprile torna il workshop di regia con Stefano Incerti"}]},{"@type":"WebSite","@id":"https:\/\/www.pigrecoemme.com\/blog\/#website","url":"https:\/\/www.pigrecoemme.com\/blog\/","name":"Scuola di Cinema Pigrecoemme - Blog","description":"Siamo la prima Scuola di Cinema e Fotografia di Napoli","publisher":{"@id":"https:\/\/www.pigrecoemme.com\/blog\/#organization"},"potentialAction":[{"@type":"SearchAction","target":{"@type":"EntryPoint","urlTemplate":"https:\/\/www.pigrecoemme.com\/blog\/?s={search_term_string}"},"query-input":{"@type":"PropertyValueSpecification","valueRequired":true,"valueName":"search_term_string"}}],"inLanguage":"it-IT"},{"@type":"Organization","@id":"https:\/\/www.pigrecoemme.com\/blog\/#organization","name":"Scuola di cinema e fotografia Pigrecoemme","url":"https:\/\/www.pigrecoemme.com\/blog\/","logo":{"@type":"ImageObject","inLanguage":"it-IT","@id":"https:\/\/www.pigrecoemme.com\/blog\/#\/schema\/logo\/image\/","url":"https:\/\/i0.wp.com\/www.pigrecoemme.com\/blog\/wp-content\/uploads\/2018\/06\/logo-pigrecoemme-2018.png?fit=500%2C500&ssl=1","contentUrl":"https:\/\/i0.wp.com\/www.pigrecoemme.com\/blog\/wp-content\/uploads\/2018\/06\/logo-pigrecoemme-2018.png?fit=500%2C500&ssl=1","width":500,"height":500,"caption":"Scuola di cinema e fotografia Pigrecoemme"},"image":{"@id":"https:\/\/www.pigrecoemme.com\/blog\/#\/schema\/logo\/image\/"},"sameAs":["https:\/\/www.facebook.com\/pigrecoemme","https:\/\/x.com\/Pigrecoemme","https:\/\/www.instagram.com\/pigrecoemme\/","https:\/\/www.linkedin.com\/company\/pigrecoemme\/","https:\/\/www.youtube.com\/pigrecoemme"]},{"@type":"Person","@id":"https:\/\/www.pigrecoemme.com\/blog\/#\/schema\/person\/3fdd423e7c221a503812a1e86daec850","name":"Rosario Gallone","image":{"@type":"ImageObject","inLanguage":"it-IT","@id":"https:\/\/secure.gravatar.com\/avatar\/7172808a86a713dea422a3159a5fe73d8a0718671410a281103d82dea575d3e9?s=96&r=g","url":"https:\/\/secure.gravatar.com\/avatar\/7172808a86a713dea422a3159a5fe73d8a0718671410a281103d82dea575d3e9?s=96&r=g","contentUrl":"https:\/\/secure.gravatar.com\/avatar\/7172808a86a713dea422a3159a5fe73d8a0718671410a281103d82dea575d3e9?s=96&r=g","caption":"Rosario Gallone"},"description":"Rosario \u00e8 tra i fondatori della Pigrecoemme, dove si occupa soprattutto del corso di regia e dell'organizzazione dei corsi. E' autore della sceneggiatura di Isa 9000 (mediometraggio con Isa Danieli diretto da Angelo Serio), del montaggio di documentari e della regia di alcuni cortometraggi.","sameAs":["http:\/\/www.pigrecoemme.com\/","https:\/\/www.facebook.com\/rosario.gallone","https:\/\/x.com\/RosarioGallone"],"url":"https:\/\/www.pigrecoemme.com\/blog\/author\/rosario-gallone\/"}]}},"jetpack_sharing_enabled":true,"jetpack_likes_enabled":true,"jetpack-related-posts":[{"id":462,"url":"https:\/\/www.pigrecoemme.com\/blog\/workshop-di-regia-con-stefano-incerti-il-2-e-3-febbraio\/","url_meta":{"origin":612,"position":0},"title":"Workshop di regia con Stefano Incerti il 2 e 3 febbraio","author":"Giacomo Fabbrocino","date":"31 Gennaio 2012","format":false,"excerpt":"Il workshop di regia condotto\u00a0presso Pigrecoemme a Napoli\u00a0da Stefano Incerti (Gorbaciof, L'uomo di vetro, I Vesuviani, Il Verificatore sono tra i suoi film pi\u00f9 noti) si terr\u00e0 quest'anno gioved\u00ec 2 febbraio (h 15,30 - 19,30) e venerd\u00ec 3 febbraio (h. 10.00 - \u00a014.00 \u00a0e h. 15,00-19,00). Se siete interessati, potete\u2026","rel":"","context":"In &quot;Generale&quot;","block_context":{"text":"Generale","link":"https:\/\/www.pigrecoemme.com\/blog\/generale\/"},"img":{"alt_text":"","src":"https:\/\/i0.wp.com\/www.pigrecoemme.com\/blog\/wp-content\/uploads\/2011\/01\/stefano-incerti-233x300.jpg?resize=350%2C200","width":350,"height":200},"classes":[]},{"id":327,"url":"https:\/\/www.pigrecoemme.com\/blog\/il-20-e-21-gennaio-workshop-di-regia-a-cura-di-stefano-incerti\/","url_meta":{"origin":612,"position":1},"title":"Il 20 e 21 gennaio, workshop di Regia a cura di Stefano Incerti","author":"Corrado Morra","date":"14 Gennaio 2011","format":false,"excerpt":"Gioved\u00ec 20 e venerd\u00ec 21 gennaio (ore 11.00 - 18.00) il regista e sceneggiatore Stefano Incerti dar\u00e0 vita ad un intenso workshop di Regia cinematografica alla scuola di cinema Pigrecoemme. \u00c8 un ritorno, quello di Incerti alla Pigrecoemme, di cui siamo particolarmente contenti, convinti come siamo che nella ventennale esperienza\u2026","rel":"","context":"In &quot;Eventi&quot;","block_context":{"text":"Eventi","link":"https:\/\/www.pigrecoemme.com\/blog\/eventi\/"},"img":{"alt_text":"","src":"https:\/\/i0.wp.com\/www.pigrecoemme.com\/blog\/wp-content\/uploads\/2011\/01\/stefano-incerti-233x300.jpg?resize=350%2C200","width":350,"height":200},"classes":[]},{"id":1879,"url":"https:\/\/www.pigrecoemme.com\/blog\/la-parrucchiera-la-drammedia-di-stefano-incerti\/","url_meta":{"origin":612,"position":2},"title":"La parrucchiera &#8211; Una drammedia di Stefano Incerti","author":"Pigrecoemme","date":"13 Aprile 2017","format":false,"excerpt":"Questo post non \u00e8 una vera e propria recensione. Perch\u00e9\u00a0La parrucchiera, l'ultima regia di\u00a0Stefano Incerti, \u00e8 un'opera alla quale siamo legati per diversi motivi: per il numero di amici (Gennaro Fasolino,\u00a0Cesare Accetta)\u00a0e docenti della Pigrecoemme coinvolti (da\u00a0Renato Lori alla scenografia ad\u00a0Annalisa Ciaramella ai costumi senza dimenticare il regista stesso e\u2026","rel":"","context":"In &quot;Analisi e Critica&quot;","block_context":{"text":"Analisi e Critica","link":"https:\/\/www.pigrecoemme.com\/blog\/analisi-e-critica-2\/"},"img":{"alt_text":"la parrucchiera - di stefano incerti","src":"https:\/\/i0.wp.com\/www.pigrecoemme.com\/blog\/wp-content\/uploads\/2017\/04\/la-parrucchiera-stefano-incerti.jpg?resize=350%2C200","width":350,"height":200},"classes":[]},{"id":279,"url":"https:\/\/www.pigrecoemme.com\/blog\/pigrecoemme-regala-gorbaciof-dieci-omaggi-per-il-nuovo-film-di-stefano-incerti\/","url_meta":{"origin":612,"position":3},"title":"Pigrecoemme regala Gorbaciof. Dieci omaggi per il nuovo film di Stefano Incerti.","author":"Giacomo Fabbrocino","date":"14 Ottobre 2010","format":false,"excerpt":"Ai primi dieci allievi o ex allievi dei suoi corsi, che si presenteranno presso la nostra sede di\u00a0Piazza Portanova 11 a partire dalle ore 11.00 di domani venerd\u00ec 15 ottobre 2010, Pigrecoemme sar\u00e0\u00a0lieta di regalare un biglietto per assistere, presso il Multicinema Modernissimo, al nuovo film\u00a0di Stefano Incerti, Gorbaciof. Le\u2026","rel":"","context":"In &quot;Generale&quot;","block_context":{"text":"Generale","link":"https:\/\/www.pigrecoemme.com\/blog\/generale\/"},"img":{"alt_text":"","src":"https:\/\/i0.wp.com\/www.pigrecoemme.com\/blog\/wp-content\/uploads\/2010\/10\/gorbaciof-poster-150x150.jpg?resize=350%2C200","width":350,"height":200},"classes":[]},{"id":346,"url":"https:\/\/www.pigrecoemme.com\/blog\/ad-aprile-corso-di-scenografia-con-renato-lori\/","url_meta":{"origin":612,"position":4},"title":"Ad aprile Corso di Scenografia con Renato Lori","author":"Rosario Gallone","date":"21 Febbraio 2011","format":false,"excerpt":"Anche quest'anno Pigrecoemme organizza un workshop di scenografia per il cinema. Docente, come negli anni passati, Renato Lori, uno dei pi\u00f9 importanti scenografi italiani che vanta nel suo curriculum partecipazioni a film come Il padrino parte III di Francis Ford Coppola ed Opera di Dario Argento. Di grande importanza il\u2026","rel":"","context":"In &quot;Generale&quot;","block_context":{"text":"Generale","link":"https:\/\/www.pigrecoemme.com\/blog\/generale\/"},"img":{"alt_text":"Renato Lori - Docente del workshop di scenografia di Pigrecoemme","src":"https:\/\/i0.wp.com\/www.pigrecoemme.com\/blog\/wp-content\/uploads\/2011\/02\/lori.jpg?resize=350%2C200","width":350,"height":200},"classes":[]},{"id":601,"url":"https:\/\/www.pigrecoemme.com\/blog\/workshop-di-direzione-della-fotografia-e-laprile-di-pigrecoemme-niente-scherzi\/","url_meta":{"origin":612,"position":5},"title":"Workshop di Direzione della Fotografia e l&#8217;aprile di Pigrecoemme (niente scherzi)","author":"Rosario Gallone","date":"11 Marzo 2013","format":false,"excerpt":"Pigrecoemme non smette mai di cercare di ampliare la propria offerta. Ragion per cui dopo la replica, a grande richiesta, del Workshop di Direzione della Fotografia , che si rivolge\u00a0a coloro che vogliano imparare a gestire sul piano tecnico e su quello artistico l'illuminazione ed i cromatismi delle riprese video\u2026","rel":"","context":"In &quot;Fotografia&quot;","block_context":{"text":"Fotografia","link":"https:\/\/www.pigrecoemme.com\/blog\/fotografia\/"},"img":{"alt_text":"","src":"https:\/\/i0.wp.com\/www.pigrecoemme.com\/corsi\/corso-direzione-della-fotografia-napoli.jpg?resize=350%2C200","width":350,"height":200},"classes":[]}],"jetpack_featured_media_url":"","_links":{"self":[{"href":"https:\/\/www.pigrecoemme.com\/blog\/wp-json\/wp\/v2\/posts\/612","targetHints":{"allow":["GET"]}}],"collection":[{"href":"https:\/\/www.pigrecoemme.com\/blog\/wp-json\/wp\/v2\/posts"}],"about":[{"href":"https:\/\/www.pigrecoemme.com\/blog\/wp-json\/wp\/v2\/types\/post"}],"author":[{"embeddable":true,"href":"https:\/\/www.pigrecoemme.com\/blog\/wp-json\/wp\/v2\/users\/3"}],"replies":[{"embeddable":true,"href":"https:\/\/www.pigrecoemme.com\/blog\/wp-json\/wp\/v2\/comments?post=612"}],"version-history":[{"count":0,"href":"https:\/\/www.pigrecoemme.com\/blog\/wp-json\/wp\/v2\/posts\/612\/revisions"}],"wp:attachment":[{"href":"https:\/\/www.pigrecoemme.com\/blog\/wp-json\/wp\/v2\/media?parent=612"}],"wp:term":[{"taxonomy":"category","embeddable":true,"href":"https:\/\/www.pigrecoemme.com\/blog\/wp-json\/wp\/v2\/categories?post=612"},{"taxonomy":"post_tag","embeddable":true,"href":"https:\/\/www.pigrecoemme.com\/blog\/wp-json\/wp\/v2\/tags?post=612"}],"curies":[{"name":"wp","href":"https:\/\/api.w.org\/{rel}","templated":true}]}}