{"id":604,"date":"2013-03-12T14:13:25","date_gmt":"2013-03-12T12:13:25","guid":{"rendered":"http:\/\/www.pigrecoemme.com\/blog\/?p=604"},"modified":"2016-01-27T11:21:56","modified_gmt":"2016-01-27T10:21:56","slug":"la-rivolta-tunisina-nelle-foto-di-luigi-sorrentino","status":"publish","type":"post","link":"https:\/\/www.pigrecoemme.com\/blog\/la-rivolta-tunisina-nelle-foto-di-luigi-sorrentino\/","title":{"rendered":"La rivolta Tunisina nelle foto di Luigi Sorrentino"},"content":{"rendered":"<p><a href=\"https:\/\/i0.wp.com\/www.pigrecoemme.com\/blog\/wp-content\/uploads\/2013\/03\/fotogiornalismo-tunisia-1.jpg?ssl=1\"><img data-recalc-dims=\"1\" loading=\"lazy\" decoding=\"async\" class=\"alignleft size-medium wp-image-605\" title=\"fotogiornalismo tunisia 1\" src=\"https:\/\/i0.wp.com\/www.pigrecoemme.com\/blog\/wp-content\/uploads\/2013\/03\/fotogiornalismo-tunisia-1.jpg?resize=162%2C243&#038;ssl=1\" alt=\"\" width=\"162\" height=\"243\" srcset=\"https:\/\/i0.wp.com\/www.pigrecoemme.com\/blog\/wp-content\/uploads\/2013\/03\/fotogiornalismo-tunisia-1.jpg?resize=200%2C300&amp;ssl=1 200w, https:\/\/i0.wp.com\/www.pigrecoemme.com\/blog\/wp-content\/uploads\/2013\/03\/fotogiornalismo-tunisia-1.jpg?w=1024&amp;ssl=1 1024w\" sizes=\"auto, (max-width: 162px) 100vw, 162px\" \/><\/a><strong>Luned\u00ec 18 marzo<\/strong>, alle <strong>ore 16,00<\/strong>, il fotografo<strong> Luigi Sorrentino <\/strong>sar\u00e0 alla <a href=\"http:\/\/www.pigrecoemme.com\/\"><strong>Scuola di cinema e fotografia Pigrecoemme<\/strong><\/a> di Napoli, per presentare un suo drammatico e potente fotoreportage sui recenti scontri in Tunisia, che stanno, dopo gli sconvolgimenti della cosiddetta &#8220;primavera araba&#8221;, di nuovo gettando nel caos uno dei paesi chiave del Maghreb.<\/p>\n<p>L&#8217;appuntamento \u00e8 un&#8217;occasione per gli appassionati di fotografia e di fotogiornalismo per conoscere meglio la ricerca fotografica di Sorrentino, caratterizzata da una grande forza espressiva e da una solida attenzione antropologica.<\/p>\n<h2>Modalit\u00e0 di partecipazione<\/h2>\n<p>L&#8217;incontro \u00e8 a <strong>ingresso gratuito<\/strong> e sar\u00e0 introdotto da <strong>Luca Sorbo<\/strong>, curatore del <a href=\"http:\/\/www.pigrecoemme.com\/corso-fotografia\/corso-di-fotografia-2.htm\">Corso di fotografia<\/a> del <a href=\"http:\/\/www.pigrecoemme.com\/corso-fotografia\/corso-di-fotogiornalismo-reportage-napoli.htm\">corso di fotogiornalismo<\/a> della Pigrecoemme \u00a0e da <strong>Corrado Morra<\/strong>, presidente della Pigrecoemme e titolare del <a href=\"http:\/\/www.pigrecoemme.com\/corsi\/corso-sceneggiatura.htm\">corso di Sceneggiatura<\/a>.<\/p>\n<h2>Una testimonianza diretta<\/h2>\n<p><a href=\"https:\/\/i0.wp.com\/www.pigrecoemme.com\/blog\/wp-content\/uploads\/2013\/03\/fotogiornalismo-tunisia-3.jpg?ssl=1\"><img data-recalc-dims=\"1\" loading=\"lazy\" decoding=\"async\" class=\"alignleft size-medium wp-image-606\" title=\"fotogiornalismo tunisia 3\" src=\"https:\/\/i0.wp.com\/www.pigrecoemme.com\/blog\/wp-content\/uploads\/2013\/03\/fotogiornalismo-tunisia-3.jpg?resize=300%2C199&#038;ssl=1\" alt=\"\" width=\"300\" height=\"199\" srcset=\"https:\/\/i0.wp.com\/www.pigrecoemme.com\/blog\/wp-content\/uploads\/2013\/03\/fotogiornalismo-tunisia-3.jpg?resize=300%2C199&amp;ssl=1 300w, https:\/\/i0.wp.com\/www.pigrecoemme.com\/blog\/wp-content\/uploads\/2013\/03\/fotogiornalismo-tunisia-3.jpg?w=1024&amp;ssl=1 1024w\" sizes=\"auto, (max-width: 300px) 100vw, 300px\" \/><\/a>&#8220;<em>A far cadere la Tunisia sull&#8217;orlo di una gravissima crisi istituzionale &#8211; ci dice Sorrentino, fotografo italiano, che attualmente insegna nella capitale tunisina &#8211; \u00e8 stato l&#8217;assassinio del leader del Partito unificato democratico nazionalista, Chokri Belaid freddato, lo scorso febbraio, davanti casa, a Tunisi. E, da quel momento, la citt\u00e0 e l&#8217;intera Tunisia stanno vivendo una situazione esplosiva&#8221;.<\/em><\/p>\n<p><em>Attivista per i diritti umani, Belaid era in prima fila tra coloro che tentano di contenere le derive islamiste di Ennahda, e la sua morte ha scosso profondamente il Paese<\/em>.&#8221;<\/p>\n<p><a href=\"https:\/\/i0.wp.com\/www.pigrecoemme.com\/blog\/wp-content\/uploads\/2013\/03\/fotogiornalismo-tunisia-2.jpg?ssl=1\"><img data-recalc-dims=\"1\" loading=\"lazy\" decoding=\"async\" class=\"alignleft size-medium wp-image-607\" title=\"fotogiornalismo tunisia 2\" src=\"https:\/\/i0.wp.com\/www.pigrecoemme.com\/blog\/wp-content\/uploads\/2013\/03\/fotogiornalismo-tunisia-2.jpg?resize=91%2C136&#038;ssl=1\" alt=\"\" width=\"91\" height=\"136\" srcset=\"https:\/\/i0.wp.com\/www.pigrecoemme.com\/blog\/wp-content\/uploads\/2013\/03\/fotogiornalismo-tunisia-2.jpg?resize=200%2C300&amp;ssl=1 200w, https:\/\/i0.wp.com\/www.pigrecoemme.com\/blog\/wp-content\/uploads\/2013\/03\/fotogiornalismo-tunisia-2.jpg?w=512&amp;ssl=1 512w\" sizes=\"auto, (max-width: 91px) 100vw, 91px\" \/><\/a>&#8220;<em>La scena era imponente e drammatica: migliaia di persone sono subito scese in avenue Bourghiba<\/em> &#8211; aggiuge Sorrentino &#8211; <em>gridando slogan (&#8220;d\u00e9gage, d\u00e9gage!&#8221;) e chiedendo le dimissioni del premier e del governo. Ma qui a Tunisi, contro i manifestanti, la polizia che ha fatto? Gli ha sparato addosso i lacrimogeni, scatenando violenti scontri con i giovani. Da allora \u00e8 un susseguirsi di manifestazioni pro e contro il governo. E la tensione, ad oggi, \u00e8 altissima&#8230;<\/em>&#8221;<\/p>\n<h2>Luigi Sorrentino<\/h2>\n<p><a href=\"https:\/\/i0.wp.com\/www.pigrecoemme.com\/blog\/wp-content\/uploads\/2013\/03\/fotogiornalismo-tunisia-4.jpg?ssl=1\"><img data-recalc-dims=\"1\" loading=\"lazy\" decoding=\"async\" class=\"alignright size-medium wp-image-608\" title=\"fotogiornalismo-tunisia-4\" src=\"https:\/\/i0.wp.com\/www.pigrecoemme.com\/blog\/wp-content\/uploads\/2013\/03\/fotogiornalismo-tunisia-4.jpg?resize=200%2C300&#038;ssl=1\" alt=\"\" width=\"200\" height=\"300\" srcset=\"https:\/\/i0.wp.com\/www.pigrecoemme.com\/blog\/wp-content\/uploads\/2013\/03\/fotogiornalismo-tunisia-4.jpg?resize=200%2C300&amp;ssl=1 200w, https:\/\/i0.wp.com\/www.pigrecoemme.com\/blog\/wp-content\/uploads\/2013\/03\/fotogiornalismo-tunisia-4.jpg?w=1024&amp;ssl=1 1024w\" sizes=\"auto, (max-width: 200px) 100vw, 200px\" \/><\/a>Luigi Sorrentino ha seguito gli eventi che in questi giorni stanno sconvolgendo il paese mediterraneo, cercando di coglierne soprattutto gli aspetti umani e, con un occhio attento e pieno di empatia, Sorrentino, in ogni scatto, si prefigge innanzi tutto di denunciare i soprusi e gli inganni del potere, le fragilit\u00e0 e i piccoli gesti di resistenza eroica di uomini e donne, che lottano per il loro futuro.<\/p>\n<p><strong>Luigi Sorrentino<\/strong> (Gigi per gli amici) \u00e8 un insegnante e fotografo italiano, nato in Francia nel 1960, che ha vissuto per molto tempo all&#8217;estero (Marocco, Gran Bretagna, Francia, Argentina, Irlanda) dove ha lavorato, viaggiato e soprattutto fotografato. Attualmente vive e lavora a Tunisi.<\/p>\n<p>Nel 1995, in Marocco, ha vinto il concorso fotografico &#8220;Casablanca in bianco e nero&#8221;; nel 2007 si \u00e8 aggiudicato il premio Citt\u00e0 di Lille in Francia, nel 2009 il premio Pe\u00f1a fotografica Mar del Plata e nel 2010 il Premio Ciudad de M\u00e1laga per la paz. Ha esposto in varie citt\u00e0 in Italia e all&#8217;estero.<\/p>\n<p>Un suo profilo fotografico \u00e8 visionabile qui: <a href=\"http:\/\/www.flickr.com\/photos\/giginapoli\/\">www.flickr.com\/photos\/giginapoli\/<\/a><\/p>\n<h2><strong>Per maggiori informazioni sull&#8217;incontro:<\/strong><\/h2>\n<p><strong>Tel. <\/strong><strong>081 5635188<br \/>\n<\/strong>Email:\u00a0<a href=\"mailto:info@pigrecoemme.com\">info@pigrecoemme.com<\/a><\/p>\n<p style=\"text-align: center; line-height: 150%;\"><a href=\"https:\/\/www.facebook.com\/events\/280444372088759\/\"><img data-recalc-dims=\"1\" loading=\"lazy\" decoding=\"async\" class=\"aligncenter\" title=\"INCONTRO DI FOTOGIORNALISMO\" src=\"https:\/\/i0.wp.com\/www.pigrecoemme.com\/blog\/wp-content\/uploads\/2012\/03\/evento-facebook.png?resize=500%2C86&#038;ssl=1\" alt=\"\" width=\"500\" height=\"86\" \/><\/a><\/p>\n","protected":false},"excerpt":{"rendered":"<p>Luned\u00ec 18 marzo, alle ore 16,00, il fotografo Luigi Sorrentino sar\u00e0 alla Scuola di cinema e fotografia Pigrecoemme di Napoli, per presentare un suo drammatico e potente fotoreportage sui recenti scontri in Tunisia, che&hellip;<\/p>\n","protected":false},"author":1,"featured_media":0,"comment_status":"open","ping_status":"open","sticky":false,"template":"","format":"standard","meta":{"_jetpack_newsletter_access":"","_jetpack_dont_email_post_to_subs":false,"_jetpack_newsletter_tier_id":0,"_jetpack_memberships_contains_paywalled_content":false,"_jetpack_feature_clip_id":0,"_jetpack_memberships_contains_paid_content":false,"footnotes":"","jetpack_post_was_ever_published":false},"categories":[11,21,1,1523],"tags":[20,366,347,370,781,367,780],"class_list":["post-604","post","type-post","status-publish","format-standard","hentry","category-eventi","category-fotografia","category-generale","category-incontri-fotografici","tag-corso-di-fotografia","tag-corso-di-fotogiornalismo","tag-fotogiornalismo","tag-incontri-fotografici","tag-luigi-sorrentino","tag-reportage","tag-tunisia"],"yoast_head":"<!-- This site is optimized with the Yoast SEO plugin v28.4 - https:\/\/yoast.com\/product\/yoast-seo-wordpress\/ -->\n<title>La rivolta Tunisina nelle foto di Luigi Sorrentino<\/title>\n<meta name=\"robots\" content=\"index, follow, max-snippet:-1, max-image-preview:large, max-video-preview:-1\" \/>\n<link rel=\"canonical\" href=\"https:\/\/www.pigrecoemme.com\/blog\/la-rivolta-tunisina-nelle-foto-di-luigi-sorrentino\/\" \/>\n<meta property=\"og:locale\" content=\"it_IT\" \/>\n<meta property=\"og:type\" content=\"article\" \/>\n<meta property=\"og:title\" content=\"La rivolta Tunisina nelle foto di Luigi Sorrentino\" \/>\n<meta property=\"og:description\" content=\"Luned\u00ec 18 marzo, alle ore 16,00, il fotografo Luigi Sorrentino sar\u00e0 alla Scuola di cinema e fotografia Pigrecoemme di Napoli, per presentare un suo drammatico e potente fotoreportage sui recenti scontri in Tunisia, che&hellip;\" \/>\n<meta property=\"og:url\" content=\"https:\/\/www.pigrecoemme.com\/blog\/la-rivolta-tunisina-nelle-foto-di-luigi-sorrentino\/\" \/>\n<meta property=\"og:site_name\" content=\"Scuola di Cinema Pigrecoemme - Blog\" \/>\n<meta property=\"article:publisher\" content=\"https:\/\/www.facebook.com\/pigrecoemme\" \/>\n<meta property=\"article:author\" content=\"https:\/\/www.facebook.com\/giacomo.fabbrocino\" \/>\n<meta property=\"article:published_time\" content=\"2013-03-12T12:13:25+00:00\" \/>\n<meta property=\"article:modified_time\" content=\"2016-01-27T10:21:56+00:00\" \/>\n<meta property=\"og:image\" content=\"http:\/\/www.pigrecoemme.com\/blog\/wp-content\/uploads\/2013\/03\/fotogiornalismo-tunisia-1-200x300.jpg\" \/>\n<meta name=\"author\" content=\"Giacomo Fabbrocino\" \/>\n<meta name=\"twitter:card\" content=\"summary_large_image\" \/>\n<meta name=\"twitter:creator\" content=\"@Pigrecoemme\" \/>\n<meta name=\"twitter:site\" content=\"@Pigrecoemme\" \/>\n<meta name=\"twitter:label1\" content=\"Scritto da\" \/>\n\t<meta name=\"twitter:data1\" content=\"Giacomo Fabbrocino\" \/>\n\t<meta name=\"twitter:label2\" content=\"Tempo di lettura stimato\" \/>\n\t<meta name=\"twitter:data2\" content=\"2 minuti\" \/>\n<script type=\"application\/ld+json\" class=\"yoast-schema-graph\">{\"@context\":\"https:\\\/\\\/schema.org\",\"@graph\":[{\"@type\":[\"Article\",\"BlogPosting\"],\"@id\":\"https:\\\/\\\/www.pigrecoemme.com\\\/blog\\\/la-rivolta-tunisina-nelle-foto-di-luigi-sorrentino\\\/#article\",\"isPartOf\":{\"@id\":\"https:\\\/\\\/www.pigrecoemme.com\\\/blog\\\/la-rivolta-tunisina-nelle-foto-di-luigi-sorrentino\\\/\"},\"author\":{\"name\":\"Giacomo Fabbrocino\",\"@id\":\"https:\\\/\\\/www.pigrecoemme.com\\\/blog\\\/#\\\/schema\\\/person\\\/57fa822c3d209d3a2612fd0411ae63f4\"},\"headline\":\"La rivolta Tunisina nelle foto di Luigi Sorrentino\",\"datePublished\":\"2013-03-12T12:13:25+00:00\",\"dateModified\":\"2016-01-27T10:21:56+00:00\",\"mainEntityOfPage\":{\"@id\":\"https:\\\/\\\/www.pigrecoemme.com\\\/blog\\\/la-rivolta-tunisina-nelle-foto-di-luigi-sorrentino\\\/\"},\"wordCount\":482,\"commentCount\":0,\"publisher\":{\"@id\":\"https:\\\/\\\/www.pigrecoemme.com\\\/blog\\\/#organization\"},\"image\":{\"@id\":\"https:\\\/\\\/www.pigrecoemme.com\\\/blog\\\/la-rivolta-tunisina-nelle-foto-di-luigi-sorrentino\\\/#primaryimage\"},\"thumbnailUrl\":\"http:\\\/\\\/www.pigrecoemme.com\\\/blog\\\/wp-content\\\/uploads\\\/2013\\\/03\\\/fotogiornalismo-tunisia-1-200x300.jpg\",\"keywords\":[\"\\\"corso di fotografia\\\"\",\"corso di fotogiornalismo\",\"fotogiornalismo\",\"incontri fotografici\",\"luigi sorrentino\",\"reportage\",\"tunisia\"],\"articleSection\":[\"Eventi\",\"Fotografia\",\"Generale\",\"Incontri fotografici\"],\"inLanguage\":\"it-IT\",\"potentialAction\":[{\"@type\":\"CommentAction\",\"name\":\"Comment\",\"target\":[\"https:\\\/\\\/www.pigrecoemme.com\\\/blog\\\/la-rivolta-tunisina-nelle-foto-di-luigi-sorrentino\\\/#respond\"]}]},{\"@type\":\"WebPage\",\"@id\":\"https:\\\/\\\/www.pigrecoemme.com\\\/blog\\\/la-rivolta-tunisina-nelle-foto-di-luigi-sorrentino\\\/\",\"url\":\"https:\\\/\\\/www.pigrecoemme.com\\\/blog\\\/la-rivolta-tunisina-nelle-foto-di-luigi-sorrentino\\\/\",\"name\":\"La rivolta Tunisina nelle foto di Luigi Sorrentino\",\"isPartOf\":{\"@id\":\"https:\\\/\\\/www.pigrecoemme.com\\\/blog\\\/#website\"},\"primaryImageOfPage\":{\"@id\":\"https:\\\/\\\/www.pigrecoemme.com\\\/blog\\\/la-rivolta-tunisina-nelle-foto-di-luigi-sorrentino\\\/#primaryimage\"},\"image\":{\"@id\":\"https:\\\/\\\/www.pigrecoemme.com\\\/blog\\\/la-rivolta-tunisina-nelle-foto-di-luigi-sorrentino\\\/#primaryimage\"},\"thumbnailUrl\":\"http:\\\/\\\/www.pigrecoemme.com\\\/blog\\\/wp-content\\\/uploads\\\/2013\\\/03\\\/fotogiornalismo-tunisia-1-200x300.jpg\",\"datePublished\":\"2013-03-12T12:13:25+00:00\",\"dateModified\":\"2016-01-27T10:21:56+00:00\",\"breadcrumb\":{\"@id\":\"https:\\\/\\\/www.pigrecoemme.com\\\/blog\\\/la-rivolta-tunisina-nelle-foto-di-luigi-sorrentino\\\/#breadcrumb\"},\"inLanguage\":\"it-IT\",\"potentialAction\":[{\"@type\":\"ReadAction\",\"target\":[\"https:\\\/\\\/www.pigrecoemme.com\\\/blog\\\/la-rivolta-tunisina-nelle-foto-di-luigi-sorrentino\\\/\"]}]},{\"@type\":\"ImageObject\",\"inLanguage\":\"it-IT\",\"@id\":\"https:\\\/\\\/www.pigrecoemme.com\\\/blog\\\/la-rivolta-tunisina-nelle-foto-di-luigi-sorrentino\\\/#primaryimage\",\"url\":\"http:\\\/\\\/www.pigrecoemme.com\\\/blog\\\/wp-content\\\/uploads\\\/2013\\\/03\\\/fotogiornalismo-tunisia-1-200x300.jpg\",\"contentUrl\":\"http:\\\/\\\/www.pigrecoemme.com\\\/blog\\\/wp-content\\\/uploads\\\/2013\\\/03\\\/fotogiornalismo-tunisia-1-200x300.jpg\"},{\"@type\":\"BreadcrumbList\",\"@id\":\"https:\\\/\\\/www.pigrecoemme.com\\\/blog\\\/la-rivolta-tunisina-nelle-foto-di-luigi-sorrentino\\\/#breadcrumb\",\"itemListElement\":[{\"@type\":\"ListItem\",\"position\":1,\"name\":\"Home\",\"item\":\"https:\\\/\\\/www.pigrecoemme.com\\\/blog\\\/\"},{\"@type\":\"ListItem\",\"position\":2,\"name\":\"La rivolta Tunisina nelle foto di Luigi Sorrentino\"}]},{\"@type\":\"WebSite\",\"@id\":\"https:\\\/\\\/www.pigrecoemme.com\\\/blog\\\/#website\",\"url\":\"https:\\\/\\\/www.pigrecoemme.com\\\/blog\\\/\",\"name\":\"Scuola di Cinema Pigrecoemme - Blog\",\"description\":\"Siamo la prima Scuola di Cinema e Fotografia di Napoli\",\"publisher\":{\"@id\":\"https:\\\/\\\/www.pigrecoemme.com\\\/blog\\\/#organization\"},\"potentialAction\":[{\"@type\":\"SearchAction\",\"target\":{\"@type\":\"EntryPoint\",\"urlTemplate\":\"https:\\\/\\\/www.pigrecoemme.com\\\/blog\\\/?s={search_term_string}\"},\"query-input\":{\"@type\":\"PropertyValueSpecification\",\"valueRequired\":true,\"valueName\":\"search_term_string\"}}],\"inLanguage\":\"it-IT\"},{\"@type\":\"Organization\",\"@id\":\"https:\\\/\\\/www.pigrecoemme.com\\\/blog\\\/#organization\",\"name\":\"Scuola di cinema e fotografia Pigrecoemme\",\"url\":\"https:\\\/\\\/www.pigrecoemme.com\\\/blog\\\/\",\"logo\":{\"@type\":\"ImageObject\",\"inLanguage\":\"it-IT\",\"@id\":\"https:\\\/\\\/www.pigrecoemme.com\\\/blog\\\/#\\\/schema\\\/logo\\\/image\\\/\",\"url\":\"https:\\\/\\\/i0.wp.com\\\/www.pigrecoemme.com\\\/blog\\\/wp-content\\\/uploads\\\/2018\\\/06\\\/logo-pigrecoemme-2018.png?fit=500%2C500&ssl=1\",\"contentUrl\":\"https:\\\/\\\/i0.wp.com\\\/www.pigrecoemme.com\\\/blog\\\/wp-content\\\/uploads\\\/2018\\\/06\\\/logo-pigrecoemme-2018.png?fit=500%2C500&ssl=1\",\"width\":500,\"height\":500,\"caption\":\"Scuola di cinema e fotografia Pigrecoemme\"},\"image\":{\"@id\":\"https:\\\/\\\/www.pigrecoemme.com\\\/blog\\\/#\\\/schema\\\/logo\\\/image\\\/\"},\"sameAs\":[\"https:\\\/\\\/www.facebook.com\\\/pigrecoemme\",\"https:\\\/\\\/x.com\\\/Pigrecoemme\",\"https:\\\/\\\/www.instagram.com\\\/pigrecoemme\\\/\",\"https:\\\/\\\/www.linkedin.com\\\/company\\\/pigrecoemme\\\/\",\"https:\\\/\\\/www.youtube.com\\\/pigrecoemme\"]},{\"@type\":\"Person\",\"@id\":\"https:\\\/\\\/www.pigrecoemme.com\\\/blog\\\/#\\\/schema\\\/person\\\/57fa822c3d209d3a2612fd0411ae63f4\",\"name\":\"Giacomo Fabbrocino\",\"image\":{\"@type\":\"ImageObject\",\"inLanguage\":\"it-IT\",\"@id\":\"https:\\\/\\\/secure.gravatar.com\\\/avatar\\\/0e4dfd4d05c06a03fffaffeb36fb181415ba11b91a6b566fa2e8ada75927db32?s=96&r=g\",\"url\":\"https:\\\/\\\/secure.gravatar.com\\\/avatar\\\/0e4dfd4d05c06a03fffaffeb36fb181415ba11b91a6b566fa2e8ada75927db32?s=96&r=g\",\"contentUrl\":\"https:\\\/\\\/secure.gravatar.com\\\/avatar\\\/0e4dfd4d05c06a03fffaffeb36fb181415ba11b91a6b566fa2e8ada75927db32?s=96&r=g\",\"caption\":\"Giacomo Fabbrocino\"},\"description\":\"Montatore cinematografico, autore di documentari sull'arte e di video d'artista, Giacomo \u00e8 responsabile della didattica e della comunicazione web della Scuola di Cinema, Fotografia e Televisione Pigrecoemme di Napoli.\",\"sameAs\":[\"http:\\\/\\\/www.pigrecoemme.com\\\/\",\"https:\\\/\\\/www.facebook.com\\\/giacomo.fabbrocino\"],\"url\":\"https:\\\/\\\/www.pigrecoemme.com\\\/blog\\\/author\\\/giacomo-fabbrocino\\\/\"}]}<\/script>\n<!-- \/ Yoast SEO plugin. -->","yoast_head_json":{"title":"La rivolta Tunisina nelle foto di Luigi Sorrentino","robots":{"index":"index","follow":"follow","max-snippet":"max-snippet:-1","max-image-preview":"max-image-preview:large","max-video-preview":"max-video-preview:-1"},"canonical":"https:\/\/www.pigrecoemme.com\/blog\/la-rivolta-tunisina-nelle-foto-di-luigi-sorrentino\/","og_locale":"it_IT","og_type":"article","og_title":"La rivolta Tunisina nelle foto di Luigi Sorrentino","og_description":"Luned\u00ec 18 marzo, alle ore 16,00, il fotografo Luigi Sorrentino sar\u00e0 alla Scuola di cinema e fotografia Pigrecoemme di Napoli, per presentare un suo drammatico e potente fotoreportage sui recenti scontri in Tunisia, che&hellip;","og_url":"https:\/\/www.pigrecoemme.com\/blog\/la-rivolta-tunisina-nelle-foto-di-luigi-sorrentino\/","og_site_name":"Scuola di Cinema Pigrecoemme - Blog","article_publisher":"https:\/\/www.facebook.com\/pigrecoemme","article_author":"https:\/\/www.facebook.com\/giacomo.fabbrocino","article_published_time":"2013-03-12T12:13:25+00:00","article_modified_time":"2016-01-27T10:21:56+00:00","og_image":[{"url":"http:\/\/www.pigrecoemme.com\/blog\/wp-content\/uploads\/2013\/03\/fotogiornalismo-tunisia-1-200x300.jpg","type":"","width":"","height":""}],"author":"Giacomo Fabbrocino","twitter_card":"summary_large_image","twitter_creator":"@Pigrecoemme","twitter_site":"@Pigrecoemme","twitter_misc":{"Scritto da":"Giacomo Fabbrocino","Tempo di lettura stimato":"2 minuti"},"schema":{"@context":"https:\/\/schema.org","@graph":[{"@type":["Article","BlogPosting"],"@id":"https:\/\/www.pigrecoemme.com\/blog\/la-rivolta-tunisina-nelle-foto-di-luigi-sorrentino\/#article","isPartOf":{"@id":"https:\/\/www.pigrecoemme.com\/blog\/la-rivolta-tunisina-nelle-foto-di-luigi-sorrentino\/"},"author":{"name":"Giacomo Fabbrocino","@id":"https:\/\/www.pigrecoemme.com\/blog\/#\/schema\/person\/57fa822c3d209d3a2612fd0411ae63f4"},"headline":"La rivolta Tunisina nelle foto di Luigi Sorrentino","datePublished":"2013-03-12T12:13:25+00:00","dateModified":"2016-01-27T10:21:56+00:00","mainEntityOfPage":{"@id":"https:\/\/www.pigrecoemme.com\/blog\/la-rivolta-tunisina-nelle-foto-di-luigi-sorrentino\/"},"wordCount":482,"commentCount":0,"publisher":{"@id":"https:\/\/www.pigrecoemme.com\/blog\/#organization"},"image":{"@id":"https:\/\/www.pigrecoemme.com\/blog\/la-rivolta-tunisina-nelle-foto-di-luigi-sorrentino\/#primaryimage"},"thumbnailUrl":"http:\/\/www.pigrecoemme.com\/blog\/wp-content\/uploads\/2013\/03\/fotogiornalismo-tunisia-1-200x300.jpg","keywords":["\"corso di fotografia\"","corso di fotogiornalismo","fotogiornalismo","incontri fotografici","luigi sorrentino","reportage","tunisia"],"articleSection":["Eventi","Fotografia","Generale","Incontri fotografici"],"inLanguage":"it-IT","potentialAction":[{"@type":"CommentAction","name":"Comment","target":["https:\/\/www.pigrecoemme.com\/blog\/la-rivolta-tunisina-nelle-foto-di-luigi-sorrentino\/#respond"]}]},{"@type":"WebPage","@id":"https:\/\/www.pigrecoemme.com\/blog\/la-rivolta-tunisina-nelle-foto-di-luigi-sorrentino\/","url":"https:\/\/www.pigrecoemme.com\/blog\/la-rivolta-tunisina-nelle-foto-di-luigi-sorrentino\/","name":"La rivolta Tunisina nelle foto di Luigi Sorrentino","isPartOf":{"@id":"https:\/\/www.pigrecoemme.com\/blog\/#website"},"primaryImageOfPage":{"@id":"https:\/\/www.pigrecoemme.com\/blog\/la-rivolta-tunisina-nelle-foto-di-luigi-sorrentino\/#primaryimage"},"image":{"@id":"https:\/\/www.pigrecoemme.com\/blog\/la-rivolta-tunisina-nelle-foto-di-luigi-sorrentino\/#primaryimage"},"thumbnailUrl":"http:\/\/www.pigrecoemme.com\/blog\/wp-content\/uploads\/2013\/03\/fotogiornalismo-tunisia-1-200x300.jpg","datePublished":"2013-03-12T12:13:25+00:00","dateModified":"2016-01-27T10:21:56+00:00","breadcrumb":{"@id":"https:\/\/www.pigrecoemme.com\/blog\/la-rivolta-tunisina-nelle-foto-di-luigi-sorrentino\/#breadcrumb"},"inLanguage":"it-IT","potentialAction":[{"@type":"ReadAction","target":["https:\/\/www.pigrecoemme.com\/blog\/la-rivolta-tunisina-nelle-foto-di-luigi-sorrentino\/"]}]},{"@type":"ImageObject","inLanguage":"it-IT","@id":"https:\/\/www.pigrecoemme.com\/blog\/la-rivolta-tunisina-nelle-foto-di-luigi-sorrentino\/#primaryimage","url":"http:\/\/www.pigrecoemme.com\/blog\/wp-content\/uploads\/2013\/03\/fotogiornalismo-tunisia-1-200x300.jpg","contentUrl":"http:\/\/www.pigrecoemme.com\/blog\/wp-content\/uploads\/2013\/03\/fotogiornalismo-tunisia-1-200x300.jpg"},{"@type":"BreadcrumbList","@id":"https:\/\/www.pigrecoemme.com\/blog\/la-rivolta-tunisina-nelle-foto-di-luigi-sorrentino\/#breadcrumb","itemListElement":[{"@type":"ListItem","position":1,"name":"Home","item":"https:\/\/www.pigrecoemme.com\/blog\/"},{"@type":"ListItem","position":2,"name":"La rivolta Tunisina nelle foto di Luigi Sorrentino"}]},{"@type":"WebSite","@id":"https:\/\/www.pigrecoemme.com\/blog\/#website","url":"https:\/\/www.pigrecoemme.com\/blog\/","name":"Scuola di Cinema Pigrecoemme - Blog","description":"Siamo la prima Scuola di Cinema e Fotografia di Napoli","publisher":{"@id":"https:\/\/www.pigrecoemme.com\/blog\/#organization"},"potentialAction":[{"@type":"SearchAction","target":{"@type":"EntryPoint","urlTemplate":"https:\/\/www.pigrecoemme.com\/blog\/?s={search_term_string}"},"query-input":{"@type":"PropertyValueSpecification","valueRequired":true,"valueName":"search_term_string"}}],"inLanguage":"it-IT"},{"@type":"Organization","@id":"https:\/\/www.pigrecoemme.com\/blog\/#organization","name":"Scuola di cinema e fotografia Pigrecoemme","url":"https:\/\/www.pigrecoemme.com\/blog\/","logo":{"@type":"ImageObject","inLanguage":"it-IT","@id":"https:\/\/www.pigrecoemme.com\/blog\/#\/schema\/logo\/image\/","url":"https:\/\/i0.wp.com\/www.pigrecoemme.com\/blog\/wp-content\/uploads\/2018\/06\/logo-pigrecoemme-2018.png?fit=500%2C500&ssl=1","contentUrl":"https:\/\/i0.wp.com\/www.pigrecoemme.com\/blog\/wp-content\/uploads\/2018\/06\/logo-pigrecoemme-2018.png?fit=500%2C500&ssl=1","width":500,"height":500,"caption":"Scuola di cinema e fotografia Pigrecoemme"},"image":{"@id":"https:\/\/www.pigrecoemme.com\/blog\/#\/schema\/logo\/image\/"},"sameAs":["https:\/\/www.facebook.com\/pigrecoemme","https:\/\/x.com\/Pigrecoemme","https:\/\/www.instagram.com\/pigrecoemme\/","https:\/\/www.linkedin.com\/company\/pigrecoemme\/","https:\/\/www.youtube.com\/pigrecoemme"]},{"@type":"Person","@id":"https:\/\/www.pigrecoemme.com\/blog\/#\/schema\/person\/57fa822c3d209d3a2612fd0411ae63f4","name":"Giacomo Fabbrocino","image":{"@type":"ImageObject","inLanguage":"it-IT","@id":"https:\/\/secure.gravatar.com\/avatar\/0e4dfd4d05c06a03fffaffeb36fb181415ba11b91a6b566fa2e8ada75927db32?s=96&r=g","url":"https:\/\/secure.gravatar.com\/avatar\/0e4dfd4d05c06a03fffaffeb36fb181415ba11b91a6b566fa2e8ada75927db32?s=96&r=g","contentUrl":"https:\/\/secure.gravatar.com\/avatar\/0e4dfd4d05c06a03fffaffeb36fb181415ba11b91a6b566fa2e8ada75927db32?s=96&r=g","caption":"Giacomo Fabbrocino"},"description":"Montatore cinematografico, autore di documentari sull'arte e di video d'artista, Giacomo \u00e8 responsabile della didattica e della comunicazione web della Scuola di Cinema, Fotografia e Televisione Pigrecoemme di Napoli.","sameAs":["http:\/\/www.pigrecoemme.com\/","https:\/\/www.facebook.com\/giacomo.fabbrocino"],"url":"https:\/\/www.pigrecoemme.com\/blog\/author\/giacomo-fabbrocino\/"}]}},"jetpack_sharing_enabled":true,"jetpack_likes_enabled":true,"jetpack-related-posts":[{"id":783,"url":"https:\/\/www.pigrecoemme.com\/blog\/luigi-sorrentino\/","url_meta":{"origin":604,"position":0},"title":"Viaggio in un&#8217;umanit\u00e0 senza fine, il nuovo progetto fotografico di Luigi Sorrentino","author":"Corrado Morra","date":"21 Gennaio 2014","format":false,"excerpt":"Sabato 25 gennaio, dalle\u00a0ore 16,00 alle 18,00, il fotografo\u00a0Luigi Sorrentino ritorna alla Scuola di cinema e fotografia\u00a0Pigrecoemme di Napoli, per presentare il suo ultimo progetto,\u00a0Viaggio in un\u2019umanit\u00e0 senza fine, un racconto di grande potenza espressiva che, tra fotoreportage e video, si fa commovente testimonianza delle contraddizioni, del dolore, delle gioie\u2026","rel":"","context":"In &quot;Eventi&quot;","block_context":{"text":"Eventi","link":"https:\/\/www.pigrecoemme.com\/blog\/eventi\/"},"img":{"alt_text":"","src":"https:\/\/i0.wp.com\/www.pigrecoemme.com\/blog\/wp-content\/uploads\/2014\/01\/il-cairo.jpg?resize=350%2C200","width":350,"height":200},"classes":[]},{"id":829,"url":"https:\/\/www.pigrecoemme.com\/blog\/la-grande-bellezza-la-fotografia-di-gianni-fiorito\/","url_meta":{"origin":604,"position":1},"title":"La grande bellezza? La fotografia. Dal fotogiornalismo al set, Gianni Fiorito si racconta alla Pigrecoemme","author":"Corrado Morra","date":"30 Aprile 2014","format":false,"excerpt":"Marted\u00ec 6 maggio, dalle ore 18,30 alle 20,30, nell\u2019ambito della rassegna Incontri fotografici,\u00a0Gianni Fiorito sar\u00e0 alla Scuola di cinema e fotografia Pigrecoemme di Napoli per vita a un incontro aperto in cui racconter\u00e0 il suo esemplare ed avvincente percorso artistico che scorre, grazie a una costante e fruttuosa contaminazione, tra\u2026","rel":"","context":"In &quot;Eventi&quot;","block_context":{"text":"Eventi","link":"https:\/\/www.pigrecoemme.com\/blog\/eventi\/"},"img":{"alt_text":"","src":"https:\/\/i0.wp.com\/www.pigrecoemme.com\/blog\/wp-content\/uploads\/2014\/04\/fiorito3-300x208.jpg?resize=350%2C200","width":350,"height":200},"classes":[]},{"id":1740,"url":"https:\/\/www.pigrecoemme.com\/blog\/incontro-gratuito-gianni-fiorito-fotografo-scena\/","url_meta":{"origin":604,"position":2},"title":"Incontro gratuito con Gianni Fiorito, fotografo di scena","author":"Pigrecoemme","date":"12 Settembre 2016","format":false,"excerpt":"Mercoled\u00ec 28 settembre 2016, dalle\u00a0ore 16:00 alle ore\u00a018:00, nell\u2019ambito della rassegna Incontri fotografici,\u00a0Gianni Fiorito sar\u00e0 ospite alla Scuola di cinema e fotografia\u00a0Pigrecoemme\u00a0di Napoli per dar vita a un incontro in cui racconter\u00e0 la sua avvincente esperienza di fotografo in grado di ricoprire ruoli di primissimo piano \u00a0nel reportage, nella fotografia\u2026","rel":"","context":"In &quot;Eventi&quot;","block_context":{"text":"Eventi","link":"https:\/\/www.pigrecoemme.com\/blog\/eventi\/"},"img":{"alt_text":"Un bacio - di Ivan Cotroneo","src":"https:\/\/i0.wp.com\/www.pigrecoemme.com\/blog\/wp-content\/uploads\/2016\/09\/un-bacio-1.jpg?resize=350%2C200","width":350,"height":200,"srcset":"https:\/\/i0.wp.com\/www.pigrecoemme.com\/blog\/wp-content\/uploads\/2016\/09\/un-bacio-1.jpg?resize=350%2C200 1x, https:\/\/i0.wp.com\/www.pigrecoemme.com\/blog\/wp-content\/uploads\/2016\/09\/un-bacio-1.jpg?resize=525%2C300 1.5x, https:\/\/i0.wp.com\/www.pigrecoemme.com\/blog\/wp-content\/uploads\/2016\/09\/un-bacio-1.jpg?resize=700%2C400 2x, https:\/\/i0.wp.com\/www.pigrecoemme.com\/blog\/wp-content\/uploads\/2016\/09\/un-bacio-1.jpg?resize=1050%2C600 3x, https:\/\/i0.wp.com\/www.pigrecoemme.com\/blog\/wp-content\/uploads\/2016\/09\/un-bacio-1.jpg?resize=1400%2C800 4x"},"classes":[]},{"id":492,"url":"https:\/\/www.pigrecoemme.com\/blog\/sabato-21-aprile-aniello-barone-terra-un-incontro-lezione-gratuito-sulla-fotografia\/","url_meta":{"origin":604,"position":3},"title":"Sabato 21 aprile Aniello Barone terr\u00e0 un incontro-lezione gratuito sulla fotografia","author":"Corrado Morra","date":"17 Aprile 2012","format":false,"excerpt":"Continuano, alla Scuola di cinema e fotografia Pigrecoemme di Napoli, gli incontri dedicati ai grandi fotografi. Sabato 21 aprile 2012, Aniello Barone sar\u00e0, cos\u00ec, negli spazi di Piazza Portanova, per un incontro-lezione, che avr\u00e0 il compito di tracciare le linee principali del suo affascinante percorso artistico e professionale. L\u2019appuntamento, dalle\u2026","rel":"","context":"In &quot;Eventi&quot;","block_context":{"text":"Eventi","link":"https:\/\/www.pigrecoemme.com\/blog\/eventi\/"},"img":{"alt_text":"","src":"https:\/\/i0.wp.com\/www.pigrecoemme.com\/blog\/wp-content\/uploads\/2012\/04\/aniello-barone1-300x200.jpg?resize=350%2C200","width":350,"height":200},"classes":[]},{"id":536,"url":"https:\/\/www.pigrecoemme.com\/blog\/alla-pigrecoemme-incontri-gratuiti-con-la-royal-photographic-society-e-l%e2%80%99agenzia-graffiti-di-roma\/","url_meta":{"origin":604,"position":4},"title":"Alla Pigrecoemme, incontri gratuiti con la Royal Photographic Society e l\u2019agenzia Graffiti di Roma","author":"Corrado Morra","date":"17 Settembre 2012","format":false,"excerpt":"Fine settembre all'insegna della Fotografia alla\u00a0Scuola di Cinema e Fotografia\u00a0Pigrecoemme\u00a0di Napoli, con un doppio, imperdibile evento:\u00a0sabato 29 settembre, alle\u00a0ore 16,00, nella sede della Scuola di\u00a0Piazza Portanova 11, ci sar\u00e0 un incontro con\u00a0Olivio Argenti, presidente del\u00a0CIRPS - Capitolo italiano\u00a0della\u00a0Royal Photographic Society,\u00a0la\u00a0prima e pi\u00f9 importante associazione fotografica al mondo,\u00a0Durante la serata,\u00a0Luca Sorbo,\u00a0responsabile\u2026","rel":"","context":"In &quot;Eventi&quot;","block_context":{"text":"Eventi","link":"https:\/\/www.pigrecoemme.com\/blog\/eventi\/"},"img":{"alt_text":"","src":"https:\/\/i0.wp.com\/www.pigrecoemme.com\/blog\/wp-content\/uploads\/2012\/09\/rps-300x113.jpg?resize=350%2C200","width":350,"height":200},"classes":[]},{"id":169,"url":"https:\/\/www.pigrecoemme.com\/blog\/fotogiornalismo-incontro-con-luciano-ferrara\/","url_meta":{"origin":604,"position":5},"title":"Fotogiornalismo: incontro con Luciano Ferrara","author":"Giacomo Fabbrocino","date":"15 Settembre 2009","format":false,"excerpt":"Venerd\u00ec 25 settembre 2009 alle 17,00, negli spazi della Scuola di cinema Pigrecoemme (a Napoli, in Piazza Portanova 11), lo storico della fotografia Luca Sorbo ed il critico d'arte Corrado Morra incontrano Luciano Ferrara, uno dei pi\u00f9 rappresentativi fotoreporter italiani. Luciano Ferrara \u00e8 una presenza costante a Napoli raccontando, da\u2026","rel":"","context":"In &quot;Eventi&quot;","block_context":{"text":"Eventi","link":"https:\/\/www.pigrecoemme.com\/blog\/eventi\/"},"img":{"alt_text":"Una foto di Luciano Ferrara","src":"https:\/\/i0.wp.com\/www.pigrecoemme.com\/blog\/wp-content\/uploads\/2009\/09\/luciano-ferrara-300x209.jpg?resize=350%2C200","width":350,"height":200},"classes":[]}],"jetpack_featured_media_url":"","_links":{"self":[{"href":"https:\/\/www.pigrecoemme.com\/blog\/wp-json\/wp\/v2\/posts\/604","targetHints":{"allow":["GET"]}}],"collection":[{"href":"https:\/\/www.pigrecoemme.com\/blog\/wp-json\/wp\/v2\/posts"}],"about":[{"href":"https:\/\/www.pigrecoemme.com\/blog\/wp-json\/wp\/v2\/types\/post"}],"author":[{"embeddable":true,"href":"https:\/\/www.pigrecoemme.com\/blog\/wp-json\/wp\/v2\/users\/1"}],"replies":[{"embeddable":true,"href":"https:\/\/www.pigrecoemme.com\/blog\/wp-json\/wp\/v2\/comments?post=604"}],"version-history":[{"count":0,"href":"https:\/\/www.pigrecoemme.com\/blog\/wp-json\/wp\/v2\/posts\/604\/revisions"}],"wp:attachment":[{"href":"https:\/\/www.pigrecoemme.com\/blog\/wp-json\/wp\/v2\/media?parent=604"}],"wp:term":[{"taxonomy":"category","embeddable":true,"href":"https:\/\/www.pigrecoemme.com\/blog\/wp-json\/wp\/v2\/categories?post=604"},{"taxonomy":"post_tag","embeddable":true,"href":"https:\/\/www.pigrecoemme.com\/blog\/wp-json\/wp\/v2\/tags?post=604"}],"curies":[{"name":"wp","href":"https:\/\/api.w.org\/{rel}","templated":true}]}}