{"id":598,"date":"2013-02-20T14:39:47","date_gmt":"2013-02-20T12:39:47","guid":{"rendered":"http:\/\/www.pigrecoemme.com\/blog\/?p=598"},"modified":"2013-02-20T15:14:51","modified_gmt":"2013-02-20T13:14:51","slug":"incontro-con-claudio-di-palma-27-febbraio-ore-1100","status":"publish","type":"post","link":"https:\/\/www.pigrecoemme.com\/blog\/incontro-con-claudio-di-palma-27-febbraio-ore-1100\/","title":{"rendered":"Incontro con Claudio Di Palma &#8211; 27 febbraio ore 11.00"},"content":{"rendered":"<figure id=\"attachment_599\" aria-describedby=\"caption-attachment-599\" style=\"width: 183px\" class=\"wp-caption alignleft\"><a href=\"https:\/\/i0.wp.com\/www.pigrecoemme.com\/blog\/wp-content\/uploads\/2013\/02\/claudio-di-palma.jpg?ssl=1\"><img data-recalc-dims=\"1\" loading=\"lazy\" decoding=\"async\" class=\"size-medium wp-image-599 \" title=\"Claudio Di Palma\" src=\"https:\/\/i0.wp.com\/www.pigrecoemme.com\/blog\/wp-content\/uploads\/2013\/02\/claudio-di-palma.jpg?resize=183%2C210&#038;ssl=1\" alt=\"Claudio Di Palma\" width=\"183\" height=\"210\" srcset=\"https:\/\/i0.wp.com\/www.pigrecoemme.com\/blog\/wp-content\/uploads\/2013\/02\/claudio-di-palma.jpg?resize=261%2C300&amp;ssl=1 261w, https:\/\/i0.wp.com\/www.pigrecoemme.com\/blog\/wp-content\/uploads\/2013\/02\/claudio-di-palma.jpg?w=400&amp;ssl=1 400w\" sizes=\"auto, (max-width: 183px) 100vw, 183px\" \/><\/a><figcaption id=\"caption-attachment-599\" class=\"wp-caption-text\">Claudio Di Palma<\/figcaption><\/figure>\n<p>Mercoled\u00ec 27 febbraio alle ore 11.00 Claudio Di Palma incontrer\u00e0 gli allievi e gli ex allievi della Pigrecoemme per parlare di cinema, teatro e del suo ultimo spettacolo &#8220;<a href=\"http:\/\/www.teatronuovonapoli.it\/event.php?evento=9\" target=\"_self\">La finestra sul cortile<\/a>&#8221; (in scena al Teatro Nuovo di Napoli dal 12 al 17 marzo) , ispirato al medesimo racconto di Cornell Woolrich da cui Alfred Hitchcock trasse il suo celeberrimo film con James Stewart e Grace Kelly.<\/p>\n<p><strong>LA FINESTRA (DEL BROWSER) SUL CORTILE: LO SPETTATORE AI TEMPI DEL SOCIAL NETWORKING<\/strong><br \/>\nL&#8217;adattamento di Claudio di Palma , rielaborando radicalmente situazioni ed ambientazioni del racconto, affida al rapporto tra il corpo menomato del protagonista e le virtualit\u00e0 proiettive del suo Personal Computer la dinamica evolutiva del giallo originario. Sguardi rubati, occhi nascosti, inattese focalizzazioni scandiscono i tempi drammaturgici ed esaltano il carattere reclusorio della vita del protagonista che, sospesa tra l&#8217;immaginazione e l&#8217;ossessione, cerca una, tra webcam e finestre del browser pacificazione, una soluzione, una prova documentale.<\/p>\n<p><span style=\"text-decoration: underline;\">L&#8217;incontro \u00e8 aperto a tutti i nostri allievi ed ex allievi, ed \u00e8 gratuito.<\/span><\/p>\n<p><strong>CLAUDIO DI PALMA<br \/>\n<\/strong>Negli ultimi anni\u00a0\u00e8 stato co-protagonista con :<\/p>\n<p>Roberto Herlitzka in \u201cLIGHEA\u201d regia di Ruggero Cappuccio<br \/>\nLello Arena in \u201cCARAVAGGIO\u201d regia di Ruggero Cappuccio<br \/>\nLello Arena in \u201cDON CHISCIOTTE\u201d  regia Nadia Baldi<\/p>\n<p><strong>\u00c8 stato protagonista di:<\/strong><br \/>\nPAOLO BORSELLINO ESSENDO STATO regia di Ruggero Cappuccio<\/p>\n<p><strong>ha curato la regia di:<\/strong><br \/>\nLA MUSICA DEI CIECHI di Raffaele Viviani con Peppe Barra<br \/>\nFERITO A MORTE di Raffaele La Capria con Mariano Rigillo<\/p>\n<p><strong>Di FERITO A MORTE<\/strong><br \/>\n\u201c[\u2026]Claudio Di Palma, che a questo progetto ha dedicato tempo, attenzione, pazienza, intuizioni e suggestioni d&#8217;appassionato lettore, affid\u00f2 quell&#8217;anteprima alla voce e al gesto d&#8217;intensa passione sapiente di Mariano Rigillo, e alla musica non meno intensa a appassionata di Paolo Vivaldi. Quasi a provare a se stesso e a noi, lettori non giovani e sospettosi spettatori, che quelle parole scritte anni addietro da La Capria potevano esistere ancora in diverso spazio, fuori dal silenzio delle mente, regalate all&#8217;ardito linguaggio della rappresentazione.[\u2026]\u201d<br \/>\nGiulio Baffi,\u00a0La Repubblica<\/p>\n<p><strong>Le sue regie:<br \/>\n<\/strong><a href=\"http:\/\/www.youtube.com\/watch?v=SCfS-aV-WlU\" target=\"_self\">http:\/\/www.youtube.com\/watch?v=SCfS-aV-WlU<br \/>\n<\/a><a href=\"http:\/\/www.youtube.com\/watch?v=9eVHxVgI3Lc&amp;feature=related\">http:\/\/www.youtube.com\/watch?v=9eVHxVgI3Lc&amp;feature=related<\/a><\/p>\n<p><a href=\"http:\/\/www.youtube.com\/watch?v=LfeGcr2oo7c\"> http:\/\/www.youtube.com\/watch?v=LfeGcr2oo7c<\/a><br \/>\n<a href=\"http:\/\/www.youtube.com\/watch?v=33VefkA1mOc\"> http:\/\/www.youtube.com\/watch?v=33VefkA1mOc<\/a><\/p>\n<p><strong>Le sue interpretazioni:<\/strong><br \/>\n<a href=\"http:\/\/www.youtube.com\/watch?v=8IM_2SNA8QU&amp;feature=relmfu\"> http:\/\/www.youtube.com\/watch?v=8IM_2SNA8QU&amp;feature=relmfu<\/a><br \/>\n<a href=\"http:\/\/www.youtube.com\/watch?v=XBzjkuUJb-E\"> http:\/\/www.youtube.com\/watch?v=XBzjkuUJb-E<\/a><\/p>\n","protected":false},"excerpt":{"rendered":"<p>Mercoled\u00ec 27 febbraio alle ore 11.00 Claudio Di Palma incontrer\u00e0 gli allievi e gli ex allievi della Pigrecoemme per parlare di cinema, teatro e del suo ultimo spettacolo &#8220;La finestra sul cortile&#8221; (in scena&hellip;<\/p>\n","protected":false},"author":1,"featured_media":0,"comment_status":"open","ping_status":"open","sticky":false,"template":"","format":"standard","meta":{"_jetpack_newsletter_access":"","_jetpack_dont_email_post_to_subs":false,"_jetpack_newsletter_tier_id":0,"_jetpack_memberships_contains_paywalled_content":false,"_jetpack_feature_clip_id":0,"_jetpack_memberships_contains_paid_content":false,"footnotes":"","jetpack_post_was_ever_published":false},"categories":[11,1,3,731],"tags":[774,1285,775,66,773],"class_list":["post-598","post","type-post","status-publish","format-standard","hentry","category-eventi","category-generale","category-scuola-di-cinema","category-segnalazioni","tag-claudio-di-palma","tag-convenzioni","tag-incontri","tag-teatro","tag-teatro-nuovo"],"yoast_head":"<!-- This site is optimized with the Yoast SEO plugin v28.4 - https:\/\/yoast.com\/product\/yoast-seo-wordpress\/ -->\n<title>Incontro con Claudio Di Palma - 27 febbraio ore 11.00<\/title>\n<meta name=\"robots\" content=\"index, follow, max-snippet:-1, max-image-preview:large, max-video-preview:-1\" \/>\n<link rel=\"canonical\" href=\"https:\/\/www.pigrecoemme.com\/blog\/incontro-con-claudio-di-palma-27-febbraio-ore-1100\/\" \/>\n<meta property=\"og:locale\" content=\"it_IT\" \/>\n<meta property=\"og:type\" content=\"article\" \/>\n<meta property=\"og:title\" content=\"Incontro con Claudio Di Palma - 27 febbraio ore 11.00\" \/>\n<meta property=\"og:description\" content=\"Mercoled\u00ec 27 febbraio alle ore 11.00 Claudio Di Palma incontrer\u00e0 gli allievi e gli ex allievi della Pigrecoemme per parlare di cinema, teatro e del suo ultimo spettacolo &#8220;La finestra sul cortile&#8221; (in scena al Teatro Nuovo di Napoli dal &hellip; Continue reading &rarr;\" \/>\n<meta property=\"og:url\" content=\"https:\/\/www.pigrecoemme.com\/blog\/incontro-con-claudio-di-palma-27-febbraio-ore-1100\/\" \/>\n<meta property=\"og:site_name\" content=\"Scuola di Cinema Pigrecoemme - Blog\" \/>\n<meta property=\"article:publisher\" content=\"https:\/\/www.facebook.com\/pigrecoemme\" \/>\n<meta property=\"article:author\" content=\"https:\/\/www.facebook.com\/giacomo.fabbrocino\" \/>\n<meta property=\"article:published_time\" content=\"2013-02-20T12:39:47+00:00\" \/>\n<meta property=\"article:modified_time\" content=\"2013-02-20T13:14:51+00:00\" \/>\n<meta property=\"og:image\" content=\"http:\/\/www.pigrecoemme.com\/blog\/wp-content\/uploads\/2013\/02\/claudio-di-palma-261x300.jpg\" \/>\n<meta name=\"author\" content=\"Giacomo Fabbrocino\" \/>\n<meta name=\"twitter:card\" content=\"summary_large_image\" \/>\n<meta name=\"twitter:creator\" content=\"@Pigrecoemme\" \/>\n<meta name=\"twitter:site\" content=\"@Pigrecoemme\" \/>\n<meta name=\"twitter:label1\" content=\"Scritto da\" \/>\n\t<meta name=\"twitter:data1\" content=\"Giacomo Fabbrocino\" \/>\n\t<meta name=\"twitter:label2\" content=\"Tempo di lettura stimato\" \/>\n\t<meta name=\"twitter:data2\" content=\"2 minuti\" \/>\n<script type=\"application\/ld+json\" class=\"yoast-schema-graph\">{\"@context\":\"https:\\\/\\\/schema.org\",\"@graph\":[{\"@type\":[\"Article\",\"BlogPosting\"],\"@id\":\"https:\\\/\\\/www.pigrecoemme.com\\\/blog\\\/incontro-con-claudio-di-palma-27-febbraio-ore-1100\\\/#article\",\"isPartOf\":{\"@id\":\"https:\\\/\\\/www.pigrecoemme.com\\\/blog\\\/incontro-con-claudio-di-palma-27-febbraio-ore-1100\\\/\"},\"author\":{\"name\":\"Giacomo Fabbrocino\",\"@id\":\"https:\\\/\\\/www.pigrecoemme.com\\\/blog\\\/#\\\/schema\\\/person\\\/57fa822c3d209d3a2612fd0411ae63f4\"},\"headline\":\"Incontro con Claudio Di Palma &#8211; 27 febbraio ore 11.00\",\"datePublished\":\"2013-02-20T12:39:47+00:00\",\"dateModified\":\"2013-02-20T13:14:51+00:00\",\"mainEntityOfPage\":{\"@id\":\"https:\\\/\\\/www.pigrecoemme.com\\\/blog\\\/incontro-con-claudio-di-palma-27-febbraio-ore-1100\\\/\"},\"wordCount\":406,\"commentCount\":0,\"publisher\":{\"@id\":\"https:\\\/\\\/www.pigrecoemme.com\\\/blog\\\/#organization\"},\"image\":{\"@id\":\"https:\\\/\\\/www.pigrecoemme.com\\\/blog\\\/incontro-con-claudio-di-palma-27-febbraio-ore-1100\\\/#primaryimage\"},\"thumbnailUrl\":\"http:\\\/\\\/www.pigrecoemme.com\\\/blog\\\/wp-content\\\/uploads\\\/2013\\\/02\\\/claudio-di-palma-261x300.jpg\",\"keywords\":[\"claudio di palma\",\"Convenzioni\",\"incontri\",\"teatro\",\"teatro nuovo\"],\"articleSection\":[\"Eventi\",\"Generale\",\"Scuola di cinema\",\"Segnalazioni\"],\"inLanguage\":\"it-IT\",\"potentialAction\":[{\"@type\":\"CommentAction\",\"name\":\"Comment\",\"target\":[\"https:\\\/\\\/www.pigrecoemme.com\\\/blog\\\/incontro-con-claudio-di-palma-27-febbraio-ore-1100\\\/#respond\"]}]},{\"@type\":\"WebPage\",\"@id\":\"https:\\\/\\\/www.pigrecoemme.com\\\/blog\\\/incontro-con-claudio-di-palma-27-febbraio-ore-1100\\\/\",\"url\":\"https:\\\/\\\/www.pigrecoemme.com\\\/blog\\\/incontro-con-claudio-di-palma-27-febbraio-ore-1100\\\/\",\"name\":\"Incontro con Claudio Di Palma - 27 febbraio ore 11.00\",\"isPartOf\":{\"@id\":\"https:\\\/\\\/www.pigrecoemme.com\\\/blog\\\/#website\"},\"primaryImageOfPage\":{\"@id\":\"https:\\\/\\\/www.pigrecoemme.com\\\/blog\\\/incontro-con-claudio-di-palma-27-febbraio-ore-1100\\\/#primaryimage\"},\"image\":{\"@id\":\"https:\\\/\\\/www.pigrecoemme.com\\\/blog\\\/incontro-con-claudio-di-palma-27-febbraio-ore-1100\\\/#primaryimage\"},\"thumbnailUrl\":\"http:\\\/\\\/www.pigrecoemme.com\\\/blog\\\/wp-content\\\/uploads\\\/2013\\\/02\\\/claudio-di-palma-261x300.jpg\",\"datePublished\":\"2013-02-20T12:39:47+00:00\",\"dateModified\":\"2013-02-20T13:14:51+00:00\",\"breadcrumb\":{\"@id\":\"https:\\\/\\\/www.pigrecoemme.com\\\/blog\\\/incontro-con-claudio-di-palma-27-febbraio-ore-1100\\\/#breadcrumb\"},\"inLanguage\":\"it-IT\",\"potentialAction\":[{\"@type\":\"ReadAction\",\"target\":[\"https:\\\/\\\/www.pigrecoemme.com\\\/blog\\\/incontro-con-claudio-di-palma-27-febbraio-ore-1100\\\/\"]}]},{\"@type\":\"ImageObject\",\"inLanguage\":\"it-IT\",\"@id\":\"https:\\\/\\\/www.pigrecoemme.com\\\/blog\\\/incontro-con-claudio-di-palma-27-febbraio-ore-1100\\\/#primaryimage\",\"url\":\"http:\\\/\\\/www.pigrecoemme.com\\\/blog\\\/wp-content\\\/uploads\\\/2013\\\/02\\\/claudio-di-palma-261x300.jpg\",\"contentUrl\":\"http:\\\/\\\/www.pigrecoemme.com\\\/blog\\\/wp-content\\\/uploads\\\/2013\\\/02\\\/claudio-di-palma-261x300.jpg\"},{\"@type\":\"BreadcrumbList\",\"@id\":\"https:\\\/\\\/www.pigrecoemme.com\\\/blog\\\/incontro-con-claudio-di-palma-27-febbraio-ore-1100\\\/#breadcrumb\",\"itemListElement\":[{\"@type\":\"ListItem\",\"position\":1,\"name\":\"Home\",\"item\":\"https:\\\/\\\/www.pigrecoemme.com\\\/blog\\\/\"},{\"@type\":\"ListItem\",\"position\":2,\"name\":\"Incontro con Claudio Di Palma &#8211; 27 febbraio ore 11.00\"}]},{\"@type\":\"WebSite\",\"@id\":\"https:\\\/\\\/www.pigrecoemme.com\\\/blog\\\/#website\",\"url\":\"https:\\\/\\\/www.pigrecoemme.com\\\/blog\\\/\",\"name\":\"Scuola di Cinema Pigrecoemme - Blog\",\"description\":\"Siamo la prima Scuola di Cinema e Fotografia di Napoli\",\"publisher\":{\"@id\":\"https:\\\/\\\/www.pigrecoemme.com\\\/blog\\\/#organization\"},\"potentialAction\":[{\"@type\":\"SearchAction\",\"target\":{\"@type\":\"EntryPoint\",\"urlTemplate\":\"https:\\\/\\\/www.pigrecoemme.com\\\/blog\\\/?s={search_term_string}\"},\"query-input\":{\"@type\":\"PropertyValueSpecification\",\"valueRequired\":true,\"valueName\":\"search_term_string\"}}],\"inLanguage\":\"it-IT\"},{\"@type\":\"Organization\",\"@id\":\"https:\\\/\\\/www.pigrecoemme.com\\\/blog\\\/#organization\",\"name\":\"Scuola di cinema e fotografia Pigrecoemme\",\"url\":\"https:\\\/\\\/www.pigrecoemme.com\\\/blog\\\/\",\"logo\":{\"@type\":\"ImageObject\",\"inLanguage\":\"it-IT\",\"@id\":\"https:\\\/\\\/www.pigrecoemme.com\\\/blog\\\/#\\\/schema\\\/logo\\\/image\\\/\",\"url\":\"https:\\\/\\\/i0.wp.com\\\/www.pigrecoemme.com\\\/blog\\\/wp-content\\\/uploads\\\/2018\\\/06\\\/logo-pigrecoemme-2018.png?fit=500%2C500&ssl=1\",\"contentUrl\":\"https:\\\/\\\/i0.wp.com\\\/www.pigrecoemme.com\\\/blog\\\/wp-content\\\/uploads\\\/2018\\\/06\\\/logo-pigrecoemme-2018.png?fit=500%2C500&ssl=1\",\"width\":500,\"height\":500,\"caption\":\"Scuola di cinema e fotografia Pigrecoemme\"},\"image\":{\"@id\":\"https:\\\/\\\/www.pigrecoemme.com\\\/blog\\\/#\\\/schema\\\/logo\\\/image\\\/\"},\"sameAs\":[\"https:\\\/\\\/www.facebook.com\\\/pigrecoemme\",\"https:\\\/\\\/x.com\\\/Pigrecoemme\",\"https:\\\/\\\/www.instagram.com\\\/pigrecoemme\\\/\",\"https:\\\/\\\/www.linkedin.com\\\/company\\\/pigrecoemme\\\/\",\"https:\\\/\\\/www.youtube.com\\\/pigrecoemme\"]},{\"@type\":\"Person\",\"@id\":\"https:\\\/\\\/www.pigrecoemme.com\\\/blog\\\/#\\\/schema\\\/person\\\/57fa822c3d209d3a2612fd0411ae63f4\",\"name\":\"Giacomo Fabbrocino\",\"image\":{\"@type\":\"ImageObject\",\"inLanguage\":\"it-IT\",\"@id\":\"https:\\\/\\\/secure.gravatar.com\\\/avatar\\\/0e4dfd4d05c06a03fffaffeb36fb181415ba11b91a6b566fa2e8ada75927db32?s=96&r=g\",\"url\":\"https:\\\/\\\/secure.gravatar.com\\\/avatar\\\/0e4dfd4d05c06a03fffaffeb36fb181415ba11b91a6b566fa2e8ada75927db32?s=96&r=g\",\"contentUrl\":\"https:\\\/\\\/secure.gravatar.com\\\/avatar\\\/0e4dfd4d05c06a03fffaffeb36fb181415ba11b91a6b566fa2e8ada75927db32?s=96&r=g\",\"caption\":\"Giacomo Fabbrocino\"},\"description\":\"Montatore cinematografico, autore di documentari sull'arte e di video d'artista, Giacomo \u00e8 responsabile della didattica e della comunicazione web della Scuola di Cinema, Fotografia e Televisione Pigrecoemme di Napoli.\",\"sameAs\":[\"http:\\\/\\\/www.pigrecoemme.com\\\/\",\"https:\\\/\\\/www.facebook.com\\\/giacomo.fabbrocino\"],\"url\":\"https:\\\/\\\/www.pigrecoemme.com\\\/blog\\\/author\\\/giacomo-fabbrocino\\\/\"}]}<\/script>\n<!-- \/ Yoast SEO plugin. -->","yoast_head_json":{"title":"Incontro con Claudio Di Palma - 27 febbraio ore 11.00","robots":{"index":"index","follow":"follow","max-snippet":"max-snippet:-1","max-image-preview":"max-image-preview:large","max-video-preview":"max-video-preview:-1"},"canonical":"https:\/\/www.pigrecoemme.com\/blog\/incontro-con-claudio-di-palma-27-febbraio-ore-1100\/","og_locale":"it_IT","og_type":"article","og_title":"Incontro con Claudio Di Palma - 27 febbraio ore 11.00","og_description":"Mercoled\u00ec 27 febbraio alle ore 11.00 Claudio Di Palma incontrer\u00e0 gli allievi e gli ex allievi della Pigrecoemme per parlare di cinema, teatro e del suo ultimo spettacolo &#8220;La finestra sul cortile&#8221; (in scena al Teatro Nuovo di Napoli dal &hellip; Continue reading &rarr;","og_url":"https:\/\/www.pigrecoemme.com\/blog\/incontro-con-claudio-di-palma-27-febbraio-ore-1100\/","og_site_name":"Scuola di Cinema Pigrecoemme - Blog","article_publisher":"https:\/\/www.facebook.com\/pigrecoemme","article_author":"https:\/\/www.facebook.com\/giacomo.fabbrocino","article_published_time":"2013-02-20T12:39:47+00:00","article_modified_time":"2013-02-20T13:14:51+00:00","og_image":[{"url":"http:\/\/www.pigrecoemme.com\/blog\/wp-content\/uploads\/2013\/02\/claudio-di-palma-261x300.jpg","type":"","width":"","height":""}],"author":"Giacomo Fabbrocino","twitter_card":"summary_large_image","twitter_creator":"@Pigrecoemme","twitter_site":"@Pigrecoemme","twitter_misc":{"Scritto da":"Giacomo Fabbrocino","Tempo di lettura stimato":"2 minuti"},"schema":{"@context":"https:\/\/schema.org","@graph":[{"@type":["Article","BlogPosting"],"@id":"https:\/\/www.pigrecoemme.com\/blog\/incontro-con-claudio-di-palma-27-febbraio-ore-1100\/#article","isPartOf":{"@id":"https:\/\/www.pigrecoemme.com\/blog\/incontro-con-claudio-di-palma-27-febbraio-ore-1100\/"},"author":{"name":"Giacomo Fabbrocino","@id":"https:\/\/www.pigrecoemme.com\/blog\/#\/schema\/person\/57fa822c3d209d3a2612fd0411ae63f4"},"headline":"Incontro con Claudio Di Palma &#8211; 27 febbraio ore 11.00","datePublished":"2013-02-20T12:39:47+00:00","dateModified":"2013-02-20T13:14:51+00:00","mainEntityOfPage":{"@id":"https:\/\/www.pigrecoemme.com\/blog\/incontro-con-claudio-di-palma-27-febbraio-ore-1100\/"},"wordCount":406,"commentCount":0,"publisher":{"@id":"https:\/\/www.pigrecoemme.com\/blog\/#organization"},"image":{"@id":"https:\/\/www.pigrecoemme.com\/blog\/incontro-con-claudio-di-palma-27-febbraio-ore-1100\/#primaryimage"},"thumbnailUrl":"http:\/\/www.pigrecoemme.com\/blog\/wp-content\/uploads\/2013\/02\/claudio-di-palma-261x300.jpg","keywords":["claudio di palma","Convenzioni","incontri","teatro","teatro nuovo"],"articleSection":["Eventi","Generale","Scuola di cinema","Segnalazioni"],"inLanguage":"it-IT","potentialAction":[{"@type":"CommentAction","name":"Comment","target":["https:\/\/www.pigrecoemme.com\/blog\/incontro-con-claudio-di-palma-27-febbraio-ore-1100\/#respond"]}]},{"@type":"WebPage","@id":"https:\/\/www.pigrecoemme.com\/blog\/incontro-con-claudio-di-palma-27-febbraio-ore-1100\/","url":"https:\/\/www.pigrecoemme.com\/blog\/incontro-con-claudio-di-palma-27-febbraio-ore-1100\/","name":"Incontro con Claudio Di Palma - 27 febbraio ore 11.00","isPartOf":{"@id":"https:\/\/www.pigrecoemme.com\/blog\/#website"},"primaryImageOfPage":{"@id":"https:\/\/www.pigrecoemme.com\/blog\/incontro-con-claudio-di-palma-27-febbraio-ore-1100\/#primaryimage"},"image":{"@id":"https:\/\/www.pigrecoemme.com\/blog\/incontro-con-claudio-di-palma-27-febbraio-ore-1100\/#primaryimage"},"thumbnailUrl":"http:\/\/www.pigrecoemme.com\/blog\/wp-content\/uploads\/2013\/02\/claudio-di-palma-261x300.jpg","datePublished":"2013-02-20T12:39:47+00:00","dateModified":"2013-02-20T13:14:51+00:00","breadcrumb":{"@id":"https:\/\/www.pigrecoemme.com\/blog\/incontro-con-claudio-di-palma-27-febbraio-ore-1100\/#breadcrumb"},"inLanguage":"it-IT","potentialAction":[{"@type":"ReadAction","target":["https:\/\/www.pigrecoemme.com\/blog\/incontro-con-claudio-di-palma-27-febbraio-ore-1100\/"]}]},{"@type":"ImageObject","inLanguage":"it-IT","@id":"https:\/\/www.pigrecoemme.com\/blog\/incontro-con-claudio-di-palma-27-febbraio-ore-1100\/#primaryimage","url":"http:\/\/www.pigrecoemme.com\/blog\/wp-content\/uploads\/2013\/02\/claudio-di-palma-261x300.jpg","contentUrl":"http:\/\/www.pigrecoemme.com\/blog\/wp-content\/uploads\/2013\/02\/claudio-di-palma-261x300.jpg"},{"@type":"BreadcrumbList","@id":"https:\/\/www.pigrecoemme.com\/blog\/incontro-con-claudio-di-palma-27-febbraio-ore-1100\/#breadcrumb","itemListElement":[{"@type":"ListItem","position":1,"name":"Home","item":"https:\/\/www.pigrecoemme.com\/blog\/"},{"@type":"ListItem","position":2,"name":"Incontro con Claudio Di Palma &#8211; 27 febbraio ore 11.00"}]},{"@type":"WebSite","@id":"https:\/\/www.pigrecoemme.com\/blog\/#website","url":"https:\/\/www.pigrecoemme.com\/blog\/","name":"Scuola di Cinema Pigrecoemme - Blog","description":"Siamo la prima Scuola di Cinema e Fotografia di Napoli","publisher":{"@id":"https:\/\/www.pigrecoemme.com\/blog\/#organization"},"potentialAction":[{"@type":"SearchAction","target":{"@type":"EntryPoint","urlTemplate":"https:\/\/www.pigrecoemme.com\/blog\/?s={search_term_string}"},"query-input":{"@type":"PropertyValueSpecification","valueRequired":true,"valueName":"search_term_string"}}],"inLanguage":"it-IT"},{"@type":"Organization","@id":"https:\/\/www.pigrecoemme.com\/blog\/#organization","name":"Scuola di cinema e fotografia Pigrecoemme","url":"https:\/\/www.pigrecoemme.com\/blog\/","logo":{"@type":"ImageObject","inLanguage":"it-IT","@id":"https:\/\/www.pigrecoemme.com\/blog\/#\/schema\/logo\/image\/","url":"https:\/\/i0.wp.com\/www.pigrecoemme.com\/blog\/wp-content\/uploads\/2018\/06\/logo-pigrecoemme-2018.png?fit=500%2C500&ssl=1","contentUrl":"https:\/\/i0.wp.com\/www.pigrecoemme.com\/blog\/wp-content\/uploads\/2018\/06\/logo-pigrecoemme-2018.png?fit=500%2C500&ssl=1","width":500,"height":500,"caption":"Scuola di cinema e fotografia Pigrecoemme"},"image":{"@id":"https:\/\/www.pigrecoemme.com\/blog\/#\/schema\/logo\/image\/"},"sameAs":["https:\/\/www.facebook.com\/pigrecoemme","https:\/\/x.com\/Pigrecoemme","https:\/\/www.instagram.com\/pigrecoemme\/","https:\/\/www.linkedin.com\/company\/pigrecoemme\/","https:\/\/www.youtube.com\/pigrecoemme"]},{"@type":"Person","@id":"https:\/\/www.pigrecoemme.com\/blog\/#\/schema\/person\/57fa822c3d209d3a2612fd0411ae63f4","name":"Giacomo Fabbrocino","image":{"@type":"ImageObject","inLanguage":"it-IT","@id":"https:\/\/secure.gravatar.com\/avatar\/0e4dfd4d05c06a03fffaffeb36fb181415ba11b91a6b566fa2e8ada75927db32?s=96&r=g","url":"https:\/\/secure.gravatar.com\/avatar\/0e4dfd4d05c06a03fffaffeb36fb181415ba11b91a6b566fa2e8ada75927db32?s=96&r=g","contentUrl":"https:\/\/secure.gravatar.com\/avatar\/0e4dfd4d05c06a03fffaffeb36fb181415ba11b91a6b566fa2e8ada75927db32?s=96&r=g","caption":"Giacomo Fabbrocino"},"description":"Montatore cinematografico, autore di documentari sull'arte e di video d'artista, Giacomo \u00e8 responsabile della didattica e della comunicazione web della Scuola di Cinema, Fotografia e Televisione Pigrecoemme di Napoli.","sameAs":["http:\/\/www.pigrecoemme.com\/","https:\/\/www.facebook.com\/giacomo.fabbrocino"],"url":"https:\/\/www.pigrecoemme.com\/blog\/author\/giacomo-fabbrocino\/"}]}},"jetpack_sharing_enabled":true,"jetpack_likes_enabled":true,"jetpack-related-posts":[{"id":2262,"url":"https:\/\/www.pigrecoemme.com\/blog\/situazione-critica-5-saper-guardare-gli-attori-incontro-con-claudio-vicentini\/","url_meta":{"origin":598,"position":0},"title":"Situazione Critica #5: Saper guardare gli attori. Incontro con Claudio Vicentini","author":"Pigrecoemme","date":"26 Ottobre 2018","format":false,"excerpt":"Il quinto appuntamento di Situazione Critica - l\u2019iniziativa con la quale la scuola di cinema Pigrecoemme di Napoli festeggia il diciottesimo anno di attivit\u00e0 - avr\u00e0 un altro prestigioso ospite. Mercoled\u00ec 14 novembre, infatti, alle ore 11.30, lo storico del teatro Claudio Vicentini parler\u00e0 a chi vorr\u00e0 intervenire di come\u2026","rel":"","context":"In &quot;Analisi e Critica&quot;","block_context":{"text":"Analisi e Critica","link":"https:\/\/www.pigrecoemme.com\/blog\/analisi-e-critica-2\/"},"img":{"alt_text":"Situazione Critica #5. Saper guardare gli attori. Incontro con Claudio Vicentini.","src":"https:\/\/i0.wp.com\/www.pigrecoemme.com\/blog\/wp-content\/uploads\/2018\/10\/situazione-critica-5-900x470.png?resize=350%2C200","width":350,"height":200,"srcset":"https:\/\/i0.wp.com\/www.pigrecoemme.com\/blog\/wp-content\/uploads\/2018\/10\/situazione-critica-5-900x470.png?resize=350%2C200 1x, https:\/\/i0.wp.com\/www.pigrecoemme.com\/blog\/wp-content\/uploads\/2018\/10\/situazione-critica-5-900x470.png?resize=525%2C300 1.5x, https:\/\/i0.wp.com\/www.pigrecoemme.com\/blog\/wp-content\/uploads\/2018\/10\/situazione-critica-5-900x470.png?resize=700%2C400 2x"},"classes":[]},{"id":468,"url":"https:\/\/www.pigrecoemme.com\/blog\/a-pigrecoemme-uno-stage-di-approfondimento-per-attori-condotto-da-lucio-allocca\/","url_meta":{"origin":598,"position":1},"title":"Dal 25 febbraio Lo spett\/attore: stage di approfondimento per attori condotto da Lucio Allocca","author":"Corrado Morra","date":"11 Febbraio 2012","format":false,"excerpt":"Lo spett\/attore L'abbattimento della Quarta Parete \u2013 Stanislavskij, Cechov e il teatro d'Arte di Mosca Uno studio-laboratorio condotto da Lucio Allocca che, in 6 incontri, guider\u00e0 i partecipanti alla scoperta della pi\u00f9 grande rivoluzione nell'arte dell'attore del secolo scorso. Quano l'attore \"vive\" il personaggio fa s\u00ec che lo spettatore perda\u2026","rel":"","context":"In &quot;La foto della settimana&quot;","block_context":{"text":"La foto della settimana","link":"https:\/\/www.pigrecoemme.com\/blog\/foto-della-settimana\/"},"img":{"alt_text":"","src":"https:\/\/i0.wp.com\/www.pigrecoemme.com\/blog\/wp-content\/uploads\/2012\/02\/lucioalloccaotellotesta-300x208.jpg?resize=350%2C200","width":350,"height":200},"classes":[]},{"id":567,"url":"https:\/\/www.pigrecoemme.com\/blog\/isa-danieli-ed-enzo-moscato-con-lo-sconto-per-i-tesserati-pigrecoemme\/","url_meta":{"origin":598,"position":2},"title":"Isa Danieli ed Enzo Moscato con lo sconto per i tesserati Pigrecoemme","author":"Rosario Gallone","date":"26 Ottobre 2012","format":false,"excerpt":"Un'occasione da non perdere per gli allievi e gli ex allievi di\u00a0Pigrecoemme in possesso della nostra tessera -\u00a0se non l\u2019avete, venite a ritirarla\u00a0 -. Al Nuovo Teatro Nuovo i possessori della nostra tessera potranno e assistere allo spettacolo T\u00e0-k\u00e0i-T\u00e0 (Eduardo per Eduardo), testo e regia di Enzo Moscato, con Isa\u2026","rel":"","context":"In &quot;Convenzioni&quot;","block_context":{"text":"Convenzioni","link":"https:\/\/www.pigrecoemme.com\/blog\/convenzioni\/"},"img":{"alt_text":"","src":"https:\/\/i0.wp.com\/www.pigrecoemme.com\/blog\/wp-content\/uploads\/2012\/10\/invito-ta-kai-ta-61.jpg?resize=350%2C200","width":350,"height":200},"classes":[]},{"id":279,"url":"https:\/\/www.pigrecoemme.com\/blog\/pigrecoemme-regala-gorbaciof-dieci-omaggi-per-il-nuovo-film-di-stefano-incerti\/","url_meta":{"origin":598,"position":3},"title":"Pigrecoemme regala Gorbaciof. Dieci omaggi per il nuovo film di Stefano Incerti.","author":"Giacomo Fabbrocino","date":"14 Ottobre 2010","format":false,"excerpt":"Ai primi dieci allievi o ex allievi dei suoi corsi, che si presenteranno presso la nostra sede di\u00a0Piazza Portanova 11 a partire dalle ore 11.00 di domani venerd\u00ec 15 ottobre 2010, Pigrecoemme sar\u00e0\u00a0lieta di regalare un biglietto per assistere, presso il Multicinema Modernissimo, al nuovo film\u00a0di Stefano Incerti, Gorbaciof. Le\u2026","rel":"","context":"In &quot;Generale&quot;","block_context":{"text":"Generale","link":"https:\/\/www.pigrecoemme.com\/blog\/generale\/"},"img":{"alt_text":"","src":"https:\/\/i0.wp.com\/www.pigrecoemme.com\/blog\/wp-content\/uploads\/2010\/10\/gorbaciof-poster-150x150.jpg?resize=350%2C200","width":350,"height":200},"classes":[]},{"id":438,"url":"https:\/\/www.pigrecoemme.com\/blog\/438\/","url_meta":{"origin":598,"position":4},"title":"Parte il 27 gennaio il nuovo corso di &#8220;scrittura per la televisione&#8221;","author":"Corrado Morra","date":"7 Dicembre 2011","format":false,"excerpt":"Il 27 gennaio 2012, a Napoli, parte in nuovo Corso di Scrittura per la televisione della Scuola di cinema Pigrecoemme. Tra i docenti, alcuni dei pi\u00f9 importanti autori e produttori del broadcast italiano.","rel":"","context":"In &quot;Scuola di cinema&quot;","block_context":{"text":"Scuola di cinema","link":"https:\/\/www.pigrecoemme.com\/blog\/scuola-di-cinema\/"},"img":{"alt_text":"","src":"https:\/\/i0.wp.com\/www.pigrecoemme.com\/blog\/wp-content\/uploads\/2011\/12\/corso-scrittura-tv-2012-150x150.jpg?resize=350%2C200","width":350,"height":200},"classes":[]},{"id":151,"url":"https:\/\/www.pigrecoemme.com\/blog\/napoli-teatro-festival-italia-2009-vantaggi-per-gli-allievi-di-pigrecoemme\/","url_meta":{"origin":598,"position":5},"title":"Napoli Teatro Festival Italia 2009 &#8211; Vantaggi per gli allievi di Pigrecoemme","author":"Giacomo Fabbrocino","date":"21 Maggio 2009","format":false,"excerpt":"la II edizione del Napoli Teatro Festival Italia si terr\u00e0 dal 4 al 28 giugno 2009 e presenter\u00e0 collaborazioni e coproduzioni internazionali, nuove creazioni, testi originali commissionati ad autori italiani e stranieri. Il Napoli Teatro Festival Italia ha progettato e produce direttamente pi\u00f9 di 20 nuove creazioni internazionali, in cui\u2026","rel":"","context":"In &quot;Generale&quot;","block_context":{"text":"Generale","link":"https:\/\/www.pigrecoemme.com\/blog\/generale\/"},"img":{"alt_text":"","src":"https:\/\/i0.wp.com\/www.pigrecoemme.com\/blog\/wp-content\/uploads\/2009\/05\/card178x116.gif?resize=350%2C200","width":350,"height":200},"classes":[]}],"jetpack_featured_media_url":"","_links":{"self":[{"href":"https:\/\/www.pigrecoemme.com\/blog\/wp-json\/wp\/v2\/posts\/598","targetHints":{"allow":["GET"]}}],"collection":[{"href":"https:\/\/www.pigrecoemme.com\/blog\/wp-json\/wp\/v2\/posts"}],"about":[{"href":"https:\/\/www.pigrecoemme.com\/blog\/wp-json\/wp\/v2\/types\/post"}],"author":[{"embeddable":true,"href":"https:\/\/www.pigrecoemme.com\/blog\/wp-json\/wp\/v2\/users\/1"}],"replies":[{"embeddable":true,"href":"https:\/\/www.pigrecoemme.com\/blog\/wp-json\/wp\/v2\/comments?post=598"}],"version-history":[{"count":0,"href":"https:\/\/www.pigrecoemme.com\/blog\/wp-json\/wp\/v2\/posts\/598\/revisions"}],"wp:attachment":[{"href":"https:\/\/www.pigrecoemme.com\/blog\/wp-json\/wp\/v2\/media?parent=598"}],"wp:term":[{"taxonomy":"category","embeddable":true,"href":"https:\/\/www.pigrecoemme.com\/blog\/wp-json\/wp\/v2\/categories?post=598"},{"taxonomy":"post_tag","embeddable":true,"href":"https:\/\/www.pigrecoemme.com\/blog\/wp-json\/wp\/v2\/tags?post=598"}],"curies":[{"name":"wp","href":"https:\/\/api.w.org\/{rel}","templated":true}]}}