{"id":596,"date":"2013-01-17T14:12:53","date_gmt":"2013-01-17T12:12:53","guid":{"rendered":"http:\/\/www.pigrecoemme.com\/blog\/?p=596"},"modified":"2013-01-17T14:14:01","modified_gmt":"2013-01-17T12:14:01","slug":"questioni-di-coppia","status":"publish","type":"post","link":"https:\/\/www.pigrecoemme.com\/blog\/questioni-di-coppia\/","title":{"rendered":"&#8220;Questioni di coppia&#8221;, con una regia di Lucio Allocca, Pigrecoemme torna sul palco. Al Th\u00e9\u00e2tre de Poche."},"content":{"rendered":"<figure id=\"attachment_597\" aria-describedby=\"caption-attachment-597\" style=\"width: 211px\" class=\"wp-caption alignleft\"><a href=\"https:\/\/i0.wp.com\/www.pigrecoemme.com\/blog\/wp-content\/uploads\/2013\/01\/locandina-questioni-di-coppia.jpg?ssl=1\"><img data-recalc-dims=\"1\" loading=\"lazy\" decoding=\"async\" class=\"size-medium wp-image-597\" title=\"locandina-questioni-di-coppia\" src=\"https:\/\/i0.wp.com\/www.pigrecoemme.com\/blog\/wp-content\/uploads\/2013\/01\/locandina-questioni-di-coppia.jpg?resize=211%2C300&#038;ssl=1\" alt=\"\" width=\"211\" height=\"300\" srcset=\"https:\/\/i0.wp.com\/www.pigrecoemme.com\/blog\/wp-content\/uploads\/2013\/01\/locandina-questioni-di-coppia.jpg?resize=211%2C300&amp;ssl=1 211w, https:\/\/i0.wp.com\/www.pigrecoemme.com\/blog\/wp-content\/uploads\/2013\/01\/locandina-questioni-di-coppia.jpg?w=563&amp;ssl=1 563w\" sizes=\"auto, (max-width: 211px) 100vw, 211px\" \/><\/a><figcaption id=\"caption-attachment-597\" class=\"wp-caption-text\">Prodotto della Scuola di cinema Pigrecoemme, lo spettacolo \u2013 libero adattamento da La tigre di Murray Schisgal \u2013 vede in scena, dal 24 al 27 gennaio, una coppia di giovani e intensi attori: Roberta Frascati e Fulvio Sacco.<\/figcaption><\/figure>\n<p>Dal <strong>24 al 27 gennaio 2013<\/strong>, al <a href=\"http:\/\/www.theatredepoche.it\/\">Th\u00e9\u00e2tre de Poche<\/a> di Napoli (Via Salvatore Tommasi, 15), andr\u00e0 in scena <strong>Questioni di coppia<\/strong>, atto unico, libero adattamento di <strong>Ludovica Rambelli<\/strong> de <strong>La tigre<\/strong> di <a href=\"http:\/\/it.wikipedia.org\/wiki\/Murray_Schisgal\">Murray Schisgal<\/a>. La regia dello spettacolo \u00e8 di <strong>Lucio Allocca<\/strong>. Sul palco, due giovani e interessanti attori formatisi ai <a href=\"http:\/\/www.pigrecoemme.com\/corsi\/corso-recitazione-cinematografica.htm\">corsi di recitazione<\/a> della <strong>Scuola di cinema Pigrecoemme<\/strong>: <strong>Roberta Frascati<\/strong> e <strong>Fulvio Sacco<\/strong>.<br \/>\n<em>Questioni di coppia<\/em> \u00e8 la storia di un uomo e una donna che incontriamo in una notte di pioggia. <strong>Ben<\/strong>, giovane incapace di inserirsi pienamente nella societ\u00e0, rapisce <strong>Gloria<\/strong>, una borghese annoiata che conduce una vita senza sorprese.<br \/>\nLa vicenda si sviluppa nella tana di Ben, uno spazio-metafora che rispecchia pienamente la natura contorta del giovane.<br \/>\nL\u2019incomunicabilit\u00e0 e la difficolt\u00e0 di accettare di vivere il destino che la societ\u00e0 massificata impone ai due protagonisti, rappresentano il tema pi\u00f9 profondo della pi\u00e8ce, una sofisticata <em>dark comedy<\/em>, in cui i ruoli di oppresso e oppressore facilmente si confondo, fino a non sapere pi\u00f9 chi sia davvero la vittima e chi il carnefice.<\/p>\n<p style=\"text-align: center;\"><object classid=\"clsid:d27cdb6e-ae6d-11cf-96b8-444553540000\" width=\"432\" height=\"243\" codebase=\"http:\/\/download.macromedia.com\/pub\/shockwave\/cabs\/flash\/swflash.cab#version=6,0,40,0\"><param name=\"allowFullScreen\" value=\"true\" \/><param name=\"allowscriptaccess\" value=\"always\" \/><param name=\"src\" value=\"http:\/\/www.youtube.com\/v\/rekFFS6WRQU?version=3&amp;hl=it_IT\" \/><\/object><\/p>\n<p>Le scene e i costumi sono di <strong>Imma Simonetti<\/strong> e le musiche sono firmate da <a href=\"http:\/\/www.myspace.com\/le.loupgarou\">Le Loup Garou<\/a>, mitica band new wave napoletana. Foto di scena di <strong>Carmine Apice<\/strong>.<br \/>\nGli spettacoli, da gioved\u00ec 24 gennaio a sabato 26, sono alle h. 21.00, mentre domenica 27 gennaio, l\u2019ingresso \u00e8 alle h. 18.00.<br \/>\nInfo e prenotazioni: Th\u00e9\u00e2tre de Poche, tel. 0815490928.<\/p>\n","protected":false},"excerpt":{"rendered":"<p>Dal 24 al 27 gennaio 2013, al Th\u00e9\u00e2tre de Poche di Napoli (Via Salvatore Tommasi, 15), andr\u00e0 in scena Questioni di coppia, atto unico, libero adattamento di Ludovica Rambelli de La tigre di Murray&hellip;<\/p>\n","protected":false},"author":2,"featured_media":0,"comment_status":"open","ping_status":"open","sticky":false,"template":"","format":"standard","meta":{"_jetpack_newsletter_access":"","_jetpack_dont_email_post_to_subs":false,"_jetpack_newsletter_tier_id":0,"_jetpack_memberships_contains_paywalled_content":false,"_jetpack_feature_clip_id":0,"_jetpack_memberships_contains_paid_content":false,"footnotes":"","jetpack_post_was_ever_published":false},"categories":[1,12,3,731],"tags":[444,445,689,209,772,1282,233,66],"class_list":["post-596","post","type-post","status-publish","format-standard","hentry","category-generale","category-produzioni","category-scuola-di-cinema","category-segnalazioni","tag-corsi-di-recitazione","tag-corsi-di-recitazione-a-napoli","tag-fulvio-sacco","tag-lucio-allocca","tag-ludovica-rambelli","tag-produzioni","tag-roberta-frascati","tag-teatro"],"yoast_head":"<!-- This site is optimized with the Yoast SEO plugin v28.4 - https:\/\/yoast.com\/product\/yoast-seo-wordpress\/ -->\n<title>&quot;Questioni di coppia&quot;, con una regia di Lucio Allocca, Pigrecoemme torna sul palco. Al Th\u00e9\u00e2tre de Poche.<\/title>\n<meta name=\"robots\" content=\"index, follow, max-snippet:-1, max-image-preview:large, max-video-preview:-1\" \/>\n<link rel=\"canonical\" href=\"https:\/\/www.pigrecoemme.com\/blog\/questioni-di-coppia\/\" \/>\n<meta property=\"og:locale\" content=\"it_IT\" \/>\n<meta property=\"og:type\" content=\"article\" \/>\n<meta property=\"og:title\" content=\"&quot;Questioni di coppia&quot;, con una regia di Lucio Allocca, Pigrecoemme torna sul palco. Al Th\u00e9\u00e2tre de Poche.\" \/>\n<meta property=\"og:description\" content=\"Scuola di Cinema, Televisione e Fotografia - Napoli\" \/>\n<meta property=\"og:url\" content=\"https:\/\/www.pigrecoemme.com\/blog\/questioni-di-coppia\/\" \/>\n<meta property=\"og:site_name\" content=\"Scuola di Cinema Pigrecoemme - Blog\" \/>\n<meta property=\"article:publisher\" content=\"https:\/\/www.facebook.com\/pigrecoemme\" \/>\n<meta property=\"article:author\" content=\"https:\/\/www.facebook.com\/corrado.morra1\" \/>\n<meta property=\"article:published_time\" content=\"2013-01-17T12:12:53+00:00\" \/>\n<meta property=\"article:modified_time\" content=\"2013-01-17T12:14:01+00:00\" \/>\n<meta property=\"og:image\" content=\"http:\/\/www.pigrecoemme.com\/blog\/wp-content\/uploads\/2013\/01\/locandina-questioni-di-coppia-211x300.jpg\" \/>\n<meta name=\"author\" content=\"Corrado Morra\" \/>\n<meta name=\"twitter:card\" content=\"summary_large_image\" \/>\n<meta name=\"twitter:creator\" content=\"@Pigrecoemme\" \/>\n<meta name=\"twitter:site\" content=\"@Pigrecoemme\" \/>\n<meta name=\"twitter:label1\" content=\"Scritto da\" \/>\n\t<meta name=\"twitter:data1\" content=\"Corrado Morra\" \/>\n\t<meta name=\"twitter:label2\" content=\"Tempo di lettura stimato\" \/>\n\t<meta name=\"twitter:data2\" content=\"1 minuto\" \/>\n<script type=\"application\/ld+json\" class=\"yoast-schema-graph\">{\"@context\":\"https:\\\/\\\/schema.org\",\"@graph\":[{\"@type\":[\"Article\",\"BlogPosting\"],\"@id\":\"https:\\\/\\\/www.pigrecoemme.com\\\/blog\\\/questioni-di-coppia\\\/#article\",\"isPartOf\":{\"@id\":\"https:\\\/\\\/www.pigrecoemme.com\\\/blog\\\/questioni-di-coppia\\\/\"},\"author\":{\"name\":\"Corrado Morra\",\"@id\":\"https:\\\/\\\/www.pigrecoemme.com\\\/blog\\\/#\\\/schema\\\/person\\\/702764b5ecda4c2f34e82348789f649e\"},\"headline\":\"&#8220;Questioni di coppia&#8221;, con una regia di Lucio Allocca, Pigrecoemme torna sul palco. Al Th\u00e9\u00e2tre de Poche.\",\"datePublished\":\"2013-01-17T12:12:53+00:00\",\"dateModified\":\"2013-01-17T12:14:01+00:00\",\"mainEntityOfPage\":{\"@id\":\"https:\\\/\\\/www.pigrecoemme.com\\\/blog\\\/questioni-di-coppia\\\/\"},\"wordCount\":286,\"commentCount\":0,\"publisher\":{\"@id\":\"https:\\\/\\\/www.pigrecoemme.com\\\/blog\\\/#organization\"},\"image\":{\"@id\":\"https:\\\/\\\/www.pigrecoemme.com\\\/blog\\\/questioni-di-coppia\\\/#primaryimage\"},\"thumbnailUrl\":\"http:\\\/\\\/www.pigrecoemme.com\\\/blog\\\/wp-content\\\/uploads\\\/2013\\\/01\\\/locandina-questioni-di-coppia-211x300.jpg\",\"keywords\":[\"corsi di recitazione\",\"corsi di recitazione a napoli\",\"Fulvio Sacco\",\"lucio allocca\",\"Ludovica Rambelli\",\"Produzioni\",\"roberta frascati\",\"teatro\"],\"articleSection\":[\"Generale\",\"Produzioni\",\"Scuola di cinema\",\"Segnalazioni\"],\"inLanguage\":\"it-IT\",\"potentialAction\":[{\"@type\":\"CommentAction\",\"name\":\"Comment\",\"target\":[\"https:\\\/\\\/www.pigrecoemme.com\\\/blog\\\/questioni-di-coppia\\\/#respond\"]}]},{\"@type\":\"WebPage\",\"@id\":\"https:\\\/\\\/www.pigrecoemme.com\\\/blog\\\/questioni-di-coppia\\\/\",\"url\":\"https:\\\/\\\/www.pigrecoemme.com\\\/blog\\\/questioni-di-coppia\\\/\",\"name\":\"\\\"Questioni di coppia\\\", con una regia di Lucio Allocca, Pigrecoemme torna sul palco. Al Th\u00e9\u00e2tre de Poche.\",\"isPartOf\":{\"@id\":\"https:\\\/\\\/www.pigrecoemme.com\\\/blog\\\/#website\"},\"primaryImageOfPage\":{\"@id\":\"https:\\\/\\\/www.pigrecoemme.com\\\/blog\\\/questioni-di-coppia\\\/#primaryimage\"},\"image\":{\"@id\":\"https:\\\/\\\/www.pigrecoemme.com\\\/blog\\\/questioni-di-coppia\\\/#primaryimage\"},\"thumbnailUrl\":\"http:\\\/\\\/www.pigrecoemme.com\\\/blog\\\/wp-content\\\/uploads\\\/2013\\\/01\\\/locandina-questioni-di-coppia-211x300.jpg\",\"datePublished\":\"2013-01-17T12:12:53+00:00\",\"dateModified\":\"2013-01-17T12:14:01+00:00\",\"breadcrumb\":{\"@id\":\"https:\\\/\\\/www.pigrecoemme.com\\\/blog\\\/questioni-di-coppia\\\/#breadcrumb\"},\"inLanguage\":\"it-IT\",\"potentialAction\":[{\"@type\":\"ReadAction\",\"target\":[\"https:\\\/\\\/www.pigrecoemme.com\\\/blog\\\/questioni-di-coppia\\\/\"]}]},{\"@type\":\"ImageObject\",\"inLanguage\":\"it-IT\",\"@id\":\"https:\\\/\\\/www.pigrecoemme.com\\\/blog\\\/questioni-di-coppia\\\/#primaryimage\",\"url\":\"http:\\\/\\\/www.pigrecoemme.com\\\/blog\\\/wp-content\\\/uploads\\\/2013\\\/01\\\/locandina-questioni-di-coppia-211x300.jpg\",\"contentUrl\":\"http:\\\/\\\/www.pigrecoemme.com\\\/blog\\\/wp-content\\\/uploads\\\/2013\\\/01\\\/locandina-questioni-di-coppia-211x300.jpg\"},{\"@type\":\"BreadcrumbList\",\"@id\":\"https:\\\/\\\/www.pigrecoemme.com\\\/blog\\\/questioni-di-coppia\\\/#breadcrumb\",\"itemListElement\":[{\"@type\":\"ListItem\",\"position\":1,\"name\":\"Home\",\"item\":\"https:\\\/\\\/www.pigrecoemme.com\\\/blog\\\/\"},{\"@type\":\"ListItem\",\"position\":2,\"name\":\"&#8220;Questioni di coppia&#8221;, con una regia di Lucio Allocca, Pigrecoemme torna sul palco. Al Th\u00e9\u00e2tre de Poche.\"}]},{\"@type\":\"WebSite\",\"@id\":\"https:\\\/\\\/www.pigrecoemme.com\\\/blog\\\/#website\",\"url\":\"https:\\\/\\\/www.pigrecoemme.com\\\/blog\\\/\",\"name\":\"Scuola di Cinema Pigrecoemme - Blog\",\"description\":\"Siamo la prima Scuola di Cinema e Fotografia di Napoli\",\"publisher\":{\"@id\":\"https:\\\/\\\/www.pigrecoemme.com\\\/blog\\\/#organization\"},\"potentialAction\":[{\"@type\":\"SearchAction\",\"target\":{\"@type\":\"EntryPoint\",\"urlTemplate\":\"https:\\\/\\\/www.pigrecoemme.com\\\/blog\\\/?s={search_term_string}\"},\"query-input\":{\"@type\":\"PropertyValueSpecification\",\"valueRequired\":true,\"valueName\":\"search_term_string\"}}],\"inLanguage\":\"it-IT\"},{\"@type\":\"Organization\",\"@id\":\"https:\\\/\\\/www.pigrecoemme.com\\\/blog\\\/#organization\",\"name\":\"Scuola di cinema e fotografia Pigrecoemme\",\"url\":\"https:\\\/\\\/www.pigrecoemme.com\\\/blog\\\/\",\"logo\":{\"@type\":\"ImageObject\",\"inLanguage\":\"it-IT\",\"@id\":\"https:\\\/\\\/www.pigrecoemme.com\\\/blog\\\/#\\\/schema\\\/logo\\\/image\\\/\",\"url\":\"https:\\\/\\\/i0.wp.com\\\/www.pigrecoemme.com\\\/blog\\\/wp-content\\\/uploads\\\/2018\\\/06\\\/logo-pigrecoemme-2018.png?fit=500%2C500&ssl=1\",\"contentUrl\":\"https:\\\/\\\/i0.wp.com\\\/www.pigrecoemme.com\\\/blog\\\/wp-content\\\/uploads\\\/2018\\\/06\\\/logo-pigrecoemme-2018.png?fit=500%2C500&ssl=1\",\"width\":500,\"height\":500,\"caption\":\"Scuola di cinema e fotografia Pigrecoemme\"},\"image\":{\"@id\":\"https:\\\/\\\/www.pigrecoemme.com\\\/blog\\\/#\\\/schema\\\/logo\\\/image\\\/\"},\"sameAs\":[\"https:\\\/\\\/www.facebook.com\\\/pigrecoemme\",\"https:\\\/\\\/x.com\\\/Pigrecoemme\",\"https:\\\/\\\/www.instagram.com\\\/pigrecoemme\\\/\",\"https:\\\/\\\/www.linkedin.com\\\/company\\\/pigrecoemme\\\/\",\"https:\\\/\\\/www.youtube.com\\\/pigrecoemme\"]},{\"@type\":\"Person\",\"@id\":\"https:\\\/\\\/www.pigrecoemme.com\\\/blog\\\/#\\\/schema\\\/person\\\/702764b5ecda4c2f34e82348789f649e\",\"name\":\"Corrado Morra\",\"image\":{\"@type\":\"ImageObject\",\"inLanguage\":\"it-IT\",\"@id\":\"https:\\\/\\\/secure.gravatar.com\\\/avatar\\\/f6ce2f6728fbdf920737112fe70682512808577befa2c9c7845c04a8449b8f03?s=96&r=g\",\"url\":\"https:\\\/\\\/secure.gravatar.com\\\/avatar\\\/f6ce2f6728fbdf920737112fe70682512808577befa2c9c7845c04a8449b8f03?s=96&r=g\",\"contentUrl\":\"https:\\\/\\\/secure.gravatar.com\\\/avatar\\\/f6ce2f6728fbdf920737112fe70682512808577befa2c9c7845c04a8449b8f03?s=96&r=g\",\"caption\":\"Corrado Morra\"},\"description\":\"Esperto di arti visive e di cinema, insegna Sceneggiatura alla Scuola di cinema Pigrecoemme di Napoli, di cui \u00e8 tra i fondatori.\",\"sameAs\":[\"http:\\\/\\\/www.pigrecoemme.com\\\/\",\"https:\\\/\\\/www.facebook.com\\\/corrado.morra1\"],\"url\":\"https:\\\/\\\/www.pigrecoemme.com\\\/blog\\\/author\\\/corrado-morra\\\/\"}]}<\/script>\n<!-- \/ Yoast SEO plugin. -->","yoast_head_json":{"title":"\"Questioni di coppia\", con una regia di Lucio Allocca, Pigrecoemme torna sul palco. Al Th\u00e9\u00e2tre de Poche.","robots":{"index":"index","follow":"follow","max-snippet":"max-snippet:-1","max-image-preview":"max-image-preview:large","max-video-preview":"max-video-preview:-1"},"canonical":"https:\/\/www.pigrecoemme.com\/blog\/questioni-di-coppia\/","og_locale":"it_IT","og_type":"article","og_title":"\"Questioni di coppia\", con una regia di Lucio Allocca, Pigrecoemme torna sul palco. Al Th\u00e9\u00e2tre de Poche.","og_description":"Scuola di Cinema, Televisione e Fotografia - Napoli","og_url":"https:\/\/www.pigrecoemme.com\/blog\/questioni-di-coppia\/","og_site_name":"Scuola di Cinema Pigrecoemme - Blog","article_publisher":"https:\/\/www.facebook.com\/pigrecoemme","article_author":"https:\/\/www.facebook.com\/corrado.morra1","article_published_time":"2013-01-17T12:12:53+00:00","article_modified_time":"2013-01-17T12:14:01+00:00","og_image":[{"url":"http:\/\/www.pigrecoemme.com\/blog\/wp-content\/uploads\/2013\/01\/locandina-questioni-di-coppia-211x300.jpg","type":"","width":"","height":""}],"author":"Corrado Morra","twitter_card":"summary_large_image","twitter_creator":"@Pigrecoemme","twitter_site":"@Pigrecoemme","twitter_misc":{"Scritto da":"Corrado Morra","Tempo di lettura stimato":"1 minuto"},"schema":{"@context":"https:\/\/schema.org","@graph":[{"@type":["Article","BlogPosting"],"@id":"https:\/\/www.pigrecoemme.com\/blog\/questioni-di-coppia\/#article","isPartOf":{"@id":"https:\/\/www.pigrecoemme.com\/blog\/questioni-di-coppia\/"},"author":{"name":"Corrado Morra","@id":"https:\/\/www.pigrecoemme.com\/blog\/#\/schema\/person\/702764b5ecda4c2f34e82348789f649e"},"headline":"&#8220;Questioni di coppia&#8221;, con una regia di Lucio Allocca, Pigrecoemme torna sul palco. Al Th\u00e9\u00e2tre de Poche.","datePublished":"2013-01-17T12:12:53+00:00","dateModified":"2013-01-17T12:14:01+00:00","mainEntityOfPage":{"@id":"https:\/\/www.pigrecoemme.com\/blog\/questioni-di-coppia\/"},"wordCount":286,"commentCount":0,"publisher":{"@id":"https:\/\/www.pigrecoemme.com\/blog\/#organization"},"image":{"@id":"https:\/\/www.pigrecoemme.com\/blog\/questioni-di-coppia\/#primaryimage"},"thumbnailUrl":"http:\/\/www.pigrecoemme.com\/blog\/wp-content\/uploads\/2013\/01\/locandina-questioni-di-coppia-211x300.jpg","keywords":["corsi di recitazione","corsi di recitazione a napoli","Fulvio Sacco","lucio allocca","Ludovica Rambelli","Produzioni","roberta frascati","teatro"],"articleSection":["Generale","Produzioni","Scuola di cinema","Segnalazioni"],"inLanguage":"it-IT","potentialAction":[{"@type":"CommentAction","name":"Comment","target":["https:\/\/www.pigrecoemme.com\/blog\/questioni-di-coppia\/#respond"]}]},{"@type":"WebPage","@id":"https:\/\/www.pigrecoemme.com\/blog\/questioni-di-coppia\/","url":"https:\/\/www.pigrecoemme.com\/blog\/questioni-di-coppia\/","name":"\"Questioni di coppia\", con una regia di Lucio Allocca, Pigrecoemme torna sul palco. Al Th\u00e9\u00e2tre de Poche.","isPartOf":{"@id":"https:\/\/www.pigrecoemme.com\/blog\/#website"},"primaryImageOfPage":{"@id":"https:\/\/www.pigrecoemme.com\/blog\/questioni-di-coppia\/#primaryimage"},"image":{"@id":"https:\/\/www.pigrecoemme.com\/blog\/questioni-di-coppia\/#primaryimage"},"thumbnailUrl":"http:\/\/www.pigrecoemme.com\/blog\/wp-content\/uploads\/2013\/01\/locandina-questioni-di-coppia-211x300.jpg","datePublished":"2013-01-17T12:12:53+00:00","dateModified":"2013-01-17T12:14:01+00:00","breadcrumb":{"@id":"https:\/\/www.pigrecoemme.com\/blog\/questioni-di-coppia\/#breadcrumb"},"inLanguage":"it-IT","potentialAction":[{"@type":"ReadAction","target":["https:\/\/www.pigrecoemme.com\/blog\/questioni-di-coppia\/"]}]},{"@type":"ImageObject","inLanguage":"it-IT","@id":"https:\/\/www.pigrecoemme.com\/blog\/questioni-di-coppia\/#primaryimage","url":"http:\/\/www.pigrecoemme.com\/blog\/wp-content\/uploads\/2013\/01\/locandina-questioni-di-coppia-211x300.jpg","contentUrl":"http:\/\/www.pigrecoemme.com\/blog\/wp-content\/uploads\/2013\/01\/locandina-questioni-di-coppia-211x300.jpg"},{"@type":"BreadcrumbList","@id":"https:\/\/www.pigrecoemme.com\/blog\/questioni-di-coppia\/#breadcrumb","itemListElement":[{"@type":"ListItem","position":1,"name":"Home","item":"https:\/\/www.pigrecoemme.com\/blog\/"},{"@type":"ListItem","position":2,"name":"&#8220;Questioni di coppia&#8221;, con una regia di Lucio Allocca, Pigrecoemme torna sul palco. Al Th\u00e9\u00e2tre de Poche."}]},{"@type":"WebSite","@id":"https:\/\/www.pigrecoemme.com\/blog\/#website","url":"https:\/\/www.pigrecoemme.com\/blog\/","name":"Scuola di Cinema Pigrecoemme - Blog","description":"Siamo la prima Scuola di Cinema e Fotografia di Napoli","publisher":{"@id":"https:\/\/www.pigrecoemme.com\/blog\/#organization"},"potentialAction":[{"@type":"SearchAction","target":{"@type":"EntryPoint","urlTemplate":"https:\/\/www.pigrecoemme.com\/blog\/?s={search_term_string}"},"query-input":{"@type":"PropertyValueSpecification","valueRequired":true,"valueName":"search_term_string"}}],"inLanguage":"it-IT"},{"@type":"Organization","@id":"https:\/\/www.pigrecoemme.com\/blog\/#organization","name":"Scuola di cinema e fotografia Pigrecoemme","url":"https:\/\/www.pigrecoemme.com\/blog\/","logo":{"@type":"ImageObject","inLanguage":"it-IT","@id":"https:\/\/www.pigrecoemme.com\/blog\/#\/schema\/logo\/image\/","url":"https:\/\/i0.wp.com\/www.pigrecoemme.com\/blog\/wp-content\/uploads\/2018\/06\/logo-pigrecoemme-2018.png?fit=500%2C500&ssl=1","contentUrl":"https:\/\/i0.wp.com\/www.pigrecoemme.com\/blog\/wp-content\/uploads\/2018\/06\/logo-pigrecoemme-2018.png?fit=500%2C500&ssl=1","width":500,"height":500,"caption":"Scuola di cinema e fotografia Pigrecoemme"},"image":{"@id":"https:\/\/www.pigrecoemme.com\/blog\/#\/schema\/logo\/image\/"},"sameAs":["https:\/\/www.facebook.com\/pigrecoemme","https:\/\/x.com\/Pigrecoemme","https:\/\/www.instagram.com\/pigrecoemme\/","https:\/\/www.linkedin.com\/company\/pigrecoemme\/","https:\/\/www.youtube.com\/pigrecoemme"]},{"@type":"Person","@id":"https:\/\/www.pigrecoemme.com\/blog\/#\/schema\/person\/702764b5ecda4c2f34e82348789f649e","name":"Corrado Morra","image":{"@type":"ImageObject","inLanguage":"it-IT","@id":"https:\/\/secure.gravatar.com\/avatar\/f6ce2f6728fbdf920737112fe70682512808577befa2c9c7845c04a8449b8f03?s=96&r=g","url":"https:\/\/secure.gravatar.com\/avatar\/f6ce2f6728fbdf920737112fe70682512808577befa2c9c7845c04a8449b8f03?s=96&r=g","contentUrl":"https:\/\/secure.gravatar.com\/avatar\/f6ce2f6728fbdf920737112fe70682512808577befa2c9c7845c04a8449b8f03?s=96&r=g","caption":"Corrado Morra"},"description":"Esperto di arti visive e di cinema, insegna Sceneggiatura alla Scuola di cinema Pigrecoemme di Napoli, di cui \u00e8 tra i fondatori.","sameAs":["http:\/\/www.pigrecoemme.com\/","https:\/\/www.facebook.com\/corrado.morra1"],"url":"https:\/\/www.pigrecoemme.com\/blog\/author\/corrado-morra\/"}]}},"jetpack_sharing_enabled":true,"jetpack_likes_enabled":true,"jetpack-related-posts":[{"id":1267,"url":"https:\/\/www.pigrecoemme.com\/blog\/sporte\/","url_meta":{"origin":596,"position":0},"title":"Al Sancarluccio, Angelo Serio dirige Frascati e Manvati","author":"Corrado Morra","date":"9 Marzo 2015","format":false,"excerpt":"\u00a0Marted\u00ec 10 e\u00a0mercoled\u00ec 11 marzo (ore 21:00)\u00a0\u00e8 in scena al\u00a0Nuovo Teatro Sancarluccio\u00a0di Napoli\u00a0(via San Pasquale a Chiaia 49) lo spettacolo Sporte 'e nummere e caurare 'e stelle\u00a0scritto da Roberta Frascati e diretto da Angelo Serio. In scena, oltre a Frascati - al suo debutto come\u00a0scrittrice\u00a0teatrale -\u00a0Eliana Manvati. Il lavoro\u00a0\u00e8\u00a0prodotto da\u2026","rel":"","context":"In &quot;Generale&quot;","block_context":{"text":"Generale","link":"https:\/\/www.pigrecoemme.com\/blog\/generale\/"},"img":{"alt_text":"Roberta Frascati  e Eliana Manvatii","src":"https:\/\/i0.wp.com\/www.pigrecoemme.com\/blog\/wp-content\/uploads\/2015\/03\/roberta-frascati-eliana-manvati-2.jpg?resize=350%2C200","width":350,"height":200,"srcset":"https:\/\/i0.wp.com\/www.pigrecoemme.com\/blog\/wp-content\/uploads\/2015\/03\/roberta-frascati-eliana-manvati-2.jpg?resize=350%2C200 1x, https:\/\/i0.wp.com\/www.pigrecoemme.com\/blog\/wp-content\/uploads\/2015\/03\/roberta-frascati-eliana-manvati-2.jpg?resize=525%2C300 1.5x, https:\/\/i0.wp.com\/www.pigrecoemme.com\/blog\/wp-content\/uploads\/2015\/03\/roberta-frascati-eliana-manvati-2.jpg?resize=700%2C400 2x, https:\/\/i0.wp.com\/www.pigrecoemme.com\/blog\/wp-content\/uploads\/2015\/03\/roberta-frascati-eliana-manvati-2.jpg?resize=1050%2C600 3x"},"classes":[]},{"id":468,"url":"https:\/\/www.pigrecoemme.com\/blog\/a-pigrecoemme-uno-stage-di-approfondimento-per-attori-condotto-da-lucio-allocca\/","url_meta":{"origin":596,"position":1},"title":"Dal 25 febbraio Lo spett\/attore: stage di approfondimento per attori condotto da Lucio Allocca","author":"Corrado Morra","date":"11 Febbraio 2012","format":false,"excerpt":"Lo spett\/attore L'abbattimento della Quarta Parete \u2013 Stanislavskij, Cechov e il teatro d'Arte di Mosca Uno studio-laboratorio condotto da Lucio Allocca che, in 6 incontri, guider\u00e0 i partecipanti alla scoperta della pi\u00f9 grande rivoluzione nell'arte dell'attore del secolo scorso. Quano l'attore \"vive\" il personaggio fa s\u00ec che lo spettatore perda\u2026","rel":"","context":"In &quot;La foto della settimana&quot;","block_context":{"text":"La foto della settimana","link":"https:\/\/www.pigrecoemme.com\/blog\/foto-della-settimana\/"},"img":{"alt_text":"","src":"https:\/\/i0.wp.com\/www.pigrecoemme.com\/blog\/wp-content\/uploads\/2012\/02\/lucioalloccaotellotesta-300x208.jpg?resize=350%2C200","width":350,"height":200},"classes":[]},{"id":282,"url":"https:\/\/www.pigrecoemme.com\/blog\/peppino-de-filippo-e-masaniello-una-testimonianza-di-lucio-allocca\/","url_meta":{"origin":596,"position":2},"title":"Peppino De Filippo e Masaniello. Una testimonianza di Lucio Allocca","author":"Corrado Morra","date":"19 Ottobre 2010","format":false,"excerpt":"Mercoled\u00ec 27 ottobre, a Napoli, presso la Facolt\u00e0 di Giurisprudenza di Corso Umberto I, alle ore ore 14, ci sar\u00e0 la presentazione del libro \"Per Peppino De Filippo attore e autore\", interessante volume edito dalla ESI, a cura di Pasquale Sabbatino e Giuseppina Scognamiglio. All'evento, oltre agli autori, sar\u00e0 presente\u2026","rel":"","context":"In &quot;Eventi&quot;","block_context":{"text":"Eventi","link":"https:\/\/www.pigrecoemme.com\/blog\/eventi\/"},"img":{"alt_text":"","src":"https:\/\/i0.wp.com\/www.pigrecoemme.com\/blog\/wp-content\/uploads\/2010\/10\/lucio-allocca.jpg?resize=350%2C200","width":350,"height":200},"classes":[]},{"id":187,"url":"https:\/\/www.pigrecoemme.com\/blog\/ancora-aperti-i-colloqui-per-accedere-al-nuovo-corso-di-recitazione-cinematografica\/","url_meta":{"origin":596,"position":3},"title":"Ancora aperti i colloqui per accedere al nuovo Corso di recitazione cinematografica","author":"Giacomo Fabbrocino","date":"8 Novembre 2009","format":false,"excerpt":"\u00c8 di nuovo possibile sostenere i colloqui per accedere al corso di Recitazione cinematografica di Pigrecoemme, condotto da Lucio Allocca, Angelo Serio e, da quest'anno, Cristina Florio, che comincer\u00e0 marted\u00ec I dicembre. Chiamando allo 0815635188 si potr\u00e0 prendere un appuntamento per un colloquio conoscitivo da sostenersi nella sede della Scuola\u2026","rel":"","context":"In &quot;Scuola di cinema&quot;","block_context":{"text":"Scuola di cinema","link":"https:\/\/www.pigrecoemme.com\/blog\/scuola-di-cinema\/"},"img":{"alt_text":"Lucio Allocca con alcuni allievi del corso","src":"https:\/\/i0.wp.com\/www.pigrecoemme.com\/blog\/wp-content\/uploads\/2009\/11\/corso-di-recitazione-napoli-300x224.jpg?resize=350%2C200","width":350,"height":200},"classes":[]},{"id":179,"url":"https:\/\/www.pigrecoemme.com\/blog\/al-via-il-nuovo-anno-di-studi-della-scuola-di-cinema-e-televisione-pigrecoemme-di-napoli\/","url_meta":{"origin":596,"position":4},"title":"Al via il nuovo anno di studi della Scuola di cinema e televisione Pigrecoemme di Napoli","author":"Giacomo Fabbrocino","date":"16 Ottobre 2009","format":false,"excerpt":"Tutto pronto per il nuovo anno di studi della Scuola di cinema e televisione Pigrecoemme: corsi di cinema, fotografia e, per il secondo anno, di recitazione. Scuola Di Cinema Pigrecoemm... by Scuola di cinema Pigrecoemme Parte gioved\u00ec 29 ottobre, con la prima lezione di Regia, il Master in Cinema della\u2026","rel":"","context":"In &quot;Scuola di cinema&quot;","block_context":{"text":"Scuola di cinema","link":"https:\/\/www.pigrecoemme.com\/blog\/scuola-di-cinema\/"},"img":{"alt_text":"","src":"https:\/\/i0.wp.com\/www.pigrecoemme.com\/blog\/wp-content\/uploads\/2009\/10\/1-lucio-allocca-sul-un-set-di-pigrecoemme.jpg?resize=350%2C200&ssl=1","width":350,"height":200,"srcset":"https:\/\/i0.wp.com\/www.pigrecoemme.com\/blog\/wp-content\/uploads\/2009\/10\/1-lucio-allocca-sul-un-set-di-pigrecoemme.jpg?resize=350%2C200&ssl=1 1x, https:\/\/i0.wp.com\/www.pigrecoemme.com\/blog\/wp-content\/uploads\/2009\/10\/1-lucio-allocca-sul-un-set-di-pigrecoemme.jpg?resize=525%2C300&ssl=1 1.5x, https:\/\/i0.wp.com\/www.pigrecoemme.com\/blog\/wp-content\/uploads\/2009\/10\/1-lucio-allocca-sul-un-set-di-pigrecoemme.jpg?resize=700%2C400&ssl=1 2x"},"classes":[]},{"id":3628,"url":"https:\/\/www.pigrecoemme.com\/blog\/il-corso-di-recitazione-cinematografica-si-rinnova\/","url_meta":{"origin":596,"position":5},"title":"Il corso di recitazione cinematografica si rinnova!","author":"Pigrecoemme","date":"12 Luglio 2024","format":false,"excerpt":"Per l'anno accademico 2024\/2025 abbiamo rinnovato il corso di fotografia, ma anche il corso di recitazione, che ora prevede, oltre ai tre percorsi sulla dizione e sulla recitazione, sullo studio del personaggio e sul controllo della voce e della respirazione (condotti rispettivamente da Angelo Serio, Lucio Allocca e Cristina Florio),\u2026","rel":"","context":"In &quot;Generale&quot;","block_context":{"text":"Generale","link":"https:\/\/www.pigrecoemme.com\/blog\/generale\/"},"img":{"alt_text":"","src":"https:\/\/i0.wp.com\/www.pigrecoemme.com\/blog\/wp-content\/uploads\/2024\/07\/michele-rosiello.jpg?resize=350%2C200&ssl=1","width":350,"height":200},"classes":[]}],"jetpack_featured_media_url":"","_links":{"self":[{"href":"https:\/\/www.pigrecoemme.com\/blog\/wp-json\/wp\/v2\/posts\/596","targetHints":{"allow":["GET"]}}],"collection":[{"href":"https:\/\/www.pigrecoemme.com\/blog\/wp-json\/wp\/v2\/posts"}],"about":[{"href":"https:\/\/www.pigrecoemme.com\/blog\/wp-json\/wp\/v2\/types\/post"}],"author":[{"embeddable":true,"href":"https:\/\/www.pigrecoemme.com\/blog\/wp-json\/wp\/v2\/users\/2"}],"replies":[{"embeddable":true,"href":"https:\/\/www.pigrecoemme.com\/blog\/wp-json\/wp\/v2\/comments?post=596"}],"version-history":[{"count":0,"href":"https:\/\/www.pigrecoemme.com\/blog\/wp-json\/wp\/v2\/posts\/596\/revisions"}],"wp:attachment":[{"href":"https:\/\/www.pigrecoemme.com\/blog\/wp-json\/wp\/v2\/media?parent=596"}],"wp:term":[{"taxonomy":"category","embeddable":true,"href":"https:\/\/www.pigrecoemme.com\/blog\/wp-json\/wp\/v2\/categories?post=596"},{"taxonomy":"post_tag","embeddable":true,"href":"https:\/\/www.pigrecoemme.com\/blog\/wp-json\/wp\/v2\/tags?post=596"}],"curies":[{"name":"wp","href":"https:\/\/api.w.org\/{rel}","templated":true}]}}