{"id":591,"date":"2012-12-19T16:17:54","date_gmt":"2012-12-19T14:17:54","guid":{"rendered":"http:\/\/www.pigrecoemme.com\/blog\/?p=591"},"modified":"2024-03-11T01:59:30","modified_gmt":"2024-03-11T00:59:30","slug":"il-cinema-di-kubrick-piu-grande-della-vita-e-il-nostro-docente-di-sceneggiatura-spieghera-perche","status":"publish","type":"post","link":"https:\/\/www.pigrecoemme.com\/blog\/il-cinema-di-kubrick-piu-grande-della-vita-e-il-nostro-docente-di-sceneggiatura-spieghera-perche\/","title":{"rendered":"Il cinema di Kubrick? Pi\u00f9 grande della vita (e il nostro docente di Sceneggiatura spiegher\u00e0 perch\u00e9)"},"content":{"rendered":"\n<figure class=\"wp-block-image alignleft\"><img data-recalc-dims=\"1\" loading=\"lazy\" decoding=\"async\" width=\"225\" height=\"300\" src=\"https:\/\/i0.wp.com\/www.pigrecoemme.com\/blog\/wp-content\/uploads\/2012\/12\/stanley-kubrick.jpg?resize=225%2C300&#038;ssl=1\" alt=\"\" class=\"wp-image-592\" title=\"stanley-kubrick\" srcset=\"https:\/\/i0.wp.com\/www.pigrecoemme.com\/blog\/wp-content\/uploads\/2012\/12\/stanley-kubrick.jpg?resize=225%2C300&amp;ssl=1 225w, https:\/\/i0.wp.com\/www.pigrecoemme.com\/blog\/wp-content\/uploads\/2012\/12\/stanley-kubrick.jpg?w=853&amp;ssl=1 853w\" sizes=\"auto, (max-width: 225px) 100vw, 225px\" \/><\/figure>\n\n\n\n<p class=\"wp-block-paragraph\">Domani, <strong>gioved\u00ec 20 dicembre<\/strong>, alle <strong>ore 18,00<\/strong>, presso la <a href=\"http:\/\/www.mediatecasantasofia.it\/?page_id=18\">Mediateca Santa Sofia<\/a> ci sar\u00e0 la proiezione di <strong>Stanley Kubrick: A Life in Pictures<\/strong> di <strong>Jan Harlan<\/strong>.<br \/>Il documentario &#8211; l&#8217;emozionante avventura artistica del grande <strong>Stanley Kubrick <\/strong>&#8211; chiuder\u00e0 il primo ciclo della bella rassegna <strong>Cinema al quadrato. il cinema che si racconta<\/strong>, a cura di <strong>Francesco Napolitano<\/strong> e <strong>Armando Andria<\/strong>. Il film, in versione originale con sottotitoli, sar\u00e0 introdotto da <strong>Corrado Morra<\/strong>, presidente della <a href=\"http:\/\/www.pigrecoemme.com\/corsi.htm\">Scuola di cinema Pigrecoemme<\/a>, dove insegna <a href=\"http:\/\/www.pigrecoemme.com\/corsi\/corso-sceneggiatura.htm\">Sceneggiatura<\/a>.<br \/>L&#8217;ingresso \u00e8 libero, fino a esaurimento posti.<\/p>\n","protected":false},"excerpt":{"rendered":"<p>Domani, gioved\u00ec 20 dicembre, alle ore 18,00, presso la Mediateca Santa Sofia ci sar\u00e0 la proiezione di Stanley Kubrick: A Life in Pictures di Jan Harlan.Il documentario &#8211; l&#8217;emozionante avventura artistica del grande Stanley&hellip;<\/p>\n","protected":false},"author":1,"featured_media":0,"comment_status":"open","ping_status":"open","sticky":false,"template":"","format":"standard","meta":{"_jetpack_newsletter_access":"","_jetpack_dont_email_post_to_subs":false,"_jetpack_newsletter_tier_id":0,"_jetpack_memberships_contains_paywalled_content":false,"_jetpack_feature_clip_id":0,"_jetpack_memberships_contains_paid_content":false,"footnotes":"","jetpack_post_was_ever_published":false},"categories":[11],"tags":[769,771,768,227,357,755,767],"class_list":["post-591","post","type-post","status-publish","format-standard","hentry","category-eventi","tag-armando-andria","tag-bigger-than-life","tag-cinema-al-quadrato","tag-corrado-morra","tag-corsi-di-cinema","tag-francesco-napolitano","tag-stanley-kubrick"],"yoast_head":"<!-- This site is optimized with the Yoast SEO plugin v28.4 - https:\/\/yoast.com\/product\/yoast-seo-wordpress\/ -->\n<title>Il cinema di Kubrick? Pi\u00f9 grande della vita (e il nostro docente di Sceneggiatura spiegher\u00e0 perch\u00e9)<\/title>\n<meta name=\"robots\" content=\"index, follow, max-snippet:-1, max-image-preview:large, max-video-preview:-1\" \/>\n<link rel=\"canonical\" href=\"https:\/\/www.pigrecoemme.com\/blog\/il-cinema-di-kubrick-piu-grande-della-vita-e-il-nostro-docente-di-sceneggiatura-spieghera-perche\/\" \/>\n<meta property=\"og:locale\" content=\"it_IT\" \/>\n<meta property=\"og:type\" content=\"article\" \/>\n<meta property=\"og:title\" content=\"Il cinema di Kubrick? Pi\u00f9 grande della vita (e il nostro docente di Sceneggiatura spiegher\u00e0 perch\u00e9)\" \/>\n<meta property=\"og:description\" content=\"Domani, gioved\u00ec 20 dicembre, alle ore 18,00, presso la Mediateca Santa Sofia ci sar\u00e0 la proiezione di Stanley Kubrick: A Life in Pictures di Jan Harlan.Il documentario &#8211; l&#8217;emozionante avventura artistica del grande Stanley&hellip;\" \/>\n<meta property=\"og:url\" content=\"https:\/\/www.pigrecoemme.com\/blog\/il-cinema-di-kubrick-piu-grande-della-vita-e-il-nostro-docente-di-sceneggiatura-spieghera-perche\/\" \/>\n<meta property=\"og:site_name\" content=\"Scuola di Cinema Pigrecoemme - Blog\" \/>\n<meta property=\"article:publisher\" content=\"https:\/\/www.facebook.com\/pigrecoemme\" \/>\n<meta property=\"article:author\" content=\"https:\/\/www.facebook.com\/giacomo.fabbrocino\" \/>\n<meta property=\"article:published_time\" content=\"2012-12-19T14:17:54+00:00\" \/>\n<meta property=\"article:modified_time\" content=\"2024-03-11T00:59:30+00:00\" \/>\n<meta property=\"og:image\" content=\"http:\/\/www.pigrecoemme.com\/blog\/wp-content\/uploads\/2012\/12\/stanley-kubrick-225x300.jpg\" \/>\n<meta name=\"author\" content=\"Giacomo Fabbrocino\" \/>\n<meta name=\"twitter:card\" content=\"summary_large_image\" \/>\n<meta name=\"twitter:creator\" content=\"@Pigrecoemme\" \/>\n<meta name=\"twitter:site\" content=\"@Pigrecoemme\" \/>\n<meta name=\"twitter:label1\" content=\"Scritto da\" \/>\n\t<meta name=\"twitter:data1\" content=\"Giacomo Fabbrocino\" \/>\n\t<meta name=\"twitter:label2\" content=\"Tempo di lettura stimato\" \/>\n\t<meta name=\"twitter:data2\" content=\"1 minuto\" \/>\n<script type=\"application\/ld+json\" class=\"yoast-schema-graph\">{\"@context\":\"https:\\\/\\\/schema.org\",\"@graph\":[{\"@type\":[\"Article\",\"BlogPosting\"],\"@id\":\"https:\\\/\\\/www.pigrecoemme.com\\\/blog\\\/il-cinema-di-kubrick-piu-grande-della-vita-e-il-nostro-docente-di-sceneggiatura-spieghera-perche\\\/#article\",\"isPartOf\":{\"@id\":\"https:\\\/\\\/www.pigrecoemme.com\\\/blog\\\/il-cinema-di-kubrick-piu-grande-della-vita-e-il-nostro-docente-di-sceneggiatura-spieghera-perche\\\/\"},\"author\":{\"name\":\"Giacomo Fabbrocino\",\"@id\":\"https:\\\/\\\/www.pigrecoemme.com\\\/blog\\\/#\\\/schema\\\/person\\\/57fa822c3d209d3a2612fd0411ae63f4\"},\"headline\":\"Il cinema di Kubrick? Pi\u00f9 grande della vita (e il nostro docente di Sceneggiatura spiegher\u00e0 perch\u00e9)\",\"datePublished\":\"2012-12-19T14:17:54+00:00\",\"dateModified\":\"2024-03-11T00:59:30+00:00\",\"mainEntityOfPage\":{\"@id\":\"https:\\\/\\\/www.pigrecoemme.com\\\/blog\\\/il-cinema-di-kubrick-piu-grande-della-vita-e-il-nostro-docente-di-sceneggiatura-spieghera-perche\\\/\"},\"wordCount\":103,\"commentCount\":0,\"publisher\":{\"@id\":\"https:\\\/\\\/www.pigrecoemme.com\\\/blog\\\/#organization\"},\"image\":{\"@id\":\"https:\\\/\\\/www.pigrecoemme.com\\\/blog\\\/il-cinema-di-kubrick-piu-grande-della-vita-e-il-nostro-docente-di-sceneggiatura-spieghera-perche\\\/#primaryimage\"},\"thumbnailUrl\":\"http:\\\/\\\/www.pigrecoemme.com\\\/blog\\\/wp-content\\\/uploads\\\/2012\\\/12\\\/stanley-kubrick-225x300.jpg\",\"keywords\":[\"Armando Andria\",\"Bigger Than Life\",\"Cinema al quadrato\",\"Corrado Morra\",\"corsi di cinema\",\"Francesco Napolitano\",\"Stanley Kubrick\"],\"articleSection\":[\"Eventi\"],\"inLanguage\":\"it-IT\",\"potentialAction\":[{\"@type\":\"CommentAction\",\"name\":\"Comment\",\"target\":[\"https:\\\/\\\/www.pigrecoemme.com\\\/blog\\\/il-cinema-di-kubrick-piu-grande-della-vita-e-il-nostro-docente-di-sceneggiatura-spieghera-perche\\\/#respond\"]}]},{\"@type\":\"WebPage\",\"@id\":\"https:\\\/\\\/www.pigrecoemme.com\\\/blog\\\/il-cinema-di-kubrick-piu-grande-della-vita-e-il-nostro-docente-di-sceneggiatura-spieghera-perche\\\/\",\"url\":\"https:\\\/\\\/www.pigrecoemme.com\\\/blog\\\/il-cinema-di-kubrick-piu-grande-della-vita-e-il-nostro-docente-di-sceneggiatura-spieghera-perche\\\/\",\"name\":\"Il cinema di Kubrick? Pi\u00f9 grande della vita (e il nostro docente di Sceneggiatura spiegher\u00e0 perch\u00e9)\",\"isPartOf\":{\"@id\":\"https:\\\/\\\/www.pigrecoemme.com\\\/blog\\\/#website\"},\"primaryImageOfPage\":{\"@id\":\"https:\\\/\\\/www.pigrecoemme.com\\\/blog\\\/il-cinema-di-kubrick-piu-grande-della-vita-e-il-nostro-docente-di-sceneggiatura-spieghera-perche\\\/#primaryimage\"},\"image\":{\"@id\":\"https:\\\/\\\/www.pigrecoemme.com\\\/blog\\\/il-cinema-di-kubrick-piu-grande-della-vita-e-il-nostro-docente-di-sceneggiatura-spieghera-perche\\\/#primaryimage\"},\"thumbnailUrl\":\"http:\\\/\\\/www.pigrecoemme.com\\\/blog\\\/wp-content\\\/uploads\\\/2012\\\/12\\\/stanley-kubrick-225x300.jpg\",\"datePublished\":\"2012-12-19T14:17:54+00:00\",\"dateModified\":\"2024-03-11T00:59:30+00:00\",\"breadcrumb\":{\"@id\":\"https:\\\/\\\/www.pigrecoemme.com\\\/blog\\\/il-cinema-di-kubrick-piu-grande-della-vita-e-il-nostro-docente-di-sceneggiatura-spieghera-perche\\\/#breadcrumb\"},\"inLanguage\":\"it-IT\",\"potentialAction\":[{\"@type\":\"ReadAction\",\"target\":[\"https:\\\/\\\/www.pigrecoemme.com\\\/blog\\\/il-cinema-di-kubrick-piu-grande-della-vita-e-il-nostro-docente-di-sceneggiatura-spieghera-perche\\\/\"]}]},{\"@type\":\"ImageObject\",\"inLanguage\":\"it-IT\",\"@id\":\"https:\\\/\\\/www.pigrecoemme.com\\\/blog\\\/il-cinema-di-kubrick-piu-grande-della-vita-e-il-nostro-docente-di-sceneggiatura-spieghera-perche\\\/#primaryimage\",\"url\":\"http:\\\/\\\/www.pigrecoemme.com\\\/blog\\\/wp-content\\\/uploads\\\/2012\\\/12\\\/stanley-kubrick-225x300.jpg\",\"contentUrl\":\"http:\\\/\\\/www.pigrecoemme.com\\\/blog\\\/wp-content\\\/uploads\\\/2012\\\/12\\\/stanley-kubrick-225x300.jpg\"},{\"@type\":\"BreadcrumbList\",\"@id\":\"https:\\\/\\\/www.pigrecoemme.com\\\/blog\\\/il-cinema-di-kubrick-piu-grande-della-vita-e-il-nostro-docente-di-sceneggiatura-spieghera-perche\\\/#breadcrumb\",\"itemListElement\":[{\"@type\":\"ListItem\",\"position\":1,\"name\":\"Home\",\"item\":\"https:\\\/\\\/www.pigrecoemme.com\\\/blog\\\/\"},{\"@type\":\"ListItem\",\"position\":2,\"name\":\"Il cinema di Kubrick? Pi\u00f9 grande della vita (e il nostro docente di Sceneggiatura spiegher\u00e0 perch\u00e9)\"}]},{\"@type\":\"WebSite\",\"@id\":\"https:\\\/\\\/www.pigrecoemme.com\\\/blog\\\/#website\",\"url\":\"https:\\\/\\\/www.pigrecoemme.com\\\/blog\\\/\",\"name\":\"Scuola di Cinema Pigrecoemme - Blog\",\"description\":\"Siamo la prima Scuola di Cinema e Fotografia di Napoli\",\"publisher\":{\"@id\":\"https:\\\/\\\/www.pigrecoemme.com\\\/blog\\\/#organization\"},\"potentialAction\":[{\"@type\":\"SearchAction\",\"target\":{\"@type\":\"EntryPoint\",\"urlTemplate\":\"https:\\\/\\\/www.pigrecoemme.com\\\/blog\\\/?s={search_term_string}\"},\"query-input\":{\"@type\":\"PropertyValueSpecification\",\"valueRequired\":true,\"valueName\":\"search_term_string\"}}],\"inLanguage\":\"it-IT\"},{\"@type\":\"Organization\",\"@id\":\"https:\\\/\\\/www.pigrecoemme.com\\\/blog\\\/#organization\",\"name\":\"Scuola di cinema e fotografia Pigrecoemme\",\"url\":\"https:\\\/\\\/www.pigrecoemme.com\\\/blog\\\/\",\"logo\":{\"@type\":\"ImageObject\",\"inLanguage\":\"it-IT\",\"@id\":\"https:\\\/\\\/www.pigrecoemme.com\\\/blog\\\/#\\\/schema\\\/logo\\\/image\\\/\",\"url\":\"https:\\\/\\\/i0.wp.com\\\/www.pigrecoemme.com\\\/blog\\\/wp-content\\\/uploads\\\/2018\\\/06\\\/logo-pigrecoemme-2018.png?fit=500%2C500&ssl=1\",\"contentUrl\":\"https:\\\/\\\/i0.wp.com\\\/www.pigrecoemme.com\\\/blog\\\/wp-content\\\/uploads\\\/2018\\\/06\\\/logo-pigrecoemme-2018.png?fit=500%2C500&ssl=1\",\"width\":500,\"height\":500,\"caption\":\"Scuola di cinema e fotografia Pigrecoemme\"},\"image\":{\"@id\":\"https:\\\/\\\/www.pigrecoemme.com\\\/blog\\\/#\\\/schema\\\/logo\\\/image\\\/\"},\"sameAs\":[\"https:\\\/\\\/www.facebook.com\\\/pigrecoemme\",\"https:\\\/\\\/x.com\\\/Pigrecoemme\",\"https:\\\/\\\/www.instagram.com\\\/pigrecoemme\\\/\",\"https:\\\/\\\/www.linkedin.com\\\/company\\\/pigrecoemme\\\/\",\"https:\\\/\\\/www.youtube.com\\\/pigrecoemme\"]},{\"@type\":\"Person\",\"@id\":\"https:\\\/\\\/www.pigrecoemme.com\\\/blog\\\/#\\\/schema\\\/person\\\/57fa822c3d209d3a2612fd0411ae63f4\",\"name\":\"Giacomo Fabbrocino\",\"image\":{\"@type\":\"ImageObject\",\"inLanguage\":\"it-IT\",\"@id\":\"https:\\\/\\\/secure.gravatar.com\\\/avatar\\\/0e4dfd4d05c06a03fffaffeb36fb181415ba11b91a6b566fa2e8ada75927db32?s=96&r=g\",\"url\":\"https:\\\/\\\/secure.gravatar.com\\\/avatar\\\/0e4dfd4d05c06a03fffaffeb36fb181415ba11b91a6b566fa2e8ada75927db32?s=96&r=g\",\"contentUrl\":\"https:\\\/\\\/secure.gravatar.com\\\/avatar\\\/0e4dfd4d05c06a03fffaffeb36fb181415ba11b91a6b566fa2e8ada75927db32?s=96&r=g\",\"caption\":\"Giacomo Fabbrocino\"},\"description\":\"Montatore cinematografico, autore di documentari sull'arte e di video d'artista, Giacomo \u00e8 responsabile della didattica e della comunicazione web della Scuola di Cinema, Fotografia e Televisione Pigrecoemme di Napoli.\",\"sameAs\":[\"http:\\\/\\\/www.pigrecoemme.com\\\/\",\"https:\\\/\\\/www.facebook.com\\\/giacomo.fabbrocino\"],\"url\":\"https:\\\/\\\/www.pigrecoemme.com\\\/blog\\\/author\\\/giacomo-fabbrocino\\\/\"}]}<\/script>\n<!-- \/ Yoast SEO plugin. -->","yoast_head_json":{"title":"Il cinema di Kubrick? Pi\u00f9 grande della vita (e il nostro docente di Sceneggiatura spiegher\u00e0 perch\u00e9)","robots":{"index":"index","follow":"follow","max-snippet":"max-snippet:-1","max-image-preview":"max-image-preview:large","max-video-preview":"max-video-preview:-1"},"canonical":"https:\/\/www.pigrecoemme.com\/blog\/il-cinema-di-kubrick-piu-grande-della-vita-e-il-nostro-docente-di-sceneggiatura-spieghera-perche\/","og_locale":"it_IT","og_type":"article","og_title":"Il cinema di Kubrick? Pi\u00f9 grande della vita (e il nostro docente di Sceneggiatura spiegher\u00e0 perch\u00e9)","og_description":"Domani, gioved\u00ec 20 dicembre, alle ore 18,00, presso la Mediateca Santa Sofia ci sar\u00e0 la proiezione di Stanley Kubrick: A Life in Pictures di Jan Harlan.Il documentario &#8211; l&#8217;emozionante avventura artistica del grande Stanley&hellip;","og_url":"https:\/\/www.pigrecoemme.com\/blog\/il-cinema-di-kubrick-piu-grande-della-vita-e-il-nostro-docente-di-sceneggiatura-spieghera-perche\/","og_site_name":"Scuola di Cinema Pigrecoemme - Blog","article_publisher":"https:\/\/www.facebook.com\/pigrecoemme","article_author":"https:\/\/www.facebook.com\/giacomo.fabbrocino","article_published_time":"2012-12-19T14:17:54+00:00","article_modified_time":"2024-03-11T00:59:30+00:00","og_image":[{"url":"http:\/\/www.pigrecoemme.com\/blog\/wp-content\/uploads\/2012\/12\/stanley-kubrick-225x300.jpg","type":"","width":"","height":""}],"author":"Giacomo Fabbrocino","twitter_card":"summary_large_image","twitter_creator":"@Pigrecoemme","twitter_site":"@Pigrecoemme","twitter_misc":{"Scritto da":"Giacomo Fabbrocino","Tempo di lettura stimato":"1 minuto"},"schema":{"@context":"https:\/\/schema.org","@graph":[{"@type":["Article","BlogPosting"],"@id":"https:\/\/www.pigrecoemme.com\/blog\/il-cinema-di-kubrick-piu-grande-della-vita-e-il-nostro-docente-di-sceneggiatura-spieghera-perche\/#article","isPartOf":{"@id":"https:\/\/www.pigrecoemme.com\/blog\/il-cinema-di-kubrick-piu-grande-della-vita-e-il-nostro-docente-di-sceneggiatura-spieghera-perche\/"},"author":{"name":"Giacomo Fabbrocino","@id":"https:\/\/www.pigrecoemme.com\/blog\/#\/schema\/person\/57fa822c3d209d3a2612fd0411ae63f4"},"headline":"Il cinema di Kubrick? Pi\u00f9 grande della vita (e il nostro docente di Sceneggiatura spiegher\u00e0 perch\u00e9)","datePublished":"2012-12-19T14:17:54+00:00","dateModified":"2024-03-11T00:59:30+00:00","mainEntityOfPage":{"@id":"https:\/\/www.pigrecoemme.com\/blog\/il-cinema-di-kubrick-piu-grande-della-vita-e-il-nostro-docente-di-sceneggiatura-spieghera-perche\/"},"wordCount":103,"commentCount":0,"publisher":{"@id":"https:\/\/www.pigrecoemme.com\/blog\/#organization"},"image":{"@id":"https:\/\/www.pigrecoemme.com\/blog\/il-cinema-di-kubrick-piu-grande-della-vita-e-il-nostro-docente-di-sceneggiatura-spieghera-perche\/#primaryimage"},"thumbnailUrl":"http:\/\/www.pigrecoemme.com\/blog\/wp-content\/uploads\/2012\/12\/stanley-kubrick-225x300.jpg","keywords":["Armando Andria","Bigger Than Life","Cinema al quadrato","Corrado Morra","corsi di cinema","Francesco Napolitano","Stanley Kubrick"],"articleSection":["Eventi"],"inLanguage":"it-IT","potentialAction":[{"@type":"CommentAction","name":"Comment","target":["https:\/\/www.pigrecoemme.com\/blog\/il-cinema-di-kubrick-piu-grande-della-vita-e-il-nostro-docente-di-sceneggiatura-spieghera-perche\/#respond"]}]},{"@type":"WebPage","@id":"https:\/\/www.pigrecoemme.com\/blog\/il-cinema-di-kubrick-piu-grande-della-vita-e-il-nostro-docente-di-sceneggiatura-spieghera-perche\/","url":"https:\/\/www.pigrecoemme.com\/blog\/il-cinema-di-kubrick-piu-grande-della-vita-e-il-nostro-docente-di-sceneggiatura-spieghera-perche\/","name":"Il cinema di Kubrick? Pi\u00f9 grande della vita (e il nostro docente di Sceneggiatura spiegher\u00e0 perch\u00e9)","isPartOf":{"@id":"https:\/\/www.pigrecoemme.com\/blog\/#website"},"primaryImageOfPage":{"@id":"https:\/\/www.pigrecoemme.com\/blog\/il-cinema-di-kubrick-piu-grande-della-vita-e-il-nostro-docente-di-sceneggiatura-spieghera-perche\/#primaryimage"},"image":{"@id":"https:\/\/www.pigrecoemme.com\/blog\/il-cinema-di-kubrick-piu-grande-della-vita-e-il-nostro-docente-di-sceneggiatura-spieghera-perche\/#primaryimage"},"thumbnailUrl":"http:\/\/www.pigrecoemme.com\/blog\/wp-content\/uploads\/2012\/12\/stanley-kubrick-225x300.jpg","datePublished":"2012-12-19T14:17:54+00:00","dateModified":"2024-03-11T00:59:30+00:00","breadcrumb":{"@id":"https:\/\/www.pigrecoemme.com\/blog\/il-cinema-di-kubrick-piu-grande-della-vita-e-il-nostro-docente-di-sceneggiatura-spieghera-perche\/#breadcrumb"},"inLanguage":"it-IT","potentialAction":[{"@type":"ReadAction","target":["https:\/\/www.pigrecoemme.com\/blog\/il-cinema-di-kubrick-piu-grande-della-vita-e-il-nostro-docente-di-sceneggiatura-spieghera-perche\/"]}]},{"@type":"ImageObject","inLanguage":"it-IT","@id":"https:\/\/www.pigrecoemme.com\/blog\/il-cinema-di-kubrick-piu-grande-della-vita-e-il-nostro-docente-di-sceneggiatura-spieghera-perche\/#primaryimage","url":"http:\/\/www.pigrecoemme.com\/blog\/wp-content\/uploads\/2012\/12\/stanley-kubrick-225x300.jpg","contentUrl":"http:\/\/www.pigrecoemme.com\/blog\/wp-content\/uploads\/2012\/12\/stanley-kubrick-225x300.jpg"},{"@type":"BreadcrumbList","@id":"https:\/\/www.pigrecoemme.com\/blog\/il-cinema-di-kubrick-piu-grande-della-vita-e-il-nostro-docente-di-sceneggiatura-spieghera-perche\/#breadcrumb","itemListElement":[{"@type":"ListItem","position":1,"name":"Home","item":"https:\/\/www.pigrecoemme.com\/blog\/"},{"@type":"ListItem","position":2,"name":"Il cinema di Kubrick? Pi\u00f9 grande della vita (e il nostro docente di Sceneggiatura spiegher\u00e0 perch\u00e9)"}]},{"@type":"WebSite","@id":"https:\/\/www.pigrecoemme.com\/blog\/#website","url":"https:\/\/www.pigrecoemme.com\/blog\/","name":"Scuola di Cinema Pigrecoemme - Blog","description":"Siamo la prima Scuola di Cinema e Fotografia di Napoli","publisher":{"@id":"https:\/\/www.pigrecoemme.com\/blog\/#organization"},"potentialAction":[{"@type":"SearchAction","target":{"@type":"EntryPoint","urlTemplate":"https:\/\/www.pigrecoemme.com\/blog\/?s={search_term_string}"},"query-input":{"@type":"PropertyValueSpecification","valueRequired":true,"valueName":"search_term_string"}}],"inLanguage":"it-IT"},{"@type":"Organization","@id":"https:\/\/www.pigrecoemme.com\/blog\/#organization","name":"Scuola di cinema e fotografia Pigrecoemme","url":"https:\/\/www.pigrecoemme.com\/blog\/","logo":{"@type":"ImageObject","inLanguage":"it-IT","@id":"https:\/\/www.pigrecoemme.com\/blog\/#\/schema\/logo\/image\/","url":"https:\/\/i0.wp.com\/www.pigrecoemme.com\/blog\/wp-content\/uploads\/2018\/06\/logo-pigrecoemme-2018.png?fit=500%2C500&ssl=1","contentUrl":"https:\/\/i0.wp.com\/www.pigrecoemme.com\/blog\/wp-content\/uploads\/2018\/06\/logo-pigrecoemme-2018.png?fit=500%2C500&ssl=1","width":500,"height":500,"caption":"Scuola di cinema e fotografia Pigrecoemme"},"image":{"@id":"https:\/\/www.pigrecoemme.com\/blog\/#\/schema\/logo\/image\/"},"sameAs":["https:\/\/www.facebook.com\/pigrecoemme","https:\/\/x.com\/Pigrecoemme","https:\/\/www.instagram.com\/pigrecoemme\/","https:\/\/www.linkedin.com\/company\/pigrecoemme\/","https:\/\/www.youtube.com\/pigrecoemme"]},{"@type":"Person","@id":"https:\/\/www.pigrecoemme.com\/blog\/#\/schema\/person\/57fa822c3d209d3a2612fd0411ae63f4","name":"Giacomo Fabbrocino","image":{"@type":"ImageObject","inLanguage":"it-IT","@id":"https:\/\/secure.gravatar.com\/avatar\/0e4dfd4d05c06a03fffaffeb36fb181415ba11b91a6b566fa2e8ada75927db32?s=96&r=g","url":"https:\/\/secure.gravatar.com\/avatar\/0e4dfd4d05c06a03fffaffeb36fb181415ba11b91a6b566fa2e8ada75927db32?s=96&r=g","contentUrl":"https:\/\/secure.gravatar.com\/avatar\/0e4dfd4d05c06a03fffaffeb36fb181415ba11b91a6b566fa2e8ada75927db32?s=96&r=g","caption":"Giacomo Fabbrocino"},"description":"Montatore cinematografico, autore di documentari sull'arte e di video d'artista, Giacomo \u00e8 responsabile della didattica e della comunicazione web della Scuola di Cinema, Fotografia e Televisione Pigrecoemme di Napoli.","sameAs":["http:\/\/www.pigrecoemme.com\/","https:\/\/www.facebook.com\/giacomo.fabbrocino"],"url":"https:\/\/www.pigrecoemme.com\/blog\/author\/giacomo-fabbrocino\/"}]}},"jetpack_sharing_enabled":true,"jetpack_likes_enabled":true,"jetpack-related-posts":[{"id":1294,"url":"https:\/\/www.pigrecoemme.com\/blog\/stessa-rabbia-stessa-primavera\/","url_meta":{"origin":591,"position":0},"title":"Stefano Incerti presenta Stessa rabbia, stessa primavera alla Mediateca  Santa Sofia","author":"Corrado Morra","date":"31 Marzo 2015","format":false,"excerpt":"Continua gioved\u00ec 2 aprile con Stessa rabbia, stessa primavera, documentario di rara intensit\u00e0 di Stefano Incerti, la bella rassegna Cinema al quadrato \u2013 Il cinema che si racconta\u00a0della Mediateca Santa Sofia del Comune di Napoli.Il ciclo di proiezioni, a cura di Francesco Napolitano e Armando Andria, giunto alla quinta edizione,\u2026","rel":"","context":"In &quot;Eventi&quot;","block_context":{"text":"Eventi","link":"https:\/\/www.pigrecoemme.com\/blog\/eventi\/"},"img":{"alt_text":"","src":"https:\/\/i0.wp.com\/www.pigrecoemme.com\/blog\/wp-content\/uploads\/2015\/03\/stessa-rabbia.jpg?resize=350%2C200&ssl=1","width":350,"height":200},"classes":[]},{"id":654,"url":"https:\/\/www.pigrecoemme.com\/blog\/le-coccinelle-sceneggiata-transessuale\/","url_meta":{"origin":591,"position":1},"title":"Le Coccinelle &#8211; Sceneggiata Transessuale alla rassegna &#8220;Con gli occhi del cinema&#8221;","author":"Corrado Morra","date":"18 Maggio 2013","format":false,"excerpt":"Continua, con il docu-musical di Emanuela Pirelli \"Le coccinelle - Sceneggiata transessuale\", la rassegna Con gli occhi del cinema, curata dall'associazione Tycho, in collaborazione con la Scuola di Cinema, Televisione e Fotografia Pigrecoemme e la Mediateca Santa Sofia del Comune di Napoli. La proiezione, a ingresso gratuito, si terr\u00e0 marted\u00ec\u2026","rel":"","context":"In &quot;Eventi&quot;","block_context":{"text":"Eventi","link":"https:\/\/www.pigrecoemme.com\/blog\/eventi\/"},"img":{"alt_text":"La locandina del film","src":"https:\/\/i0.wp.com\/www.pigrecoemme.com\/blog\/wp-content\/uploads\/2013\/05\/le-coccinelle-sceneggiata-transessuale-215x300.jpg?resize=350%2C200","width":350,"height":200},"classes":[]},{"id":848,"url":"https:\/\/www.pigrecoemme.com\/blog\/cinema-e-popular-music-alla-pigrecoemme-un-corso-gratuito-in-collaborazone-con-la-ficc\/","url_meta":{"origin":591,"position":2},"title":"Cinema e Popular Music, alla Pigrecoemme un corso gratuito in collaborazone con la FICC","author":"Corrado Morra","date":"12 Settembre 2014","format":false,"excerpt":"Cinema e Popular Music \u00e8 un percorso di studio curato da Vincenzo Esposito e organizzato dalla Scuola di Cinema Pigrecoemme in collaborazione con la FICC - Federazione Italiana dei Circoli del Cinema che parte luned\u00ec 29 settembre 2014. Il corso \u00e8 completamente gratuito ed \u00e8 organizzato in quattro appuntamenti in\u2026","rel":"","context":"In &quot;Eventi&quot;","block_context":{"text":"Eventi","link":"https:\/\/www.pigrecoemme.com\/blog\/eventi\/"},"img":{"alt_text":"","src":"https:\/\/i0.wp.com\/www.pigrecoemme.com\/corsi\/cinema-e-popular-music.gif?resize=350%2C200","width":350,"height":200},"classes":[]},{"id":731,"url":"https:\/\/www.pigrecoemme.com\/blog\/landscapes-of-memory-al-museo-archeologico-e-al-festival-del-cinema-di-roma\/","url_meta":{"origin":591,"position":3},"title":"Landscapes of Memory al Museo Archeologico e poi al Festival del cinema di Roma","author":"Corrado Morra","date":"24 Ottobre 2013","format":false,"excerpt":"Nell'ambito della manifestazione del Ministero dei beni culturali Una notte al museo, sabato 26 ottobre, al Museo Archeologico Nazionale di Napoli (ore 21,00), sar\u00e0 proiettato Landscapes of Memory \/ Paesaggi della Memoria, il video che, con la regia di Giacomo Fabbrocino, ha documentato la complessa installazione che l'artista Christian Leperino\u2026","rel":"","context":"In &quot;Eventi&quot;","block_context":{"text":"Eventi","link":"https:\/\/www.pigrecoemme.com\/blog\/eventi\/"},"img":{"alt_text":"","src":"https:\/\/i0.wp.com\/www.pigrecoemme.com\/blog\/wp-content\/uploads\/2013\/10\/leperino-al-mann-esportato.jpg?resize=350%2C200","width":350,"height":200},"classes":[]},{"id":300,"url":"https:\/\/www.pigrecoemme.com\/blog\/300\/","url_meta":{"origin":591,"position":4},"title":"Radio Punto Nuovo intervista Corrado Morra","author":"Rosario Gallone","date":"15 Novembre 2010","format":false,"excerpt":"Marted\u00ec 16 novembre Radio Punto Nuovo intervista Corrado Morra. Che parler\u00e0 dei nuovi corsi di cinema e di recitazione di Pigrecoemme.","rel":"","context":"In &quot;Eventi&quot;","block_context":{"text":"Eventi","link":"https:\/\/www.pigrecoemme.com\/blog\/eventi\/"},"img":{"alt_text":"","src":"","width":0,"height":0},"classes":[]},{"id":2182,"url":"https:\/\/www.pigrecoemme.com\/blog\/situazione-critica-2-le-forme-dell-acqua-corrado-morra\/","url_meta":{"origin":591,"position":5},"title":"Situazione critica #2: Le forme dell\u2019acqua. Il cinema come desiderio impossibile","author":"Giacomo Fabbrocino","date":"4 Giugno 2018","format":false,"excerpt":"La Scuola di Cinema Pigrecoemme celebra i suoi primi 18 anni con \u201cSituazione critica\u201d: una serie di incontri gratuiti e aperti a tutti sulla critica cinematografica e la promozione della settima arte. Il secondo appuntamento, con Corrado Morra, \u00e8 il 16 giugno 2018. Corrado Morra Il secondo incontro della rassegna\u2026","rel":"","context":"In &quot;Analisi e Critica&quot;","block_context":{"text":"Analisi e Critica","link":"https:\/\/www.pigrecoemme.com\/blog\/analisi-e-critica-2\/"},"img":{"alt_text":"Situazione critica 2","src":"https:\/\/i0.wp.com\/www.pigrecoemme.com\/blog\/wp-content\/uploads\/2018\/06\/situazione-critica-2-1920-1005.jpg?resize=350%2C200&ssl=1","width":350,"height":200,"srcset":"https:\/\/i0.wp.com\/www.pigrecoemme.com\/blog\/wp-content\/uploads\/2018\/06\/situazione-critica-2-1920-1005.jpg?resize=350%2C200&ssl=1 1x, https:\/\/i0.wp.com\/www.pigrecoemme.com\/blog\/wp-content\/uploads\/2018\/06\/situazione-critica-2-1920-1005.jpg?resize=525%2C300&ssl=1 1.5x, https:\/\/i0.wp.com\/www.pigrecoemme.com\/blog\/wp-content\/uploads\/2018\/06\/situazione-critica-2-1920-1005.jpg?resize=700%2C400&ssl=1 2x, https:\/\/i0.wp.com\/www.pigrecoemme.com\/blog\/wp-content\/uploads\/2018\/06\/situazione-critica-2-1920-1005.jpg?resize=1050%2C600&ssl=1 3x, https:\/\/i0.wp.com\/www.pigrecoemme.com\/blog\/wp-content\/uploads\/2018\/06\/situazione-critica-2-1920-1005.jpg?resize=1400%2C800&ssl=1 4x"},"classes":[]}],"jetpack_featured_media_url":"","_links":{"self":[{"href":"https:\/\/www.pigrecoemme.com\/blog\/wp-json\/wp\/v2\/posts\/591","targetHints":{"allow":["GET"]}}],"collection":[{"href":"https:\/\/www.pigrecoemme.com\/blog\/wp-json\/wp\/v2\/posts"}],"about":[{"href":"https:\/\/www.pigrecoemme.com\/blog\/wp-json\/wp\/v2\/types\/post"}],"author":[{"embeddable":true,"href":"https:\/\/www.pigrecoemme.com\/blog\/wp-json\/wp\/v2\/users\/1"}],"replies":[{"embeddable":true,"href":"https:\/\/www.pigrecoemme.com\/blog\/wp-json\/wp\/v2\/comments?post=591"}],"version-history":[{"count":1,"href":"https:\/\/www.pigrecoemme.com\/blog\/wp-json\/wp\/v2\/posts\/591\/revisions"}],"predecessor-version":[{"id":3548,"href":"https:\/\/www.pigrecoemme.com\/blog\/wp-json\/wp\/v2\/posts\/591\/revisions\/3548"}],"wp:attachment":[{"href":"https:\/\/www.pigrecoemme.com\/blog\/wp-json\/wp\/v2\/media?parent=591"}],"wp:term":[{"taxonomy":"category","embeddable":true,"href":"https:\/\/www.pigrecoemme.com\/blog\/wp-json\/wp\/v2\/categories?post=591"},{"taxonomy":"post_tag","embeddable":true,"href":"https:\/\/www.pigrecoemme.com\/blog\/wp-json\/wp\/v2\/tags?post=591"}],"curies":[{"name":"wp","href":"https:\/\/api.w.org\/{rel}","templated":true}]}}