{"id":589,"date":"2012-12-11T17:08:04","date_gmt":"2012-12-11T15:08:04","guid":{"rendered":"http:\/\/www.pigrecoemme.com\/blog\/?p=589"},"modified":"2024-03-10T16:36:02","modified_gmt":"2024-03-10T15:36:02","slug":"una-rassegna-sul-documentario-al-pan-e-i-nuovi-corsi-di-cinema-di-pigrecoemme","status":"publish","type":"post","link":"https:\/\/www.pigrecoemme.com\/blog\/una-rassegna-sul-documentario-al-pan-e-i-nuovi-corsi-di-cinema-di-pigrecoemme\/","title":{"rendered":"Una rassegna sul documentario al PAN e i nuovi corsi di cinema di Pigrecoemme"},"content":{"rendered":"\n<figure class=\"wp-block-image aligncenter size-full\"><a href=\"https:\/\/i0.wp.com\/www.pigrecoemme.com\/blog\/wp-content\/uploads\/2024\/03\/ficc-a-napoli.webp?ssl=1\"><img data-recalc-dims=\"1\" loading=\"lazy\" decoding=\"async\" width=\"505\" height=\"772\" src=\"https:\/\/i0.wp.com\/www.pigrecoemme.com\/blog\/wp-content\/uploads\/2024\/03\/ficc-a-napoli.webp?resize=505%2C772&#038;ssl=1\" alt=\"\" class=\"wp-image-3544\" srcset=\"https:\/\/i0.wp.com\/www.pigrecoemme.com\/blog\/wp-content\/uploads\/2024\/03\/ficc-a-napoli.webp?w=505&amp;ssl=1 505w, https:\/\/i0.wp.com\/www.pigrecoemme.com\/blog\/wp-content\/uploads\/2024\/03\/ficc-a-napoli.webp?resize=196%2C300&amp;ssl=1 196w\" sizes=\"auto, (max-width: 505px) 100vw, 505px\" \/><\/a><\/figure>\n\n\n\n<p class=\"wp-block-paragraph\">Tutto pronto per <a href=\"http:\/\/www.pigrecoemme.com\/corsi.htm\">i nuovi corsi di cinema e fotografia di Pigrecoemme<\/a> che partiranno a gennaio: anche quest&#8217;anno sono previsti sia moduli bimestrali (tra cui i collaudati corsi di <a href=\"http:\/\/www.pigrecoemme.com\/corsi\/corso-regia.htm\">Regia<\/a>, <a href=\"http:\/\/www.pigrecoemme.com\/corsi\/corso-sceneggiatura.htm\">Sceneggiatura <\/a>e <a href=\"http:\/\/www.pigrecoemme.com\/corsi\/corso-montaggio-premiere.htm\">Montaggio<\/a>), sia semestrali, come il <a href=\"http:\/\/www.pigrecoemme.com\/corsi\/scuola-di-cinema.htm#scuola-di-cinema-corso-semestrale\">nuovo corso Filmaker<\/a>, un percorso di <strong>160 ore<\/strong>, che, a un prezzo scontatissimo, affronta tutti gli aspetti tecnici e teorici del cinema, coinvolgendo gli studenti nella produzione finale di un cortometraggio.<br \/>Ma, intanto, la nostra Scuola di cinema \u00e8 impegnata anche nella realizzazione di un importante appuntamento culturale: si chiama <strong>Come eravamo<\/strong>, la rassegna sul <strong>documentario antropologico italiano<\/strong> che la <a href=\"http:\/\/www.ficc.it\">FICC &#8211; Federazione italiana dei circoli del cinema<\/a>, in collaborazione con <strong>Pigrecoemme<\/strong>, organizza dal <strong>14 al 16 dicembre 2012<\/strong>, a <strong>Napoli<\/strong>, presso il <strong>PAN \u2013 Palazzo delle Arti<\/strong> e presso la nostra sede di Piazza Portanova.<br \/>L&#8217;interessante rassegna si colloca all&#8217;interno del <strong>corso di formazione annuale della FICC<\/strong>, la pi\u00f9 longeva associazione di cultura cinematografica in Italia.<br \/>Ospite d\u2019onore dell&#8217;evento &#8211; a cui hanno collaborato anche la <strong>Cineteca sarda<\/strong> e i circoli FICC <strong>Blackout <\/strong>e <strong>Porte Invisibili Media<\/strong> -, sar\u00e0 il regista <strong>Luigi Di Gianni<\/strong>, uno dei maestri del cinema documentario italiano, il cui lavoro, anche grazie a preziose collaborazioni (tra tutte quella col grande <strong>Ernesto De Martino<\/strong>), rappresenta una delle punte di maggiore interesse della ricerca antropologica italiana attraverso il racconto audiovisivo.<br \/>Tra gli appuntamenti da non perdere, vi segnaliamo, <strong>sabato 15 dicembre<\/strong> alle <strong>ore 11,00<\/strong> al <strong>PAN<\/strong>, la proiezione di <strong>Midnight Bingo<\/strong> del regista <strong>Antonio Longo<\/strong>, documentario, prodotto dallo stesso Longo in collaborazione con <strong>la Scuola di cinema Pigrecoemme<\/strong> (dove l&#8217;autore ha studiato Regia), che lo scorso anno si \u00e8 aggiudicato il <a href=\"https:\/\/www.pigrecoemme.com\/blog\/midnight-bingo-e-il-miglior-documentario-autoprodotto-al-napolifilmfestival-2011\/\">premio come migliore autoproduzione al Napoli Film Festival<\/a>.<\/p>\n\n\n\n<p class=\"wp-block-paragraph\">L&#8217;ingresso alle proiezione, cos\u00ec come l&#8217;iscrizione al corso di formazione <strong>sono gratuiti e aperti a tutti<\/strong>, fino a esaurimento posti.<br \/>Di seguito il programma.<\/p>\n\n\n\n<p class=\"wp-block-paragraph\"><strong>Venerd\u00ec 14 dicembre, PAN Palazzo delle Arti di Napoli<\/strong><br \/><strong>Ore 12.00<\/strong> <strong>Iscrizione al corso di formazione FICC<\/strong> (partecipazione gratuita e aperta a tutti).<br \/><strong>Ore 15.30<\/strong> Presentazione del corso. Interventi di <strong>Marco Asunis<\/strong>, <strong>Vincenzo Esposito<\/strong>, <strong>Pasquale Iaccio<\/strong>. Modera <strong>Diego Del Pozzo<\/strong>.<br \/><strong>Ore 16.30<\/strong> Omaggio a <strong>Luigi Di Gianni<\/strong>. Proiezione del documentario \u201cLa Madonna in cielo la \u201cMatre\u201d in terra\u201d (2006, 53\u2019) di Luigi Di Gianni. <strong>Incontro con il regista e dibattito<\/strong>.<br \/><strong>Ore 18.00<\/strong> Proiezione dei documentari di <strong>Vittorio De Seta<\/strong> \u201cLu tempu de li pisci spata\u201d (1954, 11\u2019), \u201cIsole di fuoco\u201d (1954, 11\u2019), \u201cSulfarara\u201d (1956, 10\u2019). Presenta <strong>Francesco Napolitano<\/strong> (<a href=\"http:\/\/www.mediatecasantasofia.it\/\">Mediateca Santa Sofia<\/a> del Comune di Napoli).<br \/><strong>Ore 19.00 <\/strong>\u201c<strong>Florestano Vancini<\/strong> e autori <a href=\"http:\/\/www.fedic.it\/\">Fedic<\/a> alla ricerca della realt\u00e0 umana anni \u201950 e \u201960\u201d, a cura di <strong>Paolo Micalizzi<\/strong>. Proiezioni: \u201cTre canne un soldo\u201d (1954, 10\u2019) di Florestano Vancini; \u201cUomini soli\u201d (1959, 17\u2019) di Florestano Vancini; \u201cUomini del Delta\u201d (1964, 12\u2019) di Medini, Bonetti, Ferretti, Micalizzi (Cineclub Fedic Ferrara); \u201cRoccadoria\u201d (1961, 15\u2019) di Scanu, Fara, Bredo (Cineclub Fedic Sassari).<\/p>\n\n\n\n<p class=\"wp-block-paragraph\"><strong>Sabato 15 dicembre, PAN Palazzo delle Arti di Napoli<\/strong><br \/><strong>Ore 11.00<\/strong> Proiezione del documentario \u201cMidnight Bingo\u201d (2011, 27\u2019) di <strong>Antonio Longo<\/strong>. Incontro con il regista. Presenta <strong>Corrado Morra<\/strong>, presidente della Scuola di cinema Pigrecoemme di Napoli.<br \/><strong>Ore 15.30<\/strong> Proiezione del documentario sul cinema di Luigi Di Gianni \u201cLa malattia dell\u2019arcobaleno\u201d (2006, 48\u2019) di <strong>Simone Del Grosso<\/strong>, prodotto dal Circolo FICC Cinemaedarte e da Logic Film.<br \/><strong>Ore 17.30<\/strong> Presentazione del libro \u201cRapporto confidenziale. Luigi Di Gianni: cinema e vita\u201d. Intervengono l\u2019autore Enzo Lavagnini, Luigi Di Gianni, Pasquale Iaccio, Marco Asunis, Vincenzo Esposito. Modera Diego Del Pozzo.<br \/><strong>Ore 19.00<\/strong> Proiezione dei documentari di <strong>Luigi Di Gianni<\/strong>: \u201cMagia lucana\u201d (1958, 18\u2019); \u201cLa punidura\u201d (1959, 12\u2019); \u201cIl male di San Donato\u201d (1965, 10\u2019); \u201cLa potenza degli spiriti\u201d (1968, 18\u2019); \u201cLa Madonna del Pollino\u201d (1971, 18\u2019). Incontro con il regista e dibattito.<\/p>\n\n\n\n<p class=\"wp-block-paragraph\"><strong>Domenica 16 dicembre, Scuola di cinema Pigrecoemme<\/strong><br \/><strong>Ore 11.00<\/strong> Proiezione del documentario \u201cLa taranta\u201d (1962, 18\u2019) di <strong>Gianfranco Mingozzi<\/strong>. Presenta Paolo Micalizzi.<br \/><strong>Ore 11.30<\/strong> Un bilancio sui tre anni di corsi di formazione della FICC dedicati al documentario. Intervento conclusivo di Vincenzo Esposito.<br \/><strong>Ore 13.30<\/strong> Chiusura dei lavori.<\/p>\n","protected":false},"excerpt":{"rendered":"<p>Tutto pronto per i nuovi corsi di cinema e fotografia di Pigrecoemme che partiranno a gennaio: anche quest&#8217;anno sono previsti sia moduli bimestrali (tra cui i collaudati corsi di Regia, Sceneggiatura e Montaggio), sia&hellip;<\/p>\n","protected":false},"author":1,"featured_media":0,"comment_status":"open","ping_status":"open","sticky":false,"template":"","format":"standard","meta":{"_jetpack_newsletter_access":"","_jetpack_dont_email_post_to_subs":false,"_jetpack_newsletter_tier_id":0,"_jetpack_memberships_contains_paywalled_content":false,"_jetpack_feature_clip_id":0,"_jetpack_memberships_contains_paid_content":false,"footnotes":"","jetpack_post_was_ever_published":false},"categories":[11,1],"tags":[536,757,760,764,227,357,459,382,462,763,761,737,756,755,766,751,752,242,759,538,15,758,753,58,762,765,381,754],"class_list":["post-589","post","type-post","status-publish","format-standard","hentry","category-eventi","category-generale","tag-antonio-longo","tag-autori-fedic","tag-bonetti","tag-bredo","tag-corrado-morra","tag-corsi-di-cinema","tag-corsi-gratuiti","tag-diego-del-pozzo","tag-eventi-a-napoli","tag-fara","tag-ferretti","tag-ficc","tag-florestano-vancini","tag-francesco-napolitano","tag-gianfranco-mingozzi","tag-luigi-di-gianni","tag-marco-asunis","tag-mediateca-santa-sofia","tag-medini","tag-midnight-bingo","tag-pan","tag-paolo-micalizzi","tag-pasquale-iaccio","tag-pigrecoemme","tag-scanu","tag-simone-del-grosso","tag-vincenzo-esposito","tag-vittorio-de-seta"],"yoast_head":"<!-- This site is optimized with the Yoast SEO plugin v28.3 - https:\/\/yoast.com\/product\/yoast-seo-wordpress\/ -->\n<title>Una rassegna sul documentario al PAN e i nuovi corsi di cinema di Pigrecoemme<\/title>\n<meta name=\"robots\" content=\"index, follow, max-snippet:-1, max-image-preview:large, max-video-preview:-1\" \/>\n<link rel=\"canonical\" href=\"https:\/\/www.pigrecoemme.com\/blog\/una-rassegna-sul-documentario-al-pan-e-i-nuovi-corsi-di-cinema-di-pigrecoemme\/\" \/>\n<meta property=\"og:locale\" content=\"it_IT\" \/>\n<meta property=\"og:type\" content=\"article\" \/>\n<meta property=\"og:title\" content=\"Una rassegna sul documentario al PAN e i nuovi corsi di cinema di Pigrecoemme\" \/>\n<meta property=\"og:description\" content=\"Tutto pronto per i nuovi corsi di cinema e fotografia di Pigrecoemme che partiranno a gennaio: anche quest&#8217;anno sono previsti sia moduli bimestrali (tra cui i collaudati corsi di Regia, Sceneggiatura e Montaggio), sia&hellip;\" \/>\n<meta property=\"og:url\" content=\"https:\/\/www.pigrecoemme.com\/blog\/una-rassegna-sul-documentario-al-pan-e-i-nuovi-corsi-di-cinema-di-pigrecoemme\/\" \/>\n<meta property=\"og:site_name\" content=\"Scuola di Cinema Pigrecoemme - Blog\" \/>\n<meta property=\"article:publisher\" content=\"https:\/\/www.facebook.com\/pigrecoemme\" \/>\n<meta property=\"article:author\" content=\"https:\/\/www.facebook.com\/giacomo.fabbrocino\" \/>\n<meta property=\"article:published_time\" content=\"2012-12-11T15:08:04+00:00\" \/>\n<meta property=\"article:modified_time\" content=\"2024-03-10T15:36:02+00:00\" \/>\n<meta property=\"og:image\" content=\"https:\/\/www.pigrecoemme.com\/blog\/wp-content\/uploads\/2012\/12\/ficc-a-napoli.jpg\" \/>\n\t<meta property=\"og:image:width\" content=\"505\" \/>\n\t<meta property=\"og:image:height\" content=\"772\" \/>\n\t<meta property=\"og:image:type\" content=\"image\/jpeg\" \/>\n<meta name=\"author\" content=\"Giacomo Fabbrocino\" \/>\n<meta name=\"twitter:card\" content=\"summary_large_image\" \/>\n<meta name=\"twitter:creator\" content=\"@Pigrecoemme\" \/>\n<meta name=\"twitter:site\" content=\"@Pigrecoemme\" \/>\n<meta name=\"twitter:label1\" content=\"Scritto da\" \/>\n\t<meta name=\"twitter:data1\" content=\"Giacomo Fabbrocino\" \/>\n\t<meta name=\"twitter:label2\" content=\"Tempo di lettura stimato\" \/>\n\t<meta name=\"twitter:data2\" content=\"4 minuti\" \/>\n<script type=\"application\/ld+json\" class=\"yoast-schema-graph\">{\"@context\":\"https:\\\/\\\/schema.org\",\"@graph\":[{\"@type\":[\"Article\",\"BlogPosting\"],\"@id\":\"https:\\\/\\\/www.pigrecoemme.com\\\/blog\\\/una-rassegna-sul-documentario-al-pan-e-i-nuovi-corsi-di-cinema-di-pigrecoemme\\\/#article\",\"isPartOf\":{\"@id\":\"https:\\\/\\\/www.pigrecoemme.com\\\/blog\\\/una-rassegna-sul-documentario-al-pan-e-i-nuovi-corsi-di-cinema-di-pigrecoemme\\\/\"},\"author\":{\"name\":\"Giacomo Fabbrocino\",\"@id\":\"https:\\\/\\\/www.pigrecoemme.com\\\/blog\\\/#\\\/schema\\\/person\\\/57fa822c3d209d3a2612fd0411ae63f4\"},\"headline\":\"Una rassegna sul documentario al PAN e i nuovi corsi di cinema di Pigrecoemme\",\"datePublished\":\"2012-12-11T15:08:04+00:00\",\"dateModified\":\"2024-03-10T15:36:02+00:00\",\"mainEntityOfPage\":{\"@id\":\"https:\\\/\\\/www.pigrecoemme.com\\\/blog\\\/una-rassegna-sul-documentario-al-pan-e-i-nuovi-corsi-di-cinema-di-pigrecoemme\\\/\"},\"wordCount\":620,\"commentCount\":0,\"publisher\":{\"@id\":\"https:\\\/\\\/www.pigrecoemme.com\\\/blog\\\/#organization\"},\"image\":{\"@id\":\"https:\\\/\\\/www.pigrecoemme.com\\\/blog\\\/una-rassegna-sul-documentario-al-pan-e-i-nuovi-corsi-di-cinema-di-pigrecoemme\\\/#primaryimage\"},\"thumbnailUrl\":\"https:\\\/\\\/www.pigrecoemme.com\\\/blog\\\/wp-content\\\/uploads\\\/2024\\\/03\\\/ficc-a-napoli.webp\",\"keywords\":[\"antonio longo\",\"autori Fedic\",\"Bonetti\",\"Bredo\",\"Corrado Morra\",\"corsi di cinema\",\"corsi gratuiti\",\"diego del pozzo\",\"eventi a napoli\",\"Fara\",\"Ferretti\",\"ficc\",\"Florestano Vancini\",\"Francesco Napolitano\",\"Gianfranco Mingozzi\",\"Luigi Di Gianni\",\"Marco Asunis\",\"mediateca santa sofia\",\"Medini\",\"midnight bingo\",\"pan\",\"Paolo Micalizzi\",\"Pasquale Iaccio\",\"pigrecoemme\",\"Scanu\",\"Simone Del Grosso\",\"vincenzo esposito\",\"Vittorio De Seta\"],\"articleSection\":[\"Eventi\",\"Generale\"],\"inLanguage\":\"it-IT\",\"potentialAction\":[{\"@type\":\"CommentAction\",\"name\":\"Comment\",\"target\":[\"https:\\\/\\\/www.pigrecoemme.com\\\/blog\\\/una-rassegna-sul-documentario-al-pan-e-i-nuovi-corsi-di-cinema-di-pigrecoemme\\\/#respond\"]}]},{\"@type\":\"WebPage\",\"@id\":\"https:\\\/\\\/www.pigrecoemme.com\\\/blog\\\/una-rassegna-sul-documentario-al-pan-e-i-nuovi-corsi-di-cinema-di-pigrecoemme\\\/\",\"url\":\"https:\\\/\\\/www.pigrecoemme.com\\\/blog\\\/una-rassegna-sul-documentario-al-pan-e-i-nuovi-corsi-di-cinema-di-pigrecoemme\\\/\",\"name\":\"Una rassegna sul documentario al PAN e i nuovi corsi di cinema di Pigrecoemme\",\"isPartOf\":{\"@id\":\"https:\\\/\\\/www.pigrecoemme.com\\\/blog\\\/#website\"},\"primaryImageOfPage\":{\"@id\":\"https:\\\/\\\/www.pigrecoemme.com\\\/blog\\\/una-rassegna-sul-documentario-al-pan-e-i-nuovi-corsi-di-cinema-di-pigrecoemme\\\/#primaryimage\"},\"image\":{\"@id\":\"https:\\\/\\\/www.pigrecoemme.com\\\/blog\\\/una-rassegna-sul-documentario-al-pan-e-i-nuovi-corsi-di-cinema-di-pigrecoemme\\\/#primaryimage\"},\"thumbnailUrl\":\"https:\\\/\\\/www.pigrecoemme.com\\\/blog\\\/wp-content\\\/uploads\\\/2024\\\/03\\\/ficc-a-napoli.webp\",\"datePublished\":\"2012-12-11T15:08:04+00:00\",\"dateModified\":\"2024-03-10T15:36:02+00:00\",\"breadcrumb\":{\"@id\":\"https:\\\/\\\/www.pigrecoemme.com\\\/blog\\\/una-rassegna-sul-documentario-al-pan-e-i-nuovi-corsi-di-cinema-di-pigrecoemme\\\/#breadcrumb\"},\"inLanguage\":\"it-IT\",\"potentialAction\":[{\"@type\":\"ReadAction\",\"target\":[\"https:\\\/\\\/www.pigrecoemme.com\\\/blog\\\/una-rassegna-sul-documentario-al-pan-e-i-nuovi-corsi-di-cinema-di-pigrecoemme\\\/\"]}]},{\"@type\":\"ImageObject\",\"inLanguage\":\"it-IT\",\"@id\":\"https:\\\/\\\/www.pigrecoemme.com\\\/blog\\\/una-rassegna-sul-documentario-al-pan-e-i-nuovi-corsi-di-cinema-di-pigrecoemme\\\/#primaryimage\",\"url\":\"https:\\\/\\\/i0.wp.com\\\/www.pigrecoemme.com\\\/blog\\\/wp-content\\\/uploads\\\/2024\\\/03\\\/ficc-a-napoli.webp?fit=505%2C772&ssl=1\",\"contentUrl\":\"https:\\\/\\\/i0.wp.com\\\/www.pigrecoemme.com\\\/blog\\\/wp-content\\\/uploads\\\/2024\\\/03\\\/ficc-a-napoli.webp?fit=505%2C772&ssl=1\",\"width\":505,\"height\":772},{\"@type\":\"BreadcrumbList\",\"@id\":\"https:\\\/\\\/www.pigrecoemme.com\\\/blog\\\/una-rassegna-sul-documentario-al-pan-e-i-nuovi-corsi-di-cinema-di-pigrecoemme\\\/#breadcrumb\",\"itemListElement\":[{\"@type\":\"ListItem\",\"position\":1,\"name\":\"Home\",\"item\":\"https:\\\/\\\/www.pigrecoemme.com\\\/blog\\\/\"},{\"@type\":\"ListItem\",\"position\":2,\"name\":\"Una rassegna sul documentario al PAN e i nuovi corsi di cinema di Pigrecoemme\"}]},{\"@type\":\"WebSite\",\"@id\":\"https:\\\/\\\/www.pigrecoemme.com\\\/blog\\\/#website\",\"url\":\"https:\\\/\\\/www.pigrecoemme.com\\\/blog\\\/\",\"name\":\"Scuola di Cinema Pigrecoemme - Blog\",\"description\":\"Siamo la prima Scuola di Cinema e Fotografia di Napoli\",\"publisher\":{\"@id\":\"https:\\\/\\\/www.pigrecoemme.com\\\/blog\\\/#organization\"},\"potentialAction\":[{\"@type\":\"SearchAction\",\"target\":{\"@type\":\"EntryPoint\",\"urlTemplate\":\"https:\\\/\\\/www.pigrecoemme.com\\\/blog\\\/?s={search_term_string}\"},\"query-input\":{\"@type\":\"PropertyValueSpecification\",\"valueRequired\":true,\"valueName\":\"search_term_string\"}}],\"inLanguage\":\"it-IT\"},{\"@type\":\"Organization\",\"@id\":\"https:\\\/\\\/www.pigrecoemme.com\\\/blog\\\/#organization\",\"name\":\"Scuola di cinema e fotografia Pigrecoemme\",\"url\":\"https:\\\/\\\/www.pigrecoemme.com\\\/blog\\\/\",\"logo\":{\"@type\":\"ImageObject\",\"inLanguage\":\"it-IT\",\"@id\":\"https:\\\/\\\/www.pigrecoemme.com\\\/blog\\\/#\\\/schema\\\/logo\\\/image\\\/\",\"url\":\"https:\\\/\\\/i0.wp.com\\\/www.pigrecoemme.com\\\/blog\\\/wp-content\\\/uploads\\\/2018\\\/06\\\/logo-pigrecoemme-2018.png?fit=500%2C500&ssl=1\",\"contentUrl\":\"https:\\\/\\\/i0.wp.com\\\/www.pigrecoemme.com\\\/blog\\\/wp-content\\\/uploads\\\/2018\\\/06\\\/logo-pigrecoemme-2018.png?fit=500%2C500&ssl=1\",\"width\":500,\"height\":500,\"caption\":\"Scuola di cinema e fotografia Pigrecoemme\"},\"image\":{\"@id\":\"https:\\\/\\\/www.pigrecoemme.com\\\/blog\\\/#\\\/schema\\\/logo\\\/image\\\/\"},\"sameAs\":[\"https:\\\/\\\/www.facebook.com\\\/pigrecoemme\",\"https:\\\/\\\/x.com\\\/Pigrecoemme\",\"https:\\\/\\\/www.instagram.com\\\/pigrecoemme\\\/\",\"https:\\\/\\\/www.linkedin.com\\\/company\\\/pigrecoemme\\\/\",\"https:\\\/\\\/www.youtube.com\\\/pigrecoemme\"]},{\"@type\":\"Person\",\"@id\":\"https:\\\/\\\/www.pigrecoemme.com\\\/blog\\\/#\\\/schema\\\/person\\\/57fa822c3d209d3a2612fd0411ae63f4\",\"name\":\"Giacomo Fabbrocino\",\"image\":{\"@type\":\"ImageObject\",\"inLanguage\":\"it-IT\",\"@id\":\"https:\\\/\\\/secure.gravatar.com\\\/avatar\\\/0e4dfd4d05c06a03fffaffeb36fb181415ba11b91a6b566fa2e8ada75927db32?s=96&r=g\",\"url\":\"https:\\\/\\\/secure.gravatar.com\\\/avatar\\\/0e4dfd4d05c06a03fffaffeb36fb181415ba11b91a6b566fa2e8ada75927db32?s=96&r=g\",\"contentUrl\":\"https:\\\/\\\/secure.gravatar.com\\\/avatar\\\/0e4dfd4d05c06a03fffaffeb36fb181415ba11b91a6b566fa2e8ada75927db32?s=96&r=g\",\"caption\":\"Giacomo Fabbrocino\"},\"description\":\"Montatore cinematografico, autore di documentari sull'arte e di video d'artista, Giacomo \u00e8 responsabile della didattica e della comunicazione web della Scuola di Cinema, Fotografia e Televisione Pigrecoemme di Napoli.\",\"sameAs\":[\"http:\\\/\\\/www.pigrecoemme.com\\\/\",\"https:\\\/\\\/www.facebook.com\\\/giacomo.fabbrocino\"],\"url\":\"https:\\\/\\\/www.pigrecoemme.com\\\/blog\\\/author\\\/giacomo-fabbrocino\\\/\"}]}<\/script>\n<!-- \/ Yoast SEO plugin. -->","yoast_head_json":{"title":"Una rassegna sul documentario al PAN e i nuovi corsi di cinema di Pigrecoemme","robots":{"index":"index","follow":"follow","max-snippet":"max-snippet:-1","max-image-preview":"max-image-preview:large","max-video-preview":"max-video-preview:-1"},"canonical":"https:\/\/www.pigrecoemme.com\/blog\/una-rassegna-sul-documentario-al-pan-e-i-nuovi-corsi-di-cinema-di-pigrecoemme\/","og_locale":"it_IT","og_type":"article","og_title":"Una rassegna sul documentario al PAN e i nuovi corsi di cinema di Pigrecoemme","og_description":"Tutto pronto per i nuovi corsi di cinema e fotografia di Pigrecoemme che partiranno a gennaio: anche quest&#8217;anno sono previsti sia moduli bimestrali (tra cui i collaudati corsi di Regia, Sceneggiatura e Montaggio), sia&hellip;","og_url":"https:\/\/www.pigrecoemme.com\/blog\/una-rassegna-sul-documentario-al-pan-e-i-nuovi-corsi-di-cinema-di-pigrecoemme\/","og_site_name":"Scuola di Cinema Pigrecoemme - Blog","article_publisher":"https:\/\/www.facebook.com\/pigrecoemme","article_author":"https:\/\/www.facebook.com\/giacomo.fabbrocino","article_published_time":"2012-12-11T15:08:04+00:00","article_modified_time":"2024-03-10T15:36:02+00:00","og_image":[{"width":505,"height":772,"url":"https:\/\/www.pigrecoemme.com\/blog\/wp-content\/uploads\/2012\/12\/ficc-a-napoli.jpg","type":"image\/jpeg"}],"author":"Giacomo Fabbrocino","twitter_card":"summary_large_image","twitter_creator":"@Pigrecoemme","twitter_site":"@Pigrecoemme","twitter_misc":{"Scritto da":"Giacomo Fabbrocino","Tempo di lettura stimato":"4 minuti"},"schema":{"@context":"https:\/\/schema.org","@graph":[{"@type":["Article","BlogPosting"],"@id":"https:\/\/www.pigrecoemme.com\/blog\/una-rassegna-sul-documentario-al-pan-e-i-nuovi-corsi-di-cinema-di-pigrecoemme\/#article","isPartOf":{"@id":"https:\/\/www.pigrecoemme.com\/blog\/una-rassegna-sul-documentario-al-pan-e-i-nuovi-corsi-di-cinema-di-pigrecoemme\/"},"author":{"name":"Giacomo Fabbrocino","@id":"https:\/\/www.pigrecoemme.com\/blog\/#\/schema\/person\/57fa822c3d209d3a2612fd0411ae63f4"},"headline":"Una rassegna sul documentario al PAN e i nuovi corsi di cinema di Pigrecoemme","datePublished":"2012-12-11T15:08:04+00:00","dateModified":"2024-03-10T15:36:02+00:00","mainEntityOfPage":{"@id":"https:\/\/www.pigrecoemme.com\/blog\/una-rassegna-sul-documentario-al-pan-e-i-nuovi-corsi-di-cinema-di-pigrecoemme\/"},"wordCount":620,"commentCount":0,"publisher":{"@id":"https:\/\/www.pigrecoemme.com\/blog\/#organization"},"image":{"@id":"https:\/\/www.pigrecoemme.com\/blog\/una-rassegna-sul-documentario-al-pan-e-i-nuovi-corsi-di-cinema-di-pigrecoemme\/#primaryimage"},"thumbnailUrl":"https:\/\/www.pigrecoemme.com\/blog\/wp-content\/uploads\/2024\/03\/ficc-a-napoli.webp","keywords":["antonio longo","autori Fedic","Bonetti","Bredo","Corrado Morra","corsi di cinema","corsi gratuiti","diego del pozzo","eventi a napoli","Fara","Ferretti","ficc","Florestano Vancini","Francesco Napolitano","Gianfranco Mingozzi","Luigi Di Gianni","Marco Asunis","mediateca santa sofia","Medini","midnight bingo","pan","Paolo Micalizzi","Pasquale Iaccio","pigrecoemme","Scanu","Simone Del Grosso","vincenzo esposito","Vittorio De Seta"],"articleSection":["Eventi","Generale"],"inLanguage":"it-IT","potentialAction":[{"@type":"CommentAction","name":"Comment","target":["https:\/\/www.pigrecoemme.com\/blog\/una-rassegna-sul-documentario-al-pan-e-i-nuovi-corsi-di-cinema-di-pigrecoemme\/#respond"]}]},{"@type":"WebPage","@id":"https:\/\/www.pigrecoemme.com\/blog\/una-rassegna-sul-documentario-al-pan-e-i-nuovi-corsi-di-cinema-di-pigrecoemme\/","url":"https:\/\/www.pigrecoemme.com\/blog\/una-rassegna-sul-documentario-al-pan-e-i-nuovi-corsi-di-cinema-di-pigrecoemme\/","name":"Una rassegna sul documentario al PAN e i nuovi corsi di cinema di Pigrecoemme","isPartOf":{"@id":"https:\/\/www.pigrecoemme.com\/blog\/#website"},"primaryImageOfPage":{"@id":"https:\/\/www.pigrecoemme.com\/blog\/una-rassegna-sul-documentario-al-pan-e-i-nuovi-corsi-di-cinema-di-pigrecoemme\/#primaryimage"},"image":{"@id":"https:\/\/www.pigrecoemme.com\/blog\/una-rassegna-sul-documentario-al-pan-e-i-nuovi-corsi-di-cinema-di-pigrecoemme\/#primaryimage"},"thumbnailUrl":"https:\/\/www.pigrecoemme.com\/blog\/wp-content\/uploads\/2024\/03\/ficc-a-napoli.webp","datePublished":"2012-12-11T15:08:04+00:00","dateModified":"2024-03-10T15:36:02+00:00","breadcrumb":{"@id":"https:\/\/www.pigrecoemme.com\/blog\/una-rassegna-sul-documentario-al-pan-e-i-nuovi-corsi-di-cinema-di-pigrecoemme\/#breadcrumb"},"inLanguage":"it-IT","potentialAction":[{"@type":"ReadAction","target":["https:\/\/www.pigrecoemme.com\/blog\/una-rassegna-sul-documentario-al-pan-e-i-nuovi-corsi-di-cinema-di-pigrecoemme\/"]}]},{"@type":"ImageObject","inLanguage":"it-IT","@id":"https:\/\/www.pigrecoemme.com\/blog\/una-rassegna-sul-documentario-al-pan-e-i-nuovi-corsi-di-cinema-di-pigrecoemme\/#primaryimage","url":"https:\/\/i0.wp.com\/www.pigrecoemme.com\/blog\/wp-content\/uploads\/2024\/03\/ficc-a-napoli.webp?fit=505%2C772&ssl=1","contentUrl":"https:\/\/i0.wp.com\/www.pigrecoemme.com\/blog\/wp-content\/uploads\/2024\/03\/ficc-a-napoli.webp?fit=505%2C772&ssl=1","width":505,"height":772},{"@type":"BreadcrumbList","@id":"https:\/\/www.pigrecoemme.com\/blog\/una-rassegna-sul-documentario-al-pan-e-i-nuovi-corsi-di-cinema-di-pigrecoemme\/#breadcrumb","itemListElement":[{"@type":"ListItem","position":1,"name":"Home","item":"https:\/\/www.pigrecoemme.com\/blog\/"},{"@type":"ListItem","position":2,"name":"Una rassegna sul documentario al PAN e i nuovi corsi di cinema di Pigrecoemme"}]},{"@type":"WebSite","@id":"https:\/\/www.pigrecoemme.com\/blog\/#website","url":"https:\/\/www.pigrecoemme.com\/blog\/","name":"Scuola di Cinema Pigrecoemme - Blog","description":"Siamo la prima Scuola di Cinema e Fotografia di Napoli","publisher":{"@id":"https:\/\/www.pigrecoemme.com\/blog\/#organization"},"potentialAction":[{"@type":"SearchAction","target":{"@type":"EntryPoint","urlTemplate":"https:\/\/www.pigrecoemme.com\/blog\/?s={search_term_string}"},"query-input":{"@type":"PropertyValueSpecification","valueRequired":true,"valueName":"search_term_string"}}],"inLanguage":"it-IT"},{"@type":"Organization","@id":"https:\/\/www.pigrecoemme.com\/blog\/#organization","name":"Scuola di cinema e fotografia Pigrecoemme","url":"https:\/\/www.pigrecoemme.com\/blog\/","logo":{"@type":"ImageObject","inLanguage":"it-IT","@id":"https:\/\/www.pigrecoemme.com\/blog\/#\/schema\/logo\/image\/","url":"https:\/\/i0.wp.com\/www.pigrecoemme.com\/blog\/wp-content\/uploads\/2018\/06\/logo-pigrecoemme-2018.png?fit=500%2C500&ssl=1","contentUrl":"https:\/\/i0.wp.com\/www.pigrecoemme.com\/blog\/wp-content\/uploads\/2018\/06\/logo-pigrecoemme-2018.png?fit=500%2C500&ssl=1","width":500,"height":500,"caption":"Scuola di cinema e fotografia Pigrecoemme"},"image":{"@id":"https:\/\/www.pigrecoemme.com\/blog\/#\/schema\/logo\/image\/"},"sameAs":["https:\/\/www.facebook.com\/pigrecoemme","https:\/\/x.com\/Pigrecoemme","https:\/\/www.instagram.com\/pigrecoemme\/","https:\/\/www.linkedin.com\/company\/pigrecoemme\/","https:\/\/www.youtube.com\/pigrecoemme"]},{"@type":"Person","@id":"https:\/\/www.pigrecoemme.com\/blog\/#\/schema\/person\/57fa822c3d209d3a2612fd0411ae63f4","name":"Giacomo Fabbrocino","image":{"@type":"ImageObject","inLanguage":"it-IT","@id":"https:\/\/secure.gravatar.com\/avatar\/0e4dfd4d05c06a03fffaffeb36fb181415ba11b91a6b566fa2e8ada75927db32?s=96&r=g","url":"https:\/\/secure.gravatar.com\/avatar\/0e4dfd4d05c06a03fffaffeb36fb181415ba11b91a6b566fa2e8ada75927db32?s=96&r=g","contentUrl":"https:\/\/secure.gravatar.com\/avatar\/0e4dfd4d05c06a03fffaffeb36fb181415ba11b91a6b566fa2e8ada75927db32?s=96&r=g","caption":"Giacomo Fabbrocino"},"description":"Montatore cinematografico, autore di documentari sull'arte e di video d'artista, Giacomo \u00e8 responsabile della didattica e della comunicazione web della Scuola di Cinema, Fotografia e Televisione Pigrecoemme di Napoli.","sameAs":["http:\/\/www.pigrecoemme.com\/","https:\/\/www.facebook.com\/giacomo.fabbrocino"],"url":"https:\/\/www.pigrecoemme.com\/blog\/author\/giacomo-fabbrocino\/"}]}},"jetpack_sharing_enabled":true,"jetpack_likes_enabled":true,"jetpack-related-posts":[{"id":294,"url":"https:\/\/www.pigrecoemme.com\/blog\/pigrecoemme-su-radio-club-91\/","url_meta":{"origin":589,"position":0},"title":"Pigrecoemme su Radio Club 91","author":"Rosario Gallone","date":"8 Novembre 2010","format":false,"excerpt":"Radio club 91 intervista Corrado Morra, docente di Sceneggiatura della Scuola di cinema Pigrecoemme.","rel":"","context":"In &quot;Eventi&quot;","block_context":{"text":"Eventi","link":"https:\/\/www.pigrecoemme.com\/blog\/eventi\/"},"img":{"alt_text":"","src":"","width":0,"height":0},"classes":[]},{"id":1130,"url":"https:\/\/www.pigrecoemme.com\/blog\/i-nuovi-corsi-gennaio-2015\/","url_meta":{"origin":589,"position":1},"title":"Ricominciano i corsi della Pigrecoemme. Con una trasferta in Basilicata!","author":"Corrado Morra","date":"8 Gennaio 2015","format":false,"excerpt":"Ripartono venerd\u00ec 16 gennaio con la prima lezione del modulo A del corso di fotografia le attivit\u00e0 didattiche della Scuola Pigrecoemme di Napoli. Luned\u00ec 26 gennaio sar\u00e0 poi la volta del primo appuntamento del corso di sceneggiatura e di quello chiamato \u00a0\"Filmmaker\", ossia il corso semestrale che anche quest'anno si\u2026","rel":"","context":"In &quot;Generale&quot;","block_context":{"text":"Generale","link":"https:\/\/www.pigrecoemme.com\/blog\/generale\/"},"img":{"alt_text":"I corsi di cinema, televisione e fotografia di gennaio 2015 alla Pigrecoemme","src":"https:\/\/i0.wp.com\/www.pigrecoemme.com\/blog\/wp-content\/uploads\/2015\/01\/corsi-cinema-fotografia-napoli-2015.jpg?resize=350%2C200&ssl=1","width":350,"height":200},"classes":[]},{"id":300,"url":"https:\/\/www.pigrecoemme.com\/blog\/300\/","url_meta":{"origin":589,"position":2},"title":"Radio Punto Nuovo intervista Corrado Morra","author":"Rosario Gallone","date":"15 Novembre 2010","format":false,"excerpt":"Marted\u00ec 16 novembre Radio Punto Nuovo intervista Corrado Morra. Che parler\u00e0 dei nuovi corsi di cinema e di recitazione di Pigrecoemme.","rel":"","context":"In &quot;Eventi&quot;","block_context":{"text":"Eventi","link":"https:\/\/www.pigrecoemme.com\/blog\/eventi\/"},"img":{"alt_text":"","src":"","width":0,"height":0},"classes":[]},{"id":348,"url":"https:\/\/www.pigrecoemme.com\/blog\/la-palla-a-due-punte-al-youngabout-ed-i-nuovi-corsi-di-pigrecoemme\/","url_meta":{"origin":589,"position":3},"title":"La palla a due punte al YoungAbout ed i nuovi corsi di Pigrecoemme.","author":"Rosario Gallone","date":"11 Marzo 2011","format":false,"excerpt":"Il documentario\u00a0La palla a due punte ha ricevuto una lusinghiera attestazione di stima dall'organizzazione del YoungAbout - Festival internazionale Giovani e cinema, giunto alla sua quinta edizione. Il mediometraggio diretto dal nostro ex allievo\u00a0Gaetano Massa e coprodotto da\u00a0Pigrecoemme, oltre ad essere selezionato nella sezione mediometraggi,\u00a0 \u00e8 stato scelto anche per\u2026","rel":"","context":"In &quot;Produzioni&quot;","block_context":{"text":"Produzioni","link":"https:\/\/www.pigrecoemme.com\/blog\/produzioni\/"},"img":{"alt_text":"","src":"https:\/\/i0.wp.com\/www.pigrecoemme.com\/blog\/wp-content\/uploads\/2011\/03\/banner_youngabout_20111.jpg?resize=350%2C200","width":350,"height":200},"classes":[]},{"id":2896,"url":"https:\/\/www.pigrecoemme.com\/blog\/tornano-i-corsi-online-di-montaggio-e-di-sceneggiatura\/","url_meta":{"origin":589,"position":4},"title":"Tornano i corsi online di Montaggio e di Sceneggiatura","author":"Pigrecoemme","date":"20 Ottobre 2020","format":false,"excerpt":"Costretti dall'ordinanza n\u00b0 80 del 16 ottobre 2020 non possiamo svolgere i nostri regolari corsi in presenza, di conseguenza abbiamo deciso di aprire anche a nuovi utenti le classi online di Sceneggiatura e di Montaggio.\u00a0\u00a0 Come sempre i nostri corsi online non sono video pre-registati, ma vere classi virtuali, in\u2026","rel":"","context":"In &quot;Eventi&quot;","block_context":{"text":"Eventi","link":"https:\/\/www.pigrecoemme.com\/blog\/eventi\/"},"img":{"alt_text":"corsi online sceneggiatura montaggio","src":"https:\/\/i0.wp.com\/www.pigrecoemme.com\/blog\/wp-content\/uploads\/2020\/10\/corsi-online-sceneggiatura-montaggio.jpg?resize=350%2C200&ssl=1","width":350,"height":200,"srcset":"https:\/\/i0.wp.com\/www.pigrecoemme.com\/blog\/wp-content\/uploads\/2020\/10\/corsi-online-sceneggiatura-montaggio.jpg?resize=350%2C200&ssl=1 1x, https:\/\/i0.wp.com\/www.pigrecoemme.com\/blog\/wp-content\/uploads\/2020\/10\/corsi-online-sceneggiatura-montaggio.jpg?resize=525%2C300&ssl=1 1.5x, https:\/\/i0.wp.com\/www.pigrecoemme.com\/blog\/wp-content\/uploads\/2020\/10\/corsi-online-sceneggiatura-montaggio.jpg?resize=700%2C400&ssl=1 2x, https:\/\/i0.wp.com\/www.pigrecoemme.com\/blog\/wp-content\/uploads\/2020\/10\/corsi-online-sceneggiatura-montaggio.jpg?resize=1050%2C600&ssl=1 3x, https:\/\/i0.wp.com\/www.pigrecoemme.com\/blog\/wp-content\/uploads\/2020\/10\/corsi-online-sceneggiatura-montaggio.jpg?resize=1400%2C800&ssl=1 4x"},"classes":[]},{"id":3986,"url":"https:\/\/www.pigrecoemme.com\/blog\/montaggio-critica-e-scenografia-i-corsi-in-partenza-ad-aprile\/","url_meta":{"origin":589,"position":5},"title":"Montaggio, critica e scenografia. I corsi in partenza ad aprile","author":"Pigrecoemme","date":"23 Marzo 2026","format":false,"excerpt":"Tre nuovi percorsi in partenza alla Pigrecoemme per chi vuole approfondire il cinema da prospettive diverse ma complementari: il lavoro tecnico sul montaggio, lo sguardo analitico della critica cinematografica e la costruzione visiva dello spazio scenico. Tre corsi pensati per formare competenze concrete, strumenti di lettura e sensibilit\u00e0 progettuale, tra\u2026","rel":"","context":"In &quot;Generale&quot;","block_context":{"text":"Generale","link":"https:\/\/www.pigrecoemme.com\/blog\/generale\/"},"img":{"alt_text":"corsi aprile","src":"https:\/\/i0.wp.com\/www.pigrecoemme.com\/blog\/wp-content\/uploads\/2026\/03\/corsi-aprile.jpg?resize=350%2C200&ssl=1","width":350,"height":200,"srcset":"https:\/\/i0.wp.com\/www.pigrecoemme.com\/blog\/wp-content\/uploads\/2026\/03\/corsi-aprile.jpg?resize=350%2C200&ssl=1 1x, https:\/\/i0.wp.com\/www.pigrecoemme.com\/blog\/wp-content\/uploads\/2026\/03\/corsi-aprile.jpg?resize=525%2C300&ssl=1 1.5x, https:\/\/i0.wp.com\/www.pigrecoemme.com\/blog\/wp-content\/uploads\/2026\/03\/corsi-aprile.jpg?resize=700%2C400&ssl=1 2x, https:\/\/i0.wp.com\/www.pigrecoemme.com\/blog\/wp-content\/uploads\/2026\/03\/corsi-aprile.jpg?resize=1050%2C600&ssl=1 3x, https:\/\/i0.wp.com\/www.pigrecoemme.com\/blog\/wp-content\/uploads\/2026\/03\/corsi-aprile.jpg?resize=1400%2C800&ssl=1 4x"},"classes":[]}],"jetpack_featured_media_url":"","_links":{"self":[{"href":"https:\/\/www.pigrecoemme.com\/blog\/wp-json\/wp\/v2\/posts\/589","targetHints":{"allow":["GET"]}}],"collection":[{"href":"https:\/\/www.pigrecoemme.com\/blog\/wp-json\/wp\/v2\/posts"}],"about":[{"href":"https:\/\/www.pigrecoemme.com\/blog\/wp-json\/wp\/v2\/types\/post"}],"author":[{"embeddable":true,"href":"https:\/\/www.pigrecoemme.com\/blog\/wp-json\/wp\/v2\/users\/1"}],"replies":[{"embeddable":true,"href":"https:\/\/www.pigrecoemme.com\/blog\/wp-json\/wp\/v2\/comments?post=589"}],"version-history":[{"count":3,"href":"https:\/\/www.pigrecoemme.com\/blog\/wp-json\/wp\/v2\/posts\/589\/revisions"}],"predecessor-version":[{"id":3545,"href":"https:\/\/www.pigrecoemme.com\/blog\/wp-json\/wp\/v2\/posts\/589\/revisions\/3545"}],"wp:attachment":[{"href":"https:\/\/www.pigrecoemme.com\/blog\/wp-json\/wp\/v2\/media?parent=589"}],"wp:term":[{"taxonomy":"category","embeddable":true,"href":"https:\/\/www.pigrecoemme.com\/blog\/wp-json\/wp\/v2\/categories?post=589"},{"taxonomy":"post_tag","embeddable":true,"href":"https:\/\/www.pigrecoemme.com\/blog\/wp-json\/wp\/v2\/tags?post=589"}],"curies":[{"name":"wp","href":"https:\/\/api.w.org\/{rel}","templated":true}]}}