{"id":579,"date":"2012-11-13T15:21:27","date_gmt":"2012-11-13T13:21:27","guid":{"rendered":"http:\/\/www.pigrecoemme.com\/blog\/?p=579"},"modified":"2012-11-24T12:54:30","modified_gmt":"2012-11-24T10:54:30","slug":"convenzione-con-il-teatro-sancarluccio","status":"publish","type":"post","link":"https:\/\/www.pigrecoemme.com\/blog\/convenzione-con-il-teatro-sancarluccio\/","title":{"rendered":"Convenzione con il teatro Sancarluccio"},"content":{"rendered":"<p><a href=\"https:\/\/i0.wp.com\/www.pigrecoemme.com\/blog\/wp-content\/uploads\/2012\/11\/sancarluccio.jpg?ssl=1\"><img data-recalc-dims=\"1\" loading=\"lazy\" decoding=\"async\" class=\"alignleft size-thumbnail wp-image-580\" title=\"sancarluccio\" src=\"https:\/\/i0.wp.com\/www.pigrecoemme.com\/blog\/wp-content\/uploads\/2012\/11\/sancarluccio.jpg?resize=150%2C150&#038;ssl=1\" alt=\"\" width=\"150\" height=\"150\" srcset=\"https:\/\/i0.wp.com\/www.pigrecoemme.com\/blog\/wp-content\/uploads\/2012\/11\/sancarluccio.jpg?resize=150%2C150&amp;ssl=1 150w, https:\/\/i0.wp.com\/www.pigrecoemme.com\/blog\/wp-content\/uploads\/\/var\/www\/vhosts\/pigrecoemme.com\/httpdocs\/blog\/wp-content\/uploads\/2012\/11\/sancarluccio.jpg?zoom=2&amp;resize=150%2C150&amp;ssl=1 300w\" sizes=\"auto, (max-width: 150px) 100vw, 150px\" \/><\/a>Un&#8217;altra allettante convenzione tra la <a href=\"http:\/\/www.pigrecoemme.com\/\">Scuola di cinema Pigrecoemme <\/a>e un importante teatro cittadino. Dopo gli accordi con la <a href=\"https:\/\/www.pigrecoemme.com\/blog\/convenzione-con-la-galleria-toledo\/\">Galleria Toledo<\/a>, il T<a href=\"https:\/\/www.pigrecoemme.com\/blog\/isa-danieli-ed-enzo-moscato-con-lo-sconto-per-i-tesserati-pigrecoemme\/\">eatro Nuovo<\/a> e il <a href=\"https:\/\/www.pigrecoemme.com\/blog\/convenzione-con-il-teatro-mercadante\/\">Teatro Stabile di Napoli<\/a>, i nostri tesserati avranno diritto ad un prezzo di favore anche per gli spettacoli della stagione 2012\/2013 del Teatro Sancarluccio.<\/p>\n<p><span>Per tutti gli iscritti ai corsi e i possessori della tessera della Pigrecoemme ingresso a \u20ac8.<\/span><\/p>\n<p><span><br \/>\n<strong> Info sulla programmazione:<\/strong> <\/span><a rel=\"nofollow nofollow\" href=\"http:\/\/www.teatrosancarluccio.com\/\" target=\"_blank\">http:\/\/www.teatrosancarluccio.com\/<\/a><\/p>\n","protected":false},"excerpt":{"rendered":"<p>Un&#8217;altra allettante convenzione tra la Scuola di cinema Pigrecoemme e un importante teatro cittadino. Dopo gli accordi con la Galleria Toledo, il Teatro Nuovo e il Teatro Stabile di Napoli, i nostri tesserati avranno&hellip;<\/p>\n","protected":false},"author":1,"featured_media":0,"comment_status":"open","ping_status":"open","sticky":false,"template":"","format":"standard","meta":{"_jetpack_newsletter_access":"","_jetpack_dont_email_post_to_subs":false,"_jetpack_newsletter_tier_id":0,"_jetpack_memberships_contains_paywalled_content":false,"_jetpack_feature_clip_id":0,"_jetpack_memberships_contains_paid_content":false,"footnotes":"","jetpack_post_was_ever_published":false},"categories":[738,1,731],"tags":[1285,747,66],"class_list":["post-579","post","type-post","status-publish","format-standard","hentry","category-convenzioni","category-generale","category-segnalazioni","tag-convenzioni","tag-sancarluccio","tag-teatro"],"yoast_head":"<!-- This site is optimized with the Yoast SEO plugin v28.4 - https:\/\/yoast.com\/product\/yoast-seo-wordpress\/ -->\n<title>Convenzione con il teatro Sancarluccio<\/title>\n<meta name=\"robots\" content=\"index, follow, max-snippet:-1, max-image-preview:large, max-video-preview:-1\" \/>\n<link rel=\"canonical\" href=\"https:\/\/www.pigrecoemme.com\/blog\/convenzione-con-il-teatro-sancarluccio\/\" \/>\n<meta property=\"og:locale\" content=\"it_IT\" \/>\n<meta property=\"og:type\" content=\"article\" \/>\n<meta property=\"og:title\" content=\"Convenzione con il teatro Sancarluccio\" \/>\n<meta property=\"og:description\" content=\"Un&#8217;altra allettante convenzione tra la Scuola di cinema Pigrecoemme e un importante teatro cittadino. Dopo gli accordi con la Galleria Toledo, il Teatro Nuovo e il Teatro Stabile di Napoli, i nostri tesserati avranno diritto ad un prezzo di favore &hellip; Continue reading &rarr;\" \/>\n<meta property=\"og:url\" content=\"https:\/\/www.pigrecoemme.com\/blog\/convenzione-con-il-teatro-sancarluccio\/\" \/>\n<meta property=\"og:site_name\" content=\"Scuola di Cinema Pigrecoemme - Blog\" \/>\n<meta property=\"article:publisher\" content=\"https:\/\/www.facebook.com\/pigrecoemme\" \/>\n<meta property=\"article:author\" content=\"https:\/\/www.facebook.com\/giacomo.fabbrocino\" \/>\n<meta property=\"article:published_time\" content=\"2012-11-13T13:21:27+00:00\" \/>\n<meta property=\"article:modified_time\" content=\"2012-11-24T10:54:30+00:00\" \/>\n<meta property=\"og:image\" content=\"http:\/\/www.pigrecoemme.com\/blog\/wp-content\/uploads\/2012\/11\/sancarluccio-150x150.jpg\" \/>\n<meta name=\"author\" content=\"Giacomo Fabbrocino\" \/>\n<meta name=\"twitter:card\" content=\"summary_large_image\" \/>\n<meta name=\"twitter:creator\" content=\"@Pigrecoemme\" \/>\n<meta name=\"twitter:site\" content=\"@Pigrecoemme\" \/>\n<meta name=\"twitter:label1\" content=\"Scritto da\" \/>\n\t<meta name=\"twitter:data1\" content=\"Giacomo Fabbrocino\" \/>\n<script type=\"application\/ld+json\" class=\"yoast-schema-graph\">{\"@context\":\"https:\\\/\\\/schema.org\",\"@graph\":[{\"@type\":[\"Article\",\"BlogPosting\"],\"@id\":\"https:\\\/\\\/www.pigrecoemme.com\\\/blog\\\/convenzione-con-il-teatro-sancarluccio\\\/#article\",\"isPartOf\":{\"@id\":\"https:\\\/\\\/www.pigrecoemme.com\\\/blog\\\/convenzione-con-il-teatro-sancarluccio\\\/\"},\"author\":{\"name\":\"Giacomo Fabbrocino\",\"@id\":\"https:\\\/\\\/www.pigrecoemme.com\\\/blog\\\/#\\\/schema\\\/person\\\/57fa822c3d209d3a2612fd0411ae63f4\"},\"headline\":\"Convenzione con il teatro Sancarluccio\",\"datePublished\":\"2012-11-13T13:21:27+00:00\",\"dateModified\":\"2012-11-24T10:54:30+00:00\",\"mainEntityOfPage\":{\"@id\":\"https:\\\/\\\/www.pigrecoemme.com\\\/blog\\\/convenzione-con-il-teatro-sancarluccio\\\/\"},\"wordCount\":77,\"commentCount\":0,\"publisher\":{\"@id\":\"https:\\\/\\\/www.pigrecoemme.com\\\/blog\\\/#organization\"},\"image\":{\"@id\":\"https:\\\/\\\/www.pigrecoemme.com\\\/blog\\\/convenzione-con-il-teatro-sancarluccio\\\/#primaryimage\"},\"thumbnailUrl\":\"http:\\\/\\\/www.pigrecoemme.com\\\/blog\\\/wp-content\\\/uploads\\\/2012\\\/11\\\/sancarluccio-150x150.jpg\",\"keywords\":[\"Convenzioni\",\"sancarluccio\",\"teatro\"],\"articleSection\":[\"Convenzioni\",\"Generale\",\"Segnalazioni\"],\"inLanguage\":\"it-IT\",\"potentialAction\":[{\"@type\":\"CommentAction\",\"name\":\"Comment\",\"target\":[\"https:\\\/\\\/www.pigrecoemme.com\\\/blog\\\/convenzione-con-il-teatro-sancarluccio\\\/#respond\"]}]},{\"@type\":\"WebPage\",\"@id\":\"https:\\\/\\\/www.pigrecoemme.com\\\/blog\\\/convenzione-con-il-teatro-sancarluccio\\\/\",\"url\":\"https:\\\/\\\/www.pigrecoemme.com\\\/blog\\\/convenzione-con-il-teatro-sancarluccio\\\/\",\"name\":\"Convenzione con il teatro Sancarluccio\",\"isPartOf\":{\"@id\":\"https:\\\/\\\/www.pigrecoemme.com\\\/blog\\\/#website\"},\"primaryImageOfPage\":{\"@id\":\"https:\\\/\\\/www.pigrecoemme.com\\\/blog\\\/convenzione-con-il-teatro-sancarluccio\\\/#primaryimage\"},\"image\":{\"@id\":\"https:\\\/\\\/www.pigrecoemme.com\\\/blog\\\/convenzione-con-il-teatro-sancarluccio\\\/#primaryimage\"},\"thumbnailUrl\":\"http:\\\/\\\/www.pigrecoemme.com\\\/blog\\\/wp-content\\\/uploads\\\/2012\\\/11\\\/sancarluccio-150x150.jpg\",\"datePublished\":\"2012-11-13T13:21:27+00:00\",\"dateModified\":\"2012-11-24T10:54:30+00:00\",\"breadcrumb\":{\"@id\":\"https:\\\/\\\/www.pigrecoemme.com\\\/blog\\\/convenzione-con-il-teatro-sancarluccio\\\/#breadcrumb\"},\"inLanguage\":\"it-IT\",\"potentialAction\":[{\"@type\":\"ReadAction\",\"target\":[\"https:\\\/\\\/www.pigrecoemme.com\\\/blog\\\/convenzione-con-il-teatro-sancarluccio\\\/\"]}]},{\"@type\":\"ImageObject\",\"inLanguage\":\"it-IT\",\"@id\":\"https:\\\/\\\/www.pigrecoemme.com\\\/blog\\\/convenzione-con-il-teatro-sancarluccio\\\/#primaryimage\",\"url\":\"http:\\\/\\\/www.pigrecoemme.com\\\/blog\\\/wp-content\\\/uploads\\\/2012\\\/11\\\/sancarluccio-150x150.jpg\",\"contentUrl\":\"http:\\\/\\\/www.pigrecoemme.com\\\/blog\\\/wp-content\\\/uploads\\\/2012\\\/11\\\/sancarluccio-150x150.jpg\"},{\"@type\":\"BreadcrumbList\",\"@id\":\"https:\\\/\\\/www.pigrecoemme.com\\\/blog\\\/convenzione-con-il-teatro-sancarluccio\\\/#breadcrumb\",\"itemListElement\":[{\"@type\":\"ListItem\",\"position\":1,\"name\":\"Home\",\"item\":\"https:\\\/\\\/www.pigrecoemme.com\\\/blog\\\/\"},{\"@type\":\"ListItem\",\"position\":2,\"name\":\"Convenzione con il teatro Sancarluccio\"}]},{\"@type\":\"WebSite\",\"@id\":\"https:\\\/\\\/www.pigrecoemme.com\\\/blog\\\/#website\",\"url\":\"https:\\\/\\\/www.pigrecoemme.com\\\/blog\\\/\",\"name\":\"Scuola di Cinema Pigrecoemme - Blog\",\"description\":\"Siamo la prima Scuola di Cinema e Fotografia di Napoli\",\"publisher\":{\"@id\":\"https:\\\/\\\/www.pigrecoemme.com\\\/blog\\\/#organization\"},\"potentialAction\":[{\"@type\":\"SearchAction\",\"target\":{\"@type\":\"EntryPoint\",\"urlTemplate\":\"https:\\\/\\\/www.pigrecoemme.com\\\/blog\\\/?s={search_term_string}\"},\"query-input\":{\"@type\":\"PropertyValueSpecification\",\"valueRequired\":true,\"valueName\":\"search_term_string\"}}],\"inLanguage\":\"it-IT\"},{\"@type\":\"Organization\",\"@id\":\"https:\\\/\\\/www.pigrecoemme.com\\\/blog\\\/#organization\",\"name\":\"Scuola di cinema e fotografia Pigrecoemme\",\"url\":\"https:\\\/\\\/www.pigrecoemme.com\\\/blog\\\/\",\"logo\":{\"@type\":\"ImageObject\",\"inLanguage\":\"it-IT\",\"@id\":\"https:\\\/\\\/www.pigrecoemme.com\\\/blog\\\/#\\\/schema\\\/logo\\\/image\\\/\",\"url\":\"https:\\\/\\\/i0.wp.com\\\/www.pigrecoemme.com\\\/blog\\\/wp-content\\\/uploads\\\/2018\\\/06\\\/logo-pigrecoemme-2018.png?fit=500%2C500&ssl=1\",\"contentUrl\":\"https:\\\/\\\/i0.wp.com\\\/www.pigrecoemme.com\\\/blog\\\/wp-content\\\/uploads\\\/2018\\\/06\\\/logo-pigrecoemme-2018.png?fit=500%2C500&ssl=1\",\"width\":500,\"height\":500,\"caption\":\"Scuola di cinema e fotografia Pigrecoemme\"},\"image\":{\"@id\":\"https:\\\/\\\/www.pigrecoemme.com\\\/blog\\\/#\\\/schema\\\/logo\\\/image\\\/\"},\"sameAs\":[\"https:\\\/\\\/www.facebook.com\\\/pigrecoemme\",\"https:\\\/\\\/x.com\\\/Pigrecoemme\",\"https:\\\/\\\/www.instagram.com\\\/pigrecoemme\\\/\",\"https:\\\/\\\/www.linkedin.com\\\/company\\\/pigrecoemme\\\/\",\"https:\\\/\\\/www.youtube.com\\\/pigrecoemme\"]},{\"@type\":\"Person\",\"@id\":\"https:\\\/\\\/www.pigrecoemme.com\\\/blog\\\/#\\\/schema\\\/person\\\/57fa822c3d209d3a2612fd0411ae63f4\",\"name\":\"Giacomo Fabbrocino\",\"image\":{\"@type\":\"ImageObject\",\"inLanguage\":\"it-IT\",\"@id\":\"https:\\\/\\\/secure.gravatar.com\\\/avatar\\\/0e4dfd4d05c06a03fffaffeb36fb181415ba11b91a6b566fa2e8ada75927db32?s=96&r=g\",\"url\":\"https:\\\/\\\/secure.gravatar.com\\\/avatar\\\/0e4dfd4d05c06a03fffaffeb36fb181415ba11b91a6b566fa2e8ada75927db32?s=96&r=g\",\"contentUrl\":\"https:\\\/\\\/secure.gravatar.com\\\/avatar\\\/0e4dfd4d05c06a03fffaffeb36fb181415ba11b91a6b566fa2e8ada75927db32?s=96&r=g\",\"caption\":\"Giacomo Fabbrocino\"},\"description\":\"Montatore cinematografico, autore di documentari sull'arte e di video d'artista, Giacomo \u00e8 responsabile della didattica e della comunicazione web della Scuola di Cinema, Fotografia e Televisione Pigrecoemme di Napoli.\",\"sameAs\":[\"http:\\\/\\\/www.pigrecoemme.com\\\/\",\"https:\\\/\\\/www.facebook.com\\\/giacomo.fabbrocino\"],\"url\":\"https:\\\/\\\/www.pigrecoemme.com\\\/blog\\\/author\\\/giacomo-fabbrocino\\\/\"}]}<\/script>\n<!-- \/ Yoast SEO plugin. -->","yoast_head_json":{"title":"Convenzione con il teatro Sancarluccio","robots":{"index":"index","follow":"follow","max-snippet":"max-snippet:-1","max-image-preview":"max-image-preview:large","max-video-preview":"max-video-preview:-1"},"canonical":"https:\/\/www.pigrecoemme.com\/blog\/convenzione-con-il-teatro-sancarluccio\/","og_locale":"it_IT","og_type":"article","og_title":"Convenzione con il teatro Sancarluccio","og_description":"Un&#8217;altra allettante convenzione tra la Scuola di cinema Pigrecoemme e un importante teatro cittadino. Dopo gli accordi con la Galleria Toledo, il Teatro Nuovo e il Teatro Stabile di Napoli, i nostri tesserati avranno diritto ad un prezzo di favore &hellip; Continue reading &rarr;","og_url":"https:\/\/www.pigrecoemme.com\/blog\/convenzione-con-il-teatro-sancarluccio\/","og_site_name":"Scuola di Cinema Pigrecoemme - Blog","article_publisher":"https:\/\/www.facebook.com\/pigrecoemme","article_author":"https:\/\/www.facebook.com\/giacomo.fabbrocino","article_published_time":"2012-11-13T13:21:27+00:00","article_modified_time":"2012-11-24T10:54:30+00:00","og_image":[{"url":"http:\/\/www.pigrecoemme.com\/blog\/wp-content\/uploads\/2012\/11\/sancarluccio-150x150.jpg","type":"","width":"","height":""}],"author":"Giacomo Fabbrocino","twitter_card":"summary_large_image","twitter_creator":"@Pigrecoemme","twitter_site":"@Pigrecoemme","twitter_misc":{"Scritto da":"Giacomo Fabbrocino"},"schema":{"@context":"https:\/\/schema.org","@graph":[{"@type":["Article","BlogPosting"],"@id":"https:\/\/www.pigrecoemme.com\/blog\/convenzione-con-il-teatro-sancarluccio\/#article","isPartOf":{"@id":"https:\/\/www.pigrecoemme.com\/blog\/convenzione-con-il-teatro-sancarluccio\/"},"author":{"name":"Giacomo Fabbrocino","@id":"https:\/\/www.pigrecoemme.com\/blog\/#\/schema\/person\/57fa822c3d209d3a2612fd0411ae63f4"},"headline":"Convenzione con il teatro Sancarluccio","datePublished":"2012-11-13T13:21:27+00:00","dateModified":"2012-11-24T10:54:30+00:00","mainEntityOfPage":{"@id":"https:\/\/www.pigrecoemme.com\/blog\/convenzione-con-il-teatro-sancarluccio\/"},"wordCount":77,"commentCount":0,"publisher":{"@id":"https:\/\/www.pigrecoemme.com\/blog\/#organization"},"image":{"@id":"https:\/\/www.pigrecoemme.com\/blog\/convenzione-con-il-teatro-sancarluccio\/#primaryimage"},"thumbnailUrl":"http:\/\/www.pigrecoemme.com\/blog\/wp-content\/uploads\/2012\/11\/sancarluccio-150x150.jpg","keywords":["Convenzioni","sancarluccio","teatro"],"articleSection":["Convenzioni","Generale","Segnalazioni"],"inLanguage":"it-IT","potentialAction":[{"@type":"CommentAction","name":"Comment","target":["https:\/\/www.pigrecoemme.com\/blog\/convenzione-con-il-teatro-sancarluccio\/#respond"]}]},{"@type":"WebPage","@id":"https:\/\/www.pigrecoemme.com\/blog\/convenzione-con-il-teatro-sancarluccio\/","url":"https:\/\/www.pigrecoemme.com\/blog\/convenzione-con-il-teatro-sancarluccio\/","name":"Convenzione con il teatro Sancarluccio","isPartOf":{"@id":"https:\/\/www.pigrecoemme.com\/blog\/#website"},"primaryImageOfPage":{"@id":"https:\/\/www.pigrecoemme.com\/blog\/convenzione-con-il-teatro-sancarluccio\/#primaryimage"},"image":{"@id":"https:\/\/www.pigrecoemme.com\/blog\/convenzione-con-il-teatro-sancarluccio\/#primaryimage"},"thumbnailUrl":"http:\/\/www.pigrecoemme.com\/blog\/wp-content\/uploads\/2012\/11\/sancarluccio-150x150.jpg","datePublished":"2012-11-13T13:21:27+00:00","dateModified":"2012-11-24T10:54:30+00:00","breadcrumb":{"@id":"https:\/\/www.pigrecoemme.com\/blog\/convenzione-con-il-teatro-sancarluccio\/#breadcrumb"},"inLanguage":"it-IT","potentialAction":[{"@type":"ReadAction","target":["https:\/\/www.pigrecoemme.com\/blog\/convenzione-con-il-teatro-sancarluccio\/"]}]},{"@type":"ImageObject","inLanguage":"it-IT","@id":"https:\/\/www.pigrecoemme.com\/blog\/convenzione-con-il-teatro-sancarluccio\/#primaryimage","url":"http:\/\/www.pigrecoemme.com\/blog\/wp-content\/uploads\/2012\/11\/sancarluccio-150x150.jpg","contentUrl":"http:\/\/www.pigrecoemme.com\/blog\/wp-content\/uploads\/2012\/11\/sancarluccio-150x150.jpg"},{"@type":"BreadcrumbList","@id":"https:\/\/www.pigrecoemme.com\/blog\/convenzione-con-il-teatro-sancarluccio\/#breadcrumb","itemListElement":[{"@type":"ListItem","position":1,"name":"Home","item":"https:\/\/www.pigrecoemme.com\/blog\/"},{"@type":"ListItem","position":2,"name":"Convenzione con il teatro Sancarluccio"}]},{"@type":"WebSite","@id":"https:\/\/www.pigrecoemme.com\/blog\/#website","url":"https:\/\/www.pigrecoemme.com\/blog\/","name":"Scuola di Cinema Pigrecoemme - Blog","description":"Siamo la prima Scuola di Cinema e Fotografia di Napoli","publisher":{"@id":"https:\/\/www.pigrecoemme.com\/blog\/#organization"},"potentialAction":[{"@type":"SearchAction","target":{"@type":"EntryPoint","urlTemplate":"https:\/\/www.pigrecoemme.com\/blog\/?s={search_term_string}"},"query-input":{"@type":"PropertyValueSpecification","valueRequired":true,"valueName":"search_term_string"}}],"inLanguage":"it-IT"},{"@type":"Organization","@id":"https:\/\/www.pigrecoemme.com\/blog\/#organization","name":"Scuola di cinema e fotografia Pigrecoemme","url":"https:\/\/www.pigrecoemme.com\/blog\/","logo":{"@type":"ImageObject","inLanguage":"it-IT","@id":"https:\/\/www.pigrecoemme.com\/blog\/#\/schema\/logo\/image\/","url":"https:\/\/i0.wp.com\/www.pigrecoemme.com\/blog\/wp-content\/uploads\/2018\/06\/logo-pigrecoemme-2018.png?fit=500%2C500&ssl=1","contentUrl":"https:\/\/i0.wp.com\/www.pigrecoemme.com\/blog\/wp-content\/uploads\/2018\/06\/logo-pigrecoemme-2018.png?fit=500%2C500&ssl=1","width":500,"height":500,"caption":"Scuola di cinema e fotografia Pigrecoemme"},"image":{"@id":"https:\/\/www.pigrecoemme.com\/blog\/#\/schema\/logo\/image\/"},"sameAs":["https:\/\/www.facebook.com\/pigrecoemme","https:\/\/x.com\/Pigrecoemme","https:\/\/www.instagram.com\/pigrecoemme\/","https:\/\/www.linkedin.com\/company\/pigrecoemme\/","https:\/\/www.youtube.com\/pigrecoemme"]},{"@type":"Person","@id":"https:\/\/www.pigrecoemme.com\/blog\/#\/schema\/person\/57fa822c3d209d3a2612fd0411ae63f4","name":"Giacomo Fabbrocino","image":{"@type":"ImageObject","inLanguage":"it-IT","@id":"https:\/\/secure.gravatar.com\/avatar\/0e4dfd4d05c06a03fffaffeb36fb181415ba11b91a6b566fa2e8ada75927db32?s=96&r=g","url":"https:\/\/secure.gravatar.com\/avatar\/0e4dfd4d05c06a03fffaffeb36fb181415ba11b91a6b566fa2e8ada75927db32?s=96&r=g","contentUrl":"https:\/\/secure.gravatar.com\/avatar\/0e4dfd4d05c06a03fffaffeb36fb181415ba11b91a6b566fa2e8ada75927db32?s=96&r=g","caption":"Giacomo Fabbrocino"},"description":"Montatore cinematografico, autore di documentari sull'arte e di video d'artista, Giacomo \u00e8 responsabile della didattica e della comunicazione web della Scuola di Cinema, Fotografia e Televisione Pigrecoemme di Napoli.","sameAs":["http:\/\/www.pigrecoemme.com\/","https:\/\/www.facebook.com\/giacomo.fabbrocino"],"url":"https:\/\/www.pigrecoemme.com\/blog\/author\/giacomo-fabbrocino\/"}]}},"jetpack_sharing_enabled":true,"jetpack_likes_enabled":true,"jetpack-related-posts":[{"id":564,"url":"https:\/\/www.pigrecoemme.com\/blog\/convenzione-con-il-teatro-mercadante\/","url_meta":{"origin":579,"position":0},"title":"Convenzione con il Teatro Mercadante","author":"Rosario Gallone","date":"19 Ottobre 2012","format":false,"excerpt":"Dopo l'annuncio delle Convenzione con Galleria Toledo, siamo lieti di comunicare a tutti i nostri corsisti ed ex corsisti che anche un'altra prestigiosa convenzione \u00e8 stata rinnovata con un importante Teatro cittadino: Il Teatro Stabile di Napoli (che comprende il Teatro Mercadante, il ridotto del Mercadante ed il Teatro San\u2026","rel":"","context":"In &quot;Convenzioni&quot;","block_context":{"text":"Convenzioni","link":"https:\/\/www.pigrecoemme.com\/blog\/convenzioni\/"},"img":{"alt_text":"","src":"","width":0,"height":0},"classes":[]},{"id":549,"url":"https:\/\/www.pigrecoemme.com\/blog\/convenzione-con-la-galleria-toledo\/","url_meta":{"origin":579,"position":1},"title":"Convenzione con la Galleria Toledo","author":"Giacomo Fabbrocino","date":"16 Ottobre 2012","format":false,"excerpt":"Siamo lieti di comunicare a tutti i nostri corsisti ed ex corsisti che abbiamo rinnovato la nostra convenzione con il Teatro Stabile di innovazione Galleria Toledo. Presentando la tessera della Pigrecoemme \u00a0- se non l'avete, venite a ritirarla :) \u00a0- avrete diritto all'ingesso a prezzo ridotto (\u20ac15,00 anzich\u00e9 \u20ac20,00). Per\u2026","rel":"","context":"In &quot;Convenzioni&quot;","block_context":{"text":"Convenzioni","link":"https:\/\/www.pigrecoemme.com\/blog\/convenzioni\/"},"img":{"alt_text":"","src":"https:\/\/i0.wp.com\/www.pigrecoemme.com\/newsletter\/issue6\/logotoledo.png?resize=350%2C200","width":350,"height":200},"classes":[]},{"id":567,"url":"https:\/\/www.pigrecoemme.com\/blog\/isa-danieli-ed-enzo-moscato-con-lo-sconto-per-i-tesserati-pigrecoemme\/","url_meta":{"origin":579,"position":2},"title":"Isa Danieli ed Enzo Moscato con lo sconto per i tesserati Pigrecoemme","author":"Rosario Gallone","date":"26 Ottobre 2012","format":false,"excerpt":"Un'occasione da non perdere per gli allievi e gli ex allievi di\u00a0Pigrecoemme in possesso della nostra tessera -\u00a0se non l\u2019avete, venite a ritirarla\u00a0 -. Al Nuovo Teatro Nuovo i possessori della nostra tessera potranno e assistere allo spettacolo T\u00e0-k\u00e0i-T\u00e0 (Eduardo per Eduardo), testo e regia di Enzo Moscato, con Isa\u2026","rel":"","context":"In &quot;Convenzioni&quot;","block_context":{"text":"Convenzioni","link":"https:\/\/www.pigrecoemme.com\/blog\/convenzioni\/"},"img":{"alt_text":"","src":"https:\/\/i0.wp.com\/www.pigrecoemme.com\/blog\/wp-content\/uploads\/2012\/10\/invito-ta-kai-ta-61.jpg?resize=350%2C200","width":350,"height":200},"classes":[]},{"id":2262,"url":"https:\/\/www.pigrecoemme.com\/blog\/situazione-critica-5-saper-guardare-gli-attori-incontro-con-claudio-vicentini\/","url_meta":{"origin":579,"position":3},"title":"Situazione Critica #5: Saper guardare gli attori. Incontro con Claudio Vicentini","author":"Pigrecoemme","date":"26 Ottobre 2018","format":false,"excerpt":"Il quinto appuntamento di Situazione Critica - l\u2019iniziativa con la quale la scuola di cinema Pigrecoemme di Napoli festeggia il diciottesimo anno di attivit\u00e0 - avr\u00e0 un altro prestigioso ospite. Mercoled\u00ec 14 novembre, infatti, alle ore 11.30, lo storico del teatro Claudio Vicentini parler\u00e0 a chi vorr\u00e0 intervenire di come\u2026","rel":"","context":"In &quot;Analisi e Critica&quot;","block_context":{"text":"Analisi e Critica","link":"https:\/\/www.pigrecoemme.com\/blog\/analisi-e-critica-2\/"},"img":{"alt_text":"Situazione Critica #5. Saper guardare gli attori. Incontro con Claudio Vicentini.","src":"https:\/\/i0.wp.com\/www.pigrecoemme.com\/blog\/wp-content\/uploads\/2018\/10\/situazione-critica-5-900x470.png?resize=350%2C200","width":350,"height":200,"srcset":"https:\/\/i0.wp.com\/www.pigrecoemme.com\/blog\/wp-content\/uploads\/2018\/10\/situazione-critica-5-900x470.png?resize=350%2C200 1x, https:\/\/i0.wp.com\/www.pigrecoemme.com\/blog\/wp-content\/uploads\/2018\/10\/situazione-critica-5-900x470.png?resize=525%2C300 1.5x, https:\/\/i0.wp.com\/www.pigrecoemme.com\/blog\/wp-content\/uploads\/2018\/10\/situazione-critica-5-900x470.png?resize=700%2C400 2x"},"classes":[]},{"id":598,"url":"https:\/\/www.pigrecoemme.com\/blog\/incontro-con-claudio-di-palma-27-febbraio-ore-1100\/","url_meta":{"origin":579,"position":4},"title":"Incontro con Claudio Di Palma &#8211; 27 febbraio ore 11.00","author":"Giacomo Fabbrocino","date":"20 Febbraio 2013","format":false,"excerpt":"Mercoled\u00ec 27 febbraio alle ore 11.00 Claudio Di Palma incontrer\u00e0 gli allievi e gli ex allievi della Pigrecoemme per parlare di cinema, teatro e del suo ultimo spettacolo \"La finestra sul cortile\" (in scena al Teatro Nuovo di Napoli dal 12 al 17 marzo) , ispirato al medesimo racconto di\u2026","rel":"","context":"In &quot;Eventi&quot;","block_context":{"text":"Eventi","link":"https:\/\/www.pigrecoemme.com\/blog\/eventi\/"},"img":{"alt_text":"Claudio Di Palma","src":"https:\/\/i0.wp.com\/www.pigrecoemme.com\/blog\/wp-content\/uploads\/2013\/02\/claudio-di-palma-261x300.jpg?resize=350%2C200","width":350,"height":200},"classes":[]},{"id":151,"url":"https:\/\/www.pigrecoemme.com\/blog\/napoli-teatro-festival-italia-2009-vantaggi-per-gli-allievi-di-pigrecoemme\/","url_meta":{"origin":579,"position":5},"title":"Napoli Teatro Festival Italia 2009 &#8211; Vantaggi per gli allievi di Pigrecoemme","author":"Giacomo Fabbrocino","date":"21 Maggio 2009","format":false,"excerpt":"la II edizione del Napoli Teatro Festival Italia si terr\u00e0 dal 4 al 28 giugno 2009 e presenter\u00e0 collaborazioni e coproduzioni internazionali, nuove creazioni, testi originali commissionati ad autori italiani e stranieri. Il Napoli Teatro Festival Italia ha progettato e produce direttamente pi\u00f9 di 20 nuove creazioni internazionali, in cui\u2026","rel":"","context":"In &quot;Generale&quot;","block_context":{"text":"Generale","link":"https:\/\/www.pigrecoemme.com\/blog\/generale\/"},"img":{"alt_text":"","src":"https:\/\/i0.wp.com\/www.pigrecoemme.com\/blog\/wp-content\/uploads\/2009\/05\/card178x116.gif?resize=350%2C200","width":350,"height":200},"classes":[]}],"jetpack_featured_media_url":"","_links":{"self":[{"href":"https:\/\/www.pigrecoemme.com\/blog\/wp-json\/wp\/v2\/posts\/579","targetHints":{"allow":["GET"]}}],"collection":[{"href":"https:\/\/www.pigrecoemme.com\/blog\/wp-json\/wp\/v2\/posts"}],"about":[{"href":"https:\/\/www.pigrecoemme.com\/blog\/wp-json\/wp\/v2\/types\/post"}],"author":[{"embeddable":true,"href":"https:\/\/www.pigrecoemme.com\/blog\/wp-json\/wp\/v2\/users\/1"}],"replies":[{"embeddable":true,"href":"https:\/\/www.pigrecoemme.com\/blog\/wp-json\/wp\/v2\/comments?post=579"}],"version-history":[{"count":0,"href":"https:\/\/www.pigrecoemme.com\/blog\/wp-json\/wp\/v2\/posts\/579\/revisions"}],"wp:attachment":[{"href":"https:\/\/www.pigrecoemme.com\/blog\/wp-json\/wp\/v2\/media?parent=579"}],"wp:term":[{"taxonomy":"category","embeddable":true,"href":"https:\/\/www.pigrecoemme.com\/blog\/wp-json\/wp\/v2\/categories?post=579"},{"taxonomy":"post_tag","embeddable":true,"href":"https:\/\/www.pigrecoemme.com\/blog\/wp-json\/wp\/v2\/tags?post=579"}],"curies":[{"name":"wp","href":"https:\/\/api.w.org\/{rel}","templated":true}]}}