{"id":564,"date":"2012-10-19T17:00:51","date_gmt":"2012-10-19T15:00:51","guid":{"rendered":"http:\/\/www.pigrecoemme.com\/blog\/?p=564"},"modified":"2012-11-13T15:15:12","modified_gmt":"2012-11-13T13:15:12","slug":"convenzione-con-il-teatro-mercadante","status":"publish","type":"post","link":"https:\/\/www.pigrecoemme.com\/blog\/convenzione-con-il-teatro-mercadante\/","title":{"rendered":"Convenzione con il Teatro Mercadante"},"content":{"rendered":"<p><a href=\"https:\/\/i0.wp.com\/www.pigrecoemme.com\/blog\/wp-content\/uploads\/2012\/10\/mrc_logo_11_12.jpg?ssl=1\"><img data-recalc-dims=\"1\" height=\"300\" width=\"300\" decoding=\"async\" class=\"aligncenter size-medium wp-image-565\" title=\"mrc_logo_11_12\" src=\"https:\/\/i0.wp.com\/www.pigrecoemme.com\/blog\/wp-content\/uploads\/2012\/10\/mrc_logo_11_12.jpg?fit=300%2C300&#038;ssl=1\" alt=\"\" \/><\/a><br \/>\n<span>Dopo l&#8217;annuncio delle Convenzione con Galleria Toledo, siamo lieti di comunicare a tutti i nostri corsisti ed ex corsisti che anche un&#8217;altra prestigiosa convenzione \u00e8 stata rinnovata con un importante Teatro cittadino: <a href=\"http:\/\/www.teatrostabilenapoli.it\/\">Il Teatro Stabile di Napoli <\/a> (che comprende il Teatro Mercadante, il ridotto del Mercadante ed il Teatro San Ferdinando). <\/span><br \/>\n<span>Presentando la tessera della Pigrecoemme \u00a0&#8211; se non l\u2019avete, venite a ritirarla <\/span><img data-recalc-dims=\"1\" decoding=\"async\" class=\"wp-smiley\" src=\"https:\/\/i0.wp.com\/www.pigrecoemme.com\/blog\/wp-includes\/images\/smilies\/icon_smile.gif?w=860&#038;ssl=1\" alt=\":)\" \/><span> &#8211; avrete diritto all\u2019ingresso a \u20ac 10,00 per tutti gli spettacoli promossi dal teatro Stabile di Napoli. <\/span><br \/>\n<span>Per consultare il calendario della stagione 2013, <\/span><a href=\"http:\/\/www.teatrostabilenapoli.it\/stagione-2012-13\">cliccate qui<span>.<\/span><\/a><\/p>\n","protected":false},"excerpt":{"rendered":"<p>Dopo l&#8217;annuncio delle Convenzione con Galleria Toledo, siamo lieti di comunicare a tutti i nostri corsisti ed ex corsisti che anche un&#8217;altra prestigiosa convenzione \u00e8 stata rinnovata con un importante Teatro cittadino: Il Teatro&hellip;<\/p>\n","protected":false},"author":3,"featured_media":0,"comment_status":"open","ping_status":"open","sticky":false,"template":"","format":"standard","meta":{"_jetpack_newsletter_access":"","_jetpack_dont_email_post_to_subs":false,"_jetpack_newsletter_tier_id":0,"_jetpack_memberships_contains_paywalled_content":false,"_jetpack_feature_clip_id":0,"_jetpack_memberships_contains_paid_content":false,"footnotes":"","jetpack_post_was_ever_published":false},"categories":[738,1,731],"tags":[1285,66],"class_list":["post-564","post","type-post","status-publish","format-standard","hentry","category-convenzioni","category-generale","category-segnalazioni","tag-convenzioni","tag-teatro"],"yoast_head":"<!-- This site is optimized with the Yoast SEO plugin v28.4 - https:\/\/yoast.com\/product\/yoast-seo-wordpress\/ -->\n<title>Convenzione con il Teatro Mercadante<\/title>\n<meta name=\"robots\" content=\"index, follow, max-snippet:-1, max-image-preview:large, max-video-preview:-1\" \/>\n<link rel=\"canonical\" href=\"https:\/\/www.pigrecoemme.com\/blog\/convenzione-con-il-teatro-mercadante\/\" \/>\n<meta property=\"og:locale\" content=\"it_IT\" \/>\n<meta property=\"og:type\" content=\"article\" \/>\n<meta property=\"og:title\" content=\"Convenzione con il Teatro Mercadante\" \/>\n<meta property=\"og:description\" content=\"Scuola di Cinema, Televisione e Fotografia - Napoli\" \/>\n<meta property=\"og:url\" content=\"https:\/\/www.pigrecoemme.com\/blog\/convenzione-con-il-teatro-mercadante\/\" \/>\n<meta property=\"og:site_name\" content=\"Scuola di Cinema Pigrecoemme - Blog\" \/>\n<meta property=\"article:publisher\" content=\"https:\/\/www.facebook.com\/pigrecoemme\" \/>\n<meta property=\"article:author\" content=\"https:\/\/www.facebook.com\/rosario.gallone\" \/>\n<meta property=\"article:published_time\" content=\"2012-10-19T15:00:51+00:00\" \/>\n<meta property=\"article:modified_time\" content=\"2012-11-13T13:15:12+00:00\" \/>\n<meta property=\"og:image\" content=\"http:\/\/www.pigrecoemme.com\/blog\/wp-content\/uploads\/2012\/10\/mrc_logo_11_12.jpg\" \/>\n<meta name=\"author\" content=\"Rosario Gallone\" \/>\n<meta name=\"twitter:card\" content=\"summary_large_image\" \/>\n<meta name=\"twitter:creator\" content=\"@RosarioGallone\" \/>\n<meta name=\"twitter:site\" content=\"@Pigrecoemme\" \/>\n<meta name=\"twitter:label1\" content=\"Scritto da\" \/>\n\t<meta name=\"twitter:data1\" content=\"Rosario Gallone\" \/>\n<script type=\"application\/ld+json\" class=\"yoast-schema-graph\">{\"@context\":\"https:\\\/\\\/schema.org\",\"@graph\":[{\"@type\":[\"Article\",\"BlogPosting\"],\"@id\":\"https:\\\/\\\/www.pigrecoemme.com\\\/blog\\\/convenzione-con-il-teatro-mercadante\\\/#article\",\"isPartOf\":{\"@id\":\"https:\\\/\\\/www.pigrecoemme.com\\\/blog\\\/convenzione-con-il-teatro-mercadante\\\/\"},\"author\":{\"name\":\"Rosario Gallone\",\"@id\":\"https:\\\/\\\/www.pigrecoemme.com\\\/blog\\\/#\\\/schema\\\/person\\\/3fdd423e7c221a503812a1e86daec850\"},\"headline\":\"Convenzione con il Teatro Mercadante\",\"datePublished\":\"2012-10-19T15:00:51+00:00\",\"dateModified\":\"2012-11-13T13:15:12+00:00\",\"mainEntityOfPage\":{\"@id\":\"https:\\\/\\\/www.pigrecoemme.com\\\/blog\\\/convenzione-con-il-teatro-mercadante\\\/\"},\"wordCount\":94,\"commentCount\":0,\"publisher\":{\"@id\":\"https:\\\/\\\/www.pigrecoemme.com\\\/blog\\\/#organization\"},\"image\":{\"@id\":\"https:\\\/\\\/www.pigrecoemme.com\\\/blog\\\/convenzione-con-il-teatro-mercadante\\\/#primaryimage\"},\"thumbnailUrl\":\"http:\\\/\\\/www.pigrecoemme.com\\\/blog\\\/wp-content\\\/uploads\\\/2012\\\/10\\\/mrc_logo_11_12.jpg\",\"keywords\":[\"Convenzioni\",\"teatro\"],\"articleSection\":[\"Convenzioni\",\"Generale\",\"Segnalazioni\"],\"inLanguage\":\"it-IT\",\"potentialAction\":[{\"@type\":\"CommentAction\",\"name\":\"Comment\",\"target\":[\"https:\\\/\\\/www.pigrecoemme.com\\\/blog\\\/convenzione-con-il-teatro-mercadante\\\/#respond\"]}]},{\"@type\":\"WebPage\",\"@id\":\"https:\\\/\\\/www.pigrecoemme.com\\\/blog\\\/convenzione-con-il-teatro-mercadante\\\/\",\"url\":\"https:\\\/\\\/www.pigrecoemme.com\\\/blog\\\/convenzione-con-il-teatro-mercadante\\\/\",\"name\":\"Convenzione con il Teatro Mercadante\",\"isPartOf\":{\"@id\":\"https:\\\/\\\/www.pigrecoemme.com\\\/blog\\\/#website\"},\"primaryImageOfPage\":{\"@id\":\"https:\\\/\\\/www.pigrecoemme.com\\\/blog\\\/convenzione-con-il-teatro-mercadante\\\/#primaryimage\"},\"image\":{\"@id\":\"https:\\\/\\\/www.pigrecoemme.com\\\/blog\\\/convenzione-con-il-teatro-mercadante\\\/#primaryimage\"},\"thumbnailUrl\":\"http:\\\/\\\/www.pigrecoemme.com\\\/blog\\\/wp-content\\\/uploads\\\/2012\\\/10\\\/mrc_logo_11_12.jpg\",\"datePublished\":\"2012-10-19T15:00:51+00:00\",\"dateModified\":\"2012-11-13T13:15:12+00:00\",\"breadcrumb\":{\"@id\":\"https:\\\/\\\/www.pigrecoemme.com\\\/blog\\\/convenzione-con-il-teatro-mercadante\\\/#breadcrumb\"},\"inLanguage\":\"it-IT\",\"potentialAction\":[{\"@type\":\"ReadAction\",\"target\":[\"https:\\\/\\\/www.pigrecoemme.com\\\/blog\\\/convenzione-con-il-teatro-mercadante\\\/\"]}]},{\"@type\":\"ImageObject\",\"inLanguage\":\"it-IT\",\"@id\":\"https:\\\/\\\/www.pigrecoemme.com\\\/blog\\\/convenzione-con-il-teatro-mercadante\\\/#primaryimage\",\"url\":\"http:\\\/\\\/www.pigrecoemme.com\\\/blog\\\/wp-content\\\/uploads\\\/2012\\\/10\\\/mrc_logo_11_12.jpg\",\"contentUrl\":\"http:\\\/\\\/www.pigrecoemme.com\\\/blog\\\/wp-content\\\/uploads\\\/2012\\\/10\\\/mrc_logo_11_12.jpg\"},{\"@type\":\"BreadcrumbList\",\"@id\":\"https:\\\/\\\/www.pigrecoemme.com\\\/blog\\\/convenzione-con-il-teatro-mercadante\\\/#breadcrumb\",\"itemListElement\":[{\"@type\":\"ListItem\",\"position\":1,\"name\":\"Home\",\"item\":\"https:\\\/\\\/www.pigrecoemme.com\\\/blog\\\/\"},{\"@type\":\"ListItem\",\"position\":2,\"name\":\"Convenzione con il Teatro Mercadante\"}]},{\"@type\":\"WebSite\",\"@id\":\"https:\\\/\\\/www.pigrecoemme.com\\\/blog\\\/#website\",\"url\":\"https:\\\/\\\/www.pigrecoemme.com\\\/blog\\\/\",\"name\":\"Scuola di Cinema Pigrecoemme - Blog\",\"description\":\"Siamo la prima Scuola di Cinema e Fotografia di Napoli\",\"publisher\":{\"@id\":\"https:\\\/\\\/www.pigrecoemme.com\\\/blog\\\/#organization\"},\"potentialAction\":[{\"@type\":\"SearchAction\",\"target\":{\"@type\":\"EntryPoint\",\"urlTemplate\":\"https:\\\/\\\/www.pigrecoemme.com\\\/blog\\\/?s={search_term_string}\"},\"query-input\":{\"@type\":\"PropertyValueSpecification\",\"valueRequired\":true,\"valueName\":\"search_term_string\"}}],\"inLanguage\":\"it-IT\"},{\"@type\":\"Organization\",\"@id\":\"https:\\\/\\\/www.pigrecoemme.com\\\/blog\\\/#organization\",\"name\":\"Scuola di cinema e fotografia Pigrecoemme\",\"url\":\"https:\\\/\\\/www.pigrecoemme.com\\\/blog\\\/\",\"logo\":{\"@type\":\"ImageObject\",\"inLanguage\":\"it-IT\",\"@id\":\"https:\\\/\\\/www.pigrecoemme.com\\\/blog\\\/#\\\/schema\\\/logo\\\/image\\\/\",\"url\":\"https:\\\/\\\/i0.wp.com\\\/www.pigrecoemme.com\\\/blog\\\/wp-content\\\/uploads\\\/2018\\\/06\\\/logo-pigrecoemme-2018.png?fit=500%2C500&ssl=1\",\"contentUrl\":\"https:\\\/\\\/i0.wp.com\\\/www.pigrecoemme.com\\\/blog\\\/wp-content\\\/uploads\\\/2018\\\/06\\\/logo-pigrecoemme-2018.png?fit=500%2C500&ssl=1\",\"width\":500,\"height\":500,\"caption\":\"Scuola di cinema e fotografia Pigrecoemme\"},\"image\":{\"@id\":\"https:\\\/\\\/www.pigrecoemme.com\\\/blog\\\/#\\\/schema\\\/logo\\\/image\\\/\"},\"sameAs\":[\"https:\\\/\\\/www.facebook.com\\\/pigrecoemme\",\"https:\\\/\\\/x.com\\\/Pigrecoemme\",\"https:\\\/\\\/www.instagram.com\\\/pigrecoemme\\\/\",\"https:\\\/\\\/www.linkedin.com\\\/company\\\/pigrecoemme\\\/\",\"https:\\\/\\\/www.youtube.com\\\/pigrecoemme\"]},{\"@type\":\"Person\",\"@id\":\"https:\\\/\\\/www.pigrecoemme.com\\\/blog\\\/#\\\/schema\\\/person\\\/3fdd423e7c221a503812a1e86daec850\",\"name\":\"Rosario Gallone\",\"image\":{\"@type\":\"ImageObject\",\"inLanguage\":\"it-IT\",\"@id\":\"https:\\\/\\\/secure.gravatar.com\\\/avatar\\\/7172808a86a713dea422a3159a5fe73d8a0718671410a281103d82dea575d3e9?s=96&r=g\",\"url\":\"https:\\\/\\\/secure.gravatar.com\\\/avatar\\\/7172808a86a713dea422a3159a5fe73d8a0718671410a281103d82dea575d3e9?s=96&r=g\",\"contentUrl\":\"https:\\\/\\\/secure.gravatar.com\\\/avatar\\\/7172808a86a713dea422a3159a5fe73d8a0718671410a281103d82dea575d3e9?s=96&r=g\",\"caption\":\"Rosario Gallone\"},\"description\":\"Rosario \u00e8 tra i fondatori della Pigrecoemme, dove si occupa soprattutto del corso di regia e dell'organizzazione dei corsi. E' autore della sceneggiatura di Isa 9000 (mediometraggio con Isa Danieli diretto da Angelo Serio), del montaggio di documentari e della regia di alcuni cortometraggi.\",\"sameAs\":[\"http:\\\/\\\/www.pigrecoemme.com\\\/\",\"https:\\\/\\\/www.facebook.com\\\/rosario.gallone\",\"https:\\\/\\\/x.com\\\/RosarioGallone\"],\"url\":\"https:\\\/\\\/www.pigrecoemme.com\\\/blog\\\/author\\\/rosario-gallone\\\/\"}]}<\/script>\n<!-- \/ Yoast SEO plugin. -->","yoast_head_json":{"title":"Convenzione con il Teatro Mercadante","robots":{"index":"index","follow":"follow","max-snippet":"max-snippet:-1","max-image-preview":"max-image-preview:large","max-video-preview":"max-video-preview:-1"},"canonical":"https:\/\/www.pigrecoemme.com\/blog\/convenzione-con-il-teatro-mercadante\/","og_locale":"it_IT","og_type":"article","og_title":"Convenzione con il Teatro Mercadante","og_description":"Scuola di Cinema, Televisione e Fotografia - Napoli","og_url":"https:\/\/www.pigrecoemme.com\/blog\/convenzione-con-il-teatro-mercadante\/","og_site_name":"Scuola di Cinema Pigrecoemme - Blog","article_publisher":"https:\/\/www.facebook.com\/pigrecoemme","article_author":"https:\/\/www.facebook.com\/rosario.gallone","article_published_time":"2012-10-19T15:00:51+00:00","article_modified_time":"2012-11-13T13:15:12+00:00","og_image":[{"url":"http:\/\/www.pigrecoemme.com\/blog\/wp-content\/uploads\/2012\/10\/mrc_logo_11_12.jpg","type":"","width":"","height":""}],"author":"Rosario Gallone","twitter_card":"summary_large_image","twitter_creator":"@RosarioGallone","twitter_site":"@Pigrecoemme","twitter_misc":{"Scritto da":"Rosario Gallone"},"schema":{"@context":"https:\/\/schema.org","@graph":[{"@type":["Article","BlogPosting"],"@id":"https:\/\/www.pigrecoemme.com\/blog\/convenzione-con-il-teatro-mercadante\/#article","isPartOf":{"@id":"https:\/\/www.pigrecoemme.com\/blog\/convenzione-con-il-teatro-mercadante\/"},"author":{"name":"Rosario Gallone","@id":"https:\/\/www.pigrecoemme.com\/blog\/#\/schema\/person\/3fdd423e7c221a503812a1e86daec850"},"headline":"Convenzione con il Teatro Mercadante","datePublished":"2012-10-19T15:00:51+00:00","dateModified":"2012-11-13T13:15:12+00:00","mainEntityOfPage":{"@id":"https:\/\/www.pigrecoemme.com\/blog\/convenzione-con-il-teatro-mercadante\/"},"wordCount":94,"commentCount":0,"publisher":{"@id":"https:\/\/www.pigrecoemme.com\/blog\/#organization"},"image":{"@id":"https:\/\/www.pigrecoemme.com\/blog\/convenzione-con-il-teatro-mercadante\/#primaryimage"},"thumbnailUrl":"http:\/\/www.pigrecoemme.com\/blog\/wp-content\/uploads\/2012\/10\/mrc_logo_11_12.jpg","keywords":["Convenzioni","teatro"],"articleSection":["Convenzioni","Generale","Segnalazioni"],"inLanguage":"it-IT","potentialAction":[{"@type":"CommentAction","name":"Comment","target":["https:\/\/www.pigrecoemme.com\/blog\/convenzione-con-il-teatro-mercadante\/#respond"]}]},{"@type":"WebPage","@id":"https:\/\/www.pigrecoemme.com\/blog\/convenzione-con-il-teatro-mercadante\/","url":"https:\/\/www.pigrecoemme.com\/blog\/convenzione-con-il-teatro-mercadante\/","name":"Convenzione con il Teatro Mercadante","isPartOf":{"@id":"https:\/\/www.pigrecoemme.com\/blog\/#website"},"primaryImageOfPage":{"@id":"https:\/\/www.pigrecoemme.com\/blog\/convenzione-con-il-teatro-mercadante\/#primaryimage"},"image":{"@id":"https:\/\/www.pigrecoemme.com\/blog\/convenzione-con-il-teatro-mercadante\/#primaryimage"},"thumbnailUrl":"http:\/\/www.pigrecoemme.com\/blog\/wp-content\/uploads\/2012\/10\/mrc_logo_11_12.jpg","datePublished":"2012-10-19T15:00:51+00:00","dateModified":"2012-11-13T13:15:12+00:00","breadcrumb":{"@id":"https:\/\/www.pigrecoemme.com\/blog\/convenzione-con-il-teatro-mercadante\/#breadcrumb"},"inLanguage":"it-IT","potentialAction":[{"@type":"ReadAction","target":["https:\/\/www.pigrecoemme.com\/blog\/convenzione-con-il-teatro-mercadante\/"]}]},{"@type":"ImageObject","inLanguage":"it-IT","@id":"https:\/\/www.pigrecoemme.com\/blog\/convenzione-con-il-teatro-mercadante\/#primaryimage","url":"http:\/\/www.pigrecoemme.com\/blog\/wp-content\/uploads\/2012\/10\/mrc_logo_11_12.jpg","contentUrl":"http:\/\/www.pigrecoemme.com\/blog\/wp-content\/uploads\/2012\/10\/mrc_logo_11_12.jpg"},{"@type":"BreadcrumbList","@id":"https:\/\/www.pigrecoemme.com\/blog\/convenzione-con-il-teatro-mercadante\/#breadcrumb","itemListElement":[{"@type":"ListItem","position":1,"name":"Home","item":"https:\/\/www.pigrecoemme.com\/blog\/"},{"@type":"ListItem","position":2,"name":"Convenzione con il Teatro Mercadante"}]},{"@type":"WebSite","@id":"https:\/\/www.pigrecoemme.com\/blog\/#website","url":"https:\/\/www.pigrecoemme.com\/blog\/","name":"Scuola di Cinema Pigrecoemme - Blog","description":"Siamo la prima Scuola di Cinema e Fotografia di Napoli","publisher":{"@id":"https:\/\/www.pigrecoemme.com\/blog\/#organization"},"potentialAction":[{"@type":"SearchAction","target":{"@type":"EntryPoint","urlTemplate":"https:\/\/www.pigrecoemme.com\/blog\/?s={search_term_string}"},"query-input":{"@type":"PropertyValueSpecification","valueRequired":true,"valueName":"search_term_string"}}],"inLanguage":"it-IT"},{"@type":"Organization","@id":"https:\/\/www.pigrecoemme.com\/blog\/#organization","name":"Scuola di cinema e fotografia Pigrecoemme","url":"https:\/\/www.pigrecoemme.com\/blog\/","logo":{"@type":"ImageObject","inLanguage":"it-IT","@id":"https:\/\/www.pigrecoemme.com\/blog\/#\/schema\/logo\/image\/","url":"https:\/\/i0.wp.com\/www.pigrecoemme.com\/blog\/wp-content\/uploads\/2018\/06\/logo-pigrecoemme-2018.png?fit=500%2C500&ssl=1","contentUrl":"https:\/\/i0.wp.com\/www.pigrecoemme.com\/blog\/wp-content\/uploads\/2018\/06\/logo-pigrecoemme-2018.png?fit=500%2C500&ssl=1","width":500,"height":500,"caption":"Scuola di cinema e fotografia Pigrecoemme"},"image":{"@id":"https:\/\/www.pigrecoemme.com\/blog\/#\/schema\/logo\/image\/"},"sameAs":["https:\/\/www.facebook.com\/pigrecoemme","https:\/\/x.com\/Pigrecoemme","https:\/\/www.instagram.com\/pigrecoemme\/","https:\/\/www.linkedin.com\/company\/pigrecoemme\/","https:\/\/www.youtube.com\/pigrecoemme"]},{"@type":"Person","@id":"https:\/\/www.pigrecoemme.com\/blog\/#\/schema\/person\/3fdd423e7c221a503812a1e86daec850","name":"Rosario Gallone","image":{"@type":"ImageObject","inLanguage":"it-IT","@id":"https:\/\/secure.gravatar.com\/avatar\/7172808a86a713dea422a3159a5fe73d8a0718671410a281103d82dea575d3e9?s=96&r=g","url":"https:\/\/secure.gravatar.com\/avatar\/7172808a86a713dea422a3159a5fe73d8a0718671410a281103d82dea575d3e9?s=96&r=g","contentUrl":"https:\/\/secure.gravatar.com\/avatar\/7172808a86a713dea422a3159a5fe73d8a0718671410a281103d82dea575d3e9?s=96&r=g","caption":"Rosario Gallone"},"description":"Rosario \u00e8 tra i fondatori della Pigrecoemme, dove si occupa soprattutto del corso di regia e dell'organizzazione dei corsi. E' autore della sceneggiatura di Isa 9000 (mediometraggio con Isa Danieli diretto da Angelo Serio), del montaggio di documentari e della regia di alcuni cortometraggi.","sameAs":["http:\/\/www.pigrecoemme.com\/","https:\/\/www.facebook.com\/rosario.gallone","https:\/\/x.com\/RosarioGallone"],"url":"https:\/\/www.pigrecoemme.com\/blog\/author\/rosario-gallone\/"}]}},"jetpack_sharing_enabled":true,"jetpack_likes_enabled":true,"jetpack-related-posts":[{"id":549,"url":"https:\/\/www.pigrecoemme.com\/blog\/convenzione-con-la-galleria-toledo\/","url_meta":{"origin":564,"position":0},"title":"Convenzione con la Galleria Toledo","author":"Giacomo Fabbrocino","date":"16 Ottobre 2012","format":false,"excerpt":"Siamo lieti di comunicare a tutti i nostri corsisti ed ex corsisti che abbiamo rinnovato la nostra convenzione con il Teatro Stabile di innovazione Galleria Toledo. Presentando la tessera della Pigrecoemme \u00a0- se non l'avete, venite a ritirarla :) \u00a0- avrete diritto all'ingesso a prezzo ridotto (\u20ac15,00 anzich\u00e9 \u20ac20,00). Per\u2026","rel":"","context":"In &quot;Convenzioni&quot;","block_context":{"text":"Convenzioni","link":"https:\/\/www.pigrecoemme.com\/blog\/convenzioni\/"},"img":{"alt_text":"","src":"https:\/\/i0.wp.com\/www.pigrecoemme.com\/newsletter\/issue6\/logotoledo.png?resize=350%2C200","width":350,"height":200},"classes":[]},{"id":579,"url":"https:\/\/www.pigrecoemme.com\/blog\/convenzione-con-il-teatro-sancarluccio\/","url_meta":{"origin":564,"position":1},"title":"Convenzione con il teatro Sancarluccio","author":"Giacomo Fabbrocino","date":"13 Novembre 2012","format":false,"excerpt":"Un'altra allettante convenzione tra la Scuola di cinema Pigrecoemme e un importante teatro cittadino. Dopo gli accordi con la Galleria Toledo, il Teatro Nuovo e il Teatro Stabile di Napoli, i nostri tesserati avranno diritto ad un prezzo di favore anche per gli spettacoli della stagione 2012\/2013 del Teatro Sancarluccio.\u2026","rel":"","context":"In &quot;Convenzioni&quot;","block_context":{"text":"Convenzioni","link":"https:\/\/www.pigrecoemme.com\/blog\/convenzioni\/"},"img":{"alt_text":"","src":"https:\/\/i0.wp.com\/www.pigrecoemme.com\/blog\/wp-content\/uploads\/2012\/11\/sancarluccio-150x150.jpg?resize=350%2C200","width":350,"height":200},"classes":[]},{"id":38,"url":"https:\/\/www.pigrecoemme.com\/blog\/tre-terzi-al-teatro-mercadante\/","url_meta":{"origin":564,"position":2},"title":"Tre Terzi al teatro Mercadante","author":"Giacomo Fabbrocino","date":"29 Febbraio 2008","format":false,"excerpt":"Dal 3 al 16 marzo 2008 \u00e8 in programma al Teatro Mercadante di Napoli Tre Terzi, di Diego De Silva, Valeria Parrella, Antonio Pascale, per la regia di Giuseppe Bertolucci e Luisa Grosso, con Marina Confalone e Lello Giulivo. La sezione video \u00e8 a cura della Scuola di Cinema Pigrecoemme\u2026","rel":"","context":"In &quot;Produzioni&quot;","block_context":{"text":"Produzioni","link":"https:\/\/www.pigrecoemme.com\/blog\/produzioni\/"},"img":{"alt_text":"Tre Terzi","src":"https:\/\/i0.wp.com\/www.pigrecoemme.com\/produzioni\/treterzi\/treterzi.jpg?resize=350%2C200","width":350,"height":200},"classes":[]},{"id":145,"url":"https:\/\/www.pigrecoemme.com\/blog\/io-ho-paura-il-video-i-parte\/","url_meta":{"origin":564,"position":3},"title":"IO HO PAURA &#8211; Il Video","author":"Giacomo Fabbrocino","date":"22 Aprile 2009","format":false,"excerpt":"Approfittiamo del fatto che l'organizzazione dell'Arte della Felicit\u00e0 abbia pubblicato su Yotube ll video realizzato anche con gli scatti dei partecipanti ai nostri corsi di fotografia per postarlo qui sul blog. Il video \u00e8 stato proiettato al Teatro Mercadante di Napoli in occasione dell'inaugurazione della manifestazione.","rel":"","context":"In &quot;Eventi&quot;","block_context":{"text":"Eventi","link":"https:\/\/www.pigrecoemme.com\/blog\/eventi\/"},"img":{"alt_text":"","src":"","width":0,"height":0},"classes":[]},{"id":619,"url":"https:\/\/www.pigrecoemme.com\/blog\/petizione-per-concedere-a-franca-valeri-la-cittadinanza-onoraria-di-napoli\/","url_meta":{"origin":564,"position":4},"title":"Petizione per concedere a Franca Valeri la cittadinanza onoraria di Napoli","author":"Giacomo Fabbrocino","date":"28 Marzo 2013","format":false,"excerpt":"FIRMA LA PETIZIONE Napoli, citt\u00e0 d'arte e di artisti, pu\u00f2 legittimarsi in tal senso anche riconoscendo come a s\u00e9 vicini coloro i quali hanno dato lustro alle arti, nelle loro diverse manifestazioni, pur vantando origini e natali diversi. Napoli \u00e8 un teatro. Ecco perch\u00e9 Napoli, ogni qualvolta gliene si presenti\u2026","rel":"","context":"In &quot;Eventi&quot;","block_context":{"text":"Eventi","link":"https:\/\/www.pigrecoemme.com\/blog\/eventi\/"},"img":{"alt_text":"","src":"https:\/\/i0.wp.com\/www.pigrecoemme.com\/blog\/wp-content\/uploads\/2013\/03\/franca-valeri.png?resize=350%2C200","width":350,"height":200},"classes":[]},{"id":135,"url":"https:\/\/www.pigrecoemme.com\/blog\/larte-della-felicita-io-ho-paura\/","url_meta":{"origin":564,"position":5},"title":"L&#8217;arte della felicit\u00e0: Io Ho Paura","author":"Giacomo Fabbrocino","date":"16 Marzo 2009","format":false,"excerpt":"La quinta edizione dell'Arte della Felicit\u00e0, la manifestazione ideata da Francesca Mauro e Luciano Stella, quest'anno aprir\u00e0 con un\u2019 inchiesta fotografica dal titolo \u201cIo ho paura\u201d alla quale Pigrecoemme ha contribuito coinvolgendo allievi, ex allievi e simpatizzanti. L'inchiesta ha cercato di sollecitare i partecipanti ad visualizzare un'emozione, la paura, spesso\u2026","rel":"","context":"In &quot;Eventi&quot;","block_context":{"text":"Eventi","link":"https:\/\/www.pigrecoemme.com\/blog\/eventi\/"},"img":{"alt_text":"","src":"","width":0,"height":0},"classes":[]}],"jetpack_featured_media_url":"","_links":{"self":[{"href":"https:\/\/www.pigrecoemme.com\/blog\/wp-json\/wp\/v2\/posts\/564","targetHints":{"allow":["GET"]}}],"collection":[{"href":"https:\/\/www.pigrecoemme.com\/blog\/wp-json\/wp\/v2\/posts"}],"about":[{"href":"https:\/\/www.pigrecoemme.com\/blog\/wp-json\/wp\/v2\/types\/post"}],"author":[{"embeddable":true,"href":"https:\/\/www.pigrecoemme.com\/blog\/wp-json\/wp\/v2\/users\/3"}],"replies":[{"embeddable":true,"href":"https:\/\/www.pigrecoemme.com\/blog\/wp-json\/wp\/v2\/comments?post=564"}],"version-history":[{"count":0,"href":"https:\/\/www.pigrecoemme.com\/blog\/wp-json\/wp\/v2\/posts\/564\/revisions"}],"wp:attachment":[{"href":"https:\/\/www.pigrecoemme.com\/blog\/wp-json\/wp\/v2\/media?parent=564"}],"wp:term":[{"taxonomy":"category","embeddable":true,"href":"https:\/\/www.pigrecoemme.com\/blog\/wp-json\/wp\/v2\/categories?post=564"},{"taxonomy":"post_tag","embeddable":true,"href":"https:\/\/www.pigrecoemme.com\/blog\/wp-json\/wp\/v2\/tags?post=564"}],"curies":[{"name":"wp","href":"https:\/\/api.w.org\/{rel}","templated":true}]}}