{"id":55,"date":"2008-05-27T15:30:17","date_gmt":"2008-05-27T13:30:17","guid":{"rendered":"http:\/\/www.pigrecoemme.com\/blog\/a-blast-from-the-past-nasi-al-cielo\/"},"modified":"2008-05-27T15:30:17","modified_gmt":"2008-05-27T13:30:17","slug":"a-blast-from-the-past-nasi-al-cielo","status":"publish","type":"post","link":"https:\/\/www.pigrecoemme.com\/blog\/a-blast-from-the-past-nasi-al-cielo\/","title":{"rendered":"A blast from the past: Nasi al Cielo"},"content":{"rendered":"<p>Ho ritrovato questo vecchio Trailer dello spettacolo &#8220;Nasi al cielo&#8221;  prodotto da Pigrecoemme, per la regia di Marina De Rogatis e Maria Benoni, e messo in scena al Teatro Elicantropo nel maggio del 2006. Mi fa piacere postarlo per ricordare anche a me stesso le fasi di lavorazioni dello spettacolo e l&#8217;atmosfera del teatro. &#8220;Nasi al cielo&#8221;, che vedeva in scena alcuni ex allievi dei nostri laboratori dedicati alla recitazione, comprendeva anche delle animazioni video realizzate da Giulio Arcopinto. Se le ritrovo nell&#8217;archivio della Scuola di cinema (avete presente un buco nero?) le posto.<br \/>\n<object width=\"400\" height=\"333\"><param name=\"movie\" value=\"http:\/\/video.libero.it\/static\/swf\/eltvplayer.swf?id=d4da77d9a2b6fc1374853ef4654a0c67.flv&#038;ap=0\" \/><\/object><\/p>\n","protected":false},"excerpt":{"rendered":"<p>Ho ritrovato questo vecchio Trailer dello spettacolo &#8220;Nasi al cielo&#8221; prodotto da Pigrecoemme, per la regia di Marina De Rogatis e Maria Benoni, e messo in scena al Teatro Elicantropo nel maggio del 2006.&hellip;<\/p>\n","protected":false},"author":1,"featured_media":0,"comment_status":"open","ping_status":"open","sticky":false,"template":"","format":"standard","meta":{"_jetpack_newsletter_access":"","_jetpack_dont_email_post_to_subs":false,"_jetpack_newsletter_tier_id":0,"_jetpack_memberships_contains_paywalled_content":false,"_jetpack_feature_clip_id":0,"_jetpack_memberships_contains_paid_content":false,"footnotes":"","jetpack_post_was_ever_published":false},"categories":[12],"tags":[168,167,166,165,162,164,66,163],"class_list":["post-55","post","type-post","status-publish","format-standard","hentry","category-produzioni","tag-corso-di-recitazione","tag-laboratorio-teatrale","tag-maria-benoni","tag-marina-de-rogatis","tag-nasi-al-cielo","tag-pigrecoteatro","tag-teatro","tag-videoteatro"],"yoast_head":"<!-- This site is optimized with the Yoast SEO plugin v28.3 - https:\/\/yoast.com\/product\/yoast-seo-wordpress\/ -->\n<title>A blast from the past: Nasi al Cielo<\/title>\n<meta name=\"robots\" content=\"index, follow, max-snippet:-1, max-image-preview:large, max-video-preview:-1\" \/>\n<link rel=\"canonical\" href=\"https:\/\/www.pigrecoemme.com\/blog\/a-blast-from-the-past-nasi-al-cielo\/\" \/>\n<meta property=\"og:locale\" content=\"it_IT\" \/>\n<meta property=\"og:type\" content=\"article\" \/>\n<meta property=\"og:title\" content=\"A blast from the past: Nasi al Cielo\" \/>\n<meta property=\"og:description\" content=\"Ho ritrovato questo vecchio Trailer dello spettacolo &#8220;Nasi al cielo&#8221; prodotto da Pigrecoemme, per la regia di Marina De Rogatis e Maria Benoni, e messo in scena al Teatro Elicantropo nel maggio del 2006.&hellip;\" \/>\n<meta property=\"og:url\" content=\"https:\/\/www.pigrecoemme.com\/blog\/a-blast-from-the-past-nasi-al-cielo\/\" \/>\n<meta property=\"og:site_name\" content=\"Scuola di Cinema Pigrecoemme - Blog\" \/>\n<meta property=\"article:publisher\" content=\"https:\/\/www.facebook.com\/pigrecoemme\" \/>\n<meta property=\"article:author\" content=\"https:\/\/www.facebook.com\/giacomo.fabbrocino\" \/>\n<meta property=\"article:published_time\" content=\"2008-05-27T13:30:17+00:00\" \/>\n<meta property=\"og:image\" content=\"https:\/\/i0.wp.com\/www.pigrecoemme.com\/blog\/wp-content\/uploads\/2014\/11\/pigrecoemme-test1.jpg?fit=484%2C252&ssl=1\" \/>\n\t<meta property=\"og:image:width\" content=\"484\" \/>\n\t<meta property=\"og:image:height\" content=\"252\" \/>\n\t<meta property=\"og:image:type\" content=\"image\/jpeg\" \/>\n<meta name=\"author\" content=\"Giacomo Fabbrocino\" \/>\n<meta name=\"twitter:card\" content=\"summary_large_image\" \/>\n<meta name=\"twitter:creator\" content=\"@Pigrecoemme\" \/>\n<meta name=\"twitter:site\" content=\"@Pigrecoemme\" \/>\n<meta name=\"twitter:label1\" content=\"Scritto da\" \/>\n\t<meta name=\"twitter:data1\" content=\"Giacomo Fabbrocino\" \/>\n<script type=\"application\/ld+json\" class=\"yoast-schema-graph\">{\"@context\":\"https:\\\/\\\/schema.org\",\"@graph\":[{\"@type\":[\"Article\",\"BlogPosting\"],\"@id\":\"https:\\\/\\\/www.pigrecoemme.com\\\/blog\\\/a-blast-from-the-past-nasi-al-cielo\\\/#article\",\"isPartOf\":{\"@id\":\"https:\\\/\\\/www.pigrecoemme.com\\\/blog\\\/a-blast-from-the-past-nasi-al-cielo\\\/\"},\"author\":{\"name\":\"Giacomo Fabbrocino\",\"@id\":\"https:\\\/\\\/www.pigrecoemme.com\\\/blog\\\/#\\\/schema\\\/person\\\/57fa822c3d209d3a2612fd0411ae63f4\"},\"headline\":\"A blast from the past: Nasi al Cielo\",\"datePublished\":\"2008-05-27T13:30:17+00:00\",\"mainEntityOfPage\":{\"@id\":\"https:\\\/\\\/www.pigrecoemme.com\\\/blog\\\/a-blast-from-the-past-nasi-al-cielo\\\/\"},\"wordCount\":103,\"commentCount\":0,\"publisher\":{\"@id\":\"https:\\\/\\\/www.pigrecoemme.com\\\/blog\\\/#organization\"},\"keywords\":[\"corso di recitazione\",\"laboratorio teatrale\",\"maria benoni\",\"marina de rogatis\",\"nasi al cielo\",\"pigrecoteatro\",\"teatro\",\"videoteatro\"],\"articleSection\":[\"Produzioni\"],\"inLanguage\":\"it-IT\",\"potentialAction\":[{\"@type\":\"CommentAction\",\"name\":\"Comment\",\"target\":[\"https:\\\/\\\/www.pigrecoemme.com\\\/blog\\\/a-blast-from-the-past-nasi-al-cielo\\\/#respond\"]}]},{\"@type\":\"WebPage\",\"@id\":\"https:\\\/\\\/www.pigrecoemme.com\\\/blog\\\/a-blast-from-the-past-nasi-al-cielo\\\/\",\"url\":\"https:\\\/\\\/www.pigrecoemme.com\\\/blog\\\/a-blast-from-the-past-nasi-al-cielo\\\/\",\"name\":\"A blast from the past: Nasi al Cielo\",\"isPartOf\":{\"@id\":\"https:\\\/\\\/www.pigrecoemme.com\\\/blog\\\/#website\"},\"datePublished\":\"2008-05-27T13:30:17+00:00\",\"breadcrumb\":{\"@id\":\"https:\\\/\\\/www.pigrecoemme.com\\\/blog\\\/a-blast-from-the-past-nasi-al-cielo\\\/#breadcrumb\"},\"inLanguage\":\"it-IT\",\"potentialAction\":[{\"@type\":\"ReadAction\",\"target\":[\"https:\\\/\\\/www.pigrecoemme.com\\\/blog\\\/a-blast-from-the-past-nasi-al-cielo\\\/\"]}]},{\"@type\":\"BreadcrumbList\",\"@id\":\"https:\\\/\\\/www.pigrecoemme.com\\\/blog\\\/a-blast-from-the-past-nasi-al-cielo\\\/#breadcrumb\",\"itemListElement\":[{\"@type\":\"ListItem\",\"position\":1,\"name\":\"Home\",\"item\":\"https:\\\/\\\/www.pigrecoemme.com\\\/blog\\\/\"},{\"@type\":\"ListItem\",\"position\":2,\"name\":\"A blast from the past: Nasi al Cielo\"}]},{\"@type\":\"WebSite\",\"@id\":\"https:\\\/\\\/www.pigrecoemme.com\\\/blog\\\/#website\",\"url\":\"https:\\\/\\\/www.pigrecoemme.com\\\/blog\\\/\",\"name\":\"Scuola di Cinema Pigrecoemme - Blog\",\"description\":\"Siamo la prima Scuola di Cinema e Fotografia di Napoli\",\"publisher\":{\"@id\":\"https:\\\/\\\/www.pigrecoemme.com\\\/blog\\\/#organization\"},\"potentialAction\":[{\"@type\":\"SearchAction\",\"target\":{\"@type\":\"EntryPoint\",\"urlTemplate\":\"https:\\\/\\\/www.pigrecoemme.com\\\/blog\\\/?s={search_term_string}\"},\"query-input\":{\"@type\":\"PropertyValueSpecification\",\"valueRequired\":true,\"valueName\":\"search_term_string\"}}],\"inLanguage\":\"it-IT\"},{\"@type\":\"Organization\",\"@id\":\"https:\\\/\\\/www.pigrecoemme.com\\\/blog\\\/#organization\",\"name\":\"Scuola di cinema e fotografia Pigrecoemme\",\"url\":\"https:\\\/\\\/www.pigrecoemme.com\\\/blog\\\/\",\"logo\":{\"@type\":\"ImageObject\",\"inLanguage\":\"it-IT\",\"@id\":\"https:\\\/\\\/www.pigrecoemme.com\\\/blog\\\/#\\\/schema\\\/logo\\\/image\\\/\",\"url\":\"https:\\\/\\\/i0.wp.com\\\/www.pigrecoemme.com\\\/blog\\\/wp-content\\\/uploads\\\/2018\\\/06\\\/logo-pigrecoemme-2018.png?fit=500%2C500&ssl=1\",\"contentUrl\":\"https:\\\/\\\/i0.wp.com\\\/www.pigrecoemme.com\\\/blog\\\/wp-content\\\/uploads\\\/2018\\\/06\\\/logo-pigrecoemme-2018.png?fit=500%2C500&ssl=1\",\"width\":500,\"height\":500,\"caption\":\"Scuola di cinema e fotografia Pigrecoemme\"},\"image\":{\"@id\":\"https:\\\/\\\/www.pigrecoemme.com\\\/blog\\\/#\\\/schema\\\/logo\\\/image\\\/\"},\"sameAs\":[\"https:\\\/\\\/www.facebook.com\\\/pigrecoemme\",\"https:\\\/\\\/x.com\\\/Pigrecoemme\",\"https:\\\/\\\/www.instagram.com\\\/pigrecoemme\\\/\",\"https:\\\/\\\/www.linkedin.com\\\/company\\\/pigrecoemme\\\/\",\"https:\\\/\\\/www.youtube.com\\\/pigrecoemme\"]},{\"@type\":\"Person\",\"@id\":\"https:\\\/\\\/www.pigrecoemme.com\\\/blog\\\/#\\\/schema\\\/person\\\/57fa822c3d209d3a2612fd0411ae63f4\",\"name\":\"Giacomo Fabbrocino\",\"image\":{\"@type\":\"ImageObject\",\"inLanguage\":\"it-IT\",\"@id\":\"https:\\\/\\\/secure.gravatar.com\\\/avatar\\\/0e4dfd4d05c06a03fffaffeb36fb181415ba11b91a6b566fa2e8ada75927db32?s=96&r=g\",\"url\":\"https:\\\/\\\/secure.gravatar.com\\\/avatar\\\/0e4dfd4d05c06a03fffaffeb36fb181415ba11b91a6b566fa2e8ada75927db32?s=96&r=g\",\"contentUrl\":\"https:\\\/\\\/secure.gravatar.com\\\/avatar\\\/0e4dfd4d05c06a03fffaffeb36fb181415ba11b91a6b566fa2e8ada75927db32?s=96&r=g\",\"caption\":\"Giacomo Fabbrocino\"},\"description\":\"Montatore cinematografico, autore di documentari sull'arte e di video d'artista, Giacomo \u00e8 responsabile della didattica e della comunicazione web della Scuola di Cinema, Fotografia e Televisione Pigrecoemme di Napoli.\",\"sameAs\":[\"http:\\\/\\\/www.pigrecoemme.com\\\/\",\"https:\\\/\\\/www.facebook.com\\\/giacomo.fabbrocino\"],\"url\":\"https:\\\/\\\/www.pigrecoemme.com\\\/blog\\\/author\\\/giacomo-fabbrocino\\\/\"}]}<\/script>\n<!-- \/ Yoast SEO plugin. -->","yoast_head_json":{"title":"A blast from the past: Nasi al Cielo","robots":{"index":"index","follow":"follow","max-snippet":"max-snippet:-1","max-image-preview":"max-image-preview:large","max-video-preview":"max-video-preview:-1"},"canonical":"https:\/\/www.pigrecoemme.com\/blog\/a-blast-from-the-past-nasi-al-cielo\/","og_locale":"it_IT","og_type":"article","og_title":"A blast from the past: Nasi al Cielo","og_description":"Ho ritrovato questo vecchio Trailer dello spettacolo &#8220;Nasi al cielo&#8221; prodotto da Pigrecoemme, per la regia di Marina De Rogatis e Maria Benoni, e messo in scena al Teatro Elicantropo nel maggio del 2006.&hellip;","og_url":"https:\/\/www.pigrecoemme.com\/blog\/a-blast-from-the-past-nasi-al-cielo\/","og_site_name":"Scuola di Cinema Pigrecoemme - Blog","article_publisher":"https:\/\/www.facebook.com\/pigrecoemme","article_author":"https:\/\/www.facebook.com\/giacomo.fabbrocino","article_published_time":"2008-05-27T13:30:17+00:00","og_image":[{"width":484,"height":252,"url":"https:\/\/i0.wp.com\/www.pigrecoemme.com\/blog\/wp-content\/uploads\/2014\/11\/pigrecoemme-test1.jpg?fit=484%2C252&ssl=1","type":"image\/jpeg"}],"author":"Giacomo Fabbrocino","twitter_card":"summary_large_image","twitter_creator":"@Pigrecoemme","twitter_site":"@Pigrecoemme","twitter_misc":{"Scritto da":"Giacomo Fabbrocino"},"schema":{"@context":"https:\/\/schema.org","@graph":[{"@type":["Article","BlogPosting"],"@id":"https:\/\/www.pigrecoemme.com\/blog\/a-blast-from-the-past-nasi-al-cielo\/#article","isPartOf":{"@id":"https:\/\/www.pigrecoemme.com\/blog\/a-blast-from-the-past-nasi-al-cielo\/"},"author":{"name":"Giacomo Fabbrocino","@id":"https:\/\/www.pigrecoemme.com\/blog\/#\/schema\/person\/57fa822c3d209d3a2612fd0411ae63f4"},"headline":"A blast from the past: Nasi al Cielo","datePublished":"2008-05-27T13:30:17+00:00","mainEntityOfPage":{"@id":"https:\/\/www.pigrecoemme.com\/blog\/a-blast-from-the-past-nasi-al-cielo\/"},"wordCount":103,"commentCount":0,"publisher":{"@id":"https:\/\/www.pigrecoemme.com\/blog\/#organization"},"keywords":["corso di recitazione","laboratorio teatrale","maria benoni","marina de rogatis","nasi al cielo","pigrecoteatro","teatro","videoteatro"],"articleSection":["Produzioni"],"inLanguage":"it-IT","potentialAction":[{"@type":"CommentAction","name":"Comment","target":["https:\/\/www.pigrecoemme.com\/blog\/a-blast-from-the-past-nasi-al-cielo\/#respond"]}]},{"@type":"WebPage","@id":"https:\/\/www.pigrecoemme.com\/blog\/a-blast-from-the-past-nasi-al-cielo\/","url":"https:\/\/www.pigrecoemme.com\/blog\/a-blast-from-the-past-nasi-al-cielo\/","name":"A blast from the past: Nasi al Cielo","isPartOf":{"@id":"https:\/\/www.pigrecoemme.com\/blog\/#website"},"datePublished":"2008-05-27T13:30:17+00:00","breadcrumb":{"@id":"https:\/\/www.pigrecoemme.com\/blog\/a-blast-from-the-past-nasi-al-cielo\/#breadcrumb"},"inLanguage":"it-IT","potentialAction":[{"@type":"ReadAction","target":["https:\/\/www.pigrecoemme.com\/blog\/a-blast-from-the-past-nasi-al-cielo\/"]}]},{"@type":"BreadcrumbList","@id":"https:\/\/www.pigrecoemme.com\/blog\/a-blast-from-the-past-nasi-al-cielo\/#breadcrumb","itemListElement":[{"@type":"ListItem","position":1,"name":"Home","item":"https:\/\/www.pigrecoemme.com\/blog\/"},{"@type":"ListItem","position":2,"name":"A blast from the past: Nasi al Cielo"}]},{"@type":"WebSite","@id":"https:\/\/www.pigrecoemme.com\/blog\/#website","url":"https:\/\/www.pigrecoemme.com\/blog\/","name":"Scuola di Cinema Pigrecoemme - Blog","description":"Siamo la prima Scuola di Cinema e Fotografia di Napoli","publisher":{"@id":"https:\/\/www.pigrecoemme.com\/blog\/#organization"},"potentialAction":[{"@type":"SearchAction","target":{"@type":"EntryPoint","urlTemplate":"https:\/\/www.pigrecoemme.com\/blog\/?s={search_term_string}"},"query-input":{"@type":"PropertyValueSpecification","valueRequired":true,"valueName":"search_term_string"}}],"inLanguage":"it-IT"},{"@type":"Organization","@id":"https:\/\/www.pigrecoemme.com\/blog\/#organization","name":"Scuola di cinema e fotografia Pigrecoemme","url":"https:\/\/www.pigrecoemme.com\/blog\/","logo":{"@type":"ImageObject","inLanguage":"it-IT","@id":"https:\/\/www.pigrecoemme.com\/blog\/#\/schema\/logo\/image\/","url":"https:\/\/i0.wp.com\/www.pigrecoemme.com\/blog\/wp-content\/uploads\/2018\/06\/logo-pigrecoemme-2018.png?fit=500%2C500&ssl=1","contentUrl":"https:\/\/i0.wp.com\/www.pigrecoemme.com\/blog\/wp-content\/uploads\/2018\/06\/logo-pigrecoemme-2018.png?fit=500%2C500&ssl=1","width":500,"height":500,"caption":"Scuola di cinema e fotografia Pigrecoemme"},"image":{"@id":"https:\/\/www.pigrecoemme.com\/blog\/#\/schema\/logo\/image\/"},"sameAs":["https:\/\/www.facebook.com\/pigrecoemme","https:\/\/x.com\/Pigrecoemme","https:\/\/www.instagram.com\/pigrecoemme\/","https:\/\/www.linkedin.com\/company\/pigrecoemme\/","https:\/\/www.youtube.com\/pigrecoemme"]},{"@type":"Person","@id":"https:\/\/www.pigrecoemme.com\/blog\/#\/schema\/person\/57fa822c3d209d3a2612fd0411ae63f4","name":"Giacomo Fabbrocino","image":{"@type":"ImageObject","inLanguage":"it-IT","@id":"https:\/\/secure.gravatar.com\/avatar\/0e4dfd4d05c06a03fffaffeb36fb181415ba11b91a6b566fa2e8ada75927db32?s=96&r=g","url":"https:\/\/secure.gravatar.com\/avatar\/0e4dfd4d05c06a03fffaffeb36fb181415ba11b91a6b566fa2e8ada75927db32?s=96&r=g","contentUrl":"https:\/\/secure.gravatar.com\/avatar\/0e4dfd4d05c06a03fffaffeb36fb181415ba11b91a6b566fa2e8ada75927db32?s=96&r=g","caption":"Giacomo Fabbrocino"},"description":"Montatore cinematografico, autore di documentari sull'arte e di video d'artista, Giacomo \u00e8 responsabile della didattica e della comunicazione web della Scuola di Cinema, Fotografia e Televisione Pigrecoemme di Napoli.","sameAs":["http:\/\/www.pigrecoemme.com\/","https:\/\/www.facebook.com\/giacomo.fabbrocino"],"url":"https:\/\/www.pigrecoemme.com\/blog\/author\/giacomo-fabbrocino\/"}]}},"jetpack_sharing_enabled":true,"jetpack_likes_enabled":true,"jetpack-related-posts":[{"id":73,"url":"https:\/\/www.pigrecoemme.com\/blog\/lucio-allocca-e-cesare-accetta-due-nuovi-docenti-della-scuola-di-cinema-pigrecoemme\/","url_meta":{"origin":55,"position":0},"title":"Lucio Allocca e Cesare Accetta, due nuovi docenti della Scuola di Cinema Pigrecoemme","author":"Giacomo Fabbrocino","date":"4 Agosto 2008","format":false,"excerpt":"Interrompo il silenzio estivo (gi\u00e0, che fine hanno fatto le foto della settimana?) per annunciare ufficialmente due interessantissime novit\u00e0 riguardanti il prossimo anno di corsi. Il prossimo corso master in cinema (il nostro corso pi\u00f9 completo, quello annuale) vedr\u00e0 tra i docenti il maestro Cesare Accetta, sicuramente uno dei pi\u00f9\u2026","rel":"","context":"In &quot;Scuola di cinema&quot;","block_context":{"text":"Scuola di cinema","link":"https:\/\/www.pigrecoemme.com\/blog\/scuola-di-cinema\/"},"img":{"alt_text":"","src":"","width":0,"height":0},"classes":[]},{"id":619,"url":"https:\/\/www.pigrecoemme.com\/blog\/petizione-per-concedere-a-franca-valeri-la-cittadinanza-onoraria-di-napoli\/","url_meta":{"origin":55,"position":1},"title":"Petizione per concedere a Franca Valeri la cittadinanza onoraria di Napoli","author":"Giacomo Fabbrocino","date":"28 Marzo 2013","format":false,"excerpt":"FIRMA LA PETIZIONE Napoli, citt\u00e0 d'arte e di artisti, pu\u00f2 legittimarsi in tal senso anche riconoscendo come a s\u00e9 vicini coloro i quali hanno dato lustro alle arti, nelle loro diverse manifestazioni, pur vantando origini e natali diversi. Napoli \u00e8 un teatro. Ecco perch\u00e9 Napoli, ogni qualvolta gliene si presenti\u2026","rel":"","context":"In &quot;Eventi&quot;","block_context":{"text":"Eventi","link":"https:\/\/www.pigrecoemme.com\/blog\/eventi\/"},"img":{"alt_text":"","src":"https:\/\/i0.wp.com\/www.pigrecoemme.com\/blog\/wp-content\/uploads\/2013\/03\/franca-valeri.png?resize=350%2C200","width":350,"height":200},"classes":[]},{"id":596,"url":"https:\/\/www.pigrecoemme.com\/blog\/questioni-di-coppia\/","url_meta":{"origin":55,"position":2},"title":"&#8220;Questioni di coppia&#8221;, con una regia di Lucio Allocca, Pigrecoemme torna sul palco. Al Th\u00e9\u00e2tre de Poche.","author":"Corrado Morra","date":"17 Gennaio 2013","format":false,"excerpt":"Dal 24 al 27 gennaio 2013, al Th\u00e9\u00e2tre de Poche di Napoli (Via Salvatore Tommasi, 15), andr\u00e0 in scena Questioni di coppia, atto unico, libero adattamento di Ludovica Rambelli de La tigre di Murray Schisgal. La regia dello spettacolo \u00e8 di Lucio Allocca. Sul palco, due giovani e interessanti attori\u2026","rel":"","context":"In &quot;Generale&quot;","block_context":{"text":"Generale","link":"https:\/\/www.pigrecoemme.com\/blog\/generale\/"},"img":{"alt_text":"","src":"https:\/\/i0.wp.com\/www.pigrecoemme.com\/blog\/wp-content\/uploads\/2013\/01\/locandina-questioni-di-coppia-211x300.jpg?resize=350%2C200","width":350,"height":200},"classes":[]},{"id":1267,"url":"https:\/\/www.pigrecoemme.com\/blog\/sporte\/","url_meta":{"origin":55,"position":3},"title":"Al Sancarluccio, Angelo Serio dirige Frascati e Manvati","author":"Corrado Morra","date":"9 Marzo 2015","format":false,"excerpt":"\u00a0Marted\u00ec 10 e\u00a0mercoled\u00ec 11 marzo (ore 21:00)\u00a0\u00e8 in scena al\u00a0Nuovo Teatro Sancarluccio\u00a0di Napoli\u00a0(via San Pasquale a Chiaia 49) lo spettacolo Sporte 'e nummere e caurare 'e stelle\u00a0scritto da Roberta Frascati e diretto da Angelo Serio. In scena, oltre a Frascati - al suo debutto come\u00a0scrittrice\u00a0teatrale -\u00a0Eliana Manvati. Il lavoro\u00a0\u00e8\u00a0prodotto da\u2026","rel":"","context":"In &quot;Generale&quot;","block_context":{"text":"Generale","link":"https:\/\/www.pigrecoemme.com\/blog\/generale\/"},"img":{"alt_text":"Roberta Frascati  e Eliana Manvatii","src":"https:\/\/i0.wp.com\/www.pigrecoemme.com\/blog\/wp-content\/uploads\/2015\/03\/roberta-frascati-eliana-manvati-2.jpg?resize=350%2C200","width":350,"height":200,"srcset":"https:\/\/i0.wp.com\/www.pigrecoemme.com\/blog\/wp-content\/uploads\/2015\/03\/roberta-frascati-eliana-manvati-2.jpg?resize=350%2C200 1x, https:\/\/i0.wp.com\/www.pigrecoemme.com\/blog\/wp-content\/uploads\/2015\/03\/roberta-frascati-eliana-manvati-2.jpg?resize=525%2C300 1.5x, https:\/\/i0.wp.com\/www.pigrecoemme.com\/blog\/wp-content\/uploads\/2015\/03\/roberta-frascati-eliana-manvati-2.jpg?resize=700%2C400 2x, https:\/\/i0.wp.com\/www.pigrecoemme.com\/blog\/wp-content\/uploads\/2015\/03\/roberta-frascati-eliana-manvati-2.jpg?resize=1050%2C600 3x"},"classes":[]},{"id":82,"url":"https:\/\/www.pigrecoemme.com\/blog\/corso-di-recitazione-provino-di-ammissione-2008-teatrale-cinematografica\/","url_meta":{"origin":55,"position":4},"title":"Sabato 18 ottobre, ore 11: provino di ammissione al corso semestrale di recitazione teatrale e cinematografica di Pigrecoemme.","author":"Giacomo Fabbrocino","date":"14 Settembre 2008","format":false,"excerpt":"E' stato fissato per sabato 18 ottobre, alle ore 11,00, il provino di ammissione al corso di recitazione teatrale e cinematografica. Gli interessati sono invitati a prenotare la possibilit\u00e0 di prendervi parte telefonando allo 081 5635188 (dal luned\u00ec al venerd\u00ec, in orari di ufficio) o scrivendo a corsi@pigrecoemme.com. I candidati\u2026","rel":"","context":"In &quot;Scuola di cinema&quot;","block_context":{"text":"Scuola di cinema","link":"https:\/\/www.pigrecoemme.com\/blog\/scuola-di-cinema\/"},"img":{"alt_text":"","src":"https:\/\/i0.wp.com\/www.pigrecoemme.com\/blog\/wp-content\/uploads\/2024\/10\/acting-in-a-movie.png?resize=350%2C200&ssl=1","width":350,"height":200,"srcset":"https:\/\/i0.wp.com\/www.pigrecoemme.com\/blog\/wp-content\/uploads\/2024\/10\/acting-in-a-movie.png?resize=350%2C200&ssl=1 1x, https:\/\/i0.wp.com\/www.pigrecoemme.com\/blog\/wp-content\/uploads\/2024\/10\/acting-in-a-movie.png?resize=525%2C300&ssl=1 1.5x, https:\/\/i0.wp.com\/www.pigrecoemme.com\/blog\/wp-content\/uploads\/2024\/10\/acting-in-a-movie.png?resize=700%2C400&ssl=1 2x"},"classes":[]},{"id":1563,"url":"https:\/\/www.pigrecoemme.com\/blog\/lezione-gratuita-fotografia-formato-raw-gennaio-2016\/","url_meta":{"origin":55,"position":5},"title":"Lezione gratuita di Fotografia sul formato Raw","author":"Pigrecoemme","date":"15 Dicembre 2015","format":false,"excerpt":"Venerd\u00ec 15 gennaio, alle ore 16:00, alla Scuola di cinema e fotografia Pigrecoemme di Napoli, si terr\u00e0\u00a0Le potenzialit\u00e0 del formato Raw, una lezione gratuita a cura di Luca Sorbo, docente dei corsi di Fotografia e di Fotogiornalismo della Pigrecoemme. Modalit\u00e0 di partecipazione L\u2019incontro \u00e8 gratuito\u00a0e la prenotazione, fino a esaurimento\u2026","rel":"","context":"In &quot;Eventi&quot;","block_context":{"text":"Eventi","link":"https:\/\/www.pigrecoemme.com\/blog\/eventi\/"},"img":{"alt_text":"","src":"https:\/\/i0.wp.com\/www.pigrecoemme.com\/blog\/wp-content\/uploads\/2024\/03\/potenzialita-formato-raw1.gif?fit=484%2C252&ssl=1&resize=350%2C200","width":350,"height":200},"classes":[]}],"jetpack_featured_media_url":"","_links":{"self":[{"href":"https:\/\/www.pigrecoemme.com\/blog\/wp-json\/wp\/v2\/posts\/55","targetHints":{"allow":["GET"]}}],"collection":[{"href":"https:\/\/www.pigrecoemme.com\/blog\/wp-json\/wp\/v2\/posts"}],"about":[{"href":"https:\/\/www.pigrecoemme.com\/blog\/wp-json\/wp\/v2\/types\/post"}],"author":[{"embeddable":true,"href":"https:\/\/www.pigrecoemme.com\/blog\/wp-json\/wp\/v2\/users\/1"}],"replies":[{"embeddable":true,"href":"https:\/\/www.pigrecoemme.com\/blog\/wp-json\/wp\/v2\/comments?post=55"}],"version-history":[{"count":0,"href":"https:\/\/www.pigrecoemme.com\/blog\/wp-json\/wp\/v2\/posts\/55\/revisions"}],"wp:attachment":[{"href":"https:\/\/www.pigrecoemme.com\/blog\/wp-json\/wp\/v2\/media?parent=55"}],"wp:term":[{"taxonomy":"category","embeddable":true,"href":"https:\/\/www.pigrecoemme.com\/blog\/wp-json\/wp\/v2\/categories?post=55"},{"taxonomy":"post_tag","embeddable":true,"href":"https:\/\/www.pigrecoemme.com\/blog\/wp-json\/wp\/v2\/tags?post=55"}],"curies":[{"name":"wp","href":"https:\/\/api.w.org\/{rel}","templated":true}]}}