{"id":549,"date":"2012-10-16T15:49:58","date_gmt":"2012-10-16T13:49:58","guid":{"rendered":"http:\/\/www.pigrecoemme.com\/blog\/?p=549"},"modified":"2012-11-13T15:14:02","modified_gmt":"2012-11-13T13:14:02","slug":"convenzione-con-la-galleria-toledo","status":"publish","type":"post","link":"https:\/\/www.pigrecoemme.com\/blog\/convenzione-con-la-galleria-toledo\/","title":{"rendered":"Convenzione con la Galleria Toledo"},"content":{"rendered":"<p><img data-recalc-dims=\"1\" loading=\"lazy\" decoding=\"async\" class=\"aligncenter\" src=\"https:\/\/i0.wp.com\/www.pigrecoemme.com\/newsletter\/issue6\/logotoledo.png?resize=340%2C190\" alt=\"\" width=\"340\" height=\"190\" \/><\/p>\n<p>Siamo lieti di comunicare a tutti i nostri corsisti ed ex corsisti che abbiamo rinnovato la nostra convenzione con il <a href=\"http:\/\/www.galleriatoledo.org\/\">Teatro Stabile di innovazione Galleria Toledo<\/a>.<br \/>\nPresentando la tessera della Pigrecoemme \u00a0&#8211; se non l&#8217;avete, venite a ritirarla \ud83d\ude42 \u00a0&#8211; avrete diritto all&#8217;ingesso a prezzo ridotto (\u20ac15,00 anzich\u00e9 \u20ac20,00).<br \/>\nPer consultare il calendario della stagione 2013, <a href=\"http:\/\/www.galleriatoledo.org\/2013\/calendario\/\">cliccate qui<\/a>.<\/p>\n","protected":false},"excerpt":{"rendered":"<p>Siamo lieti di comunicare a tutti i nostri corsisti ed ex corsisti che abbiamo rinnovato la nostra convenzione con il Teatro Stabile di innovazione Galleria Toledo. Presentando la tessera della Pigrecoemme \u00a0&#8211; se non&hellip;<\/p>\n","protected":false},"author":1,"featured_media":0,"comment_status":"open","ping_status":"open","sticky":false,"template":"","format":"standard","meta":{"_jetpack_newsletter_access":"","_jetpack_dont_email_post_to_subs":false,"_jetpack_newsletter_tier_id":0,"_jetpack_memberships_contains_paywalled_content":false,"_jetpack_feature_clip_id":0,"_jetpack_memberships_contains_paid_content":false,"footnotes":"","jetpack_post_was_ever_published":false},"categories":[738,1,731],"tags":[1285,66],"class_list":["post-549","post","type-post","status-publish","format-standard","hentry","category-convenzioni","category-generale","category-segnalazioni","tag-convenzioni","tag-teatro"],"yoast_head":"<!-- This site is optimized with the Yoast SEO plugin v28.3 - https:\/\/yoast.com\/product\/yoast-seo-wordpress\/ -->\n<title>Convenzione con la Galleria Toledo<\/title>\n<meta name=\"robots\" content=\"index, follow, max-snippet:-1, max-image-preview:large, max-video-preview:-1\" \/>\n<link rel=\"canonical\" href=\"https:\/\/www.pigrecoemme.com\/blog\/convenzione-con-la-galleria-toledo\/\" \/>\n<meta property=\"og:locale\" content=\"it_IT\" \/>\n<meta property=\"og:type\" content=\"article\" \/>\n<meta property=\"og:title\" content=\"Convenzione con la Galleria Toledo\" \/>\n<meta property=\"og:description\" content=\"Siamo lieti di comunicare a tutti i nostri corsisti ed ex corsisti che abbiamo rinnovato la nostra convenzione con il Teatro Stabile di innovazione Galleria Toledo. Presentando la tessera della Pigrecoemme \u00a0&#8211; se non l&#8217;avete, venite a ritirarla \u00a0&#8211; avrete &hellip; Continue reading &rarr;\" \/>\n<meta property=\"og:url\" content=\"https:\/\/www.pigrecoemme.com\/blog\/convenzione-con-la-galleria-toledo\/\" \/>\n<meta property=\"og:site_name\" content=\"Scuola di Cinema Pigrecoemme - Blog\" \/>\n<meta property=\"article:publisher\" content=\"https:\/\/www.facebook.com\/pigrecoemme\" \/>\n<meta property=\"article:author\" content=\"https:\/\/www.facebook.com\/giacomo.fabbrocino\" \/>\n<meta property=\"article:published_time\" content=\"2012-10-16T13:49:58+00:00\" \/>\n<meta property=\"article:modified_time\" content=\"2012-11-13T13:14:02+00:00\" \/>\n<meta property=\"og:image\" content=\"http:\/\/www.pigrecoemme.com\/newsletter\/issue6\/logotoledo.png\" \/>\n<meta name=\"author\" content=\"Giacomo Fabbrocino\" \/>\n<meta name=\"twitter:card\" content=\"summary_large_image\" \/>\n<meta name=\"twitter:creator\" content=\"@Pigrecoemme\" \/>\n<meta name=\"twitter:site\" content=\"@Pigrecoemme\" \/>\n<meta name=\"twitter:label1\" content=\"Scritto da\" \/>\n\t<meta name=\"twitter:data1\" content=\"Giacomo Fabbrocino\" \/>\n<script type=\"application\/ld+json\" class=\"yoast-schema-graph\">{\"@context\":\"https:\\\/\\\/schema.org\",\"@graph\":[{\"@type\":[\"Article\",\"BlogPosting\"],\"@id\":\"https:\\\/\\\/www.pigrecoemme.com\\\/blog\\\/convenzione-con-la-galleria-toledo\\\/#article\",\"isPartOf\":{\"@id\":\"https:\\\/\\\/www.pigrecoemme.com\\\/blog\\\/convenzione-con-la-galleria-toledo\\\/\"},\"author\":{\"name\":\"Giacomo Fabbrocino\",\"@id\":\"https:\\\/\\\/www.pigrecoemme.com\\\/blog\\\/#\\\/schema\\\/person\\\/57fa822c3d209d3a2612fd0411ae63f4\"},\"headline\":\"Convenzione con la Galleria Toledo\",\"datePublished\":\"2012-10-16T13:49:58+00:00\",\"dateModified\":\"2012-11-13T13:14:02+00:00\",\"mainEntityOfPage\":{\"@id\":\"https:\\\/\\\/www.pigrecoemme.com\\\/blog\\\/convenzione-con-la-galleria-toledo\\\/\"},\"wordCount\":61,\"commentCount\":0,\"publisher\":{\"@id\":\"https:\\\/\\\/www.pigrecoemme.com\\\/blog\\\/#organization\"},\"image\":{\"@id\":\"https:\\\/\\\/www.pigrecoemme.com\\\/blog\\\/convenzione-con-la-galleria-toledo\\\/#primaryimage\"},\"thumbnailUrl\":\"http:\\\/\\\/www.pigrecoemme.com\\\/newsletter\\\/issue6\\\/logotoledo.png\",\"keywords\":[\"Convenzioni\",\"teatro\"],\"articleSection\":[\"Convenzioni\",\"Generale\",\"Segnalazioni\"],\"inLanguage\":\"it-IT\",\"potentialAction\":[{\"@type\":\"CommentAction\",\"name\":\"Comment\",\"target\":[\"https:\\\/\\\/www.pigrecoemme.com\\\/blog\\\/convenzione-con-la-galleria-toledo\\\/#respond\"]}]},{\"@type\":\"WebPage\",\"@id\":\"https:\\\/\\\/www.pigrecoemme.com\\\/blog\\\/convenzione-con-la-galleria-toledo\\\/\",\"url\":\"https:\\\/\\\/www.pigrecoemme.com\\\/blog\\\/convenzione-con-la-galleria-toledo\\\/\",\"name\":\"Convenzione con la Galleria Toledo\",\"isPartOf\":{\"@id\":\"https:\\\/\\\/www.pigrecoemme.com\\\/blog\\\/#website\"},\"primaryImageOfPage\":{\"@id\":\"https:\\\/\\\/www.pigrecoemme.com\\\/blog\\\/convenzione-con-la-galleria-toledo\\\/#primaryimage\"},\"image\":{\"@id\":\"https:\\\/\\\/www.pigrecoemme.com\\\/blog\\\/convenzione-con-la-galleria-toledo\\\/#primaryimage\"},\"thumbnailUrl\":\"http:\\\/\\\/www.pigrecoemme.com\\\/newsletter\\\/issue6\\\/logotoledo.png\",\"datePublished\":\"2012-10-16T13:49:58+00:00\",\"dateModified\":\"2012-11-13T13:14:02+00:00\",\"breadcrumb\":{\"@id\":\"https:\\\/\\\/www.pigrecoemme.com\\\/blog\\\/convenzione-con-la-galleria-toledo\\\/#breadcrumb\"},\"inLanguage\":\"it-IT\",\"potentialAction\":[{\"@type\":\"ReadAction\",\"target\":[\"https:\\\/\\\/www.pigrecoemme.com\\\/blog\\\/convenzione-con-la-galleria-toledo\\\/\"]}]},{\"@type\":\"ImageObject\",\"inLanguage\":\"it-IT\",\"@id\":\"https:\\\/\\\/www.pigrecoemme.com\\\/blog\\\/convenzione-con-la-galleria-toledo\\\/#primaryimage\",\"url\":\"http:\\\/\\\/www.pigrecoemme.com\\\/newsletter\\\/issue6\\\/logotoledo.png\",\"contentUrl\":\"http:\\\/\\\/www.pigrecoemme.com\\\/newsletter\\\/issue6\\\/logotoledo.png\"},{\"@type\":\"BreadcrumbList\",\"@id\":\"https:\\\/\\\/www.pigrecoemme.com\\\/blog\\\/convenzione-con-la-galleria-toledo\\\/#breadcrumb\",\"itemListElement\":[{\"@type\":\"ListItem\",\"position\":1,\"name\":\"Home\",\"item\":\"https:\\\/\\\/www.pigrecoemme.com\\\/blog\\\/\"},{\"@type\":\"ListItem\",\"position\":2,\"name\":\"Convenzione con la Galleria Toledo\"}]},{\"@type\":\"WebSite\",\"@id\":\"https:\\\/\\\/www.pigrecoemme.com\\\/blog\\\/#website\",\"url\":\"https:\\\/\\\/www.pigrecoemme.com\\\/blog\\\/\",\"name\":\"Scuola di Cinema Pigrecoemme - Blog\",\"description\":\"Siamo la prima Scuola di Cinema e Fotografia di Napoli\",\"publisher\":{\"@id\":\"https:\\\/\\\/www.pigrecoemme.com\\\/blog\\\/#organization\"},\"potentialAction\":[{\"@type\":\"SearchAction\",\"target\":{\"@type\":\"EntryPoint\",\"urlTemplate\":\"https:\\\/\\\/www.pigrecoemme.com\\\/blog\\\/?s={search_term_string}\"},\"query-input\":{\"@type\":\"PropertyValueSpecification\",\"valueRequired\":true,\"valueName\":\"search_term_string\"}}],\"inLanguage\":\"it-IT\"},{\"@type\":\"Organization\",\"@id\":\"https:\\\/\\\/www.pigrecoemme.com\\\/blog\\\/#organization\",\"name\":\"Scuola di cinema e fotografia Pigrecoemme\",\"url\":\"https:\\\/\\\/www.pigrecoemme.com\\\/blog\\\/\",\"logo\":{\"@type\":\"ImageObject\",\"inLanguage\":\"it-IT\",\"@id\":\"https:\\\/\\\/www.pigrecoemme.com\\\/blog\\\/#\\\/schema\\\/logo\\\/image\\\/\",\"url\":\"https:\\\/\\\/i0.wp.com\\\/www.pigrecoemme.com\\\/blog\\\/wp-content\\\/uploads\\\/2018\\\/06\\\/logo-pigrecoemme-2018.png?fit=500%2C500&ssl=1\",\"contentUrl\":\"https:\\\/\\\/i0.wp.com\\\/www.pigrecoemme.com\\\/blog\\\/wp-content\\\/uploads\\\/2018\\\/06\\\/logo-pigrecoemme-2018.png?fit=500%2C500&ssl=1\",\"width\":500,\"height\":500,\"caption\":\"Scuola di cinema e fotografia Pigrecoemme\"},\"image\":{\"@id\":\"https:\\\/\\\/www.pigrecoemme.com\\\/blog\\\/#\\\/schema\\\/logo\\\/image\\\/\"},\"sameAs\":[\"https:\\\/\\\/www.facebook.com\\\/pigrecoemme\",\"https:\\\/\\\/x.com\\\/Pigrecoemme\",\"https:\\\/\\\/www.instagram.com\\\/pigrecoemme\\\/\",\"https:\\\/\\\/www.linkedin.com\\\/company\\\/pigrecoemme\\\/\",\"https:\\\/\\\/www.youtube.com\\\/pigrecoemme\"]},{\"@type\":\"Person\",\"@id\":\"https:\\\/\\\/www.pigrecoemme.com\\\/blog\\\/#\\\/schema\\\/person\\\/57fa822c3d209d3a2612fd0411ae63f4\",\"name\":\"Giacomo Fabbrocino\",\"image\":{\"@type\":\"ImageObject\",\"inLanguage\":\"it-IT\",\"@id\":\"https:\\\/\\\/secure.gravatar.com\\\/avatar\\\/0e4dfd4d05c06a03fffaffeb36fb181415ba11b91a6b566fa2e8ada75927db32?s=96&r=g\",\"url\":\"https:\\\/\\\/secure.gravatar.com\\\/avatar\\\/0e4dfd4d05c06a03fffaffeb36fb181415ba11b91a6b566fa2e8ada75927db32?s=96&r=g\",\"contentUrl\":\"https:\\\/\\\/secure.gravatar.com\\\/avatar\\\/0e4dfd4d05c06a03fffaffeb36fb181415ba11b91a6b566fa2e8ada75927db32?s=96&r=g\",\"caption\":\"Giacomo Fabbrocino\"},\"description\":\"Montatore cinematografico, autore di documentari sull'arte e di video d'artista, Giacomo \u00e8 responsabile della didattica e della comunicazione web della Scuola di Cinema, Fotografia e Televisione Pigrecoemme di Napoli.\",\"sameAs\":[\"http:\\\/\\\/www.pigrecoemme.com\\\/\",\"https:\\\/\\\/www.facebook.com\\\/giacomo.fabbrocino\"],\"url\":\"https:\\\/\\\/www.pigrecoemme.com\\\/blog\\\/author\\\/giacomo-fabbrocino\\\/\"}]}<\/script>\n<!-- \/ Yoast SEO plugin. -->","yoast_head_json":{"title":"Convenzione con la Galleria Toledo","robots":{"index":"index","follow":"follow","max-snippet":"max-snippet:-1","max-image-preview":"max-image-preview:large","max-video-preview":"max-video-preview:-1"},"canonical":"https:\/\/www.pigrecoemme.com\/blog\/convenzione-con-la-galleria-toledo\/","og_locale":"it_IT","og_type":"article","og_title":"Convenzione con la Galleria Toledo","og_description":"Siamo lieti di comunicare a tutti i nostri corsisti ed ex corsisti che abbiamo rinnovato la nostra convenzione con il Teatro Stabile di innovazione Galleria Toledo. Presentando la tessera della Pigrecoemme \u00a0&#8211; se non l&#8217;avete, venite a ritirarla \u00a0&#8211; avrete &hellip; Continue reading &rarr;","og_url":"https:\/\/www.pigrecoemme.com\/blog\/convenzione-con-la-galleria-toledo\/","og_site_name":"Scuola di Cinema Pigrecoemme - Blog","article_publisher":"https:\/\/www.facebook.com\/pigrecoemme","article_author":"https:\/\/www.facebook.com\/giacomo.fabbrocino","article_published_time":"2012-10-16T13:49:58+00:00","article_modified_time":"2012-11-13T13:14:02+00:00","og_image":[{"url":"http:\/\/www.pigrecoemme.com\/newsletter\/issue6\/logotoledo.png","type":"","width":"","height":""}],"author":"Giacomo Fabbrocino","twitter_card":"summary_large_image","twitter_creator":"@Pigrecoemme","twitter_site":"@Pigrecoemme","twitter_misc":{"Scritto da":"Giacomo Fabbrocino"},"schema":{"@context":"https:\/\/schema.org","@graph":[{"@type":["Article","BlogPosting"],"@id":"https:\/\/www.pigrecoemme.com\/blog\/convenzione-con-la-galleria-toledo\/#article","isPartOf":{"@id":"https:\/\/www.pigrecoemme.com\/blog\/convenzione-con-la-galleria-toledo\/"},"author":{"name":"Giacomo Fabbrocino","@id":"https:\/\/www.pigrecoemme.com\/blog\/#\/schema\/person\/57fa822c3d209d3a2612fd0411ae63f4"},"headline":"Convenzione con la Galleria Toledo","datePublished":"2012-10-16T13:49:58+00:00","dateModified":"2012-11-13T13:14:02+00:00","mainEntityOfPage":{"@id":"https:\/\/www.pigrecoemme.com\/blog\/convenzione-con-la-galleria-toledo\/"},"wordCount":61,"commentCount":0,"publisher":{"@id":"https:\/\/www.pigrecoemme.com\/blog\/#organization"},"image":{"@id":"https:\/\/www.pigrecoemme.com\/blog\/convenzione-con-la-galleria-toledo\/#primaryimage"},"thumbnailUrl":"http:\/\/www.pigrecoemme.com\/newsletter\/issue6\/logotoledo.png","keywords":["Convenzioni","teatro"],"articleSection":["Convenzioni","Generale","Segnalazioni"],"inLanguage":"it-IT","potentialAction":[{"@type":"CommentAction","name":"Comment","target":["https:\/\/www.pigrecoemme.com\/blog\/convenzione-con-la-galleria-toledo\/#respond"]}]},{"@type":"WebPage","@id":"https:\/\/www.pigrecoemme.com\/blog\/convenzione-con-la-galleria-toledo\/","url":"https:\/\/www.pigrecoemme.com\/blog\/convenzione-con-la-galleria-toledo\/","name":"Convenzione con la Galleria Toledo","isPartOf":{"@id":"https:\/\/www.pigrecoemme.com\/blog\/#website"},"primaryImageOfPage":{"@id":"https:\/\/www.pigrecoemme.com\/blog\/convenzione-con-la-galleria-toledo\/#primaryimage"},"image":{"@id":"https:\/\/www.pigrecoemme.com\/blog\/convenzione-con-la-galleria-toledo\/#primaryimage"},"thumbnailUrl":"http:\/\/www.pigrecoemme.com\/newsletter\/issue6\/logotoledo.png","datePublished":"2012-10-16T13:49:58+00:00","dateModified":"2012-11-13T13:14:02+00:00","breadcrumb":{"@id":"https:\/\/www.pigrecoemme.com\/blog\/convenzione-con-la-galleria-toledo\/#breadcrumb"},"inLanguage":"it-IT","potentialAction":[{"@type":"ReadAction","target":["https:\/\/www.pigrecoemme.com\/blog\/convenzione-con-la-galleria-toledo\/"]}]},{"@type":"ImageObject","inLanguage":"it-IT","@id":"https:\/\/www.pigrecoemme.com\/blog\/convenzione-con-la-galleria-toledo\/#primaryimage","url":"http:\/\/www.pigrecoemme.com\/newsletter\/issue6\/logotoledo.png","contentUrl":"http:\/\/www.pigrecoemme.com\/newsletter\/issue6\/logotoledo.png"},{"@type":"BreadcrumbList","@id":"https:\/\/www.pigrecoemme.com\/blog\/convenzione-con-la-galleria-toledo\/#breadcrumb","itemListElement":[{"@type":"ListItem","position":1,"name":"Home","item":"https:\/\/www.pigrecoemme.com\/blog\/"},{"@type":"ListItem","position":2,"name":"Convenzione con la Galleria Toledo"}]},{"@type":"WebSite","@id":"https:\/\/www.pigrecoemme.com\/blog\/#website","url":"https:\/\/www.pigrecoemme.com\/blog\/","name":"Scuola di Cinema Pigrecoemme - Blog","description":"Siamo la prima Scuola di Cinema e Fotografia di Napoli","publisher":{"@id":"https:\/\/www.pigrecoemme.com\/blog\/#organization"},"potentialAction":[{"@type":"SearchAction","target":{"@type":"EntryPoint","urlTemplate":"https:\/\/www.pigrecoemme.com\/blog\/?s={search_term_string}"},"query-input":{"@type":"PropertyValueSpecification","valueRequired":true,"valueName":"search_term_string"}}],"inLanguage":"it-IT"},{"@type":"Organization","@id":"https:\/\/www.pigrecoemme.com\/blog\/#organization","name":"Scuola di cinema e fotografia Pigrecoemme","url":"https:\/\/www.pigrecoemme.com\/blog\/","logo":{"@type":"ImageObject","inLanguage":"it-IT","@id":"https:\/\/www.pigrecoemme.com\/blog\/#\/schema\/logo\/image\/","url":"https:\/\/i0.wp.com\/www.pigrecoemme.com\/blog\/wp-content\/uploads\/2018\/06\/logo-pigrecoemme-2018.png?fit=500%2C500&ssl=1","contentUrl":"https:\/\/i0.wp.com\/www.pigrecoemme.com\/blog\/wp-content\/uploads\/2018\/06\/logo-pigrecoemme-2018.png?fit=500%2C500&ssl=1","width":500,"height":500,"caption":"Scuola di cinema e fotografia Pigrecoemme"},"image":{"@id":"https:\/\/www.pigrecoemme.com\/blog\/#\/schema\/logo\/image\/"},"sameAs":["https:\/\/www.facebook.com\/pigrecoemme","https:\/\/x.com\/Pigrecoemme","https:\/\/www.instagram.com\/pigrecoemme\/","https:\/\/www.linkedin.com\/company\/pigrecoemme\/","https:\/\/www.youtube.com\/pigrecoemme"]},{"@type":"Person","@id":"https:\/\/www.pigrecoemme.com\/blog\/#\/schema\/person\/57fa822c3d209d3a2612fd0411ae63f4","name":"Giacomo Fabbrocino","image":{"@type":"ImageObject","inLanguage":"it-IT","@id":"https:\/\/secure.gravatar.com\/avatar\/0e4dfd4d05c06a03fffaffeb36fb181415ba11b91a6b566fa2e8ada75927db32?s=96&r=g","url":"https:\/\/secure.gravatar.com\/avatar\/0e4dfd4d05c06a03fffaffeb36fb181415ba11b91a6b566fa2e8ada75927db32?s=96&r=g","contentUrl":"https:\/\/secure.gravatar.com\/avatar\/0e4dfd4d05c06a03fffaffeb36fb181415ba11b91a6b566fa2e8ada75927db32?s=96&r=g","caption":"Giacomo Fabbrocino"},"description":"Montatore cinematografico, autore di documentari sull'arte e di video d'artista, Giacomo \u00e8 responsabile della didattica e della comunicazione web della Scuola di Cinema, Fotografia e Televisione Pigrecoemme di Napoli.","sameAs":["http:\/\/www.pigrecoemme.com\/","https:\/\/www.facebook.com\/giacomo.fabbrocino"],"url":"https:\/\/www.pigrecoemme.com\/blog\/author\/giacomo-fabbrocino\/"}]}},"jetpack_sharing_enabled":true,"jetpack_likes_enabled":true,"jetpack-related-posts":[{"id":564,"url":"https:\/\/www.pigrecoemme.com\/blog\/convenzione-con-il-teatro-mercadante\/","url_meta":{"origin":549,"position":0},"title":"Convenzione con il Teatro Mercadante","author":"Rosario Gallone","date":"19 Ottobre 2012","format":false,"excerpt":"Dopo l'annuncio delle Convenzione con Galleria Toledo, siamo lieti di comunicare a tutti i nostri corsisti ed ex corsisti che anche un'altra prestigiosa convenzione \u00e8 stata rinnovata con un importante Teatro cittadino: Il Teatro Stabile di Napoli (che comprende il Teatro Mercadante, il ridotto del Mercadante ed il Teatro San\u2026","rel":"","context":"In &quot;Convenzioni&quot;","block_context":{"text":"Convenzioni","link":"https:\/\/www.pigrecoemme.com\/blog\/convenzioni\/"},"img":{"alt_text":"","src":"","width":0,"height":0},"classes":[]},{"id":579,"url":"https:\/\/www.pigrecoemme.com\/blog\/convenzione-con-il-teatro-sancarluccio\/","url_meta":{"origin":549,"position":1},"title":"Convenzione con il teatro Sancarluccio","author":"Giacomo Fabbrocino","date":"13 Novembre 2012","format":false,"excerpt":"Un'altra allettante convenzione tra la Scuola di cinema Pigrecoemme e un importante teatro cittadino. Dopo gli accordi con la Galleria Toledo, il Teatro Nuovo e il Teatro Stabile di Napoli, i nostri tesserati avranno diritto ad un prezzo di favore anche per gli spettacoli della stagione 2012\/2013 del Teatro Sancarluccio.\u2026","rel":"","context":"In &quot;Convenzioni&quot;","block_context":{"text":"Convenzioni","link":"https:\/\/www.pigrecoemme.com\/blog\/convenzioni\/"},"img":{"alt_text":"","src":"https:\/\/i0.wp.com\/www.pigrecoemme.com\/blog\/wp-content\/uploads\/2012\/11\/sancarluccio-150x150.jpg?resize=350%2C200","width":350,"height":200},"classes":[]},{"id":567,"url":"https:\/\/www.pigrecoemme.com\/blog\/isa-danieli-ed-enzo-moscato-con-lo-sconto-per-i-tesserati-pigrecoemme\/","url_meta":{"origin":549,"position":2},"title":"Isa Danieli ed Enzo Moscato con lo sconto per i tesserati Pigrecoemme","author":"Rosario Gallone","date":"26 Ottobre 2012","format":false,"excerpt":"Un'occasione da non perdere per gli allievi e gli ex allievi di\u00a0Pigrecoemme in possesso della nostra tessera -\u00a0se non l\u2019avete, venite a ritirarla\u00a0 -. Al Nuovo Teatro Nuovo i possessori della nostra tessera potranno e assistere allo spettacolo T\u00e0-k\u00e0i-T\u00e0 (Eduardo per Eduardo), testo e regia di Enzo Moscato, con Isa\u2026","rel":"","context":"In &quot;Convenzioni&quot;","block_context":{"text":"Convenzioni","link":"https:\/\/www.pigrecoemme.com\/blog\/convenzioni\/"},"img":{"alt_text":"","src":"https:\/\/i0.wp.com\/www.pigrecoemme.com\/blog\/wp-content\/uploads\/2012\/10\/invito-ta-kai-ta-61.jpg?resize=350%2C200","width":350,"height":200},"classes":[]},{"id":1837,"url":"https:\/\/www.pigrecoemme.com\/blog\/sabato-14-gennaio-incontro-fotografico-cesare-accetta\/","url_meta":{"origin":549,"position":3},"title":"Sabato 14 gennaio: incontro fotografico con Cesare Accetta","author":"Giacomo Fabbrocino","date":"5 Gennaio 2017","format":false,"excerpt":"Sabato\u00a014\u00a0gennaio 2017, dalle\u00a0ore 16:30 alle ore\u00a018:00, nell\u2019ambito della rassegna Incontri fotografici, Cesare Accetta\u00a0sar\u00e0 ospite alla Scuola di cinema e fotografia\u00a0Pigrecoemme\u00a0di Napoli, per dar vita a un incontro in cui racconter\u00e0 il suo entusiasmante percorso artistico e professionale come fotografo di scena, fotografo di ricerca, direttore della fotografia per il cinema\u2026","rel":"","context":"In &quot;Eventi&quot;","block_context":{"text":"Eventi","link":"https:\/\/www.pigrecoemme.com\/blog\/eventi\/"},"img":{"alt_text":"02 (Nero sensibile)","src":"https:\/\/i0.wp.com\/www.pigrecoemme.com\/blog\/wp-content\/uploads\/2017\/01\/02-Nero-sensibile.jpg?resize=350%2C200","width":350,"height":200,"srcset":"https:\/\/i0.wp.com\/www.pigrecoemme.com\/blog\/wp-content\/uploads\/2017\/01\/02-Nero-sensibile.jpg?resize=350%2C200 1x, https:\/\/i0.wp.com\/www.pigrecoemme.com\/blog\/wp-content\/uploads\/2017\/01\/02-Nero-sensibile.jpg?resize=525%2C300 1.5x, https:\/\/i0.wp.com\/www.pigrecoemme.com\/blog\/wp-content\/uploads\/2017\/01\/02-Nero-sensibile.jpg?resize=700%2C400 2x, https:\/\/i0.wp.com\/www.pigrecoemme.com\/blog\/wp-content\/uploads\/2017\/01\/02-Nero-sensibile.jpg?resize=1050%2C600 3x"},"classes":[]},{"id":598,"url":"https:\/\/www.pigrecoemme.com\/blog\/incontro-con-claudio-di-palma-27-febbraio-ore-1100\/","url_meta":{"origin":549,"position":4},"title":"Incontro con Claudio Di Palma &#8211; 27 febbraio ore 11.00","author":"Giacomo Fabbrocino","date":"20 Febbraio 2013","format":false,"excerpt":"Mercoled\u00ec 27 febbraio alle ore 11.00 Claudio Di Palma incontrer\u00e0 gli allievi e gli ex allievi della Pigrecoemme per parlare di cinema, teatro e del suo ultimo spettacolo \"La finestra sul cortile\" (in scena al Teatro Nuovo di Napoli dal 12 al 17 marzo) , ispirato al medesimo racconto di\u2026","rel":"","context":"In &quot;Eventi&quot;","block_context":{"text":"Eventi","link":"https:\/\/www.pigrecoemme.com\/blog\/eventi\/"},"img":{"alt_text":"Claudio Di Palma","src":"https:\/\/i0.wp.com\/www.pigrecoemme.com\/blog\/wp-content\/uploads\/2013\/02\/claudio-di-palma-261x300.jpg?resize=350%2C200","width":350,"height":200},"classes":[]},{"id":291,"url":"https:\/\/www.pigrecoemme.com\/blog\/adobe-premiere-una-certezza\/","url_meta":{"origin":549,"position":5},"title":"Adobe Premiere: una certezza","author":"Giacomo Fabbrocino","date":"27 Ottobre 2010","format":false,"excerpt":"Come per il corso di fotografia, anche per il corso di montaggio con Adobe Premiere abbiamo dovuto aprire due classi per soddisfare la richiesta superiore alle aspettative. Cos\u00ec ieri ho dovuto tenere due lezioni, una di mattina e una di pomeriggio. Oggi, con un po' di calma, ho pensato alla\u2026","rel":"","context":"In &quot;Generale&quot;","block_context":{"text":"Generale","link":"https:\/\/www.pigrecoemme.com\/blog\/generale\/"},"img":{"alt_text":"","src":"https:\/\/i0.wp.com\/www.pigrecoemme.com\/blog\/wp-content\/uploads\/2010\/10\/adobe-premiere-300x300.jpg?resize=350%2C200","width":350,"height":200},"classes":[]}],"jetpack_featured_media_url":"","_links":{"self":[{"href":"https:\/\/www.pigrecoemme.com\/blog\/wp-json\/wp\/v2\/posts\/549","targetHints":{"allow":["GET"]}}],"collection":[{"href":"https:\/\/www.pigrecoemme.com\/blog\/wp-json\/wp\/v2\/posts"}],"about":[{"href":"https:\/\/www.pigrecoemme.com\/blog\/wp-json\/wp\/v2\/types\/post"}],"author":[{"embeddable":true,"href":"https:\/\/www.pigrecoemme.com\/blog\/wp-json\/wp\/v2\/users\/1"}],"replies":[{"embeddable":true,"href":"https:\/\/www.pigrecoemme.com\/blog\/wp-json\/wp\/v2\/comments?post=549"}],"version-history":[{"count":0,"href":"https:\/\/www.pigrecoemme.com\/blog\/wp-json\/wp\/v2\/posts\/549\/revisions"}],"wp:attachment":[{"href":"https:\/\/www.pigrecoemme.com\/blog\/wp-json\/wp\/v2\/media?parent=549"}],"wp:term":[{"taxonomy":"category","embeddable":true,"href":"https:\/\/www.pigrecoemme.com\/blog\/wp-json\/wp\/v2\/categories?post=549"},{"taxonomy":"post_tag","embeddable":true,"href":"https:\/\/www.pigrecoemme.com\/blog\/wp-json\/wp\/v2\/tags?post=549"}],"curies":[{"name":"wp","href":"https:\/\/api.w.org\/{rel}","templated":true}]}}