{"id":534,"date":"2012-07-25T17:11:02","date_gmt":"2012-07-25T15:11:02","guid":{"rendered":"http:\/\/www.pigrecoemme.com\/blog\/?p=534"},"modified":"2012-07-25T17:11:43","modified_gmt":"2012-07-25T15:11:43","slug":"al-faito-doc-festival-un-interessante-workshop-di-direzione-della-fotografia","status":"publish","type":"post","link":"https:\/\/www.pigrecoemme.com\/blog\/al-faito-doc-festival-un-interessante-workshop-di-direzione-della-fotografia\/","title":{"rendered":"Al Faito Doc Festival, un interessante Workshop di Direzione della fotografia"},"content":{"rendered":"<figure id=\"attachment_535\" aria-describedby=\"caption-attachment-535\" style=\"width: 300px\" class=\"wp-caption alignleft\"><a href=\"https:\/\/i0.wp.com\/www.pigrecoemme.com\/blog\/wp-content\/uploads\/2012\/07\/michel-baudour.jpg?ssl=1\"><img data-recalc-dims=\"1\" loading=\"lazy\" decoding=\"async\" class=\"size-medium wp-image-535\" title=\"michel-baudour\" src=\"https:\/\/i0.wp.com\/www.pigrecoemme.com\/blog\/wp-content\/uploads\/2012\/07\/michel-baudour.jpg?resize=300%2C300&#038;ssl=1\" alt=\"\" width=\"300\" height=\"300\" srcset=\"https:\/\/i0.wp.com\/www.pigrecoemme.com\/blog\/wp-content\/uploads\/2012\/07\/michel-baudour.jpg?resize=300%2C300&amp;ssl=1 300w, https:\/\/i0.wp.com\/www.pigrecoemme.com\/blog\/wp-content\/uploads\/2012\/07\/michel-baudour.jpg?resize=150%2C150&amp;ssl=1 150w, https:\/\/i0.wp.com\/www.pigrecoemme.com\/blog\/wp-content\/uploads\/2012\/07\/michel-baudour.jpg?w=480&amp;ssl=1 480w\" sizes=\"auto, (max-width: 300px) 100vw, 300px\" \/><\/a><figcaption id=\"caption-attachment-535\" class=\"wp-caption-text\">Michel Baudour<\/figcaption><\/figure>\n<p><strong>La Direzione della fotografia al servizio del cinema<\/strong>. \u00c8 questo il titolo dell&#8217;interessante <strong>workshop <\/strong>dedicato ai segreti della luce nella Settima arte, tenuto, nell&#8217;ambito del <a href=\"http:\/\/www.faitodocfestival.it\/\">Faito Doc Festival<\/a>, da <a href=\"http:\/\/www.imdb.it\/name\/nm0061708\/\">Michel Baudour<\/a>, direttore della Fotografia belga, direttore della fotografia e documentarista, com una lunga carrierra televisiva, formatosi alla <a href=\"http:\/\/www.insas.be\/\">INSAS<\/a> di Bruxelles.<br \/>\nL&#8217;appuntamento \u00e8 per venerd\u00ec <strong>24 agosto<\/strong> alle <strong>ore 11.00<\/strong>, presso la <strong>Sala dei Fiori <\/strong>sul Monte Faito. Gli interessati possono contattare l&#8217;organizzazione del Festival scrivendo a <a href=\"mailto:info@faitodocfestival.it\">info@faitodocfestival.it<\/a> oppure telefondando al numero <strong>3492172359<\/strong>.<\/p>\n<p>Qual \u00e8 il ruolo del direttore della fotografia in un film documentario? Si pu\u00f2 paragonare il lavoro che un direttore della fotografia \u00e8 chiamato a svolgere, per esempio, in un film di finzione, con quello che si trover\u00e0 a curare nel cinema del reale? E quali sono le influenze del documentario sul cinema di finzione?<br \/>\nSono queste alcune delle domande cui il workshop di Baudour dar\u00e0 risposta. Con un imperativo professionale, che \u00e8 anche un caloroso suggerimento a quanti vogliano avvicinarsi al cinema come professione: &#8220;Cercare di collaborare a film &#8211; come ci dice lo stesso Baudour &#8211; dove il regista abbia sempre <em>uno sguardo<\/em>, <em>una visione<\/em>. Io ho avuto lo fortuna di poter scegliere molte volte questo tipo di produzioni e, come nume tutelare, nel mio lungo viaggio in quest&#8217;arte, mi \u00e8 servita una meravigliosa frase di Ren\u00e9 Char, che ho scolpito nella memoria e che dedico a tutti quelli che hanno intenzione di entrare in questo mondo: <em>Se l&#8217;uomo a volte non chiudesse forte gli occhi, finirebbe col non vedere pi\u00f9 ci\u00f2 che vale la pena di essere guardato<\/em>.&#8221;<\/p>\n","protected":false},"excerpt":{"rendered":"<p>La Direzione della fotografia al servizio del cinema. \u00c8 questo il titolo dell&#8217;interessante workshop dedicato ai segreti della luce nella Settima arte, tenuto, nell&#8217;ambito del Faito Doc Festival, da Michel Baudour, direttore della Fotografia&hellip;<\/p>\n","protected":false},"author":2,"featured_media":0,"comment_status":"open","ping_status":"open","sticky":false,"template":"","format":"standard","meta":{"_jetpack_newsletter_access":"","_jetpack_dont_email_post_to_subs":false,"_jetpack_newsletter_tier_id":0,"_jetpack_memberships_contains_paywalled_content":false,"_jetpack_feature_clip_id":0,"_jetpack_memberships_contains_paid_content":false,"footnotes":"","jetpack_post_was_ever_published":false},"categories":[11,1],"tags":[572,723,725,724],"class_list":["post-534","post","type-post","status-publish","format-standard","hentry","category-eventi","category-generale","tag-faito-doc-festival","tag-michel-baudour","tag-rene-char","tag-workshop-cinema"],"yoast_head":"<!-- This site is optimized with the Yoast SEO plugin v28.4 - https:\/\/yoast.com\/product\/yoast-seo-wordpress\/ -->\n<title>Al Faito Doc Festival, un interessante Workshop di Direzione della fotografia<\/title>\n<meta name=\"robots\" content=\"index, follow, max-snippet:-1, max-image-preview:large, max-video-preview:-1\" \/>\n<link rel=\"canonical\" href=\"https:\/\/www.pigrecoemme.com\/blog\/al-faito-doc-festival-un-interessante-workshop-di-direzione-della-fotografia\/\" \/>\n<meta property=\"og:locale\" content=\"it_IT\" \/>\n<meta property=\"og:type\" content=\"article\" \/>\n<meta property=\"og:title\" content=\"Al Faito Doc Festival, un interessante Workshop di Direzione della fotografia\" \/>\n<meta property=\"og:description\" content=\"La Direzione della fotografia al servizio del cinema. \u00c8 questo il titolo dell&#8217;interessante workshop dedicato ai segreti della luce nella Settima arte, tenuto, nell&#8217;ambito del Faito Doc Festival, da Michel Baudour, direttore della Fotografia&hellip;\" \/>\n<meta property=\"og:url\" content=\"https:\/\/www.pigrecoemme.com\/blog\/al-faito-doc-festival-un-interessante-workshop-di-direzione-della-fotografia\/\" \/>\n<meta property=\"og:site_name\" content=\"Scuola di Cinema Pigrecoemme - Blog\" \/>\n<meta property=\"article:publisher\" content=\"https:\/\/www.facebook.com\/pigrecoemme\" \/>\n<meta property=\"article:author\" content=\"https:\/\/www.facebook.com\/corrado.morra1\" \/>\n<meta property=\"article:published_time\" content=\"2012-07-25T15:11:02+00:00\" \/>\n<meta property=\"article:modified_time\" content=\"2012-07-25T15:11:43+00:00\" \/>\n<meta property=\"og:image\" content=\"http:\/\/www.pigrecoemme.com\/blog\/wp-content\/uploads\/2012\/07\/michel-baudour-300x300.jpg\" \/>\n<meta name=\"author\" content=\"Corrado Morra\" \/>\n<meta name=\"twitter:card\" content=\"summary_large_image\" \/>\n<meta name=\"twitter:creator\" content=\"@Pigrecoemme\" \/>\n<meta name=\"twitter:site\" content=\"@Pigrecoemme\" \/>\n<meta name=\"twitter:label1\" content=\"Scritto da\" \/>\n\t<meta name=\"twitter:data1\" content=\"Corrado Morra\" \/>\n\t<meta name=\"twitter:label2\" content=\"Tempo di lettura stimato\" \/>\n\t<meta name=\"twitter:data2\" content=\"1 minuto\" \/>\n<script type=\"application\/ld+json\" class=\"yoast-schema-graph\">{\"@context\":\"https:\\\/\\\/schema.org\",\"@graph\":[{\"@type\":[\"Article\",\"BlogPosting\"],\"@id\":\"https:\\\/\\\/www.pigrecoemme.com\\\/blog\\\/al-faito-doc-festival-un-interessante-workshop-di-direzione-della-fotografia\\\/#article\",\"isPartOf\":{\"@id\":\"https:\\\/\\\/www.pigrecoemme.com\\\/blog\\\/al-faito-doc-festival-un-interessante-workshop-di-direzione-della-fotografia\\\/\"},\"author\":{\"name\":\"Corrado Morra\",\"@id\":\"https:\\\/\\\/www.pigrecoemme.com\\\/blog\\\/#\\\/schema\\\/person\\\/702764b5ecda4c2f34e82348789f649e\"},\"headline\":\"Al Faito Doc Festival, un interessante Workshop di Direzione della fotografia\",\"datePublished\":\"2012-07-25T15:11:02+00:00\",\"dateModified\":\"2012-07-25T15:11:43+00:00\",\"mainEntityOfPage\":{\"@id\":\"https:\\\/\\\/www.pigrecoemme.com\\\/blog\\\/al-faito-doc-festival-un-interessante-workshop-di-direzione-della-fotografia\\\/\"},\"wordCount\":283,\"commentCount\":0,\"publisher\":{\"@id\":\"https:\\\/\\\/www.pigrecoemme.com\\\/blog\\\/#organization\"},\"image\":{\"@id\":\"https:\\\/\\\/www.pigrecoemme.com\\\/blog\\\/al-faito-doc-festival-un-interessante-workshop-di-direzione-della-fotografia\\\/#primaryimage\"},\"thumbnailUrl\":\"http:\\\/\\\/www.pigrecoemme.com\\\/blog\\\/wp-content\\\/uploads\\\/2012\\\/07\\\/michel-baudour-300x300.jpg\",\"keywords\":[\"faito doc festival\",\"Michel Baudour\",\"ren\u00e9 char\",\"workshop cinema\"],\"articleSection\":[\"Eventi\",\"Generale\"],\"inLanguage\":\"it-IT\",\"potentialAction\":[{\"@type\":\"CommentAction\",\"name\":\"Comment\",\"target\":[\"https:\\\/\\\/www.pigrecoemme.com\\\/blog\\\/al-faito-doc-festival-un-interessante-workshop-di-direzione-della-fotografia\\\/#respond\"]}]},{\"@type\":\"WebPage\",\"@id\":\"https:\\\/\\\/www.pigrecoemme.com\\\/blog\\\/al-faito-doc-festival-un-interessante-workshop-di-direzione-della-fotografia\\\/\",\"url\":\"https:\\\/\\\/www.pigrecoemme.com\\\/blog\\\/al-faito-doc-festival-un-interessante-workshop-di-direzione-della-fotografia\\\/\",\"name\":\"Al Faito Doc Festival, un interessante Workshop di Direzione della fotografia\",\"isPartOf\":{\"@id\":\"https:\\\/\\\/www.pigrecoemme.com\\\/blog\\\/#website\"},\"primaryImageOfPage\":{\"@id\":\"https:\\\/\\\/www.pigrecoemme.com\\\/blog\\\/al-faito-doc-festival-un-interessante-workshop-di-direzione-della-fotografia\\\/#primaryimage\"},\"image\":{\"@id\":\"https:\\\/\\\/www.pigrecoemme.com\\\/blog\\\/al-faito-doc-festival-un-interessante-workshop-di-direzione-della-fotografia\\\/#primaryimage\"},\"thumbnailUrl\":\"http:\\\/\\\/www.pigrecoemme.com\\\/blog\\\/wp-content\\\/uploads\\\/2012\\\/07\\\/michel-baudour-300x300.jpg\",\"datePublished\":\"2012-07-25T15:11:02+00:00\",\"dateModified\":\"2012-07-25T15:11:43+00:00\",\"breadcrumb\":{\"@id\":\"https:\\\/\\\/www.pigrecoemme.com\\\/blog\\\/al-faito-doc-festival-un-interessante-workshop-di-direzione-della-fotografia\\\/#breadcrumb\"},\"inLanguage\":\"it-IT\",\"potentialAction\":[{\"@type\":\"ReadAction\",\"target\":[\"https:\\\/\\\/www.pigrecoemme.com\\\/blog\\\/al-faito-doc-festival-un-interessante-workshop-di-direzione-della-fotografia\\\/\"]}]},{\"@type\":\"ImageObject\",\"inLanguage\":\"it-IT\",\"@id\":\"https:\\\/\\\/www.pigrecoemme.com\\\/blog\\\/al-faito-doc-festival-un-interessante-workshop-di-direzione-della-fotografia\\\/#primaryimage\",\"url\":\"http:\\\/\\\/www.pigrecoemme.com\\\/blog\\\/wp-content\\\/uploads\\\/2012\\\/07\\\/michel-baudour-300x300.jpg\",\"contentUrl\":\"http:\\\/\\\/www.pigrecoemme.com\\\/blog\\\/wp-content\\\/uploads\\\/2012\\\/07\\\/michel-baudour-300x300.jpg\"},{\"@type\":\"BreadcrumbList\",\"@id\":\"https:\\\/\\\/www.pigrecoemme.com\\\/blog\\\/al-faito-doc-festival-un-interessante-workshop-di-direzione-della-fotografia\\\/#breadcrumb\",\"itemListElement\":[{\"@type\":\"ListItem\",\"position\":1,\"name\":\"Home\",\"item\":\"https:\\\/\\\/www.pigrecoemme.com\\\/blog\\\/\"},{\"@type\":\"ListItem\",\"position\":2,\"name\":\"Al Faito Doc Festival, un interessante Workshop di Direzione della fotografia\"}]},{\"@type\":\"WebSite\",\"@id\":\"https:\\\/\\\/www.pigrecoemme.com\\\/blog\\\/#website\",\"url\":\"https:\\\/\\\/www.pigrecoemme.com\\\/blog\\\/\",\"name\":\"Scuola di Cinema Pigrecoemme - Blog\",\"description\":\"Siamo la prima Scuola di Cinema e Fotografia di Napoli\",\"publisher\":{\"@id\":\"https:\\\/\\\/www.pigrecoemme.com\\\/blog\\\/#organization\"},\"potentialAction\":[{\"@type\":\"SearchAction\",\"target\":{\"@type\":\"EntryPoint\",\"urlTemplate\":\"https:\\\/\\\/www.pigrecoemme.com\\\/blog\\\/?s={search_term_string}\"},\"query-input\":{\"@type\":\"PropertyValueSpecification\",\"valueRequired\":true,\"valueName\":\"search_term_string\"}}],\"inLanguage\":\"it-IT\"},{\"@type\":\"Organization\",\"@id\":\"https:\\\/\\\/www.pigrecoemme.com\\\/blog\\\/#organization\",\"name\":\"Scuola di cinema e fotografia Pigrecoemme\",\"url\":\"https:\\\/\\\/www.pigrecoemme.com\\\/blog\\\/\",\"logo\":{\"@type\":\"ImageObject\",\"inLanguage\":\"it-IT\",\"@id\":\"https:\\\/\\\/www.pigrecoemme.com\\\/blog\\\/#\\\/schema\\\/logo\\\/image\\\/\",\"url\":\"https:\\\/\\\/i0.wp.com\\\/www.pigrecoemme.com\\\/blog\\\/wp-content\\\/uploads\\\/2018\\\/06\\\/logo-pigrecoemme-2018.png?fit=500%2C500&ssl=1\",\"contentUrl\":\"https:\\\/\\\/i0.wp.com\\\/www.pigrecoemme.com\\\/blog\\\/wp-content\\\/uploads\\\/2018\\\/06\\\/logo-pigrecoemme-2018.png?fit=500%2C500&ssl=1\",\"width\":500,\"height\":500,\"caption\":\"Scuola di cinema e fotografia Pigrecoemme\"},\"image\":{\"@id\":\"https:\\\/\\\/www.pigrecoemme.com\\\/blog\\\/#\\\/schema\\\/logo\\\/image\\\/\"},\"sameAs\":[\"https:\\\/\\\/www.facebook.com\\\/pigrecoemme\",\"https:\\\/\\\/x.com\\\/Pigrecoemme\",\"https:\\\/\\\/www.instagram.com\\\/pigrecoemme\\\/\",\"https:\\\/\\\/www.linkedin.com\\\/company\\\/pigrecoemme\\\/\",\"https:\\\/\\\/www.youtube.com\\\/pigrecoemme\"]},{\"@type\":\"Person\",\"@id\":\"https:\\\/\\\/www.pigrecoemme.com\\\/blog\\\/#\\\/schema\\\/person\\\/702764b5ecda4c2f34e82348789f649e\",\"name\":\"Corrado Morra\",\"image\":{\"@type\":\"ImageObject\",\"inLanguage\":\"it-IT\",\"@id\":\"https:\\\/\\\/secure.gravatar.com\\\/avatar\\\/f6ce2f6728fbdf920737112fe70682512808577befa2c9c7845c04a8449b8f03?s=96&r=g\",\"url\":\"https:\\\/\\\/secure.gravatar.com\\\/avatar\\\/f6ce2f6728fbdf920737112fe70682512808577befa2c9c7845c04a8449b8f03?s=96&r=g\",\"contentUrl\":\"https:\\\/\\\/secure.gravatar.com\\\/avatar\\\/f6ce2f6728fbdf920737112fe70682512808577befa2c9c7845c04a8449b8f03?s=96&r=g\",\"caption\":\"Corrado Morra\"},\"description\":\"Esperto di arti visive e di cinema, insegna Sceneggiatura alla Scuola di cinema Pigrecoemme di Napoli, di cui \u00e8 tra i fondatori.\",\"sameAs\":[\"http:\\\/\\\/www.pigrecoemme.com\\\/\",\"https:\\\/\\\/www.facebook.com\\\/corrado.morra1\"],\"url\":\"https:\\\/\\\/www.pigrecoemme.com\\\/blog\\\/author\\\/corrado-morra\\\/\"}]}<\/script>\n<!-- \/ Yoast SEO plugin. -->","yoast_head_json":{"title":"Al Faito Doc Festival, un interessante Workshop di Direzione della fotografia","robots":{"index":"index","follow":"follow","max-snippet":"max-snippet:-1","max-image-preview":"max-image-preview:large","max-video-preview":"max-video-preview:-1"},"canonical":"https:\/\/www.pigrecoemme.com\/blog\/al-faito-doc-festival-un-interessante-workshop-di-direzione-della-fotografia\/","og_locale":"it_IT","og_type":"article","og_title":"Al Faito Doc Festival, un interessante Workshop di Direzione della fotografia","og_description":"La Direzione della fotografia al servizio del cinema. \u00c8 questo il titolo dell&#8217;interessante workshop dedicato ai segreti della luce nella Settima arte, tenuto, nell&#8217;ambito del Faito Doc Festival, da Michel Baudour, direttore della Fotografia&hellip;","og_url":"https:\/\/www.pigrecoemme.com\/blog\/al-faito-doc-festival-un-interessante-workshop-di-direzione-della-fotografia\/","og_site_name":"Scuola di Cinema Pigrecoemme - Blog","article_publisher":"https:\/\/www.facebook.com\/pigrecoemme","article_author":"https:\/\/www.facebook.com\/corrado.morra1","article_published_time":"2012-07-25T15:11:02+00:00","article_modified_time":"2012-07-25T15:11:43+00:00","og_image":[{"url":"http:\/\/www.pigrecoemme.com\/blog\/wp-content\/uploads\/2012\/07\/michel-baudour-300x300.jpg","type":"","width":"","height":""}],"author":"Corrado Morra","twitter_card":"summary_large_image","twitter_creator":"@Pigrecoemme","twitter_site":"@Pigrecoemme","twitter_misc":{"Scritto da":"Corrado Morra","Tempo di lettura stimato":"1 minuto"},"schema":{"@context":"https:\/\/schema.org","@graph":[{"@type":["Article","BlogPosting"],"@id":"https:\/\/www.pigrecoemme.com\/blog\/al-faito-doc-festival-un-interessante-workshop-di-direzione-della-fotografia\/#article","isPartOf":{"@id":"https:\/\/www.pigrecoemme.com\/blog\/al-faito-doc-festival-un-interessante-workshop-di-direzione-della-fotografia\/"},"author":{"name":"Corrado Morra","@id":"https:\/\/www.pigrecoemme.com\/blog\/#\/schema\/person\/702764b5ecda4c2f34e82348789f649e"},"headline":"Al Faito Doc Festival, un interessante Workshop di Direzione della fotografia","datePublished":"2012-07-25T15:11:02+00:00","dateModified":"2012-07-25T15:11:43+00:00","mainEntityOfPage":{"@id":"https:\/\/www.pigrecoemme.com\/blog\/al-faito-doc-festival-un-interessante-workshop-di-direzione-della-fotografia\/"},"wordCount":283,"commentCount":0,"publisher":{"@id":"https:\/\/www.pigrecoemme.com\/blog\/#organization"},"image":{"@id":"https:\/\/www.pigrecoemme.com\/blog\/al-faito-doc-festival-un-interessante-workshop-di-direzione-della-fotografia\/#primaryimage"},"thumbnailUrl":"http:\/\/www.pigrecoemme.com\/blog\/wp-content\/uploads\/2012\/07\/michel-baudour-300x300.jpg","keywords":["faito doc festival","Michel Baudour","ren\u00e9 char","workshop cinema"],"articleSection":["Eventi","Generale"],"inLanguage":"it-IT","potentialAction":[{"@type":"CommentAction","name":"Comment","target":["https:\/\/www.pigrecoemme.com\/blog\/al-faito-doc-festival-un-interessante-workshop-di-direzione-della-fotografia\/#respond"]}]},{"@type":"WebPage","@id":"https:\/\/www.pigrecoemme.com\/blog\/al-faito-doc-festival-un-interessante-workshop-di-direzione-della-fotografia\/","url":"https:\/\/www.pigrecoemme.com\/blog\/al-faito-doc-festival-un-interessante-workshop-di-direzione-della-fotografia\/","name":"Al Faito Doc Festival, un interessante Workshop di Direzione della fotografia","isPartOf":{"@id":"https:\/\/www.pigrecoemme.com\/blog\/#website"},"primaryImageOfPage":{"@id":"https:\/\/www.pigrecoemme.com\/blog\/al-faito-doc-festival-un-interessante-workshop-di-direzione-della-fotografia\/#primaryimage"},"image":{"@id":"https:\/\/www.pigrecoemme.com\/blog\/al-faito-doc-festival-un-interessante-workshop-di-direzione-della-fotografia\/#primaryimage"},"thumbnailUrl":"http:\/\/www.pigrecoemme.com\/blog\/wp-content\/uploads\/2012\/07\/michel-baudour-300x300.jpg","datePublished":"2012-07-25T15:11:02+00:00","dateModified":"2012-07-25T15:11:43+00:00","breadcrumb":{"@id":"https:\/\/www.pigrecoemme.com\/blog\/al-faito-doc-festival-un-interessante-workshop-di-direzione-della-fotografia\/#breadcrumb"},"inLanguage":"it-IT","potentialAction":[{"@type":"ReadAction","target":["https:\/\/www.pigrecoemme.com\/blog\/al-faito-doc-festival-un-interessante-workshop-di-direzione-della-fotografia\/"]}]},{"@type":"ImageObject","inLanguage":"it-IT","@id":"https:\/\/www.pigrecoemme.com\/blog\/al-faito-doc-festival-un-interessante-workshop-di-direzione-della-fotografia\/#primaryimage","url":"http:\/\/www.pigrecoemme.com\/blog\/wp-content\/uploads\/2012\/07\/michel-baudour-300x300.jpg","contentUrl":"http:\/\/www.pigrecoemme.com\/blog\/wp-content\/uploads\/2012\/07\/michel-baudour-300x300.jpg"},{"@type":"BreadcrumbList","@id":"https:\/\/www.pigrecoemme.com\/blog\/al-faito-doc-festival-un-interessante-workshop-di-direzione-della-fotografia\/#breadcrumb","itemListElement":[{"@type":"ListItem","position":1,"name":"Home","item":"https:\/\/www.pigrecoemme.com\/blog\/"},{"@type":"ListItem","position":2,"name":"Al Faito Doc Festival, un interessante Workshop di Direzione della fotografia"}]},{"@type":"WebSite","@id":"https:\/\/www.pigrecoemme.com\/blog\/#website","url":"https:\/\/www.pigrecoemme.com\/blog\/","name":"Scuola di Cinema Pigrecoemme - Blog","description":"Siamo la prima Scuola di Cinema e Fotografia di Napoli","publisher":{"@id":"https:\/\/www.pigrecoemme.com\/blog\/#organization"},"potentialAction":[{"@type":"SearchAction","target":{"@type":"EntryPoint","urlTemplate":"https:\/\/www.pigrecoemme.com\/blog\/?s={search_term_string}"},"query-input":{"@type":"PropertyValueSpecification","valueRequired":true,"valueName":"search_term_string"}}],"inLanguage":"it-IT"},{"@type":"Organization","@id":"https:\/\/www.pigrecoemme.com\/blog\/#organization","name":"Scuola di cinema e fotografia Pigrecoemme","url":"https:\/\/www.pigrecoemme.com\/blog\/","logo":{"@type":"ImageObject","inLanguage":"it-IT","@id":"https:\/\/www.pigrecoemme.com\/blog\/#\/schema\/logo\/image\/","url":"https:\/\/i0.wp.com\/www.pigrecoemme.com\/blog\/wp-content\/uploads\/2018\/06\/logo-pigrecoemme-2018.png?fit=500%2C500&ssl=1","contentUrl":"https:\/\/i0.wp.com\/www.pigrecoemme.com\/blog\/wp-content\/uploads\/2018\/06\/logo-pigrecoemme-2018.png?fit=500%2C500&ssl=1","width":500,"height":500,"caption":"Scuola di cinema e fotografia Pigrecoemme"},"image":{"@id":"https:\/\/www.pigrecoemme.com\/blog\/#\/schema\/logo\/image\/"},"sameAs":["https:\/\/www.facebook.com\/pigrecoemme","https:\/\/x.com\/Pigrecoemme","https:\/\/www.instagram.com\/pigrecoemme\/","https:\/\/www.linkedin.com\/company\/pigrecoemme\/","https:\/\/www.youtube.com\/pigrecoemme"]},{"@type":"Person","@id":"https:\/\/www.pigrecoemme.com\/blog\/#\/schema\/person\/702764b5ecda4c2f34e82348789f649e","name":"Corrado Morra","image":{"@type":"ImageObject","inLanguage":"it-IT","@id":"https:\/\/secure.gravatar.com\/avatar\/f6ce2f6728fbdf920737112fe70682512808577befa2c9c7845c04a8449b8f03?s=96&r=g","url":"https:\/\/secure.gravatar.com\/avatar\/f6ce2f6728fbdf920737112fe70682512808577befa2c9c7845c04a8449b8f03?s=96&r=g","contentUrl":"https:\/\/secure.gravatar.com\/avatar\/f6ce2f6728fbdf920737112fe70682512808577befa2c9c7845c04a8449b8f03?s=96&r=g","caption":"Corrado Morra"},"description":"Esperto di arti visive e di cinema, insegna Sceneggiatura alla Scuola di cinema Pigrecoemme di Napoli, di cui \u00e8 tra i fondatori.","sameAs":["http:\/\/www.pigrecoemme.com\/","https:\/\/www.facebook.com\/corrado.morra1"],"url":"https:\/\/www.pigrecoemme.com\/blog\/author\/corrado-morra\/"}]}},"jetpack_sharing_enabled":true,"jetpack_likes_enabled":true,"jetpack-related-posts":[{"id":532,"url":"https:\/\/www.pigrecoemme.com\/blog\/al-via-il-faito-doc-festival-con-un-pizzico-di-follia-e-di-pigrecoemme\/","url_meta":{"origin":534,"position":0},"title":"Al via il Faito Doc Festival, con un pizzico di follia (e di Pigrecoemme&#8230;)","author":"Corrado Morra","date":"24 Luglio 2012","format":false,"excerpt":"Dal 22 al 26 agosto 2012 ritorna il Faito Doc Festival, l'interessante rassegna estiva dedicata al documentario e al cinema d\u2019autore, ora alla quinta edizione. Tema di quest'anno la Follia. Tanti gli eventi e le proiezioni, con una breve sezione dedicata alla Scuola di cinema Pigrecoemme.","rel":"","context":"In &quot;Eventi&quot;","block_context":{"text":"Eventi","link":"https:\/\/www.pigrecoemme.com\/blog\/eventi\/"},"img":{"alt_text":"","src":"https:\/\/i0.wp.com\/www.pigrecoemme.com\/blog\/wp-content\/uploads\/2012\/07\/faito-doc-festival-213x300.jpg?resize=350%2C200","width":350,"height":200},"classes":[]},{"id":378,"url":"https:\/\/www.pigrecoemme.com\/blog\/faito-doc-festival-pigrecoemme-tra-i-partner\/","url_meta":{"origin":534,"position":1},"title":"Faito Doc Festival: Pigrecoemme tra i partner","author":"Giacomo Fabbrocino","date":"30 Giugno 2011","format":false,"excerpt":"Dal 6 al 10 luglio 2011 si terr\u00e0 la quarta edizione del Faito Doc Festival, festival internazionale e tematico del documentario che quest'anno sar\u00e0 dedicato all'identit\u00e0. Il festival prevede il concorso cinematografico internazionale, che propone la proiezione di 11\u00a0documentari lungometraggi e 9 cortometraggi provenienti da Belgio, Francia, Estonia, Israele, Polonia,\u2026","rel":"","context":"In &quot;Eventi&quot;","block_context":{"text":"Eventi","link":"https:\/\/www.pigrecoemme.com\/blog\/eventi\/"},"img":{"alt_text":"La locandina del Faito Doc Festival","src":"https:\/\/i0.wp.com\/www.pigrecoemme.com\/blog\/wp-content\/uploads\/2011\/06\/locandina_fdf_2011-212x300.jpg?resize=350%2C200","width":350,"height":200},"classes":[]},{"id":382,"url":"https:\/\/www.pigrecoemme.com\/blog\/il-2%c2%b0-cinemavvenire-video-festival-premia-midnight-bingo\/","url_meta":{"origin":534,"position":2},"title":"Il 2\u00b0 Cinemavvenire Video Festival premia Midnight Bingo","author":"Giacomo Fabbrocino","date":"6 Luglio 2011","format":false,"excerpt":"Siamo molto contenti di comunicare a chi ci segue che il documentario \"Midnight Bingo\" realizzato da Antonio Longo - ex partecipante ai nostri corsi - con il nostro contributo (il montaggio e di Rosario Gallone e il color grading di Giacomo Fabbrocino) ha ottenuto la menzione speciale per i migliori\u2026","rel":"","context":"In &quot;Generale&quot;","block_context":{"text":"Generale","link":"https:\/\/www.pigrecoemme.com\/blog\/generale\/"},"img":{"alt_text":"","src":"https:\/\/i0.wp.com\/img195.imageshack.us\/img195\/9969\/inabingosmall.jpg?resize=350%2C200","width":350,"height":200},"classes":[]},{"id":601,"url":"https:\/\/www.pigrecoemme.com\/blog\/workshop-di-direzione-della-fotografia-e-laprile-di-pigrecoemme-niente-scherzi\/","url_meta":{"origin":534,"position":3},"title":"Workshop di Direzione della Fotografia e l&#8217;aprile di Pigrecoemme (niente scherzi)","author":"Rosario Gallone","date":"11 Marzo 2013","format":false,"excerpt":"Pigrecoemme non smette mai di cercare di ampliare la propria offerta. Ragion per cui dopo la replica, a grande richiesta, del Workshop di Direzione della Fotografia , che si rivolge\u00a0a coloro che vogliano imparare a gestire sul piano tecnico e su quello artistico l'illuminazione ed i cromatismi delle riprese video\u2026","rel":"","context":"In &quot;Fotografia&quot;","block_context":{"text":"Fotografia","link":"https:\/\/www.pigrecoemme.com\/blog\/fotografia\/"},"img":{"alt_text":"","src":"https:\/\/i0.wp.com\/www.pigrecoemme.com\/corsi\/corso-direzione-della-fotografia-napoli.jpg?resize=350%2C200","width":350,"height":200},"classes":[]},{"id":3555,"url":"https:\/\/www.pigrecoemme.com\/blog\/i-corsi-di-cinema-e-fotografia-in-partenza-ad-aprile-2024\/","url_meta":{"origin":534,"position":4},"title":"I corsi di cinema e fotografia in partenza ad Aprile 2024","author":"Pigrecoemme","date":"17 Marzo 2024","format":false,"excerpt":"Sono aperte le iscrizioni ai corsi di fotografia (dal 2 aprile), montaggio (dal 5 aprile), direzione della fotografia (dal 25 marzo) e scenografia (dal 4 aprile) Il corso di fotografia - dal 2 aprile Il corso di fotografia della Pigrecoemme di Napoli si rivolge sia al fotoamatore che voglia imparare\u2026","rel":"","context":"In &quot;Fotografia&quot;","block_context":{"text":"Fotografia","link":"https:\/\/www.pigrecoemme.com\/blog\/fotografia\/"},"img":{"alt_text":"","src":"https:\/\/i0.wp.com\/www.pigrecoemme.com\/blog\/wp-content\/uploads\/2024\/03\/corsi-di-cinema-aprile-2024.jpg?resize=350%2C200&ssl=1","width":350,"height":200,"srcset":"https:\/\/i0.wp.com\/www.pigrecoemme.com\/blog\/wp-content\/uploads\/2024\/03\/corsi-di-cinema-aprile-2024.jpg?resize=350%2C200&ssl=1 1x, https:\/\/i0.wp.com\/www.pigrecoemme.com\/blog\/wp-content\/uploads\/2024\/03\/corsi-di-cinema-aprile-2024.jpg?resize=525%2C300&ssl=1 1.5x, https:\/\/i0.wp.com\/www.pigrecoemme.com\/blog\/wp-content\/uploads\/2024\/03\/corsi-di-cinema-aprile-2024.jpg?resize=700%2C400&ssl=1 2x, https:\/\/i0.wp.com\/www.pigrecoemme.com\/blog\/wp-content\/uploads\/2024\/03\/corsi-di-cinema-aprile-2024.jpg?resize=1050%2C600&ssl=1 3x"},"classes":[]},{"id":3430,"url":"https:\/\/www.pigrecoemme.com\/blog\/i-prossimi-corsi-di-cinema-in-partenza\/","url_meta":{"origin":534,"position":5},"title":"I prossimi corsi di cinema in partenza a Napoli","author":"Pigrecoemme","date":"6 Novembre 2023","format":false,"excerpt":"Riaprono le iscrizioni ai corsi di cinema della Pigrecoemme, la scuola napoletana che dal 2000 forma professionisti dell'audiovisivo. Per informazioni email: corsi@pigrecoemme.com - Tel: 081.5635188 Il Corso Filmmaker (280 ore) Sono aperte le iscrizioni al corso \"Filmmaker\", un percorso studiato per chi non pu\u00f2 seguire il Corso Master, ma vuole\u2026","rel":"","context":"In &quot;Generale&quot;","block_context":{"text":"Generale","link":"https:\/\/www.pigrecoemme.com\/blog\/generale\/"},"img":{"alt_text":"","src":"https:\/\/i0.wp.com\/www.pigrecoemme.com\/blog\/wp-content\/uploads\/2023\/11\/corsi-di-cinema-napoli-2024.jpg?resize=350%2C200&ssl=1","width":350,"height":200,"srcset":"https:\/\/i0.wp.com\/www.pigrecoemme.com\/blog\/wp-content\/uploads\/2023\/11\/corsi-di-cinema-napoli-2024.jpg?resize=350%2C200&ssl=1 1x, https:\/\/i0.wp.com\/www.pigrecoemme.com\/blog\/wp-content\/uploads\/2023\/11\/corsi-di-cinema-napoli-2024.jpg?resize=525%2C300&ssl=1 1.5x, https:\/\/i0.wp.com\/www.pigrecoemme.com\/blog\/wp-content\/uploads\/2023\/11\/corsi-di-cinema-napoli-2024.jpg?resize=700%2C400&ssl=1 2x, https:\/\/i0.wp.com\/www.pigrecoemme.com\/blog\/wp-content\/uploads\/2023\/11\/corsi-di-cinema-napoli-2024.jpg?resize=1050%2C600&ssl=1 3x"},"classes":[]}],"jetpack_featured_media_url":"","_links":{"self":[{"href":"https:\/\/www.pigrecoemme.com\/blog\/wp-json\/wp\/v2\/posts\/534","targetHints":{"allow":["GET"]}}],"collection":[{"href":"https:\/\/www.pigrecoemme.com\/blog\/wp-json\/wp\/v2\/posts"}],"about":[{"href":"https:\/\/www.pigrecoemme.com\/blog\/wp-json\/wp\/v2\/types\/post"}],"author":[{"embeddable":true,"href":"https:\/\/www.pigrecoemme.com\/blog\/wp-json\/wp\/v2\/users\/2"}],"replies":[{"embeddable":true,"href":"https:\/\/www.pigrecoemme.com\/blog\/wp-json\/wp\/v2\/comments?post=534"}],"version-history":[{"count":0,"href":"https:\/\/www.pigrecoemme.com\/blog\/wp-json\/wp\/v2\/posts\/534\/revisions"}],"wp:attachment":[{"href":"https:\/\/www.pigrecoemme.com\/blog\/wp-json\/wp\/v2\/media?parent=534"}],"wp:term":[{"taxonomy":"category","embeddable":true,"href":"https:\/\/www.pigrecoemme.com\/blog\/wp-json\/wp\/v2\/categories?post=534"},{"taxonomy":"post_tag","embeddable":true,"href":"https:\/\/www.pigrecoemme.com\/blog\/wp-json\/wp\/v2\/tags?post=534"}],"curies":[{"name":"wp","href":"https:\/\/api.w.org\/{rel}","templated":true}]}}