{"id":532,"date":"2012-07-24T12:07:44","date_gmt":"2012-07-24T10:07:44","guid":{"rendered":"http:\/\/www.pigrecoemme.com\/blog\/?p=532"},"modified":"2012-07-24T12:07:44","modified_gmt":"2012-07-24T10:07:44","slug":"al-via-il-faito-doc-festival-con-un-pizzico-di-follia-e-di-pigrecoemme","status":"publish","type":"post","link":"https:\/\/www.pigrecoemme.com\/blog\/al-via-il-faito-doc-festival-con-un-pizzico-di-follia-e-di-pigrecoemme\/","title":{"rendered":"Al via il Faito Doc Festival, con un pizzico di follia (e di Pigrecoemme&#8230;)"},"content":{"rendered":"<p><a href=\"https:\/\/i0.wp.com\/www.pigrecoemme.com\/blog\/wp-content\/uploads\/2012\/07\/faito-doc-festival.jpg?ssl=1\"><img data-recalc-dims=\"1\" loading=\"lazy\" decoding=\"async\" class=\"alignleft size-medium wp-image-533\" title=\"faito-doc-festival\" src=\"https:\/\/i0.wp.com\/www.pigrecoemme.com\/blog\/wp-content\/uploads\/2012\/07\/faito-doc-festival.jpg?resize=213%2C300&#038;ssl=1\" alt=\"\" width=\"213\" height=\"300\" srcset=\"https:\/\/i0.wp.com\/www.pigrecoemme.com\/blog\/wp-content\/uploads\/2012\/07\/faito-doc-festival.jpg?resize=213%2C300&amp;ssl=1 213w, https:\/\/i0.wp.com\/www.pigrecoemme.com\/blog\/wp-content\/uploads\/2012\/07\/faito-doc-festival.jpg?w=567&amp;ssl=1 567w\" sizes=\"auto, (max-width: 213px) 100vw, 213px\" \/><\/a>Ritorna il <a href=\"http:\/\/www.faitodocfestival.it\/\">Faito Doc Festival<\/a>, l&#8217;interessante rassegna estiva dedicata al documentario e al cinema d\u2019autore, giunta ora alla quinta edizione. Tema di quest&#8217;anno <strong>la Follia<\/strong>.<br \/>\nDal <strong>22 al 26 agosto 2012<\/strong>, nei meravigliosi scenari del Monte Faito e, da questa edizione, nella suggestiva <strong>Reggia di Quisisana<\/strong>, dimora storica nella zona collinare di Castellammare di Stabia, restaurata e riaperta al pubblico nel 2009, si susseguiranno <strong>ventisei documentari in concorso<\/strong> da tutto il mondo e una serie di eventi (mostre e workshop, tra cui vi segnalo quello del belga <a href=\"http:\/\/www.imdb.it\/name\/nm0061708\/\">Michel Baudour<\/a>, sulla direzione della fotografia), che fanno di questa edizione un appuntamento imperdibile per chi voglia vivere un&#8217;esperienza culturale intensa a contatto con un ambiente naturale di grande fascino.<br \/>\nCuriosa anche la sezione speciale dedicata ai cortometraggi \u201cmade in Naples\u201d di <strong>Terry Gilliam<\/strong> e di <strong>Valeria Golino<\/strong>, ospite della manifestazione.<br \/>\nIl concorso parte il <strong>22 agosto sera<\/strong> con la proiezione del film <strong>(R)esistenza<\/strong> di <strong>Alberto Cavaliere<\/strong>, emozionante cronaca della quotidianit\u00e0 nel quartiere di Napoli Scampia. Con il regista saranno presenti alcuni membri del gruppo rap <strong>A67<\/strong>.<br \/>\nDal 23 agosto le proiezioni mattutine, pomeridiane e serali si sposteranno presso la <strong>Sala dei Fiori<\/strong> del Monte Faito. Un servizio navetta collegher\u00e0 la Funivia da Castellammare di Stabia alle proiezioni.<br \/>\nAnche quest&#8217;anno tra i partner del Festival c&#8217;\u00e8 <strong>Pigrecoemme<\/strong> e, proprio in tal senso, vi segnalo alcune proiezioni, che tutti coloro che sono interessati alle nostre iniziative non possono lasciarsi sfuggire.<br \/>\nLa prima \u00e8 <strong>Camillo Catelli, tra tormento e innocenza<\/strong> di <strong>Antonio Longo<\/strong>, collaboratore di Pigrecoemme e vincitore, come miglior autoproduzione, dell&#8217;ultimo Napoli Film Festival con Midnight Bingo, accolto lo scorso agosto anche dal pubblico del Faito Doc Festival con grande partecipazione e interesse.<br \/>\nIl breve documentario di Longo \u00e8 dedicato a Camillo Catelli, pittore napoletano del \u2019900, che l&#8217;autore racconta attraverso i ricordi di chi l\u2019ha vissuto e accompagnato nel suo lungo e mutevole percorso artistico. La voce di <strong>Mariano Rigillo<\/strong> legge un brano che lo scrittore <strong>Luigi Compagnone<\/strong> dedic\u00f2 all&#8217;artista poco dopo averlo conosciuto.<br \/>\nDi Longo, il Faito Doc Festival presenta anche un estratto da <strong>Ero un re<\/strong>, nuovo lavoro di prossima uscita, ancora una volta co-prodotto con Pigrecoemme.<br \/>\nIl pretesto narrativo di <strong>Ero un re<\/strong> \u00e8 la vita di <strong>Gaetano Autiero<\/strong>, oggi venditore ambulante, ma che da bambino partecip\u00f2 come attore a film mitici, tra cui, nel ruolo di <strong>Titino<\/strong>, <strong>Pane, amore e\u2026<\/strong> di <strong>Dino Risi<\/strong> e <strong>Tempo d\u2019estate<\/strong> di David Lean, accanto a <strong>Katharine Hepburn<\/strong>.<br \/>\nL&#8217;anteprima presenta un intenso brano musicale, <strong>Tu bella<\/strong>,\u00a0 di <strong>Vito Ranucci<\/strong>, musicista e compositore noto tra l&#8217;altro per aver partecipato alla colonna sonora de <strong>Le rose del deserto<\/strong> di <strong>Mario Monicelli<\/strong>.<br \/>\nVi segnalo, infine, la proiezione di <strong>\u201cCanc\u201d<\/strong>, duro reportage di trentotto minuti, che fa parte di un film in quattri parti, dedicato alla follia e ai drammi del sistema capitalista e finanziario contemporaneo, letteralmente imploso nell&#8217;innocente e inerme <strong>Grecia <\/strong>dei nsotri giorni.<br \/>\nAutrici l&#8217;antropologa e videomaker <strong>Pamela Garberini<\/strong> e <strong>Anna Coluccino<\/strong>, drammaturga, sceneggiatrice e docente del <a href=\"http:\/\/www.pigrecoemme.com\/corsi\/corso-scrittura-televisione.htm\">Corso di Scrittura per la televisione<\/a> della Scuola Pigrecoemme.<br \/>\nPer i giorni e gli orari di proiezione, al momento non ancora pubblicati, vi consiglio di tenere sotto&#8217;cchio il sito ufficiale: <a href=\"http:\/\/www.faitodocfestival.it\/\">www.faitodocfestival.it<\/a><\/p>\n","protected":false},"excerpt":{"rendered":"<p>Dal 22 al 26 agosto 2012 ritorna il Faito Doc Festival, l&#8217;interessante rassegna estiva dedicata al documentario e al cinema d\u2019autore, ora alla quinta edizione. Tema di quest&#8217;anno la Follia.<br \/>\nTanti gli eventi e le proiezioni, con una breve sezione dedicata alla Scuola di cinema Pigrecoemme.<\/p>\n","protected":false},"author":2,"featured_media":0,"comment_status":"open","ping_status":"open","sticky":false,"template":"","format":"standard","meta":{"_jetpack_newsletter_access":"","_jetpack_dont_email_post_to_subs":false,"_jetpack_newsletter_tier_id":0,"_jetpack_memberships_contains_paywalled_content":false,"_jetpack_feature_clip_id":0,"_jetpack_memberships_contains_paid_content":false,"footnotes":"","jetpack_post_was_ever_published":false},"categories":[11,1,12],"tags":[625,536,357,684,572,723],"class_list":["post-532","post","type-post","status-publish","format-standard","hentry","category-eventi","category-generale","category-produzioni","tag-anna-coluccino","tag-antonio-longo","tag-corsi-di-cinema","tag-ero-un-re","tag-faito-doc-festival","tag-michel-baudour"],"yoast_head":"<!-- This site is optimized with the Yoast SEO plugin v28.4 - https:\/\/yoast.com\/product\/yoast-seo-wordpress\/ -->\n<title>Al via il Faito Doc Festival, con un pizzico di follia (e di Pigrecoemme...)<\/title>\n<meta name=\"robots\" content=\"index, follow, max-snippet:-1, max-image-preview:large, max-video-preview:-1\" \/>\n<link rel=\"canonical\" href=\"https:\/\/www.pigrecoemme.com\/blog\/al-via-il-faito-doc-festival-con-un-pizzico-di-follia-e-di-pigrecoemme\/\" \/>\n<meta property=\"og:locale\" content=\"it_IT\" \/>\n<meta property=\"og:type\" content=\"article\" \/>\n<meta property=\"og:title\" content=\"Al via il Faito Doc Festival, con un pizzico di follia (e di Pigrecoemme...)\" \/>\n<meta property=\"og:description\" content=\"Dal 22 al 26 agosto 2012 ritorna il Faito Doc Festival, l&#039;interessante rassegna estiva dedicata al documentario e al cinema d\u2019autore, ora alla quinta edizione. Tema di quest&#039;anno la Follia. Tanti gli eventi e le proiezioni, con una breve sezione dedicata alla Scuola di cinema Pigrecoemme. Continue reading &rarr;\" \/>\n<meta property=\"og:url\" content=\"https:\/\/www.pigrecoemme.com\/blog\/al-via-il-faito-doc-festival-con-un-pizzico-di-follia-e-di-pigrecoemme\/\" \/>\n<meta property=\"og:site_name\" content=\"Scuola di Cinema Pigrecoemme - Blog\" \/>\n<meta property=\"article:publisher\" content=\"https:\/\/www.facebook.com\/pigrecoemme\" \/>\n<meta property=\"article:author\" content=\"https:\/\/www.facebook.com\/corrado.morra1\" \/>\n<meta property=\"article:published_time\" content=\"2012-07-24T10:07:44+00:00\" \/>\n<meta property=\"og:image\" content=\"http:\/\/www.pigrecoemme.com\/blog\/wp-content\/uploads\/2012\/07\/faito-doc-festival-213x300.jpg\" \/>\n<meta name=\"author\" content=\"Corrado Morra\" \/>\n<meta name=\"twitter:card\" content=\"summary_large_image\" \/>\n<meta name=\"twitter:creator\" content=\"@Pigrecoemme\" \/>\n<meta name=\"twitter:site\" content=\"@Pigrecoemme\" \/>\n<meta name=\"twitter:label1\" content=\"Scritto da\" \/>\n\t<meta name=\"twitter:data1\" content=\"Corrado Morra\" \/>\n\t<meta name=\"twitter:label2\" content=\"Tempo di lettura stimato\" \/>\n\t<meta name=\"twitter:data2\" content=\"3 minuti\" \/>\n<script type=\"application\/ld+json\" class=\"yoast-schema-graph\">{\"@context\":\"https:\\\/\\\/schema.org\",\"@graph\":[{\"@type\":[\"Article\",\"BlogPosting\"],\"@id\":\"https:\\\/\\\/www.pigrecoemme.com\\\/blog\\\/al-via-il-faito-doc-festival-con-un-pizzico-di-follia-e-di-pigrecoemme\\\/#article\",\"isPartOf\":{\"@id\":\"https:\\\/\\\/www.pigrecoemme.com\\\/blog\\\/al-via-il-faito-doc-festival-con-un-pizzico-di-follia-e-di-pigrecoemme\\\/\"},\"author\":{\"name\":\"Corrado Morra\",\"@id\":\"https:\\\/\\\/www.pigrecoemme.com\\\/blog\\\/#\\\/schema\\\/person\\\/702764b5ecda4c2f34e82348789f649e\"},\"headline\":\"Al via il Faito Doc Festival, con un pizzico di follia (e di Pigrecoemme&#8230;)\",\"datePublished\":\"2012-07-24T10:07:44+00:00\",\"mainEntityOfPage\":{\"@id\":\"https:\\\/\\\/www.pigrecoemme.com\\\/blog\\\/al-via-il-faito-doc-festival-con-un-pizzico-di-follia-e-di-pigrecoemme\\\/\"},\"wordCount\":544,\"commentCount\":0,\"publisher\":{\"@id\":\"https:\\\/\\\/www.pigrecoemme.com\\\/blog\\\/#organization\"},\"image\":{\"@id\":\"https:\\\/\\\/www.pigrecoemme.com\\\/blog\\\/al-via-il-faito-doc-festival-con-un-pizzico-di-follia-e-di-pigrecoemme\\\/#primaryimage\"},\"thumbnailUrl\":\"http:\\\/\\\/www.pigrecoemme.com\\\/blog\\\/wp-content\\\/uploads\\\/2012\\\/07\\\/faito-doc-festival-213x300.jpg\",\"keywords\":[\"anna coluccino\",\"antonio longo\",\"corsi di cinema\",\"ero un re\",\"faito doc festival\",\"Michel Baudour\"],\"articleSection\":[\"Eventi\",\"Generale\",\"Produzioni\"],\"inLanguage\":\"it-IT\",\"potentialAction\":[{\"@type\":\"CommentAction\",\"name\":\"Comment\",\"target\":[\"https:\\\/\\\/www.pigrecoemme.com\\\/blog\\\/al-via-il-faito-doc-festival-con-un-pizzico-di-follia-e-di-pigrecoemme\\\/#respond\"]}]},{\"@type\":\"WebPage\",\"@id\":\"https:\\\/\\\/www.pigrecoemme.com\\\/blog\\\/al-via-il-faito-doc-festival-con-un-pizzico-di-follia-e-di-pigrecoemme\\\/\",\"url\":\"https:\\\/\\\/www.pigrecoemme.com\\\/blog\\\/al-via-il-faito-doc-festival-con-un-pizzico-di-follia-e-di-pigrecoemme\\\/\",\"name\":\"Al via il Faito Doc Festival, con un pizzico di follia (e di Pigrecoemme...)\",\"isPartOf\":{\"@id\":\"https:\\\/\\\/www.pigrecoemme.com\\\/blog\\\/#website\"},\"primaryImageOfPage\":{\"@id\":\"https:\\\/\\\/www.pigrecoemme.com\\\/blog\\\/al-via-il-faito-doc-festival-con-un-pizzico-di-follia-e-di-pigrecoemme\\\/#primaryimage\"},\"image\":{\"@id\":\"https:\\\/\\\/www.pigrecoemme.com\\\/blog\\\/al-via-il-faito-doc-festival-con-un-pizzico-di-follia-e-di-pigrecoemme\\\/#primaryimage\"},\"thumbnailUrl\":\"http:\\\/\\\/www.pigrecoemme.com\\\/blog\\\/wp-content\\\/uploads\\\/2012\\\/07\\\/faito-doc-festival-213x300.jpg\",\"datePublished\":\"2012-07-24T10:07:44+00:00\",\"breadcrumb\":{\"@id\":\"https:\\\/\\\/www.pigrecoemme.com\\\/blog\\\/al-via-il-faito-doc-festival-con-un-pizzico-di-follia-e-di-pigrecoemme\\\/#breadcrumb\"},\"inLanguage\":\"it-IT\",\"potentialAction\":[{\"@type\":\"ReadAction\",\"target\":[\"https:\\\/\\\/www.pigrecoemme.com\\\/blog\\\/al-via-il-faito-doc-festival-con-un-pizzico-di-follia-e-di-pigrecoemme\\\/\"]}]},{\"@type\":\"ImageObject\",\"inLanguage\":\"it-IT\",\"@id\":\"https:\\\/\\\/www.pigrecoemme.com\\\/blog\\\/al-via-il-faito-doc-festival-con-un-pizzico-di-follia-e-di-pigrecoemme\\\/#primaryimage\",\"url\":\"http:\\\/\\\/www.pigrecoemme.com\\\/blog\\\/wp-content\\\/uploads\\\/2012\\\/07\\\/faito-doc-festival-213x300.jpg\",\"contentUrl\":\"http:\\\/\\\/www.pigrecoemme.com\\\/blog\\\/wp-content\\\/uploads\\\/2012\\\/07\\\/faito-doc-festival-213x300.jpg\"},{\"@type\":\"BreadcrumbList\",\"@id\":\"https:\\\/\\\/www.pigrecoemme.com\\\/blog\\\/al-via-il-faito-doc-festival-con-un-pizzico-di-follia-e-di-pigrecoemme\\\/#breadcrumb\",\"itemListElement\":[{\"@type\":\"ListItem\",\"position\":1,\"name\":\"Home\",\"item\":\"https:\\\/\\\/www.pigrecoemme.com\\\/blog\\\/\"},{\"@type\":\"ListItem\",\"position\":2,\"name\":\"Al via il Faito Doc Festival, con un pizzico di follia (e di Pigrecoemme&#8230;)\"}]},{\"@type\":\"WebSite\",\"@id\":\"https:\\\/\\\/www.pigrecoemme.com\\\/blog\\\/#website\",\"url\":\"https:\\\/\\\/www.pigrecoemme.com\\\/blog\\\/\",\"name\":\"Scuola di Cinema Pigrecoemme - Blog\",\"description\":\"Siamo la prima Scuola di Cinema e Fotografia di Napoli\",\"publisher\":{\"@id\":\"https:\\\/\\\/www.pigrecoemme.com\\\/blog\\\/#organization\"},\"potentialAction\":[{\"@type\":\"SearchAction\",\"target\":{\"@type\":\"EntryPoint\",\"urlTemplate\":\"https:\\\/\\\/www.pigrecoemme.com\\\/blog\\\/?s={search_term_string}\"},\"query-input\":{\"@type\":\"PropertyValueSpecification\",\"valueRequired\":true,\"valueName\":\"search_term_string\"}}],\"inLanguage\":\"it-IT\"},{\"@type\":\"Organization\",\"@id\":\"https:\\\/\\\/www.pigrecoemme.com\\\/blog\\\/#organization\",\"name\":\"Scuola di cinema e fotografia Pigrecoemme\",\"url\":\"https:\\\/\\\/www.pigrecoemme.com\\\/blog\\\/\",\"logo\":{\"@type\":\"ImageObject\",\"inLanguage\":\"it-IT\",\"@id\":\"https:\\\/\\\/www.pigrecoemme.com\\\/blog\\\/#\\\/schema\\\/logo\\\/image\\\/\",\"url\":\"https:\\\/\\\/i0.wp.com\\\/www.pigrecoemme.com\\\/blog\\\/wp-content\\\/uploads\\\/2018\\\/06\\\/logo-pigrecoemme-2018.png?fit=500%2C500&ssl=1\",\"contentUrl\":\"https:\\\/\\\/i0.wp.com\\\/www.pigrecoemme.com\\\/blog\\\/wp-content\\\/uploads\\\/2018\\\/06\\\/logo-pigrecoemme-2018.png?fit=500%2C500&ssl=1\",\"width\":500,\"height\":500,\"caption\":\"Scuola di cinema e fotografia Pigrecoemme\"},\"image\":{\"@id\":\"https:\\\/\\\/www.pigrecoemme.com\\\/blog\\\/#\\\/schema\\\/logo\\\/image\\\/\"},\"sameAs\":[\"https:\\\/\\\/www.facebook.com\\\/pigrecoemme\",\"https:\\\/\\\/x.com\\\/Pigrecoemme\",\"https:\\\/\\\/www.instagram.com\\\/pigrecoemme\\\/\",\"https:\\\/\\\/www.linkedin.com\\\/company\\\/pigrecoemme\\\/\",\"https:\\\/\\\/www.youtube.com\\\/pigrecoemme\"]},{\"@type\":\"Person\",\"@id\":\"https:\\\/\\\/www.pigrecoemme.com\\\/blog\\\/#\\\/schema\\\/person\\\/702764b5ecda4c2f34e82348789f649e\",\"name\":\"Corrado Morra\",\"image\":{\"@type\":\"ImageObject\",\"inLanguage\":\"it-IT\",\"@id\":\"https:\\\/\\\/secure.gravatar.com\\\/avatar\\\/f6ce2f6728fbdf920737112fe70682512808577befa2c9c7845c04a8449b8f03?s=96&r=g\",\"url\":\"https:\\\/\\\/secure.gravatar.com\\\/avatar\\\/f6ce2f6728fbdf920737112fe70682512808577befa2c9c7845c04a8449b8f03?s=96&r=g\",\"contentUrl\":\"https:\\\/\\\/secure.gravatar.com\\\/avatar\\\/f6ce2f6728fbdf920737112fe70682512808577befa2c9c7845c04a8449b8f03?s=96&r=g\",\"caption\":\"Corrado Morra\"},\"description\":\"Esperto di arti visive e di cinema, insegna Sceneggiatura alla Scuola di cinema Pigrecoemme di Napoli, di cui \u00e8 tra i fondatori.\",\"sameAs\":[\"http:\\\/\\\/www.pigrecoemme.com\\\/\",\"https:\\\/\\\/www.facebook.com\\\/corrado.morra1\"],\"url\":\"https:\\\/\\\/www.pigrecoemme.com\\\/blog\\\/author\\\/corrado-morra\\\/\"}]}<\/script>\n<!-- \/ Yoast SEO plugin. -->","yoast_head_json":{"title":"Al via il Faito Doc Festival, con un pizzico di follia (e di Pigrecoemme...)","robots":{"index":"index","follow":"follow","max-snippet":"max-snippet:-1","max-image-preview":"max-image-preview:large","max-video-preview":"max-video-preview:-1"},"canonical":"https:\/\/www.pigrecoemme.com\/blog\/al-via-il-faito-doc-festival-con-un-pizzico-di-follia-e-di-pigrecoemme\/","og_locale":"it_IT","og_type":"article","og_title":"Al via il Faito Doc Festival, con un pizzico di follia (e di Pigrecoemme...)","og_description":"Dal 22 al 26 agosto 2012 ritorna il Faito Doc Festival, l'interessante rassegna estiva dedicata al documentario e al cinema d\u2019autore, ora alla quinta edizione. Tema di quest'anno la Follia. Tanti gli eventi e le proiezioni, con una breve sezione dedicata alla Scuola di cinema Pigrecoemme. Continue reading &rarr;","og_url":"https:\/\/www.pigrecoemme.com\/blog\/al-via-il-faito-doc-festival-con-un-pizzico-di-follia-e-di-pigrecoemme\/","og_site_name":"Scuola di Cinema Pigrecoemme - Blog","article_publisher":"https:\/\/www.facebook.com\/pigrecoemme","article_author":"https:\/\/www.facebook.com\/corrado.morra1","article_published_time":"2012-07-24T10:07:44+00:00","og_image":[{"url":"http:\/\/www.pigrecoemme.com\/blog\/wp-content\/uploads\/2012\/07\/faito-doc-festival-213x300.jpg","type":"","width":"","height":""}],"author":"Corrado Morra","twitter_card":"summary_large_image","twitter_creator":"@Pigrecoemme","twitter_site":"@Pigrecoemme","twitter_misc":{"Scritto da":"Corrado Morra","Tempo di lettura stimato":"3 minuti"},"schema":{"@context":"https:\/\/schema.org","@graph":[{"@type":["Article","BlogPosting"],"@id":"https:\/\/www.pigrecoemme.com\/blog\/al-via-il-faito-doc-festival-con-un-pizzico-di-follia-e-di-pigrecoemme\/#article","isPartOf":{"@id":"https:\/\/www.pigrecoemme.com\/blog\/al-via-il-faito-doc-festival-con-un-pizzico-di-follia-e-di-pigrecoemme\/"},"author":{"name":"Corrado Morra","@id":"https:\/\/www.pigrecoemme.com\/blog\/#\/schema\/person\/702764b5ecda4c2f34e82348789f649e"},"headline":"Al via il Faito Doc Festival, con un pizzico di follia (e di Pigrecoemme&#8230;)","datePublished":"2012-07-24T10:07:44+00:00","mainEntityOfPage":{"@id":"https:\/\/www.pigrecoemme.com\/blog\/al-via-il-faito-doc-festival-con-un-pizzico-di-follia-e-di-pigrecoemme\/"},"wordCount":544,"commentCount":0,"publisher":{"@id":"https:\/\/www.pigrecoemme.com\/blog\/#organization"},"image":{"@id":"https:\/\/www.pigrecoemme.com\/blog\/al-via-il-faito-doc-festival-con-un-pizzico-di-follia-e-di-pigrecoemme\/#primaryimage"},"thumbnailUrl":"http:\/\/www.pigrecoemme.com\/blog\/wp-content\/uploads\/2012\/07\/faito-doc-festival-213x300.jpg","keywords":["anna coluccino","antonio longo","corsi di cinema","ero un re","faito doc festival","Michel Baudour"],"articleSection":["Eventi","Generale","Produzioni"],"inLanguage":"it-IT","potentialAction":[{"@type":"CommentAction","name":"Comment","target":["https:\/\/www.pigrecoemme.com\/blog\/al-via-il-faito-doc-festival-con-un-pizzico-di-follia-e-di-pigrecoemme\/#respond"]}]},{"@type":"WebPage","@id":"https:\/\/www.pigrecoemme.com\/blog\/al-via-il-faito-doc-festival-con-un-pizzico-di-follia-e-di-pigrecoemme\/","url":"https:\/\/www.pigrecoemme.com\/blog\/al-via-il-faito-doc-festival-con-un-pizzico-di-follia-e-di-pigrecoemme\/","name":"Al via il Faito Doc Festival, con un pizzico di follia (e di Pigrecoemme...)","isPartOf":{"@id":"https:\/\/www.pigrecoemme.com\/blog\/#website"},"primaryImageOfPage":{"@id":"https:\/\/www.pigrecoemme.com\/blog\/al-via-il-faito-doc-festival-con-un-pizzico-di-follia-e-di-pigrecoemme\/#primaryimage"},"image":{"@id":"https:\/\/www.pigrecoemme.com\/blog\/al-via-il-faito-doc-festival-con-un-pizzico-di-follia-e-di-pigrecoemme\/#primaryimage"},"thumbnailUrl":"http:\/\/www.pigrecoemme.com\/blog\/wp-content\/uploads\/2012\/07\/faito-doc-festival-213x300.jpg","datePublished":"2012-07-24T10:07:44+00:00","breadcrumb":{"@id":"https:\/\/www.pigrecoemme.com\/blog\/al-via-il-faito-doc-festival-con-un-pizzico-di-follia-e-di-pigrecoemme\/#breadcrumb"},"inLanguage":"it-IT","potentialAction":[{"@type":"ReadAction","target":["https:\/\/www.pigrecoemme.com\/blog\/al-via-il-faito-doc-festival-con-un-pizzico-di-follia-e-di-pigrecoemme\/"]}]},{"@type":"ImageObject","inLanguage":"it-IT","@id":"https:\/\/www.pigrecoemme.com\/blog\/al-via-il-faito-doc-festival-con-un-pizzico-di-follia-e-di-pigrecoemme\/#primaryimage","url":"http:\/\/www.pigrecoemme.com\/blog\/wp-content\/uploads\/2012\/07\/faito-doc-festival-213x300.jpg","contentUrl":"http:\/\/www.pigrecoemme.com\/blog\/wp-content\/uploads\/2012\/07\/faito-doc-festival-213x300.jpg"},{"@type":"BreadcrumbList","@id":"https:\/\/www.pigrecoemme.com\/blog\/al-via-il-faito-doc-festival-con-un-pizzico-di-follia-e-di-pigrecoemme\/#breadcrumb","itemListElement":[{"@type":"ListItem","position":1,"name":"Home","item":"https:\/\/www.pigrecoemme.com\/blog\/"},{"@type":"ListItem","position":2,"name":"Al via il Faito Doc Festival, con un pizzico di follia (e di Pigrecoemme&#8230;)"}]},{"@type":"WebSite","@id":"https:\/\/www.pigrecoemme.com\/blog\/#website","url":"https:\/\/www.pigrecoemme.com\/blog\/","name":"Scuola di Cinema Pigrecoemme - Blog","description":"Siamo la prima Scuola di Cinema e Fotografia di Napoli","publisher":{"@id":"https:\/\/www.pigrecoemme.com\/blog\/#organization"},"potentialAction":[{"@type":"SearchAction","target":{"@type":"EntryPoint","urlTemplate":"https:\/\/www.pigrecoemme.com\/blog\/?s={search_term_string}"},"query-input":{"@type":"PropertyValueSpecification","valueRequired":true,"valueName":"search_term_string"}}],"inLanguage":"it-IT"},{"@type":"Organization","@id":"https:\/\/www.pigrecoemme.com\/blog\/#organization","name":"Scuola di cinema e fotografia Pigrecoemme","url":"https:\/\/www.pigrecoemme.com\/blog\/","logo":{"@type":"ImageObject","inLanguage":"it-IT","@id":"https:\/\/www.pigrecoemme.com\/blog\/#\/schema\/logo\/image\/","url":"https:\/\/i0.wp.com\/www.pigrecoemme.com\/blog\/wp-content\/uploads\/2018\/06\/logo-pigrecoemme-2018.png?fit=500%2C500&ssl=1","contentUrl":"https:\/\/i0.wp.com\/www.pigrecoemme.com\/blog\/wp-content\/uploads\/2018\/06\/logo-pigrecoemme-2018.png?fit=500%2C500&ssl=1","width":500,"height":500,"caption":"Scuola di cinema e fotografia Pigrecoemme"},"image":{"@id":"https:\/\/www.pigrecoemme.com\/blog\/#\/schema\/logo\/image\/"},"sameAs":["https:\/\/www.facebook.com\/pigrecoemme","https:\/\/x.com\/Pigrecoemme","https:\/\/www.instagram.com\/pigrecoemme\/","https:\/\/www.linkedin.com\/company\/pigrecoemme\/","https:\/\/www.youtube.com\/pigrecoemme"]},{"@type":"Person","@id":"https:\/\/www.pigrecoemme.com\/blog\/#\/schema\/person\/702764b5ecda4c2f34e82348789f649e","name":"Corrado Morra","image":{"@type":"ImageObject","inLanguage":"it-IT","@id":"https:\/\/secure.gravatar.com\/avatar\/f6ce2f6728fbdf920737112fe70682512808577befa2c9c7845c04a8449b8f03?s=96&r=g","url":"https:\/\/secure.gravatar.com\/avatar\/f6ce2f6728fbdf920737112fe70682512808577befa2c9c7845c04a8449b8f03?s=96&r=g","contentUrl":"https:\/\/secure.gravatar.com\/avatar\/f6ce2f6728fbdf920737112fe70682512808577befa2c9c7845c04a8449b8f03?s=96&r=g","caption":"Corrado Morra"},"description":"Esperto di arti visive e di cinema, insegna Sceneggiatura alla Scuola di cinema Pigrecoemme di Napoli, di cui \u00e8 tra i fondatori.","sameAs":["http:\/\/www.pigrecoemme.com\/","https:\/\/www.facebook.com\/corrado.morra1"],"url":"https:\/\/www.pigrecoemme.com\/blog\/author\/corrado-morra\/"}]}},"jetpack_sharing_enabled":true,"jetpack_likes_enabled":true,"jetpack-related-posts":[{"id":534,"url":"https:\/\/www.pigrecoemme.com\/blog\/al-faito-doc-festival-un-interessante-workshop-di-direzione-della-fotografia\/","url_meta":{"origin":532,"position":0},"title":"Al Faito Doc Festival, un interessante Workshop di Direzione della fotografia","author":"Corrado Morra","date":"25 Luglio 2012","format":false,"excerpt":"La Direzione della fotografia al servizio del cinema. \u00c8 questo il titolo dell'interessante workshop dedicato ai segreti della luce nella Settima arte, tenuto, nell'ambito del Faito Doc Festival, da Michel Baudour, direttore della Fotografia belga, direttore della fotografia e documentarista, com una lunga carrierra televisiva, formatosi alla INSAS di Bruxelles.\u2026","rel":"","context":"In &quot;Eventi&quot;","block_context":{"text":"Eventi","link":"https:\/\/www.pigrecoemme.com\/blog\/eventi\/"},"img":{"alt_text":"","src":"https:\/\/i0.wp.com\/www.pigrecoemme.com\/blog\/wp-content\/uploads\/2012\/07\/michel-baudour-300x300.jpg?resize=350%2C200","width":350,"height":200},"classes":[]},{"id":378,"url":"https:\/\/www.pigrecoemme.com\/blog\/faito-doc-festival-pigrecoemme-tra-i-partner\/","url_meta":{"origin":532,"position":1},"title":"Faito Doc Festival: Pigrecoemme tra i partner","author":"Giacomo Fabbrocino","date":"30 Giugno 2011","format":false,"excerpt":"Dal 6 al 10 luglio 2011 si terr\u00e0 la quarta edizione del Faito Doc Festival, festival internazionale e tematico del documentario che quest'anno sar\u00e0 dedicato all'identit\u00e0. Il festival prevede il concorso cinematografico internazionale, che propone la proiezione di 11\u00a0documentari lungometraggi e 9 cortometraggi provenienti da Belgio, Francia, Estonia, Israele, Polonia,\u2026","rel":"","context":"In &quot;Eventi&quot;","block_context":{"text":"Eventi","link":"https:\/\/www.pigrecoemme.com\/blog\/eventi\/"},"img":{"alt_text":"La locandina del Faito Doc Festival","src":"https:\/\/i0.wp.com\/www.pigrecoemme.com\/blog\/wp-content\/uploads\/2011\/06\/locandina_fdf_2011-212x300.jpg?resize=350%2C200","width":350,"height":200},"classes":[]},{"id":382,"url":"https:\/\/www.pigrecoemme.com\/blog\/il-2%c2%b0-cinemavvenire-video-festival-premia-midnight-bingo\/","url_meta":{"origin":532,"position":2},"title":"Il 2\u00b0 Cinemavvenire Video Festival premia Midnight Bingo","author":"Giacomo Fabbrocino","date":"6 Luglio 2011","format":false,"excerpt":"Siamo molto contenti di comunicare a chi ci segue che il documentario \"Midnight Bingo\" realizzato da Antonio Longo - ex partecipante ai nostri corsi - con il nostro contributo (il montaggio e di Rosario Gallone e il color grading di Giacomo Fabbrocino) ha ottenuto la menzione speciale per i migliori\u2026","rel":"","context":"In &quot;Generale&quot;","block_context":{"text":"Generale","link":"https:\/\/www.pigrecoemme.com\/blog\/generale\/"},"img":{"alt_text":"","src":"https:\/\/i0.wp.com\/img195.imageshack.us\/img195\/9969\/inabingosmall.jpg?resize=350%2C200","width":350,"height":200},"classes":[]},{"id":32,"url":"https:\/\/www.pigrecoemme.com\/blog\/o-curt-x-edizione-del-festival-del-cortometraggio\/","url_meta":{"origin":532,"position":3},"title":"&#8216;O Curt &#8211; X edizione del festival del cortometraggio","author":"Giacomo Fabbrocino","date":"4 Febbraio 2008","format":false,"excerpt":"Dal 6 al 9 febbraio a Napoli si rinnova l\u2019appuntamento con \u2019O CURT Festival del cortometraggio, che quest\u2019anno giunge al prestigioso traguardo della decima edizione. La rassegna, a cura della Mediateca S. Sofia dell\u2019Assessorato alle Politiche giovanili - Servizio Giovani in collaborazione con La Scuola di Cinema e Televisione Pigrecoemme\u2026","rel":"","context":"In &quot;Eventi&quot;","block_context":{"text":"Eventi","link":"https:\/\/www.pigrecoemme.com\/blog\/eventi\/"},"img":{"alt_text":"","src":"","width":0,"height":0},"classes":[]},{"id":333,"url":"https:\/\/www.pigrecoemme.com\/blog\/aperte-le-selezioni-per-a-corto-di-idee-2011\/","url_meta":{"origin":532,"position":4},"title":"Aperte le selezioni per  &#8220;A CORTO DI IDEE 2011&#8221;","author":"Giacomo Fabbrocino","date":"27 Gennaio 2011","format":false,"excerpt":"L'associazione culturale senza scopo di lucro \u201cHappy Hours\u201d, organizza la 4\u00b0 edizione della Rassegna di cortometraggi \"A CORTO di idee\". Anche quest'anno la Scuola di Cinema Pigrecoemme assegner\u00e0 il premio della critica. La rassegna \u00e8 rivolta a TUTTI: filmaker e videoamatori italiani e stranieri, Istituti scolastici, Associazioni e Societ\u00e0 che\u2026","rel":"","context":"In &quot;Eventi&quot;","block_context":{"text":"Eventi","link":"https:\/\/www.pigrecoemme.com\/blog\/eventi\/"},"img":{"alt_text":"","src":"https:\/\/i0.wp.com\/www.pigrecoemme.com\/a-corto-di-idee\/a-corto-di-idee-2011-small.jpg?resize=350%2C200","width":350,"height":200},"classes":[]},{"id":310,"url":"https:\/\/www.pigrecoemme.com\/blog\/pigrecoemme-partner-culturale-del-i-miglio-doro-filmfestival\/","url_meta":{"origin":532,"position":5},"title":"Pigrecoemme partner culturale del I Miglio D&#8217;Oro FilmFestival","author":"Rosario Gallone","date":"2 Dicembre 2010","format":false,"excerpt":"17- 18- 19 dicembre 2010 Portici (NA), Teatro \"E. De Filippo\", \u00a0C.so Umberto I Ancora un'occasione per noi di Pigrecoemme di incoraggiare chi, giovane o meno, cerca di alimentare l'offerta culturale di una citt\u00e0 e di una Provincia che ne hanno davvero bisogno:\u00a0Il \"Miglio D'oro Film Festival\" \u00e8 la prima\u2026","rel":"","context":"In &quot;Eventi&quot;","block_context":{"text":"Eventi","link":"https:\/\/www.pigrecoemme.com\/blog\/eventi\/"},"img":{"alt_text":"","src":"https:\/\/i0.wp.com\/www.pigrecoemme.com\/blog\/wp-content\/uploads\/2010\/12\/migliodoro.jpg?resize=350%2C200","width":350,"height":200},"classes":[]}],"jetpack_featured_media_url":"","_links":{"self":[{"href":"https:\/\/www.pigrecoemme.com\/blog\/wp-json\/wp\/v2\/posts\/532","targetHints":{"allow":["GET"]}}],"collection":[{"href":"https:\/\/www.pigrecoemme.com\/blog\/wp-json\/wp\/v2\/posts"}],"about":[{"href":"https:\/\/www.pigrecoemme.com\/blog\/wp-json\/wp\/v2\/types\/post"}],"author":[{"embeddable":true,"href":"https:\/\/www.pigrecoemme.com\/blog\/wp-json\/wp\/v2\/users\/2"}],"replies":[{"embeddable":true,"href":"https:\/\/www.pigrecoemme.com\/blog\/wp-json\/wp\/v2\/comments?post=532"}],"version-history":[{"count":0,"href":"https:\/\/www.pigrecoemme.com\/blog\/wp-json\/wp\/v2\/posts\/532\/revisions"}],"wp:attachment":[{"href":"https:\/\/www.pigrecoemme.com\/blog\/wp-json\/wp\/v2\/media?parent=532"}],"wp:term":[{"taxonomy":"category","embeddable":true,"href":"https:\/\/www.pigrecoemme.com\/blog\/wp-json\/wp\/v2\/categories?post=532"},{"taxonomy":"post_tag","embeddable":true,"href":"https:\/\/www.pigrecoemme.com\/blog\/wp-json\/wp\/v2\/tags?post=532"}],"curies":[{"name":"wp","href":"https:\/\/api.w.org\/{rel}","templated":true}]}}