{"id":526,"date":"2012-07-04T18:26:23","date_gmt":"2012-07-04T16:26:23","guid":{"rendered":"http:\/\/www.pigrecoemme.com\/blog\/?p=526"},"modified":"2012-07-04T18:51:44","modified_gmt":"2012-07-04T16:51:44","slug":"come-e-andato-un-consiglio-a-dio-a-pesaro-bene-ora-ci-si-rivede-a-roma","status":"publish","type":"post","link":"https:\/\/www.pigrecoemme.com\/blog\/come-e-andato-un-consiglio-a-dio-a-pesaro-bene-ora-ci-si-rivede-a-roma\/","title":{"rendered":"Come \u00e8 andato &#8220;Un consiglio a Dio&#8221; a Pesaro? Bene! Ora ci si rivede a Roma!"},"content":{"rendered":"<figure id=\"attachment_527\" aria-describedby=\"caption-attachment-527\" style=\"width: 300px\" class=\"wp-caption alignleft\"><a href=\"https:\/\/i0.wp.com\/www.pigrecoemme.com\/blog\/wp-content\/uploads\/2012\/07\/18_marchioni_-_spagnoletti_-_dionisio_-_arcopinto_-_pesaro_film_fest_2012_-_ph_chiara_schiaratura.jpg?ssl=1\"><img data-recalc-dims=\"1\" loading=\"lazy\" decoding=\"async\" class=\"size-medium wp-image-527 \" title=\"Il protagonista di &quot;Un Consiglio a Dio&quot; Vinicio Marchioni, il direttore del festival del cinema di Pesaro Giovanni Spagnoletti, il regista Sandro Dionisio e il produttore Gianluca Arcopinto parlano del film dopo la proiezione -  Ph Chiara Schiaratura\" src=\"https:\/\/i0.wp.com\/www.pigrecoemme.com\/blog\/wp-content\/uploads\/2012\/07\/18_marchioni_-_spagnoletti_-_dionisio_-_arcopinto_-_pesaro_film_fest_2012_-_ph_chiara_schiaratura.jpg?resize=300%2C205&#038;ssl=1\" alt=\"Il protagonista di &quot;Un Consiglio a Dio&quot; Vinicio Marchioni, il direttore del festival del cinema di Pesaro Giovanni Spagnoletti, il regista Sandro Dionisio e il produttore Gianluca Arcopinto parlano del film dopo la proiezione\" width=\"300\" height=\"205\" srcset=\"https:\/\/i0.wp.com\/www.pigrecoemme.com\/blog\/wp-content\/uploads\/2012\/07\/18_marchioni_-_spagnoletti_-_dionisio_-_arcopinto_-_pesaro_film_fest_2012_-_ph_chiara_schiaratura.jpg?resize=300%2C205&amp;ssl=1 300w, https:\/\/i0.wp.com\/www.pigrecoemme.com\/blog\/wp-content\/uploads\/2012\/07\/18_marchioni_-_spagnoletti_-_dionisio_-_arcopinto_-_pesaro_film_fest_2012_-_ph_chiara_schiaratura.jpg?w=840&amp;ssl=1 840w\" sizes=\"auto, (max-width: 300px) 100vw, 300px\" \/><\/a><figcaption id=\"caption-attachment-527\" class=\"wp-caption-text\">Il protagonista di &quot;Un Consiglio a Dio&quot; Vinicio Marchioni, il direttore del festival del cinema di Pesaro Giovanni Spagnoletti, il regista Sandro Dionisio e il produttore Gianluca Arcopinto parlano del film dopo la proiezione<\/figcaption><\/figure>\n<p>Beh, <em><a href=\"https:\/\/www.pigrecoemme.com\/blog\/vinicio-marchioni-nel-nuovo-film-di-sandro-dionisio-coprodotto-da-pigrecoemme\/\">Un Consiglio a Dio<\/a><\/em> non ha vinto (la vittoria \u00e8 andata a\u00a0<em>Djeca<\/em>, che tra l&#8217;altro aveva gi\u00e0 ottenuto il premio speciale della giuria nella sezione &#8220;<span>Un Certain Regard&#8221;<\/span> a Cannes 2012), ma \u00e8 piaciuto molto. Lo si \u00e8 percepito durante e dopo la proiezione che ha stimolato, sia in sala, sia in successive recensioni, riflessioni non banali sulla realt\u00e0 dei migranti, sull&#8217;animo umano e sul linguaggio cinematografico. Leggere, ad esempio, recensioni come <a href=\"http:\/\/www.indie-eye.it\/cinema\/strana-illusione\/48-pesaro-film-festival-concorso-un-consiglio-a-dio-di-sandro-dioniso-italia-2012.html\" target=\"_blank\">quella pubblicata da Indie Eye<\/a> \u00e8 una cosa che ci riempe di soddisfazione! Per qualcuno &#8220;Un consiglio a Dio&#8221; era addirittura il miglior film in concorso e, nell&#8217;ambito di un festival tradizionalmente colto e frequentato dalla migliore critica cinematografica, queste sono parole preziosissime, cos\u00ec come evidente \u00e8 stata la reazione della sala che il film ha portato in alcuni momenti alle risa, in altri alla commozione.<\/p>\n<p>A seguito della proiezione, dicevamo, molti i commenti tra i quali, oltre a quelli appassionati del pubblico (&#8220;andrebbe proiettato nelle scuole&#8230;&#8221;), anche quelli agguerriti del produttore Gianluca Arcopinto (il produttore indipendente italiano per eccellenza), che ha difeso questo piccolo film come esempio lampante di cinema &#8220;importante&#8221; a bassissimo costo e quelli amorevoli di Vinicio Marchioni, che ha affermato di essersi allenato al dialetto napoletano ascoltando molto Troisi ed Eduardo. Dionisio, dal canto suo, ha parlato del film in termini articolati, ma in questo post trovate i link ad un paio di esaurienti interviste.<\/p>\n<p>Una piccola clip audio del film \u00e8 stata mandata in onda dalla seguitissima trasmissione cinefila di Radio Rai 3, Hollywood Party (<a href=\"http:\/\/youtu.be\/Qv1etAB2kvo\" target=\"_blank\">ascoltala<\/a>).<\/p>\n<p>Alla grande attenzione data dalla stampa al film diretto da Sandro Dionisio, tratto da un Monologo di Davide Morganti e montato dal nostro Giacomo Fabbrocino seguir\u00e0, comunque, <strong>un&#8217;altra proiezione<\/strong>: domenica 8 luglio, alle ore 21,00 a Roma presso l&#8217;arena Notti di Cinema a Piazza Vittorio (<a href=\"http:\/\/www.pesarofilmfest.it\/ufficio-stampa\/news\/pesaro-a-roma-6-8-luglio-a-piazza-vittorio.html\">vedi programma<\/a>).<\/p>\n<p>In attesa di vederci a Piazza Vittorio, allora, vi lasciamo con qualcosa da leggere:<\/p>\n<ul>\n<li><a href=\"http:\/\/news.cinecitta.com\/people\/intervista.asp?id=5884\" target=\"_blank\">Intervista a Sandro Dionisio su Cinecitt\u00e0 News<\/a><\/li>\n<li><a href=\"http:\/\/www.left.it\/2012\/06\/29\/dionisio-la-speranza-arriva-via-mare\/4792\/\">Intervista a Sandro Dioniso su Left (supplemento culturale dell&#8217;Unit\u00e0)<\/a><\/li>\n<li><a href=\"http:\/\/www.pesarofilmfest.it\/ufficio-stampa\/comunicati-stampa\/vinicio-marchioni-e-un-trovacadaveri-in-un-consiglio-a-dio-di-sandro-dionisio-unico-film-italiano-in-concorso.html?lang=it\" target=\"_blank\">Il comunicato stampa del festival successivo alla proiezione<\/a><\/li>\n<li><a href=\"http:\/\/www.indie-eye.it\/cinema\/strana-illusione\/48-pesaro-film-festival-concorso-un-consiglio-a-dio-di-sandro-dioniso-italia-2012.html\">La recensione di Michele Faggi per Indie-Eye<\/a><\/li>\n<\/ul>\n<div>Ora non ci resta che sperare in una distribuzione del film che, secondo Gianluca Arcopinto, potrebbe avvenire anche tramite canali con convenzionali.<\/div>\n<div>\n<figure id=\"attachment_529\" aria-describedby=\"caption-attachment-529\" style=\"width: 216px\" class=\"wp-caption alignleft\"><a href=\"https:\/\/i0.wp.com\/www.pigrecoemme.com\/blog\/wp-content\/uploads\/2012\/07\/left.jpg?ssl=1\"><img data-recalc-dims=\"1\" loading=\"lazy\" decoding=\"async\" class=\"size-medium wp-image-529\" title=\"Camilla Bernacchioni su Left del 30 giugno\" src=\"https:\/\/i0.wp.com\/www.pigrecoemme.com\/blog\/wp-content\/uploads\/2012\/07\/left.jpg?resize=216%2C300&#038;ssl=1\" alt=\"Camilla Bernacchioni su Left del 30 giugno\" width=\"216\" height=\"300\" srcset=\"https:\/\/i0.wp.com\/www.pigrecoemme.com\/blog\/wp-content\/uploads\/2012\/07\/left.jpg?resize=216%2C300&amp;ssl=1 216w, https:\/\/i0.wp.com\/www.pigrecoemme.com\/blog\/wp-content\/uploads\/2012\/07\/left.jpg?w=519&amp;ssl=1 519w\" sizes=\"auto, (max-width: 216px) 100vw, 216px\" \/><\/a><figcaption id=\"caption-attachment-529\" class=\"wp-caption-text\">Camilla Bernacchioni su Left del 30 giugno<\/figcaption><\/figure>\n<figure id=\"attachment_528\" aria-describedby=\"caption-attachment-528\" style=\"width: 212px\" class=\"wp-caption alignleft\"><a href=\"https:\/\/i0.wp.com\/www.pigrecoemme.com\/blog\/wp-content\/uploads\/2012\/07\/il-mattino.jpg?ssl=1\"><img data-recalc-dims=\"1\" loading=\"lazy\" decoding=\"async\" class=\"size-medium wp-image-528\" title=\"Articolo di Diego Del Pozzo sul Mattino del 25 giugno 2012\" src=\"https:\/\/i0.wp.com\/www.pigrecoemme.com\/blog\/wp-content\/uploads\/2012\/07\/il-mattino.jpg?resize=212%2C300&#038;ssl=1\" alt=\"Articolo di Diego Del Pozzo sul Mattino del 25 giugno 2012\" width=\"212\" height=\"300\" srcset=\"https:\/\/i0.wp.com\/www.pigrecoemme.com\/blog\/wp-content\/uploads\/2012\/07\/il-mattino.jpg?resize=212%2C300&amp;ssl=1 212w, https:\/\/i0.wp.com\/www.pigrecoemme.com\/blog\/wp-content\/uploads\/2012\/07\/il-mattino.jpg?w=1075&amp;ssl=1 1075w\" sizes=\"auto, (max-width: 212px) 100vw, 212px\" \/><\/a><figcaption id=\"caption-attachment-528\" class=\"wp-caption-text\">Articolo di Diego Del Pozzo sul Mattino del 25 giugno 2012<\/figcaption><\/figure>\n<\/div>\n","protected":false},"excerpt":{"rendered":"<p>Beh, Un Consiglio a Dio non ha vinto (la vittoria \u00e8 andata a\u00a0Djeca, che tra l&#8217;altro aveva gi\u00e0 ottenuto il premio speciale della giuria nella sezione &#8220;Un Certain Regard&#8221; a Cannes 2012), ma \u00e8&hellip;<\/p>\n","protected":false},"author":1,"featured_media":0,"comment_status":"open","ping_status":"open","sticky":false,"template":"","format":"standard","meta":{"_jetpack_newsletter_access":"","_jetpack_dont_email_post_to_subs":false,"_jetpack_newsletter_tier_id":0,"_jetpack_memberships_contains_paywalled_content":false,"_jetpack_feature_clip_id":0,"_jetpack_memberships_contains_paid_content":false,"footnotes":"","jetpack_post_was_ever_published":false},"categories":[11,1,12,3],"tags":[721,722,710,711,590],"class_list":["post-526","post","type-post","status-publish","format-standard","hentry","category-eventi","category-generale","category-produzioni","category-scuola-di-cinema","tag-pesaro-48","tag-pesaro-film-fest","tag-sandro-dionisio","tag-un-consiglio-a-dio","tag-vinicio-marchioni"],"yoast_head":"<!-- This site is optimized with the Yoast SEO plugin v28.3 - https:\/\/yoast.com\/product\/yoast-seo-wordpress\/ -->\n<title>Come \u00e8 andato &quot;Un consiglio a Dio&quot; a Pesaro? Bene! Ora ci si rivede a Roma!<\/title>\n<meta name=\"robots\" content=\"index, follow, max-snippet:-1, max-image-preview:large, max-video-preview:-1\" \/>\n<link rel=\"canonical\" href=\"https:\/\/www.pigrecoemme.com\/blog\/come-e-andato-un-consiglio-a-dio-a-pesaro-bene-ora-ci-si-rivede-a-roma\/\" \/>\n<meta property=\"og:locale\" content=\"it_IT\" \/>\n<meta property=\"og:type\" content=\"article\" \/>\n<meta property=\"og:title\" content=\"Come \u00e8 andato &quot;Un consiglio a Dio&quot; a Pesaro? Bene! Ora ci si rivede a Roma!\" \/>\n<meta property=\"og:description\" content=\"Scuola di Cinema, Televisione e Fotografia - Napoli\" \/>\n<meta property=\"og:url\" content=\"https:\/\/www.pigrecoemme.com\/blog\/come-e-andato-un-consiglio-a-dio-a-pesaro-bene-ora-ci-si-rivede-a-roma\/\" \/>\n<meta property=\"og:site_name\" content=\"Scuola di Cinema Pigrecoemme - Blog\" \/>\n<meta property=\"article:publisher\" content=\"https:\/\/www.facebook.com\/pigrecoemme\" \/>\n<meta property=\"article:author\" content=\"https:\/\/www.facebook.com\/giacomo.fabbrocino\" \/>\n<meta property=\"article:published_time\" content=\"2012-07-04T16:26:23+00:00\" \/>\n<meta property=\"article:modified_time\" content=\"2012-07-04T16:51:44+00:00\" \/>\n<meta property=\"og:image\" content=\"http:\/\/www.pigrecoemme.com\/blog\/wp-content\/uploads\/2012\/07\/18_marchioni_-_spagnoletti_-_dionisio_-_arcopinto_-_pesaro_film_fest_2012_-_ph_chiara_schiaratura-300x205.jpg\" \/>\n<meta name=\"author\" content=\"Giacomo Fabbrocino\" \/>\n<meta name=\"twitter:card\" content=\"summary_large_image\" \/>\n<meta name=\"twitter:creator\" content=\"@Pigrecoemme\" \/>\n<meta name=\"twitter:site\" content=\"@Pigrecoemme\" \/>\n<meta name=\"twitter:label1\" content=\"Scritto da\" \/>\n\t<meta name=\"twitter:data1\" content=\"Giacomo Fabbrocino\" \/>\n\t<meta name=\"twitter:label2\" content=\"Tempo di lettura stimato\" \/>\n\t<meta name=\"twitter:data2\" content=\"2 minuti\" \/>\n<script type=\"application\/ld+json\" class=\"yoast-schema-graph\">{\"@context\":\"https:\\\/\\\/schema.org\",\"@graph\":[{\"@type\":[\"Article\",\"BlogPosting\"],\"@id\":\"https:\\\/\\\/www.pigrecoemme.com\\\/blog\\\/come-e-andato-un-consiglio-a-dio-a-pesaro-bene-ora-ci-si-rivede-a-roma\\\/#article\",\"isPartOf\":{\"@id\":\"https:\\\/\\\/www.pigrecoemme.com\\\/blog\\\/come-e-andato-un-consiglio-a-dio-a-pesaro-bene-ora-ci-si-rivede-a-roma\\\/\"},\"author\":{\"name\":\"Giacomo Fabbrocino\",\"@id\":\"https:\\\/\\\/www.pigrecoemme.com\\\/blog\\\/#\\\/schema\\\/person\\\/57fa822c3d209d3a2612fd0411ae63f4\"},\"headline\":\"Come \u00e8 andato &#8220;Un consiglio a Dio&#8221; a Pesaro? Bene! Ora ci si rivede a Roma!\",\"datePublished\":\"2012-07-04T16:26:23+00:00\",\"dateModified\":\"2012-07-04T16:51:44+00:00\",\"mainEntityOfPage\":{\"@id\":\"https:\\\/\\\/www.pigrecoemme.com\\\/blog\\\/come-e-andato-un-consiglio-a-dio-a-pesaro-bene-ora-ci-si-rivede-a-roma\\\/\"},\"wordCount\":455,\"commentCount\":0,\"publisher\":{\"@id\":\"https:\\\/\\\/www.pigrecoemme.com\\\/blog\\\/#organization\"},\"image\":{\"@id\":\"https:\\\/\\\/www.pigrecoemme.com\\\/blog\\\/come-e-andato-un-consiglio-a-dio-a-pesaro-bene-ora-ci-si-rivede-a-roma\\\/#primaryimage\"},\"thumbnailUrl\":\"http:\\\/\\\/www.pigrecoemme.com\\\/blog\\\/wp-content\\\/uploads\\\/2012\\\/07\\\/18_marchioni_-_spagnoletti_-_dionisio_-_arcopinto_-_pesaro_film_fest_2012_-_ph_chiara_schiaratura-300x205.jpg\",\"keywords\":[\"pesaro 48\",\"pesaro film fest\",\"Sandro Dionisio\",\"un consiglio a Dio\",\"vinicio marchioni\"],\"articleSection\":[\"Eventi\",\"Generale\",\"Produzioni\",\"Scuola di cinema\"],\"inLanguage\":\"it-IT\",\"potentialAction\":[{\"@type\":\"CommentAction\",\"name\":\"Comment\",\"target\":[\"https:\\\/\\\/www.pigrecoemme.com\\\/blog\\\/come-e-andato-un-consiglio-a-dio-a-pesaro-bene-ora-ci-si-rivede-a-roma\\\/#respond\"]}]},{\"@type\":\"WebPage\",\"@id\":\"https:\\\/\\\/www.pigrecoemme.com\\\/blog\\\/come-e-andato-un-consiglio-a-dio-a-pesaro-bene-ora-ci-si-rivede-a-roma\\\/\",\"url\":\"https:\\\/\\\/www.pigrecoemme.com\\\/blog\\\/come-e-andato-un-consiglio-a-dio-a-pesaro-bene-ora-ci-si-rivede-a-roma\\\/\",\"name\":\"Come \u00e8 andato \\\"Un consiglio a Dio\\\" a Pesaro? Bene! Ora ci si rivede a Roma!\",\"isPartOf\":{\"@id\":\"https:\\\/\\\/www.pigrecoemme.com\\\/blog\\\/#website\"},\"primaryImageOfPage\":{\"@id\":\"https:\\\/\\\/www.pigrecoemme.com\\\/blog\\\/come-e-andato-un-consiglio-a-dio-a-pesaro-bene-ora-ci-si-rivede-a-roma\\\/#primaryimage\"},\"image\":{\"@id\":\"https:\\\/\\\/www.pigrecoemme.com\\\/blog\\\/come-e-andato-un-consiglio-a-dio-a-pesaro-bene-ora-ci-si-rivede-a-roma\\\/#primaryimage\"},\"thumbnailUrl\":\"http:\\\/\\\/www.pigrecoemme.com\\\/blog\\\/wp-content\\\/uploads\\\/2012\\\/07\\\/18_marchioni_-_spagnoletti_-_dionisio_-_arcopinto_-_pesaro_film_fest_2012_-_ph_chiara_schiaratura-300x205.jpg\",\"datePublished\":\"2012-07-04T16:26:23+00:00\",\"dateModified\":\"2012-07-04T16:51:44+00:00\",\"breadcrumb\":{\"@id\":\"https:\\\/\\\/www.pigrecoemme.com\\\/blog\\\/come-e-andato-un-consiglio-a-dio-a-pesaro-bene-ora-ci-si-rivede-a-roma\\\/#breadcrumb\"},\"inLanguage\":\"it-IT\",\"potentialAction\":[{\"@type\":\"ReadAction\",\"target\":[\"https:\\\/\\\/www.pigrecoemme.com\\\/blog\\\/come-e-andato-un-consiglio-a-dio-a-pesaro-bene-ora-ci-si-rivede-a-roma\\\/\"]}]},{\"@type\":\"ImageObject\",\"inLanguage\":\"it-IT\",\"@id\":\"https:\\\/\\\/www.pigrecoemme.com\\\/blog\\\/come-e-andato-un-consiglio-a-dio-a-pesaro-bene-ora-ci-si-rivede-a-roma\\\/#primaryimage\",\"url\":\"http:\\\/\\\/www.pigrecoemme.com\\\/blog\\\/wp-content\\\/uploads\\\/2012\\\/07\\\/18_marchioni_-_spagnoletti_-_dionisio_-_arcopinto_-_pesaro_film_fest_2012_-_ph_chiara_schiaratura-300x205.jpg\",\"contentUrl\":\"http:\\\/\\\/www.pigrecoemme.com\\\/blog\\\/wp-content\\\/uploads\\\/2012\\\/07\\\/18_marchioni_-_spagnoletti_-_dionisio_-_arcopinto_-_pesaro_film_fest_2012_-_ph_chiara_schiaratura-300x205.jpg\"},{\"@type\":\"BreadcrumbList\",\"@id\":\"https:\\\/\\\/www.pigrecoemme.com\\\/blog\\\/come-e-andato-un-consiglio-a-dio-a-pesaro-bene-ora-ci-si-rivede-a-roma\\\/#breadcrumb\",\"itemListElement\":[{\"@type\":\"ListItem\",\"position\":1,\"name\":\"Home\",\"item\":\"https:\\\/\\\/www.pigrecoemme.com\\\/blog\\\/\"},{\"@type\":\"ListItem\",\"position\":2,\"name\":\"Come \u00e8 andato &#8220;Un consiglio a Dio&#8221; a Pesaro? Bene! Ora ci si rivede a Roma!\"}]},{\"@type\":\"WebSite\",\"@id\":\"https:\\\/\\\/www.pigrecoemme.com\\\/blog\\\/#website\",\"url\":\"https:\\\/\\\/www.pigrecoemme.com\\\/blog\\\/\",\"name\":\"Scuola di Cinema Pigrecoemme - Blog\",\"description\":\"Siamo la prima Scuola di Cinema e Fotografia di Napoli\",\"publisher\":{\"@id\":\"https:\\\/\\\/www.pigrecoemme.com\\\/blog\\\/#organization\"},\"potentialAction\":[{\"@type\":\"SearchAction\",\"target\":{\"@type\":\"EntryPoint\",\"urlTemplate\":\"https:\\\/\\\/www.pigrecoemme.com\\\/blog\\\/?s={search_term_string}\"},\"query-input\":{\"@type\":\"PropertyValueSpecification\",\"valueRequired\":true,\"valueName\":\"search_term_string\"}}],\"inLanguage\":\"it-IT\"},{\"@type\":\"Organization\",\"@id\":\"https:\\\/\\\/www.pigrecoemme.com\\\/blog\\\/#organization\",\"name\":\"Scuola di cinema e fotografia Pigrecoemme\",\"url\":\"https:\\\/\\\/www.pigrecoemme.com\\\/blog\\\/\",\"logo\":{\"@type\":\"ImageObject\",\"inLanguage\":\"it-IT\",\"@id\":\"https:\\\/\\\/www.pigrecoemme.com\\\/blog\\\/#\\\/schema\\\/logo\\\/image\\\/\",\"url\":\"https:\\\/\\\/i0.wp.com\\\/www.pigrecoemme.com\\\/blog\\\/wp-content\\\/uploads\\\/2018\\\/06\\\/logo-pigrecoemme-2018.png?fit=500%2C500&ssl=1\",\"contentUrl\":\"https:\\\/\\\/i0.wp.com\\\/www.pigrecoemme.com\\\/blog\\\/wp-content\\\/uploads\\\/2018\\\/06\\\/logo-pigrecoemme-2018.png?fit=500%2C500&ssl=1\",\"width\":500,\"height\":500,\"caption\":\"Scuola di cinema e fotografia Pigrecoemme\"},\"image\":{\"@id\":\"https:\\\/\\\/www.pigrecoemme.com\\\/blog\\\/#\\\/schema\\\/logo\\\/image\\\/\"},\"sameAs\":[\"https:\\\/\\\/www.facebook.com\\\/pigrecoemme\",\"https:\\\/\\\/x.com\\\/Pigrecoemme\",\"https:\\\/\\\/www.instagram.com\\\/pigrecoemme\\\/\",\"https:\\\/\\\/www.linkedin.com\\\/company\\\/pigrecoemme\\\/\",\"https:\\\/\\\/www.youtube.com\\\/pigrecoemme\"]},{\"@type\":\"Person\",\"@id\":\"https:\\\/\\\/www.pigrecoemme.com\\\/blog\\\/#\\\/schema\\\/person\\\/57fa822c3d209d3a2612fd0411ae63f4\",\"name\":\"Giacomo Fabbrocino\",\"image\":{\"@type\":\"ImageObject\",\"inLanguage\":\"it-IT\",\"@id\":\"https:\\\/\\\/secure.gravatar.com\\\/avatar\\\/0e4dfd4d05c06a03fffaffeb36fb181415ba11b91a6b566fa2e8ada75927db32?s=96&r=g\",\"url\":\"https:\\\/\\\/secure.gravatar.com\\\/avatar\\\/0e4dfd4d05c06a03fffaffeb36fb181415ba11b91a6b566fa2e8ada75927db32?s=96&r=g\",\"contentUrl\":\"https:\\\/\\\/secure.gravatar.com\\\/avatar\\\/0e4dfd4d05c06a03fffaffeb36fb181415ba11b91a6b566fa2e8ada75927db32?s=96&r=g\",\"caption\":\"Giacomo Fabbrocino\"},\"description\":\"Montatore cinematografico, autore di documentari sull'arte e di video d'artista, Giacomo \u00e8 responsabile della didattica e della comunicazione web della Scuola di Cinema, Fotografia e Televisione Pigrecoemme di Napoli.\",\"sameAs\":[\"http:\\\/\\\/www.pigrecoemme.com\\\/\",\"https:\\\/\\\/www.facebook.com\\\/giacomo.fabbrocino\"],\"url\":\"https:\\\/\\\/www.pigrecoemme.com\\\/blog\\\/author\\\/giacomo-fabbrocino\\\/\"}]}<\/script>\n<!-- \/ Yoast SEO plugin. -->","yoast_head_json":{"title":"Come \u00e8 andato \"Un consiglio a Dio\" a Pesaro? Bene! Ora ci si rivede a Roma!","robots":{"index":"index","follow":"follow","max-snippet":"max-snippet:-1","max-image-preview":"max-image-preview:large","max-video-preview":"max-video-preview:-1"},"canonical":"https:\/\/www.pigrecoemme.com\/blog\/come-e-andato-un-consiglio-a-dio-a-pesaro-bene-ora-ci-si-rivede-a-roma\/","og_locale":"it_IT","og_type":"article","og_title":"Come \u00e8 andato \"Un consiglio a Dio\" a Pesaro? Bene! Ora ci si rivede a Roma!","og_description":"Scuola di Cinema, Televisione e Fotografia - Napoli","og_url":"https:\/\/www.pigrecoemme.com\/blog\/come-e-andato-un-consiglio-a-dio-a-pesaro-bene-ora-ci-si-rivede-a-roma\/","og_site_name":"Scuola di Cinema Pigrecoemme - Blog","article_publisher":"https:\/\/www.facebook.com\/pigrecoemme","article_author":"https:\/\/www.facebook.com\/giacomo.fabbrocino","article_published_time":"2012-07-04T16:26:23+00:00","article_modified_time":"2012-07-04T16:51:44+00:00","og_image":[{"url":"http:\/\/www.pigrecoemme.com\/blog\/wp-content\/uploads\/2012\/07\/18_marchioni_-_spagnoletti_-_dionisio_-_arcopinto_-_pesaro_film_fest_2012_-_ph_chiara_schiaratura-300x205.jpg","type":"","width":"","height":""}],"author":"Giacomo Fabbrocino","twitter_card":"summary_large_image","twitter_creator":"@Pigrecoemme","twitter_site":"@Pigrecoemme","twitter_misc":{"Scritto da":"Giacomo Fabbrocino","Tempo di lettura stimato":"2 minuti"},"schema":{"@context":"https:\/\/schema.org","@graph":[{"@type":["Article","BlogPosting"],"@id":"https:\/\/www.pigrecoemme.com\/blog\/come-e-andato-un-consiglio-a-dio-a-pesaro-bene-ora-ci-si-rivede-a-roma\/#article","isPartOf":{"@id":"https:\/\/www.pigrecoemme.com\/blog\/come-e-andato-un-consiglio-a-dio-a-pesaro-bene-ora-ci-si-rivede-a-roma\/"},"author":{"name":"Giacomo Fabbrocino","@id":"https:\/\/www.pigrecoemme.com\/blog\/#\/schema\/person\/57fa822c3d209d3a2612fd0411ae63f4"},"headline":"Come \u00e8 andato &#8220;Un consiglio a Dio&#8221; a Pesaro? Bene! Ora ci si rivede a Roma!","datePublished":"2012-07-04T16:26:23+00:00","dateModified":"2012-07-04T16:51:44+00:00","mainEntityOfPage":{"@id":"https:\/\/www.pigrecoemme.com\/blog\/come-e-andato-un-consiglio-a-dio-a-pesaro-bene-ora-ci-si-rivede-a-roma\/"},"wordCount":455,"commentCount":0,"publisher":{"@id":"https:\/\/www.pigrecoemme.com\/blog\/#organization"},"image":{"@id":"https:\/\/www.pigrecoemme.com\/blog\/come-e-andato-un-consiglio-a-dio-a-pesaro-bene-ora-ci-si-rivede-a-roma\/#primaryimage"},"thumbnailUrl":"http:\/\/www.pigrecoemme.com\/blog\/wp-content\/uploads\/2012\/07\/18_marchioni_-_spagnoletti_-_dionisio_-_arcopinto_-_pesaro_film_fest_2012_-_ph_chiara_schiaratura-300x205.jpg","keywords":["pesaro 48","pesaro film fest","Sandro Dionisio","un consiglio a Dio","vinicio marchioni"],"articleSection":["Eventi","Generale","Produzioni","Scuola di cinema"],"inLanguage":"it-IT","potentialAction":[{"@type":"CommentAction","name":"Comment","target":["https:\/\/www.pigrecoemme.com\/blog\/come-e-andato-un-consiglio-a-dio-a-pesaro-bene-ora-ci-si-rivede-a-roma\/#respond"]}]},{"@type":"WebPage","@id":"https:\/\/www.pigrecoemme.com\/blog\/come-e-andato-un-consiglio-a-dio-a-pesaro-bene-ora-ci-si-rivede-a-roma\/","url":"https:\/\/www.pigrecoemme.com\/blog\/come-e-andato-un-consiglio-a-dio-a-pesaro-bene-ora-ci-si-rivede-a-roma\/","name":"Come \u00e8 andato \"Un consiglio a Dio\" a Pesaro? Bene! Ora ci si rivede a Roma!","isPartOf":{"@id":"https:\/\/www.pigrecoemme.com\/blog\/#website"},"primaryImageOfPage":{"@id":"https:\/\/www.pigrecoemme.com\/blog\/come-e-andato-un-consiglio-a-dio-a-pesaro-bene-ora-ci-si-rivede-a-roma\/#primaryimage"},"image":{"@id":"https:\/\/www.pigrecoemme.com\/blog\/come-e-andato-un-consiglio-a-dio-a-pesaro-bene-ora-ci-si-rivede-a-roma\/#primaryimage"},"thumbnailUrl":"http:\/\/www.pigrecoemme.com\/blog\/wp-content\/uploads\/2012\/07\/18_marchioni_-_spagnoletti_-_dionisio_-_arcopinto_-_pesaro_film_fest_2012_-_ph_chiara_schiaratura-300x205.jpg","datePublished":"2012-07-04T16:26:23+00:00","dateModified":"2012-07-04T16:51:44+00:00","breadcrumb":{"@id":"https:\/\/www.pigrecoemme.com\/blog\/come-e-andato-un-consiglio-a-dio-a-pesaro-bene-ora-ci-si-rivede-a-roma\/#breadcrumb"},"inLanguage":"it-IT","potentialAction":[{"@type":"ReadAction","target":["https:\/\/www.pigrecoemme.com\/blog\/come-e-andato-un-consiglio-a-dio-a-pesaro-bene-ora-ci-si-rivede-a-roma\/"]}]},{"@type":"ImageObject","inLanguage":"it-IT","@id":"https:\/\/www.pigrecoemme.com\/blog\/come-e-andato-un-consiglio-a-dio-a-pesaro-bene-ora-ci-si-rivede-a-roma\/#primaryimage","url":"http:\/\/www.pigrecoemme.com\/blog\/wp-content\/uploads\/2012\/07\/18_marchioni_-_spagnoletti_-_dionisio_-_arcopinto_-_pesaro_film_fest_2012_-_ph_chiara_schiaratura-300x205.jpg","contentUrl":"http:\/\/www.pigrecoemme.com\/blog\/wp-content\/uploads\/2012\/07\/18_marchioni_-_spagnoletti_-_dionisio_-_arcopinto_-_pesaro_film_fest_2012_-_ph_chiara_schiaratura-300x205.jpg"},{"@type":"BreadcrumbList","@id":"https:\/\/www.pigrecoemme.com\/blog\/come-e-andato-un-consiglio-a-dio-a-pesaro-bene-ora-ci-si-rivede-a-roma\/#breadcrumb","itemListElement":[{"@type":"ListItem","position":1,"name":"Home","item":"https:\/\/www.pigrecoemme.com\/blog\/"},{"@type":"ListItem","position":2,"name":"Come \u00e8 andato &#8220;Un consiglio a Dio&#8221; a Pesaro? Bene! Ora ci si rivede a Roma!"}]},{"@type":"WebSite","@id":"https:\/\/www.pigrecoemme.com\/blog\/#website","url":"https:\/\/www.pigrecoemme.com\/blog\/","name":"Scuola di Cinema Pigrecoemme - Blog","description":"Siamo la prima Scuola di Cinema e Fotografia di Napoli","publisher":{"@id":"https:\/\/www.pigrecoemme.com\/blog\/#organization"},"potentialAction":[{"@type":"SearchAction","target":{"@type":"EntryPoint","urlTemplate":"https:\/\/www.pigrecoemme.com\/blog\/?s={search_term_string}"},"query-input":{"@type":"PropertyValueSpecification","valueRequired":true,"valueName":"search_term_string"}}],"inLanguage":"it-IT"},{"@type":"Organization","@id":"https:\/\/www.pigrecoemme.com\/blog\/#organization","name":"Scuola di cinema e fotografia Pigrecoemme","url":"https:\/\/www.pigrecoemme.com\/blog\/","logo":{"@type":"ImageObject","inLanguage":"it-IT","@id":"https:\/\/www.pigrecoemme.com\/blog\/#\/schema\/logo\/image\/","url":"https:\/\/i0.wp.com\/www.pigrecoemme.com\/blog\/wp-content\/uploads\/2018\/06\/logo-pigrecoemme-2018.png?fit=500%2C500&ssl=1","contentUrl":"https:\/\/i0.wp.com\/www.pigrecoemme.com\/blog\/wp-content\/uploads\/2018\/06\/logo-pigrecoemme-2018.png?fit=500%2C500&ssl=1","width":500,"height":500,"caption":"Scuola di cinema e fotografia Pigrecoemme"},"image":{"@id":"https:\/\/www.pigrecoemme.com\/blog\/#\/schema\/logo\/image\/"},"sameAs":["https:\/\/www.facebook.com\/pigrecoemme","https:\/\/x.com\/Pigrecoemme","https:\/\/www.instagram.com\/pigrecoemme\/","https:\/\/www.linkedin.com\/company\/pigrecoemme\/","https:\/\/www.youtube.com\/pigrecoemme"]},{"@type":"Person","@id":"https:\/\/www.pigrecoemme.com\/blog\/#\/schema\/person\/57fa822c3d209d3a2612fd0411ae63f4","name":"Giacomo Fabbrocino","image":{"@type":"ImageObject","inLanguage":"it-IT","@id":"https:\/\/secure.gravatar.com\/avatar\/0e4dfd4d05c06a03fffaffeb36fb181415ba11b91a6b566fa2e8ada75927db32?s=96&r=g","url":"https:\/\/secure.gravatar.com\/avatar\/0e4dfd4d05c06a03fffaffeb36fb181415ba11b91a6b566fa2e8ada75927db32?s=96&r=g","contentUrl":"https:\/\/secure.gravatar.com\/avatar\/0e4dfd4d05c06a03fffaffeb36fb181415ba11b91a6b566fa2e8ada75927db32?s=96&r=g","caption":"Giacomo Fabbrocino"},"description":"Montatore cinematografico, autore di documentari sull'arte e di video d'artista, Giacomo \u00e8 responsabile della didattica e della comunicazione web della Scuola di Cinema, Fotografia e Televisione Pigrecoemme di Napoli.","sameAs":["http:\/\/www.pigrecoemme.com\/","https:\/\/www.facebook.com\/giacomo.fabbrocino"],"url":"https:\/\/www.pigrecoemme.com\/blog\/author\/giacomo-fabbrocino\/"}]}},"jetpack_sharing_enabled":true,"jetpack_likes_enabled":true,"jetpack-related-posts":[{"id":512,"url":"https:\/\/www.pigrecoemme.com\/blog\/il-nuovo-film-di-dionisio-coprodotto-da-pigrecoemme-in-corcorso-al-festival-del-cinema-di-pesaro\/","url_meta":{"origin":526,"position":0},"title":"Il nuovo film di Dionisio, coprodotto da Pigrecoemme, in corcorso al Festival del cinema di Pesaro","author":"Corrado Morra","date":"16 Giugno 2012","format":false,"excerpt":"Un consiglio a Dio, il nuovo film di Sandro Dionisio, coprodotto da Pigrecoemme e montato da Giacomo Fabbrocino, nostro docente di montaggio, \u00e8 in concorso alla 48a Mostra Internazionale del Nuovo Cinema di Pesaro, che si terr\u00e0 dal 25 giugno al 2 luglio 2012. L'organizzazione dell'evento, uno dei pi\u00f9 prestigiosi\u2026","rel":"","context":"In &quot;Generale&quot;","block_context":{"text":"Generale","link":"https:\/\/www.pigrecoemme.com\/blog\/generale\/"},"img":{"alt_text":"","src":"https:\/\/i0.wp.com\/www.pigrecoemme.com\/blog\/wp-content\/uploads\/2012\/06\/manifesto-pesaro-225x300.jpg?resize=350%2C200","width":350,"height":200},"classes":[]},{"id":664,"url":"https:\/\/www.pigrecoemme.com\/blog\/un-consiglio-a-dio-al-cinema\/","url_meta":{"origin":526,"position":1},"title":"Un Consiglio a Dio al Cinema! (si parte dal nuovo Sacher di Roma e dal Filangieri di Napoli)","author":"Giacomo Fabbrocino","date":"27 Maggio 2013","format":false,"excerpt":"\u00a0 E' con grandissima soddisfazione che vi annunciamo che il nuovo film di Sandro Dionisio, Un Consiglio a Dio, prodotto dalla Axelotil di Ganluca Arcopinto, dalla, C.ET.R.A di Sandro Dionisio e dalla Pigrecoemme, inizia il suo percorso distributivo nelle sale italiane. Il 29 maggio al Nuovo Sacher di Roma Montato\u2026","rel":"","context":"In &quot;Eventi&quot;","block_context":{"text":"Eventi","link":"https:\/\/www.pigrecoemme.com\/blog\/eventi\/"},"img":{"alt_text":"Il manifesto","src":"https:\/\/i0.wp.com\/www.pigrecoemme.com\/blog\/wp-content\/uploads\/2013\/05\/cad_a-210x300.jpg?resize=350%2C200","width":350,"height":200},"classes":[]},{"id":511,"url":"https:\/\/www.pigrecoemme.com\/blog\/vinicio-marchioni-nel-nuovo-film-di-sandro-dionisio-coprodotto-da-pigrecoemme\/","url_meta":{"origin":526,"position":2},"title":"Vinicio Marchioni nel nuovo film di Sandro Dionisio coprodotto da Pigrecoemme","author":"Giacomo Fabbrocino","date":"6 Giugno 2012","format":false,"excerpt":"Un consiglio a Dio di Sandro Dionisio \u00e8 un'altra coproduzione Pigrecoemme che sta per vedere la luce. Diretto da Sandro Dionisio (La volpe a tre zampe), questo originale esperimento di \"cinema crossover\" (secondo la definizione proprio di Dionisio) vede nel ruolo del protagonista uno dei migliori attori italiani dell'ultima schiusa:\u2026","rel":"","context":"In &quot;Generale&quot;","block_context":{"text":"Generale","link":"https:\/\/www.pigrecoemme.com\/blog\/generale\/"},"img":{"alt_text":"Vinicio Marchioni, protagonista di Un Consiglio a Dio","src":"https:\/\/i0.wp.com\/www.pigrecoemme.com\/blog\/wp-content\/uploads\/2012\/06\/vinicio-marchioni-214x300.jpg?resize=350%2C200","width":350,"height":200},"classes":[]},{"id":649,"url":"https:\/\/www.pigrecoemme.com\/blog\/il-manifesto-di-un-consiglio-a-dio\/","url_meta":{"origin":526,"position":3},"title":"Il manifesto di Un Consiglio a Dio","author":"Corrado Morra","date":"10 Maggio 2013","format":false,"excerpt":"E' prossima l'uscita in sala di Un Consiglio a Dio, il nuovo film di Sandro Dionisio, coprodotto da Pigrecoemme e distribuito dalla gloriosa e rinata Pablo di Gianluca Arcopinto. Il montaggio \u00e8 del nostro docente Giacomo Fabbrocino. Intanto, ecco il manifesto. Che ve ne pare? Un consiglio a Dio Regia:\u2026","rel":"","context":"In &quot;Produzioni&quot;","block_context":{"text":"Produzioni","link":"https:\/\/www.pigrecoemme.com\/blog\/produzioni\/"},"img":{"alt_text":"Un Consiglio a Dio","src":"https:\/\/i0.wp.com\/www.pigrecoemme.com\/blog\/wp-content\/uploads\/2013\/05\/cad_a-210x300.jpg?resize=350%2C200","width":350,"height":200},"classes":[]},{"id":400,"url":"https:\/\/www.pigrecoemme.com\/blog\/ai-nastri-di-partenza-parte-la-stagione-20112012-di-pigrecoemme\/","url_meta":{"origin":526,"position":4},"title":"Ai nastri di partenza la stagione 2011\/2012 di Pigrecoemme","author":"Rosario Gallone","date":"19 Settembre 2011","format":false,"excerpt":"Quante soddisfazioni nell'annata appena trascorsa di Pigrecoemme. Corsi frequentatissimi da allievi di Napoli e Campania, ma anche dalla Sardegna, dalla Toscana, dalla Puglia. Un corto finale del corso Master,Satanism For Dummies che, in quanto pilota di web serie, \u00e8 stato selezionato al concorso per numeri zero della seconda edizione dell'\u2026","rel":"","context":"In &quot;Generale&quot;","block_context":{"text":"Generale","link":"https:\/\/www.pigrecoemme.com\/blog\/generale\/"},"img":{"alt_text":"Cast e Crew di Satanism For Dummies, lavoro finale degli allievi del Master 2010\/2011","src":"https:\/\/i0.wp.com\/www.pigrecoemme.com\/blog\/wp-content\/uploads\/2011\/09\/satanism-for-dummies-300x200.jpg?resize=350%2C200","width":350,"height":200},"classes":[]},{"id":545,"url":"https:\/\/www.pigrecoemme.com\/blog\/giovedi-18-corti-dautore-alla-pigrecoemme\/","url_meta":{"origin":526,"position":5},"title":"Gioved\u00ec 18 corti d&#8217;autore alla Pigrecoemme","author":"Giacomo Fabbrocino","date":"16 Ottobre 2012","format":false,"excerpt":"Ambra Angiolini in Insula di Eric Alexander Gioved\u00ec 18 ottobre, alle ore 17,00, alla Scuola di cinema Pigrecoemme di Napoli, serata dedicata alla storia del cortometraggio d'autore, con un'interessante rassegna di film brevi di filmaker aderenti alla FEDIC, la Federazione italiana dei cineclub. La selezione metter\u00e0 a confronto quattro titoli\u2026","rel":"","context":"In &quot;Eventi&quot;","block_context":{"text":"Eventi","link":"https:\/\/www.pigrecoemme.com\/blog\/eventi\/"},"img":{"alt_text":"","src":"https:\/\/i0.wp.com\/www.pigrecoemme.com\/blog\/wp-content\/uploads\/2012\/10\/ambra-angiolini-in-insula-di-eric-alexander.jpg?resize=350%2C200&ssl=1","width":350,"height":200,"srcset":"https:\/\/i0.wp.com\/www.pigrecoemme.com\/blog\/wp-content\/uploads\/2012\/10\/ambra-angiolini-in-insula-di-eric-alexander.jpg?resize=350%2C200&ssl=1 1x, https:\/\/i0.wp.com\/www.pigrecoemme.com\/blog\/wp-content\/uploads\/2012\/10\/ambra-angiolini-in-insula-di-eric-alexander.jpg?resize=525%2C300&ssl=1 1.5x"},"classes":[]}],"jetpack_featured_media_url":"","_links":{"self":[{"href":"https:\/\/www.pigrecoemme.com\/blog\/wp-json\/wp\/v2\/posts\/526","targetHints":{"allow":["GET"]}}],"collection":[{"href":"https:\/\/www.pigrecoemme.com\/blog\/wp-json\/wp\/v2\/posts"}],"about":[{"href":"https:\/\/www.pigrecoemme.com\/blog\/wp-json\/wp\/v2\/types\/post"}],"author":[{"embeddable":true,"href":"https:\/\/www.pigrecoemme.com\/blog\/wp-json\/wp\/v2\/users\/1"}],"replies":[{"embeddable":true,"href":"https:\/\/www.pigrecoemme.com\/blog\/wp-json\/wp\/v2\/comments?post=526"}],"version-history":[{"count":0,"href":"https:\/\/www.pigrecoemme.com\/blog\/wp-json\/wp\/v2\/posts\/526\/revisions"}],"wp:attachment":[{"href":"https:\/\/www.pigrecoemme.com\/blog\/wp-json\/wp\/v2\/media?parent=526"}],"wp:term":[{"taxonomy":"category","embeddable":true,"href":"https:\/\/www.pigrecoemme.com\/blog\/wp-json\/wp\/v2\/categories?post=526"},{"taxonomy":"post_tag","embeddable":true,"href":"https:\/\/www.pigrecoemme.com\/blog\/wp-json\/wp\/v2\/tags?post=526"}],"curies":[{"name":"wp","href":"https:\/\/api.w.org\/{rel}","templated":true}]}}