{"id":524,"date":"2012-07-04T16:06:27","date_gmt":"2012-07-04T14:06:27","guid":{"rendered":"http:\/\/www.pigrecoemme.com\/blog\/?p=524"},"modified":"2025-05-10T14:22:21","modified_gmt":"2025-05-10T12:22:21","slug":"il-12-luglio-parte-il-corso-intensivo-di-regia","status":"publish","type":"post","link":"https:\/\/www.pigrecoemme.com\/blog\/il-12-luglio-parte-il-corso-intensivo-di-regia\/","title":{"rendered":"Il 16 luglio parte il corso intensivo di Regia"},"content":{"rendered":"\n<figure class=\"wp-block-image alignleft\"><a href=\"https:\/\/i0.wp.com\/www.pigrecoemme.com\/blog\/wp-content\/uploads\/2012\/07\/regia-alla-pigrecoemme.jpg?ssl=1\"><img data-recalc-dims=\"1\" loading=\"lazy\" decoding=\"async\" width=\"295\" height=\"300\" src=\"https:\/\/i0.wp.com\/www.pigrecoemme.com\/blog\/wp-content\/uploads\/2012\/07\/regia-alla-pigrecoemme.jpg?resize=295%2C300&#038;ssl=1\" alt=\"\" class=\"wp-image-525\" title=\"regia-alla-pigrecoemme\" srcset=\"https:\/\/i0.wp.com\/www.pigrecoemme.com\/blog\/wp-content\/uploads\/2012\/07\/regia-alla-pigrecoemme.jpg?resize=295%2C300&amp;ssl=1 295w, https:\/\/i0.wp.com\/www.pigrecoemme.com\/blog\/wp-content\/uploads\/2012\/07\/regia-alla-pigrecoemme.jpg?w=600&amp;ssl=1 600w\" sizes=\"auto, (max-width: 295px) 100vw, 295px\" \/><\/a><\/figure>\n\n\n\n<p class=\"wp-block-paragraph\">Giorni intensi alla Scuola di cinema <strong>Pigrecoemme<\/strong>. Iniziate le riprese del cortometraggio finale del <a href=\"http:\/\/www.pigrecoemme.com\/corsi\/scuola-di-cinema.htm\">corso Master<\/a> (a proposito, vi ricordo che, per il prossimo anno scolastico, che partir\u00e0 il 25 ottobre 2012, se ci si iscrive entro il <strong>28 luglio<\/strong>, avrete diritto a uno sconto di 200 euro sulla retta complessiva), \u00e8 tutto pronto per il nuovo <a href=\"http:\/\/www.pigrecoemme.com\/corsi\/corso-regia.htm\">corso di Regia<\/a>, che partir\u00e0 il prossimo <strong>16 luglio<\/strong>.<br \/>Come ogni estate, il laboratorio intensivo concentra l&#8217;intero percorso didattico di <strong>24 ore<\/strong> in sei giorni, <strong>tra il 16 e il 25 luglio<\/strong>, in cui gli studenti impareranno tutti gli elementi teorici e pratici fondamentali per capire il complesso lavoro del regista.<br \/>Un modo sicuro e avvincente, insomma, per affrontare &#8211; come la foto del grande Steven Spielberg sul set dello <em>Squalo<\/em>, qui pubblicata, \u00e8 pronta a testimoniare &#8211; uno dei lavori pi\u00f9 affascinanti, ma anche pi\u00f9&#8230; <em>pericolosi <\/em>del mondo!<\/p>\n","protected":false},"excerpt":{"rendered":"<p>Giorni intensi alla Scuola di cinema Pigrecoemme. Iniziate le riprese del cortometraggio finale del corso Master (a proposito, vi ricordo che, per il prossimo anno scolastico, che partir\u00e0 il 25 ottobre 2012, se ci&hellip;<\/p>\n","protected":false},"author":2,"featured_media":0,"comment_status":"open","ping_status":"open","sticky":false,"template":"","format":"standard","meta":{"_jetpack_newsletter_access":"","_jetpack_dont_email_post_to_subs":false,"_jetpack_newsletter_tier_id":0,"_jetpack_memberships_contains_paywalled_content":false,"_jetpack_feature_clip_id":0,"_jetpack_memberships_contains_paid_content":false,"footnotes":"","jetpack_post_was_ever_published":false},"categories":[3],"tags":[668,317,40,53],"class_list":["post-524","post","type-post","status-publish","format-standard","hentry","category-scuola-di-cinema","tag-corsi-napoli","tag-corso-di-regia","tag-regia","tag-rosario-gallone"],"yoast_head":"<!-- This site is optimized with the Yoast SEO plugin v28.3 - https:\/\/yoast.com\/product\/yoast-seo-wordpress\/ -->\n<title>Il 16 luglio parte il corso intensivo di Regia<\/title>\n<meta name=\"robots\" content=\"index, follow, max-snippet:-1, max-image-preview:large, max-video-preview:-1\" \/>\n<link rel=\"canonical\" href=\"https:\/\/www.pigrecoemme.com\/blog\/il-12-luglio-parte-il-corso-intensivo-di-regia\/\" \/>\n<meta property=\"og:locale\" content=\"it_IT\" \/>\n<meta property=\"og:type\" content=\"article\" \/>\n<meta property=\"og:title\" content=\"Il 16 luglio parte il corso intensivo di Regia\" \/>\n<meta property=\"og:description\" content=\"Giorni intensi alla Scuola di cinema Pigrecoemme. Iniziate le riprese del cortometraggio finale del corso Master (a proposito, vi ricordo che, per il prossimo anno scolastico, che partir\u00e0 il 25 ottobre 2012, se ci&hellip;\" \/>\n<meta property=\"og:url\" content=\"https:\/\/www.pigrecoemme.com\/blog\/il-12-luglio-parte-il-corso-intensivo-di-regia\/\" \/>\n<meta property=\"og:site_name\" content=\"Scuola di Cinema Pigrecoemme - Blog\" \/>\n<meta property=\"article:publisher\" content=\"https:\/\/www.facebook.com\/pigrecoemme\" \/>\n<meta property=\"article:author\" content=\"https:\/\/www.facebook.com\/corrado.morra1\" \/>\n<meta property=\"article:published_time\" content=\"2012-07-04T14:06:27+00:00\" \/>\n<meta property=\"article:modified_time\" content=\"2025-05-10T12:22:21+00:00\" \/>\n<meta property=\"og:image\" content=\"http:\/\/www.pigrecoemme.com\/blog\/wp-content\/uploads\/2012\/07\/regia-alla-pigrecoemme-295x300.jpg\" \/>\n<meta name=\"author\" content=\"Corrado Morra\" \/>\n<meta name=\"twitter:card\" content=\"summary_large_image\" \/>\n<meta name=\"twitter:creator\" content=\"@Pigrecoemme\" \/>\n<meta name=\"twitter:site\" content=\"@Pigrecoemme\" \/>\n<meta name=\"twitter:label1\" content=\"Scritto da\" \/>\n\t<meta name=\"twitter:data1\" content=\"Corrado Morra\" \/>\n\t<meta name=\"twitter:label2\" content=\"Tempo di lettura stimato\" \/>\n\t<meta name=\"twitter:data2\" content=\"1 minuto\" \/>\n<script type=\"application\/ld+json\" class=\"yoast-schema-graph\">{\"@context\":\"https:\\\/\\\/schema.org\",\"@graph\":[{\"@type\":[\"Article\",\"BlogPosting\"],\"@id\":\"https:\\\/\\\/www.pigrecoemme.com\\\/blog\\\/il-12-luglio-parte-il-corso-intensivo-di-regia\\\/#article\",\"isPartOf\":{\"@id\":\"https:\\\/\\\/www.pigrecoemme.com\\\/blog\\\/il-12-luglio-parte-il-corso-intensivo-di-regia\\\/\"},\"author\":{\"name\":\"Corrado Morra\",\"@id\":\"https:\\\/\\\/www.pigrecoemme.com\\\/blog\\\/#\\\/schema\\\/person\\\/702764b5ecda4c2f34e82348789f649e\"},\"headline\":\"Il 16 luglio parte il corso intensivo di Regia\",\"datePublished\":\"2012-07-04T14:06:27+00:00\",\"dateModified\":\"2025-05-10T12:22:21+00:00\",\"mainEntityOfPage\":{\"@id\":\"https:\\\/\\\/www.pigrecoemme.com\\\/blog\\\/il-12-luglio-parte-il-corso-intensivo-di-regia\\\/\"},\"wordCount\":145,\"commentCount\":0,\"publisher\":{\"@id\":\"https:\\\/\\\/www.pigrecoemme.com\\\/blog\\\/#organization\"},\"image\":{\"@id\":\"https:\\\/\\\/www.pigrecoemme.com\\\/blog\\\/il-12-luglio-parte-il-corso-intensivo-di-regia\\\/#primaryimage\"},\"thumbnailUrl\":\"http:\\\/\\\/www.pigrecoemme.com\\\/blog\\\/wp-content\\\/uploads\\\/2012\\\/07\\\/regia-alla-pigrecoemme-295x300.jpg\",\"keywords\":[\"corsi napoli\",\"corso di regia\",\"regia\",\"rosario gallone\"],\"articleSection\":[\"Scuola di cinema\"],\"inLanguage\":\"it-IT\",\"potentialAction\":[{\"@type\":\"CommentAction\",\"name\":\"Comment\",\"target\":[\"https:\\\/\\\/www.pigrecoemme.com\\\/blog\\\/il-12-luglio-parte-il-corso-intensivo-di-regia\\\/#respond\"]}]},{\"@type\":\"WebPage\",\"@id\":\"https:\\\/\\\/www.pigrecoemme.com\\\/blog\\\/il-12-luglio-parte-il-corso-intensivo-di-regia\\\/\",\"url\":\"https:\\\/\\\/www.pigrecoemme.com\\\/blog\\\/il-12-luglio-parte-il-corso-intensivo-di-regia\\\/\",\"name\":\"Il 16 luglio parte il corso intensivo di Regia\",\"isPartOf\":{\"@id\":\"https:\\\/\\\/www.pigrecoemme.com\\\/blog\\\/#website\"},\"primaryImageOfPage\":{\"@id\":\"https:\\\/\\\/www.pigrecoemme.com\\\/blog\\\/il-12-luglio-parte-il-corso-intensivo-di-regia\\\/#primaryimage\"},\"image\":{\"@id\":\"https:\\\/\\\/www.pigrecoemme.com\\\/blog\\\/il-12-luglio-parte-il-corso-intensivo-di-regia\\\/#primaryimage\"},\"thumbnailUrl\":\"http:\\\/\\\/www.pigrecoemme.com\\\/blog\\\/wp-content\\\/uploads\\\/2012\\\/07\\\/regia-alla-pigrecoemme-295x300.jpg\",\"datePublished\":\"2012-07-04T14:06:27+00:00\",\"dateModified\":\"2025-05-10T12:22:21+00:00\",\"breadcrumb\":{\"@id\":\"https:\\\/\\\/www.pigrecoemme.com\\\/blog\\\/il-12-luglio-parte-il-corso-intensivo-di-regia\\\/#breadcrumb\"},\"inLanguage\":\"it-IT\",\"potentialAction\":[{\"@type\":\"ReadAction\",\"target\":[\"https:\\\/\\\/www.pigrecoemme.com\\\/blog\\\/il-12-luglio-parte-il-corso-intensivo-di-regia\\\/\"]}]},{\"@type\":\"ImageObject\",\"inLanguage\":\"it-IT\",\"@id\":\"https:\\\/\\\/www.pigrecoemme.com\\\/blog\\\/il-12-luglio-parte-il-corso-intensivo-di-regia\\\/#primaryimage\",\"url\":\"http:\\\/\\\/www.pigrecoemme.com\\\/blog\\\/wp-content\\\/uploads\\\/2012\\\/07\\\/regia-alla-pigrecoemme-295x300.jpg\",\"contentUrl\":\"http:\\\/\\\/www.pigrecoemme.com\\\/blog\\\/wp-content\\\/uploads\\\/2012\\\/07\\\/regia-alla-pigrecoemme-295x300.jpg\"},{\"@type\":\"BreadcrumbList\",\"@id\":\"https:\\\/\\\/www.pigrecoemme.com\\\/blog\\\/il-12-luglio-parte-il-corso-intensivo-di-regia\\\/#breadcrumb\",\"itemListElement\":[{\"@type\":\"ListItem\",\"position\":1,\"name\":\"Home\",\"item\":\"https:\\\/\\\/www.pigrecoemme.com\\\/blog\\\/\"},{\"@type\":\"ListItem\",\"position\":2,\"name\":\"Il 16 luglio parte il corso intensivo di Regia\"}]},{\"@type\":\"WebSite\",\"@id\":\"https:\\\/\\\/www.pigrecoemme.com\\\/blog\\\/#website\",\"url\":\"https:\\\/\\\/www.pigrecoemme.com\\\/blog\\\/\",\"name\":\"Scuola di Cinema Pigrecoemme - Blog\",\"description\":\"Siamo la prima Scuola di Cinema e Fotografia di Napoli\",\"publisher\":{\"@id\":\"https:\\\/\\\/www.pigrecoemme.com\\\/blog\\\/#organization\"},\"potentialAction\":[{\"@type\":\"SearchAction\",\"target\":{\"@type\":\"EntryPoint\",\"urlTemplate\":\"https:\\\/\\\/www.pigrecoemme.com\\\/blog\\\/?s={search_term_string}\"},\"query-input\":{\"@type\":\"PropertyValueSpecification\",\"valueRequired\":true,\"valueName\":\"search_term_string\"}}],\"inLanguage\":\"it-IT\"},{\"@type\":\"Organization\",\"@id\":\"https:\\\/\\\/www.pigrecoemme.com\\\/blog\\\/#organization\",\"name\":\"Scuola di cinema e fotografia Pigrecoemme\",\"url\":\"https:\\\/\\\/www.pigrecoemme.com\\\/blog\\\/\",\"logo\":{\"@type\":\"ImageObject\",\"inLanguage\":\"it-IT\",\"@id\":\"https:\\\/\\\/www.pigrecoemme.com\\\/blog\\\/#\\\/schema\\\/logo\\\/image\\\/\",\"url\":\"https:\\\/\\\/i0.wp.com\\\/www.pigrecoemme.com\\\/blog\\\/wp-content\\\/uploads\\\/2018\\\/06\\\/logo-pigrecoemme-2018.png?fit=500%2C500&ssl=1\",\"contentUrl\":\"https:\\\/\\\/i0.wp.com\\\/www.pigrecoemme.com\\\/blog\\\/wp-content\\\/uploads\\\/2018\\\/06\\\/logo-pigrecoemme-2018.png?fit=500%2C500&ssl=1\",\"width\":500,\"height\":500,\"caption\":\"Scuola di cinema e fotografia Pigrecoemme\"},\"image\":{\"@id\":\"https:\\\/\\\/www.pigrecoemme.com\\\/blog\\\/#\\\/schema\\\/logo\\\/image\\\/\"},\"sameAs\":[\"https:\\\/\\\/www.facebook.com\\\/pigrecoemme\",\"https:\\\/\\\/x.com\\\/Pigrecoemme\",\"https:\\\/\\\/www.instagram.com\\\/pigrecoemme\\\/\",\"https:\\\/\\\/www.linkedin.com\\\/company\\\/pigrecoemme\\\/\",\"https:\\\/\\\/www.youtube.com\\\/pigrecoemme\"]},{\"@type\":\"Person\",\"@id\":\"https:\\\/\\\/www.pigrecoemme.com\\\/blog\\\/#\\\/schema\\\/person\\\/702764b5ecda4c2f34e82348789f649e\",\"name\":\"Corrado Morra\",\"image\":{\"@type\":\"ImageObject\",\"inLanguage\":\"it-IT\",\"@id\":\"https:\\\/\\\/secure.gravatar.com\\\/avatar\\\/f6ce2f6728fbdf920737112fe70682512808577befa2c9c7845c04a8449b8f03?s=96&r=g\",\"url\":\"https:\\\/\\\/secure.gravatar.com\\\/avatar\\\/f6ce2f6728fbdf920737112fe70682512808577befa2c9c7845c04a8449b8f03?s=96&r=g\",\"contentUrl\":\"https:\\\/\\\/secure.gravatar.com\\\/avatar\\\/f6ce2f6728fbdf920737112fe70682512808577befa2c9c7845c04a8449b8f03?s=96&r=g\",\"caption\":\"Corrado Morra\"},\"description\":\"Esperto di arti visive e di cinema, insegna Sceneggiatura alla Scuola di cinema Pigrecoemme di Napoli, di cui \u00e8 tra i fondatori.\",\"sameAs\":[\"http:\\\/\\\/www.pigrecoemme.com\\\/\",\"https:\\\/\\\/www.facebook.com\\\/corrado.morra1\"],\"url\":\"https:\\\/\\\/www.pigrecoemme.com\\\/blog\\\/author\\\/corrado-morra\\\/\"}]}<\/script>\n<!-- \/ Yoast SEO plugin. -->","yoast_head_json":{"title":"Il 16 luglio parte il corso intensivo di Regia","robots":{"index":"index","follow":"follow","max-snippet":"max-snippet:-1","max-image-preview":"max-image-preview:large","max-video-preview":"max-video-preview:-1"},"canonical":"https:\/\/www.pigrecoemme.com\/blog\/il-12-luglio-parte-il-corso-intensivo-di-regia\/","og_locale":"it_IT","og_type":"article","og_title":"Il 16 luglio parte il corso intensivo di Regia","og_description":"Giorni intensi alla Scuola di cinema Pigrecoemme. Iniziate le riprese del cortometraggio finale del corso Master (a proposito, vi ricordo che, per il prossimo anno scolastico, che partir\u00e0 il 25 ottobre 2012, se ci&hellip;","og_url":"https:\/\/www.pigrecoemme.com\/blog\/il-12-luglio-parte-il-corso-intensivo-di-regia\/","og_site_name":"Scuola di Cinema Pigrecoemme - Blog","article_publisher":"https:\/\/www.facebook.com\/pigrecoemme","article_author":"https:\/\/www.facebook.com\/corrado.morra1","article_published_time":"2012-07-04T14:06:27+00:00","article_modified_time":"2025-05-10T12:22:21+00:00","og_image":[{"url":"http:\/\/www.pigrecoemme.com\/blog\/wp-content\/uploads\/2012\/07\/regia-alla-pigrecoemme-295x300.jpg","type":"","width":"","height":""}],"author":"Corrado Morra","twitter_card":"summary_large_image","twitter_creator":"@Pigrecoemme","twitter_site":"@Pigrecoemme","twitter_misc":{"Scritto da":"Corrado Morra","Tempo di lettura stimato":"1 minuto"},"schema":{"@context":"https:\/\/schema.org","@graph":[{"@type":["Article","BlogPosting"],"@id":"https:\/\/www.pigrecoemme.com\/blog\/il-12-luglio-parte-il-corso-intensivo-di-regia\/#article","isPartOf":{"@id":"https:\/\/www.pigrecoemme.com\/blog\/il-12-luglio-parte-il-corso-intensivo-di-regia\/"},"author":{"name":"Corrado Morra","@id":"https:\/\/www.pigrecoemme.com\/blog\/#\/schema\/person\/702764b5ecda4c2f34e82348789f649e"},"headline":"Il 16 luglio parte il corso intensivo di Regia","datePublished":"2012-07-04T14:06:27+00:00","dateModified":"2025-05-10T12:22:21+00:00","mainEntityOfPage":{"@id":"https:\/\/www.pigrecoemme.com\/blog\/il-12-luglio-parte-il-corso-intensivo-di-regia\/"},"wordCount":145,"commentCount":0,"publisher":{"@id":"https:\/\/www.pigrecoemme.com\/blog\/#organization"},"image":{"@id":"https:\/\/www.pigrecoemme.com\/blog\/il-12-luglio-parte-il-corso-intensivo-di-regia\/#primaryimage"},"thumbnailUrl":"http:\/\/www.pigrecoemme.com\/blog\/wp-content\/uploads\/2012\/07\/regia-alla-pigrecoemme-295x300.jpg","keywords":["corsi napoli","corso di regia","regia","rosario gallone"],"articleSection":["Scuola di cinema"],"inLanguage":"it-IT","potentialAction":[{"@type":"CommentAction","name":"Comment","target":["https:\/\/www.pigrecoemme.com\/blog\/il-12-luglio-parte-il-corso-intensivo-di-regia\/#respond"]}]},{"@type":"WebPage","@id":"https:\/\/www.pigrecoemme.com\/blog\/il-12-luglio-parte-il-corso-intensivo-di-regia\/","url":"https:\/\/www.pigrecoemme.com\/blog\/il-12-luglio-parte-il-corso-intensivo-di-regia\/","name":"Il 16 luglio parte il corso intensivo di Regia","isPartOf":{"@id":"https:\/\/www.pigrecoemme.com\/blog\/#website"},"primaryImageOfPage":{"@id":"https:\/\/www.pigrecoemme.com\/blog\/il-12-luglio-parte-il-corso-intensivo-di-regia\/#primaryimage"},"image":{"@id":"https:\/\/www.pigrecoemme.com\/blog\/il-12-luglio-parte-il-corso-intensivo-di-regia\/#primaryimage"},"thumbnailUrl":"http:\/\/www.pigrecoemme.com\/blog\/wp-content\/uploads\/2012\/07\/regia-alla-pigrecoemme-295x300.jpg","datePublished":"2012-07-04T14:06:27+00:00","dateModified":"2025-05-10T12:22:21+00:00","breadcrumb":{"@id":"https:\/\/www.pigrecoemme.com\/blog\/il-12-luglio-parte-il-corso-intensivo-di-regia\/#breadcrumb"},"inLanguage":"it-IT","potentialAction":[{"@type":"ReadAction","target":["https:\/\/www.pigrecoemme.com\/blog\/il-12-luglio-parte-il-corso-intensivo-di-regia\/"]}]},{"@type":"ImageObject","inLanguage":"it-IT","@id":"https:\/\/www.pigrecoemme.com\/blog\/il-12-luglio-parte-il-corso-intensivo-di-regia\/#primaryimage","url":"http:\/\/www.pigrecoemme.com\/blog\/wp-content\/uploads\/2012\/07\/regia-alla-pigrecoemme-295x300.jpg","contentUrl":"http:\/\/www.pigrecoemme.com\/blog\/wp-content\/uploads\/2012\/07\/regia-alla-pigrecoemme-295x300.jpg"},{"@type":"BreadcrumbList","@id":"https:\/\/www.pigrecoemme.com\/blog\/il-12-luglio-parte-il-corso-intensivo-di-regia\/#breadcrumb","itemListElement":[{"@type":"ListItem","position":1,"name":"Home","item":"https:\/\/www.pigrecoemme.com\/blog\/"},{"@type":"ListItem","position":2,"name":"Il 16 luglio parte il corso intensivo di Regia"}]},{"@type":"WebSite","@id":"https:\/\/www.pigrecoemme.com\/blog\/#website","url":"https:\/\/www.pigrecoemme.com\/blog\/","name":"Scuola di Cinema Pigrecoemme - Blog","description":"Siamo la prima Scuola di Cinema e Fotografia di Napoli","publisher":{"@id":"https:\/\/www.pigrecoemme.com\/blog\/#organization"},"potentialAction":[{"@type":"SearchAction","target":{"@type":"EntryPoint","urlTemplate":"https:\/\/www.pigrecoemme.com\/blog\/?s={search_term_string}"},"query-input":{"@type":"PropertyValueSpecification","valueRequired":true,"valueName":"search_term_string"}}],"inLanguage":"it-IT"},{"@type":"Organization","@id":"https:\/\/www.pigrecoemme.com\/blog\/#organization","name":"Scuola di cinema e fotografia Pigrecoemme","url":"https:\/\/www.pigrecoemme.com\/blog\/","logo":{"@type":"ImageObject","inLanguage":"it-IT","@id":"https:\/\/www.pigrecoemme.com\/blog\/#\/schema\/logo\/image\/","url":"https:\/\/i0.wp.com\/www.pigrecoemme.com\/blog\/wp-content\/uploads\/2018\/06\/logo-pigrecoemme-2018.png?fit=500%2C500&ssl=1","contentUrl":"https:\/\/i0.wp.com\/www.pigrecoemme.com\/blog\/wp-content\/uploads\/2018\/06\/logo-pigrecoemme-2018.png?fit=500%2C500&ssl=1","width":500,"height":500,"caption":"Scuola di cinema e fotografia Pigrecoemme"},"image":{"@id":"https:\/\/www.pigrecoemme.com\/blog\/#\/schema\/logo\/image\/"},"sameAs":["https:\/\/www.facebook.com\/pigrecoemme","https:\/\/x.com\/Pigrecoemme","https:\/\/www.instagram.com\/pigrecoemme\/","https:\/\/www.linkedin.com\/company\/pigrecoemme\/","https:\/\/www.youtube.com\/pigrecoemme"]},{"@type":"Person","@id":"https:\/\/www.pigrecoemme.com\/blog\/#\/schema\/person\/702764b5ecda4c2f34e82348789f649e","name":"Corrado Morra","image":{"@type":"ImageObject","inLanguage":"it-IT","@id":"https:\/\/secure.gravatar.com\/avatar\/f6ce2f6728fbdf920737112fe70682512808577befa2c9c7845c04a8449b8f03?s=96&r=g","url":"https:\/\/secure.gravatar.com\/avatar\/f6ce2f6728fbdf920737112fe70682512808577befa2c9c7845c04a8449b8f03?s=96&r=g","contentUrl":"https:\/\/secure.gravatar.com\/avatar\/f6ce2f6728fbdf920737112fe70682512808577befa2c9c7845c04a8449b8f03?s=96&r=g","caption":"Corrado Morra"},"description":"Esperto di arti visive e di cinema, insegna Sceneggiatura alla Scuola di cinema Pigrecoemme di Napoli, di cui \u00e8 tra i fondatori.","sameAs":["http:\/\/www.pigrecoemme.com\/","https:\/\/www.facebook.com\/corrado.morra1"],"url":"https:\/\/www.pigrecoemme.com\/blog\/author\/corrado-morra\/"}]}},"jetpack_sharing_enabled":true,"jetpack_likes_enabled":true,"jetpack-related-posts":[{"id":3769,"url":"https:\/\/www.pigrecoemme.com\/blog\/parte-il-corso-estivo-ed-intensivo-di-regia-dal-23-giugno-a-napoli\/","url_meta":{"origin":524,"position":0},"title":"Parte il corso estivo ed intensivo di regia: dal 23 giugno a Napoli","author":"Pigrecoemme","date":"9 Maggio 2025","format":false,"excerpt":"Hai sempre voluto seguire un corso di regia, ma non hai mai trovato il tempo? Ecco la soluzione: un corso intensivo, in cinque incontri, da luned\u00ec 23 giugno a marted\u00ec 1\u00b0 luglio.Docente: Rosario Gallone. A chi ri rivolge questo corso? Chiunque, dai 16 ai 99 anni pu\u00f2 seguire questo corso\u2026","rel":"","context":"In &quot;Generale&quot;","block_context":{"text":"Generale","link":"https:\/\/www.pigrecoemme.com\/blog\/generale\/"},"img":{"alt_text":"","src":"https:\/\/i0.wp.com\/www.pigrecoemme.com\/blog\/wp-content\/uploads\/2025\/05\/corso-estivo-regia-cinematografica-napoli.jpg?resize=350%2C200&ssl=1","width":350,"height":200,"srcset":"https:\/\/i0.wp.com\/www.pigrecoemme.com\/blog\/wp-content\/uploads\/2025\/05\/corso-estivo-regia-cinematografica-napoli.jpg?resize=350%2C200&ssl=1 1x, https:\/\/i0.wp.com\/www.pigrecoemme.com\/blog\/wp-content\/uploads\/2025\/05\/corso-estivo-regia-cinematografica-napoli.jpg?resize=525%2C300&ssl=1 1.5x, https:\/\/i0.wp.com\/www.pigrecoemme.com\/blog\/wp-content\/uploads\/2025\/05\/corso-estivo-regia-cinematografica-napoli.jpg?resize=700%2C400&ssl=1 2x, https:\/\/i0.wp.com\/www.pigrecoemme.com\/blog\/wp-content\/uploads\/2025\/05\/corso-estivo-regia-cinematografica-napoli.jpg?resize=1050%2C600&ssl=1 3x"},"classes":[]},{"id":838,"url":"https:\/\/www.pigrecoemme.com\/blog\/i-corsi-estivi-di-regia-montaggio-e-sceneggiatura\/","url_meta":{"origin":524,"position":1},"title":"I corsi estivi di regia, montaggio e sceneggiatura","author":"Giacomo Fabbrocino","date":"14 Giugno 2014","format":false,"excerpt":"Tornano, nella consueta formula \"intensiva\", i corsi estivi di regia, montaggio e sceneggiatura. Identici nel programma e nella durata alla loro controparte \"invernale\", nella versione estiva i corsi propongono lezioni pi\u00f9 ravvicinate, permettendo una fruizione diversa a chi li abbia mancati durante l'anno accademico. Quote di partecipazione Il corso di\u2026","rel":"","context":"In &quot;Generale&quot;","block_context":{"text":"Generale","link":"https:\/\/www.pigrecoemme.com\/blog\/generale\/"},"img":{"alt_text":"CORSI ESTIVI DI CINEMA a Napoli","src":"https:\/\/i0.wp.com\/www.pigrecoemme.com\/blog\/wp-content\/uploads\/2014\/06\/corsi-estivi-di-cinema.jpg?resize=350%2C200","width":350,"height":200,"srcset":"https:\/\/i0.wp.com\/www.pigrecoemme.com\/blog\/wp-content\/uploads\/2014\/06\/corsi-estivi-di-cinema.jpg?resize=350%2C200 1x, https:\/\/i0.wp.com\/www.pigrecoemme.com\/blog\/wp-content\/uploads\/2014\/06\/corsi-estivi-di-cinema.jpg?resize=525%2C300 1.5x, https:\/\/i0.wp.com\/www.pigrecoemme.com\/blog\/wp-content\/uploads\/2014\/06\/corsi-estivi-di-cinema.jpg?resize=700%2C400 2x"},"classes":[]},{"id":369,"url":"https:\/\/www.pigrecoemme.com\/blog\/nuovo-master-sconto\/","url_meta":{"origin":524,"position":2},"title":"Dal 27 ottobre 2011 il nuovo Master Pigrecoemme.  300 euro di sconto per chi si iscrive entro il 31 luglio.","author":"Rosario Gallone","date":"6 Giugno 2011","format":false,"excerpt":"Non \u00e8 ancora terminata l'annata 2010\/2011 e gi\u00e0 si programma quella 2011\/2012. Dal 24 ottobre partiranno i nuovi corsi di Analisi e critica (24 ottobre) Montaggio (25 ottobre) Regia (27 ottobre) Sceneggiatura (28 ottobre). Nella stessa settimana partir\u00e0 anche Il nuovo Master di cinema di Pigrecoemme. Chi si iscriver\u00e0 entro\u2026","rel":"","context":"In &quot;Scuola di cinema&quot;","block_context":{"text":"Scuola di cinema","link":"https:\/\/www.pigrecoemme.com\/blog\/scuola-di-cinema\/"},"img":{"alt_text":"","src":"https:\/\/i0.wp.com\/www.pigrecoemme.com\/blog\/wp-content\/uploads\/2025\/05\/corsi-di-cinema-napoli.fw_.png?resize=350%2C200&ssl=1","width":350,"height":200,"srcset":"https:\/\/i0.wp.com\/www.pigrecoemme.com\/blog\/wp-content\/uploads\/2025\/05\/corsi-di-cinema-napoli.fw_.png?resize=350%2C200&ssl=1 1x, https:\/\/i0.wp.com\/www.pigrecoemme.com\/blog\/wp-content\/uploads\/2025\/05\/corsi-di-cinema-napoli.fw_.png?resize=525%2C300&ssl=1 1.5x, https:\/\/i0.wp.com\/www.pigrecoemme.com\/blog\/wp-content\/uploads\/2025\/05\/corsi-di-cinema-napoli.fw_.png?resize=700%2C400&ssl=1 2x, https:\/\/i0.wp.com\/www.pigrecoemme.com\/blog\/wp-content\/uploads\/2025\/05\/corsi-di-cinema-napoli.fw_.png?resize=1050%2C600&ssl=1 3x"},"classes":[]},{"id":146,"url":"https:\/\/www.pigrecoemme.com\/blog\/a-giugno-i-corsi-estivi-di-regia-montaggio-e-sceneggiatura\/","url_meta":{"origin":524,"position":3},"title":"A giugno i corsi estivi di regia, montaggio e sceneggiatura","author":"Giacomo Fabbrocino","date":"5 Maggio 2009","format":false,"excerpt":"Anche quest'anno la scuola di cinema Pigrecoemme propone i corsi estivi di regia, montaggio e sceneggiatura.Il corso di regia si svolger\u00e0 dall'8 al 13 giugno 2009. Tutte le lezioni si svolgeranno dalle 15.00 alle 19.00. La lezione di sabato 13 giugno si svolegr\u00e0, invece dalle 10.00 alle 14.00. (Programma)Il corso\u2026","rel":"","context":"In &quot;Scuola di cinema&quot;","block_context":{"text":"Scuola di cinema","link":"https:\/\/www.pigrecoemme.com\/blog\/scuola-di-cinema\/"},"img":{"alt_text":"","src":"https:\/\/i0.wp.com\/www.pigrecoemme.com\/blog\/wp-content\/uploads\/2009\/05\/summerofcourses.png?resize=350%2C200&ssl=1","width":350,"height":200},"classes":[]},{"id":444,"url":"https:\/\/www.pigrecoemme.com\/blog\/il-2012-di-pigrecoemme-sfida-i-maya\/","url_meta":{"origin":524,"position":4},"title":"Il 2012 di Pigrecoemme sfida i Maya","author":"Rosario Gallone","date":"20 Dicembre 2011","format":false,"excerpt":"A bottega (bottega Pigrecoemme, si intende) ci piace pensare che il nostro futuro sia ancora lungo e pieno di soddisfazioni. Checch\u00e9 ne pensino i Maya. Ed allora diamo subito il via alla nuova stagione 2012 di corsi a partire dal 16 gennaio 2012 con il nuovo Corso base di Fotografia.\u2026","rel":"","context":"In &quot;Generale&quot;","block_context":{"text":"Generale","link":"https:\/\/www.pigrecoemme.com\/blog\/generale\/"},"img":{"alt_text":"","src":"https:\/\/i0.wp.com\/www.pigrecoemme.com\/blog\/wp-content\/uploads\/2011\/12\/scuola-di-cinema-400x100-300x75.png?resize=350%2C200","width":350,"height":200},"classes":[]},{"id":342,"url":"https:\/\/www.pigrecoemme.com\/blog\/mai-sazi-da-aprile-un-nuovo-ciclo-di-corsi-a-pigrecoemme\/","url_meta":{"origin":524,"position":5},"title":"Mai sazi! Da aprile un nuovo ciclo di corsi a Pigrecoemme.","author":"Rosario Gallone","date":"18 Febbraio 2011","format":false,"excerpt":"Dal 4 aprile partir\u00e0 un nuovo ciclo di corsi presso la Scuola di Cinema e televisione Pigrecoemme. Analisi e critica del film (dal 4 aprile ogni luned\u00ec 16-19) Montaggio su Adobe Premiere (dal 5 aprile ogni marted\u00ec 16-19) Regia (dal 7 aprile ogni gioved\u00ec 16-19) Sceneggiatura (dall'8 aprile ogni venerd\u00ec\u2026","rel":"","context":"In &quot;Generale&quot;","block_context":{"text":"Generale","link":"https:\/\/www.pigrecoemme.com\/blog\/generale\/"},"img":{"alt_text":"","src":"https:\/\/i0.wp.com\/www.pigrecoemme.com\/blog\/wp-content\/uploads\/2024\/03\/scuola-di-cinema-napoli.jpeg?resize=350%2C200&ssl=1","width":350,"height":200,"srcset":"https:\/\/i0.wp.com\/www.pigrecoemme.com\/blog\/wp-content\/uploads\/2024\/03\/scuola-di-cinema-napoli.jpeg?resize=350%2C200&ssl=1 1x, https:\/\/i0.wp.com\/www.pigrecoemme.com\/blog\/wp-content\/uploads\/2024\/03\/scuola-di-cinema-napoli.jpeg?resize=525%2C300&ssl=1 1.5x, https:\/\/i0.wp.com\/www.pigrecoemme.com\/blog\/wp-content\/uploads\/2024\/03\/scuola-di-cinema-napoli.jpeg?resize=700%2C400&ssl=1 2x, https:\/\/i0.wp.com\/www.pigrecoemme.com\/blog\/wp-content\/uploads\/2024\/03\/scuola-di-cinema-napoli.jpeg?resize=1050%2C600&ssl=1 3x"},"classes":[]}],"jetpack_featured_media_url":"","_links":{"self":[{"href":"https:\/\/www.pigrecoemme.com\/blog\/wp-json\/wp\/v2\/posts\/524","targetHints":{"allow":["GET"]}}],"collection":[{"href":"https:\/\/www.pigrecoemme.com\/blog\/wp-json\/wp\/v2\/posts"}],"about":[{"href":"https:\/\/www.pigrecoemme.com\/blog\/wp-json\/wp\/v2\/types\/post"}],"author":[{"embeddable":true,"href":"https:\/\/www.pigrecoemme.com\/blog\/wp-json\/wp\/v2\/users\/2"}],"replies":[{"embeddable":true,"href":"https:\/\/www.pigrecoemme.com\/blog\/wp-json\/wp\/v2\/comments?post=524"}],"version-history":[{"count":1,"href":"https:\/\/www.pigrecoemme.com\/blog\/wp-json\/wp\/v2\/posts\/524\/revisions"}],"predecessor-version":[{"id":3777,"href":"https:\/\/www.pigrecoemme.com\/blog\/wp-json\/wp\/v2\/posts\/524\/revisions\/3777"}],"wp:attachment":[{"href":"https:\/\/www.pigrecoemme.com\/blog\/wp-json\/wp\/v2\/media?parent=524"}],"wp:term":[{"taxonomy":"category","embeddable":true,"href":"https:\/\/www.pigrecoemme.com\/blog\/wp-json\/wp\/v2\/categories?post=524"},{"taxonomy":"post_tag","embeddable":true,"href":"https:\/\/www.pigrecoemme.com\/blog\/wp-json\/wp\/v2\/tags?post=524"}],"curies":[{"name":"wp","href":"https:\/\/api.w.org\/{rel}","templated":true}]}}