{"id":511,"date":"2012-06-06T16:35:01","date_gmt":"2012-06-06T14:35:01","guid":{"rendered":"http:\/\/www.pigrecoemme.com\/blog\/?p=511"},"modified":"2012-06-16T20:44:59","modified_gmt":"2012-06-16T18:44:59","slug":"vinicio-marchioni-nel-nuovo-film-di-sandro-dionisio-coprodotto-da-pigrecoemme","status":"publish","type":"post","link":"https:\/\/www.pigrecoemme.com\/blog\/vinicio-marchioni-nel-nuovo-film-di-sandro-dionisio-coprodotto-da-pigrecoemme\/","title":{"rendered":"Vinicio Marchioni nel nuovo film di Sandro Dionisio coprodotto da Pigrecoemme"},"content":{"rendered":"<figure id=\"attachment_510\" aria-describedby=\"caption-attachment-510\" style=\"width: 214px\" class=\"wp-caption alignleft\"><em><a href=\"https:\/\/i0.wp.com\/www.pigrecoemme.com\/blog\/wp-content\/uploads\/2012\/06\/vinicio-marchioni.jpg?ssl=1\"><img data-recalc-dims=\"1\" loading=\"lazy\" decoding=\"async\" class=\"size-medium wp-image-510\" title=\"Vinicio Marchioni\" src=\"https:\/\/i0.wp.com\/www.pigrecoemme.com\/blog\/wp-content\/uploads\/2012\/06\/vinicio-marchioni.jpg?resize=214%2C300&#038;ssl=1\" alt=\"Vinicio Marchioni, protagonista di Un Consiglio a Dio\" width=\"214\" height=\"300\" srcset=\"https:\/\/i0.wp.com\/www.pigrecoemme.com\/blog\/wp-content\/uploads\/2012\/06\/vinicio-marchioni.jpg?resize=214%2C300&amp;ssl=1 214w, https:\/\/i0.wp.com\/www.pigrecoemme.com\/blog\/wp-content\/uploads\/2012\/06\/vinicio-marchioni.jpg?w=399&amp;ssl=1 399w\" sizes=\"auto, (max-width: 214px) 100vw, 214px\" \/><\/a><\/em><figcaption id=\"caption-attachment-510\" class=\"wp-caption-text\">Vinicio Marchioni, protagonista di Un Consiglio a Dio<\/figcaption><\/figure>\n<p><em>Un consiglio a Dio<\/em> di Sandro Dionisio \u00e8 un&#8217;altra coproduzione Pigrecoemme che sta per vedere la luce. Diretto da Sandro Dionisio (<em><a href=\"http:\/\/www.cinemaitaliano.info\/lavolpeatrezampe\">La volpe a tre zampe<\/a><\/em>), questo originale esperimento di &#8220;cinema crossover&#8221; (secondo la definizione proprio di Dionisio) vede nel ruolo del protagonista  uno dei migliori attori italiani dell&#8217;ultima schiusa: <strong>Vincio Marchioni<\/strong>, noto a i pi\u00f9 per aver interpretato magistralmente il ruolo del Freddo in <a href=\"https:\/\/www.pigrecoemme.com\/blog\/stasera-parte-romanzo-criminale-su-sky-cinema\/\"><em>Romanzo Criminale &#8211; La serie<\/em><\/a>.<\/p>\n<p>In <em>Un consiglio a Dio<\/em> Marchioni \u00e8 un trovacadaveri\u00a0 intento nel suo faticoso lavoro: recuperare i corpi degli extracomunitari naufragati sulle nostre coste nel loro viaggio della speranza.<br \/>\nMomenti documentaristici e interviste fatte per l&#8217;occasione ai profughi appena accolti nei centri di prima accoglienza, e poi via via integrati nel contesto sciale italiano, contribuiscono ad evidenziare nel testo di Morganti, oltre l&#8217;apologo grottesco e irresistibilmente comico, il respiro di una riflessione urgente e imprescindibile sul divario tra mondi che solo un consiglio di Dio potrebbe avvicinare. Mentre i mondi restano dolentemente spiaggiati, l&#8217;uno perso nella sua nebbia mentale su un litorale anonimo e gli altri nel loro devastante attraversamento del dolore. <em>Un consiglio a Dio<\/em> si propone come una analisi lirico efferata del reale, un documento crudo e poetico sulla contemporaneit\u00e0 e sul viaggio verso Itaca di cui il trovacadaveri diviene un moderno Caronte.<\/p>\n<p>Il film \u00e8 stato prodotto dal regista con Gianluca Arcopinto, vero simbolo della produzione indipendente italiana al quale si devono alcuni dei pi\u00f9 bei film italiani degli ultimi anni, come, ad esempio, le opere di Daniele Gaglianone, Salvatore Mereu, Francesco Munzi ed Emidio Greco.<\/p>\n<p>Pigrecoemme, oltre a coprodurre, si \u00e8 occupata del montaggio, curato da Giacomo Fabbrocino, nostro docente e fondatore.<\/p>\n<p><strong>Dopo il trailer la scheda del film<\/strong>:<\/p>\n<p style=\"text-align: center;\"><object classid=\"clsid:d27cdb6e-ae6d-11cf-96b8-444553540000\" width=\"470\" height=\"264\" codebase=\"http:\/\/download.macromedia.com\/pub\/shockwave\/cabs\/flash\/swflash.cab#version=6,0,40,0\"><param name=\"allowFullScreen\" value=\"true\" \/><param name=\"allowscriptaccess\" value=\"always\" \/><param name=\"src\" value=\"http:\/\/www.youtube.com\/v\/8YNZ8cN2y6Y?version=3&amp;hl=it_IT&amp;rel=0\" \/><\/object><\/p>\n<p><strong>regia di<\/strong>: Sandro Dionisio<br \/>\n<strong>cast<\/strong>: Vinicio Marchioni<br \/>\n<strong>sceneggiatura<\/strong>: Sandro Dionisio, dall&#8217;opera teatrale &#8220;Il trovacadaveri&#8221; di Davide Morganti<br \/>\n<strong>fotografia<\/strong>: Alessandro Abate<br \/>\n<strong>montaggio<\/strong>: Giacomo Fabbrocino<br \/>\n<strong>color grading<\/strong>: Vincenzo Marinese<br \/>\n<strong>musica<\/strong>: Vincenzo Danise<br \/>\n<strong>montaggio del suono e missaggio<\/strong>: Giorgio Molfini<br \/>\n<strong>fonico di presa diretta<\/strong>: Carlo Licenziato<br \/>\n<strong>produttore<\/strong>: Gianluca Arcopinto<br \/>\n<strong>Produzione esecutiva<\/strong>: Gennaro Fasolino<br \/>\n<strong>produzione<\/strong>: C.eT.r.a, Pigrecoemme<br \/>\n<strong>paese<\/strong>: Italia<br \/>\n<strong>anno<\/strong>: 2011<\/p>\n<p><a href=\"http:\/\/www.cinemaitaliano.info\/unconsiglioadio\">La scheda completa del film<\/a>.<\/p>\n","protected":false},"excerpt":{"rendered":"<p>Un consiglio a Dio di Sandro Dionisio \u00e8 un&#8217;altra coproduzione Pigrecoemme che sta per vedere la luce. Diretto da Sandro Dionisio (La volpe a tre zampe), questo originale esperimento di &#8220;cinema crossover&#8221; (secondo la&hellip;<\/p>\n","protected":false},"author":1,"featured_media":0,"comment_status":"open","ping_status":"open","sticky":false,"template":"","format":"standard","meta":{"_jetpack_newsletter_access":"","_jetpack_dont_email_post_to_subs":false,"_jetpack_newsletter_tier_id":0,"_jetpack_memberships_contains_paywalled_content":false,"_jetpack_feature_clip_id":0,"_jetpack_memberships_contains_paid_content":false,"footnotes":"","jetpack_post_was_ever_published":false},"categories":[1,12],"tags":[712,177,710,711,590],"class_list":["post-511","post","type-post","status-publish","format-standard","hentry","category-generale","category-produzioni","tag-davide-morganti","tag-giacomo-fabbrocino","tag-sandro-dionisio","tag-un-consiglio-a-dio","tag-vinicio-marchioni"],"yoast_head":"<!-- This site is optimized with the Yoast SEO plugin v28.3 - https:\/\/yoast.com\/product\/yoast-seo-wordpress\/ -->\n<title>Vinicio Marchioni nel nuovo film di Sandro Dionisio coprodotto da Pigrecoemme<\/title>\n<meta name=\"robots\" content=\"index, follow, max-snippet:-1, max-image-preview:large, max-video-preview:-1\" \/>\n<link rel=\"canonical\" href=\"https:\/\/www.pigrecoemme.com\/blog\/vinicio-marchioni-nel-nuovo-film-di-sandro-dionisio-coprodotto-da-pigrecoemme\/\" \/>\n<meta property=\"og:locale\" content=\"it_IT\" \/>\n<meta property=\"og:type\" content=\"article\" \/>\n<meta property=\"og:title\" content=\"Vinicio Marchioni nel nuovo film di Sandro Dionisio coprodotto da Pigrecoemme\" \/>\n<meta property=\"og:description\" content=\"Un consiglio a Dio di Sandro Dionisio \u00e8 un&#8217;altra coproduzione Pigrecoemme che sta per vedere la luce. Diretto da Sandro Dionisio (La volpe a tre zampe), questo originale esperimento di &#8220;cinema crossover&#8221; (secondo la definizione proprio di Dionisio) vede nel &hellip; Continue reading &rarr;\" \/>\n<meta property=\"og:url\" content=\"https:\/\/www.pigrecoemme.com\/blog\/vinicio-marchioni-nel-nuovo-film-di-sandro-dionisio-coprodotto-da-pigrecoemme\/\" \/>\n<meta property=\"og:site_name\" content=\"Scuola di Cinema Pigrecoemme - Blog\" \/>\n<meta property=\"article:publisher\" content=\"https:\/\/www.facebook.com\/pigrecoemme\" \/>\n<meta property=\"article:author\" content=\"https:\/\/www.facebook.com\/giacomo.fabbrocino\" \/>\n<meta property=\"article:published_time\" content=\"2012-06-06T14:35:01+00:00\" \/>\n<meta property=\"article:modified_time\" content=\"2012-06-16T18:44:59+00:00\" \/>\n<meta property=\"og:image\" content=\"http:\/\/www.pigrecoemme.com\/blog\/wp-content\/uploads\/2012\/06\/vinicio-marchioni-214x300.jpg\" \/>\n<meta name=\"author\" content=\"Giacomo Fabbrocino\" \/>\n<meta name=\"twitter:card\" content=\"summary_large_image\" \/>\n<meta name=\"twitter:creator\" content=\"@Pigrecoemme\" \/>\n<meta name=\"twitter:site\" content=\"@Pigrecoemme\" \/>\n<meta name=\"twitter:label1\" content=\"Scritto da\" \/>\n\t<meta name=\"twitter:data1\" content=\"Giacomo Fabbrocino\" \/>\n\t<meta name=\"twitter:label2\" content=\"Tempo di lettura stimato\" \/>\n\t<meta name=\"twitter:data2\" content=\"2 minuti\" \/>\n<script type=\"application\/ld+json\" class=\"yoast-schema-graph\">{\"@context\":\"https:\\\/\\\/schema.org\",\"@graph\":[{\"@type\":[\"Article\",\"BlogPosting\"],\"@id\":\"https:\\\/\\\/www.pigrecoemme.com\\\/blog\\\/vinicio-marchioni-nel-nuovo-film-di-sandro-dionisio-coprodotto-da-pigrecoemme\\\/#article\",\"isPartOf\":{\"@id\":\"https:\\\/\\\/www.pigrecoemme.com\\\/blog\\\/vinicio-marchioni-nel-nuovo-film-di-sandro-dionisio-coprodotto-da-pigrecoemme\\\/\"},\"author\":{\"name\":\"Giacomo Fabbrocino\",\"@id\":\"https:\\\/\\\/www.pigrecoemme.com\\\/blog\\\/#\\\/schema\\\/person\\\/57fa822c3d209d3a2612fd0411ae63f4\"},\"headline\":\"Vinicio Marchioni nel nuovo film di Sandro Dionisio coprodotto da Pigrecoemme\",\"datePublished\":\"2012-06-06T14:35:01+00:00\",\"dateModified\":\"2012-06-16T18:44:59+00:00\",\"mainEntityOfPage\":{\"@id\":\"https:\\\/\\\/www.pigrecoemme.com\\\/blog\\\/vinicio-marchioni-nel-nuovo-film-di-sandro-dionisio-coprodotto-da-pigrecoemme\\\/\"},\"wordCount\":375,\"commentCount\":0,\"publisher\":{\"@id\":\"https:\\\/\\\/www.pigrecoemme.com\\\/blog\\\/#organization\"},\"image\":{\"@id\":\"https:\\\/\\\/www.pigrecoemme.com\\\/blog\\\/vinicio-marchioni-nel-nuovo-film-di-sandro-dionisio-coprodotto-da-pigrecoemme\\\/#primaryimage\"},\"thumbnailUrl\":\"http:\\\/\\\/www.pigrecoemme.com\\\/blog\\\/wp-content\\\/uploads\\\/2012\\\/06\\\/vinicio-marchioni-214x300.jpg\",\"keywords\":[\"davide morganti\",\"Giacomo Fabbrocino\",\"Sandro Dionisio\",\"un consiglio a Dio\",\"vinicio marchioni\"],\"articleSection\":[\"Generale\",\"Produzioni\"],\"inLanguage\":\"it-IT\",\"potentialAction\":[{\"@type\":\"CommentAction\",\"name\":\"Comment\",\"target\":[\"https:\\\/\\\/www.pigrecoemme.com\\\/blog\\\/vinicio-marchioni-nel-nuovo-film-di-sandro-dionisio-coprodotto-da-pigrecoemme\\\/#respond\"]}]},{\"@type\":\"WebPage\",\"@id\":\"https:\\\/\\\/www.pigrecoemme.com\\\/blog\\\/vinicio-marchioni-nel-nuovo-film-di-sandro-dionisio-coprodotto-da-pigrecoemme\\\/\",\"url\":\"https:\\\/\\\/www.pigrecoemme.com\\\/blog\\\/vinicio-marchioni-nel-nuovo-film-di-sandro-dionisio-coprodotto-da-pigrecoemme\\\/\",\"name\":\"Vinicio Marchioni nel nuovo film di Sandro Dionisio coprodotto da Pigrecoemme\",\"isPartOf\":{\"@id\":\"https:\\\/\\\/www.pigrecoemme.com\\\/blog\\\/#website\"},\"primaryImageOfPage\":{\"@id\":\"https:\\\/\\\/www.pigrecoemme.com\\\/blog\\\/vinicio-marchioni-nel-nuovo-film-di-sandro-dionisio-coprodotto-da-pigrecoemme\\\/#primaryimage\"},\"image\":{\"@id\":\"https:\\\/\\\/www.pigrecoemme.com\\\/blog\\\/vinicio-marchioni-nel-nuovo-film-di-sandro-dionisio-coprodotto-da-pigrecoemme\\\/#primaryimage\"},\"thumbnailUrl\":\"http:\\\/\\\/www.pigrecoemme.com\\\/blog\\\/wp-content\\\/uploads\\\/2012\\\/06\\\/vinicio-marchioni-214x300.jpg\",\"datePublished\":\"2012-06-06T14:35:01+00:00\",\"dateModified\":\"2012-06-16T18:44:59+00:00\",\"breadcrumb\":{\"@id\":\"https:\\\/\\\/www.pigrecoemme.com\\\/blog\\\/vinicio-marchioni-nel-nuovo-film-di-sandro-dionisio-coprodotto-da-pigrecoemme\\\/#breadcrumb\"},\"inLanguage\":\"it-IT\",\"potentialAction\":[{\"@type\":\"ReadAction\",\"target\":[\"https:\\\/\\\/www.pigrecoemme.com\\\/blog\\\/vinicio-marchioni-nel-nuovo-film-di-sandro-dionisio-coprodotto-da-pigrecoemme\\\/\"]}]},{\"@type\":\"ImageObject\",\"inLanguage\":\"it-IT\",\"@id\":\"https:\\\/\\\/www.pigrecoemme.com\\\/blog\\\/vinicio-marchioni-nel-nuovo-film-di-sandro-dionisio-coprodotto-da-pigrecoemme\\\/#primaryimage\",\"url\":\"http:\\\/\\\/www.pigrecoemme.com\\\/blog\\\/wp-content\\\/uploads\\\/2012\\\/06\\\/vinicio-marchioni-214x300.jpg\",\"contentUrl\":\"http:\\\/\\\/www.pigrecoemme.com\\\/blog\\\/wp-content\\\/uploads\\\/2012\\\/06\\\/vinicio-marchioni-214x300.jpg\"},{\"@type\":\"BreadcrumbList\",\"@id\":\"https:\\\/\\\/www.pigrecoemme.com\\\/blog\\\/vinicio-marchioni-nel-nuovo-film-di-sandro-dionisio-coprodotto-da-pigrecoemme\\\/#breadcrumb\",\"itemListElement\":[{\"@type\":\"ListItem\",\"position\":1,\"name\":\"Home\",\"item\":\"https:\\\/\\\/www.pigrecoemme.com\\\/blog\\\/\"},{\"@type\":\"ListItem\",\"position\":2,\"name\":\"Vinicio Marchioni nel nuovo film di Sandro Dionisio coprodotto da Pigrecoemme\"}]},{\"@type\":\"WebSite\",\"@id\":\"https:\\\/\\\/www.pigrecoemme.com\\\/blog\\\/#website\",\"url\":\"https:\\\/\\\/www.pigrecoemme.com\\\/blog\\\/\",\"name\":\"Scuola di Cinema Pigrecoemme - Blog\",\"description\":\"Siamo la prima Scuola di Cinema e Fotografia di Napoli\",\"publisher\":{\"@id\":\"https:\\\/\\\/www.pigrecoemme.com\\\/blog\\\/#organization\"},\"potentialAction\":[{\"@type\":\"SearchAction\",\"target\":{\"@type\":\"EntryPoint\",\"urlTemplate\":\"https:\\\/\\\/www.pigrecoemme.com\\\/blog\\\/?s={search_term_string}\"},\"query-input\":{\"@type\":\"PropertyValueSpecification\",\"valueRequired\":true,\"valueName\":\"search_term_string\"}}],\"inLanguage\":\"it-IT\"},{\"@type\":\"Organization\",\"@id\":\"https:\\\/\\\/www.pigrecoemme.com\\\/blog\\\/#organization\",\"name\":\"Scuola di cinema e fotografia Pigrecoemme\",\"url\":\"https:\\\/\\\/www.pigrecoemme.com\\\/blog\\\/\",\"logo\":{\"@type\":\"ImageObject\",\"inLanguage\":\"it-IT\",\"@id\":\"https:\\\/\\\/www.pigrecoemme.com\\\/blog\\\/#\\\/schema\\\/logo\\\/image\\\/\",\"url\":\"https:\\\/\\\/i0.wp.com\\\/www.pigrecoemme.com\\\/blog\\\/wp-content\\\/uploads\\\/2018\\\/06\\\/logo-pigrecoemme-2018.png?fit=500%2C500&ssl=1\",\"contentUrl\":\"https:\\\/\\\/i0.wp.com\\\/www.pigrecoemme.com\\\/blog\\\/wp-content\\\/uploads\\\/2018\\\/06\\\/logo-pigrecoemme-2018.png?fit=500%2C500&ssl=1\",\"width\":500,\"height\":500,\"caption\":\"Scuola di cinema e fotografia Pigrecoemme\"},\"image\":{\"@id\":\"https:\\\/\\\/www.pigrecoemme.com\\\/blog\\\/#\\\/schema\\\/logo\\\/image\\\/\"},\"sameAs\":[\"https:\\\/\\\/www.facebook.com\\\/pigrecoemme\",\"https:\\\/\\\/x.com\\\/Pigrecoemme\",\"https:\\\/\\\/www.instagram.com\\\/pigrecoemme\\\/\",\"https:\\\/\\\/www.linkedin.com\\\/company\\\/pigrecoemme\\\/\",\"https:\\\/\\\/www.youtube.com\\\/pigrecoemme\"]},{\"@type\":\"Person\",\"@id\":\"https:\\\/\\\/www.pigrecoemme.com\\\/blog\\\/#\\\/schema\\\/person\\\/57fa822c3d209d3a2612fd0411ae63f4\",\"name\":\"Giacomo Fabbrocino\",\"image\":{\"@type\":\"ImageObject\",\"inLanguage\":\"it-IT\",\"@id\":\"https:\\\/\\\/secure.gravatar.com\\\/avatar\\\/0e4dfd4d05c06a03fffaffeb36fb181415ba11b91a6b566fa2e8ada75927db32?s=96&r=g\",\"url\":\"https:\\\/\\\/secure.gravatar.com\\\/avatar\\\/0e4dfd4d05c06a03fffaffeb36fb181415ba11b91a6b566fa2e8ada75927db32?s=96&r=g\",\"contentUrl\":\"https:\\\/\\\/secure.gravatar.com\\\/avatar\\\/0e4dfd4d05c06a03fffaffeb36fb181415ba11b91a6b566fa2e8ada75927db32?s=96&r=g\",\"caption\":\"Giacomo Fabbrocino\"},\"description\":\"Montatore cinematografico, autore di documentari sull'arte e di video d'artista, Giacomo \u00e8 responsabile della didattica e della comunicazione web della Scuola di Cinema, Fotografia e Televisione Pigrecoemme di Napoli.\",\"sameAs\":[\"http:\\\/\\\/www.pigrecoemme.com\\\/\",\"https:\\\/\\\/www.facebook.com\\\/giacomo.fabbrocino\"],\"url\":\"https:\\\/\\\/www.pigrecoemme.com\\\/blog\\\/author\\\/giacomo-fabbrocino\\\/\"}]}<\/script>\n<!-- \/ Yoast SEO plugin. -->","yoast_head_json":{"title":"Vinicio Marchioni nel nuovo film di Sandro Dionisio coprodotto da Pigrecoemme","robots":{"index":"index","follow":"follow","max-snippet":"max-snippet:-1","max-image-preview":"max-image-preview:large","max-video-preview":"max-video-preview:-1"},"canonical":"https:\/\/www.pigrecoemme.com\/blog\/vinicio-marchioni-nel-nuovo-film-di-sandro-dionisio-coprodotto-da-pigrecoemme\/","og_locale":"it_IT","og_type":"article","og_title":"Vinicio Marchioni nel nuovo film di Sandro Dionisio coprodotto da Pigrecoemme","og_description":"Un consiglio a Dio di Sandro Dionisio \u00e8 un&#8217;altra coproduzione Pigrecoemme che sta per vedere la luce. Diretto da Sandro Dionisio (La volpe a tre zampe), questo originale esperimento di &#8220;cinema crossover&#8221; (secondo la definizione proprio di Dionisio) vede nel &hellip; Continue reading &rarr;","og_url":"https:\/\/www.pigrecoemme.com\/blog\/vinicio-marchioni-nel-nuovo-film-di-sandro-dionisio-coprodotto-da-pigrecoemme\/","og_site_name":"Scuola di Cinema Pigrecoemme - Blog","article_publisher":"https:\/\/www.facebook.com\/pigrecoemme","article_author":"https:\/\/www.facebook.com\/giacomo.fabbrocino","article_published_time":"2012-06-06T14:35:01+00:00","article_modified_time":"2012-06-16T18:44:59+00:00","og_image":[{"url":"http:\/\/www.pigrecoemme.com\/blog\/wp-content\/uploads\/2012\/06\/vinicio-marchioni-214x300.jpg","type":"","width":"","height":""}],"author":"Giacomo Fabbrocino","twitter_card":"summary_large_image","twitter_creator":"@Pigrecoemme","twitter_site":"@Pigrecoemme","twitter_misc":{"Scritto da":"Giacomo Fabbrocino","Tempo di lettura stimato":"2 minuti"},"schema":{"@context":"https:\/\/schema.org","@graph":[{"@type":["Article","BlogPosting"],"@id":"https:\/\/www.pigrecoemme.com\/blog\/vinicio-marchioni-nel-nuovo-film-di-sandro-dionisio-coprodotto-da-pigrecoemme\/#article","isPartOf":{"@id":"https:\/\/www.pigrecoemme.com\/blog\/vinicio-marchioni-nel-nuovo-film-di-sandro-dionisio-coprodotto-da-pigrecoemme\/"},"author":{"name":"Giacomo Fabbrocino","@id":"https:\/\/www.pigrecoemme.com\/blog\/#\/schema\/person\/57fa822c3d209d3a2612fd0411ae63f4"},"headline":"Vinicio Marchioni nel nuovo film di Sandro Dionisio coprodotto da Pigrecoemme","datePublished":"2012-06-06T14:35:01+00:00","dateModified":"2012-06-16T18:44:59+00:00","mainEntityOfPage":{"@id":"https:\/\/www.pigrecoemme.com\/blog\/vinicio-marchioni-nel-nuovo-film-di-sandro-dionisio-coprodotto-da-pigrecoemme\/"},"wordCount":375,"commentCount":0,"publisher":{"@id":"https:\/\/www.pigrecoemme.com\/blog\/#organization"},"image":{"@id":"https:\/\/www.pigrecoemme.com\/blog\/vinicio-marchioni-nel-nuovo-film-di-sandro-dionisio-coprodotto-da-pigrecoemme\/#primaryimage"},"thumbnailUrl":"http:\/\/www.pigrecoemme.com\/blog\/wp-content\/uploads\/2012\/06\/vinicio-marchioni-214x300.jpg","keywords":["davide morganti","Giacomo Fabbrocino","Sandro Dionisio","un consiglio a Dio","vinicio marchioni"],"articleSection":["Generale","Produzioni"],"inLanguage":"it-IT","potentialAction":[{"@type":"CommentAction","name":"Comment","target":["https:\/\/www.pigrecoemme.com\/blog\/vinicio-marchioni-nel-nuovo-film-di-sandro-dionisio-coprodotto-da-pigrecoemme\/#respond"]}]},{"@type":"WebPage","@id":"https:\/\/www.pigrecoemme.com\/blog\/vinicio-marchioni-nel-nuovo-film-di-sandro-dionisio-coprodotto-da-pigrecoemme\/","url":"https:\/\/www.pigrecoemme.com\/blog\/vinicio-marchioni-nel-nuovo-film-di-sandro-dionisio-coprodotto-da-pigrecoemme\/","name":"Vinicio Marchioni nel nuovo film di Sandro Dionisio coprodotto da Pigrecoemme","isPartOf":{"@id":"https:\/\/www.pigrecoemme.com\/blog\/#website"},"primaryImageOfPage":{"@id":"https:\/\/www.pigrecoemme.com\/blog\/vinicio-marchioni-nel-nuovo-film-di-sandro-dionisio-coprodotto-da-pigrecoemme\/#primaryimage"},"image":{"@id":"https:\/\/www.pigrecoemme.com\/blog\/vinicio-marchioni-nel-nuovo-film-di-sandro-dionisio-coprodotto-da-pigrecoemme\/#primaryimage"},"thumbnailUrl":"http:\/\/www.pigrecoemme.com\/blog\/wp-content\/uploads\/2012\/06\/vinicio-marchioni-214x300.jpg","datePublished":"2012-06-06T14:35:01+00:00","dateModified":"2012-06-16T18:44:59+00:00","breadcrumb":{"@id":"https:\/\/www.pigrecoemme.com\/blog\/vinicio-marchioni-nel-nuovo-film-di-sandro-dionisio-coprodotto-da-pigrecoemme\/#breadcrumb"},"inLanguage":"it-IT","potentialAction":[{"@type":"ReadAction","target":["https:\/\/www.pigrecoemme.com\/blog\/vinicio-marchioni-nel-nuovo-film-di-sandro-dionisio-coprodotto-da-pigrecoemme\/"]}]},{"@type":"ImageObject","inLanguage":"it-IT","@id":"https:\/\/www.pigrecoemme.com\/blog\/vinicio-marchioni-nel-nuovo-film-di-sandro-dionisio-coprodotto-da-pigrecoemme\/#primaryimage","url":"http:\/\/www.pigrecoemme.com\/blog\/wp-content\/uploads\/2012\/06\/vinicio-marchioni-214x300.jpg","contentUrl":"http:\/\/www.pigrecoemme.com\/blog\/wp-content\/uploads\/2012\/06\/vinicio-marchioni-214x300.jpg"},{"@type":"BreadcrumbList","@id":"https:\/\/www.pigrecoemme.com\/blog\/vinicio-marchioni-nel-nuovo-film-di-sandro-dionisio-coprodotto-da-pigrecoemme\/#breadcrumb","itemListElement":[{"@type":"ListItem","position":1,"name":"Home","item":"https:\/\/www.pigrecoemme.com\/blog\/"},{"@type":"ListItem","position":2,"name":"Vinicio Marchioni nel nuovo film di Sandro Dionisio coprodotto da Pigrecoemme"}]},{"@type":"WebSite","@id":"https:\/\/www.pigrecoemme.com\/blog\/#website","url":"https:\/\/www.pigrecoemme.com\/blog\/","name":"Scuola di Cinema Pigrecoemme - Blog","description":"Siamo la prima Scuola di Cinema e Fotografia di Napoli","publisher":{"@id":"https:\/\/www.pigrecoemme.com\/blog\/#organization"},"potentialAction":[{"@type":"SearchAction","target":{"@type":"EntryPoint","urlTemplate":"https:\/\/www.pigrecoemme.com\/blog\/?s={search_term_string}"},"query-input":{"@type":"PropertyValueSpecification","valueRequired":true,"valueName":"search_term_string"}}],"inLanguage":"it-IT"},{"@type":"Organization","@id":"https:\/\/www.pigrecoemme.com\/blog\/#organization","name":"Scuola di cinema e fotografia Pigrecoemme","url":"https:\/\/www.pigrecoemme.com\/blog\/","logo":{"@type":"ImageObject","inLanguage":"it-IT","@id":"https:\/\/www.pigrecoemme.com\/blog\/#\/schema\/logo\/image\/","url":"https:\/\/i0.wp.com\/www.pigrecoemme.com\/blog\/wp-content\/uploads\/2018\/06\/logo-pigrecoemme-2018.png?fit=500%2C500&ssl=1","contentUrl":"https:\/\/i0.wp.com\/www.pigrecoemme.com\/blog\/wp-content\/uploads\/2018\/06\/logo-pigrecoemme-2018.png?fit=500%2C500&ssl=1","width":500,"height":500,"caption":"Scuola di cinema e fotografia Pigrecoemme"},"image":{"@id":"https:\/\/www.pigrecoemme.com\/blog\/#\/schema\/logo\/image\/"},"sameAs":["https:\/\/www.facebook.com\/pigrecoemme","https:\/\/x.com\/Pigrecoemme","https:\/\/www.instagram.com\/pigrecoemme\/","https:\/\/www.linkedin.com\/company\/pigrecoemme\/","https:\/\/www.youtube.com\/pigrecoemme"]},{"@type":"Person","@id":"https:\/\/www.pigrecoemme.com\/blog\/#\/schema\/person\/57fa822c3d209d3a2612fd0411ae63f4","name":"Giacomo Fabbrocino","image":{"@type":"ImageObject","inLanguage":"it-IT","@id":"https:\/\/secure.gravatar.com\/avatar\/0e4dfd4d05c06a03fffaffeb36fb181415ba11b91a6b566fa2e8ada75927db32?s=96&r=g","url":"https:\/\/secure.gravatar.com\/avatar\/0e4dfd4d05c06a03fffaffeb36fb181415ba11b91a6b566fa2e8ada75927db32?s=96&r=g","contentUrl":"https:\/\/secure.gravatar.com\/avatar\/0e4dfd4d05c06a03fffaffeb36fb181415ba11b91a6b566fa2e8ada75927db32?s=96&r=g","caption":"Giacomo Fabbrocino"},"description":"Montatore cinematografico, autore di documentari sull'arte e di video d'artista, Giacomo \u00e8 responsabile della didattica e della comunicazione web della Scuola di Cinema, Fotografia e Televisione Pigrecoemme di Napoli.","sameAs":["http:\/\/www.pigrecoemme.com\/","https:\/\/www.facebook.com\/giacomo.fabbrocino"],"url":"https:\/\/www.pigrecoemme.com\/blog\/author\/giacomo-fabbrocino\/"}]}},"jetpack_sharing_enabled":true,"jetpack_likes_enabled":true,"jetpack-related-posts":[{"id":649,"url":"https:\/\/www.pigrecoemme.com\/blog\/il-manifesto-di-un-consiglio-a-dio\/","url_meta":{"origin":511,"position":0},"title":"Il manifesto di Un Consiglio a Dio","author":"Corrado Morra","date":"10 Maggio 2013","format":false,"excerpt":"E' prossima l'uscita in sala di Un Consiglio a Dio, il nuovo film di Sandro Dionisio, coprodotto da Pigrecoemme e distribuito dalla gloriosa e rinata Pablo di Gianluca Arcopinto. Il montaggio \u00e8 del nostro docente Giacomo Fabbrocino. Intanto, ecco il manifesto. Che ve ne pare? Un consiglio a Dio Regia:\u2026","rel":"","context":"In &quot;Produzioni&quot;","block_context":{"text":"Produzioni","link":"https:\/\/www.pigrecoemme.com\/blog\/produzioni\/"},"img":{"alt_text":"Un Consiglio a Dio","src":"https:\/\/i0.wp.com\/www.pigrecoemme.com\/blog\/wp-content\/uploads\/2013\/05\/cad_a-210x300.jpg?resize=350%2C200","width":350,"height":200},"classes":[]},{"id":664,"url":"https:\/\/www.pigrecoemme.com\/blog\/un-consiglio-a-dio-al-cinema\/","url_meta":{"origin":511,"position":1},"title":"Un Consiglio a Dio al Cinema! (si parte dal nuovo Sacher di Roma e dal Filangieri di Napoli)","author":"Giacomo Fabbrocino","date":"27 Maggio 2013","format":false,"excerpt":"\u00a0 E' con grandissima soddisfazione che vi annunciamo che il nuovo film di Sandro Dionisio, Un Consiglio a Dio, prodotto dalla Axelotil di Ganluca Arcopinto, dalla, C.ET.R.A di Sandro Dionisio e dalla Pigrecoemme, inizia il suo percorso distributivo nelle sale italiane. Il 29 maggio al Nuovo Sacher di Roma Montato\u2026","rel":"","context":"In &quot;Eventi&quot;","block_context":{"text":"Eventi","link":"https:\/\/www.pigrecoemme.com\/blog\/eventi\/"},"img":{"alt_text":"Il manifesto","src":"https:\/\/i0.wp.com\/www.pigrecoemme.com\/blog\/wp-content\/uploads\/2013\/05\/cad_a-210x300.jpg?resize=350%2C200","width":350,"height":200},"classes":[]},{"id":512,"url":"https:\/\/www.pigrecoemme.com\/blog\/il-nuovo-film-di-dionisio-coprodotto-da-pigrecoemme-in-corcorso-al-festival-del-cinema-di-pesaro\/","url_meta":{"origin":511,"position":2},"title":"Il nuovo film di Dionisio, coprodotto da Pigrecoemme, in corcorso al Festival del cinema di Pesaro","author":"Corrado Morra","date":"16 Giugno 2012","format":false,"excerpt":"Un consiglio a Dio, il nuovo film di Sandro Dionisio, coprodotto da Pigrecoemme e montato da Giacomo Fabbrocino, nostro docente di montaggio, \u00e8 in concorso alla 48a Mostra Internazionale del Nuovo Cinema di Pesaro, che si terr\u00e0 dal 25 giugno al 2 luglio 2012. L'organizzazione dell'evento, uno dei pi\u00f9 prestigiosi\u2026","rel":"","context":"In &quot;Generale&quot;","block_context":{"text":"Generale","link":"https:\/\/www.pigrecoemme.com\/blog\/generale\/"},"img":{"alt_text":"","src":"https:\/\/i0.wp.com\/www.pigrecoemme.com\/blog\/wp-content\/uploads\/2012\/06\/manifesto-pesaro-225x300.jpg?resize=350%2C200","width":350,"height":200},"classes":[]},{"id":526,"url":"https:\/\/www.pigrecoemme.com\/blog\/come-e-andato-un-consiglio-a-dio-a-pesaro-bene-ora-ci-si-rivede-a-roma\/","url_meta":{"origin":511,"position":3},"title":"Come \u00e8 andato &#8220;Un consiglio a Dio&#8221; a Pesaro? Bene! Ora ci si rivede a Roma!","author":"Giacomo Fabbrocino","date":"4 Luglio 2012","format":false,"excerpt":"Beh, Un Consiglio a Dio non ha vinto (la vittoria \u00e8 andata a\u00a0Djeca, che tra l'altro aveva gi\u00e0 ottenuto il premio speciale della giuria nella sezione \"Un Certain Regard\" a Cannes 2012), ma \u00e8 piaciuto molto. Lo si \u00e8 percepito durante e dopo la proiezione che ha stimolato, sia in\u2026","rel":"","context":"In &quot;Eventi&quot;","block_context":{"text":"Eventi","link":"https:\/\/www.pigrecoemme.com\/blog\/eventi\/"},"img":{"alt_text":"Il protagonista di \"Un Consiglio a Dio\" Vinicio Marchioni, il direttore del festival del cinema di Pesaro Giovanni Spagnoletti, il regista Sandro Dionisio e il produttore Gianluca Arcopinto parlano del film dopo la proiezione","src":"https:\/\/i0.wp.com\/www.pigrecoemme.com\/blog\/wp-content\/uploads\/2012\/07\/18_marchioni_-_spagnoletti_-_dionisio_-_arcopinto_-_pesaro_film_fest_2012_-_ph_chiara_schiaratura-300x205.jpg?resize=350%2C200","width":350,"height":200},"classes":[]},{"id":400,"url":"https:\/\/www.pigrecoemme.com\/blog\/ai-nastri-di-partenza-parte-la-stagione-20112012-di-pigrecoemme\/","url_meta":{"origin":511,"position":4},"title":"Ai nastri di partenza la stagione 2011\/2012 di Pigrecoemme","author":"Rosario Gallone","date":"19 Settembre 2011","format":false,"excerpt":"Quante soddisfazioni nell'annata appena trascorsa di Pigrecoemme. Corsi frequentatissimi da allievi di Napoli e Campania, ma anche dalla Sardegna, dalla Toscana, dalla Puglia. Un corto finale del corso Master,Satanism For Dummies che, in quanto pilota di web serie, \u00e8 stato selezionato al concorso per numeri zero della seconda edizione dell'\u2026","rel":"","context":"In &quot;Generale&quot;","block_context":{"text":"Generale","link":"https:\/\/www.pigrecoemme.com\/blog\/generale\/"},"img":{"alt_text":"Cast e Crew di Satanism For Dummies, lavoro finale degli allievi del Master 2010\/2011","src":"https:\/\/i0.wp.com\/www.pigrecoemme.com\/blog\/wp-content\/uploads\/2011\/09\/satanism-for-dummies-300x200.jpg?resize=350%2C200","width":350,"height":200},"classes":[]},{"id":670,"url":"https:\/\/www.pigrecoemme.com\/blog\/un-consiglio-a-dio-ottiene-ottime-recensioni-e-rimane-nelle-sale\/","url_meta":{"origin":511,"position":5},"title":"UN CONSIGLIO A DIO ottiene ottime recensioni e rimane nelle sale","author":"Giacomo Fabbrocino","date":"2 Giugno 2013","format":false,"excerpt":"Montato dal nostro docente e fondatore Giacomo Fabbrocino, \"Un Consiglio a Dio\", nuovo film di Sandro Dionisio prodotto dalla Axelotil di Ganluca Arcopinto, dalla, C.ET.R.A di Sandro Dionisio e dalla Pigrecoemme, ha ottenuto ottime critiche sulla stampa nazionale (vedi immagini allegate) e sul web (leggi su Indie Eye) e continua\u2026","rel":"","context":"In &quot;Eventi&quot;","block_context":{"text":"Eventi","link":"https:\/\/www.pigrecoemme.com\/blog\/eventi\/"},"img":{"alt_text":"","src":"https:\/\/i0.wp.com\/www.pigrecoemme.com\/blog\/wp-content\/uploads\/2013\/06\/unita.jpg?resize=350%2C200","width":350,"height":200},"classes":[]}],"jetpack_featured_media_url":"","_links":{"self":[{"href":"https:\/\/www.pigrecoemme.com\/blog\/wp-json\/wp\/v2\/posts\/511","targetHints":{"allow":["GET"]}}],"collection":[{"href":"https:\/\/www.pigrecoemme.com\/blog\/wp-json\/wp\/v2\/posts"}],"about":[{"href":"https:\/\/www.pigrecoemme.com\/blog\/wp-json\/wp\/v2\/types\/post"}],"author":[{"embeddable":true,"href":"https:\/\/www.pigrecoemme.com\/blog\/wp-json\/wp\/v2\/users\/1"}],"replies":[{"embeddable":true,"href":"https:\/\/www.pigrecoemme.com\/blog\/wp-json\/wp\/v2\/comments?post=511"}],"version-history":[{"count":0,"href":"https:\/\/www.pigrecoemme.com\/blog\/wp-json\/wp\/v2\/posts\/511\/revisions"}],"wp:attachment":[{"href":"https:\/\/www.pigrecoemme.com\/blog\/wp-json\/wp\/v2\/media?parent=511"}],"wp:term":[{"taxonomy":"category","embeddable":true,"href":"https:\/\/www.pigrecoemme.com\/blog\/wp-json\/wp\/v2\/categories?post=511"},{"taxonomy":"post_tag","embeddable":true,"href":"https:\/\/www.pigrecoemme.com\/blog\/wp-json\/wp\/v2\/tags?post=511"}],"curies":[{"name":"wp","href":"https:\/\/api.w.org\/{rel}","templated":true}]}}