{"id":51,"date":"2008-05-19T13:03:36","date_gmt":"2008-05-19T11:03:36","guid":{"rendered":"http:\/\/www.pigrecoemme.com\/blog\/filmuto-al-napolifilmfestival\/"},"modified":"2008-05-19T13:07:00","modified_gmt":"2008-05-19T11:07:00","slug":"filmuto-al-napolifilmfestival","status":"publish","type":"post","link":"https:\/\/www.pigrecoemme.com\/blog\/filmuto-al-napolifilmfestival\/","title":{"rendered":"Filmuto al NapoliFilmFestival"},"content":{"rendered":"<p>Il cortometraggio &#8220;Filmuto&#8221;, realizzato dagli allievi del corso di regia condotto da <a href=\"http:\/\/www.pigrecoemme.com\/\">Pigrecoemme<\/a> presso la Mediateca Santa Sofia del Comune di Napoli, \u00e8 stato selezionato per il concorso <em>Schermo Napoli Corti 2008<\/em> del <a href=\"http:\/\/www.napolifilmfestival.it\/\">NapoliFilmFestival<\/a>. Interamente scritto e diretto dagli allievi del corso, tutti alla prima esperienza, &#8220;Filmuto&#8221; \u00e8 un piccolo ed originale esperimento sul linguaggio che si interroga sul labile confine tra l&#8217;ironia e l&#8217;amarezza implicita nei rapporti tra le persone e nei rapporti tra le cose e le parole.<br \/>\nLa proiezione dovrebbe avvenire domenica 8 e gioved\u00ec 12 giugno a Castel Sant&#8217;Elmo. <br \/>\n<object width=\"400\" height=\"333\"><param name=\"movie\" value=\"http:\/\/video.libero.it\/static\/swf\/eltvplayer.swf?id=dd5d44fe5d5936fde0830351ae5bba27.flv&#038;ap=0\" \/><\/object><br \/>\n<object width=\"400\" height=\"333\"><param name=\"movie\" value=\"http:\/\/video.libero.it\/static\/swf\/eltvplayer.swf?id=1c2bacad4af1a5372d91d3b6631144be.flv&#038;ap=0\" \/><\/object><\/p>\n","protected":false},"excerpt":{"rendered":"<p>Il cortometraggio &#8220;Filmuto&#8221;, realizzato dagli allievi del corso di regia condotto da Pigrecoemme presso la Mediateca Santa Sofia del Comune di Napoli, \u00e8 stato selezionato per il concorso Schermo Napoli Corti 2008 del NapoliFilmFestival.&hellip;<\/p>\n","protected":false},"author":1,"featured_media":0,"comment_status":"open","ping_status":"open","sticky":false,"template":"","format":"standard","meta":{"_jetpack_newsletter_access":"","_jetpack_dont_email_post_to_subs":false,"_jetpack_newsletter_tier_id":0,"_jetpack_memberships_contains_paywalled_content":false,"_jetpack_feature_clip_id":0,"_jetpack_memberships_contains_paid_content":false,"footnotes":"","jetpack_post_was_ever_published":false},"categories":[3],"tags":[42,130,156,155,154],"class_list":["post-51","post","type-post","status-publish","format-standard","hentry","category-scuola-di-cinema","tag-cortometraggi","tag-cortometraggio","tag-filmuto","tag-napoli-film-festival","tag-napolifilmfestival"],"yoast_head":"<!-- This site is optimized with the Yoast SEO plugin v28.3 - https:\/\/yoast.com\/product\/yoast-seo-wordpress\/ -->\n<title>Filmuto al NapoliFilmFestival<\/title>\n<meta name=\"robots\" content=\"index, follow, max-snippet:-1, max-image-preview:large, max-video-preview:-1\" \/>\n<link rel=\"canonical\" href=\"https:\/\/www.pigrecoemme.com\/blog\/filmuto-al-napolifilmfestival\/\" \/>\n<meta property=\"og:locale\" content=\"it_IT\" \/>\n<meta property=\"og:type\" content=\"article\" \/>\n<meta property=\"og:title\" content=\"Filmuto al NapoliFilmFestival\" \/>\n<meta property=\"og:description\" content=\"Il cortometraggio &#8220;Filmuto&#8221;, realizzato dagli allievi del corso di regia condotto da Pigrecoemme presso la Mediateca Santa Sofia del Comune di Napoli, \u00e8 stato selezionato per il concorso Schermo Napoli Corti 2008 del NapoliFilmFestival. Interamente scritto e diretto dagli allievi &hellip; Continue reading &rarr;\" \/>\n<meta property=\"og:url\" content=\"https:\/\/www.pigrecoemme.com\/blog\/filmuto-al-napolifilmfestival\/\" \/>\n<meta property=\"og:site_name\" content=\"Scuola di Cinema Pigrecoemme - Blog\" \/>\n<meta property=\"article:publisher\" content=\"https:\/\/www.facebook.com\/pigrecoemme\" \/>\n<meta property=\"article:author\" content=\"https:\/\/www.facebook.com\/giacomo.fabbrocino\" \/>\n<meta property=\"article:published_time\" content=\"2008-05-19T11:03:36+00:00\" \/>\n<meta property=\"article:modified_time\" content=\"2008-05-19T11:07:00+00:00\" \/>\n<meta property=\"og:image\" content=\"https:\/\/i0.wp.com\/www.pigrecoemme.com\/blog\/wp-content\/uploads\/2014\/11\/pigrecoemme-test1.jpg?fit=484%2C252&ssl=1\" \/>\n\t<meta property=\"og:image:width\" content=\"484\" \/>\n\t<meta property=\"og:image:height\" content=\"252\" \/>\n\t<meta property=\"og:image:type\" content=\"image\/jpeg\" \/>\n<meta name=\"author\" content=\"Giacomo Fabbrocino\" \/>\n<meta name=\"twitter:card\" content=\"summary_large_image\" \/>\n<meta name=\"twitter:creator\" content=\"@Pigrecoemme\" \/>\n<meta name=\"twitter:site\" content=\"@Pigrecoemme\" \/>\n<meta name=\"twitter:label1\" content=\"Scritto da\" \/>\n\t<meta name=\"twitter:data1\" content=\"Giacomo Fabbrocino\" \/>\n<script type=\"application\/ld+json\" class=\"yoast-schema-graph\">{\"@context\":\"https:\\\/\\\/schema.org\",\"@graph\":[{\"@type\":[\"Article\",\"BlogPosting\"],\"@id\":\"https:\\\/\\\/www.pigrecoemme.com\\\/blog\\\/filmuto-al-napolifilmfestival\\\/#article\",\"isPartOf\":{\"@id\":\"https:\\\/\\\/www.pigrecoemme.com\\\/blog\\\/filmuto-al-napolifilmfestival\\\/\"},\"author\":{\"name\":\"Giacomo Fabbrocino\",\"@id\":\"https:\\\/\\\/www.pigrecoemme.com\\\/blog\\\/#\\\/schema\\\/person\\\/57fa822c3d209d3a2612fd0411ae63f4\"},\"headline\":\"Filmuto al NapoliFilmFestival\",\"datePublished\":\"2008-05-19T11:03:36+00:00\",\"dateModified\":\"2008-05-19T11:07:00+00:00\",\"mainEntityOfPage\":{\"@id\":\"https:\\\/\\\/www.pigrecoemme.com\\\/blog\\\/filmuto-al-napolifilmfestival\\\/\"},\"wordCount\":94,\"commentCount\":6,\"publisher\":{\"@id\":\"https:\\\/\\\/www.pigrecoemme.com\\\/blog\\\/#organization\"},\"keywords\":[\"cortometraggi\",\"cortometraggio\",\"filmuto\",\"napoli film festival\",\"napolifilmfestival\"],\"articleSection\":[\"Scuola di cinema\"],\"inLanguage\":\"it-IT\",\"potentialAction\":[{\"@type\":\"CommentAction\",\"name\":\"Comment\",\"target\":[\"https:\\\/\\\/www.pigrecoemme.com\\\/blog\\\/filmuto-al-napolifilmfestival\\\/#respond\"]}]},{\"@type\":\"WebPage\",\"@id\":\"https:\\\/\\\/www.pigrecoemme.com\\\/blog\\\/filmuto-al-napolifilmfestival\\\/\",\"url\":\"https:\\\/\\\/www.pigrecoemme.com\\\/blog\\\/filmuto-al-napolifilmfestival\\\/\",\"name\":\"Filmuto al NapoliFilmFestival\",\"isPartOf\":{\"@id\":\"https:\\\/\\\/www.pigrecoemme.com\\\/blog\\\/#website\"},\"datePublished\":\"2008-05-19T11:03:36+00:00\",\"dateModified\":\"2008-05-19T11:07:00+00:00\",\"breadcrumb\":{\"@id\":\"https:\\\/\\\/www.pigrecoemme.com\\\/blog\\\/filmuto-al-napolifilmfestival\\\/#breadcrumb\"},\"inLanguage\":\"it-IT\",\"potentialAction\":[{\"@type\":\"ReadAction\",\"target\":[\"https:\\\/\\\/www.pigrecoemme.com\\\/blog\\\/filmuto-al-napolifilmfestival\\\/\"]}]},{\"@type\":\"BreadcrumbList\",\"@id\":\"https:\\\/\\\/www.pigrecoemme.com\\\/blog\\\/filmuto-al-napolifilmfestival\\\/#breadcrumb\",\"itemListElement\":[{\"@type\":\"ListItem\",\"position\":1,\"name\":\"Home\",\"item\":\"https:\\\/\\\/www.pigrecoemme.com\\\/blog\\\/\"},{\"@type\":\"ListItem\",\"position\":2,\"name\":\"Filmuto al NapoliFilmFestival\"}]},{\"@type\":\"WebSite\",\"@id\":\"https:\\\/\\\/www.pigrecoemme.com\\\/blog\\\/#website\",\"url\":\"https:\\\/\\\/www.pigrecoemme.com\\\/blog\\\/\",\"name\":\"Scuola di Cinema Pigrecoemme - Blog\",\"description\":\"Siamo la prima Scuola di Cinema e Fotografia di Napoli\",\"publisher\":{\"@id\":\"https:\\\/\\\/www.pigrecoemme.com\\\/blog\\\/#organization\"},\"potentialAction\":[{\"@type\":\"SearchAction\",\"target\":{\"@type\":\"EntryPoint\",\"urlTemplate\":\"https:\\\/\\\/www.pigrecoemme.com\\\/blog\\\/?s={search_term_string}\"},\"query-input\":{\"@type\":\"PropertyValueSpecification\",\"valueRequired\":true,\"valueName\":\"search_term_string\"}}],\"inLanguage\":\"it-IT\"},{\"@type\":\"Organization\",\"@id\":\"https:\\\/\\\/www.pigrecoemme.com\\\/blog\\\/#organization\",\"name\":\"Scuola di cinema e fotografia Pigrecoemme\",\"url\":\"https:\\\/\\\/www.pigrecoemme.com\\\/blog\\\/\",\"logo\":{\"@type\":\"ImageObject\",\"inLanguage\":\"it-IT\",\"@id\":\"https:\\\/\\\/www.pigrecoemme.com\\\/blog\\\/#\\\/schema\\\/logo\\\/image\\\/\",\"url\":\"https:\\\/\\\/i0.wp.com\\\/www.pigrecoemme.com\\\/blog\\\/wp-content\\\/uploads\\\/2018\\\/06\\\/logo-pigrecoemme-2018.png?fit=500%2C500&ssl=1\",\"contentUrl\":\"https:\\\/\\\/i0.wp.com\\\/www.pigrecoemme.com\\\/blog\\\/wp-content\\\/uploads\\\/2018\\\/06\\\/logo-pigrecoemme-2018.png?fit=500%2C500&ssl=1\",\"width\":500,\"height\":500,\"caption\":\"Scuola di cinema e fotografia Pigrecoemme\"},\"image\":{\"@id\":\"https:\\\/\\\/www.pigrecoemme.com\\\/blog\\\/#\\\/schema\\\/logo\\\/image\\\/\"},\"sameAs\":[\"https:\\\/\\\/www.facebook.com\\\/pigrecoemme\",\"https:\\\/\\\/x.com\\\/Pigrecoemme\",\"https:\\\/\\\/www.instagram.com\\\/pigrecoemme\\\/\",\"https:\\\/\\\/www.linkedin.com\\\/company\\\/pigrecoemme\\\/\",\"https:\\\/\\\/www.youtube.com\\\/pigrecoemme\"]},{\"@type\":\"Person\",\"@id\":\"https:\\\/\\\/www.pigrecoemme.com\\\/blog\\\/#\\\/schema\\\/person\\\/57fa822c3d209d3a2612fd0411ae63f4\",\"name\":\"Giacomo Fabbrocino\",\"image\":{\"@type\":\"ImageObject\",\"inLanguage\":\"it-IT\",\"@id\":\"https:\\\/\\\/secure.gravatar.com\\\/avatar\\\/0e4dfd4d05c06a03fffaffeb36fb181415ba11b91a6b566fa2e8ada75927db32?s=96&r=g\",\"url\":\"https:\\\/\\\/secure.gravatar.com\\\/avatar\\\/0e4dfd4d05c06a03fffaffeb36fb181415ba11b91a6b566fa2e8ada75927db32?s=96&r=g\",\"contentUrl\":\"https:\\\/\\\/secure.gravatar.com\\\/avatar\\\/0e4dfd4d05c06a03fffaffeb36fb181415ba11b91a6b566fa2e8ada75927db32?s=96&r=g\",\"caption\":\"Giacomo Fabbrocino\"},\"description\":\"Montatore cinematografico, autore di documentari sull'arte e di video d'artista, Giacomo \u00e8 responsabile della didattica e della comunicazione web della Scuola di Cinema, Fotografia e Televisione Pigrecoemme di Napoli.\",\"sameAs\":[\"http:\\\/\\\/www.pigrecoemme.com\\\/\",\"https:\\\/\\\/www.facebook.com\\\/giacomo.fabbrocino\"],\"url\":\"https:\\\/\\\/www.pigrecoemme.com\\\/blog\\\/author\\\/giacomo-fabbrocino\\\/\"}]}<\/script>\n<!-- \/ Yoast SEO plugin. -->","yoast_head_json":{"title":"Filmuto al NapoliFilmFestival","robots":{"index":"index","follow":"follow","max-snippet":"max-snippet:-1","max-image-preview":"max-image-preview:large","max-video-preview":"max-video-preview:-1"},"canonical":"https:\/\/www.pigrecoemme.com\/blog\/filmuto-al-napolifilmfestival\/","og_locale":"it_IT","og_type":"article","og_title":"Filmuto al NapoliFilmFestival","og_description":"Il cortometraggio &#8220;Filmuto&#8221;, realizzato dagli allievi del corso di regia condotto da Pigrecoemme presso la Mediateca Santa Sofia del Comune di Napoli, \u00e8 stato selezionato per il concorso Schermo Napoli Corti 2008 del NapoliFilmFestival. Interamente scritto e diretto dagli allievi &hellip; Continue reading &rarr;","og_url":"https:\/\/www.pigrecoemme.com\/blog\/filmuto-al-napolifilmfestival\/","og_site_name":"Scuola di Cinema Pigrecoemme - Blog","article_publisher":"https:\/\/www.facebook.com\/pigrecoemme","article_author":"https:\/\/www.facebook.com\/giacomo.fabbrocino","article_published_time":"2008-05-19T11:03:36+00:00","article_modified_time":"2008-05-19T11:07:00+00:00","og_image":[{"width":484,"height":252,"url":"https:\/\/i0.wp.com\/www.pigrecoemme.com\/blog\/wp-content\/uploads\/2014\/11\/pigrecoemme-test1.jpg?fit=484%2C252&ssl=1","type":"image\/jpeg"}],"author":"Giacomo Fabbrocino","twitter_card":"summary_large_image","twitter_creator":"@Pigrecoemme","twitter_site":"@Pigrecoemme","twitter_misc":{"Scritto da":"Giacomo Fabbrocino"},"schema":{"@context":"https:\/\/schema.org","@graph":[{"@type":["Article","BlogPosting"],"@id":"https:\/\/www.pigrecoemme.com\/blog\/filmuto-al-napolifilmfestival\/#article","isPartOf":{"@id":"https:\/\/www.pigrecoemme.com\/blog\/filmuto-al-napolifilmfestival\/"},"author":{"name":"Giacomo Fabbrocino","@id":"https:\/\/www.pigrecoemme.com\/blog\/#\/schema\/person\/57fa822c3d209d3a2612fd0411ae63f4"},"headline":"Filmuto al NapoliFilmFestival","datePublished":"2008-05-19T11:03:36+00:00","dateModified":"2008-05-19T11:07:00+00:00","mainEntityOfPage":{"@id":"https:\/\/www.pigrecoemme.com\/blog\/filmuto-al-napolifilmfestival\/"},"wordCount":94,"commentCount":6,"publisher":{"@id":"https:\/\/www.pigrecoemme.com\/blog\/#organization"},"keywords":["cortometraggi","cortometraggio","filmuto","napoli film festival","napolifilmfestival"],"articleSection":["Scuola di cinema"],"inLanguage":"it-IT","potentialAction":[{"@type":"CommentAction","name":"Comment","target":["https:\/\/www.pigrecoemme.com\/blog\/filmuto-al-napolifilmfestival\/#respond"]}]},{"@type":"WebPage","@id":"https:\/\/www.pigrecoemme.com\/blog\/filmuto-al-napolifilmfestival\/","url":"https:\/\/www.pigrecoemme.com\/blog\/filmuto-al-napolifilmfestival\/","name":"Filmuto al NapoliFilmFestival","isPartOf":{"@id":"https:\/\/www.pigrecoemme.com\/blog\/#website"},"datePublished":"2008-05-19T11:03:36+00:00","dateModified":"2008-05-19T11:07:00+00:00","breadcrumb":{"@id":"https:\/\/www.pigrecoemme.com\/blog\/filmuto-al-napolifilmfestival\/#breadcrumb"},"inLanguage":"it-IT","potentialAction":[{"@type":"ReadAction","target":["https:\/\/www.pigrecoemme.com\/blog\/filmuto-al-napolifilmfestival\/"]}]},{"@type":"BreadcrumbList","@id":"https:\/\/www.pigrecoemme.com\/blog\/filmuto-al-napolifilmfestival\/#breadcrumb","itemListElement":[{"@type":"ListItem","position":1,"name":"Home","item":"https:\/\/www.pigrecoemme.com\/blog\/"},{"@type":"ListItem","position":2,"name":"Filmuto al NapoliFilmFestival"}]},{"@type":"WebSite","@id":"https:\/\/www.pigrecoemme.com\/blog\/#website","url":"https:\/\/www.pigrecoemme.com\/blog\/","name":"Scuola di Cinema Pigrecoemme - Blog","description":"Siamo la prima Scuola di Cinema e Fotografia di Napoli","publisher":{"@id":"https:\/\/www.pigrecoemme.com\/blog\/#organization"},"potentialAction":[{"@type":"SearchAction","target":{"@type":"EntryPoint","urlTemplate":"https:\/\/www.pigrecoemme.com\/blog\/?s={search_term_string}"},"query-input":{"@type":"PropertyValueSpecification","valueRequired":true,"valueName":"search_term_string"}}],"inLanguage":"it-IT"},{"@type":"Organization","@id":"https:\/\/www.pigrecoemme.com\/blog\/#organization","name":"Scuola di cinema e fotografia Pigrecoemme","url":"https:\/\/www.pigrecoemme.com\/blog\/","logo":{"@type":"ImageObject","inLanguage":"it-IT","@id":"https:\/\/www.pigrecoemme.com\/blog\/#\/schema\/logo\/image\/","url":"https:\/\/i0.wp.com\/www.pigrecoemme.com\/blog\/wp-content\/uploads\/2018\/06\/logo-pigrecoemme-2018.png?fit=500%2C500&ssl=1","contentUrl":"https:\/\/i0.wp.com\/www.pigrecoemme.com\/blog\/wp-content\/uploads\/2018\/06\/logo-pigrecoemme-2018.png?fit=500%2C500&ssl=1","width":500,"height":500,"caption":"Scuola di cinema e fotografia Pigrecoemme"},"image":{"@id":"https:\/\/www.pigrecoemme.com\/blog\/#\/schema\/logo\/image\/"},"sameAs":["https:\/\/www.facebook.com\/pigrecoemme","https:\/\/x.com\/Pigrecoemme","https:\/\/www.instagram.com\/pigrecoemme\/","https:\/\/www.linkedin.com\/company\/pigrecoemme\/","https:\/\/www.youtube.com\/pigrecoemme"]},{"@type":"Person","@id":"https:\/\/www.pigrecoemme.com\/blog\/#\/schema\/person\/57fa822c3d209d3a2612fd0411ae63f4","name":"Giacomo Fabbrocino","image":{"@type":"ImageObject","inLanguage":"it-IT","@id":"https:\/\/secure.gravatar.com\/avatar\/0e4dfd4d05c06a03fffaffeb36fb181415ba11b91a6b566fa2e8ada75927db32?s=96&r=g","url":"https:\/\/secure.gravatar.com\/avatar\/0e4dfd4d05c06a03fffaffeb36fb181415ba11b91a6b566fa2e8ada75927db32?s=96&r=g","contentUrl":"https:\/\/secure.gravatar.com\/avatar\/0e4dfd4d05c06a03fffaffeb36fb181415ba11b91a6b566fa2e8ada75927db32?s=96&r=g","caption":"Giacomo Fabbrocino"},"description":"Montatore cinematografico, autore di documentari sull'arte e di video d'artista, Giacomo \u00e8 responsabile della didattica e della comunicazione web della Scuola di Cinema, Fotografia e Televisione Pigrecoemme di Napoli.","sameAs":["http:\/\/www.pigrecoemme.com\/","https:\/\/www.facebook.com\/giacomo.fabbrocino"],"url":"https:\/\/www.pigrecoemme.com\/blog\/author\/giacomo-fabbrocino\/"}]}},"jetpack_sharing_enabled":true,"jetpack_likes_enabled":true,"jetpack-related-posts":[{"id":242,"url":"https:\/\/www.pigrecoemme.com\/blog\/la-fine-al-napoli-film-festival\/","url_meta":{"origin":51,"position":0},"title":"La Fine al Napoli Film Festival","author":"Giacomo Fabbrocino","date":"24 Maggio 2010","format":false,"excerpt":"Il cortometraggio \"La Fine\", realizzato come esercitazione finale dagli allievi del corso annuale 2008\/2009 della Scuola di Cinema Pigrecoemme, \u00a0\u00e8 stato ammesso di diritto al concorso SchermoNapoli 2010 del Napoli Film Festival. La proiezione \u00e8 prevista per luned\u00ec 7 giugno alle ore 16.00 a Castel Sant'Elmo.","rel":"","context":"In &quot;Produzioni&quot;","block_context":{"text":"Produzioni","link":"https:\/\/www.pigrecoemme.com\/blog\/produzioni\/"},"img":{"alt_text":"","src":"","width":0,"height":0},"classes":[]},{"id":105,"url":"https:\/\/www.pigrecoemme.com\/blog\/venti-figuranti-cercasi-per-cortometraggio-a-napoli\/","url_meta":{"origin":51,"position":1},"title":"Venti figuranti cercasi per cortometraggio a Napoli","author":"Giacomo Fabbrocino","date":"25 Novembre 2008","format":false,"excerpt":"La nostra ex allieva ed\u00a0 Ilaria De Martinis lavora, come aiuto regista, ad un cortometraggio che si girer\u00e0 qui a Napoli nella settimana tra il 1 ed il 6 dicembre. Il corto sar\u00e0 diretto da Francesco Prisco (autore di Fuori Uso,\u00a0 vincitore del NapoliFilmFestival 2008 - Link) e verr\u00e0 trasmesso,\u2026","rel":"","context":"In &quot;Generale&quot;","block_context":{"text":"Generale","link":"https:\/\/www.pigrecoemme.com\/blog\/generale\/"},"img":{"alt_text":"","src":"","width":0,"height":0},"classes":[]},{"id":249,"url":"https:\/\/www.pigrecoemme.com\/blog\/a-castel-sant%e2%80%99elmo-torna-il-napolifilmfestival-5-11-giugno-2010\/","url_meta":{"origin":51,"position":2},"title":"A Castel Sant\u2019Elmo torna il NapoliFilmFestival (5-11 giugno 2010)","author":"Giacomo Fabbrocino","date":"5 Giugno 2010","format":false,"excerpt":"Si terr\u00e0 dal 5 all\u201911 giugno, nella prestigiosa sede di Castel Sant\u2019Elmo la XII edizione del NapoliFilmFestival. Numerosi gli ospiti, il primo dei quali sar\u00e0 Riccardo Scamarcio che domenica 6 giugno ripercorrer\u00e0 la sua carriera di attore. Al termine dell\u2019incontro sar\u00e0 proiettato il lodato Texas di Fausto Paravidino, interpretato nel\u2026","rel":"","context":"In &quot;Eventi&quot;","block_context":{"text":"Eventi","link":"https:\/\/www.pigrecoemme.com\/blog\/eventi\/"},"img":{"alt_text":"","src":"https:\/\/i0.wp.com\/www.napolifilmfestival.com\/admin\/upload\/logo_evento_22.jpg?resize=350%2C200","width":350,"height":200},"classes":[]},{"id":63,"url":"https:\/\/www.pigrecoemme.com\/blog\/piccole-soddisfazioni-festivaliere\/","url_meta":{"origin":51,"position":3},"title":"Piccole soddisfazioni festivaliere","author":"Giacomo Fabbrocino","date":"16 Giugno 2008","format":false,"excerpt":"Ecco cosa scrive Domenico Spena di Campaniasuweb.it a proposito di Filmuto Quest\u2019anno anche la categoria dedicata ai cortometraggi di Schermo Napoli, organizzata nell\u2019ambito del NapoliFilmFestival, ha messo in mostra lavori dal livello davvero buono. Fra i soggetti presentati ce n\u2019\u00e8 per tutti i gusti: drammi, commedie, horror, gangster movie, denuncia\u2026","rel":"","context":"In &quot;Produzioni&quot;","block_context":{"text":"Produzioni","link":"https:\/\/www.pigrecoemme.com\/blog\/produzioni\/"},"img":{"alt_text":"","src":"","width":0,"height":0},"classes":[]},{"id":419,"url":"https:\/\/www.pigrecoemme.com\/blog\/midnight-bingo-e-il-miglior-documentario-autoprodotto-al-napolifilmfestival-2011\/","url_meta":{"origin":51,"position":4},"title":"Midnight Bingo \u00e8 il Miglior Documentario autoprodotto al NapoliFilmFestival 2011","author":"Giacomo Fabbrocino","date":"19 Ottobre 2011","format":false,"excerpt":"\"Midnight Bingo\", diretto dal nostro ex allievo Antonio Longo, coprodotto da lui e dalla Scuola di cinema Pigrecoemme,\u00a0montato da\u00a0Rosario Gallone con\u00a0Giacomo Fabbrocino, ha vinto il Premio \"Miglior Documentario autoprodotto\" al NapoliFilmFestival. https:\/\/www.youtube.com\/watch?v=9axufP4D9sc Questa la motivazione della giuria: \"Con ironia e leggerezza il film racconta un microcosmo napoletano fatto di tombola\u2026","rel":"","context":"In &quot;Eventi&quot;","block_context":{"text":"Eventi","link":"https:\/\/www.pigrecoemme.com\/blog\/eventi\/"},"img":{"alt_text":"Giacomo Fabbrocino a sinistra e Antonio Longo a destra","src":"https:\/\/i0.wp.com\/www.pigrecoemme.com\/blog\/wp-content\/uploads\/2011\/10\/napoli-film-festival-premiazione-3.jpg?fit=800%2C529&ssl=1&resize=350%2C200","width":350,"height":200,"srcset":"https:\/\/i0.wp.com\/www.pigrecoemme.com\/blog\/wp-content\/uploads\/2011\/10\/napoli-film-festival-premiazione-3.jpg?fit=800%2C529&ssl=1&resize=350%2C200 1x, https:\/\/i0.wp.com\/www.pigrecoemme.com\/blog\/wp-content\/uploads\/2011\/10\/napoli-film-festival-premiazione-3.jpg?fit=800%2C529&ssl=1&resize=525%2C300 1.5x, https:\/\/i0.wp.com\/www.pigrecoemme.com\/blog\/wp-content\/uploads\/2011\/10\/napoli-film-festival-premiazione-3.jpg?fit=800%2C529&ssl=1&resize=700%2C400 2x"},"classes":[]},{"id":414,"url":"https:\/\/www.pigrecoemme.com\/blog\/una-storia-invisibile-al-napolifilmfestival\/","url_meta":{"origin":51,"position":5},"title":"Una storia invisibile affronta il problema dell&#8217;inquinamento elettromagnetico al NapoliFilmFestival","author":"Giacomo Fabbrocino","date":"12 Ottobre 2011","format":false,"excerpt":"Il dramma dell\u2019elettrosmog si espande al NapoliFilmFestival. Gioved\u00ec 13 ottobre, alle ore 18,10, nella sezione Concorso SchermoNapoli Documentari, ci sar\u00e0 la proiezione, in prima cittadina, di \"Una storia invisibile\", videoinchiesta di Antonio Longo, coprodotta dalla Scuola di cinema Pigrecoemme di Napoli, sul problema dell\u2019inquinamento elettromagnetico nell\u2019area collinare dei Camaldoli. Il\u2026","rel":"","context":"In &quot;Eventi&quot;","block_context":{"text":"Eventi","link":"https:\/\/www.pigrecoemme.com\/blog\/eventi\/"},"img":{"alt_text":"napolifilmfestival 2011","src":"https:\/\/i0.wp.com\/www.pigrecoemme.com\/blog\/wp-content\/uploads\/2011\/09\/napolifilmfestival-150x150.jpg?resize=350%2C200","width":350,"height":200},"classes":[]}],"jetpack_featured_media_url":"","_links":{"self":[{"href":"https:\/\/www.pigrecoemme.com\/blog\/wp-json\/wp\/v2\/posts\/51","targetHints":{"allow":["GET"]}}],"collection":[{"href":"https:\/\/www.pigrecoemme.com\/blog\/wp-json\/wp\/v2\/posts"}],"about":[{"href":"https:\/\/www.pigrecoemme.com\/blog\/wp-json\/wp\/v2\/types\/post"}],"author":[{"embeddable":true,"href":"https:\/\/www.pigrecoemme.com\/blog\/wp-json\/wp\/v2\/users\/1"}],"replies":[{"embeddable":true,"href":"https:\/\/www.pigrecoemme.com\/blog\/wp-json\/wp\/v2\/comments?post=51"}],"version-history":[{"count":0,"href":"https:\/\/www.pigrecoemme.com\/blog\/wp-json\/wp\/v2\/posts\/51\/revisions"}],"wp:attachment":[{"href":"https:\/\/www.pigrecoemme.com\/blog\/wp-json\/wp\/v2\/media?parent=51"}],"wp:term":[{"taxonomy":"category","embeddable":true,"href":"https:\/\/www.pigrecoemme.com\/blog\/wp-json\/wp\/v2\/categories?post=51"},{"taxonomy":"post_tag","embeddable":true,"href":"https:\/\/www.pigrecoemme.com\/blog\/wp-json\/wp\/v2\/tags?post=51"}],"curies":[{"name":"wp","href":"https:\/\/api.w.org\/{rel}","templated":true}]}}