{"id":507,"date":"2012-06-01T15:28:32","date_gmt":"2012-06-01T13:28:32","guid":{"rendered":"http:\/\/www.pigrecoemme.com\/blog\/?p=507"},"modified":"2012-06-28T12:51:17","modified_gmt":"2012-06-28T10:51:17","slug":"il-cinema-secondo-springsteen-ecco-il-libro","status":"publish","type":"post","link":"https:\/\/www.pigrecoemme.com\/blog\/il-cinema-secondo-springsteen-ecco-il-libro\/","title":{"rendered":"Il cinema secondo Springsteen. Ecco il libro"},"content":{"rendered":"<p><a href=\"https:\/\/i0.wp.com\/www.pigrecoemme.com\/blog\/wp-content\/uploads\/2012\/06\/il-cinema-secondo-springsteen.jpg?ssl=1\"><img data-recalc-dims=\"1\" loading=\"lazy\" decoding=\"async\" class=\"alignleft size-medium wp-image-508\" title=\"il-cinema-secondo-springsteen\" src=\"https:\/\/i0.wp.com\/www.pigrecoemme.com\/blog\/wp-content\/uploads\/2012\/06\/il-cinema-secondo-springsteen.jpg?resize=209%2C300&#038;ssl=1\" alt=\"\" width=\"209\" height=\"300\" srcset=\"https:\/\/i0.wp.com\/www.pigrecoemme.com\/blog\/wp-content\/uploads\/2012\/06\/il-cinema-secondo-springsteen.jpg?resize=209%2C300&amp;ssl=1 209w, https:\/\/i0.wp.com\/www.pigrecoemme.com\/blog\/wp-content\/uploads\/2012\/06\/il-cinema-secondo-springsteen.jpg?w=669&amp;ssl=1 669w\" sizes=\"auto, (max-width: 209px) 100vw, 209px\" \/><\/a><\/p>\n<p style=\"background-color:#FFFF66;\">Aggiunto il 17 giugno 2012:<\/p>\n<p style=\"background-color:#FFFF66;\">Il libro sul rapporto tra il cinema e il Boss, in cui hanno scritto i nostri docenti e collaboratori Vincenzo Esposito, Diego Del Pozzo (curatori del volume) e Corrado Morra, \u00e8 su IBS col <strong>15% di sconto<\/strong>: \u20ac10.20 invece di 12 euro! <a style=\"color:#cb3024; text-decoration:none; font-weight:bold;\" href=\"http:\/\/www.ibs.it\/code\/9788863200652\/cinema-secondo-springsteen.html#.T9n0VSPwZfA.facebook\">Approfittatene<\/a>!<\/p>\n<p style=\"background-color:#FFFF66;\">\n<p>Chiude questa sera al <a href=\"http:\/\/www.comune.napoli.it\/flex\/cm\/pages\/ServeBLOB.php\/L\/IT\/IDPagina\/16592\">PAN &#8211; Palazzo delle arti di Napoli<\/a>, con la doppia proiezione di\u00a0<strong>Sentieri selvaggi<\/strong> di <strong>John Ford<\/strong> e <strong>Lupo solitario<\/strong> di <strong>Sean Penn<\/strong> la rassegna <a href=\"www.pigrecoemme.com\/blog\/il-cinema-secondo-springsteen-al-pan-di-napoli-dal-30-maggio-all1-giugno-2012\/\">Il cinema secondo Springsteen<\/a>.<br \/>\nL\u2019evento, accolto da un caloroso e numerosissimo pubblico, \u00e8 stato seguito con particolare attenzione anche dagli organi di informazione, come testimoniano gli ampi servizi sul <strong>Mattino<\/strong>, il <strong>Corriere del Mezzogiorno<\/strong> e <strong>La Repubblica<\/strong>, che gli ha dedicato anche una curiosa <a href=\"http:\/\/napoli.repubblica.it\/cronaca\/2012\/05\/31\/foto\/il_cinema_secondo_springsteen_musica_film_poster_e_libro-36287349\/1\/\">galleria fotografica<\/a>.<br \/>\nRicordiamo che l&#8217;occasione da cui ha preso le mosse la manifestazione \u00e8 stata l&#8217;uscita dell&#8217;omonimo libro che per la prima volta indaga in maniera approfondita i rapporti tra il rocker del New Jersey e la Settima arte.<br \/>\nIl volume, a cura di <strong>Diego Del Pozzo<\/strong> e <strong>Vincenzo Esposito<\/strong> \u00e8 pubblicato sotto il marchio <strong>Quaderni di Cinemasud<\/strong> per le edizioni <a href=\"http:\/\/www.mephite.it\/\">Mephite<\/a>.<br \/>\nIl libro, che inaugura una nuova collana editoriale, <strong>visionirock<\/strong>, diretta proprio da Del Pozzo e Esposito, presenta in apertura due lunghi saggi dei curatori, i quali si preoccupano di delineare i complessi e suggestivi rapporti tra l&#8217;intera carriera di Springsteen e il cinema. Il libro continua con due interventi di <strong>Antonio Tricomi<\/strong> sui <strong>videoclip <\/strong>di Springsteen e di <strong>Fabio Maiello<\/strong> sulle colonne sonore del musicista americano, e si conclude con un ampio e articolato saggio, <strong>Darkness on the edge of tune<\/strong>, di <strong>Corrado Morra<\/strong>, docente del <strong>Corso di Sceneggiatura di Pigrecoemme<\/strong>, che analizza, atrraverso un approccio iconologico, le copertine di tutti i dischi ufficiali del Boss.<br \/>\nInfine, \u00e8 stata prorogata fino a domenica 3 giugno (ore 9,30 &#8211; 14,30) la bella mostra di locandine e manifesti springsteeniani <strong>Like a Vision<\/strong>, a cura dell\u2019associazione <a href=\"http:\/\/www.pinkcadillacmusic.it\/\">Pink Cadillac Music<\/a>.<\/p>\n","protected":false},"excerpt":{"rendered":"<p>Aggiunto il 17 giugno 2012: Il libro sul rapporto tra il cinema e il Boss, in cui hanno scritto i nostri docenti e collaboratori Vincenzo Esposito, Diego Del Pozzo (curatori del volume) e Corrado&hellip;<\/p>\n","protected":false},"author":1,"featured_media":0,"comment_status":"open","ping_status":"open","sticky":false,"template":"","format":"standard","meta":{"_jetpack_newsletter_access":"","_jetpack_dont_email_post_to_subs":false,"_jetpack_newsletter_tier_id":0,"_jetpack_memberships_contains_paywalled_content":false,"_jetpack_feature_clip_id":0,"_jetpack_memberships_contains_paid_content":false,"footnotes":"","jetpack_post_was_ever_published":false},"categories":[1],"tags":[708,697,227,382,709,698,707,15,700,381],"class_list":["post-507","post","type-post","status-publish","format-standard","hentry","category-generale","tag-antonio-tricomi","tag-bruce-springsteen","tag-corrado-morra","tag-diego-del-pozzo","tag-fabio-maiello","tag-il-cinema-secondo-springsteen","tag-palazzo-arti","tag-pan","tag-pink-cadillac","tag-vincenzo-esposito"],"yoast_head":"<!-- This site is optimized with the Yoast SEO plugin v28.4 - https:\/\/yoast.com\/product\/yoast-seo-wordpress\/ -->\n<title>Il cinema secondo Springsteen. Ecco il libro<\/title>\n<meta name=\"robots\" content=\"index, follow, max-snippet:-1, max-image-preview:large, max-video-preview:-1\" \/>\n<link rel=\"canonical\" href=\"https:\/\/www.pigrecoemme.com\/blog\/il-cinema-secondo-springsteen-ecco-il-libro\/\" \/>\n<meta property=\"og:locale\" content=\"it_IT\" \/>\n<meta property=\"og:type\" content=\"article\" \/>\n<meta property=\"og:title\" content=\"Il cinema secondo Springsteen. Ecco il libro\" \/>\n<meta property=\"og:description\" content=\"Aggiunto il 17 giugno 2012: Il libro sul rapporto tra il cinema e il Boss, in cui hanno scritto i nostri docenti e collaboratori Vincenzo Esposito, Diego Del Pozzo (curatori del volume) e Corrado&hellip;\" \/>\n<meta property=\"og:url\" content=\"https:\/\/www.pigrecoemme.com\/blog\/il-cinema-secondo-springsteen-ecco-il-libro\/\" \/>\n<meta property=\"og:site_name\" content=\"Scuola di Cinema Pigrecoemme - Blog\" \/>\n<meta property=\"article:publisher\" content=\"https:\/\/www.facebook.com\/pigrecoemme\" \/>\n<meta property=\"article:author\" content=\"https:\/\/www.facebook.com\/giacomo.fabbrocino\" \/>\n<meta property=\"article:published_time\" content=\"2012-06-01T13:28:32+00:00\" \/>\n<meta property=\"article:modified_time\" content=\"2012-06-28T10:51:17+00:00\" \/>\n<meta property=\"og:image\" content=\"http:\/\/www.pigrecoemme.com\/blog\/wp-content\/uploads\/2012\/06\/il-cinema-secondo-springsteen-209x300.jpg\" \/>\n<meta name=\"author\" content=\"Giacomo Fabbrocino\" \/>\n<meta name=\"twitter:card\" content=\"summary_large_image\" \/>\n<meta name=\"twitter:creator\" content=\"@Pigrecoemme\" \/>\n<meta name=\"twitter:site\" content=\"@Pigrecoemme\" \/>\n<meta name=\"twitter:label1\" content=\"Scritto da\" \/>\n\t<meta name=\"twitter:data1\" content=\"Giacomo Fabbrocino\" \/>\n\t<meta name=\"twitter:label2\" content=\"Tempo di lettura stimato\" \/>\n\t<meta name=\"twitter:data2\" content=\"2 minuti\" \/>\n<script type=\"application\/ld+json\" class=\"yoast-schema-graph\">{\"@context\":\"https:\\\/\\\/schema.org\",\"@graph\":[{\"@type\":[\"Article\",\"BlogPosting\"],\"@id\":\"https:\\\/\\\/www.pigrecoemme.com\\\/blog\\\/il-cinema-secondo-springsteen-ecco-il-libro\\\/#article\",\"isPartOf\":{\"@id\":\"https:\\\/\\\/www.pigrecoemme.com\\\/blog\\\/il-cinema-secondo-springsteen-ecco-il-libro\\\/\"},\"author\":{\"name\":\"Giacomo Fabbrocino\",\"@id\":\"https:\\\/\\\/www.pigrecoemme.com\\\/blog\\\/#\\\/schema\\\/person\\\/57fa822c3d209d3a2612fd0411ae63f4\"},\"headline\":\"Il cinema secondo Springsteen. Ecco il libro\",\"datePublished\":\"2012-06-01T13:28:32+00:00\",\"dateModified\":\"2012-06-28T10:51:17+00:00\",\"mainEntityOfPage\":{\"@id\":\"https:\\\/\\\/www.pigrecoemme.com\\\/blog\\\/il-cinema-secondo-springsteen-ecco-il-libro\\\/\"},\"wordCount\":319,\"commentCount\":0,\"publisher\":{\"@id\":\"https:\\\/\\\/www.pigrecoemme.com\\\/blog\\\/#organization\"},\"image\":{\"@id\":\"https:\\\/\\\/www.pigrecoemme.com\\\/blog\\\/il-cinema-secondo-springsteen-ecco-il-libro\\\/#primaryimage\"},\"thumbnailUrl\":\"http:\\\/\\\/www.pigrecoemme.com\\\/blog\\\/wp-content\\\/uploads\\\/2012\\\/06\\\/il-cinema-secondo-springsteen-209x300.jpg\",\"keywords\":[\"antonio tricomi\",\"bruce springsteen\",\"Corrado Morra\",\"diego del pozzo\",\"fabio maiello\",\"il cinema secondo springsteen\",\"palazzo arti\",\"pan\",\"pink cadillac\",\"vincenzo esposito\"],\"articleSection\":[\"Generale\"],\"inLanguage\":\"it-IT\",\"potentialAction\":[{\"@type\":\"CommentAction\",\"name\":\"Comment\",\"target\":[\"https:\\\/\\\/www.pigrecoemme.com\\\/blog\\\/il-cinema-secondo-springsteen-ecco-il-libro\\\/#respond\"]}]},{\"@type\":\"WebPage\",\"@id\":\"https:\\\/\\\/www.pigrecoemme.com\\\/blog\\\/il-cinema-secondo-springsteen-ecco-il-libro\\\/\",\"url\":\"https:\\\/\\\/www.pigrecoemme.com\\\/blog\\\/il-cinema-secondo-springsteen-ecco-il-libro\\\/\",\"name\":\"Il cinema secondo Springsteen. Ecco il libro\",\"isPartOf\":{\"@id\":\"https:\\\/\\\/www.pigrecoemme.com\\\/blog\\\/#website\"},\"primaryImageOfPage\":{\"@id\":\"https:\\\/\\\/www.pigrecoemme.com\\\/blog\\\/il-cinema-secondo-springsteen-ecco-il-libro\\\/#primaryimage\"},\"image\":{\"@id\":\"https:\\\/\\\/www.pigrecoemme.com\\\/blog\\\/il-cinema-secondo-springsteen-ecco-il-libro\\\/#primaryimage\"},\"thumbnailUrl\":\"http:\\\/\\\/www.pigrecoemme.com\\\/blog\\\/wp-content\\\/uploads\\\/2012\\\/06\\\/il-cinema-secondo-springsteen-209x300.jpg\",\"datePublished\":\"2012-06-01T13:28:32+00:00\",\"dateModified\":\"2012-06-28T10:51:17+00:00\",\"breadcrumb\":{\"@id\":\"https:\\\/\\\/www.pigrecoemme.com\\\/blog\\\/il-cinema-secondo-springsteen-ecco-il-libro\\\/#breadcrumb\"},\"inLanguage\":\"it-IT\",\"potentialAction\":[{\"@type\":\"ReadAction\",\"target\":[\"https:\\\/\\\/www.pigrecoemme.com\\\/blog\\\/il-cinema-secondo-springsteen-ecco-il-libro\\\/\"]}]},{\"@type\":\"ImageObject\",\"inLanguage\":\"it-IT\",\"@id\":\"https:\\\/\\\/www.pigrecoemme.com\\\/blog\\\/il-cinema-secondo-springsteen-ecco-il-libro\\\/#primaryimage\",\"url\":\"http:\\\/\\\/www.pigrecoemme.com\\\/blog\\\/wp-content\\\/uploads\\\/2012\\\/06\\\/il-cinema-secondo-springsteen-209x300.jpg\",\"contentUrl\":\"http:\\\/\\\/www.pigrecoemme.com\\\/blog\\\/wp-content\\\/uploads\\\/2012\\\/06\\\/il-cinema-secondo-springsteen-209x300.jpg\"},{\"@type\":\"BreadcrumbList\",\"@id\":\"https:\\\/\\\/www.pigrecoemme.com\\\/blog\\\/il-cinema-secondo-springsteen-ecco-il-libro\\\/#breadcrumb\",\"itemListElement\":[{\"@type\":\"ListItem\",\"position\":1,\"name\":\"Home\",\"item\":\"https:\\\/\\\/www.pigrecoemme.com\\\/blog\\\/\"},{\"@type\":\"ListItem\",\"position\":2,\"name\":\"Il cinema secondo Springsteen. Ecco il libro\"}]},{\"@type\":\"WebSite\",\"@id\":\"https:\\\/\\\/www.pigrecoemme.com\\\/blog\\\/#website\",\"url\":\"https:\\\/\\\/www.pigrecoemme.com\\\/blog\\\/\",\"name\":\"Scuola di Cinema Pigrecoemme - Blog\",\"description\":\"Siamo la prima Scuola di Cinema e Fotografia di Napoli\",\"publisher\":{\"@id\":\"https:\\\/\\\/www.pigrecoemme.com\\\/blog\\\/#organization\"},\"potentialAction\":[{\"@type\":\"SearchAction\",\"target\":{\"@type\":\"EntryPoint\",\"urlTemplate\":\"https:\\\/\\\/www.pigrecoemme.com\\\/blog\\\/?s={search_term_string}\"},\"query-input\":{\"@type\":\"PropertyValueSpecification\",\"valueRequired\":true,\"valueName\":\"search_term_string\"}}],\"inLanguage\":\"it-IT\"},{\"@type\":\"Organization\",\"@id\":\"https:\\\/\\\/www.pigrecoemme.com\\\/blog\\\/#organization\",\"name\":\"Scuola di cinema e fotografia Pigrecoemme\",\"url\":\"https:\\\/\\\/www.pigrecoemme.com\\\/blog\\\/\",\"logo\":{\"@type\":\"ImageObject\",\"inLanguage\":\"it-IT\",\"@id\":\"https:\\\/\\\/www.pigrecoemme.com\\\/blog\\\/#\\\/schema\\\/logo\\\/image\\\/\",\"url\":\"https:\\\/\\\/i0.wp.com\\\/www.pigrecoemme.com\\\/blog\\\/wp-content\\\/uploads\\\/2018\\\/06\\\/logo-pigrecoemme-2018.png?fit=500%2C500&ssl=1\",\"contentUrl\":\"https:\\\/\\\/i0.wp.com\\\/www.pigrecoemme.com\\\/blog\\\/wp-content\\\/uploads\\\/2018\\\/06\\\/logo-pigrecoemme-2018.png?fit=500%2C500&ssl=1\",\"width\":500,\"height\":500,\"caption\":\"Scuola di cinema e fotografia Pigrecoemme\"},\"image\":{\"@id\":\"https:\\\/\\\/www.pigrecoemme.com\\\/blog\\\/#\\\/schema\\\/logo\\\/image\\\/\"},\"sameAs\":[\"https:\\\/\\\/www.facebook.com\\\/pigrecoemme\",\"https:\\\/\\\/x.com\\\/Pigrecoemme\",\"https:\\\/\\\/www.instagram.com\\\/pigrecoemme\\\/\",\"https:\\\/\\\/www.linkedin.com\\\/company\\\/pigrecoemme\\\/\",\"https:\\\/\\\/www.youtube.com\\\/pigrecoemme\"]},{\"@type\":\"Person\",\"@id\":\"https:\\\/\\\/www.pigrecoemme.com\\\/blog\\\/#\\\/schema\\\/person\\\/57fa822c3d209d3a2612fd0411ae63f4\",\"name\":\"Giacomo Fabbrocino\",\"image\":{\"@type\":\"ImageObject\",\"inLanguage\":\"it-IT\",\"@id\":\"https:\\\/\\\/secure.gravatar.com\\\/avatar\\\/0e4dfd4d05c06a03fffaffeb36fb181415ba11b91a6b566fa2e8ada75927db32?s=96&r=g\",\"url\":\"https:\\\/\\\/secure.gravatar.com\\\/avatar\\\/0e4dfd4d05c06a03fffaffeb36fb181415ba11b91a6b566fa2e8ada75927db32?s=96&r=g\",\"contentUrl\":\"https:\\\/\\\/secure.gravatar.com\\\/avatar\\\/0e4dfd4d05c06a03fffaffeb36fb181415ba11b91a6b566fa2e8ada75927db32?s=96&r=g\",\"caption\":\"Giacomo Fabbrocino\"},\"description\":\"Montatore cinematografico, autore di documentari sull'arte e di video d'artista, Giacomo \u00e8 responsabile della didattica e della comunicazione web della Scuola di Cinema, Fotografia e Televisione Pigrecoemme di Napoli.\",\"sameAs\":[\"http:\\\/\\\/www.pigrecoemme.com\\\/\",\"https:\\\/\\\/www.facebook.com\\\/giacomo.fabbrocino\"],\"url\":\"https:\\\/\\\/www.pigrecoemme.com\\\/blog\\\/author\\\/giacomo-fabbrocino\\\/\"}]}<\/script>\n<!-- \/ Yoast SEO plugin. -->","yoast_head_json":{"title":"Il cinema secondo Springsteen. Ecco il libro","robots":{"index":"index","follow":"follow","max-snippet":"max-snippet:-1","max-image-preview":"max-image-preview:large","max-video-preview":"max-video-preview:-1"},"canonical":"https:\/\/www.pigrecoemme.com\/blog\/il-cinema-secondo-springsteen-ecco-il-libro\/","og_locale":"it_IT","og_type":"article","og_title":"Il cinema secondo Springsteen. Ecco il libro","og_description":"Aggiunto il 17 giugno 2012: Il libro sul rapporto tra il cinema e il Boss, in cui hanno scritto i nostri docenti e collaboratori Vincenzo Esposito, Diego Del Pozzo (curatori del volume) e Corrado&hellip;","og_url":"https:\/\/www.pigrecoemme.com\/blog\/il-cinema-secondo-springsteen-ecco-il-libro\/","og_site_name":"Scuola di Cinema Pigrecoemme - Blog","article_publisher":"https:\/\/www.facebook.com\/pigrecoemme","article_author":"https:\/\/www.facebook.com\/giacomo.fabbrocino","article_published_time":"2012-06-01T13:28:32+00:00","article_modified_time":"2012-06-28T10:51:17+00:00","og_image":[{"url":"http:\/\/www.pigrecoemme.com\/blog\/wp-content\/uploads\/2012\/06\/il-cinema-secondo-springsteen-209x300.jpg","type":"","width":"","height":""}],"author":"Giacomo Fabbrocino","twitter_card":"summary_large_image","twitter_creator":"@Pigrecoemme","twitter_site":"@Pigrecoemme","twitter_misc":{"Scritto da":"Giacomo Fabbrocino","Tempo di lettura stimato":"2 minuti"},"schema":{"@context":"https:\/\/schema.org","@graph":[{"@type":["Article","BlogPosting"],"@id":"https:\/\/www.pigrecoemme.com\/blog\/il-cinema-secondo-springsteen-ecco-il-libro\/#article","isPartOf":{"@id":"https:\/\/www.pigrecoemme.com\/blog\/il-cinema-secondo-springsteen-ecco-il-libro\/"},"author":{"name":"Giacomo Fabbrocino","@id":"https:\/\/www.pigrecoemme.com\/blog\/#\/schema\/person\/57fa822c3d209d3a2612fd0411ae63f4"},"headline":"Il cinema secondo Springsteen. Ecco il libro","datePublished":"2012-06-01T13:28:32+00:00","dateModified":"2012-06-28T10:51:17+00:00","mainEntityOfPage":{"@id":"https:\/\/www.pigrecoemme.com\/blog\/il-cinema-secondo-springsteen-ecco-il-libro\/"},"wordCount":319,"commentCount":0,"publisher":{"@id":"https:\/\/www.pigrecoemme.com\/blog\/#organization"},"image":{"@id":"https:\/\/www.pigrecoemme.com\/blog\/il-cinema-secondo-springsteen-ecco-il-libro\/#primaryimage"},"thumbnailUrl":"http:\/\/www.pigrecoemme.com\/blog\/wp-content\/uploads\/2012\/06\/il-cinema-secondo-springsteen-209x300.jpg","keywords":["antonio tricomi","bruce springsteen","Corrado Morra","diego del pozzo","fabio maiello","il cinema secondo springsteen","palazzo arti","pan","pink cadillac","vincenzo esposito"],"articleSection":["Generale"],"inLanguage":"it-IT","potentialAction":[{"@type":"CommentAction","name":"Comment","target":["https:\/\/www.pigrecoemme.com\/blog\/il-cinema-secondo-springsteen-ecco-il-libro\/#respond"]}]},{"@type":"WebPage","@id":"https:\/\/www.pigrecoemme.com\/blog\/il-cinema-secondo-springsteen-ecco-il-libro\/","url":"https:\/\/www.pigrecoemme.com\/blog\/il-cinema-secondo-springsteen-ecco-il-libro\/","name":"Il cinema secondo Springsteen. Ecco il libro","isPartOf":{"@id":"https:\/\/www.pigrecoemme.com\/blog\/#website"},"primaryImageOfPage":{"@id":"https:\/\/www.pigrecoemme.com\/blog\/il-cinema-secondo-springsteen-ecco-il-libro\/#primaryimage"},"image":{"@id":"https:\/\/www.pigrecoemme.com\/blog\/il-cinema-secondo-springsteen-ecco-il-libro\/#primaryimage"},"thumbnailUrl":"http:\/\/www.pigrecoemme.com\/blog\/wp-content\/uploads\/2012\/06\/il-cinema-secondo-springsteen-209x300.jpg","datePublished":"2012-06-01T13:28:32+00:00","dateModified":"2012-06-28T10:51:17+00:00","breadcrumb":{"@id":"https:\/\/www.pigrecoemme.com\/blog\/il-cinema-secondo-springsteen-ecco-il-libro\/#breadcrumb"},"inLanguage":"it-IT","potentialAction":[{"@type":"ReadAction","target":["https:\/\/www.pigrecoemme.com\/blog\/il-cinema-secondo-springsteen-ecco-il-libro\/"]}]},{"@type":"ImageObject","inLanguage":"it-IT","@id":"https:\/\/www.pigrecoemme.com\/blog\/il-cinema-secondo-springsteen-ecco-il-libro\/#primaryimage","url":"http:\/\/www.pigrecoemme.com\/blog\/wp-content\/uploads\/2012\/06\/il-cinema-secondo-springsteen-209x300.jpg","contentUrl":"http:\/\/www.pigrecoemme.com\/blog\/wp-content\/uploads\/2012\/06\/il-cinema-secondo-springsteen-209x300.jpg"},{"@type":"BreadcrumbList","@id":"https:\/\/www.pigrecoemme.com\/blog\/il-cinema-secondo-springsteen-ecco-il-libro\/#breadcrumb","itemListElement":[{"@type":"ListItem","position":1,"name":"Home","item":"https:\/\/www.pigrecoemme.com\/blog\/"},{"@type":"ListItem","position":2,"name":"Il cinema secondo Springsteen. Ecco il libro"}]},{"@type":"WebSite","@id":"https:\/\/www.pigrecoemme.com\/blog\/#website","url":"https:\/\/www.pigrecoemme.com\/blog\/","name":"Scuola di Cinema Pigrecoemme - Blog","description":"Siamo la prima Scuola di Cinema e Fotografia di Napoli","publisher":{"@id":"https:\/\/www.pigrecoemme.com\/blog\/#organization"},"potentialAction":[{"@type":"SearchAction","target":{"@type":"EntryPoint","urlTemplate":"https:\/\/www.pigrecoemme.com\/blog\/?s={search_term_string}"},"query-input":{"@type":"PropertyValueSpecification","valueRequired":true,"valueName":"search_term_string"}}],"inLanguage":"it-IT"},{"@type":"Organization","@id":"https:\/\/www.pigrecoemme.com\/blog\/#organization","name":"Scuola di cinema e fotografia Pigrecoemme","url":"https:\/\/www.pigrecoemme.com\/blog\/","logo":{"@type":"ImageObject","inLanguage":"it-IT","@id":"https:\/\/www.pigrecoemme.com\/blog\/#\/schema\/logo\/image\/","url":"https:\/\/i0.wp.com\/www.pigrecoemme.com\/blog\/wp-content\/uploads\/2018\/06\/logo-pigrecoemme-2018.png?fit=500%2C500&ssl=1","contentUrl":"https:\/\/i0.wp.com\/www.pigrecoemme.com\/blog\/wp-content\/uploads\/2018\/06\/logo-pigrecoemme-2018.png?fit=500%2C500&ssl=1","width":500,"height":500,"caption":"Scuola di cinema e fotografia Pigrecoemme"},"image":{"@id":"https:\/\/www.pigrecoemme.com\/blog\/#\/schema\/logo\/image\/"},"sameAs":["https:\/\/www.facebook.com\/pigrecoemme","https:\/\/x.com\/Pigrecoemme","https:\/\/www.instagram.com\/pigrecoemme\/","https:\/\/www.linkedin.com\/company\/pigrecoemme\/","https:\/\/www.youtube.com\/pigrecoemme"]},{"@type":"Person","@id":"https:\/\/www.pigrecoemme.com\/blog\/#\/schema\/person\/57fa822c3d209d3a2612fd0411ae63f4","name":"Giacomo Fabbrocino","image":{"@type":"ImageObject","inLanguage":"it-IT","@id":"https:\/\/secure.gravatar.com\/avatar\/0e4dfd4d05c06a03fffaffeb36fb181415ba11b91a6b566fa2e8ada75927db32?s=96&r=g","url":"https:\/\/secure.gravatar.com\/avatar\/0e4dfd4d05c06a03fffaffeb36fb181415ba11b91a6b566fa2e8ada75927db32?s=96&r=g","contentUrl":"https:\/\/secure.gravatar.com\/avatar\/0e4dfd4d05c06a03fffaffeb36fb181415ba11b91a6b566fa2e8ada75927db32?s=96&r=g","caption":"Giacomo Fabbrocino"},"description":"Montatore cinematografico, autore di documentari sull'arte e di video d'artista, Giacomo \u00e8 responsabile della didattica e della comunicazione web della Scuola di Cinema, Fotografia e Televisione Pigrecoemme di Napoli.","sameAs":["http:\/\/www.pigrecoemme.com\/","https:\/\/www.facebook.com\/giacomo.fabbrocino"],"url":"https:\/\/www.pigrecoemme.com\/blog\/author\/giacomo-fabbrocino\/"}]}},"jetpack_sharing_enabled":true,"jetpack_likes_enabled":true,"jetpack-related-posts":[{"id":502,"url":"https:\/\/www.pigrecoemme.com\/blog\/il-cinema-secondo-springsteen-al-pan-di-napoli-dal-30-maggio-all1-giugno-2012\/","url_meta":{"origin":507,"position":0},"title":"Il cinema secondo Springsteen. Al PAN dal 30 maggio all&#8217;1 giugno 2012","author":"Corrado Morra","date":"23 Maggio 2012","format":false,"excerpt":"Vi segnaliamo un appuntamento imperdibile per tutti gli appassionati di Bruce Springsteen e per coloro che seguono con particolare attenzione gli affascinanti rapporti tra cinema e musica rock. Al PAN \u2013 Palazzo delle Arti di Napoli, infatti, \u00e8 in programma, da mercoled\u00ec 30 maggio a venerd\u00ec 1 giugno, Il cinema\u2026","rel":"","context":"In &quot;Eventi&quot;","block_context":{"text":"Eventi","link":"https:\/\/www.pigrecoemme.com\/blog\/eventi\/"},"img":{"alt_text":"","src":"https:\/\/i0.wp.com\/www.pigrecoemme.com\/blog\/wp-content\/uploads\/2012\/05\/invito-springsteen-214x300.jpg?resize=350%2C200","width":350,"height":200},"classes":[]},{"id":457,"url":"https:\/\/www.pigrecoemme.com\/blog\/storia-permanente-del-cinema-al-pan-ancora-film-gratuiti\/","url_meta":{"origin":507,"position":1},"title":"Storia permanente del cinema. Al Pan ancora film gratuiti","author":"Corrado Morra","date":"16 Gennaio 2012","format":false,"excerpt":"Riparte marted\u00ec 17 gennaio, negli spazi del PAN - Palazzo delle arti di Napoli, in via dei Mille 60, la rassegna Storia permanente del cinema. L\u2019evento, a cura della Scuola di cinema Pigrecoemme, della Mediateca S. Sofia del Comune di Napoli e del regista Marcello Sannino, in collaborazione con la\u2026","rel":"","context":"In &quot;Eventi&quot;","block_context":{"text":"Eventi","link":"https:\/\/www.pigrecoemme.com\/blog\/eventi\/"},"img":{"alt_text":"","src":"https:\/\/i0.wp.com\/www.pigrecoemme.com\/blog\/wp-content\/uploads\/2011\/10\/filmzone-pan.png?resize=350%2C200","width":350,"height":200},"classes":[]},{"id":2182,"url":"https:\/\/www.pigrecoemme.com\/blog\/situazione-critica-2-le-forme-dell-acqua-corrado-morra\/","url_meta":{"origin":507,"position":2},"title":"Situazione critica #2: Le forme dell\u2019acqua. Il cinema come desiderio impossibile","author":"Giacomo Fabbrocino","date":"4 Giugno 2018","format":false,"excerpt":"La Scuola di Cinema Pigrecoemme celebra i suoi primi 18 anni con \u201cSituazione critica\u201d: una serie di incontri gratuiti e aperti a tutti sulla critica cinematografica e la promozione della settima arte. Il secondo appuntamento, con Corrado Morra, \u00e8 il 16 giugno 2018. Corrado Morra Il secondo incontro della rassegna\u2026","rel":"","context":"In &quot;Analisi e Critica&quot;","block_context":{"text":"Analisi e Critica","link":"https:\/\/www.pigrecoemme.com\/blog\/analisi-e-critica-2\/"},"img":{"alt_text":"Situazione critica 2","src":"https:\/\/i0.wp.com\/www.pigrecoemme.com\/blog\/wp-content\/uploads\/2018\/06\/situazione-critica-2-1920-1005.jpg?resize=350%2C200&ssl=1","width":350,"height":200,"srcset":"https:\/\/i0.wp.com\/www.pigrecoemme.com\/blog\/wp-content\/uploads\/2018\/06\/situazione-critica-2-1920-1005.jpg?resize=350%2C200&ssl=1 1x, https:\/\/i0.wp.com\/www.pigrecoemme.com\/blog\/wp-content\/uploads\/2018\/06\/situazione-critica-2-1920-1005.jpg?resize=525%2C300&ssl=1 1.5x, https:\/\/i0.wp.com\/www.pigrecoemme.com\/blog\/wp-content\/uploads\/2018\/06\/situazione-critica-2-1920-1005.jpg?resize=700%2C400&ssl=1 2x, https:\/\/i0.wp.com\/www.pigrecoemme.com\/blog\/wp-content\/uploads\/2018\/06\/situazione-critica-2-1920-1005.jpg?resize=1050%2C600&ssl=1 3x, https:\/\/i0.wp.com\/www.pigrecoemme.com\/blog\/wp-content\/uploads\/2018\/06\/situazione-critica-2-1920-1005.jpg?resize=1400%2C800&ssl=1 4x"},"classes":[]},{"id":218,"url":"https:\/\/www.pigrecoemme.com\/blog\/su-film-tv-la-recensione-di-rock-around-the-screen\/","url_meta":{"origin":507,"position":3},"title":"Su Film TV, la recensione di Rock Around the Screen","author":"Corrado Morra","date":"31 Marzo 2010","format":false,"excerpt":"Sul presitigioso settimanale di cinema Film TV, la recensione del libro Rock Around the Screen, collettanea curata da Esposito e Del Pozzo, con saggi, tra gli atri dei docenti della Scuola di cinema Pigrecoemme di Napoli, Rosario Gallone, Giacomo Fabbrocino e Corrado Morra.","rel":"","context":"In &quot;Produzioni&quot;","block_context":{"text":"Produzioni","link":"https:\/\/www.pigrecoemme.com\/blog\/produzioni\/"},"img":{"alt_text":"","src":"https:\/\/i0.wp.com\/www.pigrecoemme.com\/blog\/wp-content\/uploads\/2010\/03\/rock-around-the-screen-film-tv1-143x300.jpg?resize=350%2C200","width":350,"height":200},"classes":[]},{"id":589,"url":"https:\/\/www.pigrecoemme.com\/blog\/una-rassegna-sul-documentario-al-pan-e-i-nuovi-corsi-di-cinema-di-pigrecoemme\/","url_meta":{"origin":507,"position":4},"title":"Una rassegna sul documentario al PAN e i nuovi corsi di cinema di Pigrecoemme","author":"Giacomo Fabbrocino","date":"11 Dicembre 2012","format":false,"excerpt":"Tutto pronto per i nuovi corsi di cinema e fotografia di Pigrecoemme che partiranno a gennaio: anche quest'anno sono previsti sia moduli bimestrali (tra cui i collaudati corsi di Regia, Sceneggiatura e Montaggio), sia semestrali, come il nuovo corso Filmaker, un percorso di 160 ore, che, a un prezzo scontatissimo,\u2026","rel":"","context":"In &quot;Eventi&quot;","block_context":{"text":"Eventi","link":"https:\/\/www.pigrecoemme.com\/blog\/eventi\/"},"img":{"alt_text":"","src":"https:\/\/i0.wp.com\/www.pigrecoemme.com\/blog\/wp-content\/uploads\/2024\/03\/ficc-a-napoli.webp?resize=350%2C200&ssl=1","width":350,"height":200},"classes":[]},{"id":193,"url":"https:\/\/www.pigrecoemme.com\/blog\/cinema-e-rock-e-disponibile-rock-around-the-screen\/","url_meta":{"origin":507,"position":5},"title":"Cinema e Rock: \u00e8 disponibile Rock Around The Screen","author":"Giacomo Fabbrocino","date":"18 Gennaio 2010","format":false,"excerpt":"Anche se la sua uscita ufficiale \u00e8 il primo di febbraio, il volume Rock around the screen \u00e8 gi\u00e0 disponibile in alcune librerie del centro storico di Napoli e sul sito dell'editore Liguori, sul quale \u00e8 acquistabile anche in formato elettronico. Curato da Vincenzo Esposito (docente di Storia del Cinema\u2026","rel":"","context":"In &quot;Eventi&quot;","block_context":{"text":"Eventi","link":"https:\/\/www.pigrecoemme.com\/blog\/eventi\/"},"img":{"alt_text":"","src":"https:\/\/i0.wp.com\/www.pigrecoemme.com\/blog\/wp-content\/uploads\/2010\/01\/cinema-e-rock-199x300.jpg?resize=350%2C200","width":350,"height":200},"classes":[]}],"jetpack_featured_media_url":"","_links":{"self":[{"href":"https:\/\/www.pigrecoemme.com\/blog\/wp-json\/wp\/v2\/posts\/507","targetHints":{"allow":["GET"]}}],"collection":[{"href":"https:\/\/www.pigrecoemme.com\/blog\/wp-json\/wp\/v2\/posts"}],"about":[{"href":"https:\/\/www.pigrecoemme.com\/blog\/wp-json\/wp\/v2\/types\/post"}],"author":[{"embeddable":true,"href":"https:\/\/www.pigrecoemme.com\/blog\/wp-json\/wp\/v2\/users\/1"}],"replies":[{"embeddable":true,"href":"https:\/\/www.pigrecoemme.com\/blog\/wp-json\/wp\/v2\/comments?post=507"}],"version-history":[{"count":0,"href":"https:\/\/www.pigrecoemme.com\/blog\/wp-json\/wp\/v2\/posts\/507\/revisions"}],"wp:attachment":[{"href":"https:\/\/www.pigrecoemme.com\/blog\/wp-json\/wp\/v2\/media?parent=507"}],"wp:term":[{"taxonomy":"category","embeddable":true,"href":"https:\/\/www.pigrecoemme.com\/blog\/wp-json\/wp\/v2\/categories?post=507"},{"taxonomy":"post_tag","embeddable":true,"href":"https:\/\/www.pigrecoemme.com\/blog\/wp-json\/wp\/v2\/tags?post=507"}],"curies":[{"name":"wp","href":"https:\/\/api.w.org\/{rel}","templated":true}]}}