{"id":505,"date":"2012-05-26T17:25:03","date_gmt":"2012-05-26T15:25:03","guid":{"rendered":"http:\/\/www.pigrecoemme.com\/blog\/?p=505"},"modified":"2014-11-07T17:52:16","modified_gmt":"2014-11-07T16:52:16","slug":"i-corsi-estivi-2012-cinema-e-fotografia","status":"publish","type":"post","link":"https:\/\/www.pigrecoemme.com\/blog\/i-corsi-estivi-2012-cinema-e-fotografia\/","title":{"rendered":"I corsi estivi 2012: regia, montaggio e sceneggiatura"},"content":{"rendered":"<p>Anche quest&#8217;estate Pigrecoememe ripropone la versione estiva dei suoi corsi. I programmi e il monte ore non variano rispetto ai tradizionali corsi invernali, ma le lezioni si svolgono a minor distanza tra loro, permettendo a chi frequenta una fruizione pi\u00f9 intensiva e, crediamo, pi\u00f9 facilmente conciliabile con i ritmi di vita di questo periodo.<\/p>\n<h2><a href=\"http:\/\/www.pigrecoemme.com\/corsi\/corso-regia.htm\">Il corso di regia cinematografica<\/a><\/h2>\n<p>Da anni ormai il popolarissimo corso di regia tenuto da Rosario Gallone attira curiosi alle prime armi e tecnici desiderosi di approfondire il linguaggio e l&#8217;estetica del cinema. Nella sua versione estiva il corso di regia non muta rispetto alla sua forma abitale se non negli orari ed \u00e8 strutturato in ventiquattro ore di lezioni, suddivise in sei incontri di quattro ore ciascuno.<\/p>\n<p><em>La quota di partecipazione \u00e8 di \u20ac 400 e le lezioni si volgeranno nei giorni 13, 14, 15, 20, 21 e 22 giugno 2012, dalle ore 15,00 alle ore 19,00. <\/em><a href=\"http:\/\/www.pigrecoemme.com\/corsi\/corso-regia.htm\">Il programma completo&#8230;<\/a><\/p>\n<h2><a href=\"http:\/\/www.pigrecoemme.com\/corsi\/corso-sceneggiatura.htm\">Il corso di sceneggiatura<\/a><\/h2>\n<figure style=\"width: 130px\" class=\"wp-caption alignleft\"><a href=\"http:\/\/www.pigrecoemme.com\/corsi\/corso-sceneggiatura.htm\"><img data-recalc-dims=\"1\" loading=\"lazy\" decoding=\"async\" class=\" \" title=\"Corso di sceneggiatura\" src=\"https:\/\/i0.wp.com\/www.pigrecoemme.com\/corsi\/corso-di-sceneggiatura.jpg?resize=130%2C130\" alt=\"Corso di sceneggiatura\" width=\"130\" height=\"130\" \/><\/a><figcaption class=\"wp-caption-text\">Corso di sceneggiatura<\/figcaption><\/figure>\n<p>Alla base di un buon film c&#8217;\u00e8 sempre una buona storia, ma una buona storia non diventa per forza una buona sceneggiatura. Ecco: sia per imparare a capire cosa fa di una storia una buona storia, sia per imparare a trasformare una buona storia in una buona sceneggiatura \u00e8 necessario padroneggiare &#8211; ed \u00e8 solo la base &#8211; la materia trattata in questo corso, tenuto da pi\u00f9 di dieci anni, da Corrado Morra.<\/p>\n<p><em>La quota di partecipazione \u00e8 di \u20ac 400 e le lezioni si volgeranno nei giorni 25, 26, 27, 28 giugno e 2 e 3 luglio 2012, dalle ore 15,00 alle ore 19,00. <\/em><a href=\"http:\/\/www.pigrecoemme.com\/corsi\/corso-sceneggiatura.htm\">Il programma completo&#8230;<\/a><\/p>\n<h2><a href=\"http:\/\/www.pigrecoemme.com\/corsi\/corso-montaggio-premiere.htm\">Il corso di montaggio con Premiere Pro<\/a><\/h2>\n<figure style=\"width: 130px\" class=\"wp-caption alignleft\"><a href=\"http:\/\/www.pigrecoemme.com\/corsi\/corso-montaggio-premiere.htm\"><img loading=\"lazy\" decoding=\"async\" title=\"Il corso di montaggio  con Adobe Premiere Pro\" src=\"http:\/\/www.pigrecoemme.com\/corsi\/corso-montaggio-premiere.jpg \" alt=\"Corso di montaggio  con Adobe Premiere Pro\" width=\"130\" height=\"130\" \/><\/a><figcaption class=\"wp-caption-text\">Corso di montaggio con Adobe Premiere Pro<\/figcaption><\/figure>\n<p>Adobe Premiere Pro \u00e8 andato affermandosi negli ultimi anni come la piattaforma professionale di montaggio pi\u00f9 potente e all&#8217;avanguardia. In grado, come nessun altro programma affine, di lavorare \u00a0nativamente su tutti con tutti i \u00a0formati video, senza le attese per le transcodifiche imposte da Avid e Final Cut e di integrarsi alla perfezione con Photoshop e After Effects, Premiere \u00e8 una scelta obbligata per il videomaker all&#8217;avanguardia e anche per chi voglia lavorare per produzioni cinematografiche. Il docente del corso \u00e8 Giacomo Fabbrocino<\/p>\n<p><em>La quota di partecipazione \u00e8 di \u20ac 400 e le lezioni si volgeranno nei giorni 25, 26, 27, 28, 29 e 30 giugno 2012, dalle 10,30 alle 14,30 <span style=\"text-decoration: underline;\">(per il primo gruppo)<\/span> e nei giorni 2, 3, 4, 5, 6 e 7 luglio 2012, dalle 15,00 alle 19,00 <span style=\"text-decoration: underline;\">(per il secondo gruppo).<\/span><\/em> <a href=\"http:\/\/www.pigrecoemme.com\/corsi\/corso-montaggio-premiere.htm\">Il programma completo&#8230;<\/a><\/p>\n<h2>Offerte per chi segue pi\u00f9 di un corso<\/h2>\n<figure style=\"width: 140px\" class=\"wp-caption alignleft\"><a href=\"http:\/\/www.pigrecoemme.com\/corsi.htm\"><img data-recalc-dims=\"1\" loading=\"lazy\" decoding=\"async\" title=\"Sconti per chi segue pi\u00f9 di un corso\" src=\"https:\/\/i0.wp.com\/www.pigrecoemme.com\/CircularContentCarousel\/images\/offerte.png?resize=140%2C130\" alt=\"Sconti per chi segue pi\u00f9 di un corso\" width=\"140\" height=\"130\" \/><\/a><figcaption class=\"wp-caption-text\">Sconti per chi segue pi\u00f9 di un corso<\/figcaption><\/figure>\n<p>Ricordate che se seguite due dei nostri corsi sul cinema avrete diritto a \u20ac 150 di sconto, che diventano \u20ac 300 se ne seguite tre!<br \/>\n<a href=\"http:\/\/www.pigrecoemme.com\/corsi.htm\">Info sulle offerte<\/a>.<\/p>\n<h2>Informazioni e contatti<\/h2>\n<p align=\"left\">Al termine di tutti i nostri corsi viene rilasciato un attestato di partecipazione utile anche per i crediti formativi scolastici ed universitari.<\/p>\n<p align=\"left\">Vi ricordiamo che le iscrizioni possono essere effettuate presso la nostra sede di piazza Portanova 11, dal luned\u00ec al venerd\u00ec.<\/p>\n<p><strong>Telefono:<\/strong> 081-5635188<br \/>\n<strong>Email: <\/strong><a href=\"mailto:corsi@pigrecoemme.com\">corsi@pigrecoemme.com<\/a><br \/>\n<span class=\"recensione\"><br \/>\nPigrecoemme \u00e8 in <a href=\"http:\/\/goo.gl\/maps\/cwZg\" target=\"_blank\">Piazza Portanova 11, Napoli<\/a><br \/>\n(tra Piazza Nicola Amore e l&#8217;Universit\u00e0 Federico II)<\/span><\/p>\n","protected":false},"excerpt":{"rendered":"<p>Anche quest&#8217;estate Pigrecoememe ripropone la versione estiva dei suoi corsi. I programmi e il monte ore non variano rispetto ai tradizionali corsi invernali, ma le lezioni si svolgono a minor distanza tra loro, permettendo&hellip;<\/p>\n","protected":false},"author":1,"featured_media":0,"comment_status":"open","ping_status":"open","sticky":false,"template":"","format":"standard","meta":{"_jetpack_newsletter_access":"","_jetpack_dont_email_post_to_subs":false,"_jetpack_newsletter_tier_id":0,"_jetpack_memberships_contains_paywalled_content":false,"_jetpack_feature_clip_id":0,"_jetpack_memberships_contains_paid_content":false,"footnotes":"","jetpack_post_was_ever_published":false},"categories":[21,1,3],"tags":[319,705,318,317,320,703,704,706],"class_list":["post-505","post","type-post","status-publish","format-standard","hentry","category-fotografia","category-generale","category-scuola-di-cinema","tag-adobe-premiere","tag-adobe-premiere-pro","tag-corso-di-montaggio","tag-corso-di-regia","tag-corso-di-sceneggiatura","tag-fin-art","tag-gestione-del-colore","tag-premiere-pro"],"yoast_head":"<!-- This site is optimized with the Yoast SEO plugin v28.3 - https:\/\/yoast.com\/product\/yoast-seo-wordpress\/ -->\n<title>I corsi estivi 2012: regia, montaggio e sceneggiatura<\/title>\n<meta name=\"robots\" content=\"index, follow, max-snippet:-1, max-image-preview:large, max-video-preview:-1\" \/>\n<link rel=\"canonical\" href=\"https:\/\/www.pigrecoemme.com\/blog\/i-corsi-estivi-2012-cinema-e-fotografia\/\" \/>\n<meta property=\"og:locale\" content=\"it_IT\" \/>\n<meta property=\"og:type\" content=\"article\" \/>\n<meta property=\"og:title\" content=\"I corsi estivi 2012: regia, montaggio e sceneggiatura\" \/>\n<meta property=\"og:description\" content=\"Anche quest&#8217;estate Pigrecoememe ripropone la versione estiva dei suoi corsi. I programmi e il monte ore non variano rispetto ai tradizionali corsi invernali, ma le lezioni si svolgono a minor distanza tra loro, permettendo&hellip;\" \/>\n<meta property=\"og:url\" content=\"https:\/\/www.pigrecoemme.com\/blog\/i-corsi-estivi-2012-cinema-e-fotografia\/\" \/>\n<meta property=\"og:site_name\" content=\"Scuola di Cinema Pigrecoemme - Blog\" \/>\n<meta property=\"article:publisher\" content=\"https:\/\/www.facebook.com\/pigrecoemme\" \/>\n<meta property=\"article:author\" content=\"https:\/\/www.facebook.com\/giacomo.fabbrocino\" \/>\n<meta property=\"article:published_time\" content=\"2012-05-26T15:25:03+00:00\" \/>\n<meta property=\"article:modified_time\" content=\"2014-11-07T16:52:16+00:00\" \/>\n<meta property=\"og:image\" content=\"http:\/\/www.pigrecoemme.com\/corsi\/corso-di-sceneggiatura.jpg\" \/>\n<meta name=\"author\" content=\"Giacomo Fabbrocino\" \/>\n<meta name=\"twitter:card\" content=\"summary_large_image\" \/>\n<meta name=\"twitter:creator\" content=\"@Pigrecoemme\" \/>\n<meta name=\"twitter:site\" content=\"@Pigrecoemme\" \/>\n<meta name=\"twitter:label1\" content=\"Scritto da\" \/>\n\t<meta name=\"twitter:data1\" content=\"Giacomo Fabbrocino\" \/>\n\t<meta name=\"twitter:label2\" content=\"Tempo di lettura stimato\" \/>\n\t<meta name=\"twitter:data2\" content=\"2 minuti\" \/>\n<script type=\"application\/ld+json\" class=\"yoast-schema-graph\">{\"@context\":\"https:\\\/\\\/schema.org\",\"@graph\":[{\"@type\":[\"Article\",\"BlogPosting\"],\"@id\":\"https:\\\/\\\/www.pigrecoemme.com\\\/blog\\\/i-corsi-estivi-2012-cinema-e-fotografia\\\/#article\",\"isPartOf\":{\"@id\":\"https:\\\/\\\/www.pigrecoemme.com\\\/blog\\\/i-corsi-estivi-2012-cinema-e-fotografia\\\/\"},\"author\":{\"name\":\"Giacomo Fabbrocino\",\"@id\":\"https:\\\/\\\/www.pigrecoemme.com\\\/blog\\\/#\\\/schema\\\/person\\\/57fa822c3d209d3a2612fd0411ae63f4\"},\"headline\":\"I corsi estivi 2012: regia, montaggio e sceneggiatura\",\"datePublished\":\"2012-05-26T15:25:03+00:00\",\"dateModified\":\"2014-11-07T16:52:16+00:00\",\"mainEntityOfPage\":{\"@id\":\"https:\\\/\\\/www.pigrecoemme.com\\\/blog\\\/i-corsi-estivi-2012-cinema-e-fotografia\\\/\"},\"wordCount\":504,\"commentCount\":0,\"publisher\":{\"@id\":\"https:\\\/\\\/www.pigrecoemme.com\\\/blog\\\/#organization\"},\"image\":{\"@id\":\"https:\\\/\\\/www.pigrecoemme.com\\\/blog\\\/i-corsi-estivi-2012-cinema-e-fotografia\\\/#primaryimage\"},\"thumbnailUrl\":\"http:\\\/\\\/www.pigrecoemme.com\\\/corsi\\\/corso-di-sceneggiatura.jpg\",\"keywords\":[\"adobe premiere\",\"adobe premiere pro\",\"corso di montaggio\",\"corso di regia\",\"corso di sceneggiatura\",\"fin art\",\"gestione del colore\",\"premiere pro\"],\"articleSection\":[\"Fotografia\",\"Generale\",\"Scuola di cinema\"],\"inLanguage\":\"it-IT\",\"potentialAction\":[{\"@type\":\"CommentAction\",\"name\":\"Comment\",\"target\":[\"https:\\\/\\\/www.pigrecoemme.com\\\/blog\\\/i-corsi-estivi-2012-cinema-e-fotografia\\\/#respond\"]}]},{\"@type\":\"WebPage\",\"@id\":\"https:\\\/\\\/www.pigrecoemme.com\\\/blog\\\/i-corsi-estivi-2012-cinema-e-fotografia\\\/\",\"url\":\"https:\\\/\\\/www.pigrecoemme.com\\\/blog\\\/i-corsi-estivi-2012-cinema-e-fotografia\\\/\",\"name\":\"I corsi estivi 2012: regia, montaggio e sceneggiatura\",\"isPartOf\":{\"@id\":\"https:\\\/\\\/www.pigrecoemme.com\\\/blog\\\/#website\"},\"primaryImageOfPage\":{\"@id\":\"https:\\\/\\\/www.pigrecoemme.com\\\/blog\\\/i-corsi-estivi-2012-cinema-e-fotografia\\\/#primaryimage\"},\"image\":{\"@id\":\"https:\\\/\\\/www.pigrecoemme.com\\\/blog\\\/i-corsi-estivi-2012-cinema-e-fotografia\\\/#primaryimage\"},\"thumbnailUrl\":\"http:\\\/\\\/www.pigrecoemme.com\\\/corsi\\\/corso-di-sceneggiatura.jpg\",\"datePublished\":\"2012-05-26T15:25:03+00:00\",\"dateModified\":\"2014-11-07T16:52:16+00:00\",\"breadcrumb\":{\"@id\":\"https:\\\/\\\/www.pigrecoemme.com\\\/blog\\\/i-corsi-estivi-2012-cinema-e-fotografia\\\/#breadcrumb\"},\"inLanguage\":\"it-IT\",\"potentialAction\":[{\"@type\":\"ReadAction\",\"target\":[\"https:\\\/\\\/www.pigrecoemme.com\\\/blog\\\/i-corsi-estivi-2012-cinema-e-fotografia\\\/\"]}]},{\"@type\":\"ImageObject\",\"inLanguage\":\"it-IT\",\"@id\":\"https:\\\/\\\/www.pigrecoemme.com\\\/blog\\\/i-corsi-estivi-2012-cinema-e-fotografia\\\/#primaryimage\",\"url\":\"http:\\\/\\\/www.pigrecoemme.com\\\/corsi\\\/corso-di-sceneggiatura.jpg\",\"contentUrl\":\"http:\\\/\\\/www.pigrecoemme.com\\\/corsi\\\/corso-di-sceneggiatura.jpg\"},{\"@type\":\"BreadcrumbList\",\"@id\":\"https:\\\/\\\/www.pigrecoemme.com\\\/blog\\\/i-corsi-estivi-2012-cinema-e-fotografia\\\/#breadcrumb\",\"itemListElement\":[{\"@type\":\"ListItem\",\"position\":1,\"name\":\"Home\",\"item\":\"https:\\\/\\\/www.pigrecoemme.com\\\/blog\\\/\"},{\"@type\":\"ListItem\",\"position\":2,\"name\":\"I corsi estivi 2012: regia, montaggio e sceneggiatura\"}]},{\"@type\":\"WebSite\",\"@id\":\"https:\\\/\\\/www.pigrecoemme.com\\\/blog\\\/#website\",\"url\":\"https:\\\/\\\/www.pigrecoemme.com\\\/blog\\\/\",\"name\":\"Scuola di Cinema Pigrecoemme - Blog\",\"description\":\"Siamo la prima Scuola di Cinema e Fotografia di Napoli\",\"publisher\":{\"@id\":\"https:\\\/\\\/www.pigrecoemme.com\\\/blog\\\/#organization\"},\"potentialAction\":[{\"@type\":\"SearchAction\",\"target\":{\"@type\":\"EntryPoint\",\"urlTemplate\":\"https:\\\/\\\/www.pigrecoemme.com\\\/blog\\\/?s={search_term_string}\"},\"query-input\":{\"@type\":\"PropertyValueSpecification\",\"valueRequired\":true,\"valueName\":\"search_term_string\"}}],\"inLanguage\":\"it-IT\"},{\"@type\":\"Organization\",\"@id\":\"https:\\\/\\\/www.pigrecoemme.com\\\/blog\\\/#organization\",\"name\":\"Scuola di cinema e fotografia Pigrecoemme\",\"url\":\"https:\\\/\\\/www.pigrecoemme.com\\\/blog\\\/\",\"logo\":{\"@type\":\"ImageObject\",\"inLanguage\":\"it-IT\",\"@id\":\"https:\\\/\\\/www.pigrecoemme.com\\\/blog\\\/#\\\/schema\\\/logo\\\/image\\\/\",\"url\":\"https:\\\/\\\/i0.wp.com\\\/www.pigrecoemme.com\\\/blog\\\/wp-content\\\/uploads\\\/2018\\\/06\\\/logo-pigrecoemme-2018.png?fit=500%2C500&ssl=1\",\"contentUrl\":\"https:\\\/\\\/i0.wp.com\\\/www.pigrecoemme.com\\\/blog\\\/wp-content\\\/uploads\\\/2018\\\/06\\\/logo-pigrecoemme-2018.png?fit=500%2C500&ssl=1\",\"width\":500,\"height\":500,\"caption\":\"Scuola di cinema e fotografia Pigrecoemme\"},\"image\":{\"@id\":\"https:\\\/\\\/www.pigrecoemme.com\\\/blog\\\/#\\\/schema\\\/logo\\\/image\\\/\"},\"sameAs\":[\"https:\\\/\\\/www.facebook.com\\\/pigrecoemme\",\"https:\\\/\\\/x.com\\\/Pigrecoemme\",\"https:\\\/\\\/www.instagram.com\\\/pigrecoemme\\\/\",\"https:\\\/\\\/www.linkedin.com\\\/company\\\/pigrecoemme\\\/\",\"https:\\\/\\\/www.youtube.com\\\/pigrecoemme\"]},{\"@type\":\"Person\",\"@id\":\"https:\\\/\\\/www.pigrecoemme.com\\\/blog\\\/#\\\/schema\\\/person\\\/57fa822c3d209d3a2612fd0411ae63f4\",\"name\":\"Giacomo Fabbrocino\",\"image\":{\"@type\":\"ImageObject\",\"inLanguage\":\"it-IT\",\"@id\":\"https:\\\/\\\/secure.gravatar.com\\\/avatar\\\/0e4dfd4d05c06a03fffaffeb36fb181415ba11b91a6b566fa2e8ada75927db32?s=96&r=g\",\"url\":\"https:\\\/\\\/secure.gravatar.com\\\/avatar\\\/0e4dfd4d05c06a03fffaffeb36fb181415ba11b91a6b566fa2e8ada75927db32?s=96&r=g\",\"contentUrl\":\"https:\\\/\\\/secure.gravatar.com\\\/avatar\\\/0e4dfd4d05c06a03fffaffeb36fb181415ba11b91a6b566fa2e8ada75927db32?s=96&r=g\",\"caption\":\"Giacomo Fabbrocino\"},\"description\":\"Montatore cinematografico, autore di documentari sull'arte e di video d'artista, Giacomo \u00e8 responsabile della didattica e della comunicazione web della Scuola di Cinema, Fotografia e Televisione Pigrecoemme di Napoli.\",\"sameAs\":[\"http:\\\/\\\/www.pigrecoemme.com\\\/\",\"https:\\\/\\\/www.facebook.com\\\/giacomo.fabbrocino\"],\"url\":\"https:\\\/\\\/www.pigrecoemme.com\\\/blog\\\/author\\\/giacomo-fabbrocino\\\/\"}]}<\/script>\n<!-- \/ Yoast SEO plugin. -->","yoast_head_json":{"title":"I corsi estivi 2012: regia, montaggio e sceneggiatura","robots":{"index":"index","follow":"follow","max-snippet":"max-snippet:-1","max-image-preview":"max-image-preview:large","max-video-preview":"max-video-preview:-1"},"canonical":"https:\/\/www.pigrecoemme.com\/blog\/i-corsi-estivi-2012-cinema-e-fotografia\/","og_locale":"it_IT","og_type":"article","og_title":"I corsi estivi 2012: regia, montaggio e sceneggiatura","og_description":"Anche quest&#8217;estate Pigrecoememe ripropone la versione estiva dei suoi corsi. I programmi e il monte ore non variano rispetto ai tradizionali corsi invernali, ma le lezioni si svolgono a minor distanza tra loro, permettendo&hellip;","og_url":"https:\/\/www.pigrecoemme.com\/blog\/i-corsi-estivi-2012-cinema-e-fotografia\/","og_site_name":"Scuola di Cinema Pigrecoemme - Blog","article_publisher":"https:\/\/www.facebook.com\/pigrecoemme","article_author":"https:\/\/www.facebook.com\/giacomo.fabbrocino","article_published_time":"2012-05-26T15:25:03+00:00","article_modified_time":"2014-11-07T16:52:16+00:00","og_image":[{"url":"http:\/\/www.pigrecoemme.com\/corsi\/corso-di-sceneggiatura.jpg","type":"","width":"","height":""}],"author":"Giacomo Fabbrocino","twitter_card":"summary_large_image","twitter_creator":"@Pigrecoemme","twitter_site":"@Pigrecoemme","twitter_misc":{"Scritto da":"Giacomo Fabbrocino","Tempo di lettura stimato":"2 minuti"},"schema":{"@context":"https:\/\/schema.org","@graph":[{"@type":["Article","BlogPosting"],"@id":"https:\/\/www.pigrecoemme.com\/blog\/i-corsi-estivi-2012-cinema-e-fotografia\/#article","isPartOf":{"@id":"https:\/\/www.pigrecoemme.com\/blog\/i-corsi-estivi-2012-cinema-e-fotografia\/"},"author":{"name":"Giacomo Fabbrocino","@id":"https:\/\/www.pigrecoemme.com\/blog\/#\/schema\/person\/57fa822c3d209d3a2612fd0411ae63f4"},"headline":"I corsi estivi 2012: regia, montaggio e sceneggiatura","datePublished":"2012-05-26T15:25:03+00:00","dateModified":"2014-11-07T16:52:16+00:00","mainEntityOfPage":{"@id":"https:\/\/www.pigrecoemme.com\/blog\/i-corsi-estivi-2012-cinema-e-fotografia\/"},"wordCount":504,"commentCount":0,"publisher":{"@id":"https:\/\/www.pigrecoemme.com\/blog\/#organization"},"image":{"@id":"https:\/\/www.pigrecoemme.com\/blog\/i-corsi-estivi-2012-cinema-e-fotografia\/#primaryimage"},"thumbnailUrl":"http:\/\/www.pigrecoemme.com\/corsi\/corso-di-sceneggiatura.jpg","keywords":["adobe premiere","adobe premiere pro","corso di montaggio","corso di regia","corso di sceneggiatura","fin art","gestione del colore","premiere pro"],"articleSection":["Fotografia","Generale","Scuola di cinema"],"inLanguage":"it-IT","potentialAction":[{"@type":"CommentAction","name":"Comment","target":["https:\/\/www.pigrecoemme.com\/blog\/i-corsi-estivi-2012-cinema-e-fotografia\/#respond"]}]},{"@type":"WebPage","@id":"https:\/\/www.pigrecoemme.com\/blog\/i-corsi-estivi-2012-cinema-e-fotografia\/","url":"https:\/\/www.pigrecoemme.com\/blog\/i-corsi-estivi-2012-cinema-e-fotografia\/","name":"I corsi estivi 2012: regia, montaggio e sceneggiatura","isPartOf":{"@id":"https:\/\/www.pigrecoemme.com\/blog\/#website"},"primaryImageOfPage":{"@id":"https:\/\/www.pigrecoemme.com\/blog\/i-corsi-estivi-2012-cinema-e-fotografia\/#primaryimage"},"image":{"@id":"https:\/\/www.pigrecoemme.com\/blog\/i-corsi-estivi-2012-cinema-e-fotografia\/#primaryimage"},"thumbnailUrl":"http:\/\/www.pigrecoemme.com\/corsi\/corso-di-sceneggiatura.jpg","datePublished":"2012-05-26T15:25:03+00:00","dateModified":"2014-11-07T16:52:16+00:00","breadcrumb":{"@id":"https:\/\/www.pigrecoemme.com\/blog\/i-corsi-estivi-2012-cinema-e-fotografia\/#breadcrumb"},"inLanguage":"it-IT","potentialAction":[{"@type":"ReadAction","target":["https:\/\/www.pigrecoemme.com\/blog\/i-corsi-estivi-2012-cinema-e-fotografia\/"]}]},{"@type":"ImageObject","inLanguage":"it-IT","@id":"https:\/\/www.pigrecoemme.com\/blog\/i-corsi-estivi-2012-cinema-e-fotografia\/#primaryimage","url":"http:\/\/www.pigrecoemme.com\/corsi\/corso-di-sceneggiatura.jpg","contentUrl":"http:\/\/www.pigrecoemme.com\/corsi\/corso-di-sceneggiatura.jpg"},{"@type":"BreadcrumbList","@id":"https:\/\/www.pigrecoemme.com\/blog\/i-corsi-estivi-2012-cinema-e-fotografia\/#breadcrumb","itemListElement":[{"@type":"ListItem","position":1,"name":"Home","item":"https:\/\/www.pigrecoemme.com\/blog\/"},{"@type":"ListItem","position":2,"name":"I corsi estivi 2012: regia, montaggio e sceneggiatura"}]},{"@type":"WebSite","@id":"https:\/\/www.pigrecoemme.com\/blog\/#website","url":"https:\/\/www.pigrecoemme.com\/blog\/","name":"Scuola di Cinema Pigrecoemme - Blog","description":"Siamo la prima Scuola di Cinema e Fotografia di Napoli","publisher":{"@id":"https:\/\/www.pigrecoemme.com\/blog\/#organization"},"potentialAction":[{"@type":"SearchAction","target":{"@type":"EntryPoint","urlTemplate":"https:\/\/www.pigrecoemme.com\/blog\/?s={search_term_string}"},"query-input":{"@type":"PropertyValueSpecification","valueRequired":true,"valueName":"search_term_string"}}],"inLanguage":"it-IT"},{"@type":"Organization","@id":"https:\/\/www.pigrecoemme.com\/blog\/#organization","name":"Scuola di cinema e fotografia Pigrecoemme","url":"https:\/\/www.pigrecoemme.com\/blog\/","logo":{"@type":"ImageObject","inLanguage":"it-IT","@id":"https:\/\/www.pigrecoemme.com\/blog\/#\/schema\/logo\/image\/","url":"https:\/\/i0.wp.com\/www.pigrecoemme.com\/blog\/wp-content\/uploads\/2018\/06\/logo-pigrecoemme-2018.png?fit=500%2C500&ssl=1","contentUrl":"https:\/\/i0.wp.com\/www.pigrecoemme.com\/blog\/wp-content\/uploads\/2018\/06\/logo-pigrecoemme-2018.png?fit=500%2C500&ssl=1","width":500,"height":500,"caption":"Scuola di cinema e fotografia Pigrecoemme"},"image":{"@id":"https:\/\/www.pigrecoemme.com\/blog\/#\/schema\/logo\/image\/"},"sameAs":["https:\/\/www.facebook.com\/pigrecoemme","https:\/\/x.com\/Pigrecoemme","https:\/\/www.instagram.com\/pigrecoemme\/","https:\/\/www.linkedin.com\/company\/pigrecoemme\/","https:\/\/www.youtube.com\/pigrecoemme"]},{"@type":"Person","@id":"https:\/\/www.pigrecoemme.com\/blog\/#\/schema\/person\/57fa822c3d209d3a2612fd0411ae63f4","name":"Giacomo Fabbrocino","image":{"@type":"ImageObject","inLanguage":"it-IT","@id":"https:\/\/secure.gravatar.com\/avatar\/0e4dfd4d05c06a03fffaffeb36fb181415ba11b91a6b566fa2e8ada75927db32?s=96&r=g","url":"https:\/\/secure.gravatar.com\/avatar\/0e4dfd4d05c06a03fffaffeb36fb181415ba11b91a6b566fa2e8ada75927db32?s=96&r=g","contentUrl":"https:\/\/secure.gravatar.com\/avatar\/0e4dfd4d05c06a03fffaffeb36fb181415ba11b91a6b566fa2e8ada75927db32?s=96&r=g","caption":"Giacomo Fabbrocino"},"description":"Montatore cinematografico, autore di documentari sull'arte e di video d'artista, Giacomo \u00e8 responsabile della didattica e della comunicazione web della Scuola di Cinema, Fotografia e Televisione Pigrecoemme di Napoli.","sameAs":["http:\/\/www.pigrecoemme.com\/","https:\/\/www.facebook.com\/giacomo.fabbrocino"],"url":"https:\/\/www.pigrecoemme.com\/blog\/author\/giacomo-fabbrocino\/"}]}},"jetpack_sharing_enabled":true,"jetpack_likes_enabled":true,"jetpack-related-posts":[{"id":838,"url":"https:\/\/www.pigrecoemme.com\/blog\/i-corsi-estivi-di-regia-montaggio-e-sceneggiatura\/","url_meta":{"origin":505,"position":0},"title":"I corsi estivi di regia, montaggio e sceneggiatura","author":"Giacomo Fabbrocino","date":"14 Giugno 2014","format":false,"excerpt":"Tornano, nella consueta formula \"intensiva\", i corsi estivi di regia, montaggio e sceneggiatura. Identici nel programma e nella durata alla loro controparte \"invernale\", nella versione estiva i corsi propongono lezioni pi\u00f9 ravvicinate, permettendo una fruizione diversa a chi li abbia mancati durante l'anno accademico. Quote di partecipazione Il corso di\u2026","rel":"","context":"In &quot;Generale&quot;","block_context":{"text":"Generale","link":"https:\/\/www.pigrecoemme.com\/blog\/generale\/"},"img":{"alt_text":"CORSI ESTIVI DI CINEMA a Napoli","src":"https:\/\/i0.wp.com\/www.pigrecoemme.com\/blog\/wp-content\/uploads\/2014\/06\/corsi-estivi-di-cinema.jpg?resize=350%2C200","width":350,"height":200,"srcset":"https:\/\/i0.wp.com\/www.pigrecoemme.com\/blog\/wp-content\/uploads\/2014\/06\/corsi-estivi-di-cinema.jpg?resize=350%2C200 1x, https:\/\/i0.wp.com\/www.pigrecoemme.com\/blog\/wp-content\/uploads\/2014\/06\/corsi-estivi-di-cinema.jpg?resize=525%2C300 1.5x, https:\/\/i0.wp.com\/www.pigrecoemme.com\/blog\/wp-content\/uploads\/2014\/06\/corsi-estivi-di-cinema.jpg?resize=700%2C400 2x"},"classes":[]},{"id":146,"url":"https:\/\/www.pigrecoemme.com\/blog\/a-giugno-i-corsi-estivi-di-regia-montaggio-e-sceneggiatura\/","url_meta":{"origin":505,"position":1},"title":"A giugno i corsi estivi di regia, montaggio e sceneggiatura","author":"Giacomo Fabbrocino","date":"5 Maggio 2009","format":false,"excerpt":"Anche quest'anno la scuola di cinema Pigrecoemme propone i corsi estivi di regia, montaggio e sceneggiatura.Il corso di regia si svolger\u00e0 dall'8 al 13 giugno 2009. Tutte le lezioni si svolgeranno dalle 15.00 alle 19.00. La lezione di sabato 13 giugno si svolegr\u00e0, invece dalle 10.00 alle 14.00. (Programma)Il corso\u2026","rel":"","context":"In &quot;Scuola di cinema&quot;","block_context":{"text":"Scuola di cinema","link":"https:\/\/www.pigrecoemme.com\/blog\/scuola-di-cinema\/"},"img":{"alt_text":"","src":"https:\/\/i0.wp.com\/www.pigrecoemme.com\/blog\/wp-content\/uploads\/2009\/05\/summerofcourses.png?resize=350%2C200&ssl=1","width":350,"height":200},"classes":[]},{"id":3430,"url":"https:\/\/www.pigrecoemme.com\/blog\/i-prossimi-corsi-di-cinema-in-partenza\/","url_meta":{"origin":505,"position":2},"title":"I prossimi corsi di cinema in partenza a Napoli","author":"Pigrecoemme","date":"6 Novembre 2023","format":false,"excerpt":"Riaprono le iscrizioni ai corsi di cinema della Pigrecoemme, la scuola napoletana che dal 2000 forma professionisti dell'audiovisivo. Per informazioni email: corsi@pigrecoemme.com - Tel: 081.5635188 Il Corso Filmmaker (280 ore) Sono aperte le iscrizioni al corso \"Filmmaker\", un percorso studiato per chi non pu\u00f2 seguire il Corso Master, ma vuole\u2026","rel":"","context":"In &quot;Generale&quot;","block_context":{"text":"Generale","link":"https:\/\/www.pigrecoemme.com\/blog\/generale\/"},"img":{"alt_text":"","src":"https:\/\/i0.wp.com\/www.pigrecoemme.com\/blog\/wp-content\/uploads\/2023\/11\/corsi-di-cinema-napoli-2024.jpg?resize=350%2C200&ssl=1","width":350,"height":200,"srcset":"https:\/\/i0.wp.com\/www.pigrecoemme.com\/blog\/wp-content\/uploads\/2023\/11\/corsi-di-cinema-napoli-2024.jpg?resize=350%2C200&ssl=1 1x, https:\/\/i0.wp.com\/www.pigrecoemme.com\/blog\/wp-content\/uploads\/2023\/11\/corsi-di-cinema-napoli-2024.jpg?resize=525%2C300&ssl=1 1.5x, https:\/\/i0.wp.com\/www.pigrecoemme.com\/blog\/wp-content\/uploads\/2023\/11\/corsi-di-cinema-napoli-2024.jpg?resize=700%2C400&ssl=1 2x, https:\/\/i0.wp.com\/www.pigrecoemme.com\/blog\/wp-content\/uploads\/2023\/11\/corsi-di-cinema-napoli-2024.jpg?resize=1050%2C600&ssl=1 3x"},"classes":[]},{"id":3941,"url":"https:\/\/www.pigrecoemme.com\/blog\/i-corsi-di-cinema-in-partenza-a-gennaio-2026\/","url_meta":{"origin":505,"position":3},"title":"I corsi di cinema in partenza a gennaio 2026","author":"Pigrecoemme","date":"24 Novembre 2025","format":false,"excerpt":"Riaprono le iscrizioni alla Scuola di Cinema Pigrecoemme di Napoli Come ogni anno, da ormai 26 anni, a gennaio ripartono i corsi di cinema della storica Scuola di cinema Pigrecoemme di Napoli.Un'occasione concreta per immergersi nel linguaggio dell\u2019audiovisivo, acquisire competenze tecniche e maturare visione critica. Che tu voglia diventare regista,\u2026","rel":"","context":"In &quot;Generale&quot;","block_context":{"text":"Generale","link":"https:\/\/www.pigrecoemme.com\/blog\/generale\/"},"img":{"alt_text":"corsi di ciinema","src":"https:\/\/i0.wp.com\/www.pigrecoemme.com\/blog\/wp-content\/uploads\/2025\/11\/corsi-di-ciinema.jpg?resize=350%2C200&ssl=1","width":350,"height":200,"srcset":"https:\/\/i0.wp.com\/www.pigrecoemme.com\/blog\/wp-content\/uploads\/2025\/11\/corsi-di-ciinema.jpg?resize=350%2C200&ssl=1 1x, https:\/\/i0.wp.com\/www.pigrecoemme.com\/blog\/wp-content\/uploads\/2025\/11\/corsi-di-ciinema.jpg?resize=525%2C300&ssl=1 1.5x, https:\/\/i0.wp.com\/www.pigrecoemme.com\/blog\/wp-content\/uploads\/2025\/11\/corsi-di-ciinema.jpg?resize=700%2C400&ssl=1 2x, https:\/\/i0.wp.com\/www.pigrecoemme.com\/blog\/wp-content\/uploads\/2025\/11\/corsi-di-ciinema.jpg?resize=1050%2C600&ssl=1 3x"},"classes":[]},{"id":1678,"url":"https:\/\/www.pigrecoemme.com\/blog\/corsi-cinema-fotografia-partenza-ad-aprile\/","url_meta":{"origin":505,"position":4},"title":"I corsi di cinema e fotografia in partenza ad aprile","author":"Pigrecoemme","date":"8 Aprile 2016","format":false,"excerpt":"Stanno per partire i corsi di cinema e fotografia del ciclo primaverile. La Pigrecoemme \u00e8 attiva a Napoli dal 2000 nella didattica dell'audiovisivo e della fotografia. Siamo la scuola napoletana con maggiore storia e tradizione. Ecco un elenco delle nostre produzioni. Qui invece un elenco dei nostri docenti. Contatti Puoi\u2026","rel":"","context":"In &quot;Generale&quot;","block_context":{"text":"Generale","link":"https:\/\/www.pigrecoemme.com\/blog\/generale\/"},"img":{"alt_text":"corsi di cinema e fotografia napoli","src":"https:\/\/i0.wp.com\/www.pigrecoemme.com\/blog\/wp-content\/uploads\/2016\/04\/corsi-di-cinema-e-fotografia.jpg?resize=350%2C200","width":350,"height":200},"classes":[]},{"id":369,"url":"https:\/\/www.pigrecoemme.com\/blog\/nuovo-master-sconto\/","url_meta":{"origin":505,"position":5},"title":"Dal 27 ottobre 2011 il nuovo Master Pigrecoemme.  300 euro di sconto per chi si iscrive entro il 31 luglio.","author":"Rosario Gallone","date":"6 Giugno 2011","format":false,"excerpt":"Non \u00e8 ancora terminata l'annata 2010\/2011 e gi\u00e0 si programma quella 2011\/2012. Dal 24 ottobre partiranno i nuovi corsi di Analisi e critica (24 ottobre) Montaggio (25 ottobre) Regia (27 ottobre) Sceneggiatura (28 ottobre). Nella stessa settimana partir\u00e0 anche Il nuovo Master di cinema di Pigrecoemme. Chi si iscriver\u00e0 entro\u2026","rel":"","context":"In &quot;Scuola di cinema&quot;","block_context":{"text":"Scuola di cinema","link":"https:\/\/www.pigrecoemme.com\/blog\/scuola-di-cinema\/"},"img":{"alt_text":"","src":"https:\/\/i0.wp.com\/www.pigrecoemme.com\/blog\/wp-content\/uploads\/2025\/05\/corsi-di-cinema-napoli.fw_.png?resize=350%2C200&ssl=1","width":350,"height":200,"srcset":"https:\/\/i0.wp.com\/www.pigrecoemme.com\/blog\/wp-content\/uploads\/2025\/05\/corsi-di-cinema-napoli.fw_.png?resize=350%2C200&ssl=1 1x, https:\/\/i0.wp.com\/www.pigrecoemme.com\/blog\/wp-content\/uploads\/2025\/05\/corsi-di-cinema-napoli.fw_.png?resize=525%2C300&ssl=1 1.5x, https:\/\/i0.wp.com\/www.pigrecoemme.com\/blog\/wp-content\/uploads\/2025\/05\/corsi-di-cinema-napoli.fw_.png?resize=700%2C400&ssl=1 2x, https:\/\/i0.wp.com\/www.pigrecoemme.com\/blog\/wp-content\/uploads\/2025\/05\/corsi-di-cinema-napoli.fw_.png?resize=1050%2C600&ssl=1 3x"},"classes":[]}],"jetpack_featured_media_url":"","_links":{"self":[{"href":"https:\/\/www.pigrecoemme.com\/blog\/wp-json\/wp\/v2\/posts\/505","targetHints":{"allow":["GET"]}}],"collection":[{"href":"https:\/\/www.pigrecoemme.com\/blog\/wp-json\/wp\/v2\/posts"}],"about":[{"href":"https:\/\/www.pigrecoemme.com\/blog\/wp-json\/wp\/v2\/types\/post"}],"author":[{"embeddable":true,"href":"https:\/\/www.pigrecoemme.com\/blog\/wp-json\/wp\/v2\/users\/1"}],"replies":[{"embeddable":true,"href":"https:\/\/www.pigrecoemme.com\/blog\/wp-json\/wp\/v2\/comments?post=505"}],"version-history":[{"count":0,"href":"https:\/\/www.pigrecoemme.com\/blog\/wp-json\/wp\/v2\/posts\/505\/revisions"}],"wp:attachment":[{"href":"https:\/\/www.pigrecoemme.com\/blog\/wp-json\/wp\/v2\/media?parent=505"}],"wp:term":[{"taxonomy":"category","embeddable":true,"href":"https:\/\/www.pigrecoemme.com\/blog\/wp-json\/wp\/v2\/categories?post=505"},{"taxonomy":"post_tag","embeddable":true,"href":"https:\/\/www.pigrecoemme.com\/blog\/wp-json\/wp\/v2\/tags?post=505"}],"curies":[{"name":"wp","href":"https:\/\/api.w.org\/{rel}","templated":true}]}}