{"id":50,"date":"2008-05-08T17:11:05","date_gmt":"2008-05-08T15:11:05","guid":{"rendered":"http:\/\/www.pigrecoemme.com\/blog\/fuori-squadra-il-teaser-trailer\/"},"modified":"2015-01-09T00:52:40","modified_gmt":"2015-01-08T23:52:40","slug":"fuori-squadra-il-teaser-trailer","status":"publish","type":"post","link":"https:\/\/www.pigrecoemme.com\/blog\/fuori-squadra-il-teaser-trailer\/","title":{"rendered":"Fuori Squadra: il teaser trailer"},"content":{"rendered":"<p>Fuori squadra \u00e8  la sit-com prodotta da Pigrecoemme di cui vi abbiamo gi\u00e0 parlato da questo blog (<a href=\"https:\/\/www.pigrecoemme.com\/blog\/pigrecoemme-sulla-gazzetta-dello-sport\/\">link<\/a> e <a href=\"https:\/\/www.pigrecoemme.com\/blog\/si-gira-si-e-girato\/\">link<\/a>) . Domenica prossima, nel corso della trasmissione di Canale 9  &#8220;Tutti in campo&#8221; verr\u00e0 trasmesso il numero zero.<br \/>\nSiete tutti invitati a dire la vostra e, soprattutto, a sintonizzarvi domenica 11 maggio su Canale 9 a partire dalle 13.00. Al momento non sappiamo esattamente a che ora il numero zero sar\u00e0 trasmesso, ma la messa in onda avverr\u00e0 durante il contenitore calcistico  condotto da Carlo Alvino.<br \/>\nA chi segue da fuori Napoli ricordiamo che Canale 9 \u00e8 visibile anche in streaming sul web.<br \/>\nAlla realizzazione del numero zero hanno partecipato gli allievi della <a href=\"http:\/\/www.pigrecoemme.com\/\">Scuola di Cinema Pigrecoemme<\/a>.<br \/>\n<object width=\"400\" height=\"333\"><param name=\"movie\" value=\"http:\/\/video.libero.it\/static\/swf\/eltvplayer.swf?id=88e700cee5c06789e289ed56537a1027.flv&#038;ap=0\" \/><\/object><\/p>\n<p><strong>Edit:<\/strong> L&#8217;emittente ha messo l&#8217;intera anteprima su questa pagina web ed ha aperto un sondaggio sul gradimento.<\/p>\n","protected":false},"excerpt":{"rendered":"<p>Fuori squadra \u00e8 la sit-com prodotta da Pigrecoemme di cui vi abbiamo gi\u00e0 parlato da questo blog (link e link) . Domenica prossima, nel corso della trasmissione di Canale 9 &#8220;Tutti in campo&#8221; verr\u00e0&hellip;<\/p>\n","protected":false},"author":1,"featured_media":0,"comment_status":"open","ping_status":"open","sticky":false,"template":"","format":"standard","meta":{"_jetpack_newsletter_access":"","_jetpack_dont_email_post_to_subs":false,"_jetpack_newsletter_tier_id":0,"_jetpack_memberships_contains_paywalled_content":false,"_jetpack_feature_clip_id":0,"_jetpack_memberships_contains_paid_content":false,"footnotes":"","jetpack_post_was_ever_published":false},"categories":[12],"tags":[79,82,153,78,81,80,58,53,1280,152,83],"class_list":["post-50","post","type-post","status-publish","format-standard","hentry","category-produzioni","tag-ardone","tag-ardone-peluso-massa","tag-canale-9","tag-fuori-squadra","tag-massa","tag-peluso","tag-pigrecoemme","tag-rosario-gallone","tag-scuola-di-cinema","tag-sit-com","tag-sitcom"],"yoast_head":"<!-- This site is optimized with the Yoast SEO plugin v28.3 - https:\/\/yoast.com\/product\/yoast-seo-wordpress\/ -->\n<title>Fuori Squadra: il teaser trailer<\/title>\n<meta name=\"robots\" content=\"index, follow, max-snippet:-1, max-image-preview:large, max-video-preview:-1\" \/>\n<link rel=\"canonical\" href=\"https:\/\/www.pigrecoemme.com\/blog\/fuori-squadra-il-teaser-trailer\/\" \/>\n<meta property=\"og:locale\" content=\"it_IT\" \/>\n<meta property=\"og:type\" content=\"article\" \/>\n<meta property=\"og:title\" content=\"Fuori Squadra: il teaser trailer\" \/>\n<meta property=\"og:description\" content=\"Fuori squadra \u00e8 la sit-com prodotta da Pigrecoemme di cui vi abbiamo gi\u00e0 parlato da questo blog (link e link) . Domenica prossima, nel corso della trasmissione di Canale 9 &#8220;Tutti in campo&#8221; verr\u00e0 trasmesso il numero zero. Siete tutti &hellip; Continue reading &rarr;\" \/>\n<meta property=\"og:url\" content=\"https:\/\/www.pigrecoemme.com\/blog\/fuori-squadra-il-teaser-trailer\/\" \/>\n<meta property=\"og:site_name\" content=\"Scuola di Cinema Pigrecoemme - Blog\" \/>\n<meta property=\"article:publisher\" content=\"https:\/\/www.facebook.com\/pigrecoemme\" \/>\n<meta property=\"article:author\" content=\"https:\/\/www.facebook.com\/giacomo.fabbrocino\" \/>\n<meta property=\"article:published_time\" content=\"2008-05-08T15:11:05+00:00\" \/>\n<meta property=\"article:modified_time\" content=\"2015-01-08T23:52:40+00:00\" \/>\n<meta property=\"og:image\" content=\"https:\/\/i0.wp.com\/www.pigrecoemme.com\/blog\/wp-content\/uploads\/2014\/11\/pigrecoemme-test1.jpg?fit=484%2C252&ssl=1\" \/>\n\t<meta property=\"og:image:width\" content=\"484\" \/>\n\t<meta property=\"og:image:height\" content=\"252\" \/>\n\t<meta property=\"og:image:type\" content=\"image\/jpeg\" \/>\n<meta name=\"author\" content=\"Giacomo Fabbrocino\" \/>\n<meta name=\"twitter:card\" content=\"summary_large_image\" \/>\n<meta name=\"twitter:creator\" content=\"@Pigrecoemme\" \/>\n<meta name=\"twitter:site\" content=\"@Pigrecoemme\" \/>\n<meta name=\"twitter:label1\" content=\"Scritto da\" \/>\n\t<meta name=\"twitter:data1\" content=\"Giacomo Fabbrocino\" \/>\n\t<meta name=\"twitter:label2\" content=\"Tempo di lettura stimato\" \/>\n\t<meta name=\"twitter:data2\" content=\"1 minuto\" \/>\n<script type=\"application\/ld+json\" class=\"yoast-schema-graph\">{\"@context\":\"https:\\\/\\\/schema.org\",\"@graph\":[{\"@type\":[\"Article\",\"BlogPosting\"],\"@id\":\"https:\\\/\\\/www.pigrecoemme.com\\\/blog\\\/fuori-squadra-il-teaser-trailer\\\/#article\",\"isPartOf\":{\"@id\":\"https:\\\/\\\/www.pigrecoemme.com\\\/blog\\\/fuori-squadra-il-teaser-trailer\\\/\"},\"author\":{\"name\":\"Giacomo Fabbrocino\",\"@id\":\"https:\\\/\\\/www.pigrecoemme.com\\\/blog\\\/#\\\/schema\\\/person\\\/57fa822c3d209d3a2612fd0411ae63f4\"},\"headline\":\"Fuori Squadra: il teaser trailer\",\"datePublished\":\"2008-05-08T15:11:05+00:00\",\"dateModified\":\"2015-01-08T23:52:40+00:00\",\"mainEntityOfPage\":{\"@id\":\"https:\\\/\\\/www.pigrecoemme.com\\\/blog\\\/fuori-squadra-il-teaser-trailer\\\/\"},\"wordCount\":133,\"commentCount\":8,\"publisher\":{\"@id\":\"https:\\\/\\\/www.pigrecoemme.com\\\/blog\\\/#organization\"},\"keywords\":[\"ardone\",\"ardone peluso massa\",\"canale 9\",\"fuori squadra\",\"massa\",\"peluso\",\"pigrecoemme\",\"rosario gallone\",\"Scuola di cinema\",\"sit-com\",\"sitcom\"],\"articleSection\":[\"Produzioni\"],\"inLanguage\":\"it-IT\",\"potentialAction\":[{\"@type\":\"CommentAction\",\"name\":\"Comment\",\"target\":[\"https:\\\/\\\/www.pigrecoemme.com\\\/blog\\\/fuori-squadra-il-teaser-trailer\\\/#respond\"]}]},{\"@type\":\"WebPage\",\"@id\":\"https:\\\/\\\/www.pigrecoemme.com\\\/blog\\\/fuori-squadra-il-teaser-trailer\\\/\",\"url\":\"https:\\\/\\\/www.pigrecoemme.com\\\/blog\\\/fuori-squadra-il-teaser-trailer\\\/\",\"name\":\"Fuori Squadra: il teaser trailer\",\"isPartOf\":{\"@id\":\"https:\\\/\\\/www.pigrecoemme.com\\\/blog\\\/#website\"},\"datePublished\":\"2008-05-08T15:11:05+00:00\",\"dateModified\":\"2015-01-08T23:52:40+00:00\",\"breadcrumb\":{\"@id\":\"https:\\\/\\\/www.pigrecoemme.com\\\/blog\\\/fuori-squadra-il-teaser-trailer\\\/#breadcrumb\"},\"inLanguage\":\"it-IT\",\"potentialAction\":[{\"@type\":\"ReadAction\",\"target\":[\"https:\\\/\\\/www.pigrecoemme.com\\\/blog\\\/fuori-squadra-il-teaser-trailer\\\/\"]}]},{\"@type\":\"BreadcrumbList\",\"@id\":\"https:\\\/\\\/www.pigrecoemme.com\\\/blog\\\/fuori-squadra-il-teaser-trailer\\\/#breadcrumb\",\"itemListElement\":[{\"@type\":\"ListItem\",\"position\":1,\"name\":\"Home\",\"item\":\"https:\\\/\\\/www.pigrecoemme.com\\\/blog\\\/\"},{\"@type\":\"ListItem\",\"position\":2,\"name\":\"Fuori Squadra: il teaser trailer\"}]},{\"@type\":\"WebSite\",\"@id\":\"https:\\\/\\\/www.pigrecoemme.com\\\/blog\\\/#website\",\"url\":\"https:\\\/\\\/www.pigrecoemme.com\\\/blog\\\/\",\"name\":\"Scuola di Cinema Pigrecoemme - Blog\",\"description\":\"Siamo la prima Scuola di Cinema e Fotografia di Napoli\",\"publisher\":{\"@id\":\"https:\\\/\\\/www.pigrecoemme.com\\\/blog\\\/#organization\"},\"potentialAction\":[{\"@type\":\"SearchAction\",\"target\":{\"@type\":\"EntryPoint\",\"urlTemplate\":\"https:\\\/\\\/www.pigrecoemme.com\\\/blog\\\/?s={search_term_string}\"},\"query-input\":{\"@type\":\"PropertyValueSpecification\",\"valueRequired\":true,\"valueName\":\"search_term_string\"}}],\"inLanguage\":\"it-IT\"},{\"@type\":\"Organization\",\"@id\":\"https:\\\/\\\/www.pigrecoemme.com\\\/blog\\\/#organization\",\"name\":\"Scuola di cinema e fotografia Pigrecoemme\",\"url\":\"https:\\\/\\\/www.pigrecoemme.com\\\/blog\\\/\",\"logo\":{\"@type\":\"ImageObject\",\"inLanguage\":\"it-IT\",\"@id\":\"https:\\\/\\\/www.pigrecoemme.com\\\/blog\\\/#\\\/schema\\\/logo\\\/image\\\/\",\"url\":\"https:\\\/\\\/i0.wp.com\\\/www.pigrecoemme.com\\\/blog\\\/wp-content\\\/uploads\\\/2018\\\/06\\\/logo-pigrecoemme-2018.png?fit=500%2C500&ssl=1\",\"contentUrl\":\"https:\\\/\\\/i0.wp.com\\\/www.pigrecoemme.com\\\/blog\\\/wp-content\\\/uploads\\\/2018\\\/06\\\/logo-pigrecoemme-2018.png?fit=500%2C500&ssl=1\",\"width\":500,\"height\":500,\"caption\":\"Scuola di cinema e fotografia Pigrecoemme\"},\"image\":{\"@id\":\"https:\\\/\\\/www.pigrecoemme.com\\\/blog\\\/#\\\/schema\\\/logo\\\/image\\\/\"},\"sameAs\":[\"https:\\\/\\\/www.facebook.com\\\/pigrecoemme\",\"https:\\\/\\\/x.com\\\/Pigrecoemme\",\"https:\\\/\\\/www.instagram.com\\\/pigrecoemme\\\/\",\"https:\\\/\\\/www.linkedin.com\\\/company\\\/pigrecoemme\\\/\",\"https:\\\/\\\/www.youtube.com\\\/pigrecoemme\"]},{\"@type\":\"Person\",\"@id\":\"https:\\\/\\\/www.pigrecoemme.com\\\/blog\\\/#\\\/schema\\\/person\\\/57fa822c3d209d3a2612fd0411ae63f4\",\"name\":\"Giacomo Fabbrocino\",\"image\":{\"@type\":\"ImageObject\",\"inLanguage\":\"it-IT\",\"@id\":\"https:\\\/\\\/secure.gravatar.com\\\/avatar\\\/0e4dfd4d05c06a03fffaffeb36fb181415ba11b91a6b566fa2e8ada75927db32?s=96&r=g\",\"url\":\"https:\\\/\\\/secure.gravatar.com\\\/avatar\\\/0e4dfd4d05c06a03fffaffeb36fb181415ba11b91a6b566fa2e8ada75927db32?s=96&r=g\",\"contentUrl\":\"https:\\\/\\\/secure.gravatar.com\\\/avatar\\\/0e4dfd4d05c06a03fffaffeb36fb181415ba11b91a6b566fa2e8ada75927db32?s=96&r=g\",\"caption\":\"Giacomo Fabbrocino\"},\"description\":\"Montatore cinematografico, autore di documentari sull'arte e di video d'artista, Giacomo \u00e8 responsabile della didattica e della comunicazione web della Scuola di Cinema, Fotografia e Televisione Pigrecoemme di Napoli.\",\"sameAs\":[\"http:\\\/\\\/www.pigrecoemme.com\\\/\",\"https:\\\/\\\/www.facebook.com\\\/giacomo.fabbrocino\"],\"url\":\"https:\\\/\\\/www.pigrecoemme.com\\\/blog\\\/author\\\/giacomo-fabbrocino\\\/\"}]}<\/script>\n<!-- \/ Yoast SEO plugin. -->","yoast_head_json":{"title":"Fuori Squadra: il teaser trailer","robots":{"index":"index","follow":"follow","max-snippet":"max-snippet:-1","max-image-preview":"max-image-preview:large","max-video-preview":"max-video-preview:-1"},"canonical":"https:\/\/www.pigrecoemme.com\/blog\/fuori-squadra-il-teaser-trailer\/","og_locale":"it_IT","og_type":"article","og_title":"Fuori Squadra: il teaser trailer","og_description":"Fuori squadra \u00e8 la sit-com prodotta da Pigrecoemme di cui vi abbiamo gi\u00e0 parlato da questo blog (link e link) . Domenica prossima, nel corso della trasmissione di Canale 9 &#8220;Tutti in campo&#8221; verr\u00e0 trasmesso il numero zero. Siete tutti &hellip; Continue reading &rarr;","og_url":"https:\/\/www.pigrecoemme.com\/blog\/fuori-squadra-il-teaser-trailer\/","og_site_name":"Scuola di Cinema Pigrecoemme - Blog","article_publisher":"https:\/\/www.facebook.com\/pigrecoemme","article_author":"https:\/\/www.facebook.com\/giacomo.fabbrocino","article_published_time":"2008-05-08T15:11:05+00:00","article_modified_time":"2015-01-08T23:52:40+00:00","og_image":[{"width":484,"height":252,"url":"https:\/\/i0.wp.com\/www.pigrecoemme.com\/blog\/wp-content\/uploads\/2014\/11\/pigrecoemme-test1.jpg?fit=484%2C252&ssl=1","type":"image\/jpeg"}],"author":"Giacomo Fabbrocino","twitter_card":"summary_large_image","twitter_creator":"@Pigrecoemme","twitter_site":"@Pigrecoemme","twitter_misc":{"Scritto da":"Giacomo Fabbrocino","Tempo di lettura stimato":"1 minuto"},"schema":{"@context":"https:\/\/schema.org","@graph":[{"@type":["Article","BlogPosting"],"@id":"https:\/\/www.pigrecoemme.com\/blog\/fuori-squadra-il-teaser-trailer\/#article","isPartOf":{"@id":"https:\/\/www.pigrecoemme.com\/blog\/fuori-squadra-il-teaser-trailer\/"},"author":{"name":"Giacomo Fabbrocino","@id":"https:\/\/www.pigrecoemme.com\/blog\/#\/schema\/person\/57fa822c3d209d3a2612fd0411ae63f4"},"headline":"Fuori Squadra: il teaser trailer","datePublished":"2008-05-08T15:11:05+00:00","dateModified":"2015-01-08T23:52:40+00:00","mainEntityOfPage":{"@id":"https:\/\/www.pigrecoemme.com\/blog\/fuori-squadra-il-teaser-trailer\/"},"wordCount":133,"commentCount":8,"publisher":{"@id":"https:\/\/www.pigrecoemme.com\/blog\/#organization"},"keywords":["ardone","ardone peluso massa","canale 9","fuori squadra","massa","peluso","pigrecoemme","rosario gallone","Scuola di cinema","sit-com","sitcom"],"articleSection":["Produzioni"],"inLanguage":"it-IT","potentialAction":[{"@type":"CommentAction","name":"Comment","target":["https:\/\/www.pigrecoemme.com\/blog\/fuori-squadra-il-teaser-trailer\/#respond"]}]},{"@type":"WebPage","@id":"https:\/\/www.pigrecoemme.com\/blog\/fuori-squadra-il-teaser-trailer\/","url":"https:\/\/www.pigrecoemme.com\/blog\/fuori-squadra-il-teaser-trailer\/","name":"Fuori Squadra: il teaser trailer","isPartOf":{"@id":"https:\/\/www.pigrecoemme.com\/blog\/#website"},"datePublished":"2008-05-08T15:11:05+00:00","dateModified":"2015-01-08T23:52:40+00:00","breadcrumb":{"@id":"https:\/\/www.pigrecoemme.com\/blog\/fuori-squadra-il-teaser-trailer\/#breadcrumb"},"inLanguage":"it-IT","potentialAction":[{"@type":"ReadAction","target":["https:\/\/www.pigrecoemme.com\/blog\/fuori-squadra-il-teaser-trailer\/"]}]},{"@type":"BreadcrumbList","@id":"https:\/\/www.pigrecoemme.com\/blog\/fuori-squadra-il-teaser-trailer\/#breadcrumb","itemListElement":[{"@type":"ListItem","position":1,"name":"Home","item":"https:\/\/www.pigrecoemme.com\/blog\/"},{"@type":"ListItem","position":2,"name":"Fuori Squadra: il teaser trailer"}]},{"@type":"WebSite","@id":"https:\/\/www.pigrecoemme.com\/blog\/#website","url":"https:\/\/www.pigrecoemme.com\/blog\/","name":"Scuola di Cinema Pigrecoemme - Blog","description":"Siamo la prima Scuola di Cinema e Fotografia di Napoli","publisher":{"@id":"https:\/\/www.pigrecoemme.com\/blog\/#organization"},"potentialAction":[{"@type":"SearchAction","target":{"@type":"EntryPoint","urlTemplate":"https:\/\/www.pigrecoemme.com\/blog\/?s={search_term_string}"},"query-input":{"@type":"PropertyValueSpecification","valueRequired":true,"valueName":"search_term_string"}}],"inLanguage":"it-IT"},{"@type":"Organization","@id":"https:\/\/www.pigrecoemme.com\/blog\/#organization","name":"Scuola di cinema e fotografia Pigrecoemme","url":"https:\/\/www.pigrecoemme.com\/blog\/","logo":{"@type":"ImageObject","inLanguage":"it-IT","@id":"https:\/\/www.pigrecoemme.com\/blog\/#\/schema\/logo\/image\/","url":"https:\/\/i0.wp.com\/www.pigrecoemme.com\/blog\/wp-content\/uploads\/2018\/06\/logo-pigrecoemme-2018.png?fit=500%2C500&ssl=1","contentUrl":"https:\/\/i0.wp.com\/www.pigrecoemme.com\/blog\/wp-content\/uploads\/2018\/06\/logo-pigrecoemme-2018.png?fit=500%2C500&ssl=1","width":500,"height":500,"caption":"Scuola di cinema e fotografia Pigrecoemme"},"image":{"@id":"https:\/\/www.pigrecoemme.com\/blog\/#\/schema\/logo\/image\/"},"sameAs":["https:\/\/www.facebook.com\/pigrecoemme","https:\/\/x.com\/Pigrecoemme","https:\/\/www.instagram.com\/pigrecoemme\/","https:\/\/www.linkedin.com\/company\/pigrecoemme\/","https:\/\/www.youtube.com\/pigrecoemme"]},{"@type":"Person","@id":"https:\/\/www.pigrecoemme.com\/blog\/#\/schema\/person\/57fa822c3d209d3a2612fd0411ae63f4","name":"Giacomo Fabbrocino","image":{"@type":"ImageObject","inLanguage":"it-IT","@id":"https:\/\/secure.gravatar.com\/avatar\/0e4dfd4d05c06a03fffaffeb36fb181415ba11b91a6b566fa2e8ada75927db32?s=96&r=g","url":"https:\/\/secure.gravatar.com\/avatar\/0e4dfd4d05c06a03fffaffeb36fb181415ba11b91a6b566fa2e8ada75927db32?s=96&r=g","contentUrl":"https:\/\/secure.gravatar.com\/avatar\/0e4dfd4d05c06a03fffaffeb36fb181415ba11b91a6b566fa2e8ada75927db32?s=96&r=g","caption":"Giacomo Fabbrocino"},"description":"Montatore cinematografico, autore di documentari sull'arte e di video d'artista, Giacomo \u00e8 responsabile della didattica e della comunicazione web della Scuola di Cinema, Fotografia e Televisione Pigrecoemme di Napoli.","sameAs":["http:\/\/www.pigrecoemme.com\/","https:\/\/www.facebook.com\/giacomo.fabbrocino"],"url":"https:\/\/www.pigrecoemme.com\/blog\/author\/giacomo-fabbrocino\/"}]}},"jetpack_sharing_enabled":true,"jetpack_likes_enabled":true,"jetpack-related-posts":[{"id":52,"url":"https:\/\/www.pigrecoemme.com\/blog\/fuori-squadra-lanteprima-integrale\/","url_meta":{"origin":50,"position":0},"title":"Fuori Squadra: l&#8217;anteprima integrale","author":"Giacomo Fabbrocino","date":"21 Maggio 2008","format":false,"excerpt":"Ecco la versione integrale dell'anteprima di \"Fuori Squadra\" cos\u00ec come \u00e8 stata trasmessa da Canale 9.","rel":"","context":"In &quot;Produzioni&quot;","block_context":{"text":"Produzioni","link":"https:\/\/www.pigrecoemme.com\/blog\/produzioni\/"},"img":{"alt_text":"","src":"","width":0,"height":0},"classes":[]},{"id":31,"url":"https:\/\/www.pigrecoemme.com\/blog\/si-gira-si-e-girato\/","url_meta":{"origin":50,"position":1},"title":"Si Gira! (si \u00e8 girato&#8230;)","author":"Giacomo Fabbrocino","date":"4 Febbraio 2008","format":false,"excerpt":"Marted\u00ec scorso abbiamo girato due episodi di \"Fuori Squadra\", la nuova sitcom prodotta da Pigrecoemme e diretta da Rosario Gallone e Massimiliano Fieno. Protagonisti i tre noti comici Corrado Ardone, Massimo Peluso ed Ettore Massa. Qui potete vedere alcune foto di scena scattate da Luca Sorbo. Nell'operazione, che accanto al\u2026","rel":"","context":"In &quot;Produzioni&quot;","block_context":{"text":"Produzioni","link":"https:\/\/www.pigrecoemme.com\/blog\/produzioni\/"},"img":{"alt_text":"Ardone, Peluso, Massa","src":"https:\/\/i0.wp.com\/farm3.static.flickr.com\/2385\/2232549945_320a4357c0_m.jpg?resize=350%2C200","width":350,"height":200},"classes":[]},{"id":35,"url":"https:\/\/www.pigrecoemme.com\/blog\/pigrecoemme-sulla-gazzetta-dello-sport\/","url_meta":{"origin":50,"position":2},"title":"Pigrecoemme sulla Gazzetta dello Sport","author":"Giacomo Fabbrocino","date":"15 Febbraio 2008","format":false,"excerpt":"Il nostro Rosario Gallone ha realizzato il sogno di ogni vero regista: uscire sulla Gazzetta dello Sport. L'edizione campana del quotidiano sportivo ha infatti pubblicato un articolo su Fuori Squadra, la sitcom con il trio Ardone, Peluso e Massa che Pigrecoemme ha girato coinvolgendo gli allievi della scuola di cinema.\u2026","rel":"","context":"In &quot;Generale&quot;","block_context":{"text":"Generale","link":"https:\/\/www.pigrecoemme.com\/blog\/generale\/"},"img":{"alt_text":"Fuori Squadra sulla Gazzetta dello Sport","src":"https:\/\/i0.wp.com\/farm3.static.flickr.com\/2226\/2266093835_ac80b465c6_m.jpg?resize=350%2C200","width":350,"height":200},"classes":[]},{"id":168,"url":"https:\/\/www.pigrecoemme.com\/blog\/lo-spot-della-fondazione-affido-sui-canali-mediaset\/","url_meta":{"origin":50,"position":3},"title":"Lo spot della Fondazione Affido sui canali Mediaset","author":"Giacomo Fabbrocino","date":"5 Agosto 2009","format":false,"excerpt":"Lo spot \u201cFidarsi \u00e8 bene, affidarsi \u00e8 bello\u201d, interpretato dall\u2019attrice napoletana Isa Danieli, diretto dal regista Angelo Serio, scritto da Rosario Gallone, fotografato da Ugo Lo Pinto, montato da Lorenzo Peluso (tutti nostri docenti, compreso lo scenografo: Renato Lori) andr\u00e0 in onda sul nazionale. In particolare, verr\u00e0 trasmesso \u00a0dalle reti\u2026","rel":"","context":"In &quot;Generale&quot;","block_context":{"text":"Generale","link":"https:\/\/www.pigrecoemme.com\/blog\/generale\/"},"img":{"alt_text":"","src":"","width":0,"height":0},"classes":[]},{"id":539,"url":"https:\/\/www.pigrecoemme.com\/blog\/effetto-pigreco\/","url_meta":{"origin":50,"position":4},"title":"Effetto Pigreco&#8230;","author":"Rosario Gallone","date":"1 Ottobre 2012","format":false,"excerpt":"C'\u00e8 un po' di Pigrecoemme ogni giorno, in Tv, nei Festival, al cinema, ex allievi, docenti che ci convincono, sempre pi\u00f9, che la strada da noi percorsa, per quanto irta di difficolt\u00e0, sia quella di maggior soddisfazione, visti i risultati. Ecco allora che, mentre in Tv passa la fiction su\u2026","rel":"","context":"In &quot;Generale&quot;","block_context":{"text":"Generale","link":"https:\/\/www.pigrecoemme.com\/blog\/generale\/"},"img":{"alt_text":"","src":"https:\/\/i0.wp.com\/www.pigrecoemme.com\/blog\/wp-content\/uploads\/2012\/10\/545617_468010543220801_435415249_n1-300x126.jpg?resize=350%2C200","width":350,"height":200},"classes":[]},{"id":678,"url":"https:\/\/www.pigrecoemme.com\/blog\/chiude-con-gli-occhi-del-cinema\/","url_meta":{"origin":50,"position":5},"title":"Ultimo appuntamento della rassegna Con gli occhi del cinema","author":"Corrado Morra","date":"24 Giugno 2013","format":false,"excerpt":"Si conclude marted\u00ec 25 giugno la rassegna Con gli occhi del cinema, a cura dell\u2019associazione Tycho, in collaborazione con la Scuola di Cinema, Televisione e Fotografia Pigrecoemme, con una serata dedicata al cinema che racconta lo sport. Due le proiezioni in programma che, a ingresso gratuito fino a esaurimento posti,\u2026","rel":"","context":"In &quot;Eventi&quot;","block_context":{"text":"Eventi","link":"https:\/\/www.pigrecoemme.com\/blog\/eventi\/"},"img":{"alt_text":"","src":"https:\/\/i0.wp.com\/www.pigrecoemme.com\/blog\/wp-content\/uploads\/2013\/06\/gaetano-massa-300x200.jpg?resize=350%2C200","width":350,"height":200},"classes":[]}],"jetpack_featured_media_url":"","_links":{"self":[{"href":"https:\/\/www.pigrecoemme.com\/blog\/wp-json\/wp\/v2\/posts\/50","targetHints":{"allow":["GET"]}}],"collection":[{"href":"https:\/\/www.pigrecoemme.com\/blog\/wp-json\/wp\/v2\/posts"}],"about":[{"href":"https:\/\/www.pigrecoemme.com\/blog\/wp-json\/wp\/v2\/types\/post"}],"author":[{"embeddable":true,"href":"https:\/\/www.pigrecoemme.com\/blog\/wp-json\/wp\/v2\/users\/1"}],"replies":[{"embeddable":true,"href":"https:\/\/www.pigrecoemme.com\/blog\/wp-json\/wp\/v2\/comments?post=50"}],"version-history":[{"count":0,"href":"https:\/\/www.pigrecoemme.com\/blog\/wp-json\/wp\/v2\/posts\/50\/revisions"}],"wp:attachment":[{"href":"https:\/\/www.pigrecoemme.com\/blog\/wp-json\/wp\/v2\/media?parent=50"}],"wp:term":[{"taxonomy":"category","embeddable":true,"href":"https:\/\/www.pigrecoemme.com\/blog\/wp-json\/wp\/v2\/categories?post=50"},{"taxonomy":"post_tag","embeddable":true,"href":"https:\/\/www.pigrecoemme.com\/blog\/wp-json\/wp\/v2\/tags?post=50"}],"curies":[{"name":"wp","href":"https:\/\/api.w.org\/{rel}","templated":true}]}}