{"id":49,"date":"2008-04-12T00:38:07","date_gmt":"2008-04-11T22:38:07","guid":{"rendered":"http:\/\/www.pigrecoemme.com\/blog\/decalogo-per-aspiranti-autori-di-cortometraggi\/"},"modified":"2013-04-19T13:51:52","modified_gmt":"2013-04-19T11:51:52","slug":"decalogo-per-aspiranti-autori-di-cortometraggi","status":"publish","type":"post","link":"https:\/\/www.pigrecoemme.com\/blog\/decalogo-per-aspiranti-autori-di-cortometraggi\/","title":{"rendered":"Decalogo per aspiranti autori di cortometraggi"},"content":{"rendered":"<p><img data-recalc-dims=\"1\" decoding=\"async\" style=\"float: left\" src=\"https:\/\/i0.wp.com\/www.pigrecoemme.com\/blog\/wp-content\/uploads\/2008\/04\/caffe.jpg?w=860&#038;ssl=1\" alt=\"caff\u00e8\" \/>Vuoi girare un cortometraggio che inizia con il dettaglio di una sigaretta, ritratta proprio nel doloroso istante in cui viene accesa? Vuoi metterci anche un dettaglio di una caffettiera da cui esce, saporoso e corroborante, il caff\u00e8, con quel suo bel effetto sonoro? Vuoi anche metterci una mezza scena di mezzo nudo e magari, prima della prima inquadratura, una bella citazione di Pasolini? Hai gi\u00e0 in mente, chiaro, l&#8217;inizio: dettaglio sulla sveglia digitale, parte la radio, inquadratura da sotto il letto dei piedi del protagonista che ne scende per vestirsi e iniziare una nuova giornata? Vuoi farlo finire &#8220;che era tutto un sogno&#8221; e, magari, inquadrare da vicino il display di un cellulare che funge da sveglia &#8220;ch\u00e9 poi il suono lo mettiamo dopo&#8221;? Hai un amico che pu\u00f2 farti la sigletta introduttiva con MAYA?<br \/>\nHai, per caso, l&#8217;intenzione di mettere il tuo pezzo preferito come colonna sonora ININTERROTTA dell&#8217;intero corto o hai, ti prego dimmelo, gi\u00e0 con soddisfazione premeditato di far durare il suddetto pezzo per TUTTA la durata dei titoli di coda costringendo crudelmente i titoli in questione a durare pi\u00f9 del corto?<\/p>\n<p>0. CAMBIA IDEA SU <a href=\"http:\/\/www.pigrecoemme.com\/\">WWW.PIGRECOEMME.COM<\/a>!<\/p>\n<p><strong>Oppure<\/strong><\/p>\n<ol>\n<li>Smetti di fumare<\/li>\n<li>Apprendi il doloroso fatto che il caff\u00e9 nascente non \u00e8 la visione primordiale<\/li>\n<li>Sappi che non troverai un&#8217;attrice disposta a spogliarsi se non la paghi molto<\/li>\n<li>Sappi che la ragazza del corso di Inglese di cui sei innamorato non accetter\u00e0 di spogliarsi solo perch\u00e9 hai una Panasonic mini DV<\/li>\n<li>Leggi Pasolini<\/li>\n<li>Va&#8217; a letto un po&#8217; prima, la sera<\/li>\n<li>Compra una radiosveglia!<\/li>\n<li>Ammetti a te stesso che le introduzioni non sono il motivo per cui compri i giochi per la Playstation<\/li>\n<li>Sappi che alcune buone ragioni per cui vige il diritto d&#8217;autore esistono, tra le quali evitare che esistano corti con titoli di coda troppo lunghi<\/li>\n<\/ol>\n","protected":false},"excerpt":{"rendered":"<p>Vuoi girare un cortometraggio che inizia con il dettaglio di una sigaretta, ritratta proprio nel doloroso istante in cui viene accesa? Vuoi metterci anche un dettaglio di una caffettiera da cui esce, saporoso e&hellip;<\/p>\n","protected":false},"author":1,"featured_media":0,"comment_status":"open","ping_status":"open","sticky":false,"template":"","format":"standard","meta":{"_jetpack_newsletter_access":"","_jetpack_dont_email_post_to_subs":false,"_jetpack_newsletter_tier_id":0,"_jetpack_memberships_contains_paywalled_content":false,"_jetpack_feature_clip_id":0,"_jetpack_memberships_contains_paid_content":false,"footnotes":"","jetpack_post_was_ever_published":false},"categories":[1],"tags":[88,42,149,151,150,58,1280,87],"class_list":["post-49","post","type-post","status-publish","format-standard","hentry","category-generale","tag-corti","tag-cortometraggi","tag-decalogo","tag-decalogo-per-aspiranti-autori-di-cortometraggi","tag-giovani-registi","tag-pigrecoemme","tag-scuola-di-cinema","tag-scuole-di-cinema"],"yoast_head":"<!-- This site is optimized with the Yoast SEO plugin v28.4 - https:\/\/yoast.com\/product\/yoast-seo-wordpress\/ -->\n<title>Decalogo per aspiranti autori di cortometraggi<\/title>\n<meta name=\"robots\" content=\"index, follow, max-snippet:-1, max-image-preview:large, max-video-preview:-1\" \/>\n<link rel=\"canonical\" href=\"https:\/\/www.pigrecoemme.com\/blog\/decalogo-per-aspiranti-autori-di-cortometraggi\/\" \/>\n<meta property=\"og:locale\" content=\"it_IT\" \/>\n<meta property=\"og:type\" content=\"article\" \/>\n<meta property=\"og:title\" content=\"Decalogo per aspiranti autori di cortometraggi\" \/>\n<meta property=\"og:description\" content=\"Vuoi girare un cortometraggio che inizia con il dettaglio di una sigaretta, ritratta proprio nel doloroso istante in cui viene accesa? Vuoi metterci anche un dettaglio di una caffettiera da cui esce, saporoso e&hellip;\" \/>\n<meta property=\"og:url\" content=\"https:\/\/www.pigrecoemme.com\/blog\/decalogo-per-aspiranti-autori-di-cortometraggi\/\" \/>\n<meta property=\"og:site_name\" content=\"Scuola di Cinema Pigrecoemme - Blog\" \/>\n<meta property=\"article:publisher\" content=\"https:\/\/www.facebook.com\/pigrecoemme\" \/>\n<meta property=\"article:author\" content=\"https:\/\/www.facebook.com\/giacomo.fabbrocino\" \/>\n<meta property=\"article:published_time\" content=\"2008-04-11T22:38:07+00:00\" \/>\n<meta property=\"article:modified_time\" content=\"2013-04-19T11:51:52+00:00\" \/>\n<meta property=\"og:image\" content=\"http:\/\/www.pigrecoemme.com\/blog\/wp-content\/uploads\/2008\/04\/caffe.jpg\" \/>\n<meta name=\"author\" content=\"Giacomo Fabbrocino\" \/>\n<meta name=\"twitter:card\" content=\"summary_large_image\" \/>\n<meta name=\"twitter:creator\" content=\"@Pigrecoemme\" \/>\n<meta name=\"twitter:site\" content=\"@Pigrecoemme\" \/>\n<meta name=\"twitter:label1\" content=\"Scritto da\" \/>\n\t<meta name=\"twitter:data1\" content=\"Giacomo Fabbrocino\" \/>\n\t<meta name=\"twitter:label2\" content=\"Tempo di lettura stimato\" \/>\n\t<meta name=\"twitter:data2\" content=\"2 minuti\" \/>\n<script type=\"application\/ld+json\" class=\"yoast-schema-graph\">{\"@context\":\"https:\\\/\\\/schema.org\",\"@graph\":[{\"@type\":[\"Article\",\"BlogPosting\"],\"@id\":\"https:\\\/\\\/www.pigrecoemme.com\\\/blog\\\/decalogo-per-aspiranti-autori-di-cortometraggi\\\/#article\",\"isPartOf\":{\"@id\":\"https:\\\/\\\/www.pigrecoemme.com\\\/blog\\\/decalogo-per-aspiranti-autori-di-cortometraggi\\\/\"},\"author\":{\"name\":\"Giacomo Fabbrocino\",\"@id\":\"https:\\\/\\\/www.pigrecoemme.com\\\/blog\\\/#\\\/schema\\\/person\\\/57fa822c3d209d3a2612fd0411ae63f4\"},\"headline\":\"Decalogo per aspiranti autori di cortometraggi\",\"datePublished\":\"2008-04-11T22:38:07+00:00\",\"dateModified\":\"2013-04-19T11:51:52+00:00\",\"mainEntityOfPage\":{\"@id\":\"https:\\\/\\\/www.pigrecoemme.com\\\/blog\\\/decalogo-per-aspiranti-autori-di-cortometraggi\\\/\"},\"wordCount\":311,\"commentCount\":4,\"publisher\":{\"@id\":\"https:\\\/\\\/www.pigrecoemme.com\\\/blog\\\/#organization\"},\"image\":{\"@id\":\"https:\\\/\\\/www.pigrecoemme.com\\\/blog\\\/decalogo-per-aspiranti-autori-di-cortometraggi\\\/#primaryimage\"},\"thumbnailUrl\":\"http:\\\/\\\/www.pigrecoemme.com\\\/blog\\\/wp-content\\\/uploads\\\/2008\\\/04\\\/caffe.jpg\",\"keywords\":[\"corti\",\"cortometraggi\",\"decalogo\",\"Decalogo per aspiranti autori di cortometraggi\",\"giovani registi\",\"pigrecoemme\",\"Scuola di cinema\",\"scuole di cinema\"],\"articleSection\":[\"Generale\"],\"inLanguage\":\"it-IT\",\"potentialAction\":[{\"@type\":\"CommentAction\",\"name\":\"Comment\",\"target\":[\"https:\\\/\\\/www.pigrecoemme.com\\\/blog\\\/decalogo-per-aspiranti-autori-di-cortometraggi\\\/#respond\"]}]},{\"@type\":\"WebPage\",\"@id\":\"https:\\\/\\\/www.pigrecoemme.com\\\/blog\\\/decalogo-per-aspiranti-autori-di-cortometraggi\\\/\",\"url\":\"https:\\\/\\\/www.pigrecoemme.com\\\/blog\\\/decalogo-per-aspiranti-autori-di-cortometraggi\\\/\",\"name\":\"Decalogo per aspiranti autori di cortometraggi\",\"isPartOf\":{\"@id\":\"https:\\\/\\\/www.pigrecoemme.com\\\/blog\\\/#website\"},\"primaryImageOfPage\":{\"@id\":\"https:\\\/\\\/www.pigrecoemme.com\\\/blog\\\/decalogo-per-aspiranti-autori-di-cortometraggi\\\/#primaryimage\"},\"image\":{\"@id\":\"https:\\\/\\\/www.pigrecoemme.com\\\/blog\\\/decalogo-per-aspiranti-autori-di-cortometraggi\\\/#primaryimage\"},\"thumbnailUrl\":\"http:\\\/\\\/www.pigrecoemme.com\\\/blog\\\/wp-content\\\/uploads\\\/2008\\\/04\\\/caffe.jpg\",\"datePublished\":\"2008-04-11T22:38:07+00:00\",\"dateModified\":\"2013-04-19T11:51:52+00:00\",\"breadcrumb\":{\"@id\":\"https:\\\/\\\/www.pigrecoemme.com\\\/blog\\\/decalogo-per-aspiranti-autori-di-cortometraggi\\\/#breadcrumb\"},\"inLanguage\":\"it-IT\",\"potentialAction\":[{\"@type\":\"ReadAction\",\"target\":[\"https:\\\/\\\/www.pigrecoemme.com\\\/blog\\\/decalogo-per-aspiranti-autori-di-cortometraggi\\\/\"]}]},{\"@type\":\"ImageObject\",\"inLanguage\":\"it-IT\",\"@id\":\"https:\\\/\\\/www.pigrecoemme.com\\\/blog\\\/decalogo-per-aspiranti-autori-di-cortometraggi\\\/#primaryimage\",\"url\":\"http:\\\/\\\/www.pigrecoemme.com\\\/blog\\\/wp-content\\\/uploads\\\/2008\\\/04\\\/caffe.jpg\",\"contentUrl\":\"http:\\\/\\\/www.pigrecoemme.com\\\/blog\\\/wp-content\\\/uploads\\\/2008\\\/04\\\/caffe.jpg\"},{\"@type\":\"BreadcrumbList\",\"@id\":\"https:\\\/\\\/www.pigrecoemme.com\\\/blog\\\/decalogo-per-aspiranti-autori-di-cortometraggi\\\/#breadcrumb\",\"itemListElement\":[{\"@type\":\"ListItem\",\"position\":1,\"name\":\"Home\",\"item\":\"https:\\\/\\\/www.pigrecoemme.com\\\/blog\\\/\"},{\"@type\":\"ListItem\",\"position\":2,\"name\":\"Decalogo per aspiranti autori di cortometraggi\"}]},{\"@type\":\"WebSite\",\"@id\":\"https:\\\/\\\/www.pigrecoemme.com\\\/blog\\\/#website\",\"url\":\"https:\\\/\\\/www.pigrecoemme.com\\\/blog\\\/\",\"name\":\"Scuola di Cinema Pigrecoemme - Blog\",\"description\":\"Siamo la prima Scuola di Cinema e Fotografia di Napoli\",\"publisher\":{\"@id\":\"https:\\\/\\\/www.pigrecoemme.com\\\/blog\\\/#organization\"},\"potentialAction\":[{\"@type\":\"SearchAction\",\"target\":{\"@type\":\"EntryPoint\",\"urlTemplate\":\"https:\\\/\\\/www.pigrecoemme.com\\\/blog\\\/?s={search_term_string}\"},\"query-input\":{\"@type\":\"PropertyValueSpecification\",\"valueRequired\":true,\"valueName\":\"search_term_string\"}}],\"inLanguage\":\"it-IT\"},{\"@type\":\"Organization\",\"@id\":\"https:\\\/\\\/www.pigrecoemme.com\\\/blog\\\/#organization\",\"name\":\"Scuola di cinema e fotografia Pigrecoemme\",\"url\":\"https:\\\/\\\/www.pigrecoemme.com\\\/blog\\\/\",\"logo\":{\"@type\":\"ImageObject\",\"inLanguage\":\"it-IT\",\"@id\":\"https:\\\/\\\/www.pigrecoemme.com\\\/blog\\\/#\\\/schema\\\/logo\\\/image\\\/\",\"url\":\"https:\\\/\\\/i0.wp.com\\\/www.pigrecoemme.com\\\/blog\\\/wp-content\\\/uploads\\\/2018\\\/06\\\/logo-pigrecoemme-2018.png?fit=500%2C500&ssl=1\",\"contentUrl\":\"https:\\\/\\\/i0.wp.com\\\/www.pigrecoemme.com\\\/blog\\\/wp-content\\\/uploads\\\/2018\\\/06\\\/logo-pigrecoemme-2018.png?fit=500%2C500&ssl=1\",\"width\":500,\"height\":500,\"caption\":\"Scuola di cinema e fotografia Pigrecoemme\"},\"image\":{\"@id\":\"https:\\\/\\\/www.pigrecoemme.com\\\/blog\\\/#\\\/schema\\\/logo\\\/image\\\/\"},\"sameAs\":[\"https:\\\/\\\/www.facebook.com\\\/pigrecoemme\",\"https:\\\/\\\/x.com\\\/Pigrecoemme\",\"https:\\\/\\\/www.instagram.com\\\/pigrecoemme\\\/\",\"https:\\\/\\\/www.linkedin.com\\\/company\\\/pigrecoemme\\\/\",\"https:\\\/\\\/www.youtube.com\\\/pigrecoemme\"]},{\"@type\":\"Person\",\"@id\":\"https:\\\/\\\/www.pigrecoemme.com\\\/blog\\\/#\\\/schema\\\/person\\\/57fa822c3d209d3a2612fd0411ae63f4\",\"name\":\"Giacomo Fabbrocino\",\"image\":{\"@type\":\"ImageObject\",\"inLanguage\":\"it-IT\",\"@id\":\"https:\\\/\\\/secure.gravatar.com\\\/avatar\\\/0e4dfd4d05c06a03fffaffeb36fb181415ba11b91a6b566fa2e8ada75927db32?s=96&r=g\",\"url\":\"https:\\\/\\\/secure.gravatar.com\\\/avatar\\\/0e4dfd4d05c06a03fffaffeb36fb181415ba11b91a6b566fa2e8ada75927db32?s=96&r=g\",\"contentUrl\":\"https:\\\/\\\/secure.gravatar.com\\\/avatar\\\/0e4dfd4d05c06a03fffaffeb36fb181415ba11b91a6b566fa2e8ada75927db32?s=96&r=g\",\"caption\":\"Giacomo Fabbrocino\"},\"description\":\"Montatore cinematografico, autore di documentari sull'arte e di video d'artista, Giacomo \u00e8 responsabile della didattica e della comunicazione web della Scuola di Cinema, Fotografia e Televisione Pigrecoemme di Napoli.\",\"sameAs\":[\"http:\\\/\\\/www.pigrecoemme.com\\\/\",\"https:\\\/\\\/www.facebook.com\\\/giacomo.fabbrocino\"],\"url\":\"https:\\\/\\\/www.pigrecoemme.com\\\/blog\\\/author\\\/giacomo-fabbrocino\\\/\"}]}<\/script>\n<!-- \/ Yoast SEO plugin. -->","yoast_head_json":{"title":"Decalogo per aspiranti autori di cortometraggi","robots":{"index":"index","follow":"follow","max-snippet":"max-snippet:-1","max-image-preview":"max-image-preview:large","max-video-preview":"max-video-preview:-1"},"canonical":"https:\/\/www.pigrecoemme.com\/blog\/decalogo-per-aspiranti-autori-di-cortometraggi\/","og_locale":"it_IT","og_type":"article","og_title":"Decalogo per aspiranti autori di cortometraggi","og_description":"Vuoi girare un cortometraggio che inizia con il dettaglio di una sigaretta, ritratta proprio nel doloroso istante in cui viene accesa? Vuoi metterci anche un dettaglio di una caffettiera da cui esce, saporoso e&hellip;","og_url":"https:\/\/www.pigrecoemme.com\/blog\/decalogo-per-aspiranti-autori-di-cortometraggi\/","og_site_name":"Scuola di Cinema Pigrecoemme - Blog","article_publisher":"https:\/\/www.facebook.com\/pigrecoemme","article_author":"https:\/\/www.facebook.com\/giacomo.fabbrocino","article_published_time":"2008-04-11T22:38:07+00:00","article_modified_time":"2013-04-19T11:51:52+00:00","og_image":[{"url":"http:\/\/www.pigrecoemme.com\/blog\/wp-content\/uploads\/2008\/04\/caffe.jpg","type":"","width":"","height":""}],"author":"Giacomo Fabbrocino","twitter_card":"summary_large_image","twitter_creator":"@Pigrecoemme","twitter_site":"@Pigrecoemme","twitter_misc":{"Scritto da":"Giacomo Fabbrocino","Tempo di lettura stimato":"2 minuti"},"schema":{"@context":"https:\/\/schema.org","@graph":[{"@type":["Article","BlogPosting"],"@id":"https:\/\/www.pigrecoemme.com\/blog\/decalogo-per-aspiranti-autori-di-cortometraggi\/#article","isPartOf":{"@id":"https:\/\/www.pigrecoemme.com\/blog\/decalogo-per-aspiranti-autori-di-cortometraggi\/"},"author":{"name":"Giacomo Fabbrocino","@id":"https:\/\/www.pigrecoemme.com\/blog\/#\/schema\/person\/57fa822c3d209d3a2612fd0411ae63f4"},"headline":"Decalogo per aspiranti autori di cortometraggi","datePublished":"2008-04-11T22:38:07+00:00","dateModified":"2013-04-19T11:51:52+00:00","mainEntityOfPage":{"@id":"https:\/\/www.pigrecoemme.com\/blog\/decalogo-per-aspiranti-autori-di-cortometraggi\/"},"wordCount":311,"commentCount":4,"publisher":{"@id":"https:\/\/www.pigrecoemme.com\/blog\/#organization"},"image":{"@id":"https:\/\/www.pigrecoemme.com\/blog\/decalogo-per-aspiranti-autori-di-cortometraggi\/#primaryimage"},"thumbnailUrl":"http:\/\/www.pigrecoemme.com\/blog\/wp-content\/uploads\/2008\/04\/caffe.jpg","keywords":["corti","cortometraggi","decalogo","Decalogo per aspiranti autori di cortometraggi","giovani registi","pigrecoemme","Scuola di cinema","scuole di cinema"],"articleSection":["Generale"],"inLanguage":"it-IT","potentialAction":[{"@type":"CommentAction","name":"Comment","target":["https:\/\/www.pigrecoemme.com\/blog\/decalogo-per-aspiranti-autori-di-cortometraggi\/#respond"]}]},{"@type":"WebPage","@id":"https:\/\/www.pigrecoemme.com\/blog\/decalogo-per-aspiranti-autori-di-cortometraggi\/","url":"https:\/\/www.pigrecoemme.com\/blog\/decalogo-per-aspiranti-autori-di-cortometraggi\/","name":"Decalogo per aspiranti autori di cortometraggi","isPartOf":{"@id":"https:\/\/www.pigrecoemme.com\/blog\/#website"},"primaryImageOfPage":{"@id":"https:\/\/www.pigrecoemme.com\/blog\/decalogo-per-aspiranti-autori-di-cortometraggi\/#primaryimage"},"image":{"@id":"https:\/\/www.pigrecoemme.com\/blog\/decalogo-per-aspiranti-autori-di-cortometraggi\/#primaryimage"},"thumbnailUrl":"http:\/\/www.pigrecoemme.com\/blog\/wp-content\/uploads\/2008\/04\/caffe.jpg","datePublished":"2008-04-11T22:38:07+00:00","dateModified":"2013-04-19T11:51:52+00:00","breadcrumb":{"@id":"https:\/\/www.pigrecoemme.com\/blog\/decalogo-per-aspiranti-autori-di-cortometraggi\/#breadcrumb"},"inLanguage":"it-IT","potentialAction":[{"@type":"ReadAction","target":["https:\/\/www.pigrecoemme.com\/blog\/decalogo-per-aspiranti-autori-di-cortometraggi\/"]}]},{"@type":"ImageObject","inLanguage":"it-IT","@id":"https:\/\/www.pigrecoemme.com\/blog\/decalogo-per-aspiranti-autori-di-cortometraggi\/#primaryimage","url":"http:\/\/www.pigrecoemme.com\/blog\/wp-content\/uploads\/2008\/04\/caffe.jpg","contentUrl":"http:\/\/www.pigrecoemme.com\/blog\/wp-content\/uploads\/2008\/04\/caffe.jpg"},{"@type":"BreadcrumbList","@id":"https:\/\/www.pigrecoemme.com\/blog\/decalogo-per-aspiranti-autori-di-cortometraggi\/#breadcrumb","itemListElement":[{"@type":"ListItem","position":1,"name":"Home","item":"https:\/\/www.pigrecoemme.com\/blog\/"},{"@type":"ListItem","position":2,"name":"Decalogo per aspiranti autori di cortometraggi"}]},{"@type":"WebSite","@id":"https:\/\/www.pigrecoemme.com\/blog\/#website","url":"https:\/\/www.pigrecoemme.com\/blog\/","name":"Scuola di Cinema Pigrecoemme - Blog","description":"Siamo la prima Scuola di Cinema e Fotografia di Napoli","publisher":{"@id":"https:\/\/www.pigrecoemme.com\/blog\/#organization"},"potentialAction":[{"@type":"SearchAction","target":{"@type":"EntryPoint","urlTemplate":"https:\/\/www.pigrecoemme.com\/blog\/?s={search_term_string}"},"query-input":{"@type":"PropertyValueSpecification","valueRequired":true,"valueName":"search_term_string"}}],"inLanguage":"it-IT"},{"@type":"Organization","@id":"https:\/\/www.pigrecoemme.com\/blog\/#organization","name":"Scuola di cinema e fotografia Pigrecoemme","url":"https:\/\/www.pigrecoemme.com\/blog\/","logo":{"@type":"ImageObject","inLanguage":"it-IT","@id":"https:\/\/www.pigrecoemme.com\/blog\/#\/schema\/logo\/image\/","url":"https:\/\/i0.wp.com\/www.pigrecoemme.com\/blog\/wp-content\/uploads\/2018\/06\/logo-pigrecoemme-2018.png?fit=500%2C500&ssl=1","contentUrl":"https:\/\/i0.wp.com\/www.pigrecoemme.com\/blog\/wp-content\/uploads\/2018\/06\/logo-pigrecoemme-2018.png?fit=500%2C500&ssl=1","width":500,"height":500,"caption":"Scuola di cinema e fotografia Pigrecoemme"},"image":{"@id":"https:\/\/www.pigrecoemme.com\/blog\/#\/schema\/logo\/image\/"},"sameAs":["https:\/\/www.facebook.com\/pigrecoemme","https:\/\/x.com\/Pigrecoemme","https:\/\/www.instagram.com\/pigrecoemme\/","https:\/\/www.linkedin.com\/company\/pigrecoemme\/","https:\/\/www.youtube.com\/pigrecoemme"]},{"@type":"Person","@id":"https:\/\/www.pigrecoemme.com\/blog\/#\/schema\/person\/57fa822c3d209d3a2612fd0411ae63f4","name":"Giacomo Fabbrocino","image":{"@type":"ImageObject","inLanguage":"it-IT","@id":"https:\/\/secure.gravatar.com\/avatar\/0e4dfd4d05c06a03fffaffeb36fb181415ba11b91a6b566fa2e8ada75927db32?s=96&r=g","url":"https:\/\/secure.gravatar.com\/avatar\/0e4dfd4d05c06a03fffaffeb36fb181415ba11b91a6b566fa2e8ada75927db32?s=96&r=g","contentUrl":"https:\/\/secure.gravatar.com\/avatar\/0e4dfd4d05c06a03fffaffeb36fb181415ba11b91a6b566fa2e8ada75927db32?s=96&r=g","caption":"Giacomo Fabbrocino"},"description":"Montatore cinematografico, autore di documentari sull'arte e di video d'artista, Giacomo \u00e8 responsabile della didattica e della comunicazione web della Scuola di Cinema, Fotografia e Televisione Pigrecoemme di Napoli.","sameAs":["http:\/\/www.pigrecoemme.com\/","https:\/\/www.facebook.com\/giacomo.fabbrocino"],"url":"https:\/\/www.pigrecoemme.com\/blog\/author\/giacomo-fabbrocino\/"}]}},"jetpack_sharing_enabled":true,"jetpack_likes_enabled":true,"jetpack-related-posts":[{"id":108,"url":"https:\/\/www.pigrecoemme.com\/blog\/sabato-13-dicembre-cortometraggi-al-trip-di-via-martucci-napoli\/","url_meta":{"origin":49,"position":0},"title":"Sabato 13 dicembre cortometraggi al TRIP di Via Martucci, Napoli.","author":"Giacomo Fabbrocino","date":"5 Dicembre 2008","format":false,"excerpt":"Serata dedicata al mondo del cinema, con particolare riguardo alle produzioni indipendenti di cortometraggi, quella di sabato 13 dicembre 2008, al Trip. Ricco il programma dell'evento, organizzato dallo spazio di Via Martucci con la Scuola di cinema di Napoli Pigrecoemme, che parte alle ore 18,00 con un incontro-dibattito sul tema\u2026","rel":"","context":"In &quot;Eventi&quot;","block_context":{"text":"Eventi","link":"https:\/\/www.pigrecoemme.com\/blog\/eventi\/"},"img":{"alt_text":"","src":"https:\/\/i0.wp.com\/www.pigrecoemme.com\/blog\/wp-content\/uploads\/2008\/12\/locandinafilmfestivalen2008-205x300.jpg?resize=350%2C200","width":350,"height":200},"classes":[]},{"id":133,"url":"https:\/\/www.pigrecoemme.com\/blog\/a-corto-di-idee\/","url_meta":{"origin":49,"position":1},"title":"A corto di Idee","author":"Giacomo Fabbrocino","date":"5 Marzo 2009","format":false,"excerpt":"16-17 maggio 2009 - Seconda rassegna di cortometraggi indipendenti. Maiori (SA), Hotel Pietra di Luna, Sala Congressi. Scadenza del bando: 27 aprile 2009 Per informazioni: associazionehappyhours@gmail.com Scarica il bando Scarica l'entry form L'associazione culturale senza scopo di lucro \u201cHappy Hours\u201d, organizza la 2\u00b0 edizione della Rassegna \"A CORTO di idee\".\u2026","rel":"","context":"In &quot;Eventi&quot;","block_context":{"text":"Eventi","link":"https:\/\/www.pigrecoemme.com\/blog\/eventi\/"},"img":{"alt_text":"","src":"https:\/\/i0.wp.com\/www.pigrecoemme.com\/a-corto-di-idee\/a-corto-di-idee-2009.jpg?resize=350%2C200","width":350,"height":200},"classes":[]},{"id":32,"url":"https:\/\/www.pigrecoemme.com\/blog\/o-curt-x-edizione-del-festival-del-cortometraggio\/","url_meta":{"origin":49,"position":2},"title":"&#8216;O Curt &#8211; X edizione del festival del cortometraggio","author":"Giacomo Fabbrocino","date":"4 Febbraio 2008","format":false,"excerpt":"Dal 6 al 9 febbraio a Napoli si rinnova l\u2019appuntamento con \u2019O CURT Festival del cortometraggio, che quest\u2019anno giunge al prestigioso traguardo della decima edizione. La rassegna, a cura della Mediateca S. Sofia dell\u2019Assessorato alle Politiche giovanili - Servizio Giovani in collaborazione con La Scuola di Cinema e Televisione Pigrecoemme\u2026","rel":"","context":"In &quot;Eventi&quot;","block_context":{"text":"Eventi","link":"https:\/\/www.pigrecoemme.com\/blog\/eventi\/"},"img":{"alt_text":"","src":"","width":0,"height":0},"classes":[]},{"id":333,"url":"https:\/\/www.pigrecoemme.com\/blog\/aperte-le-selezioni-per-a-corto-di-idee-2011\/","url_meta":{"origin":49,"position":3},"title":"Aperte le selezioni per  &#8220;A CORTO DI IDEE 2011&#8221;","author":"Giacomo Fabbrocino","date":"27 Gennaio 2011","format":false,"excerpt":"L'associazione culturale senza scopo di lucro \u201cHappy Hours\u201d, organizza la 4\u00b0 edizione della Rassegna di cortometraggi \"A CORTO di idee\". Anche quest'anno la Scuola di Cinema Pigrecoemme assegner\u00e0 il premio della critica. La rassegna \u00e8 rivolta a TUTTI: filmaker e videoamatori italiani e stranieri, Istituti scolastici, Associazioni e Societ\u00e0 che\u2026","rel":"","context":"In &quot;Eventi&quot;","block_context":{"text":"Eventi","link":"https:\/\/www.pigrecoemme.com\/blog\/eventi\/"},"img":{"alt_text":"","src":"https:\/\/i0.wp.com\/www.pigrecoemme.com\/a-corto-di-idee\/a-corto-di-idee-2011-small.jpg?resize=350%2C200","width":350,"height":200},"classes":[]},{"id":291,"url":"https:\/\/www.pigrecoemme.com\/blog\/adobe-premiere-una-certezza\/","url_meta":{"origin":49,"position":4},"title":"Adobe Premiere: una certezza","author":"Giacomo Fabbrocino","date":"27 Ottobre 2010","format":false,"excerpt":"Come per il corso di fotografia, anche per il corso di montaggio con Adobe Premiere abbiamo dovuto aprire due classi per soddisfare la richiesta superiore alle aspettative. Cos\u00ec ieri ho dovuto tenere due lezioni, una di mattina e una di pomeriggio. Oggi, con un po' di calma, ho pensato alla\u2026","rel":"","context":"In &quot;Generale&quot;","block_context":{"text":"Generale","link":"https:\/\/www.pigrecoemme.com\/blog\/generale\/"},"img":{"alt_text":"","src":"https:\/\/i0.wp.com\/www.pigrecoemme.com\/blog\/wp-content\/uploads\/2010\/10\/adobe-premiere-300x300.jpg?resize=350%2C200","width":350,"height":200},"classes":[]},{"id":3513,"url":"https:\/\/www.pigrecoemme.com\/blog\/presentazione-del-libro-i-migliori-anni-della-nostra-vita-in-mediateca-di-francesco-napolitano\/","url_meta":{"origin":49,"position":5},"title":"Presentazione del libro &#8220;I migliori anni della nostra vita, in mediateca&#8221; di Francesco Napolitano","author":"Pigrecoemme","date":"10 Marzo 2024","format":false,"excerpt":"Da chi ha a che fare con noi prima o poi inevitabilmente arriva una domanda: \"Ma che vuol dire Pigrecoemme?\" La risposta potrebbe essere pi\u00f9 o meno questa: i fondatori della Pigrecoemme si incontrarono come partecipanti alle attivit\u00e0 di un'associazione culturale napoletana, molto impegnata nel sociale, il cui nome era\u2026","rel":"","context":"In &quot;Eventi&quot;","block_context":{"text":"Eventi","link":"https:\/\/www.pigrecoemme.com\/blog\/eventi\/"},"img":{"alt_text":"","src":"https:\/\/i0.wp.com\/www.pigrecoemme.com\/blog\/wp-content\/uploads\/2024\/03\/i.migliori-anni-fronte.jpg?resize=350%2C200","width":350,"height":200,"srcset":"https:\/\/i0.wp.com\/www.pigrecoemme.com\/blog\/wp-content\/uploads\/2024\/03\/i.migliori-anni-fronte.jpg?resize=350%2C200 1x, https:\/\/i0.wp.com\/www.pigrecoemme.com\/blog\/wp-content\/uploads\/2024\/03\/i.migliori-anni-fronte.jpg?resize=525%2C300 1.5x, https:\/\/i0.wp.com\/www.pigrecoemme.com\/blog\/wp-content\/uploads\/2024\/03\/i.migliori-anni-fronte.jpg?resize=700%2C400 2x, https:\/\/i0.wp.com\/www.pigrecoemme.com\/blog\/wp-content\/uploads\/2024\/03\/i.migliori-anni-fronte.jpg?resize=1050%2C600 3x"},"classes":[]}],"jetpack_featured_media_url":"","_links":{"self":[{"href":"https:\/\/www.pigrecoemme.com\/blog\/wp-json\/wp\/v2\/posts\/49","targetHints":{"allow":["GET"]}}],"collection":[{"href":"https:\/\/www.pigrecoemme.com\/blog\/wp-json\/wp\/v2\/posts"}],"about":[{"href":"https:\/\/www.pigrecoemme.com\/blog\/wp-json\/wp\/v2\/types\/post"}],"author":[{"embeddable":true,"href":"https:\/\/www.pigrecoemme.com\/blog\/wp-json\/wp\/v2\/users\/1"}],"replies":[{"embeddable":true,"href":"https:\/\/www.pigrecoemme.com\/blog\/wp-json\/wp\/v2\/comments?post=49"}],"version-history":[{"count":0,"href":"https:\/\/www.pigrecoemme.com\/blog\/wp-json\/wp\/v2\/posts\/49\/revisions"}],"wp:attachment":[{"href":"https:\/\/www.pigrecoemme.com\/blog\/wp-json\/wp\/v2\/media?parent=49"}],"wp:term":[{"taxonomy":"category","embeddable":true,"href":"https:\/\/www.pigrecoemme.com\/blog\/wp-json\/wp\/v2\/categories?post=49"},{"taxonomy":"post_tag","embeddable":true,"href":"https:\/\/www.pigrecoemme.com\/blog\/wp-json\/wp\/v2\/tags?post=49"}],"curies":[{"name":"wp","href":"https:\/\/api.w.org\/{rel}","templated":true}]}}