{"id":486,"date":"2012-03-14T20:20:34","date_gmt":"2012-03-14T18:20:34","guid":{"rendered":"http:\/\/www.pigrecoemme.com\/blog\/?p=486"},"modified":"2012-03-15T12:15:53","modified_gmt":"2012-03-15T10:15:53","slug":"dal-15-marzo-al-pan-storie-di-cinema-e-rock","status":"publish","type":"post","link":"https:\/\/www.pigrecoemme.com\/blog\/dal-15-marzo-al-pan-storie-di-cinema-e-rock\/","title":{"rendered":"Dal 15 marzo, al PAN, Storie di cinema e rock"},"content":{"rendered":"<p>Le mille sfaccettature del rapporto tra cinema e rock saranno declinate a partire da domani pomeriggio durante la <strong>rassegna cinematografica<\/strong> \u201cRock Around the Screen. Storie di cinema e musica pop\u201d, a cura di <strong>Diego Del Pozzo<\/strong> e <strong>Vincenzo Esposito<\/strong>.<br \/>\nIl ciclo di rock movies, programmato nell\u2019ambito della manifestazione \u201cFilmzone \u2013 Storia permanente del cinema\u201d in corso di svolgimento nella rinnovata sala proiezioni del Pan \u2013 Palazzo delle arti di Napoli (via dei Mille, 60), si ricollega idealmente ai temi analizzati all\u2019interno dell\u2019omonimo volume curato da Del Pozzo ed Esposito e pubblicato l\u2019anno scorso da Liguori.<\/p>\n<figure id=\"attachment_194\" aria-describedby=\"caption-attachment-194\" style=\"width: 199px\" class=\"wp-caption alignleft\"><a href=\"https:\/\/i0.wp.com\/www.pigrecoemme.com\/blog\/wp-content\/uploads\/2010\/01\/cinema-e-rock.jpg?ssl=1\"><img data-recalc-dims=\"1\" loading=\"lazy\" decoding=\"async\" class=\"size-medium wp-image-194\" title=\"La copertina di Rock Around the Screen\" src=\"https:\/\/i0.wp.com\/www.pigrecoemme.com\/blog\/wp-content\/uploads\/2010\/01\/cinema-e-rock.jpg?resize=199%2C300&#038;ssl=1\" alt=\"La copertina di Rock Around the Screen\" width=\"199\" height=\"300\" srcset=\"https:\/\/i0.wp.com\/www.pigrecoemme.com\/blog\/wp-content\/uploads\/2010\/01\/cinema-e-rock.jpg?resize=199%2C300&amp;ssl=1 199w, https:\/\/i0.wp.com\/www.pigrecoemme.com\/blog\/wp-content\/uploads\/2010\/01\/cinema-e-rock.jpg?w=466&amp;ssl=1 466w\" sizes=\"auto, (max-width: 199px) 100vw, 199px\" \/><\/a><figcaption id=\"caption-attachment-194\" class=\"wp-caption-text\">La copertina di Rock Around the Screen<\/figcaption><\/figure>\n<p>Si parte alle ore 15 con \u201c<strong>Walk the Line \u2013 Quando l\u2019amore brucia l\u2019anima<\/strong>\u201d, diretto nel 2005 da James Mangold e interpretato da Joaquin Phoenix nei panni del \u201cman in black\u201d Johnny Cash (nella foto, qui sotto). Alle 17.15, i due curatori presenteranno la rassegna e poi daranno spazio ad altri due film: il beatlesiano \u201c<strong>A Hard Day\u2019s Night \u2013 Tutti per uno<\/strong>\u201d di Richard Lester (1964) e, alle 19, lo scoppiettante \u201cI Love Radio Rock\u201d di Richard Curtis (2009).<\/p>\n<p>Dopo una settimana di pausa, la rassegna proseguir\u00e0 per altri tre gioved\u00ec consecutivi, al ritmo di tre film ogni volta. Il 29 marzo, alle 15, si vedr\u00e0 \u201c<strong>Chuck Berry \u2013 Hail! Hail! Rock n\u2019 Roll!<\/strong>\u201d di Curtis Hanson (1987); alle 17, \u201c<strong>Quasi famosi \u2013 Almost Famous<\/strong>\u201d di Cameron Crowe (2000); alle 19, lo straordinario rockumentary con i Rolling Stones \u201c<strong>Gimme Shelter<\/strong>\u201d di Albert e David Maysles con Charlotte Zweryn (1970).<\/p>\n<p>Poi, il 5 aprile, alle 15, toccher\u00e0 a \u201c<strong>Io non sono qui<\/strong>\u201d di Todd Haynes (2007); alle 17.20, alla rock opera degli Who \u201c<strong>Tommy<\/strong>\u201d diretta da Ken Russell nel 1975; alle 19.10, a \u201c<strong>Pink Floyd \u2013 The Wall<\/strong>\u201d di Alan Parker (1982). Infine, gioved\u00ec 12 aprile, alle 15, sar\u00e0 proiettato \u201c<strong>Joe Strummer \u2013 Il futuro non \u00e8 scritto<\/strong>\u201d di Julien Temple (2007); alle 17, \u201c<strong>It Might Get Loud<\/strong>\u201d di Davis Guggenheim (2008); alle 19, lo springsteeniano \u201c<strong>Wings for Wheels: The Making of Born to Run<\/strong>\u201d di Thom Zimny (2005).<\/p>\n<p>Tutti i film saranno proiettati in lingua originale con sottotitoli in italiano.\u00a0<strong>L\u2019ingresso \u00e8 gratuito<\/strong>.<\/p>\n<p>\u201cFilmzone \u2013 Storia permanente del cinema\u201d \u00e8 curata dalla <a href=\"http:\/\/www.mediatecasantasofia.it\/\">Mediateca Santa Sofia<\/a> del Comune di Napoli, dalla <a href=\"http:\/\/www.pigrecoemme.com\/\">Scuola di cinema Pigrecoemme<\/a> e da Marcello Sannino.<\/p>\n","protected":false},"excerpt":{"rendered":"<p>Le mille sfaccettature del rapporto tra cinema e rock saranno declinate a partire da domani pomeriggio durante la rassegna cinematografica \u201cRock Around the Screen. Storie di cinema e musica pop\u201d, a cura di Diego&hellip;<\/p>\n","protected":false},"author":1,"featured_media":0,"comment_status":"open","ping_status":"open","sticky":false,"template":"","format":"standard","meta":{"_jetpack_newsletter_access":"","_jetpack_dont_email_post_to_subs":false,"_jetpack_newsletter_tier_id":0,"_jetpack_memberships_contains_paywalled_content":false,"_jetpack_feature_clip_id":0,"_jetpack_memberships_contains_paid_content":false,"footnotes":"","jetpack_post_was_ever_published":false},"categories":[11,1],"tags":[382,361,665,381],"class_list":["post-486","post","type-post","status-publish","format-standard","hentry","category-eventi","category-generale","tag-diego-del-pozzo","tag-rock-around-the-screen","tag-storia-permanente-del-cinema","tag-vincenzo-esposito"],"yoast_head":"<!-- This site is optimized with the Yoast SEO plugin v28.3 - https:\/\/yoast.com\/product\/yoast-seo-wordpress\/ -->\n<title>Dal 15 marzo, al PAN, Storie di cinema e rock<\/title>\n<meta name=\"robots\" content=\"index, follow, max-snippet:-1, max-image-preview:large, max-video-preview:-1\" \/>\n<link rel=\"canonical\" href=\"https:\/\/www.pigrecoemme.com\/blog\/dal-15-marzo-al-pan-storie-di-cinema-e-rock\/\" \/>\n<meta property=\"og:locale\" content=\"it_IT\" \/>\n<meta property=\"og:type\" content=\"article\" \/>\n<meta property=\"og:title\" content=\"Dal 15 marzo, al PAN, Storie di cinema e rock\" \/>\n<meta property=\"og:description\" content=\"Scuola di Cinema, Televisione e Fotografia - Napoli\" \/>\n<meta property=\"og:url\" content=\"https:\/\/www.pigrecoemme.com\/blog\/dal-15-marzo-al-pan-storie-di-cinema-e-rock\/\" \/>\n<meta property=\"og:site_name\" content=\"Scuola di Cinema Pigrecoemme - Blog\" \/>\n<meta property=\"article:publisher\" content=\"https:\/\/www.facebook.com\/pigrecoemme\" \/>\n<meta property=\"article:author\" content=\"https:\/\/www.facebook.com\/giacomo.fabbrocino\" \/>\n<meta property=\"article:published_time\" content=\"2012-03-14T18:20:34+00:00\" \/>\n<meta property=\"article:modified_time\" content=\"2012-03-15T10:15:53+00:00\" \/>\n<meta property=\"og:image\" content=\"http:\/\/www.pigrecoemme.com\/blog\/wp-content\/uploads\/2010\/01\/cinema-e-rock-199x300.jpg\" \/>\n<meta name=\"author\" content=\"Giacomo Fabbrocino\" \/>\n<meta name=\"twitter:card\" content=\"summary_large_image\" \/>\n<meta name=\"twitter:creator\" content=\"@Pigrecoemme\" \/>\n<meta name=\"twitter:site\" content=\"@Pigrecoemme\" \/>\n<meta name=\"twitter:label1\" content=\"Scritto da\" \/>\n\t<meta name=\"twitter:data1\" content=\"Giacomo Fabbrocino\" \/>\n\t<meta name=\"twitter:label2\" content=\"Tempo di lettura stimato\" \/>\n\t<meta name=\"twitter:data2\" content=\"2 minuti\" \/>\n<script type=\"application\/ld+json\" class=\"yoast-schema-graph\">{\"@context\":\"https:\\\/\\\/schema.org\",\"@graph\":[{\"@type\":[\"Article\",\"BlogPosting\"],\"@id\":\"https:\\\/\\\/www.pigrecoemme.com\\\/blog\\\/dal-15-marzo-al-pan-storie-di-cinema-e-rock\\\/#article\",\"isPartOf\":{\"@id\":\"https:\\\/\\\/www.pigrecoemme.com\\\/blog\\\/dal-15-marzo-al-pan-storie-di-cinema-e-rock\\\/\"},\"author\":{\"name\":\"Giacomo Fabbrocino\",\"@id\":\"https:\\\/\\\/www.pigrecoemme.com\\\/blog\\\/#\\\/schema\\\/person\\\/57fa822c3d209d3a2612fd0411ae63f4\"},\"headline\":\"Dal 15 marzo, al PAN, Storie di cinema e rock\",\"datePublished\":\"2012-03-14T18:20:34+00:00\",\"dateModified\":\"2012-03-15T10:15:53+00:00\",\"mainEntityOfPage\":{\"@id\":\"https:\\\/\\\/www.pigrecoemme.com\\\/blog\\\/dal-15-marzo-al-pan-storie-di-cinema-e-rock\\\/\"},\"wordCount\":366,\"commentCount\":0,\"publisher\":{\"@id\":\"https:\\\/\\\/www.pigrecoemme.com\\\/blog\\\/#organization\"},\"image\":{\"@id\":\"https:\\\/\\\/www.pigrecoemme.com\\\/blog\\\/dal-15-marzo-al-pan-storie-di-cinema-e-rock\\\/#primaryimage\"},\"thumbnailUrl\":\"http:\\\/\\\/www.pigrecoemme.com\\\/blog\\\/wp-content\\\/uploads\\\/2010\\\/01\\\/cinema-e-rock-199x300.jpg\",\"keywords\":[\"diego del pozzo\",\"rock around the screen\",\"storia permanente del cinema\",\"vincenzo esposito\"],\"articleSection\":[\"Eventi\",\"Generale\"],\"inLanguage\":\"it-IT\",\"potentialAction\":[{\"@type\":\"CommentAction\",\"name\":\"Comment\",\"target\":[\"https:\\\/\\\/www.pigrecoemme.com\\\/blog\\\/dal-15-marzo-al-pan-storie-di-cinema-e-rock\\\/#respond\"]}]},{\"@type\":\"WebPage\",\"@id\":\"https:\\\/\\\/www.pigrecoemme.com\\\/blog\\\/dal-15-marzo-al-pan-storie-di-cinema-e-rock\\\/\",\"url\":\"https:\\\/\\\/www.pigrecoemme.com\\\/blog\\\/dal-15-marzo-al-pan-storie-di-cinema-e-rock\\\/\",\"name\":\"Dal 15 marzo, al PAN, Storie di cinema e rock\",\"isPartOf\":{\"@id\":\"https:\\\/\\\/www.pigrecoemme.com\\\/blog\\\/#website\"},\"primaryImageOfPage\":{\"@id\":\"https:\\\/\\\/www.pigrecoemme.com\\\/blog\\\/dal-15-marzo-al-pan-storie-di-cinema-e-rock\\\/#primaryimage\"},\"image\":{\"@id\":\"https:\\\/\\\/www.pigrecoemme.com\\\/blog\\\/dal-15-marzo-al-pan-storie-di-cinema-e-rock\\\/#primaryimage\"},\"thumbnailUrl\":\"http:\\\/\\\/www.pigrecoemme.com\\\/blog\\\/wp-content\\\/uploads\\\/2010\\\/01\\\/cinema-e-rock-199x300.jpg\",\"datePublished\":\"2012-03-14T18:20:34+00:00\",\"dateModified\":\"2012-03-15T10:15:53+00:00\",\"breadcrumb\":{\"@id\":\"https:\\\/\\\/www.pigrecoemme.com\\\/blog\\\/dal-15-marzo-al-pan-storie-di-cinema-e-rock\\\/#breadcrumb\"},\"inLanguage\":\"it-IT\",\"potentialAction\":[{\"@type\":\"ReadAction\",\"target\":[\"https:\\\/\\\/www.pigrecoemme.com\\\/blog\\\/dal-15-marzo-al-pan-storie-di-cinema-e-rock\\\/\"]}]},{\"@type\":\"ImageObject\",\"inLanguage\":\"it-IT\",\"@id\":\"https:\\\/\\\/www.pigrecoemme.com\\\/blog\\\/dal-15-marzo-al-pan-storie-di-cinema-e-rock\\\/#primaryimage\",\"url\":\"http:\\\/\\\/www.pigrecoemme.com\\\/blog\\\/wp-content\\\/uploads\\\/2010\\\/01\\\/cinema-e-rock-199x300.jpg\",\"contentUrl\":\"http:\\\/\\\/www.pigrecoemme.com\\\/blog\\\/wp-content\\\/uploads\\\/2010\\\/01\\\/cinema-e-rock-199x300.jpg\"},{\"@type\":\"BreadcrumbList\",\"@id\":\"https:\\\/\\\/www.pigrecoemme.com\\\/blog\\\/dal-15-marzo-al-pan-storie-di-cinema-e-rock\\\/#breadcrumb\",\"itemListElement\":[{\"@type\":\"ListItem\",\"position\":1,\"name\":\"Home\",\"item\":\"https:\\\/\\\/www.pigrecoemme.com\\\/blog\\\/\"},{\"@type\":\"ListItem\",\"position\":2,\"name\":\"Dal 15 marzo, al PAN, Storie di cinema e rock\"}]},{\"@type\":\"WebSite\",\"@id\":\"https:\\\/\\\/www.pigrecoemme.com\\\/blog\\\/#website\",\"url\":\"https:\\\/\\\/www.pigrecoemme.com\\\/blog\\\/\",\"name\":\"Scuola di Cinema Pigrecoemme - Blog\",\"description\":\"Siamo la prima Scuola di Cinema e Fotografia di Napoli\",\"publisher\":{\"@id\":\"https:\\\/\\\/www.pigrecoemme.com\\\/blog\\\/#organization\"},\"potentialAction\":[{\"@type\":\"SearchAction\",\"target\":{\"@type\":\"EntryPoint\",\"urlTemplate\":\"https:\\\/\\\/www.pigrecoemme.com\\\/blog\\\/?s={search_term_string}\"},\"query-input\":{\"@type\":\"PropertyValueSpecification\",\"valueRequired\":true,\"valueName\":\"search_term_string\"}}],\"inLanguage\":\"it-IT\"},{\"@type\":\"Organization\",\"@id\":\"https:\\\/\\\/www.pigrecoemme.com\\\/blog\\\/#organization\",\"name\":\"Scuola di cinema e fotografia Pigrecoemme\",\"url\":\"https:\\\/\\\/www.pigrecoemme.com\\\/blog\\\/\",\"logo\":{\"@type\":\"ImageObject\",\"inLanguage\":\"it-IT\",\"@id\":\"https:\\\/\\\/www.pigrecoemme.com\\\/blog\\\/#\\\/schema\\\/logo\\\/image\\\/\",\"url\":\"https:\\\/\\\/i0.wp.com\\\/www.pigrecoemme.com\\\/blog\\\/wp-content\\\/uploads\\\/2018\\\/06\\\/logo-pigrecoemme-2018.png?fit=500%2C500&ssl=1\",\"contentUrl\":\"https:\\\/\\\/i0.wp.com\\\/www.pigrecoemme.com\\\/blog\\\/wp-content\\\/uploads\\\/2018\\\/06\\\/logo-pigrecoemme-2018.png?fit=500%2C500&ssl=1\",\"width\":500,\"height\":500,\"caption\":\"Scuola di cinema e fotografia Pigrecoemme\"},\"image\":{\"@id\":\"https:\\\/\\\/www.pigrecoemme.com\\\/blog\\\/#\\\/schema\\\/logo\\\/image\\\/\"},\"sameAs\":[\"https:\\\/\\\/www.facebook.com\\\/pigrecoemme\",\"https:\\\/\\\/x.com\\\/Pigrecoemme\",\"https:\\\/\\\/www.instagram.com\\\/pigrecoemme\\\/\",\"https:\\\/\\\/www.linkedin.com\\\/company\\\/pigrecoemme\\\/\",\"https:\\\/\\\/www.youtube.com\\\/pigrecoemme\"]},{\"@type\":\"Person\",\"@id\":\"https:\\\/\\\/www.pigrecoemme.com\\\/blog\\\/#\\\/schema\\\/person\\\/57fa822c3d209d3a2612fd0411ae63f4\",\"name\":\"Giacomo Fabbrocino\",\"image\":{\"@type\":\"ImageObject\",\"inLanguage\":\"it-IT\",\"@id\":\"https:\\\/\\\/secure.gravatar.com\\\/avatar\\\/0e4dfd4d05c06a03fffaffeb36fb181415ba11b91a6b566fa2e8ada75927db32?s=96&r=g\",\"url\":\"https:\\\/\\\/secure.gravatar.com\\\/avatar\\\/0e4dfd4d05c06a03fffaffeb36fb181415ba11b91a6b566fa2e8ada75927db32?s=96&r=g\",\"contentUrl\":\"https:\\\/\\\/secure.gravatar.com\\\/avatar\\\/0e4dfd4d05c06a03fffaffeb36fb181415ba11b91a6b566fa2e8ada75927db32?s=96&r=g\",\"caption\":\"Giacomo Fabbrocino\"},\"description\":\"Montatore cinematografico, autore di documentari sull'arte e di video d'artista, Giacomo \u00e8 responsabile della didattica e della comunicazione web della Scuola di Cinema, Fotografia e Televisione Pigrecoemme di Napoli.\",\"sameAs\":[\"http:\\\/\\\/www.pigrecoemme.com\\\/\",\"https:\\\/\\\/www.facebook.com\\\/giacomo.fabbrocino\"],\"url\":\"https:\\\/\\\/www.pigrecoemme.com\\\/blog\\\/author\\\/giacomo-fabbrocino\\\/\"}]}<\/script>\n<!-- \/ Yoast SEO plugin. -->","yoast_head_json":{"title":"Dal 15 marzo, al PAN, Storie di cinema e rock","robots":{"index":"index","follow":"follow","max-snippet":"max-snippet:-1","max-image-preview":"max-image-preview:large","max-video-preview":"max-video-preview:-1"},"canonical":"https:\/\/www.pigrecoemme.com\/blog\/dal-15-marzo-al-pan-storie-di-cinema-e-rock\/","og_locale":"it_IT","og_type":"article","og_title":"Dal 15 marzo, al PAN, Storie di cinema e rock","og_description":"Scuola di Cinema, Televisione e Fotografia - Napoli","og_url":"https:\/\/www.pigrecoemme.com\/blog\/dal-15-marzo-al-pan-storie-di-cinema-e-rock\/","og_site_name":"Scuola di Cinema Pigrecoemme - Blog","article_publisher":"https:\/\/www.facebook.com\/pigrecoemme","article_author":"https:\/\/www.facebook.com\/giacomo.fabbrocino","article_published_time":"2012-03-14T18:20:34+00:00","article_modified_time":"2012-03-15T10:15:53+00:00","og_image":[{"url":"http:\/\/www.pigrecoemme.com\/blog\/wp-content\/uploads\/2010\/01\/cinema-e-rock-199x300.jpg","type":"","width":"","height":""}],"author":"Giacomo Fabbrocino","twitter_card":"summary_large_image","twitter_creator":"@Pigrecoemme","twitter_site":"@Pigrecoemme","twitter_misc":{"Scritto da":"Giacomo Fabbrocino","Tempo di lettura stimato":"2 minuti"},"schema":{"@context":"https:\/\/schema.org","@graph":[{"@type":["Article","BlogPosting"],"@id":"https:\/\/www.pigrecoemme.com\/blog\/dal-15-marzo-al-pan-storie-di-cinema-e-rock\/#article","isPartOf":{"@id":"https:\/\/www.pigrecoemme.com\/blog\/dal-15-marzo-al-pan-storie-di-cinema-e-rock\/"},"author":{"name":"Giacomo Fabbrocino","@id":"https:\/\/www.pigrecoemme.com\/blog\/#\/schema\/person\/57fa822c3d209d3a2612fd0411ae63f4"},"headline":"Dal 15 marzo, al PAN, Storie di cinema e rock","datePublished":"2012-03-14T18:20:34+00:00","dateModified":"2012-03-15T10:15:53+00:00","mainEntityOfPage":{"@id":"https:\/\/www.pigrecoemme.com\/blog\/dal-15-marzo-al-pan-storie-di-cinema-e-rock\/"},"wordCount":366,"commentCount":0,"publisher":{"@id":"https:\/\/www.pigrecoemme.com\/blog\/#organization"},"image":{"@id":"https:\/\/www.pigrecoemme.com\/blog\/dal-15-marzo-al-pan-storie-di-cinema-e-rock\/#primaryimage"},"thumbnailUrl":"http:\/\/www.pigrecoemme.com\/blog\/wp-content\/uploads\/2010\/01\/cinema-e-rock-199x300.jpg","keywords":["diego del pozzo","rock around the screen","storia permanente del cinema","vincenzo esposito"],"articleSection":["Eventi","Generale"],"inLanguage":"it-IT","potentialAction":[{"@type":"CommentAction","name":"Comment","target":["https:\/\/www.pigrecoemme.com\/blog\/dal-15-marzo-al-pan-storie-di-cinema-e-rock\/#respond"]}]},{"@type":"WebPage","@id":"https:\/\/www.pigrecoemme.com\/blog\/dal-15-marzo-al-pan-storie-di-cinema-e-rock\/","url":"https:\/\/www.pigrecoemme.com\/blog\/dal-15-marzo-al-pan-storie-di-cinema-e-rock\/","name":"Dal 15 marzo, al PAN, Storie di cinema e rock","isPartOf":{"@id":"https:\/\/www.pigrecoemme.com\/blog\/#website"},"primaryImageOfPage":{"@id":"https:\/\/www.pigrecoemme.com\/blog\/dal-15-marzo-al-pan-storie-di-cinema-e-rock\/#primaryimage"},"image":{"@id":"https:\/\/www.pigrecoemme.com\/blog\/dal-15-marzo-al-pan-storie-di-cinema-e-rock\/#primaryimage"},"thumbnailUrl":"http:\/\/www.pigrecoemme.com\/blog\/wp-content\/uploads\/2010\/01\/cinema-e-rock-199x300.jpg","datePublished":"2012-03-14T18:20:34+00:00","dateModified":"2012-03-15T10:15:53+00:00","breadcrumb":{"@id":"https:\/\/www.pigrecoemme.com\/blog\/dal-15-marzo-al-pan-storie-di-cinema-e-rock\/#breadcrumb"},"inLanguage":"it-IT","potentialAction":[{"@type":"ReadAction","target":["https:\/\/www.pigrecoemme.com\/blog\/dal-15-marzo-al-pan-storie-di-cinema-e-rock\/"]}]},{"@type":"ImageObject","inLanguage":"it-IT","@id":"https:\/\/www.pigrecoemme.com\/blog\/dal-15-marzo-al-pan-storie-di-cinema-e-rock\/#primaryimage","url":"http:\/\/www.pigrecoemme.com\/blog\/wp-content\/uploads\/2010\/01\/cinema-e-rock-199x300.jpg","contentUrl":"http:\/\/www.pigrecoemme.com\/blog\/wp-content\/uploads\/2010\/01\/cinema-e-rock-199x300.jpg"},{"@type":"BreadcrumbList","@id":"https:\/\/www.pigrecoemme.com\/blog\/dal-15-marzo-al-pan-storie-di-cinema-e-rock\/#breadcrumb","itemListElement":[{"@type":"ListItem","position":1,"name":"Home","item":"https:\/\/www.pigrecoemme.com\/blog\/"},{"@type":"ListItem","position":2,"name":"Dal 15 marzo, al PAN, Storie di cinema e rock"}]},{"@type":"WebSite","@id":"https:\/\/www.pigrecoemme.com\/blog\/#website","url":"https:\/\/www.pigrecoemme.com\/blog\/","name":"Scuola di Cinema Pigrecoemme - Blog","description":"Siamo la prima Scuola di Cinema e Fotografia di Napoli","publisher":{"@id":"https:\/\/www.pigrecoemme.com\/blog\/#organization"},"potentialAction":[{"@type":"SearchAction","target":{"@type":"EntryPoint","urlTemplate":"https:\/\/www.pigrecoemme.com\/blog\/?s={search_term_string}"},"query-input":{"@type":"PropertyValueSpecification","valueRequired":true,"valueName":"search_term_string"}}],"inLanguage":"it-IT"},{"@type":"Organization","@id":"https:\/\/www.pigrecoemme.com\/blog\/#organization","name":"Scuola di cinema e fotografia Pigrecoemme","url":"https:\/\/www.pigrecoemme.com\/blog\/","logo":{"@type":"ImageObject","inLanguage":"it-IT","@id":"https:\/\/www.pigrecoemme.com\/blog\/#\/schema\/logo\/image\/","url":"https:\/\/i0.wp.com\/www.pigrecoemme.com\/blog\/wp-content\/uploads\/2018\/06\/logo-pigrecoemme-2018.png?fit=500%2C500&ssl=1","contentUrl":"https:\/\/i0.wp.com\/www.pigrecoemme.com\/blog\/wp-content\/uploads\/2018\/06\/logo-pigrecoemme-2018.png?fit=500%2C500&ssl=1","width":500,"height":500,"caption":"Scuola di cinema e fotografia Pigrecoemme"},"image":{"@id":"https:\/\/www.pigrecoemme.com\/blog\/#\/schema\/logo\/image\/"},"sameAs":["https:\/\/www.facebook.com\/pigrecoemme","https:\/\/x.com\/Pigrecoemme","https:\/\/www.instagram.com\/pigrecoemme\/","https:\/\/www.linkedin.com\/company\/pigrecoemme\/","https:\/\/www.youtube.com\/pigrecoemme"]},{"@type":"Person","@id":"https:\/\/www.pigrecoemme.com\/blog\/#\/schema\/person\/57fa822c3d209d3a2612fd0411ae63f4","name":"Giacomo Fabbrocino","image":{"@type":"ImageObject","inLanguage":"it-IT","@id":"https:\/\/secure.gravatar.com\/avatar\/0e4dfd4d05c06a03fffaffeb36fb181415ba11b91a6b566fa2e8ada75927db32?s=96&r=g","url":"https:\/\/secure.gravatar.com\/avatar\/0e4dfd4d05c06a03fffaffeb36fb181415ba11b91a6b566fa2e8ada75927db32?s=96&r=g","contentUrl":"https:\/\/secure.gravatar.com\/avatar\/0e4dfd4d05c06a03fffaffeb36fb181415ba11b91a6b566fa2e8ada75927db32?s=96&r=g","caption":"Giacomo Fabbrocino"},"description":"Montatore cinematografico, autore di documentari sull'arte e di video d'artista, Giacomo \u00e8 responsabile della didattica e della comunicazione web della Scuola di Cinema, Fotografia e Televisione Pigrecoemme di Napoli.","sameAs":["http:\/\/www.pigrecoemme.com\/","https:\/\/www.facebook.com\/giacomo.fabbrocino"],"url":"https:\/\/www.pigrecoemme.com\/blog\/author\/giacomo-fabbrocino\/"}]}},"jetpack_sharing_enabled":true,"jetpack_likes_enabled":true,"jetpack-related-posts":[{"id":457,"url":"https:\/\/www.pigrecoemme.com\/blog\/storia-permanente-del-cinema-al-pan-ancora-film-gratuiti\/","url_meta":{"origin":486,"position":0},"title":"Storia permanente del cinema. Al Pan ancora film gratuiti","author":"Corrado Morra","date":"16 Gennaio 2012","format":false,"excerpt":"Riparte marted\u00ec 17 gennaio, negli spazi del PAN - Palazzo delle arti di Napoli, in via dei Mille 60, la rassegna Storia permanente del cinema. L\u2019evento, a cura della Scuola di cinema Pigrecoemme, della Mediateca S. Sofia del Comune di Napoli e del regista Marcello Sannino, in collaborazione con la\u2026","rel":"","context":"In &quot;Eventi&quot;","block_context":{"text":"Eventi","link":"https:\/\/www.pigrecoemme.com\/blog\/eventi\/"},"img":{"alt_text":"","src":"https:\/\/i0.wp.com\/www.pigrecoemme.com\/blog\/wp-content\/uploads\/2011\/10\/filmzone-pan.png?resize=350%2C200","width":350,"height":200},"classes":[]},{"id":193,"url":"https:\/\/www.pigrecoemme.com\/blog\/cinema-e-rock-e-disponibile-rock-around-the-screen\/","url_meta":{"origin":486,"position":1},"title":"Cinema e Rock: \u00e8 disponibile Rock Around The Screen","author":"Giacomo Fabbrocino","date":"18 Gennaio 2010","format":false,"excerpt":"Anche se la sua uscita ufficiale \u00e8 il primo di febbraio, il volume Rock around the screen \u00e8 gi\u00e0 disponibile in alcune librerie del centro storico di Napoli e sul sito dell'editore Liguori, sul quale \u00e8 acquistabile anche in formato elettronico. Curato da Vincenzo Esposito (docente di Storia del Cinema\u2026","rel":"","context":"In &quot;Eventi&quot;","block_context":{"text":"Eventi","link":"https:\/\/www.pigrecoemme.com\/blog\/eventi\/"},"img":{"alt_text":"","src":"https:\/\/i0.wp.com\/www.pigrecoemme.com\/blog\/wp-content\/uploads\/2010\/01\/cinema-e-rock-199x300.jpg?resize=350%2C200","width":350,"height":200},"classes":[]},{"id":207,"url":"https:\/\/www.pigrecoemme.com\/blog\/alla-feltrinelli-la-presentazione-di-rock-around-the-screen\/","url_meta":{"origin":486,"position":2},"title":"Alla Feltrinelli la presentazione di &#8220;Rock Around the Screen&#8221;","author":"Giacomo Fabbrocino","date":"1 Marzo 2010","format":false,"excerpt":"Marted\u00ec 2 marzo, alle ore 18, presso il megastore\u00a0La Feltrinelli - Libri e Musica di piazza dei Martiri a Napoli, \u00e8 in programma la presentazione del volume\u00a0Rock Around the Screen. Storie di cinema e musica pop, a cura di Diego Del Pozzo e Vincenzo Esposito (Liguori Editore). Interviene lo storico\u2026","rel":"","context":"In &quot;Eventi&quot;","block_context":{"text":"Eventi","link":"https:\/\/www.pigrecoemme.com\/blog\/eventi\/"},"img":{"alt_text":"","src":"https:\/\/i0.wp.com\/www.pigrecoemme.com\/blog\/wp-content\/uploads\/2010\/03\/rock-around-the-screen-presentazione-300x143.jpg?resize=350%2C200","width":350,"height":200},"classes":[]},{"id":218,"url":"https:\/\/www.pigrecoemme.com\/blog\/su-film-tv-la-recensione-di-rock-around-the-screen\/","url_meta":{"origin":486,"position":3},"title":"Su Film TV, la recensione di Rock Around the Screen","author":"Corrado Morra","date":"31 Marzo 2010","format":false,"excerpt":"Sul presitigioso settimanale di cinema Film TV, la recensione del libro Rock Around the Screen, collettanea curata da Esposito e Del Pozzo, con saggi, tra gli atri dei docenti della Scuola di cinema Pigrecoemme di Napoli, Rosario Gallone, Giacomo Fabbrocino e Corrado Morra.","rel":"","context":"In &quot;Produzioni&quot;","block_context":{"text":"Produzioni","link":"https:\/\/www.pigrecoemme.com\/blog\/produzioni\/"},"img":{"alt_text":"","src":"https:\/\/i0.wp.com\/www.pigrecoemme.com\/blog\/wp-content\/uploads\/2010\/03\/rock-around-the-screen-film-tv1-143x300.jpg?resize=350%2C200","width":350,"height":200},"classes":[]},{"id":240,"url":"https:\/\/www.pigrecoemme.com\/blog\/giovedi-20-maggio-2010-presentazione-di-rock-around-the-screen-con-carlo-verdone\/","url_meta":{"origin":486,"position":4},"title":"Gioved\u00ec 20 maggio 2010 presentazione di Rock Around The Screen con Carlo Verdone","author":"Giacomo Fabbrocino","date":"19 Maggio 2010","format":false,"excerpt":"La Facolt\u00e0 di Scienze della Formazione dell'Universit\u00e0 Roma Tre Presenta Un incontro con CARLO VERDONE in occasione della presentazione del libro ROCK AROUND THE SCREEN Storie di cinema e musica pop a cura di Diego del Pozzo e Vincenzo Esposito (Liguori Editore) Gioved\u00ec 20 maggio 2010 ore 11,00 Aula magna\u2026","rel":"","context":"In &quot;Eventi&quot;","block_context":{"text":"Eventi","link":"https:\/\/www.pigrecoemme.com\/blog\/eventi\/"},"img":{"alt_text":"","src":"https:\/\/i0.wp.com\/www.pigrecoemme.com\/blog\/wp-content\/uploads\/2010\/05\/verdioneuniv-211x300.jpg?resize=350%2C200","width":350,"height":200},"classes":[]},{"id":481,"url":"https:\/\/www.pigrecoemme.com\/blog\/valerio-caprara-presenta-linquilino-del-terzo-piano-al-pan\/","url_meta":{"origin":486,"position":5},"title":"Valerio Caprara presenta &#8220;L&#8217;inquilino del terzo piano&#8221; al PAN","author":"Giacomo Fabbrocino","date":"12 Marzo 2012","format":false,"excerpt":"Nell\u2019ambito della rassegna Storia permanente del cinema, al PAN, per il ciclo \u201cL\u2019ospite inatteso\u201d a cura della Scuola di cinema Pigrecoemme di Napoli, mercoled\u00ec 14 marzo 2012 alle ore 17,00 il critico cinematografico e presidente della Film Commission Regione Campania Valerio Caprara presenta il capolavoro di Roman Polanski, \"L\u2019inquilino del\u2026","rel":"","context":"In &quot;Eventi&quot;","block_context":{"text":"Eventi","link":"https:\/\/www.pigrecoemme.com\/blog\/eventi\/"},"img":{"alt_text":"Valerio Caprara","src":"https:\/\/i0.wp.com\/www.pigrecoemme.com\/blog\/wp-content\/uploads\/2012\/03\/valerio-caprara.jpg?resize=350%2C200","width":350,"height":200},"classes":[]}],"jetpack_featured_media_url":"","_links":{"self":[{"href":"https:\/\/www.pigrecoemme.com\/blog\/wp-json\/wp\/v2\/posts\/486","targetHints":{"allow":["GET"]}}],"collection":[{"href":"https:\/\/www.pigrecoemme.com\/blog\/wp-json\/wp\/v2\/posts"}],"about":[{"href":"https:\/\/www.pigrecoemme.com\/blog\/wp-json\/wp\/v2\/types\/post"}],"author":[{"embeddable":true,"href":"https:\/\/www.pigrecoemme.com\/blog\/wp-json\/wp\/v2\/users\/1"}],"replies":[{"embeddable":true,"href":"https:\/\/www.pigrecoemme.com\/blog\/wp-json\/wp\/v2\/comments?post=486"}],"version-history":[{"count":0,"href":"https:\/\/www.pigrecoemme.com\/blog\/wp-json\/wp\/v2\/posts\/486\/revisions"}],"wp:attachment":[{"href":"https:\/\/www.pigrecoemme.com\/blog\/wp-json\/wp\/v2\/media?parent=486"}],"wp:term":[{"taxonomy":"category","embeddable":true,"href":"https:\/\/www.pigrecoemme.com\/blog\/wp-json\/wp\/v2\/categories?post=486"},{"taxonomy":"post_tag","embeddable":true,"href":"https:\/\/www.pigrecoemme.com\/blog\/wp-json\/wp\/v2\/tags?post=486"}],"curies":[{"name":"wp","href":"https:\/\/api.w.org\/{rel}","templated":true}]}}